{"id":37804,"date":"2024-11-03T10:19:01","date_gmt":"2024-11-03T09:19:01","guid":{"rendered":"https:\/\/www.romaoggi.eu\/?p=37804"},"modified":"2024-11-03T10:19:02","modified_gmt":"2024-11-03T09:19:02","slug":"verita-nuda-anteprima-nazionale-a-roma-il-7-novembre-al-cinema-adriano","status":"publish","type":"post","link":"https:\/\/www.romaoggi.eu\/index.php\/2024\/11\/03\/verita-nuda-anteprima-nazionale-a-roma-il-7-novembre-al-cinema-adriano\/","title":{"rendered":"Verit\u00e0 Nuda: anteprima nazionale a Roma il 7 novembre al Cinema Adriano"},"content":{"rendered":"<h2 style=\"text-align: justify\">Il 7 novembre, il prestigioso Cinema Adriano di Roma accoglier\u00e0 l\u2019anteprima di &#8220;Verit\u00e0 Nuda&#8221;, il docufilm che racconta la straordinaria storia di Benny Green, nome d\u2019arte di Benedetta D\u2019Anna.<\/h2>\n<h3 style=\"text-align: justify\">Con il suo mix irresistibile di intelligenza acuta, fascino naturale e una determinazione incrollabile, Benny ha saputo trasformare ogni sfida in una nuova opportunit\u00e0, costruendo una carriera sorprendente e poliedrica.<\/h3>\n<p>Con uno sguardo profondo e mai banale, &#8220;Verit\u00e0 Nuda&#8221; esplora il percorso di vita di Benny, una donna che ha saputo superare ogni pregiudizio.<\/p>\n<p style=\"text-align: justify\">Dopo aver lasciato una carriera solida in banca, Benny ha deciso di seguire il richiamo della sua passione artistica, entrando nel mondo del cinema hard dopo il lockdown. Nonostante il grande successo, ha scelto di abbandonare quel mondo per seguire nuovi percorsi e affrontare sfide pi\u00f9 in linea con la sua visione, dimostrando la sua capacit\u00e0 di reinventarsi.<\/p>\n<p>La storia \u00e8 stata scritta da Natascia Farruggia, e il docufilm offre uno spaccato intimo e sincero della sua protagonista, attraversando le citt\u00e0 che hanno segnato le tappe fondamentali della sua vita \u2013 da Torino a Siracusa, fino a Roma \u2013 raccontando le difficolt\u00e0, i momenti di crescita e le scelte coraggiose che hanno plasmato il suo cammino. Benny Green si distingue per la sua capacit\u00e0 di mescolare autoironia e profondit\u00e0, rimanendo sempre autentica e affascinante.<\/p>\n<h5 style=\"text-align: justify\">&#8220;Verit\u00e0 Nuda&#8221; \u00e8 diretto da Sandro Lazzerini, con il montaggio curato da Andrea D&#8217;Emilio, e include testimonianze esclusive di chi l\u2019ha accompagnata nel suo percorso.<\/h5>\n<p style=\"text-align: justify\">Il film \u00e8 un viaggio intenso che svela una <a href=\"https:\/\/differeventblog.wordpress.com\/2024\/11\/02\/verita-nuda-anteprima-nazionale-a-roma-il-7-novembre-al-cinema-adriano\/\">donna<\/a> capace di navigare tra successi e rinascite, mantenendo intatta la sua forza e il suo spirito indipendente.<\/p>\n<p>Il docufilm \u00e8 stato prodotto da Saturnia Pictures\u00a0 in collaborazione con Roswell Film, Ipnotica Film e Lazzerini production. Dopo l\u2019anteprima romana, sar\u00e0 disponibile su Amazon Prime Italia, oltre che su altre piattaforme internazionali come Google Play, Apple TV e molte altre, rendendo accessibile questa storia di coraggio e autenticit\u00e0 a un pubblico sempre pi\u00f9 ampio anche estero.<\/p>\n<p>Benny Green guarda al futuro con la stessa determinazione che l\u2019ha portata a superare i pregiudizi del passato.<\/p>\n<h6 style=\"text-align: justify\">&#8220;Verit\u00e0 Nuda&#8221; invita il pubblico a scoprire una donna autentica e brillante, capace di parlare con sincerit\u00e0 e profondit\u00e0, e di catturare l\u2019attenzione di chiunque voglia conoscere la sua storia.<\/h6>\n","protected":false},"excerpt":{"rendered":"<div class=\"mh-excerpt\"><p>Il 7 novembre, il prestigioso Cinema Adriano di Roma accoglier\u00e0 l\u2019anteprima di &#8220;Verit\u00e0 Nuda&#8221;, il docufilm che racconta la straordinaria storia di Benny Green, nome d\u2019arte di Benedetta D\u2019Anna. Con il suo mix irresistibile di <a class=\"mh-excerpt-more\" href=\"https:\/\/www.romaoggi.eu\/index.php\/2024\/11\/03\/verita-nuda-anteprima-nazionale-a-roma-il-7-novembre-al-cinema-adriano\/\" title=\"Verit\u00e0 Nuda: anteprima nazionale a Roma il 7 novembre al Cinema Adriano\">[&#8230;]<\/a><\/p>\n<\/div>","protected":false},"author":18,"featured_media":37805,"comment_status":"closed","ping_status":"open","sticky":false,"template":"","format":"standard","meta":{"_sitemap_exclude":false,"_sitemap_priority":"","_sitemap_frequency":"","footnotes":""},"categories":[11220],"tags":[17383,17549,17548,5981,17547],"class_list":["post-37804","post","type-post","status-publish","format-standard","has-post-thumbnail","hentry","category-cinema","tag-anteprima","tag-benny-green","tag-cinema-adriano","tag-film","tag-verita-nuda"],"yoast_head":"<!-- This site is optimized with the Yoast SEO plugin v27.5 - https:\/\/yoast.com\/product\/yoast-seo-wordpress\/ -->\n<title>Verit\u00e0 Nuda: anteprima nazionale a Roma il 7 novembre al Cinema<\/title>\n<meta name=\"description\" content=\"Il prestigioso Cinema Adriano di Roma accoglier\u00e0 l\u2019anteprima di &quot;Verit\u00e0 Nuda&quot;, il docufilm che racconta la straordinaria storia di Benny Green\" \/>\n<meta name=\"robots\" content=\"index, follow, max-snippet:-1, max-image-preview:large, max-video-preview:-1\" \/>\n<link rel=\"canonical\" href=\"https:\/\/www.romaoggi.eu\/index.php\/2024\/11\/03\/verita-nuda-anteprima-nazionale-a-roma-il-7-novembre-al-cinema-adriano\/\" \/>\n<meta property=\"og:locale\" content=\"it_IT\" \/>\n<meta property=\"og:type\" content=\"article\" \/>\n<meta property=\"og:title\" content=\"Verit\u00e0 Nuda: anteprima nazionale a Roma il 7 novembre al Cinema\" \/>\n<meta property=\"og:description\" content=\"Il prestigioso Cinema Adriano di Roma accoglier\u00e0 l\u2019anteprima di &quot;Verit\u00e0 Nuda&quot;, il docufilm che racconta la straordinaria storia di Benny Green\" \/>\n<meta property=\"og:url\" content=\"https:\/\/www.romaoggi.eu\/index.php\/2024\/11\/03\/verita-nuda-anteprima-nazionale-a-roma-il-7-novembre-al-cinema-adriano\/\" \/>\n<meta property=\"og:site_name\" content=\"roma oggi\" \/>\n<meta property=\"article:publisher\" content=\"https:\/\/www.facebook.com\/RomaOggi-841544845954114\" \/>\n<meta property=\"article:published_time\" content=\"2024-11-03T09:19:01+00:00\" \/>\n<meta property=\"article:modified_time\" content=\"2024-11-03T09:19:02+00:00\" \/>\n<meta property=\"og:image\" content=\"https:\/\/www.romaoggi.eu\/wp-content\/uploads\/2024\/11\/locandina-VERITA-NUDA.jpg\" \/>\n\t<meta property=\"og:image:width\" content=\"628\" \/>\n\t<meta property=\"og:image:height\" content=\"684\" \/>\n\t<meta property=\"og:image:type\" content=\"image\/jpeg\" \/>\n<meta name=\"author\" content=\"Sara Lauricella\" \/>\n<meta name=\"twitter:card\" content=\"summary_large_image\" \/>\n<meta name=\"twitter:creator\" content=\"@romaoggi_eu\" \/>\n<meta name=\"twitter:site\" content=\"@romaoggi_eu\" \/>\n<meta name=\"twitter:label1\" content=\"Scritto da\" \/>\n\t<meta name=\"twitter:data1\" content=\"Sara Lauricella\" \/>\n\t<meta name=\"twitter:label2\" content=\"Tempo di lettura stimato\" \/>\n\t<meta name=\"twitter:data2\" content=\"3 minuti\" \/>\n<script type=\"application\/ld+json\" class=\"yoast-schema-graph\">{\"@context\":\"https:\\\/\\\/schema.org\",\"@graph\":[{\"@type\":\"Article\",\"@id\":\"https:\\\/\\\/www.romaoggi.eu\\\/index.php\\\/2024\\\/11\\\/03\\\/verita-nuda-anteprima-nazionale-a-roma-il-7-novembre-al-cinema-adriano\\\/#article\",\"isPartOf\":{\"@id\":\"https:\\\/\\\/www.romaoggi.eu\\\/index.php\\\/2024\\\/11\\\/03\\\/verita-nuda-anteprima-nazionale-a-roma-il-7-novembre-al-cinema-adriano\\\/\"},\"author\":{\"name\":\"Sara Lauricella\",\"@id\":\"https:\\\/\\\/www.romaoggi.eu\\\/#\\\/schema\\\/person\\\/a3fe6791a069e7831dbc270a2dc5fb6a\"},\"headline\":\"Verit\u00e0 Nuda: anteprima nazionale a Roma il 7 novembre al Cinema Adriano\",\"datePublished\":\"2024-11-03T09:19:01+00:00\",\"dateModified\":\"2024-11-03T09:19:02+00:00\",\"mainEntityOfPage\":{\"@id\":\"https:\\\/\\\/www.romaoggi.eu\\\/index.php\\\/2024\\\/11\\\/03\\\/verita-nuda-anteprima-nazionale-a-roma-il-7-novembre-al-cinema-adriano\\\/\"},\"wordCount\":386,\"publisher\":{\"@id\":\"https:\\\/\\\/www.romaoggi.eu\\\/#organization\"},\"image\":{\"@id\":\"https:\\\/\\\/www.romaoggi.eu\\\/index.php\\\/2024\\\/11\\\/03\\\/verita-nuda-anteprima-nazionale-a-roma-il-7-novembre-al-cinema-adriano\\\/#primaryimage\"},\"thumbnailUrl\":\"https:\\\/\\\/www.romaoggi.eu\\\/wp-content\\\/uploads\\\/2024\\\/11\\\/locandina-VERITA-NUDA.jpg\",\"keywords\":[\"anteprima\",\"benny green\",\"cinema adriano\",\"film\",\"verit\u00e0 nuda\"],\"articleSection\":[\"Cinema\"],\"inLanguage\":\"it-IT\"},{\"@type\":\"WebPage\",\"@id\":\"https:\\\/\\\/www.romaoggi.eu\\\/index.php\\\/2024\\\/11\\\/03\\\/verita-nuda-anteprima-nazionale-a-roma-il-7-novembre-al-cinema-adriano\\\/\",\"url\":\"https:\\\/\\\/www.romaoggi.eu\\\/index.php\\\/2024\\\/11\\\/03\\\/verita-nuda-anteprima-nazionale-a-roma-il-7-novembre-al-cinema-adriano\\\/\",\"name\":\"Verit\u00e0 Nuda: anteprima nazionale a Roma il 7 novembre al Cinema\",\"isPartOf\":{\"@id\":\"https:\\\/\\\/www.romaoggi.eu\\\/#website\"},\"primaryImageOfPage\":{\"@id\":\"https:\\\/\\\/www.romaoggi.eu\\\/index.php\\\/2024\\\/11\\\/03\\\/verita-nuda-anteprima-nazionale-a-roma-il-7-novembre-al-cinema-adriano\\\/#primaryimage\"},\"image\":{\"@id\":\"https:\\\/\\\/www.romaoggi.eu\\\/index.php\\\/2024\\\/11\\\/03\\\/verita-nuda-anteprima-nazionale-a-roma-il-7-novembre-al-cinema-adriano\\\/#primaryimage\"},\"thumbnailUrl\":\"https:\\\/\\\/www.romaoggi.eu\\\/wp-content\\\/uploads\\\/2024\\\/11\\\/locandina-VERITA-NUDA.jpg\",\"datePublished\":\"2024-11-03T09:19:01+00:00\",\"dateModified\":\"2024-11-03T09:19:02+00:00\",\"description\":\"Il prestigioso Cinema Adriano di Roma accoglier\u00e0 l\u2019anteprima di \\\"Verit\u00e0 Nuda\\\", il docufilm che racconta la straordinaria storia di Benny Green\",\"breadcrumb\":{\"@id\":\"https:\\\/\\\/www.romaoggi.eu\\\/index.php\\\/2024\\\/11\\\/03\\\/verita-nuda-anteprima-nazionale-a-roma-il-7-novembre-al-cinema-adriano\\\/#breadcrumb\"},\"inLanguage\":\"it-IT\",\"potentialAction\":[{\"@type\":\"ReadAction\",\"target\":[\"https:\\\/\\\/www.romaoggi.eu\\\/index.php\\\/2024\\\/11\\\/03\\\/verita-nuda-anteprima-nazionale-a-roma-il-7-novembre-al-cinema-adriano\\\/\"]}]},{\"@type\":\"ImageObject\",\"inLanguage\":\"it-IT\",\"@id\":\"https:\\\/\\\/www.romaoggi.eu\\\/index.php\\\/2024\\\/11\\\/03\\\/verita-nuda-anteprima-nazionale-a-roma-il-7-novembre-al-cinema-adriano\\\/#primaryimage\",\"url\":\"https:\\\/\\\/www.romaoggi.eu\\\/wp-content\\\/uploads\\\/2024\\\/11\\\/locandina-VERITA-NUDA.jpg\",\"contentUrl\":\"https:\\\/\\\/www.romaoggi.eu\\\/wp-content\\\/uploads\\\/2024\\\/11\\\/locandina-VERITA-NUDA.jpg\",\"width\":628,\"height\":684,\"caption\":\"alt tag anteprima\"},{\"@type\":\"BreadcrumbList\",\"@id\":\"https:\\\/\\\/www.romaoggi.eu\\\/index.php\\\/2024\\\/11\\\/03\\\/verita-nuda-anteprima-nazionale-a-roma-il-7-novembre-al-cinema-adriano\\\/#breadcrumb\",\"itemListElement\":[{\"@type\":\"ListItem\",\"position\":1,\"name\":\"Home\",\"item\":\"https:\\\/\\\/www.romaoggi.eu\\\/\"},{\"@type\":\"ListItem\",\"position\":2,\"name\":\"Verit\u00e0 Nuda: anteprima nazionale a Roma il 7 novembre al Cinema Adriano\"}]},{\"@type\":\"WebSite\",\"@id\":\"https:\\\/\\\/www.romaoggi.eu\\\/#website\",\"url\":\"https:\\\/\\\/www.romaoggi.eu\\\/\",\"name\":\"roma oggi\",\"description\":\"Interesting News for Interesting people\",\"publisher\":{\"@id\":\"https:\\\/\\\/www.romaoggi.eu\\\/#organization\"},\"potentialAction\":[{\"@type\":\"SearchAction\",\"target\":{\"@type\":\"EntryPoint\",\"urlTemplate\":\"https:\\\/\\\/www.romaoggi.eu\\\/?s={search_term_string}\"},\"query-input\":{\"@type\":\"PropertyValueSpecification\",\"valueRequired\":true,\"valueName\":\"search_term_string\"}}],\"inLanguage\":\"it-IT\"},{\"@type\":\"Organization\",\"@id\":\"https:\\\/\\\/www.romaoggi.eu\\\/#organization\",\"name\":\"RomaOggi\",\"url\":\"https:\\\/\\\/www.romaoggi.eu\\\/\",\"logo\":{\"@type\":\"ImageObject\",\"inLanguage\":\"it-IT\",\"@id\":\"https:\\\/\\\/www.romaoggi.eu\\\/#\\\/schema\\\/logo\\\/image\\\/\",\"url\":\"https:\\\/\\\/www.romaoggi.eu\\\/wp-content\\\/uploads\\\/2017\\\/04\\\/logowp.jpg\",\"contentUrl\":\"https:\\\/\\\/www.romaoggi.eu\\\/wp-content\\\/uploads\\\/2017\\\/04\\\/logowp.jpg\",\"width\":300,\"height\":133,\"caption\":\"RomaOggi\"},\"image\":{\"@id\":\"https:\\\/\\\/www.romaoggi.eu\\\/#\\\/schema\\\/logo\\\/image\\\/\"},\"sameAs\":[\"https:\\\/\\\/www.facebook.com\\\/RomaOggi-841544845954114\",\"https:\\\/\\\/x.com\\\/romaoggi_eu\"]},{\"@type\":\"Person\",\"@id\":\"https:\\\/\\\/www.romaoggi.eu\\\/#\\\/schema\\\/person\\\/a3fe6791a069e7831dbc270a2dc5fb6a\",\"name\":\"Sara Lauricella\",\"image\":{\"@type\":\"ImageObject\",\"inLanguage\":\"it-IT\",\"@id\":\"https:\\\/\\\/secure.gravatar.com\\\/avatar\\\/43b5b38ca5c211eeda3f5a753f08074b99bca18896a51722d2103203fe68f14f?s=96&d=mm&r=g\",\"url\":\"https:\\\/\\\/secure.gravatar.com\\\/avatar\\\/43b5b38ca5c211eeda3f5a753f08074b99bca18896a51722d2103203fe68f14f?s=96&d=mm&r=g\",\"contentUrl\":\"https:\\\/\\\/secure.gravatar.com\\\/avatar\\\/43b5b38ca5c211eeda3f5a753f08074b99bca18896a51722d2103203fe68f14f?s=96&d=mm&r=g\",\"caption\":\"Sara Lauricella\"},\"url\":\"https:\\\/\\\/www.romaoggi.eu\\\/index.php\\\/author\\\/s-lauricella\\\/\"}]}<\/script>\n<!-- \/ Yoast SEO plugin. -->","yoast_head_json":{"title":"Verit\u00e0 Nuda: anteprima nazionale a Roma il 7 novembre al Cinema","description":"Il prestigioso Cinema Adriano di Roma accoglier\u00e0 l\u2019anteprima di \"Verit\u00e0 Nuda\", il docufilm che racconta la straordinaria storia di Benny Green","robots":{"index":"index","follow":"follow","max-snippet":"max-snippet:-1","max-image-preview":"max-image-preview:large","max-video-preview":"max-video-preview:-1"},"canonical":"https:\/\/www.romaoggi.eu\/index.php\/2024\/11\/03\/verita-nuda-anteprima-nazionale-a-roma-il-7-novembre-al-cinema-adriano\/","og_locale":"it_IT","og_type":"article","og_title":"Verit\u00e0 Nuda: anteprima nazionale a Roma il 7 novembre al Cinema","og_description":"Il prestigioso Cinema Adriano di Roma accoglier\u00e0 l\u2019anteprima di \"Verit\u00e0 Nuda\", il docufilm che racconta la straordinaria storia di Benny Green","og_url":"https:\/\/www.romaoggi.eu\/index.php\/2024\/11\/03\/verita-nuda-anteprima-nazionale-a-roma-il-7-novembre-al-cinema-adriano\/","og_site_name":"roma oggi","article_publisher":"https:\/\/www.facebook.com\/RomaOggi-841544845954114","article_published_time":"2024-11-03T09:19:01+00:00","article_modified_time":"2024-11-03T09:19:02+00:00","og_image":[{"width":628,"height":684,"url":"https:\/\/www.romaoggi.eu\/wp-content\/uploads\/2024\/11\/locandina-VERITA-NUDA.jpg","type":"image\/jpeg"}],"author":"Sara Lauricella","twitter_card":"summary_large_image","twitter_creator":"@romaoggi_eu","twitter_site":"@romaoggi_eu","twitter_misc":{"Scritto da":"Sara Lauricella","Tempo di lettura stimato":"3 minuti"},"schema":{"@context":"https:\/\/schema.org","@graph":[{"@type":"Article","@id":"https:\/\/www.romaoggi.eu\/index.php\/2024\/11\/03\/verita-nuda-anteprima-nazionale-a-roma-il-7-novembre-al-cinema-adriano\/#article","isPartOf":{"@id":"https:\/\/www.romaoggi.eu\/index.php\/2024\/11\/03\/verita-nuda-anteprima-nazionale-a-roma-il-7-novembre-al-cinema-adriano\/"},"author":{"name":"Sara Lauricella","@id":"https:\/\/www.romaoggi.eu\/#\/schema\/person\/a3fe6791a069e7831dbc270a2dc5fb6a"},"headline":"Verit\u00e0 Nuda: anteprima nazionale a Roma il 7 novembre al Cinema Adriano","datePublished":"2024-11-03T09:19:01+00:00","dateModified":"2024-11-03T09:19:02+00:00","mainEntityOfPage":{"@id":"https:\/\/www.romaoggi.eu\/index.php\/2024\/11\/03\/verita-nuda-anteprima-nazionale-a-roma-il-7-novembre-al-cinema-adriano\/"},"wordCount":386,"publisher":{"@id":"https:\/\/www.romaoggi.eu\/#organization"},"image":{"@id":"https:\/\/www.romaoggi.eu\/index.php\/2024\/11\/03\/verita-nuda-anteprima-nazionale-a-roma-il-7-novembre-al-cinema-adriano\/#primaryimage"},"thumbnailUrl":"https:\/\/www.romaoggi.eu\/wp-content\/uploads\/2024\/11\/locandina-VERITA-NUDA.jpg","keywords":["anteprima","benny green","cinema adriano","film","verit\u00e0 nuda"],"articleSection":["Cinema"],"inLanguage":"it-IT"},{"@type":"WebPage","@id":"https:\/\/www.romaoggi.eu\/index.php\/2024\/11\/03\/verita-nuda-anteprima-nazionale-a-roma-il-7-novembre-al-cinema-adriano\/","url":"https:\/\/www.romaoggi.eu\/index.php\/2024\/11\/03\/verita-nuda-anteprima-nazionale-a-roma-il-7-novembre-al-cinema-adriano\/","name":"Verit\u00e0 Nuda: anteprima nazionale a Roma il 7 novembre al Cinema","isPartOf":{"@id":"https:\/\/www.romaoggi.eu\/#website"},"primaryImageOfPage":{"@id":"https:\/\/www.romaoggi.eu\/index.php\/2024\/11\/03\/verita-nuda-anteprima-nazionale-a-roma-il-7-novembre-al-cinema-adriano\/#primaryimage"},"image":{"@id":"https:\/\/www.romaoggi.eu\/index.php\/2024\/11\/03\/verita-nuda-anteprima-nazionale-a-roma-il-7-novembre-al-cinema-adriano\/#primaryimage"},"thumbnailUrl":"https:\/\/www.romaoggi.eu\/wp-content\/uploads\/2024\/11\/locandina-VERITA-NUDA.jpg","datePublished":"2024-11-03T09:19:01+00:00","dateModified":"2024-11-03T09:19:02+00:00","description":"Il prestigioso Cinema Adriano di Roma accoglier\u00e0 l\u2019anteprima di \"Verit\u00e0 Nuda\", il docufilm che racconta la straordinaria storia di Benny Green","breadcrumb":{"@id":"https:\/\/www.romaoggi.eu\/index.php\/2024\/11\/03\/verita-nuda-anteprima-nazionale-a-roma-il-7-novembre-al-cinema-adriano\/#breadcrumb"},"inLanguage":"it-IT","potentialAction":[{"@type":"ReadAction","target":["https:\/\/www.romaoggi.eu\/index.php\/2024\/11\/03\/verita-nuda-anteprima-nazionale-a-roma-il-7-novembre-al-cinema-adriano\/"]}]},{"@type":"ImageObject","inLanguage":"it-IT","@id":"https:\/\/www.romaoggi.eu\/index.php\/2024\/11\/03\/verita-nuda-anteprima-nazionale-a-roma-il-7-novembre-al-cinema-adriano\/#primaryimage","url":"https:\/\/www.romaoggi.eu\/wp-content\/uploads\/2024\/11\/locandina-VERITA-NUDA.jpg","contentUrl":"https:\/\/www.romaoggi.eu\/wp-content\/uploads\/2024\/11\/locandina-VERITA-NUDA.jpg","width":628,"height":684,"caption":"alt tag anteprima"},{"@type":"BreadcrumbList","@id":"https:\/\/www.romaoggi.eu\/index.php\/2024\/11\/03\/verita-nuda-anteprima-nazionale-a-roma-il-7-novembre-al-cinema-adriano\/#breadcrumb","itemListElement":[{"@type":"ListItem","position":1,"name":"Home","item":"https:\/\/www.romaoggi.eu\/"},{"@type":"ListItem","position":2,"name":"Verit\u00e0 Nuda: anteprima nazionale a Roma il 7 novembre al Cinema Adriano"}]},{"@type":"WebSite","@id":"https:\/\/www.romaoggi.eu\/#website","url":"https:\/\/www.romaoggi.eu\/","name":"roma oggi","description":"Interesting News for Interesting people","publisher":{"@id":"https:\/\/www.romaoggi.eu\/#organization"},"potentialAction":[{"@type":"SearchAction","target":{"@type":"EntryPoint","urlTemplate":"https:\/\/www.romaoggi.eu\/?s={search_term_string}"},"query-input":{"@type":"PropertyValueSpecification","valueRequired":true,"valueName":"search_term_string"}}],"inLanguage":"it-IT"},{"@type":"Organization","@id":"https:\/\/www.romaoggi.eu\/#organization","name":"RomaOggi","url":"https:\/\/www.romaoggi.eu\/","logo":{"@type":"ImageObject","inLanguage":"it-IT","@id":"https:\/\/www.romaoggi.eu\/#\/schema\/logo\/image\/","url":"https:\/\/www.romaoggi.eu\/wp-content\/uploads\/2017\/04\/logowp.jpg","contentUrl":"https:\/\/www.romaoggi.eu\/wp-content\/uploads\/2017\/04\/logowp.jpg","width":300,"height":133,"caption":"RomaOggi"},"image":{"@id":"https:\/\/www.romaoggi.eu\/#\/schema\/logo\/image\/"},"sameAs":["https:\/\/www.facebook.com\/RomaOggi-841544845954114","https:\/\/x.com\/romaoggi_eu"]},{"@type":"Person","@id":"https:\/\/www.romaoggi.eu\/#\/schema\/person\/a3fe6791a069e7831dbc270a2dc5fb6a","name":"Sara Lauricella","image":{"@type":"ImageObject","inLanguage":"it-IT","@id":"https:\/\/secure.gravatar.com\/avatar\/43b5b38ca5c211eeda3f5a753f08074b99bca18896a51722d2103203fe68f14f?s=96&d=mm&r=g","url":"https:\/\/secure.gravatar.com\/avatar\/43b5b38ca5c211eeda3f5a753f08074b99bca18896a51722d2103203fe68f14f?s=96&d=mm&r=g","contentUrl":"https:\/\/secure.gravatar.com\/avatar\/43b5b38ca5c211eeda3f5a753f08074b99bca18896a51722d2103203fe68f14f?s=96&d=mm&r=g","caption":"Sara Lauricella"},"url":"https:\/\/www.romaoggi.eu\/index.php\/author\/s-lauricella\/"}]}},"_links":{"self":[{"href":"https:\/\/www.romaoggi.eu\/index.php\/wp-json\/wp\/v2\/posts\/37804","targetHints":{"allow":["GET"]}}],"collection":[{"href":"https:\/\/www.romaoggi.eu\/index.php\/wp-json\/wp\/v2\/posts"}],"about":[{"href":"https:\/\/www.romaoggi.eu\/index.php\/wp-json\/wp\/v2\/types\/post"}],"author":[{"embeddable":true,"href":"https:\/\/www.romaoggi.eu\/index.php\/wp-json\/wp\/v2\/users\/18"}],"replies":[{"embeddable":true,"href":"https:\/\/www.romaoggi.eu\/index.php\/wp-json\/wp\/v2\/comments?post=37804"}],"version-history":[{"count":2,"href":"https:\/\/www.romaoggi.eu\/index.php\/wp-json\/wp\/v2\/posts\/37804\/revisions"}],"predecessor-version":[{"id":37807,"href":"https:\/\/www.romaoggi.eu\/index.php\/wp-json\/wp\/v2\/posts\/37804\/revisions\/37807"}],"wp:featuredmedia":[{"embeddable":true,"href":"https:\/\/www.romaoggi.eu\/index.php\/wp-json\/wp\/v2\/media\/37805"}],"wp:attachment":[{"href":"https:\/\/www.romaoggi.eu\/index.php\/wp-json\/wp\/v2\/media?parent=37804"}],"wp:term":[{"taxonomy":"category","embeddable":true,"href":"https:\/\/www.romaoggi.eu\/index.php\/wp-json\/wp\/v2\/categories?post=37804"},{"taxonomy":"post_tag","embeddable":true,"href":"https:\/\/www.romaoggi.eu\/index.php\/wp-json\/wp\/v2\/tags?post=37804"}],"curies":[{"name":"wp","href":"https:\/\/api.w.org\/{rel}","templated":true}]}}