{"id":37808,"date":"2024-11-03T10:17:49","date_gmt":"2024-11-03T09:17:49","guid":{"rendered":"https:\/\/www.romaoggi.eu\/?p=37808"},"modified":"2024-11-03T10:17:52","modified_gmt":"2024-11-03T09:17:52","slug":"mossa-esordisce-con-il-suo-brano-sophie","status":"publish","type":"post","link":"https:\/\/www.romaoggi.eu\/index.php\/2024\/11\/03\/mossa-esordisce-con-il-suo-brano-sophie\/","title":{"rendered":"MOSSA ESORDISCE CON IL SUO BRANO SOPHIE"},"content":{"rendered":"<p style=\"text-align: justify\">Mossa esordisce nel mondo del cantautorato con il suo brano Sophie, una riflessione sul tempo, sulla mancanza, sull\u2019attesa e, forse, anche sull\u2019eternit\u00e0. Il brano sar\u00e0 in radio e sui digital stores dal 15 novembre, ma arriva alla pubblicazione dopo essere stato gi\u00e0 tra i tre finalisti al contest televisivo <a href=\"http:\/\/www.italianmusicnews.com\/2024\/10\/mossa-fuori-con-il-suo-brano-di-esordio.html\">\u201cIo canto per\u2026\u201d<\/a> andato in onda tra le fine del 2023 ed il 2024 nell\u2019emittente televisiva Cusano Tv.<\/p>\n<p style=\"text-align: justify\">Mossa ha presentato la sua \u201cSophie\u201d anche in diverse situazioni dell\u2019estate romana, ma anche nei dintorni della capitale, quali Lungo il Tevere Roma ed Oasi Cestia.<\/p>\n<p style=\"text-align: justify\">Il giovane cantautore di Monterotondo si affaccia, quindi, al mercato discografico con la delicatezza che lo contraddistingue.<\/p>\n<p style=\"text-align: justify\">\u201cSophie \u00e8 un pezzo della mia vita, uno scorrere del tempo che si mescola all\u2019attesa. La clessidra, oggetto simbolo di questo mio brano, ben rappresenta lo scorrere del tempo bench\u00e9 intrappolato dentro la clessidra stessa\u201d (Mossa)<\/p>\n<p style=\"text-align: justify\">Il brano, scritto in musica e parole da Mossa, \u00e8 stato arrangiato da Marco Nicolai con la supervisione vocale del coach Alex Parravano.<\/p>\n<p style=\"text-align: justify\">Sophie \u00e8 il primo brano di un progetto artistico che vedr\u00e0 impegnato Mossa nei prossimi mesi.<\/p>\n<p>Foto ed artworking: Alessandro Sabeone<\/p>\n<p>Visual: Greve Grafic<\/p>\n<p>Etichetta LaLa LABEL<\/p>\n<p>Spotify Artista:\u00a0<a href=\"https:\/\/open.spotify.com\/artist\/2xVWwpUl2QIXRAQW5Tbv5x?si=l7LvqN1tQYOX4aAb45ht2A\">https:\/\/open.spotify.com\/artist\/2xVWwpUl2QIXRAQW5Tbv5x<\/a><\/p>\n<p>Ig:\u00a0<a href=\"https:\/\/www.instagram.com\/_mossa._?igsh=MWhvaHhxZGwxbmtlNw==\">https:\/\/www.instagram.com\/_mossa._<\/a><\/p>\n<p>TikTok:\u00a0<a href=\"https:\/\/www.tiktok.com\/@_mossa._?_t=8qapev2tU3c&amp;_r=1\">https:\/\/www.tiktok.com\/@_mossa._<\/a><\/p>\n","protected":false},"excerpt":{"rendered":"<div class=\"mh-excerpt\"><p>Mossa esordisce nel mondo del cantautorato con il suo brano Sophie, una riflessione sul tempo, sulla mancanza, sull\u2019attesa e, forse, anche sull\u2019eternit\u00e0. Il brano sar\u00e0 in radio e sui digital stores dal 15 novembre, ma <a class=\"mh-excerpt-more\" href=\"https:\/\/www.romaoggi.eu\/index.php\/2024\/11\/03\/mossa-esordisce-con-il-suo-brano-sophie\/\" title=\"MOSSA ESORDISCE CON IL SUO BRANO SOPHIE\">[&#8230;]<\/a><\/p>\n<\/div>","protected":false},"author":18,"featured_media":37809,"comment_status":"closed","ping_status":"open","sticky":false,"template":"","format":"standard","meta":{"_sitemap_exclude":false,"_sitemap_priority":"","_sitemap_frequency":"","footnotes":""},"categories":[2715],"tags":[17552,11171,17553,16528,17550,17551],"class_list":["post-37808","post","type-post","status-publish","format-standard","has-post-thumbnail","hentry","category-musica","tag-attesa","tag-cantautore","tag-eternita","tag-lala-label","tag-mossa","tag-sophie"],"yoast_head":"<!-- This site is optimized with the Yoast SEO plugin v27.5 - https:\/\/yoast.com\/product\/yoast-seo-wordpress\/ -->\n<title>MOSSA ESORDISCE CON IL SUO BRANO SOPHIE<\/title>\n<meta name=\"description\" content=\"Mossa esordisce nel mondo del cantautorato con il suo brano Sophie, una riflessione sul tempo, sulla mancanza, sull\u2019attesa e, forse, anche sull\u2019eternit\u00e0.\" \/>\n<meta name=\"robots\" content=\"index, follow, max-snippet:-1, max-image-preview:large, max-video-preview:-1\" \/>\n<link rel=\"canonical\" href=\"https:\/\/www.romaoggi.eu\/index.php\/2024\/11\/03\/mossa-esordisce-con-il-suo-brano-sophie\/\" \/>\n<meta property=\"og:locale\" content=\"it_IT\" \/>\n<meta property=\"og:type\" content=\"article\" \/>\n<meta property=\"og:title\" content=\"MOSSA ESORDISCE CON IL SUO BRANO SOPHIE\" \/>\n<meta property=\"og:description\" content=\"Mossa esordisce nel mondo del cantautorato con il suo brano Sophie, una riflessione sul tempo, sulla mancanza, sull\u2019attesa e, forse, anche sull\u2019eternit\u00e0.\" \/>\n<meta property=\"og:url\" content=\"https:\/\/www.romaoggi.eu\/index.php\/2024\/11\/03\/mossa-esordisce-con-il-suo-brano-sophie\/\" \/>\n<meta property=\"og:site_name\" content=\"roma oggi\" \/>\n<meta property=\"article:publisher\" content=\"https:\/\/www.facebook.com\/RomaOggi-841544845954114\" \/>\n<meta property=\"article:published_time\" content=\"2024-11-03T09:17:49+00:00\" \/>\n<meta property=\"article:modified_time\" content=\"2024-11-03T09:17:52+00:00\" \/>\n<meta property=\"og:image\" content=\"https:\/\/www.romaoggi.eu\/wp-content\/uploads\/2024\/11\/mossa-ph-A.-Sabeone-Copia.jpg\" \/>\n\t<meta property=\"og:image:width\" content=\"1087\" \/>\n\t<meta property=\"og:image:height\" content=\"910\" \/>\n\t<meta property=\"og:image:type\" content=\"image\/jpeg\" \/>\n<meta name=\"author\" content=\"Sara Lauricella\" \/>\n<meta name=\"twitter:card\" content=\"summary_large_image\" \/>\n<meta name=\"twitter:creator\" content=\"@romaoggi_eu\" \/>\n<meta name=\"twitter:site\" content=\"@romaoggi_eu\" \/>\n<meta name=\"twitter:label1\" content=\"Scritto da\" \/>\n\t<meta name=\"twitter:data1\" content=\"Sara Lauricella\" \/>\n\t<meta name=\"twitter:label2\" content=\"Tempo di lettura stimato\" \/>\n\t<meta name=\"twitter:data2\" content=\"2 minuti\" \/>\n<script type=\"application\/ld+json\" class=\"yoast-schema-graph\">{\"@context\":\"https:\\\/\\\/schema.org\",\"@graph\":[{\"@type\":\"Article\",\"@id\":\"https:\\\/\\\/www.romaoggi.eu\\\/index.php\\\/2024\\\/11\\\/03\\\/mossa-esordisce-con-il-suo-brano-sophie\\\/#article\",\"isPartOf\":{\"@id\":\"https:\\\/\\\/www.romaoggi.eu\\\/index.php\\\/2024\\\/11\\\/03\\\/mossa-esordisce-con-il-suo-brano-sophie\\\/\"},\"author\":{\"name\":\"Sara Lauricella\",\"@id\":\"https:\\\/\\\/www.romaoggi.eu\\\/#\\\/schema\\\/person\\\/a3fe6791a069e7831dbc270a2dc5fb6a\"},\"headline\":\"MOSSA ESORDISCE CON IL SUO BRANO SOPHIE\",\"datePublished\":\"2024-11-03T09:17:49+00:00\",\"dateModified\":\"2024-11-03T09:17:52+00:00\",\"mainEntityOfPage\":{\"@id\":\"https:\\\/\\\/www.romaoggi.eu\\\/index.php\\\/2024\\\/11\\\/03\\\/mossa-esordisce-con-il-suo-brano-sophie\\\/\"},\"wordCount\":225,\"publisher\":{\"@id\":\"https:\\\/\\\/www.romaoggi.eu\\\/#organization\"},\"image\":{\"@id\":\"https:\\\/\\\/www.romaoggi.eu\\\/index.php\\\/2024\\\/11\\\/03\\\/mossa-esordisce-con-il-suo-brano-sophie\\\/#primaryimage\"},\"thumbnailUrl\":\"https:\\\/\\\/www.romaoggi.eu\\\/wp-content\\\/uploads\\\/2024\\\/11\\\/mossa-ph-A.-Sabeone-Copia.jpg\",\"keywords\":[\"attesa\",\"cantautore\",\"eternit\u00e0\",\"lala Label\",\"mossa\",\"sophie\"],\"articleSection\":[\"musica\"],\"inLanguage\":\"it-IT\"},{\"@type\":\"WebPage\",\"@id\":\"https:\\\/\\\/www.romaoggi.eu\\\/index.php\\\/2024\\\/11\\\/03\\\/mossa-esordisce-con-il-suo-brano-sophie\\\/\",\"url\":\"https:\\\/\\\/www.romaoggi.eu\\\/index.php\\\/2024\\\/11\\\/03\\\/mossa-esordisce-con-il-suo-brano-sophie\\\/\",\"name\":\"MOSSA ESORDISCE CON IL SUO BRANO SOPHIE\",\"isPartOf\":{\"@id\":\"https:\\\/\\\/www.romaoggi.eu\\\/#website\"},\"primaryImageOfPage\":{\"@id\":\"https:\\\/\\\/www.romaoggi.eu\\\/index.php\\\/2024\\\/11\\\/03\\\/mossa-esordisce-con-il-suo-brano-sophie\\\/#primaryimage\"},\"image\":{\"@id\":\"https:\\\/\\\/www.romaoggi.eu\\\/index.php\\\/2024\\\/11\\\/03\\\/mossa-esordisce-con-il-suo-brano-sophie\\\/#primaryimage\"},\"thumbnailUrl\":\"https:\\\/\\\/www.romaoggi.eu\\\/wp-content\\\/uploads\\\/2024\\\/11\\\/mossa-ph-A.-Sabeone-Copia.jpg\",\"datePublished\":\"2024-11-03T09:17:49+00:00\",\"dateModified\":\"2024-11-03T09:17:52+00:00\",\"description\":\"Mossa esordisce nel mondo del cantautorato con il suo brano Sophie, una riflessione sul tempo, sulla mancanza, sull\u2019attesa e, forse, anche sull\u2019eternit\u00e0.\",\"breadcrumb\":{\"@id\":\"https:\\\/\\\/www.romaoggi.eu\\\/index.php\\\/2024\\\/11\\\/03\\\/mossa-esordisce-con-il-suo-brano-sophie\\\/#breadcrumb\"},\"inLanguage\":\"it-IT\",\"potentialAction\":[{\"@type\":\"ReadAction\",\"target\":[\"https:\\\/\\\/www.romaoggi.eu\\\/index.php\\\/2024\\\/11\\\/03\\\/mossa-esordisce-con-il-suo-brano-sophie\\\/\"]}]},{\"@type\":\"ImageObject\",\"inLanguage\":\"it-IT\",\"@id\":\"https:\\\/\\\/www.romaoggi.eu\\\/index.php\\\/2024\\\/11\\\/03\\\/mossa-esordisce-con-il-suo-brano-sophie\\\/#primaryimage\",\"url\":\"https:\\\/\\\/www.romaoggi.eu\\\/wp-content\\\/uploads\\\/2024\\\/11\\\/mossa-ph-A.-Sabeone-Copia.jpg\",\"contentUrl\":\"https:\\\/\\\/www.romaoggi.eu\\\/wp-content\\\/uploads\\\/2024\\\/11\\\/mossa-ph-A.-Sabeone-Copia.jpg\",\"width\":1087,\"height\":910,\"caption\":\"ALT TAG MOSSA\"},{\"@type\":\"BreadcrumbList\",\"@id\":\"https:\\\/\\\/www.romaoggi.eu\\\/index.php\\\/2024\\\/11\\\/03\\\/mossa-esordisce-con-il-suo-brano-sophie\\\/#breadcrumb\",\"itemListElement\":[{\"@type\":\"ListItem\",\"position\":1,\"name\":\"Home\",\"item\":\"https:\\\/\\\/www.romaoggi.eu\\\/\"},{\"@type\":\"ListItem\",\"position\":2,\"name\":\"MOSSA ESORDISCE CON IL SUO BRANO SOPHIE\"}]},{\"@type\":\"WebSite\",\"@id\":\"https:\\\/\\\/www.romaoggi.eu\\\/#website\",\"url\":\"https:\\\/\\\/www.romaoggi.eu\\\/\",\"name\":\"roma oggi\",\"description\":\"Interesting News for Interesting people\",\"publisher\":{\"@id\":\"https:\\\/\\\/www.romaoggi.eu\\\/#organization\"},\"potentialAction\":[{\"@type\":\"SearchAction\",\"target\":{\"@type\":\"EntryPoint\",\"urlTemplate\":\"https:\\\/\\\/www.romaoggi.eu\\\/?s={search_term_string}\"},\"query-input\":{\"@type\":\"PropertyValueSpecification\",\"valueRequired\":true,\"valueName\":\"search_term_string\"}}],\"inLanguage\":\"it-IT\"},{\"@type\":\"Organization\",\"@id\":\"https:\\\/\\\/www.romaoggi.eu\\\/#organization\",\"name\":\"RomaOggi\",\"url\":\"https:\\\/\\\/www.romaoggi.eu\\\/\",\"logo\":{\"@type\":\"ImageObject\",\"inLanguage\":\"it-IT\",\"@id\":\"https:\\\/\\\/www.romaoggi.eu\\\/#\\\/schema\\\/logo\\\/image\\\/\",\"url\":\"https:\\\/\\\/www.romaoggi.eu\\\/wp-content\\\/uploads\\\/2017\\\/04\\\/logowp.jpg\",\"contentUrl\":\"https:\\\/\\\/www.romaoggi.eu\\\/wp-content\\\/uploads\\\/2017\\\/04\\\/logowp.jpg\",\"width\":300,\"height\":133,\"caption\":\"RomaOggi\"},\"image\":{\"@id\":\"https:\\\/\\\/www.romaoggi.eu\\\/#\\\/schema\\\/logo\\\/image\\\/\"},\"sameAs\":[\"https:\\\/\\\/www.facebook.com\\\/RomaOggi-841544845954114\",\"https:\\\/\\\/x.com\\\/romaoggi_eu\"]},{\"@type\":\"Person\",\"@id\":\"https:\\\/\\\/www.romaoggi.eu\\\/#\\\/schema\\\/person\\\/a3fe6791a069e7831dbc270a2dc5fb6a\",\"name\":\"Sara Lauricella\",\"image\":{\"@type\":\"ImageObject\",\"inLanguage\":\"it-IT\",\"@id\":\"https:\\\/\\\/secure.gravatar.com\\\/avatar\\\/43b5b38ca5c211eeda3f5a753f08074b99bca18896a51722d2103203fe68f14f?s=96&d=mm&r=g\",\"url\":\"https:\\\/\\\/secure.gravatar.com\\\/avatar\\\/43b5b38ca5c211eeda3f5a753f08074b99bca18896a51722d2103203fe68f14f?s=96&d=mm&r=g\",\"contentUrl\":\"https:\\\/\\\/secure.gravatar.com\\\/avatar\\\/43b5b38ca5c211eeda3f5a753f08074b99bca18896a51722d2103203fe68f14f?s=96&d=mm&r=g\",\"caption\":\"Sara Lauricella\"},\"url\":\"https:\\\/\\\/www.romaoggi.eu\\\/index.php\\\/author\\\/s-lauricella\\\/\"}]}<\/script>\n<!-- \/ Yoast SEO plugin. -->","yoast_head_json":{"title":"MOSSA ESORDISCE CON IL SUO BRANO SOPHIE","description":"Mossa esordisce nel mondo del cantautorato con il suo brano Sophie, una riflessione sul tempo, sulla mancanza, sull\u2019attesa e, forse, anche sull\u2019eternit\u00e0.","robots":{"index":"index","follow":"follow","max-snippet":"max-snippet:-1","max-image-preview":"max-image-preview:large","max-video-preview":"max-video-preview:-1"},"canonical":"https:\/\/www.romaoggi.eu\/index.php\/2024\/11\/03\/mossa-esordisce-con-il-suo-brano-sophie\/","og_locale":"it_IT","og_type":"article","og_title":"MOSSA ESORDISCE CON IL SUO BRANO SOPHIE","og_description":"Mossa esordisce nel mondo del cantautorato con il suo brano Sophie, una riflessione sul tempo, sulla mancanza, sull\u2019attesa e, forse, anche sull\u2019eternit\u00e0.","og_url":"https:\/\/www.romaoggi.eu\/index.php\/2024\/11\/03\/mossa-esordisce-con-il-suo-brano-sophie\/","og_site_name":"roma oggi","article_publisher":"https:\/\/www.facebook.com\/RomaOggi-841544845954114","article_published_time":"2024-11-03T09:17:49+00:00","article_modified_time":"2024-11-03T09:17:52+00:00","og_image":[{"width":1087,"height":910,"url":"https:\/\/www.romaoggi.eu\/wp-content\/uploads\/2024\/11\/mossa-ph-A.-Sabeone-Copia.jpg","type":"image\/jpeg"}],"author":"Sara Lauricella","twitter_card":"summary_large_image","twitter_creator":"@romaoggi_eu","twitter_site":"@romaoggi_eu","twitter_misc":{"Scritto da":"Sara Lauricella","Tempo di lettura stimato":"2 minuti"},"schema":{"@context":"https:\/\/schema.org","@graph":[{"@type":"Article","@id":"https:\/\/www.romaoggi.eu\/index.php\/2024\/11\/03\/mossa-esordisce-con-il-suo-brano-sophie\/#article","isPartOf":{"@id":"https:\/\/www.romaoggi.eu\/index.php\/2024\/11\/03\/mossa-esordisce-con-il-suo-brano-sophie\/"},"author":{"name":"Sara Lauricella","@id":"https:\/\/www.romaoggi.eu\/#\/schema\/person\/a3fe6791a069e7831dbc270a2dc5fb6a"},"headline":"MOSSA ESORDISCE CON IL SUO BRANO SOPHIE","datePublished":"2024-11-03T09:17:49+00:00","dateModified":"2024-11-03T09:17:52+00:00","mainEntityOfPage":{"@id":"https:\/\/www.romaoggi.eu\/index.php\/2024\/11\/03\/mossa-esordisce-con-il-suo-brano-sophie\/"},"wordCount":225,"publisher":{"@id":"https:\/\/www.romaoggi.eu\/#organization"},"image":{"@id":"https:\/\/www.romaoggi.eu\/index.php\/2024\/11\/03\/mossa-esordisce-con-il-suo-brano-sophie\/#primaryimage"},"thumbnailUrl":"https:\/\/www.romaoggi.eu\/wp-content\/uploads\/2024\/11\/mossa-ph-A.-Sabeone-Copia.jpg","keywords":["attesa","cantautore","eternit\u00e0","lala Label","mossa","sophie"],"articleSection":["musica"],"inLanguage":"it-IT"},{"@type":"WebPage","@id":"https:\/\/www.romaoggi.eu\/index.php\/2024\/11\/03\/mossa-esordisce-con-il-suo-brano-sophie\/","url":"https:\/\/www.romaoggi.eu\/index.php\/2024\/11\/03\/mossa-esordisce-con-il-suo-brano-sophie\/","name":"MOSSA ESORDISCE CON IL SUO BRANO SOPHIE","isPartOf":{"@id":"https:\/\/www.romaoggi.eu\/#website"},"primaryImageOfPage":{"@id":"https:\/\/www.romaoggi.eu\/index.php\/2024\/11\/03\/mossa-esordisce-con-il-suo-brano-sophie\/#primaryimage"},"image":{"@id":"https:\/\/www.romaoggi.eu\/index.php\/2024\/11\/03\/mossa-esordisce-con-il-suo-brano-sophie\/#primaryimage"},"thumbnailUrl":"https:\/\/www.romaoggi.eu\/wp-content\/uploads\/2024\/11\/mossa-ph-A.-Sabeone-Copia.jpg","datePublished":"2024-11-03T09:17:49+00:00","dateModified":"2024-11-03T09:17:52+00:00","description":"Mossa esordisce nel mondo del cantautorato con il suo brano Sophie, una riflessione sul tempo, sulla mancanza, sull\u2019attesa e, forse, anche sull\u2019eternit\u00e0.","breadcrumb":{"@id":"https:\/\/www.romaoggi.eu\/index.php\/2024\/11\/03\/mossa-esordisce-con-il-suo-brano-sophie\/#breadcrumb"},"inLanguage":"it-IT","potentialAction":[{"@type":"ReadAction","target":["https:\/\/www.romaoggi.eu\/index.php\/2024\/11\/03\/mossa-esordisce-con-il-suo-brano-sophie\/"]}]},{"@type":"ImageObject","inLanguage":"it-IT","@id":"https:\/\/www.romaoggi.eu\/index.php\/2024\/11\/03\/mossa-esordisce-con-il-suo-brano-sophie\/#primaryimage","url":"https:\/\/www.romaoggi.eu\/wp-content\/uploads\/2024\/11\/mossa-ph-A.-Sabeone-Copia.jpg","contentUrl":"https:\/\/www.romaoggi.eu\/wp-content\/uploads\/2024\/11\/mossa-ph-A.-Sabeone-Copia.jpg","width":1087,"height":910,"caption":"ALT TAG MOSSA"},{"@type":"BreadcrumbList","@id":"https:\/\/www.romaoggi.eu\/index.php\/2024\/11\/03\/mossa-esordisce-con-il-suo-brano-sophie\/#breadcrumb","itemListElement":[{"@type":"ListItem","position":1,"name":"Home","item":"https:\/\/www.romaoggi.eu\/"},{"@type":"ListItem","position":2,"name":"MOSSA ESORDISCE CON IL SUO BRANO SOPHIE"}]},{"@type":"WebSite","@id":"https:\/\/www.romaoggi.eu\/#website","url":"https:\/\/www.romaoggi.eu\/","name":"roma oggi","description":"Interesting News for Interesting people","publisher":{"@id":"https:\/\/www.romaoggi.eu\/#organization"},"potentialAction":[{"@type":"SearchAction","target":{"@type":"EntryPoint","urlTemplate":"https:\/\/www.romaoggi.eu\/?s={search_term_string}"},"query-input":{"@type":"PropertyValueSpecification","valueRequired":true,"valueName":"search_term_string"}}],"inLanguage":"it-IT"},{"@type":"Organization","@id":"https:\/\/www.romaoggi.eu\/#organization","name":"RomaOggi","url":"https:\/\/www.romaoggi.eu\/","logo":{"@type":"ImageObject","inLanguage":"it-IT","@id":"https:\/\/www.romaoggi.eu\/#\/schema\/logo\/image\/","url":"https:\/\/www.romaoggi.eu\/wp-content\/uploads\/2017\/04\/logowp.jpg","contentUrl":"https:\/\/www.romaoggi.eu\/wp-content\/uploads\/2017\/04\/logowp.jpg","width":300,"height":133,"caption":"RomaOggi"},"image":{"@id":"https:\/\/www.romaoggi.eu\/#\/schema\/logo\/image\/"},"sameAs":["https:\/\/www.facebook.com\/RomaOggi-841544845954114","https:\/\/x.com\/romaoggi_eu"]},{"@type":"Person","@id":"https:\/\/www.romaoggi.eu\/#\/schema\/person\/a3fe6791a069e7831dbc270a2dc5fb6a","name":"Sara Lauricella","image":{"@type":"ImageObject","inLanguage":"it-IT","@id":"https:\/\/secure.gravatar.com\/avatar\/43b5b38ca5c211eeda3f5a753f08074b99bca18896a51722d2103203fe68f14f?s=96&d=mm&r=g","url":"https:\/\/secure.gravatar.com\/avatar\/43b5b38ca5c211eeda3f5a753f08074b99bca18896a51722d2103203fe68f14f?s=96&d=mm&r=g","contentUrl":"https:\/\/secure.gravatar.com\/avatar\/43b5b38ca5c211eeda3f5a753f08074b99bca18896a51722d2103203fe68f14f?s=96&d=mm&r=g","caption":"Sara Lauricella"},"url":"https:\/\/www.romaoggi.eu\/index.php\/author\/s-lauricella\/"}]}},"_links":{"self":[{"href":"https:\/\/www.romaoggi.eu\/index.php\/wp-json\/wp\/v2\/posts\/37808","targetHints":{"allow":["GET"]}}],"collection":[{"href":"https:\/\/www.romaoggi.eu\/index.php\/wp-json\/wp\/v2\/posts"}],"about":[{"href":"https:\/\/www.romaoggi.eu\/index.php\/wp-json\/wp\/v2\/types\/post"}],"author":[{"embeddable":true,"href":"https:\/\/www.romaoggi.eu\/index.php\/wp-json\/wp\/v2\/users\/18"}],"replies":[{"embeddable":true,"href":"https:\/\/www.romaoggi.eu\/index.php\/wp-json\/wp\/v2\/comments?post=37808"}],"version-history":[{"count":1,"href":"https:\/\/www.romaoggi.eu\/index.php\/wp-json\/wp\/v2\/posts\/37808\/revisions"}],"predecessor-version":[{"id":37810,"href":"https:\/\/www.romaoggi.eu\/index.php\/wp-json\/wp\/v2\/posts\/37808\/revisions\/37810"}],"wp:featuredmedia":[{"embeddable":true,"href":"https:\/\/www.romaoggi.eu\/index.php\/wp-json\/wp\/v2\/media\/37809"}],"wp:attachment":[{"href":"https:\/\/www.romaoggi.eu\/index.php\/wp-json\/wp\/v2\/media?parent=37808"}],"wp:term":[{"taxonomy":"category","embeddable":true,"href":"https:\/\/www.romaoggi.eu\/index.php\/wp-json\/wp\/v2\/categories?post=37808"},{"taxonomy":"post_tag","embeddable":true,"href":"https:\/\/www.romaoggi.eu\/index.php\/wp-json\/wp\/v2\/tags?post=37808"}],"curies":[{"name":"wp","href":"https:\/\/api.w.org\/{rel}","templated":true}]}}