{"id":38103,"date":"2025-01-18T00:03:55","date_gmt":"2025-01-17T23:03:55","guid":{"rendered":"https:\/\/www.romaoggi.eu\/?p=38103"},"modified":"2025-01-19T21:17:12","modified_gmt":"2025-01-19T20:17:12","slug":"la-foto-del-giorno-help-punk-to-get-drunk-e-di-deborah-italia-commento-di-giuditta-godano","status":"publish","type":"post","link":"https:\/\/www.romaoggi.eu\/index.php\/2025\/01\/18\/la-foto-del-giorno-help-punk-to-get-drunk-e-di-deborah-italia-commento-di-giuditta-godano\/","title":{"rendered":"La foto del giorno: &#8220;Help punk to get Drunk\u00a0&#8221; \u00e8 di Deborah Italia &#8211; commento di Giuditta Godano"},"content":{"rendered":"<p align=\"JUSTIFY\"><span style=\"color: #000000;\">&#8220;<\/span><span style=\"color: #000000;\"><span style=\"font-family: Times New Roman, serif;\"><span style=\"font-size: large;\">La foto del giorno&#8221;<\/span><\/span><\/span><span style=\"color: #000000;\"><span style=\"font-family: Times New Roman, serif;\"><span style=\"font-size: large;\">\u00a0di sabato 18 gennaio 2025<\/span><\/span><\/span> <span style=\"color: #000000;\"><span style=\"font-family: Times New Roman, serif;\"><span style=\"font-size: large;\">dal titolo<\/span><\/span><\/span> <strong><span style=\"color: #000000;\"><span style=\"font-family: Times New Roman, serif;\"><span style=\"font-size: large;\">&#8220;<\/span><\/span><\/span><\/strong><strong><span style=\"color: #1d2228;\"><span style=\"font-family: Times New Roman, serif;\"><span style=\"font-size: large;\"><b>Help punk to get Drunk<\/b><\/span><\/span><\/span><\/strong><strong><span style=\"color: #1d2228;\"><span style=\"font-family: Helvetica Neue, Helvetica, Arial, sans-serif;\"><span style=\"font-size: small;\">\u00a0<\/span><\/span><\/span><\/strong><strong><span style=\"color: #000000;\"><span style=\"font-family: Times New Roman, serif;\"><span style=\"font-size: large;\">&#8220;<\/span><\/span><\/span><\/strong> <span style=\"color: #1d2228;\"><span style=\"font-family: Times New Roman, serif;\"><span style=\"font-size: large;\">\u00e8 di <\/span><\/span><\/span><span style=\"color: #1d2228;\"><span style=\"font-family: Times New Roman, serif;\"><span style=\"font-size: large;\"><b>Deborah Italia<\/b><\/span><\/span><\/span><span style=\"color: #000000;\"><span style=\"font-family: Times New Roman, serif;\"><span style=\"font-size: large;\">. <\/span><\/span><\/span><strong><span style=\"color: #000000;\"><span style=\"font-family: Times New Roman, serif;\"><span style=\"font-size: large;\">Invia la tua foto del giorno al whats app 3714413442 <\/span><\/span><\/span><\/strong><\/p>\n<p align=\"JUSTIFY\"><strong><span style=\"color: #000000;\"><span style=\"font-family: Times New Roman, serif;\"><span style=\"font-size: large;\">Il commento <\/span><\/span><\/span><\/strong><\/p>\n<p align=\"JUSTIFY\"><span style=\"color: #1d2228;\">\u201c<span style=\"font-family: Times New Roman, serif;\"><span style=\"font-size: large;\">Anarchia, nichilismo, il corpo astratto dalle ideologie del potere, della sorveglianza e del controllo. Essere &#8216;high\u2019: fatti, ubriachi, letteralmente \u2018fuori\u2019, dalle maglie larghe di un controllo che si fa intimo, solitario, affatto invisibile perch\u00e9 provoca disgusto. Il Punk nasce a Londra e, come accade di frequente, la musica resta il suo pi\u00f9 grande volano. Essere Punk \u00e8 essere contro\u201d<\/span><\/span><\/span><\/p>\n<p align=\"JUSTIFY\"><strong><span style=\"font-family: Times New Roman, serif;\"><span style=\"font-size: large;\">\u00a9 2025 Giuditta Godano<\/span><\/span><\/strong><\/p>\n<figure id=\"attachment_38105\" aria-describedby=\"caption-attachment-38105\" style=\"width: 561px\" class=\"wp-caption alignnone\"><img loading=\"lazy\" decoding=\"async\" class=\" wp-image-38105\" src=\"https:\/\/www.romaoggi.eu\/wp-content\/uploads\/2025\/01\/Photo0291-vert-credito-Deborah-Italia-Punk-PHOTO-2025-01-13-09-01-34-copia-200x300.jpg\" alt=\"alt tag Deborah Italia\" width=\"561\" height=\"842\" srcset=\"https:\/\/www.romaoggi.eu\/wp-content\/uploads\/2025\/01\/Photo0291-vert-credito-Deborah-Italia-Punk-PHOTO-2025-01-13-09-01-34-copia-200x300.jpg 200w, https:\/\/www.romaoggi.eu\/wp-content\/uploads\/2025\/01\/Photo0291-vert-credito-Deborah-Italia-Punk-PHOTO-2025-01-13-09-01-34-copia.jpg 680w\" sizes=\"auto, (max-width: 561px) 100vw, 561px\" \/><figcaption id=\"caption-attachment-38105\" class=\"wp-caption-text\"><span style=\"color: #ff0000;\"><strong>Help punk to get Drunk \u00a9 Deborah Italia<\/strong><\/span><\/figcaption><\/figure>\n<p align=\"JUSTIFY\"><strong><span style=\"font-family: Times New Roman, serif;\"><span style=\"font-size: large;\">Giuditta Godano <\/span><\/span><\/strong><\/p>\n<p align=\"JUSTIFY\"><strong><span style=\"font-family: Times New Roman, serif;\"><span style=\"font-size: medium;\">\u00e8 critico d\u2019arte e scrive da sempre. I racconti, come la sua vita, da esordi bizantini stanno virando verso l\u2019essenziale. O almeno ci stanno provando. La parola esatta resta la sua ossessione, fino dalle scuole medie.<\/span><\/span><\/strong><\/p>\n<p align=\"JUSTIFY\"><strong><span style=\"font-family: Times New Roman, serif;\"><span style=\"font-size: medium;\">Le sue pubblicazioni si trovano su: &#8220;La nuova carne&#8221; (L&#8217;amata e il castigo, pubblicazione imminente); &#8220;Non ci resta che scrivere&#8221; (AA.VV., antologia, 2018); Nazione Indiana (Il fantasma orizzontale); Crapula (Svegliati Edipo!, L&#8217;aureola, Siluetas o le virt\u00f9 della morte). Selezionata per il concorso Cultora 2017 con &#8216;L&#8217;isola dei morti<\/span><\/span><\/strong><\/p>\n<p align=\"JUSTIFY\"><strong><span style=\"color: #ff0000;\"><span style=\"font-family: Times New Roman, serif;\"><span style=\"font-size: medium;\"><b>Blog:<\/b><\/span><\/span><\/span><\/strong><strong><span style=\"font-family: Times New Roman, serif;\"><span style=\"font-size: medium;\"> <a href=\"http:\/\/miasalom.wordpress.com\/\">http:\/\/miasalom.wordpress.com\/<\/a><\/span><\/span><\/strong><\/p>\n<p align=\"JUSTIFY\"><span style=\"color: #ff0000;\"><b>Instagram:<\/b><\/span> <a href=\"https:\/\/www.instagram.com\/emmesalom\/\"><b>https:\/\/www.instagram.com\/emmesalom\/<\/b><\/a><\/p>\n<p align=\"JUSTIFY\"><strong><span style=\"font-family: Times New Roman, serif;\"><span style=\"font-size: large;\">Editing fotografico a cura di Alessandro Lisci &#8211; Target Lab Ets <\/span><\/span><\/strong><\/p>\n<p align=\"JUSTIFY\"><span style=\"color: #000000;\"><span style=\"font-family: Times New Roman, serif;\"><span style=\"font-size: large;\">La foto del giorno \u00e8 la rubrica di Alessandro Lisci \u2013 Target Lab Ets su \u00a0 <\/span><\/span><\/span><a href=\"https:\/\/www.romaoggi.eu\/\"><span style=\"color: #000080;\"><span style=\"font-family: Times New Roman, serif;\"><span style=\"font-size: large;\"><u>www.Romaoggi.eu<\/u><\/span><\/span><\/span><\/a><span style=\"color: #000000;\">\u00a0<\/span><span style=\"color: #000000;\"><span style=\"font-family: Times New Roman, serif;\"><span style=\"font-size: large;\">.\u00a0 Invia la tua foto del giorno con un commento al whatsapp 3316379346 oppure alla seguente mail: <\/span><\/span><\/span><a href=\"mailto:alessandrolisci@yahoo.it\">alessandrolisci@yahoo.it<\/a><span style=\"color: #000000;\"><span style=\"font-family: Times New Roman, serif;\"><span style=\"font-size: large;\">.<\/span><\/span><\/span><\/p>\n<p align=\"JUSTIFY\"><span style=\"color: #000000;\"><span style=\"font-family: Times New Roman, serif;\"><span style=\"font-size: large;\"><b>Visita il sito: <\/b><\/span><\/span><\/span><a href=\"https:\/\/www.facebook.com\/TargetLabEts\">https:\/\/www.facebook.com\/TargetLabEts<\/a><\/p>\n<p align=\"JUSTIFY\"><strong><span style=\"font-family: Times New Roman, serif;\"><span style=\"font-size: large;\">Visita il sito : <a href=\"http:\/\/www.alessandrolisci.com\/\">www.alessandrolisci.com<\/a><\/span><\/span><\/strong><\/p>\n<p align=\"JUSTIFY\"><strong><span style=\"color: #000000;\"><span style=\"font-family: Times New Roman, serif;\"><span style=\"font-size: large;\"><b>Sostieni il progetto fotografico di Target Lab Ets con una <\/b><\/span><\/span><\/span><\/strong><strong><span style=\"color: #ff0000;\"><span style=\"font-family: Times New Roman, serif;\"><span style=\"font-size: large;\"><b>donazione\/erogazione liberale<\/b><\/span><\/span><\/span><\/strong><strong><span style=\"color: #000000;\"> al seguente <\/span><\/strong><strong><span style=\"color: #ff0000;\">IBAN<\/span><\/strong> <b> <\/b><strong><span style=\"color: #ff0000;\"><span style=\"font-family: HelveticaNeue;\"><span style=\"font-size: medium;\"><b>IT05M0306909606100000186094<\/b><\/span><\/span><\/span><\/strong><strong><span style=\"color: #161a1e;\"><span style=\"font-family: HelveticaNeue;\"><span style=\"font-size: medium;\"><b> intestato a Target Lab Ets.<\/b><\/span><\/span><\/span><\/strong><\/p>\n<p align=\"JUSTIFY\"><strong><span style=\"color: #161a1e;\"><span style=\"font-family: HelveticaNeue;\"><span style=\"font-size: medium;\"><b>Le donazioni liberali sono detraibili in sede di dichiarazione dei redditi.<\/b><\/span><\/span><\/span><\/strong><\/p>\n<p align=\"JUSTIFY\"><strong><span style=\"color: #ff0000;\"><span style=\"font-family: Times New Roman, serif;\"><span style=\"font-size: large;\"><b>Devolvi il 5xmille nella prossima dichiarazione dei redditi a Target Lab Ets<\/b><\/span><\/span><\/span><\/strong> <strong><span style=\"color: #000000;\"><span style=\"font-family: Times New Roman, serif;\"><span style=\"font-size: large;\"><b>inserendo il <\/b><\/span><\/span><\/span><\/strong><strong><span style=\"color: #ff0000;\"><span style=\"font-family: Times New Roman, serif;\"><span style=\"font-size: large;\"><b>CF : 96498910585<\/b><\/span><\/span><\/span><\/strong> <strong><span style=\"color: #000000;\"><span style=\"font-family: Times New Roman, serif;\"><span style=\"font-size: large;\"><b>riquadro Enti Terzo Settore e Aps per finanziare futuri progetti fotografici a ricaduta sociale<\/b><\/span><\/span><\/span><\/strong><\/p>\n","protected":false},"excerpt":{"rendered":"<div class=\"mh-excerpt\"><p>&#8220;La foto del giorno&#8221;\u00a0di sabato 18 gennaio 2025 dal titolo &#8220;Help punk to get Drunk\u00a0&#8220; \u00e8 di Deborah Italia. Invia la tua foto del giorno al whats app 3714413442 Il commento \u201cAnarchia, nichilismo, il corpo <a class=\"mh-excerpt-more\" href=\"https:\/\/www.romaoggi.eu\/index.php\/2025\/01\/18\/la-foto-del-giorno-help-punk-to-get-drunk-e-di-deborah-italia-commento-di-giuditta-godano\/\" title=\"La foto del giorno: &#8220;Help punk to get Drunk\u00a0&#8221; \u00e8 di Deborah Italia &#8211; commento di Giuditta Godano\">[&#8230;]<\/a><\/p>\n<\/div>","protected":false},"author":17,"featured_media":38107,"comment_status":"closed","ping_status":"open","sticky":false,"template":"","format":"standard","meta":{"_sitemap_exclude":false,"_sitemap_priority":"","_sitemap_frequency":"","footnotes":""},"categories":[8934],"tags":[14999,14994,14912,17683,17705,17685,17704,17686,17687,274,17678,10420,17688,17689,17690,14763,17691,17692,17693,6889,1738,17694,16078,17695,15567,17684],"class_list":["post-38103","post","type-post","status-publish","format-standard","has-post-thumbnail","hentry","category-lafotodelgiorno","tag-art","tag-photo","tag-photography","tag-all_shots","tag-camden-town-london","tag-composition","tag-deborah-italia","tag-exposure","tag-focus","tag-fotografia","tag-giuditta-godano","tag-la-foto-del-giorno","tag-photooftheday","tag-photos","tag-pic","tag-picoftheday","tag-pics","tag-picture","tag-pictures","tag-punk","tag-romaoggi-eu","tag-snapshot","tag-storytelling","tag-tagsforlikes","tag-target-lab-ets","tag-tecnicafotografica"],"yoast_head":"<!-- This site is optimized with the Yoast SEO plugin v27.5 - https:\/\/yoast.com\/product\/yoast-seo-wordpress\/ -->\n<title>La foto del giorno: &quot;Help punk to get Drunk\u00a0&quot; \u00e8 di Deborah Italia - commento di Giuditta Godano<\/title>\n<meta name=\"description\" content=\"&quot;La foto del giorno&quot;\u00a0di sabato 18 gennaio 2025 dal titolo &quot;Help punk to get Drunk\u00a0&quot; \u00e8 di Deborah Italia. Invia la tua foto del giorno al whats app\" \/>\n<meta name=\"robots\" content=\"index, follow, max-snippet:-1, max-image-preview:large, max-video-preview:-1\" \/>\n<link rel=\"canonical\" href=\"https:\/\/www.romaoggi.eu\/index.php\/2025\/01\/18\/la-foto-del-giorno-help-punk-to-get-drunk-e-di-deborah-italia-commento-di-giuditta-godano\/\" \/>\n<meta property=\"og:locale\" content=\"it_IT\" \/>\n<meta property=\"og:type\" content=\"article\" \/>\n<meta property=\"og:title\" content=\"La foto del giorno: &quot;Help punk to get Drunk\u00a0&quot; \u00e8 di Deborah Italia - commento di Giuditta Godano\" \/>\n<meta property=\"og:description\" content=\"&quot;La foto del giorno&quot;\u00a0di sabato 18 gennaio 2025 dal titolo &quot;Help punk to get Drunk\u00a0&quot; \u00e8 di Deborah Italia. Invia la tua foto del giorno al whats app\" \/>\n<meta property=\"og:url\" content=\"https:\/\/www.romaoggi.eu\/index.php\/2025\/01\/18\/la-foto-del-giorno-help-punk-to-get-drunk-e-di-deborah-italia-commento-di-giuditta-godano\/\" \/>\n<meta property=\"og:site_name\" content=\"roma oggi\" \/>\n<meta property=\"article:publisher\" content=\"https:\/\/www.facebook.com\/RomaOggi-841544845954114\" \/>\n<meta property=\"article:published_time\" content=\"2025-01-17T23:03:55+00:00\" \/>\n<meta property=\"article:modified_time\" content=\"2025-01-19T20:17:12+00:00\" \/>\n<meta property=\"og:image\" content=\"https:\/\/www.romaoggi.eu\/wp-content\/uploads\/2025\/01\/Photo0291-orizz-credito-Deborah-Italia-Punk-PHOTO-2025-01-13-09-01-34-copia.jpg\" \/>\n\t<meta property=\"og:image:width\" content=\"1360\" \/>\n\t<meta property=\"og:image:height\" content=\"1021\" \/>\n\t<meta property=\"og:image:type\" content=\"image\/jpeg\" \/>\n<meta name=\"author\" content=\"Target Lab Ets\" \/>\n<meta name=\"twitter:card\" content=\"summary_large_image\" \/>\n<meta name=\"twitter:creator\" content=\"@romaoggi_eu\" \/>\n<meta name=\"twitter:site\" content=\"@romaoggi_eu\" \/>\n<meta name=\"twitter:label1\" content=\"Scritto da\" \/>\n\t<meta name=\"twitter:data1\" content=\"Target Lab Ets\" \/>\n\t<meta name=\"twitter:label2\" content=\"Tempo di lettura stimato\" \/>\n\t<meta name=\"twitter:data2\" content=\"3 minuti\" \/>\n<script type=\"application\/ld+json\" class=\"yoast-schema-graph\">{\"@context\":\"https:\\\/\\\/schema.org\",\"@graph\":[{\"@type\":\"Article\",\"@id\":\"https:\\\/\\\/www.romaoggi.eu\\\/index.php\\\/2025\\\/01\\\/18\\\/la-foto-del-giorno-help-punk-to-get-drunk-e-di-deborah-italia-commento-di-giuditta-godano\\\/#article\",\"isPartOf\":{\"@id\":\"https:\\\/\\\/www.romaoggi.eu\\\/index.php\\\/2025\\\/01\\\/18\\\/la-foto-del-giorno-help-punk-to-get-drunk-e-di-deborah-italia-commento-di-giuditta-godano\\\/\"},\"author\":{\"name\":\"Target Lab Ets\",\"@id\":\"https:\\\/\\\/www.romaoggi.eu\\\/#\\\/schema\\\/person\\\/72b8cfc6de60caeb335267c8e21d90fb\"},\"headline\":\"La foto del giorno: &#8220;Help punk to get Drunk\u00a0&#8221; \u00e8 di Deborah Italia &#8211; commento di Giuditta Godano\",\"datePublished\":\"2025-01-17T23:03:55+00:00\",\"dateModified\":\"2025-01-19T20:17:12+00:00\",\"mainEntityOfPage\":{\"@id\":\"https:\\\/\\\/www.romaoggi.eu\\\/index.php\\\/2025\\\/01\\\/18\\\/la-foto-del-giorno-help-punk-to-get-drunk-e-di-deborah-italia-commento-di-giuditta-godano\\\/\"},\"wordCount\":341,\"publisher\":{\"@id\":\"https:\\\/\\\/www.romaoggi.eu\\\/#organization\"},\"image\":{\"@id\":\"https:\\\/\\\/www.romaoggi.eu\\\/index.php\\\/2025\\\/01\\\/18\\\/la-foto-del-giorno-help-punk-to-get-drunk-e-di-deborah-italia-commento-di-giuditta-godano\\\/#primaryimage\"},\"thumbnailUrl\":\"https:\\\/\\\/www.romaoggi.eu\\\/wp-content\\\/uploads\\\/2025\\\/01\\\/Photo0291-orizz-credito-Deborah-Italia-Punk-PHOTO-2025-01-13-09-01-34-copia.jpg\",\"keywords\":[\"#art\",\"#photo\",\"#photography\",\"all_shots\",\"CAMDEN TOWN London\",\"composition\",\"Deborah Italia\",\"exposure\",\"focus\",\"fotografia\",\"Giuditta Godano\",\"La foto del giorno\",\"photooftheday\",\"photos\",\"pic\",\"picoftheday\",\"pics\",\"picture\",\"pictures\",\"punk\",\"RomaOggi.eu\",\"snapshot\",\"storytelling\",\"TagsForLikes\",\"target lab ets\",\"tecnicafotografica\"],\"articleSection\":[\"La foto del giorno\"],\"inLanguage\":\"it-IT\"},{\"@type\":\"WebPage\",\"@id\":\"https:\\\/\\\/www.romaoggi.eu\\\/index.php\\\/2025\\\/01\\\/18\\\/la-foto-del-giorno-help-punk-to-get-drunk-e-di-deborah-italia-commento-di-giuditta-godano\\\/\",\"url\":\"https:\\\/\\\/www.romaoggi.eu\\\/index.php\\\/2025\\\/01\\\/18\\\/la-foto-del-giorno-help-punk-to-get-drunk-e-di-deborah-italia-commento-di-giuditta-godano\\\/\",\"name\":\"La foto del giorno: \\\"Help punk to get Drunk\u00a0\\\" \u00e8 di Deborah Italia - commento di Giuditta Godano\",\"isPartOf\":{\"@id\":\"https:\\\/\\\/www.romaoggi.eu\\\/#website\"},\"primaryImageOfPage\":{\"@id\":\"https:\\\/\\\/www.romaoggi.eu\\\/index.php\\\/2025\\\/01\\\/18\\\/la-foto-del-giorno-help-punk-to-get-drunk-e-di-deborah-italia-commento-di-giuditta-godano\\\/#primaryimage\"},\"image\":{\"@id\":\"https:\\\/\\\/www.romaoggi.eu\\\/index.php\\\/2025\\\/01\\\/18\\\/la-foto-del-giorno-help-punk-to-get-drunk-e-di-deborah-italia-commento-di-giuditta-godano\\\/#primaryimage\"},\"thumbnailUrl\":\"https:\\\/\\\/www.romaoggi.eu\\\/wp-content\\\/uploads\\\/2025\\\/01\\\/Photo0291-orizz-credito-Deborah-Italia-Punk-PHOTO-2025-01-13-09-01-34-copia.jpg\",\"datePublished\":\"2025-01-17T23:03:55+00:00\",\"dateModified\":\"2025-01-19T20:17:12+00:00\",\"description\":\"\\\"La foto del giorno\\\"\u00a0di sabato 18 gennaio 2025 dal titolo \\\"Help punk to get Drunk\u00a0\\\" \u00e8 di Deborah Italia. Invia la tua foto del giorno al whats app\",\"breadcrumb\":{\"@id\":\"https:\\\/\\\/www.romaoggi.eu\\\/index.php\\\/2025\\\/01\\\/18\\\/la-foto-del-giorno-help-punk-to-get-drunk-e-di-deborah-italia-commento-di-giuditta-godano\\\/#breadcrumb\"},\"inLanguage\":\"it-IT\",\"potentialAction\":[{\"@type\":\"ReadAction\",\"target\":[\"https:\\\/\\\/www.romaoggi.eu\\\/index.php\\\/2025\\\/01\\\/18\\\/la-foto-del-giorno-help-punk-to-get-drunk-e-di-deborah-italia-commento-di-giuditta-godano\\\/\"]}]},{\"@type\":\"ImageObject\",\"inLanguage\":\"it-IT\",\"@id\":\"https:\\\/\\\/www.romaoggi.eu\\\/index.php\\\/2025\\\/01\\\/18\\\/la-foto-del-giorno-help-punk-to-get-drunk-e-di-deborah-italia-commento-di-giuditta-godano\\\/#primaryimage\",\"url\":\"https:\\\/\\\/www.romaoggi.eu\\\/wp-content\\\/uploads\\\/2025\\\/01\\\/Photo0291-orizz-credito-Deborah-Italia-Punk-PHOTO-2025-01-13-09-01-34-copia.jpg\",\"contentUrl\":\"https:\\\/\\\/www.romaoggi.eu\\\/wp-content\\\/uploads\\\/2025\\\/01\\\/Photo0291-orizz-credito-Deborah-Italia-Punk-PHOTO-2025-01-13-09-01-34-copia.jpg\",\"width\":1360,\"height\":1021,\"caption\":\"Help punk to get Drunk \u00a9 Deborah Italia\"},{\"@type\":\"BreadcrumbList\",\"@id\":\"https:\\\/\\\/www.romaoggi.eu\\\/index.php\\\/2025\\\/01\\\/18\\\/la-foto-del-giorno-help-punk-to-get-drunk-e-di-deborah-italia-commento-di-giuditta-godano\\\/#breadcrumb\",\"itemListElement\":[{\"@type\":\"ListItem\",\"position\":1,\"name\":\"Home\",\"item\":\"https:\\\/\\\/www.romaoggi.eu\\\/\"},{\"@type\":\"ListItem\",\"position\":2,\"name\":\"La foto del giorno: &#8220;Help punk to get Drunk\u00a0&#8221; \u00e8 di Deborah Italia &#8211; commento di Giuditta Godano\"}]},{\"@type\":\"WebSite\",\"@id\":\"https:\\\/\\\/www.romaoggi.eu\\\/#website\",\"url\":\"https:\\\/\\\/www.romaoggi.eu\\\/\",\"name\":\"roma oggi\",\"description\":\"Interesting News for Interesting people\",\"publisher\":{\"@id\":\"https:\\\/\\\/www.romaoggi.eu\\\/#organization\"},\"potentialAction\":[{\"@type\":\"SearchAction\",\"target\":{\"@type\":\"EntryPoint\",\"urlTemplate\":\"https:\\\/\\\/www.romaoggi.eu\\\/?s={search_term_string}\"},\"query-input\":{\"@type\":\"PropertyValueSpecification\",\"valueRequired\":true,\"valueName\":\"search_term_string\"}}],\"inLanguage\":\"it-IT\"},{\"@type\":\"Organization\",\"@id\":\"https:\\\/\\\/www.romaoggi.eu\\\/#organization\",\"name\":\"RomaOggi\",\"url\":\"https:\\\/\\\/www.romaoggi.eu\\\/\",\"logo\":{\"@type\":\"ImageObject\",\"inLanguage\":\"it-IT\",\"@id\":\"https:\\\/\\\/www.romaoggi.eu\\\/#\\\/schema\\\/logo\\\/image\\\/\",\"url\":\"https:\\\/\\\/www.romaoggi.eu\\\/wp-content\\\/uploads\\\/2017\\\/04\\\/logowp.jpg\",\"contentUrl\":\"https:\\\/\\\/www.romaoggi.eu\\\/wp-content\\\/uploads\\\/2017\\\/04\\\/logowp.jpg\",\"width\":300,\"height\":133,\"caption\":\"RomaOggi\"},\"image\":{\"@id\":\"https:\\\/\\\/www.romaoggi.eu\\\/#\\\/schema\\\/logo\\\/image\\\/\"},\"sameAs\":[\"https:\\\/\\\/www.facebook.com\\\/RomaOggi-841544845954114\",\"https:\\\/\\\/x.com\\\/romaoggi_eu\"]},{\"@type\":\"Person\",\"@id\":\"https:\\\/\\\/www.romaoggi.eu\\\/#\\\/schema\\\/person\\\/72b8cfc6de60caeb335267c8e21d90fb\",\"name\":\"Target Lab Ets\",\"image\":{\"@type\":\"ImageObject\",\"inLanguage\":\"it-IT\",\"@id\":\"https:\\\/\\\/secure.gravatar.com\\\/avatar\\\/ab64fd266889a629b0e9e6ab56209e379c2a89cfda303941ee9621d4090292d1?s=96&d=mm&r=g\",\"url\":\"https:\\\/\\\/secure.gravatar.com\\\/avatar\\\/ab64fd266889a629b0e9e6ab56209e379c2a89cfda303941ee9621d4090292d1?s=96&d=mm&r=g\",\"contentUrl\":\"https:\\\/\\\/secure.gravatar.com\\\/avatar\\\/ab64fd266889a629b0e9e6ab56209e379c2a89cfda303941ee9621d4090292d1?s=96&d=mm&r=g\",\"caption\":\"Target Lab Ets\"},\"sameAs\":[\"http:\\\/\\\/www.targetlab.org\"],\"url\":\"https:\\\/\\\/www.romaoggi.eu\\\/index.php\\\/author\\\/isfc\\\/\"}]}<\/script>\n<!-- \/ Yoast SEO plugin. -->","yoast_head_json":{"title":"La foto del giorno: \"Help punk to get Drunk\u00a0\" \u00e8 di Deborah Italia - commento di Giuditta Godano","description":"\"La foto del giorno\"\u00a0di sabato 18 gennaio 2025 dal titolo \"Help punk to get Drunk\u00a0\" \u00e8 di Deborah Italia. Invia la tua foto del giorno al whats app","robots":{"index":"index","follow":"follow","max-snippet":"max-snippet:-1","max-image-preview":"max-image-preview:large","max-video-preview":"max-video-preview:-1"},"canonical":"https:\/\/www.romaoggi.eu\/index.php\/2025\/01\/18\/la-foto-del-giorno-help-punk-to-get-drunk-e-di-deborah-italia-commento-di-giuditta-godano\/","og_locale":"it_IT","og_type":"article","og_title":"La foto del giorno: \"Help punk to get Drunk\u00a0\" \u00e8 di Deborah Italia - commento di Giuditta Godano","og_description":"\"La foto del giorno\"\u00a0di sabato 18 gennaio 2025 dal titolo \"Help punk to get Drunk\u00a0\" \u00e8 di Deborah Italia. Invia la tua foto del giorno al whats app","og_url":"https:\/\/www.romaoggi.eu\/index.php\/2025\/01\/18\/la-foto-del-giorno-help-punk-to-get-drunk-e-di-deborah-italia-commento-di-giuditta-godano\/","og_site_name":"roma oggi","article_publisher":"https:\/\/www.facebook.com\/RomaOggi-841544845954114","article_published_time":"2025-01-17T23:03:55+00:00","article_modified_time":"2025-01-19T20:17:12+00:00","og_image":[{"width":1360,"height":1021,"url":"https:\/\/www.romaoggi.eu\/wp-content\/uploads\/2025\/01\/Photo0291-orizz-credito-Deborah-Italia-Punk-PHOTO-2025-01-13-09-01-34-copia.jpg","type":"image\/jpeg"}],"author":"Target Lab Ets","twitter_card":"summary_large_image","twitter_creator":"@romaoggi_eu","twitter_site":"@romaoggi_eu","twitter_misc":{"Scritto da":"Target Lab Ets","Tempo di lettura stimato":"3 minuti"},"schema":{"@context":"https:\/\/schema.org","@graph":[{"@type":"Article","@id":"https:\/\/www.romaoggi.eu\/index.php\/2025\/01\/18\/la-foto-del-giorno-help-punk-to-get-drunk-e-di-deborah-italia-commento-di-giuditta-godano\/#article","isPartOf":{"@id":"https:\/\/www.romaoggi.eu\/index.php\/2025\/01\/18\/la-foto-del-giorno-help-punk-to-get-drunk-e-di-deborah-italia-commento-di-giuditta-godano\/"},"author":{"name":"Target Lab Ets","@id":"https:\/\/www.romaoggi.eu\/#\/schema\/person\/72b8cfc6de60caeb335267c8e21d90fb"},"headline":"La foto del giorno: &#8220;Help punk to get Drunk\u00a0&#8221; \u00e8 di Deborah Italia &#8211; commento di Giuditta Godano","datePublished":"2025-01-17T23:03:55+00:00","dateModified":"2025-01-19T20:17:12+00:00","mainEntityOfPage":{"@id":"https:\/\/www.romaoggi.eu\/index.php\/2025\/01\/18\/la-foto-del-giorno-help-punk-to-get-drunk-e-di-deborah-italia-commento-di-giuditta-godano\/"},"wordCount":341,"publisher":{"@id":"https:\/\/www.romaoggi.eu\/#organization"},"image":{"@id":"https:\/\/www.romaoggi.eu\/index.php\/2025\/01\/18\/la-foto-del-giorno-help-punk-to-get-drunk-e-di-deborah-italia-commento-di-giuditta-godano\/#primaryimage"},"thumbnailUrl":"https:\/\/www.romaoggi.eu\/wp-content\/uploads\/2025\/01\/Photo0291-orizz-credito-Deborah-Italia-Punk-PHOTO-2025-01-13-09-01-34-copia.jpg","keywords":["#art","#photo","#photography","all_shots","CAMDEN TOWN London","composition","Deborah Italia","exposure","focus","fotografia","Giuditta Godano","La foto del giorno","photooftheday","photos","pic","picoftheday","pics","picture","pictures","punk","RomaOggi.eu","snapshot","storytelling","TagsForLikes","target lab ets","tecnicafotografica"],"articleSection":["La foto del giorno"],"inLanguage":"it-IT"},{"@type":"WebPage","@id":"https:\/\/www.romaoggi.eu\/index.php\/2025\/01\/18\/la-foto-del-giorno-help-punk-to-get-drunk-e-di-deborah-italia-commento-di-giuditta-godano\/","url":"https:\/\/www.romaoggi.eu\/index.php\/2025\/01\/18\/la-foto-del-giorno-help-punk-to-get-drunk-e-di-deborah-italia-commento-di-giuditta-godano\/","name":"La foto del giorno: \"Help punk to get Drunk\u00a0\" \u00e8 di Deborah Italia - commento di Giuditta Godano","isPartOf":{"@id":"https:\/\/www.romaoggi.eu\/#website"},"primaryImageOfPage":{"@id":"https:\/\/www.romaoggi.eu\/index.php\/2025\/01\/18\/la-foto-del-giorno-help-punk-to-get-drunk-e-di-deborah-italia-commento-di-giuditta-godano\/#primaryimage"},"image":{"@id":"https:\/\/www.romaoggi.eu\/index.php\/2025\/01\/18\/la-foto-del-giorno-help-punk-to-get-drunk-e-di-deborah-italia-commento-di-giuditta-godano\/#primaryimage"},"thumbnailUrl":"https:\/\/www.romaoggi.eu\/wp-content\/uploads\/2025\/01\/Photo0291-orizz-credito-Deborah-Italia-Punk-PHOTO-2025-01-13-09-01-34-copia.jpg","datePublished":"2025-01-17T23:03:55+00:00","dateModified":"2025-01-19T20:17:12+00:00","description":"\"La foto del giorno\"\u00a0di sabato 18 gennaio 2025 dal titolo \"Help punk to get Drunk\u00a0\" \u00e8 di Deborah Italia. Invia la tua foto del giorno al whats app","breadcrumb":{"@id":"https:\/\/www.romaoggi.eu\/index.php\/2025\/01\/18\/la-foto-del-giorno-help-punk-to-get-drunk-e-di-deborah-italia-commento-di-giuditta-godano\/#breadcrumb"},"inLanguage":"it-IT","potentialAction":[{"@type":"ReadAction","target":["https:\/\/www.romaoggi.eu\/index.php\/2025\/01\/18\/la-foto-del-giorno-help-punk-to-get-drunk-e-di-deborah-italia-commento-di-giuditta-godano\/"]}]},{"@type":"ImageObject","inLanguage":"it-IT","@id":"https:\/\/www.romaoggi.eu\/index.php\/2025\/01\/18\/la-foto-del-giorno-help-punk-to-get-drunk-e-di-deborah-italia-commento-di-giuditta-godano\/#primaryimage","url":"https:\/\/www.romaoggi.eu\/wp-content\/uploads\/2025\/01\/Photo0291-orizz-credito-Deborah-Italia-Punk-PHOTO-2025-01-13-09-01-34-copia.jpg","contentUrl":"https:\/\/www.romaoggi.eu\/wp-content\/uploads\/2025\/01\/Photo0291-orizz-credito-Deborah-Italia-Punk-PHOTO-2025-01-13-09-01-34-copia.jpg","width":1360,"height":1021,"caption":"Help punk to get Drunk \u00a9 Deborah Italia"},{"@type":"BreadcrumbList","@id":"https:\/\/www.romaoggi.eu\/index.php\/2025\/01\/18\/la-foto-del-giorno-help-punk-to-get-drunk-e-di-deborah-italia-commento-di-giuditta-godano\/#breadcrumb","itemListElement":[{"@type":"ListItem","position":1,"name":"Home","item":"https:\/\/www.romaoggi.eu\/"},{"@type":"ListItem","position":2,"name":"La foto del giorno: &#8220;Help punk to get Drunk\u00a0&#8221; \u00e8 di Deborah Italia &#8211; commento di Giuditta Godano"}]},{"@type":"WebSite","@id":"https:\/\/www.romaoggi.eu\/#website","url":"https:\/\/www.romaoggi.eu\/","name":"roma oggi","description":"Interesting News for Interesting people","publisher":{"@id":"https:\/\/www.romaoggi.eu\/#organization"},"potentialAction":[{"@type":"SearchAction","target":{"@type":"EntryPoint","urlTemplate":"https:\/\/www.romaoggi.eu\/?s={search_term_string}"},"query-input":{"@type":"PropertyValueSpecification","valueRequired":true,"valueName":"search_term_string"}}],"inLanguage":"it-IT"},{"@type":"Organization","@id":"https:\/\/www.romaoggi.eu\/#organization","name":"RomaOggi","url":"https:\/\/www.romaoggi.eu\/","logo":{"@type":"ImageObject","inLanguage":"it-IT","@id":"https:\/\/www.romaoggi.eu\/#\/schema\/logo\/image\/","url":"https:\/\/www.romaoggi.eu\/wp-content\/uploads\/2017\/04\/logowp.jpg","contentUrl":"https:\/\/www.romaoggi.eu\/wp-content\/uploads\/2017\/04\/logowp.jpg","width":300,"height":133,"caption":"RomaOggi"},"image":{"@id":"https:\/\/www.romaoggi.eu\/#\/schema\/logo\/image\/"},"sameAs":["https:\/\/www.facebook.com\/RomaOggi-841544845954114","https:\/\/x.com\/romaoggi_eu"]},{"@type":"Person","@id":"https:\/\/www.romaoggi.eu\/#\/schema\/person\/72b8cfc6de60caeb335267c8e21d90fb","name":"Target Lab Ets","image":{"@type":"ImageObject","inLanguage":"it-IT","@id":"https:\/\/secure.gravatar.com\/avatar\/ab64fd266889a629b0e9e6ab56209e379c2a89cfda303941ee9621d4090292d1?s=96&d=mm&r=g","url":"https:\/\/secure.gravatar.com\/avatar\/ab64fd266889a629b0e9e6ab56209e379c2a89cfda303941ee9621d4090292d1?s=96&d=mm&r=g","contentUrl":"https:\/\/secure.gravatar.com\/avatar\/ab64fd266889a629b0e9e6ab56209e379c2a89cfda303941ee9621d4090292d1?s=96&d=mm&r=g","caption":"Target Lab Ets"},"sameAs":["http:\/\/www.targetlab.org"],"url":"https:\/\/www.romaoggi.eu\/index.php\/author\/isfc\/"}]}},"_links":{"self":[{"href":"https:\/\/www.romaoggi.eu\/index.php\/wp-json\/wp\/v2\/posts\/38103","targetHints":{"allow":["GET"]}}],"collection":[{"href":"https:\/\/www.romaoggi.eu\/index.php\/wp-json\/wp\/v2\/posts"}],"about":[{"href":"https:\/\/www.romaoggi.eu\/index.php\/wp-json\/wp\/v2\/types\/post"}],"author":[{"embeddable":true,"href":"https:\/\/www.romaoggi.eu\/index.php\/wp-json\/wp\/v2\/users\/17"}],"replies":[{"embeddable":true,"href":"https:\/\/www.romaoggi.eu\/index.php\/wp-json\/wp\/v2\/comments?post=38103"}],"version-history":[{"count":4,"href":"https:\/\/www.romaoggi.eu\/index.php\/wp-json\/wp\/v2\/posts\/38103\/revisions"}],"predecessor-version":[{"id":38136,"href":"https:\/\/www.romaoggi.eu\/index.php\/wp-json\/wp\/v2\/posts\/38103\/revisions\/38136"}],"wp:featuredmedia":[{"embeddable":true,"href":"https:\/\/www.romaoggi.eu\/index.php\/wp-json\/wp\/v2\/media\/38107"}],"wp:attachment":[{"href":"https:\/\/www.romaoggi.eu\/index.php\/wp-json\/wp\/v2\/media?parent=38103"}],"wp:term":[{"taxonomy":"category","embeddable":true,"href":"https:\/\/www.romaoggi.eu\/index.php\/wp-json\/wp\/v2\/categories?post=38103"},{"taxonomy":"post_tag","embeddable":true,"href":"https:\/\/www.romaoggi.eu\/index.php\/wp-json\/wp\/v2\/tags?post=38103"}],"curies":[{"name":"wp","href":"https:\/\/api.w.org\/{rel}","templated":true}]}}