{"id":38445,"date":"2025-02-25T19:44:28","date_gmt":"2025-02-25T18:44:28","guid":{"rendered":"https:\/\/www.romaoggi.eu\/?p=38445"},"modified":"2025-02-25T19:44:28","modified_gmt":"2025-02-25T18:44:28","slug":"giubileo-del-mondo-della-comunicazione-di-irene-cinardi","status":"publish","type":"post","link":"https:\/\/www.romaoggi.eu\/index.php\/2025\/02\/25\/giubileo-del-mondo-della-comunicazione-di-irene-cinardi\/","title":{"rendered":"Giubileo del Mondo della Comunicazione di Irene Cinardi"},"content":{"rendered":"<p align=\"JUSTIFY\"><span style=\"font-family: Times New Roman, serif\"><span style=\"font-size: medium\"><span style=\"color: #252525\">Il 2025 \u00e8 ormai entrato nelle vite di tutti noi e con s\u00e9 ha portato il tanto atteso Giubileo, anche detto Giubileo della Speranza, svoltosi nella Capitale d&#8217;Italia, Roma, per molti considerata la Capitale del mondo. <\/span><\/span><\/span><\/p>\n<p align=\"JUSTIFY\"><span style=\"font-family: Times New Roman, serif\"><span style=\"font-size: medium\"><span style=\"color: #252525\">Il venticinquesimo Giubileo universale ordinario della storia della Chiesa cattolica sta vedendo, di volta in volta, la presenza di turisti e credenti provenienti da ogni angolo del mondo. Famiglie, gruppi, fedeli, ognuno con l&#8217;obiettivo di celebrare la santit\u00e0 e tutto ci\u00f2 che ne consegue. Molte le preghiere che accompagnano il credo pi\u00f9 sentito dei pellegrini. Iniziato il 24 gennaio 2024 il secondo Giubileo di Papa Francesco vedr\u00e0 la sua conclusione il 6 gennaio 2026; questo anno \u00e8 rivolto alla riconciliazione e al rinnovamento spirituale, concedendo cos\u00ec ai fedeli la remissione dei propri peccati e parenti defunti. <\/span><\/span><\/span><\/p>\n<p align=\"JUSTIFY\"><span style=\"font-family: Times New Roman, serif\"><span style=\"font-size: medium\"><span style=\"color: #252525\">L&#8217;Anno Santo \u00e8 iniziato con il primo mese dell&#8217;anno dedicato al Giubileo del Mondo della Comunicazione e le figure professionali che ne fanno parte: giornalisti, operatori dei media, dirigenti e direttori di testate, videomaker, grafici, copywriter, tecnici audio, social media manager e fotografi. Tre giorni, 24, 25 e 26 gennaio, di eventi a tema e meeting di carattere culturale e spirituale. <\/span><\/span><\/span><\/p>\n<p align=\"JUSTIFY\"><span style=\"font-family: Times New Roman, serif\"><span style=\"font-size: medium\"><span style=\"color: #252525\"><em>&#8220;Sono contento di questo Giubileo dei comunicatori. Il vostro lavoro \u00e8 un lavoro che costruisce: costruisce la societ\u00e0, costruisce la Chiesa, fa andare avanti tutti, a patto che sia vero. Comunicare quello che fa Dio con il Figlio, e la comunicazione di Dio con il Figlio e lo Spirito Santo. Comunicare una cosa divina. Grazie di quello che voi fate&#8221;<\/em>, queste le prime parole colme di saggezza e amore del Santo Padre dichiarate all&#8217;interno dell&#8217;Aula Paolo VI.<\/span><\/span><\/span><\/p>\n<p align=\"JUSTIFY\"><span style=\"font-family: Times New Roman, serif\"><span style=\"font-size: medium\"><span style=\"color: #252525\">Sui volti dei partecipanti impressa, indipendentemente dal proprio credo, la grande ammirazione nei confronti del Santo Padre che con la sua semplicit\u00e0 nel corso degli anni \u00e8 riuscito ad avvicinare tanti giovani.<\/span><\/span><\/span><\/p>\n<p style=\"text-align: right\" align=\"JUSTIFY\"><span style=\"font-family: Times New Roman, serif\"><span style=\"font-size: medium\"><span style=\"color: #252525\"><b>Irene Cinardi<\/b><\/span><\/span><\/span><\/p>\n<figure id=\"attachment_38443\" aria-describedby=\"caption-attachment-38443\" style=\"width: 691px\" class=\"wp-caption alignnone\"><img loading=\"lazy\" decoding=\"async\" class=\" wp-image-38443\" src=\"https:\/\/www.romaoggi.eu\/wp-content\/uploads\/2025\/02\/foto-irene-cinardi-papa-2-199x300.png\" alt=\"alt tag Giubileo del mondo della comunicazione\" width=\"691\" height=\"1042\" \/><figcaption id=\"caption-attachment-38443\" class=\"wp-caption-text\"><strong>Papa Francesco &#8211; foto di Irene Cinardi<\/strong><\/figcaption><\/figure>\n<p align=\"LEFT\"><strong>Irene Cinardi nota bio<\/strong><\/p>\n<p align=\"LEFT\">Ho 25 anni e sono di Marino (Castelli Romani). Frequento la facolt\u00e0 di Scienze della Comunicazione presso Tor Vergata. Sono iscritta all&#8217;Albo Nazionale dell&#8217;Ordine dei giornalisti pubblicisti della Regione Lazio da maggio 2024.Durante gli anni ho conseguito varie certificazioni nel campo della comunicazione, tra cui: Social Media Manager, SEO Copywriter e Public Management.<\/p>\n<p style=\"text-align: left\" align=\"LEFT\">La passione per la comunicazione mi ha portata anche alle immagini, infatti mi dedico alla fotografia, ambiente che mi ha dato modo di partecipare a varie mostre fotografiche svolte a Roma.<\/p>\n<p align=\"LEFT\">La mia ambizione e l\u2019entusiasmo con cui mi approccio al settore del giornalismo hanno contribuito a farmi conoscere molte persone professionali\u00a0dell&#8217;ambiente,\u00a0aggiungendo\u00a0valore\u00a0alla\u00a0passione\u00a0che\u00a0ho\u00a0per\u00a0la\u00a0comunicazione.<\/p>\n<p><span style=\"color: #ff0000\"><strong>Pubblicato da Alessandro Lisci &#8211; Target LAb Ets &#8211; infoline 3316379346<\/strong><\/span><\/p>\n<figure id=\"attachment_38442\" aria-describedby=\"caption-attachment-38442\" style=\"width: 782px\" class=\"wp-caption alignnone\"><img loading=\"lazy\" decoding=\"async\" class=\" wp-image-38442\" src=\"https:\/\/www.romaoggi.eu\/wp-content\/uploads\/2025\/02\/foto-irene-cinardi-la-processione-300x199.png\" alt=\"alt tag Giubileo del mondo della comunicazione\" width=\"782\" height=\"519\" srcset=\"https:\/\/www.romaoggi.eu\/wp-content\/uploads\/2025\/02\/foto-irene-cinardi-la-processione-300x199.png 300w, https:\/\/www.romaoggi.eu\/wp-content\/uploads\/2025\/02\/foto-irene-cinardi-la-processione.png 1023w\" sizes=\"auto, (max-width: 782px) 100vw, 782px\" \/><figcaption id=\"caption-attachment-38442\" class=\"wp-caption-text\"><strong>La processione &#8211; foto di Irene Cinardi<\/strong><\/figcaption><\/figure>\n<p>&nbsp;<\/p>\n<figure id=\"attachment_38438\" aria-describedby=\"caption-attachment-38438\" style=\"width: 712px\" class=\"wp-caption alignnone\"><img loading=\"lazy\" decoding=\"async\" class=\" wp-image-38438\" src=\"https:\/\/www.romaoggi.eu\/wp-content\/uploads\/2025\/02\/foto-irene-cinardi-carabinieri-300x199.png\" alt=\"alt tag Giubileo del mondo della comunicazione\" width=\"712\" height=\"472\" srcset=\"https:\/\/www.romaoggi.eu\/wp-content\/uploads\/2025\/02\/foto-irene-cinardi-carabinieri-300x199.png 300w, https:\/\/www.romaoggi.eu\/wp-content\/uploads\/2025\/02\/foto-irene-cinardi-carabinieri.png 1023w\" sizes=\"auto, (max-width: 712px) 100vw, 712px\" \/><figcaption id=\"caption-attachment-38438\" class=\"wp-caption-text\"><strong>Traffico intenso in via della Conciliazione &#8211; foto di Irene Cinardi<\/strong><\/figcaption><\/figure>\n<p>&nbsp;<\/p>\n<figure id=\"attachment_38440\" aria-describedby=\"caption-attachment-38440\" style=\"width: 742px\" class=\"wp-caption alignnone\"><img loading=\"lazy\" decoding=\"async\" class=\" wp-image-38440\" src=\"https:\/\/www.romaoggi.eu\/wp-content\/uploads\/2025\/02\/foto-irene-cinardi-felicita-sacra-300x199.png\" alt=\"alt tag Giubileo del mondo della comunicazione\" width=\"742\" height=\"492\" srcset=\"https:\/\/www.romaoggi.eu\/wp-content\/uploads\/2025\/02\/foto-irene-cinardi-felicita-sacra-300x199.png 300w, https:\/\/www.romaoggi.eu\/wp-content\/uploads\/2025\/02\/foto-irene-cinardi-felicita-sacra.png 1023w\" sizes=\"auto, (max-width: 742px) 100vw, 742px\" \/><figcaption id=\"caption-attachment-38440\" class=\"wp-caption-text\"><strong>Felicit\u00e0 sacra &#8211; foto di Irene Cinardi<\/strong><\/figcaption><\/figure>\n<p>&nbsp;<\/p>\n<figure id=\"attachment_38439\" aria-describedby=\"caption-attachment-38439\" style=\"width: 740px\" class=\"wp-caption alignnone\"><img loading=\"lazy\" decoding=\"async\" class=\" wp-image-38439\" src=\"https:\/\/www.romaoggi.eu\/wp-content\/uploads\/2025\/02\/foto-irene-cinardi-fedeli-a-passeggio-300x199.png\" alt=\"alt tag Giubileo del mondo della comunicazione\" width=\"740\" height=\"491\" srcset=\"https:\/\/www.romaoggi.eu\/wp-content\/uploads\/2025\/02\/foto-irene-cinardi-fedeli-a-passeggio-300x199.png 300w, https:\/\/www.romaoggi.eu\/wp-content\/uploads\/2025\/02\/foto-irene-cinardi-fedeli-a-passeggio.png 1023w\" sizes=\"auto, (max-width: 740px) 100vw, 740px\" \/><figcaption id=\"caption-attachment-38439\" class=\"wp-caption-text\"><strong>Fedeli a passeggio &#8211; foto di Irene Cinardi<\/strong><\/figcaption><\/figure>\n<p>&nbsp;<\/p>\n<figure id=\"attachment_38444\" aria-describedby=\"caption-attachment-38444\" style=\"width: 764px\" class=\"wp-caption alignnone\"><img loading=\"lazy\" decoding=\"async\" class=\" wp-image-38444\" src=\"https:\/\/www.romaoggi.eu\/wp-content\/uploads\/2025\/02\/foto-Irene-Cinardi-street-food-300x199.png\" alt=\"alt tag Giubileo del mondo della comunicazione\" width=\"764\" height=\"507\" srcset=\"https:\/\/www.romaoggi.eu\/wp-content\/uploads\/2025\/02\/foto-Irene-Cinardi-street-food-300x199.png 300w, https:\/\/www.romaoggi.eu\/wp-content\/uploads\/2025\/02\/foto-Irene-Cinardi-street-food.png 1023w\" sizes=\"auto, (max-width: 764px) 100vw, 764px\" \/><figcaption id=\"caption-attachment-38444\" class=\"wp-caption-text\"><strong>Street food per le vie di Roma &#8211; foto di Irene Cinardi<\/strong><\/figcaption><\/figure>\n<p>&nbsp;<\/p>\n<figure id=\"attachment_38441\" aria-describedby=\"caption-attachment-38441\" style=\"width: 743px\" class=\"wp-caption alignnone\"><img loading=\"lazy\" decoding=\"async\" class=\" wp-image-38441\" src=\"https:\/\/www.romaoggi.eu\/wp-content\/uploads\/2025\/02\/foto-irene-cinardi-il-credo-300x199.png\" alt=\"alt tag Giubileo del mondo della comunicazione\" width=\"743\" height=\"493\" srcset=\"https:\/\/www.romaoggi.eu\/wp-content\/uploads\/2025\/02\/foto-irene-cinardi-il-credo-300x199.png 300w, https:\/\/www.romaoggi.eu\/wp-content\/uploads\/2025\/02\/foto-irene-cinardi-il-credo-1024x678.png 1024w, https:\/\/www.romaoggi.eu\/wp-content\/uploads\/2025\/02\/foto-irene-cinardi-il-credo.png 1027w\" sizes=\"auto, (max-width: 743px) 100vw, 743px\" \/><figcaption id=\"caption-attachment-38441\" class=\"wp-caption-text\"><strong>Il credo &#8211; foto di Irene Cinardi<\/strong><\/figcaption><\/figure>\n","protected":false},"excerpt":{"rendered":"<div class=\"mh-excerpt\"><p>Il 2025 \u00e8 ormai entrato nelle vite di tutti noi e con s\u00e9 ha portato il tanto atteso Giubileo, anche detto Giubileo della Speranza, svoltosi nella Capitale d&#8217;Italia, Roma, per molti considerata la Capitale del <a class=\"mh-excerpt-more\" href=\"https:\/\/www.romaoggi.eu\/index.php\/2025\/02\/25\/giubileo-del-mondo-della-comunicazione-di-irene-cinardi\/\" title=\"Giubileo del Mondo della Comunicazione di Irene Cinardi\">[&#8230;]<\/a><\/p>\n<\/div>","protected":false},"author":17,"featured_media":38447,"comment_status":"closed","ping_status":"open","sticky":false,"template":"","format":"standard","meta":{"_sitemap_exclude":false,"_sitemap_priority":"","_sitemap_frequency":"","footnotes":""},"categories":[522],"tags":[17822,17823,17821,17800,2702,1738,15567,17824],"class_list":["post-38445","post","type-post","status-publish","format-standard","has-post-thumbnail","hentry","category-attualita","tag-anno-santo-2025","tag-giubileo-del-mondo-della-comunicazione","tag-giubileo-della-speranza","tag-irene-cinardi","tag-papa-francesco","tag-romaoggi-eu","tag-target-lab-ets","tag-vaticano-alessandro-lisci"],"yoast_head":"<!-- This site is optimized with the Yoast SEO plugin v27.5 - https:\/\/yoast.com\/product\/yoast-seo-wordpress\/ -->\n<title>Giubileo del Mondo della Comunicazione di Irene Cinardi<\/title>\n<meta name=\"description\" content=\"Il 2025 \u00e8 ormai entrato nelle vite di tutti noi e con s\u00e9 ha portato il tanto atteso Giubileo, anche detto Giubileo della Speranza, svoltosi nella Capitale\" \/>\n<meta name=\"robots\" content=\"index, follow, max-snippet:-1, max-image-preview:large, max-video-preview:-1\" \/>\n<link rel=\"canonical\" href=\"https:\/\/www.romaoggi.eu\/index.php\/2025\/02\/25\/giubileo-del-mondo-della-comunicazione-di-irene-cinardi\/\" \/>\n<meta property=\"og:locale\" content=\"it_IT\" \/>\n<meta property=\"og:type\" content=\"article\" \/>\n<meta property=\"og:title\" content=\"Giubileo del Mondo della Comunicazione di Irene Cinardi\" \/>\n<meta property=\"og:description\" content=\"Il 2025 \u00e8 ormai entrato nelle vite di tutti noi e con s\u00e9 ha portato il tanto atteso Giubileo, anche detto Giubileo della Speranza, svoltosi nella Capitale\" \/>\n<meta property=\"og:url\" content=\"https:\/\/www.romaoggi.eu\/index.php\/2025\/02\/25\/giubileo-del-mondo-della-comunicazione-di-irene-cinardi\/\" \/>\n<meta property=\"og:site_name\" content=\"roma oggi\" \/>\n<meta property=\"article:publisher\" content=\"https:\/\/www.facebook.com\/RomaOggi-841544845954114\" \/>\n<meta property=\"article:published_time\" content=\"2025-02-25T18:44:28+00:00\" \/>\n<meta property=\"og:image\" content=\"https:\/\/www.romaoggi.eu\/wp-content\/uploads\/2025\/02\/Suora-foto-di-Irene-Cinardi.jpeg\" \/>\n\t<meta property=\"og:image:width\" content=\"1600\" \/>\n\t<meta property=\"og:image:height\" content=\"1063\" \/>\n\t<meta property=\"og:image:type\" content=\"image\/jpeg\" \/>\n<meta name=\"author\" content=\"Target Lab Ets\" \/>\n<meta name=\"twitter:card\" content=\"summary_large_image\" \/>\n<meta name=\"twitter:creator\" content=\"@romaoggi_eu\" \/>\n<meta name=\"twitter:site\" content=\"@romaoggi_eu\" \/>\n<meta name=\"twitter:label1\" content=\"Scritto da\" \/>\n\t<meta name=\"twitter:data1\" content=\"Target Lab Ets\" \/>\n\t<meta name=\"twitter:label2\" content=\"Tempo di lettura stimato\" \/>\n\t<meta name=\"twitter:data2\" content=\"5 minuti\" \/>\n<script type=\"application\/ld+json\" class=\"yoast-schema-graph\">{\"@context\":\"https:\\\/\\\/schema.org\",\"@graph\":[{\"@type\":\"Article\",\"@id\":\"https:\\\/\\\/www.romaoggi.eu\\\/index.php\\\/2025\\\/02\\\/25\\\/giubileo-del-mondo-della-comunicazione-di-irene-cinardi\\\/#article\",\"isPartOf\":{\"@id\":\"https:\\\/\\\/www.romaoggi.eu\\\/index.php\\\/2025\\\/02\\\/25\\\/giubileo-del-mondo-della-comunicazione-di-irene-cinardi\\\/\"},\"author\":{\"name\":\"Target Lab Ets\",\"@id\":\"https:\\\/\\\/www.romaoggi.eu\\\/#\\\/schema\\\/person\\\/72b8cfc6de60caeb335267c8e21d90fb\"},\"headline\":\"Giubileo del Mondo della Comunicazione di Irene Cinardi\",\"datePublished\":\"2025-02-25T18:44:28+00:00\",\"mainEntityOfPage\":{\"@id\":\"https:\\\/\\\/www.romaoggi.eu\\\/index.php\\\/2025\\\/02\\\/25\\\/giubileo-del-mondo-della-comunicazione-di-irene-cinardi\\\/\"},\"wordCount\":550,\"publisher\":{\"@id\":\"https:\\\/\\\/www.romaoggi.eu\\\/#organization\"},\"image\":{\"@id\":\"https:\\\/\\\/www.romaoggi.eu\\\/index.php\\\/2025\\\/02\\\/25\\\/giubileo-del-mondo-della-comunicazione-di-irene-cinardi\\\/#primaryimage\"},\"thumbnailUrl\":\"https:\\\/\\\/www.romaoggi.eu\\\/wp-content\\\/uploads\\\/2025\\\/02\\\/Suora-foto-di-Irene-Cinardi.jpeg\",\"keywords\":[\"Anno santo 2025\",\"Giubileo del MOndo della Comunicazione\",\"Giubileo della Speranza\",\"Irene Cinardi\",\"Papa Francesco\",\"RomaOggi.eu\",\"target lab ets\",\"Vaticano Alessandro Lisci\"],\"articleSection\":[\"attualit\u00e0\"],\"inLanguage\":\"it-IT\"},{\"@type\":\"WebPage\",\"@id\":\"https:\\\/\\\/www.romaoggi.eu\\\/index.php\\\/2025\\\/02\\\/25\\\/giubileo-del-mondo-della-comunicazione-di-irene-cinardi\\\/\",\"url\":\"https:\\\/\\\/www.romaoggi.eu\\\/index.php\\\/2025\\\/02\\\/25\\\/giubileo-del-mondo-della-comunicazione-di-irene-cinardi\\\/\",\"name\":\"Giubileo del Mondo della Comunicazione di Irene Cinardi\",\"isPartOf\":{\"@id\":\"https:\\\/\\\/www.romaoggi.eu\\\/#website\"},\"primaryImageOfPage\":{\"@id\":\"https:\\\/\\\/www.romaoggi.eu\\\/index.php\\\/2025\\\/02\\\/25\\\/giubileo-del-mondo-della-comunicazione-di-irene-cinardi\\\/#primaryimage\"},\"image\":{\"@id\":\"https:\\\/\\\/www.romaoggi.eu\\\/index.php\\\/2025\\\/02\\\/25\\\/giubileo-del-mondo-della-comunicazione-di-irene-cinardi\\\/#primaryimage\"},\"thumbnailUrl\":\"https:\\\/\\\/www.romaoggi.eu\\\/wp-content\\\/uploads\\\/2025\\\/02\\\/Suora-foto-di-Irene-Cinardi.jpeg\",\"datePublished\":\"2025-02-25T18:44:28+00:00\",\"description\":\"Il 2025 \u00e8 ormai entrato nelle vite di tutti noi e con s\u00e9 ha portato il tanto atteso Giubileo, anche detto Giubileo della Speranza, svoltosi nella Capitale\",\"breadcrumb\":{\"@id\":\"https:\\\/\\\/www.romaoggi.eu\\\/index.php\\\/2025\\\/02\\\/25\\\/giubileo-del-mondo-della-comunicazione-di-irene-cinardi\\\/#breadcrumb\"},\"inLanguage\":\"it-IT\",\"potentialAction\":[{\"@type\":\"ReadAction\",\"target\":[\"https:\\\/\\\/www.romaoggi.eu\\\/index.php\\\/2025\\\/02\\\/25\\\/giubileo-del-mondo-della-comunicazione-di-irene-cinardi\\\/\"]}]},{\"@type\":\"ImageObject\",\"inLanguage\":\"it-IT\",\"@id\":\"https:\\\/\\\/www.romaoggi.eu\\\/index.php\\\/2025\\\/02\\\/25\\\/giubileo-del-mondo-della-comunicazione-di-irene-cinardi\\\/#primaryimage\",\"url\":\"https:\\\/\\\/www.romaoggi.eu\\\/wp-content\\\/uploads\\\/2025\\\/02\\\/Suora-foto-di-Irene-Cinardi.jpeg\",\"contentUrl\":\"https:\\\/\\\/www.romaoggi.eu\\\/wp-content\\\/uploads\\\/2025\\\/02\\\/Suora-foto-di-Irene-Cinardi.jpeg\",\"width\":1600,\"height\":1063,\"caption\":\"Giubileo dei comunicatori - foto di Irene Cinardi\"},{\"@type\":\"BreadcrumbList\",\"@id\":\"https:\\\/\\\/www.romaoggi.eu\\\/index.php\\\/2025\\\/02\\\/25\\\/giubileo-del-mondo-della-comunicazione-di-irene-cinardi\\\/#breadcrumb\",\"itemListElement\":[{\"@type\":\"ListItem\",\"position\":1,\"name\":\"Home\",\"item\":\"https:\\\/\\\/www.romaoggi.eu\\\/\"},{\"@type\":\"ListItem\",\"position\":2,\"name\":\"Giubileo del Mondo della Comunicazione di Irene Cinardi\"}]},{\"@type\":\"WebSite\",\"@id\":\"https:\\\/\\\/www.romaoggi.eu\\\/#website\",\"url\":\"https:\\\/\\\/www.romaoggi.eu\\\/\",\"name\":\"roma oggi\",\"description\":\"Interesting News for Interesting people\",\"publisher\":{\"@id\":\"https:\\\/\\\/www.romaoggi.eu\\\/#organization\"},\"potentialAction\":[{\"@type\":\"SearchAction\",\"target\":{\"@type\":\"EntryPoint\",\"urlTemplate\":\"https:\\\/\\\/www.romaoggi.eu\\\/?s={search_term_string}\"},\"query-input\":{\"@type\":\"PropertyValueSpecification\",\"valueRequired\":true,\"valueName\":\"search_term_string\"}}],\"inLanguage\":\"it-IT\"},{\"@type\":\"Organization\",\"@id\":\"https:\\\/\\\/www.romaoggi.eu\\\/#organization\",\"name\":\"RomaOggi\",\"url\":\"https:\\\/\\\/www.romaoggi.eu\\\/\",\"logo\":{\"@type\":\"ImageObject\",\"inLanguage\":\"it-IT\",\"@id\":\"https:\\\/\\\/www.romaoggi.eu\\\/#\\\/schema\\\/logo\\\/image\\\/\",\"url\":\"https:\\\/\\\/www.romaoggi.eu\\\/wp-content\\\/uploads\\\/2017\\\/04\\\/logowp.jpg\",\"contentUrl\":\"https:\\\/\\\/www.romaoggi.eu\\\/wp-content\\\/uploads\\\/2017\\\/04\\\/logowp.jpg\",\"width\":300,\"height\":133,\"caption\":\"RomaOggi\"},\"image\":{\"@id\":\"https:\\\/\\\/www.romaoggi.eu\\\/#\\\/schema\\\/logo\\\/image\\\/\"},\"sameAs\":[\"https:\\\/\\\/www.facebook.com\\\/RomaOggi-841544845954114\",\"https:\\\/\\\/x.com\\\/romaoggi_eu\"]},{\"@type\":\"Person\",\"@id\":\"https:\\\/\\\/www.romaoggi.eu\\\/#\\\/schema\\\/person\\\/72b8cfc6de60caeb335267c8e21d90fb\",\"name\":\"Target Lab Ets\",\"image\":{\"@type\":\"ImageObject\",\"inLanguage\":\"it-IT\",\"@id\":\"https:\\\/\\\/secure.gravatar.com\\\/avatar\\\/ab64fd266889a629b0e9e6ab56209e379c2a89cfda303941ee9621d4090292d1?s=96&d=mm&r=g\",\"url\":\"https:\\\/\\\/secure.gravatar.com\\\/avatar\\\/ab64fd266889a629b0e9e6ab56209e379c2a89cfda303941ee9621d4090292d1?s=96&d=mm&r=g\",\"contentUrl\":\"https:\\\/\\\/secure.gravatar.com\\\/avatar\\\/ab64fd266889a629b0e9e6ab56209e379c2a89cfda303941ee9621d4090292d1?s=96&d=mm&r=g\",\"caption\":\"Target Lab Ets\"},\"sameAs\":[\"http:\\\/\\\/www.targetlab.org\"],\"url\":\"https:\\\/\\\/www.romaoggi.eu\\\/index.php\\\/author\\\/isfc\\\/\"}]}<\/script>\n<!-- \/ Yoast SEO plugin. -->","yoast_head_json":{"title":"Giubileo del Mondo della Comunicazione di Irene Cinardi","description":"Il 2025 \u00e8 ormai entrato nelle vite di tutti noi e con s\u00e9 ha portato il tanto atteso Giubileo, anche detto Giubileo della Speranza, svoltosi nella Capitale","robots":{"index":"index","follow":"follow","max-snippet":"max-snippet:-1","max-image-preview":"max-image-preview:large","max-video-preview":"max-video-preview:-1"},"canonical":"https:\/\/www.romaoggi.eu\/index.php\/2025\/02\/25\/giubileo-del-mondo-della-comunicazione-di-irene-cinardi\/","og_locale":"it_IT","og_type":"article","og_title":"Giubileo del Mondo della Comunicazione di Irene Cinardi","og_description":"Il 2025 \u00e8 ormai entrato nelle vite di tutti noi e con s\u00e9 ha portato il tanto atteso Giubileo, anche detto Giubileo della Speranza, svoltosi nella Capitale","og_url":"https:\/\/www.romaoggi.eu\/index.php\/2025\/02\/25\/giubileo-del-mondo-della-comunicazione-di-irene-cinardi\/","og_site_name":"roma oggi","article_publisher":"https:\/\/www.facebook.com\/RomaOggi-841544845954114","article_published_time":"2025-02-25T18:44:28+00:00","og_image":[{"width":1600,"height":1063,"url":"https:\/\/www.romaoggi.eu\/wp-content\/uploads\/2025\/02\/Suora-foto-di-Irene-Cinardi.jpeg","type":"image\/jpeg"}],"author":"Target Lab Ets","twitter_card":"summary_large_image","twitter_creator":"@romaoggi_eu","twitter_site":"@romaoggi_eu","twitter_misc":{"Scritto da":"Target Lab Ets","Tempo di lettura stimato":"5 minuti"},"schema":{"@context":"https:\/\/schema.org","@graph":[{"@type":"Article","@id":"https:\/\/www.romaoggi.eu\/index.php\/2025\/02\/25\/giubileo-del-mondo-della-comunicazione-di-irene-cinardi\/#article","isPartOf":{"@id":"https:\/\/www.romaoggi.eu\/index.php\/2025\/02\/25\/giubileo-del-mondo-della-comunicazione-di-irene-cinardi\/"},"author":{"name":"Target Lab Ets","@id":"https:\/\/www.romaoggi.eu\/#\/schema\/person\/72b8cfc6de60caeb335267c8e21d90fb"},"headline":"Giubileo del Mondo della Comunicazione di Irene Cinardi","datePublished":"2025-02-25T18:44:28+00:00","mainEntityOfPage":{"@id":"https:\/\/www.romaoggi.eu\/index.php\/2025\/02\/25\/giubileo-del-mondo-della-comunicazione-di-irene-cinardi\/"},"wordCount":550,"publisher":{"@id":"https:\/\/www.romaoggi.eu\/#organization"},"image":{"@id":"https:\/\/www.romaoggi.eu\/index.php\/2025\/02\/25\/giubileo-del-mondo-della-comunicazione-di-irene-cinardi\/#primaryimage"},"thumbnailUrl":"https:\/\/www.romaoggi.eu\/wp-content\/uploads\/2025\/02\/Suora-foto-di-Irene-Cinardi.jpeg","keywords":["Anno santo 2025","Giubileo del MOndo della Comunicazione","Giubileo della Speranza","Irene Cinardi","Papa Francesco","RomaOggi.eu","target lab ets","Vaticano Alessandro Lisci"],"articleSection":["attualit\u00e0"],"inLanguage":"it-IT"},{"@type":"WebPage","@id":"https:\/\/www.romaoggi.eu\/index.php\/2025\/02\/25\/giubileo-del-mondo-della-comunicazione-di-irene-cinardi\/","url":"https:\/\/www.romaoggi.eu\/index.php\/2025\/02\/25\/giubileo-del-mondo-della-comunicazione-di-irene-cinardi\/","name":"Giubileo del Mondo della Comunicazione di Irene Cinardi","isPartOf":{"@id":"https:\/\/www.romaoggi.eu\/#website"},"primaryImageOfPage":{"@id":"https:\/\/www.romaoggi.eu\/index.php\/2025\/02\/25\/giubileo-del-mondo-della-comunicazione-di-irene-cinardi\/#primaryimage"},"image":{"@id":"https:\/\/www.romaoggi.eu\/index.php\/2025\/02\/25\/giubileo-del-mondo-della-comunicazione-di-irene-cinardi\/#primaryimage"},"thumbnailUrl":"https:\/\/www.romaoggi.eu\/wp-content\/uploads\/2025\/02\/Suora-foto-di-Irene-Cinardi.jpeg","datePublished":"2025-02-25T18:44:28+00:00","description":"Il 2025 \u00e8 ormai entrato nelle vite di tutti noi e con s\u00e9 ha portato il tanto atteso Giubileo, anche detto Giubileo della Speranza, svoltosi nella Capitale","breadcrumb":{"@id":"https:\/\/www.romaoggi.eu\/index.php\/2025\/02\/25\/giubileo-del-mondo-della-comunicazione-di-irene-cinardi\/#breadcrumb"},"inLanguage":"it-IT","potentialAction":[{"@type":"ReadAction","target":["https:\/\/www.romaoggi.eu\/index.php\/2025\/02\/25\/giubileo-del-mondo-della-comunicazione-di-irene-cinardi\/"]}]},{"@type":"ImageObject","inLanguage":"it-IT","@id":"https:\/\/www.romaoggi.eu\/index.php\/2025\/02\/25\/giubileo-del-mondo-della-comunicazione-di-irene-cinardi\/#primaryimage","url":"https:\/\/www.romaoggi.eu\/wp-content\/uploads\/2025\/02\/Suora-foto-di-Irene-Cinardi.jpeg","contentUrl":"https:\/\/www.romaoggi.eu\/wp-content\/uploads\/2025\/02\/Suora-foto-di-Irene-Cinardi.jpeg","width":1600,"height":1063,"caption":"Giubileo dei comunicatori - foto di Irene Cinardi"},{"@type":"BreadcrumbList","@id":"https:\/\/www.romaoggi.eu\/index.php\/2025\/02\/25\/giubileo-del-mondo-della-comunicazione-di-irene-cinardi\/#breadcrumb","itemListElement":[{"@type":"ListItem","position":1,"name":"Home","item":"https:\/\/www.romaoggi.eu\/"},{"@type":"ListItem","position":2,"name":"Giubileo del Mondo della Comunicazione di Irene Cinardi"}]},{"@type":"WebSite","@id":"https:\/\/www.romaoggi.eu\/#website","url":"https:\/\/www.romaoggi.eu\/","name":"roma oggi","description":"Interesting News for Interesting people","publisher":{"@id":"https:\/\/www.romaoggi.eu\/#organization"},"potentialAction":[{"@type":"SearchAction","target":{"@type":"EntryPoint","urlTemplate":"https:\/\/www.romaoggi.eu\/?s={search_term_string}"},"query-input":{"@type":"PropertyValueSpecification","valueRequired":true,"valueName":"search_term_string"}}],"inLanguage":"it-IT"},{"@type":"Organization","@id":"https:\/\/www.romaoggi.eu\/#organization","name":"RomaOggi","url":"https:\/\/www.romaoggi.eu\/","logo":{"@type":"ImageObject","inLanguage":"it-IT","@id":"https:\/\/www.romaoggi.eu\/#\/schema\/logo\/image\/","url":"https:\/\/www.romaoggi.eu\/wp-content\/uploads\/2017\/04\/logowp.jpg","contentUrl":"https:\/\/www.romaoggi.eu\/wp-content\/uploads\/2017\/04\/logowp.jpg","width":300,"height":133,"caption":"RomaOggi"},"image":{"@id":"https:\/\/www.romaoggi.eu\/#\/schema\/logo\/image\/"},"sameAs":["https:\/\/www.facebook.com\/RomaOggi-841544845954114","https:\/\/x.com\/romaoggi_eu"]},{"@type":"Person","@id":"https:\/\/www.romaoggi.eu\/#\/schema\/person\/72b8cfc6de60caeb335267c8e21d90fb","name":"Target Lab Ets","image":{"@type":"ImageObject","inLanguage":"it-IT","@id":"https:\/\/secure.gravatar.com\/avatar\/ab64fd266889a629b0e9e6ab56209e379c2a89cfda303941ee9621d4090292d1?s=96&d=mm&r=g","url":"https:\/\/secure.gravatar.com\/avatar\/ab64fd266889a629b0e9e6ab56209e379c2a89cfda303941ee9621d4090292d1?s=96&d=mm&r=g","contentUrl":"https:\/\/secure.gravatar.com\/avatar\/ab64fd266889a629b0e9e6ab56209e379c2a89cfda303941ee9621d4090292d1?s=96&d=mm&r=g","caption":"Target Lab Ets"},"sameAs":["http:\/\/www.targetlab.org"],"url":"https:\/\/www.romaoggi.eu\/index.php\/author\/isfc\/"}]}},"_links":{"self":[{"href":"https:\/\/www.romaoggi.eu\/index.php\/wp-json\/wp\/v2\/posts\/38445","targetHints":{"allow":["GET"]}}],"collection":[{"href":"https:\/\/www.romaoggi.eu\/index.php\/wp-json\/wp\/v2\/posts"}],"about":[{"href":"https:\/\/www.romaoggi.eu\/index.php\/wp-json\/wp\/v2\/types\/post"}],"author":[{"embeddable":true,"href":"https:\/\/www.romaoggi.eu\/index.php\/wp-json\/wp\/v2\/users\/17"}],"replies":[{"embeddable":true,"href":"https:\/\/www.romaoggi.eu\/index.php\/wp-json\/wp\/v2\/comments?post=38445"}],"version-history":[{"count":7,"href":"https:\/\/www.romaoggi.eu\/index.php\/wp-json\/wp\/v2\/posts\/38445\/revisions"}],"predecessor-version":[{"id":38454,"href":"https:\/\/www.romaoggi.eu\/index.php\/wp-json\/wp\/v2\/posts\/38445\/revisions\/38454"}],"wp:featuredmedia":[{"embeddable":true,"href":"https:\/\/www.romaoggi.eu\/index.php\/wp-json\/wp\/v2\/media\/38447"}],"wp:attachment":[{"href":"https:\/\/www.romaoggi.eu\/index.php\/wp-json\/wp\/v2\/media?parent=38445"}],"wp:term":[{"taxonomy":"category","embeddable":true,"href":"https:\/\/www.romaoggi.eu\/index.php\/wp-json\/wp\/v2\/categories?post=38445"},{"taxonomy":"post_tag","embeddable":true,"href":"https:\/\/www.romaoggi.eu\/index.php\/wp-json\/wp\/v2\/tags?post=38445"}],"curies":[{"name":"wp","href":"https:\/\/api.w.org\/{rel}","templated":true}]}}