{"id":38469,"date":"2025-02-27T07:04:21","date_gmt":"2025-02-27T06:04:21","guid":{"rendered":"https:\/\/www.romaoggi.eu\/?p=38469"},"modified":"2025-02-27T07:06:49","modified_gmt":"2025-02-27T06:06:49","slug":"la-foto-del-giorno-il-fumo-uccide-e-di-giuditta-godano-commento-claudio-polvanesi","status":"publish","type":"post","link":"https:\/\/www.romaoggi.eu\/index.php\/2025\/02\/27\/la-foto-del-giorno-il-fumo-uccide-e-di-giuditta-godano-commento-claudio-polvanesi\/","title":{"rendered":"La foto del giorno: &#8220;Il fumo uccide&#8221; \u00e8 di Giuditta Godano. Commento di Claudio Polvanesi"},"content":{"rendered":"<p style=\"text-align: left\" align=\"JUSTIFY\"><strong><span style=\"color: #000000\"><span style=\"font-family: Times New Roman, serif\"><span style=\"font-size: medium\">La foto del giorno<\/span><\/span><\/span><\/strong><span style=\"color: #000000\"><span style=\"font-family: Times New Roman, serif\"><span style=\"font-size: medium\"> di gioved\u00ec 27 febbraio 2025<\/span><\/span><\/span> <span style=\"color: #000000\"><span style=\"font-family: Times New Roman, serif\"><span style=\"font-size: medium\">dal titolo<\/span><\/span><\/span> <strong><span style=\"color: #000000\"><span style=\"font-family: Times New Roman, serif\"><span style=\"font-size: medium\">&#8220;<\/span><\/span><\/span><\/strong><strong><span style=\"color: #1d2228\"><span style=\"font-family: Times New Roman, serif\"><span style=\"font-size: medium\"><b>Il fumo uccide<\/b><\/span><\/span><\/span><\/strong><strong><span style=\"color: #000000\"><span style=\"font-family: Times New Roman, serif\"><span style=\"font-size: medium\">&#8220;<\/span><\/span><\/span><\/strong> <span style=\"color: #1d2228\"><span style=\"font-family: Times New Roman, serif\"><span style=\"font-size: medium\">\u00e8 di <\/span><\/span><\/span><span style=\"color: #1d2228\"><span style=\"font-family: Times New Roman, serif\"><span style=\"font-size: medium\"><b>Giuditta Godano<\/b><\/span><\/span><\/span><span style=\"color: #1d2228\"><span style=\"font-family: Times New Roman, serif\"><span style=\"font-size: medium\"><b>, <\/b><\/span><\/span><\/span><span style=\"color: #1d2228\"><span style=\"font-family: Times New Roman, serif\"><span style=\"font-size: medium\">commento di <\/span><\/span><\/span><span style=\"color: #1d2228\"><span style=\"font-family: Times New Roman, serif\"><span style=\"font-size: medium\"><b>Claudio Polvanesi<\/b><\/span><\/span><\/span><span style=\"color: #000000\"><span style=\"font-family: Times New Roman, serif\"><span style=\"font-size: medium\">. Rubrica a cura di Alessandro Lisci. <\/span><\/span><\/span><strong><span style=\"color: #000000\"><span style=\"font-family: Times New Roman, serif\"><span style=\"font-size: medium\">Invia la tua foto del giorno al<\/span><\/span><\/span><\/strong><strong><span style=\"color: #000000\"><span style=\"font-family: Times New Roman, serif\"><span style=\"font-size: medium\"> whats app 3316379346 o <\/span><\/span><\/span><\/strong><strong><span style=\"color: #000000\"><span style=\"font-family: Times New Roman, serif\"><span style=\"font-size: medium\">alla mail<\/span><\/span><\/span><\/strong> <strong><a href=\"mailto:alessandrolisci@yahoo.it\"><span style=\"font-size: medium\">alessandrolisci@yahoo.it<\/span><\/a><\/strong><strong><span style=\"color: #000000\"><span style=\"font-family: Times New Roman, serif\"><span style=\"font-size: medium\">. <\/span><\/span><\/span><\/strong><\/p>\n<p align=\"JUSTIFY\"><strong><span style=\"color: #000000\"><span style=\"font-family: Times New Roman, serif\"><span style=\"font-size: medium\">Il commento <\/span><\/span><\/span><\/strong><\/p>\n<p align=\"JUSTIFY\"><span style=\"color: #1d2228\">\u201c<span style=\"font-size: medium\"><span style=\"font-family: Times New Roman, serif\">Che l\u2019immagine valga pi\u00f9 di mille parole \u00e8 un adagio usato in molteplici occasioni, vuoi per esigenze di sintesi vuoi per maggior chiarezza espositiva. Sarebbe pressoch\u00e9 impensabile se la pubblicit\u00e0 fosse solo testuale senza un\u2019immagine o un video che promuova il prodotto o il servizio.<br \/>\nIn una societ\u00e0 come quella attuale, da pi\u00f9 parti definita dell\u2019immagine, la potenza comunicativa delle immagini stesse, fortemente amplificata dai social e dalla rete, trova terreno fertile in molti campi di applicazione per trasferire messaggi.<br \/>\nNon sempre per\u00f2 questi messaggi vengono recepiti nel modo adeguato: alcuni anni fa alle frasi dissuasive, gi\u00e0 di per s\u00e9 molto forti e dirette che comparivano sui pacchetti di sigarette, vennero affiancate immagini shock per rafforzare il concetto della nocivit\u00e0 del fumo.<br \/>\nIn una ricerca americana si \u00e8 scoperto che queste immagini non hanno avuto l\u2019effetto che si voleva. Le ragioni di questo fallimento potrebbero essere molteplici ed \u00e8 facile pensare che le fotografie utilizzate non erano quelle adeguate. Perch\u00e9 allora non proporre immagini pi\u00f9 soft? La fantasia dei fotografi \u00e8 a disposizione.\u201d<\/span><\/span><\/span><\/p>\n<p align=\"JUSTIFY\"><strong><span style=\"font-family: Times New Roman, serif\"><span style=\"font-size: medium\"> \u00a9 2025 Claudio Polvanesi<\/span><\/span><\/strong><\/p>\n<figure id=\"attachment_38470\" aria-describedby=\"caption-attachment-38470\" style=\"width: 735px\" class=\"wp-caption alignnone\"><img loading=\"lazy\" decoding=\"async\" class=\" wp-image-38470\" src=\"https:\/\/www.romaoggi.eu\/wp-content\/uploads\/2025\/02\/20250227-Giuditta-Godano-Il-fumo-Uccide-commenta-Claudio-Polvanesi-300x243.jpeg\" alt=\"alt tag Giuditta Godano\" width=\"735\" height=\"595\" srcset=\"https:\/\/www.romaoggi.eu\/wp-content\/uploads\/2025\/02\/20250227-Giuditta-Godano-Il-fumo-Uccide-commenta-Claudio-Polvanesi-300x243.jpeg 300w, https:\/\/www.romaoggi.eu\/wp-content\/uploads\/2025\/02\/20250227-Giuditta-Godano-Il-fumo-Uccide-commenta-Claudio-Polvanesi-1024x828.jpeg 1024w, https:\/\/www.romaoggi.eu\/wp-content\/uploads\/2025\/02\/20250227-Giuditta-Godano-Il-fumo-Uccide-commenta-Claudio-Polvanesi.jpeg 1290w\" sizes=\"auto, (max-width: 735px) 100vw, 735px\" \/><figcaption id=\"caption-attachment-38470\" class=\"wp-caption-text\"><strong>Il fumo uccide. Foto di Giuditta Godano<\/strong><\/figcaption><\/figure>\n<p align=\"JUSTIFY\"><strong><span style=\"font-family: Times New Roman, serif\"><span style=\"font-size: medium\">Claudio Polvanesi nota bio<\/span><\/span><\/strong><\/p>\n<p align=\"LEFT\"><span style=\"color: #1a1a1a\"><span style=\"font-family: Times New Roman, serif\"><span style=\"font-size: medium\">Inizia come autodidatta e affianca l\u2019esperienza fotografica all\u2019archeologia.<br \/>\nA cavallo degli anni \u201990 e 2000 \u00e8 impegnato in un progetto di ricerca archeologica in seno all\u2019Universit\u00e0 Popolare di Roma, dove ricopre il ruolo di responsabile dell\u2019archivio fotografico. Negli stessi anni porta avanti, in maniera autonoma, una documentazione fotografica sulle chiese romaniche della Sabina. Su tale progetto organizza incontri pubblici nell\u2019ambito di eventi culturali nel territorio della Sabina stessa.<br \/>\nSi specializza in fotografia di scena presso il Centro Sperimentale di Fotografia Adams di Roma.<br \/>\nGran parte della sua attivit\u00e0 fotografica \u00e8 in ambiente teatrale. Dedica molto spazio agli artisti di strada, partecipando ad alcuni tra i pi\u00f9 importanti buskers festival in qualit\u00e0 di fotografo ufficiale. Entra a far parte del laboratorio Sperimentale di fotografia e Comunicazione <\/span><\/span><\/span><span style=\"color: #1a1a1a\"><span style=\"font-family: Times New Roman, serif\"><span style=\"font-size: medium\">Target Lab ETS<\/span><\/span><\/span><span style=\"color: #1a1a1a\"><span style=\"font-family: Times New Roman, serif\"><span style=\"font-size: medium\">, dove si occupa di fotografia sociale e di reportage.<br \/>\nHa fatto parte di giurie di concorsi fotografici promossi e organizzati da <\/span><\/span><\/span><span style=\"color: #1a1a1a\"><span style=\"font-family: Times New Roman, serif\"><span style=\"font-size: medium\">Target Lab ETS<\/span><\/span><\/span><span style=\"color: #1a1a1a\"><span style=\"font-family: Times New Roman, serif\"><span style=\"font-size: medium\">.<br \/>\nAll\u2019inizio del 2024 crea, assieme ad altri 11 fotografe\/i, il Gruppo Fotografico f8 con il quale organizza progetti espositivi.<\/span><\/span><\/span><\/p>\n<p align=\"JUSTIFY\"><strong><span style=\"font-family: Times New Roman, serif\"><span style=\"font-size: medium\">Editing fotografico a cura di Alessandro Lisci &#8211; Target Lab Ets <\/span><\/span><\/strong><\/p>\n<p align=\"JUSTIFY\"><span style=\"color: #000000\"><span style=\"font-family: Times New Roman, serif\"><span style=\"font-size: medium\">La foto del giorno \u00e8 la rubrica di Alessandro Lisci \u2013 Target Lab Ets su \u00a0 <\/span><\/span><\/span><a href=\"https:\/\/www.romaoggi.eu\/\"><span style=\"color: #000080\"><span style=\"font-family: Times New Roman, serif\"><span style=\"font-size: medium\"><u>www.Romaoggi.eu<\/u><\/span><\/span><\/span><\/a><span style=\"color: #000000\"><span style=\"font-size: medium\">\u00a0<\/span><\/span><span style=\"color: #000000\"><span style=\"font-family: Times New Roman, serif\"><span style=\"font-size: medium\">.\u00a0 Invia la tua foto del giorno con un commento al whatsapp 3316379346 oppure alla seguente mail: <\/span><\/span><\/span><a href=\"mailto:alessandrolisci@yahoo.it\"><span style=\"font-size: medium\">alessandrolisci@yahoo.it<\/span><\/a><span style=\"color: #000000\"><span style=\"font-family: Times New Roman, serif\"><span style=\"font-size: medium\">.<\/span><\/span><\/span><\/p>\n<p align=\"JUSTIFY\"><span style=\"color: #000000\"><span style=\"font-family: Times New Roman, serif\"><span style=\"font-size: medium\"><b>Visita il sito: <\/b><\/span><\/span><\/span><a href=\"https:\/\/www.facebook.com\/TargetLabEts\"><span style=\"font-size: medium\">https:\/\/www.facebook.com\/TargetLabEts<\/span><\/a><\/p>\n<p align=\"JUSTIFY\"><strong><span style=\"font-family: Times New Roman, serif\"><span style=\"font-size: medium\">Visita il sito : <a href=\"http:\/\/www.alessandrolisci.com\/\">www.alessandrolisci.com<\/a><\/span><\/span><\/strong><\/p>\n<p align=\"JUSTIFY\"><strong><span style=\"color: #000000\"><span style=\"font-family: Times New Roman, serif\"><span style=\"font-size: medium\"><b>Sostieni il progetto fotografico di Target Lab Ets con una <\/b><\/span><\/span><\/span><\/strong><strong><span style=\"color: #ff0000\"><span style=\"font-family: Times New Roman, serif\"><span style=\"font-size: medium\"><b>donazione\/erogazione liberale<\/b><\/span><\/span><\/span><\/strong><strong><span style=\"color: #000000\"><span style=\"font-size: medium\"> al seguente <\/span><\/span><\/strong><strong><span style=\"color: #ff0000\"><span style=\"font-size: medium\">IBAN<\/span><\/span><\/strong> <b> <\/b><strong><span style=\"color: #ff0000\"><span style=\"font-family: HelveticaNeue\"><span style=\"font-size: medium\"><b>IT05M0306909606100000186094<\/b><\/span><\/span><\/span><\/strong><strong><span style=\"color: #161a1e\"><span style=\"font-family: HelveticaNeue\"><span style=\"font-size: medium\"><b> intestato a Target Lab Ets.<\/b><\/span><\/span><\/span><\/strong><\/p>\n<p align=\"JUSTIFY\"><strong><span style=\"color: #161a1e\"><span style=\"font-family: HelveticaNeue\"><span style=\"font-size: medium\"><b>Le donazioni liberali sono detraibili in sede di dichiarazione dei redditi.<\/b><\/span><\/span><\/span><\/strong><\/p>\n<p align=\"JUSTIFY\"><strong><span style=\"color: #ff0000\"><span style=\"font-family: Times New Roman, serif\"><span style=\"font-size: medium\"><b>Devolvi il 5xmille nella prossima dichiarazione dei redditi a Target Lab Ets<\/b><\/span><\/span><\/span><\/strong> <strong><span style=\"color: #000000\"><span style=\"font-family: Times New Roman, serif\"><span style=\"font-size: medium\"><b>inserendo il <\/b><\/span><\/span><\/span><\/strong><strong><span style=\"color: #ff0000\"><span style=\"font-family: Times New Roman, serif\"><span style=\"font-size: medium\"><b>CF : 96498910585<\/b><\/span><\/span><\/span><\/strong> <strong><span style=\"color: #000000\"><span style=\"font-family: Times New Roman, serif\"><span style=\"font-size: medium\"><b>riquadro Enti Terzo Settore e Aps per finanziare futuri progetti fotografici a ricaduta sociale<\/b><\/span><\/span><\/span><\/strong><\/p>\n<p>&nbsp;<\/p>\n","protected":false},"excerpt":{"rendered":"<div class=\"mh-excerpt\"><p>La foto del giorno di gioved\u00ec 27 febbraio 2025 dal titolo &#8220;Il fumo uccide&#8220; \u00e8 di Giuditta Godano, commento di Claudio Polvanesi. Rubrica a cura di Alessandro Lisci. Invia la tua foto del giorno al <a class=\"mh-excerpt-more\" href=\"https:\/\/www.romaoggi.eu\/index.php\/2025\/02\/27\/la-foto-del-giorno-il-fumo-uccide-e-di-giuditta-godano-commento-claudio-polvanesi\/\" title=\"La foto del giorno: &#8220;Il fumo uccide&#8221; \u00e8 di Giuditta Godano. Commento di Claudio Polvanesi\">[&#8230;]<\/a><\/p>\n<\/div>","protected":false},"author":17,"featured_media":38470,"comment_status":"closed","ping_status":"open","sticky":false,"template":"","format":"standard","meta":{"_sitemap_exclude":false,"_sitemap_priority":"","_sitemap_frequency":"","footnotes":""},"categories":[8934],"tags":[14999,14994,14912,4137,17683,14679,17685,17686,17687,274,17678,10420,17688,17689,17690,14763,17691,17692,17693,1738,17694,16078,17695,15567,17684],"class_list":["post-38469","post","type-post","status-publish","format-standard","has-post-thumbnail","hentry","category-lafotodelgiorno","tag-art","tag-photo","tag-photography","tag-alessandro-lisci","tag-all_shots","tag-claudio-polvanesi","tag-composition","tag-exposure","tag-focus","tag-fotografia","tag-giuditta-godano","tag-la-foto-del-giorno","tag-photooftheday","tag-photos","tag-pic","tag-picoftheday","tag-pics","tag-picture","tag-pictures","tag-romaoggi-eu","tag-snapshot","tag-storytelling","tag-tagsforlikes","tag-target-lab-ets","tag-tecnicafotografica"],"yoast_head":"<!-- This site is optimized with the Yoast SEO plugin v27.4 - https:\/\/yoast.com\/product\/yoast-seo-wordpress\/ -->\n<title>La foto del giorno: &quot;Il fumo uccide&quot; \u00e8 di Giuditta Godano. Commento di Claudio Polvanesi<\/title>\n<meta name=\"description\" content=\"La foto del giorno di gioved\u00ec 27 febbraio 2025 dal titolo &quot;Il fumo uccide&quot; \u00e8 di Giuditta Godano, commento di Claudio Polvanesi. Rubrica a cura di\" \/>\n<meta name=\"robots\" content=\"index, follow, max-snippet:-1, max-image-preview:large, max-video-preview:-1\" \/>\n<link rel=\"canonical\" href=\"https:\/\/www.romaoggi.eu\/index.php\/2025\/02\/27\/la-foto-del-giorno-il-fumo-uccide-e-di-giuditta-godano-commento-claudio-polvanesi\/\" \/>\n<meta property=\"og:locale\" content=\"it_IT\" \/>\n<meta property=\"og:type\" content=\"article\" \/>\n<meta property=\"og:title\" content=\"La foto del giorno: &quot;Il fumo uccide&quot; \u00e8 di Giuditta Godano. Commento di Claudio Polvanesi\" \/>\n<meta property=\"og:description\" content=\"La foto del giorno di gioved\u00ec 27 febbraio 2025 dal titolo &quot;Il fumo uccide&quot; \u00e8 di Giuditta Godano, commento di Claudio Polvanesi. Rubrica a cura di\" \/>\n<meta property=\"og:url\" content=\"https:\/\/www.romaoggi.eu\/index.php\/2025\/02\/27\/la-foto-del-giorno-il-fumo-uccide-e-di-giuditta-godano-commento-claudio-polvanesi\/\" \/>\n<meta property=\"og:site_name\" content=\"roma oggi\" \/>\n<meta property=\"article:publisher\" content=\"https:\/\/www.facebook.com\/RomaOggi-841544845954114\" \/>\n<meta property=\"article:published_time\" content=\"2025-02-27T06:04:21+00:00\" \/>\n<meta property=\"article:modified_time\" content=\"2025-02-27T06:06:49+00:00\" \/>\n<meta property=\"og:image\" content=\"https:\/\/www.romaoggi.eu\/wp-content\/uploads\/2025\/02\/20250227-Giuditta-Godano-Il-fumo-Uccide-commenta-Claudio-Polvanesi.jpeg\" \/>\n\t<meta property=\"og:image:width\" content=\"1290\" \/>\n\t<meta property=\"og:image:height\" content=\"1043\" \/>\n\t<meta property=\"og:image:type\" content=\"image\/jpeg\" \/>\n<meta name=\"author\" content=\"Target Lab Ets\" \/>\n<meta name=\"twitter:card\" content=\"summary_large_image\" \/>\n<meta name=\"twitter:creator\" content=\"@romaoggi_eu\" \/>\n<meta name=\"twitter:site\" content=\"@romaoggi_eu\" \/>\n<meta name=\"twitter:label1\" content=\"Scritto da\" \/>\n\t<meta name=\"twitter:data1\" content=\"Target Lab Ets\" \/>\n\t<meta name=\"twitter:label2\" content=\"Tempo di lettura stimato\" \/>\n\t<meta name=\"twitter:data2\" content=\"4 minuti\" \/>\n<script type=\"application\/ld+json\" class=\"yoast-schema-graph\">{\"@context\":\"https:\\\/\\\/schema.org\",\"@graph\":[{\"@type\":\"Article\",\"@id\":\"https:\\\/\\\/www.romaoggi.eu\\\/index.php\\\/2025\\\/02\\\/27\\\/la-foto-del-giorno-il-fumo-uccide-e-di-giuditta-godano-commento-claudio-polvanesi\\\/#article\",\"isPartOf\":{\"@id\":\"https:\\\/\\\/www.romaoggi.eu\\\/index.php\\\/2025\\\/02\\\/27\\\/la-foto-del-giorno-il-fumo-uccide-e-di-giuditta-godano-commento-claudio-polvanesi\\\/\"},\"author\":{\"name\":\"Target Lab Ets\",\"@id\":\"https:\\\/\\\/www.romaoggi.eu\\\/#\\\/schema\\\/person\\\/72b8cfc6de60caeb335267c8e21d90fb\"},\"headline\":\"La foto del giorno: &#8220;Il fumo uccide&#8221; \u00e8 di Giuditta Godano. Commento di Claudio Polvanesi\",\"datePublished\":\"2025-02-27T06:04:21+00:00\",\"dateModified\":\"2025-02-27T06:06:49+00:00\",\"mainEntityOfPage\":{\"@id\":\"https:\\\/\\\/www.romaoggi.eu\\\/index.php\\\/2025\\\/02\\\/27\\\/la-foto-del-giorno-il-fumo-uccide-e-di-giuditta-godano-commento-claudio-polvanesi\\\/\"},\"wordCount\":544,\"publisher\":{\"@id\":\"https:\\\/\\\/www.romaoggi.eu\\\/#organization\"},\"image\":{\"@id\":\"https:\\\/\\\/www.romaoggi.eu\\\/index.php\\\/2025\\\/02\\\/27\\\/la-foto-del-giorno-il-fumo-uccide-e-di-giuditta-godano-commento-claudio-polvanesi\\\/#primaryimage\"},\"thumbnailUrl\":\"https:\\\/\\\/www.romaoggi.eu\\\/wp-content\\\/uploads\\\/2025\\\/02\\\/20250227-Giuditta-Godano-Il-fumo-Uccide-commenta-Claudio-Polvanesi.jpeg\",\"keywords\":[\"#art\",\"#photo\",\"#photography\",\"alessandro lisci\",\"all_shots\",\"claudio polvanesi\",\"composition\",\"exposure\",\"focus\",\"fotografia\",\"Giuditta Godano\",\"La foto del giorno\",\"photooftheday\",\"photos\",\"pic\",\"picoftheday\",\"pics\",\"picture\",\"pictures\",\"RomaOggi.eu\",\"snapshot\",\"storytelling\",\"TagsForLikes\",\"target lab ets\",\"tecnicafotografica\"],\"articleSection\":[\"La foto del giorno\"],\"inLanguage\":\"it-IT\"},{\"@type\":\"WebPage\",\"@id\":\"https:\\\/\\\/www.romaoggi.eu\\\/index.php\\\/2025\\\/02\\\/27\\\/la-foto-del-giorno-il-fumo-uccide-e-di-giuditta-godano-commento-claudio-polvanesi\\\/\",\"url\":\"https:\\\/\\\/www.romaoggi.eu\\\/index.php\\\/2025\\\/02\\\/27\\\/la-foto-del-giorno-il-fumo-uccide-e-di-giuditta-godano-commento-claudio-polvanesi\\\/\",\"name\":\"La foto del giorno: \\\"Il fumo uccide\\\" \u00e8 di Giuditta Godano. Commento di Claudio Polvanesi\",\"isPartOf\":{\"@id\":\"https:\\\/\\\/www.romaoggi.eu\\\/#website\"},\"primaryImageOfPage\":{\"@id\":\"https:\\\/\\\/www.romaoggi.eu\\\/index.php\\\/2025\\\/02\\\/27\\\/la-foto-del-giorno-il-fumo-uccide-e-di-giuditta-godano-commento-claudio-polvanesi\\\/#primaryimage\"},\"image\":{\"@id\":\"https:\\\/\\\/www.romaoggi.eu\\\/index.php\\\/2025\\\/02\\\/27\\\/la-foto-del-giorno-il-fumo-uccide-e-di-giuditta-godano-commento-claudio-polvanesi\\\/#primaryimage\"},\"thumbnailUrl\":\"https:\\\/\\\/www.romaoggi.eu\\\/wp-content\\\/uploads\\\/2025\\\/02\\\/20250227-Giuditta-Godano-Il-fumo-Uccide-commenta-Claudio-Polvanesi.jpeg\",\"datePublished\":\"2025-02-27T06:04:21+00:00\",\"dateModified\":\"2025-02-27T06:06:49+00:00\",\"description\":\"La foto del giorno di gioved\u00ec 27 febbraio 2025 dal titolo \\\"Il fumo uccide\\\" \u00e8 di Giuditta Godano, commento di Claudio Polvanesi. Rubrica a cura di\",\"breadcrumb\":{\"@id\":\"https:\\\/\\\/www.romaoggi.eu\\\/index.php\\\/2025\\\/02\\\/27\\\/la-foto-del-giorno-il-fumo-uccide-e-di-giuditta-godano-commento-claudio-polvanesi\\\/#breadcrumb\"},\"inLanguage\":\"it-IT\",\"potentialAction\":[{\"@type\":\"ReadAction\",\"target\":[\"https:\\\/\\\/www.romaoggi.eu\\\/index.php\\\/2025\\\/02\\\/27\\\/la-foto-del-giorno-il-fumo-uccide-e-di-giuditta-godano-commento-claudio-polvanesi\\\/\"]}]},{\"@type\":\"ImageObject\",\"inLanguage\":\"it-IT\",\"@id\":\"https:\\\/\\\/www.romaoggi.eu\\\/index.php\\\/2025\\\/02\\\/27\\\/la-foto-del-giorno-il-fumo-uccide-e-di-giuditta-godano-commento-claudio-polvanesi\\\/#primaryimage\",\"url\":\"https:\\\/\\\/www.romaoggi.eu\\\/wp-content\\\/uploads\\\/2025\\\/02\\\/20250227-Giuditta-Godano-Il-fumo-Uccide-commenta-Claudio-Polvanesi.jpeg\",\"contentUrl\":\"https:\\\/\\\/www.romaoggi.eu\\\/wp-content\\\/uploads\\\/2025\\\/02\\\/20250227-Giuditta-Godano-Il-fumo-Uccide-commenta-Claudio-Polvanesi.jpeg\",\"width\":1290,\"height\":1043,\"caption\":\"Il fumo uccide. Foto di Giuditta Godano\"},{\"@type\":\"BreadcrumbList\",\"@id\":\"https:\\\/\\\/www.romaoggi.eu\\\/index.php\\\/2025\\\/02\\\/27\\\/la-foto-del-giorno-il-fumo-uccide-e-di-giuditta-godano-commento-claudio-polvanesi\\\/#breadcrumb\",\"itemListElement\":[{\"@type\":\"ListItem\",\"position\":1,\"name\":\"Home\",\"item\":\"https:\\\/\\\/www.romaoggi.eu\\\/\"},{\"@type\":\"ListItem\",\"position\":2,\"name\":\"La foto del giorno: &#8220;Il fumo uccide&#8221; \u00e8 di Giuditta Godano. Commento di Claudio Polvanesi\"}]},{\"@type\":\"WebSite\",\"@id\":\"https:\\\/\\\/www.romaoggi.eu\\\/#website\",\"url\":\"https:\\\/\\\/www.romaoggi.eu\\\/\",\"name\":\"roma oggi\",\"description\":\"Interesting News for Interesting people\",\"publisher\":{\"@id\":\"https:\\\/\\\/www.romaoggi.eu\\\/#organization\"},\"potentialAction\":[{\"@type\":\"SearchAction\",\"target\":{\"@type\":\"EntryPoint\",\"urlTemplate\":\"https:\\\/\\\/www.romaoggi.eu\\\/?s={search_term_string}\"},\"query-input\":{\"@type\":\"PropertyValueSpecification\",\"valueRequired\":true,\"valueName\":\"search_term_string\"}}],\"inLanguage\":\"it-IT\"},{\"@type\":\"Organization\",\"@id\":\"https:\\\/\\\/www.romaoggi.eu\\\/#organization\",\"name\":\"RomaOggi\",\"url\":\"https:\\\/\\\/www.romaoggi.eu\\\/\",\"logo\":{\"@type\":\"ImageObject\",\"inLanguage\":\"it-IT\",\"@id\":\"https:\\\/\\\/www.romaoggi.eu\\\/#\\\/schema\\\/logo\\\/image\\\/\",\"url\":\"https:\\\/\\\/www.romaoggi.eu\\\/wp-content\\\/uploads\\\/2017\\\/04\\\/logowp.jpg\",\"contentUrl\":\"https:\\\/\\\/www.romaoggi.eu\\\/wp-content\\\/uploads\\\/2017\\\/04\\\/logowp.jpg\",\"width\":300,\"height\":133,\"caption\":\"RomaOggi\"},\"image\":{\"@id\":\"https:\\\/\\\/www.romaoggi.eu\\\/#\\\/schema\\\/logo\\\/image\\\/\"},\"sameAs\":[\"https:\\\/\\\/www.facebook.com\\\/RomaOggi-841544845954114\",\"https:\\\/\\\/x.com\\\/romaoggi_eu\"]},{\"@type\":\"Person\",\"@id\":\"https:\\\/\\\/www.romaoggi.eu\\\/#\\\/schema\\\/person\\\/72b8cfc6de60caeb335267c8e21d90fb\",\"name\":\"Target Lab Ets\",\"image\":{\"@type\":\"ImageObject\",\"inLanguage\":\"it-IT\",\"@id\":\"https:\\\/\\\/secure.gravatar.com\\\/avatar\\\/ab64fd266889a629b0e9e6ab56209e379c2a89cfda303941ee9621d4090292d1?s=96&d=mm&r=g\",\"url\":\"https:\\\/\\\/secure.gravatar.com\\\/avatar\\\/ab64fd266889a629b0e9e6ab56209e379c2a89cfda303941ee9621d4090292d1?s=96&d=mm&r=g\",\"contentUrl\":\"https:\\\/\\\/secure.gravatar.com\\\/avatar\\\/ab64fd266889a629b0e9e6ab56209e379c2a89cfda303941ee9621d4090292d1?s=96&d=mm&r=g\",\"caption\":\"Target Lab Ets\"},\"sameAs\":[\"http:\\\/\\\/www.targetlab.org\"],\"url\":\"https:\\\/\\\/www.romaoggi.eu\\\/index.php\\\/author\\\/isfc\\\/\"}]}<\/script>\n<!-- \/ Yoast SEO plugin. -->","yoast_head_json":{"title":"La foto del giorno: \"Il fumo uccide\" \u00e8 di Giuditta Godano. Commento di Claudio Polvanesi","description":"La foto del giorno di gioved\u00ec 27 febbraio 2025 dal titolo \"Il fumo uccide\" \u00e8 di Giuditta Godano, commento di Claudio Polvanesi. Rubrica a cura di","robots":{"index":"index","follow":"follow","max-snippet":"max-snippet:-1","max-image-preview":"max-image-preview:large","max-video-preview":"max-video-preview:-1"},"canonical":"https:\/\/www.romaoggi.eu\/index.php\/2025\/02\/27\/la-foto-del-giorno-il-fumo-uccide-e-di-giuditta-godano-commento-claudio-polvanesi\/","og_locale":"it_IT","og_type":"article","og_title":"La foto del giorno: \"Il fumo uccide\" \u00e8 di Giuditta Godano. Commento di Claudio Polvanesi","og_description":"La foto del giorno di gioved\u00ec 27 febbraio 2025 dal titolo \"Il fumo uccide\" \u00e8 di Giuditta Godano, commento di Claudio Polvanesi. Rubrica a cura di","og_url":"https:\/\/www.romaoggi.eu\/index.php\/2025\/02\/27\/la-foto-del-giorno-il-fumo-uccide-e-di-giuditta-godano-commento-claudio-polvanesi\/","og_site_name":"roma oggi","article_publisher":"https:\/\/www.facebook.com\/RomaOggi-841544845954114","article_published_time":"2025-02-27T06:04:21+00:00","article_modified_time":"2025-02-27T06:06:49+00:00","og_image":[{"width":1290,"height":1043,"url":"https:\/\/www.romaoggi.eu\/wp-content\/uploads\/2025\/02\/20250227-Giuditta-Godano-Il-fumo-Uccide-commenta-Claudio-Polvanesi.jpeg","type":"image\/jpeg"}],"author":"Target Lab Ets","twitter_card":"summary_large_image","twitter_creator":"@romaoggi_eu","twitter_site":"@romaoggi_eu","twitter_misc":{"Scritto da":"Target Lab Ets","Tempo di lettura stimato":"4 minuti"},"schema":{"@context":"https:\/\/schema.org","@graph":[{"@type":"Article","@id":"https:\/\/www.romaoggi.eu\/index.php\/2025\/02\/27\/la-foto-del-giorno-il-fumo-uccide-e-di-giuditta-godano-commento-claudio-polvanesi\/#article","isPartOf":{"@id":"https:\/\/www.romaoggi.eu\/index.php\/2025\/02\/27\/la-foto-del-giorno-il-fumo-uccide-e-di-giuditta-godano-commento-claudio-polvanesi\/"},"author":{"name":"Target Lab Ets","@id":"https:\/\/www.romaoggi.eu\/#\/schema\/person\/72b8cfc6de60caeb335267c8e21d90fb"},"headline":"La foto del giorno: &#8220;Il fumo uccide&#8221; \u00e8 di Giuditta Godano. Commento di Claudio Polvanesi","datePublished":"2025-02-27T06:04:21+00:00","dateModified":"2025-02-27T06:06:49+00:00","mainEntityOfPage":{"@id":"https:\/\/www.romaoggi.eu\/index.php\/2025\/02\/27\/la-foto-del-giorno-il-fumo-uccide-e-di-giuditta-godano-commento-claudio-polvanesi\/"},"wordCount":544,"publisher":{"@id":"https:\/\/www.romaoggi.eu\/#organization"},"image":{"@id":"https:\/\/www.romaoggi.eu\/index.php\/2025\/02\/27\/la-foto-del-giorno-il-fumo-uccide-e-di-giuditta-godano-commento-claudio-polvanesi\/#primaryimage"},"thumbnailUrl":"https:\/\/www.romaoggi.eu\/wp-content\/uploads\/2025\/02\/20250227-Giuditta-Godano-Il-fumo-Uccide-commenta-Claudio-Polvanesi.jpeg","keywords":["#art","#photo","#photography","alessandro lisci","all_shots","claudio polvanesi","composition","exposure","focus","fotografia","Giuditta Godano","La foto del giorno","photooftheday","photos","pic","picoftheday","pics","picture","pictures","RomaOggi.eu","snapshot","storytelling","TagsForLikes","target lab ets","tecnicafotografica"],"articleSection":["La foto del giorno"],"inLanguage":"it-IT"},{"@type":"WebPage","@id":"https:\/\/www.romaoggi.eu\/index.php\/2025\/02\/27\/la-foto-del-giorno-il-fumo-uccide-e-di-giuditta-godano-commento-claudio-polvanesi\/","url":"https:\/\/www.romaoggi.eu\/index.php\/2025\/02\/27\/la-foto-del-giorno-il-fumo-uccide-e-di-giuditta-godano-commento-claudio-polvanesi\/","name":"La foto del giorno: \"Il fumo uccide\" \u00e8 di Giuditta Godano. Commento di Claudio Polvanesi","isPartOf":{"@id":"https:\/\/www.romaoggi.eu\/#website"},"primaryImageOfPage":{"@id":"https:\/\/www.romaoggi.eu\/index.php\/2025\/02\/27\/la-foto-del-giorno-il-fumo-uccide-e-di-giuditta-godano-commento-claudio-polvanesi\/#primaryimage"},"image":{"@id":"https:\/\/www.romaoggi.eu\/index.php\/2025\/02\/27\/la-foto-del-giorno-il-fumo-uccide-e-di-giuditta-godano-commento-claudio-polvanesi\/#primaryimage"},"thumbnailUrl":"https:\/\/www.romaoggi.eu\/wp-content\/uploads\/2025\/02\/20250227-Giuditta-Godano-Il-fumo-Uccide-commenta-Claudio-Polvanesi.jpeg","datePublished":"2025-02-27T06:04:21+00:00","dateModified":"2025-02-27T06:06:49+00:00","description":"La foto del giorno di gioved\u00ec 27 febbraio 2025 dal titolo \"Il fumo uccide\" \u00e8 di Giuditta Godano, commento di Claudio Polvanesi. Rubrica a cura di","breadcrumb":{"@id":"https:\/\/www.romaoggi.eu\/index.php\/2025\/02\/27\/la-foto-del-giorno-il-fumo-uccide-e-di-giuditta-godano-commento-claudio-polvanesi\/#breadcrumb"},"inLanguage":"it-IT","potentialAction":[{"@type":"ReadAction","target":["https:\/\/www.romaoggi.eu\/index.php\/2025\/02\/27\/la-foto-del-giorno-il-fumo-uccide-e-di-giuditta-godano-commento-claudio-polvanesi\/"]}]},{"@type":"ImageObject","inLanguage":"it-IT","@id":"https:\/\/www.romaoggi.eu\/index.php\/2025\/02\/27\/la-foto-del-giorno-il-fumo-uccide-e-di-giuditta-godano-commento-claudio-polvanesi\/#primaryimage","url":"https:\/\/www.romaoggi.eu\/wp-content\/uploads\/2025\/02\/20250227-Giuditta-Godano-Il-fumo-Uccide-commenta-Claudio-Polvanesi.jpeg","contentUrl":"https:\/\/www.romaoggi.eu\/wp-content\/uploads\/2025\/02\/20250227-Giuditta-Godano-Il-fumo-Uccide-commenta-Claudio-Polvanesi.jpeg","width":1290,"height":1043,"caption":"Il fumo uccide. Foto di Giuditta Godano"},{"@type":"BreadcrumbList","@id":"https:\/\/www.romaoggi.eu\/index.php\/2025\/02\/27\/la-foto-del-giorno-il-fumo-uccide-e-di-giuditta-godano-commento-claudio-polvanesi\/#breadcrumb","itemListElement":[{"@type":"ListItem","position":1,"name":"Home","item":"https:\/\/www.romaoggi.eu\/"},{"@type":"ListItem","position":2,"name":"La foto del giorno: &#8220;Il fumo uccide&#8221; \u00e8 di Giuditta Godano. Commento di Claudio Polvanesi"}]},{"@type":"WebSite","@id":"https:\/\/www.romaoggi.eu\/#website","url":"https:\/\/www.romaoggi.eu\/","name":"roma oggi","description":"Interesting News for Interesting people","publisher":{"@id":"https:\/\/www.romaoggi.eu\/#organization"},"potentialAction":[{"@type":"SearchAction","target":{"@type":"EntryPoint","urlTemplate":"https:\/\/www.romaoggi.eu\/?s={search_term_string}"},"query-input":{"@type":"PropertyValueSpecification","valueRequired":true,"valueName":"search_term_string"}}],"inLanguage":"it-IT"},{"@type":"Organization","@id":"https:\/\/www.romaoggi.eu\/#organization","name":"RomaOggi","url":"https:\/\/www.romaoggi.eu\/","logo":{"@type":"ImageObject","inLanguage":"it-IT","@id":"https:\/\/www.romaoggi.eu\/#\/schema\/logo\/image\/","url":"https:\/\/www.romaoggi.eu\/wp-content\/uploads\/2017\/04\/logowp.jpg","contentUrl":"https:\/\/www.romaoggi.eu\/wp-content\/uploads\/2017\/04\/logowp.jpg","width":300,"height":133,"caption":"RomaOggi"},"image":{"@id":"https:\/\/www.romaoggi.eu\/#\/schema\/logo\/image\/"},"sameAs":["https:\/\/www.facebook.com\/RomaOggi-841544845954114","https:\/\/x.com\/romaoggi_eu"]},{"@type":"Person","@id":"https:\/\/www.romaoggi.eu\/#\/schema\/person\/72b8cfc6de60caeb335267c8e21d90fb","name":"Target Lab Ets","image":{"@type":"ImageObject","inLanguage":"it-IT","@id":"https:\/\/secure.gravatar.com\/avatar\/ab64fd266889a629b0e9e6ab56209e379c2a89cfda303941ee9621d4090292d1?s=96&d=mm&r=g","url":"https:\/\/secure.gravatar.com\/avatar\/ab64fd266889a629b0e9e6ab56209e379c2a89cfda303941ee9621d4090292d1?s=96&d=mm&r=g","contentUrl":"https:\/\/secure.gravatar.com\/avatar\/ab64fd266889a629b0e9e6ab56209e379c2a89cfda303941ee9621d4090292d1?s=96&d=mm&r=g","caption":"Target Lab Ets"},"sameAs":["http:\/\/www.targetlab.org"],"url":"https:\/\/www.romaoggi.eu\/index.php\/author\/isfc\/"}]}},"_links":{"self":[{"href":"https:\/\/www.romaoggi.eu\/index.php\/wp-json\/wp\/v2\/posts\/38469","targetHints":{"allow":["GET"]}}],"collection":[{"href":"https:\/\/www.romaoggi.eu\/index.php\/wp-json\/wp\/v2\/posts"}],"about":[{"href":"https:\/\/www.romaoggi.eu\/index.php\/wp-json\/wp\/v2\/types\/post"}],"author":[{"embeddable":true,"href":"https:\/\/www.romaoggi.eu\/index.php\/wp-json\/wp\/v2\/users\/17"}],"replies":[{"embeddable":true,"href":"https:\/\/www.romaoggi.eu\/index.php\/wp-json\/wp\/v2\/comments?post=38469"}],"version-history":[{"count":2,"href":"https:\/\/www.romaoggi.eu\/index.php\/wp-json\/wp\/v2\/posts\/38469\/revisions"}],"predecessor-version":[{"id":38472,"href":"https:\/\/www.romaoggi.eu\/index.php\/wp-json\/wp\/v2\/posts\/38469\/revisions\/38472"}],"wp:featuredmedia":[{"embeddable":true,"href":"https:\/\/www.romaoggi.eu\/index.php\/wp-json\/wp\/v2\/media\/38470"}],"wp:attachment":[{"href":"https:\/\/www.romaoggi.eu\/index.php\/wp-json\/wp\/v2\/media?parent=38469"}],"wp:term":[{"taxonomy":"category","embeddable":true,"href":"https:\/\/www.romaoggi.eu\/index.php\/wp-json\/wp\/v2\/categories?post=38469"},{"taxonomy":"post_tag","embeddable":true,"href":"https:\/\/www.romaoggi.eu\/index.php\/wp-json\/wp\/v2\/tags?post=38469"}],"curies":[{"name":"wp","href":"https:\/\/api.w.org\/{rel}","templated":true}]}}