{"id":38486,"date":"2025-02-28T17:36:15","date_gmt":"2025-02-28T16:36:15","guid":{"rendered":"https:\/\/www.romaoggi.eu\/?p=38486"},"modified":"2025-03-01T11:08:14","modified_gmt":"2025-03-01T10:08:14","slug":"e-giunto-alla-7a-edizione-il-comedor-a-tor-pignattara","status":"publish","type":"post","link":"https:\/\/www.romaoggi.eu\/index.php\/2025\/02\/28\/e-giunto-alla-7a-edizione-il-comedor-a-tor-pignattara\/","title":{"rendered":"Giunge alla 7a edizione El Comedor a Tor Pignattara"},"content":{"rendered":"<p align=\"JUSTIFY\"><img loading=\"lazy\" decoding=\"async\" class=\" wp-image-38498 aligncenter\" src=\"https:\/\/www.romaoggi.eu\/wp-content\/uploads\/2025\/02\/WhatsApp-Image-2025-02-26-at-13.49.20-300x147.jpeg\" alt=\"\" width=\"418\" height=\"205\" srcset=\"https:\/\/www.romaoggi.eu\/wp-content\/uploads\/2025\/02\/WhatsApp-Image-2025-02-26-at-13.49.20-300x147.jpeg 300w, https:\/\/www.romaoggi.eu\/wp-content\/uploads\/2025\/02\/WhatsApp-Image-2025-02-26-at-13.49.20.jpeg 976w\" sizes=\"auto, (max-width: 418px) 100vw, 418px\" \/><\/p>\n<p align=\"JUSTIFY\"><strong>El Comedor<\/strong> \u00e8 molto pi\u00f9 di un semplice pranzo popolare: \u00e8 una vera e propria pratica politica di convivialit\u00e0, una scelta consapevole che mira a riunire le persone in un\u2019atmosfera di condivisione, abbattendo le barriere sociali e culturali. Nato nel cuore del quartiere di <strong>Torpignattara<\/strong> nell\u2019ottobre del 2023 e ospitato nella Casa del Popolo di via Bordoni, l\u2019evento \u00e8 arrivato alla sua settima edizione ed \u00e8 diventato un punto di riferimento importante per la comunit\u00e0 locale, creando una rete solida e dinamica che valorizza le risorse del territorio e il vivere comune.<\/p>\n<p align=\"JUSTIFY\">Ogni edizione di El Comedor \u00e8 un\u2019occasione per costruire relazioni autentiche, dando vita a uno spazio dove la bellezza della condivisione si manifesta in ogni dettaglio: dal cibo preparato con amore dalle \u201c<strong>comedore<\/strong>\u201d, alle storie che si intrecciano tra una portata e l\u2019altra. La partecipazione \u00e8 aperta a tutte e tutti: ognuno porta un piatto con l\u2019intento di condividerlo con gli altri. Questo semplice gesto diventa un atto di inclusivit\u00e0, dove la ricchezza dei singoli si mescola a quella della collettivit\u00e0, facendo s\u00ec che ogni incontro diventi un\u2019opportunit\u00e0 di creazione di bellezza e di legami che rafforzano il tessuto sociale.<\/p>\n<figure id=\"attachment_38493\" aria-describedby=\"caption-attachment-38493\" style=\"width: 1112px\" class=\"wp-caption alignnone\"><img loading=\"lazy\" decoding=\"async\" class=\" wp-image-38493\" src=\"https:\/\/www.romaoggi.eu\/wp-content\/uploads\/2025\/02\/WhatsApp-Image-2025-02-26-at-16.15.00-300x200.jpeg\" alt=\"alt tag el comedor\" width=\"1112\" height=\"741\" srcset=\"https:\/\/www.romaoggi.eu\/wp-content\/uploads\/2025\/02\/WhatsApp-Image-2025-02-26-at-16.15.00-300x200.jpeg 300w, https:\/\/www.romaoggi.eu\/wp-content\/uploads\/2025\/02\/WhatsApp-Image-2025-02-26-at-16.15.00.jpeg 720w\" sizes=\"auto, (max-width: 1112px) 100vw, 1112px\" \/><figcaption id=\"caption-attachment-38493\" class=\"wp-caption-text\"><strong>El Comedor 3a edizione. Foto archivio El Comedor<\/strong><\/figcaption><\/figure>\n<p align=\"JUSTIFY\"><strong>Le persone che rendono possibile El Comedor sono tutte volontarie: Cristina, Emanuela, Annarita, Lucia, Veronica, Eleonora, Daniele, Alessandra, Annamaria, Francesca, Cecilia, Martina, Enrico e molte altre,<\/strong> si occupano della spesa, della preparazione del ricco pentolone del Comedor e del buon andamento dell\u2019evento. Grazie al loro impegno, il pranzo non \u00e8 solo un momento di nutrimento, ma anche una pratica di resistenza contro la mercificazione delle relazioni umane, un\u2019occasione per rivalutare gli spazi sociali e riaffermare il valore della socialit\u00e0.<\/p>\n<figure id=\"attachment_38489\" aria-describedby=\"caption-attachment-38489\" style=\"width: 1036px\" class=\"wp-caption alignnone\"><img loading=\"lazy\" decoding=\"async\" class=\" wp-image-38489\" src=\"https:\/\/www.romaoggi.eu\/wp-content\/uploads\/2025\/02\/IMG-20250228-WA0038-200x300.jpg\" alt=\"alt tag el comedor\" width=\"1036\" height=\"1554\" srcset=\"https:\/\/www.romaoggi.eu\/wp-content\/uploads\/2025\/02\/IMG-20250228-WA0038-200x300.jpg 200w, https:\/\/www.romaoggi.eu\/wp-content\/uploads\/2025\/02\/IMG-20250228-WA0038-683x1024.jpg 683w, https:\/\/www.romaoggi.eu\/wp-content\/uploads\/2025\/02\/IMG-20250228-WA0038-1024x1536.jpg 1024w, https:\/\/www.romaoggi.eu\/wp-content\/uploads\/2025\/02\/IMG-20250228-WA0038.jpg 1067w\" sizes=\"auto, (max-width: 1036px) 100vw, 1036px\" \/><figcaption id=\"caption-attachment-38489\" class=\"wp-caption-text\"><strong>El Comedor 7a edizione, La sottoscrizione. Foto Enrico Pisani<\/strong><\/figcaption><\/figure>\n<p align=\"JUSTIFY\"><strong>Le donazioni raccolte durante ogni evento non sono destinate a scopi privati,<\/strong> ma vengono reinvestite per sostenere il lavoro degli artisti coinvolti e per garantire la continuit\u00e0 dell\u2019iniziativa, dando vita a edizioni future ancora pi\u00f9 ricche e inclusive. Questo circolo virtuoso dimostra come El Comedor non solo alimenta il corpo, ma anche la comunit\u00e0 e la cultura del quartiere.<\/p>\n<figure id=\"attachment_38494\" aria-describedby=\"caption-attachment-38494\" style=\"width: 1031px\" class=\"wp-caption alignnone\"><img loading=\"lazy\" decoding=\"async\" class=\" wp-image-38494\" src=\"https:\/\/www.romaoggi.eu\/wp-content\/uploads\/2025\/02\/WhatsApp-Image-2025-02-26-at-13.48.14-300x225.jpeg\" alt=\"alt tag el comedor\" width=\"1031\" height=\"773\" srcset=\"https:\/\/www.romaoggi.eu\/wp-content\/uploads\/2025\/02\/WhatsApp-Image-2025-02-26-at-13.48.14-300x225.jpeg 300w, https:\/\/www.romaoggi.eu\/wp-content\/uploads\/2025\/02\/WhatsApp-Image-2025-02-26-at-13.48.14-1024x768.jpeg 1024w, https:\/\/www.romaoggi.eu\/wp-content\/uploads\/2025\/02\/WhatsApp-Image-2025-02-26-at-13.48.14-1536x1152.jpeg 1536w, https:\/\/www.romaoggi.eu\/wp-content\/uploads\/2025\/02\/WhatsApp-Image-2025-02-26-at-13.48.14-326x245.jpeg 326w, https:\/\/www.romaoggi.eu\/wp-content\/uploads\/2025\/02\/WhatsApp-Image-2025-02-26-at-13.48.14-80x60.jpeg 80w, https:\/\/www.romaoggi.eu\/wp-content\/uploads\/2025\/02\/WhatsApp-Image-2025-02-26-at-13.48.14.jpeg 1600w\" sizes=\"auto, (max-width: 1031px) 100vw, 1031px\" \/><figcaption id=\"caption-attachment-38494\" class=\"wp-caption-text\"><strong>El Comedor 5a edizione, Parco Sangalli. Foto archivio El Comedor<\/strong><\/figcaption><\/figure>\n<p align=\"JUSTIFY\">Con l&#8217;arrivo della bella stagione, El Comedor si sposter\u00e0 anche all&#8217;aperto, il prossimo a Parco Sangalli per festeggiare la primavera, per offrire ancora pi\u00f9 spazio alla convivialit\u00e0 e all&#8217;incontro tra i membri della comunit\u00e0, in un segno tangibile di resistenza e bellezza condivisa.<\/p>\n<p><b>El Comedor, Casa del Popolo di Torpignattara, via Bordoni 50, socialit\u00e0, resistenza, condivisione, Parco Sangalli<\/b><\/p>\n<p><span style=\"color: #ff0000\"><strong>Pubblicato da Alessandro Lisci &#8211; Target Lab Ets &#8211; infoline 3316379346<\/strong><\/span><\/p>\n<figure id=\"attachment_38496\" aria-describedby=\"caption-attachment-38496\" style=\"width: 1005px\" class=\"wp-caption alignnone\"><img loading=\"lazy\" decoding=\"async\" class=\" wp-image-38496\" src=\"https:\/\/www.romaoggi.eu\/wp-content\/uploads\/2025\/02\/WhatsApp-Image-2025-02-26-at-13.46.20-300x169.jpeg\" alt=\"alt tag el comedor\" width=\"1005\" height=\"566\" srcset=\"https:\/\/www.romaoggi.eu\/wp-content\/uploads\/2025\/02\/WhatsApp-Image-2025-02-26-at-13.46.20-300x169.jpeg 300w, https:\/\/www.romaoggi.eu\/wp-content\/uploads\/2025\/02\/WhatsApp-Image-2025-02-26-at-13.46.20-1024x576.jpeg 1024w, https:\/\/www.romaoggi.eu\/wp-content\/uploads\/2025\/02\/WhatsApp-Image-2025-02-26-at-13.46.20-1536x864.jpeg 1536w, https:\/\/www.romaoggi.eu\/wp-content\/uploads\/2025\/02\/WhatsApp-Image-2025-02-26-at-13.46.20-678x381.jpeg 678w, https:\/\/www.romaoggi.eu\/wp-content\/uploads\/2025\/02\/WhatsApp-Image-2025-02-26-at-13.46.20.jpeg 1600w\" sizes=\"auto, (max-width: 1005px) 100vw, 1005px\" \/><figcaption id=\"caption-attachment-38496\" class=\"wp-caption-text\"><strong>El Comedor 4a edizione. Foto archivio El Comedor<\/strong><\/figcaption><\/figure>\n<p>&nbsp;<\/p>\n<figure id=\"attachment_38495\" aria-describedby=\"caption-attachment-38495\" style=\"width: 1039px\" class=\"wp-caption alignnone\"><img loading=\"lazy\" decoding=\"async\" class=\" wp-image-38495\" src=\"https:\/\/www.romaoggi.eu\/wp-content\/uploads\/2025\/02\/WhatsApp-Image-2025-02-26-at-13.48.50-300x225.jpeg\" alt=\"alt tag el comedor\" width=\"1039\" height=\"779\" srcset=\"https:\/\/www.romaoggi.eu\/wp-content\/uploads\/2025\/02\/WhatsApp-Image-2025-02-26-at-13.48.50-300x225.jpeg 300w, https:\/\/www.romaoggi.eu\/wp-content\/uploads\/2025\/02\/WhatsApp-Image-2025-02-26-at-13.48.50-1024x768.jpeg 1024w, https:\/\/www.romaoggi.eu\/wp-content\/uploads\/2025\/02\/WhatsApp-Image-2025-02-26-at-13.48.50-1536x1152.jpeg 1536w, https:\/\/www.romaoggi.eu\/wp-content\/uploads\/2025\/02\/WhatsApp-Image-2025-02-26-at-13.48.50-326x245.jpeg 326w, https:\/\/www.romaoggi.eu\/wp-content\/uploads\/2025\/02\/WhatsApp-Image-2025-02-26-at-13.48.50-80x60.jpeg 80w, https:\/\/www.romaoggi.eu\/wp-content\/uploads\/2025\/02\/WhatsApp-Image-2025-02-26-at-13.48.50.jpeg 2048w\" sizes=\"auto, (max-width: 1039px) 100vw, 1039px\" \/><figcaption id=\"caption-attachment-38495\" class=\"wp-caption-text\"><strong>El Comedor 4a edizione. Foto archivio El Comedor<\/strong><\/figcaption><\/figure>\n<p>&nbsp;<\/p>\n<figure id=\"attachment_38492\" aria-describedby=\"caption-attachment-38492\" style=\"width: 1109px\" class=\"wp-caption alignnone\"><img loading=\"lazy\" decoding=\"async\" class=\" wp-image-38492\" src=\"https:\/\/www.romaoggi.eu\/wp-content\/uploads\/2025\/02\/IMG-20250228-WA0036-300x200.jpg\" alt=\"alt tag el comedor\" width=\"1109\" height=\"739\" srcset=\"https:\/\/www.romaoggi.eu\/wp-content\/uploads\/2025\/02\/IMG-20250228-WA0036-300x200.jpg 300w, https:\/\/www.romaoggi.eu\/wp-content\/uploads\/2025\/02\/IMG-20250228-WA0036-1024x683.jpg 1024w, https:\/\/www.romaoggi.eu\/wp-content\/uploads\/2025\/02\/IMG-20250228-WA0036-1536x1024.jpg 1536w, https:\/\/www.romaoggi.eu\/wp-content\/uploads\/2025\/02\/IMG-20250228-WA0036.jpg 1600w\" sizes=\"auto, (max-width: 1109px) 100vw, 1109px\" \/><figcaption id=\"caption-attachment-38492\" class=\"wp-caption-text\"><strong>El Comedor 7a edizione. Foto Enrico Pisani<\/strong><\/figcaption><\/figure>\n<p>&nbsp;<\/p>\n<figure id=\"attachment_38491\" aria-describedby=\"caption-attachment-38491\" style=\"width: 1002px\" class=\"wp-caption alignnone\"><img loading=\"lazy\" decoding=\"async\" class=\" wp-image-38491\" src=\"https:\/\/www.romaoggi.eu\/wp-content\/uploads\/2025\/02\/IMG-20250228-WA0037-300x200.jpg\" alt=\"alt tag el comedor\" width=\"1002\" height=\"668\" srcset=\"https:\/\/www.romaoggi.eu\/wp-content\/uploads\/2025\/02\/IMG-20250228-WA0037-300x200.jpg 300w, https:\/\/www.romaoggi.eu\/wp-content\/uploads\/2025\/02\/IMG-20250228-WA0037-1024x683.jpg 1024w, https:\/\/www.romaoggi.eu\/wp-content\/uploads\/2025\/02\/IMG-20250228-WA0037-1536x1024.jpg 1536w, https:\/\/www.romaoggi.eu\/wp-content\/uploads\/2025\/02\/IMG-20250228-WA0037.jpg 1600w\" sizes=\"auto, (max-width: 1002px) 100vw, 1002px\" \/><figcaption id=\"caption-attachment-38491\" class=\"wp-caption-text\"><strong>El Comedor 7a edizione. Foto Enrico Pisani<\/strong><\/figcaption><\/figure>\n<p>&nbsp;<\/p>\n<figure id=\"attachment_38490\" aria-describedby=\"caption-attachment-38490\" style=\"width: 1037px\" class=\"wp-caption alignnone\"><img loading=\"lazy\" decoding=\"async\" class=\" wp-image-38490\" src=\"https:\/\/www.romaoggi.eu\/wp-content\/uploads\/2025\/02\/IMG-20250228-WA0039-200x300.jpg\" alt=\"alt tag el comedor\" width=\"1037\" height=\"1556\" srcset=\"https:\/\/www.romaoggi.eu\/wp-content\/uploads\/2025\/02\/IMG-20250228-WA0039-200x300.jpg 200w, https:\/\/www.romaoggi.eu\/wp-content\/uploads\/2025\/02\/IMG-20250228-WA0039-683x1024.jpg 683w, https:\/\/www.romaoggi.eu\/wp-content\/uploads\/2025\/02\/IMG-20250228-WA0039-1024x1536.jpg 1024w, https:\/\/www.romaoggi.eu\/wp-content\/uploads\/2025\/02\/IMG-20250228-WA0039.jpg 1067w\" sizes=\"auto, (max-width: 1037px) 100vw, 1037px\" \/><figcaption id=\"caption-attachment-38490\" class=\"wp-caption-text\"><strong>El Comedor 7a edizione. Foto Enrico Pisani<\/strong><\/figcaption><\/figure>\n","protected":false},"excerpt":{"rendered":"<div class=\"mh-excerpt\"><p>El Comedor \u00e8 molto pi\u00f9 di un semplice pranzo popolare: \u00e8 una vera e propria pratica politica di convivialit\u00e0, una scelta consapevole che mira a riunire le persone in un\u2019atmosfera di condivisione, abbattendo le barriere <a class=\"mh-excerpt-more\" href=\"https:\/\/www.romaoggi.eu\/index.php\/2025\/02\/28\/e-giunto-alla-7a-edizione-il-comedor-a-tor-pignattara\/\" title=\"Giunge alla 7a edizione El Comedor a Tor Pignattara\">[&#8230;]<\/a><\/p>\n<\/div>","protected":false},"author":17,"featured_media":38497,"comment_status":"closed","ping_status":"open","sticky":false,"template":"","format":"standard","meta":{"_sitemap_exclude":false,"_sitemap_priority":"","_sitemap_frequency":"","footnotes":""},"categories":[14247],"tags":[4137,17838,17836,17840,17841,17837,1738,15567,14541,17839],"class_list":["post-38486","post","type-post","status-publish","format-standard","has-post-thumbnail","hentry","category-dentro-roma","tag-alessandro-lisci","tag-casa-del-popolo-tor-pignattara","tag-el-comedor","tag-enrico-pisani","tag-parco-san-galli","tag-pranzo-popolare","tag-romaoggi-eu","tag-target-lab-ets","tag-tor-pignattara","tag-via-bordoni"],"yoast_head":"<!-- This site is optimized with the Yoast SEO plugin v27.4 - https:\/\/yoast.com\/product\/yoast-seo-wordpress\/ -->\n<title>Giunge alla 7a edizione El Comedor a Tor Pignattara<\/title>\n<meta name=\"description\" content=\"El Comedor \u00e8 molto pi\u00f9 di un semplice pranzo popolare: \u00e8 una vera e propria pratica politica di convivialit\u00e0, una scelta consapevole che mira a riunire le\" \/>\n<meta name=\"robots\" content=\"index, follow, max-snippet:-1, max-image-preview:large, max-video-preview:-1\" \/>\n<link rel=\"canonical\" href=\"https:\/\/www.romaoggi.eu\/index.php\/2025\/02\/28\/e-giunto-alla-7a-edizione-il-comedor-a-tor-pignattara\/\" \/>\n<meta property=\"og:locale\" content=\"it_IT\" \/>\n<meta property=\"og:type\" content=\"article\" \/>\n<meta property=\"og:title\" content=\"Giunge alla 7a edizione El Comedor a Tor Pignattara\" \/>\n<meta property=\"og:description\" content=\"El Comedor \u00e8 molto pi\u00f9 di un semplice pranzo popolare: \u00e8 una vera e propria pratica politica di convivialit\u00e0, una scelta consapevole che mira a riunire le\" \/>\n<meta property=\"og:url\" content=\"https:\/\/www.romaoggi.eu\/index.php\/2025\/02\/28\/e-giunto-alla-7a-edizione-il-comedor-a-tor-pignattara\/\" \/>\n<meta property=\"og:site_name\" content=\"roma oggi\" \/>\n<meta property=\"article:publisher\" content=\"https:\/\/www.facebook.com\/RomaOggi-841544845954114\" \/>\n<meta property=\"article:published_time\" content=\"2025-02-28T16:36:15+00:00\" \/>\n<meta property=\"article:modified_time\" content=\"2025-03-01T10:08:14+00:00\" \/>\n<meta property=\"og:image\" content=\"https:\/\/www.romaoggi.eu\/wp-content\/uploads\/2025\/02\/WhatsApp-Image-2025-02-26-at-13.45.35.jpeg\" \/>\n\t<meta property=\"og:image:width\" content=\"750\" \/>\n\t<meta property=\"og:image:height\" content=\"501\" \/>\n\t<meta property=\"og:image:type\" content=\"image\/jpeg\" \/>\n<meta name=\"author\" content=\"Target Lab Ets\" \/>\n<meta name=\"twitter:card\" content=\"summary_large_image\" \/>\n<meta name=\"twitter:creator\" content=\"@romaoggi_eu\" \/>\n<meta name=\"twitter:site\" content=\"@romaoggi_eu\" \/>\n<meta name=\"twitter:label1\" content=\"Scritto da\" \/>\n\t<meta name=\"twitter:data1\" content=\"Target Lab Ets\" \/>\n\t<meta name=\"twitter:label2\" content=\"Tempo di lettura stimato\" \/>\n\t<meta name=\"twitter:data2\" content=\"5 minuti\" \/>\n<script type=\"application\/ld+json\" class=\"yoast-schema-graph\">{\"@context\":\"https:\\\/\\\/schema.org\",\"@graph\":[{\"@type\":\"Article\",\"@id\":\"https:\\\/\\\/www.romaoggi.eu\\\/index.php\\\/2025\\\/02\\\/28\\\/e-giunto-alla-7a-edizione-il-comedor-a-tor-pignattara\\\/#article\",\"isPartOf\":{\"@id\":\"https:\\\/\\\/www.romaoggi.eu\\\/index.php\\\/2025\\\/02\\\/28\\\/e-giunto-alla-7a-edizione-il-comedor-a-tor-pignattara\\\/\"},\"author\":{\"name\":\"Target Lab Ets\",\"@id\":\"https:\\\/\\\/www.romaoggi.eu\\\/#\\\/schema\\\/person\\\/72b8cfc6de60caeb335267c8e21d90fb\"},\"headline\":\"Giunge alla 7a edizione El Comedor a Tor Pignattara\",\"datePublished\":\"2025-02-28T16:36:15+00:00\",\"dateModified\":\"2025-03-01T10:08:14+00:00\",\"mainEntityOfPage\":{\"@id\":\"https:\\\/\\\/www.romaoggi.eu\\\/index.php\\\/2025\\\/02\\\/28\\\/e-giunto-alla-7a-edizione-il-comedor-a-tor-pignattara\\\/\"},\"wordCount\":535,\"publisher\":{\"@id\":\"https:\\\/\\\/www.romaoggi.eu\\\/#organization\"},\"image\":{\"@id\":\"https:\\\/\\\/www.romaoggi.eu\\\/index.php\\\/2025\\\/02\\\/28\\\/e-giunto-alla-7a-edizione-il-comedor-a-tor-pignattara\\\/#primaryimage\"},\"thumbnailUrl\":\"https:\\\/\\\/www.romaoggi.eu\\\/wp-content\\\/uploads\\\/2025\\\/02\\\/WhatsApp-Image-2025-02-26-at-13.45.35.jpeg\",\"keywords\":[\"alessandro lisci\",\"Casa del Popolo Tor Pignattara\",\"El comedor\",\"Enrico Pisani\",\"Parco san Galli\",\"pranzo popolare\",\"RomaOggi.eu\",\"target lab ets\",\"tor pignattara\",\"Via Bordoni\"],\"articleSection\":[\"DENTRO ROMA\"],\"inLanguage\":\"it-IT\"},{\"@type\":\"WebPage\",\"@id\":\"https:\\\/\\\/www.romaoggi.eu\\\/index.php\\\/2025\\\/02\\\/28\\\/e-giunto-alla-7a-edizione-il-comedor-a-tor-pignattara\\\/\",\"url\":\"https:\\\/\\\/www.romaoggi.eu\\\/index.php\\\/2025\\\/02\\\/28\\\/e-giunto-alla-7a-edizione-il-comedor-a-tor-pignattara\\\/\",\"name\":\"Giunge alla 7a edizione El Comedor a Tor Pignattara\",\"isPartOf\":{\"@id\":\"https:\\\/\\\/www.romaoggi.eu\\\/#website\"},\"primaryImageOfPage\":{\"@id\":\"https:\\\/\\\/www.romaoggi.eu\\\/index.php\\\/2025\\\/02\\\/28\\\/e-giunto-alla-7a-edizione-il-comedor-a-tor-pignattara\\\/#primaryimage\"},\"image\":{\"@id\":\"https:\\\/\\\/www.romaoggi.eu\\\/index.php\\\/2025\\\/02\\\/28\\\/e-giunto-alla-7a-edizione-il-comedor-a-tor-pignattara\\\/#primaryimage\"},\"thumbnailUrl\":\"https:\\\/\\\/www.romaoggi.eu\\\/wp-content\\\/uploads\\\/2025\\\/02\\\/WhatsApp-Image-2025-02-26-at-13.45.35.jpeg\",\"datePublished\":\"2025-02-28T16:36:15+00:00\",\"dateModified\":\"2025-03-01T10:08:14+00:00\",\"description\":\"El Comedor \u00e8 molto pi\u00f9 di un semplice pranzo popolare: \u00e8 una vera e propria pratica politica di convivialit\u00e0, una scelta consapevole che mira a riunire le\",\"breadcrumb\":{\"@id\":\"https:\\\/\\\/www.romaoggi.eu\\\/index.php\\\/2025\\\/02\\\/28\\\/e-giunto-alla-7a-edizione-il-comedor-a-tor-pignattara\\\/#breadcrumb\"},\"inLanguage\":\"it-IT\",\"potentialAction\":[{\"@type\":\"ReadAction\",\"target\":[\"https:\\\/\\\/www.romaoggi.eu\\\/index.php\\\/2025\\\/02\\\/28\\\/e-giunto-alla-7a-edizione-il-comedor-a-tor-pignattara\\\/\"]}]},{\"@type\":\"ImageObject\",\"inLanguage\":\"it-IT\",\"@id\":\"https:\\\/\\\/www.romaoggi.eu\\\/index.php\\\/2025\\\/02\\\/28\\\/e-giunto-alla-7a-edizione-il-comedor-a-tor-pignattara\\\/#primaryimage\",\"url\":\"https:\\\/\\\/www.romaoggi.eu\\\/wp-content\\\/uploads\\\/2025\\\/02\\\/WhatsApp-Image-2025-02-26-at-13.45.35.jpeg\",\"contentUrl\":\"https:\\\/\\\/www.romaoggi.eu\\\/wp-content\\\/uploads\\\/2025\\\/02\\\/WhatsApp-Image-2025-02-26-at-13.45.35.jpeg\",\"width\":750,\"height\":501,\"caption\":\"alt tag el comedor\"},{\"@type\":\"BreadcrumbList\",\"@id\":\"https:\\\/\\\/www.romaoggi.eu\\\/index.php\\\/2025\\\/02\\\/28\\\/e-giunto-alla-7a-edizione-il-comedor-a-tor-pignattara\\\/#breadcrumb\",\"itemListElement\":[{\"@type\":\"ListItem\",\"position\":1,\"name\":\"Home\",\"item\":\"https:\\\/\\\/www.romaoggi.eu\\\/\"},{\"@type\":\"ListItem\",\"position\":2,\"name\":\"Giunge alla 7a edizione El Comedor a Tor Pignattara\"}]},{\"@type\":\"WebSite\",\"@id\":\"https:\\\/\\\/www.romaoggi.eu\\\/#website\",\"url\":\"https:\\\/\\\/www.romaoggi.eu\\\/\",\"name\":\"roma oggi\",\"description\":\"Interesting News for Interesting people\",\"publisher\":{\"@id\":\"https:\\\/\\\/www.romaoggi.eu\\\/#organization\"},\"potentialAction\":[{\"@type\":\"SearchAction\",\"target\":{\"@type\":\"EntryPoint\",\"urlTemplate\":\"https:\\\/\\\/www.romaoggi.eu\\\/?s={search_term_string}\"},\"query-input\":{\"@type\":\"PropertyValueSpecification\",\"valueRequired\":true,\"valueName\":\"search_term_string\"}}],\"inLanguage\":\"it-IT\"},{\"@type\":\"Organization\",\"@id\":\"https:\\\/\\\/www.romaoggi.eu\\\/#organization\",\"name\":\"RomaOggi\",\"url\":\"https:\\\/\\\/www.romaoggi.eu\\\/\",\"logo\":{\"@type\":\"ImageObject\",\"inLanguage\":\"it-IT\",\"@id\":\"https:\\\/\\\/www.romaoggi.eu\\\/#\\\/schema\\\/logo\\\/image\\\/\",\"url\":\"https:\\\/\\\/www.romaoggi.eu\\\/wp-content\\\/uploads\\\/2017\\\/04\\\/logowp.jpg\",\"contentUrl\":\"https:\\\/\\\/www.romaoggi.eu\\\/wp-content\\\/uploads\\\/2017\\\/04\\\/logowp.jpg\",\"width\":300,\"height\":133,\"caption\":\"RomaOggi\"},\"image\":{\"@id\":\"https:\\\/\\\/www.romaoggi.eu\\\/#\\\/schema\\\/logo\\\/image\\\/\"},\"sameAs\":[\"https:\\\/\\\/www.facebook.com\\\/RomaOggi-841544845954114\",\"https:\\\/\\\/x.com\\\/romaoggi_eu\"]},{\"@type\":\"Person\",\"@id\":\"https:\\\/\\\/www.romaoggi.eu\\\/#\\\/schema\\\/person\\\/72b8cfc6de60caeb335267c8e21d90fb\",\"name\":\"Target Lab Ets\",\"image\":{\"@type\":\"ImageObject\",\"inLanguage\":\"it-IT\",\"@id\":\"https:\\\/\\\/secure.gravatar.com\\\/avatar\\\/ab64fd266889a629b0e9e6ab56209e379c2a89cfda303941ee9621d4090292d1?s=96&d=mm&r=g\",\"url\":\"https:\\\/\\\/secure.gravatar.com\\\/avatar\\\/ab64fd266889a629b0e9e6ab56209e379c2a89cfda303941ee9621d4090292d1?s=96&d=mm&r=g\",\"contentUrl\":\"https:\\\/\\\/secure.gravatar.com\\\/avatar\\\/ab64fd266889a629b0e9e6ab56209e379c2a89cfda303941ee9621d4090292d1?s=96&d=mm&r=g\",\"caption\":\"Target Lab Ets\"},\"sameAs\":[\"http:\\\/\\\/www.targetlab.org\"],\"url\":\"https:\\\/\\\/www.romaoggi.eu\\\/index.php\\\/author\\\/isfc\\\/\"}]}<\/script>\n<!-- \/ Yoast SEO plugin. -->","yoast_head_json":{"title":"Giunge alla 7a edizione El Comedor a Tor Pignattara","description":"El Comedor \u00e8 molto pi\u00f9 di un semplice pranzo popolare: \u00e8 una vera e propria pratica politica di convivialit\u00e0, una scelta consapevole che mira a riunire le","robots":{"index":"index","follow":"follow","max-snippet":"max-snippet:-1","max-image-preview":"max-image-preview:large","max-video-preview":"max-video-preview:-1"},"canonical":"https:\/\/www.romaoggi.eu\/index.php\/2025\/02\/28\/e-giunto-alla-7a-edizione-il-comedor-a-tor-pignattara\/","og_locale":"it_IT","og_type":"article","og_title":"Giunge alla 7a edizione El Comedor a Tor Pignattara","og_description":"El Comedor \u00e8 molto pi\u00f9 di un semplice pranzo popolare: \u00e8 una vera e propria pratica politica di convivialit\u00e0, una scelta consapevole che mira a riunire le","og_url":"https:\/\/www.romaoggi.eu\/index.php\/2025\/02\/28\/e-giunto-alla-7a-edizione-il-comedor-a-tor-pignattara\/","og_site_name":"roma oggi","article_publisher":"https:\/\/www.facebook.com\/RomaOggi-841544845954114","article_published_time":"2025-02-28T16:36:15+00:00","article_modified_time":"2025-03-01T10:08:14+00:00","og_image":[{"width":750,"height":501,"url":"https:\/\/www.romaoggi.eu\/wp-content\/uploads\/2025\/02\/WhatsApp-Image-2025-02-26-at-13.45.35.jpeg","type":"image\/jpeg"}],"author":"Target Lab Ets","twitter_card":"summary_large_image","twitter_creator":"@romaoggi_eu","twitter_site":"@romaoggi_eu","twitter_misc":{"Scritto da":"Target Lab Ets","Tempo di lettura stimato":"5 minuti"},"schema":{"@context":"https:\/\/schema.org","@graph":[{"@type":"Article","@id":"https:\/\/www.romaoggi.eu\/index.php\/2025\/02\/28\/e-giunto-alla-7a-edizione-il-comedor-a-tor-pignattara\/#article","isPartOf":{"@id":"https:\/\/www.romaoggi.eu\/index.php\/2025\/02\/28\/e-giunto-alla-7a-edizione-il-comedor-a-tor-pignattara\/"},"author":{"name":"Target Lab Ets","@id":"https:\/\/www.romaoggi.eu\/#\/schema\/person\/72b8cfc6de60caeb335267c8e21d90fb"},"headline":"Giunge alla 7a edizione El Comedor a Tor Pignattara","datePublished":"2025-02-28T16:36:15+00:00","dateModified":"2025-03-01T10:08:14+00:00","mainEntityOfPage":{"@id":"https:\/\/www.romaoggi.eu\/index.php\/2025\/02\/28\/e-giunto-alla-7a-edizione-il-comedor-a-tor-pignattara\/"},"wordCount":535,"publisher":{"@id":"https:\/\/www.romaoggi.eu\/#organization"},"image":{"@id":"https:\/\/www.romaoggi.eu\/index.php\/2025\/02\/28\/e-giunto-alla-7a-edizione-il-comedor-a-tor-pignattara\/#primaryimage"},"thumbnailUrl":"https:\/\/www.romaoggi.eu\/wp-content\/uploads\/2025\/02\/WhatsApp-Image-2025-02-26-at-13.45.35.jpeg","keywords":["alessandro lisci","Casa del Popolo Tor Pignattara","El comedor","Enrico Pisani","Parco san Galli","pranzo popolare","RomaOggi.eu","target lab ets","tor pignattara","Via Bordoni"],"articleSection":["DENTRO ROMA"],"inLanguage":"it-IT"},{"@type":"WebPage","@id":"https:\/\/www.romaoggi.eu\/index.php\/2025\/02\/28\/e-giunto-alla-7a-edizione-il-comedor-a-tor-pignattara\/","url":"https:\/\/www.romaoggi.eu\/index.php\/2025\/02\/28\/e-giunto-alla-7a-edizione-il-comedor-a-tor-pignattara\/","name":"Giunge alla 7a edizione El Comedor a Tor Pignattara","isPartOf":{"@id":"https:\/\/www.romaoggi.eu\/#website"},"primaryImageOfPage":{"@id":"https:\/\/www.romaoggi.eu\/index.php\/2025\/02\/28\/e-giunto-alla-7a-edizione-il-comedor-a-tor-pignattara\/#primaryimage"},"image":{"@id":"https:\/\/www.romaoggi.eu\/index.php\/2025\/02\/28\/e-giunto-alla-7a-edizione-il-comedor-a-tor-pignattara\/#primaryimage"},"thumbnailUrl":"https:\/\/www.romaoggi.eu\/wp-content\/uploads\/2025\/02\/WhatsApp-Image-2025-02-26-at-13.45.35.jpeg","datePublished":"2025-02-28T16:36:15+00:00","dateModified":"2025-03-01T10:08:14+00:00","description":"El Comedor \u00e8 molto pi\u00f9 di un semplice pranzo popolare: \u00e8 una vera e propria pratica politica di convivialit\u00e0, una scelta consapevole che mira a riunire le","breadcrumb":{"@id":"https:\/\/www.romaoggi.eu\/index.php\/2025\/02\/28\/e-giunto-alla-7a-edizione-il-comedor-a-tor-pignattara\/#breadcrumb"},"inLanguage":"it-IT","potentialAction":[{"@type":"ReadAction","target":["https:\/\/www.romaoggi.eu\/index.php\/2025\/02\/28\/e-giunto-alla-7a-edizione-il-comedor-a-tor-pignattara\/"]}]},{"@type":"ImageObject","inLanguage":"it-IT","@id":"https:\/\/www.romaoggi.eu\/index.php\/2025\/02\/28\/e-giunto-alla-7a-edizione-il-comedor-a-tor-pignattara\/#primaryimage","url":"https:\/\/www.romaoggi.eu\/wp-content\/uploads\/2025\/02\/WhatsApp-Image-2025-02-26-at-13.45.35.jpeg","contentUrl":"https:\/\/www.romaoggi.eu\/wp-content\/uploads\/2025\/02\/WhatsApp-Image-2025-02-26-at-13.45.35.jpeg","width":750,"height":501,"caption":"alt tag el comedor"},{"@type":"BreadcrumbList","@id":"https:\/\/www.romaoggi.eu\/index.php\/2025\/02\/28\/e-giunto-alla-7a-edizione-il-comedor-a-tor-pignattara\/#breadcrumb","itemListElement":[{"@type":"ListItem","position":1,"name":"Home","item":"https:\/\/www.romaoggi.eu\/"},{"@type":"ListItem","position":2,"name":"Giunge alla 7a edizione El Comedor a Tor Pignattara"}]},{"@type":"WebSite","@id":"https:\/\/www.romaoggi.eu\/#website","url":"https:\/\/www.romaoggi.eu\/","name":"roma oggi","description":"Interesting News for Interesting people","publisher":{"@id":"https:\/\/www.romaoggi.eu\/#organization"},"potentialAction":[{"@type":"SearchAction","target":{"@type":"EntryPoint","urlTemplate":"https:\/\/www.romaoggi.eu\/?s={search_term_string}"},"query-input":{"@type":"PropertyValueSpecification","valueRequired":true,"valueName":"search_term_string"}}],"inLanguage":"it-IT"},{"@type":"Organization","@id":"https:\/\/www.romaoggi.eu\/#organization","name":"RomaOggi","url":"https:\/\/www.romaoggi.eu\/","logo":{"@type":"ImageObject","inLanguage":"it-IT","@id":"https:\/\/www.romaoggi.eu\/#\/schema\/logo\/image\/","url":"https:\/\/www.romaoggi.eu\/wp-content\/uploads\/2017\/04\/logowp.jpg","contentUrl":"https:\/\/www.romaoggi.eu\/wp-content\/uploads\/2017\/04\/logowp.jpg","width":300,"height":133,"caption":"RomaOggi"},"image":{"@id":"https:\/\/www.romaoggi.eu\/#\/schema\/logo\/image\/"},"sameAs":["https:\/\/www.facebook.com\/RomaOggi-841544845954114","https:\/\/x.com\/romaoggi_eu"]},{"@type":"Person","@id":"https:\/\/www.romaoggi.eu\/#\/schema\/person\/72b8cfc6de60caeb335267c8e21d90fb","name":"Target Lab Ets","image":{"@type":"ImageObject","inLanguage":"it-IT","@id":"https:\/\/secure.gravatar.com\/avatar\/ab64fd266889a629b0e9e6ab56209e379c2a89cfda303941ee9621d4090292d1?s=96&d=mm&r=g","url":"https:\/\/secure.gravatar.com\/avatar\/ab64fd266889a629b0e9e6ab56209e379c2a89cfda303941ee9621d4090292d1?s=96&d=mm&r=g","contentUrl":"https:\/\/secure.gravatar.com\/avatar\/ab64fd266889a629b0e9e6ab56209e379c2a89cfda303941ee9621d4090292d1?s=96&d=mm&r=g","caption":"Target Lab Ets"},"sameAs":["http:\/\/www.targetlab.org"],"url":"https:\/\/www.romaoggi.eu\/index.php\/author\/isfc\/"}]}},"_links":{"self":[{"href":"https:\/\/www.romaoggi.eu\/index.php\/wp-json\/wp\/v2\/posts\/38486","targetHints":{"allow":["GET"]}}],"collection":[{"href":"https:\/\/www.romaoggi.eu\/index.php\/wp-json\/wp\/v2\/posts"}],"about":[{"href":"https:\/\/www.romaoggi.eu\/index.php\/wp-json\/wp\/v2\/types\/post"}],"author":[{"embeddable":true,"href":"https:\/\/www.romaoggi.eu\/index.php\/wp-json\/wp\/v2\/users\/17"}],"replies":[{"embeddable":true,"href":"https:\/\/www.romaoggi.eu\/index.php\/wp-json\/wp\/v2\/comments?post=38486"}],"version-history":[{"count":7,"href":"https:\/\/www.romaoggi.eu\/index.php\/wp-json\/wp\/v2\/posts\/38486\/revisions"}],"predecessor-version":[{"id":38508,"href":"https:\/\/www.romaoggi.eu\/index.php\/wp-json\/wp\/v2\/posts\/38486\/revisions\/38508"}],"wp:featuredmedia":[{"embeddable":true,"href":"https:\/\/www.romaoggi.eu\/index.php\/wp-json\/wp\/v2\/media\/38497"}],"wp:attachment":[{"href":"https:\/\/www.romaoggi.eu\/index.php\/wp-json\/wp\/v2\/media?parent=38486"}],"wp:term":[{"taxonomy":"category","embeddable":true,"href":"https:\/\/www.romaoggi.eu\/index.php\/wp-json\/wp\/v2\/categories?post=38486"},{"taxonomy":"post_tag","embeddable":true,"href":"https:\/\/www.romaoggi.eu\/index.php\/wp-json\/wp\/v2\/tags?post=38486"}],"curies":[{"name":"wp","href":"https:\/\/api.w.org\/{rel}","templated":true}]}}