{"id":38572,"date":"2025-03-05T17:20:22","date_gmt":"2025-03-05T16:20:22","guid":{"rendered":"https:\/\/www.romaoggi.eu\/?p=38572"},"modified":"2025-03-05T17:20:22","modified_gmt":"2025-03-05T16:20:22","slug":"castelli-romani-citta-italiana-del-vino-2025-di-irene-cinardi","status":"publish","type":"post","link":"https:\/\/www.romaoggi.eu\/index.php\/2025\/03\/05\/castelli-romani-citta-italiana-del-vino-2025-di-irene-cinardi\/","title":{"rendered":"Castelli Romani Citt\u00e0 Italiana del Vino 2025 di Irene Cinardi"},"content":{"rendered":"<p align=\"CENTER\"><span style=\"font-family: Times New Roman, serif\"><span style=\"font-size: x-large\"><b><span style=\"color: #252525\">Citt\u00e0 del Vino 2025 <\/span><\/b><\/span><\/span><\/p>\n<p align=\"CENTER\"><span style=\"font-family: Times New Roman, serif\"><span style=\"font-size: x-large\"><b><span style=\"color: #252525\">Soddisfazione dei Castelli Romani e i suoi undici comuni<\/span><\/b><\/span><\/span><\/p>\n<p align=\"JUSTIFY\"><span style=\"font-family: Times New Roman, serif\"><span style=\"font-size: medium\"><span style=\"color: #252525\">Si \u00e8 tenuta nella mattinata di mercoled\u00ec 5 marzo, presso la Camera di Commercio di Roma, nella Sala del Tempio di Vibia Sabina e Adriano, la presentazione ufficiale per la stampa di \u201cCastelli Romani Citt\u00e0 Italiana del Vino 2025\u201d.<\/span><\/span><\/span><\/p>\n<p align=\"JUSTIFY\"><span style=\"font-family: Times New Roman, serif\"><span style=\"font-size: medium\"><span style=\"color: #252525\">La tanto attesa nomina dei <strong>Castelli Romani a Citt\u00e0 Italiana del Vino 2025<\/strong> rappresenta un\u2019opportunit\u00e0 importante per il settore enologico e le sue tante tipologie.<\/span><\/span><\/span><\/p>\n<p align=\"JUSTIFY\"><span style=\"font-family: Times New Roman, serif\"><span style=\"font-size: medium\"><span style=\"color: #252525\">Presenti all&#8217;evento: <strong>Alberto Bertucci<\/strong> &#8211; Sindaco di Nemi e Vicepresidente nazionale dell&#8217;Associazione Citt\u00e0 del Vino, Coordinatore regionale Lazio, <strong>Stefano Cecchi<\/strong> &#8211; Sindaco di Marino Comune Capofila, <strong>Angelo Radica<\/strong> &#8211; Presidente nazionale dell&#8217;Associazione Citt\u00e0 del Vino, <strong>Lorenzo Tagliavan<\/strong>ti \u2013 Presidente della Camera di Commercio di Roma, <strong>Giancarlo Righini<\/strong> \u2013 Assessore Regione Lazio.<\/span><\/span><\/span><\/p>\n<figure id=\"attachment_38569\" aria-describedby=\"caption-attachment-38569\" style=\"width: 797px\" class=\"wp-caption alignnone\"><img loading=\"lazy\" decoding=\"async\" class=\" wp-image-38569\" src=\"https:\/\/www.romaoggi.eu\/wp-content\/uploads\/2025\/03\/Foto-Irene-Cinardi-4--300x199.jpg\" alt=\"Alt tag Irene Cinardi\" width=\"797\" height=\"529\" srcset=\"https:\/\/www.romaoggi.eu\/wp-content\/uploads\/2025\/03\/Foto-Irene-Cinardi-4--300x199.jpg 300w, https:\/\/www.romaoggi.eu\/wp-content\/uploads\/2025\/03\/Foto-Irene-Cinardi-4--1024x681.jpg 1024w, https:\/\/www.romaoggi.eu\/wp-content\/uploads\/2025\/03\/Foto-Irene-Cinardi-4-.jpg 1504w\" sizes=\"auto, (max-width: 797px) 100vw, 797px\" \/><figcaption id=\"caption-attachment-38569\" class=\"wp-caption-text\"><strong>Giancarlo Righini \u2013 Assessore Regione Lazio. Foto di Irene Cinardi<\/strong><\/figcaption><\/figure>\n<p align=\"JUSTIFY\"><span style=\"font-family: Times New Roman, serif\"><span style=\"font-size: medium\"><span style=\"color: #252525\">Si ricorda la grande soddisfazione della nomina ufficiale dei <strong>Castelli Romani<\/strong> avvenuta lo scorso ottobre 2024, a\u00a0Citt\u00e0 Italiana del Vino 2025, con gli undici comuni del territorio: Marino,\u00a0Nemi,\u00a0Ariccia,\u00a0Colonna,\u00a0Frascati,\u00a0Genzano di Roma,\u00a0Grottaferrata,\u00a0Monte Porzio Catone,\u00a0Lanuvio,\u00a0Lariano,\u00a0Velletri.<\/span><\/span><\/span><\/p>\n<figure id=\"attachment_38567\" aria-describedby=\"caption-attachment-38567\" style=\"width: 834px\" class=\"wp-caption alignnone\"><img loading=\"lazy\" decoding=\"async\" class=\" wp-image-38567\" src=\"https:\/\/www.romaoggi.eu\/wp-content\/uploads\/2025\/03\/Foto-Irene-Cinardi-4-300x199.jpg\" alt=\"Alt tag Irene Cinardi\" width=\"834\" height=\"553\" srcset=\"https:\/\/www.romaoggi.eu\/wp-content\/uploads\/2025\/03\/Foto-Irene-Cinardi-4-300x199.jpg 300w, https:\/\/www.romaoggi.eu\/wp-content\/uploads\/2025\/03\/Foto-Irene-Cinardi-4-1024x680.jpg 1024w, https:\/\/www.romaoggi.eu\/wp-content\/uploads\/2025\/03\/Foto-Irene-Cinardi-4-1536x1020.jpg 1536w, https:\/\/www.romaoggi.eu\/wp-content\/uploads\/2025\/03\/Foto-Irene-Cinardi-4.jpg 2048w\" sizes=\"auto, (max-width: 834px) 100vw, 834px\" \/><figcaption id=\"caption-attachment-38567\" class=\"wp-caption-text\"><strong>Stefano Cecchi, Sindaco di Marino. Foto di Irene Cinardi<\/strong><\/figcaption><\/figure>\n<p align=\"JUSTIFY\"><span style=\"font-family: Times New Roman, serif\"><span style=\"font-size: medium\"><span style=\"color: #252525\"><i><b>&#8216;Il 2025 si prospetta essere un anno colmo di gioia all&#8217;insegna dei Castelli Romani come &#8220;Citta\u0300 italiana del Vino 2025&#8243;. Un territorio di grande valore, con una candidatura vincente che coinvolge undici comuni&#8221;<\/b><\/i><\/span><span style=\"color: #252525\">, ha dichiarato\u00a0<\/span><span style=\"color: #252525\"><b>Angelo Radica, presidente dell&#8217;Associazione Citta\u0300 del Vino&#8221;.<\/b><\/span><\/span><\/span><\/p>\n<p align=\"JUSTIFY\"><span style=\"font-family: Times New Roman, serif\"><span style=\"font-size: medium\"><span style=\"color: #252525\">Ben 37 le produzioni vitivinicole che vanta il territorio dei Castelli Romani: vini bianchi e vini rossi, eccellenze prestigiose per abbinamenti culinari di alto livello.<\/span><\/span><\/span><\/p>\n<p align=\"JUSTIFY\"><span style=\"font-family: Times New Roman, serif\"><span style=\"font-size: medium\"><span style=\"color: #252525\"><i><b>Queste le parole del primo cittadino di Marino, Stefano Cecchi: &#8220;&#8216;Onorati di essere il comune capofila della Citta\u0300 Italiana del Vino 2025, e proprio quest\u2019anno la nostra citta\u0300 si appresta a festeggiare il centenario della Sagra dell\u2019Uva&#8221;,<\/b><\/i><\/span><\/span><\/span><\/p>\n<p align=\"JUSTIFY\"><span style=\"font-family: Times New Roman, serif\"><span style=\"font-size: medium\"><span style=\"color: #252525\">Durante la conferenza \u00e8 stata presentata la\u00a0<\/span><span style=\"color: #252525\"><b>prima influencer creata grazie all&#8217;intelligenza artificiale e certificata Meta, Francesca Giubelli, protagonista del video promo &#8216;Citt\u00e0 del Vino 2025&#8243; .\u00a0L&#8217;obiettivo <\/b><\/span><span style=\"color: #252525\">punta a raggiungere un pubblico sempre piu&#8217; ampio, grazie ai social e alla divulgazione online.<\/span><\/span><\/span><\/p>\n<figure id=\"attachment_38568\" aria-describedby=\"caption-attachment-38568\" style=\"width: 820px\" class=\"wp-caption alignnone\"><img loading=\"lazy\" decoding=\"async\" class=\" wp-image-38568\" src=\"https:\/\/www.romaoggi.eu\/wp-content\/uploads\/2025\/03\/Foto-Irene-Cinardi-2-300x199.jpg\" alt=\"Alt tag Irene Cinardi\" width=\"820\" height=\"544\" srcset=\"https:\/\/www.romaoggi.eu\/wp-content\/uploads\/2025\/03\/Foto-Irene-Cinardi-2-300x199.jpg 300w, https:\/\/www.romaoggi.eu\/wp-content\/uploads\/2025\/03\/Foto-Irene-Cinardi-2-1024x680.jpg 1024w, https:\/\/www.romaoggi.eu\/wp-content\/uploads\/2025\/03\/Foto-Irene-Cinardi-2-1536x1020.jpg 1536w, https:\/\/www.romaoggi.eu\/wp-content\/uploads\/2025\/03\/Foto-Irene-Cinardi-2.jpg 2048w\" sizes=\"auto, (max-width: 820px) 100vw, 820px\" \/><figcaption id=\"caption-attachment-38568\" class=\"wp-caption-text\"><strong>Castelli Romani Citt\u00e0 Italiana del Vino 2025. Foto di Irene Cinardi<\/strong><\/figcaption><\/figure>\n<p align=\"JUSTIFY\"><span style=\"font-family: Times New Roman, serif\"><span style=\"font-size: medium\"><span style=\"color: #252525\"><i><b>&#8220;Un importante traguardo per l&#8217;agricoltura e il turismo. Ottimizzare questo dialogo significa creare occasioni di crescita e sviluppo per tutto il territorio&#8221;,<\/b><\/i><\/span><span style=\"color: #252525\">\u00a0 queste le parole di <\/span><span style=\"color: #252525\"><b>Giancarlo Righini, assessore regionale all&#8217;Agricoltura.<\/b><\/span><\/span><\/span><\/p>\n<p align=\"JUSTIFY\"><span style=\"color: #252525\">\u201c<span style=\"font-family: Times New Roman, serif\"><span style=\"font-size: medium\"><b>La Camera di Commercio di Roma, nell\u2019ambito di un forte impegno a sostegno dei settori<\/b><\/span><\/span><\/span><\/p>\n<p align=\"JUSTIFY\"><span style=\"font-family: Times New Roman, serif\"><span style=\"font-size: medium\"><span style=\"color: #252525\"><b>produttivi locali, lavora per promuovere la crescita del settore agroalimentare. Il riconoscimento ai Castelli Romani rappresenta un\u2019ulteriore e importante<\/b><\/span><\/span><\/span><\/p>\n<p align=\"JUSTIFY\"><span style=\"font-family: Times New Roman, serif\"><span style=\"font-size: medium\"><span style=\"color: #252525\"><b>opportunit\u00e0 per la crescita del sistema economico del nostro territorio&#8221;, ha dichiarato Lorenzo Tagliavanti, presidente della Camera di Commercio di Roma.<\/b><\/span><\/span><\/span><\/p>\n<p align=\"JUSTIFY\"><span style=\"font-family: Times New Roman, serif\"><span style=\"font-size: medium\"><span style=\"color: #252525\">Qui di seguito i comuni coinvolti i rispettivi sindaci: Marino <\/span><span style=\"color: #252525\"><b>(capofila) con Stefano Cecchi, Nemi (coordinatore)<\/b><\/span><span style=\"color: #252525\">\u00a0con\u00a0<\/span><span style=\"color: #252525\"><b>Alberto Bertucci, Ariccia<\/b><\/span><span style=\"color: #252525\">\u00a0con\u00a0<\/span><span style=\"color: #252525\"><b>Gianluca Staccoli, Colonna\u00a0<\/b><\/span><span style=\"color: #252525\">con\u00a0<\/span><span style=\"color: #252525\"><b>Fausto Giuliani, Frascati\u00a0<\/b><\/span><span style=\"color: #252525\">con\u00a0<\/span><span style=\"color: #252525\"><b>Francesca Sbardella, Genzano di Roma<\/b><\/span><span style=\"color: #252525\">\u00a0con\u00a0<\/span><span style=\"color: #252525\"><b>Carlo Zoccolotti<\/b><\/span><span style=\"color: #252525\">,\u00a0<\/span><span style=\"color: #252525\"><b>Grottaferrata<\/b><\/span><span style=\"color: #252525\">\u00a0con\u00a0<\/span><span style=\"color: #252525\"><b>Mirko Di Bernardo<\/b><\/span><span style=\"color: #252525\">,\u00a0<\/span><span style=\"color: #252525\"><b>Lanuvio<\/b><\/span><span style=\"color: #252525\">\u00a0con\u00a0<\/span><span style=\"color: #252525\"><b>Andrea Volpi<\/b><\/span><span style=\"color: #252525\">,\u00a0<\/span><span style=\"color: #252525\"><b>Lariano<\/b><\/span><span style=\"color: #252525\">\u00a0con\u00a0<\/span><span style=\"color: #252525\"><b>Francesco Montecuollo<\/b><\/span><span style=\"color: #252525\">\u00a0e \u00a0<\/span><span style=\"color: #252525\"><b>Monte Porzio Catone<\/b><\/span><span style=\"color: #252525\">\u00a0con\u00a0<\/span><span style=\"color: #252525\"><b>Massimo Pulcini<\/b><\/span><span style=\"color: #252525\">\u00a0e\u00a0<\/span><span style=\"color: #252525\"><b>Velletri<\/b><\/span><span style=\"color: #252525\">\u00a0con\u00a0<\/span><span style=\"color: #252525\"><b>Ascanio Cascella <\/b><\/span><\/span><\/span><\/p>\n<p align=\"JUSTIFY\"><span style=\"font-family: Times New Roman, serif\"><span style=\"font-size: medium\"><span style=\"color: #252525\"><b>A sostenere l<\/b><\/span><span style=\"color: #252525\">&#8216;evento: <\/span><span style=\"color: #252525\"><b>Parco dei Castelli Romani, GAL Castelli Romani, Universita\u0300 di Tor Vergata, Slow Food Lazio, Strade dei Vini dei Castelli Romani e Sistema Castelli Romani.<\/b><\/span><\/span><\/span><\/p>\n<p style=\"text-align: right\" align=\"JUSTIFY\"><strong><span style=\"color: #252525\">\u00a0<\/span><span style=\"font-family: Times New Roman, serif\"><span style=\"font-size: medium\"><span style=\"color: #252525\">Irene Cinardi, Roma<\/span><\/span><\/span><\/strong><\/p>\n<p align=\"JUSTIFY\"><span style=\"color: #ff0000\"><strong>Pubblicazione ed editing fotografico\u00a0 di Alessandro Lisci &#8211; Target Lab Ets infoline 3316379346<\/strong><\/span><\/p>\n<p align=\"JUSTIFY\"><strong><span style=\"font-family: Times New Roman, serif\"><span style=\"font-size: large\">Irene Cinardi nota bio<\/span><\/span><\/strong><\/p>\n<p style=\"text-align: left\" align=\"JUSTIFY\"><span style=\"color: #1a1a1a\"><span style=\"font-family: Times New Roman, serif\"><span style=\"font-size: large\">Ho\u00a025\u00a0anni\u00a0e\u00a0sono\u00a0di\u00a0Marino\u00a0(Castelli\u00a0Romani)<br \/>\nFrequento\u00a0la\u00a0facolt\u00e0\u00a0di\u00a0Scienze della Comunicazione presso Tor Vergata.<br \/>\nSono iscritta all&#8217;Albo Nazionale dell&#8217;Ordine dei giornalisti pubblicisti della Regione Lazio da maggio 2024. Da Febbraio 2025 \u00e8 iscritta a Target Lab Ets, Laboratorio Sperimentale di Fotografia e Comunicazione<\/span><\/span><\/span><\/p>\n<p>Durante gli anni ho conseguito varie certificazioni nel campo della comunicazione, tra cui: Social Media Manager,SEO Copywriter e\u00a0 Public Management.<br \/>\nLa passione per la comunicazione mi ha portata anche alle immagini, infatti mi dedico alla fotografia, ambiente che mi ha dato modo di partecipare a varie mostre fotografiche svolte a Roma. La mia ambizione e l\u2019entusiasmo con cui mi approccio al settore del giornalismo hanno contribuito a farmi conoscere molte persone\u00a0 professionali dell&#8217;ambiente, aggiungendo valore alla passione che ho per la comunicazione.<\/p>\n<figure id=\"attachment_38568\" aria-describedby=\"caption-attachment-38568\" style=\"width: 871px\" class=\"wp-caption alignnone\"><img loading=\"lazy\" decoding=\"async\" class=\" wp-image-38568\" src=\"https:\/\/www.romaoggi.eu\/wp-content\/uploads\/2025\/03\/Foto-Irene-Cinardi-2-300x199.jpg\" alt=\"Alt tag Irene Cinardi\" width=\"871\" height=\"578\" srcset=\"https:\/\/www.romaoggi.eu\/wp-content\/uploads\/2025\/03\/Foto-Irene-Cinardi-2-300x199.jpg 300w, https:\/\/www.romaoggi.eu\/wp-content\/uploads\/2025\/03\/Foto-Irene-Cinardi-2-1024x680.jpg 1024w, https:\/\/www.romaoggi.eu\/wp-content\/uploads\/2025\/03\/Foto-Irene-Cinardi-2-1536x1020.jpg 1536w, https:\/\/www.romaoggi.eu\/wp-content\/uploads\/2025\/03\/Foto-Irene-Cinardi-2.jpg 2048w\" sizes=\"auto, (max-width: 871px) 100vw, 871px\" \/><figcaption id=\"caption-attachment-38568\" class=\"wp-caption-text\"><strong>Castelli Romani Citt\u00e0 Italiana del Vino 2025. Foto di Irene Cinardi<\/strong><\/figcaption><\/figure>\n","protected":false},"excerpt":{"rendered":"<div class=\"mh-excerpt\"><p>Citt\u00e0 del Vino 2025 Soddisfazione dei Castelli Romani e i suoi undici comuni Si \u00e8 tenuta nella mattinata di mercoled\u00ec 5 marzo, presso la Camera di Commercio di Roma, nella Sala del Tempio di Vibia <a class=\"mh-excerpt-more\" href=\"https:\/\/www.romaoggi.eu\/index.php\/2025\/03\/05\/castelli-romani-citta-italiana-del-vino-2025-di-irene-cinardi\/\" title=\"Castelli Romani Citt\u00e0 Italiana del Vino 2025 di Irene Cinardi\">[&#8230;]<\/a><\/p>\n<\/div>","protected":false},"author":17,"featured_media":38564,"comment_status":"closed","ping_status":"open","sticky":false,"template":"","format":"standard","meta":{"_sitemap_exclude":false,"_sitemap_priority":"","_sitemap_frequency":"","footnotes":""},"categories":[8],"tags":[17872,17877,17873,8731,17880,16734,17876,7188,17871,17881,17874,17878,17875,6584,17800,6144,7134,17879,11702,7695,1738,15567,7110],"class_list":["post-38572","post","type-post","status-publish","format-standard","has-post-thumbnail","hentry","category-enogastronomia","tag-alberto-bertucci","tag-andrea-volpi","tag-angelo-radica","tag-ariccia","tag-ascanio-cascella","tag-camera-di-commercio-di-roma","tag-carlo-zoccolotti","tag-castelli-romani","tag-citta-del-vino-2025","tag-francesca-giubelli","tag-francesca-sbardella","tag-francesco-montecuollo","tag-genzano-di-roma","tag-grottaferrata","tag-irene-cinardi","tag-lanuvio","tag-lariano","tag-massimo-pulcini","tag-mirko-di-bernardo","tag-monte-porzio-catone","tag-romaoggi-eu","tag-target-lab-ets","tag-velletri"],"yoast_head":"<!-- This site is optimized with the Yoast SEO plugin v27.5 - https:\/\/yoast.com\/product\/yoast-seo-wordpress\/ -->\n<title>Castelli Romani Citt\u00e0 Italiana del Vino 2025 di Irene Cinardi<\/title>\n<meta name=\"description\" content=\"Citt\u00e0 del Vino 2025 Soddisfazione dei Castelli Romani e i suoi undici comuni Si \u00e8 tenuta nella mattinata di mercoled\u00ec 5 marzo, presso la Camera di\" \/>\n<meta name=\"robots\" content=\"index, follow, max-snippet:-1, max-image-preview:large, max-video-preview:-1\" \/>\n<link rel=\"canonical\" href=\"https:\/\/www.romaoggi.eu\/index.php\/2025\/03\/05\/castelli-romani-citta-italiana-del-vino-2025-di-irene-cinardi\/\" \/>\n<meta property=\"og:locale\" content=\"it_IT\" \/>\n<meta property=\"og:type\" content=\"article\" \/>\n<meta property=\"og:title\" content=\"Castelli Romani Citt\u00e0 Italiana del Vino 2025 di Irene Cinardi\" \/>\n<meta property=\"og:description\" content=\"Citt\u00e0 del Vino 2025 Soddisfazione dei Castelli Romani e i suoi undici comuni Si \u00e8 tenuta nella mattinata di mercoled\u00ec 5 marzo, presso la Camera di\" \/>\n<meta property=\"og:url\" content=\"https:\/\/www.romaoggi.eu\/index.php\/2025\/03\/05\/castelli-romani-citta-italiana-del-vino-2025-di-irene-cinardi\/\" \/>\n<meta property=\"og:site_name\" content=\"roma oggi\" \/>\n<meta property=\"article:publisher\" content=\"https:\/\/www.facebook.com\/RomaOggi-841544845954114\" \/>\n<meta property=\"article:published_time\" content=\"2025-03-05T16:20:22+00:00\" \/>\n<meta property=\"og:image\" content=\"https:\/\/www.romaoggi.eu\/wp-content\/uploads\/2025\/03\/Foto-Irene-Cinardi-3.jpg\" \/>\n\t<meta property=\"og:image:width\" content=\"2048\" \/>\n\t<meta property=\"og:image:height\" content=\"1360\" \/>\n\t<meta property=\"og:image:type\" content=\"image\/jpeg\" \/>\n<meta name=\"author\" content=\"Target Lab Ets\" \/>\n<meta name=\"twitter:card\" content=\"summary_large_image\" \/>\n<meta name=\"twitter:creator\" content=\"@romaoggi_eu\" \/>\n<meta name=\"twitter:site\" content=\"@romaoggi_eu\" \/>\n<meta name=\"twitter:label1\" content=\"Scritto da\" \/>\n\t<meta name=\"twitter:data1\" content=\"Target Lab Ets\" \/>\n\t<meta name=\"twitter:label2\" content=\"Tempo di lettura stimato\" \/>\n\t<meta name=\"twitter:data2\" content=\"5 minuti\" \/>\n<script type=\"application\/ld+json\" class=\"yoast-schema-graph\">{\"@context\":\"https:\\\/\\\/schema.org\",\"@graph\":[{\"@type\":\"Article\",\"@id\":\"https:\\\/\\\/www.romaoggi.eu\\\/index.php\\\/2025\\\/03\\\/05\\\/castelli-romani-citta-italiana-del-vino-2025-di-irene-cinardi\\\/#article\",\"isPartOf\":{\"@id\":\"https:\\\/\\\/www.romaoggi.eu\\\/index.php\\\/2025\\\/03\\\/05\\\/castelli-romani-citta-italiana-del-vino-2025-di-irene-cinardi\\\/\"},\"author\":{\"name\":\"Target Lab Ets\",\"@id\":\"https:\\\/\\\/www.romaoggi.eu\\\/#\\\/schema\\\/person\\\/72b8cfc6de60caeb335267c8e21d90fb\"},\"headline\":\"Castelli Romani Citt\u00e0 Italiana del Vino 2025 di Irene Cinardi\",\"datePublished\":\"2025-03-05T16:20:22+00:00\",\"mainEntityOfPage\":{\"@id\":\"https:\\\/\\\/www.romaoggi.eu\\\/index.php\\\/2025\\\/03\\\/05\\\/castelli-romani-citta-italiana-del-vino-2025-di-irene-cinardi\\\/\"},\"wordCount\":717,\"publisher\":{\"@id\":\"https:\\\/\\\/www.romaoggi.eu\\\/#organization\"},\"image\":{\"@id\":\"https:\\\/\\\/www.romaoggi.eu\\\/index.php\\\/2025\\\/03\\\/05\\\/castelli-romani-citta-italiana-del-vino-2025-di-irene-cinardi\\\/#primaryimage\"},\"thumbnailUrl\":\"https:\\\/\\\/www.romaoggi.eu\\\/wp-content\\\/uploads\\\/2025\\\/03\\\/Foto-Irene-Cinardi-3.jpg\",\"keywords\":[\"Alberto Bertucci\",\"Andrea Volpi\",\"Angelo Radica\",\"ariccia\",\"Ascanio Cascella\",\"Camera di Commercio di Roma\",\"Carlo Zoccolotti\",\"Castelli Romani\",\"Citt\u00e0 del vino 2025\",\"Francesca Giubelli\",\"Francesca Sbardella\",\"Francesco Montecuollo\",\"Genzano di Roma\",\"Grottaferrata\",\"Irene Cinardi\",\"lanuvio\",\"Lariano\",\"Massimo Pulcini\",\"mirko di bernardo\",\"monte porzio catone\",\"RomaOggi.eu\",\"target lab ets\",\"Velletri\"],\"articleSection\":[\"Enogastronomia\"],\"inLanguage\":\"it-IT\"},{\"@type\":\"WebPage\",\"@id\":\"https:\\\/\\\/www.romaoggi.eu\\\/index.php\\\/2025\\\/03\\\/05\\\/castelli-romani-citta-italiana-del-vino-2025-di-irene-cinardi\\\/\",\"url\":\"https:\\\/\\\/www.romaoggi.eu\\\/index.php\\\/2025\\\/03\\\/05\\\/castelli-romani-citta-italiana-del-vino-2025-di-irene-cinardi\\\/\",\"name\":\"Castelli Romani Citt\u00e0 Italiana del Vino 2025 di Irene Cinardi\",\"isPartOf\":{\"@id\":\"https:\\\/\\\/www.romaoggi.eu\\\/#website\"},\"primaryImageOfPage\":{\"@id\":\"https:\\\/\\\/www.romaoggi.eu\\\/index.php\\\/2025\\\/03\\\/05\\\/castelli-romani-citta-italiana-del-vino-2025-di-irene-cinardi\\\/#primaryimage\"},\"image\":{\"@id\":\"https:\\\/\\\/www.romaoggi.eu\\\/index.php\\\/2025\\\/03\\\/05\\\/castelli-romani-citta-italiana-del-vino-2025-di-irene-cinardi\\\/#primaryimage\"},\"thumbnailUrl\":\"https:\\\/\\\/www.romaoggi.eu\\\/wp-content\\\/uploads\\\/2025\\\/03\\\/Foto-Irene-Cinardi-3.jpg\",\"datePublished\":\"2025-03-05T16:20:22+00:00\",\"description\":\"Citt\u00e0 del Vino 2025 Soddisfazione dei Castelli Romani e i suoi undici comuni Si \u00e8 tenuta nella mattinata di mercoled\u00ec 5 marzo, presso la Camera di\",\"breadcrumb\":{\"@id\":\"https:\\\/\\\/www.romaoggi.eu\\\/index.php\\\/2025\\\/03\\\/05\\\/castelli-romani-citta-italiana-del-vino-2025-di-irene-cinardi\\\/#breadcrumb\"},\"inLanguage\":\"it-IT\",\"potentialAction\":[{\"@type\":\"ReadAction\",\"target\":[\"https:\\\/\\\/www.romaoggi.eu\\\/index.php\\\/2025\\\/03\\\/05\\\/castelli-romani-citta-italiana-del-vino-2025-di-irene-cinardi\\\/\"]}]},{\"@type\":\"ImageObject\",\"inLanguage\":\"it-IT\",\"@id\":\"https:\\\/\\\/www.romaoggi.eu\\\/index.php\\\/2025\\\/03\\\/05\\\/castelli-romani-citta-italiana-del-vino-2025-di-irene-cinardi\\\/#primaryimage\",\"url\":\"https:\\\/\\\/www.romaoggi.eu\\\/wp-content\\\/uploads\\\/2025\\\/03\\\/Foto-Irene-Cinardi-3.jpg\",\"contentUrl\":\"https:\\\/\\\/www.romaoggi.eu\\\/wp-content\\\/uploads\\\/2025\\\/03\\\/Foto-Irene-Cinardi-3.jpg\",\"width\":2048,\"height\":1360,\"caption\":\"A.Bertucci - Sindaco di Nemi e Vicepresidente Naz. dell'Ass. Citt\u00e0 del Vino; L. Tagliavanti \u2013 Pres. della Camera di Commercio di Roma; G. Righini \u2013 Ass.re Regione Lazio.\"},{\"@type\":\"BreadcrumbList\",\"@id\":\"https:\\\/\\\/www.romaoggi.eu\\\/index.php\\\/2025\\\/03\\\/05\\\/castelli-romani-citta-italiana-del-vino-2025-di-irene-cinardi\\\/#breadcrumb\",\"itemListElement\":[{\"@type\":\"ListItem\",\"position\":1,\"name\":\"Home\",\"item\":\"https:\\\/\\\/www.romaoggi.eu\\\/\"},{\"@type\":\"ListItem\",\"position\":2,\"name\":\"Castelli Romani Citt\u00e0 Italiana del Vino 2025 di Irene Cinardi\"}]},{\"@type\":\"WebSite\",\"@id\":\"https:\\\/\\\/www.romaoggi.eu\\\/#website\",\"url\":\"https:\\\/\\\/www.romaoggi.eu\\\/\",\"name\":\"roma oggi\",\"description\":\"Interesting News for Interesting people\",\"publisher\":{\"@id\":\"https:\\\/\\\/www.romaoggi.eu\\\/#organization\"},\"potentialAction\":[{\"@type\":\"SearchAction\",\"target\":{\"@type\":\"EntryPoint\",\"urlTemplate\":\"https:\\\/\\\/www.romaoggi.eu\\\/?s={search_term_string}\"},\"query-input\":{\"@type\":\"PropertyValueSpecification\",\"valueRequired\":true,\"valueName\":\"search_term_string\"}}],\"inLanguage\":\"it-IT\"},{\"@type\":\"Organization\",\"@id\":\"https:\\\/\\\/www.romaoggi.eu\\\/#organization\",\"name\":\"RomaOggi\",\"url\":\"https:\\\/\\\/www.romaoggi.eu\\\/\",\"logo\":{\"@type\":\"ImageObject\",\"inLanguage\":\"it-IT\",\"@id\":\"https:\\\/\\\/www.romaoggi.eu\\\/#\\\/schema\\\/logo\\\/image\\\/\",\"url\":\"https:\\\/\\\/www.romaoggi.eu\\\/wp-content\\\/uploads\\\/2017\\\/04\\\/logowp.jpg\",\"contentUrl\":\"https:\\\/\\\/www.romaoggi.eu\\\/wp-content\\\/uploads\\\/2017\\\/04\\\/logowp.jpg\",\"width\":300,\"height\":133,\"caption\":\"RomaOggi\"},\"image\":{\"@id\":\"https:\\\/\\\/www.romaoggi.eu\\\/#\\\/schema\\\/logo\\\/image\\\/\"},\"sameAs\":[\"https:\\\/\\\/www.facebook.com\\\/RomaOggi-841544845954114\",\"https:\\\/\\\/x.com\\\/romaoggi_eu\"]},{\"@type\":\"Person\",\"@id\":\"https:\\\/\\\/www.romaoggi.eu\\\/#\\\/schema\\\/person\\\/72b8cfc6de60caeb335267c8e21d90fb\",\"name\":\"Target Lab Ets\",\"image\":{\"@type\":\"ImageObject\",\"inLanguage\":\"it-IT\",\"@id\":\"https:\\\/\\\/secure.gravatar.com\\\/avatar\\\/ab64fd266889a629b0e9e6ab56209e379c2a89cfda303941ee9621d4090292d1?s=96&d=mm&r=g\",\"url\":\"https:\\\/\\\/secure.gravatar.com\\\/avatar\\\/ab64fd266889a629b0e9e6ab56209e379c2a89cfda303941ee9621d4090292d1?s=96&d=mm&r=g\",\"contentUrl\":\"https:\\\/\\\/secure.gravatar.com\\\/avatar\\\/ab64fd266889a629b0e9e6ab56209e379c2a89cfda303941ee9621d4090292d1?s=96&d=mm&r=g\",\"caption\":\"Target Lab Ets\"},\"sameAs\":[\"http:\\\/\\\/www.targetlab.org\"],\"url\":\"https:\\\/\\\/www.romaoggi.eu\\\/index.php\\\/author\\\/isfc\\\/\"}]}<\/script>\n<!-- \/ Yoast SEO plugin. -->","yoast_head_json":{"title":"Castelli Romani Citt\u00e0 Italiana del Vino 2025 di Irene Cinardi","description":"Citt\u00e0 del Vino 2025 Soddisfazione dei Castelli Romani e i suoi undici comuni Si \u00e8 tenuta nella mattinata di mercoled\u00ec 5 marzo, presso la Camera di","robots":{"index":"index","follow":"follow","max-snippet":"max-snippet:-1","max-image-preview":"max-image-preview:large","max-video-preview":"max-video-preview:-1"},"canonical":"https:\/\/www.romaoggi.eu\/index.php\/2025\/03\/05\/castelli-romani-citta-italiana-del-vino-2025-di-irene-cinardi\/","og_locale":"it_IT","og_type":"article","og_title":"Castelli Romani Citt\u00e0 Italiana del Vino 2025 di Irene Cinardi","og_description":"Citt\u00e0 del Vino 2025 Soddisfazione dei Castelli Romani e i suoi undici comuni Si \u00e8 tenuta nella mattinata di mercoled\u00ec 5 marzo, presso la Camera di","og_url":"https:\/\/www.romaoggi.eu\/index.php\/2025\/03\/05\/castelli-romani-citta-italiana-del-vino-2025-di-irene-cinardi\/","og_site_name":"roma oggi","article_publisher":"https:\/\/www.facebook.com\/RomaOggi-841544845954114","article_published_time":"2025-03-05T16:20:22+00:00","og_image":[{"width":2048,"height":1360,"url":"https:\/\/www.romaoggi.eu\/wp-content\/uploads\/2025\/03\/Foto-Irene-Cinardi-3.jpg","type":"image\/jpeg"}],"author":"Target Lab Ets","twitter_card":"summary_large_image","twitter_creator":"@romaoggi_eu","twitter_site":"@romaoggi_eu","twitter_misc":{"Scritto da":"Target Lab Ets","Tempo di lettura stimato":"5 minuti"},"schema":{"@context":"https:\/\/schema.org","@graph":[{"@type":"Article","@id":"https:\/\/www.romaoggi.eu\/index.php\/2025\/03\/05\/castelli-romani-citta-italiana-del-vino-2025-di-irene-cinardi\/#article","isPartOf":{"@id":"https:\/\/www.romaoggi.eu\/index.php\/2025\/03\/05\/castelli-romani-citta-italiana-del-vino-2025-di-irene-cinardi\/"},"author":{"name":"Target Lab Ets","@id":"https:\/\/www.romaoggi.eu\/#\/schema\/person\/72b8cfc6de60caeb335267c8e21d90fb"},"headline":"Castelli Romani Citt\u00e0 Italiana del Vino 2025 di Irene Cinardi","datePublished":"2025-03-05T16:20:22+00:00","mainEntityOfPage":{"@id":"https:\/\/www.romaoggi.eu\/index.php\/2025\/03\/05\/castelli-romani-citta-italiana-del-vino-2025-di-irene-cinardi\/"},"wordCount":717,"publisher":{"@id":"https:\/\/www.romaoggi.eu\/#organization"},"image":{"@id":"https:\/\/www.romaoggi.eu\/index.php\/2025\/03\/05\/castelli-romani-citta-italiana-del-vino-2025-di-irene-cinardi\/#primaryimage"},"thumbnailUrl":"https:\/\/www.romaoggi.eu\/wp-content\/uploads\/2025\/03\/Foto-Irene-Cinardi-3.jpg","keywords":["Alberto Bertucci","Andrea Volpi","Angelo Radica","ariccia","Ascanio Cascella","Camera di Commercio di Roma","Carlo Zoccolotti","Castelli Romani","Citt\u00e0 del vino 2025","Francesca Giubelli","Francesca Sbardella","Francesco Montecuollo","Genzano di Roma","Grottaferrata","Irene Cinardi","lanuvio","Lariano","Massimo Pulcini","mirko di bernardo","monte porzio catone","RomaOggi.eu","target lab ets","Velletri"],"articleSection":["Enogastronomia"],"inLanguage":"it-IT"},{"@type":"WebPage","@id":"https:\/\/www.romaoggi.eu\/index.php\/2025\/03\/05\/castelli-romani-citta-italiana-del-vino-2025-di-irene-cinardi\/","url":"https:\/\/www.romaoggi.eu\/index.php\/2025\/03\/05\/castelli-romani-citta-italiana-del-vino-2025-di-irene-cinardi\/","name":"Castelli Romani Citt\u00e0 Italiana del Vino 2025 di Irene Cinardi","isPartOf":{"@id":"https:\/\/www.romaoggi.eu\/#website"},"primaryImageOfPage":{"@id":"https:\/\/www.romaoggi.eu\/index.php\/2025\/03\/05\/castelli-romani-citta-italiana-del-vino-2025-di-irene-cinardi\/#primaryimage"},"image":{"@id":"https:\/\/www.romaoggi.eu\/index.php\/2025\/03\/05\/castelli-romani-citta-italiana-del-vino-2025-di-irene-cinardi\/#primaryimage"},"thumbnailUrl":"https:\/\/www.romaoggi.eu\/wp-content\/uploads\/2025\/03\/Foto-Irene-Cinardi-3.jpg","datePublished":"2025-03-05T16:20:22+00:00","description":"Citt\u00e0 del Vino 2025 Soddisfazione dei Castelli Romani e i suoi undici comuni Si \u00e8 tenuta nella mattinata di mercoled\u00ec 5 marzo, presso la Camera di","breadcrumb":{"@id":"https:\/\/www.romaoggi.eu\/index.php\/2025\/03\/05\/castelli-romani-citta-italiana-del-vino-2025-di-irene-cinardi\/#breadcrumb"},"inLanguage":"it-IT","potentialAction":[{"@type":"ReadAction","target":["https:\/\/www.romaoggi.eu\/index.php\/2025\/03\/05\/castelli-romani-citta-italiana-del-vino-2025-di-irene-cinardi\/"]}]},{"@type":"ImageObject","inLanguage":"it-IT","@id":"https:\/\/www.romaoggi.eu\/index.php\/2025\/03\/05\/castelli-romani-citta-italiana-del-vino-2025-di-irene-cinardi\/#primaryimage","url":"https:\/\/www.romaoggi.eu\/wp-content\/uploads\/2025\/03\/Foto-Irene-Cinardi-3.jpg","contentUrl":"https:\/\/www.romaoggi.eu\/wp-content\/uploads\/2025\/03\/Foto-Irene-Cinardi-3.jpg","width":2048,"height":1360,"caption":"A.Bertucci - Sindaco di Nemi e Vicepresidente Naz. dell'Ass. Citt\u00e0 del Vino; L. Tagliavanti \u2013 Pres. della Camera di Commercio di Roma; G. Righini \u2013 Ass.re Regione Lazio."},{"@type":"BreadcrumbList","@id":"https:\/\/www.romaoggi.eu\/index.php\/2025\/03\/05\/castelli-romani-citta-italiana-del-vino-2025-di-irene-cinardi\/#breadcrumb","itemListElement":[{"@type":"ListItem","position":1,"name":"Home","item":"https:\/\/www.romaoggi.eu\/"},{"@type":"ListItem","position":2,"name":"Castelli Romani Citt\u00e0 Italiana del Vino 2025 di Irene Cinardi"}]},{"@type":"WebSite","@id":"https:\/\/www.romaoggi.eu\/#website","url":"https:\/\/www.romaoggi.eu\/","name":"roma oggi","description":"Interesting News for Interesting people","publisher":{"@id":"https:\/\/www.romaoggi.eu\/#organization"},"potentialAction":[{"@type":"SearchAction","target":{"@type":"EntryPoint","urlTemplate":"https:\/\/www.romaoggi.eu\/?s={search_term_string}"},"query-input":{"@type":"PropertyValueSpecification","valueRequired":true,"valueName":"search_term_string"}}],"inLanguage":"it-IT"},{"@type":"Organization","@id":"https:\/\/www.romaoggi.eu\/#organization","name":"RomaOggi","url":"https:\/\/www.romaoggi.eu\/","logo":{"@type":"ImageObject","inLanguage":"it-IT","@id":"https:\/\/www.romaoggi.eu\/#\/schema\/logo\/image\/","url":"https:\/\/www.romaoggi.eu\/wp-content\/uploads\/2017\/04\/logowp.jpg","contentUrl":"https:\/\/www.romaoggi.eu\/wp-content\/uploads\/2017\/04\/logowp.jpg","width":300,"height":133,"caption":"RomaOggi"},"image":{"@id":"https:\/\/www.romaoggi.eu\/#\/schema\/logo\/image\/"},"sameAs":["https:\/\/www.facebook.com\/RomaOggi-841544845954114","https:\/\/x.com\/romaoggi_eu"]},{"@type":"Person","@id":"https:\/\/www.romaoggi.eu\/#\/schema\/person\/72b8cfc6de60caeb335267c8e21d90fb","name":"Target Lab Ets","image":{"@type":"ImageObject","inLanguage":"it-IT","@id":"https:\/\/secure.gravatar.com\/avatar\/ab64fd266889a629b0e9e6ab56209e379c2a89cfda303941ee9621d4090292d1?s=96&d=mm&r=g","url":"https:\/\/secure.gravatar.com\/avatar\/ab64fd266889a629b0e9e6ab56209e379c2a89cfda303941ee9621d4090292d1?s=96&d=mm&r=g","contentUrl":"https:\/\/secure.gravatar.com\/avatar\/ab64fd266889a629b0e9e6ab56209e379c2a89cfda303941ee9621d4090292d1?s=96&d=mm&r=g","caption":"Target Lab Ets"},"sameAs":["http:\/\/www.targetlab.org"],"url":"https:\/\/www.romaoggi.eu\/index.php\/author\/isfc\/"}]}},"_links":{"self":[{"href":"https:\/\/www.romaoggi.eu\/index.php\/wp-json\/wp\/v2\/posts\/38572","targetHints":{"allow":["GET"]}}],"collection":[{"href":"https:\/\/www.romaoggi.eu\/index.php\/wp-json\/wp\/v2\/posts"}],"about":[{"href":"https:\/\/www.romaoggi.eu\/index.php\/wp-json\/wp\/v2\/types\/post"}],"author":[{"embeddable":true,"href":"https:\/\/www.romaoggi.eu\/index.php\/wp-json\/wp\/v2\/users\/17"}],"replies":[{"embeddable":true,"href":"https:\/\/www.romaoggi.eu\/index.php\/wp-json\/wp\/v2\/comments?post=38572"}],"version-history":[{"count":3,"href":"https:\/\/www.romaoggi.eu\/index.php\/wp-json\/wp\/v2\/posts\/38572\/revisions"}],"predecessor-version":[{"id":38576,"href":"https:\/\/www.romaoggi.eu\/index.php\/wp-json\/wp\/v2\/posts\/38572\/revisions\/38576"}],"wp:featuredmedia":[{"embeddable":true,"href":"https:\/\/www.romaoggi.eu\/index.php\/wp-json\/wp\/v2\/media\/38564"}],"wp:attachment":[{"href":"https:\/\/www.romaoggi.eu\/index.php\/wp-json\/wp\/v2\/media?parent=38572"}],"wp:term":[{"taxonomy":"category","embeddable":true,"href":"https:\/\/www.romaoggi.eu\/index.php\/wp-json\/wp\/v2\/categories?post=38572"},{"taxonomy":"post_tag","embeddable":true,"href":"https:\/\/www.romaoggi.eu\/index.php\/wp-json\/wp\/v2\/tags?post=38572"}],"curies":[{"name":"wp","href":"https:\/\/api.w.org\/{rel}","templated":true}]}}