{"id":38608,"date":"2025-03-08T19:42:17","date_gmt":"2025-03-08T18:42:17","guid":{"rendered":"https:\/\/www.romaoggi.eu\/?p=38608"},"modified":"2025-03-08T19:44:16","modified_gmt":"2025-03-08T18:44:16","slug":"una-rete-in-viaggio-storie-idee-progetti-iv-edizione-2025-fotografia-e-lavoro","status":"publish","type":"post","link":"https:\/\/www.romaoggi.eu\/index.php\/2025\/03\/08\/una-rete-in-viaggio-storie-idee-progetti-iv-edizione-2025-fotografia-e-lavoro\/","title":{"rendered":"UNA RETE IN VIAGGIO. Storie, idee, progetti  IV Edizione 2025 FOTOGRAFIA E LAVORO"},"content":{"rendered":"<p><img loading=\"lazy\" decoding=\"async\" class=\"wp-image-38616 aligncenter\" src=\"https:\/\/www.romaoggi.eu\/wp-content\/uploads\/2025\/03\/banner-300x88.jpg\" alt=\"\" width=\"453\" height=\"133\" srcset=\"https:\/\/www.romaoggi.eu\/wp-content\/uploads\/2025\/03\/banner-300x88.jpg 300w, https:\/\/www.romaoggi.eu\/wp-content\/uploads\/2025\/03\/banner-1024x301.jpg 1024w, https:\/\/www.romaoggi.eu\/wp-content\/uploads\/2025\/03\/banner.jpg 1200w\" sizes=\"auto, (max-width: 453px) 100vw, 453px\" \/><\/p>\n<p style=\"text-align: center\"><span style=\"color: #0000ff\"><strong><span style=\"font-size: x-large\">UNA RETE IN VIAGGIO. Storie, idee, progetti<\/span><\/strong><\/span><\/p>\n<p style=\"text-align: center\"><span style=\"color: #0000ff\"><strong><span style=\"font-size: x-large\">IV Edizione 2025 <\/span><span style=\"font-size: x-large\"><i>FOTOGRAFIA E LAVORO<\/i><\/span><\/strong><\/span><\/p>\n<p style=\"text-align: center\"><span style=\"color: #ff0000\"><strong>Marzo &#8211; maggio 2025 <\/strong><\/span><\/p>\n<p style=\"text-align: center\"><b>21 marzo 2025, ore 18<\/b><br \/>\n<i> PERSONE E PROFESSIONI<\/i><\/p>\n<p style=\"text-align: center\" align=\"JUSTIFY\">Dalmine (BG), Fondazione Dalmine<\/p>\n<p style=\"text-align: center\"><b>8 aprile 2025, ore 18.15<\/b><\/p>\n<p style=\"text-align: center\" align=\"JUSTIFY\"><i>PRODOTTI E COMUNICAZIONE<\/i><\/p>\n<p style=\"text-align: center\" align=\"JUSTIFY\">Milano, Fondazione Pirelli<\/p>\n<p style=\"text-align: center\"><b>10 maggio 2025, ore 10.30<\/b><\/p>\n<p style=\"text-align: center\" align=\"JUSTIFY\"><i>LUOGHI E FORME DEL LAVORO<\/i><\/p>\n<p style=\"text-align: center\" align=\"JUSTIFY\">Genova, Fondazione Ansaldo<\/p>\n<p align=\"RIGHT\"><span style=\"font-size: small\">Comunicato stampa<\/span><\/p>\n<p align=\"JUSTIFY\"><b>Rete Fotografia presenta la quarta edizione di<\/b> <b>UNA RETE IN VIAGGIO. Storie, idee, progetti<\/b>, un programma di appuntamenti che, anche nella primavera del 2025, unisce istituzioni e archivi fotografici in un dialogo vivo e stimolante.<\/p>\n<p align=\"JUSTIFY\">Il tema scelto \u00e8 il rapporto tra <i>FOTOGRAFIA E LAVORO<\/i>, declinato in tre appuntamenti che esplorano il ruolo del medium fotografico nella documentazione e nella narrazione di persone, professioni, prodotti e luoghi legati al mondo del lavoro. Un viaggio tra immagini e storie che raccontano l\u2019evoluzione delle professioni e il loro impatto sulla societ\u00e0.<\/p>\n<figure id=\"attachment_38604\" aria-describedby=\"caption-attachment-38604\" style=\"width: 404px\" class=\"wp-caption alignleft\"><img loading=\"lazy\" decoding=\"async\" class=\" wp-image-38604\" src=\"https:\/\/www.romaoggi.eu\/wp-content\/uploads\/2025\/03\/Gianni-Berengo-Gardin-Gabriele-Basilico-Archivio-Fiera-di-Milano-300x200.jpg\" alt=\"Alt tag Una Rete in viaggio\" width=\"404\" height=\"269\" srcset=\"https:\/\/www.romaoggi.eu\/wp-content\/uploads\/2025\/03\/Gianni-Berengo-Gardin-Gabriele-Basilico-Archivio-Fiera-di-Milano-300x200.jpg 300w, https:\/\/www.romaoggi.eu\/wp-content\/uploads\/2025\/03\/Gianni-Berengo-Gardin-Gabriele-Basilico-Archivio-Fiera-di-Milano-1024x683.jpg 1024w, https:\/\/www.romaoggi.eu\/wp-content\/uploads\/2025\/03\/Gianni-Berengo-Gardin-Gabriele-Basilico-Archivio-Fiera-di-Milano-1536x1024.jpg 1536w, https:\/\/www.romaoggi.eu\/wp-content\/uploads\/2025\/03\/Gianni-Berengo-Gardin-Gabriele-Basilico-Archivio-Fiera-di-Milano-2048x1365.jpg 2048w\" sizes=\"auto, (max-width: 404px) 100vw, 404px\" \/><figcaption id=\"caption-attachment-38604\" class=\"wp-caption-text\"><strong>Gianni Berengo Gardin, Gabriele Basilico, Archivio Fiera di Milano<\/strong><\/figcaption><\/figure>\n<p align=\"JUSTIFY\">Primo appuntamento <b>venerd\u00ec 21 marzo 2025, ore 18 <\/b>alla <b>Fondazione Dalmine<\/b> in provincia di Bergamo presso la nuova sede da poco inaugurata. L\u2019incontro dal titolo <i>PERSONE E PROFESSIONI <\/i>\u00e8 dedicato alla rappresentazione fotografica di lavoratori e lavoratrici, con uno sguardo sulle professioni e sui volti che hanno costruito la storia industriale e sociale del nostro Paese. Partecipano l\u2019<span style=\"color: #000000\">Archivio di Etnografia e Storia Sociale (AESS) di Regione<\/span><b> <\/b><span style=\"color: #000000\">Lombardia, <\/span>Fondazione CDEC, Fondazione Dalmine e la Fototeca dei Civici Musei di Storia ed Arte di Trieste.<\/p>\n<figure id=\"attachment_38605\" aria-describedby=\"caption-attachment-38605\" style=\"width: 359px\" class=\"wp-caption alignleft\"><img loading=\"lazy\" decoding=\"async\" class=\" wp-image-38605\" src=\"https:\/\/www.romaoggi.eu\/wp-content\/uploads\/2025\/03\/Elio-Luxardo-2-per-Motta-Fondazione-3M-223x300.jpg\" alt=\"Alt tag Una Rete in viaggio\" width=\"359\" height=\"483\" srcset=\"https:\/\/www.romaoggi.eu\/wp-content\/uploads\/2025\/03\/Elio-Luxardo-2-per-Motta-Fondazione-3M-223x300.jpg 223w, https:\/\/www.romaoggi.eu\/wp-content\/uploads\/2025\/03\/Elio-Luxardo-2-per-Motta-Fondazione-3M-761x1024.jpg 761w, https:\/\/www.romaoggi.eu\/wp-content\/uploads\/2025\/03\/Elio-Luxardo-2-per-Motta-Fondazione-3M-1141x1536.jpg 1141w, https:\/\/www.romaoggi.eu\/wp-content\/uploads\/2025\/03\/Elio-Luxardo-2-per-Motta-Fondazione-3M-1521x2048.jpg 1521w, https:\/\/www.romaoggi.eu\/wp-content\/uploads\/2025\/03\/Elio-Luxardo-2-per-Motta-Fondazione-3M-scaled.jpg 1901w\" sizes=\"auto, (max-width: 359px) 100vw, 359px\" \/><figcaption id=\"caption-attachment-38605\" class=\"wp-caption-text\"><strong>Elio Luxardo 2, per Motta Fondazione 3M<\/strong><\/figcaption><\/figure>\n<p align=\"JUSTIFY\">Segue <b>marted\u00ec<\/b> <b>8 aprile 2025, <\/b>alle <b>ore 18.15<\/b>,<b> <\/b><i>PRODOTTI E COMUNICAZIONE<\/i> alla <b>Fondazione Pirelli di Milano.<\/b> Un dialogo sull\u2019archivio fotografico legato ai prodotti industriali e alla loro comunicazione, con particolare attenzione al ruolo della fotografia come strumento di promozione e racconto identitario delle aziende. Partecipano Fondazione Fiera Milano, Fondazione Pirelli e Fondazione 3M.<\/p>\n<p style=\"text-align: left\" align=\"JUSTIFY\">Il ciclo d\u2019incontri si conclude a <b>Genova sabato 10 maggio 2025<\/b>, alle <b>ore 10.30<\/b>, alla <b>Fondazione Ansaldo<\/b> dove si discuter\u00e0 di <i>LUOGHI E FORME DEL LAVORO.<\/i><b> <\/b>Un approfondimento sui luoghi del lavoro, dalle fabbriche agli uffici, e sulle loro evoluzioni, documentate attraverso lo sguardo dei fotografi e il valore storico degli archivi. Partecipano Fondazione AEM, Fondazione Ansaldo, Fondazione Antico Ospedale Santa Maria della Scala e Museo del Cinema di Torino.<\/p>\n<p align=\"JUSTIFY\"><span style=\"font-family: Times New Roman, serif\"><span style=\"font-size: medium\"><span style=\"font-family: Calibri, serif\"><span style=\"font-size: small\"><b>Una Rete in Viaggio si conferma anche quest\u2019anno come un\u2019opportunit\u00e0 unica per intrecciare i patrimoni fotografici, incentivare il dialogo tra gli archivi e valorizzare la fotografia come strumento di memoria e cultura. <\/b><\/span><\/span><\/span><\/span><\/p>\n<p align=\"JUSTIFY\"><span style=\"font-family: Times New Roman, serif\"><span style=\"font-size: medium\"><span style=\"font-family: Calibri, serif\"><span style=\"font-size: small\">Gli eventi avranno una durata di circa un\u2019ora e saranno seguiti da momenti di condivisione e approfondimento, con un\u2019analisi e un confronto sulle ricchezze dei rispettivi patrimoni fotografici.<\/span><\/span><\/span><\/span><\/p>\n<p align=\"JUSTIFY\">Gli incontri si svolgeranno in presenza e in streaming, offrendo una possibilit\u00e0 di partecipazione ampia e inclusiva.<\/p>\n<p style=\"text-align: center\" align=\"JUSTIFY\"><strong><span style=\"font-size: large\">PROGRAMMA<\/span><\/strong><\/p>\n<p style=\"text-align: center\"><strong><i>21 marzo 2025, ore 18<\/i><span style=\"font-size: large\"><br \/>\nPERSONE E PROFESSIONI<\/span><\/strong><\/p>\n<p style=\"text-align: center\" align=\"JUSTIFY\"><span style=\"font-size: small\">Dalmine (B<\/span><span style=\"font-size: small\">G), Fondazione Dalmine, <\/span><span style=\"color: #000000\"><span style=\"font-size: small\">Piazzale Leonardo da Vinci 3<\/span><\/span><\/p>\n<figure id=\"attachment_38607\" aria-describedby=\"caption-attachment-38607\" style=\"width: 464px\" class=\"wp-caption aligncenter\"><img loading=\"lazy\" decoding=\"async\" class=\" wp-image-38607\" src=\"https:\/\/www.romaoggi.eu\/wp-content\/uploads\/2025\/03\/Sede-Fondazione-Dalmine-300x200.jpg\" alt=\"Alt tag Una Rete in viaggio\" width=\"464\" height=\"309\" srcset=\"https:\/\/www.romaoggi.eu\/wp-content\/uploads\/2025\/03\/Sede-Fondazione-Dalmine-300x200.jpg 300w, https:\/\/www.romaoggi.eu\/wp-content\/uploads\/2025\/03\/Sede-Fondazione-Dalmine-1024x683.jpg 1024w, https:\/\/www.romaoggi.eu\/wp-content\/uploads\/2025\/03\/Sede-Fondazione-Dalmine.jpg 1182w\" sizes=\"auto, (max-width: 464px) 100vw, 464px\" \/><figcaption id=\"caption-attachment-38607\" class=\"wp-caption-text\"><strong>Sede Fondazione Dalmine<\/strong><\/figcaption><\/figure>\n<p align=\"JUSTIFY\"><span style=\"color: #000000\"><span style=\"font-size: small\">Intervengono:<\/span><\/span><b> <\/b><span style=\"color: #000000\"><span style=\"font-size: small\"><i>Agostina Lavagnino,<\/i><\/span><\/span> <span style=\"color: #000000\"><span style=\"font-size: small\">Archivio di Etnografia e Storia Sociale (AESS) &#8211; Regione<\/span><\/span><b> <\/b><span style=\"color: #000000\"><span style=\"font-size: small\">Lombardia;<\/span><\/span><b> <\/b><span style=\"font-size: small\"><i>Daniela Scala,<\/i><\/span><span style=\"font-size: small\"> Fondazione CDEC; <\/span><span style=\"font-size: small\"><i>Silvia Giugno<\/i><\/span><span style=\"font-size: small\">, Fondazione Dalmine; <\/span><span style=\"font-size: small\"><i>Claudia Colecchia<\/i><\/span><span style=\"font-size: small\">, Fototeca dei Civici Musei di Storia ed Arte di Trieste.<\/span><\/p>\n<p><span style=\"font-size: small\">Per prenotarsi in presenza: segreteria@fondazionedalmine.org<\/span><\/p>\n<p><span style=\"font-size: small\"><i>Segue visita alla mostra in corso e all\u2019archivio.<\/i><\/span><\/p>\n<p style=\"text-align: center\"><strong><i>8 aprile 2025, ore 18.15<\/i><\/strong><\/p>\n<p style=\"text-align: center\" align=\"JUSTIFY\"><strong><span style=\"font-size: large\">PRODOTTI E COMUNICAZIONE <\/span><\/strong><\/p>\n<p style=\"text-align: center\" align=\"JUSTIFY\"><span style=\"font-size: small\">Milano, Fondazione Pirelli, <\/span><span style=\"color: #000000\"><span style=\"font-size: small\">Viale Sarca 220<\/span><\/span><\/p>\n<p align=\"JUSTIFY\"><span style=\"color: #000000\"><span style=\"font-size: small\">Intervengono:<\/span><\/span><b> <\/b><span style=\"font-size: small\"><i>Andrea Lovati<\/i><\/span><span style=\"font-size: small\">, Fondazione Fiera Milano; <\/span><span style=\"font-size: small\"><i>Mila Forlani<\/i><\/span><span style=\"font-size: small\">, Fondazione Pirelli, <\/span><span style=\"font-size: small\"><i>Roberto Mutti<\/i><\/span><span style=\"font-size: small\">, Fondazione 3M.<\/span><\/p>\n<p align=\"JUSTIFY\"><span style=\"font-size: small\">Per prenotarsi in presenza: https:\/\/zuant.marketpointcrm.com\/pirelli\/fondazione2024 <\/span><\/p>\n<p><span style=\"font-size: small\"><i>Dalle ore 17.30 visita agli archivi riservata a tutti i partecipanti<\/i><\/span><\/p>\n<p style=\"text-align: center\"><strong><i>10 maggio 2025, ore 10.30<\/i><\/strong><\/p>\n<p style=\"text-align: center\" align=\"JUSTIFY\"><strong><span style=\"font-size: large\"><i>LUOGHI E FORME DEL LAVORO<\/i><\/span><\/strong><\/p>\n<p style=\"text-align: center\" align=\"JUSTIFY\"><span style=\"font-size: small\">Genova, Fondazione Ansaldo, Corso F.M. Perrone 118<\/span><\/p>\n<p align=\"JUSTIFY\"><span style=\"color: #000000\"><span style=\"font-size: small\">Intervengono:<\/span><\/span><b> <\/b><span style=\"color: #000000\"><span style=\"font-size: small\"><i>Federica Miotti, <\/i><\/span><\/span><span style=\"font-size: small\"><i>Fabrizio Trisoglio<\/i><\/span><span style=\"font-size: small\">, Fondazione AEM; <\/span><span style=\"font-size: small\"><i>Pietro Repetto<\/i><\/span><span style=\"font-size: small\">, Fondazione Ansaldo; <\/span><span style=\"font-size: small\"><i>Lucia Simona Pacchierotti<\/i><\/span><span style=\"font-size: small\">, Fondazione Antico Ospedale Santa Maria della Scala; <\/span><span style=\"font-size: small\"><i>Roberta Basano<\/i><\/span><span style=\"font-size: small\">, Museo del Cinema di Torino.<\/span><\/p>\n<p><span style=\"font-size: small\">Per prenotarsi in presenza: eventi@fondazioneansaldo.it<\/span><\/p>\n<p align=\"JUSTIFY\"><span style=\"font-size: small\">RETE FOTOGRAFIA<\/span><b> <\/b><span style=\"font-size: small\">\u00e8 nata nel 2011 a Milano su iniziativa di un gruppo di enti e istituzioni, attivi nel settore della fotografia, con la finalit\u00e0 di creare un sistema aperto di collegamenti e relazioni tra realt\u00e0 pubbliche e private, di promuovere e valorizzare la fotografia attraverso una cultura critica sempre pi\u00f9 ampia, aggiornata e qualificata. Costituitasi come associazione non profit nel 2016, organizza incontri, convegni, seminari, visite guidate riservate ai soci al fine di offrire strumenti di conoscenza e aggiornamento a specialisti. Nello stesso tempo diffonde, in modo gratuito, la cultura fotografica a un territorio e a un pubblico sempre pi\u00f9 vasto, non solo di addetti ai lavori, e attraverso due manifestazioni: \u201cUna Rete in Viaggio\u201d<\/span><span style=\"font-size: small\"> e \u201c<\/span><span style=\"font-size: small\">Archivi Aperti\u201d.<\/span><\/p>\n<p>&nbsp;<\/p>\n<p><span style=\"color: #ff0000\"><strong>Pubblicato da Alessandro Lisci\u00a0 &#8211; Target Lab Ets &#8211; infoline 3316379346<\/strong><\/span><\/p>\n<p>&nbsp;<\/p>\n<figure id=\"attachment_38600\" aria-describedby=\"caption-attachment-38600\" style=\"width: 655px\" class=\"wp-caption alignnone\"><img loading=\"lazy\" decoding=\"async\" class=\" wp-image-38600\" src=\"https:\/\/www.romaoggi.eu\/wp-content\/uploads\/2025\/03\/Franco-Bottino-fotografa-Nicoletta-Machiavelli-1968-Archivio-Fondazione-Fiera-Milano-300x195.jpg\" alt=\"Alt tag Una Rete in viaggio\" width=\"655\" height=\"426\" srcset=\"https:\/\/www.romaoggi.eu\/wp-content\/uploads\/2025\/03\/Franco-Bottino-fotografa-Nicoletta-Machiavelli-1968-Archivio-Fondazione-Fiera-Milano-300x195.jpg 300w, https:\/\/www.romaoggi.eu\/wp-content\/uploads\/2025\/03\/Franco-Bottino-fotografa-Nicoletta-Machiavelli-1968-Archivio-Fondazione-Fiera-Milano-1024x666.jpg 1024w, https:\/\/www.romaoggi.eu\/wp-content\/uploads\/2025\/03\/Franco-Bottino-fotografa-Nicoletta-Machiavelli-1968-Archivio-Fondazione-Fiera-Milano-1536x999.jpg 1536w, https:\/\/www.romaoggi.eu\/wp-content\/uploads\/2025\/03\/Franco-Bottino-fotografa-Nicoletta-Machiavelli-1968-Archivio-Fondazione-Fiera-Milano-2048x1333.jpg 2048w\" sizes=\"auto, (max-width: 655px) 100vw, 655px\" \/><figcaption id=\"caption-attachment-38600\" class=\"wp-caption-text\"><strong>Franco Bottino fotografa Nicoletta Machiavelli, 1968, Archivio Fondazione Fiera Milano<\/strong><\/figcaption><\/figure>\n<p>&nbsp;<\/p>\n<figure id=\"attachment_38606\" aria-describedby=\"caption-attachment-38606\" style=\"width: 633px\" class=\"wp-caption alignnone\"><img loading=\"lazy\" decoding=\"async\" class=\" wp-image-38606\" src=\"https:\/\/www.romaoggi.eu\/wp-content\/uploads\/2025\/03\/12956-Maestranze-al-lavoro-stabilimento-Compagnia-Generale-Milano-Fond.-Ansaldo-221x300.jpg\" alt=\"Alt tag Una Rete in viaggio\" width=\"633\" height=\"859\" srcset=\"https:\/\/www.romaoggi.eu\/wp-content\/uploads\/2025\/03\/12956-Maestranze-al-lavoro-stabilimento-Compagnia-Generale-Milano-Fond.-Ansaldo-221x300.jpg 221w, https:\/\/www.romaoggi.eu\/wp-content\/uploads\/2025\/03\/12956-Maestranze-al-lavoro-stabilimento-Compagnia-Generale-Milano-Fond.-Ansaldo-755x1024.jpg 755w, https:\/\/www.romaoggi.eu\/wp-content\/uploads\/2025\/03\/12956-Maestranze-al-lavoro-stabilimento-Compagnia-Generale-Milano-Fond.-Ansaldo-1132x1536.jpg 1132w, https:\/\/www.romaoggi.eu\/wp-content\/uploads\/2025\/03\/12956-Maestranze-al-lavoro-stabilimento-Compagnia-Generale-Milano-Fond.-Ansaldo.jpg 1181w\" sizes=\"auto, (max-width: 633px) 100vw, 633px\" \/><figcaption id=\"caption-attachment-38606\" class=\"wp-caption-text\"><strong>12956 Maestranze al lavoro, stabilimento Compagnia Generale Milano, Fond. Ansaldo<\/strong><\/figcaption><\/figure>\n<p>&nbsp;<\/p>\n<figure id=\"attachment_38602\" aria-describedby=\"caption-attachment-38602\" style=\"width: 633px\" class=\"wp-caption alignnone\"><img loading=\"lazy\" decoding=\"async\" class=\" wp-image-38602\" src=\"https:\/\/www.romaoggi.eu\/wp-content\/uploads\/2025\/03\/Modello-di-Anita-Pittoni-indossato-da-Wanda-Wulz-1937-38-\u00a9Fototeca-dei-Civici-Muse-di-Storia-ed-Arte-300x296.jpg\" alt=\"Alt tag Una Rete in viaggio\" width=\"633\" height=\"625\" srcset=\"https:\/\/www.romaoggi.eu\/wp-content\/uploads\/2025\/03\/Modello-di-Anita-Pittoni-indossato-da-Wanda-Wulz-1937-38-\u00a9Fototeca-dei-Civici-Muse-di-Storia-ed-Arte-300x296.jpg 300w, https:\/\/www.romaoggi.eu\/wp-content\/uploads\/2025\/03\/Modello-di-Anita-Pittoni-indossato-da-Wanda-Wulz-1937-38-\u00a9Fototeca-dei-Civici-Muse-di-Storia-ed-Arte-1024x1012.jpg 1024w, https:\/\/www.romaoggi.eu\/wp-content\/uploads\/2025\/03\/Modello-di-Anita-Pittoni-indossato-da-Wanda-Wulz-1937-38-\u00a9Fototeca-dei-Civici-Muse-di-Storia-ed-Arte.jpg 1181w\" sizes=\"auto, (max-width: 633px) 100vw, 633px\" \/><figcaption id=\"caption-attachment-38602\" class=\"wp-caption-text\"><strong>Modello di Anita Pittoni indossato da Wanda Wulz, 1937-38, \u00a9Fototeca dei Civici Muse di Storia ed Arte<\/strong><\/figcaption><\/figure>\n<p>&nbsp;<\/p>\n<figure id=\"attachment_38603\" aria-describedby=\"caption-attachment-38603\" style=\"width: 683px\" class=\"wp-caption alignnone\"><img loading=\"lazy\" decoding=\"async\" class=\" wp-image-38603\" src=\"https:\/\/www.romaoggi.eu\/wp-content\/uploads\/2025\/03\/Jaqueline-Vodoz-Archivio-AESS-Regione-Lombardia-300x300.jpg\" alt=\"Alt tag Una Rete in viaggio\" width=\"683\" height=\"683\" srcset=\"https:\/\/www.romaoggi.eu\/wp-content\/uploads\/2025\/03\/Jaqueline-Vodoz-Archivio-AESS-Regione-Lombardia-300x300.jpg 300w, https:\/\/www.romaoggi.eu\/wp-content\/uploads\/2025\/03\/Jaqueline-Vodoz-Archivio-AESS-Regione-Lombardia-150x150.jpg 150w\" sizes=\"auto, (max-width: 683px) 100vw, 683px\" \/><figcaption id=\"caption-attachment-38603\" class=\"wp-caption-text\"><strong>Jaqueline Vodoz, Archivio AESS &#8211; Regione Lombardia<\/strong><\/figcaption><\/figure>\n","protected":false},"excerpt":{"rendered":"<div class=\"mh-excerpt\"><p>UNA RETE IN VIAGGIO. Storie, idee, progetti IV Edizione 2025 FOTOGRAFIA E LAVORO Marzo &#8211; maggio 2025 21 marzo 2025, ore 18 PERSONE E PROFESSIONI Dalmine (BG), Fondazione Dalmine 8 aprile 2025, ore 18.15 PRODOTTI <a class=\"mh-excerpt-more\" href=\"https:\/\/www.romaoggi.eu\/index.php\/2025\/03\/08\/una-rete-in-viaggio-storie-idee-progetti-iv-edizione-2025-fotografia-e-lavoro\/\" title=\"UNA RETE IN VIAGGIO. Storie, idee, progetti  IV Edizione 2025 FOTOGRAFIA E LAVORO\">[&#8230;]<\/a><\/p>\n<\/div>","protected":false},"author":17,"featured_media":38601,"comment_status":"closed","ping_status":"open","sticky":false,"template":"","format":"standard","meta":{"_sitemap_exclude":false,"_sitemap_priority":"","_sitemap_frequency":"","footnotes":""},"categories":[15839],"tags":[17895,4137,17901,17900,17902,17897,15008,17899,17903,17898,17906,17904,17905,1738,15567,17896],"class_list":["post-38608","post","type-post","status-publish","format-standard","has-post-thumbnail","hentry","category-fotografia-dintorni","tag-retefotografia-unareteinviaggio","tag-alessandro-lisci","tag-fondazione-ansaldo","tag-fondazione-dalmine","tag-fondazione-pirelli","tag-fotografia-e-lavoro","tag-gabriele-basilico","tag-gianni-beregno-gardin","tag-iv-edizione-2025","tag-jaqueline-vodoz","tag-luoghi-e-forme-del-lavoro","tag-persone-e-professioni","tag-prodotti-e-comunicazioni","tag-romaoggi-eu","tag-target-lab-ets","tag-una-rete-in-viaggio"],"yoast_head":"<!-- This site is optimized with the Yoast SEO plugin v27.5 - https:\/\/yoast.com\/product\/yoast-seo-wordpress\/ -->\n<title>UNA RETE IN VIAGGIO. Storie, idee, progetti IV Edizione 2025 FOTOGRAFIA E LAVORO<\/title>\n<meta name=\"description\" content=\"UNA RETE IN VIAGGIO. Storie, idee, progetti IV Edizione 2025 FOTOGRAFIA E LAVORO Marzo - maggio 2025 21 marzo 2025, ore 18 PERSONE E PROFESSIONI Dalmine\" \/>\n<meta name=\"robots\" content=\"index, follow, max-snippet:-1, max-image-preview:large, max-video-preview:-1\" \/>\n<link rel=\"canonical\" href=\"https:\/\/www.romaoggi.eu\/index.php\/2025\/03\/08\/una-rete-in-viaggio-storie-idee-progetti-iv-edizione-2025-fotografia-e-lavoro\/\" \/>\n<meta property=\"og:locale\" content=\"it_IT\" \/>\n<meta property=\"og:type\" content=\"article\" \/>\n<meta property=\"og:title\" content=\"UNA RETE IN VIAGGIO. Storie, idee, progetti IV Edizione 2025 FOTOGRAFIA E LAVORO\" \/>\n<meta property=\"og:description\" content=\"UNA RETE IN VIAGGIO. Storie, idee, progetti IV Edizione 2025 FOTOGRAFIA E LAVORO Marzo - maggio 2025 21 marzo 2025, ore 18 PERSONE E PROFESSIONI Dalmine\" \/>\n<meta property=\"og:url\" content=\"https:\/\/www.romaoggi.eu\/index.php\/2025\/03\/08\/una-rete-in-viaggio-storie-idee-progetti-iv-edizione-2025-fotografia-e-lavoro\/\" \/>\n<meta property=\"og:site_name\" content=\"roma oggi\" \/>\n<meta property=\"article:publisher\" content=\"https:\/\/www.facebook.com\/RomaOggi-841544845954114\" \/>\n<meta property=\"article:published_time\" content=\"2025-03-08T18:42:17+00:00\" \/>\n<meta property=\"article:modified_time\" content=\"2025-03-08T18:44:16+00:00\" \/>\n<meta property=\"og:image\" content=\"https:\/\/www.romaoggi.eu\/wp-content\/uploads\/2025\/03\/Toni-Nicolini-Archivio-AESS-Regione-Lombardia.jpg\" \/>\n\t<meta property=\"og:image:width\" content=\"1181\" \/>\n\t<meta property=\"og:image:height\" content=\"783\" \/>\n\t<meta property=\"og:image:type\" content=\"image\/jpeg\" \/>\n<meta name=\"author\" content=\"Target Lab Ets\" \/>\n<meta name=\"twitter:card\" content=\"summary_large_image\" \/>\n<meta name=\"twitter:creator\" content=\"@romaoggi_eu\" \/>\n<meta name=\"twitter:site\" content=\"@romaoggi_eu\" \/>\n<meta name=\"twitter:label1\" content=\"Scritto da\" \/>\n\t<meta name=\"twitter:data1\" content=\"Target Lab Ets\" \/>\n\t<meta name=\"twitter:label2\" content=\"Tempo di lettura stimato\" \/>\n\t<meta name=\"twitter:data2\" content=\"7 minuti\" \/>\n<script type=\"application\/ld+json\" class=\"yoast-schema-graph\">{\"@context\":\"https:\\\/\\\/schema.org\",\"@graph\":[{\"@type\":\"Article\",\"@id\":\"https:\\\/\\\/www.romaoggi.eu\\\/index.php\\\/2025\\\/03\\\/08\\\/una-rete-in-viaggio-storie-idee-progetti-iv-edizione-2025-fotografia-e-lavoro\\\/#article\",\"isPartOf\":{\"@id\":\"https:\\\/\\\/www.romaoggi.eu\\\/index.php\\\/2025\\\/03\\\/08\\\/una-rete-in-viaggio-storie-idee-progetti-iv-edizione-2025-fotografia-e-lavoro\\\/\"},\"author\":{\"name\":\"Target Lab Ets\",\"@id\":\"https:\\\/\\\/www.romaoggi.eu\\\/#\\\/schema\\\/person\\\/72b8cfc6de60caeb335267c8e21d90fb\"},\"headline\":\"UNA RETE IN VIAGGIO. Storie, idee, progetti IV Edizione 2025 FOTOGRAFIA E LAVORO\",\"datePublished\":\"2025-03-08T18:42:17+00:00\",\"dateModified\":\"2025-03-08T18:44:16+00:00\",\"mainEntityOfPage\":{\"@id\":\"https:\\\/\\\/www.romaoggi.eu\\\/index.php\\\/2025\\\/03\\\/08\\\/una-rete-in-viaggio-storie-idee-progetti-iv-edizione-2025-fotografia-e-lavoro\\\/\"},\"wordCount\":822,\"publisher\":{\"@id\":\"https:\\\/\\\/www.romaoggi.eu\\\/#organization\"},\"image\":{\"@id\":\"https:\\\/\\\/www.romaoggi.eu\\\/index.php\\\/2025\\\/03\\\/08\\\/una-rete-in-viaggio-storie-idee-progetti-iv-edizione-2025-fotografia-e-lavoro\\\/#primaryimage\"},\"thumbnailUrl\":\"https:\\\/\\\/www.romaoggi.eu\\\/wp-content\\\/uploads\\\/2025\\\/03\\\/Toni-Nicolini-Archivio-AESS-Regione-Lombardia.jpg\",\"keywords\":[\"#retefotografia #unareteinviaggio\",\"alessandro lisci\",\"Fondazione Ansaldo\",\"Fondazione Dalmine\",\"Fondazione Pirelli\",\"FOTOGRAFIA E LAVORO\",\"Gabriele Basilico\",\"Gianni Beregno Gardin\",\"IV Edizione 2025\",\"Jaqueline Vodoz\",\"Luoghi e Forme del Lavoro\",\"Persone e Professioni\",\"Prodotti e Comunicazioni\",\"RomaOggi.eu\",\"target lab ets\",\"UNA RETE IN VIAGGIO\"],\"articleSection\":[\"Fotografia &amp; Dintorni\"],\"inLanguage\":\"it-IT\"},{\"@type\":\"WebPage\",\"@id\":\"https:\\\/\\\/www.romaoggi.eu\\\/index.php\\\/2025\\\/03\\\/08\\\/una-rete-in-viaggio-storie-idee-progetti-iv-edizione-2025-fotografia-e-lavoro\\\/\",\"url\":\"https:\\\/\\\/www.romaoggi.eu\\\/index.php\\\/2025\\\/03\\\/08\\\/una-rete-in-viaggio-storie-idee-progetti-iv-edizione-2025-fotografia-e-lavoro\\\/\",\"name\":\"UNA RETE IN VIAGGIO. Storie, idee, progetti IV Edizione 2025 FOTOGRAFIA E LAVORO\",\"isPartOf\":{\"@id\":\"https:\\\/\\\/www.romaoggi.eu\\\/#website\"},\"primaryImageOfPage\":{\"@id\":\"https:\\\/\\\/www.romaoggi.eu\\\/index.php\\\/2025\\\/03\\\/08\\\/una-rete-in-viaggio-storie-idee-progetti-iv-edizione-2025-fotografia-e-lavoro\\\/#primaryimage\"},\"image\":{\"@id\":\"https:\\\/\\\/www.romaoggi.eu\\\/index.php\\\/2025\\\/03\\\/08\\\/una-rete-in-viaggio-storie-idee-progetti-iv-edizione-2025-fotografia-e-lavoro\\\/#primaryimage\"},\"thumbnailUrl\":\"https:\\\/\\\/www.romaoggi.eu\\\/wp-content\\\/uploads\\\/2025\\\/03\\\/Toni-Nicolini-Archivio-AESS-Regione-Lombardia.jpg\",\"datePublished\":\"2025-03-08T18:42:17+00:00\",\"dateModified\":\"2025-03-08T18:44:16+00:00\",\"description\":\"UNA RETE IN VIAGGIO. Storie, idee, progetti IV Edizione 2025 FOTOGRAFIA E LAVORO Marzo - maggio 2025 21 marzo 2025, ore 18 PERSONE E PROFESSIONI Dalmine\",\"breadcrumb\":{\"@id\":\"https:\\\/\\\/www.romaoggi.eu\\\/index.php\\\/2025\\\/03\\\/08\\\/una-rete-in-viaggio-storie-idee-progetti-iv-edizione-2025-fotografia-e-lavoro\\\/#breadcrumb\"},\"inLanguage\":\"it-IT\",\"potentialAction\":[{\"@type\":\"ReadAction\",\"target\":[\"https:\\\/\\\/www.romaoggi.eu\\\/index.php\\\/2025\\\/03\\\/08\\\/una-rete-in-viaggio-storie-idee-progetti-iv-edizione-2025-fotografia-e-lavoro\\\/\"]}]},{\"@type\":\"ImageObject\",\"inLanguage\":\"it-IT\",\"@id\":\"https:\\\/\\\/www.romaoggi.eu\\\/index.php\\\/2025\\\/03\\\/08\\\/una-rete-in-viaggio-storie-idee-progetti-iv-edizione-2025-fotografia-e-lavoro\\\/#primaryimage\",\"url\":\"https:\\\/\\\/www.romaoggi.eu\\\/wp-content\\\/uploads\\\/2025\\\/03\\\/Toni-Nicolini-Archivio-AESS-Regione-Lombardia.jpg\",\"contentUrl\":\"https:\\\/\\\/www.romaoggi.eu\\\/wp-content\\\/uploads\\\/2025\\\/03\\\/Toni-Nicolini-Archivio-AESS-Regione-Lombardia.jpg\",\"width\":1181,\"height\":783,\"caption\":\"Toni Nicolini, Archivio AESS - Regione Lombardia\"},{\"@type\":\"BreadcrumbList\",\"@id\":\"https:\\\/\\\/www.romaoggi.eu\\\/index.php\\\/2025\\\/03\\\/08\\\/una-rete-in-viaggio-storie-idee-progetti-iv-edizione-2025-fotografia-e-lavoro\\\/#breadcrumb\",\"itemListElement\":[{\"@type\":\"ListItem\",\"position\":1,\"name\":\"Home\",\"item\":\"https:\\\/\\\/www.romaoggi.eu\\\/\"},{\"@type\":\"ListItem\",\"position\":2,\"name\":\"UNA RETE IN VIAGGIO. Storie, idee, progetti IV Edizione 2025 FOTOGRAFIA E LAVORO\"}]},{\"@type\":\"WebSite\",\"@id\":\"https:\\\/\\\/www.romaoggi.eu\\\/#website\",\"url\":\"https:\\\/\\\/www.romaoggi.eu\\\/\",\"name\":\"roma oggi\",\"description\":\"Interesting News for Interesting people\",\"publisher\":{\"@id\":\"https:\\\/\\\/www.romaoggi.eu\\\/#organization\"},\"potentialAction\":[{\"@type\":\"SearchAction\",\"target\":{\"@type\":\"EntryPoint\",\"urlTemplate\":\"https:\\\/\\\/www.romaoggi.eu\\\/?s={search_term_string}\"},\"query-input\":{\"@type\":\"PropertyValueSpecification\",\"valueRequired\":true,\"valueName\":\"search_term_string\"}}],\"inLanguage\":\"it-IT\"},{\"@type\":\"Organization\",\"@id\":\"https:\\\/\\\/www.romaoggi.eu\\\/#organization\",\"name\":\"RomaOggi\",\"url\":\"https:\\\/\\\/www.romaoggi.eu\\\/\",\"logo\":{\"@type\":\"ImageObject\",\"inLanguage\":\"it-IT\",\"@id\":\"https:\\\/\\\/www.romaoggi.eu\\\/#\\\/schema\\\/logo\\\/image\\\/\",\"url\":\"https:\\\/\\\/www.romaoggi.eu\\\/wp-content\\\/uploads\\\/2017\\\/04\\\/logowp.jpg\",\"contentUrl\":\"https:\\\/\\\/www.romaoggi.eu\\\/wp-content\\\/uploads\\\/2017\\\/04\\\/logowp.jpg\",\"width\":300,\"height\":133,\"caption\":\"RomaOggi\"},\"image\":{\"@id\":\"https:\\\/\\\/www.romaoggi.eu\\\/#\\\/schema\\\/logo\\\/image\\\/\"},\"sameAs\":[\"https:\\\/\\\/www.facebook.com\\\/RomaOggi-841544845954114\",\"https:\\\/\\\/x.com\\\/romaoggi_eu\"]},{\"@type\":\"Person\",\"@id\":\"https:\\\/\\\/www.romaoggi.eu\\\/#\\\/schema\\\/person\\\/72b8cfc6de60caeb335267c8e21d90fb\",\"name\":\"Target Lab Ets\",\"image\":{\"@type\":\"ImageObject\",\"inLanguage\":\"it-IT\",\"@id\":\"https:\\\/\\\/secure.gravatar.com\\\/avatar\\\/ab64fd266889a629b0e9e6ab56209e379c2a89cfda303941ee9621d4090292d1?s=96&d=mm&r=g\",\"url\":\"https:\\\/\\\/secure.gravatar.com\\\/avatar\\\/ab64fd266889a629b0e9e6ab56209e379c2a89cfda303941ee9621d4090292d1?s=96&d=mm&r=g\",\"contentUrl\":\"https:\\\/\\\/secure.gravatar.com\\\/avatar\\\/ab64fd266889a629b0e9e6ab56209e379c2a89cfda303941ee9621d4090292d1?s=96&d=mm&r=g\",\"caption\":\"Target Lab Ets\"},\"sameAs\":[\"http:\\\/\\\/www.targetlab.org\"],\"url\":\"https:\\\/\\\/www.romaoggi.eu\\\/index.php\\\/author\\\/isfc\\\/\"}]}<\/script>\n<!-- \/ Yoast SEO plugin. -->","yoast_head_json":{"title":"UNA RETE IN VIAGGIO. Storie, idee, progetti IV Edizione 2025 FOTOGRAFIA E LAVORO","description":"UNA RETE IN VIAGGIO. Storie, idee, progetti IV Edizione 2025 FOTOGRAFIA E LAVORO Marzo - maggio 2025 21 marzo 2025, ore 18 PERSONE E PROFESSIONI Dalmine","robots":{"index":"index","follow":"follow","max-snippet":"max-snippet:-1","max-image-preview":"max-image-preview:large","max-video-preview":"max-video-preview:-1"},"canonical":"https:\/\/www.romaoggi.eu\/index.php\/2025\/03\/08\/una-rete-in-viaggio-storie-idee-progetti-iv-edizione-2025-fotografia-e-lavoro\/","og_locale":"it_IT","og_type":"article","og_title":"UNA RETE IN VIAGGIO. Storie, idee, progetti IV Edizione 2025 FOTOGRAFIA E LAVORO","og_description":"UNA RETE IN VIAGGIO. Storie, idee, progetti IV Edizione 2025 FOTOGRAFIA E LAVORO Marzo - maggio 2025 21 marzo 2025, ore 18 PERSONE E PROFESSIONI Dalmine","og_url":"https:\/\/www.romaoggi.eu\/index.php\/2025\/03\/08\/una-rete-in-viaggio-storie-idee-progetti-iv-edizione-2025-fotografia-e-lavoro\/","og_site_name":"roma oggi","article_publisher":"https:\/\/www.facebook.com\/RomaOggi-841544845954114","article_published_time":"2025-03-08T18:42:17+00:00","article_modified_time":"2025-03-08T18:44:16+00:00","og_image":[{"width":1181,"height":783,"url":"https:\/\/www.romaoggi.eu\/wp-content\/uploads\/2025\/03\/Toni-Nicolini-Archivio-AESS-Regione-Lombardia.jpg","type":"image\/jpeg"}],"author":"Target Lab Ets","twitter_card":"summary_large_image","twitter_creator":"@romaoggi_eu","twitter_site":"@romaoggi_eu","twitter_misc":{"Scritto da":"Target Lab Ets","Tempo di lettura stimato":"7 minuti"},"schema":{"@context":"https:\/\/schema.org","@graph":[{"@type":"Article","@id":"https:\/\/www.romaoggi.eu\/index.php\/2025\/03\/08\/una-rete-in-viaggio-storie-idee-progetti-iv-edizione-2025-fotografia-e-lavoro\/#article","isPartOf":{"@id":"https:\/\/www.romaoggi.eu\/index.php\/2025\/03\/08\/una-rete-in-viaggio-storie-idee-progetti-iv-edizione-2025-fotografia-e-lavoro\/"},"author":{"name":"Target Lab Ets","@id":"https:\/\/www.romaoggi.eu\/#\/schema\/person\/72b8cfc6de60caeb335267c8e21d90fb"},"headline":"UNA RETE IN VIAGGIO. Storie, idee, progetti IV Edizione 2025 FOTOGRAFIA E LAVORO","datePublished":"2025-03-08T18:42:17+00:00","dateModified":"2025-03-08T18:44:16+00:00","mainEntityOfPage":{"@id":"https:\/\/www.romaoggi.eu\/index.php\/2025\/03\/08\/una-rete-in-viaggio-storie-idee-progetti-iv-edizione-2025-fotografia-e-lavoro\/"},"wordCount":822,"publisher":{"@id":"https:\/\/www.romaoggi.eu\/#organization"},"image":{"@id":"https:\/\/www.romaoggi.eu\/index.php\/2025\/03\/08\/una-rete-in-viaggio-storie-idee-progetti-iv-edizione-2025-fotografia-e-lavoro\/#primaryimage"},"thumbnailUrl":"https:\/\/www.romaoggi.eu\/wp-content\/uploads\/2025\/03\/Toni-Nicolini-Archivio-AESS-Regione-Lombardia.jpg","keywords":["#retefotografia #unareteinviaggio","alessandro lisci","Fondazione Ansaldo","Fondazione Dalmine","Fondazione Pirelli","FOTOGRAFIA E LAVORO","Gabriele Basilico","Gianni Beregno Gardin","IV Edizione 2025","Jaqueline Vodoz","Luoghi e Forme del Lavoro","Persone e Professioni","Prodotti e Comunicazioni","RomaOggi.eu","target lab ets","UNA RETE IN VIAGGIO"],"articleSection":["Fotografia &amp; Dintorni"],"inLanguage":"it-IT"},{"@type":"WebPage","@id":"https:\/\/www.romaoggi.eu\/index.php\/2025\/03\/08\/una-rete-in-viaggio-storie-idee-progetti-iv-edizione-2025-fotografia-e-lavoro\/","url":"https:\/\/www.romaoggi.eu\/index.php\/2025\/03\/08\/una-rete-in-viaggio-storie-idee-progetti-iv-edizione-2025-fotografia-e-lavoro\/","name":"UNA RETE IN VIAGGIO. Storie, idee, progetti IV Edizione 2025 FOTOGRAFIA E LAVORO","isPartOf":{"@id":"https:\/\/www.romaoggi.eu\/#website"},"primaryImageOfPage":{"@id":"https:\/\/www.romaoggi.eu\/index.php\/2025\/03\/08\/una-rete-in-viaggio-storie-idee-progetti-iv-edizione-2025-fotografia-e-lavoro\/#primaryimage"},"image":{"@id":"https:\/\/www.romaoggi.eu\/index.php\/2025\/03\/08\/una-rete-in-viaggio-storie-idee-progetti-iv-edizione-2025-fotografia-e-lavoro\/#primaryimage"},"thumbnailUrl":"https:\/\/www.romaoggi.eu\/wp-content\/uploads\/2025\/03\/Toni-Nicolini-Archivio-AESS-Regione-Lombardia.jpg","datePublished":"2025-03-08T18:42:17+00:00","dateModified":"2025-03-08T18:44:16+00:00","description":"UNA RETE IN VIAGGIO. Storie, idee, progetti IV Edizione 2025 FOTOGRAFIA E LAVORO Marzo - maggio 2025 21 marzo 2025, ore 18 PERSONE E PROFESSIONI Dalmine","breadcrumb":{"@id":"https:\/\/www.romaoggi.eu\/index.php\/2025\/03\/08\/una-rete-in-viaggio-storie-idee-progetti-iv-edizione-2025-fotografia-e-lavoro\/#breadcrumb"},"inLanguage":"it-IT","potentialAction":[{"@type":"ReadAction","target":["https:\/\/www.romaoggi.eu\/index.php\/2025\/03\/08\/una-rete-in-viaggio-storie-idee-progetti-iv-edizione-2025-fotografia-e-lavoro\/"]}]},{"@type":"ImageObject","inLanguage":"it-IT","@id":"https:\/\/www.romaoggi.eu\/index.php\/2025\/03\/08\/una-rete-in-viaggio-storie-idee-progetti-iv-edizione-2025-fotografia-e-lavoro\/#primaryimage","url":"https:\/\/www.romaoggi.eu\/wp-content\/uploads\/2025\/03\/Toni-Nicolini-Archivio-AESS-Regione-Lombardia.jpg","contentUrl":"https:\/\/www.romaoggi.eu\/wp-content\/uploads\/2025\/03\/Toni-Nicolini-Archivio-AESS-Regione-Lombardia.jpg","width":1181,"height":783,"caption":"Toni Nicolini, Archivio AESS - Regione Lombardia"},{"@type":"BreadcrumbList","@id":"https:\/\/www.romaoggi.eu\/index.php\/2025\/03\/08\/una-rete-in-viaggio-storie-idee-progetti-iv-edizione-2025-fotografia-e-lavoro\/#breadcrumb","itemListElement":[{"@type":"ListItem","position":1,"name":"Home","item":"https:\/\/www.romaoggi.eu\/"},{"@type":"ListItem","position":2,"name":"UNA RETE IN VIAGGIO. Storie, idee, progetti IV Edizione 2025 FOTOGRAFIA E LAVORO"}]},{"@type":"WebSite","@id":"https:\/\/www.romaoggi.eu\/#website","url":"https:\/\/www.romaoggi.eu\/","name":"roma oggi","description":"Interesting News for Interesting people","publisher":{"@id":"https:\/\/www.romaoggi.eu\/#organization"},"potentialAction":[{"@type":"SearchAction","target":{"@type":"EntryPoint","urlTemplate":"https:\/\/www.romaoggi.eu\/?s={search_term_string}"},"query-input":{"@type":"PropertyValueSpecification","valueRequired":true,"valueName":"search_term_string"}}],"inLanguage":"it-IT"},{"@type":"Organization","@id":"https:\/\/www.romaoggi.eu\/#organization","name":"RomaOggi","url":"https:\/\/www.romaoggi.eu\/","logo":{"@type":"ImageObject","inLanguage":"it-IT","@id":"https:\/\/www.romaoggi.eu\/#\/schema\/logo\/image\/","url":"https:\/\/www.romaoggi.eu\/wp-content\/uploads\/2017\/04\/logowp.jpg","contentUrl":"https:\/\/www.romaoggi.eu\/wp-content\/uploads\/2017\/04\/logowp.jpg","width":300,"height":133,"caption":"RomaOggi"},"image":{"@id":"https:\/\/www.romaoggi.eu\/#\/schema\/logo\/image\/"},"sameAs":["https:\/\/www.facebook.com\/RomaOggi-841544845954114","https:\/\/x.com\/romaoggi_eu"]},{"@type":"Person","@id":"https:\/\/www.romaoggi.eu\/#\/schema\/person\/72b8cfc6de60caeb335267c8e21d90fb","name":"Target Lab Ets","image":{"@type":"ImageObject","inLanguage":"it-IT","@id":"https:\/\/secure.gravatar.com\/avatar\/ab64fd266889a629b0e9e6ab56209e379c2a89cfda303941ee9621d4090292d1?s=96&d=mm&r=g","url":"https:\/\/secure.gravatar.com\/avatar\/ab64fd266889a629b0e9e6ab56209e379c2a89cfda303941ee9621d4090292d1?s=96&d=mm&r=g","contentUrl":"https:\/\/secure.gravatar.com\/avatar\/ab64fd266889a629b0e9e6ab56209e379c2a89cfda303941ee9621d4090292d1?s=96&d=mm&r=g","caption":"Target Lab Ets"},"sameAs":["http:\/\/www.targetlab.org"],"url":"https:\/\/www.romaoggi.eu\/index.php\/author\/isfc\/"}]}},"_links":{"self":[{"href":"https:\/\/www.romaoggi.eu\/index.php\/wp-json\/wp\/v2\/posts\/38608","targetHints":{"allow":["GET"]}}],"collection":[{"href":"https:\/\/www.romaoggi.eu\/index.php\/wp-json\/wp\/v2\/posts"}],"about":[{"href":"https:\/\/www.romaoggi.eu\/index.php\/wp-json\/wp\/v2\/types\/post"}],"author":[{"embeddable":true,"href":"https:\/\/www.romaoggi.eu\/index.php\/wp-json\/wp\/v2\/users\/17"}],"replies":[{"embeddable":true,"href":"https:\/\/www.romaoggi.eu\/index.php\/wp-json\/wp\/v2\/comments?post=38608"}],"version-history":[{"count":5,"href":"https:\/\/www.romaoggi.eu\/index.php\/wp-json\/wp\/v2\/posts\/38608\/revisions"}],"predecessor-version":[{"id":38620,"href":"https:\/\/www.romaoggi.eu\/index.php\/wp-json\/wp\/v2\/posts\/38608\/revisions\/38620"}],"wp:featuredmedia":[{"embeddable":true,"href":"https:\/\/www.romaoggi.eu\/index.php\/wp-json\/wp\/v2\/media\/38601"}],"wp:attachment":[{"href":"https:\/\/www.romaoggi.eu\/index.php\/wp-json\/wp\/v2\/media?parent=38608"}],"wp:term":[{"taxonomy":"category","embeddable":true,"href":"https:\/\/www.romaoggi.eu\/index.php\/wp-json\/wp\/v2\/categories?post=38608"},{"taxonomy":"post_tag","embeddable":true,"href":"https:\/\/www.romaoggi.eu\/index.php\/wp-json\/wp\/v2\/tags?post=38608"}],"curies":[{"name":"wp","href":"https:\/\/api.w.org\/{rel}","templated":true}]}}