{"id":38717,"date":"2025-03-16T15:26:00","date_gmt":"2025-03-16T14:26:00","guid":{"rendered":"https:\/\/www.romaoggi.eu\/?p=38717"},"modified":"2025-03-16T15:26:00","modified_gmt":"2025-03-16T14:26:00","slug":"belfast-terza-puntata-di-nomi-cose-citta-a-cardano-al-campo","status":"publish","type":"post","link":"https:\/\/www.romaoggi.eu\/index.php\/2025\/03\/16\/belfast-terza-puntata-di-nomi-cose-citta-a-cardano-al-campo\/","title":{"rendered":"&#8220;Belfast&#8221;. Terza puntata di Nomi Cose Citt\u00e0 a Cardano al Campo"},"content":{"rendered":"<p align=\"CENTER\"><span style=\"font-size: large\"><b>Belfast<\/b><\/span><b> <\/b><span style=\"font-size: large\"><b>citt\u00e0<\/b><\/span><b> <\/b><span style=\"font-size: large\"><b>di<\/b><\/span><b> <\/b><span style=\"font-size: large\"><b>muri,<\/b><\/span><b> <\/b><span style=\"font-size: large\"><b>passioni<\/b><\/span><b> <\/b><span style=\"font-size: large\"><b>politiche,<\/b><\/span><b> <\/b><span style=\"font-size: large\"><b>musica<\/b><\/span><\/p>\n<p align=\"JUSTIFY\">\u00e8 la meta della terza puntata di <b>&#8220;Nomi Cose Citt\u00e0&#8221;, <\/b>la rassegna proposta dal circolo <b>Quarto Stato di Cardano<\/b>, che porta alla scoperta delle citt\u00e0 del mondo attraverso incontri, testimoni, canzoni, fotografia.<\/p>\n<p>L&#8217;appuntamento \u00e8 per il weekend del 15-16 marzo, a ridosso della data di San Patrizio, un appuntamento irrinunciabile per gli appassionati d&#8217;Irlanda.<\/p>\n<p>Ricco il programma di appuntamenti per San Patrizio promosso in via Vittorio Veneto 1.<\/p>\n<p align=\"JUSTIFY\"><b>Gi\u00e0 da venerd\u00ec sera (dalle 21),<\/b> con il concerto &#8220;<b>Saint Patrick ceol agus Craid&#8221;<\/b>, gli amici del circolo propongono musica irlandese da ballare e da ascoltare.<\/p>\n<p align=\"JUSTIFY\">Sabato nel tardo pomeriggio via invece al programma di <b>&#8220;Nomi Cose Citt\u00e0&#8221;<\/b>, che si apre alle 19 con l&#8217;inaugurazione della mostra <strong>&#8220;La storia dipinta: conflitto e memoria&#8221;,<\/strong> con gli autori <b>Gianluca Cettineo e Luciana Travierso. <\/b>Scatti fotografici che raccontano i murales della citt\u00e0, espressione &#8211; contrapposta &#8211; di repubblicani e unionisti. Una serie di opere, espressione popolare di militanza, che hanno trasformato la citt\u00e0 in una sorta di museo a cielo aperto e che ancora ben raccontano la stagione dei Troubles e degli scontri tra le due &#8220;met\u00e0&#8221; della citt\u00e0.<\/p>\n<p align=\"JUSTIFY\"><b>Sabato alle 21.30<\/b> si prosegue con il concerto di <b>Richard Lindgren<\/b>: un concerto con ospite internazionale, un cantautore che arriva (con tortuoso percorso) da Malm\u00f6 e propone un omaggio all&#8217;Irlanda di Shane Mc Gowan e dei Pogues.<\/p>\n<p align=\"JUSTIFY\"><strong>Musica protagonista anche domenica nel tardo pomeriggio<\/strong>, alle 19, con &#8220;Irish rock story&#8221;, l&#8217;incontro con Guido Giazzi e Lino Brunetti della rivista Buscadero, che racconteranno la musica dall&#8217;Irlanda ieri e oggi.<\/p>\n<p align=\"JUSTIFY\"><img loading=\"lazy\" decoding=\"async\" class=\"wp-image-38720 aligncenter\" src=\"https:\/\/www.romaoggi.eu\/wp-content\/uploads\/2025\/03\/WhatsApp-Image-2025-03-16-at-12.42.52-240x300.jpeg\" alt=\"\" width=\"353\" height=\"441\" srcset=\"https:\/\/www.romaoggi.eu\/wp-content\/uploads\/2025\/03\/WhatsApp-Image-2025-03-16-at-12.42.52-240x300.jpeg 240w, https:\/\/www.romaoggi.eu\/wp-content\/uploads\/2025\/03\/WhatsApp-Image-2025-03-16-at-12.42.52-819x1024.jpeg 819w, https:\/\/www.romaoggi.eu\/wp-content\/uploads\/2025\/03\/WhatsApp-Image-2025-03-16-at-12.42.52.jpeg 1080w\" sizes=\"auto, (max-width: 353px) 100vw, 353px\" \/><\/p>\n<p align=\"JUSTIFY\"><b>Gran finale domenica sera <\/b>con un omaggio a un amato, istrionico figlio di Belfast: il calciatore George Best. Se ne parler\u00e0 con Valerio Moggia (Pallonate in faccia https:\/\/pallonateinfaccia.com\/ ) e l&#8217;omaggio al celebre calciatore &#8220;sopra le righe&#8221; sar\u00e0 anche l&#8217;occasione per parlare di calcio, societ\u00e0 e politica nel contesto nordirlandese e irlandese.<\/p>\n<p align=\"JUSTIFY\"><b>Da<\/b><b> <\/b><b>venerd\u00ec<\/b><b> <\/b><b>14<\/b><b> <\/b><b>a<\/b><b> <\/b><b>domenica<\/b><b> <\/b><b>16<\/b><b> <\/b><b>marzo<\/b><b> <\/b><b>il<\/b><b> <\/b><b>circolo<\/b><b> <\/b><b>di<\/b><b> <\/b><b>via<\/b><b> <\/b><b>Vittorio<\/b><b> <\/b><b>Veneto<\/b><b> <\/b><b>1<\/b><b> <\/b>propone anche un men\u00f9 a tema: spezzatino alla stout e il tipico <span style=\"font-family: Arial, serif\"><i>colcannon<\/i><\/span>, accompagnato da birre selezionate per l&#8217;occasione. Oltre ad aperitivo speciale in concomitanza con gli incontri alle 19 al sabato e alla domenica.<\/p>\n<p align=\"JUSTIFY\"><b>La prenotazione \u00e8 consigliata, al numero 349 450 6893<\/b><\/p>\n<p align=\"JUSTIFY\"><span style=\"color: #ff0000\"><b>Pubblicato da Alessandro Lisci \u2013 Target Lab Ets \u2013 infoline 3316379346<\/b><\/span><\/p>\n<figure id=\"attachment_38727\" aria-describedby=\"caption-attachment-38727\" style=\"width: 737px\" class=\"wp-caption alignnone\"><img loading=\"lazy\" decoding=\"async\" class=\" wp-image-38727\" src=\"https:\/\/www.romaoggi.eu\/wp-content\/uploads\/2025\/03\/WhatsApp-Image-2025-03-16-at-15.21.49-300x225.jpeg\" alt=\"\" width=\"737\" height=\"553\" srcset=\"https:\/\/www.romaoggi.eu\/wp-content\/uploads\/2025\/03\/WhatsApp-Image-2025-03-16-at-15.21.49-300x225.jpeg 300w, https:\/\/www.romaoggi.eu\/wp-content\/uploads\/2025\/03\/WhatsApp-Image-2025-03-16-at-15.21.49-1024x768.jpeg 1024w, https:\/\/www.romaoggi.eu\/wp-content\/uploads\/2025\/03\/WhatsApp-Image-2025-03-16-at-15.21.49-1536x1152.jpeg 1536w, https:\/\/www.romaoggi.eu\/wp-content\/uploads\/2025\/03\/WhatsApp-Image-2025-03-16-at-15.21.49-326x245.jpeg 326w, https:\/\/www.romaoggi.eu\/wp-content\/uploads\/2025\/03\/WhatsApp-Image-2025-03-16-at-15.21.49-80x60.jpeg 80w, https:\/\/www.romaoggi.eu\/wp-content\/uploads\/2025\/03\/WhatsApp-Image-2025-03-16-at-15.21.49.jpeg 2000w\" sizes=\"auto, (max-width: 737px) 100vw, 737px\" \/><figcaption id=\"caption-attachment-38727\" class=\"wp-caption-text\"><strong>Bobby Sands, Falls road, esterno sede Sinn Fein, fotografia di Carlotta Dori<\/strong><\/figcaption><\/figure>\n<p>&nbsp;<\/p>\n<p>&nbsp;<\/p>\n<figure id=\"attachment_38725\" aria-describedby=\"caption-attachment-38725\" style=\"width: 653px\" class=\"wp-caption alignnone\"><img loading=\"lazy\" decoding=\"async\" class=\" wp-image-38725\" src=\"https:\/\/www.romaoggi.eu\/wp-content\/uploads\/2025\/03\/WhatsApp-Image-2025-03-16-at-15.23.00-300x200.jpeg\" alt=\"\" width=\"653\" height=\"435\" srcset=\"https:\/\/www.romaoggi.eu\/wp-content\/uploads\/2025\/03\/WhatsApp-Image-2025-03-16-at-15.23.00-300x200.jpeg 300w, https:\/\/www.romaoggi.eu\/wp-content\/uploads\/2025\/03\/WhatsApp-Image-2025-03-16-at-15.23.00-1024x683.jpeg 1024w, https:\/\/www.romaoggi.eu\/wp-content\/uploads\/2025\/03\/WhatsApp-Image-2025-03-16-at-15.23.00-1536x1024.jpeg 1536w, https:\/\/www.romaoggi.eu\/wp-content\/uploads\/2025\/03\/WhatsApp-Image-2025-03-16-at-15.23.00.jpeg 2048w\" sizes=\"auto, (max-width: 653px) 100vw, 653px\" \/><figcaption id=\"caption-attachment-38725\" class=\"wp-caption-text\"><strong>Alice Pasquini, L\u2019acrobata, Belfast, fotografia di Luciana Travierso<\/strong><\/figcaption><\/figure>\n<p>&nbsp;<\/p>\n<figure id=\"attachment_38726\" aria-describedby=\"caption-attachment-38726\" style=\"width: 803px\" class=\"wp-caption alignnone\"><img loading=\"lazy\" decoding=\"async\" class=\" wp-image-38726\" src=\"https:\/\/www.romaoggi.eu\/wp-content\/uploads\/2025\/03\/WhatsApp-Image-2025-03-16-at-15.22.29-300x225.jpeg\" alt=\"\" width=\"803\" height=\"602\" srcset=\"https:\/\/www.romaoggi.eu\/wp-content\/uploads\/2025\/03\/WhatsApp-Image-2025-03-16-at-15.22.29-300x225.jpeg 300w, https:\/\/www.romaoggi.eu\/wp-content\/uploads\/2025\/03\/WhatsApp-Image-2025-03-16-at-15.22.29-1024x768.jpeg 1024w, https:\/\/www.romaoggi.eu\/wp-content\/uploads\/2025\/03\/WhatsApp-Image-2025-03-16-at-15.22.29-1536x1152.jpeg 1536w, https:\/\/www.romaoggi.eu\/wp-content\/uploads\/2025\/03\/WhatsApp-Image-2025-03-16-at-15.22.29-326x245.jpeg 326w, https:\/\/www.romaoggi.eu\/wp-content\/uploads\/2025\/03\/WhatsApp-Image-2025-03-16-at-15.22.29-80x60.jpeg 80w, https:\/\/www.romaoggi.eu\/wp-content\/uploads\/2025\/03\/WhatsApp-Image-2025-03-16-at-15.22.29.jpeg 2048w\" sizes=\"auto, (max-width: 803px) 100vw, 803px\" \/><figcaption id=\"caption-attachment-38726\" class=\"wp-caption-text\"><strong>Summer of 69, Shankill road, fotografia di Gianluca Cettineo<\/strong><\/figcaption><\/figure>\n","protected":false},"excerpt":{"rendered":"<div class=\"mh-excerpt\"><p>Belfast citt\u00e0 di muri, passioni politiche, musica \u00e8 la meta della terza puntata di &#8220;Nomi Cose Citt\u00e0&#8221;, la rassegna proposta dal circolo Quarto Stato di Cardano, che porta alla scoperta delle citt\u00e0 del mondo attraverso <a class=\"mh-excerpt-more\" href=\"https:\/\/www.romaoggi.eu\/index.php\/2025\/03\/16\/belfast-terza-puntata-di-nomi-cose-citta-a-cardano-al-campo\/\" title=\"&#8220;Belfast&#8221;. Terza puntata di Nomi Cose Citt\u00e0 a Cardano al Campo\">[&#8230;]<\/a><\/p>\n<\/div>","protected":false},"author":17,"featured_media":38720,"comment_status":"closed","ping_status":"open","sticky":false,"template":"","format":"standard","meta":{"_sitemap_exclude":false,"_sitemap_priority":"","_sitemap_frequency":"","footnotes":""},"categories":[5273],"tags":[17948,579,17944,17945,17947,17946],"class_list":["post-38717","post","type-post","status-publish","format-standard","has-post-thumbnail","hentry","category-oltre-roma","tag-alice-pasquini","tag-bologna","tag-gianluca-cettineo","tag-luciana-travierso","tag-nomi-cose-citta","tag-quarto-stato-di-cardano"],"yoast_head":"<!-- This site is optimized with the Yoast SEO plugin v27.5 - https:\/\/yoast.com\/product\/yoast-seo-wordpress\/ -->\n<title>&quot;Belfast&quot;. Terza puntata di Nomi Cose Citt\u00e0 a Cardano al Campo<\/title>\n<meta name=\"description\" content=\"Belfast citt\u00e0 di muri, passioni politiche, musica \u00e8 la meta della terza puntata di &quot;Nomi Cose Citt\u00e0&quot;, la rassegna proposta dal circolo Quarto Stato di\" \/>\n<meta name=\"robots\" content=\"index, follow, max-snippet:-1, max-image-preview:large, max-video-preview:-1\" \/>\n<link rel=\"canonical\" href=\"https:\/\/www.romaoggi.eu\/index.php\/2025\/03\/16\/belfast-terza-puntata-di-nomi-cose-citta-a-cardano-al-campo\/\" \/>\n<meta property=\"og:locale\" content=\"it_IT\" \/>\n<meta property=\"og:type\" content=\"article\" \/>\n<meta property=\"og:title\" content=\"&quot;Belfast&quot;. Terza puntata di Nomi Cose Citt\u00e0 a Cardano al Campo\" \/>\n<meta property=\"og:description\" content=\"Belfast citt\u00e0 di muri, passioni politiche, musica \u00e8 la meta della terza puntata di &quot;Nomi Cose Citt\u00e0&quot;, la rassegna proposta dal circolo Quarto Stato di\" \/>\n<meta property=\"og:url\" content=\"https:\/\/www.romaoggi.eu\/index.php\/2025\/03\/16\/belfast-terza-puntata-di-nomi-cose-citta-a-cardano-al-campo\/\" \/>\n<meta property=\"og:site_name\" content=\"roma oggi\" \/>\n<meta property=\"article:publisher\" content=\"https:\/\/www.facebook.com\/RomaOggi-841544845954114\" \/>\n<meta property=\"article:published_time\" content=\"2025-03-16T14:26:00+00:00\" \/>\n<meta property=\"og:image\" content=\"https:\/\/www.romaoggi.eu\/wp-content\/uploads\/2025\/03\/WhatsApp-Image-2025-03-16-at-12.42.52.jpeg\" \/>\n\t<meta property=\"og:image:width\" content=\"1080\" \/>\n\t<meta property=\"og:image:height\" content=\"1350\" \/>\n\t<meta property=\"og:image:type\" content=\"image\/jpeg\" \/>\n<meta name=\"author\" content=\"Target Lab Ets\" \/>\n<meta name=\"twitter:card\" content=\"summary_large_image\" \/>\n<meta name=\"twitter:creator\" content=\"@romaoggi_eu\" \/>\n<meta name=\"twitter:site\" content=\"@romaoggi_eu\" \/>\n<meta name=\"twitter:label1\" content=\"Scritto da\" \/>\n\t<meta name=\"twitter:data1\" content=\"Target Lab Ets\" \/>\n\t<meta name=\"twitter:label2\" content=\"Tempo di lettura stimato\" \/>\n\t<meta name=\"twitter:data2\" content=\"4 minuti\" \/>\n<script type=\"application\/ld+json\" class=\"yoast-schema-graph\">{\"@context\":\"https:\\\/\\\/schema.org\",\"@graph\":[{\"@type\":\"Article\",\"@id\":\"https:\\\/\\\/www.romaoggi.eu\\\/index.php\\\/2025\\\/03\\\/16\\\/belfast-terza-puntata-di-nomi-cose-citta-a-cardano-al-campo\\\/#article\",\"isPartOf\":{\"@id\":\"https:\\\/\\\/www.romaoggi.eu\\\/index.php\\\/2025\\\/03\\\/16\\\/belfast-terza-puntata-di-nomi-cose-citta-a-cardano-al-campo\\\/\"},\"author\":{\"name\":\"Target Lab Ets\",\"@id\":\"https:\\\/\\\/www.romaoggi.eu\\\/#\\\/schema\\\/person\\\/72b8cfc6de60caeb335267c8e21d90fb\"},\"headline\":\"&#8220;Belfast&#8221;. Terza puntata di Nomi Cose Citt\u00e0 a Cardano al Campo\",\"datePublished\":\"2025-03-16T14:26:00+00:00\",\"mainEntityOfPage\":{\"@id\":\"https:\\\/\\\/www.romaoggi.eu\\\/index.php\\\/2025\\\/03\\\/16\\\/belfast-terza-puntata-di-nomi-cose-citta-a-cardano-al-campo\\\/\"},\"wordCount\":436,\"publisher\":{\"@id\":\"https:\\\/\\\/www.romaoggi.eu\\\/#organization\"},\"image\":{\"@id\":\"https:\\\/\\\/www.romaoggi.eu\\\/index.php\\\/2025\\\/03\\\/16\\\/belfast-terza-puntata-di-nomi-cose-citta-a-cardano-al-campo\\\/#primaryimage\"},\"thumbnailUrl\":\"https:\\\/\\\/www.romaoggi.eu\\\/wp-content\\\/uploads\\\/2025\\\/03\\\/WhatsApp-Image-2025-03-16-at-12.42.52.jpeg\",\"keywords\":[\"Alice Pasquini\",\"Bologna\",\"Gianluca Cettineo\",\"Luciana Travierso.\",\"Nomi Cose Citt\u00e0\",\"Quarto Stato di Cardano\"],\"articleSection\":[\"oltre Roma\"],\"inLanguage\":\"it-IT\"},{\"@type\":\"WebPage\",\"@id\":\"https:\\\/\\\/www.romaoggi.eu\\\/index.php\\\/2025\\\/03\\\/16\\\/belfast-terza-puntata-di-nomi-cose-citta-a-cardano-al-campo\\\/\",\"url\":\"https:\\\/\\\/www.romaoggi.eu\\\/index.php\\\/2025\\\/03\\\/16\\\/belfast-terza-puntata-di-nomi-cose-citta-a-cardano-al-campo\\\/\",\"name\":\"\\\"Belfast\\\". Terza puntata di Nomi Cose Citt\u00e0 a Cardano al Campo\",\"isPartOf\":{\"@id\":\"https:\\\/\\\/www.romaoggi.eu\\\/#website\"},\"primaryImageOfPage\":{\"@id\":\"https:\\\/\\\/www.romaoggi.eu\\\/index.php\\\/2025\\\/03\\\/16\\\/belfast-terza-puntata-di-nomi-cose-citta-a-cardano-al-campo\\\/#primaryimage\"},\"image\":{\"@id\":\"https:\\\/\\\/www.romaoggi.eu\\\/index.php\\\/2025\\\/03\\\/16\\\/belfast-terza-puntata-di-nomi-cose-citta-a-cardano-al-campo\\\/#primaryimage\"},\"thumbnailUrl\":\"https:\\\/\\\/www.romaoggi.eu\\\/wp-content\\\/uploads\\\/2025\\\/03\\\/WhatsApp-Image-2025-03-16-at-12.42.52.jpeg\",\"datePublished\":\"2025-03-16T14:26:00+00:00\",\"description\":\"Belfast citt\u00e0 di muri, passioni politiche, musica \u00e8 la meta della terza puntata di \\\"Nomi Cose Citt\u00e0\\\", la rassegna proposta dal circolo Quarto Stato di\",\"breadcrumb\":{\"@id\":\"https:\\\/\\\/www.romaoggi.eu\\\/index.php\\\/2025\\\/03\\\/16\\\/belfast-terza-puntata-di-nomi-cose-citta-a-cardano-al-campo\\\/#breadcrumb\"},\"inLanguage\":\"it-IT\",\"potentialAction\":[{\"@type\":\"ReadAction\",\"target\":[\"https:\\\/\\\/www.romaoggi.eu\\\/index.php\\\/2025\\\/03\\\/16\\\/belfast-terza-puntata-di-nomi-cose-citta-a-cardano-al-campo\\\/\"]}]},{\"@type\":\"ImageObject\",\"inLanguage\":\"it-IT\",\"@id\":\"https:\\\/\\\/www.romaoggi.eu\\\/index.php\\\/2025\\\/03\\\/16\\\/belfast-terza-puntata-di-nomi-cose-citta-a-cardano-al-campo\\\/#primaryimage\",\"url\":\"https:\\\/\\\/www.romaoggi.eu\\\/wp-content\\\/uploads\\\/2025\\\/03\\\/WhatsApp-Image-2025-03-16-at-12.42.52.jpeg\",\"contentUrl\":\"https:\\\/\\\/www.romaoggi.eu\\\/wp-content\\\/uploads\\\/2025\\\/03\\\/WhatsApp-Image-2025-03-16-at-12.42.52.jpeg\",\"width\":1080,\"height\":1350},{\"@type\":\"BreadcrumbList\",\"@id\":\"https:\\\/\\\/www.romaoggi.eu\\\/index.php\\\/2025\\\/03\\\/16\\\/belfast-terza-puntata-di-nomi-cose-citta-a-cardano-al-campo\\\/#breadcrumb\",\"itemListElement\":[{\"@type\":\"ListItem\",\"position\":1,\"name\":\"Home\",\"item\":\"https:\\\/\\\/www.romaoggi.eu\\\/\"},{\"@type\":\"ListItem\",\"position\":2,\"name\":\"&#8220;Belfast&#8221;. Terza puntata di Nomi Cose Citt\u00e0 a Cardano al Campo\"}]},{\"@type\":\"WebSite\",\"@id\":\"https:\\\/\\\/www.romaoggi.eu\\\/#website\",\"url\":\"https:\\\/\\\/www.romaoggi.eu\\\/\",\"name\":\"roma oggi\",\"description\":\"Interesting News for Interesting people\",\"publisher\":{\"@id\":\"https:\\\/\\\/www.romaoggi.eu\\\/#organization\"},\"potentialAction\":[{\"@type\":\"SearchAction\",\"target\":{\"@type\":\"EntryPoint\",\"urlTemplate\":\"https:\\\/\\\/www.romaoggi.eu\\\/?s={search_term_string}\"},\"query-input\":{\"@type\":\"PropertyValueSpecification\",\"valueRequired\":true,\"valueName\":\"search_term_string\"}}],\"inLanguage\":\"it-IT\"},{\"@type\":\"Organization\",\"@id\":\"https:\\\/\\\/www.romaoggi.eu\\\/#organization\",\"name\":\"RomaOggi\",\"url\":\"https:\\\/\\\/www.romaoggi.eu\\\/\",\"logo\":{\"@type\":\"ImageObject\",\"inLanguage\":\"it-IT\",\"@id\":\"https:\\\/\\\/www.romaoggi.eu\\\/#\\\/schema\\\/logo\\\/image\\\/\",\"url\":\"https:\\\/\\\/www.romaoggi.eu\\\/wp-content\\\/uploads\\\/2017\\\/04\\\/logowp.jpg\",\"contentUrl\":\"https:\\\/\\\/www.romaoggi.eu\\\/wp-content\\\/uploads\\\/2017\\\/04\\\/logowp.jpg\",\"width\":300,\"height\":133,\"caption\":\"RomaOggi\"},\"image\":{\"@id\":\"https:\\\/\\\/www.romaoggi.eu\\\/#\\\/schema\\\/logo\\\/image\\\/\"},\"sameAs\":[\"https:\\\/\\\/www.facebook.com\\\/RomaOggi-841544845954114\",\"https:\\\/\\\/x.com\\\/romaoggi_eu\"]},{\"@type\":\"Person\",\"@id\":\"https:\\\/\\\/www.romaoggi.eu\\\/#\\\/schema\\\/person\\\/72b8cfc6de60caeb335267c8e21d90fb\",\"name\":\"Target Lab Ets\",\"image\":{\"@type\":\"ImageObject\",\"inLanguage\":\"it-IT\",\"@id\":\"https:\\\/\\\/secure.gravatar.com\\\/avatar\\\/ab64fd266889a629b0e9e6ab56209e379c2a89cfda303941ee9621d4090292d1?s=96&d=mm&r=g\",\"url\":\"https:\\\/\\\/secure.gravatar.com\\\/avatar\\\/ab64fd266889a629b0e9e6ab56209e379c2a89cfda303941ee9621d4090292d1?s=96&d=mm&r=g\",\"contentUrl\":\"https:\\\/\\\/secure.gravatar.com\\\/avatar\\\/ab64fd266889a629b0e9e6ab56209e379c2a89cfda303941ee9621d4090292d1?s=96&d=mm&r=g\",\"caption\":\"Target Lab Ets\"},\"sameAs\":[\"http:\\\/\\\/www.targetlab.org\"],\"url\":\"https:\\\/\\\/www.romaoggi.eu\\\/index.php\\\/author\\\/isfc\\\/\"}]}<\/script>\n<!-- \/ Yoast SEO plugin. -->","yoast_head_json":{"title":"\"Belfast\". Terza puntata di Nomi Cose Citt\u00e0 a Cardano al Campo","description":"Belfast citt\u00e0 di muri, passioni politiche, musica \u00e8 la meta della terza puntata di \"Nomi Cose Citt\u00e0\", la rassegna proposta dal circolo Quarto Stato di","robots":{"index":"index","follow":"follow","max-snippet":"max-snippet:-1","max-image-preview":"max-image-preview:large","max-video-preview":"max-video-preview:-1"},"canonical":"https:\/\/www.romaoggi.eu\/index.php\/2025\/03\/16\/belfast-terza-puntata-di-nomi-cose-citta-a-cardano-al-campo\/","og_locale":"it_IT","og_type":"article","og_title":"\"Belfast\". Terza puntata di Nomi Cose Citt\u00e0 a Cardano al Campo","og_description":"Belfast citt\u00e0 di muri, passioni politiche, musica \u00e8 la meta della terza puntata di \"Nomi Cose Citt\u00e0\", la rassegna proposta dal circolo Quarto Stato di","og_url":"https:\/\/www.romaoggi.eu\/index.php\/2025\/03\/16\/belfast-terza-puntata-di-nomi-cose-citta-a-cardano-al-campo\/","og_site_name":"roma oggi","article_publisher":"https:\/\/www.facebook.com\/RomaOggi-841544845954114","article_published_time":"2025-03-16T14:26:00+00:00","og_image":[{"width":1080,"height":1350,"url":"https:\/\/www.romaoggi.eu\/wp-content\/uploads\/2025\/03\/WhatsApp-Image-2025-03-16-at-12.42.52.jpeg","type":"image\/jpeg"}],"author":"Target Lab Ets","twitter_card":"summary_large_image","twitter_creator":"@romaoggi_eu","twitter_site":"@romaoggi_eu","twitter_misc":{"Scritto da":"Target Lab Ets","Tempo di lettura stimato":"4 minuti"},"schema":{"@context":"https:\/\/schema.org","@graph":[{"@type":"Article","@id":"https:\/\/www.romaoggi.eu\/index.php\/2025\/03\/16\/belfast-terza-puntata-di-nomi-cose-citta-a-cardano-al-campo\/#article","isPartOf":{"@id":"https:\/\/www.romaoggi.eu\/index.php\/2025\/03\/16\/belfast-terza-puntata-di-nomi-cose-citta-a-cardano-al-campo\/"},"author":{"name":"Target Lab Ets","@id":"https:\/\/www.romaoggi.eu\/#\/schema\/person\/72b8cfc6de60caeb335267c8e21d90fb"},"headline":"&#8220;Belfast&#8221;. Terza puntata di Nomi Cose Citt\u00e0 a Cardano al Campo","datePublished":"2025-03-16T14:26:00+00:00","mainEntityOfPage":{"@id":"https:\/\/www.romaoggi.eu\/index.php\/2025\/03\/16\/belfast-terza-puntata-di-nomi-cose-citta-a-cardano-al-campo\/"},"wordCount":436,"publisher":{"@id":"https:\/\/www.romaoggi.eu\/#organization"},"image":{"@id":"https:\/\/www.romaoggi.eu\/index.php\/2025\/03\/16\/belfast-terza-puntata-di-nomi-cose-citta-a-cardano-al-campo\/#primaryimage"},"thumbnailUrl":"https:\/\/www.romaoggi.eu\/wp-content\/uploads\/2025\/03\/WhatsApp-Image-2025-03-16-at-12.42.52.jpeg","keywords":["Alice Pasquini","Bologna","Gianluca Cettineo","Luciana Travierso.","Nomi Cose Citt\u00e0","Quarto Stato di Cardano"],"articleSection":["oltre Roma"],"inLanguage":"it-IT"},{"@type":"WebPage","@id":"https:\/\/www.romaoggi.eu\/index.php\/2025\/03\/16\/belfast-terza-puntata-di-nomi-cose-citta-a-cardano-al-campo\/","url":"https:\/\/www.romaoggi.eu\/index.php\/2025\/03\/16\/belfast-terza-puntata-di-nomi-cose-citta-a-cardano-al-campo\/","name":"\"Belfast\". Terza puntata di Nomi Cose Citt\u00e0 a Cardano al Campo","isPartOf":{"@id":"https:\/\/www.romaoggi.eu\/#website"},"primaryImageOfPage":{"@id":"https:\/\/www.romaoggi.eu\/index.php\/2025\/03\/16\/belfast-terza-puntata-di-nomi-cose-citta-a-cardano-al-campo\/#primaryimage"},"image":{"@id":"https:\/\/www.romaoggi.eu\/index.php\/2025\/03\/16\/belfast-terza-puntata-di-nomi-cose-citta-a-cardano-al-campo\/#primaryimage"},"thumbnailUrl":"https:\/\/www.romaoggi.eu\/wp-content\/uploads\/2025\/03\/WhatsApp-Image-2025-03-16-at-12.42.52.jpeg","datePublished":"2025-03-16T14:26:00+00:00","description":"Belfast citt\u00e0 di muri, passioni politiche, musica \u00e8 la meta della terza puntata di \"Nomi Cose Citt\u00e0\", la rassegna proposta dal circolo Quarto Stato di","breadcrumb":{"@id":"https:\/\/www.romaoggi.eu\/index.php\/2025\/03\/16\/belfast-terza-puntata-di-nomi-cose-citta-a-cardano-al-campo\/#breadcrumb"},"inLanguage":"it-IT","potentialAction":[{"@type":"ReadAction","target":["https:\/\/www.romaoggi.eu\/index.php\/2025\/03\/16\/belfast-terza-puntata-di-nomi-cose-citta-a-cardano-al-campo\/"]}]},{"@type":"ImageObject","inLanguage":"it-IT","@id":"https:\/\/www.romaoggi.eu\/index.php\/2025\/03\/16\/belfast-terza-puntata-di-nomi-cose-citta-a-cardano-al-campo\/#primaryimage","url":"https:\/\/www.romaoggi.eu\/wp-content\/uploads\/2025\/03\/WhatsApp-Image-2025-03-16-at-12.42.52.jpeg","contentUrl":"https:\/\/www.romaoggi.eu\/wp-content\/uploads\/2025\/03\/WhatsApp-Image-2025-03-16-at-12.42.52.jpeg","width":1080,"height":1350},{"@type":"BreadcrumbList","@id":"https:\/\/www.romaoggi.eu\/index.php\/2025\/03\/16\/belfast-terza-puntata-di-nomi-cose-citta-a-cardano-al-campo\/#breadcrumb","itemListElement":[{"@type":"ListItem","position":1,"name":"Home","item":"https:\/\/www.romaoggi.eu\/"},{"@type":"ListItem","position":2,"name":"&#8220;Belfast&#8221;. Terza puntata di Nomi Cose Citt\u00e0 a Cardano al Campo"}]},{"@type":"WebSite","@id":"https:\/\/www.romaoggi.eu\/#website","url":"https:\/\/www.romaoggi.eu\/","name":"roma oggi","description":"Interesting News for Interesting people","publisher":{"@id":"https:\/\/www.romaoggi.eu\/#organization"},"potentialAction":[{"@type":"SearchAction","target":{"@type":"EntryPoint","urlTemplate":"https:\/\/www.romaoggi.eu\/?s={search_term_string}"},"query-input":{"@type":"PropertyValueSpecification","valueRequired":true,"valueName":"search_term_string"}}],"inLanguage":"it-IT"},{"@type":"Organization","@id":"https:\/\/www.romaoggi.eu\/#organization","name":"RomaOggi","url":"https:\/\/www.romaoggi.eu\/","logo":{"@type":"ImageObject","inLanguage":"it-IT","@id":"https:\/\/www.romaoggi.eu\/#\/schema\/logo\/image\/","url":"https:\/\/www.romaoggi.eu\/wp-content\/uploads\/2017\/04\/logowp.jpg","contentUrl":"https:\/\/www.romaoggi.eu\/wp-content\/uploads\/2017\/04\/logowp.jpg","width":300,"height":133,"caption":"RomaOggi"},"image":{"@id":"https:\/\/www.romaoggi.eu\/#\/schema\/logo\/image\/"},"sameAs":["https:\/\/www.facebook.com\/RomaOggi-841544845954114","https:\/\/x.com\/romaoggi_eu"]},{"@type":"Person","@id":"https:\/\/www.romaoggi.eu\/#\/schema\/person\/72b8cfc6de60caeb335267c8e21d90fb","name":"Target Lab Ets","image":{"@type":"ImageObject","inLanguage":"it-IT","@id":"https:\/\/secure.gravatar.com\/avatar\/ab64fd266889a629b0e9e6ab56209e379c2a89cfda303941ee9621d4090292d1?s=96&d=mm&r=g","url":"https:\/\/secure.gravatar.com\/avatar\/ab64fd266889a629b0e9e6ab56209e379c2a89cfda303941ee9621d4090292d1?s=96&d=mm&r=g","contentUrl":"https:\/\/secure.gravatar.com\/avatar\/ab64fd266889a629b0e9e6ab56209e379c2a89cfda303941ee9621d4090292d1?s=96&d=mm&r=g","caption":"Target Lab Ets"},"sameAs":["http:\/\/www.targetlab.org"],"url":"https:\/\/www.romaoggi.eu\/index.php\/author\/isfc\/"}]}},"_links":{"self":[{"href":"https:\/\/www.romaoggi.eu\/index.php\/wp-json\/wp\/v2\/posts\/38717","targetHints":{"allow":["GET"]}}],"collection":[{"href":"https:\/\/www.romaoggi.eu\/index.php\/wp-json\/wp\/v2\/posts"}],"about":[{"href":"https:\/\/www.romaoggi.eu\/index.php\/wp-json\/wp\/v2\/types\/post"}],"author":[{"embeddable":true,"href":"https:\/\/www.romaoggi.eu\/index.php\/wp-json\/wp\/v2\/users\/17"}],"replies":[{"embeddable":true,"href":"https:\/\/www.romaoggi.eu\/index.php\/wp-json\/wp\/v2\/comments?post=38717"}],"version-history":[{"count":5,"href":"https:\/\/www.romaoggi.eu\/index.php\/wp-json\/wp\/v2\/posts\/38717\/revisions"}],"predecessor-version":[{"id":38729,"href":"https:\/\/www.romaoggi.eu\/index.php\/wp-json\/wp\/v2\/posts\/38717\/revisions\/38729"}],"wp:featuredmedia":[{"embeddable":true,"href":"https:\/\/www.romaoggi.eu\/index.php\/wp-json\/wp\/v2\/media\/38720"}],"wp:attachment":[{"href":"https:\/\/www.romaoggi.eu\/index.php\/wp-json\/wp\/v2\/media?parent=38717"}],"wp:term":[{"taxonomy":"category","embeddable":true,"href":"https:\/\/www.romaoggi.eu\/index.php\/wp-json\/wp\/v2\/categories?post=38717"},{"taxonomy":"post_tag","embeddable":true,"href":"https:\/\/www.romaoggi.eu\/index.php\/wp-json\/wp\/v2\/tags?post=38717"}],"curies":[{"name":"wp","href":"https:\/\/api.w.org\/{rel}","templated":true}]}}