{"id":38804,"date":"2025-03-22T19:43:02","date_gmt":"2025-03-22T18:43:02","guid":{"rendered":"https:\/\/www.romaoggi.eu\/?p=38804"},"modified":"2025-03-22T19:51:48","modified_gmt":"2025-03-22T18:51:48","slug":"musei-a-cielo-aperto-del-contemporaneo-giornate-di-studio-internazionali-su-arte-luoghi-e-comunita","status":"publish","type":"post","link":"https:\/\/www.romaoggi.eu\/index.php\/2025\/03\/22\/musei-a-cielo-aperto-del-contemporaneo-giornate-di-studio-internazionali-su-arte-luoghi-e-comunita\/","title":{"rendered":"\u201cMusei a cielo aperto del contemporaneo\u201d \u2013 Giornate di studio internazionali su arte, luoghi e comunit\u00e0"},"content":{"rendered":"<hr \/>\n<p style=\"text-align: center\" align=\"JUSTIFY\"><span style=\"color: #ff0000\"><strong>pubblicato da Alessandro Lisci &#8211; Target Lab Ets &#8211; infoline 3316379346<\/strong><\/span><\/p>\n<p><img loading=\"lazy\" decoding=\"async\" class=\" wp-image-38796\" src=\"https:\/\/www.romaoggi.eu\/wp-content\/uploads\/2025\/03\/QR-CODE-PAGINA-FACEBOOK--231x300.png\" alt=\"\" width=\"117\" height=\"152\" srcset=\"https:\/\/www.romaoggi.eu\/wp-content\/uploads\/2025\/03\/QR-CODE-PAGINA-FACEBOOK--231x300.png 231w, https:\/\/www.romaoggi.eu\/wp-content\/uploads\/2025\/03\/QR-CODE-PAGINA-FACEBOOK--788x1024.png 788w, https:\/\/www.romaoggi.eu\/wp-content\/uploads\/2025\/03\/QR-CODE-PAGINA-FACEBOOK--1182x1536.png 1182w, https:\/\/www.romaoggi.eu\/wp-content\/uploads\/2025\/03\/QR-CODE-PAGINA-FACEBOOK--1576x2048.png 1576w\" sizes=\"auto, (max-width: 117px) 100vw, 117px\" \/><\/p>\n<p align=\"JUSTIFY\"><span style=\"color: #000000\">\u201c<\/span><span style=\"color: #000000\"><span style=\"font-family: Arial, serif\"><span style=\"font-size: medium\"><b>Musei a cielo aperto del contemporaneo\u201d \u2013 Giornate di studio internazionali su arte, luoghi e comunit\u00e0<\/b><\/span><\/span><\/span><\/p>\n<p align=\"JUSTIFY\"><span style=\"color: #000000\"><span style=\"font-family: Arial, serif\"><span style=\"font-size: medium\">Roma, 28 marzo e 11 aprile 2025 \u2013 Il Dipartimento di Studi letterari, filosofici e di storia dell&#8217;arte dell\u2019Universit\u00e0 degli Studi di Roma \u201cTor Vergata\u201d ospiter\u00e0 due giornate internazionali di studio dal titolo \u201c<\/span><\/span><\/span><span style=\"color: #000000\"><span style=\"font-family: Arial, serif\"><span style=\"font-size: medium\"><b>Musei a cielo aperto del contemporaneo<\/b><\/span><\/span><\/span><span style=\"color: #000000\"><span style=\"font-family: Arial, serif\"><span style=\"font-size: medium\">\u201d, a cura di <\/span><\/span><\/span><span style=\"color: #000000\"><span style=\"font-family: Arial, serif\"><span style=\"font-size: medium\"><b>Simonetta Baroni<\/b><\/span><\/span><\/span><span style=\"color: #000000\"><span style=\"font-family: Arial, serif\"><span style=\"font-size: medium\"> e <\/span><\/span><\/span><span style=\"color: #000000\"><span style=\"font-family: Arial, serif\"><span style=\"font-size: medium\"><b>Federica Bertini<\/b><\/span><\/span><\/span><span style=\"color: #000000\"><span style=\"font-family: Arial, serif\"><span style=\"font-size: medium\">, coordinate da <\/span><\/span><\/span><span style=\"color: #000000\"><span style=\"font-family: Arial, serif\"><span style=\"font-size: medium\"><b>Carmelo Occhipinti<\/b><\/span><\/span><\/span><span style=\"color: #000000\"><span style=\"font-family: Arial, serif\"><span style=\"font-size: medium\">. Gli eventi si inseriscono nell\u2019ambito del \u201cCorso laboratorio sull\u2019accessibilit\u00e0 del patrimonio storico-artistico: metodologie interpretative, sensorialit\u00e0, fruizioni e nuove tecnologie\u201d.<\/span><\/span><\/span><\/p>\n<p align=\"JUSTIFY\"><span style=\"color: #000000\"><span style=\"font-family: Arial, serif\"><span style=\"font-size: medium\">I due appuntamenti sono l&#8217;occasione per riflettere sulle nuove forme di fruizione e valorizzazione dell&#8217;arte contemporanea, in particolare nei contesti urbani e naturali, con approfondimento dei temi relativi ai musei a cielo aperto, alla Street art, e alla partecipazione delle comunit\u00e0 locali. <\/span><\/span><\/span><\/p>\n<p align=\"JUSTIFY\"><span style=\"color: #000000\"><span style=\"font-family: Arial, serif\"><span style=\"font-size: medium\">Nella prima giornata, che si terr\u00e0 il <\/span><\/span><\/span><span style=\"color: #000000\"><span style=\"font-family: Arial, serif\"><span style=\"font-size: medium\"><b>28 marzo 2025<\/b><\/span><\/span><\/span><span style=\"color: #000000\"><span style=\"font-family: Arial, serif\"><span style=\"font-size: medium\"> dal titolo \u201c<\/span><\/span><\/span><span style=\"color: #0f1111\"><span style=\"font-family: Arial, serif\"><span style=\"font-size: medium\"><b>Musei a cielo aperto: arte, luoghi, comunit\u00e0<\/b><\/span><\/span><\/span><span style=\"color: #000000\"><span style=\"font-family: Arial, serif\"><span style=\"font-size: medium\">\u201d, Federica Bertini introdurr\u00e0 il tema dei \u201cmusei a cielo aperto\u201d ripercorrendone l\u2019evoluzione storico-critica ed evidenziandone le problematicit\u00e0, soprattutto in riferimento all\u2019arte urbana. Artisti e curatori presenteranno alcuni progetti che hanno segnato la citt\u00e0 di Roma: il MAAM con Giorgio de Finis, l\u2019Associazione M.U.R.o. con David Diav\u00f9 Vecchiato e il Museo Condominiale Tor Marancia con Stefano Antonelli. Infine, Francesca Colonnelli illustrer\u00e0 alcune esperienze nate nella provincia laziale, come \u201cMemorie Urbane\u201d a Valmontone, \u201cLe ere di Anagni\u201d e <\/span><\/span><\/span> <span style=\"color: #0d1111\"><span style=\"font-family: Arial, serif\"><span style=\"font-size: medium\">l\u2019eredit\u00e0<\/span><\/span><\/span> <span style=\"color: #0d1111\"><span style=\"font-family: Arial, serif\"><span style=\"font-size: medium\">sociale<\/span><\/span><\/span> <span style=\"color: #0d1111\"><span style=\"font-family: Arial, serif\"><span style=\"font-size: medium\">e<\/span><\/span><\/span> <span style=\"color: #0d1111\"><span style=\"font-family: Arial, serif\"><span style=\"font-size: medium\">culturale<\/span><\/span><\/span> <span style=\"color: #0d1111\"><span style=\"font-family: Arial, serif\"><span style=\"font-size: medium\">di<\/span><\/span><\/span> <span style=\"color: #0d1111\"><span style=\"font-family: Arial, serif\"><span style=\"font-size: medium\">Colleferro\u201d.<\/span><\/span><\/span> <span style=\"color: #000000\"><span style=\"font-family: Arial, serif\"><span style=\"font-size: medium\">Il confronto si arricchir\u00e0 con la partecipazione di esperti del settore, tra cui l\u2019urbanista Enzo Scandurra e l\u2019antropologo Franco La Cecla. A completare questo percorso sono le riflessioni di Ledo Prato che proporr\u00e0 un&#8217;analisi critica su come queste forme artistiche si intrecciano con la citt\u00e0, il territorio e la comunit\u00e0.<\/span><\/span><\/span><\/p>\n<p align=\"JUSTIFY\"><span style=\"color: #000000\"><span style=\"font-family: Arial, serif\"><span style=\"font-size: medium\">Nella seconda giornata, che si terr\u00e0 l\u2019<\/span><\/span><\/span><span style=\"color: #000000\"><span style=\"font-family: Arial, serif\"><span style=\"font-size: medium\"><b>11 aprile 2025 <\/b><\/span><\/span><\/span><span style=\"color: #000000\"><span style=\"font-family: Arial, serif\"><span style=\"font-size: medium\">dal titolo,\u201d <\/span><\/span><\/span><span style=\"color: #000000\"><span style=\"font-family: Arial, serif\"><span style=\"font-size: medium\"><b>Musei a cielo aperto. Nuove narrazioni: un\u2019eredit\u00e0 sociale e culturale da tramandare<\/b><\/span><\/span><\/span><span style=\"color: #000000\"><span style=\"font-family: Arial, serif\"><span style=\"font-size: medium\">\u201d, verranno analizzati alcuni interventi artistici <\/span><\/span><\/span><span style=\"color: #222222\"><span style=\"font-family: Arial, serif\"><span style=\"font-size: medium\">che interessano <\/span><\/span><\/span><span style=\"color: #000000\"><span style=\"font-family: Arial, serif\"><span style=\"font-size: medium\">contesti naturali, come parchi e giardini. Rossana Buono presenter\u00e0 il progetto espositivo della Fattoria di Celle (Pistoia), Giulia Brandinelli racconter\u00e0 l\u2019esperienza partecipata di Maria Lai, e Carla Subrizi illustrer\u00e0 il progetto \u201cI Giardini d\u2019artista: spazi aperti e possibilit\u00e0 di storicizzazione\u201d.<\/span><\/span><\/span><\/p>\n<p align=\"JUSTIFY\"><span style=\"color: #000000\"><span style=\"font-family: Arial, serif\"><span style=\"font-size: medium\">Un importante approfondimento sar\u00e0 dedicato alla Street art con l\u2019intervento dell&#8217;avvocato Pietro Cuffaro, che riporter\u00e0 la sua esperienza come legale dell\u2019Associazione M<\/span><\/span><\/span><span style=\"color: #0f1111\"><span style=\"font-family: Arial, serif\"><span style=\"font-size: medium\">.U.R.o<\/span><\/span><\/span><span style=\"color: #000000\"><span style=\"font-family: Arial, serif\"><span style=\"font-size: medium\">, soffermandosi sugli aspetti della tutela delle opere.<\/span><\/span><\/span><\/p>\n<p align=\"JUSTIFY\"><span style=\"color: #222222\"><span style=\"font-family: Arial, serif\"><span style=\"font-size: medium\">A conclusione delle due giornate verr\u00e0 affrontato il tema dell\u2019interpretazione e comunicazione delle opere di street art attraverso un approccio sensoriale e inclusivo da parte di Simonetta Baroni. <\/span><\/span><\/span><\/p>\n<p align=\"JUSTIFY\"><span style=\"color: #222222\"><span style=\"font-family: Arial, serif\"><span style=\"font-size: medium\">Fondamentale diventa il confronto con la realt\u00e0 museale brasiliana e precisamente con quella della citt\u00e0 di Salvador de Bahia, grazie al contributo di Silvia La Regina, all\u2019intervento del direttore del il MAB-BA,Pola Ribeiro e di <\/span><\/span><\/span><span style=\"color: #000000\"><span style=\"font-family: Arial, serif\"><span style=\"font-size: medium\">Sandra Regina Rosa Farias, esperta di accessibilit\u00e0. <\/span><\/span><\/span><\/p>\n<p align=\"JUSTIFY\"><span style=\"color: #000000\"><span style=\"font-family: Arial, serif\"><span style=\"font-size: medium\">Questo sguardo internazionale <\/span><\/span><\/span><span style=\"color: #222222\"><span style=\"font-family: Arial, serif\"><span style=\"font-size: medium\">rappresenta un\u2019importante <\/span><\/span><\/span><span style=\"color: #000000\"><span style=\"font-family: Arial, serif\"><span style=\"font-size: medium\">occasione per analizzare da nuove prospettive il tema del museo a cielo aperto e di guardare a esperienze come il MUSAS, un museo a cielo aperto nato nella favela di <\/span><\/span><\/span><span style=\"color: #222222\"><span style=\"font-family: Arial, serif\"><span style=\"font-size: medium\">\u00a0Solar do\u00a0<\/span><\/span><\/span><span style=\"color: #333333\"><span style=\"font-family: Arial, serif\"><span style=\"font-size: medium\">Unh\u00e3o, che rappresenta <\/span><\/span><\/span><span style=\"font-family: Arial, serif\"><span style=\"font-size: medium\">un\u2019operazione emblematica di riqualificazione sociale e culturale.<\/span><\/span><\/p>\n<p align=\"JUSTIFY\"><span style=\"color: #000000\"><span style=\"font-family: Arial, serif\"><span style=\"font-size: medium\"><b>Data e luogo<\/b><\/span><\/span><\/span><span style=\"color: #000000\"><span style=\"font-family: Arial, serif\"><span style=\"font-size: medium\">: 28 marzo e l\u201911 aprile 2025 &#8211; Dipartimento di Studi letterari, filosofici e di storia dell&#8217;arte, Universit\u00e0 degli Studi di Roma \u201cTor Vergata\u201d. <\/span><\/span><\/span><span style=\"color: #000000\"><span style=\"font-family: Arial, serif\"><span style=\"font-size: medium\"><b>Informazioni e contatti<\/b><\/span><\/span><\/span><span style=\"color: #000000\"><span style=\"font-family: Arial, serif\"><span style=\"font-size: medium\">:: <\/span><\/span><\/span><a href=\"mailto:federica.bertini@uniroma2.itProgramma\"><span style=\"font-family: Arial, serif\"><span style=\"font-size: medium\">federica.bertini@uniroma2.it<\/span><\/span><\/a><\/p>\n<p align=\"JUSTIFY\"><img loading=\"lazy\" decoding=\"async\" class=\"alignnone wp-image-38806\" src=\"https:\/\/www.romaoggi.eu\/wp-content\/uploads\/2025\/03\/locandina-musei-a-cielo-aperto-del-cintemporaneo-212x300.jpg\" alt=\"\" width=\"779\" height=\"1102\" srcset=\"https:\/\/www.romaoggi.eu\/wp-content\/uploads\/2025\/03\/locandina-musei-a-cielo-aperto-del-cintemporaneo-212x300.jpg 212w, https:\/\/www.romaoggi.eu\/wp-content\/uploads\/2025\/03\/locandina-musei-a-cielo-aperto-del-cintemporaneo-1087x1536.jpg 1087w, https:\/\/www.romaoggi.eu\/wp-content\/uploads\/2025\/03\/locandina-musei-a-cielo-aperto-del-cintemporaneo-1449x2048.jpg 1449w, https:\/\/www.romaoggi.eu\/wp-content\/uploads\/2025\/03\/locandina-musei-a-cielo-aperto-del-cintemporaneo.jpg 1656w\" sizes=\"auto, (max-width: 779px) 100vw, 779px\" \/>\u00a0<img loading=\"lazy\" decoding=\"async\" class=\"alignnone wp-image-38810\" src=\"https:\/\/www.romaoggi.eu\/wp-content\/uploads\/2025\/03\/locandina-musei-a-cielo-aperto-del-contemporaneo-212x300.jpg\" alt=\"\" width=\"637\" height=\"901\" srcset=\"https:\/\/www.romaoggi.eu\/wp-content\/uploads\/2025\/03\/locandina-musei-a-cielo-aperto-del-contemporaneo-212x300.jpg 212w, https:\/\/www.romaoggi.eu\/wp-content\/uploads\/2025\/03\/locandina-musei-a-cielo-aperto-del-contemporaneo-725x1024.jpg 725w, https:\/\/www.romaoggi.eu\/wp-content\/uploads\/2025\/03\/locandina-musei-a-cielo-aperto-del-contemporaneo-1087x1536.jpg 1087w, https:\/\/www.romaoggi.eu\/wp-content\/uploads\/2025\/03\/locandina-musei-a-cielo-aperto-del-contemporaneo-1449x2048.jpg 1449w, https:\/\/www.romaoggi.eu\/wp-content\/uploads\/2025\/03\/locandina-musei-a-cielo-aperto-del-contemporaneo.jpg 1656w\" sizes=\"auto, (max-width: 637px) 100vw, 637px\" \/><\/p>\n","protected":false},"excerpt":{"rendered":"<div class=\"mh-excerpt\"><p>pubblicato da Alessandro Lisci &#8211; Target Lab Ets &#8211; infoline 3316379346 \u201cMusei a cielo aperto del contemporaneo\u201d \u2013 Giornate di studio internazionali su arte, luoghi e comunit\u00e0 Roma, 28 marzo e 11 aprile 2025 \u2013 <a class=\"mh-excerpt-more\" href=\"https:\/\/www.romaoggi.eu\/index.php\/2025\/03\/22\/musei-a-cielo-aperto-del-contemporaneo-giornate-di-studio-internazionali-su-arte-luoghi-e-comunita\/\" title=\"\u201cMusei a cielo aperto del contemporaneo\u201d \u2013 Giornate di studio internazionali su arte, luoghi e comunit\u00e0\">[&#8230;]<\/a><\/p>\n<\/div>","protected":false},"author":17,"featured_media":38808,"comment_status":"closed","ping_status":"open","sticky":false,"template":"","format":"standard","meta":{"_sitemap_exclude":false,"_sitemap_priority":"","_sitemap_frequency":"","footnotes":""},"categories":[14247],"tags":[17982,17979,17984,17983,17986,17980,17985,16932,17981],"class_list":["post-38804","post","type-post","status-publish","format-standard","has-post-thumbnail","hentry","category-dentro-roma","tag-dipartimento-di-studi-letterari","tag-federica-bertini","tag-m-u-r-o","tag-maam","tag-memorie-urbane","tag-musei-a-cielo-aperto","tag-museo-condominiale-di-tor-marancia","tag-simonetta-baroni","tag-universita-di-tor-vergata"],"yoast_head":"<!-- This site is optimized with the Yoast SEO plugin v27.5 - https:\/\/yoast.com\/product\/yoast-seo-wordpress\/ -->\n<title>\u201cMusei a cielo aperto del contemporaneo\u201d \u2013 Giornate di studio internazionali su arte, luoghi e comunit\u00e0<\/title>\n<meta name=\"description\" content=\"pubblicato da Alessandro Lisci - Target Lab Ets - infoline 3316379346 \u201cMusei a cielo aperto del contemporaneo\u201d \u2013 Giornate di studio internazionali su\" \/>\n<meta name=\"robots\" content=\"index, follow, max-snippet:-1, max-image-preview:large, max-video-preview:-1\" \/>\n<link rel=\"canonical\" href=\"https:\/\/www.romaoggi.eu\/index.php\/2025\/03\/22\/musei-a-cielo-aperto-del-contemporaneo-giornate-di-studio-internazionali-su-arte-luoghi-e-comunita\/\" \/>\n<meta property=\"og:locale\" content=\"it_IT\" \/>\n<meta property=\"og:type\" content=\"article\" \/>\n<meta property=\"og:title\" content=\"\u201cMusei a cielo aperto del contemporaneo\u201d \u2013 Giornate di studio internazionali su arte, luoghi e comunit\u00e0\" \/>\n<meta property=\"og:description\" content=\"pubblicato da Alessandro Lisci - Target Lab Ets - infoline 3316379346 \u201cMusei a cielo aperto del contemporaneo\u201d \u2013 Giornate di studio internazionali su\" \/>\n<meta property=\"og:url\" content=\"https:\/\/www.romaoggi.eu\/index.php\/2025\/03\/22\/musei-a-cielo-aperto-del-contemporaneo-giornate-di-studio-internazionali-su-arte-luoghi-e-comunita\/\" \/>\n<meta property=\"og:site_name\" content=\"roma oggi\" \/>\n<meta property=\"article:publisher\" content=\"https:\/\/www.facebook.com\/RomaOggi-841544845954114\" \/>\n<meta property=\"article:published_time\" content=\"2025-03-22T18:43:02+00:00\" \/>\n<meta property=\"article:modified_time\" content=\"2025-03-22T18:51:48+00:00\" \/>\n<meta property=\"og:image\" content=\"https:\/\/www.romaoggi.eu\/wp-content\/uploads\/2025\/03\/locandina-musei-a-cielo-aperto-del-cintemporaneo-1.jpg\" \/>\n\t<meta property=\"og:image:width\" content=\"1645\" \/>\n\t<meta property=\"og:image:height\" content=\"1094\" \/>\n\t<meta property=\"og:image:type\" content=\"image\/jpeg\" \/>\n<meta name=\"author\" content=\"Target Lab Ets\" \/>\n<meta name=\"twitter:card\" content=\"summary_large_image\" \/>\n<meta name=\"twitter:creator\" content=\"@romaoggi_eu\" \/>\n<meta name=\"twitter:site\" content=\"@romaoggi_eu\" \/>\n<meta name=\"twitter:label1\" content=\"Scritto da\" \/>\n\t<meta name=\"twitter:data1\" content=\"Target Lab Ets\" \/>\n\t<meta name=\"twitter:label2\" content=\"Tempo di lettura stimato\" \/>\n\t<meta name=\"twitter:data2\" content=\"4 minuti\" \/>\n<script type=\"application\/ld+json\" class=\"yoast-schema-graph\">{\"@context\":\"https:\\\/\\\/schema.org\",\"@graph\":[{\"@type\":\"Article\",\"@id\":\"https:\\\/\\\/www.romaoggi.eu\\\/index.php\\\/2025\\\/03\\\/22\\\/musei-a-cielo-aperto-del-contemporaneo-giornate-di-studio-internazionali-su-arte-luoghi-e-comunita\\\/#article\",\"isPartOf\":{\"@id\":\"https:\\\/\\\/www.romaoggi.eu\\\/index.php\\\/2025\\\/03\\\/22\\\/musei-a-cielo-aperto-del-contemporaneo-giornate-di-studio-internazionali-su-arte-luoghi-e-comunita\\\/\"},\"author\":{\"name\":\"Target Lab Ets\",\"@id\":\"https:\\\/\\\/www.romaoggi.eu\\\/#\\\/schema\\\/person\\\/72b8cfc6de60caeb335267c8e21d90fb\"},\"headline\":\"\u201cMusei a cielo aperto del contemporaneo\u201d \u2013 Giornate di studio internazionali su arte, luoghi e comunit\u00e0\",\"datePublished\":\"2025-03-22T18:43:02+00:00\",\"dateModified\":\"2025-03-22T18:51:48+00:00\",\"mainEntityOfPage\":{\"@id\":\"https:\\\/\\\/www.romaoggi.eu\\\/index.php\\\/2025\\\/03\\\/22\\\/musei-a-cielo-aperto-del-contemporaneo-giornate-di-studio-internazionali-su-arte-luoghi-e-comunita\\\/\"},\"wordCount\":575,\"publisher\":{\"@id\":\"https:\\\/\\\/www.romaoggi.eu\\\/#organization\"},\"image\":{\"@id\":\"https:\\\/\\\/www.romaoggi.eu\\\/index.php\\\/2025\\\/03\\\/22\\\/musei-a-cielo-aperto-del-contemporaneo-giornate-di-studio-internazionali-su-arte-luoghi-e-comunita\\\/#primaryimage\"},\"thumbnailUrl\":\"https:\\\/\\\/www.romaoggi.eu\\\/wp-content\\\/uploads\\\/2025\\\/03\\\/locandina-musei-a-cielo-aperto-del-cintemporaneo-1.jpg\",\"keywords\":[\"Dipartimento di Studi letterari\",\"Federica Bertini\",\"m.u.r.o.\",\"MAAM\",\"mEMORIE uRBANE\",\"Musei a cielo aperto\",\"mUSEO CONDOMINIALE DI tOR mARANCIA\",\"Simonetta Baroni\",\"Universit\u00e0 di Tor Vergata\"],\"articleSection\":[\"DENTRO ROMA\"],\"inLanguage\":\"it-IT\"},{\"@type\":\"WebPage\",\"@id\":\"https:\\\/\\\/www.romaoggi.eu\\\/index.php\\\/2025\\\/03\\\/22\\\/musei-a-cielo-aperto-del-contemporaneo-giornate-di-studio-internazionali-su-arte-luoghi-e-comunita\\\/\",\"url\":\"https:\\\/\\\/www.romaoggi.eu\\\/index.php\\\/2025\\\/03\\\/22\\\/musei-a-cielo-aperto-del-contemporaneo-giornate-di-studio-internazionali-su-arte-luoghi-e-comunita\\\/\",\"name\":\"\u201cMusei a cielo aperto del contemporaneo\u201d \u2013 Giornate di studio internazionali su arte, luoghi e comunit\u00e0\",\"isPartOf\":{\"@id\":\"https:\\\/\\\/www.romaoggi.eu\\\/#website\"},\"primaryImageOfPage\":{\"@id\":\"https:\\\/\\\/www.romaoggi.eu\\\/index.php\\\/2025\\\/03\\\/22\\\/musei-a-cielo-aperto-del-contemporaneo-giornate-di-studio-internazionali-su-arte-luoghi-e-comunita\\\/#primaryimage\"},\"image\":{\"@id\":\"https:\\\/\\\/www.romaoggi.eu\\\/index.php\\\/2025\\\/03\\\/22\\\/musei-a-cielo-aperto-del-contemporaneo-giornate-di-studio-internazionali-su-arte-luoghi-e-comunita\\\/#primaryimage\"},\"thumbnailUrl\":\"https:\\\/\\\/www.romaoggi.eu\\\/wp-content\\\/uploads\\\/2025\\\/03\\\/locandina-musei-a-cielo-aperto-del-cintemporaneo-1.jpg\",\"datePublished\":\"2025-03-22T18:43:02+00:00\",\"dateModified\":\"2025-03-22T18:51:48+00:00\",\"description\":\"pubblicato da Alessandro Lisci - Target Lab Ets - infoline 3316379346 \u201cMusei a cielo aperto del contemporaneo\u201d \u2013 Giornate di studio internazionali su\",\"breadcrumb\":{\"@id\":\"https:\\\/\\\/www.romaoggi.eu\\\/index.php\\\/2025\\\/03\\\/22\\\/musei-a-cielo-aperto-del-contemporaneo-giornate-di-studio-internazionali-su-arte-luoghi-e-comunita\\\/#breadcrumb\"},\"inLanguage\":\"it-IT\",\"potentialAction\":[{\"@type\":\"ReadAction\",\"target\":[\"https:\\\/\\\/www.romaoggi.eu\\\/index.php\\\/2025\\\/03\\\/22\\\/musei-a-cielo-aperto-del-contemporaneo-giornate-di-studio-internazionali-su-arte-luoghi-e-comunita\\\/\"]}]},{\"@type\":\"ImageObject\",\"inLanguage\":\"it-IT\",\"@id\":\"https:\\\/\\\/www.romaoggi.eu\\\/index.php\\\/2025\\\/03\\\/22\\\/musei-a-cielo-aperto-del-contemporaneo-giornate-di-studio-internazionali-su-arte-luoghi-e-comunita\\\/#primaryimage\",\"url\":\"https:\\\/\\\/www.romaoggi.eu\\\/wp-content\\\/uploads\\\/2025\\\/03\\\/locandina-musei-a-cielo-aperto-del-cintemporaneo-1.jpg\",\"contentUrl\":\"https:\\\/\\\/www.romaoggi.eu\\\/wp-content\\\/uploads\\\/2025\\\/03\\\/locandina-musei-a-cielo-aperto-del-cintemporaneo-1.jpg\",\"width\":1645,\"height\":1094},{\"@type\":\"BreadcrumbList\",\"@id\":\"https:\\\/\\\/www.romaoggi.eu\\\/index.php\\\/2025\\\/03\\\/22\\\/musei-a-cielo-aperto-del-contemporaneo-giornate-di-studio-internazionali-su-arte-luoghi-e-comunita\\\/#breadcrumb\",\"itemListElement\":[{\"@type\":\"ListItem\",\"position\":1,\"name\":\"Home\",\"item\":\"https:\\\/\\\/www.romaoggi.eu\\\/\"},{\"@type\":\"ListItem\",\"position\":2,\"name\":\"\u201cMusei a cielo aperto del contemporaneo\u201d \u2013 Giornate di studio internazionali su arte, luoghi e comunit\u00e0\"}]},{\"@type\":\"WebSite\",\"@id\":\"https:\\\/\\\/www.romaoggi.eu\\\/#website\",\"url\":\"https:\\\/\\\/www.romaoggi.eu\\\/\",\"name\":\"roma oggi\",\"description\":\"Interesting News for Interesting people\",\"publisher\":{\"@id\":\"https:\\\/\\\/www.romaoggi.eu\\\/#organization\"},\"potentialAction\":[{\"@type\":\"SearchAction\",\"target\":{\"@type\":\"EntryPoint\",\"urlTemplate\":\"https:\\\/\\\/www.romaoggi.eu\\\/?s={search_term_string}\"},\"query-input\":{\"@type\":\"PropertyValueSpecification\",\"valueRequired\":true,\"valueName\":\"search_term_string\"}}],\"inLanguage\":\"it-IT\"},{\"@type\":\"Organization\",\"@id\":\"https:\\\/\\\/www.romaoggi.eu\\\/#organization\",\"name\":\"RomaOggi\",\"url\":\"https:\\\/\\\/www.romaoggi.eu\\\/\",\"logo\":{\"@type\":\"ImageObject\",\"inLanguage\":\"it-IT\",\"@id\":\"https:\\\/\\\/www.romaoggi.eu\\\/#\\\/schema\\\/logo\\\/image\\\/\",\"url\":\"https:\\\/\\\/www.romaoggi.eu\\\/wp-content\\\/uploads\\\/2017\\\/04\\\/logowp.jpg\",\"contentUrl\":\"https:\\\/\\\/www.romaoggi.eu\\\/wp-content\\\/uploads\\\/2017\\\/04\\\/logowp.jpg\",\"width\":300,\"height\":133,\"caption\":\"RomaOggi\"},\"image\":{\"@id\":\"https:\\\/\\\/www.romaoggi.eu\\\/#\\\/schema\\\/logo\\\/image\\\/\"},\"sameAs\":[\"https:\\\/\\\/www.facebook.com\\\/RomaOggi-841544845954114\",\"https:\\\/\\\/x.com\\\/romaoggi_eu\"]},{\"@type\":\"Person\",\"@id\":\"https:\\\/\\\/www.romaoggi.eu\\\/#\\\/schema\\\/person\\\/72b8cfc6de60caeb335267c8e21d90fb\",\"name\":\"Target Lab Ets\",\"image\":{\"@type\":\"ImageObject\",\"inLanguage\":\"it-IT\",\"@id\":\"https:\\\/\\\/secure.gravatar.com\\\/avatar\\\/ab64fd266889a629b0e9e6ab56209e379c2a89cfda303941ee9621d4090292d1?s=96&d=mm&r=g\",\"url\":\"https:\\\/\\\/secure.gravatar.com\\\/avatar\\\/ab64fd266889a629b0e9e6ab56209e379c2a89cfda303941ee9621d4090292d1?s=96&d=mm&r=g\",\"contentUrl\":\"https:\\\/\\\/secure.gravatar.com\\\/avatar\\\/ab64fd266889a629b0e9e6ab56209e379c2a89cfda303941ee9621d4090292d1?s=96&d=mm&r=g\",\"caption\":\"Target Lab Ets\"},\"sameAs\":[\"http:\\\/\\\/www.targetlab.org\"],\"url\":\"https:\\\/\\\/www.romaoggi.eu\\\/index.php\\\/author\\\/isfc\\\/\"}]}<\/script>\n<!-- \/ Yoast SEO plugin. -->","yoast_head_json":{"title":"\u201cMusei a cielo aperto del contemporaneo\u201d \u2013 Giornate di studio internazionali su arte, luoghi e comunit\u00e0","description":"pubblicato da Alessandro Lisci - Target Lab Ets - infoline 3316379346 \u201cMusei a cielo aperto del contemporaneo\u201d \u2013 Giornate di studio internazionali su","robots":{"index":"index","follow":"follow","max-snippet":"max-snippet:-1","max-image-preview":"max-image-preview:large","max-video-preview":"max-video-preview:-1"},"canonical":"https:\/\/www.romaoggi.eu\/index.php\/2025\/03\/22\/musei-a-cielo-aperto-del-contemporaneo-giornate-di-studio-internazionali-su-arte-luoghi-e-comunita\/","og_locale":"it_IT","og_type":"article","og_title":"\u201cMusei a cielo aperto del contemporaneo\u201d \u2013 Giornate di studio internazionali su arte, luoghi e comunit\u00e0","og_description":"pubblicato da Alessandro Lisci - Target Lab Ets - infoline 3316379346 \u201cMusei a cielo aperto del contemporaneo\u201d \u2013 Giornate di studio internazionali su","og_url":"https:\/\/www.romaoggi.eu\/index.php\/2025\/03\/22\/musei-a-cielo-aperto-del-contemporaneo-giornate-di-studio-internazionali-su-arte-luoghi-e-comunita\/","og_site_name":"roma oggi","article_publisher":"https:\/\/www.facebook.com\/RomaOggi-841544845954114","article_published_time":"2025-03-22T18:43:02+00:00","article_modified_time":"2025-03-22T18:51:48+00:00","og_image":[{"width":1645,"height":1094,"url":"https:\/\/www.romaoggi.eu\/wp-content\/uploads\/2025\/03\/locandina-musei-a-cielo-aperto-del-cintemporaneo-1.jpg","type":"image\/jpeg"}],"author":"Target Lab Ets","twitter_card":"summary_large_image","twitter_creator":"@romaoggi_eu","twitter_site":"@romaoggi_eu","twitter_misc":{"Scritto da":"Target Lab Ets","Tempo di lettura stimato":"4 minuti"},"schema":{"@context":"https:\/\/schema.org","@graph":[{"@type":"Article","@id":"https:\/\/www.romaoggi.eu\/index.php\/2025\/03\/22\/musei-a-cielo-aperto-del-contemporaneo-giornate-di-studio-internazionali-su-arte-luoghi-e-comunita\/#article","isPartOf":{"@id":"https:\/\/www.romaoggi.eu\/index.php\/2025\/03\/22\/musei-a-cielo-aperto-del-contemporaneo-giornate-di-studio-internazionali-su-arte-luoghi-e-comunita\/"},"author":{"name":"Target Lab Ets","@id":"https:\/\/www.romaoggi.eu\/#\/schema\/person\/72b8cfc6de60caeb335267c8e21d90fb"},"headline":"\u201cMusei a cielo aperto del contemporaneo\u201d \u2013 Giornate di studio internazionali su arte, luoghi e comunit\u00e0","datePublished":"2025-03-22T18:43:02+00:00","dateModified":"2025-03-22T18:51:48+00:00","mainEntityOfPage":{"@id":"https:\/\/www.romaoggi.eu\/index.php\/2025\/03\/22\/musei-a-cielo-aperto-del-contemporaneo-giornate-di-studio-internazionali-su-arte-luoghi-e-comunita\/"},"wordCount":575,"publisher":{"@id":"https:\/\/www.romaoggi.eu\/#organization"},"image":{"@id":"https:\/\/www.romaoggi.eu\/index.php\/2025\/03\/22\/musei-a-cielo-aperto-del-contemporaneo-giornate-di-studio-internazionali-su-arte-luoghi-e-comunita\/#primaryimage"},"thumbnailUrl":"https:\/\/www.romaoggi.eu\/wp-content\/uploads\/2025\/03\/locandina-musei-a-cielo-aperto-del-cintemporaneo-1.jpg","keywords":["Dipartimento di Studi letterari","Federica Bertini","m.u.r.o.","MAAM","mEMORIE uRBANE","Musei a cielo aperto","mUSEO CONDOMINIALE DI tOR mARANCIA","Simonetta Baroni","Universit\u00e0 di Tor Vergata"],"articleSection":["DENTRO ROMA"],"inLanguage":"it-IT"},{"@type":"WebPage","@id":"https:\/\/www.romaoggi.eu\/index.php\/2025\/03\/22\/musei-a-cielo-aperto-del-contemporaneo-giornate-di-studio-internazionali-su-arte-luoghi-e-comunita\/","url":"https:\/\/www.romaoggi.eu\/index.php\/2025\/03\/22\/musei-a-cielo-aperto-del-contemporaneo-giornate-di-studio-internazionali-su-arte-luoghi-e-comunita\/","name":"\u201cMusei a cielo aperto del contemporaneo\u201d \u2013 Giornate di studio internazionali su arte, luoghi e comunit\u00e0","isPartOf":{"@id":"https:\/\/www.romaoggi.eu\/#website"},"primaryImageOfPage":{"@id":"https:\/\/www.romaoggi.eu\/index.php\/2025\/03\/22\/musei-a-cielo-aperto-del-contemporaneo-giornate-di-studio-internazionali-su-arte-luoghi-e-comunita\/#primaryimage"},"image":{"@id":"https:\/\/www.romaoggi.eu\/index.php\/2025\/03\/22\/musei-a-cielo-aperto-del-contemporaneo-giornate-di-studio-internazionali-su-arte-luoghi-e-comunita\/#primaryimage"},"thumbnailUrl":"https:\/\/www.romaoggi.eu\/wp-content\/uploads\/2025\/03\/locandina-musei-a-cielo-aperto-del-cintemporaneo-1.jpg","datePublished":"2025-03-22T18:43:02+00:00","dateModified":"2025-03-22T18:51:48+00:00","description":"pubblicato da Alessandro Lisci - Target Lab Ets - infoline 3316379346 \u201cMusei a cielo aperto del contemporaneo\u201d \u2013 Giornate di studio internazionali su","breadcrumb":{"@id":"https:\/\/www.romaoggi.eu\/index.php\/2025\/03\/22\/musei-a-cielo-aperto-del-contemporaneo-giornate-di-studio-internazionali-su-arte-luoghi-e-comunita\/#breadcrumb"},"inLanguage":"it-IT","potentialAction":[{"@type":"ReadAction","target":["https:\/\/www.romaoggi.eu\/index.php\/2025\/03\/22\/musei-a-cielo-aperto-del-contemporaneo-giornate-di-studio-internazionali-su-arte-luoghi-e-comunita\/"]}]},{"@type":"ImageObject","inLanguage":"it-IT","@id":"https:\/\/www.romaoggi.eu\/index.php\/2025\/03\/22\/musei-a-cielo-aperto-del-contemporaneo-giornate-di-studio-internazionali-su-arte-luoghi-e-comunita\/#primaryimage","url":"https:\/\/www.romaoggi.eu\/wp-content\/uploads\/2025\/03\/locandina-musei-a-cielo-aperto-del-cintemporaneo-1.jpg","contentUrl":"https:\/\/www.romaoggi.eu\/wp-content\/uploads\/2025\/03\/locandina-musei-a-cielo-aperto-del-cintemporaneo-1.jpg","width":1645,"height":1094},{"@type":"BreadcrumbList","@id":"https:\/\/www.romaoggi.eu\/index.php\/2025\/03\/22\/musei-a-cielo-aperto-del-contemporaneo-giornate-di-studio-internazionali-su-arte-luoghi-e-comunita\/#breadcrumb","itemListElement":[{"@type":"ListItem","position":1,"name":"Home","item":"https:\/\/www.romaoggi.eu\/"},{"@type":"ListItem","position":2,"name":"\u201cMusei a cielo aperto del contemporaneo\u201d \u2013 Giornate di studio internazionali su arte, luoghi e comunit\u00e0"}]},{"@type":"WebSite","@id":"https:\/\/www.romaoggi.eu\/#website","url":"https:\/\/www.romaoggi.eu\/","name":"roma oggi","description":"Interesting News for Interesting people","publisher":{"@id":"https:\/\/www.romaoggi.eu\/#organization"},"potentialAction":[{"@type":"SearchAction","target":{"@type":"EntryPoint","urlTemplate":"https:\/\/www.romaoggi.eu\/?s={search_term_string}"},"query-input":{"@type":"PropertyValueSpecification","valueRequired":true,"valueName":"search_term_string"}}],"inLanguage":"it-IT"},{"@type":"Organization","@id":"https:\/\/www.romaoggi.eu\/#organization","name":"RomaOggi","url":"https:\/\/www.romaoggi.eu\/","logo":{"@type":"ImageObject","inLanguage":"it-IT","@id":"https:\/\/www.romaoggi.eu\/#\/schema\/logo\/image\/","url":"https:\/\/www.romaoggi.eu\/wp-content\/uploads\/2017\/04\/logowp.jpg","contentUrl":"https:\/\/www.romaoggi.eu\/wp-content\/uploads\/2017\/04\/logowp.jpg","width":300,"height":133,"caption":"RomaOggi"},"image":{"@id":"https:\/\/www.romaoggi.eu\/#\/schema\/logo\/image\/"},"sameAs":["https:\/\/www.facebook.com\/RomaOggi-841544845954114","https:\/\/x.com\/romaoggi_eu"]},{"@type":"Person","@id":"https:\/\/www.romaoggi.eu\/#\/schema\/person\/72b8cfc6de60caeb335267c8e21d90fb","name":"Target Lab Ets","image":{"@type":"ImageObject","inLanguage":"it-IT","@id":"https:\/\/secure.gravatar.com\/avatar\/ab64fd266889a629b0e9e6ab56209e379c2a89cfda303941ee9621d4090292d1?s=96&d=mm&r=g","url":"https:\/\/secure.gravatar.com\/avatar\/ab64fd266889a629b0e9e6ab56209e379c2a89cfda303941ee9621d4090292d1?s=96&d=mm&r=g","contentUrl":"https:\/\/secure.gravatar.com\/avatar\/ab64fd266889a629b0e9e6ab56209e379c2a89cfda303941ee9621d4090292d1?s=96&d=mm&r=g","caption":"Target Lab Ets"},"sameAs":["http:\/\/www.targetlab.org"],"url":"https:\/\/www.romaoggi.eu\/index.php\/author\/isfc\/"}]}},"_links":{"self":[{"href":"https:\/\/www.romaoggi.eu\/index.php\/wp-json\/wp\/v2\/posts\/38804","targetHints":{"allow":["GET"]}}],"collection":[{"href":"https:\/\/www.romaoggi.eu\/index.php\/wp-json\/wp\/v2\/posts"}],"about":[{"href":"https:\/\/www.romaoggi.eu\/index.php\/wp-json\/wp\/v2\/types\/post"}],"author":[{"embeddable":true,"href":"https:\/\/www.romaoggi.eu\/index.php\/wp-json\/wp\/v2\/users\/17"}],"replies":[{"embeddable":true,"href":"https:\/\/www.romaoggi.eu\/index.php\/wp-json\/wp\/v2\/comments?post=38804"}],"version-history":[{"count":4,"href":"https:\/\/www.romaoggi.eu\/index.php\/wp-json\/wp\/v2\/posts\/38804\/revisions"}],"predecessor-version":[{"id":38812,"href":"https:\/\/www.romaoggi.eu\/index.php\/wp-json\/wp\/v2\/posts\/38804\/revisions\/38812"}],"wp:featuredmedia":[{"embeddable":true,"href":"https:\/\/www.romaoggi.eu\/index.php\/wp-json\/wp\/v2\/media\/38808"}],"wp:attachment":[{"href":"https:\/\/www.romaoggi.eu\/index.php\/wp-json\/wp\/v2\/media?parent=38804"}],"wp:term":[{"taxonomy":"category","embeddable":true,"href":"https:\/\/www.romaoggi.eu\/index.php\/wp-json\/wp\/v2\/categories?post=38804"},{"taxonomy":"post_tag","embeddable":true,"href":"https:\/\/www.romaoggi.eu\/index.php\/wp-json\/wp\/v2\/tags?post=38804"}],"curies":[{"name":"wp","href":"https:\/\/api.w.org\/{rel}","templated":true}]}}