{"id":39058,"date":"2025-04-13T10:08:48","date_gmt":"2025-04-13T08:08:48","guid":{"rendered":"https:\/\/www.romaoggi.eu\/?p=39058"},"modified":"2025-04-13T10:09:04","modified_gmt":"2025-04-13T08:09:04","slug":"ostia-gli-europei-di-windsurf-15-21-aprile","status":"publish","type":"post","link":"https:\/\/www.romaoggi.eu\/index.php\/2025\/04\/13\/ostia-gli-europei-di-windsurf-15-21-aprile\/","title":{"rendered":"Ostia gli Europei di windsurf: 15-21 aprile"},"content":{"rendered":"<p style=\"text-align: justify;\">Partono da Ostia gli <strong>Europei di windsurf:<\/strong> in gara oltre 300 atleti<\/p>\n<p style=\"text-align: justify;\"><strong>Dal 15 al 21 aprile Ostia<\/strong> diventa capitale europea del windsurf ospitando i Campionati Techno 293: in arrivo delegazioni da <strong>17 Paesi<\/strong> per una settimana di sport, mare e promozione del territorio.<\/p>\n<p><img loading=\"lazy\" decoding=\"async\" class=\"aligncenter wp-image-39060 size-large\" src=\"https:\/\/www.romaoggi.eu\/wp-content\/uploads\/2025\/04\/foto2-2-1024x682.jpg\" alt=\"alt tag Europei di windsurf\" width=\"1024\" height=\"682\" srcset=\"https:\/\/www.romaoggi.eu\/wp-content\/uploads\/2025\/04\/foto2-2-1024x682.jpg 1024w, https:\/\/www.romaoggi.eu\/wp-content\/uploads\/2025\/04\/foto2-2-300x200.jpg 300w, https:\/\/www.romaoggi.eu\/wp-content\/uploads\/2025\/04\/foto2-2.jpg 1367w\" sizes=\"auto, (max-width: 1024px) 100vw, 1024px\" \/><\/p>\n<p style=\"text-align: justify;\">Ostia si prepara ad accogliere una delle principali competizioni giovanili europee degli sport del mare: i <strong>Campionati Europei di Windsurf Techno 293, in programma dal 15 al 21 aprile. Oltre 300 giovani atleti under 19,<\/strong> provenienti da 17 nazioni europee, arriveranno sul litorale romano per sfidarsi in mare, tra le onde e il vento di primavera, in una competizione che unisce sport, cultura marina e vocazione territoriale. La manifestazione \u00e8 organizzata dalla sezione di Ostia della Lega Navale Italiana, punto di riferimento nazionale per la promozione della vela giovanile e degli sport nautici. Le regate si svolgeranno nello specchio d&#8217;acqua di fronte alla Lega Navale di Ostia a partire dal 16 aprile, mentre la cerimonia d\u2019apertura si terr\u00e0 marted\u00ec 15 aprile alle 17:00 presso il Pala FIJLKAM di Ostia (via dei Sandolini 79) con la sfilata delle squadre e il saluto istituzionale alle delegazioni.<\/p>\n<p style=\"text-align: justify;\">L\u2019evento non sar\u00e0 solo una sfida sportiva, ma anche un\u2019occasione di crescita, formazione e promozione del territorio. A sottolinearlo \u00e8 l\u2019<strong>Ammiraglio Donato Marzano<\/strong>, presidente della Lega Navale Italiana: \u201c<em>Ogni anno avviciniamo migliaia di giovani al mare e agli sport nautici, con un\u2019attenzione particolare a chi vive situazioni di fragilit\u00e0. Alcuni dei nostri ragazzi diventano atleti di alto livello, altri semplicemente imparano a conoscere e rispettare il mare. Ma \u00e8 un percorso che va oltre lo sport: trasmette valori fondamentali come la lealt\u00e0, la solidariet\u00e0 e il rispetto per l\u2019ambiente. La Sezione di Ostia interpreta perfettamente questo spirito essendo una delle realt\u00e0 pi\u00f9 dinamiche del nostro Paese<\/em>\u201d.<\/p>\n<p style=\"text-align: justify;\">Il Campionato rappresenta, infatti, una delle tappe pi\u00f9 importanti nel percorso formativo e agonistico dei giovani windsurfisti, che in occasioni come questa iniziano a costruire le proprie carriere internazionali. Per il Municipio X \u00e8 invece un\u2019occasione di grande visibilit\u00e0 e rilancio, perfettamente in linea con la sua vocazione sportiva, marittima e sociale. \u201c<em>La Lega Navale di Ostia &#8211; <\/em>spiega la presidente della sezione, <strong>Carola De Fazio<\/strong><em><strong> &#8211;<\/strong> dedica particolare impegno all\u2019inclusione, nelle attivit\u00e0 di formazione, degli studenti e dei giovani del territorio di Roma e del Lazio, provenienti da contesti di disagio socio-economico. Tanti ragazzi, tra cui quelli del Punto Luce <strong>Save the Children di Ostia<\/strong> e dell\u2019Associazione<strong> Il Porto dei Piccoli<\/strong>, saranno coinvolti, nelle giornate in cui si svolger\u00e0 la competizione. in attivit\u00e0 che prevedono sessioni gratuite di sport e laboratori di educazione ambientale, con il fine di avvicinarli al windsurf\u201d<\/em>. Per Ostia, dunque, si tratta di molto pi\u00f9 che una semplice competizione sportiva: \u00e8 una vetrina internazionale, una sfida organizzativa e soprattutto un\u2019occasione concreta per rilanciare con orgoglio il proprio legame con il mare.<\/p>\n","protected":false},"excerpt":{"rendered":"<div class=\"mh-excerpt\"><p>Partono da Ostia gli Europei di windsurf: in gara oltre 300 atleti Dal 15 al 21 aprile Ostia diventa capitale europea del windsurf ospitando i Campionati Techno 293: in arrivo delegazioni da 17 Paesi per <a class=\"mh-excerpt-more\" href=\"https:\/\/www.romaoggi.eu\/index.php\/2025\/04\/13\/ostia-gli-europei-di-windsurf-15-21-aprile\/\" title=\"Ostia gli Europei di windsurf: 15-21 aprile\">[&#8230;]<\/a><\/p>\n<\/div>","protected":false},"author":1,"featured_media":39059,"comment_status":"closed","ping_status":"open","sticky":false,"template":"","format":"standard","meta":{"_sitemap_exclude":false,"_sitemap_priority":"","_sitemap_frequency":"","footnotes":""},"categories":[5],"tags":[18055,18057,18058,18054,18056,9735,719,18059],"class_list":["post-39058","post","type-post","status-publish","format-standard","has-post-thumbnail","hentry","category-sport","tag-ammiraglio-donato-marzano","tag-carola-de-fazio","tag-competizione","tag-europei-di-windsurf","tag-il-porto-dei-piccoli","tag-mare","tag-ostia","tag-windsurf"],"yoast_head":"<!-- This site is optimized with the Yoast SEO plugin v27.5 - https:\/\/yoast.com\/product\/yoast-seo-wordpress\/ -->\n<title>Ostia gli Europei di windsurf: 15-21 aprile<\/title>\n<meta name=\"description\" content=\"Partono da Ostia gli Europei di windsurf: in gara oltre 300 atleti Dal 15 al 21 aprile Ostia diventa capitale europea del windsurf ospitando i Campionati\" \/>\n<meta name=\"robots\" content=\"index, follow, max-snippet:-1, max-image-preview:large, max-video-preview:-1\" \/>\n<link rel=\"canonical\" href=\"https:\/\/www.romaoggi.eu\/index.php\/2025\/04\/13\/ostia-gli-europei-di-windsurf-15-21-aprile\/\" \/>\n<meta property=\"og:locale\" content=\"it_IT\" \/>\n<meta property=\"og:type\" content=\"article\" \/>\n<meta property=\"og:title\" content=\"Ostia gli Europei di windsurf: 15-21 aprile\" \/>\n<meta property=\"og:description\" content=\"Partono da Ostia gli Europei di windsurf: in gara oltre 300 atleti Dal 15 al 21 aprile Ostia diventa capitale europea del windsurf ospitando i Campionati\" \/>\n<meta property=\"og:url\" content=\"https:\/\/www.romaoggi.eu\/index.php\/2025\/04\/13\/ostia-gli-europei-di-windsurf-15-21-aprile\/\" \/>\n<meta property=\"og:site_name\" content=\"roma oggi\" \/>\n<meta property=\"article:publisher\" content=\"https:\/\/www.facebook.com\/RomaOggi-841544845954114\" \/>\n<meta property=\"article:published_time\" content=\"2025-04-13T08:08:48+00:00\" \/>\n<meta property=\"article:modified_time\" content=\"2025-04-13T08:09:04+00:00\" \/>\n<meta property=\"og:image\" content=\"https:\/\/www.romaoggi.eu\/wp-content\/uploads\/2025\/04\/foto1-1.jpg\" \/>\n\t<meta property=\"og:image:width\" content=\"1600\" \/>\n\t<meta property=\"og:image:height\" content=\"860\" \/>\n\t<meta property=\"og:image:type\" content=\"image\/jpeg\" \/>\n<meta name=\"author\" content=\"admin\" \/>\n<meta name=\"twitter:card\" content=\"summary_large_image\" \/>\n<meta name=\"twitter:creator\" content=\"@romaoggi_eu\" \/>\n<meta name=\"twitter:site\" content=\"@romaoggi_eu\" \/>\n<meta name=\"twitter:label1\" content=\"Scritto da\" \/>\n\t<meta name=\"twitter:data1\" content=\"admin\" \/>\n\t<meta name=\"twitter:label2\" content=\"Tempo di lettura stimato\" \/>\n\t<meta name=\"twitter:data2\" content=\"3 minuti\" \/>\n<script type=\"application\/ld+json\" class=\"yoast-schema-graph\">{\"@context\":\"https:\\\/\\\/schema.org\",\"@graph\":[{\"@type\":\"Article\",\"@id\":\"https:\\\/\\\/www.romaoggi.eu\\\/index.php\\\/2025\\\/04\\\/13\\\/ostia-gli-europei-di-windsurf-15-21-aprile\\\/#article\",\"isPartOf\":{\"@id\":\"https:\\\/\\\/www.romaoggi.eu\\\/index.php\\\/2025\\\/04\\\/13\\\/ostia-gli-europei-di-windsurf-15-21-aprile\\\/\"},\"author\":{\"name\":\"admin\",\"@id\":\"https:\\\/\\\/www.romaoggi.eu\\\/#\\\/schema\\\/person\\\/9b23ceb6a2992a25e98c76a5f1fbb887\"},\"headline\":\"Ostia gli Europei di windsurf: 15-21 aprile\",\"datePublished\":\"2025-04-13T08:08:48+00:00\",\"dateModified\":\"2025-04-13T08:09:04+00:00\",\"mainEntityOfPage\":{\"@id\":\"https:\\\/\\\/www.romaoggi.eu\\\/index.php\\\/2025\\\/04\\\/13\\\/ostia-gli-europei-di-windsurf-15-21-aprile\\\/\"},\"wordCount\":468,\"publisher\":{\"@id\":\"https:\\\/\\\/www.romaoggi.eu\\\/#organization\"},\"image\":{\"@id\":\"https:\\\/\\\/www.romaoggi.eu\\\/index.php\\\/2025\\\/04\\\/13\\\/ostia-gli-europei-di-windsurf-15-21-aprile\\\/#primaryimage\"},\"thumbnailUrl\":\"https:\\\/\\\/www.romaoggi.eu\\\/wp-content\\\/uploads\\\/2025\\\/04\\\/foto1-1.jpg\",\"keywords\":[\"Ammiraglio Donato Marzano\",\"Carola De Fazio\",\"competizione\",\"Europei di windsurf\",\"Il Porto dei Piccoli\",\"mare\",\"ostia\",\"windsurf\"],\"articleSection\":[\"Sport\"],\"inLanguage\":\"it-IT\"},{\"@type\":\"WebPage\",\"@id\":\"https:\\\/\\\/www.romaoggi.eu\\\/index.php\\\/2025\\\/04\\\/13\\\/ostia-gli-europei-di-windsurf-15-21-aprile\\\/\",\"url\":\"https:\\\/\\\/www.romaoggi.eu\\\/index.php\\\/2025\\\/04\\\/13\\\/ostia-gli-europei-di-windsurf-15-21-aprile\\\/\",\"name\":\"Ostia gli Europei di windsurf: 15-21 aprile\",\"isPartOf\":{\"@id\":\"https:\\\/\\\/www.romaoggi.eu\\\/#website\"},\"primaryImageOfPage\":{\"@id\":\"https:\\\/\\\/www.romaoggi.eu\\\/index.php\\\/2025\\\/04\\\/13\\\/ostia-gli-europei-di-windsurf-15-21-aprile\\\/#primaryimage\"},\"image\":{\"@id\":\"https:\\\/\\\/www.romaoggi.eu\\\/index.php\\\/2025\\\/04\\\/13\\\/ostia-gli-europei-di-windsurf-15-21-aprile\\\/#primaryimage\"},\"thumbnailUrl\":\"https:\\\/\\\/www.romaoggi.eu\\\/wp-content\\\/uploads\\\/2025\\\/04\\\/foto1-1.jpg\",\"datePublished\":\"2025-04-13T08:08:48+00:00\",\"dateModified\":\"2025-04-13T08:09:04+00:00\",\"description\":\"Partono da Ostia gli Europei di windsurf: in gara oltre 300 atleti Dal 15 al 21 aprile Ostia diventa capitale europea del windsurf ospitando i Campionati\",\"breadcrumb\":{\"@id\":\"https:\\\/\\\/www.romaoggi.eu\\\/index.php\\\/2025\\\/04\\\/13\\\/ostia-gli-europei-di-windsurf-15-21-aprile\\\/#breadcrumb\"},\"inLanguage\":\"it-IT\",\"potentialAction\":[{\"@type\":\"ReadAction\",\"target\":[\"https:\\\/\\\/www.romaoggi.eu\\\/index.php\\\/2025\\\/04\\\/13\\\/ostia-gli-europei-di-windsurf-15-21-aprile\\\/\"]}]},{\"@type\":\"ImageObject\",\"inLanguage\":\"it-IT\",\"@id\":\"https:\\\/\\\/www.romaoggi.eu\\\/index.php\\\/2025\\\/04\\\/13\\\/ostia-gli-europei-di-windsurf-15-21-aprile\\\/#primaryimage\",\"url\":\"https:\\\/\\\/www.romaoggi.eu\\\/wp-content\\\/uploads\\\/2025\\\/04\\\/foto1-1.jpg\",\"contentUrl\":\"https:\\\/\\\/www.romaoggi.eu\\\/wp-content\\\/uploads\\\/2025\\\/04\\\/foto1-1.jpg\",\"width\":1600,\"height\":860,\"caption\":\"alt tag Europei di windsurf\"},{\"@type\":\"BreadcrumbList\",\"@id\":\"https:\\\/\\\/www.romaoggi.eu\\\/index.php\\\/2025\\\/04\\\/13\\\/ostia-gli-europei-di-windsurf-15-21-aprile\\\/#breadcrumb\",\"itemListElement\":[{\"@type\":\"ListItem\",\"position\":1,\"name\":\"Home\",\"item\":\"https:\\\/\\\/www.romaoggi.eu\\\/\"},{\"@type\":\"ListItem\",\"position\":2,\"name\":\"Ostia gli Europei di windsurf: 15-21 aprile\"}]},{\"@type\":\"WebSite\",\"@id\":\"https:\\\/\\\/www.romaoggi.eu\\\/#website\",\"url\":\"https:\\\/\\\/www.romaoggi.eu\\\/\",\"name\":\"roma oggi\",\"description\":\"Interesting News for Interesting people\",\"publisher\":{\"@id\":\"https:\\\/\\\/www.romaoggi.eu\\\/#organization\"},\"potentialAction\":[{\"@type\":\"SearchAction\",\"target\":{\"@type\":\"EntryPoint\",\"urlTemplate\":\"https:\\\/\\\/www.romaoggi.eu\\\/?s={search_term_string}\"},\"query-input\":{\"@type\":\"PropertyValueSpecification\",\"valueRequired\":true,\"valueName\":\"search_term_string\"}}],\"inLanguage\":\"it-IT\"},{\"@type\":\"Organization\",\"@id\":\"https:\\\/\\\/www.romaoggi.eu\\\/#organization\",\"name\":\"RomaOggi\",\"url\":\"https:\\\/\\\/www.romaoggi.eu\\\/\",\"logo\":{\"@type\":\"ImageObject\",\"inLanguage\":\"it-IT\",\"@id\":\"https:\\\/\\\/www.romaoggi.eu\\\/#\\\/schema\\\/logo\\\/image\\\/\",\"url\":\"https:\\\/\\\/www.romaoggi.eu\\\/wp-content\\\/uploads\\\/2017\\\/04\\\/logowp.jpg\",\"contentUrl\":\"https:\\\/\\\/www.romaoggi.eu\\\/wp-content\\\/uploads\\\/2017\\\/04\\\/logowp.jpg\",\"width\":300,\"height\":133,\"caption\":\"RomaOggi\"},\"image\":{\"@id\":\"https:\\\/\\\/www.romaoggi.eu\\\/#\\\/schema\\\/logo\\\/image\\\/\"},\"sameAs\":[\"https:\\\/\\\/www.facebook.com\\\/RomaOggi-841544845954114\",\"https:\\\/\\\/x.com\\\/romaoggi_eu\"]},{\"@type\":\"Person\",\"@id\":\"https:\\\/\\\/www.romaoggi.eu\\\/#\\\/schema\\\/person\\\/9b23ceb6a2992a25e98c76a5f1fbb887\",\"name\":\"admin\",\"image\":{\"@type\":\"ImageObject\",\"inLanguage\":\"it-IT\",\"@id\":\"https:\\\/\\\/secure.gravatar.com\\\/avatar\\\/51b1e0a1f4159e3b5d89435fce5e1a348d6c59e2ff8c2d428dae75560aace504?s=96&d=mm&r=g\",\"url\":\"https:\\\/\\\/secure.gravatar.com\\\/avatar\\\/51b1e0a1f4159e3b5d89435fce5e1a348d6c59e2ff8c2d428dae75560aace504?s=96&d=mm&r=g\",\"contentUrl\":\"https:\\\/\\\/secure.gravatar.com\\\/avatar\\\/51b1e0a1f4159e3b5d89435fce5e1a348d6c59e2ff8c2d428dae75560aace504?s=96&d=mm&r=g\",\"caption\":\"admin\"},\"url\":\"https:\\\/\\\/www.romaoggi.eu\\\/index.php\\\/author\\\/admin\\\/\"}]}<\/script>\n<!-- \/ Yoast SEO plugin. -->","yoast_head_json":{"title":"Ostia gli Europei di windsurf: 15-21 aprile","description":"Partono da Ostia gli Europei di windsurf: in gara oltre 300 atleti Dal 15 al 21 aprile Ostia diventa capitale europea del windsurf ospitando i Campionati","robots":{"index":"index","follow":"follow","max-snippet":"max-snippet:-1","max-image-preview":"max-image-preview:large","max-video-preview":"max-video-preview:-1"},"canonical":"https:\/\/www.romaoggi.eu\/index.php\/2025\/04\/13\/ostia-gli-europei-di-windsurf-15-21-aprile\/","og_locale":"it_IT","og_type":"article","og_title":"Ostia gli Europei di windsurf: 15-21 aprile","og_description":"Partono da Ostia gli Europei di windsurf: in gara oltre 300 atleti Dal 15 al 21 aprile Ostia diventa capitale europea del windsurf ospitando i Campionati","og_url":"https:\/\/www.romaoggi.eu\/index.php\/2025\/04\/13\/ostia-gli-europei-di-windsurf-15-21-aprile\/","og_site_name":"roma oggi","article_publisher":"https:\/\/www.facebook.com\/RomaOggi-841544845954114","article_published_time":"2025-04-13T08:08:48+00:00","article_modified_time":"2025-04-13T08:09:04+00:00","og_image":[{"width":1600,"height":860,"url":"https:\/\/www.romaoggi.eu\/wp-content\/uploads\/2025\/04\/foto1-1.jpg","type":"image\/jpeg"}],"author":"admin","twitter_card":"summary_large_image","twitter_creator":"@romaoggi_eu","twitter_site":"@romaoggi_eu","twitter_misc":{"Scritto da":"admin","Tempo di lettura stimato":"3 minuti"},"schema":{"@context":"https:\/\/schema.org","@graph":[{"@type":"Article","@id":"https:\/\/www.romaoggi.eu\/index.php\/2025\/04\/13\/ostia-gli-europei-di-windsurf-15-21-aprile\/#article","isPartOf":{"@id":"https:\/\/www.romaoggi.eu\/index.php\/2025\/04\/13\/ostia-gli-europei-di-windsurf-15-21-aprile\/"},"author":{"name":"admin","@id":"https:\/\/www.romaoggi.eu\/#\/schema\/person\/9b23ceb6a2992a25e98c76a5f1fbb887"},"headline":"Ostia gli Europei di windsurf: 15-21 aprile","datePublished":"2025-04-13T08:08:48+00:00","dateModified":"2025-04-13T08:09:04+00:00","mainEntityOfPage":{"@id":"https:\/\/www.romaoggi.eu\/index.php\/2025\/04\/13\/ostia-gli-europei-di-windsurf-15-21-aprile\/"},"wordCount":468,"publisher":{"@id":"https:\/\/www.romaoggi.eu\/#organization"},"image":{"@id":"https:\/\/www.romaoggi.eu\/index.php\/2025\/04\/13\/ostia-gli-europei-di-windsurf-15-21-aprile\/#primaryimage"},"thumbnailUrl":"https:\/\/www.romaoggi.eu\/wp-content\/uploads\/2025\/04\/foto1-1.jpg","keywords":["Ammiraglio Donato Marzano","Carola De Fazio","competizione","Europei di windsurf","Il Porto dei Piccoli","mare","ostia","windsurf"],"articleSection":["Sport"],"inLanguage":"it-IT"},{"@type":"WebPage","@id":"https:\/\/www.romaoggi.eu\/index.php\/2025\/04\/13\/ostia-gli-europei-di-windsurf-15-21-aprile\/","url":"https:\/\/www.romaoggi.eu\/index.php\/2025\/04\/13\/ostia-gli-europei-di-windsurf-15-21-aprile\/","name":"Ostia gli Europei di windsurf: 15-21 aprile","isPartOf":{"@id":"https:\/\/www.romaoggi.eu\/#website"},"primaryImageOfPage":{"@id":"https:\/\/www.romaoggi.eu\/index.php\/2025\/04\/13\/ostia-gli-europei-di-windsurf-15-21-aprile\/#primaryimage"},"image":{"@id":"https:\/\/www.romaoggi.eu\/index.php\/2025\/04\/13\/ostia-gli-europei-di-windsurf-15-21-aprile\/#primaryimage"},"thumbnailUrl":"https:\/\/www.romaoggi.eu\/wp-content\/uploads\/2025\/04\/foto1-1.jpg","datePublished":"2025-04-13T08:08:48+00:00","dateModified":"2025-04-13T08:09:04+00:00","description":"Partono da Ostia gli Europei di windsurf: in gara oltre 300 atleti Dal 15 al 21 aprile Ostia diventa capitale europea del windsurf ospitando i Campionati","breadcrumb":{"@id":"https:\/\/www.romaoggi.eu\/index.php\/2025\/04\/13\/ostia-gli-europei-di-windsurf-15-21-aprile\/#breadcrumb"},"inLanguage":"it-IT","potentialAction":[{"@type":"ReadAction","target":["https:\/\/www.romaoggi.eu\/index.php\/2025\/04\/13\/ostia-gli-europei-di-windsurf-15-21-aprile\/"]}]},{"@type":"ImageObject","inLanguage":"it-IT","@id":"https:\/\/www.romaoggi.eu\/index.php\/2025\/04\/13\/ostia-gli-europei-di-windsurf-15-21-aprile\/#primaryimage","url":"https:\/\/www.romaoggi.eu\/wp-content\/uploads\/2025\/04\/foto1-1.jpg","contentUrl":"https:\/\/www.romaoggi.eu\/wp-content\/uploads\/2025\/04\/foto1-1.jpg","width":1600,"height":860,"caption":"alt tag Europei di windsurf"},{"@type":"BreadcrumbList","@id":"https:\/\/www.romaoggi.eu\/index.php\/2025\/04\/13\/ostia-gli-europei-di-windsurf-15-21-aprile\/#breadcrumb","itemListElement":[{"@type":"ListItem","position":1,"name":"Home","item":"https:\/\/www.romaoggi.eu\/"},{"@type":"ListItem","position":2,"name":"Ostia gli Europei di windsurf: 15-21 aprile"}]},{"@type":"WebSite","@id":"https:\/\/www.romaoggi.eu\/#website","url":"https:\/\/www.romaoggi.eu\/","name":"roma oggi","description":"Interesting News for Interesting people","publisher":{"@id":"https:\/\/www.romaoggi.eu\/#organization"},"potentialAction":[{"@type":"SearchAction","target":{"@type":"EntryPoint","urlTemplate":"https:\/\/www.romaoggi.eu\/?s={search_term_string}"},"query-input":{"@type":"PropertyValueSpecification","valueRequired":true,"valueName":"search_term_string"}}],"inLanguage":"it-IT"},{"@type":"Organization","@id":"https:\/\/www.romaoggi.eu\/#organization","name":"RomaOggi","url":"https:\/\/www.romaoggi.eu\/","logo":{"@type":"ImageObject","inLanguage":"it-IT","@id":"https:\/\/www.romaoggi.eu\/#\/schema\/logo\/image\/","url":"https:\/\/www.romaoggi.eu\/wp-content\/uploads\/2017\/04\/logowp.jpg","contentUrl":"https:\/\/www.romaoggi.eu\/wp-content\/uploads\/2017\/04\/logowp.jpg","width":300,"height":133,"caption":"RomaOggi"},"image":{"@id":"https:\/\/www.romaoggi.eu\/#\/schema\/logo\/image\/"},"sameAs":["https:\/\/www.facebook.com\/RomaOggi-841544845954114","https:\/\/x.com\/romaoggi_eu"]},{"@type":"Person","@id":"https:\/\/www.romaoggi.eu\/#\/schema\/person\/9b23ceb6a2992a25e98c76a5f1fbb887","name":"admin","image":{"@type":"ImageObject","inLanguage":"it-IT","@id":"https:\/\/secure.gravatar.com\/avatar\/51b1e0a1f4159e3b5d89435fce5e1a348d6c59e2ff8c2d428dae75560aace504?s=96&d=mm&r=g","url":"https:\/\/secure.gravatar.com\/avatar\/51b1e0a1f4159e3b5d89435fce5e1a348d6c59e2ff8c2d428dae75560aace504?s=96&d=mm&r=g","contentUrl":"https:\/\/secure.gravatar.com\/avatar\/51b1e0a1f4159e3b5d89435fce5e1a348d6c59e2ff8c2d428dae75560aace504?s=96&d=mm&r=g","caption":"admin"},"url":"https:\/\/www.romaoggi.eu\/index.php\/author\/admin\/"}]}},"_links":{"self":[{"href":"https:\/\/www.romaoggi.eu\/index.php\/wp-json\/wp\/v2\/posts\/39058","targetHints":{"allow":["GET"]}}],"collection":[{"href":"https:\/\/www.romaoggi.eu\/index.php\/wp-json\/wp\/v2\/posts"}],"about":[{"href":"https:\/\/www.romaoggi.eu\/index.php\/wp-json\/wp\/v2\/types\/post"}],"author":[{"embeddable":true,"href":"https:\/\/www.romaoggi.eu\/index.php\/wp-json\/wp\/v2\/users\/1"}],"replies":[{"embeddable":true,"href":"https:\/\/www.romaoggi.eu\/index.php\/wp-json\/wp\/v2\/comments?post=39058"}],"version-history":[{"count":3,"href":"https:\/\/www.romaoggi.eu\/index.php\/wp-json\/wp\/v2\/posts\/39058\/revisions"}],"predecessor-version":[{"id":39063,"href":"https:\/\/www.romaoggi.eu\/index.php\/wp-json\/wp\/v2\/posts\/39058\/revisions\/39063"}],"wp:featuredmedia":[{"embeddable":true,"href":"https:\/\/www.romaoggi.eu\/index.php\/wp-json\/wp\/v2\/media\/39059"}],"wp:attachment":[{"href":"https:\/\/www.romaoggi.eu\/index.php\/wp-json\/wp\/v2\/media?parent=39058"}],"wp:term":[{"taxonomy":"category","embeddable":true,"href":"https:\/\/www.romaoggi.eu\/index.php\/wp-json\/wp\/v2\/categories?post=39058"},{"taxonomy":"post_tag","embeddable":true,"href":"https:\/\/www.romaoggi.eu\/index.php\/wp-json\/wp\/v2\/tags?post=39058"}],"curies":[{"name":"wp","href":"https:\/\/api.w.org\/{rel}","templated":true}]}}