{"id":39152,"date":"2025-04-16T20:45:47","date_gmt":"2025-04-16T18:45:47","guid":{"rendered":"https:\/\/www.romaoggi.eu\/?p=39152"},"modified":"2025-04-17T08:04:06","modified_gmt":"2025-04-17T06:04:06","slug":"mostra-collettiva-dellimmediatezza-e-di-forze-primarie","status":"publish","type":"post","link":"https:\/\/www.romaoggi.eu\/index.php\/2025\/04\/16\/mostra-collettiva-dellimmediatezza-e-di-forze-primarie\/","title":{"rendered":"Mostra collettiva \u201cDell\u2019immediatezza e di forze primarie\u201d"},"content":{"rendered":"<blockquote>\n<p style=\"text-align: left\" align=\"CENTER\"><span style=\"font-family: Times New Roman, serif\"><span style=\"font-size: large\"><b>Mostra collettiva \u201cDell\u2019immediatezza e di forze primarie\u201d<\/b><\/span><\/span><\/p>\n<\/blockquote>\n<p align=\"CENTER\"><span style=\"font-family: Times New Roman, serif\"><span style=\"font-size: large\"><i>Giacinto Occhionero, Gioacchino Pontrelli, Lena Salvatori<\/i><\/span><\/span><\/p>\n<p align=\"CENTER\"><span style=\"font-family: Times New Roman, serif\"><span style=\"font-size: large\">A cura di <b>Piero Pala<\/b><\/span><\/span><\/p>\n<figure id=\"attachment_39163\" aria-describedby=\"caption-attachment-39163\" style=\"width: 407px\" class=\"wp-caption aligncenter\"><img loading=\"lazy\" decoding=\"async\" class=\" wp-image-39163\" src=\"https:\/\/www.romaoggi.eu\/wp-content\/uploads\/2025\/04\/DSC_2976-copia-300x200.jpg\" alt=\"\" width=\"407\" height=\"271\" srcset=\"https:\/\/www.romaoggi.eu\/wp-content\/uploads\/2025\/04\/DSC_2976-copia-300x200.jpg 300w, https:\/\/www.romaoggi.eu\/wp-content\/uploads\/2025\/04\/DSC_2976-copia-1024x683.jpg 1024w, https:\/\/www.romaoggi.eu\/wp-content\/uploads\/2025\/04\/DSC_2976-copia.jpg 1100w\" sizes=\"auto, (max-width: 407px) 100vw, 407px\" \/><figcaption id=\"caption-attachment-39163\" class=\"wp-caption-text\"><span style=\"color: #ff0000\">Dell&#8217;immediatezza e di forze primarie. Foto di Davide Ghaleb ed.<\/span><\/figcaption><\/figure>\n<p align=\"JUSTIFY\"><span style=\"font-family: Times New Roman, serif\"><span style=\"font-size: medium\">Una pittura che accade, si manifesta, prende forma nel momento stesso in cui viene fatta.<\/span><\/span><\/p>\n<p align=\"JUSTIFY\"><span style=\"font-family: Times New Roman, serif\"><span style=\"font-size: medium\">La mostra <i><b>Dell\u2019immediatezza e di forze primarie<\/b><\/i> raccoglie le opere di Giacinto Occhionero, Gioacchino Pontrelli e Lena Salvatori, tre artisti uniti da un approccio diretto e fisico alla pittura, in cui il gesto, l&#8217;intuizione e l\u2019atto visivo sono protagonisti assoluti.<\/span><\/span><\/p>\n<p align=\"JUSTIFY\"><span style=\"font-family: Times New Roman, serif\"><span style=\"font-size: medium\">La pittura, in questa collettiva, non \u00e8 intesa come rappresentazione, ma come esperienza. \u00c8 un fare che si affida al presente, alla materia, a ci\u00f2 che affiora dall\u2019atto stesso del dipingere. Le opere parlano della forza del vedere, della necessit\u00e0 di dipingere, di una dimensione concreta e spesso trasgressiva rispetto ai codici tradizionali dell\u2019arte.<\/span><\/span><\/p>\n<p align=\"JUSTIFY\"><span style=\"font-family: Times New Roman, serif\"><span style=\"font-size: medium\">Ogni quadro \u2013 sia esso astratto o legato a elementi del reale \u2013 invita lo spettatore a un contatto immediato: non solo visivo, ma anche emotivo, intuitivo, sensoriale. Un&#8217;immagine non \u00e8 mai neutra: \u00e8 qualcosa che ci guarda mentre la guardiamo, che si costruisce nella tensione tra forma e significato.<\/span><\/span><\/p>\n<p align=\"JUSTIFY\"><span style=\"font-family: Times New Roman, serif\"><span style=\"font-size: medium\">Come scriveva John Berger: \u201c<i>Un\u2019immagine \u00e8 uno sguardo che \u00e8 stato ricreato o riprodotto<\/i>\u201d. Le opere in mostra sembrano partire proprio da qui: dallo sguardo, dalla sua urgenza e dal suo mistero. I dipinti esposti sono esiti di un processo aperto, in cui ci\u00f2 che conta non \u00e8 tanto il tema quanto l\u2019energia che lo genera.<\/span><\/span><\/p>\n<p align=\"JUSTIFY\"><span style=\"font-family: Times New Roman, serif\"><span style=\"font-size: medium\">La mostra si svolge negli spazi dello <b>Studio legale Angelini &amp; Barucco <\/b>in Piazza Adriana 4, in un dialogo inedito tra arte e diritto: entrambi campi d\u2019azione concreti, dove tecnica, esperienza e sensibilit\u00e0 si intrecciano per affrontare sfide, risolvere tensioni, trovare equilibrio o spiazzare l\u2019ordine.<\/span><\/span><\/p>\n<p align=\"JUSTIFY\"><span style=\"font-family: Times New Roman, serif\"><span style=\"font-size: medium\">Le opere sono state realizzate in periodi diversi ma accomunate dallo stesso spirito: <b>Lena Salvatori<\/b> presenta lavori recentissimi, ispirati direttamente al tema della mostra, opere dipinte a olio su tela e olio su smalto e su tavola, frutto di una meticolosa ricerca e riflessione sulla memoria del vedere e sulla restituzione immediata di una sensibilit\u00e0 fattasi tecnica; <b>Gioacchino Pontrelli<\/b> espone una selezione di collage e tele realizzate nell\u2019arco degli ultimi cinque anni, in cui l\u2019esperienza privata e la molteplicit\u00e0 fenomenica si condensano in una forma mai definitiva, che sfida l\u2019ordine e celebra l\u2019inatteso; <b>Giacinto Occhionero<\/b>, infine, manipolando resine sintetiche e colori cangianti su metacrilato, indaga la materia per rivelare ci\u00f2 che sfugge al visibile.<\/span><\/span><\/p>\n<p align=\"JUSTIFY\"><span style=\"font-family: Times New Roman, serif\"><span style=\"font-size: medium\"><i>Dell\u2019immediatezza e di forze primarie<\/i> \u00e8 una mostra sulla pittura nella sua forma pi\u00f9 essenziale e autentica: un incontro diretto con l&#8217;immagine, un\u2019esperienza che si rinnova nel momento stesso in cui accade. Visitabile <b>solo su appuntamento<\/b>: per prenotazioni scrivere a <b>info@complusevents.com<\/b><\/span><\/span><\/p>\n<p align=\"JUSTIFY\"><span style=\"font-family: Times New Roman, serif\"><span style=\"font-size: medium\">La mostra \u00e8 accompagnata da un catalogo bilingue con testi di <\/span><\/span><span style=\"font-family: Times New Roman, serif\"><span style=\"font-size: medium\"><b>Piero Pala<\/b><\/span><\/span><span style=\"font-family: Times New Roman, serif\"><span style=\"font-size: medium\"> e pubblicato da <\/span><\/span><span style=\"font-family: Times New Roman, serif\"><span style=\"font-size: medium\"><b>Davide Ghaleb Editore <\/b><\/span><\/span><span style=\"font-family: Times New Roman, serif\"><span style=\"font-size: medium\">(<a href=\"http:\/\/www.ghaleb.it\">www.ghaleb.it<\/a>)<\/span><\/span><\/p>\n<p align=\"JUSTIFY\"><a href=\"https:\/\/www.ghaleb.it\/Eventi_2025_04_13_immagini.htm\">https:\/\/www.ghaleb.it\/Eventi_2025_04_13_immagini.htm<\/a><\/p>\n<p align=\"JUSTIFY\"><span style=\"color: #ff0000\">Pubblicato da Alessandro Lisci &#8211; Target Lab Ets- infoline 3316379346<\/span><\/p>\n<figure id=\"attachment_39162\" aria-describedby=\"caption-attachment-39162\" style=\"width: 603px\" class=\"wp-caption alignnone\"><img loading=\"lazy\" decoding=\"async\" class=\" wp-image-39162\" src=\"https:\/\/www.romaoggi.eu\/wp-content\/uploads\/2025\/04\/DSC_0078-copia-300x200.jpg\" alt=\"\" width=\"603\" height=\"402\" srcset=\"https:\/\/www.romaoggi.eu\/wp-content\/uploads\/2025\/04\/DSC_0078-copia-300x200.jpg 300w, https:\/\/www.romaoggi.eu\/wp-content\/uploads\/2025\/04\/DSC_0078-copia-1024x682.jpg 1024w, https:\/\/www.romaoggi.eu\/wp-content\/uploads\/2025\/04\/DSC_0078-copia.jpg 1100w\" sizes=\"auto, (max-width: 603px) 100vw, 603px\" \/><figcaption id=\"caption-attachment-39162\" class=\"wp-caption-text\"><strong>Dell&#8217;immediatezza e di forze primarie. Foto di Davide Ghaleb ed.<\/strong><\/figcaption><\/figure>\n<p>&nbsp;<\/p>\n<figure id=\"attachment_39160\" aria-describedby=\"caption-attachment-39160\" style=\"width: 597px\" class=\"wp-caption alignnone\"><img loading=\"lazy\" decoding=\"async\" class=\" wp-image-39160\" src=\"https:\/\/www.romaoggi.eu\/wp-content\/uploads\/2025\/04\/DSC_0082-copia-300x200.jpg\" alt=\"\" width=\"597\" height=\"398\" srcset=\"https:\/\/www.romaoggi.eu\/wp-content\/uploads\/2025\/04\/DSC_0082-copia-300x200.jpg 300w, https:\/\/www.romaoggi.eu\/wp-content\/uploads\/2025\/04\/DSC_0082-copia-1024x682.jpg 1024w, https:\/\/www.romaoggi.eu\/wp-content\/uploads\/2025\/04\/DSC_0082-copia.jpg 1100w\" sizes=\"auto, (max-width: 597px) 100vw, 597px\" \/><figcaption id=\"caption-attachment-39160\" class=\"wp-caption-text\"><strong>Dell&#8217;immediatezza e di forze primarie. Foto di Davide Ghaleb ed.<\/strong><\/figcaption><\/figure>\n<p>&nbsp;<\/p>\n<figure id=\"attachment_39155\" aria-describedby=\"caption-attachment-39155\" style=\"width: 584px\" class=\"wp-caption alignnone\"><img loading=\"lazy\" decoding=\"async\" class=\" wp-image-39155\" src=\"https:\/\/www.romaoggi.eu\/wp-content\/uploads\/2025\/04\/DSC_0107-copia-300x200.jpg\" alt=\"\" width=\"584\" height=\"389\" srcset=\"https:\/\/www.romaoggi.eu\/wp-content\/uploads\/2025\/04\/DSC_0107-copia-300x200.jpg 300w, https:\/\/www.romaoggi.eu\/wp-content\/uploads\/2025\/04\/DSC_0107-copia-1024x682.jpg 1024w, https:\/\/www.romaoggi.eu\/wp-content\/uploads\/2025\/04\/DSC_0107-copia.jpg 1100w\" sizes=\"auto, (max-width: 584px) 100vw, 584px\" \/><figcaption id=\"caption-attachment-39155\" class=\"wp-caption-text\"><strong>Dell&#8217;immediatezza e di forze primarie. Foto di Davide Ghaleb ed.<\/strong><\/figcaption><\/figure>\n<p>&nbsp;<\/p>\n<figure id=\"attachment_39154\" aria-describedby=\"caption-attachment-39154\" style=\"width: 594px\" class=\"wp-caption alignnone\"><img loading=\"lazy\" decoding=\"async\" class=\" wp-image-39154\" src=\"https:\/\/www.romaoggi.eu\/wp-content\/uploads\/2025\/04\/DSC_2977-copia-300x200.jpg\" alt=\"\" width=\"594\" height=\"396\" srcset=\"https:\/\/www.romaoggi.eu\/wp-content\/uploads\/2025\/04\/DSC_2977-copia-300x200.jpg 300w, https:\/\/www.romaoggi.eu\/wp-content\/uploads\/2025\/04\/DSC_2977-copia-1024x683.jpg 1024w, https:\/\/www.romaoggi.eu\/wp-content\/uploads\/2025\/04\/DSC_2977-copia.jpg 1100w\" sizes=\"auto, (max-width: 594px) 100vw, 594px\" \/><figcaption id=\"caption-attachment-39154\" class=\"wp-caption-text\"><strong>Dell&#8217;immediatezza e di forze primarie. Foto di Davide Ghaleb ed.<\/strong><\/figcaption><\/figure>\n<p>&nbsp;<\/p>\n<figure id=\"attachment_39156\" aria-describedby=\"caption-attachment-39156\" style=\"width: 652px\" class=\"wp-caption alignnone\"><img loading=\"lazy\" decoding=\"async\" class=\" wp-image-39156\" src=\"https:\/\/www.romaoggi.eu\/wp-content\/uploads\/2025\/04\/DSC_2988-copia-200x300.jpg\" alt=\"\" width=\"652\" height=\"978\" srcset=\"https:\/\/www.romaoggi.eu\/wp-content\/uploads\/2025\/04\/DSC_2988-copia-200x300.jpg 200w, https:\/\/www.romaoggi.eu\/wp-content\/uploads\/2025\/04\/DSC_2988-copia-683x1024.jpg 683w, https:\/\/www.romaoggi.eu\/wp-content\/uploads\/2025\/04\/DSC_2988-copia.jpg 734w\" sizes=\"auto, (max-width: 652px) 100vw, 652px\" \/><figcaption id=\"caption-attachment-39156\" class=\"wp-caption-text\"><strong>Dell&#8217;immediatezza e di forze primarie. Foto di Davide Ghaleb ed.<\/strong><\/figcaption><\/figure>\n<p>&nbsp;<\/p>\n<figure id=\"attachment_39158\" aria-describedby=\"caption-attachment-39158\" style=\"width: 585px\" class=\"wp-caption alignnone\"><img loading=\"lazy\" decoding=\"async\" class=\" wp-image-39158\" src=\"https:\/\/www.romaoggi.eu\/wp-content\/uploads\/2025\/04\/DSC_0023-copia-300x200.jpg\" alt=\"\" width=\"585\" height=\"390\" srcset=\"https:\/\/www.romaoggi.eu\/wp-content\/uploads\/2025\/04\/DSC_0023-copia-300x200.jpg 300w, https:\/\/www.romaoggi.eu\/wp-content\/uploads\/2025\/04\/DSC_0023-copia-1024x682.jpg 1024w, https:\/\/www.romaoggi.eu\/wp-content\/uploads\/2025\/04\/DSC_0023-copia.jpg 1100w\" sizes=\"auto, (max-width: 585px) 100vw, 585px\" \/><figcaption id=\"caption-attachment-39158\" class=\"wp-caption-text\"><strong>Dell&#8217;immediatezza e di forze primarie. Foto di Davide Ghaleb ed.<\/strong><\/figcaption><\/figure>\n<p>&nbsp;<\/p>\n<figure id=\"attachment_39159\" aria-describedby=\"caption-attachment-39159\" style=\"width: 635px\" class=\"wp-caption alignnone\"><img loading=\"lazy\" decoding=\"async\" class=\" wp-image-39159\" src=\"https:\/\/www.romaoggi.eu\/wp-content\/uploads\/2025\/04\/DSC_0069-copia-300x200.jpg\" alt=\"\" width=\"635\" height=\"423\" srcset=\"https:\/\/www.romaoggi.eu\/wp-content\/uploads\/2025\/04\/DSC_0069-copia-300x200.jpg 300w, https:\/\/www.romaoggi.eu\/wp-content\/uploads\/2025\/04\/DSC_0069-copia-1024x682.jpg 1024w, https:\/\/www.romaoggi.eu\/wp-content\/uploads\/2025\/04\/DSC_0069-copia.jpg 1100w\" sizes=\"auto, (max-width: 635px) 100vw, 635px\" \/><figcaption id=\"caption-attachment-39159\" class=\"wp-caption-text\"><strong>Dell&#8217;immediatezza e di forze primarie. Foto di Davide Ghaleb ed.<\/strong><\/figcaption><\/figure>\n<p>&nbsp;<\/p>\n<figure id=\"attachment_39157\" aria-describedby=\"caption-attachment-39157\" style=\"width: 564px\" class=\"wp-caption alignnone\"><img loading=\"lazy\" decoding=\"async\" class=\" wp-image-39157\" src=\"https:\/\/www.romaoggi.eu\/wp-content\/uploads\/2025\/04\/DSC_0019-copia-200x300.jpg\" alt=\"\" width=\"564\" height=\"846\" srcset=\"https:\/\/www.romaoggi.eu\/wp-content\/uploads\/2025\/04\/DSC_0019-copia-200x300.jpg 200w, https:\/\/www.romaoggi.eu\/wp-content\/uploads\/2025\/04\/DSC_0019-copia-682x1024.jpg 682w, https:\/\/www.romaoggi.eu\/wp-content\/uploads\/2025\/04\/DSC_0019-copia.jpg 733w\" sizes=\"auto, (max-width: 564px) 100vw, 564px\" \/><figcaption id=\"caption-attachment-39157\" class=\"wp-caption-text\"><strong>Dell&#8217;immediatezza e di forze primarie. Foto di Davide Ghaleb ed.<\/strong><\/figcaption><\/figure>\n<p>&nbsp;<\/p>\n<figure id=\"attachment_39161\" aria-describedby=\"caption-attachment-39161\" style=\"width: 656px\" class=\"wp-caption alignnone\"><img loading=\"lazy\" decoding=\"async\" class=\" wp-image-39161\" src=\"https:\/\/www.romaoggi.eu\/wp-content\/uploads\/2025\/04\/DSC_0049-copia-300x200.jpg\" alt=\"\" width=\"656\" height=\"437\" srcset=\"https:\/\/www.romaoggi.eu\/wp-content\/uploads\/2025\/04\/DSC_0049-copia-300x200.jpg 300w, https:\/\/www.romaoggi.eu\/wp-content\/uploads\/2025\/04\/DSC_0049-copia-1024x682.jpg 1024w, https:\/\/www.romaoggi.eu\/wp-content\/uploads\/2025\/04\/DSC_0049-copia.jpg 1100w\" sizes=\"auto, (max-width: 656px) 100vw, 656px\" \/><figcaption id=\"caption-attachment-39161\" class=\"wp-caption-text\"><strong>Dell&#8217;immediatezza e di forze primarie. Foto di Davide Ghaleb ed.<\/strong><\/figcaption><\/figure>\n","protected":false},"excerpt":{"rendered":"<div class=\"mh-excerpt\"><p>Mostra collettiva \u201cDell\u2019immediatezza e di forze primarie\u201d Giacinto Occhionero, Gioacchino Pontrelli, Lena Salvatori A cura di Piero Pala Una pittura che accade, si manifesta, prende forma nel momento stesso in cui viene fatta. La mostra <a class=\"mh-excerpt-more\" href=\"https:\/\/www.romaoggi.eu\/index.php\/2025\/04\/16\/mostra-collettiva-dellimmediatezza-e-di-forze-primarie\/\" title=\"Mostra collettiva \u201cDell\u2019immediatezza e di forze primarie\u201d\">[&#8230;]<\/a><\/p>\n<\/div>","protected":false},"author":17,"featured_media":39164,"comment_status":"closed","ping_status":"open","sticky":false,"template":"","format":"standard","meta":{"_sitemap_exclude":false,"_sitemap_priority":"","_sitemap_frequency":"","footnotes":""},"categories":[14247],"tags":[4137,1610,18078,17701,17742,18079,18080,18081,1034,18077,1738,18082,15567],"class_list":["post-39152","post","type-post","status-publish","format-standard","has-post-thumbnail","hentry","category-dentro-roma","tag-alessandro-lisci","tag-arte","tag-davide-ghaleb","tag-editore","tag-francesca-ciccariello","tag-giacinto-occhionero","tag-gioacchino-pontrelli","tag-lena-salvatori","tag-mostra-collettiva","tag-piero-pala","tag-romaoggi-eu","tag-studio-legale-angelini-barucco","tag-target-lab-ets"],"yoast_head":"<!-- This site is optimized with the Yoast SEO plugin v27.5 - https:\/\/yoast.com\/product\/yoast-seo-wordpress\/ -->\n<title>Mostra collettiva \u201cDell\u2019immediatezza e di forze primarie\u201d<\/title>\n<meta name=\"description\" content=\"Mostra collettiva \u201cDell\u2019immediatezza e di forze primarie\u201d Giacinto Occhionero, Gioacchino Pontrelli, Lena Salvatori A cura di Piero Pala Una pittura che\" \/>\n<meta name=\"robots\" content=\"index, follow, max-snippet:-1, max-image-preview:large, max-video-preview:-1\" \/>\n<link rel=\"canonical\" href=\"https:\/\/www.romaoggi.eu\/index.php\/2025\/04\/16\/mostra-collettiva-dellimmediatezza-e-di-forze-primarie\/\" \/>\n<meta property=\"og:locale\" content=\"it_IT\" \/>\n<meta property=\"og:type\" content=\"article\" \/>\n<meta property=\"og:title\" content=\"Mostra collettiva \u201cDell\u2019immediatezza e di forze primarie\u201d\" \/>\n<meta property=\"og:description\" content=\"Mostra collettiva \u201cDell\u2019immediatezza e di forze primarie\u201d Giacinto Occhionero, Gioacchino Pontrelli, Lena Salvatori A cura di Piero Pala Una pittura che\" \/>\n<meta property=\"og:url\" content=\"https:\/\/www.romaoggi.eu\/index.php\/2025\/04\/16\/mostra-collettiva-dellimmediatezza-e-di-forze-primarie\/\" \/>\n<meta property=\"og:site_name\" content=\"roma oggi\" \/>\n<meta property=\"article:publisher\" content=\"https:\/\/www.facebook.com\/RomaOggi-841544845954114\" \/>\n<meta property=\"article:published_time\" content=\"2025-04-16T18:45:47+00:00\" \/>\n<meta property=\"article:modified_time\" content=\"2025-04-17T06:04:06+00:00\" \/>\n<meta property=\"og:image\" content=\"https:\/\/www.romaoggi.eu\/wp-content\/uploads\/2025\/04\/WhatsApp-Image-2025-04-16-at-20.38.39-1.jpeg\" \/>\n\t<meta property=\"og:image:width\" content=\"1600\" \/>\n\t<meta property=\"og:image:height\" content=\"754\" \/>\n\t<meta property=\"og:image:type\" content=\"image\/jpeg\" \/>\n<meta name=\"author\" content=\"Target Lab Ets\" \/>\n<meta name=\"twitter:card\" content=\"summary_large_image\" \/>\n<meta name=\"twitter:creator\" content=\"@romaoggi_eu\" \/>\n<meta name=\"twitter:site\" content=\"@romaoggi_eu\" \/>\n<meta name=\"twitter:label1\" content=\"Scritto da\" \/>\n\t<meta name=\"twitter:data1\" content=\"Target Lab Ets\" \/>\n\t<meta name=\"twitter:label2\" content=\"Tempo di lettura stimato\" \/>\n\t<meta name=\"twitter:data2\" content=\"6 minuti\" \/>\n<script type=\"application\/ld+json\" class=\"yoast-schema-graph\">{\"@context\":\"https:\\\/\\\/schema.org\",\"@graph\":[{\"@type\":\"Article\",\"@id\":\"https:\\\/\\\/www.romaoggi.eu\\\/index.php\\\/2025\\\/04\\\/16\\\/mostra-collettiva-dellimmediatezza-e-di-forze-primarie\\\/#article\",\"isPartOf\":{\"@id\":\"https:\\\/\\\/www.romaoggi.eu\\\/index.php\\\/2025\\\/04\\\/16\\\/mostra-collettiva-dellimmediatezza-e-di-forze-primarie\\\/\"},\"author\":{\"name\":\"Target Lab Ets\",\"@id\":\"https:\\\/\\\/www.romaoggi.eu\\\/#\\\/schema\\\/person\\\/72b8cfc6de60caeb335267c8e21d90fb\"},\"headline\":\"Mostra collettiva \u201cDell\u2019immediatezza e di forze primarie\u201d\",\"datePublished\":\"2025-04-16T18:45:47+00:00\",\"dateModified\":\"2025-04-17T06:04:06+00:00\",\"mainEntityOfPage\":{\"@id\":\"https:\\\/\\\/www.romaoggi.eu\\\/index.php\\\/2025\\\/04\\\/16\\\/mostra-collettiva-dellimmediatezza-e-di-forze-primarie\\\/\"},\"wordCount\":675,\"publisher\":{\"@id\":\"https:\\\/\\\/www.romaoggi.eu\\\/#organization\"},\"image\":{\"@id\":\"https:\\\/\\\/www.romaoggi.eu\\\/index.php\\\/2025\\\/04\\\/16\\\/mostra-collettiva-dellimmediatezza-e-di-forze-primarie\\\/#primaryimage\"},\"thumbnailUrl\":\"https:\\\/\\\/www.romaoggi.eu\\\/wp-content\\\/uploads\\\/2025\\\/04\\\/WhatsApp-Image-2025-04-16-at-20.38.39-1.jpeg\",\"keywords\":[\"alessandro lisci\",\"arte\",\"davide ghaleb\",\"editore\",\"Francesca Ciccariello\",\"Giacinto Occhionero\",\"Gioacchino Pontrelli\",\"Lena Salvatori\",\"mostra collettiva\",\"piero pala\",\"RomaOggi.eu\",\"Studio legale Angelini &amp; Barucco\",\"target lab ets\"],\"articleSection\":[\"DENTRO ROMA\"],\"inLanguage\":\"it-IT\"},{\"@type\":\"WebPage\",\"@id\":\"https:\\\/\\\/www.romaoggi.eu\\\/index.php\\\/2025\\\/04\\\/16\\\/mostra-collettiva-dellimmediatezza-e-di-forze-primarie\\\/\",\"url\":\"https:\\\/\\\/www.romaoggi.eu\\\/index.php\\\/2025\\\/04\\\/16\\\/mostra-collettiva-dellimmediatezza-e-di-forze-primarie\\\/\",\"name\":\"Mostra collettiva \u201cDell\u2019immediatezza e di forze primarie\u201d\",\"isPartOf\":{\"@id\":\"https:\\\/\\\/www.romaoggi.eu\\\/#website\"},\"primaryImageOfPage\":{\"@id\":\"https:\\\/\\\/www.romaoggi.eu\\\/index.php\\\/2025\\\/04\\\/16\\\/mostra-collettiva-dellimmediatezza-e-di-forze-primarie\\\/#primaryimage\"},\"image\":{\"@id\":\"https:\\\/\\\/www.romaoggi.eu\\\/index.php\\\/2025\\\/04\\\/16\\\/mostra-collettiva-dellimmediatezza-e-di-forze-primarie\\\/#primaryimage\"},\"thumbnailUrl\":\"https:\\\/\\\/www.romaoggi.eu\\\/wp-content\\\/uploads\\\/2025\\\/04\\\/WhatsApp-Image-2025-04-16-at-20.38.39-1.jpeg\",\"datePublished\":\"2025-04-16T18:45:47+00:00\",\"dateModified\":\"2025-04-17T06:04:06+00:00\",\"description\":\"Mostra collettiva \u201cDell\u2019immediatezza e di forze primarie\u201d Giacinto Occhionero, Gioacchino Pontrelli, Lena Salvatori A cura di Piero Pala Una pittura che\",\"breadcrumb\":{\"@id\":\"https:\\\/\\\/www.romaoggi.eu\\\/index.php\\\/2025\\\/04\\\/16\\\/mostra-collettiva-dellimmediatezza-e-di-forze-primarie\\\/#breadcrumb\"},\"inLanguage\":\"it-IT\",\"potentialAction\":[{\"@type\":\"ReadAction\",\"target\":[\"https:\\\/\\\/www.romaoggi.eu\\\/index.php\\\/2025\\\/04\\\/16\\\/mostra-collettiva-dellimmediatezza-e-di-forze-primarie\\\/\"]}]},{\"@type\":\"ImageObject\",\"inLanguage\":\"it-IT\",\"@id\":\"https:\\\/\\\/www.romaoggi.eu\\\/index.php\\\/2025\\\/04\\\/16\\\/mostra-collettiva-dellimmediatezza-e-di-forze-primarie\\\/#primaryimage\",\"url\":\"https:\\\/\\\/www.romaoggi.eu\\\/wp-content\\\/uploads\\\/2025\\\/04\\\/WhatsApp-Image-2025-04-16-at-20.38.39-1.jpeg\",\"contentUrl\":\"https:\\\/\\\/www.romaoggi.eu\\\/wp-content\\\/uploads\\\/2025\\\/04\\\/WhatsApp-Image-2025-04-16-at-20.38.39-1.jpeg\",\"width\":1600,\"height\":754,\"caption\":\"alt tag piero pala\"},{\"@type\":\"BreadcrumbList\",\"@id\":\"https:\\\/\\\/www.romaoggi.eu\\\/index.php\\\/2025\\\/04\\\/16\\\/mostra-collettiva-dellimmediatezza-e-di-forze-primarie\\\/#breadcrumb\",\"itemListElement\":[{\"@type\":\"ListItem\",\"position\":1,\"name\":\"Home\",\"item\":\"https:\\\/\\\/www.romaoggi.eu\\\/\"},{\"@type\":\"ListItem\",\"position\":2,\"name\":\"Mostra collettiva \u201cDell\u2019immediatezza e di forze primarie\u201d\"}]},{\"@type\":\"WebSite\",\"@id\":\"https:\\\/\\\/www.romaoggi.eu\\\/#website\",\"url\":\"https:\\\/\\\/www.romaoggi.eu\\\/\",\"name\":\"roma oggi\",\"description\":\"Interesting News for Interesting people\",\"publisher\":{\"@id\":\"https:\\\/\\\/www.romaoggi.eu\\\/#organization\"},\"potentialAction\":[{\"@type\":\"SearchAction\",\"target\":{\"@type\":\"EntryPoint\",\"urlTemplate\":\"https:\\\/\\\/www.romaoggi.eu\\\/?s={search_term_string}\"},\"query-input\":{\"@type\":\"PropertyValueSpecification\",\"valueRequired\":true,\"valueName\":\"search_term_string\"}}],\"inLanguage\":\"it-IT\"},{\"@type\":\"Organization\",\"@id\":\"https:\\\/\\\/www.romaoggi.eu\\\/#organization\",\"name\":\"RomaOggi\",\"url\":\"https:\\\/\\\/www.romaoggi.eu\\\/\",\"logo\":{\"@type\":\"ImageObject\",\"inLanguage\":\"it-IT\",\"@id\":\"https:\\\/\\\/www.romaoggi.eu\\\/#\\\/schema\\\/logo\\\/image\\\/\",\"url\":\"https:\\\/\\\/www.romaoggi.eu\\\/wp-content\\\/uploads\\\/2017\\\/04\\\/logowp.jpg\",\"contentUrl\":\"https:\\\/\\\/www.romaoggi.eu\\\/wp-content\\\/uploads\\\/2017\\\/04\\\/logowp.jpg\",\"width\":300,\"height\":133,\"caption\":\"RomaOggi\"},\"image\":{\"@id\":\"https:\\\/\\\/www.romaoggi.eu\\\/#\\\/schema\\\/logo\\\/image\\\/\"},\"sameAs\":[\"https:\\\/\\\/www.facebook.com\\\/RomaOggi-841544845954114\",\"https:\\\/\\\/x.com\\\/romaoggi_eu\"]},{\"@type\":\"Person\",\"@id\":\"https:\\\/\\\/www.romaoggi.eu\\\/#\\\/schema\\\/person\\\/72b8cfc6de60caeb335267c8e21d90fb\",\"name\":\"Target Lab Ets\",\"image\":{\"@type\":\"ImageObject\",\"inLanguage\":\"it-IT\",\"@id\":\"https:\\\/\\\/secure.gravatar.com\\\/avatar\\\/ab64fd266889a629b0e9e6ab56209e379c2a89cfda303941ee9621d4090292d1?s=96&d=mm&r=g\",\"url\":\"https:\\\/\\\/secure.gravatar.com\\\/avatar\\\/ab64fd266889a629b0e9e6ab56209e379c2a89cfda303941ee9621d4090292d1?s=96&d=mm&r=g\",\"contentUrl\":\"https:\\\/\\\/secure.gravatar.com\\\/avatar\\\/ab64fd266889a629b0e9e6ab56209e379c2a89cfda303941ee9621d4090292d1?s=96&d=mm&r=g\",\"caption\":\"Target Lab Ets\"},\"sameAs\":[\"http:\\\/\\\/www.targetlab.org\"],\"url\":\"https:\\\/\\\/www.romaoggi.eu\\\/index.php\\\/author\\\/isfc\\\/\"}]}<\/script>\n<!-- \/ Yoast SEO plugin. -->","yoast_head_json":{"title":"Mostra collettiva \u201cDell\u2019immediatezza e di forze primarie\u201d","description":"Mostra collettiva \u201cDell\u2019immediatezza e di forze primarie\u201d Giacinto Occhionero, Gioacchino Pontrelli, Lena Salvatori A cura di Piero Pala Una pittura che","robots":{"index":"index","follow":"follow","max-snippet":"max-snippet:-1","max-image-preview":"max-image-preview:large","max-video-preview":"max-video-preview:-1"},"canonical":"https:\/\/www.romaoggi.eu\/index.php\/2025\/04\/16\/mostra-collettiva-dellimmediatezza-e-di-forze-primarie\/","og_locale":"it_IT","og_type":"article","og_title":"Mostra collettiva \u201cDell\u2019immediatezza e di forze primarie\u201d","og_description":"Mostra collettiva \u201cDell\u2019immediatezza e di forze primarie\u201d Giacinto Occhionero, Gioacchino Pontrelli, Lena Salvatori A cura di Piero Pala Una pittura che","og_url":"https:\/\/www.romaoggi.eu\/index.php\/2025\/04\/16\/mostra-collettiva-dellimmediatezza-e-di-forze-primarie\/","og_site_name":"roma oggi","article_publisher":"https:\/\/www.facebook.com\/RomaOggi-841544845954114","article_published_time":"2025-04-16T18:45:47+00:00","article_modified_time":"2025-04-17T06:04:06+00:00","og_image":[{"width":1600,"height":754,"url":"https:\/\/www.romaoggi.eu\/wp-content\/uploads\/2025\/04\/WhatsApp-Image-2025-04-16-at-20.38.39-1.jpeg","type":"image\/jpeg"}],"author":"Target Lab Ets","twitter_card":"summary_large_image","twitter_creator":"@romaoggi_eu","twitter_site":"@romaoggi_eu","twitter_misc":{"Scritto da":"Target Lab Ets","Tempo di lettura stimato":"6 minuti"},"schema":{"@context":"https:\/\/schema.org","@graph":[{"@type":"Article","@id":"https:\/\/www.romaoggi.eu\/index.php\/2025\/04\/16\/mostra-collettiva-dellimmediatezza-e-di-forze-primarie\/#article","isPartOf":{"@id":"https:\/\/www.romaoggi.eu\/index.php\/2025\/04\/16\/mostra-collettiva-dellimmediatezza-e-di-forze-primarie\/"},"author":{"name":"Target Lab Ets","@id":"https:\/\/www.romaoggi.eu\/#\/schema\/person\/72b8cfc6de60caeb335267c8e21d90fb"},"headline":"Mostra collettiva \u201cDell\u2019immediatezza e di forze primarie\u201d","datePublished":"2025-04-16T18:45:47+00:00","dateModified":"2025-04-17T06:04:06+00:00","mainEntityOfPage":{"@id":"https:\/\/www.romaoggi.eu\/index.php\/2025\/04\/16\/mostra-collettiva-dellimmediatezza-e-di-forze-primarie\/"},"wordCount":675,"publisher":{"@id":"https:\/\/www.romaoggi.eu\/#organization"},"image":{"@id":"https:\/\/www.romaoggi.eu\/index.php\/2025\/04\/16\/mostra-collettiva-dellimmediatezza-e-di-forze-primarie\/#primaryimage"},"thumbnailUrl":"https:\/\/www.romaoggi.eu\/wp-content\/uploads\/2025\/04\/WhatsApp-Image-2025-04-16-at-20.38.39-1.jpeg","keywords":["alessandro lisci","arte","davide ghaleb","editore","Francesca Ciccariello","Giacinto Occhionero","Gioacchino Pontrelli","Lena Salvatori","mostra collettiva","piero pala","RomaOggi.eu","Studio legale Angelini &amp; Barucco","target lab ets"],"articleSection":["DENTRO ROMA"],"inLanguage":"it-IT"},{"@type":"WebPage","@id":"https:\/\/www.romaoggi.eu\/index.php\/2025\/04\/16\/mostra-collettiva-dellimmediatezza-e-di-forze-primarie\/","url":"https:\/\/www.romaoggi.eu\/index.php\/2025\/04\/16\/mostra-collettiva-dellimmediatezza-e-di-forze-primarie\/","name":"Mostra collettiva \u201cDell\u2019immediatezza e di forze primarie\u201d","isPartOf":{"@id":"https:\/\/www.romaoggi.eu\/#website"},"primaryImageOfPage":{"@id":"https:\/\/www.romaoggi.eu\/index.php\/2025\/04\/16\/mostra-collettiva-dellimmediatezza-e-di-forze-primarie\/#primaryimage"},"image":{"@id":"https:\/\/www.romaoggi.eu\/index.php\/2025\/04\/16\/mostra-collettiva-dellimmediatezza-e-di-forze-primarie\/#primaryimage"},"thumbnailUrl":"https:\/\/www.romaoggi.eu\/wp-content\/uploads\/2025\/04\/WhatsApp-Image-2025-04-16-at-20.38.39-1.jpeg","datePublished":"2025-04-16T18:45:47+00:00","dateModified":"2025-04-17T06:04:06+00:00","description":"Mostra collettiva \u201cDell\u2019immediatezza e di forze primarie\u201d Giacinto Occhionero, Gioacchino Pontrelli, Lena Salvatori A cura di Piero Pala Una pittura che","breadcrumb":{"@id":"https:\/\/www.romaoggi.eu\/index.php\/2025\/04\/16\/mostra-collettiva-dellimmediatezza-e-di-forze-primarie\/#breadcrumb"},"inLanguage":"it-IT","potentialAction":[{"@type":"ReadAction","target":["https:\/\/www.romaoggi.eu\/index.php\/2025\/04\/16\/mostra-collettiva-dellimmediatezza-e-di-forze-primarie\/"]}]},{"@type":"ImageObject","inLanguage":"it-IT","@id":"https:\/\/www.romaoggi.eu\/index.php\/2025\/04\/16\/mostra-collettiva-dellimmediatezza-e-di-forze-primarie\/#primaryimage","url":"https:\/\/www.romaoggi.eu\/wp-content\/uploads\/2025\/04\/WhatsApp-Image-2025-04-16-at-20.38.39-1.jpeg","contentUrl":"https:\/\/www.romaoggi.eu\/wp-content\/uploads\/2025\/04\/WhatsApp-Image-2025-04-16-at-20.38.39-1.jpeg","width":1600,"height":754,"caption":"alt tag piero pala"},{"@type":"BreadcrumbList","@id":"https:\/\/www.romaoggi.eu\/index.php\/2025\/04\/16\/mostra-collettiva-dellimmediatezza-e-di-forze-primarie\/#breadcrumb","itemListElement":[{"@type":"ListItem","position":1,"name":"Home","item":"https:\/\/www.romaoggi.eu\/"},{"@type":"ListItem","position":2,"name":"Mostra collettiva \u201cDell\u2019immediatezza e di forze primarie\u201d"}]},{"@type":"WebSite","@id":"https:\/\/www.romaoggi.eu\/#website","url":"https:\/\/www.romaoggi.eu\/","name":"roma oggi","description":"Interesting News for Interesting people","publisher":{"@id":"https:\/\/www.romaoggi.eu\/#organization"},"potentialAction":[{"@type":"SearchAction","target":{"@type":"EntryPoint","urlTemplate":"https:\/\/www.romaoggi.eu\/?s={search_term_string}"},"query-input":{"@type":"PropertyValueSpecification","valueRequired":true,"valueName":"search_term_string"}}],"inLanguage":"it-IT"},{"@type":"Organization","@id":"https:\/\/www.romaoggi.eu\/#organization","name":"RomaOggi","url":"https:\/\/www.romaoggi.eu\/","logo":{"@type":"ImageObject","inLanguage":"it-IT","@id":"https:\/\/www.romaoggi.eu\/#\/schema\/logo\/image\/","url":"https:\/\/www.romaoggi.eu\/wp-content\/uploads\/2017\/04\/logowp.jpg","contentUrl":"https:\/\/www.romaoggi.eu\/wp-content\/uploads\/2017\/04\/logowp.jpg","width":300,"height":133,"caption":"RomaOggi"},"image":{"@id":"https:\/\/www.romaoggi.eu\/#\/schema\/logo\/image\/"},"sameAs":["https:\/\/www.facebook.com\/RomaOggi-841544845954114","https:\/\/x.com\/romaoggi_eu"]},{"@type":"Person","@id":"https:\/\/www.romaoggi.eu\/#\/schema\/person\/72b8cfc6de60caeb335267c8e21d90fb","name":"Target Lab Ets","image":{"@type":"ImageObject","inLanguage":"it-IT","@id":"https:\/\/secure.gravatar.com\/avatar\/ab64fd266889a629b0e9e6ab56209e379c2a89cfda303941ee9621d4090292d1?s=96&d=mm&r=g","url":"https:\/\/secure.gravatar.com\/avatar\/ab64fd266889a629b0e9e6ab56209e379c2a89cfda303941ee9621d4090292d1?s=96&d=mm&r=g","contentUrl":"https:\/\/secure.gravatar.com\/avatar\/ab64fd266889a629b0e9e6ab56209e379c2a89cfda303941ee9621d4090292d1?s=96&d=mm&r=g","caption":"Target Lab Ets"},"sameAs":["http:\/\/www.targetlab.org"],"url":"https:\/\/www.romaoggi.eu\/index.php\/author\/isfc\/"}]}},"_links":{"self":[{"href":"https:\/\/www.romaoggi.eu\/index.php\/wp-json\/wp\/v2\/posts\/39152","targetHints":{"allow":["GET"]}}],"collection":[{"href":"https:\/\/www.romaoggi.eu\/index.php\/wp-json\/wp\/v2\/posts"}],"about":[{"href":"https:\/\/www.romaoggi.eu\/index.php\/wp-json\/wp\/v2\/types\/post"}],"author":[{"embeddable":true,"href":"https:\/\/www.romaoggi.eu\/index.php\/wp-json\/wp\/v2\/users\/17"}],"replies":[{"embeddable":true,"href":"https:\/\/www.romaoggi.eu\/index.php\/wp-json\/wp\/v2\/comments?post=39152"}],"version-history":[{"count":6,"href":"https:\/\/www.romaoggi.eu\/index.php\/wp-json\/wp\/v2\/posts\/39152\/revisions"}],"predecessor-version":[{"id":39170,"href":"https:\/\/www.romaoggi.eu\/index.php\/wp-json\/wp\/v2\/posts\/39152\/revisions\/39170"}],"wp:featuredmedia":[{"embeddable":true,"href":"https:\/\/www.romaoggi.eu\/index.php\/wp-json\/wp\/v2\/media\/39164"}],"wp:attachment":[{"href":"https:\/\/www.romaoggi.eu\/index.php\/wp-json\/wp\/v2\/media?parent=39152"}],"wp:term":[{"taxonomy":"category","embeddable":true,"href":"https:\/\/www.romaoggi.eu\/index.php\/wp-json\/wp\/v2\/categories?post=39152"},{"taxonomy":"post_tag","embeddable":true,"href":"https:\/\/www.romaoggi.eu\/index.php\/wp-json\/wp\/v2\/tags?post=39152"}],"curies":[{"name":"wp","href":"https:\/\/api.w.org\/{rel}","templated":true}]}}