{"id":39217,"date":"2025-04-21T10:11:10","date_gmt":"2025-04-21T08:11:10","guid":{"rendered":"https:\/\/www.romaoggi.eu\/?p=39217"},"modified":"2025-04-21T10:11:10","modified_gmt":"2025-04-21T08:11:10","slug":"la-foto-del-giorno-rispetto-e-vita-e-di-antonio-molinari-commento-di-giuliano-bertazzoni","status":"publish","type":"post","link":"https:\/\/www.romaoggi.eu\/index.php\/2025\/04\/21\/la-foto-del-giorno-rispetto-e-vita-e-di-antonio-molinari-commento-di-giuliano-bertazzoni\/","title":{"rendered":"La foto del giorno: &#8220;Rispetto \u00e8 vita&#8221; \u00e8 di Antonio Molinari. Commento di Giuliano Bertazzoni"},"content":{"rendered":"<p align=\"JUSTIFY\"><strong><span style=\"color: #000000\">\u201c<span style=\"font-family: Times New Roman, serif\"><span style=\"font-size: medium\">La foto del giorno\u201d<\/span><\/span><\/span><\/strong><span style=\"color: #000000\"><span style=\"font-family: Times New Roman, serif\"><span style=\"font-size: medium\"> di luned\u00ec 21 aprile 2025<\/span><\/span><\/span> <span style=\"color: #000000\"><span style=\"font-family: Times New Roman, serif\"><span style=\"font-size: medium\">dal titolo<\/span><\/span><\/span> <strong><span style=\"color: #000000\"><span style=\"font-family: Times New Roman, serif\"><span style=\"font-size: medium\">&#8220;Rispetto \u00e8 vita&#8221;<\/span><\/span><\/span><\/strong> <span style=\"color: #1d2228\"><span style=\"font-family: Times New Roman, serif\"><span style=\"font-size: medium\">\u00e8 di Antonio Molinari,<\/span><\/span><\/span><b> <\/b><span style=\"color: #1d2228\"><span style=\"font-family: Times New Roman, serif\"><span style=\"font-size: medium\">commento di <\/span><\/span><\/span><span style=\"color: #1d2228\"><span style=\"font-family: Times New Roman, serif\"><span style=\"font-size: medium\"><b>Giuliano Bertazzoni<\/b><\/span><\/span><\/span><span style=\"color: #000000\"><span style=\"font-family: Times New Roman, serif\"><span style=\"font-size: medium\">. Rubrica a cura di Alessandro Lisci. <\/span><\/span><\/span><strong><span style=\"color: #000000\"><span style=\"font-family: Times New Roman, serif\"><span style=\"font-size: medium\">Invia la tua foto del giorno al<\/span><\/span><\/span><\/strong><strong><span style=\"color: #000000\"><span style=\"font-family: Times New Roman, serif\"><span style=\"font-size: medium\"> whats app 3316379346 o <\/span><\/span><\/span><\/strong><strong><span style=\"color: #000000\"><span style=\"font-family: Times New Roman, serif\"><span style=\"font-size: medium\">alla mail<\/span><\/span><\/span><\/strong> <strong><a href=\"mailto:alessandrolisci@yahoo.it\"><span style=\"font-family: Times New Roman, serif\"><span style=\"font-size: medium\">alessandrolisci@yahoo.it<\/span><\/span><\/a><\/strong><strong><span style=\"color: #000000\"><span style=\"font-family: Times New Roman, serif\"><span style=\"font-size: medium\">. <\/span><\/span><\/span><\/strong><\/p>\n<p align=\"JUSTIFY\"><strong><span style=\"color: #000000\"><span style=\"font-family: Times New Roman, serif\"><span style=\"font-size: medium\">Il commento <\/span><\/span><\/span><\/strong><\/p>\n<p align=\"JUSTIFY\"><span style=\"font-size: medium\">Da una decina d\u2019anni Roma e i Borghi della provincia sono \u201ctappezzati\u201d di murales. Si tratta di opere sempre pi\u00f9 numerose, sempre pi\u00f9 belle, sempre pi\u00f9 caratteristiche di un luogo, pittoresche e artistiche, tanto che si parla ormai di \u201cStreet Art\u201d. Se ne contavano oltre 350 nel 2021 solo a Roma: i murales della Garbatella, di Testaccio, dell\u2019Ostiense, solo per citare degli esempi in alcuni quartieri, rappresentano un museo all\u2019aperto.<\/span><\/p>\n<p align=\"JUSTIFY\"><a name=\"Bookmark\"><\/a><span style=\"font-size: medium\">La cultura e la creativit\u00e0 dei murales si \u00e8 poi sviluppata anche nei paesi della provincia, come Capranica, Rocca di Papa, S. Angelo di Roccalvecce, Civita di Bagnoregio. Si tratta di opere che raffigurano tradizioni popolari locali, personaggi dello spettacolo o delle fiabe. <\/span><\/p>\n<p align=\"JUSTIFY\"><span style=\"font-size: medium\">Quello presentato oggi ha una peculiarit\u00e0: ha un intento educativo. Richiama al rispetto delle leggi quando esse tutelano la sicurezza, richiama alla sorveglianza e alla tutela dei figli e, pi\u00f9 in generale dei minori, specie se esposti ai pericoli della strada. <\/span><\/p>\n<p align=\"JUSTIFY\"><span style=\"font-size: medium\">Questo murales viene da Pontinia, comune di 15.000 abitanti in provincia di Latina, un territorio dove gli incidenti stradali gravi sono numerosi (Latina \u00e8, dopo Roma, la provincia ove si registrano pi\u00f9 vittime della strada: 1674 incidenti, 56 morti e 2.436 feriti nel 2023 \u2013 dati ISTAT). <\/span><\/p>\n<p align=\"JUSTIFY\"><span style=\"font-size: medium\">Questa fotografia assume quindi un significato anche sociale: \u00e8 ancora pi\u00f9 importante!<\/span><\/p>\n<p align=\"JUSTIFY\"><strong><span style=\"font-family: Times New Roman, serif\"><span style=\"font-size: medium\"> \u00a9 2025 Giuliano Bertazzoni<\/span><\/span><\/strong><\/p>\n<figure id=\"attachment_39218\" aria-describedby=\"caption-attachment-39218\" style=\"width: 1083px\" class=\"wp-caption alignnone\"><img loading=\"lazy\" decoding=\"async\" class=\" wp-image-39218\" src=\"https:\/\/www.romaoggi.eu\/wp-content\/uploads\/2025\/04\/1745058994199-300x172.jpg\" alt=\"alt tag Antonio Molinari\" width=\"1083\" height=\"621\" srcset=\"https:\/\/www.romaoggi.eu\/wp-content\/uploads\/2025\/04\/1745058994199-300x172.jpg 300w, https:\/\/www.romaoggi.eu\/wp-content\/uploads\/2025\/04\/1745058994199-1024x588.jpg 1024w, https:\/\/www.romaoggi.eu\/wp-content\/uploads\/2025\/04\/1745058994199.jpg 1620w\" sizes=\"auto, (max-width: 1083px) 100vw, 1083px\" \/><figcaption id=\"caption-attachment-39218\" class=\"wp-caption-text\"><strong><span style=\"color: #ff0000\">Rispetto \u00e8 vita. Pontinia. Foto di Antonio Molinari<\/span><\/strong><\/figcaption><\/figure>\n<p align=\"JUSTIFY\"><strong><span style=\"font-family: Times New Roman, serif\"><span style=\"font-size: medium\">Giuliano Bertazzoni nota bio<\/span><\/span><\/strong><\/p>\n<p align=\"JUSTIFY\"><span style=\"font-family: Times New Roman, serif\"><span style=\"font-size: medium\">Giuliano Bertazzoni nasce a Milano nel 1950.<\/span><\/span><\/p>\n<p>Laureato in Medicina e Chirurgia alla Sapienza di Roma nel 1975, ha prestato servizio come Direttore della Unit\u00e0 Operativa Complessa di Medicina d&#8217;Urgenza del Policlinico Umberto 1\u00b0 di Roma dal 1991 al 2021.<\/p>\n<p>Una volta in quiescenza ha appeso al chiodo il fonendoscopio portato per 50 anni circa e ha indossato la tracolla della Nikon:\u00a0 cos\u00ec \u00e8 esplosa la passione per la fotografia, passione sempre avuta e poco praticata nel corso della vita professionale.<\/p>\n<p>La comunit\u00e0 del Policlinico\u00a0 \u00e8 stata sostituita dalla comunit\u00e0 dei fotografi; i congressi, le lezioni, le esercitazioni, i meeting sono stati sostituiti dai corsi di fotografia, workshop,\u00a0 mostre e concorsi (fotografici).<\/p>\n<p>Due sentimenti sono rimasti in comune tra il lavoro di ieri e l&#8217;hobby di oggi:\u00a0 la passione\u00a0 e l&#8217;emozione.<\/p>\n<p style=\"text-align: center\" align=\"JUSTIFY\">___________________________________________<\/p>\n<p style=\"text-align: center\" align=\"JUSTIFY\"><span style=\"color: #ff0000\"><strong><span style=\"font-family: Times New Roman, serif\"><span style=\"font-size: medium\">Editing fotografico a cura di Alessandro Lisci &#8211; Target Lab Ets <\/span><\/span><\/strong><\/span><\/p>\n<p style=\"text-align: center\" align=\"LEFT\"><span style=\"color: #000000\"><span style=\"font-family: Times New Roman, serif\"><span style=\"font-size: medium\"><b>Visita il sito: <\/b><\/span><\/span><\/span><a href=\"https:\/\/www.facebook.com\/TargetLabEts\"><span style=\"font-family: Times New Roman, serif\"><span style=\"font-size: medium\">https:\/\/www.facebook.com\/TargetLabEts<\/span><\/span><\/a><\/p>\n<p style=\"text-align: center\" align=\"LEFT\"><strong><span style=\"font-family: Times New Roman, serif\"><span style=\"font-size: medium\">Visita il sito : <a href=\"http:\/\/www.alessandrolisci.com\/\">www.alessandrolisci.com<\/a><\/span><\/span><\/strong><\/p>\n<p align=\"JUSTIFY\"><strong><span style=\"color: #000000\"><span style=\"font-family: Times New Roman, serif\"><span style=\"font-size: medium\"><b>Sostieni il progetto fotografico di Target Lab Ets con una <\/b><\/span><\/span><\/span><\/strong><strong><span style=\"color: #ff0000\"><span style=\"font-family: Times New Roman, serif\"><span style=\"font-size: medium\"><b>donazione\/erogazione liberale<\/b><\/span><\/span><\/span><\/strong><strong><span style=\"color: #000000\"><span style=\"font-family: Times New Roman, serif\"><span style=\"font-size: medium\"> al seguente <\/span><\/span><\/span><\/strong><strong><span style=\"color: #ff0000\"><span style=\"font-family: Times New Roman, serif\"><span style=\"font-size: medium\">IBAN<\/span><\/span><\/span><\/strong> <b> <\/b><strong><span style=\"color: #ff0000\"><span style=\"font-family: Times New Roman, serif\"><span style=\"font-size: medium\"><b>IT05M0306909606100000186094<\/b><\/span><\/span><\/span><\/strong><strong><span style=\"color: #161a1e\"><span style=\"font-family: Times New Roman, serif\"><span style=\"font-size: medium\"><b> intestato a Target Lab Ets.<\/b><\/span><\/span><\/span><\/strong><\/p>\n<p align=\"JUSTIFY\"><strong><span style=\"color: #161a1e\"><span style=\"font-family: Times New Roman, serif\"><span style=\"font-size: medium\"><b>Le donazioni liberali sono detraibili in sede di dichiarazione dei redditi.<\/b><\/span><\/span><\/span><\/strong><\/p>\n<p align=\"JUSTIFY\"><strong><span style=\"color: #ff0000\"><span style=\"font-family: Times New Roman, serif\"><span style=\"font-size: medium\"><b>Devolvi il 5xmille nella prossima dichiarazione dei redditi a Target Lab Ets<\/b><\/span><\/span><\/span><\/strong> <strong><span style=\"color: #000000\"><span style=\"font-family: Times New Roman, serif\"><span style=\"font-size: medium\"><b>inserendo il <\/b><\/span><\/span><\/span><\/strong><strong><span style=\"color: #ff0000\"><span style=\"font-family: Times New Roman, serif\"><span style=\"font-size: medium\"><b>CF : 96498910585<\/b><\/span><\/span><\/span><\/strong> <strong><span style=\"color: #000000\"><span style=\"font-family: Times New Roman, serif\"><span style=\"font-size: medium\"><b>riquadro Enti Terzo Settore e Aps per finanziare futuri progetti fotografici a ricaduta sociale<\/b><\/span><\/span><\/span><\/strong><\/p>\n<p>&nbsp;<\/p>\n","protected":false},"excerpt":{"rendered":"<div class=\"mh-excerpt\"><p>\u201cLa foto del giorno\u201d di luned\u00ec 21 aprile 2025 dal titolo &#8220;Rispetto \u00e8 vita&#8221; \u00e8 di Antonio Molinari, commento di Giuliano Bertazzoni. Rubrica a cura di Alessandro Lisci. Invia la tua foto del giorno al <a class=\"mh-excerpt-more\" href=\"https:\/\/www.romaoggi.eu\/index.php\/2025\/04\/21\/la-foto-del-giorno-rispetto-e-vita-e-di-antonio-molinari-commento-di-giuliano-bertazzoni\/\" title=\"La foto del giorno: &#8220;Rispetto \u00e8 vita&#8221; \u00e8 di Antonio Molinari. Commento di Giuliano Bertazzoni\">[&#8230;]<\/a><\/p>\n<\/div>","protected":false},"author":17,"featured_media":39218,"comment_status":"closed","ping_status":"open","sticky":false,"template":"","format":"standard","meta":{"_sitemap_exclude":false,"_sitemap_priority":"","_sitemap_frequency":"","footnotes":""},"categories":[8934],"tags":[14999,14994,14912,4137,17683,18100,18104,17685,17686,17687,274,18065,10420,18103,17043,17688,17689,17690,14763,17691,17692,17693,18101,18102,1738,17694,16078,1759,17695,15567,17684],"class_list":["post-39217","post","type-post","status-publish","format-standard","has-post-thumbnail","hentry","category-lafotodelgiorno","tag-art","tag-photo","tag-photography","tag-alessandro-lisci","tag-all_shots","tag-antonio-molinari","tag-codice-della-strada","tag-composition","tag-exposure","tag-focus","tag-fotografia","tag-giuliano-bertazzoni","tag-la-foto-del-giorno","tag-murales","tag-omicidio-stradale","tag-photooftheday","tag-photos","tag-pic","tag-picoftheday","tag-pics","tag-picture","tag-pictures","tag-pontinia","tag-rispetto-e-vita","tag-romaoggi-eu","tag-snapshot","tag-storytelling","tag-street-art","tag-tagsforlikes","tag-target-lab-ets","tag-tecnicafotografica"],"yoast_head":"<!-- This site is optimized with the Yoast SEO plugin v27.5 - https:\/\/yoast.com\/product\/yoast-seo-wordpress\/ -->\n<title>La foto del giorno: &quot;Rispetto \u00e8 vita&quot; \u00e8 di Antonio Molinari. Commento di Giuliano Bertazzoni<\/title>\n<meta name=\"description\" content=\"\u201cLa foto del giorno\u201d di luned\u00ec 21 aprile 2025 dal titolo &quot;Rispetto \u00e8 vita&quot; \u00e8 di Antonio Molinari, commento di Giuliano Bertazzoni. Rubrica a cura di\" \/>\n<meta name=\"robots\" content=\"index, follow, max-snippet:-1, max-image-preview:large, max-video-preview:-1\" \/>\n<link rel=\"canonical\" href=\"https:\/\/www.romaoggi.eu\/index.php\/2025\/04\/21\/la-foto-del-giorno-rispetto-e-vita-e-di-antonio-molinari-commento-di-giuliano-bertazzoni\/\" \/>\n<meta property=\"og:locale\" content=\"it_IT\" \/>\n<meta property=\"og:type\" content=\"article\" \/>\n<meta property=\"og:title\" content=\"La foto del giorno: &quot;Rispetto \u00e8 vita&quot; \u00e8 di Antonio Molinari. Commento di Giuliano Bertazzoni\" \/>\n<meta property=\"og:description\" content=\"\u201cLa foto del giorno\u201d di luned\u00ec 21 aprile 2025 dal titolo &quot;Rispetto \u00e8 vita&quot; \u00e8 di Antonio Molinari, commento di Giuliano Bertazzoni. Rubrica a cura di\" \/>\n<meta property=\"og:url\" content=\"https:\/\/www.romaoggi.eu\/index.php\/2025\/04\/21\/la-foto-del-giorno-rispetto-e-vita-e-di-antonio-molinari-commento-di-giuliano-bertazzoni\/\" \/>\n<meta property=\"og:site_name\" content=\"roma oggi\" \/>\n<meta property=\"article:publisher\" content=\"https:\/\/www.facebook.com\/RomaOggi-841544845954114\" \/>\n<meta property=\"article:published_time\" content=\"2025-04-21T08:11:10+00:00\" \/>\n<meta property=\"og:image\" content=\"https:\/\/www.romaoggi.eu\/wp-content\/uploads\/2025\/04\/1745058994199.jpg\" \/>\n\t<meta property=\"og:image:width\" content=\"1620\" \/>\n\t<meta property=\"og:image:height\" content=\"931\" \/>\n\t<meta property=\"og:image:type\" content=\"image\/jpeg\" \/>\n<meta name=\"author\" content=\"Target Lab Ets\" \/>\n<meta name=\"twitter:card\" content=\"summary_large_image\" \/>\n<meta name=\"twitter:creator\" content=\"@romaoggi_eu\" \/>\n<meta name=\"twitter:site\" content=\"@romaoggi_eu\" \/>\n<meta name=\"twitter:label1\" content=\"Scritto da\" \/>\n\t<meta name=\"twitter:data1\" content=\"Target Lab Ets\" \/>\n\t<meta name=\"twitter:label2\" content=\"Tempo di lettura stimato\" \/>\n\t<meta name=\"twitter:data2\" content=\"3 minuti\" \/>\n<script type=\"application\/ld+json\" class=\"yoast-schema-graph\">{\"@context\":\"https:\\\/\\\/schema.org\",\"@graph\":[{\"@type\":\"Article\",\"@id\":\"https:\\\/\\\/www.romaoggi.eu\\\/index.php\\\/2025\\\/04\\\/21\\\/la-foto-del-giorno-rispetto-e-vita-e-di-antonio-molinari-commento-di-giuliano-bertazzoni\\\/#article\",\"isPartOf\":{\"@id\":\"https:\\\/\\\/www.romaoggi.eu\\\/index.php\\\/2025\\\/04\\\/21\\\/la-foto-del-giorno-rispetto-e-vita-e-di-antonio-molinari-commento-di-giuliano-bertazzoni\\\/\"},\"author\":{\"name\":\"Target Lab Ets\",\"@id\":\"https:\\\/\\\/www.romaoggi.eu\\\/#\\\/schema\\\/person\\\/72b8cfc6de60caeb335267c8e21d90fb\"},\"headline\":\"La foto del giorno: &#8220;Rispetto \u00e8 vita&#8221; \u00e8 di Antonio Molinari. Commento di Giuliano Bertazzoni\",\"datePublished\":\"2025-04-21T08:11:10+00:00\",\"mainEntityOfPage\":{\"@id\":\"https:\\\/\\\/www.romaoggi.eu\\\/index.php\\\/2025\\\/04\\\/21\\\/la-foto-del-giorno-rispetto-e-vita-e-di-antonio-molinari-commento-di-giuliano-bertazzoni\\\/\"},\"wordCount\":494,\"publisher\":{\"@id\":\"https:\\\/\\\/www.romaoggi.eu\\\/#organization\"},\"image\":{\"@id\":\"https:\\\/\\\/www.romaoggi.eu\\\/index.php\\\/2025\\\/04\\\/21\\\/la-foto-del-giorno-rispetto-e-vita-e-di-antonio-molinari-commento-di-giuliano-bertazzoni\\\/#primaryimage\"},\"thumbnailUrl\":\"https:\\\/\\\/www.romaoggi.eu\\\/wp-content\\\/uploads\\\/2025\\\/04\\\/1745058994199.jpg\",\"keywords\":[\"#art\",\"#photo\",\"#photography\",\"alessandro lisci\",\"all_shots\",\"Antonio Molinari\",\"Codice della Strada\",\"composition\",\"exposure\",\"focus\",\"fotografia\",\"giuliano bertazzoni\",\"La foto del giorno\",\"Murales\",\"omicidio stradale\",\"photooftheday\",\"photos\",\"pic\",\"picoftheday\",\"pics\",\"picture\",\"pictures\",\"Pontinia\",\"Rispetto \u00e8 vita\",\"RomaOggi.eu\",\"snapshot\",\"storytelling\",\"Street Art\",\"TagsForLikes\",\"target lab ets\",\"tecnicafotografica\"],\"articleSection\":[\"La foto del giorno\"],\"inLanguage\":\"it-IT\"},{\"@type\":\"WebPage\",\"@id\":\"https:\\\/\\\/www.romaoggi.eu\\\/index.php\\\/2025\\\/04\\\/21\\\/la-foto-del-giorno-rispetto-e-vita-e-di-antonio-molinari-commento-di-giuliano-bertazzoni\\\/\",\"url\":\"https:\\\/\\\/www.romaoggi.eu\\\/index.php\\\/2025\\\/04\\\/21\\\/la-foto-del-giorno-rispetto-e-vita-e-di-antonio-molinari-commento-di-giuliano-bertazzoni\\\/\",\"name\":\"La foto del giorno: \\\"Rispetto \u00e8 vita\\\" \u00e8 di Antonio Molinari. Commento di Giuliano Bertazzoni\",\"isPartOf\":{\"@id\":\"https:\\\/\\\/www.romaoggi.eu\\\/#website\"},\"primaryImageOfPage\":{\"@id\":\"https:\\\/\\\/www.romaoggi.eu\\\/index.php\\\/2025\\\/04\\\/21\\\/la-foto-del-giorno-rispetto-e-vita-e-di-antonio-molinari-commento-di-giuliano-bertazzoni\\\/#primaryimage\"},\"image\":{\"@id\":\"https:\\\/\\\/www.romaoggi.eu\\\/index.php\\\/2025\\\/04\\\/21\\\/la-foto-del-giorno-rispetto-e-vita-e-di-antonio-molinari-commento-di-giuliano-bertazzoni\\\/#primaryimage\"},\"thumbnailUrl\":\"https:\\\/\\\/www.romaoggi.eu\\\/wp-content\\\/uploads\\\/2025\\\/04\\\/1745058994199.jpg\",\"datePublished\":\"2025-04-21T08:11:10+00:00\",\"description\":\"\u201cLa foto del giorno\u201d di luned\u00ec 21 aprile 2025 dal titolo \\\"Rispetto \u00e8 vita\\\" \u00e8 di Antonio Molinari, commento di Giuliano Bertazzoni. Rubrica a cura di\",\"breadcrumb\":{\"@id\":\"https:\\\/\\\/www.romaoggi.eu\\\/index.php\\\/2025\\\/04\\\/21\\\/la-foto-del-giorno-rispetto-e-vita-e-di-antonio-molinari-commento-di-giuliano-bertazzoni\\\/#breadcrumb\"},\"inLanguage\":\"it-IT\",\"potentialAction\":[{\"@type\":\"ReadAction\",\"target\":[\"https:\\\/\\\/www.romaoggi.eu\\\/index.php\\\/2025\\\/04\\\/21\\\/la-foto-del-giorno-rispetto-e-vita-e-di-antonio-molinari-commento-di-giuliano-bertazzoni\\\/\"]}]},{\"@type\":\"ImageObject\",\"inLanguage\":\"it-IT\",\"@id\":\"https:\\\/\\\/www.romaoggi.eu\\\/index.php\\\/2025\\\/04\\\/21\\\/la-foto-del-giorno-rispetto-e-vita-e-di-antonio-molinari-commento-di-giuliano-bertazzoni\\\/#primaryimage\",\"url\":\"https:\\\/\\\/www.romaoggi.eu\\\/wp-content\\\/uploads\\\/2025\\\/04\\\/1745058994199.jpg\",\"contentUrl\":\"https:\\\/\\\/www.romaoggi.eu\\\/wp-content\\\/uploads\\\/2025\\\/04\\\/1745058994199.jpg\",\"width\":1620,\"height\":931,\"caption\":\"Rispetto \u00e8 vita. Pontinia. Foto di Antonio Molinari\"},{\"@type\":\"BreadcrumbList\",\"@id\":\"https:\\\/\\\/www.romaoggi.eu\\\/index.php\\\/2025\\\/04\\\/21\\\/la-foto-del-giorno-rispetto-e-vita-e-di-antonio-molinari-commento-di-giuliano-bertazzoni\\\/#breadcrumb\",\"itemListElement\":[{\"@type\":\"ListItem\",\"position\":1,\"name\":\"Home\",\"item\":\"https:\\\/\\\/www.romaoggi.eu\\\/\"},{\"@type\":\"ListItem\",\"position\":2,\"name\":\"La foto del giorno: &#8220;Rispetto \u00e8 vita&#8221; \u00e8 di Antonio Molinari. Commento di Giuliano Bertazzoni\"}]},{\"@type\":\"WebSite\",\"@id\":\"https:\\\/\\\/www.romaoggi.eu\\\/#website\",\"url\":\"https:\\\/\\\/www.romaoggi.eu\\\/\",\"name\":\"roma oggi\",\"description\":\"Interesting News for Interesting people\",\"publisher\":{\"@id\":\"https:\\\/\\\/www.romaoggi.eu\\\/#organization\"},\"potentialAction\":[{\"@type\":\"SearchAction\",\"target\":{\"@type\":\"EntryPoint\",\"urlTemplate\":\"https:\\\/\\\/www.romaoggi.eu\\\/?s={search_term_string}\"},\"query-input\":{\"@type\":\"PropertyValueSpecification\",\"valueRequired\":true,\"valueName\":\"search_term_string\"}}],\"inLanguage\":\"it-IT\"},{\"@type\":\"Organization\",\"@id\":\"https:\\\/\\\/www.romaoggi.eu\\\/#organization\",\"name\":\"RomaOggi\",\"url\":\"https:\\\/\\\/www.romaoggi.eu\\\/\",\"logo\":{\"@type\":\"ImageObject\",\"inLanguage\":\"it-IT\",\"@id\":\"https:\\\/\\\/www.romaoggi.eu\\\/#\\\/schema\\\/logo\\\/image\\\/\",\"url\":\"https:\\\/\\\/www.romaoggi.eu\\\/wp-content\\\/uploads\\\/2017\\\/04\\\/logowp.jpg\",\"contentUrl\":\"https:\\\/\\\/www.romaoggi.eu\\\/wp-content\\\/uploads\\\/2017\\\/04\\\/logowp.jpg\",\"width\":300,\"height\":133,\"caption\":\"RomaOggi\"},\"image\":{\"@id\":\"https:\\\/\\\/www.romaoggi.eu\\\/#\\\/schema\\\/logo\\\/image\\\/\"},\"sameAs\":[\"https:\\\/\\\/www.facebook.com\\\/RomaOggi-841544845954114\",\"https:\\\/\\\/x.com\\\/romaoggi_eu\"]},{\"@type\":\"Person\",\"@id\":\"https:\\\/\\\/www.romaoggi.eu\\\/#\\\/schema\\\/person\\\/72b8cfc6de60caeb335267c8e21d90fb\",\"name\":\"Target Lab Ets\",\"image\":{\"@type\":\"ImageObject\",\"inLanguage\":\"it-IT\",\"@id\":\"https:\\\/\\\/secure.gravatar.com\\\/avatar\\\/ab64fd266889a629b0e9e6ab56209e379c2a89cfda303941ee9621d4090292d1?s=96&d=mm&r=g\",\"url\":\"https:\\\/\\\/secure.gravatar.com\\\/avatar\\\/ab64fd266889a629b0e9e6ab56209e379c2a89cfda303941ee9621d4090292d1?s=96&d=mm&r=g\",\"contentUrl\":\"https:\\\/\\\/secure.gravatar.com\\\/avatar\\\/ab64fd266889a629b0e9e6ab56209e379c2a89cfda303941ee9621d4090292d1?s=96&d=mm&r=g\",\"caption\":\"Target Lab Ets\"},\"sameAs\":[\"http:\\\/\\\/www.targetlab.org\"],\"url\":\"https:\\\/\\\/www.romaoggi.eu\\\/index.php\\\/author\\\/isfc\\\/\"}]}<\/script>\n<!-- \/ Yoast SEO plugin. -->","yoast_head_json":{"title":"La foto del giorno: \"Rispetto \u00e8 vita\" \u00e8 di Antonio Molinari. Commento di Giuliano Bertazzoni","description":"\u201cLa foto del giorno\u201d di luned\u00ec 21 aprile 2025 dal titolo \"Rispetto \u00e8 vita\" \u00e8 di Antonio Molinari, commento di Giuliano Bertazzoni. Rubrica a cura di","robots":{"index":"index","follow":"follow","max-snippet":"max-snippet:-1","max-image-preview":"max-image-preview:large","max-video-preview":"max-video-preview:-1"},"canonical":"https:\/\/www.romaoggi.eu\/index.php\/2025\/04\/21\/la-foto-del-giorno-rispetto-e-vita-e-di-antonio-molinari-commento-di-giuliano-bertazzoni\/","og_locale":"it_IT","og_type":"article","og_title":"La foto del giorno: \"Rispetto \u00e8 vita\" \u00e8 di Antonio Molinari. Commento di Giuliano Bertazzoni","og_description":"\u201cLa foto del giorno\u201d di luned\u00ec 21 aprile 2025 dal titolo \"Rispetto \u00e8 vita\" \u00e8 di Antonio Molinari, commento di Giuliano Bertazzoni. Rubrica a cura di","og_url":"https:\/\/www.romaoggi.eu\/index.php\/2025\/04\/21\/la-foto-del-giorno-rispetto-e-vita-e-di-antonio-molinari-commento-di-giuliano-bertazzoni\/","og_site_name":"roma oggi","article_publisher":"https:\/\/www.facebook.com\/RomaOggi-841544845954114","article_published_time":"2025-04-21T08:11:10+00:00","og_image":[{"width":1620,"height":931,"url":"https:\/\/www.romaoggi.eu\/wp-content\/uploads\/2025\/04\/1745058994199.jpg","type":"image\/jpeg"}],"author":"Target Lab Ets","twitter_card":"summary_large_image","twitter_creator":"@romaoggi_eu","twitter_site":"@romaoggi_eu","twitter_misc":{"Scritto da":"Target Lab Ets","Tempo di lettura stimato":"3 minuti"},"schema":{"@context":"https:\/\/schema.org","@graph":[{"@type":"Article","@id":"https:\/\/www.romaoggi.eu\/index.php\/2025\/04\/21\/la-foto-del-giorno-rispetto-e-vita-e-di-antonio-molinari-commento-di-giuliano-bertazzoni\/#article","isPartOf":{"@id":"https:\/\/www.romaoggi.eu\/index.php\/2025\/04\/21\/la-foto-del-giorno-rispetto-e-vita-e-di-antonio-molinari-commento-di-giuliano-bertazzoni\/"},"author":{"name":"Target Lab Ets","@id":"https:\/\/www.romaoggi.eu\/#\/schema\/person\/72b8cfc6de60caeb335267c8e21d90fb"},"headline":"La foto del giorno: &#8220;Rispetto \u00e8 vita&#8221; \u00e8 di Antonio Molinari. Commento di Giuliano Bertazzoni","datePublished":"2025-04-21T08:11:10+00:00","mainEntityOfPage":{"@id":"https:\/\/www.romaoggi.eu\/index.php\/2025\/04\/21\/la-foto-del-giorno-rispetto-e-vita-e-di-antonio-molinari-commento-di-giuliano-bertazzoni\/"},"wordCount":494,"publisher":{"@id":"https:\/\/www.romaoggi.eu\/#organization"},"image":{"@id":"https:\/\/www.romaoggi.eu\/index.php\/2025\/04\/21\/la-foto-del-giorno-rispetto-e-vita-e-di-antonio-molinari-commento-di-giuliano-bertazzoni\/#primaryimage"},"thumbnailUrl":"https:\/\/www.romaoggi.eu\/wp-content\/uploads\/2025\/04\/1745058994199.jpg","keywords":["#art","#photo","#photography","alessandro lisci","all_shots","Antonio Molinari","Codice della Strada","composition","exposure","focus","fotografia","giuliano bertazzoni","La foto del giorno","Murales","omicidio stradale","photooftheday","photos","pic","picoftheday","pics","picture","pictures","Pontinia","Rispetto \u00e8 vita","RomaOggi.eu","snapshot","storytelling","Street Art","TagsForLikes","target lab ets","tecnicafotografica"],"articleSection":["La foto del giorno"],"inLanguage":"it-IT"},{"@type":"WebPage","@id":"https:\/\/www.romaoggi.eu\/index.php\/2025\/04\/21\/la-foto-del-giorno-rispetto-e-vita-e-di-antonio-molinari-commento-di-giuliano-bertazzoni\/","url":"https:\/\/www.romaoggi.eu\/index.php\/2025\/04\/21\/la-foto-del-giorno-rispetto-e-vita-e-di-antonio-molinari-commento-di-giuliano-bertazzoni\/","name":"La foto del giorno: \"Rispetto \u00e8 vita\" \u00e8 di Antonio Molinari. Commento di Giuliano Bertazzoni","isPartOf":{"@id":"https:\/\/www.romaoggi.eu\/#website"},"primaryImageOfPage":{"@id":"https:\/\/www.romaoggi.eu\/index.php\/2025\/04\/21\/la-foto-del-giorno-rispetto-e-vita-e-di-antonio-molinari-commento-di-giuliano-bertazzoni\/#primaryimage"},"image":{"@id":"https:\/\/www.romaoggi.eu\/index.php\/2025\/04\/21\/la-foto-del-giorno-rispetto-e-vita-e-di-antonio-molinari-commento-di-giuliano-bertazzoni\/#primaryimage"},"thumbnailUrl":"https:\/\/www.romaoggi.eu\/wp-content\/uploads\/2025\/04\/1745058994199.jpg","datePublished":"2025-04-21T08:11:10+00:00","description":"\u201cLa foto del giorno\u201d di luned\u00ec 21 aprile 2025 dal titolo \"Rispetto \u00e8 vita\" \u00e8 di Antonio Molinari, commento di Giuliano Bertazzoni. Rubrica a cura di","breadcrumb":{"@id":"https:\/\/www.romaoggi.eu\/index.php\/2025\/04\/21\/la-foto-del-giorno-rispetto-e-vita-e-di-antonio-molinari-commento-di-giuliano-bertazzoni\/#breadcrumb"},"inLanguage":"it-IT","potentialAction":[{"@type":"ReadAction","target":["https:\/\/www.romaoggi.eu\/index.php\/2025\/04\/21\/la-foto-del-giorno-rispetto-e-vita-e-di-antonio-molinari-commento-di-giuliano-bertazzoni\/"]}]},{"@type":"ImageObject","inLanguage":"it-IT","@id":"https:\/\/www.romaoggi.eu\/index.php\/2025\/04\/21\/la-foto-del-giorno-rispetto-e-vita-e-di-antonio-molinari-commento-di-giuliano-bertazzoni\/#primaryimage","url":"https:\/\/www.romaoggi.eu\/wp-content\/uploads\/2025\/04\/1745058994199.jpg","contentUrl":"https:\/\/www.romaoggi.eu\/wp-content\/uploads\/2025\/04\/1745058994199.jpg","width":1620,"height":931,"caption":"Rispetto \u00e8 vita. Pontinia. Foto di Antonio Molinari"},{"@type":"BreadcrumbList","@id":"https:\/\/www.romaoggi.eu\/index.php\/2025\/04\/21\/la-foto-del-giorno-rispetto-e-vita-e-di-antonio-molinari-commento-di-giuliano-bertazzoni\/#breadcrumb","itemListElement":[{"@type":"ListItem","position":1,"name":"Home","item":"https:\/\/www.romaoggi.eu\/"},{"@type":"ListItem","position":2,"name":"La foto del giorno: &#8220;Rispetto \u00e8 vita&#8221; \u00e8 di Antonio Molinari. Commento di Giuliano Bertazzoni"}]},{"@type":"WebSite","@id":"https:\/\/www.romaoggi.eu\/#website","url":"https:\/\/www.romaoggi.eu\/","name":"roma oggi","description":"Interesting News for Interesting people","publisher":{"@id":"https:\/\/www.romaoggi.eu\/#organization"},"potentialAction":[{"@type":"SearchAction","target":{"@type":"EntryPoint","urlTemplate":"https:\/\/www.romaoggi.eu\/?s={search_term_string}"},"query-input":{"@type":"PropertyValueSpecification","valueRequired":true,"valueName":"search_term_string"}}],"inLanguage":"it-IT"},{"@type":"Organization","@id":"https:\/\/www.romaoggi.eu\/#organization","name":"RomaOggi","url":"https:\/\/www.romaoggi.eu\/","logo":{"@type":"ImageObject","inLanguage":"it-IT","@id":"https:\/\/www.romaoggi.eu\/#\/schema\/logo\/image\/","url":"https:\/\/www.romaoggi.eu\/wp-content\/uploads\/2017\/04\/logowp.jpg","contentUrl":"https:\/\/www.romaoggi.eu\/wp-content\/uploads\/2017\/04\/logowp.jpg","width":300,"height":133,"caption":"RomaOggi"},"image":{"@id":"https:\/\/www.romaoggi.eu\/#\/schema\/logo\/image\/"},"sameAs":["https:\/\/www.facebook.com\/RomaOggi-841544845954114","https:\/\/x.com\/romaoggi_eu"]},{"@type":"Person","@id":"https:\/\/www.romaoggi.eu\/#\/schema\/person\/72b8cfc6de60caeb335267c8e21d90fb","name":"Target Lab Ets","image":{"@type":"ImageObject","inLanguage":"it-IT","@id":"https:\/\/secure.gravatar.com\/avatar\/ab64fd266889a629b0e9e6ab56209e379c2a89cfda303941ee9621d4090292d1?s=96&d=mm&r=g","url":"https:\/\/secure.gravatar.com\/avatar\/ab64fd266889a629b0e9e6ab56209e379c2a89cfda303941ee9621d4090292d1?s=96&d=mm&r=g","contentUrl":"https:\/\/secure.gravatar.com\/avatar\/ab64fd266889a629b0e9e6ab56209e379c2a89cfda303941ee9621d4090292d1?s=96&d=mm&r=g","caption":"Target Lab Ets"},"sameAs":["http:\/\/www.targetlab.org"],"url":"https:\/\/www.romaoggi.eu\/index.php\/author\/isfc\/"}]}},"_links":{"self":[{"href":"https:\/\/www.romaoggi.eu\/index.php\/wp-json\/wp\/v2\/posts\/39217","targetHints":{"allow":["GET"]}}],"collection":[{"href":"https:\/\/www.romaoggi.eu\/index.php\/wp-json\/wp\/v2\/posts"}],"about":[{"href":"https:\/\/www.romaoggi.eu\/index.php\/wp-json\/wp\/v2\/types\/post"}],"author":[{"embeddable":true,"href":"https:\/\/www.romaoggi.eu\/index.php\/wp-json\/wp\/v2\/users\/17"}],"replies":[{"embeddable":true,"href":"https:\/\/www.romaoggi.eu\/index.php\/wp-json\/wp\/v2\/comments?post=39217"}],"version-history":[{"count":2,"href":"https:\/\/www.romaoggi.eu\/index.php\/wp-json\/wp\/v2\/posts\/39217\/revisions"}],"predecessor-version":[{"id":39220,"href":"https:\/\/www.romaoggi.eu\/index.php\/wp-json\/wp\/v2\/posts\/39217\/revisions\/39220"}],"wp:featuredmedia":[{"embeddable":true,"href":"https:\/\/www.romaoggi.eu\/index.php\/wp-json\/wp\/v2\/media\/39218"}],"wp:attachment":[{"href":"https:\/\/www.romaoggi.eu\/index.php\/wp-json\/wp\/v2\/media?parent=39217"}],"wp:term":[{"taxonomy":"category","embeddable":true,"href":"https:\/\/www.romaoggi.eu\/index.php\/wp-json\/wp\/v2\/categories?post=39217"},{"taxonomy":"post_tag","embeddable":true,"href":"https:\/\/www.romaoggi.eu\/index.php\/wp-json\/wp\/v2\/tags?post=39217"}],"curies":[{"name":"wp","href":"https:\/\/api.w.org\/{rel}","templated":true}]}}