{"id":39953,"date":"2025-06-10T20:55:49","date_gmt":"2025-06-10T18:55:49","guid":{"rendered":"https:\/\/www.romaoggi.eu\/?p=39953"},"modified":"2025-06-12T13:58:38","modified_gmt":"2025-06-12T11:58:38","slug":"policlinico-umberto-i-chiuso-lo-sportello-antiviolenza-comunicato-stampa","status":"publish","type":"post","link":"https:\/\/www.romaoggi.eu\/index.php\/2025\/06\/10\/policlinico-umberto-i-chiuso-lo-sportello-antiviolenza-comunicato-stampa\/","title":{"rendered":"Policlinico Umberto I : &#8220;Chiuso lo sportello antiviolenza&#8221; comunicato stampa"},"content":{"rendered":"<div class=\"I_ZkbNhI D_FY W_6D6F\" data-test-id=\"message-view-body\">\n<div class=\"msg-body P_wpofO mq_AS\" data-test-id=\"message-view-body-content\">\n<div class=\"jb_0 X_6MGW N_6Fd5\">\n<div>\n<div id=\"yiv2917281963\">\n<div dir=\"ltr\">\n<blockquote>\n<div style=\"text-align: center;\"><u>COMUNICATO STAMPA<\/u><\/div>\n<\/blockquote>\n<div><b>LUCARELLI: \u201cCHIUDERE UNO SPORTELLO ANTIVIOLENZA IN UN OSPEDALE \u00c8 UNA SCELTA INACCETTABILE.<\/b><\/div>\n<div><b>IL PRESIDENTE ROCCA CI RIPENSI.\u201d<\/b><\/div>\n<div><\/div>\n<div><i>Roma, 10 giugno 2025 &#8211;\u00a0<\/i>\u201c<i>La notizia della chiusura dello sportello antiviolenza al Policlinico Umberto I mi lascia basita. In un momento storico in cui le cronache ci restituiscono ogni giorno storie drammatiche di violenza sulle donne, privare un presidio sanitario come il Policlinico di uno sportello dedicato all\u2019ascolto, al supporto e all\u2019orientamento \u00e8 una decisione che non posso accettare.\u00a0\u00c8 una scelta che porta con s\u00e9 una responsabilit\u00e0 precisa&#8221;<\/i>.\u00a0Lo dichiara in una nota l\u2019assessora alle Attivit\u00e0 Produttive e Pari Opportunit\u00e0 di Roma Capitale,\u00a0<b>Monica Lucarelli<\/b>.<\/div>\n<div><\/div>\n<div><i>&#8220;Non servono proclami, non basta sbandierare vicinanza alle vittime &#8211;\u00a0<\/i>prosegue l&#8217;assessora\u00a0<b>Lucarelli\u00a0<\/b>&#8211;<i>\u00a0Bisogna esserci, ovunque. Bisogna esserci con azioni concrete, non solo con le parole. Perch\u00e9 la violenza contro le donne non si combatte con i comunicati, si combatte con i presidi. Con la presenza. Con risorse stanziate e decisioni lungimiranti. Chiudere oggi quello sportello significa lasciare pi\u00f9 sole centinaia di donne ogni anno. Donne che arrivano in ospedale ferite nel corpo e nell\u2019anima, e che spesso proprio l\u00ec trovano il primo, fondamentale contatto con una rete di aiuto&#8221;.<\/i><\/div>\n<div><i>&#8220;Rivolgo un appello diretto al Presidente Rocca: ci ripensi. Trovi i fondi, trovi una soluzione. Perch\u00e9 la violenza di genere non pu\u00f2 essere sempre l\u2019ultima voce nei bilanci pubblici. Abbiamo bisogno di una rivoluzione culturale, ma anche di strumenti reali. E quelli passano dai territori, dagli ospedali, dai centri antiviolenza, dagli sportelli di ascolto. La violenza contro le donne \u00e8 trasversale. \u00c8 democratica. Pu\u00f2 toccare tutte: le nostre figlie, le nostre sorelle, le nostre amiche. Per questo dobbiamo aumentare i presidi, non ridurli. Dobbiamo moltiplicare le vedette, non spegnerle. Altrimenti qualcuna rimarr\u00e0 sempre pi\u00f9 sola. E questo, da rappresentanti delle istituzioni, non possiamo permetterlo<\/i>\u201d. Conclude l&#8217;assessora.<\/div>\n<\/div>\n<\/div>\n<\/div>\n<div><\/div>\n<\/div>\n<\/div>\n<div class=\"jb_0 X_6MGW N_6Fd5\">\n<p lang=\"it-IT\" style=\"text-align: center;\"><span style=\"color: #ff0000;\"><strong>Pubblicato da Alessandro Lisci &#8211; Target Lab Ets &#8211; infoline 3316379346<\/strong><\/span><\/p>\n<p><img loading=\"lazy\" decoding=\"async\" class=\"size-medium wp-image-39671 aligncenter\" src=\"https:\/\/www.romaoggi.eu\/wp-content\/uploads\/2025\/05\/aBoxino-x-marchio-300x137.jpg\" alt=\"\" width=\"300\" height=\"137\" srcset=\"https:\/\/www.romaoggi.eu\/wp-content\/uploads\/2025\/05\/aBoxino-x-marchio-300x137.jpg 300w, https:\/\/www.romaoggi.eu\/wp-content\/uploads\/2025\/05\/aBoxino-x-marchio.jpg 551w\" sizes=\"auto, (max-width: 300px) 100vw, 300px\" \/><\/p>\n<\/div>\n<\/div>\n<div class=\"H_7jIs D_F ab_C Q_69H5 E_36RhU\" data-test-id=\"toolbar-hover-area\">\n<div class=\"D_F W_6D6F r_BN gl_C\" data-test-id=\"card-toolbar\">\n<div class=\"D_F ab_C en_0 b_Z14vXdP e_3mS2U I_ZkbNhI P_Z1otBpf\">\n<hr class=\"M_0 P_0 cn_0\" \/>\n<\/div>\n<\/div>\n<\/div>\n","protected":false},"excerpt":{"rendered":"<div class=\"mh-excerpt\"><p>COMUNICATO STAMPA LUCARELLI: \u201cCHIUDERE UNO SPORTELLO ANTIVIOLENZA IN UN OSPEDALE \u00c8 UNA SCELTA INACCETTABILE. IL PRESIDENTE ROCCA CI RIPENSI.\u201d Roma, 10 giugno 2025 &#8211;\u00a0\u201cLa notizia della chiusura dello sportello antiviolenza al Policlinico Umberto I mi <a class=\"mh-excerpt-more\" href=\"https:\/\/www.romaoggi.eu\/index.php\/2025\/06\/10\/policlinico-umberto-i-chiuso-lo-sportello-antiviolenza-comunicato-stampa\/\" title=\"Policlinico Umberto I : &#8220;Chiuso lo sportello antiviolenza&#8221; comunicato stampa\">[&#8230;]<\/a><\/p>\n<\/div>","protected":false},"author":17,"featured_media":39954,"comment_status":"closed","ping_status":"open","sticky":false,"template":"","format":"standard","meta":{"_sitemap_exclude":false,"_sitemap_priority":"","_sitemap_frequency":"","footnotes":""},"categories":[13933],"tags":[4137,18473,18472,18076,18474,343,1738,15567],"class_list":["post-39953","post","type-post","status-publish","format-standard","has-post-thumbnail","hentry","category-comunicati-stampa","tag-alessandro-lisci","tag-assessora-alle-attivita-produttive-e-pari-opportunita-di-roma","tag-monica-lucarelli","tag-policlinico-umberto-1di-roma","tag-presidente-rocca","tag-roma-capitale","tag-romaoggi-eu","tag-target-lab-ets"],"yoast_head":"<!-- This site is optimized with the Yoast SEO plugin v27.4 - https:\/\/yoast.com\/product\/yoast-seo-wordpress\/ -->\n<title>Policlinico Umberto I : &quot;Chiuso lo sportello antiviolenza&quot; comunicato stampa<\/title>\n<meta name=\"description\" content=\"COMUNICATO STAMPA LUCARELLI: \u201cCHIUDERE UNO SPORTELLO ANTIVIOLENZA IN UN OSPEDALE \u00c8 UNA SCELTA INACCETTABILE. IL PRESIDENTE ROCCA CI RIPENSI.\u201d Roma, 10\" \/>\n<meta name=\"robots\" content=\"index, follow, max-snippet:-1, max-image-preview:large, max-video-preview:-1\" \/>\n<link rel=\"canonical\" href=\"https:\/\/www.romaoggi.eu\/index.php\/2025\/06\/10\/policlinico-umberto-i-chiuso-lo-sportello-antiviolenza-comunicato-stampa\/\" \/>\n<meta property=\"og:locale\" content=\"it_IT\" \/>\n<meta property=\"og:type\" content=\"article\" \/>\n<meta property=\"og:title\" content=\"Policlinico Umberto I : &quot;Chiuso lo sportello antiviolenza&quot; comunicato stampa\" \/>\n<meta property=\"og:description\" content=\"COMUNICATO STAMPA LUCARELLI: \u201cCHIUDERE UNO SPORTELLO ANTIVIOLENZA IN UN OSPEDALE \u00c8 UNA SCELTA INACCETTABILE. IL PRESIDENTE ROCCA CI RIPENSI.\u201d Roma, 10\" \/>\n<meta property=\"og:url\" content=\"https:\/\/www.romaoggi.eu\/index.php\/2025\/06\/10\/policlinico-umberto-i-chiuso-lo-sportello-antiviolenza-comunicato-stampa\/\" \/>\n<meta property=\"og:site_name\" content=\"roma oggi\" \/>\n<meta property=\"article:publisher\" content=\"https:\/\/www.facebook.com\/RomaOggi-841544845954114\" \/>\n<meta property=\"article:published_time\" content=\"2025-06-10T18:55:49+00:00\" \/>\n<meta property=\"article:modified_time\" content=\"2025-06-12T11:58:38+00:00\" \/>\n<meta property=\"og:image\" content=\"https:\/\/www.romaoggi.eu\/wp-content\/uploads\/2025\/06\/Photo004-Violenza-domestica-21-ottobre-2021-\u00a9Alessandro-Lisci-\u00a9Post-Prod.-Irene-Vallerotonda-scaled.jpg\" \/>\n\t<meta property=\"og:image:width\" content=\"2560\" \/>\n\t<meta property=\"og:image:height\" content=\"1706\" \/>\n\t<meta property=\"og:image:type\" content=\"image\/jpeg\" \/>\n<meta name=\"author\" content=\"Target Lab Ets\" \/>\n<meta name=\"twitter:card\" content=\"summary_large_image\" \/>\n<meta name=\"twitter:creator\" content=\"@romaoggi_eu\" \/>\n<meta name=\"twitter:site\" content=\"@romaoggi_eu\" \/>\n<meta name=\"twitter:label1\" content=\"Scritto da\" \/>\n\t<meta name=\"twitter:data1\" content=\"Target Lab Ets\" \/>\n\t<meta name=\"twitter:label2\" content=\"Tempo di lettura stimato\" \/>\n\t<meta name=\"twitter:data2\" content=\"3 minuti\" \/>\n<script type=\"application\/ld+json\" class=\"yoast-schema-graph\">{\"@context\":\"https:\\\/\\\/schema.org\",\"@graph\":[{\"@type\":\"Article\",\"@id\":\"https:\\\/\\\/www.romaoggi.eu\\\/index.php\\\/2025\\\/06\\\/10\\\/policlinico-umberto-i-chiuso-lo-sportello-antiviolenza-comunicato-stampa\\\/#article\",\"isPartOf\":{\"@id\":\"https:\\\/\\\/www.romaoggi.eu\\\/index.php\\\/2025\\\/06\\\/10\\\/policlinico-umberto-i-chiuso-lo-sportello-antiviolenza-comunicato-stampa\\\/\"},\"author\":{\"name\":\"Target Lab Ets\",\"@id\":\"https:\\\/\\\/www.romaoggi.eu\\\/#\\\/schema\\\/person\\\/72b8cfc6de60caeb335267c8e21d90fb\"},\"headline\":\"Policlinico Umberto I : &#8220;Chiuso lo sportello antiviolenza&#8221; comunicato stampa\",\"datePublished\":\"2025-06-10T18:55:49+00:00\",\"dateModified\":\"2025-06-12T11:58:38+00:00\",\"mainEntityOfPage\":{\"@id\":\"https:\\\/\\\/www.romaoggi.eu\\\/index.php\\\/2025\\\/06\\\/10\\\/policlinico-umberto-i-chiuso-lo-sportello-antiviolenza-comunicato-stampa\\\/\"},\"wordCount\":322,\"publisher\":{\"@id\":\"https:\\\/\\\/www.romaoggi.eu\\\/#organization\"},\"image\":{\"@id\":\"https:\\\/\\\/www.romaoggi.eu\\\/index.php\\\/2025\\\/06\\\/10\\\/policlinico-umberto-i-chiuso-lo-sportello-antiviolenza-comunicato-stampa\\\/#primaryimage\"},\"thumbnailUrl\":\"https:\\\/\\\/www.romaoggi.eu\\\/wp-content\\\/uploads\\\/2025\\\/06\\\/Photo004-Violenza-domestica-21-ottobre-2021-\u00a9Alessandro-Lisci-\u00a9Post-Prod.-Irene-Vallerotonda-scaled.jpg\",\"keywords\":[\"alessandro lisci\",\"assessora alle Attivit\u00e0 Produttive e Pari Opportunit\u00e0 di Roma\",\"MOnica Lucarelli\",\"Policlinico Umberto 1\u00b0di Roma\",\"Presidente Rocca\",\"roma capitale\",\"RomaOggi.eu\",\"target lab ets\"],\"articleSection\":[\"COMUNICATI STAMPA\"],\"inLanguage\":\"it-IT\"},{\"@type\":\"WebPage\",\"@id\":\"https:\\\/\\\/www.romaoggi.eu\\\/index.php\\\/2025\\\/06\\\/10\\\/policlinico-umberto-i-chiuso-lo-sportello-antiviolenza-comunicato-stampa\\\/\",\"url\":\"https:\\\/\\\/www.romaoggi.eu\\\/index.php\\\/2025\\\/06\\\/10\\\/policlinico-umberto-i-chiuso-lo-sportello-antiviolenza-comunicato-stampa\\\/\",\"name\":\"Policlinico Umberto I : \\\"Chiuso lo sportello antiviolenza\\\" comunicato stampa\",\"isPartOf\":{\"@id\":\"https:\\\/\\\/www.romaoggi.eu\\\/#website\"},\"primaryImageOfPage\":{\"@id\":\"https:\\\/\\\/www.romaoggi.eu\\\/index.php\\\/2025\\\/06\\\/10\\\/policlinico-umberto-i-chiuso-lo-sportello-antiviolenza-comunicato-stampa\\\/#primaryimage\"},\"image\":{\"@id\":\"https:\\\/\\\/www.romaoggi.eu\\\/index.php\\\/2025\\\/06\\\/10\\\/policlinico-umberto-i-chiuso-lo-sportello-antiviolenza-comunicato-stampa\\\/#primaryimage\"},\"thumbnailUrl\":\"https:\\\/\\\/www.romaoggi.eu\\\/wp-content\\\/uploads\\\/2025\\\/06\\\/Photo004-Violenza-domestica-21-ottobre-2021-\u00a9Alessandro-Lisci-\u00a9Post-Prod.-Irene-Vallerotonda-scaled.jpg\",\"datePublished\":\"2025-06-10T18:55:49+00:00\",\"dateModified\":\"2025-06-12T11:58:38+00:00\",\"description\":\"COMUNICATO STAMPA LUCARELLI: \u201cCHIUDERE UNO SPORTELLO ANTIVIOLENZA IN UN OSPEDALE \u00c8 UNA SCELTA INACCETTABILE. IL PRESIDENTE ROCCA CI RIPENSI.\u201d Roma, 10\",\"breadcrumb\":{\"@id\":\"https:\\\/\\\/www.romaoggi.eu\\\/index.php\\\/2025\\\/06\\\/10\\\/policlinico-umberto-i-chiuso-lo-sportello-antiviolenza-comunicato-stampa\\\/#breadcrumb\"},\"inLanguage\":\"it-IT\",\"potentialAction\":[{\"@type\":\"ReadAction\",\"target\":[\"https:\\\/\\\/www.romaoggi.eu\\\/index.php\\\/2025\\\/06\\\/10\\\/policlinico-umberto-i-chiuso-lo-sportello-antiviolenza-comunicato-stampa\\\/\"]}]},{\"@type\":\"ImageObject\",\"inLanguage\":\"it-IT\",\"@id\":\"https:\\\/\\\/www.romaoggi.eu\\\/index.php\\\/2025\\\/06\\\/10\\\/policlinico-umberto-i-chiuso-lo-sportello-antiviolenza-comunicato-stampa\\\/#primaryimage\",\"url\":\"https:\\\/\\\/www.romaoggi.eu\\\/wp-content\\\/uploads\\\/2025\\\/06\\\/Photo004-Violenza-domestica-21-ottobre-2021-\u00a9Alessandro-Lisci-\u00a9Post-Prod.-Irene-Vallerotonda-scaled.jpg\",\"contentUrl\":\"https:\\\/\\\/www.romaoggi.eu\\\/wp-content\\\/uploads\\\/2025\\\/06\\\/Photo004-Violenza-domestica-21-ottobre-2021-\u00a9Alessandro-Lisci-\u00a9Post-Prod.-Irene-Vallerotonda-scaled.jpg\",\"width\":2560,\"height\":1706,\"caption\":\"Cronaca di Roma - Tentato Femminicidio \u00a9Alessandro Lisci \u00a9Post Prod. Irene Vallerotonda\"},{\"@type\":\"BreadcrumbList\",\"@id\":\"https:\\\/\\\/www.romaoggi.eu\\\/index.php\\\/2025\\\/06\\\/10\\\/policlinico-umberto-i-chiuso-lo-sportello-antiviolenza-comunicato-stampa\\\/#breadcrumb\",\"itemListElement\":[{\"@type\":\"ListItem\",\"position\":1,\"name\":\"Home\",\"item\":\"https:\\\/\\\/www.romaoggi.eu\\\/\"},{\"@type\":\"ListItem\",\"position\":2,\"name\":\"Policlinico Umberto I : &#8220;Chiuso lo sportello antiviolenza&#8221; comunicato stampa\"}]},{\"@type\":\"WebSite\",\"@id\":\"https:\\\/\\\/www.romaoggi.eu\\\/#website\",\"url\":\"https:\\\/\\\/www.romaoggi.eu\\\/\",\"name\":\"roma oggi\",\"description\":\"Interesting News for Interesting people\",\"publisher\":{\"@id\":\"https:\\\/\\\/www.romaoggi.eu\\\/#organization\"},\"potentialAction\":[{\"@type\":\"SearchAction\",\"target\":{\"@type\":\"EntryPoint\",\"urlTemplate\":\"https:\\\/\\\/www.romaoggi.eu\\\/?s={search_term_string}\"},\"query-input\":{\"@type\":\"PropertyValueSpecification\",\"valueRequired\":true,\"valueName\":\"search_term_string\"}}],\"inLanguage\":\"it-IT\"},{\"@type\":\"Organization\",\"@id\":\"https:\\\/\\\/www.romaoggi.eu\\\/#organization\",\"name\":\"RomaOggi\",\"url\":\"https:\\\/\\\/www.romaoggi.eu\\\/\",\"logo\":{\"@type\":\"ImageObject\",\"inLanguage\":\"it-IT\",\"@id\":\"https:\\\/\\\/www.romaoggi.eu\\\/#\\\/schema\\\/logo\\\/image\\\/\",\"url\":\"https:\\\/\\\/www.romaoggi.eu\\\/wp-content\\\/uploads\\\/2017\\\/04\\\/logowp.jpg\",\"contentUrl\":\"https:\\\/\\\/www.romaoggi.eu\\\/wp-content\\\/uploads\\\/2017\\\/04\\\/logowp.jpg\",\"width\":300,\"height\":133,\"caption\":\"RomaOggi\"},\"image\":{\"@id\":\"https:\\\/\\\/www.romaoggi.eu\\\/#\\\/schema\\\/logo\\\/image\\\/\"},\"sameAs\":[\"https:\\\/\\\/www.facebook.com\\\/RomaOggi-841544845954114\",\"https:\\\/\\\/x.com\\\/romaoggi_eu\"]},{\"@type\":\"Person\",\"@id\":\"https:\\\/\\\/www.romaoggi.eu\\\/#\\\/schema\\\/person\\\/72b8cfc6de60caeb335267c8e21d90fb\",\"name\":\"Target Lab Ets\",\"image\":{\"@type\":\"ImageObject\",\"inLanguage\":\"it-IT\",\"@id\":\"https:\\\/\\\/secure.gravatar.com\\\/avatar\\\/ab64fd266889a629b0e9e6ab56209e379c2a89cfda303941ee9621d4090292d1?s=96&d=mm&r=g\",\"url\":\"https:\\\/\\\/secure.gravatar.com\\\/avatar\\\/ab64fd266889a629b0e9e6ab56209e379c2a89cfda303941ee9621d4090292d1?s=96&d=mm&r=g\",\"contentUrl\":\"https:\\\/\\\/secure.gravatar.com\\\/avatar\\\/ab64fd266889a629b0e9e6ab56209e379c2a89cfda303941ee9621d4090292d1?s=96&d=mm&r=g\",\"caption\":\"Target Lab Ets\"},\"sameAs\":[\"http:\\\/\\\/www.targetlab.org\"],\"url\":\"https:\\\/\\\/www.romaoggi.eu\\\/index.php\\\/author\\\/isfc\\\/\"}]}<\/script>\n<!-- \/ Yoast SEO plugin. -->","yoast_head_json":{"title":"Policlinico Umberto I : \"Chiuso lo sportello antiviolenza\" comunicato stampa","description":"COMUNICATO STAMPA LUCARELLI: \u201cCHIUDERE UNO SPORTELLO ANTIVIOLENZA IN UN OSPEDALE \u00c8 UNA SCELTA INACCETTABILE. IL PRESIDENTE ROCCA CI RIPENSI.\u201d Roma, 10","robots":{"index":"index","follow":"follow","max-snippet":"max-snippet:-1","max-image-preview":"max-image-preview:large","max-video-preview":"max-video-preview:-1"},"canonical":"https:\/\/www.romaoggi.eu\/index.php\/2025\/06\/10\/policlinico-umberto-i-chiuso-lo-sportello-antiviolenza-comunicato-stampa\/","og_locale":"it_IT","og_type":"article","og_title":"Policlinico Umberto I : \"Chiuso lo sportello antiviolenza\" comunicato stampa","og_description":"COMUNICATO STAMPA LUCARELLI: \u201cCHIUDERE UNO SPORTELLO ANTIVIOLENZA IN UN OSPEDALE \u00c8 UNA SCELTA INACCETTABILE. IL PRESIDENTE ROCCA CI RIPENSI.\u201d Roma, 10","og_url":"https:\/\/www.romaoggi.eu\/index.php\/2025\/06\/10\/policlinico-umberto-i-chiuso-lo-sportello-antiviolenza-comunicato-stampa\/","og_site_name":"roma oggi","article_publisher":"https:\/\/www.facebook.com\/RomaOggi-841544845954114","article_published_time":"2025-06-10T18:55:49+00:00","article_modified_time":"2025-06-12T11:58:38+00:00","og_image":[{"width":2560,"height":1706,"url":"https:\/\/www.romaoggi.eu\/wp-content\/uploads\/2025\/06\/Photo004-Violenza-domestica-21-ottobre-2021-\u00a9Alessandro-Lisci-\u00a9Post-Prod.-Irene-Vallerotonda-scaled.jpg","type":"image\/jpeg"}],"author":"Target Lab Ets","twitter_card":"summary_large_image","twitter_creator":"@romaoggi_eu","twitter_site":"@romaoggi_eu","twitter_misc":{"Scritto da":"Target Lab Ets","Tempo di lettura stimato":"3 minuti"},"schema":{"@context":"https:\/\/schema.org","@graph":[{"@type":"Article","@id":"https:\/\/www.romaoggi.eu\/index.php\/2025\/06\/10\/policlinico-umberto-i-chiuso-lo-sportello-antiviolenza-comunicato-stampa\/#article","isPartOf":{"@id":"https:\/\/www.romaoggi.eu\/index.php\/2025\/06\/10\/policlinico-umberto-i-chiuso-lo-sportello-antiviolenza-comunicato-stampa\/"},"author":{"name":"Target Lab Ets","@id":"https:\/\/www.romaoggi.eu\/#\/schema\/person\/72b8cfc6de60caeb335267c8e21d90fb"},"headline":"Policlinico Umberto I : &#8220;Chiuso lo sportello antiviolenza&#8221; comunicato stampa","datePublished":"2025-06-10T18:55:49+00:00","dateModified":"2025-06-12T11:58:38+00:00","mainEntityOfPage":{"@id":"https:\/\/www.romaoggi.eu\/index.php\/2025\/06\/10\/policlinico-umberto-i-chiuso-lo-sportello-antiviolenza-comunicato-stampa\/"},"wordCount":322,"publisher":{"@id":"https:\/\/www.romaoggi.eu\/#organization"},"image":{"@id":"https:\/\/www.romaoggi.eu\/index.php\/2025\/06\/10\/policlinico-umberto-i-chiuso-lo-sportello-antiviolenza-comunicato-stampa\/#primaryimage"},"thumbnailUrl":"https:\/\/www.romaoggi.eu\/wp-content\/uploads\/2025\/06\/Photo004-Violenza-domestica-21-ottobre-2021-\u00a9Alessandro-Lisci-\u00a9Post-Prod.-Irene-Vallerotonda-scaled.jpg","keywords":["alessandro lisci","assessora alle Attivit\u00e0 Produttive e Pari Opportunit\u00e0 di Roma","MOnica Lucarelli","Policlinico Umberto 1\u00b0di Roma","Presidente Rocca","roma capitale","RomaOggi.eu","target lab ets"],"articleSection":["COMUNICATI STAMPA"],"inLanguage":"it-IT"},{"@type":"WebPage","@id":"https:\/\/www.romaoggi.eu\/index.php\/2025\/06\/10\/policlinico-umberto-i-chiuso-lo-sportello-antiviolenza-comunicato-stampa\/","url":"https:\/\/www.romaoggi.eu\/index.php\/2025\/06\/10\/policlinico-umberto-i-chiuso-lo-sportello-antiviolenza-comunicato-stampa\/","name":"Policlinico Umberto I : \"Chiuso lo sportello antiviolenza\" comunicato stampa","isPartOf":{"@id":"https:\/\/www.romaoggi.eu\/#website"},"primaryImageOfPage":{"@id":"https:\/\/www.romaoggi.eu\/index.php\/2025\/06\/10\/policlinico-umberto-i-chiuso-lo-sportello-antiviolenza-comunicato-stampa\/#primaryimage"},"image":{"@id":"https:\/\/www.romaoggi.eu\/index.php\/2025\/06\/10\/policlinico-umberto-i-chiuso-lo-sportello-antiviolenza-comunicato-stampa\/#primaryimage"},"thumbnailUrl":"https:\/\/www.romaoggi.eu\/wp-content\/uploads\/2025\/06\/Photo004-Violenza-domestica-21-ottobre-2021-\u00a9Alessandro-Lisci-\u00a9Post-Prod.-Irene-Vallerotonda-scaled.jpg","datePublished":"2025-06-10T18:55:49+00:00","dateModified":"2025-06-12T11:58:38+00:00","description":"COMUNICATO STAMPA LUCARELLI: \u201cCHIUDERE UNO SPORTELLO ANTIVIOLENZA IN UN OSPEDALE \u00c8 UNA SCELTA INACCETTABILE. IL PRESIDENTE ROCCA CI RIPENSI.\u201d Roma, 10","breadcrumb":{"@id":"https:\/\/www.romaoggi.eu\/index.php\/2025\/06\/10\/policlinico-umberto-i-chiuso-lo-sportello-antiviolenza-comunicato-stampa\/#breadcrumb"},"inLanguage":"it-IT","potentialAction":[{"@type":"ReadAction","target":["https:\/\/www.romaoggi.eu\/index.php\/2025\/06\/10\/policlinico-umberto-i-chiuso-lo-sportello-antiviolenza-comunicato-stampa\/"]}]},{"@type":"ImageObject","inLanguage":"it-IT","@id":"https:\/\/www.romaoggi.eu\/index.php\/2025\/06\/10\/policlinico-umberto-i-chiuso-lo-sportello-antiviolenza-comunicato-stampa\/#primaryimage","url":"https:\/\/www.romaoggi.eu\/wp-content\/uploads\/2025\/06\/Photo004-Violenza-domestica-21-ottobre-2021-\u00a9Alessandro-Lisci-\u00a9Post-Prod.-Irene-Vallerotonda-scaled.jpg","contentUrl":"https:\/\/www.romaoggi.eu\/wp-content\/uploads\/2025\/06\/Photo004-Violenza-domestica-21-ottobre-2021-\u00a9Alessandro-Lisci-\u00a9Post-Prod.-Irene-Vallerotonda-scaled.jpg","width":2560,"height":1706,"caption":"Cronaca di Roma - Tentato Femminicidio \u00a9Alessandro Lisci \u00a9Post Prod. Irene Vallerotonda"},{"@type":"BreadcrumbList","@id":"https:\/\/www.romaoggi.eu\/index.php\/2025\/06\/10\/policlinico-umberto-i-chiuso-lo-sportello-antiviolenza-comunicato-stampa\/#breadcrumb","itemListElement":[{"@type":"ListItem","position":1,"name":"Home","item":"https:\/\/www.romaoggi.eu\/"},{"@type":"ListItem","position":2,"name":"Policlinico Umberto I : &#8220;Chiuso lo sportello antiviolenza&#8221; comunicato stampa"}]},{"@type":"WebSite","@id":"https:\/\/www.romaoggi.eu\/#website","url":"https:\/\/www.romaoggi.eu\/","name":"roma oggi","description":"Interesting News for Interesting people","publisher":{"@id":"https:\/\/www.romaoggi.eu\/#organization"},"potentialAction":[{"@type":"SearchAction","target":{"@type":"EntryPoint","urlTemplate":"https:\/\/www.romaoggi.eu\/?s={search_term_string}"},"query-input":{"@type":"PropertyValueSpecification","valueRequired":true,"valueName":"search_term_string"}}],"inLanguage":"it-IT"},{"@type":"Organization","@id":"https:\/\/www.romaoggi.eu\/#organization","name":"RomaOggi","url":"https:\/\/www.romaoggi.eu\/","logo":{"@type":"ImageObject","inLanguage":"it-IT","@id":"https:\/\/www.romaoggi.eu\/#\/schema\/logo\/image\/","url":"https:\/\/www.romaoggi.eu\/wp-content\/uploads\/2017\/04\/logowp.jpg","contentUrl":"https:\/\/www.romaoggi.eu\/wp-content\/uploads\/2017\/04\/logowp.jpg","width":300,"height":133,"caption":"RomaOggi"},"image":{"@id":"https:\/\/www.romaoggi.eu\/#\/schema\/logo\/image\/"},"sameAs":["https:\/\/www.facebook.com\/RomaOggi-841544845954114","https:\/\/x.com\/romaoggi_eu"]},{"@type":"Person","@id":"https:\/\/www.romaoggi.eu\/#\/schema\/person\/72b8cfc6de60caeb335267c8e21d90fb","name":"Target Lab Ets","image":{"@type":"ImageObject","inLanguage":"it-IT","@id":"https:\/\/secure.gravatar.com\/avatar\/ab64fd266889a629b0e9e6ab56209e379c2a89cfda303941ee9621d4090292d1?s=96&d=mm&r=g","url":"https:\/\/secure.gravatar.com\/avatar\/ab64fd266889a629b0e9e6ab56209e379c2a89cfda303941ee9621d4090292d1?s=96&d=mm&r=g","contentUrl":"https:\/\/secure.gravatar.com\/avatar\/ab64fd266889a629b0e9e6ab56209e379c2a89cfda303941ee9621d4090292d1?s=96&d=mm&r=g","caption":"Target Lab Ets"},"sameAs":["http:\/\/www.targetlab.org"],"url":"https:\/\/www.romaoggi.eu\/index.php\/author\/isfc\/"}]}},"_links":{"self":[{"href":"https:\/\/www.romaoggi.eu\/index.php\/wp-json\/wp\/v2\/posts\/39953","targetHints":{"allow":["GET"]}}],"collection":[{"href":"https:\/\/www.romaoggi.eu\/index.php\/wp-json\/wp\/v2\/posts"}],"about":[{"href":"https:\/\/www.romaoggi.eu\/index.php\/wp-json\/wp\/v2\/types\/post"}],"author":[{"embeddable":true,"href":"https:\/\/www.romaoggi.eu\/index.php\/wp-json\/wp\/v2\/users\/17"}],"replies":[{"embeddable":true,"href":"https:\/\/www.romaoggi.eu\/index.php\/wp-json\/wp\/v2\/comments?post=39953"}],"version-history":[{"count":3,"href":"https:\/\/www.romaoggi.eu\/index.php\/wp-json\/wp\/v2\/posts\/39953\/revisions"}],"predecessor-version":[{"id":39992,"href":"https:\/\/www.romaoggi.eu\/index.php\/wp-json\/wp\/v2\/posts\/39953\/revisions\/39992"}],"wp:featuredmedia":[{"embeddable":true,"href":"https:\/\/www.romaoggi.eu\/index.php\/wp-json\/wp\/v2\/media\/39954"}],"wp:attachment":[{"href":"https:\/\/www.romaoggi.eu\/index.php\/wp-json\/wp\/v2\/media?parent=39953"}],"wp:term":[{"taxonomy":"category","embeddable":true,"href":"https:\/\/www.romaoggi.eu\/index.php\/wp-json\/wp\/v2\/categories?post=39953"},{"taxonomy":"post_tag","embeddable":true,"href":"https:\/\/www.romaoggi.eu\/index.php\/wp-json\/wp\/v2\/tags?post=39953"}],"curies":[{"name":"wp","href":"https:\/\/api.w.org\/{rel}","templated":true}]}}