{"id":41621,"date":"2025-12-08T10:05:13","date_gmt":"2025-12-08T09:05:13","guid":{"rendered":"https:\/\/www.romaoggi.eu\/?p=41621"},"modified":"2025-12-08T10:05:13","modified_gmt":"2025-12-08T09:05:13","slug":"mouche-bulle-un-chordless-trio-alla-casa-del-jazz-di-roma-foto-di-alessandro-lisci","status":"publish","type":"post","link":"https:\/\/www.romaoggi.eu\/index.php\/2025\/12\/08\/mouche-bulle-un-chordless-trio-alla-casa-del-jazz-di-roma-foto-di-alessandro-lisci\/","title":{"rendered":"&#8220;Mouche Bulle&#8221; un Chordless Trio alla Casa del Jazz di Roma. Foto di Alessandro Lisci"},"content":{"rendered":"<p><img loading=\"lazy\" decoding=\"async\" class=\"size-medium wp-image-39671 aligncenter\" src=\"https:\/\/www.romaoggi.eu\/wp-content\/uploads\/2025\/05\/aBoxino-x-marchio-300x137.jpg\" alt=\"\" width=\"300\" height=\"137\" srcset=\"https:\/\/www.romaoggi.eu\/wp-content\/uploads\/2025\/05\/aBoxino-x-marchio-300x137.jpg 300w, https:\/\/www.romaoggi.eu\/wp-content\/uploads\/2025\/05\/aBoxino-x-marchio.jpg 551w\" sizes=\"auto, (max-width: 300px) 100vw, 300px\" \/><\/p>\n<p align=\"CENTER\"><strong>Newsletter e vostri commenti o proposte di collaborazione scrivendo a <a href=\"mailto:target.lsfc@gmail.com\" data-aalisten=\"1\">target.lsfc@gmail.com<\/a>\u00a0 \u00a0<\/strong><\/p>\n<p align=\"CENTER\"><strong>\u00a0\u00a0infoline +39 3316379346<\/strong><\/p>\n<p align=\"CENTER\"><span style=\"font-size: x-large\"><b>Sabato 6 dicembre \u2013 Casa del Jazz<\/b><\/span><\/p>\n<p align=\"CENTER\"><span style=\"font-size: x-large\"><b>Chordless Trio<\/b><\/span><\/p>\n<p align=\"CENTER\"><span style=\"font-size: large\"><b>Paolo Innarella Sax, Flauto <\/b><\/span><\/p>\n<p align=\"CENTER\"><span style=\"font-size: large\"><b>Dario Piccioni Contrabbasso <\/b><\/span><\/p>\n<p align=\"CENTER\"><span style=\"font-size: large\"><b>Lucrezio De Seta Batteria<\/b><\/span><\/p>\n<p><img loading=\"lazy\" decoding=\"async\" class=\"wp-image-41623 aligncenter\" src=\"https:\/\/www.romaoggi.eu\/wp-content\/uploads\/2025\/12\/WhatsApp-Image-2025-12-08-at-09.51.01-240x300.jpeg\" alt=\"\" width=\"493\" height=\"616\" srcset=\"https:\/\/www.romaoggi.eu\/wp-content\/uploads\/2025\/12\/WhatsApp-Image-2025-12-08-at-09.51.01-240x300.jpeg 240w, https:\/\/www.romaoggi.eu\/wp-content\/uploads\/2025\/12\/WhatsApp-Image-2025-12-08-at-09.51.01-819x1024.jpeg 819w, https:\/\/www.romaoggi.eu\/wp-content\/uploads\/2025\/12\/WhatsApp-Image-2025-12-08-at-09.51.01.jpeg 1080w\" sizes=\"auto, (max-width: 493px) 100vw, 493px\" \/><\/p>\n<p align=\"JUSTIFY\">Intanto inizierei col ringraziarvi ed esprimere profonda gratitudine a voi per essere qui stasera ad ascoltarci.<\/p>\n<p align=\"JUSTIFY\">\u00c9 un progetto nuovo e siete o eravate all\u2019oscuro di cosa vi aspettava.<\/p>\n<p align=\"JUSTIFY\">Dico due parole su come \u00e8 nato questo Trio e quale \u00e8 stata l\u2019intenzione musicale che l\u2019ha mosso e l\u2019ha fatto andare avanti fino alla realizzazione di questo disco, edito da Filibusta Records.<\/p>\n<p align=\"JUSTIFY\">Ci siamo trovati in macchina 3 anni fa dopo un concerto con un amico Pianista nel basso Lazio e tornando a Roma, Lucrezio lancia l\u2019idea di fare qualcosa insieme, eravamo noi due mentre Dario era con la sua macchina e il suo Contrabbasso. Io accolgo subito l\u2019idea e decidiamo insieme di chiedere a Dario se volesse condividere l\u2019esperienza di un trio. Abbiamo iniziato con dei pezzi che mi giravano in testa da un po\u2019 di tempo.<\/p>\n<p align=\"JUSTIFY\">Erano dei pezzi pensati per Trio, ci univa l\u2019idea di improvvisare in modo molto libero su una sorta di canovaccio dato dal tema e da li sarebbe dovuta partire una consequenzialit\u00e0 musicale data da ci\u00f2 che sgorgava naturalmente da noi. A questi brani si sono aggiunti 2 brani di Dario che, evidentemente covava e che erano nel mood che stavamo creando. Tutto ci\u00f2 che sentirete come arrangiamento e idee sui brani l\u2019abbiamo condiviso, ci abbiamo lavorato come trio e non come idea individuale di un leader.<\/p>\n<p align=\"JUSTIFY\">Sicuramente tutto ci\u00f2 non \u00e8 una novit\u00e0, in musica \u00e8 stato fatto tutto ormai ma, a noi interessava poter esprimere con sincerit\u00e0 le emozioni che ci suscitava la possibilit\u00e0 di improvvisare su canoni ritmici Jazzistici tenendo per\u00f2 presente tutta la lezione della musica colta del 900, partendo dalla fine dell\u2019800 con Debussy e l\u2019impressionismo Francese, per arrivare all\u2019espressionismo di Arnold Schonberg, a cui \u00e8 toccata la sorte di mettere nero su bianco la dichiarazione di dissoluzione della Armonia, con la creazione della Dodecafonia.<\/p>\n<p align=\"JUSTIFY\">Perch\u00e8 Mouche Bulle? Mouche Bulle \u00e8 il nome dato ad un amico immaginario da una bambina Francese a cui davo lezione di Flauto. Il Mouche Bulle \u00e8 una Mosca Bolla, non esiste, \u00e8 una creazione della fantasia che rimane indefinita e quindi aperta a tutto ci\u00f2 che pu\u00f2 divenire, come per noi \u00e8 la musica del Chordless Trio, un gioco in cui le regole si scrivono mano mano che il gioco va avanti.<\/p>\n<figure id=\"attachment_41615\" aria-describedby=\"caption-attachment-41615\" style=\"width: 1382px\" class=\"wp-caption alignnone\"><img loading=\"lazy\" decoding=\"async\" class=\" wp-image-41615\" src=\"https:\/\/www.romaoggi.eu\/wp-content\/uploads\/2025\/12\/DSC_8398_-Mouche-Bulle-Piccioni-Iannarella-De-Seta-casa-del-Jazz-\u00a9-Alessandro-Lisci-Ph40-300x200.jpg\" alt=\"alt tag Mouche Bulle\" width=\"1382\" height=\"921\" srcset=\"https:\/\/www.romaoggi.eu\/wp-content\/uploads\/2025\/12\/DSC_8398_-Mouche-Bulle-Piccioni-Iannarella-De-Seta-casa-del-Jazz-\u00a9-Alessandro-Lisci-Ph40-300x200.jpg 300w, https:\/\/www.romaoggi.eu\/wp-content\/uploads\/2025\/12\/DSC_8398_-Mouche-Bulle-Piccioni-Iannarella-De-Seta-casa-del-Jazz-\u00a9-Alessandro-Lisci-Ph40-1024x681.jpg 1024w, https:\/\/www.romaoggi.eu\/wp-content\/uploads\/2025\/12\/DSC_8398_-Mouche-Bulle-Piccioni-Iannarella-De-Seta-casa-del-Jazz-\u00a9-Alessandro-Lisci-Ph40-1536x1022.jpg 1536w, https:\/\/www.romaoggi.eu\/wp-content\/uploads\/2025\/12\/DSC_8398_-Mouche-Bulle-Piccioni-Iannarella-De-Seta-casa-del-Jazz-\u00a9-Alessandro-Lisci-Ph40-2048x1363.jpg 2048w\" sizes=\"auto, (max-width: 1382px) 100vw, 1382px\" \/><figcaption id=\"caption-attachment-41615\" class=\"wp-caption-text\"><span style=\"color: #003366\"><strong>Mouche Bulle. Casa del Jazz \u00a9 Alessandro Lisci Ph<\/strong><\/span><\/figcaption><\/figure>\n<p>&nbsp;<\/p>\n<figure id=\"attachment_41619\" aria-describedby=\"caption-attachment-41619\" style=\"width: 1289px\" class=\"wp-caption alignnone\"><img loading=\"lazy\" decoding=\"async\" class=\" wp-image-41619\" src=\"https:\/\/www.romaoggi.eu\/wp-content\/uploads\/2025\/12\/DSC_8463_-Mouche-Bulle-Piccioni-Iannarella-De-Seta-casa-del-Jazz-\u00a9-Alessandro-Lisci-Ph81-300x200.jpg\" alt=\"alt tag Mouche Bulle\" width=\"1289\" height=\"859\" srcset=\"https:\/\/www.romaoggi.eu\/wp-content\/uploads\/2025\/12\/DSC_8463_-Mouche-Bulle-Piccioni-Iannarella-De-Seta-casa-del-Jazz-\u00a9-Alessandro-Lisci-Ph81-300x200.jpg 300w, https:\/\/www.romaoggi.eu\/wp-content\/uploads\/2025\/12\/DSC_8463_-Mouche-Bulle-Piccioni-Iannarella-De-Seta-casa-del-Jazz-\u00a9-Alessandro-Lisci-Ph81-1024x681.jpg 1024w, https:\/\/www.romaoggi.eu\/wp-content\/uploads\/2025\/12\/DSC_8463_-Mouche-Bulle-Piccioni-Iannarella-De-Seta-casa-del-Jazz-\u00a9-Alessandro-Lisci-Ph81-1536x1022.jpg 1536w, https:\/\/www.romaoggi.eu\/wp-content\/uploads\/2025\/12\/DSC_8463_-Mouche-Bulle-Piccioni-Iannarella-De-Seta-casa-del-Jazz-\u00a9-Alessandro-Lisci-Ph81-2048x1363.jpg 2048w\" sizes=\"auto, (max-width: 1289px) 100vw, 1289px\" \/><figcaption id=\"caption-attachment-41619\" class=\"wp-caption-text\"><\/strong><\/span> <span style=\"color: #003366\"><strong>Mouche Bulle. Casa del Jazz \u00a9 Alessandro Lisci Ph<\/strong><\/span><\/figcaption><\/figure>\n<p>&nbsp;<\/p>\n<figure id=\"attachment_41614\" aria-describedby=\"caption-attachment-41614\" style=\"width: 1334px\" class=\"wp-caption alignnone\"><img loading=\"lazy\" decoding=\"async\" class=\" wp-image-41614\" src=\"https:\/\/www.romaoggi.eu\/wp-content\/uploads\/2025\/12\/DSC_8390_-Mouche-Bulle-Piccioni-Iannarella-De-Seta-casa-del-Jazz-\u00a9-Alessandro-Lisci-Ph36-300x200.jpg\" alt=\"alt tag Mouche Bulle\" width=\"1334\" height=\"889\" srcset=\"https:\/\/www.romaoggi.eu\/wp-content\/uploads\/2025\/12\/DSC_8390_-Mouche-Bulle-Piccioni-Iannarella-De-Seta-casa-del-Jazz-\u00a9-Alessandro-Lisci-Ph36-300x200.jpg 300w, https:\/\/www.romaoggi.eu\/wp-content\/uploads\/2025\/12\/DSC_8390_-Mouche-Bulle-Piccioni-Iannarella-De-Seta-casa-del-Jazz-\u00a9-Alessandro-Lisci-Ph36-1024x681.jpg 1024w, https:\/\/www.romaoggi.eu\/wp-content\/uploads\/2025\/12\/DSC_8390_-Mouche-Bulle-Piccioni-Iannarella-De-Seta-casa-del-Jazz-\u00a9-Alessandro-Lisci-Ph36-1536x1022.jpg 1536w, https:\/\/www.romaoggi.eu\/wp-content\/uploads\/2025\/12\/DSC_8390_-Mouche-Bulle-Piccioni-Iannarella-De-Seta-casa-del-Jazz-\u00a9-Alessandro-Lisci-Ph36-2048x1363.jpg 2048w\" sizes=\"auto, (max-width: 1334px) 100vw, 1334px\" \/><figcaption id=\"caption-attachment-41614\" class=\"wp-caption-text\"><\/strong><\/span> <span style=\"color: #003366\"><strong>Mouche Bulle. Casa del Jazz \u00a9 Alessandro Lisci Ph<\/strong><\/span><\/figcaption><\/figure>\n<p>&nbsp;<\/p>\n<figure id=\"attachment_41620\" aria-describedby=\"caption-attachment-41620\" style=\"width: 1410px\" class=\"wp-caption alignnone\"><img loading=\"lazy\" decoding=\"async\" class=\" wp-image-41620\" src=\"https:\/\/www.romaoggi.eu\/wp-content\/uploads\/2025\/12\/DSC_8471_-Mouche-Bulle-Piccioni-Iannarella-De-Seta-casa-del-Jazz-\u00a9-Alessandro-Lisci-Ph89-300x200.jpg\" alt=\"alt tag Mouche Bulle\" width=\"1410\" height=\"940\" \/><figcaption id=\"caption-attachment-41620\" class=\"wp-caption-text\"><\/strong><\/span> <span style=\"color: #003366\"><strong>Mouche Bulle. Casa del Jazz \u00a9 Alessandro Lisci Ph<\/strong><\/span><\/figcaption><\/figure>\n<p>&nbsp;<\/p>\n<figure id=\"attachment_41612\" aria-describedby=\"caption-attachment-41612\" style=\"width: 1281px\" class=\"wp-caption alignnone\"><img loading=\"lazy\" decoding=\"async\" class=\" wp-image-41612\" src=\"https:\/\/www.romaoggi.eu\/wp-content\/uploads\/2025\/12\/DSC_8333_-Mouche-Bulle-Piccioni-Iannarella-De-Seta-casa-del-Jazz-\u00a9-Alessandro-Lisci-Ph25-300x200.jpg\" alt=\"alt tag Mouche Bulle\" width=\"1281\" height=\"854\" srcset=\"https:\/\/www.romaoggi.eu\/wp-content\/uploads\/2025\/12\/DSC_8333_-Mouche-Bulle-Piccioni-Iannarella-De-Seta-casa-del-Jazz-\u00a9-Alessandro-Lisci-Ph25-300x200.jpg 300w, https:\/\/www.romaoggi.eu\/wp-content\/uploads\/2025\/12\/DSC_8333_-Mouche-Bulle-Piccioni-Iannarella-De-Seta-casa-del-Jazz-\u00a9-Alessandro-Lisci-Ph25-2048x1363.jpg 2048w\" sizes=\"auto, (max-width: 1281px) 100vw, 1281px\" \/><figcaption id=\"caption-attachment-41612\" class=\"wp-caption-text\"><\/strong><\/span> <span style=\"color: #003366\"><strong>Mouche Bulle. Casa del Jazz \u00a9 Alessandro Lisci Ph<\/strong><\/span><\/figcaption><\/figure>\n<p>&nbsp;<\/p>\n<figure id=\"attachment_41610\" aria-describedby=\"caption-attachment-41610\" style=\"width: 1457px\" class=\"wp-caption alignnone\"><img loading=\"lazy\" decoding=\"async\" class=\" wp-image-41610\" src=\"https:\/\/www.romaoggi.eu\/wp-content\/uploads\/2025\/12\/DSC_8319_-Mouche-Bulle-Piccioni-Iannarella-De-Seta-casa-del-Jazz-\u00a9-Alessandro-Lisci-Ph13-300x200.jpg\" alt=\"alt tag Mouche Bulle\" width=\"1457\" height=\"971\" srcset=\"https:\/\/www.romaoggi.eu\/wp-content\/uploads\/2025\/12\/DSC_8319_-Mouche-Bulle-Piccioni-Iannarella-De-Seta-casa-del-Jazz-\u00a9-Alessandro-Lisci-Ph13-300x200.jpg 300w, https:\/\/www.romaoggi.eu\/wp-content\/uploads\/2025\/12\/DSC_8319_-Mouche-Bulle-Piccioni-Iannarella-De-Seta-casa-del-Jazz-\u00a9-Alessandro-Lisci-Ph13-1024x681.jpg 1024w, https:\/\/www.romaoggi.eu\/wp-content\/uploads\/2025\/12\/DSC_8319_-Mouche-Bulle-Piccioni-Iannarella-De-Seta-casa-del-Jazz-\u00a9-Alessandro-Lisci-Ph13-2048x1363.jpg 2048w\" sizes=\"auto, (max-width: 1457px) 100vw, 1457px\" \/><figcaption id=\"caption-attachment-41610\" class=\"wp-caption-text\"><\/strong><\/span> <span style=\"color: #003366\"><strong>Mouche Bulle. Casa del Jazz \u00a9 Alessandro Lisci Ph<\/strong><\/span><\/figcaption><\/figure>\n<p>&nbsp;<\/p>\n<figure id=\"attachment_41609\" aria-describedby=\"caption-attachment-41609\" style=\"width: 1354px\" class=\"wp-caption alignnone\"><img loading=\"lazy\" decoding=\"async\" class=\" wp-image-41609\" src=\"https:\/\/www.romaoggi.eu\/wp-content\/uploads\/2025\/12\/DSC_8375_-Mouche-Bulle-Piccioni-Iannarella-De-Seta-casa-del-Jazz-\u00a9-Alessandro-Lisci-Ph53-1-200x300.jpg\" alt=\"alt tag Mouche Bulle\" width=\"1354\" height=\"2031\" \/><figcaption id=\"caption-attachment-41609\" class=\"wp-caption-text\"><\/strong><\/span> <span style=\"color: #003366\"><strong>Mouche Bulle. Casa del Jazz \u00a9 Alessandro Lisci Ph<\/strong><\/span><\/figcaption><\/figure>\n<p>&nbsp;<\/p>\n<figure id=\"attachment_41608\" aria-describedby=\"caption-attachment-41608\" style=\"width: 1426px\" class=\"wp-caption alignnone\"><img loading=\"lazy\" decoding=\"async\" class=\" wp-image-41608\" src=\"https:\/\/www.romaoggi.eu\/wp-content\/uploads\/2025\/12\/DSC_8447_-Mouche-Bulle-Piccioni-Iannarella-De-Seta-casa-del-Jazz-\u00a9-Alessandro-Lisci-Ph77-200x300.jpg\" alt=\"alt tag Mouche Bulle\" width=\"1426\" height=\"2139\" \/><figcaption id=\"caption-attachment-41608\" class=\"wp-caption-text\"><\/strong><\/span> <span style=\"color: #003366\"><strong>Mouche Bulle. Casa del Jazz \u00a9 Alessandro Lisci Ph<\/strong><\/span><\/figcaption><\/figure>\n<p>&nbsp;<\/p>\n<figure id=\"attachment_41606\" aria-describedby=\"caption-attachment-41606\" style=\"width: 1358px\" class=\"wp-caption alignnone\"><img loading=\"lazy\" decoding=\"async\" class=\" wp-image-41606\" src=\"https:\/\/www.romaoggi.eu\/wp-content\/uploads\/2025\/12\/DSC_8437_-Mouche-Bulle-Piccioni-Iannarella-De-Seta-casa-del-Jazz-\u00a9-Alessandro-Lisci-Ph72-200x300.jpg\" alt=\"alt tag Mouche Bulle\" width=\"1358\" height=\"2037\" \/><figcaption id=\"caption-attachment-41606\" class=\"wp-caption-text\"><\/strong><\/span> <span style=\"color: #003366\"><strong>Mouche Bulle. Casa del Jazz \u00a9 Alessandro Lisci Ph<\/strong><\/span><\/figcaption><\/figure>\n<p align=\"JUSTIFY\"><span style=\"color: #003366\"><strong><img loading=\"lazy\" decoding=\"async\" class=\"alignnone  wp-image-41617\" src=\"https:\/\/www.romaoggi.eu\/wp-content\/uploads\/2025\/12\/DSC_8404_-Mouche-Bulle-Piccioni-Iannarella-De-Seta-casa-del-Jazz-\u00a9-Alessandro-Lisci-Ph46-300x200.jpg\" alt=\"alt tag Mouche Bulle\" width=\"1460\" height=\"973\" srcset=\"https:\/\/www.romaoggi.eu\/wp-content\/uploads\/2025\/12\/DSC_8404_-Mouche-Bulle-Piccioni-Iannarella-De-Seta-casa-del-Jazz-\u00a9-Alessandro-Lisci-Ph46-300x200.jpg 300w, https:\/\/www.romaoggi.eu\/wp-content\/uploads\/2025\/12\/DSC_8404_-Mouche-Bulle-Piccioni-Iannarella-De-Seta-casa-del-Jazz-\u00a9-Alessandro-Lisci-Ph46-1024x681.jpg 1024w, https:\/\/www.romaoggi.eu\/wp-content\/uploads\/2025\/12\/DSC_8404_-Mouche-Bulle-Piccioni-Iannarella-De-Seta-casa-del-Jazz-\u00a9-Alessandro-Lisci-Ph46-2048x1363.jpg 2048w\" sizes=\"auto, (max-width: 1460px) 100vw, 1460px\" \/><\/strong><\/span><\/p>\n<p align=\"JUSTIFY\"><span style=\"color: #003366\"><strong>Mouche Bulle. Casa del Jazz \u00a9 Alessandro Lisci Ph<\/strong><\/span><\/p>\n<p>&nbsp;<\/p>\n<figure id=\"attachment_41604\" aria-describedby=\"caption-attachment-41604\" style=\"width: 1400px\" class=\"wp-caption alignnone\"><img loading=\"lazy\" decoding=\"async\" class=\" wp-image-41604\" src=\"https:\/\/www.romaoggi.eu\/wp-content\/uploads\/2025\/12\/DSC_8332_-Mouche-Bulle-Piccioni-Iannarella-De-Seta-casa-del-Jazz-\u00a9-Alessandro-Lisci-Ph13-200x300.jpg\" alt=\"alt tag Mouche Bulle\" width=\"1400\" height=\"2100\" \/><figcaption id=\"caption-attachment-41604\" class=\"wp-caption-text\"><\/strong><\/span> <span style=\"color: #003366\"><strong>Mouche Bulle. Casa del Jazz \u00a9 Alessandro Lisci Ph<\/strong><\/span><\/figcaption><\/figure>\n<p>&nbsp;<\/p>\n<figure id=\"attachment_41607\" aria-describedby=\"caption-attachment-41607\" style=\"width: 1337px\" class=\"wp-caption alignnone\"><img loading=\"lazy\" decoding=\"async\" class=\" wp-image-41607\" src=\"https:\/\/www.romaoggi.eu\/wp-content\/uploads\/2025\/12\/DSC_8439_-Mouche-Bulle-Piccioni-Iannarella-De-Seta-casa-del-Jazz-\u00a9-Alessandro-Lisci-Ph74-200x300.jpg\" alt=\"alt tag Mouche Bulle\" width=\"1337\" height=\"2006\" \/><figcaption id=\"caption-attachment-41607\" class=\"wp-caption-text\"><\/strong><\/span> <span style=\"color: #003366\"><strong>Mouche Bulle. Casa del Jazz \u00a9 Alessandro Lisci Ph<\/strong><\/span><\/figcaption><\/figure>\n<p>&nbsp;<\/p>\n<figure id=\"attachment_41611\" aria-describedby=\"caption-attachment-41611\" style=\"width: 1421px\" class=\"wp-caption alignnone\"><img loading=\"lazy\" decoding=\"async\" class=\" wp-image-41611\" src=\"https:\/\/www.romaoggi.eu\/wp-content\/uploads\/2025\/12\/DSC_8324_-Mouche-Bulle-Piccioni-Iannarella-De-Seta-casa-del-Jazz-\u00a9-Alessandro-Lisci-Ph18-300x200.jpg\" alt=\"alt tag Mouche Bulle\" width=\"1421\" height=\"947\" srcset=\"https:\/\/www.romaoggi.eu\/wp-content\/uploads\/2025\/12\/DSC_8324_-Mouche-Bulle-Piccioni-Iannarella-De-Seta-casa-del-Jazz-\u00a9-Alessandro-Lisci-Ph18-300x200.jpg 300w, https:\/\/www.romaoggi.eu\/wp-content\/uploads\/2025\/12\/DSC_8324_-Mouche-Bulle-Piccioni-Iannarella-De-Seta-casa-del-Jazz-\u00a9-Alessandro-Lisci-Ph18-1024x681.jpg 1024w, https:\/\/www.romaoggi.eu\/wp-content\/uploads\/2025\/12\/DSC_8324_-Mouche-Bulle-Piccioni-Iannarella-De-Seta-casa-del-Jazz-\u00a9-Alessandro-Lisci-Ph18-2048x1363.jpg 2048w\" sizes=\"auto, (max-width: 1421px) 100vw, 1421px\" \/><figcaption id=\"caption-attachment-41611\" class=\"wp-caption-text\"><\/strong><\/span> <span style=\"color: #003366\"><strong>Mouche Bulle. Casa del Jazz \u00a9 Alessandro Lisci Ph<\/strong><\/span><\/figcaption><\/figure>\n<p>&nbsp;<\/p>\n<figure id=\"attachment_41613\" aria-describedby=\"caption-attachment-41613\" style=\"width: 1392px\" class=\"wp-caption alignnone\"><img loading=\"lazy\" decoding=\"async\" class=\" wp-image-41613\" src=\"https:\/\/www.romaoggi.eu\/wp-content\/uploads\/2025\/12\/DSC_8386_-Mouche-Bulle-Piccioni-Iannarella-De-Seta-casa-del-Jazz-\u00a9-Alessandro-Lisci-Ph32-300x200.jpg\" alt=\"alt tag Mouche Bulle\" width=\"1392\" height=\"928\" \/><figcaption id=\"caption-attachment-41613\" class=\"wp-caption-text\"><\/strong><\/span> <span style=\"color: #003366\"><strong>Mouche Bulle. Casa del Jazz \u00a9 Alessandro Lisci Ph<\/strong><\/span><\/figcaption><\/figure>\n<p>&nbsp;<\/p>\n<figure id=\"attachment_41603\" aria-describedby=\"caption-attachment-41603\" style=\"width: 1278px\" class=\"wp-caption alignnone\"><img loading=\"lazy\" decoding=\"async\" class=\" wp-image-41603\" src=\"https:\/\/www.romaoggi.eu\/wp-content\/uploads\/2025\/12\/DSC_8315_-Mouche-Bulle-Piccioni-Iannarella-De-Seta-casa-del-Jazz-\u00a9-Alessandro-Lisci-Ph10-200x300.jpg\" alt=\"alt tag Mouche Bulle\" width=\"1278\" height=\"1917\" \/><figcaption id=\"caption-attachment-41603\" class=\"wp-caption-text\"><\/strong><\/span> <span style=\"color: #003366\"><strong>Mouche Bulle. Casa del Jazz \u00a9 Alessandro Lisci Ph<\/strong><\/span><\/figcaption><\/figure>\n","protected":false},"excerpt":{"rendered":"<div class=\"mh-excerpt\"><p>Newsletter e vostri commenti o proposte di collaborazione scrivendo a target.lsfc@gmail.com\u00a0 \u00a0 \u00a0\u00a0infoline +39 3316379346 Sabato 6 dicembre \u2013 Casa del Jazz Chordless Trio Paolo Innarella Sax, Flauto Dario Piccioni Contrabbasso Lucrezio De Seta Batteria <a class=\"mh-excerpt-more\" href=\"https:\/\/www.romaoggi.eu\/index.php\/2025\/12\/08\/mouche-bulle-un-chordless-trio-alla-casa-del-jazz-di-roma-foto-di-alessandro-lisci\/\" title=\"&#8220;Mouche Bulle&#8221; un Chordless Trio alla Casa del Jazz di Roma. Foto di Alessandro Lisci\">[&#8230;]<\/a><\/p>\n<\/div>","protected":false},"author":17,"featured_media":41616,"comment_status":"closed","ping_status":"open","sticky":false,"template":"","format":"standard","meta":{"_sitemap_exclude":false,"_sitemap_priority":"","_sitemap_frequency":"","footnotes":""},"categories":[14247],"tags":[4137,12942,19074,19071,5052,19073,19070,1280,19072,109,1738,15567],"class_list":["post-41621","post","type-post","status-publish","format-standard","has-post-thumbnail","hentry","category-dentro-roma","tag-alessandro-lisci","tag-casa-del-jazz","tag-chordless-trio","tag-dario-piccioni","tag-jazz","tag-lucrezio-de-seta","tag-mouche-bulle","tag-musica","tag-paolo-innarella","tag-roma","tag-romaoggi-eu","tag-target-lab-ets"],"yoast_head":"<!-- This site is optimized with the Yoast SEO plugin v27.4 - https:\/\/yoast.com\/product\/yoast-seo-wordpress\/ -->\n<title>&quot;Mouche Bulle&quot; un Chordless Trio alla Casa del Jazz di Roma. Foto di Alessandro Lisci<\/title>\n<meta name=\"description\" content=\"Newsletter e vostri commenti o proposte di collaborazione scrivendo a target.lsfc@gmail.com\u00a0 \u00a0 \u00a0\u00a0infoline +39 3316379346 Sabato 6 dicembre \u2013 Casa del Jazz\" \/>\n<meta name=\"robots\" content=\"index, follow, max-snippet:-1, max-image-preview:large, max-video-preview:-1\" \/>\n<link rel=\"canonical\" href=\"https:\/\/www.romaoggi.eu\/index.php\/2025\/12\/08\/mouche-bulle-un-chordless-trio-alla-casa-del-jazz-di-roma-foto-di-alessandro-lisci\/\" \/>\n<meta property=\"og:locale\" content=\"it_IT\" \/>\n<meta property=\"og:type\" content=\"article\" \/>\n<meta property=\"og:title\" content=\"&quot;Mouche Bulle&quot; un Chordless Trio alla Casa del Jazz di Roma. Foto di Alessandro Lisci\" \/>\n<meta property=\"og:description\" content=\"Newsletter e vostri commenti o proposte di collaborazione scrivendo a target.lsfc@gmail.com\u00a0 \u00a0 \u00a0\u00a0infoline +39 3316379346 Sabato 6 dicembre \u2013 Casa del Jazz\" \/>\n<meta property=\"og:url\" content=\"https:\/\/www.romaoggi.eu\/index.php\/2025\/12\/08\/mouche-bulle-un-chordless-trio-alla-casa-del-jazz-di-roma-foto-di-alessandro-lisci\/\" \/>\n<meta property=\"og:site_name\" content=\"roma oggi\" \/>\n<meta property=\"article:publisher\" content=\"https:\/\/www.facebook.com\/RomaOggi-841544845954114\" \/>\n<meta property=\"article:published_time\" content=\"2025-12-08T09:05:13+00:00\" \/>\n<meta property=\"og:image\" content=\"https:\/\/www.romaoggi.eu\/wp-content\/uploads\/2025\/12\/DSC_8399_-Mouche-Bulle-Piccioni-Iannarella-De-Seta-casa-del-Jazz-\u00a9-Alessandro-Lisci-Ph41-scaled.jpg\" \/>\n\t<meta property=\"og:image:width\" content=\"2560\" \/>\n\t<meta property=\"og:image:height\" content=\"1703\" \/>\n\t<meta property=\"og:image:type\" content=\"image\/jpeg\" \/>\n<meta name=\"author\" content=\"Target Lab Ets\" \/>\n<meta name=\"twitter:card\" content=\"summary_large_image\" \/>\n<meta name=\"twitter:creator\" content=\"@romaoggi_eu\" \/>\n<meta name=\"twitter:site\" content=\"@romaoggi_eu\" \/>\n<meta name=\"twitter:label1\" content=\"Scritto da\" \/>\n\t<meta name=\"twitter:data1\" content=\"Target Lab Ets\" \/>\n\t<meta name=\"twitter:label2\" content=\"Tempo di lettura stimato\" \/>\n\t<meta name=\"twitter:data2\" content=\"7 minuti\" \/>\n<script type=\"application\/ld+json\" class=\"yoast-schema-graph\">{\"@context\":\"https:\\\/\\\/schema.org\",\"@graph\":[{\"@type\":\"Article\",\"@id\":\"https:\\\/\\\/www.romaoggi.eu\\\/index.php\\\/2025\\\/12\\\/08\\\/mouche-bulle-un-chordless-trio-alla-casa-del-jazz-di-roma-foto-di-alessandro-lisci\\\/#article\",\"isPartOf\":{\"@id\":\"https:\\\/\\\/www.romaoggi.eu\\\/index.php\\\/2025\\\/12\\\/08\\\/mouche-bulle-un-chordless-trio-alla-casa-del-jazz-di-roma-foto-di-alessandro-lisci\\\/\"},\"author\":{\"name\":\"Target Lab Ets\",\"@id\":\"https:\\\/\\\/www.romaoggi.eu\\\/#\\\/schema\\\/person\\\/72b8cfc6de60caeb335267c8e21d90fb\"},\"headline\":\"&#8220;Mouche Bulle&#8221; un Chordless Trio alla Casa del Jazz di Roma. Foto di Alessandro Lisci\",\"datePublished\":\"2025-12-08T09:05:13+00:00\",\"mainEntityOfPage\":{\"@id\":\"https:\\\/\\\/www.romaoggi.eu\\\/index.php\\\/2025\\\/12\\\/08\\\/mouche-bulle-un-chordless-trio-alla-casa-del-jazz-di-roma-foto-di-alessandro-lisci\\\/\"},\"wordCount\":657,\"publisher\":{\"@id\":\"https:\\\/\\\/www.romaoggi.eu\\\/#organization\"},\"image\":{\"@id\":\"https:\\\/\\\/www.romaoggi.eu\\\/index.php\\\/2025\\\/12\\\/08\\\/mouche-bulle-un-chordless-trio-alla-casa-del-jazz-di-roma-foto-di-alessandro-lisci\\\/#primaryimage\"},\"thumbnailUrl\":\"https:\\\/\\\/www.romaoggi.eu\\\/wp-content\\\/uploads\\\/2025\\\/12\\\/DSC_8399_-Mouche-Bulle-Piccioni-Iannarella-De-Seta-casa-del-Jazz-\u00a9-Alessandro-Lisci-Ph41-scaled.jpg\",\"keywords\":[\"alessandro lisci\",\"Casa del Jazz\",\"Chordless Trio\",\"Dario Piccioni\",\"Jazz\",\"Lucrezio De Seta\",\"MOuche Bulle\",\"musica\",\"Paolo Innarella\",\"roma\",\"RomaOggi.eu\",\"target lab ets\"],\"articleSection\":[\"DENTRO ROMA\"],\"inLanguage\":\"it-IT\"},{\"@type\":\"WebPage\",\"@id\":\"https:\\\/\\\/www.romaoggi.eu\\\/index.php\\\/2025\\\/12\\\/08\\\/mouche-bulle-un-chordless-trio-alla-casa-del-jazz-di-roma-foto-di-alessandro-lisci\\\/\",\"url\":\"https:\\\/\\\/www.romaoggi.eu\\\/index.php\\\/2025\\\/12\\\/08\\\/mouche-bulle-un-chordless-trio-alla-casa-del-jazz-di-roma-foto-di-alessandro-lisci\\\/\",\"name\":\"\\\"Mouche Bulle\\\" un Chordless Trio alla Casa del Jazz di Roma. Foto di Alessandro Lisci\",\"isPartOf\":{\"@id\":\"https:\\\/\\\/www.romaoggi.eu\\\/#website\"},\"primaryImageOfPage\":{\"@id\":\"https:\\\/\\\/www.romaoggi.eu\\\/index.php\\\/2025\\\/12\\\/08\\\/mouche-bulle-un-chordless-trio-alla-casa-del-jazz-di-roma-foto-di-alessandro-lisci\\\/#primaryimage\"},\"image\":{\"@id\":\"https:\\\/\\\/www.romaoggi.eu\\\/index.php\\\/2025\\\/12\\\/08\\\/mouche-bulle-un-chordless-trio-alla-casa-del-jazz-di-roma-foto-di-alessandro-lisci\\\/#primaryimage\"},\"thumbnailUrl\":\"https:\\\/\\\/www.romaoggi.eu\\\/wp-content\\\/uploads\\\/2025\\\/12\\\/DSC_8399_-Mouche-Bulle-Piccioni-Iannarella-De-Seta-casa-del-Jazz-\u00a9-Alessandro-Lisci-Ph41-scaled.jpg\",\"datePublished\":\"2025-12-08T09:05:13+00:00\",\"description\":\"Newsletter e vostri commenti o proposte di collaborazione scrivendo a target.lsfc@gmail.com\u00a0 \u00a0 \u00a0\u00a0infoline +39 3316379346 Sabato 6 dicembre \u2013 Casa del Jazz\",\"breadcrumb\":{\"@id\":\"https:\\\/\\\/www.romaoggi.eu\\\/index.php\\\/2025\\\/12\\\/08\\\/mouche-bulle-un-chordless-trio-alla-casa-del-jazz-di-roma-foto-di-alessandro-lisci\\\/#breadcrumb\"},\"inLanguage\":\"it-IT\",\"potentialAction\":[{\"@type\":\"ReadAction\",\"target\":[\"https:\\\/\\\/www.romaoggi.eu\\\/index.php\\\/2025\\\/12\\\/08\\\/mouche-bulle-un-chordless-trio-alla-casa-del-jazz-di-roma-foto-di-alessandro-lisci\\\/\"]}]},{\"@type\":\"ImageObject\",\"inLanguage\":\"it-IT\",\"@id\":\"https:\\\/\\\/www.romaoggi.eu\\\/index.php\\\/2025\\\/12\\\/08\\\/mouche-bulle-un-chordless-trio-alla-casa-del-jazz-di-roma-foto-di-alessandro-lisci\\\/#primaryimage\",\"url\":\"https:\\\/\\\/www.romaoggi.eu\\\/wp-content\\\/uploads\\\/2025\\\/12\\\/DSC_8399_-Mouche-Bulle-Piccioni-Iannarella-De-Seta-casa-del-Jazz-\u00a9-Alessandro-Lisci-Ph41-scaled.jpg\",\"contentUrl\":\"https:\\\/\\\/www.romaoggi.eu\\\/wp-content\\\/uploads\\\/2025\\\/12\\\/DSC_8399_-Mouche-Bulle-Piccioni-Iannarella-De-Seta-casa-del-Jazz-\u00a9-Alessandro-Lisci-Ph41-scaled.jpg\",\"width\":2560,\"height\":1703,\"caption\":\"Mouche Bulle. Casa del Jazz \u00a9 Alessandro Lisci Ph\"},{\"@type\":\"BreadcrumbList\",\"@id\":\"https:\\\/\\\/www.romaoggi.eu\\\/index.php\\\/2025\\\/12\\\/08\\\/mouche-bulle-un-chordless-trio-alla-casa-del-jazz-di-roma-foto-di-alessandro-lisci\\\/#breadcrumb\",\"itemListElement\":[{\"@type\":\"ListItem\",\"position\":1,\"name\":\"Home\",\"item\":\"https:\\\/\\\/www.romaoggi.eu\\\/\"},{\"@type\":\"ListItem\",\"position\":2,\"name\":\"&#8220;Mouche Bulle&#8221; un Chordless Trio alla Casa del Jazz di Roma. Foto di Alessandro Lisci\"}]},{\"@type\":\"WebSite\",\"@id\":\"https:\\\/\\\/www.romaoggi.eu\\\/#website\",\"url\":\"https:\\\/\\\/www.romaoggi.eu\\\/\",\"name\":\"roma oggi\",\"description\":\"Interesting News for Interesting people\",\"publisher\":{\"@id\":\"https:\\\/\\\/www.romaoggi.eu\\\/#organization\"},\"potentialAction\":[{\"@type\":\"SearchAction\",\"target\":{\"@type\":\"EntryPoint\",\"urlTemplate\":\"https:\\\/\\\/www.romaoggi.eu\\\/?s={search_term_string}\"},\"query-input\":{\"@type\":\"PropertyValueSpecification\",\"valueRequired\":true,\"valueName\":\"search_term_string\"}}],\"inLanguage\":\"it-IT\"},{\"@type\":\"Organization\",\"@id\":\"https:\\\/\\\/www.romaoggi.eu\\\/#organization\",\"name\":\"RomaOggi\",\"url\":\"https:\\\/\\\/www.romaoggi.eu\\\/\",\"logo\":{\"@type\":\"ImageObject\",\"inLanguage\":\"it-IT\",\"@id\":\"https:\\\/\\\/www.romaoggi.eu\\\/#\\\/schema\\\/logo\\\/image\\\/\",\"url\":\"https:\\\/\\\/www.romaoggi.eu\\\/wp-content\\\/uploads\\\/2017\\\/04\\\/logowp.jpg\",\"contentUrl\":\"https:\\\/\\\/www.romaoggi.eu\\\/wp-content\\\/uploads\\\/2017\\\/04\\\/logowp.jpg\",\"width\":300,\"height\":133,\"caption\":\"RomaOggi\"},\"image\":{\"@id\":\"https:\\\/\\\/www.romaoggi.eu\\\/#\\\/schema\\\/logo\\\/image\\\/\"},\"sameAs\":[\"https:\\\/\\\/www.facebook.com\\\/RomaOggi-841544845954114\",\"https:\\\/\\\/x.com\\\/romaoggi_eu\"]},{\"@type\":\"Person\",\"@id\":\"https:\\\/\\\/www.romaoggi.eu\\\/#\\\/schema\\\/person\\\/72b8cfc6de60caeb335267c8e21d90fb\",\"name\":\"Target Lab Ets\",\"image\":{\"@type\":\"ImageObject\",\"inLanguage\":\"it-IT\",\"@id\":\"https:\\\/\\\/secure.gravatar.com\\\/avatar\\\/ab64fd266889a629b0e9e6ab56209e379c2a89cfda303941ee9621d4090292d1?s=96&d=mm&r=g\",\"url\":\"https:\\\/\\\/secure.gravatar.com\\\/avatar\\\/ab64fd266889a629b0e9e6ab56209e379c2a89cfda303941ee9621d4090292d1?s=96&d=mm&r=g\",\"contentUrl\":\"https:\\\/\\\/secure.gravatar.com\\\/avatar\\\/ab64fd266889a629b0e9e6ab56209e379c2a89cfda303941ee9621d4090292d1?s=96&d=mm&r=g\",\"caption\":\"Target Lab Ets\"},\"sameAs\":[\"http:\\\/\\\/www.targetlab.org\"],\"url\":\"https:\\\/\\\/www.romaoggi.eu\\\/index.php\\\/author\\\/isfc\\\/\"}]}<\/script>\n<!-- \/ Yoast SEO plugin. -->","yoast_head_json":{"title":"\"Mouche Bulle\" un Chordless Trio alla Casa del Jazz di Roma. Foto di Alessandro Lisci","description":"Newsletter e vostri commenti o proposte di collaborazione scrivendo a target.lsfc@gmail.com\u00a0 \u00a0 \u00a0\u00a0infoline +39 3316379346 Sabato 6 dicembre \u2013 Casa del Jazz","robots":{"index":"index","follow":"follow","max-snippet":"max-snippet:-1","max-image-preview":"max-image-preview:large","max-video-preview":"max-video-preview:-1"},"canonical":"https:\/\/www.romaoggi.eu\/index.php\/2025\/12\/08\/mouche-bulle-un-chordless-trio-alla-casa-del-jazz-di-roma-foto-di-alessandro-lisci\/","og_locale":"it_IT","og_type":"article","og_title":"\"Mouche Bulle\" un Chordless Trio alla Casa del Jazz di Roma. Foto di Alessandro Lisci","og_description":"Newsletter e vostri commenti o proposte di collaborazione scrivendo a target.lsfc@gmail.com\u00a0 \u00a0 \u00a0\u00a0infoline +39 3316379346 Sabato 6 dicembre \u2013 Casa del Jazz","og_url":"https:\/\/www.romaoggi.eu\/index.php\/2025\/12\/08\/mouche-bulle-un-chordless-trio-alla-casa-del-jazz-di-roma-foto-di-alessandro-lisci\/","og_site_name":"roma oggi","article_publisher":"https:\/\/www.facebook.com\/RomaOggi-841544845954114","article_published_time":"2025-12-08T09:05:13+00:00","og_image":[{"width":2560,"height":1703,"url":"https:\/\/www.romaoggi.eu\/wp-content\/uploads\/2025\/12\/DSC_8399_-Mouche-Bulle-Piccioni-Iannarella-De-Seta-casa-del-Jazz-\u00a9-Alessandro-Lisci-Ph41-scaled.jpg","type":"image\/jpeg"}],"author":"Target Lab Ets","twitter_card":"summary_large_image","twitter_creator":"@romaoggi_eu","twitter_site":"@romaoggi_eu","twitter_misc":{"Scritto da":"Target Lab Ets","Tempo di lettura stimato":"7 minuti"},"schema":{"@context":"https:\/\/schema.org","@graph":[{"@type":"Article","@id":"https:\/\/www.romaoggi.eu\/index.php\/2025\/12\/08\/mouche-bulle-un-chordless-trio-alla-casa-del-jazz-di-roma-foto-di-alessandro-lisci\/#article","isPartOf":{"@id":"https:\/\/www.romaoggi.eu\/index.php\/2025\/12\/08\/mouche-bulle-un-chordless-trio-alla-casa-del-jazz-di-roma-foto-di-alessandro-lisci\/"},"author":{"name":"Target Lab Ets","@id":"https:\/\/www.romaoggi.eu\/#\/schema\/person\/72b8cfc6de60caeb335267c8e21d90fb"},"headline":"&#8220;Mouche Bulle&#8221; un Chordless Trio alla Casa del Jazz di Roma. Foto di Alessandro Lisci","datePublished":"2025-12-08T09:05:13+00:00","mainEntityOfPage":{"@id":"https:\/\/www.romaoggi.eu\/index.php\/2025\/12\/08\/mouche-bulle-un-chordless-trio-alla-casa-del-jazz-di-roma-foto-di-alessandro-lisci\/"},"wordCount":657,"publisher":{"@id":"https:\/\/www.romaoggi.eu\/#organization"},"image":{"@id":"https:\/\/www.romaoggi.eu\/index.php\/2025\/12\/08\/mouche-bulle-un-chordless-trio-alla-casa-del-jazz-di-roma-foto-di-alessandro-lisci\/#primaryimage"},"thumbnailUrl":"https:\/\/www.romaoggi.eu\/wp-content\/uploads\/2025\/12\/DSC_8399_-Mouche-Bulle-Piccioni-Iannarella-De-Seta-casa-del-Jazz-\u00a9-Alessandro-Lisci-Ph41-scaled.jpg","keywords":["alessandro lisci","Casa del Jazz","Chordless Trio","Dario Piccioni","Jazz","Lucrezio De Seta","MOuche Bulle","musica","Paolo Innarella","roma","RomaOggi.eu","target lab ets"],"articleSection":["DENTRO ROMA"],"inLanguage":"it-IT"},{"@type":"WebPage","@id":"https:\/\/www.romaoggi.eu\/index.php\/2025\/12\/08\/mouche-bulle-un-chordless-trio-alla-casa-del-jazz-di-roma-foto-di-alessandro-lisci\/","url":"https:\/\/www.romaoggi.eu\/index.php\/2025\/12\/08\/mouche-bulle-un-chordless-trio-alla-casa-del-jazz-di-roma-foto-di-alessandro-lisci\/","name":"\"Mouche Bulle\" un Chordless Trio alla Casa del Jazz di Roma. Foto di Alessandro Lisci","isPartOf":{"@id":"https:\/\/www.romaoggi.eu\/#website"},"primaryImageOfPage":{"@id":"https:\/\/www.romaoggi.eu\/index.php\/2025\/12\/08\/mouche-bulle-un-chordless-trio-alla-casa-del-jazz-di-roma-foto-di-alessandro-lisci\/#primaryimage"},"image":{"@id":"https:\/\/www.romaoggi.eu\/index.php\/2025\/12\/08\/mouche-bulle-un-chordless-trio-alla-casa-del-jazz-di-roma-foto-di-alessandro-lisci\/#primaryimage"},"thumbnailUrl":"https:\/\/www.romaoggi.eu\/wp-content\/uploads\/2025\/12\/DSC_8399_-Mouche-Bulle-Piccioni-Iannarella-De-Seta-casa-del-Jazz-\u00a9-Alessandro-Lisci-Ph41-scaled.jpg","datePublished":"2025-12-08T09:05:13+00:00","description":"Newsletter e vostri commenti o proposte di collaborazione scrivendo a target.lsfc@gmail.com\u00a0 \u00a0 \u00a0\u00a0infoline +39 3316379346 Sabato 6 dicembre \u2013 Casa del Jazz","breadcrumb":{"@id":"https:\/\/www.romaoggi.eu\/index.php\/2025\/12\/08\/mouche-bulle-un-chordless-trio-alla-casa-del-jazz-di-roma-foto-di-alessandro-lisci\/#breadcrumb"},"inLanguage":"it-IT","potentialAction":[{"@type":"ReadAction","target":["https:\/\/www.romaoggi.eu\/index.php\/2025\/12\/08\/mouche-bulle-un-chordless-trio-alla-casa-del-jazz-di-roma-foto-di-alessandro-lisci\/"]}]},{"@type":"ImageObject","inLanguage":"it-IT","@id":"https:\/\/www.romaoggi.eu\/index.php\/2025\/12\/08\/mouche-bulle-un-chordless-trio-alla-casa-del-jazz-di-roma-foto-di-alessandro-lisci\/#primaryimage","url":"https:\/\/www.romaoggi.eu\/wp-content\/uploads\/2025\/12\/DSC_8399_-Mouche-Bulle-Piccioni-Iannarella-De-Seta-casa-del-Jazz-\u00a9-Alessandro-Lisci-Ph41-scaled.jpg","contentUrl":"https:\/\/www.romaoggi.eu\/wp-content\/uploads\/2025\/12\/DSC_8399_-Mouche-Bulle-Piccioni-Iannarella-De-Seta-casa-del-Jazz-\u00a9-Alessandro-Lisci-Ph41-scaled.jpg","width":2560,"height":1703,"caption":"Mouche Bulle. Casa del Jazz \u00a9 Alessandro Lisci Ph"},{"@type":"BreadcrumbList","@id":"https:\/\/www.romaoggi.eu\/index.php\/2025\/12\/08\/mouche-bulle-un-chordless-trio-alla-casa-del-jazz-di-roma-foto-di-alessandro-lisci\/#breadcrumb","itemListElement":[{"@type":"ListItem","position":1,"name":"Home","item":"https:\/\/www.romaoggi.eu\/"},{"@type":"ListItem","position":2,"name":"&#8220;Mouche Bulle&#8221; un Chordless Trio alla Casa del Jazz di Roma. Foto di Alessandro Lisci"}]},{"@type":"WebSite","@id":"https:\/\/www.romaoggi.eu\/#website","url":"https:\/\/www.romaoggi.eu\/","name":"roma oggi","description":"Interesting News for Interesting people","publisher":{"@id":"https:\/\/www.romaoggi.eu\/#organization"},"potentialAction":[{"@type":"SearchAction","target":{"@type":"EntryPoint","urlTemplate":"https:\/\/www.romaoggi.eu\/?s={search_term_string}"},"query-input":{"@type":"PropertyValueSpecification","valueRequired":true,"valueName":"search_term_string"}}],"inLanguage":"it-IT"},{"@type":"Organization","@id":"https:\/\/www.romaoggi.eu\/#organization","name":"RomaOggi","url":"https:\/\/www.romaoggi.eu\/","logo":{"@type":"ImageObject","inLanguage":"it-IT","@id":"https:\/\/www.romaoggi.eu\/#\/schema\/logo\/image\/","url":"https:\/\/www.romaoggi.eu\/wp-content\/uploads\/2017\/04\/logowp.jpg","contentUrl":"https:\/\/www.romaoggi.eu\/wp-content\/uploads\/2017\/04\/logowp.jpg","width":300,"height":133,"caption":"RomaOggi"},"image":{"@id":"https:\/\/www.romaoggi.eu\/#\/schema\/logo\/image\/"},"sameAs":["https:\/\/www.facebook.com\/RomaOggi-841544845954114","https:\/\/x.com\/romaoggi_eu"]},{"@type":"Person","@id":"https:\/\/www.romaoggi.eu\/#\/schema\/person\/72b8cfc6de60caeb335267c8e21d90fb","name":"Target Lab Ets","image":{"@type":"ImageObject","inLanguage":"it-IT","@id":"https:\/\/secure.gravatar.com\/avatar\/ab64fd266889a629b0e9e6ab56209e379c2a89cfda303941ee9621d4090292d1?s=96&d=mm&r=g","url":"https:\/\/secure.gravatar.com\/avatar\/ab64fd266889a629b0e9e6ab56209e379c2a89cfda303941ee9621d4090292d1?s=96&d=mm&r=g","contentUrl":"https:\/\/secure.gravatar.com\/avatar\/ab64fd266889a629b0e9e6ab56209e379c2a89cfda303941ee9621d4090292d1?s=96&d=mm&r=g","caption":"Target Lab Ets"},"sameAs":["http:\/\/www.targetlab.org"],"url":"https:\/\/www.romaoggi.eu\/index.php\/author\/isfc\/"}]}},"_links":{"self":[{"href":"https:\/\/www.romaoggi.eu\/index.php\/wp-json\/wp\/v2\/posts\/41621","targetHints":{"allow":["GET"]}}],"collection":[{"href":"https:\/\/www.romaoggi.eu\/index.php\/wp-json\/wp\/v2\/posts"}],"about":[{"href":"https:\/\/www.romaoggi.eu\/index.php\/wp-json\/wp\/v2\/types\/post"}],"author":[{"embeddable":true,"href":"https:\/\/www.romaoggi.eu\/index.php\/wp-json\/wp\/v2\/users\/17"}],"replies":[{"embeddable":true,"href":"https:\/\/www.romaoggi.eu\/index.php\/wp-json\/wp\/v2\/comments?post=41621"}],"version-history":[{"count":4,"href":"https:\/\/www.romaoggi.eu\/index.php\/wp-json\/wp\/v2\/posts\/41621\/revisions"}],"predecessor-version":[{"id":41626,"href":"https:\/\/www.romaoggi.eu\/index.php\/wp-json\/wp\/v2\/posts\/41621\/revisions\/41626"}],"wp:featuredmedia":[{"embeddable":true,"href":"https:\/\/www.romaoggi.eu\/index.php\/wp-json\/wp\/v2\/media\/41616"}],"wp:attachment":[{"href":"https:\/\/www.romaoggi.eu\/index.php\/wp-json\/wp\/v2\/media?parent=41621"}],"wp:term":[{"taxonomy":"category","embeddable":true,"href":"https:\/\/www.romaoggi.eu\/index.php\/wp-json\/wp\/v2\/categories?post=41621"},{"taxonomy":"post_tag","embeddable":true,"href":"https:\/\/www.romaoggi.eu\/index.php\/wp-json\/wp\/v2\/tags?post=41621"}],"curies":[{"name":"wp","href":"https:\/\/api.w.org\/{rel}","templated":true}]}}