{"id":41992,"date":"2026-01-25T11:28:42","date_gmt":"2026-01-25T10:28:42","guid":{"rendered":"https:\/\/www.romaoggi.eu\/?p=41992"},"modified":"2026-01-25T11:28:42","modified_gmt":"2026-01-25T10:28:42","slug":"fotografia-e-mercato-ruoli-funzioni-e-dinamiche-3a-edizione","status":"publish","type":"post","link":"https:\/\/www.romaoggi.eu\/index.php\/2026\/01\/25\/fotografia-e-mercato-ruoli-funzioni-e-dinamiche-3a-edizione\/","title":{"rendered":"Fotografia e mercato: ruoli, funzioni e dinamiche &#8211; 3a edizione"},"content":{"rendered":"<p style=\"padding-left: 40px\"><img loading=\"lazy\" decoding=\"async\" class=\" wp-image-39671 aligncenter\" src=\"https:\/\/www.romaoggi.eu\/wp-content\/uploads\/2025\/05\/aBoxino-x-marchio-300x137.jpg\" alt=\"\" width=\"195\" height=\"89\" srcset=\"https:\/\/www.romaoggi.eu\/wp-content\/uploads\/2025\/05\/aBoxino-x-marchio-300x137.jpg 300w, https:\/\/www.romaoggi.eu\/wp-content\/uploads\/2025\/05\/aBoxino-x-marchio.jpg 551w\" sizes=\"auto, (max-width: 195px) 100vw, 195px\" \/><\/p>\n<p align=\"CENTER\"><strong>Newsletter e vostri commenti o proposte di collaborazione scrivendo a <a href=\"mailto:target.lsfc@gmail.com\" data-aalisten=\"1\">target.lsfc@gmail.com<\/a>\u00a0 \u00a0<\/strong><\/p>\n<p align=\"CENTER\"><strong>\u00a0\u00a0infoline +39 3316379346<\/strong><\/p>\n<p>&nbsp;<\/p>\n<p align=\"JUSTIFY\">In un\u2019epoca in cui la fotografia si configura come ambito culturale, asset economico e strumento professionale, il sistema che la sostiene appare sempre pi\u00f9 complesso e frammentato.<\/p>\n<p align=\"JUSTIFY\">L\u2019iniziativa \u2013 ospitata nella prestigiosa sede del Palazzo delle Esposizioni di Roma \u2013 nasce per offrire un\u2019occasione di riflessione informata e strutturata sul rapporto tra produzione fotografica, dinamiche di mercato e ruolo delle istituzioni.<\/p>\n<p align=\"JUSTIFY\"><img loading=\"lazy\" decoding=\"async\" class=\"wp-image-41994 aligncenter\" src=\"https:\/\/www.romaoggi.eu\/wp-content\/uploads\/2026\/01\/WhatsApp-Image-2026-01-20-at-18.55.13-225x300.jpeg\" alt=\"\" width=\"772\" height=\"1029\" srcset=\"https:\/\/www.romaoggi.eu\/wp-content\/uploads\/2026\/01\/WhatsApp-Image-2026-01-20-at-18.55.13-225x300.jpeg 225w, https:\/\/www.romaoggi.eu\/wp-content\/uploads\/2026\/01\/WhatsApp-Image-2026-01-20-at-18.55.13-768x1024.jpeg 768w, https:\/\/www.romaoggi.eu\/wp-content\/uploads\/2026\/01\/WhatsApp-Image-2026-01-20-at-18.55.13.jpeg 1080w\" sizes=\"auto, (max-width: 772px) 100vw, 772px\" \/><\/p>\n<p align=\"JUSTIFY\">L\u2019incontro si terr\u00e0 mercoled\u00ec 28 gennaio dalle ore 19:00 alle ore 21:00, e si articoler\u00e0 in due momenti principali. Aprir\u00e0 i lavori la relazione di Patrizia Genovesi, fotografa, regista e docente, Vicepresidente di AFIP International, l\u2019Associazione Internazionale dei Fotografi Professionisti, che offrir\u00e0 una lettura sistemica del mercato della fotografia contemporanea, inteso come insieme di segmenti distinti \u2013 opere, diritti, servizi \u2013 caratterizzati da logiche, attori e metriche differenti.<\/p>\n<p align=\"JUSTIFY\">L\u2019intervento sar\u00e0 supportato da dati, stime e casi di studio, con l\u2019obiettivo di delineare una mappa interpretativa utile a operatori e osservatori del settore. Seguir\u00e0 una tavola rotonda con ospiti provenienti dal mondo delle istituzioni culturali, della finanza e del collezionismo, tra cui Marco Delogu, Presidente dell&#8217;Azienda Speciale Palaexpo di Roma, Marco Alberi, Senior Wealth Planner Azimut Capital Management S.g.r., Davide Battaglia, Responsabile del Dipartimento di Fotografia di Finarte, chiamati a condividere prospettive, responsabilit\u00e0 e funzioni dei rispettivi ambiti. Il confronto sar\u00e0 orientato alla chiarificazione dei ruoli piuttosto che alla ricerca di una visione unitaria, valorizzando la pluralit\u00e0 dei punti di vista.<\/p>\n<p align=\"JUSTIFY\">L\u2019incontro si rivolge a professionisti, studiosi, rappresentanti istituzionali e stakeholder interessati a comprendere, con sguardo analitico e non ideologico, le trasformazioni in atto nel sistema fotografico contemporaneo.<\/p>\n<p><strong>Informazioni<\/strong><\/p>\n<p>Titolo: Fotografia e mercato: ruoli, funzioni e dinamiche<\/p>\n<p>Data: 28 gennaio \u201926 Orario: 19:00-21:00<\/p>\n<p>Luogo: Roma Palazzo delle Esposizioni \u2013 Ingresso dal Caff\u00e8 delle Esposizioni \u2013 Posti limitati<\/p>\n<p>Organizzazione: Paolo Franz\u00f2<\/p>\n<p>Ufficio stampa \/ contatti: Marika Grossi stampa@patriziagenovesi.com openstudiogallery.pg@gmail.com<\/p>\n<p>&nbsp;<\/p>\n","protected":false},"excerpt":{"rendered":"<div class=\"mh-excerpt\"><p>Newsletter e vostri commenti o proposte di collaborazione scrivendo a target.lsfc@gmail.com\u00a0 \u00a0 \u00a0\u00a0infoline +39 3316379346 &nbsp; In un\u2019epoca in cui la fotografia si configura come ambito culturale, asset economico e strumento professionale, il sistema che <a class=\"mh-excerpt-more\" href=\"https:\/\/www.romaoggi.eu\/index.php\/2026\/01\/25\/fotografia-e-mercato-ruoli-funzioni-e-dinamiche-3a-edizione\/\" title=\"Fotografia e mercato: ruoli, funzioni e dinamiche &#8211; 3a edizione\">[&#8230;]<\/a><\/p>\n<\/div>","protected":false},"author":17,"featured_media":41995,"comment_status":"closed","ping_status":"open","sticky":false,"template":"","format":"standard","meta":{"_sitemap_exclude":false,"_sitemap_priority":"","_sitemap_frequency":"","footnotes":""},"categories":[15839],"tags":[4137,19201,19204,19199,19202,19197,507,19198,19200,16583,19203,15567],"class_list":["post-41992","post","type-post","status-publish","format-standard","has-post-thumbnail","hentry","category-fotografia-dintorni","tag-alessandro-lisci","tag-azienda-speciale-palaexpo-di-roma","tag-davide-battaglia","tag-maarco-del-logu","tag-marco-alberi","tag-mercato-della-fotografia","tag-palazzo-delle-esposizioni","tag-panzzo","tag-paolo-franzo","tag-patrizia-genovesi","tag-senior-wealth-planner-azimut-capital-management-s-g-r","tag-target-lab-ets"],"yoast_head":"<!-- This site is optimized with the Yoast SEO plugin v27.4 - https:\/\/yoast.com\/product\/yoast-seo-wordpress\/ -->\n<title>Fotografia e mercato: ruoli, funzioni e dinamiche - 3a edizione<\/title>\n<meta name=\"description\" content=\"Newsletter e vostri commenti o proposte di collaborazione scrivendo a target.lsfc@gmail.com\u00a0 \u00a0 \u00a0\u00a0infoline +39 3316379346 &nbsp; In un\u2019epoca in cui la\" \/>\n<meta name=\"robots\" content=\"index, follow, max-snippet:-1, max-image-preview:large, max-video-preview:-1\" \/>\n<link rel=\"canonical\" href=\"https:\/\/www.romaoggi.eu\/index.php\/2026\/01\/25\/fotografia-e-mercato-ruoli-funzioni-e-dinamiche-3a-edizione\/\" \/>\n<meta property=\"og:locale\" content=\"it_IT\" \/>\n<meta property=\"og:type\" content=\"article\" \/>\n<meta property=\"og:title\" content=\"Fotografia e mercato: ruoli, funzioni e dinamiche - 3a edizione\" \/>\n<meta property=\"og:description\" content=\"Newsletter e vostri commenti o proposte di collaborazione scrivendo a target.lsfc@gmail.com\u00a0 \u00a0 \u00a0\u00a0infoline +39 3316379346 &nbsp; In un\u2019epoca in cui la\" \/>\n<meta property=\"og:url\" content=\"https:\/\/www.romaoggi.eu\/index.php\/2026\/01\/25\/fotografia-e-mercato-ruoli-funzioni-e-dinamiche-3a-edizione\/\" \/>\n<meta property=\"og:site_name\" content=\"roma oggi\" \/>\n<meta property=\"article:publisher\" content=\"https:\/\/www.facebook.com\/RomaOggi-841544845954114\" \/>\n<meta property=\"article:published_time\" content=\"2026-01-25T10:28:42+00:00\" \/>\n<meta property=\"og:image\" content=\"https:\/\/www.romaoggi.eu\/wp-content\/uploads\/2026\/01\/vover-orizzontale.jpeg\" \/>\n\t<meta property=\"og:image:width\" content=\"1080\" \/>\n\t<meta property=\"og:image:height\" content=\"659\" \/>\n\t<meta property=\"og:image:type\" content=\"image\/jpeg\" \/>\n<meta name=\"author\" content=\"Target Lab Ets\" \/>\n<meta name=\"twitter:card\" content=\"summary_large_image\" \/>\n<meta name=\"twitter:creator\" content=\"@romaoggi_eu\" \/>\n<meta name=\"twitter:site\" content=\"@romaoggi_eu\" \/>\n<meta name=\"twitter:label1\" content=\"Scritto da\" \/>\n\t<meta name=\"twitter:data1\" content=\"Target Lab Ets\" \/>\n\t<meta name=\"twitter:label2\" content=\"Tempo di lettura stimato\" \/>\n\t<meta name=\"twitter:data2\" content=\"3 minuti\" \/>\n<script type=\"application\/ld+json\" class=\"yoast-schema-graph\">{\"@context\":\"https:\\\/\\\/schema.org\",\"@graph\":[{\"@type\":\"Article\",\"@id\":\"https:\\\/\\\/www.romaoggi.eu\\\/index.php\\\/2026\\\/01\\\/25\\\/fotografia-e-mercato-ruoli-funzioni-e-dinamiche-3a-edizione\\\/#article\",\"isPartOf\":{\"@id\":\"https:\\\/\\\/www.romaoggi.eu\\\/index.php\\\/2026\\\/01\\\/25\\\/fotografia-e-mercato-ruoli-funzioni-e-dinamiche-3a-edizione\\\/\"},\"author\":{\"name\":\"Target Lab Ets\",\"@id\":\"https:\\\/\\\/www.romaoggi.eu\\\/#\\\/schema\\\/person\\\/72b8cfc6de60caeb335267c8e21d90fb\"},\"headline\":\"Fotografia e mercato: ruoli, funzioni e dinamiche &#8211; 3a edizione\",\"datePublished\":\"2026-01-25T10:28:42+00:00\",\"mainEntityOfPage\":{\"@id\":\"https:\\\/\\\/www.romaoggi.eu\\\/index.php\\\/2026\\\/01\\\/25\\\/fotografia-e-mercato-ruoli-funzioni-e-dinamiche-3a-edizione\\\/\"},\"wordCount\":329,\"publisher\":{\"@id\":\"https:\\\/\\\/www.romaoggi.eu\\\/#organization\"},\"image\":{\"@id\":\"https:\\\/\\\/www.romaoggi.eu\\\/index.php\\\/2026\\\/01\\\/25\\\/fotografia-e-mercato-ruoli-funzioni-e-dinamiche-3a-edizione\\\/#primaryimage\"},\"thumbnailUrl\":\"https:\\\/\\\/www.romaoggi.eu\\\/wp-content\\\/uploads\\\/2026\\\/01\\\/vover-orizzontale.jpeg\",\"keywords\":[\"alessandro lisci\",\"Azienda Speciale Palaexpo di Roma\",\"Davide Battaglia\",\"Maarco del Logu\",\"Marco Alberi\",\"mercato della fotografia\",\"Palazzo delle Esposizioni\",\"Panzzo\",\"Paolo Franz\u00f2\",\"Patrizia Genovesi\",\"Senior Wealth Planner Azimut Capital Management S.g.r.\",\"target lab ets\"],\"articleSection\":[\"Fotografia &amp; Dintorni\"],\"inLanguage\":\"it-IT\"},{\"@type\":\"WebPage\",\"@id\":\"https:\\\/\\\/www.romaoggi.eu\\\/index.php\\\/2026\\\/01\\\/25\\\/fotografia-e-mercato-ruoli-funzioni-e-dinamiche-3a-edizione\\\/\",\"url\":\"https:\\\/\\\/www.romaoggi.eu\\\/index.php\\\/2026\\\/01\\\/25\\\/fotografia-e-mercato-ruoli-funzioni-e-dinamiche-3a-edizione\\\/\",\"name\":\"Fotografia e mercato: ruoli, funzioni e dinamiche - 3a edizione\",\"isPartOf\":{\"@id\":\"https:\\\/\\\/www.romaoggi.eu\\\/#website\"},\"primaryImageOfPage\":{\"@id\":\"https:\\\/\\\/www.romaoggi.eu\\\/index.php\\\/2026\\\/01\\\/25\\\/fotografia-e-mercato-ruoli-funzioni-e-dinamiche-3a-edizione\\\/#primaryimage\"},\"image\":{\"@id\":\"https:\\\/\\\/www.romaoggi.eu\\\/index.php\\\/2026\\\/01\\\/25\\\/fotografia-e-mercato-ruoli-funzioni-e-dinamiche-3a-edizione\\\/#primaryimage\"},\"thumbnailUrl\":\"https:\\\/\\\/www.romaoggi.eu\\\/wp-content\\\/uploads\\\/2026\\\/01\\\/vover-orizzontale.jpeg\",\"datePublished\":\"2026-01-25T10:28:42+00:00\",\"description\":\"Newsletter e vostri commenti o proposte di collaborazione scrivendo a target.lsfc@gmail.com\u00a0 \u00a0 \u00a0\u00a0infoline +39 3316379346 &nbsp; In un\u2019epoca in cui la\",\"breadcrumb\":{\"@id\":\"https:\\\/\\\/www.romaoggi.eu\\\/index.php\\\/2026\\\/01\\\/25\\\/fotografia-e-mercato-ruoli-funzioni-e-dinamiche-3a-edizione\\\/#breadcrumb\"},\"inLanguage\":\"it-IT\",\"potentialAction\":[{\"@type\":\"ReadAction\",\"target\":[\"https:\\\/\\\/www.romaoggi.eu\\\/index.php\\\/2026\\\/01\\\/25\\\/fotografia-e-mercato-ruoli-funzioni-e-dinamiche-3a-edizione\\\/\"]}]},{\"@type\":\"ImageObject\",\"inLanguage\":\"it-IT\",\"@id\":\"https:\\\/\\\/www.romaoggi.eu\\\/index.php\\\/2026\\\/01\\\/25\\\/fotografia-e-mercato-ruoli-funzioni-e-dinamiche-3a-edizione\\\/#primaryimage\",\"url\":\"https:\\\/\\\/www.romaoggi.eu\\\/wp-content\\\/uploads\\\/2026\\\/01\\\/vover-orizzontale.jpeg\",\"contentUrl\":\"https:\\\/\\\/www.romaoggi.eu\\\/wp-content\\\/uploads\\\/2026\\\/01\\\/vover-orizzontale.jpeg\",\"width\":1080,\"height\":659,\"caption\":\"alt tag Patrizia Genovesi\"},{\"@type\":\"BreadcrumbList\",\"@id\":\"https:\\\/\\\/www.romaoggi.eu\\\/index.php\\\/2026\\\/01\\\/25\\\/fotografia-e-mercato-ruoli-funzioni-e-dinamiche-3a-edizione\\\/#breadcrumb\",\"itemListElement\":[{\"@type\":\"ListItem\",\"position\":1,\"name\":\"Home\",\"item\":\"https:\\\/\\\/www.romaoggi.eu\\\/\"},{\"@type\":\"ListItem\",\"position\":2,\"name\":\"Fotografia e mercato: ruoli, funzioni e dinamiche &#8211; 3a edizione\"}]},{\"@type\":\"WebSite\",\"@id\":\"https:\\\/\\\/www.romaoggi.eu\\\/#website\",\"url\":\"https:\\\/\\\/www.romaoggi.eu\\\/\",\"name\":\"roma oggi\",\"description\":\"Interesting News for Interesting people\",\"publisher\":{\"@id\":\"https:\\\/\\\/www.romaoggi.eu\\\/#organization\"},\"potentialAction\":[{\"@type\":\"SearchAction\",\"target\":{\"@type\":\"EntryPoint\",\"urlTemplate\":\"https:\\\/\\\/www.romaoggi.eu\\\/?s={search_term_string}\"},\"query-input\":{\"@type\":\"PropertyValueSpecification\",\"valueRequired\":true,\"valueName\":\"search_term_string\"}}],\"inLanguage\":\"it-IT\"},{\"@type\":\"Organization\",\"@id\":\"https:\\\/\\\/www.romaoggi.eu\\\/#organization\",\"name\":\"RomaOggi\",\"url\":\"https:\\\/\\\/www.romaoggi.eu\\\/\",\"logo\":{\"@type\":\"ImageObject\",\"inLanguage\":\"it-IT\",\"@id\":\"https:\\\/\\\/www.romaoggi.eu\\\/#\\\/schema\\\/logo\\\/image\\\/\",\"url\":\"https:\\\/\\\/www.romaoggi.eu\\\/wp-content\\\/uploads\\\/2017\\\/04\\\/logowp.jpg\",\"contentUrl\":\"https:\\\/\\\/www.romaoggi.eu\\\/wp-content\\\/uploads\\\/2017\\\/04\\\/logowp.jpg\",\"width\":300,\"height\":133,\"caption\":\"RomaOggi\"},\"image\":{\"@id\":\"https:\\\/\\\/www.romaoggi.eu\\\/#\\\/schema\\\/logo\\\/image\\\/\"},\"sameAs\":[\"https:\\\/\\\/www.facebook.com\\\/RomaOggi-841544845954114\",\"https:\\\/\\\/x.com\\\/romaoggi_eu\"]},{\"@type\":\"Person\",\"@id\":\"https:\\\/\\\/www.romaoggi.eu\\\/#\\\/schema\\\/person\\\/72b8cfc6de60caeb335267c8e21d90fb\",\"name\":\"Target Lab Ets\",\"image\":{\"@type\":\"ImageObject\",\"inLanguage\":\"it-IT\",\"@id\":\"https:\\\/\\\/secure.gravatar.com\\\/avatar\\\/ab64fd266889a629b0e9e6ab56209e379c2a89cfda303941ee9621d4090292d1?s=96&d=mm&r=g\",\"url\":\"https:\\\/\\\/secure.gravatar.com\\\/avatar\\\/ab64fd266889a629b0e9e6ab56209e379c2a89cfda303941ee9621d4090292d1?s=96&d=mm&r=g\",\"contentUrl\":\"https:\\\/\\\/secure.gravatar.com\\\/avatar\\\/ab64fd266889a629b0e9e6ab56209e379c2a89cfda303941ee9621d4090292d1?s=96&d=mm&r=g\",\"caption\":\"Target Lab Ets\"},\"sameAs\":[\"http:\\\/\\\/www.targetlab.org\"],\"url\":\"https:\\\/\\\/www.romaoggi.eu\\\/index.php\\\/author\\\/isfc\\\/\"}]}<\/script>\n<!-- \/ Yoast SEO plugin. -->","yoast_head_json":{"title":"Fotografia e mercato: ruoli, funzioni e dinamiche - 3a edizione","description":"Newsletter e vostri commenti o proposte di collaborazione scrivendo a target.lsfc@gmail.com\u00a0 \u00a0 \u00a0\u00a0infoline +39 3316379346 &nbsp; In un\u2019epoca in cui la","robots":{"index":"index","follow":"follow","max-snippet":"max-snippet:-1","max-image-preview":"max-image-preview:large","max-video-preview":"max-video-preview:-1"},"canonical":"https:\/\/www.romaoggi.eu\/index.php\/2026\/01\/25\/fotografia-e-mercato-ruoli-funzioni-e-dinamiche-3a-edizione\/","og_locale":"it_IT","og_type":"article","og_title":"Fotografia e mercato: ruoli, funzioni e dinamiche - 3a edizione","og_description":"Newsletter e vostri commenti o proposte di collaborazione scrivendo a target.lsfc@gmail.com\u00a0 \u00a0 \u00a0\u00a0infoline +39 3316379346 &nbsp; In un\u2019epoca in cui la","og_url":"https:\/\/www.romaoggi.eu\/index.php\/2026\/01\/25\/fotografia-e-mercato-ruoli-funzioni-e-dinamiche-3a-edizione\/","og_site_name":"roma oggi","article_publisher":"https:\/\/www.facebook.com\/RomaOggi-841544845954114","article_published_time":"2026-01-25T10:28:42+00:00","og_image":[{"width":1080,"height":659,"url":"https:\/\/www.romaoggi.eu\/wp-content\/uploads\/2026\/01\/vover-orizzontale.jpeg","type":"image\/jpeg"}],"author":"Target Lab Ets","twitter_card":"summary_large_image","twitter_creator":"@romaoggi_eu","twitter_site":"@romaoggi_eu","twitter_misc":{"Scritto da":"Target Lab Ets","Tempo di lettura stimato":"3 minuti"},"schema":{"@context":"https:\/\/schema.org","@graph":[{"@type":"Article","@id":"https:\/\/www.romaoggi.eu\/index.php\/2026\/01\/25\/fotografia-e-mercato-ruoli-funzioni-e-dinamiche-3a-edizione\/#article","isPartOf":{"@id":"https:\/\/www.romaoggi.eu\/index.php\/2026\/01\/25\/fotografia-e-mercato-ruoli-funzioni-e-dinamiche-3a-edizione\/"},"author":{"name":"Target Lab Ets","@id":"https:\/\/www.romaoggi.eu\/#\/schema\/person\/72b8cfc6de60caeb335267c8e21d90fb"},"headline":"Fotografia e mercato: ruoli, funzioni e dinamiche &#8211; 3a edizione","datePublished":"2026-01-25T10:28:42+00:00","mainEntityOfPage":{"@id":"https:\/\/www.romaoggi.eu\/index.php\/2026\/01\/25\/fotografia-e-mercato-ruoli-funzioni-e-dinamiche-3a-edizione\/"},"wordCount":329,"publisher":{"@id":"https:\/\/www.romaoggi.eu\/#organization"},"image":{"@id":"https:\/\/www.romaoggi.eu\/index.php\/2026\/01\/25\/fotografia-e-mercato-ruoli-funzioni-e-dinamiche-3a-edizione\/#primaryimage"},"thumbnailUrl":"https:\/\/www.romaoggi.eu\/wp-content\/uploads\/2026\/01\/vover-orizzontale.jpeg","keywords":["alessandro lisci","Azienda Speciale Palaexpo di Roma","Davide Battaglia","Maarco del Logu","Marco Alberi","mercato della fotografia","Palazzo delle Esposizioni","Panzzo","Paolo Franz\u00f2","Patrizia Genovesi","Senior Wealth Planner Azimut Capital Management S.g.r.","target lab ets"],"articleSection":["Fotografia &amp; Dintorni"],"inLanguage":"it-IT"},{"@type":"WebPage","@id":"https:\/\/www.romaoggi.eu\/index.php\/2026\/01\/25\/fotografia-e-mercato-ruoli-funzioni-e-dinamiche-3a-edizione\/","url":"https:\/\/www.romaoggi.eu\/index.php\/2026\/01\/25\/fotografia-e-mercato-ruoli-funzioni-e-dinamiche-3a-edizione\/","name":"Fotografia e mercato: ruoli, funzioni e dinamiche - 3a edizione","isPartOf":{"@id":"https:\/\/www.romaoggi.eu\/#website"},"primaryImageOfPage":{"@id":"https:\/\/www.romaoggi.eu\/index.php\/2026\/01\/25\/fotografia-e-mercato-ruoli-funzioni-e-dinamiche-3a-edizione\/#primaryimage"},"image":{"@id":"https:\/\/www.romaoggi.eu\/index.php\/2026\/01\/25\/fotografia-e-mercato-ruoli-funzioni-e-dinamiche-3a-edizione\/#primaryimage"},"thumbnailUrl":"https:\/\/www.romaoggi.eu\/wp-content\/uploads\/2026\/01\/vover-orizzontale.jpeg","datePublished":"2026-01-25T10:28:42+00:00","description":"Newsletter e vostri commenti o proposte di collaborazione scrivendo a target.lsfc@gmail.com\u00a0 \u00a0 \u00a0\u00a0infoline +39 3316379346 &nbsp; In un\u2019epoca in cui la","breadcrumb":{"@id":"https:\/\/www.romaoggi.eu\/index.php\/2026\/01\/25\/fotografia-e-mercato-ruoli-funzioni-e-dinamiche-3a-edizione\/#breadcrumb"},"inLanguage":"it-IT","potentialAction":[{"@type":"ReadAction","target":["https:\/\/www.romaoggi.eu\/index.php\/2026\/01\/25\/fotografia-e-mercato-ruoli-funzioni-e-dinamiche-3a-edizione\/"]}]},{"@type":"ImageObject","inLanguage":"it-IT","@id":"https:\/\/www.romaoggi.eu\/index.php\/2026\/01\/25\/fotografia-e-mercato-ruoli-funzioni-e-dinamiche-3a-edizione\/#primaryimage","url":"https:\/\/www.romaoggi.eu\/wp-content\/uploads\/2026\/01\/vover-orizzontale.jpeg","contentUrl":"https:\/\/www.romaoggi.eu\/wp-content\/uploads\/2026\/01\/vover-orizzontale.jpeg","width":1080,"height":659,"caption":"alt tag Patrizia Genovesi"},{"@type":"BreadcrumbList","@id":"https:\/\/www.romaoggi.eu\/index.php\/2026\/01\/25\/fotografia-e-mercato-ruoli-funzioni-e-dinamiche-3a-edizione\/#breadcrumb","itemListElement":[{"@type":"ListItem","position":1,"name":"Home","item":"https:\/\/www.romaoggi.eu\/"},{"@type":"ListItem","position":2,"name":"Fotografia e mercato: ruoli, funzioni e dinamiche &#8211; 3a edizione"}]},{"@type":"WebSite","@id":"https:\/\/www.romaoggi.eu\/#website","url":"https:\/\/www.romaoggi.eu\/","name":"roma oggi","description":"Interesting News for Interesting people","publisher":{"@id":"https:\/\/www.romaoggi.eu\/#organization"},"potentialAction":[{"@type":"SearchAction","target":{"@type":"EntryPoint","urlTemplate":"https:\/\/www.romaoggi.eu\/?s={search_term_string}"},"query-input":{"@type":"PropertyValueSpecification","valueRequired":true,"valueName":"search_term_string"}}],"inLanguage":"it-IT"},{"@type":"Organization","@id":"https:\/\/www.romaoggi.eu\/#organization","name":"RomaOggi","url":"https:\/\/www.romaoggi.eu\/","logo":{"@type":"ImageObject","inLanguage":"it-IT","@id":"https:\/\/www.romaoggi.eu\/#\/schema\/logo\/image\/","url":"https:\/\/www.romaoggi.eu\/wp-content\/uploads\/2017\/04\/logowp.jpg","contentUrl":"https:\/\/www.romaoggi.eu\/wp-content\/uploads\/2017\/04\/logowp.jpg","width":300,"height":133,"caption":"RomaOggi"},"image":{"@id":"https:\/\/www.romaoggi.eu\/#\/schema\/logo\/image\/"},"sameAs":["https:\/\/www.facebook.com\/RomaOggi-841544845954114","https:\/\/x.com\/romaoggi_eu"]},{"@type":"Person","@id":"https:\/\/www.romaoggi.eu\/#\/schema\/person\/72b8cfc6de60caeb335267c8e21d90fb","name":"Target Lab Ets","image":{"@type":"ImageObject","inLanguage":"it-IT","@id":"https:\/\/secure.gravatar.com\/avatar\/ab64fd266889a629b0e9e6ab56209e379c2a89cfda303941ee9621d4090292d1?s=96&d=mm&r=g","url":"https:\/\/secure.gravatar.com\/avatar\/ab64fd266889a629b0e9e6ab56209e379c2a89cfda303941ee9621d4090292d1?s=96&d=mm&r=g","contentUrl":"https:\/\/secure.gravatar.com\/avatar\/ab64fd266889a629b0e9e6ab56209e379c2a89cfda303941ee9621d4090292d1?s=96&d=mm&r=g","caption":"Target Lab Ets"},"sameAs":["http:\/\/www.targetlab.org"],"url":"https:\/\/www.romaoggi.eu\/index.php\/author\/isfc\/"}]}},"_links":{"self":[{"href":"https:\/\/www.romaoggi.eu\/index.php\/wp-json\/wp\/v2\/posts\/41992","targetHints":{"allow":["GET"]}}],"collection":[{"href":"https:\/\/www.romaoggi.eu\/index.php\/wp-json\/wp\/v2\/posts"}],"about":[{"href":"https:\/\/www.romaoggi.eu\/index.php\/wp-json\/wp\/v2\/types\/post"}],"author":[{"embeddable":true,"href":"https:\/\/www.romaoggi.eu\/index.php\/wp-json\/wp\/v2\/users\/17"}],"replies":[{"embeddable":true,"href":"https:\/\/www.romaoggi.eu\/index.php\/wp-json\/wp\/v2\/comments?post=41992"}],"version-history":[{"count":4,"href":"https:\/\/www.romaoggi.eu\/index.php\/wp-json\/wp\/v2\/posts\/41992\/revisions"}],"predecessor-version":[{"id":42001,"href":"https:\/\/www.romaoggi.eu\/index.php\/wp-json\/wp\/v2\/posts\/41992\/revisions\/42001"}],"wp:featuredmedia":[{"embeddable":true,"href":"https:\/\/www.romaoggi.eu\/index.php\/wp-json\/wp\/v2\/media\/41995"}],"wp:attachment":[{"href":"https:\/\/www.romaoggi.eu\/index.php\/wp-json\/wp\/v2\/media?parent=41992"}],"wp:term":[{"taxonomy":"category","embeddable":true,"href":"https:\/\/www.romaoggi.eu\/index.php\/wp-json\/wp\/v2\/categories?post=41992"},{"taxonomy":"post_tag","embeddable":true,"href":"https:\/\/www.romaoggi.eu\/index.php\/wp-json\/wp\/v2\/tags?post=41992"}],"curies":[{"name":"wp","href":"https:\/\/api.w.org\/{rel}","templated":true}]}}