{"id":41998,"date":"2026-01-26T07:28:17","date_gmt":"2026-01-26T06:28:17","guid":{"rendered":"https:\/\/www.romaoggi.eu\/?p=41998"},"modified":"2026-01-26T08:09:50","modified_gmt":"2026-01-26T07:09:50","slug":"la-foto-del-giorno-complicita-e-di-irene-cinardi-commento-di-deborah-italia-target-lab-ets","status":"publish","type":"post","link":"https:\/\/www.romaoggi.eu\/index.php\/2026\/01\/26\/la-foto-del-giorno-complicita-e-di-irene-cinardi-commento-di-deborah-italia-target-lab-ets\/","title":{"rendered":"La Foto del Giorno: &#8220;Complicit\u00e0&#8221; \u00e8 di Irene Cinardi, commento di Deborah Italia &#8211; Target Lab Ets"},"content":{"rendered":"<p style=\"padding-left: 80px\"><img loading=\"lazy\" decoding=\"async\" class=\"size-medium wp-image-39671 alignleft\" src=\"https:\/\/www.romaoggi.eu\/wp-content\/uploads\/2025\/05\/aBoxino-x-marchio-300x137.jpg\" alt=\"\" width=\"300\" height=\"137\" srcset=\"https:\/\/www.romaoggi.eu\/wp-content\/uploads\/2025\/05\/aBoxino-x-marchio-300x137.jpg 300w, https:\/\/www.romaoggi.eu\/wp-content\/uploads\/2025\/05\/aBoxino-x-marchio.jpg 551w\" sizes=\"auto, (max-width: 300px) 100vw, 300px\" \/><\/p>\n<p><img loading=\"lazy\" decoding=\"async\" class=\"alignnone size-full wp-image-40068 alignleft\" src=\"https:\/\/www.romaoggi.eu\/wp-content\/uploads\/2025\/06\/OIP.jpeg\" alt=\"\" width=\"104\" height=\"104\" \/><\/p>\n<p style=\"text-align: left\" align=\"CENTER\"><strong>Richiesta inserimento in newsletter e vostri commenti o proposte di collaborazione <\/strong><strong>scrivendo\u00a0a\u00a0<a href=\"mailto:target.lsfc@gmail.com\" data-aalisten=\"1\">target.lsfc@gmail.com<\/a>\u00a0 \u00a0 infoline +39 3316379346<\/strong><\/p>\n<p align=\"JUSTIFY\"><strong><span style=\"color: #000000\"><span style=\"font-family: Times New Roman, serif\"><span style=\"font-size: medium\">La foto del giorno<\/span><\/span><\/span><\/strong><span style=\"color: #000000\"><span style=\"font-family: Times New Roman, serif\"><span style=\"font-size: medium\"> di luned\u00ec 26 gennaio <\/span><\/span><\/span><span style=\"color: #000000\"><span style=\"font-family: Times New Roman, serif\"><span style=\"font-size: medium\"><b>2026<\/b><\/span><\/span><\/span><b> <\/b><span style=\"color: #000000\"><span style=\"font-family: Times New Roman, serif\"><span style=\"font-size: medium\">dal titolo<\/span><\/span><\/span> <strong><span style=\"color: #000000\"><span style=\"font-family: Times New Roman, serif\"><span style=\"font-size: medium\">&#8220;<\/span><\/span><\/span><\/strong><strong><span style=\"color: #26282a\"><span style=\"font-family: Times New Roman, serif\"><span style=\"font-size: medium\"><b>Complicit\u00e0<\/b><\/span><\/span><\/span><\/strong><strong><span style=\"color: #000000\"><span style=\"font-family: Times New Roman, serif\"><span style=\"font-size: medium\">&#8220;<\/span><\/span><\/span><\/strong> <span style=\"color: #1d2228\"><span style=\"font-family: Times New Roman, serif\"><span style=\"font-size: medium\">\u00e8 di Irene Cinardi, <\/span><\/span><\/span><span style=\"color: #1d2228\"><span style=\"font-family: Times New Roman, serif\"><span style=\"font-size: medium\">commento di<\/span><\/span><\/span><span style=\"color: #1d2228\"><span style=\"font-family: Times New Roman, serif\"><span style=\"font-size: medium\"><b> Deborah Italia<\/b><\/span><\/span><\/span><span style=\"color: #1d2228\"><span style=\"font-family: Times New Roman, serif\"><span style=\"font-size: medium\">.<\/span><\/span><\/span><span style=\"color: #000000\"><span style=\"font-family: Times New Roman, serif\"><span style=\"font-size: medium\"> Rubrica a cura di Alessandro Lisci. <\/span><\/span><\/span><strong><span style=\"color: #000000\"><span style=\"font-family: Times New Roman, serif\"><span style=\"font-size: medium\">Invia la tua foto del giorno al<\/span><\/span><\/span><\/strong><strong><span style=\"color: #000000\"><span style=\"font-family: Times New Roman, serif\"><span style=\"font-size: medium\"> whats app 3316379346 o <\/span><\/span><\/span><\/strong><strong><span style=\"color: #000000\"><span style=\"font-family: Times New Roman, serif\"><span style=\"font-size: medium\">alla mail<\/span><\/span><\/span><\/strong> <strong><a href=\"mailto:alessandrolisci@yahoo.it\"><span style=\"font-family: Times New Roman, serif\"><span style=\"font-size: medium\">alessandrolisci@yahoo.it<\/span><\/span><\/a><\/strong><strong><span style=\"color: #000000\"><span style=\"font-family: Times New Roman, serif\"><span style=\"font-size: medium\">. <\/span><\/span><\/span><\/strong><\/p>\n<p align=\"JUSTIFY\"><strong><span style=\"color: #ff0000\"><span style=\"font-family: Times New Roman, serif\"><span style=\"font-size: medium\">Rubrica in collaborazione con Lettere Caff\u00e8 -Via San Francesco a Ripa, 100\/101 Rome, Italy mob (+39) 340 004 4154 -info@letterecaffe.org<\/span><\/span><\/span><\/strong><\/p>\n<p align=\"JUSTIFY\"><strong><span style=\"color: #000000\"><span style=\"font-family: Times New Roman, serif\"><span style=\"font-size: medium\">Il commento <\/span><\/span><\/span><\/strong><\/p>\n<p align=\"JUSTIFY\"><span style=\"color: #000000\"><span style=\"font-family: Times New Roman, serif\"><span style=\"font-size: medium\">Qui il tempo sembra fermarsi. \u00a0<\/span><\/span><\/span><\/p>\n<p align=\"JUSTIFY\">Lo scatto cattura l\u2019essenza di un legame profondo tra essere umano e cavallo: un rapporto fatto di fiducia, ascolto silenzioso e rispetto reciproco.<\/p>\n<p align=\"JUSTIFY\">Lei, vestita di verde. Lui, candido e fiero. Non servono parole: si riconoscono, si fidano, si appartengono.<\/p>\n<p align=\"JUSTIFY\">L&#8217;abito di lei ondeggia come il vento tra gli ulivi,\u00a0 lui, maestoso e docile, si lascia avvicinare con fiducia. \u00a0Non c\u2019\u00e8 dominio, ma ascolto. \u00a0Non c\u2019\u00e8 comando, ma connessione.<\/p>\n<p align=\"JUSTIFY\">L\u2019incontro tra la forza elegante del cavallo e la presenza delicata della donna diventa metafora di armonia e verit\u00e0 profonda.<\/p>\n<p align=\"JUSTIFY\">Un\u2019immagine che non racconta solo un momento, ma un dialogo intimo e universale, sospeso tra emozione e natura.<\/p>\n<p align=\"JUSTIFY\">Evoca un\u2019atmosfera da fiaba: selvaggia, intensa, sospesa tra realt\u00e0 e magia. Come Fantaghir\u00f2, lei \u00e8 una donna forte e sensibile, che cammina in equilibrio tra coraggio e dolcezza.<\/p>\n<p align=\"JUSTIFY\">In armonia con la natura e con s\u00e9 stessa, diventa simbolo di bellezza interiore e libert\u00e0 autentica.<\/p>\n<p align=\"JUSTIFY\">\u00a0Un\u2019immagine che racconta un mondo dove il sogno si intreccia con la verit\u00e0 del cuore.<\/p>\n<p style=\"text-align: right\" align=\"JUSTIFY\"><strong><span style=\"font-family: Times New Roman, serif\"><span style=\"font-size: medium\"> \u00a9 2026 Deborah Italia<\/span><\/span><\/strong><\/p>\n<figure id=\"attachment_42005\" aria-describedby=\"caption-attachment-42005\" style=\"width: 1331px\" class=\"wp-caption alignnone\"><img loading=\"lazy\" decoding=\"async\" class=\" wp-image-42005\" src=\"https:\/\/www.romaoggi.eu\/wp-content\/uploads\/2026\/01\/DSC_0767-irene-Cinardi-Complicita-300x199.jpg\" alt=\"alt tag Irene Cinardi\" width=\"1331\" height=\"883\" \/><figcaption id=\"caption-attachment-42005\" class=\"wp-caption-text\"><span style=\"color: #000080\"><strong>Complicit\u00e0. Fotografia di Irene Cinardi<\/strong><\/span><\/figcaption><\/figure>\n<p align=\"JUSTIFY\"><strong><span style=\"font-family: Times New Roman, serif\"><span style=\"font-size: medium\">Deborah Italia nota bio<\/span><\/span><\/strong><\/p>\n<p align=\"JUSTIFY\"><span style=\"font-family: Times New Roman, serif\"><span style=\"font-size: medium\">Deborah Italia nasce a Lucerna, in Svizzera, il 27 agosto. Trascorre qui la propria infanzia fino all\u2019et\u00e0 di 10 anni, quando si trasferisce con tutta la famiglia in Sicilia. Spinta dalla grande passione per la musica, all\u2019et\u00e0 di 15 anni forma un trio musicale chiamato \u201cThe Barricades\u201d con cui si esibisce soprattutto nei piano-bar. <\/span><\/span><\/p>\n<p align=\"JUSTIFY\"><span style=\"font-family: Times New Roman, serif\"><span style=\"font-size: medium\">La vita del trio dura circa due anni, poi Deborah capisce che \u00e8 arrivato il momento di intraprendere il percorso di solista, con un proprio repertorio di inediti (tuttavia mai pubblicati). Il nuovo percorso funziona e, con lo pseudonimo di Nubia, gira l\u2019intera Sicilia esibendosi nelle maggiori citt\u00e0 dell\u2019isola. A 20 anni decide di trasferirsi a Roma. <\/span><\/span><\/p>\n<p align=\"JUSTIFY\"><span style=\"color: #1a1a1a\"><span style=\"font-family: Times New Roman, serif\"><span style=\"font-size: medium\">Il salto di qualit\u00e0 sotto il profilo professionale non tarda ad arrivare. Partecipa infatti a numerose trasmissioni televisive come: Domenica In (nelle vesti di cantante e ballerina), Il Salotto Magico (co-presentatrice), Capitani In Fondo al Mar, Cinecitt\u00e0 Miss, Cinecitt\u00e0 Days. Arriva anche una piccola parte come attrice nella fiction Padri e Figli. In questi anni inizia inoltre l\u2019attivit\u00e0 di modella, fotomodella e indossatrice. Nel frattempo, non smette di studiare e si laurea in Teatro, Cinema, Danza e Arti Digitali presso l\u2019Universit\u00e0 La Sapienza di Roma ed \u00e8 qui che si avvicina al mondo della fotografia. Attraverso lo studio di diversi pittori, fotografi, antropologi inizia ad osservare attimi e dettagli di tutto ci\u00f2 che la circonda e inizia ad usare le immagini per parlare di ci\u00f2 che la emoziona. <\/span><\/span><\/span><span style=\"color: #1a1a1a\"><span style=\"font-family: Times New Roman, serif\"><span style=\"font-size: medium\">Da Maggio 2025 \u00e8 iscritta a Target Lab Ets, Laboratorio Sperimentale di Fotografia e Comunicazione.<\/span><\/span><\/span><\/p>\n<p align=\"CENTER\"><strong><span style=\"color: #1a1a1a\"><span style=\"font-family: Times New Roman, serif\"><span style=\"font-size: medium\">______________________<\/span><\/span><\/span><\/strong><\/p>\n<p align=\"CENTER\"><strong><span style=\"color: #000000\"><span style=\"font-family: Times New Roman, serif\"><span style=\"font-size: medium\"><b>Editing fotografico a cura di Alessandro Lisci \u2013 Target Lab Ets<\/b><\/span><\/span><\/span><\/strong><\/p>\n<p align=\"CENTER\"><span style=\"color: #000000\"><span style=\"font-family: Times New Roman, serif\"><span style=\"font-size: medium\"><b>Visita il sito:\u00a0<\/b><\/span><\/span><\/span><a href=\"https:\/\/www.facebook.com\/TargetLabEts\"><span style=\"color: #e64946\"><span style=\"font-family: Times New Roman, serif\"><span style=\"font-size: medium\"><b>https:\/\/www.facebook.com\/TargetLabEts<\/b><\/span><\/span><\/span><\/a><\/p>\n<p align=\"CENTER\"><strong><span style=\"color: #000000\"><span style=\"font-family: Times New Roman, serif\"><span style=\"font-size: medium\"><b>Sostieni il progetto fotografico di Target Lab Ets con una\u00a0<\/b><\/span><\/span><\/span><\/strong><strong><span style=\"color: #ff0000\"><span style=\"font-family: Times New Roman, serif\"><span style=\"font-size: medium\"><b>donazione\/erogazione liberale<\/b><\/span><\/span><\/span><\/strong><span style=\"color: #000000\"><span style=\"font-family: Times New Roman, serif\"><span style=\"font-size: medium\">\u00a0<\/span><\/span><\/span><strong><span style=\"color: #000000\"><span style=\"font-family: Times New Roman, serif\"><span style=\"font-size: medium\"><b>al seguente\u00a0<\/b><\/span><\/span><\/span><\/strong><strong><span style=\"color: #ff0000\"><span style=\"font-family: Times New Roman, serif\"><span style=\"font-size: medium\"><b>IBAN<\/b><\/span><\/span><\/span><\/strong><span style=\"color: #000000\"><span style=\"font-family: Times New Roman, serif\"><span style=\"font-size: medium\">\u00a0<\/span><\/span><\/span><strong><span style=\"color: #ff0000\"><span style=\"font-family: Times New Roman, serif\"><span style=\"font-size: medium\"><b>IT05M0306909606100000186094<\/b><\/span><\/span><\/span><\/strong><span style=\"color: #000000\"><span style=\"font-family: Times New Roman, serif\"><span style=\"font-size: medium\">\u00a0<\/span><\/span><\/span><strong><span style=\"color: #161a1e\"><span style=\"font-family: Times New Roman, serif\"><span style=\"font-size: medium\"><b>intestato a Target Lab Ets.<\/b><\/span><\/span><\/span><\/strong><\/p>\n<p align=\"CENTER\"><strong><span style=\"color: #161a1e\"><span style=\"font-family: Times New Roman, serif\"><span style=\"font-size: medium\"><b>Le donazioni liberali sono detraibili in sede di dichiarazione dei redditi.<\/b><\/span><\/span><\/span><\/strong><\/p>\n<p align=\"CENTER\"><strong><span style=\"color: #ff0000\"><span style=\"font-family: Times New Roman, serif\"><span style=\"font-size: medium\"><b>Devolvi il 5xmille nella prossima dichiarazione dei redditi a Target Lab Ets<\/b><\/span><\/span><\/span><\/strong><span style=\"color: #000000\"><span style=\"font-family: Times New Roman, serif\"><span style=\"font-size: medium\">\u00a0<\/span><\/span><\/span><strong><span style=\"color: #000000\"><span style=\"font-family: Times New Roman, serif\"><span style=\"font-size: medium\"><b>inserendo il\u00a0<\/b><\/span><\/span><\/span><\/strong><strong><span style=\"color: #ff0000\"><span style=\"font-family: Times New Roman, serif\"><span style=\"font-size: medium\"><b>CF : 96498910585<\/b><\/span><\/span><\/span><\/strong><span style=\"color: #000000\"><span style=\"font-family: Times New Roman, serif\"><span style=\"font-size: medium\">\u00a0<\/span><\/span><\/span><strong><span style=\"color: #000000\"><span style=\"font-family: Times New Roman, serif\"><span style=\"font-size: medium\"><b>riquadro ONLUS, Enti Terzo Settore,Aps per finanziare futuri progetti fotografici a ricaduta sociale<\/b><\/span><\/span><\/span><\/strong><\/p>\n<p><span style=\"color: #000000\">\u00a0<\/span><\/p>\n<p align=\"JUSTIFY\"><span style=\"color: #26282a\"><span style=\"font-family: Times New Roman, serif\"><span style=\"font-size: medium\"><span style=\"color: #000000\"><b>Target Lab\u00a0Ets\u00a0<\/b><\/span><span style=\"color: #000000\">\u00e8 un\u2019 associazione culturale ente terzo settore, reg. 4338\/3\/2021 CF.\u00a0<\/span><span style=\"color: #1d2228\">96498910585 \u2013 Iscriz. RUNTS 30\/12\/2022), fondata e presieduta da\u00a0Alessandro Lisci, fotoreporter freelance,\u00a0e\u00a0 composta dal seguente comitato scientifico:\u00a0Simonetta Baroni\u00a0\u2013 storica dell\u2019arte;\u00a0Franco Bottoni\u00a0\u2013 tipografo;\u00a0Michele Brescia\u00a0\u2013 storico dell\u2019Arte;\u00a0Fabiana Cambiaso\u00a0\u2013 architetta;\u00a0\u00a0Allan Ceen\u00a0\u2013\u00a0 urbanista;\u00a0Marco Geppetti- fotografo professionista;\u00a0Paola Ortensi\u00a0\u2013 politiche rurali ed agricole;\u00a0Maurizio Paradisi\u00a0\u2013 sport.<\/span><\/span><\/span><\/span><\/p>\n<p align=\"JUSTIFY\"><span style=\"color: #1d2228\"><span style=\"font-family: Times New Roman, serif\"><span style=\"font-size: medium\">Target Lab Ets \u00e8 stata presentata il 6 dicembre 2021\u00a0al pubblico e alla stampa presso la sala\u00a0Walter Tobagi\u00a0della\u00a0FNSI, Federazione Nazionale della Stampa Italiana, sede nazionale di Roma,\u00a0 con\u00a0Paolo Conti\u00a0del Corriere della Sera;\u00a0Vittorio Morelli\u00a0dell\u2019Agi;\u00a0Marco Geppetti\u00a0e\u00a0Andrea Denzi\u00a0della Marcello Geppetti Media Company srl.<\/span><\/span><\/span><\/p>\n<p align=\"JUSTIFY\"><a href=\"https:\/\/www.radioradicale.it\/scheda\/654816\/presentazione-del-progetto-target-lab-ets-laboratorio-sperimentale-di-fotografia-e\" target=\"_blank\" rel=\"noopener\"><span style=\"color: #000000\"><span style=\"font-family: Times New Roman, serif\"><span style=\"font-size: medium\"><u><b>https:\/\/www.radioradicale.it\/scheda\/654816\/presentazione-del-progetto-target-lab-ets-laboratorio-sperimentale-di-fotografia-e<\/b><\/u><\/span><\/span><\/span><\/a><\/p>\n<p align=\"JUSTIFY\"><strong><span style=\"color: #000000\"><span style=\"font-family: Times New Roman, serif\"><span style=\"font-size: medium\"><b>email\u00a0\u00a0<\/b><\/span><\/span><\/span><\/strong><strong><a href=\"mailto:target.lsfc@gmail.com\" target=\"_blank\" rel=\"noopener\"><span style=\"color: #0000ff\"><span style=\"font-family: Times New Roman, serif\"><span style=\"font-size: medium\"><u><b>target.lsfc@gmail.com<\/b><\/u><\/span><\/span><\/span><\/a><\/strong><strong><span style=\"color: #cd232c\"><span style=\"font-family: Times New Roman, serif\"><span style=\"font-size: medium\"><u>\u00a0\u00a0<\/u><\/span><\/span><\/span><\/strong><strong><span style=\"color: #000000\"><span style=\"font-family: Times New Roman, serif\"><span style=\"font-size: medium\"><b>mob\u00a0. \u00a0<\/b><\/span><\/span><\/span><\/strong><strong><span style=\"color: #cd232c\"><span style=\"font-family: Times New Roman, serif\"><span style=\"font-size: medium\"><b>+<\/b><\/span><\/span><\/span><\/strong><strong><span style=\"color: #000000\"><span style=\"font-family: Times New Roman, serif\"><span style=\"font-size: medium\"><b>39 3316379346<\/b><\/span><\/span><\/span><\/strong><\/p>\n<p align=\"JUSTIFY\">\n","protected":false},"excerpt":{"rendered":"<div class=\"mh-excerpt\"><p>Richiesta inserimento in newsletter e vostri commenti o proposte di collaborazione scrivendo\u00a0a\u00a0target.lsfc@gmail.com\u00a0 \u00a0 infoline +39 3316379346 La foto del giorno di luned\u00ec 26 gennaio 2026 dal titolo &#8220;Complicit\u00e0&#8220; \u00e8 di Irene Cinardi, commento di Deborah <a class=\"mh-excerpt-more\" href=\"https:\/\/www.romaoggi.eu\/index.php\/2026\/01\/26\/la-foto-del-giorno-complicita-e-di-irene-cinardi-commento-di-deborah-italia-target-lab-ets\/\" title=\"La Foto del Giorno: &#8220;Complicit\u00e0&#8221; \u00e8 di Irene Cinardi, commento di Deborah Italia &#8211; Target Lab Ets\">[&#8230;]<\/a><\/p>\n<\/div>","protected":false},"author":17,"featured_media":42005,"comment_status":"closed","ping_status":"open","sticky":false,"template":"","format":"standard","meta":{"_sitemap_exclude":false,"_sitemap_priority":"","_sitemap_frequency":"","footnotes":""},"categories":[8934],"tags":[14999,18049,14994,14912,4137,17683,19206,19205,17685,17704,17686,17687,274,17800,10420,9532,17688,17689,17690,14763,17691,17692,17693,1738,17694,16078,17695,18048,15567,17684,19207],"class_list":["post-41998","post","type-post","status-publish","format-standard","has-post-thumbnail","hentry","category-lafotodelgiorno","tag-art","tag-phot","tag-photo","tag-photography","tag-alessandro-lisci","tag-all_shots","tag-cavallo","tag-complicita","tag-composition","tag-deborah-italia","tag-exposure","tag-focus","tag-fotografia","tag-irene-cinardi","tag-la-foto-del-giorno","tag-lettere-caffe","tag-photooftheday","tag-photos","tag-pic","tag-picoftheday","tag-pics","tag-picture","tag-pictures","tag-romaoggi-eu","tag-snapshot","tag-storytelling","tag-tagsforlikes","tag-tagsforlikes-storytelling","tag-target-lab-ets","tag-tecnicafotografica","tag-uomo-e-cavallo"],"yoast_head":"<!-- This site is optimized with the Yoast SEO plugin v27.4 - https:\/\/yoast.com\/product\/yoast-seo-wordpress\/ -->\n<title>La Foto del Giorno: &quot;Complicit\u00e0&quot; \u00e8 di Irene Cinardi, commento di Deborah Italia - Target Lab Ets<\/title>\n<meta name=\"description\" content=\"Richiesta inserimento in newsletter e vostri commenti o proposte di collaborazione scrivendo\u00a0a\u00a0target.lsfc@gmail.com\u00a0 \u00a0 infoline +39 3316379346 La foto\" \/>\n<meta name=\"robots\" content=\"index, follow, max-snippet:-1, max-image-preview:large, max-video-preview:-1\" \/>\n<link rel=\"canonical\" href=\"https:\/\/www.romaoggi.eu\/index.php\/2026\/01\/26\/la-foto-del-giorno-complicita-e-di-irene-cinardi-commento-di-deborah-italia-target-lab-ets\/\" \/>\n<meta property=\"og:locale\" content=\"it_IT\" \/>\n<meta property=\"og:type\" content=\"article\" \/>\n<meta property=\"og:title\" content=\"La Foto del Giorno: &quot;Complicit\u00e0&quot; \u00e8 di Irene Cinardi, commento di Deborah Italia - Target Lab Ets\" \/>\n<meta property=\"og:description\" content=\"Richiesta inserimento in newsletter e vostri commenti o proposte di collaborazione scrivendo\u00a0a\u00a0target.lsfc@gmail.com\u00a0 \u00a0 infoline +39 3316379346 La foto\" \/>\n<meta property=\"og:url\" content=\"https:\/\/www.romaoggi.eu\/index.php\/2026\/01\/26\/la-foto-del-giorno-complicita-e-di-irene-cinardi-commento-di-deborah-italia-target-lab-ets\/\" \/>\n<meta property=\"og:site_name\" content=\"roma oggi\" \/>\n<meta property=\"article:publisher\" content=\"https:\/\/www.facebook.com\/RomaOggi-841544845954114\" \/>\n<meta property=\"article:published_time\" content=\"2026-01-26T06:28:17+00:00\" \/>\n<meta property=\"article:modified_time\" content=\"2026-01-26T07:09:50+00:00\" \/>\n<meta property=\"og:image\" content=\"https:\/\/www.romaoggi.eu\/wp-content\/uploads\/2026\/01\/DSC_0767-irene-Cinardi-Complicita.jpg\" \/>\n\t<meta property=\"og:image:width\" content=\"1500\" \/>\n\t<meta property=\"og:image:height\" content=\"997\" \/>\n\t<meta property=\"og:image:type\" content=\"image\/jpeg\" \/>\n<meta name=\"author\" content=\"Target Lab Ets\" \/>\n<meta name=\"twitter:card\" content=\"summary_large_image\" \/>\n<meta name=\"twitter:creator\" content=\"@romaoggi_eu\" \/>\n<meta name=\"twitter:site\" content=\"@romaoggi_eu\" \/>\n<meta name=\"twitter:label1\" content=\"Scritto da\" \/>\n\t<meta name=\"twitter:data1\" content=\"Target Lab Ets\" \/>\n\t<meta name=\"twitter:label2\" content=\"Tempo di lettura stimato\" \/>\n\t<meta name=\"twitter:data2\" content=\"5 minuti\" \/>\n<script type=\"application\/ld+json\" class=\"yoast-schema-graph\">{\"@context\":\"https:\\\/\\\/schema.org\",\"@graph\":[{\"@type\":\"Article\",\"@id\":\"https:\\\/\\\/www.romaoggi.eu\\\/index.php\\\/2026\\\/01\\\/26\\\/la-foto-del-giorno-complicita-e-di-irene-cinardi-commento-di-deborah-italia-target-lab-ets\\\/#article\",\"isPartOf\":{\"@id\":\"https:\\\/\\\/www.romaoggi.eu\\\/index.php\\\/2026\\\/01\\\/26\\\/la-foto-del-giorno-complicita-e-di-irene-cinardi-commento-di-deborah-italia-target-lab-ets\\\/\"},\"author\":{\"name\":\"Target Lab Ets\",\"@id\":\"https:\\\/\\\/www.romaoggi.eu\\\/#\\\/schema\\\/person\\\/72b8cfc6de60caeb335267c8e21d90fb\"},\"headline\":\"La Foto del Giorno: &#8220;Complicit\u00e0&#8221; \u00e8 di Irene Cinardi, commento di Deborah Italia &#8211; Target Lab Ets\",\"datePublished\":\"2026-01-26T06:28:17+00:00\",\"dateModified\":\"2026-01-26T07:09:50+00:00\",\"mainEntityOfPage\":{\"@id\":\"https:\\\/\\\/www.romaoggi.eu\\\/index.php\\\/2026\\\/01\\\/26\\\/la-foto-del-giorno-complicita-e-di-irene-cinardi-commento-di-deborah-italia-target-lab-ets\\\/\"},\"wordCount\":740,\"publisher\":{\"@id\":\"https:\\\/\\\/www.romaoggi.eu\\\/#organization\"},\"image\":{\"@id\":\"https:\\\/\\\/www.romaoggi.eu\\\/index.php\\\/2026\\\/01\\\/26\\\/la-foto-del-giorno-complicita-e-di-irene-cinardi-commento-di-deborah-italia-target-lab-ets\\\/#primaryimage\"},\"thumbnailUrl\":\"https:\\\/\\\/www.romaoggi.eu\\\/wp-content\\\/uploads\\\/2026\\\/01\\\/DSC_0767-irene-Cinardi-Complicita.jpg\",\"keywords\":[\"#art\",\"#phot\",\"#photo\",\"#photography\",\"alessandro lisci\",\"all_shots\",\"cavallo\",\"complicit\u00e0\",\"composition\",\"Deborah Italia\",\"exposure\",\"focus\",\"fotografia\",\"Irene Cinardi\",\"La foto del giorno\",\"lettere caff\u00e8\",\"photooftheday\",\"photos\",\"pic\",\"picoftheday\",\"pics\",\"picture\",\"pictures\",\"RomaOggi.eu\",\"snapshot\",\"storytelling\",\"TagsForLikes\",\"TagsForLikes #storytelling\",\"target lab ets\",\"tecnicafotografica\",\"uomo e cavallo\"],\"articleSection\":[\"La foto del giorno\"],\"inLanguage\":\"it-IT\"},{\"@type\":\"WebPage\",\"@id\":\"https:\\\/\\\/www.romaoggi.eu\\\/index.php\\\/2026\\\/01\\\/26\\\/la-foto-del-giorno-complicita-e-di-irene-cinardi-commento-di-deborah-italia-target-lab-ets\\\/\",\"url\":\"https:\\\/\\\/www.romaoggi.eu\\\/index.php\\\/2026\\\/01\\\/26\\\/la-foto-del-giorno-complicita-e-di-irene-cinardi-commento-di-deborah-italia-target-lab-ets\\\/\",\"name\":\"La Foto del Giorno: \\\"Complicit\u00e0\\\" \u00e8 di Irene Cinardi, commento di Deborah Italia - Target Lab Ets\",\"isPartOf\":{\"@id\":\"https:\\\/\\\/www.romaoggi.eu\\\/#website\"},\"primaryImageOfPage\":{\"@id\":\"https:\\\/\\\/www.romaoggi.eu\\\/index.php\\\/2026\\\/01\\\/26\\\/la-foto-del-giorno-complicita-e-di-irene-cinardi-commento-di-deborah-italia-target-lab-ets\\\/#primaryimage\"},\"image\":{\"@id\":\"https:\\\/\\\/www.romaoggi.eu\\\/index.php\\\/2026\\\/01\\\/26\\\/la-foto-del-giorno-complicita-e-di-irene-cinardi-commento-di-deborah-italia-target-lab-ets\\\/#primaryimage\"},\"thumbnailUrl\":\"https:\\\/\\\/www.romaoggi.eu\\\/wp-content\\\/uploads\\\/2026\\\/01\\\/DSC_0767-irene-Cinardi-Complicita.jpg\",\"datePublished\":\"2026-01-26T06:28:17+00:00\",\"dateModified\":\"2026-01-26T07:09:50+00:00\",\"description\":\"Richiesta inserimento in newsletter e vostri commenti o proposte di collaborazione scrivendo\u00a0a\u00a0target.lsfc@gmail.com\u00a0 \u00a0 infoline +39 3316379346 La foto\",\"breadcrumb\":{\"@id\":\"https:\\\/\\\/www.romaoggi.eu\\\/index.php\\\/2026\\\/01\\\/26\\\/la-foto-del-giorno-complicita-e-di-irene-cinardi-commento-di-deborah-italia-target-lab-ets\\\/#breadcrumb\"},\"inLanguage\":\"it-IT\",\"potentialAction\":[{\"@type\":\"ReadAction\",\"target\":[\"https:\\\/\\\/www.romaoggi.eu\\\/index.php\\\/2026\\\/01\\\/26\\\/la-foto-del-giorno-complicita-e-di-irene-cinardi-commento-di-deborah-italia-target-lab-ets\\\/\"]}]},{\"@type\":\"ImageObject\",\"inLanguage\":\"it-IT\",\"@id\":\"https:\\\/\\\/www.romaoggi.eu\\\/index.php\\\/2026\\\/01\\\/26\\\/la-foto-del-giorno-complicita-e-di-irene-cinardi-commento-di-deborah-italia-target-lab-ets\\\/#primaryimage\",\"url\":\"https:\\\/\\\/www.romaoggi.eu\\\/wp-content\\\/uploads\\\/2026\\\/01\\\/DSC_0767-irene-Cinardi-Complicita.jpg\",\"contentUrl\":\"https:\\\/\\\/www.romaoggi.eu\\\/wp-content\\\/uploads\\\/2026\\\/01\\\/DSC_0767-irene-Cinardi-Complicita.jpg\",\"width\":1500,\"height\":997,\"caption\":\"Complicit\u00e0. Fotografia di Irene Cinardi\"},{\"@type\":\"BreadcrumbList\",\"@id\":\"https:\\\/\\\/www.romaoggi.eu\\\/index.php\\\/2026\\\/01\\\/26\\\/la-foto-del-giorno-complicita-e-di-irene-cinardi-commento-di-deborah-italia-target-lab-ets\\\/#breadcrumb\",\"itemListElement\":[{\"@type\":\"ListItem\",\"position\":1,\"name\":\"Home\",\"item\":\"https:\\\/\\\/www.romaoggi.eu\\\/\"},{\"@type\":\"ListItem\",\"position\":2,\"name\":\"La Foto del Giorno: &#8220;Complicit\u00e0&#8221; \u00e8 di Irene Cinardi, commento di Deborah Italia &#8211; Target Lab Ets\"}]},{\"@type\":\"WebSite\",\"@id\":\"https:\\\/\\\/www.romaoggi.eu\\\/#website\",\"url\":\"https:\\\/\\\/www.romaoggi.eu\\\/\",\"name\":\"roma oggi\",\"description\":\"Interesting News for Interesting people\",\"publisher\":{\"@id\":\"https:\\\/\\\/www.romaoggi.eu\\\/#organization\"},\"potentialAction\":[{\"@type\":\"SearchAction\",\"target\":{\"@type\":\"EntryPoint\",\"urlTemplate\":\"https:\\\/\\\/www.romaoggi.eu\\\/?s={search_term_string}\"},\"query-input\":{\"@type\":\"PropertyValueSpecification\",\"valueRequired\":true,\"valueName\":\"search_term_string\"}}],\"inLanguage\":\"it-IT\"},{\"@type\":\"Organization\",\"@id\":\"https:\\\/\\\/www.romaoggi.eu\\\/#organization\",\"name\":\"RomaOggi\",\"url\":\"https:\\\/\\\/www.romaoggi.eu\\\/\",\"logo\":{\"@type\":\"ImageObject\",\"inLanguage\":\"it-IT\",\"@id\":\"https:\\\/\\\/www.romaoggi.eu\\\/#\\\/schema\\\/logo\\\/image\\\/\",\"url\":\"https:\\\/\\\/www.romaoggi.eu\\\/wp-content\\\/uploads\\\/2017\\\/04\\\/logowp.jpg\",\"contentUrl\":\"https:\\\/\\\/www.romaoggi.eu\\\/wp-content\\\/uploads\\\/2017\\\/04\\\/logowp.jpg\",\"width\":300,\"height\":133,\"caption\":\"RomaOggi\"},\"image\":{\"@id\":\"https:\\\/\\\/www.romaoggi.eu\\\/#\\\/schema\\\/logo\\\/image\\\/\"},\"sameAs\":[\"https:\\\/\\\/www.facebook.com\\\/RomaOggi-841544845954114\",\"https:\\\/\\\/x.com\\\/romaoggi_eu\"]},{\"@type\":\"Person\",\"@id\":\"https:\\\/\\\/www.romaoggi.eu\\\/#\\\/schema\\\/person\\\/72b8cfc6de60caeb335267c8e21d90fb\",\"name\":\"Target Lab Ets\",\"image\":{\"@type\":\"ImageObject\",\"inLanguage\":\"it-IT\",\"@id\":\"https:\\\/\\\/secure.gravatar.com\\\/avatar\\\/ab64fd266889a629b0e9e6ab56209e379c2a89cfda303941ee9621d4090292d1?s=96&d=mm&r=g\",\"url\":\"https:\\\/\\\/secure.gravatar.com\\\/avatar\\\/ab64fd266889a629b0e9e6ab56209e379c2a89cfda303941ee9621d4090292d1?s=96&d=mm&r=g\",\"contentUrl\":\"https:\\\/\\\/secure.gravatar.com\\\/avatar\\\/ab64fd266889a629b0e9e6ab56209e379c2a89cfda303941ee9621d4090292d1?s=96&d=mm&r=g\",\"caption\":\"Target Lab Ets\"},\"sameAs\":[\"http:\\\/\\\/www.targetlab.org\"],\"url\":\"https:\\\/\\\/www.romaoggi.eu\\\/index.php\\\/author\\\/isfc\\\/\"}]}<\/script>\n<!-- \/ Yoast SEO plugin. -->","yoast_head_json":{"title":"La Foto del Giorno: \"Complicit\u00e0\" \u00e8 di Irene Cinardi, commento di Deborah Italia - Target Lab Ets","description":"Richiesta inserimento in newsletter e vostri commenti o proposte di collaborazione scrivendo\u00a0a\u00a0target.lsfc@gmail.com\u00a0 \u00a0 infoline +39 3316379346 La foto","robots":{"index":"index","follow":"follow","max-snippet":"max-snippet:-1","max-image-preview":"max-image-preview:large","max-video-preview":"max-video-preview:-1"},"canonical":"https:\/\/www.romaoggi.eu\/index.php\/2026\/01\/26\/la-foto-del-giorno-complicita-e-di-irene-cinardi-commento-di-deborah-italia-target-lab-ets\/","og_locale":"it_IT","og_type":"article","og_title":"La Foto del Giorno: \"Complicit\u00e0\" \u00e8 di Irene Cinardi, commento di Deborah Italia - Target Lab Ets","og_description":"Richiesta inserimento in newsletter e vostri commenti o proposte di collaborazione scrivendo\u00a0a\u00a0target.lsfc@gmail.com\u00a0 \u00a0 infoline +39 3316379346 La foto","og_url":"https:\/\/www.romaoggi.eu\/index.php\/2026\/01\/26\/la-foto-del-giorno-complicita-e-di-irene-cinardi-commento-di-deborah-italia-target-lab-ets\/","og_site_name":"roma oggi","article_publisher":"https:\/\/www.facebook.com\/RomaOggi-841544845954114","article_published_time":"2026-01-26T06:28:17+00:00","article_modified_time":"2026-01-26T07:09:50+00:00","og_image":[{"width":1500,"height":997,"url":"https:\/\/www.romaoggi.eu\/wp-content\/uploads\/2026\/01\/DSC_0767-irene-Cinardi-Complicita.jpg","type":"image\/jpeg"}],"author":"Target Lab Ets","twitter_card":"summary_large_image","twitter_creator":"@romaoggi_eu","twitter_site":"@romaoggi_eu","twitter_misc":{"Scritto da":"Target Lab Ets","Tempo di lettura stimato":"5 minuti"},"schema":{"@context":"https:\/\/schema.org","@graph":[{"@type":"Article","@id":"https:\/\/www.romaoggi.eu\/index.php\/2026\/01\/26\/la-foto-del-giorno-complicita-e-di-irene-cinardi-commento-di-deborah-italia-target-lab-ets\/#article","isPartOf":{"@id":"https:\/\/www.romaoggi.eu\/index.php\/2026\/01\/26\/la-foto-del-giorno-complicita-e-di-irene-cinardi-commento-di-deborah-italia-target-lab-ets\/"},"author":{"name":"Target Lab Ets","@id":"https:\/\/www.romaoggi.eu\/#\/schema\/person\/72b8cfc6de60caeb335267c8e21d90fb"},"headline":"La Foto del Giorno: &#8220;Complicit\u00e0&#8221; \u00e8 di Irene Cinardi, commento di Deborah Italia &#8211; Target Lab Ets","datePublished":"2026-01-26T06:28:17+00:00","dateModified":"2026-01-26T07:09:50+00:00","mainEntityOfPage":{"@id":"https:\/\/www.romaoggi.eu\/index.php\/2026\/01\/26\/la-foto-del-giorno-complicita-e-di-irene-cinardi-commento-di-deborah-italia-target-lab-ets\/"},"wordCount":740,"publisher":{"@id":"https:\/\/www.romaoggi.eu\/#organization"},"image":{"@id":"https:\/\/www.romaoggi.eu\/index.php\/2026\/01\/26\/la-foto-del-giorno-complicita-e-di-irene-cinardi-commento-di-deborah-italia-target-lab-ets\/#primaryimage"},"thumbnailUrl":"https:\/\/www.romaoggi.eu\/wp-content\/uploads\/2026\/01\/DSC_0767-irene-Cinardi-Complicita.jpg","keywords":["#art","#phot","#photo","#photography","alessandro lisci","all_shots","cavallo","complicit\u00e0","composition","Deborah Italia","exposure","focus","fotografia","Irene Cinardi","La foto del giorno","lettere caff\u00e8","photooftheday","photos","pic","picoftheday","pics","picture","pictures","RomaOggi.eu","snapshot","storytelling","TagsForLikes","TagsForLikes #storytelling","target lab ets","tecnicafotografica","uomo e cavallo"],"articleSection":["La foto del giorno"],"inLanguage":"it-IT"},{"@type":"WebPage","@id":"https:\/\/www.romaoggi.eu\/index.php\/2026\/01\/26\/la-foto-del-giorno-complicita-e-di-irene-cinardi-commento-di-deborah-italia-target-lab-ets\/","url":"https:\/\/www.romaoggi.eu\/index.php\/2026\/01\/26\/la-foto-del-giorno-complicita-e-di-irene-cinardi-commento-di-deborah-italia-target-lab-ets\/","name":"La Foto del Giorno: \"Complicit\u00e0\" \u00e8 di Irene Cinardi, commento di Deborah Italia - Target Lab Ets","isPartOf":{"@id":"https:\/\/www.romaoggi.eu\/#website"},"primaryImageOfPage":{"@id":"https:\/\/www.romaoggi.eu\/index.php\/2026\/01\/26\/la-foto-del-giorno-complicita-e-di-irene-cinardi-commento-di-deborah-italia-target-lab-ets\/#primaryimage"},"image":{"@id":"https:\/\/www.romaoggi.eu\/index.php\/2026\/01\/26\/la-foto-del-giorno-complicita-e-di-irene-cinardi-commento-di-deborah-italia-target-lab-ets\/#primaryimage"},"thumbnailUrl":"https:\/\/www.romaoggi.eu\/wp-content\/uploads\/2026\/01\/DSC_0767-irene-Cinardi-Complicita.jpg","datePublished":"2026-01-26T06:28:17+00:00","dateModified":"2026-01-26T07:09:50+00:00","description":"Richiesta inserimento in newsletter e vostri commenti o proposte di collaborazione scrivendo\u00a0a\u00a0target.lsfc@gmail.com\u00a0 \u00a0 infoline +39 3316379346 La foto","breadcrumb":{"@id":"https:\/\/www.romaoggi.eu\/index.php\/2026\/01\/26\/la-foto-del-giorno-complicita-e-di-irene-cinardi-commento-di-deborah-italia-target-lab-ets\/#breadcrumb"},"inLanguage":"it-IT","potentialAction":[{"@type":"ReadAction","target":["https:\/\/www.romaoggi.eu\/index.php\/2026\/01\/26\/la-foto-del-giorno-complicita-e-di-irene-cinardi-commento-di-deborah-italia-target-lab-ets\/"]}]},{"@type":"ImageObject","inLanguage":"it-IT","@id":"https:\/\/www.romaoggi.eu\/index.php\/2026\/01\/26\/la-foto-del-giorno-complicita-e-di-irene-cinardi-commento-di-deborah-italia-target-lab-ets\/#primaryimage","url":"https:\/\/www.romaoggi.eu\/wp-content\/uploads\/2026\/01\/DSC_0767-irene-Cinardi-Complicita.jpg","contentUrl":"https:\/\/www.romaoggi.eu\/wp-content\/uploads\/2026\/01\/DSC_0767-irene-Cinardi-Complicita.jpg","width":1500,"height":997,"caption":"Complicit\u00e0. Fotografia di Irene Cinardi"},{"@type":"BreadcrumbList","@id":"https:\/\/www.romaoggi.eu\/index.php\/2026\/01\/26\/la-foto-del-giorno-complicita-e-di-irene-cinardi-commento-di-deborah-italia-target-lab-ets\/#breadcrumb","itemListElement":[{"@type":"ListItem","position":1,"name":"Home","item":"https:\/\/www.romaoggi.eu\/"},{"@type":"ListItem","position":2,"name":"La Foto del Giorno: &#8220;Complicit\u00e0&#8221; \u00e8 di Irene Cinardi, commento di Deborah Italia &#8211; Target Lab Ets"}]},{"@type":"WebSite","@id":"https:\/\/www.romaoggi.eu\/#website","url":"https:\/\/www.romaoggi.eu\/","name":"roma oggi","description":"Interesting News for Interesting people","publisher":{"@id":"https:\/\/www.romaoggi.eu\/#organization"},"potentialAction":[{"@type":"SearchAction","target":{"@type":"EntryPoint","urlTemplate":"https:\/\/www.romaoggi.eu\/?s={search_term_string}"},"query-input":{"@type":"PropertyValueSpecification","valueRequired":true,"valueName":"search_term_string"}}],"inLanguage":"it-IT"},{"@type":"Organization","@id":"https:\/\/www.romaoggi.eu\/#organization","name":"RomaOggi","url":"https:\/\/www.romaoggi.eu\/","logo":{"@type":"ImageObject","inLanguage":"it-IT","@id":"https:\/\/www.romaoggi.eu\/#\/schema\/logo\/image\/","url":"https:\/\/www.romaoggi.eu\/wp-content\/uploads\/2017\/04\/logowp.jpg","contentUrl":"https:\/\/www.romaoggi.eu\/wp-content\/uploads\/2017\/04\/logowp.jpg","width":300,"height":133,"caption":"RomaOggi"},"image":{"@id":"https:\/\/www.romaoggi.eu\/#\/schema\/logo\/image\/"},"sameAs":["https:\/\/www.facebook.com\/RomaOggi-841544845954114","https:\/\/x.com\/romaoggi_eu"]},{"@type":"Person","@id":"https:\/\/www.romaoggi.eu\/#\/schema\/person\/72b8cfc6de60caeb335267c8e21d90fb","name":"Target Lab Ets","image":{"@type":"ImageObject","inLanguage":"it-IT","@id":"https:\/\/secure.gravatar.com\/avatar\/ab64fd266889a629b0e9e6ab56209e379c2a89cfda303941ee9621d4090292d1?s=96&d=mm&r=g","url":"https:\/\/secure.gravatar.com\/avatar\/ab64fd266889a629b0e9e6ab56209e379c2a89cfda303941ee9621d4090292d1?s=96&d=mm&r=g","contentUrl":"https:\/\/secure.gravatar.com\/avatar\/ab64fd266889a629b0e9e6ab56209e379c2a89cfda303941ee9621d4090292d1?s=96&d=mm&r=g","caption":"Target Lab Ets"},"sameAs":["http:\/\/www.targetlab.org"],"url":"https:\/\/www.romaoggi.eu\/index.php\/author\/isfc\/"}]}},"_links":{"self":[{"href":"https:\/\/www.romaoggi.eu\/index.php\/wp-json\/wp\/v2\/posts\/41998","targetHints":{"allow":["GET"]}}],"collection":[{"href":"https:\/\/www.romaoggi.eu\/index.php\/wp-json\/wp\/v2\/posts"}],"about":[{"href":"https:\/\/www.romaoggi.eu\/index.php\/wp-json\/wp\/v2\/types\/post"}],"author":[{"embeddable":true,"href":"https:\/\/www.romaoggi.eu\/index.php\/wp-json\/wp\/v2\/users\/17"}],"replies":[{"embeddable":true,"href":"https:\/\/www.romaoggi.eu\/index.php\/wp-json\/wp\/v2\/comments?post=41998"}],"version-history":[{"count":3,"href":"https:\/\/www.romaoggi.eu\/index.php\/wp-json\/wp\/v2\/posts\/41998\/revisions"}],"predecessor-version":[{"id":42007,"href":"https:\/\/www.romaoggi.eu\/index.php\/wp-json\/wp\/v2\/posts\/41998\/revisions\/42007"}],"wp:featuredmedia":[{"embeddable":true,"href":"https:\/\/www.romaoggi.eu\/index.php\/wp-json\/wp\/v2\/media\/42005"}],"wp:attachment":[{"href":"https:\/\/www.romaoggi.eu\/index.php\/wp-json\/wp\/v2\/media?parent=41998"}],"wp:term":[{"taxonomy":"category","embeddable":true,"href":"https:\/\/www.romaoggi.eu\/index.php\/wp-json\/wp\/v2\/categories?post=41998"},{"taxonomy":"post_tag","embeddable":true,"href":"https:\/\/www.romaoggi.eu\/index.php\/wp-json\/wp\/v2\/tags?post=41998"}],"curies":[{"name":"wp","href":"https:\/\/api.w.org\/{rel}","templated":true}]}}