{"id":42012,"date":"2026-01-25T14:14:48","date_gmt":"2026-01-25T13:14:48","guid":{"rendered":"https:\/\/www.romaoggi.eu\/?p=42012"},"modified":"2026-01-25T14:14:48","modified_gmt":"2026-01-25T13:14:48","slug":"roma-i-funerali-dello-stilista-valentino-di-irene-cinardi-target-lab-ets","status":"publish","type":"post","link":"https:\/\/www.romaoggi.eu\/index.php\/2026\/01\/25\/roma-i-funerali-dello-stilista-valentino-di-irene-cinardi-target-lab-ets\/","title":{"rendered":"&#8220;Roma, I funerali dello stilista Valentino&#8221;. Di Irene Cinardi &#8211; Target Lab Ets"},"content":{"rendered":"<p style=\"padding-left: 40px\"><img loading=\"lazy\" decoding=\"async\" class=\"size-medium wp-image-39671 aligncenter\" src=\"https:\/\/www.romaoggi.eu\/wp-content\/uploads\/2025\/05\/aBoxino-x-marchio-300x137.jpg\" alt=\"\" width=\"300\" height=\"137\" srcset=\"https:\/\/www.romaoggi.eu\/wp-content\/uploads\/2025\/05\/aBoxino-x-marchio-300x137.jpg 300w, https:\/\/www.romaoggi.eu\/wp-content\/uploads\/2025\/05\/aBoxino-x-marchio.jpg 551w\" sizes=\"auto, (max-width: 300px) 100vw, 300px\" \/><\/p>\n<p align=\"CENTER\"><strong>Newsletter e vostri commenti o proposte di collaborazione scrivendo a <a href=\"mailto:target.lsfc@gmail.com\" data-aalisten=\"1\">target.lsfc@gmail.com<\/a>\u00a0 \u00a0<\/strong><\/p>\n<p align=\"CENTER\"><strong>\u00a0\u00a0infoline +39 3316379346<\/strong><\/p>\n<figure id=\"attachment_42018\" aria-describedby=\"caption-attachment-42018\" style=\"width: 735px\" class=\"wp-caption aligncenter\"><img loading=\"lazy\" decoding=\"async\" class=\" wp-image-42018\" src=\"https:\/\/www.romaoggi.eu\/wp-content\/uploads\/2026\/01\/1000485048-199x300.jpg\" alt=\"alt tag Irene Cinardi\u00a0\" width=\"735\" height=\"1108\" \/><figcaption id=\"caption-attachment-42018\" class=\"wp-caption-text\"><span style=\"color: #000080\"><strong>Abbraccio Anne Hathaway e parenti Valentino.\u00a0<\/strong><\/span><br \/><span style=\"color: #000080\"><strong>Credito Irene Cinardi<\/strong><\/span><\/figcaption><\/figure>\n<p align=\"JUSTIFY\"><span style=\"color: #000000\"><span style=\"font-family: Times New Roman, serif\"><span style=\"font-size: medium\">Venerd\u00ec 23 gennaio la Nazione si \u00e8 raccolta per dare l&#8217;ultimo saluto al grande stilista Valentino, firma della moda, lustro dell&#8217;Italia all&#8217;estero. All&#8217;et\u00e0 di 93 anni si \u00e8 spento, lasciando in eredit\u00e0 l&#8217;eleganza e il simbolo dallo stile inconfondibile.<\/span><\/span><\/span><\/p>\n<p align=\"JUSTIFY\"><span style=\"color: #000000\"><span style=\"font-family: Times New Roman, serif\"><span style=\"font-size: medium\">Presso la Basilica Santa Maria degli Angeli e dei Martiri di Roma attori, stilisti, personaggi dello spettacolo italiano e internazionale si sono riuniti per dare l&#8217;ultimo saluto a Valentino. All&#8217;interno della Basilica ad assistere all&#8217;omelia in prima fila la famiglia, Bruce Hoeksema e Giancarlo Giammetti uno accanto all&#8217;altro, Sean e Anthony Sax l&#8217;etoile Eleonora Abbagnato. Natalia Vodianova, Hamish Bowles, Whoopi Goldberg, Philip Treacy, Elizabeth Hurley, Anna Wintour, con l&#8217;inconfondibile caschetto e gli occhiali scuri per nascondere la commozione, Tom Ford, Donatella Versace e Anne Hathaway, Alessandro Michele, direttore creativo di Valentino dal 2024, Maria Grazia Chiuri, Brunello Cucinelli, Francesco Rutelli, Lavinia Biagiotti, Bianca Brandolini D&#8217;Adda, Simona Ventura, Giovanni Terzi e Matteo Marzotto.<\/span><\/span><\/span><\/p>\n<p align=\"JUSTIFY\"><span style=\"color: #000000\"><span style=\"font-family: Times New Roman, serif\"><span style=\"font-size: medium\">Giancarlo Giammetti, compagno di vita per 14 anni, oltre che nella vita professionale, ha dichiarato: &#8220;Lavorer\u00f2 per non farti dimenticare&#8221;.<\/span><\/span><\/span><\/p>\n<p align=\"JUSTIFY\"><span style=\"color: #000000\"><span style=\"font-family: Times New Roman, serif\"><span style=\"font-size: medium\">La musica classica da sottofondo ha accompagnato la funzione.<\/span><\/span><\/span><\/p>\n<p align=\"JUSTIFY\"><span style=\"color: #000000\"><span style=\"font-family: Times New Roman, serif\"><span style=\"font-size: medium\">L&#8217;Ave Maria di Schubert al termine dell&#8217;omelia ha condotto il feretro all&#8217;uscita tra la commozione dei presenti.<\/span><\/span><\/span><\/p>\n<p>&nbsp;<\/p>\n<figure id=\"attachment_42022\" aria-describedby=\"caption-attachment-42022\" style=\"width: 1205px\" class=\"wp-caption alignnone\"><img loading=\"lazy\" decoding=\"async\" class=\" wp-image-42022\" src=\"https:\/\/www.romaoggi.eu\/wp-content\/uploads\/2026\/01\/1000485052-199x300.jpg\" alt=\"alt tag Irene Cinardi\u00a0\" width=\"1205\" height=\"1817\" \/><figcaption id=\"caption-attachment-42022\" class=\"wp-caption-text\"><span style=\"color: #000080\"><strong>Giancarlo Giammetti,<\/strong><\/span><br \/><span style=\"color: #000080\"><strong>Credito Irene Cinardi<\/strong><\/span><\/figcaption><\/figure>\n<p>&nbsp;<\/p>\n<figure id=\"attachment_42019\" aria-describedby=\"caption-attachment-42019\" style=\"width: 1149px\" class=\"wp-caption alignnone\"><img loading=\"lazy\" decoding=\"async\" class=\" wp-image-42019\" src=\"https:\/\/www.romaoggi.eu\/wp-content\/uploads\/2026\/01\/1000485049-300x199.jpg\" alt=\"alt tag Irene Cinardi\u00a0\" width=\"1149\" height=\"762\" \/><figcaption id=\"caption-attachment-42019\" class=\"wp-caption-text\"><span style=\"color: #000080\"><strong>Vernon Bruce Hoeksema all&#8217;uscita del feretro.\u00a0<\/strong><\/span><br \/><span style=\"color: #000080\"><strong>Credito Irene Cinardi<\/strong><\/span><\/figcaption><\/figure>\n<p>&nbsp;<\/p>\n<figure id=\"attachment_42020\" aria-describedby=\"caption-attachment-42020\" style=\"width: 1198px\" class=\"wp-caption alignnone\"><img loading=\"lazy\" decoding=\"async\" class=\" wp-image-42020\" src=\"https:\/\/www.romaoggi.eu\/wp-content\/uploads\/2026\/01\/1000485050-189x300.jpg\" alt=\"alt tag Irene Cinardi\u00a0\" width=\"1198\" height=\"1902\" srcset=\"https:\/\/www.romaoggi.eu\/wp-content\/uploads\/2026\/01\/1000485050-189x300.jpg 189w, https:\/\/www.romaoggi.eu\/wp-content\/uploads\/2026\/01\/1000485050-645x1024.jpg 645w, https:\/\/www.romaoggi.eu\/wp-content\/uploads\/2026\/01\/1000485050.jpg 785w\" sizes=\"auto, (max-width: 1198px) 100vw, 1198px\" \/><figcaption id=\"caption-attachment-42020\" class=\"wp-caption-text\"><span style=\"color: #000080\"><strong>Anna Wintour.\u00a0<\/strong><\/span><br \/><span style=\"color: #000080\"><strong>Credito Irene Cinardi<\/strong><\/span><\/figcaption><\/figure>\n<p>&nbsp;<\/p>\n<figure id=\"attachment_42023\" aria-describedby=\"caption-attachment-42023\" style=\"width: 1242px\" class=\"wp-caption alignnone\"><img loading=\"lazy\" decoding=\"async\" class=\" wp-image-42023\" src=\"https:\/\/www.romaoggi.eu\/wp-content\/uploads\/2026\/01\/1000485053-300x199.jpg\" alt=\"alt tag Irene Cinardi\u00a0\" width=\"1242\" height=\"824\" \/><figcaption id=\"caption-attachment-42023\" class=\"wp-caption-text\"><span style=\"color: #000080\"><strong>Tom Ford.<\/strong><\/span><br \/><span style=\"color: #000080\"><strong>Credito Irene Cinardi<\/strong><\/span><\/figcaption><\/figure>\n<p>&nbsp;<\/p>\n<figure id=\"attachment_42024\" aria-describedby=\"caption-attachment-42024\" style=\"width: 1257px\" class=\"wp-caption alignnone\"><img loading=\"lazy\" decoding=\"async\" class=\" wp-image-42024\" src=\"https:\/\/www.romaoggi.eu\/wp-content\/uploads\/2026\/01\/1000485054-300x199.jpg\" alt=\"alt tag Irene Cinardi\u00a0\" width=\"1257\" height=\"834\" \/><figcaption id=\"caption-attachment-42024\" class=\"wp-caption-text\"><span style=\"color: #000080\"><strong><span style=\"font-family: Times New Roman, serif\"><span style=\"font-size: medium\">Anne Hathaway e parenti Valentino<\/span><\/span>.<\/strong><\/span><br \/><span style=\"color: #000080\"><strong>Credito Irene Cinardi<\/strong><\/span><\/figcaption><\/figure>\n<p>&nbsp;<\/p>\n<p align=\"CENTER\"><strong><span style=\"color: #1a1a1a\"><span style=\"font-family: Times New Roman, serif\"><span style=\"font-size: large\">____________________<\/span><\/span><\/span><\/strong><\/p>\n<p align=\"CENTER\"><strong><span style=\"color: #000000\"><span style=\"font-family: Times New Roman, serif\"><span style=\"font-size: medium\"><b>Editing fotografico a cura di Alessandro Lisci \u2013 Target Lab Ets<\/b><\/span><\/span><\/span><\/strong><\/p>\n<p align=\"CENTER\"><span style=\"color: #000000\"><span style=\"font-family: Times New Roman, serif\"><span style=\"font-size: medium\"><b>Visita il sito:\u00a0<\/b><\/span><\/span><\/span><a href=\"https:\/\/www.facebook.com\/TargetLabEts\"><span style=\"color: #e64946\"><span style=\"font-family: Times New Roman, serif\"><span style=\"font-size: medium\"><b>https:\/\/www.facebook.com\/TargetLabEts<\/b><\/span><\/span><\/span><\/a><\/p>\n<p align=\"CENTER\"><strong><span style=\"color: #000000\"><span style=\"font-family: Times New Roman, serif\"><span style=\"font-size: medium\"><b>Sostieni il progetto fotografico di Target Lab Ets con una\u00a0<\/b><\/span><\/span><\/span><\/strong><strong><span style=\"color: #ff0000\"><span style=\"font-family: Times New Roman, serif\"><span style=\"font-size: medium\"><b>donazione\/erogazione liberale<\/b><\/span><\/span><\/span><\/strong><span style=\"color: #000000\"><span style=\"font-size: medium\">\u00a0<\/span><\/span><strong><span style=\"color: #000000\"><span style=\"font-family: Times New Roman, serif\"><span style=\"font-size: medium\"><b>al seguente\u00a0<\/b><\/span><\/span><\/span><\/strong><strong><span style=\"color: #ff0000\"><span style=\"font-family: Times New Roman, serif\"><span style=\"font-size: medium\"><b>IBAN<\/b><\/span><\/span><\/span><\/strong><span style=\"color: #000000\"><span style=\"font-size: medium\">\u00a0<\/span><\/span><strong><span style=\"color: #ff0000\"><span style=\"font-family: Times New Roman, serif\"><span style=\"font-size: medium\"><b>IT05M0306909606100000186094<\/b><\/span><\/span><\/span><\/strong><span style=\"color: #000000\"><span style=\"font-size: medium\">\u00a0<\/span><\/span><strong><span style=\"color: #161a1e\"><span style=\"font-family: Times New Roman, serif\"><span style=\"font-size: medium\"><b>intestato a Target Lab Ets.<\/b><\/span><\/span><\/span><\/strong><\/p>\n<p align=\"CENTER\"><strong><span style=\"color: #161a1e\"><span style=\"font-family: Times New Roman, serif\"><span style=\"font-size: medium\"><b>Le donazioni liberali sono detraibili in sede di dichiarazione dei redditi.<\/b><\/span><\/span><\/span><\/strong><\/p>\n<p align=\"CENTER\"><strong><span style=\"color: #ff0000\"><span style=\"font-family: Times New Roman, serif\"><span style=\"font-size: medium\"><b>Devolvi il 5xmille nella prossima dichiarazione dei redditi a Target Lab Ets<\/b><\/span><\/span><\/span><\/strong><span style=\"color: #000000\"><span style=\"font-size: medium\">\u00a0<\/span><\/span><strong><span style=\"color: #000000\"><span style=\"font-family: Times New Roman, serif\"><span style=\"font-size: medium\"><b>inserendo il\u00a0<\/b><\/span><\/span><\/span><\/strong><strong><span style=\"color: #ff0000\"><span style=\"font-family: Times New Roman, serif\"><span style=\"font-size: medium\"><b>CF : 96498910585<\/b><\/span><\/span><\/span><\/strong><span style=\"color: #000000\"><span style=\"font-size: medium\">\u00a0<\/span><\/span><strong><span style=\"color: #000000\"><span style=\"font-family: Times New Roman, serif\"><span style=\"font-size: medium\"><b>riquadro ONLUS, Enti Terzo Settore,Aps per finanziare futuri progetti fotografici a ricaduta sociale<\/b><\/span><\/span><\/span><\/strong><\/p>\n<p><span style=\"color: #000000\">\u00a0<\/span><\/p>\n<p align=\"JUSTIFY\"><span style=\"color: #26282a\"><span style=\"font-family: Times New Roman, serif\"><span style=\"font-size: medium\"><span style=\"color: #000000\"><b>Target Lab\u00a0Ets\u00a0<\/b><\/span><span style=\"color: #000000\">\u00e8 un\u2019 associazione culturale ente terzo settore, reg. 4338\/3\/2021 CF.\u00a0<\/span><span style=\"color: #1d2228\">96498910585 \u2013 Iscriz. RUNTS 30\/12\/2022), fondata e presieduta da\u00a0Alessandro Lisci, fotoreporter freelance,\u00a0e\u00a0 composta dal seguente comitato scientifico:\u00a0Simonetta Baroni\u00a0\u2013 storica dell\u2019arte;\u00a0Franco Bottoni\u00a0\u2013 tipografo;\u00a0Michele Brescia\u00a0\u2013 storico dell\u2019Arte;\u00a0Fabiana Cambiaso\u00a0\u2013 architetta;\u00a0\u00a0Allan Ceen\u00a0\u2013\u00a0 urbanista;\u00a0Marco Geppetti- fotografo professionista;\u00a0Paola Ortensi\u00a0\u2013 politiche rurali ed agricole;\u00a0Maurizio Paradisi\u00a0\u2013 sport.<\/span><\/span><\/span><\/span><\/p>\n<p align=\"JUSTIFY\"><span style=\"color: #1d2228\"><span style=\"font-family: Times New Roman, serif\"><span style=\"font-size: medium\">Target Lab Ets \u00e8 stata presentata il 6 dicembre 2021\u00a0al pubblico e alla stampa presso la sala\u00a0Walter Tobagi\u00a0della\u00a0FNSI, Federazione Nazionale della Stampa Italiana, sede nazionale di Roma,\u00a0 con\u00a0Paolo Conti\u00a0del Corriere della Sera;\u00a0Vittorio Morelli\u00a0dell\u2019Agi;\u00a0Marco Geppetti\u00a0e\u00a0Andrea Denzi\u00a0della Marcello Geppetti Media Company srl.<\/span><\/span><\/span><\/p>\n<p align=\"JUSTIFY\"><a href=\"https:\/\/www.radioradicale.it\/scheda\/654816\/presentazione-del-progetto-target-lab-ets-laboratorio-sperimentale-di-fotografia-e\" target=\"_blank\" rel=\"noopener\"><span style=\"color: #000000\"><span style=\"font-family: Times New Roman, serif\"><span style=\"font-size: medium\"><u><b>https:\/\/www.radioradicale.it\/scheda\/654816\/presentazione-del-progetto-target-lab-ets-laboratorio-sperimentale-di-fotografia-e<\/b><\/u><\/span><\/span><\/span><\/a><\/p>\n<p align=\"JUSTIFY\"><strong><span style=\"color: #000000\"><span style=\"font-family: Times New Roman, serif\"><span style=\"font-size: medium\"><b>email\u00a0\u00a0<\/b><\/span><\/span><\/span><\/strong><strong><a href=\"mailto:target.lsfc@gmail.com\" target=\"_blank\" rel=\"noopener\"><span style=\"color: #0000ff\"><span style=\"font-family: Times New Roman, serif\"><span style=\"font-size: medium\"><u><b>target.lsfc@gmail.com<\/b><\/u><\/span><\/span><\/span><\/a><\/strong><strong><span style=\"color: #cd232c\"><span style=\"font-size: medium\"><u>\u00a0\u00a0<\/u><\/span><\/span><\/strong><strong><span style=\"color: #000000\"><span style=\"font-family: Times New Roman, serif\"><span style=\"font-size: medium\"><b>mob\u00a0. \u00a0<\/b><\/span><\/span><\/span><\/strong><strong><span style=\"color: #cd232c\"><span style=\"font-family: Times New Roman, serif\"><span style=\"font-size: medium\"><b>+<\/b><\/span><\/span><\/span><\/strong><strong><span style=\"color: #000000\"><span style=\"font-family: Times New Roman, serif\"><span style=\"font-size: medium\"><b>39 3316379346<\/b><\/span><\/span><\/span><\/strong><\/p>\n<p align=\"JUSTIFY\">\n","protected":false},"excerpt":{"rendered":"<div class=\"mh-excerpt\"><p>Newsletter e vostri commenti o proposte di collaborazione scrivendo a target.lsfc@gmail.com\u00a0 \u00a0 \u00a0\u00a0infoline +39 3316379346 Venerd\u00ec 23 gennaio la Nazione si \u00e8 raccolta per dare l&#8217;ultimo saluto al grande stilista Valentino, firma della moda, lustro <a class=\"mh-excerpt-more\" href=\"https:\/\/www.romaoggi.eu\/index.php\/2026\/01\/25\/roma-i-funerali-dello-stilista-valentino-di-irene-cinardi-target-lab-ets\/\" title=\"&#8220;Roma, I funerali dello stilista Valentino&#8221;. Di Irene Cinardi &#8211; Target Lab Ets\">[&#8230;]<\/a><\/p>\n<\/div>","protected":false},"author":17,"featured_media":42021,"comment_status":"closed","ping_status":"open","sticky":false,"template":"","format":"standard","meta":{"_sitemap_exclude":false,"_sitemap_priority":"","_sitemap_frequency":"","footnotes":""},"categories":[522],"tags":[19210,19211,19209,19214,17800,201,1738,2917,15567,19212,2216,8831,19213],"class_list":["post-42012","post","type-post","status-publish","format-standard","has-post-thumbnail","hentry","category-attualita","tag-anna-wintour","tag-anne-hathaway","tag-funerale","tag-giancarlo-giammetti","tag-irene-cinardi","tag-moda","tag-romaoggi-eu","tag-stilista","tag-target-lab-ets","tag-tom-ford","tag-valentino","tag-valentino-garavani","tag-vernon-bruce-hoeksema"],"yoast_head":"<!-- This site is optimized with the Yoast SEO plugin v27.4 - https:\/\/yoast.com\/product\/yoast-seo-wordpress\/ -->\n<title>&quot;Roma, I funerali dello stilista Valentino&quot;. Di Irene Cinardi - Target Lab Ets<\/title>\n<meta name=\"description\" content=\"Newsletter e vostri commenti o proposte di collaborazione scrivendo a target.lsfc@gmail.com\u00a0 \u00a0 \u00a0\u00a0infoline +39 3316379346 Venerd\u00ec 23 gennaio la Nazione si\" \/>\n<meta name=\"robots\" content=\"index, follow, max-snippet:-1, max-image-preview:large, max-video-preview:-1\" \/>\n<link rel=\"canonical\" href=\"https:\/\/www.romaoggi.eu\/index.php\/2026\/01\/25\/roma-i-funerali-dello-stilista-valentino-di-irene-cinardi-target-lab-ets\/\" \/>\n<meta property=\"og:locale\" content=\"it_IT\" \/>\n<meta property=\"og:type\" content=\"article\" \/>\n<meta property=\"og:title\" content=\"&quot;Roma, I funerali dello stilista Valentino&quot;. Di Irene Cinardi - Target Lab Ets\" \/>\n<meta property=\"og:description\" content=\"Newsletter e vostri commenti o proposte di collaborazione scrivendo a target.lsfc@gmail.com\u00a0 \u00a0 \u00a0\u00a0infoline +39 3316379346 Venerd\u00ec 23 gennaio la Nazione si\" \/>\n<meta property=\"og:url\" content=\"https:\/\/www.romaoggi.eu\/index.php\/2026\/01\/25\/roma-i-funerali-dello-stilista-valentino-di-irene-cinardi-target-lab-ets\/\" \/>\n<meta property=\"og:site_name\" content=\"roma oggi\" \/>\n<meta property=\"article:publisher\" content=\"https:\/\/www.facebook.com\/RomaOggi-841544845954114\" \/>\n<meta property=\"article:published_time\" content=\"2026-01-25T13:14:48+00:00\" \/>\n<meta property=\"og:image\" content=\"https:\/\/www.romaoggi.eu\/wp-content\/uploads\/2026\/01\/1000485051.jpg\" \/>\n\t<meta property=\"og:image:width\" content=\"1067\" \/>\n\t<meta property=\"og:image:height\" content=\"1000\" \/>\n\t<meta property=\"og:image:type\" content=\"image\/jpeg\" \/>\n<meta name=\"author\" content=\"Target Lab Ets\" \/>\n<meta name=\"twitter:card\" content=\"summary_large_image\" \/>\n<meta name=\"twitter:creator\" content=\"@romaoggi_eu\" \/>\n<meta name=\"twitter:site\" content=\"@romaoggi_eu\" \/>\n<meta name=\"twitter:label1\" content=\"Scritto da\" \/>\n\t<meta name=\"twitter:data1\" content=\"Target Lab Ets\" \/>\n\t<meta name=\"twitter:label2\" content=\"Tempo di lettura stimato\" \/>\n\t<meta name=\"twitter:data2\" content=\"5 minuti\" \/>\n<script type=\"application\/ld+json\" class=\"yoast-schema-graph\">{\"@context\":\"https:\\\/\\\/schema.org\",\"@graph\":[{\"@type\":\"Article\",\"@id\":\"https:\\\/\\\/www.romaoggi.eu\\\/index.php\\\/2026\\\/01\\\/25\\\/roma-i-funerali-dello-stilista-valentino-di-irene-cinardi-target-lab-ets\\\/#article\",\"isPartOf\":{\"@id\":\"https:\\\/\\\/www.romaoggi.eu\\\/index.php\\\/2026\\\/01\\\/25\\\/roma-i-funerali-dello-stilista-valentino-di-irene-cinardi-target-lab-ets\\\/\"},\"author\":{\"name\":\"Target Lab Ets\",\"@id\":\"https:\\\/\\\/www.romaoggi.eu\\\/#\\\/schema\\\/person\\\/72b8cfc6de60caeb335267c8e21d90fb\"},\"headline\":\"&#8220;Roma, I funerali dello stilista Valentino&#8221;. Di Irene Cinardi &#8211; Target Lab Ets\",\"datePublished\":\"2026-01-25T13:14:48+00:00\",\"mainEntityOfPage\":{\"@id\":\"https:\\\/\\\/www.romaoggi.eu\\\/index.php\\\/2026\\\/01\\\/25\\\/roma-i-funerali-dello-stilista-valentino-di-irene-cinardi-target-lab-ets\\\/\"},\"wordCount\":526,\"publisher\":{\"@id\":\"https:\\\/\\\/www.romaoggi.eu\\\/#organization\"},\"image\":{\"@id\":\"https:\\\/\\\/www.romaoggi.eu\\\/index.php\\\/2026\\\/01\\\/25\\\/roma-i-funerali-dello-stilista-valentino-di-irene-cinardi-target-lab-ets\\\/#primaryimage\"},\"thumbnailUrl\":\"https:\\\/\\\/www.romaoggi.eu\\\/wp-content\\\/uploads\\\/2026\\\/01\\\/1000485051.jpg\",\"keywords\":[\"Anna Wintour\",\"Anne Hathaway\",\"Funerale\",\"Giancarlo Giammetti\",\"Irene Cinardi\",\"moda\",\"RomaOggi.eu\",\"Stilista\",\"target lab ets\",\"Tom Ford\",\"Valentino\",\"valentino garavani\",\"Vernon Bruce Hoeksema\"],\"articleSection\":[\"attualit\u00e0\"],\"inLanguage\":\"it-IT\"},{\"@type\":\"WebPage\",\"@id\":\"https:\\\/\\\/www.romaoggi.eu\\\/index.php\\\/2026\\\/01\\\/25\\\/roma-i-funerali-dello-stilista-valentino-di-irene-cinardi-target-lab-ets\\\/\",\"url\":\"https:\\\/\\\/www.romaoggi.eu\\\/index.php\\\/2026\\\/01\\\/25\\\/roma-i-funerali-dello-stilista-valentino-di-irene-cinardi-target-lab-ets\\\/\",\"name\":\"\\\"Roma, I funerali dello stilista Valentino\\\". Di Irene Cinardi - Target Lab Ets\",\"isPartOf\":{\"@id\":\"https:\\\/\\\/www.romaoggi.eu\\\/#website\"},\"primaryImageOfPage\":{\"@id\":\"https:\\\/\\\/www.romaoggi.eu\\\/index.php\\\/2026\\\/01\\\/25\\\/roma-i-funerali-dello-stilista-valentino-di-irene-cinardi-target-lab-ets\\\/#primaryimage\"},\"image\":{\"@id\":\"https:\\\/\\\/www.romaoggi.eu\\\/index.php\\\/2026\\\/01\\\/25\\\/roma-i-funerali-dello-stilista-valentino-di-irene-cinardi-target-lab-ets\\\/#primaryimage\"},\"thumbnailUrl\":\"https:\\\/\\\/www.romaoggi.eu\\\/wp-content\\\/uploads\\\/2026\\\/01\\\/1000485051.jpg\",\"datePublished\":\"2026-01-25T13:14:48+00:00\",\"description\":\"Newsletter e vostri commenti o proposte di collaborazione scrivendo a target.lsfc@gmail.com\u00a0 \u00a0 \u00a0\u00a0infoline +39 3316379346 Venerd\u00ec 23 gennaio la Nazione si\",\"breadcrumb\":{\"@id\":\"https:\\\/\\\/www.romaoggi.eu\\\/index.php\\\/2026\\\/01\\\/25\\\/roma-i-funerali-dello-stilista-valentino-di-irene-cinardi-target-lab-ets\\\/#breadcrumb\"},\"inLanguage\":\"it-IT\",\"potentialAction\":[{\"@type\":\"ReadAction\",\"target\":[\"https:\\\/\\\/www.romaoggi.eu\\\/index.php\\\/2026\\\/01\\\/25\\\/roma-i-funerali-dello-stilista-valentino-di-irene-cinardi-target-lab-ets\\\/\"]}]},{\"@type\":\"ImageObject\",\"inLanguage\":\"it-IT\",\"@id\":\"https:\\\/\\\/www.romaoggi.eu\\\/index.php\\\/2026\\\/01\\\/25\\\/roma-i-funerali-dello-stilista-valentino-di-irene-cinardi-target-lab-ets\\\/#primaryimage\",\"url\":\"https:\\\/\\\/www.romaoggi.eu\\\/wp-content\\\/uploads\\\/2026\\\/01\\\/1000485051.jpg\",\"contentUrl\":\"https:\\\/\\\/www.romaoggi.eu\\\/wp-content\\\/uploads\\\/2026\\\/01\\\/1000485051.jpg\",\"width\":1067,\"height\":1000,\"caption\":\"Entrata del feretro di Valentino. Credito Irene Cinardi\u00a0\"},{\"@type\":\"BreadcrumbList\",\"@id\":\"https:\\\/\\\/www.romaoggi.eu\\\/index.php\\\/2026\\\/01\\\/25\\\/roma-i-funerali-dello-stilista-valentino-di-irene-cinardi-target-lab-ets\\\/#breadcrumb\",\"itemListElement\":[{\"@type\":\"ListItem\",\"position\":1,\"name\":\"Home\",\"item\":\"https:\\\/\\\/www.romaoggi.eu\\\/\"},{\"@type\":\"ListItem\",\"position\":2,\"name\":\"&#8220;Roma, I funerali dello stilista Valentino&#8221;. Di Irene Cinardi &#8211; Target Lab Ets\"}]},{\"@type\":\"WebSite\",\"@id\":\"https:\\\/\\\/www.romaoggi.eu\\\/#website\",\"url\":\"https:\\\/\\\/www.romaoggi.eu\\\/\",\"name\":\"roma oggi\",\"description\":\"Interesting News for Interesting people\",\"publisher\":{\"@id\":\"https:\\\/\\\/www.romaoggi.eu\\\/#organization\"},\"potentialAction\":[{\"@type\":\"SearchAction\",\"target\":{\"@type\":\"EntryPoint\",\"urlTemplate\":\"https:\\\/\\\/www.romaoggi.eu\\\/?s={search_term_string}\"},\"query-input\":{\"@type\":\"PropertyValueSpecification\",\"valueRequired\":true,\"valueName\":\"search_term_string\"}}],\"inLanguage\":\"it-IT\"},{\"@type\":\"Organization\",\"@id\":\"https:\\\/\\\/www.romaoggi.eu\\\/#organization\",\"name\":\"RomaOggi\",\"url\":\"https:\\\/\\\/www.romaoggi.eu\\\/\",\"logo\":{\"@type\":\"ImageObject\",\"inLanguage\":\"it-IT\",\"@id\":\"https:\\\/\\\/www.romaoggi.eu\\\/#\\\/schema\\\/logo\\\/image\\\/\",\"url\":\"https:\\\/\\\/www.romaoggi.eu\\\/wp-content\\\/uploads\\\/2017\\\/04\\\/logowp.jpg\",\"contentUrl\":\"https:\\\/\\\/www.romaoggi.eu\\\/wp-content\\\/uploads\\\/2017\\\/04\\\/logowp.jpg\",\"width\":300,\"height\":133,\"caption\":\"RomaOggi\"},\"image\":{\"@id\":\"https:\\\/\\\/www.romaoggi.eu\\\/#\\\/schema\\\/logo\\\/image\\\/\"},\"sameAs\":[\"https:\\\/\\\/www.facebook.com\\\/RomaOggi-841544845954114\",\"https:\\\/\\\/x.com\\\/romaoggi_eu\"]},{\"@type\":\"Person\",\"@id\":\"https:\\\/\\\/www.romaoggi.eu\\\/#\\\/schema\\\/person\\\/72b8cfc6de60caeb335267c8e21d90fb\",\"name\":\"Target Lab Ets\",\"image\":{\"@type\":\"ImageObject\",\"inLanguage\":\"it-IT\",\"@id\":\"https:\\\/\\\/secure.gravatar.com\\\/avatar\\\/ab64fd266889a629b0e9e6ab56209e379c2a89cfda303941ee9621d4090292d1?s=96&d=mm&r=g\",\"url\":\"https:\\\/\\\/secure.gravatar.com\\\/avatar\\\/ab64fd266889a629b0e9e6ab56209e379c2a89cfda303941ee9621d4090292d1?s=96&d=mm&r=g\",\"contentUrl\":\"https:\\\/\\\/secure.gravatar.com\\\/avatar\\\/ab64fd266889a629b0e9e6ab56209e379c2a89cfda303941ee9621d4090292d1?s=96&d=mm&r=g\",\"caption\":\"Target Lab Ets\"},\"sameAs\":[\"http:\\\/\\\/www.targetlab.org\"],\"url\":\"https:\\\/\\\/www.romaoggi.eu\\\/index.php\\\/author\\\/isfc\\\/\"}]}<\/script>\n<!-- \/ Yoast SEO plugin. -->","yoast_head_json":{"title":"\"Roma, I funerali dello stilista Valentino\". Di Irene Cinardi - Target Lab Ets","description":"Newsletter e vostri commenti o proposte di collaborazione scrivendo a target.lsfc@gmail.com\u00a0 \u00a0 \u00a0\u00a0infoline +39 3316379346 Venerd\u00ec 23 gennaio la Nazione si","robots":{"index":"index","follow":"follow","max-snippet":"max-snippet:-1","max-image-preview":"max-image-preview:large","max-video-preview":"max-video-preview:-1"},"canonical":"https:\/\/www.romaoggi.eu\/index.php\/2026\/01\/25\/roma-i-funerali-dello-stilista-valentino-di-irene-cinardi-target-lab-ets\/","og_locale":"it_IT","og_type":"article","og_title":"\"Roma, I funerali dello stilista Valentino\". Di Irene Cinardi - Target Lab Ets","og_description":"Newsletter e vostri commenti o proposte di collaborazione scrivendo a target.lsfc@gmail.com\u00a0 \u00a0 \u00a0\u00a0infoline +39 3316379346 Venerd\u00ec 23 gennaio la Nazione si","og_url":"https:\/\/www.romaoggi.eu\/index.php\/2026\/01\/25\/roma-i-funerali-dello-stilista-valentino-di-irene-cinardi-target-lab-ets\/","og_site_name":"roma oggi","article_publisher":"https:\/\/www.facebook.com\/RomaOggi-841544845954114","article_published_time":"2026-01-25T13:14:48+00:00","og_image":[{"width":1067,"height":1000,"url":"https:\/\/www.romaoggi.eu\/wp-content\/uploads\/2026\/01\/1000485051.jpg","type":"image\/jpeg"}],"author":"Target Lab Ets","twitter_card":"summary_large_image","twitter_creator":"@romaoggi_eu","twitter_site":"@romaoggi_eu","twitter_misc":{"Scritto da":"Target Lab Ets","Tempo di lettura stimato":"5 minuti"},"schema":{"@context":"https:\/\/schema.org","@graph":[{"@type":"Article","@id":"https:\/\/www.romaoggi.eu\/index.php\/2026\/01\/25\/roma-i-funerali-dello-stilista-valentino-di-irene-cinardi-target-lab-ets\/#article","isPartOf":{"@id":"https:\/\/www.romaoggi.eu\/index.php\/2026\/01\/25\/roma-i-funerali-dello-stilista-valentino-di-irene-cinardi-target-lab-ets\/"},"author":{"name":"Target Lab Ets","@id":"https:\/\/www.romaoggi.eu\/#\/schema\/person\/72b8cfc6de60caeb335267c8e21d90fb"},"headline":"&#8220;Roma, I funerali dello stilista Valentino&#8221;. Di Irene Cinardi &#8211; Target Lab Ets","datePublished":"2026-01-25T13:14:48+00:00","mainEntityOfPage":{"@id":"https:\/\/www.romaoggi.eu\/index.php\/2026\/01\/25\/roma-i-funerali-dello-stilista-valentino-di-irene-cinardi-target-lab-ets\/"},"wordCount":526,"publisher":{"@id":"https:\/\/www.romaoggi.eu\/#organization"},"image":{"@id":"https:\/\/www.romaoggi.eu\/index.php\/2026\/01\/25\/roma-i-funerali-dello-stilista-valentino-di-irene-cinardi-target-lab-ets\/#primaryimage"},"thumbnailUrl":"https:\/\/www.romaoggi.eu\/wp-content\/uploads\/2026\/01\/1000485051.jpg","keywords":["Anna Wintour","Anne Hathaway","Funerale","Giancarlo Giammetti","Irene Cinardi","moda","RomaOggi.eu","Stilista","target lab ets","Tom Ford","Valentino","valentino garavani","Vernon Bruce Hoeksema"],"articleSection":["attualit\u00e0"],"inLanguage":"it-IT"},{"@type":"WebPage","@id":"https:\/\/www.romaoggi.eu\/index.php\/2026\/01\/25\/roma-i-funerali-dello-stilista-valentino-di-irene-cinardi-target-lab-ets\/","url":"https:\/\/www.romaoggi.eu\/index.php\/2026\/01\/25\/roma-i-funerali-dello-stilista-valentino-di-irene-cinardi-target-lab-ets\/","name":"\"Roma, I funerali dello stilista Valentino\". Di Irene Cinardi - Target Lab Ets","isPartOf":{"@id":"https:\/\/www.romaoggi.eu\/#website"},"primaryImageOfPage":{"@id":"https:\/\/www.romaoggi.eu\/index.php\/2026\/01\/25\/roma-i-funerali-dello-stilista-valentino-di-irene-cinardi-target-lab-ets\/#primaryimage"},"image":{"@id":"https:\/\/www.romaoggi.eu\/index.php\/2026\/01\/25\/roma-i-funerali-dello-stilista-valentino-di-irene-cinardi-target-lab-ets\/#primaryimage"},"thumbnailUrl":"https:\/\/www.romaoggi.eu\/wp-content\/uploads\/2026\/01\/1000485051.jpg","datePublished":"2026-01-25T13:14:48+00:00","description":"Newsletter e vostri commenti o proposte di collaborazione scrivendo a target.lsfc@gmail.com\u00a0 \u00a0 \u00a0\u00a0infoline +39 3316379346 Venerd\u00ec 23 gennaio la Nazione si","breadcrumb":{"@id":"https:\/\/www.romaoggi.eu\/index.php\/2026\/01\/25\/roma-i-funerali-dello-stilista-valentino-di-irene-cinardi-target-lab-ets\/#breadcrumb"},"inLanguage":"it-IT","potentialAction":[{"@type":"ReadAction","target":["https:\/\/www.romaoggi.eu\/index.php\/2026\/01\/25\/roma-i-funerali-dello-stilista-valentino-di-irene-cinardi-target-lab-ets\/"]}]},{"@type":"ImageObject","inLanguage":"it-IT","@id":"https:\/\/www.romaoggi.eu\/index.php\/2026\/01\/25\/roma-i-funerali-dello-stilista-valentino-di-irene-cinardi-target-lab-ets\/#primaryimage","url":"https:\/\/www.romaoggi.eu\/wp-content\/uploads\/2026\/01\/1000485051.jpg","contentUrl":"https:\/\/www.romaoggi.eu\/wp-content\/uploads\/2026\/01\/1000485051.jpg","width":1067,"height":1000,"caption":"Entrata del feretro di Valentino. Credito Irene Cinardi\u00a0"},{"@type":"BreadcrumbList","@id":"https:\/\/www.romaoggi.eu\/index.php\/2026\/01\/25\/roma-i-funerali-dello-stilista-valentino-di-irene-cinardi-target-lab-ets\/#breadcrumb","itemListElement":[{"@type":"ListItem","position":1,"name":"Home","item":"https:\/\/www.romaoggi.eu\/"},{"@type":"ListItem","position":2,"name":"&#8220;Roma, I funerali dello stilista Valentino&#8221;. Di Irene Cinardi &#8211; Target Lab Ets"}]},{"@type":"WebSite","@id":"https:\/\/www.romaoggi.eu\/#website","url":"https:\/\/www.romaoggi.eu\/","name":"roma oggi","description":"Interesting News for Interesting people","publisher":{"@id":"https:\/\/www.romaoggi.eu\/#organization"},"potentialAction":[{"@type":"SearchAction","target":{"@type":"EntryPoint","urlTemplate":"https:\/\/www.romaoggi.eu\/?s={search_term_string}"},"query-input":{"@type":"PropertyValueSpecification","valueRequired":true,"valueName":"search_term_string"}}],"inLanguage":"it-IT"},{"@type":"Organization","@id":"https:\/\/www.romaoggi.eu\/#organization","name":"RomaOggi","url":"https:\/\/www.romaoggi.eu\/","logo":{"@type":"ImageObject","inLanguage":"it-IT","@id":"https:\/\/www.romaoggi.eu\/#\/schema\/logo\/image\/","url":"https:\/\/www.romaoggi.eu\/wp-content\/uploads\/2017\/04\/logowp.jpg","contentUrl":"https:\/\/www.romaoggi.eu\/wp-content\/uploads\/2017\/04\/logowp.jpg","width":300,"height":133,"caption":"RomaOggi"},"image":{"@id":"https:\/\/www.romaoggi.eu\/#\/schema\/logo\/image\/"},"sameAs":["https:\/\/www.facebook.com\/RomaOggi-841544845954114","https:\/\/x.com\/romaoggi_eu"]},{"@type":"Person","@id":"https:\/\/www.romaoggi.eu\/#\/schema\/person\/72b8cfc6de60caeb335267c8e21d90fb","name":"Target Lab Ets","image":{"@type":"ImageObject","inLanguage":"it-IT","@id":"https:\/\/secure.gravatar.com\/avatar\/ab64fd266889a629b0e9e6ab56209e379c2a89cfda303941ee9621d4090292d1?s=96&d=mm&r=g","url":"https:\/\/secure.gravatar.com\/avatar\/ab64fd266889a629b0e9e6ab56209e379c2a89cfda303941ee9621d4090292d1?s=96&d=mm&r=g","contentUrl":"https:\/\/secure.gravatar.com\/avatar\/ab64fd266889a629b0e9e6ab56209e379c2a89cfda303941ee9621d4090292d1?s=96&d=mm&r=g","caption":"Target Lab Ets"},"sameAs":["http:\/\/www.targetlab.org"],"url":"https:\/\/www.romaoggi.eu\/index.php\/author\/isfc\/"}]}},"_links":{"self":[{"href":"https:\/\/www.romaoggi.eu\/index.php\/wp-json\/wp\/v2\/posts\/42012","targetHints":{"allow":["GET"]}}],"collection":[{"href":"https:\/\/www.romaoggi.eu\/index.php\/wp-json\/wp\/v2\/posts"}],"about":[{"href":"https:\/\/www.romaoggi.eu\/index.php\/wp-json\/wp\/v2\/types\/post"}],"author":[{"embeddable":true,"href":"https:\/\/www.romaoggi.eu\/index.php\/wp-json\/wp\/v2\/users\/17"}],"replies":[{"embeddable":true,"href":"https:\/\/www.romaoggi.eu\/index.php\/wp-json\/wp\/v2\/comments?post=42012"}],"version-history":[{"count":7,"href":"https:\/\/www.romaoggi.eu\/index.php\/wp-json\/wp\/v2\/posts\/42012\/revisions"}],"predecessor-version":[{"id":42026,"href":"https:\/\/www.romaoggi.eu\/index.php\/wp-json\/wp\/v2\/posts\/42012\/revisions\/42026"}],"wp:featuredmedia":[{"embeddable":true,"href":"https:\/\/www.romaoggi.eu\/index.php\/wp-json\/wp\/v2\/media\/42021"}],"wp:attachment":[{"href":"https:\/\/www.romaoggi.eu\/index.php\/wp-json\/wp\/v2\/media?parent=42012"}],"wp:term":[{"taxonomy":"category","embeddable":true,"href":"https:\/\/www.romaoggi.eu\/index.php\/wp-json\/wp\/v2\/categories?post=42012"},{"taxonomy":"post_tag","embeddable":true,"href":"https:\/\/www.romaoggi.eu\/index.php\/wp-json\/wp\/v2\/tags?post=42012"}],"curies":[{"name":"wp","href":"https:\/\/api.w.org\/{rel}","templated":true}]}}