{"id":42057,"date":"2026-01-30T11:32:29","date_gmt":"2026-01-30T10:32:29","guid":{"rendered":"https:\/\/www.romaoggi.eu\/?p=42057"},"modified":"2026-01-30T11:35:14","modified_gmt":"2026-01-30T10:35:14","slug":"riforma-costituzionale-intervista-al-prof-alessio-ciasco","status":"publish","type":"post","link":"https:\/\/www.romaoggi.eu\/index.php\/2026\/01\/30\/riforma-costituzionale-intervista-al-prof-alessio-ciasco\/","title":{"rendered":"REFERENDUM GIUSTIZIA -intervista al Prof Alessio Ciasco"},"content":{"rendered":"<p style=\"text-align: justify;\">REFERENDUM GIUSTIZIA RELATIVO ALLA RIFORMA COSTITUZIONALE SULLA SEPARAZIONE DELLE CARRIERE OVVERO NORME IN MATERIA DI ORDINAMENTO GIURISDIZIONALE E DI ISTITUZIONE DELLLA CORTE DISCIPLINARE LEGGE 253 30\/10\/2025<\/p>\n<p style=\"text-align: justify;\">Intervista di <strong>Barbara Castellani<\/strong>.<\/p>\n<p style=\"text-align: justify;\">In data <strong>22-23 Marzo,<\/strong> i cittadini dovranno esprimersi sulla <strong>Riforma Costituzionale,<\/strong> abbiamo incontrato l\u2019Avv. penalista, tributarista e neo Presidente del Partito Italia 2.0 <strong>Prof. Alessio Ciasco<\/strong> per comprendere cosa si vota sul Referendum sulle separazione delle carriere. Il Prof. Alessio Ciasco, all\u2019interno del suo Studio romano ci spiegher\u00e0 il perch\u00e9<strong> votare Si<\/strong> o perch\u00e9 <strong>votare NO.<\/strong><br \/>\n<strong>I quesiti referendari su cosa verteranno? <\/strong>\u201cI 5 Quesiti sui quali saremo chiamati ad esprimerci<br \/>\n1) Riforma del CSM<br \/>\n2) Equa valutazione dei Magistrati<br \/>\n3) Separazione delle carriere tra magistrati e Giudici<br \/>\n4) Limiti alla custodia cautelare<br \/>\n5) Abolizione del Decreto Severino<\/p>\n<p style=\"text-align: justify;\"><em>Il primo quesito riguarda la Riforma del <strong>CSM<\/strong>, l\u2019Organo di autogoverno dei Magistrati che, per 2\/3 \u00e8 <\/em><em>composto da Magistrati eletti. <strong>Con il SI<\/strong> al Referendum si elimina il peso delle selezioni delle candidature guidate dalle correnti,\u00a0 come attualmente in vigore; infatti, il CSM \u00e8 presieduto dal Presidente della Repubblica, dal Presidente della Suprema Corte di Cassazione e dal Procuratore Generale della Corte stessa. Gli altri 24 membri, sono eletti, dai componenti della Magistratura per 2\/3 e per 1\/3 dal Parlamento in seduta comune. Dunque, un Magistrato che voglia candidarsi a far parte del CSM deve raccogliere tra le 25 e le 50 firme dei propri colleghi, per questo ha necessit\u00e0 dell\u2019appoggio delle correnti\u201d.<\/em><br \/>\n<strong>Che cosa sono le correnti?<\/strong><br \/>\n<em>\u201cLe correnti sono una sorta di Partiti che, influenzano le decisioni, le indagini ed intervengono <\/em><em>nell\u2019assegnazione di incarichi e delle destinazioni dei Magistrati<\/em>\u201d.<br \/>\n<strong>Cosa succede se voto S\u00cc?<\/strong><br \/>\n\u201c<em>Viene abrogato, per un Magistrato l\u2019obbligo di trovare 50 firme, si tornerebbe quindi alla Legge <\/em><em>originale del 1958, cosicch\u00e9 tutti i Magistrati saranno eletti esclusivamente sulle proprie capacit\u00e0<\/em><br \/>\n<em>professionali e personali e non per gli interessi delle correnti\u201d<\/em>.<br \/>\n<strong>Quindi, in caso di vittoria del SI cosa cambierebbe per il cittadino?<\/strong><br \/>\n<em>\u201cCambierebbe l\u2019influenza che, le correnti hanno nelle decisioni della Giustizia, facciamo un <\/em><em>esempio: immaginate che fossimo sottoposti ad indagine ma che, quel magistrato non pu\u00f2 <\/em><em>archiviare la nostra indagine, in quanto ha un ordine di corrente, a quel punto il Magistrato <\/em><em>rinvierebbe a giudizio e il Giudice che, dovrebbe giudicare, con quale libert\u00e0 di decisione e <\/em><em>soprattutto con quale indipendenza di decisione potrebbe giudicare se appartiene alla stessa <\/em><em>corrente<\/em>?\u201d<br \/>\n<strong>Quanto costano ai cittadini, tutti questi processi, spinti da correnti?<\/strong><\/p>\n<p style=\"text-align: justify;\"><em>\u201cIn media un Processo penale monocratico costa dai 5.000 ai 12.000 euro a cittadino se, passasse <\/em><em>la Riforma costituzionale il costo della giustizia scenderebbe almeno del 40%, facendo si che i <\/em><em>soldi utilizzati per queste attivit\u00e0 fossero impegnati in altro\u201d<\/em>.<br \/>\n<strong>Il Secondo quesito ossia l\u2019equa valutazione dei Magistrati in cosa consiste?<\/strong><br \/>\n<em>\u201cLa valutazione della professionalit\u00e0 e della competenza dei magistrati \u00e8 valutata dal CSM che <\/em><em>decide sulla base di valutazioni fatta dal Consiglio giudiziario territoriale, nei quali per\u00f2 decidono <\/em><em>solo i magistrati, con il referendum si vuole estendere anche ai rappresentanti dell\u2019Universit\u00e0 e <\/em><em>dell\u2019Avvocatura nei Consigli giudiziari la possibilit\u00e0 di avere voce in capitolo nella valutazione\u201d<\/em>.<br \/>\n<strong>Consigli giudiziari: chi li compone e come lavorano?<\/strong><br \/>\n<em>\u201cSono organismi territoriali composti da magistrati, ma anche da membri \u201cnon togati\u201d: avvocati e <\/em><em>professori universitari in materie giuridiche. Questa componente laica, che rappresenta un terzo <\/em><em>dell\u2019organismo, \u00e8 per\u00f2 esclusa dalle discussioni e dalle votazioni che attengono alle competenze <\/em><em>dei magistrati, limitata al ruolo di \u201cspettatore\u201d. Solo i magistrati, dunque, hanno oggi il compito di <\/em><em>giudicare gli altri magistrati. Una condizione che \u00e8 addirittura in contrasto con lo spirito della <\/em><em>Costituzione, che ha voluto che nel CSM vi fosse una componente non togata con eguali poteri dei <\/em><em>componenti magistrati.\u201d<\/em><br \/>\n<strong>Che cosa prevede il terzo quesito?<\/strong><br \/>\n<em>\u201cSEPARAZIONE DELLE CARRIERE DEI MAGISTRATI SULLA BASE DELLA DISTINZIONE TRA <\/em><em>FUNZIONI GIUDICANTI E REQUIRENTI. In questo campo bisogna capire che l\u2019attivit\u00e0 giudicante debba essere separata da quella inquirente che cosa avviene oggi i magistrati sono nello stesso medesimo momento inquirenti e giudicanti entro il primo anno di carriera, infatti, gli stessi possono decidere se fare il ruolo di giudicante e il ruolo di pubblico ministero, capite che la visione garantista nei confronti del giudizio \u00e8 distorta da una funzione sicuramente inquirente\u2019<\/em><br \/>\n<strong>Che cosa succede se vince il SI?<\/strong><br \/>\n<em>\u201cLa custodia cautelare, cio\u00e8 il carcere preventivo rispetto alla condanna definitiva e spesso rispetto <\/em><em>a una qualsiasi condanna anche non definitiva, \u00e8 una pratica di cui si abusa. Da strumento di <\/em><em>emergenza \u00e8 stato trasformato in una vera e propria forma anticipatoria della pena. Ci\u00f2 <\/em><em>rappresenta una palese violazione del principio costituzionale della presunzione di non <\/em><em>colpevolezza e ha costretto migliaia di donne e uomini accusati di reati minori, addirittura poi <\/em><em>assolti, a conoscere l\u2019umiliazione del carcere prima di un processo.\u201d<\/em><br \/>\n<strong>Che cosa succede se vince il NO?<\/strong><br \/>\n<em>\u201cResterebbe in vigore la carcerazione preventiva per chi commette reati pi\u00f9 gravi e si abolirebbe la <\/em><em>possibilit\u00e0 di procedere alla privazione della libert\u00e0 in ragione di una possibile \u201creiterazione del <\/em><em>medesimo reato\u201d. Questa \u00e8 la motivazione che viene utilizzata pi\u00f9 di frequente per disporre la <\/em><em>custodia cautelare, molto spesso senza che questo rischio esista veramente.\u201d<\/em><\/p>\n<p style=\"text-align: justify;\"><img loading=\"lazy\" decoding=\"async\" class=\"aligncenter wp-image-42063 size-large\" src=\"https:\/\/www.romaoggi.eu\/wp-content\/uploads\/2026\/01\/IMG-20260130-WA0001-769x1024.jpg\" alt=\"\" width=\"769\" height=\"1024\" srcset=\"https:\/\/www.romaoggi.eu\/wp-content\/uploads\/2026\/01\/IMG-20260130-WA0001-769x1024.jpg 769w, https:\/\/www.romaoggi.eu\/wp-content\/uploads\/2026\/01\/IMG-20260130-WA0001-225x300.jpg 225w, https:\/\/www.romaoggi.eu\/wp-content\/uploads\/2026\/01\/IMG-20260130-WA0001.jpg 1080w\" sizes=\"auto, (max-width: 769px) 100vw, 769px\" \/><br \/>\n<strong>5\u00ba quesito ABOLIZIONE DEL DECRETO SEVERINO che cosa prevede?<\/strong><br \/>\n<em>\u201cLa decadenza automatica di sindaci e amministratori locali condannati ha creato vuoti di potere e <\/em><em>la sospensione temporanea dai pubblici uffici di innocenti poi reintegrati al loro posto. Il referendum <\/em><em>elimina l\u2019automatismo e restituisce ai giudici la facolt\u00e0 di decidere se applicare o meno l\u2019interdizione dai pubblici uffici\u201d.<\/em><br \/>\n<strong>Che cosa prevede la legge Severino?<\/strong><\/p>\n<p style=\"text-align: justify;\"><em>\u201cIl decreto legislativo che porta la firma dell\u2019ex ministro della Giustizia Paola Severino prevede <\/em><em>incandidabilit\u00e0, ineleggibilit\u00e0 e decadenza automatica per i parlamentari, per i rappresentanti di <\/em><em>governo, per i consiglieri regionali, per i sindaci e per gli amministratori locali in caso di condanna. <\/em><em>Ha valore retroattivo e prevede, anche a nomina avvenuta regolarmente, la sospensione di una <\/em><em>carica comunale, regionale e parlamentare se la condanna avviene dopo la nomina del soggetto in <\/em><em>questione. Per coloro che sono in carica in un ente territoriale basta anche una condanna in primo <\/em><em>grado non definitiva per l\u2019attuazione della sospensione, che pu\u00f2 durare per un periodo massimo di <\/em><em>18 mesi\u201d.<\/em><br \/>\n<strong>Questa legge ha funzionato e diminuito la corruzione?<\/strong><br \/>\n\u201cNella stragrande maggioranza dei casi in cui la legge \u00e8 stata applicata contro sindaci e amministratori locali, il pubblico ufficiale \u00e8 stato sospeso, costretto alle dimissioni, o comunque danneggiato, e poi \u00e8 stato assolto perch\u00e9 risultato innocente. La legge Severino ha esposto amministratori della cosa pubblica a indebite intrusioni nella vita privata\u201d.<br \/>\n<strong>Che cosa succede se vince il S\u00cc?<\/strong><br \/>\n<em>\u201cCon il s\u00ec viene abrogato il decreto e si cancella cos\u00ec l\u2019automatismo: si restituisce ai giudici la <\/em><em>facolt\u00e0 di decidere, di volta in volta, se, in caso di condanna, occorra applicare o meno anche <\/em><em>l\u2019interdizione dai pubblici ufficio\u201d.<\/em><\/p>\n<p><a href=\"https:\/\/www.romaoggi.eu\/index.php\/2025\/11\/27\/25-novembre-pompei-contro-la-violenza-sulle-donne\/\"><strong>Barbara Castellani<\/strong><\/a><\/p>\n","protected":false},"excerpt":{"rendered":"<div class=\"mh-excerpt\"><p>REFERENDUM GIUSTIZIA RELATIVO ALLA RIFORMA COSTITUZIONALE SULLA SEPARAZIONE DELLE CARRIERE OVVERO NORME IN MATERIA DI ORDINAMENTO GIURISDIZIONALE E DI ISTITUZIONE DELLLA CORTE DISCIPLINARE LEGGE 253 30\/10\/2025 Intervista di Barbara Castellani. In data 22-23 Marzo, i <a class=\"mh-excerpt-more\" href=\"https:\/\/www.romaoggi.eu\/index.php\/2026\/01\/30\/riforma-costituzionale-intervista-al-prof-alessio-ciasco\/\" title=\"REFERENDUM GIUSTIZIA -intervista al Prof Alessio Ciasco\">[&#8230;]<\/a><\/p>\n<\/div>","protected":false},"author":1,"featured_media":42068,"comment_status":"closed","ping_status":"open","sticky":false,"template":"","format":"standard","meta":{"_sitemap_exclude":false,"_sitemap_priority":"","_sitemap_frequency":"","footnotes":""},"categories":[522],"tags":[19225,3990,5074,19227,19230,19229,19231,19232,19226,19228,792],"class_list":["post-42057","post","type-post","status-publish","format-standard","has-post-thumbnail","hentry","category-attualita","tag-alessio-ciasco","tag-barbara-castellani","tag-carriera","tag-csm","tag-giudice","tag-magistrato","tag-pubblico-ministero","tag-referendum-giustizia","tag-riforma-costituzionale","tag-separazione-carriere","tag-voto"],"yoast_head":"<!-- This site is optimized with the Yoast SEO plugin v27.5 - https:\/\/yoast.com\/product\/yoast-seo-wordpress\/ -->\n<title>REFERENDUM GIUSTIZIA -intervista al Prof Alessio Ciasco<\/title>\n<meta name=\"description\" content=\"REFERENDUM GIUSTIZIA RELATIVO ALLA RIFORMA COSTITUZIONALE SULLA SEPARAZIONE DELLE CARRIERE OVVERO NORME IN MATERIA DI ORDINAMENTO GIURISDIZIONALE E DI\" \/>\n<meta name=\"robots\" content=\"index, follow, max-snippet:-1, max-image-preview:large, max-video-preview:-1\" \/>\n<link rel=\"canonical\" href=\"https:\/\/www.romaoggi.eu\/index.php\/2026\/01\/30\/riforma-costituzionale-intervista-al-prof-alessio-ciasco\/\" \/>\n<meta property=\"og:locale\" content=\"it_IT\" \/>\n<meta property=\"og:type\" content=\"article\" \/>\n<meta property=\"og:title\" content=\"REFERENDUM GIUSTIZIA -intervista al Prof Alessio Ciasco\" \/>\n<meta property=\"og:description\" content=\"REFERENDUM GIUSTIZIA RELATIVO ALLA RIFORMA COSTITUZIONALE SULLA SEPARAZIONE DELLE CARRIERE OVVERO NORME IN MATERIA DI ORDINAMENTO GIURISDIZIONALE E DI\" \/>\n<meta property=\"og:url\" content=\"https:\/\/www.romaoggi.eu\/index.php\/2026\/01\/30\/riforma-costituzionale-intervista-al-prof-alessio-ciasco\/\" \/>\n<meta property=\"og:site_name\" content=\"roma oggi\" \/>\n<meta property=\"article:publisher\" content=\"https:\/\/www.facebook.com\/RomaOggi-841544845954114\" \/>\n<meta property=\"article:published_time\" content=\"2026-01-30T10:32:29+00:00\" \/>\n<meta property=\"article:modified_time\" content=\"2026-01-30T10:35:14+00:00\" \/>\n<meta property=\"og:image\" content=\"https:\/\/www.romaoggi.eu\/wp-content\/uploads\/2026\/01\/MODIFICAAAAA-1.jpg\" \/>\n\t<meta property=\"og:image:width\" content=\"548\" \/>\n\t<meta property=\"og:image:height\" content=\"475\" \/>\n\t<meta property=\"og:image:type\" content=\"image\/jpeg\" \/>\n<meta name=\"author\" content=\"admin\" \/>\n<meta name=\"twitter:card\" content=\"summary_large_image\" \/>\n<meta name=\"twitter:creator\" content=\"@romaoggi_eu\" \/>\n<meta name=\"twitter:site\" content=\"@romaoggi_eu\" \/>\n<meta name=\"twitter:label1\" content=\"Scritto da\" \/>\n\t<meta name=\"twitter:data1\" content=\"admin\" \/>\n\t<meta name=\"twitter:label2\" content=\"Tempo di lettura stimato\" \/>\n\t<meta name=\"twitter:data2\" content=\"7 minuti\" \/>\n<script type=\"application\/ld+json\" class=\"yoast-schema-graph\">{\"@context\":\"https:\\\/\\\/schema.org\",\"@graph\":[{\"@type\":\"Article\",\"@id\":\"https:\\\/\\\/www.romaoggi.eu\\\/index.php\\\/2026\\\/01\\\/30\\\/riforma-costituzionale-intervista-al-prof-alessio-ciasco\\\/#article\",\"isPartOf\":{\"@id\":\"https:\\\/\\\/www.romaoggi.eu\\\/index.php\\\/2026\\\/01\\\/30\\\/riforma-costituzionale-intervista-al-prof-alessio-ciasco\\\/\"},\"author\":{\"name\":\"admin\",\"@id\":\"https:\\\/\\\/www.romaoggi.eu\\\/#\\\/schema\\\/person\\\/9b23ceb6a2992a25e98c76a5f1fbb887\"},\"headline\":\"REFERENDUM GIUSTIZIA -intervista al Prof Alessio Ciasco\",\"datePublished\":\"2026-01-30T10:32:29+00:00\",\"dateModified\":\"2026-01-30T10:35:14+00:00\",\"mainEntityOfPage\":{\"@id\":\"https:\\\/\\\/www.romaoggi.eu\\\/index.php\\\/2026\\\/01\\\/30\\\/riforma-costituzionale-intervista-al-prof-alessio-ciasco\\\/\"},\"wordCount\":1112,\"publisher\":{\"@id\":\"https:\\\/\\\/www.romaoggi.eu\\\/#organization\"},\"image\":{\"@id\":\"https:\\\/\\\/www.romaoggi.eu\\\/index.php\\\/2026\\\/01\\\/30\\\/riforma-costituzionale-intervista-al-prof-alessio-ciasco\\\/#primaryimage\"},\"thumbnailUrl\":\"https:\\\/\\\/www.romaoggi.eu\\\/wp-content\\\/uploads\\\/2026\\\/01\\\/MODIFICAAAAA-1.jpg\",\"keywords\":[\"Alessio Ciasco\",\"Barbara Castellani\",\"carriera\",\"CSM\",\"giudice\",\"magistrato\",\"pubblico ministero\",\"REFERENDUM GIUSTIZIA\",\"riforma costituzionale\",\"separazione carriere\",\"voto\"],\"articleSection\":[\"attualit\u00e0\"],\"inLanguage\":\"it-IT\"},{\"@type\":\"WebPage\",\"@id\":\"https:\\\/\\\/www.romaoggi.eu\\\/index.php\\\/2026\\\/01\\\/30\\\/riforma-costituzionale-intervista-al-prof-alessio-ciasco\\\/\",\"url\":\"https:\\\/\\\/www.romaoggi.eu\\\/index.php\\\/2026\\\/01\\\/30\\\/riforma-costituzionale-intervista-al-prof-alessio-ciasco\\\/\",\"name\":\"REFERENDUM GIUSTIZIA -intervista al Prof Alessio Ciasco\",\"isPartOf\":{\"@id\":\"https:\\\/\\\/www.romaoggi.eu\\\/#website\"},\"primaryImageOfPage\":{\"@id\":\"https:\\\/\\\/www.romaoggi.eu\\\/index.php\\\/2026\\\/01\\\/30\\\/riforma-costituzionale-intervista-al-prof-alessio-ciasco\\\/#primaryimage\"},\"image\":{\"@id\":\"https:\\\/\\\/www.romaoggi.eu\\\/index.php\\\/2026\\\/01\\\/30\\\/riforma-costituzionale-intervista-al-prof-alessio-ciasco\\\/#primaryimage\"},\"thumbnailUrl\":\"https:\\\/\\\/www.romaoggi.eu\\\/wp-content\\\/uploads\\\/2026\\\/01\\\/MODIFICAAAAA-1.jpg\",\"datePublished\":\"2026-01-30T10:32:29+00:00\",\"dateModified\":\"2026-01-30T10:35:14+00:00\",\"description\":\"REFERENDUM GIUSTIZIA RELATIVO ALLA RIFORMA COSTITUZIONALE SULLA SEPARAZIONE DELLE CARRIERE OVVERO NORME IN MATERIA DI ORDINAMENTO GIURISDIZIONALE E DI\",\"breadcrumb\":{\"@id\":\"https:\\\/\\\/www.romaoggi.eu\\\/index.php\\\/2026\\\/01\\\/30\\\/riforma-costituzionale-intervista-al-prof-alessio-ciasco\\\/#breadcrumb\"},\"inLanguage\":\"it-IT\",\"potentialAction\":[{\"@type\":\"ReadAction\",\"target\":[\"https:\\\/\\\/www.romaoggi.eu\\\/index.php\\\/2026\\\/01\\\/30\\\/riforma-costituzionale-intervista-al-prof-alessio-ciasco\\\/\"]}]},{\"@type\":\"ImageObject\",\"inLanguage\":\"it-IT\",\"@id\":\"https:\\\/\\\/www.romaoggi.eu\\\/index.php\\\/2026\\\/01\\\/30\\\/riforma-costituzionale-intervista-al-prof-alessio-ciasco\\\/#primaryimage\",\"url\":\"https:\\\/\\\/www.romaoggi.eu\\\/wp-content\\\/uploads\\\/2026\\\/01\\\/MODIFICAAAAA-1.jpg\",\"contentUrl\":\"https:\\\/\\\/www.romaoggi.eu\\\/wp-content\\\/uploads\\\/2026\\\/01\\\/MODIFICAAAAA-1.jpg\",\"width\":548,\"height\":475,\"caption\":\"alt tag Alessio Ciasco\"},{\"@type\":\"BreadcrumbList\",\"@id\":\"https:\\\/\\\/www.romaoggi.eu\\\/index.php\\\/2026\\\/01\\\/30\\\/riforma-costituzionale-intervista-al-prof-alessio-ciasco\\\/#breadcrumb\",\"itemListElement\":[{\"@type\":\"ListItem\",\"position\":1,\"name\":\"Home\",\"item\":\"https:\\\/\\\/www.romaoggi.eu\\\/\"},{\"@type\":\"ListItem\",\"position\":2,\"name\":\"REFERENDUM GIUSTIZIA -intervista al Prof Alessio Ciasco\"}]},{\"@type\":\"WebSite\",\"@id\":\"https:\\\/\\\/www.romaoggi.eu\\\/#website\",\"url\":\"https:\\\/\\\/www.romaoggi.eu\\\/\",\"name\":\"roma oggi\",\"description\":\"Interesting News for Interesting people\",\"publisher\":{\"@id\":\"https:\\\/\\\/www.romaoggi.eu\\\/#organization\"},\"potentialAction\":[{\"@type\":\"SearchAction\",\"target\":{\"@type\":\"EntryPoint\",\"urlTemplate\":\"https:\\\/\\\/www.romaoggi.eu\\\/?s={search_term_string}\"},\"query-input\":{\"@type\":\"PropertyValueSpecification\",\"valueRequired\":true,\"valueName\":\"search_term_string\"}}],\"inLanguage\":\"it-IT\"},{\"@type\":\"Organization\",\"@id\":\"https:\\\/\\\/www.romaoggi.eu\\\/#organization\",\"name\":\"RomaOggi\",\"url\":\"https:\\\/\\\/www.romaoggi.eu\\\/\",\"logo\":{\"@type\":\"ImageObject\",\"inLanguage\":\"it-IT\",\"@id\":\"https:\\\/\\\/www.romaoggi.eu\\\/#\\\/schema\\\/logo\\\/image\\\/\",\"url\":\"https:\\\/\\\/www.romaoggi.eu\\\/wp-content\\\/uploads\\\/2017\\\/04\\\/logowp.jpg\",\"contentUrl\":\"https:\\\/\\\/www.romaoggi.eu\\\/wp-content\\\/uploads\\\/2017\\\/04\\\/logowp.jpg\",\"width\":300,\"height\":133,\"caption\":\"RomaOggi\"},\"image\":{\"@id\":\"https:\\\/\\\/www.romaoggi.eu\\\/#\\\/schema\\\/logo\\\/image\\\/\"},\"sameAs\":[\"https:\\\/\\\/www.facebook.com\\\/RomaOggi-841544845954114\",\"https:\\\/\\\/x.com\\\/romaoggi_eu\"]},{\"@type\":\"Person\",\"@id\":\"https:\\\/\\\/www.romaoggi.eu\\\/#\\\/schema\\\/person\\\/9b23ceb6a2992a25e98c76a5f1fbb887\",\"name\":\"admin\",\"image\":{\"@type\":\"ImageObject\",\"inLanguage\":\"it-IT\",\"@id\":\"https:\\\/\\\/secure.gravatar.com\\\/avatar\\\/51b1e0a1f4159e3b5d89435fce5e1a348d6c59e2ff8c2d428dae75560aace504?s=96&d=mm&r=g\",\"url\":\"https:\\\/\\\/secure.gravatar.com\\\/avatar\\\/51b1e0a1f4159e3b5d89435fce5e1a348d6c59e2ff8c2d428dae75560aace504?s=96&d=mm&r=g\",\"contentUrl\":\"https:\\\/\\\/secure.gravatar.com\\\/avatar\\\/51b1e0a1f4159e3b5d89435fce5e1a348d6c59e2ff8c2d428dae75560aace504?s=96&d=mm&r=g\",\"caption\":\"admin\"},\"url\":\"https:\\\/\\\/www.romaoggi.eu\\\/index.php\\\/author\\\/admin\\\/\"}]}<\/script>\n<!-- \/ Yoast SEO plugin. -->","yoast_head_json":{"title":"REFERENDUM GIUSTIZIA -intervista al Prof Alessio Ciasco","description":"REFERENDUM GIUSTIZIA RELATIVO ALLA RIFORMA COSTITUZIONALE SULLA SEPARAZIONE DELLE CARRIERE OVVERO NORME IN MATERIA DI ORDINAMENTO GIURISDIZIONALE E DI","robots":{"index":"index","follow":"follow","max-snippet":"max-snippet:-1","max-image-preview":"max-image-preview:large","max-video-preview":"max-video-preview:-1"},"canonical":"https:\/\/www.romaoggi.eu\/index.php\/2026\/01\/30\/riforma-costituzionale-intervista-al-prof-alessio-ciasco\/","og_locale":"it_IT","og_type":"article","og_title":"REFERENDUM GIUSTIZIA -intervista al Prof Alessio Ciasco","og_description":"REFERENDUM GIUSTIZIA RELATIVO ALLA RIFORMA COSTITUZIONALE SULLA SEPARAZIONE DELLE CARRIERE OVVERO NORME IN MATERIA DI ORDINAMENTO GIURISDIZIONALE E DI","og_url":"https:\/\/www.romaoggi.eu\/index.php\/2026\/01\/30\/riforma-costituzionale-intervista-al-prof-alessio-ciasco\/","og_site_name":"roma oggi","article_publisher":"https:\/\/www.facebook.com\/RomaOggi-841544845954114","article_published_time":"2026-01-30T10:32:29+00:00","article_modified_time":"2026-01-30T10:35:14+00:00","og_image":[{"width":548,"height":475,"url":"https:\/\/www.romaoggi.eu\/wp-content\/uploads\/2026\/01\/MODIFICAAAAA-1.jpg","type":"image\/jpeg"}],"author":"admin","twitter_card":"summary_large_image","twitter_creator":"@romaoggi_eu","twitter_site":"@romaoggi_eu","twitter_misc":{"Scritto da":"admin","Tempo di lettura stimato":"7 minuti"},"schema":{"@context":"https:\/\/schema.org","@graph":[{"@type":"Article","@id":"https:\/\/www.romaoggi.eu\/index.php\/2026\/01\/30\/riforma-costituzionale-intervista-al-prof-alessio-ciasco\/#article","isPartOf":{"@id":"https:\/\/www.romaoggi.eu\/index.php\/2026\/01\/30\/riforma-costituzionale-intervista-al-prof-alessio-ciasco\/"},"author":{"name":"admin","@id":"https:\/\/www.romaoggi.eu\/#\/schema\/person\/9b23ceb6a2992a25e98c76a5f1fbb887"},"headline":"REFERENDUM GIUSTIZIA -intervista al Prof Alessio Ciasco","datePublished":"2026-01-30T10:32:29+00:00","dateModified":"2026-01-30T10:35:14+00:00","mainEntityOfPage":{"@id":"https:\/\/www.romaoggi.eu\/index.php\/2026\/01\/30\/riforma-costituzionale-intervista-al-prof-alessio-ciasco\/"},"wordCount":1112,"publisher":{"@id":"https:\/\/www.romaoggi.eu\/#organization"},"image":{"@id":"https:\/\/www.romaoggi.eu\/index.php\/2026\/01\/30\/riforma-costituzionale-intervista-al-prof-alessio-ciasco\/#primaryimage"},"thumbnailUrl":"https:\/\/www.romaoggi.eu\/wp-content\/uploads\/2026\/01\/MODIFICAAAAA-1.jpg","keywords":["Alessio Ciasco","Barbara Castellani","carriera","CSM","giudice","magistrato","pubblico ministero","REFERENDUM GIUSTIZIA","riforma costituzionale","separazione carriere","voto"],"articleSection":["attualit\u00e0"],"inLanguage":"it-IT"},{"@type":"WebPage","@id":"https:\/\/www.romaoggi.eu\/index.php\/2026\/01\/30\/riforma-costituzionale-intervista-al-prof-alessio-ciasco\/","url":"https:\/\/www.romaoggi.eu\/index.php\/2026\/01\/30\/riforma-costituzionale-intervista-al-prof-alessio-ciasco\/","name":"REFERENDUM GIUSTIZIA -intervista al Prof Alessio Ciasco","isPartOf":{"@id":"https:\/\/www.romaoggi.eu\/#website"},"primaryImageOfPage":{"@id":"https:\/\/www.romaoggi.eu\/index.php\/2026\/01\/30\/riforma-costituzionale-intervista-al-prof-alessio-ciasco\/#primaryimage"},"image":{"@id":"https:\/\/www.romaoggi.eu\/index.php\/2026\/01\/30\/riforma-costituzionale-intervista-al-prof-alessio-ciasco\/#primaryimage"},"thumbnailUrl":"https:\/\/www.romaoggi.eu\/wp-content\/uploads\/2026\/01\/MODIFICAAAAA-1.jpg","datePublished":"2026-01-30T10:32:29+00:00","dateModified":"2026-01-30T10:35:14+00:00","description":"REFERENDUM GIUSTIZIA RELATIVO ALLA RIFORMA COSTITUZIONALE SULLA SEPARAZIONE DELLE CARRIERE OVVERO NORME IN MATERIA DI ORDINAMENTO GIURISDIZIONALE E DI","breadcrumb":{"@id":"https:\/\/www.romaoggi.eu\/index.php\/2026\/01\/30\/riforma-costituzionale-intervista-al-prof-alessio-ciasco\/#breadcrumb"},"inLanguage":"it-IT","potentialAction":[{"@type":"ReadAction","target":["https:\/\/www.romaoggi.eu\/index.php\/2026\/01\/30\/riforma-costituzionale-intervista-al-prof-alessio-ciasco\/"]}]},{"@type":"ImageObject","inLanguage":"it-IT","@id":"https:\/\/www.romaoggi.eu\/index.php\/2026\/01\/30\/riforma-costituzionale-intervista-al-prof-alessio-ciasco\/#primaryimage","url":"https:\/\/www.romaoggi.eu\/wp-content\/uploads\/2026\/01\/MODIFICAAAAA-1.jpg","contentUrl":"https:\/\/www.romaoggi.eu\/wp-content\/uploads\/2026\/01\/MODIFICAAAAA-1.jpg","width":548,"height":475,"caption":"alt tag Alessio Ciasco"},{"@type":"BreadcrumbList","@id":"https:\/\/www.romaoggi.eu\/index.php\/2026\/01\/30\/riforma-costituzionale-intervista-al-prof-alessio-ciasco\/#breadcrumb","itemListElement":[{"@type":"ListItem","position":1,"name":"Home","item":"https:\/\/www.romaoggi.eu\/"},{"@type":"ListItem","position":2,"name":"REFERENDUM GIUSTIZIA -intervista al Prof Alessio Ciasco"}]},{"@type":"WebSite","@id":"https:\/\/www.romaoggi.eu\/#website","url":"https:\/\/www.romaoggi.eu\/","name":"roma oggi","description":"Interesting News for Interesting people","publisher":{"@id":"https:\/\/www.romaoggi.eu\/#organization"},"potentialAction":[{"@type":"SearchAction","target":{"@type":"EntryPoint","urlTemplate":"https:\/\/www.romaoggi.eu\/?s={search_term_string}"},"query-input":{"@type":"PropertyValueSpecification","valueRequired":true,"valueName":"search_term_string"}}],"inLanguage":"it-IT"},{"@type":"Organization","@id":"https:\/\/www.romaoggi.eu\/#organization","name":"RomaOggi","url":"https:\/\/www.romaoggi.eu\/","logo":{"@type":"ImageObject","inLanguage":"it-IT","@id":"https:\/\/www.romaoggi.eu\/#\/schema\/logo\/image\/","url":"https:\/\/www.romaoggi.eu\/wp-content\/uploads\/2017\/04\/logowp.jpg","contentUrl":"https:\/\/www.romaoggi.eu\/wp-content\/uploads\/2017\/04\/logowp.jpg","width":300,"height":133,"caption":"RomaOggi"},"image":{"@id":"https:\/\/www.romaoggi.eu\/#\/schema\/logo\/image\/"},"sameAs":["https:\/\/www.facebook.com\/RomaOggi-841544845954114","https:\/\/x.com\/romaoggi_eu"]},{"@type":"Person","@id":"https:\/\/www.romaoggi.eu\/#\/schema\/person\/9b23ceb6a2992a25e98c76a5f1fbb887","name":"admin","image":{"@type":"ImageObject","inLanguage":"it-IT","@id":"https:\/\/secure.gravatar.com\/avatar\/51b1e0a1f4159e3b5d89435fce5e1a348d6c59e2ff8c2d428dae75560aace504?s=96&d=mm&r=g","url":"https:\/\/secure.gravatar.com\/avatar\/51b1e0a1f4159e3b5d89435fce5e1a348d6c59e2ff8c2d428dae75560aace504?s=96&d=mm&r=g","contentUrl":"https:\/\/secure.gravatar.com\/avatar\/51b1e0a1f4159e3b5d89435fce5e1a348d6c59e2ff8c2d428dae75560aace504?s=96&d=mm&r=g","caption":"admin"},"url":"https:\/\/www.romaoggi.eu\/index.php\/author\/admin\/"}]}},"_links":{"self":[{"href":"https:\/\/www.romaoggi.eu\/index.php\/wp-json\/wp\/v2\/posts\/42057","targetHints":{"allow":["GET"]}}],"collection":[{"href":"https:\/\/www.romaoggi.eu\/index.php\/wp-json\/wp\/v2\/posts"}],"about":[{"href":"https:\/\/www.romaoggi.eu\/index.php\/wp-json\/wp\/v2\/types\/post"}],"author":[{"embeddable":true,"href":"https:\/\/www.romaoggi.eu\/index.php\/wp-json\/wp\/v2\/users\/1"}],"replies":[{"embeddable":true,"href":"https:\/\/www.romaoggi.eu\/index.php\/wp-json\/wp\/v2\/comments?post=42057"}],"version-history":[{"count":8,"href":"https:\/\/www.romaoggi.eu\/index.php\/wp-json\/wp\/v2\/posts\/42057\/revisions"}],"predecessor-version":[{"id":42069,"href":"https:\/\/www.romaoggi.eu\/index.php\/wp-json\/wp\/v2\/posts\/42057\/revisions\/42069"}],"wp:featuredmedia":[{"embeddable":true,"href":"https:\/\/www.romaoggi.eu\/index.php\/wp-json\/wp\/v2\/media\/42068"}],"wp:attachment":[{"href":"https:\/\/www.romaoggi.eu\/index.php\/wp-json\/wp\/v2\/media?parent=42057"}],"wp:term":[{"taxonomy":"category","embeddable":true,"href":"https:\/\/www.romaoggi.eu\/index.php\/wp-json\/wp\/v2\/categories?post=42057"},{"taxonomy":"post_tag","embeddable":true,"href":"https:\/\/www.romaoggi.eu\/index.php\/wp-json\/wp\/v2\/tags?post=42057"}],"curies":[{"name":"wp","href":"https:\/\/api.w.org\/{rel}","templated":true}]}}