{"id":42387,"date":"2026-03-12T07:47:39","date_gmt":"2026-03-12T06:47:39","guid":{"rendered":"https:\/\/www.romaoggi.eu\/?p=42387"},"modified":"2026-03-12T07:47:39","modified_gmt":"2026-03-12T06:47:39","slug":"la-foto-del-giorno-umani-gente-strana-e-di-annamaria-pieri-commento-di-elisabetta-pession","status":"publish","type":"post","link":"https:\/\/www.romaoggi.eu\/index.php\/2026\/03\/12\/la-foto-del-giorno-umani-gente-strana-e-di-annamaria-pieri-commento-di-elisabetta-pession\/","title":{"rendered":"La Foto del Giorno: &#8220;Umani gente strana&#8221; \u00e8 di Annamaria Pieri, commento di Elisabetta Pession"},"content":{"rendered":"<p style=\"padding-left: 120px\"><img loading=\"lazy\" decoding=\"async\" class=\"size-medium wp-image-39671 alignleft\" src=\"https:\/\/www.romaoggi.eu\/wp-content\/uploads\/2025\/05\/aBoxino-x-marchio-300x137.jpg\" alt=\"\" width=\"300\" height=\"137\" srcset=\"https:\/\/www.romaoggi.eu\/wp-content\/uploads\/2025\/05\/aBoxino-x-marchio-300x137.jpg 300w, https:\/\/www.romaoggi.eu\/wp-content\/uploads\/2025\/05\/aBoxino-x-marchio.jpg 551w\" sizes=\"auto, (max-width: 300px) 100vw, 300px\" \/><\/p>\n<p><img loading=\"lazy\" decoding=\"async\" class=\"alignnone size-full wp-image-40068 alignleft\" src=\"https:\/\/www.romaoggi.eu\/wp-content\/uploads\/2025\/06\/OIP.jpeg\" alt=\"\" width=\"104\" height=\"104\" \/><\/p>\n<p style=\"text-align: left\" align=\"CENTER\"><strong>Richiesta inserimento in newsletter e vostri commenti o proposte di collaborazione <\/strong><strong>scrivendo\u00a0a\u00a0<a href=\"mailto:target.lsfc@gmail.com\" data-aalisten=\"1\">target.lsfc@gmail.com<\/a>\u00a0 \u00a0 infoline +39 3316379346<\/strong><\/p>\n<p align=\"JUSTIFY\"><strong><span style=\"color: #000000\"><span style=\"font-family: Times New Roman, serif\"><span style=\"font-size: medium\">La foto del giorno<\/span><\/span><\/span><\/strong><span style=\"color: #000000\"><span style=\"font-family: Times New Roman, serif\"><span style=\"font-size: medium\"> di<\/span><\/span><\/span><span style=\"color: #000000\"><span style=\"font-family: Times New Roman, serif\"><span style=\"font-size: medium\"> gioved\u00ec 12 Marzo 2026<\/span><\/span><\/span> <span style=\"color: #000000\"><span style=\"font-family: Times New Roman, serif\"><span style=\"font-size: medium\">dal titolo<\/span><\/span><\/span> <strong><span style=\"color: #1d2228\"><span style=\"font-family: Times New Roman, serif\"><span style=\"font-size: medium\">&#8220;Umani gente strana&#8221;<\/span><\/span><\/span><\/strong> <span style=\"color: #1d2228\"><span style=\"font-family: Times New Roman, serif\"><span style=\"font-size: medium\">\u00e8 di <\/span><\/span><\/span><span style=\"color: #1d2228\"><span style=\"font-family: Times New Roman, serif\"><span style=\"font-size: medium\"><b>Annamaria Pieri,<\/b><\/span><\/span><\/span><b> <\/b><span style=\"color: #1d2228\"><span style=\"font-family: Times New Roman, serif\"><span style=\"font-size: medium\">commento di <\/span><\/span><\/span><span style=\"color: #1d2228\"><span style=\"font-family: Times New Roman, serif\"><span style=\"font-size: medium\"><b>Elisabetta Pession<\/b><\/span><\/span><\/span><span style=\"color: #000000\"><span style=\"font-family: Times New Roman, serif\"><span style=\"font-size: medium\">. Rubrica a cura di Alessandro Lisci. <\/span><\/span><\/span><strong><span style=\"color: #000000\"><span style=\"font-family: Times New Roman, serif\"><span style=\"font-size: medium\">Invia la tua foto del giorno al<\/span><\/span><\/span><\/strong><strong><span style=\"color: #000000\"><span style=\"font-family: Times New Roman, serif\"><span style=\"font-size: medium\"> whats app 3316379346 o <\/span><\/span><\/span><\/strong><strong><span style=\"color: #000000\"><span style=\"font-family: Times New Roman, serif\"><span style=\"font-size: medium\">alla mail<\/span><\/span><\/span><\/strong> <strong><a href=\"mailto:alessandrolisci@yahoo.it\"><span style=\"font-family: Times New Roman, serif\"><span style=\"font-size: medium\">alessandrolisci@yahoo.it<\/span><\/span><\/a><\/strong><strong><span style=\"color: #000000\"><span style=\"font-family: Times New Roman, serif\"><span style=\"font-size: medium\">. <\/span><\/span><\/span><\/strong><\/p>\n<p align=\"JUSTIFY\"><strong><span style=\"color: #ff0000\"><span style=\"font-family: Times New Roman, serif\"><span style=\"font-size: medium\">Rubrica in collaborazione con\u00a0 Lettere Caff\u00e8 -Via San Francesco a Ripa, 100\/101 Rome, Italy mob (+39) 340 004 4154 -info@letterecaffe.org<\/span><\/span><\/span><\/strong><\/p>\n<p align=\"JUSTIFY\"><strong><span style=\"color: #000000\"><span style=\"font-family: Times New Roman, serif\"><span style=\"font-size: medium\">Il commento<\/span><\/span><\/span><\/strong><\/p>\n<p align=\"JUSTIFY\"><span style=\"font-family: Times New Roman, serif\"><span style=\"font-size: medium\"><span style=\"color: #1d2228\">Eccoci a Istanbul, la vasta metropoli sul Bosforo. In questa foto, l&#8217;elemento cardine \u00e8 la pensilina alla fermata di un tram, a ridosso di un corso d&#8217;acqua.<\/span><\/span><\/span><\/p>\n<p align=\"JUSTIFY\"><span style=\"color: #1d2228\"><span style=\"font-family: Times New Roman, serif\"><span style=\"font-size: medium\">Tre donne stanno aspettando l&#8217;arrivo del mezzo di trasporto pubblico e colpisce il fatto che tutte e tre sono attaccate al telefonino, poco attente a ci\u00f2 che accade intorno a loro. Sembra invece che il soggetto pi\u00f9 vigile e curioso sia un simpatico gattino appollaiato su uno dei sedili sotto la pensilina della fermata: si guarda intorno e osserva , non gli sfugge niente e se potesse esprimersi a parole, il suo commento sarebbe: &#8220;Ma che gente strana questi umani!&#8221;<\/span><\/span><\/span><\/p>\n<p align=\"JUSTIFY\"><span style=\"color: #1d2228\"><span style=\"font-family: Times New Roman, serif\"><span style=\"font-size: medium\">Le tre signore probabilmente si attiveranno all&#8217;udir sferragliare la vettura in arrivo per salirci rapidamente e continuare durante il tragitto le rispettive conversazioni telefoniche, senza degnare di uno\u00a0sguardo il bel paesaggio collinare ricco di abitazioni. La collina in questione prende il nome dal poeta francese Pierre Loti vissuto nella seconda\u00a0met\u00e0 dell&#8217;ottocento,\u00a0grande viaggiatore, che soggiorn\u00f2 a lungo a Istanbul. Sicuramente allora la citt\u00e0 non era cos\u00ec abitata e piena di edifici. Leggiamo che\u00a0 dall&#8217;altra sponda del corso d&#8217;acqua parte una teleferica che porta in cima alla collina.\u00a0<\/span><\/span><\/span><\/p>\n<p align=\"JUSTIFY\"><span style=\"font-family: Times New Roman, serif\"><span style=\"font-size: medium\"><span style=\"color: #1d2228\">Ecco, il tram sta per arrivare e quando le tre signore saranno\u00a0salite in vettura, possiamo immaginare\u00a0che il nostro curioso gattino scender\u00e0 dalla sua postazione per spostarsi altrove a osservare nuovi paesaggi e altra gente strana.<\/span><\/span><\/span><\/p>\n<p align=\"RIGHT\"><strong><span style=\"font-family: Times New Roman, serif\"><span style=\"font-size: medium\"> \u00a9 2026 Elisabetta Pession<\/span><\/span><\/strong><\/p>\n<figure id=\"attachment_42388\" aria-describedby=\"caption-attachment-42388\" style=\"width: 1467px\" class=\"wp-caption alignnone\"><img loading=\"lazy\" decoding=\"async\" class=\" wp-image-42388\" src=\"https:\/\/www.romaoggi.eu\/wp-content\/uploads\/2026\/03\/Umani-gente-strana-Instabul.-Foto-di-Annamaria-Pieri-300x200.jpg\" alt=\"alt tag Annamaria Pieri\" width=\"1467\" height=\"978\" srcset=\"https:\/\/www.romaoggi.eu\/wp-content\/uploads\/2026\/03\/Umani-gente-strana-Instabul.-Foto-di-Annamaria-Pieri-300x200.jpg 300w, https:\/\/www.romaoggi.eu\/wp-content\/uploads\/2026\/03\/Umani-gente-strana-Instabul.-Foto-di-Annamaria-Pieri-1024x683.jpg 1024w, https:\/\/www.romaoggi.eu\/wp-content\/uploads\/2026\/03\/Umani-gente-strana-Instabul.-Foto-di-Annamaria-Pieri-1536x1024.jpg 1536w, https:\/\/www.romaoggi.eu\/wp-content\/uploads\/2026\/03\/Umani-gente-strana-Instabul.-Foto-di-Annamaria-Pieri.jpg 1600w\" sizes=\"auto, (max-width: 1467px) 100vw, 1467px\" \/><figcaption id=\"caption-attachment-42388\" class=\"wp-caption-text\"><span style=\"color: #000080\"><strong>Umani gente strana, Instabul. Foto di Annamaria Pieri<\/strong><\/span><\/figcaption><\/figure>\n<p align=\"JUSTIFY\"><strong><span style=\"font-family: Times New Roman, serif\"><span style=\"font-size: medium\">Elisabetta Pession nota bio<\/span><\/span><\/strong><\/p>\n<p align=\"JUSTIFY\"><strong><span style=\"color: #1a1a1a\"><span style=\"font-family: Times New Roman, serif\"><span style=\"font-size: medium\">Elisabetta Pession psicologa junghiana si diletta di letteratura e viaggi. Ama percorrere citt\u00e0 e borghi a piedi con sguardo curioso.<\/span><\/span><\/span><\/strong><\/p>\n<p align=\"CENTER\"><strong><span style=\"color: #1a1a1a\"><span style=\"font-family: Times New Roman, serif\"><span style=\"font-size: medium\"><b>___________________<\/b><\/span><\/span><\/span><\/strong><\/p>\n<p align=\"CENTER\"><strong><span style=\"color: #000000\"><span style=\"font-family: Times New Roman, serif\"><span style=\"font-size: large\"><b>Editing fotografico a cura di Alessandro Lisci \u2013 Target Lab Ets<\/b><\/span><\/span><\/span><\/strong><\/p>\n<p align=\"CENTER\"><span style=\"color: #000000\"><span style=\"font-family: Times New Roman, serif\"><span style=\"font-size: large\"><b>Visita il sito:\u00a0<\/b><\/span><\/span><\/span><a href=\"https:\/\/www.facebook.com\/TargetLabEts\"><span style=\"color: #e64946\"><span style=\"font-family: Times New Roman, serif\"><span style=\"font-size: large\"><b>https:\/\/www.facebook.com\/TargetLabEts<\/b><\/span><\/span><\/span><\/a><\/p>\n<p align=\"CENTER\"><strong><span style=\"color: #000000\"><span style=\"font-family: Times New Roman, serif\"><span style=\"font-size: medium\"><b>Sostieni il progetto fotografico di Target Lab Ets con una\u00a0<\/b><\/span><\/span><\/span><\/strong><strong><span style=\"color: #ff0000\"><span style=\"font-family: Times New Roman, serif\"><span style=\"font-size: medium\"><b>donazione\/erogazione liberale<\/b><\/span><\/span><\/span><\/strong><span style=\"color: #000000\"><span style=\"font-family: Times New Roman, serif\"><span style=\"font-size: medium\">\u00a0<\/span><\/span><\/span><strong><span style=\"color: #000000\"><span style=\"font-family: Times New Roman, serif\"><span style=\"font-size: medium\"><b>al seguente\u00a0<\/b><\/span><\/span><\/span><\/strong><strong><span style=\"color: #ff0000\"><span style=\"font-family: Times New Roman, serif\"><span style=\"font-size: medium\"><b>IBAN<\/b><\/span><\/span><\/span><\/strong><span style=\"color: #000000\"><span style=\"font-family: Times New Roman, serif\"><span style=\"font-size: medium\">\u00a0<\/span><\/span><\/span><strong><span style=\"color: #ff0000\"><span style=\"font-family: Times New Roman, serif\"><span style=\"font-size: medium\"><b>IT05M0306909606100000186094<\/b><\/span><\/span><\/span><\/strong><span style=\"color: #000000\"><span style=\"font-family: Times New Roman, serif\"><span style=\"font-size: medium\">\u00a0<\/span><\/span><\/span><strong><span style=\"color: #161a1e\"><span style=\"font-family: Times New Roman, serif\"><span style=\"font-size: medium\"><b>intestato a Target Lab Ets.<\/b><\/span><\/span><\/span><\/strong><\/p>\n<p align=\"CENTER\"><strong><span style=\"color: #161a1e\"><span style=\"font-family: Times New Roman, serif\"><span style=\"font-size: medium\"><b>Le donazioni liberali sono detraibili in sede di dichiarazione dei redditi.<\/b><\/span><\/span><\/span><\/strong><\/p>\n<p align=\"CENTER\"><strong><span style=\"color: #ff0000\"><span style=\"font-family: Times New Roman, serif\"><span style=\"font-size: medium\"><b>Devolvi il 5xmille nella prossima dichiarazione dei redditi a Target Lab Ets<\/b><\/span><\/span><\/span><\/strong><span style=\"color: #000000\"><span style=\"font-family: Times New Roman, serif\"><span style=\"font-size: medium\">\u00a0<\/span><\/span><\/span><strong><span style=\"color: #000000\"><span style=\"font-family: Times New Roman, serif\"><span style=\"font-size: medium\"><b>inserendo il\u00a0<\/b><\/span><\/span><\/span><\/strong><strong><span style=\"color: #ff0000\"><span style=\"font-family: Times New Roman, serif\"><span style=\"font-size: medium\"><b>CF : 96498910585<\/b><\/span><\/span><\/span><\/strong><span style=\"color: #000000\"><span style=\"font-family: Times New Roman, serif\"><span style=\"font-size: medium\">\u00a0<\/span><\/span><\/span><strong><span style=\"color: #000000\"><span style=\"font-family: Times New Roman, serif\"><span style=\"font-size: medium\"><b>riquadro ONLUS, Enti Terzo Settore,Aps per finanziare futuri progetti fotografici a ricaduta sociale<\/b><\/span><\/span><\/span><\/strong><\/p>\n<p><span style=\"color: #000000\">\u00a0<\/span><\/p>\n<p align=\"JUSTIFY\"><span style=\"color: #26282a\"><span style=\"font-family: Times New Roman, serif\"><span style=\"font-size: medium\"><span style=\"color: #000000\"><b>Target Lab\u00a0Ets\u00a0<\/b><\/span><span style=\"color: #000000\">\u00e8 un\u2019 associazione culturale ente terzo settore, reg. 4338\/3\/2021 CF.\u00a0<\/span><span style=\"color: #1d2228\">96498910585 \u2013 Iscriz. RUNTS 30\/12\/2022), fondata e presieduta da\u00a0Alessandro Lisci, fotoreporter freelance,\u00a0e\u00a0 composta dal seguente comitato scientifico:\u00a0Simonetta Baroni\u00a0\u2013 storica dell\u2019arte;\u00a0Franco Bottoni\u00a0\u2013 tipografo;\u00a0Michele Brescia\u00a0\u2013 storico dell\u2019Arte;\u00a0Fabiana Cambiaso\u00a0\u2013 architetta;\u00a0\u00a0Allan Ceen\u00a0\u2013\u00a0 urbanista;\u00a0Marco Geppetti- fotografo professionista;\u00a0Paola Ortensi\u00a0\u2013 politiche rurali ed agricole;\u00a0Maurizio Paradisi\u00a0\u2013 sport.<\/span><\/span><\/span><\/span><\/p>\n<p align=\"JUSTIFY\"><span style=\"color: #1d2228\"><span style=\"font-family: Times New Roman, serif\"><span style=\"font-size: medium\">Target Lab Ets \u00e8 stata presentata il 6 dicembre 2021\u00a0al pubblico e alla stampa presso la sala\u00a0Walter Tobagi\u00a0della\u00a0FNSI, Federazione Nazionale della Stampa Italiana, sede nazionale di Roma,\u00a0 con\u00a0Paolo Conti\u00a0del Corriere della Sera;\u00a0Vittorio Morelli\u00a0dell\u2019Agi;\u00a0Marco Geppetti\u00a0e\u00a0Andrea Denzi\u00a0della Marcello Geppetti Media Company srl.<\/span><\/span><\/span><\/p>\n<p align=\"JUSTIFY\"><a href=\"https:\/\/www.radioradicale.it\/scheda\/654816\/presentazione-del-progetto-target-lab-ets-laboratorio-sperimentale-di-fotografia-e\" target=\"_blank\" rel=\"noopener\"><span style=\"color: #000000\"><span style=\"font-family: Times New Roman, serif\"><span style=\"font-size: medium\"><u><b>https:\/\/www.radioradicale.it\/scheda\/654816\/presentazione-del-progetto-target-lab-ets-laboratorio-sperimentale-di-fotografia-e<\/b><\/u><\/span><\/span><\/span><\/a><\/p>\n<p align=\"JUSTIFY\"><strong><span style=\"color: #000000\"><span style=\"font-family: Times New Roman, serif\"><span style=\"font-size: medium\"><b>email\u00a0\u00a0<\/b><\/span><\/span><\/span><\/strong><strong><a href=\"mailto:target.lsfc@gmail.com\" target=\"_blank\" rel=\"noopener\"><span style=\"color: #0000ff\"><span style=\"font-family: Times New Roman, serif\"><span style=\"font-size: medium\"><u><b>target.lsfc@gmail.com<\/b><\/u><\/span><\/span><\/span><\/a><\/strong><strong><span style=\"color: #cd232c\"><span style=\"font-family: Times New Roman, serif\"><span style=\"font-size: medium\"><u>\u00a0\u00a0<\/u><\/span><\/span><\/span><\/strong><strong><span style=\"color: #000000\"><span style=\"font-family: Times New Roman, serif\"><span style=\"font-size: medium\"><b>mob\u00a0. \u00a0<\/b><\/span><\/span><\/span><\/strong><strong><span style=\"color: #cd232c\"><span style=\"font-family: Times New Roman, serif\"><span style=\"font-size: medium\"><b>+<\/b><\/span><\/span><\/span><\/strong><strong><span style=\"color: #000000\"><span style=\"font-family: Times New Roman, serif\"><span style=\"font-size: medium\"><b>39 3316379346<\/b><\/span><\/span><\/span><\/strong><\/p>\n<p>&nbsp;<\/p>\n","protected":false},"excerpt":{"rendered":"<div class=\"mh-excerpt\"><p>Richiesta inserimento in newsletter e vostri commenti o proposte di collaborazione scrivendo\u00a0a\u00a0target.lsfc@gmail.com\u00a0 \u00a0 infoline +39 3316379346 La foto del giorno di gioved\u00ec 12 Marzo 2026 dal titolo &#8220;Umani gente strana&#8221; \u00e8 di Annamaria Pieri, commento <a class=\"mh-excerpt-more\" href=\"https:\/\/www.romaoggi.eu\/index.php\/2026\/03\/12\/la-foto-del-giorno-umani-gente-strana-e-di-annamaria-pieri-commento-di-elisabetta-pession\/\" title=\"La Foto del Giorno: &#8220;Umani gente strana&#8221; \u00e8 di Annamaria Pieri, commento di Elisabetta Pession\">[&#8230;]<\/a><\/p>\n<\/div>","protected":false},"author":17,"featured_media":42388,"comment_status":"closed","ping_status":"open","sticky":false,"template":"","format":"standard","meta":{"_sitemap_exclude":false,"_sitemap_priority":"","_sitemap_frequency":"","footnotes":""},"categories":[8934],"tags":[14999,18049,14994,14912,4137,17683,18000,19299,17685,17059,17686,17687,274,14009,19298,10420,18408,17688,17689,17690,14763,17691,17692,17693,19300,1738,17694,16078,17695,18048,15567,17684],"class_list":["post-42387","post","type-post","status-publish","format-standard","has-post-thumbnail","hentry","category-lafotodelgiorno","tag-art","tag-phot","tag-photo","tag-photography","tag-alessandro-lisci","tag-all_shots","tag-annamaria-pieri","tag-bosforo","tag-composition","tag-elisabetta-pession","tag-exposure","tag-focus","tag-fotografia","tag-gatto","tag-instabul","tag-la-foto-del-giorno","tag-lettere-cafe","tag-photooftheday","tag-photos","tag-pic","tag-picoftheday","tag-pics","tag-picture","tag-pictures","tag-pierre-loti","tag-romaoggi-eu","tag-snapshot","tag-storytelling","tag-tagsforlikes","tag-tagsforlikes-storytelling","tag-target-lab-ets","tag-tecnicafotografica"],"yoast_head":"<!-- This site is optimized with the Yoast SEO plugin v27.4 - https:\/\/yoast.com\/product\/yoast-seo-wordpress\/ -->\n<title>La Foto del Giorno: &quot;Umani gente strana&quot; \u00e8 di Annamaria Pieri, commento di Elisabetta Pession<\/title>\n<meta name=\"description\" content=\"Richiesta inserimento in newsletter e vostri commenti o proposte di collaborazione scrivendo\u00a0a\u00a0target.lsfc@gmail.com\u00a0 \u00a0 infoline +39 3316379346 La foto\" \/>\n<meta name=\"robots\" content=\"index, follow, max-snippet:-1, max-image-preview:large, max-video-preview:-1\" \/>\n<link rel=\"canonical\" href=\"https:\/\/www.romaoggi.eu\/index.php\/2026\/03\/12\/la-foto-del-giorno-umani-gente-strana-e-di-annamaria-pieri-commento-di-elisabetta-pession\/\" \/>\n<meta property=\"og:locale\" content=\"it_IT\" \/>\n<meta property=\"og:type\" content=\"article\" \/>\n<meta property=\"og:title\" content=\"La Foto del Giorno: &quot;Umani gente strana&quot; \u00e8 di Annamaria Pieri, commento di Elisabetta Pession\" \/>\n<meta property=\"og:description\" content=\"Richiesta inserimento in newsletter e vostri commenti o proposte di collaborazione scrivendo\u00a0a\u00a0target.lsfc@gmail.com\u00a0 \u00a0 infoline +39 3316379346 La foto\" \/>\n<meta property=\"og:url\" content=\"https:\/\/www.romaoggi.eu\/index.php\/2026\/03\/12\/la-foto-del-giorno-umani-gente-strana-e-di-annamaria-pieri-commento-di-elisabetta-pession\/\" \/>\n<meta property=\"og:site_name\" content=\"roma oggi\" \/>\n<meta property=\"article:publisher\" content=\"https:\/\/www.facebook.com\/RomaOggi-841544845954114\" \/>\n<meta property=\"article:published_time\" content=\"2026-03-12T06:47:39+00:00\" \/>\n<meta property=\"og:image\" content=\"https:\/\/www.romaoggi.eu\/wp-content\/uploads\/2026\/03\/Umani-gente-strana-Instabul.-Foto-di-Annamaria-Pieri.jpg\" \/>\n\t<meta property=\"og:image:width\" content=\"1600\" \/>\n\t<meta property=\"og:image:height\" content=\"1067\" \/>\n\t<meta property=\"og:image:type\" content=\"image\/jpeg\" \/>\n<meta name=\"author\" content=\"Target Lab Ets\" \/>\n<meta name=\"twitter:card\" content=\"summary_large_image\" \/>\n<meta name=\"twitter:creator\" content=\"@romaoggi_eu\" \/>\n<meta name=\"twitter:site\" content=\"@romaoggi_eu\" \/>\n<meta name=\"twitter:label1\" content=\"Scritto da\" \/>\n\t<meta name=\"twitter:data1\" content=\"Target Lab Ets\" \/>\n\t<meta name=\"twitter:label2\" content=\"Tempo di lettura stimato\" \/>\n\t<meta name=\"twitter:data2\" content=\"4 minuti\" \/>\n<script type=\"application\/ld+json\" class=\"yoast-schema-graph\">{\"@context\":\"https:\\\/\\\/schema.org\",\"@graph\":[{\"@type\":\"Article\",\"@id\":\"https:\\\/\\\/www.romaoggi.eu\\\/index.php\\\/2026\\\/03\\\/12\\\/la-foto-del-giorno-umani-gente-strana-e-di-annamaria-pieri-commento-di-elisabetta-pession\\\/#article\",\"isPartOf\":{\"@id\":\"https:\\\/\\\/www.romaoggi.eu\\\/index.php\\\/2026\\\/03\\\/12\\\/la-foto-del-giorno-umani-gente-strana-e-di-annamaria-pieri-commento-di-elisabetta-pession\\\/\"},\"author\":{\"name\":\"Target Lab Ets\",\"@id\":\"https:\\\/\\\/www.romaoggi.eu\\\/#\\\/schema\\\/person\\\/72b8cfc6de60caeb335267c8e21d90fb\"},\"headline\":\"La Foto del Giorno: &#8220;Umani gente strana&#8221; \u00e8 di Annamaria Pieri, commento di Elisabetta Pession\",\"datePublished\":\"2026-03-12T06:47:39+00:00\",\"mainEntityOfPage\":{\"@id\":\"https:\\\/\\\/www.romaoggi.eu\\\/index.php\\\/2026\\\/03\\\/12\\\/la-foto-del-giorno-umani-gente-strana-e-di-annamaria-pieri-commento-di-elisabetta-pession\\\/\"},\"wordCount\":573,\"publisher\":{\"@id\":\"https:\\\/\\\/www.romaoggi.eu\\\/#organization\"},\"image\":{\"@id\":\"https:\\\/\\\/www.romaoggi.eu\\\/index.php\\\/2026\\\/03\\\/12\\\/la-foto-del-giorno-umani-gente-strana-e-di-annamaria-pieri-commento-di-elisabetta-pession\\\/#primaryimage\"},\"thumbnailUrl\":\"https:\\\/\\\/www.romaoggi.eu\\\/wp-content\\\/uploads\\\/2026\\\/03\\\/Umani-gente-strana-Instabul.-Foto-di-Annamaria-Pieri.jpg\",\"keywords\":[\"#art\",\"#phot\",\"#photo\",\"#photography\",\"alessandro lisci\",\"all_shots\",\"annamaria Pieri\",\"Bosforo\",\"composition\",\"Elisabetta Pession\",\"exposure\",\"focus\",\"fotografia\",\"gatto\",\"Instabul\",\"La foto del giorno\",\"lettere caf\u00e8\",\"photooftheday\",\"photos\",\"pic\",\"picoftheday\",\"pics\",\"picture\",\"pictures\",\"Pierre Loti\",\"RomaOggi.eu\",\"snapshot\",\"storytelling\",\"TagsForLikes\",\"TagsForLikes #storytelling\",\"target lab ets\",\"tecnicafotografica\"],\"articleSection\":[\"La foto del giorno\"],\"inLanguage\":\"it-IT\"},{\"@type\":\"WebPage\",\"@id\":\"https:\\\/\\\/www.romaoggi.eu\\\/index.php\\\/2026\\\/03\\\/12\\\/la-foto-del-giorno-umani-gente-strana-e-di-annamaria-pieri-commento-di-elisabetta-pession\\\/\",\"url\":\"https:\\\/\\\/www.romaoggi.eu\\\/index.php\\\/2026\\\/03\\\/12\\\/la-foto-del-giorno-umani-gente-strana-e-di-annamaria-pieri-commento-di-elisabetta-pession\\\/\",\"name\":\"La Foto del Giorno: \\\"Umani gente strana\\\" \u00e8 di Annamaria Pieri, commento di Elisabetta Pession\",\"isPartOf\":{\"@id\":\"https:\\\/\\\/www.romaoggi.eu\\\/#website\"},\"primaryImageOfPage\":{\"@id\":\"https:\\\/\\\/www.romaoggi.eu\\\/index.php\\\/2026\\\/03\\\/12\\\/la-foto-del-giorno-umani-gente-strana-e-di-annamaria-pieri-commento-di-elisabetta-pession\\\/#primaryimage\"},\"image\":{\"@id\":\"https:\\\/\\\/www.romaoggi.eu\\\/index.php\\\/2026\\\/03\\\/12\\\/la-foto-del-giorno-umani-gente-strana-e-di-annamaria-pieri-commento-di-elisabetta-pession\\\/#primaryimage\"},\"thumbnailUrl\":\"https:\\\/\\\/www.romaoggi.eu\\\/wp-content\\\/uploads\\\/2026\\\/03\\\/Umani-gente-strana-Instabul.-Foto-di-Annamaria-Pieri.jpg\",\"datePublished\":\"2026-03-12T06:47:39+00:00\",\"description\":\"Richiesta inserimento in newsletter e vostri commenti o proposte di collaborazione scrivendo\u00a0a\u00a0target.lsfc@gmail.com\u00a0 \u00a0 infoline +39 3316379346 La foto\",\"breadcrumb\":{\"@id\":\"https:\\\/\\\/www.romaoggi.eu\\\/index.php\\\/2026\\\/03\\\/12\\\/la-foto-del-giorno-umani-gente-strana-e-di-annamaria-pieri-commento-di-elisabetta-pession\\\/#breadcrumb\"},\"inLanguage\":\"it-IT\",\"potentialAction\":[{\"@type\":\"ReadAction\",\"target\":[\"https:\\\/\\\/www.romaoggi.eu\\\/index.php\\\/2026\\\/03\\\/12\\\/la-foto-del-giorno-umani-gente-strana-e-di-annamaria-pieri-commento-di-elisabetta-pession\\\/\"]}]},{\"@type\":\"ImageObject\",\"inLanguage\":\"it-IT\",\"@id\":\"https:\\\/\\\/www.romaoggi.eu\\\/index.php\\\/2026\\\/03\\\/12\\\/la-foto-del-giorno-umani-gente-strana-e-di-annamaria-pieri-commento-di-elisabetta-pession\\\/#primaryimage\",\"url\":\"https:\\\/\\\/www.romaoggi.eu\\\/wp-content\\\/uploads\\\/2026\\\/03\\\/Umani-gente-strana-Instabul.-Foto-di-Annamaria-Pieri.jpg\",\"contentUrl\":\"https:\\\/\\\/www.romaoggi.eu\\\/wp-content\\\/uploads\\\/2026\\\/03\\\/Umani-gente-strana-Instabul.-Foto-di-Annamaria-Pieri.jpg\",\"width\":1600,\"height\":1067,\"caption\":\"Umani gente strana, Instabul. Foto di Annamaria Pieri\"},{\"@type\":\"BreadcrumbList\",\"@id\":\"https:\\\/\\\/www.romaoggi.eu\\\/index.php\\\/2026\\\/03\\\/12\\\/la-foto-del-giorno-umani-gente-strana-e-di-annamaria-pieri-commento-di-elisabetta-pession\\\/#breadcrumb\",\"itemListElement\":[{\"@type\":\"ListItem\",\"position\":1,\"name\":\"Home\",\"item\":\"https:\\\/\\\/www.romaoggi.eu\\\/\"},{\"@type\":\"ListItem\",\"position\":2,\"name\":\"La Foto del Giorno: &#8220;Umani gente strana&#8221; \u00e8 di Annamaria Pieri, commento di Elisabetta Pession\"}]},{\"@type\":\"WebSite\",\"@id\":\"https:\\\/\\\/www.romaoggi.eu\\\/#website\",\"url\":\"https:\\\/\\\/www.romaoggi.eu\\\/\",\"name\":\"roma oggi\",\"description\":\"Interesting News for Interesting people\",\"publisher\":{\"@id\":\"https:\\\/\\\/www.romaoggi.eu\\\/#organization\"},\"potentialAction\":[{\"@type\":\"SearchAction\",\"target\":{\"@type\":\"EntryPoint\",\"urlTemplate\":\"https:\\\/\\\/www.romaoggi.eu\\\/?s={search_term_string}\"},\"query-input\":{\"@type\":\"PropertyValueSpecification\",\"valueRequired\":true,\"valueName\":\"search_term_string\"}}],\"inLanguage\":\"it-IT\"},{\"@type\":\"Organization\",\"@id\":\"https:\\\/\\\/www.romaoggi.eu\\\/#organization\",\"name\":\"RomaOggi\",\"url\":\"https:\\\/\\\/www.romaoggi.eu\\\/\",\"logo\":{\"@type\":\"ImageObject\",\"inLanguage\":\"it-IT\",\"@id\":\"https:\\\/\\\/www.romaoggi.eu\\\/#\\\/schema\\\/logo\\\/image\\\/\",\"url\":\"https:\\\/\\\/www.romaoggi.eu\\\/wp-content\\\/uploads\\\/2017\\\/04\\\/logowp.jpg\",\"contentUrl\":\"https:\\\/\\\/www.romaoggi.eu\\\/wp-content\\\/uploads\\\/2017\\\/04\\\/logowp.jpg\",\"width\":300,\"height\":133,\"caption\":\"RomaOggi\"},\"image\":{\"@id\":\"https:\\\/\\\/www.romaoggi.eu\\\/#\\\/schema\\\/logo\\\/image\\\/\"},\"sameAs\":[\"https:\\\/\\\/www.facebook.com\\\/RomaOggi-841544845954114\",\"https:\\\/\\\/x.com\\\/romaoggi_eu\"]},{\"@type\":\"Person\",\"@id\":\"https:\\\/\\\/www.romaoggi.eu\\\/#\\\/schema\\\/person\\\/72b8cfc6de60caeb335267c8e21d90fb\",\"name\":\"Target Lab Ets\",\"image\":{\"@type\":\"ImageObject\",\"inLanguage\":\"it-IT\",\"@id\":\"https:\\\/\\\/secure.gravatar.com\\\/avatar\\\/ab64fd266889a629b0e9e6ab56209e379c2a89cfda303941ee9621d4090292d1?s=96&d=mm&r=g\",\"url\":\"https:\\\/\\\/secure.gravatar.com\\\/avatar\\\/ab64fd266889a629b0e9e6ab56209e379c2a89cfda303941ee9621d4090292d1?s=96&d=mm&r=g\",\"contentUrl\":\"https:\\\/\\\/secure.gravatar.com\\\/avatar\\\/ab64fd266889a629b0e9e6ab56209e379c2a89cfda303941ee9621d4090292d1?s=96&d=mm&r=g\",\"caption\":\"Target Lab Ets\"},\"sameAs\":[\"http:\\\/\\\/www.targetlab.org\"],\"url\":\"https:\\\/\\\/www.romaoggi.eu\\\/index.php\\\/author\\\/isfc\\\/\"}]}<\/script>\n<!-- \/ Yoast SEO plugin. -->","yoast_head_json":{"title":"La Foto del Giorno: \"Umani gente strana\" \u00e8 di Annamaria Pieri, commento di Elisabetta Pession","description":"Richiesta inserimento in newsletter e vostri commenti o proposte di collaborazione scrivendo\u00a0a\u00a0target.lsfc@gmail.com\u00a0 \u00a0 infoline +39 3316379346 La foto","robots":{"index":"index","follow":"follow","max-snippet":"max-snippet:-1","max-image-preview":"max-image-preview:large","max-video-preview":"max-video-preview:-1"},"canonical":"https:\/\/www.romaoggi.eu\/index.php\/2026\/03\/12\/la-foto-del-giorno-umani-gente-strana-e-di-annamaria-pieri-commento-di-elisabetta-pession\/","og_locale":"it_IT","og_type":"article","og_title":"La Foto del Giorno: \"Umani gente strana\" \u00e8 di Annamaria Pieri, commento di Elisabetta Pession","og_description":"Richiesta inserimento in newsletter e vostri commenti o proposte di collaborazione scrivendo\u00a0a\u00a0target.lsfc@gmail.com\u00a0 \u00a0 infoline +39 3316379346 La foto","og_url":"https:\/\/www.romaoggi.eu\/index.php\/2026\/03\/12\/la-foto-del-giorno-umani-gente-strana-e-di-annamaria-pieri-commento-di-elisabetta-pession\/","og_site_name":"roma oggi","article_publisher":"https:\/\/www.facebook.com\/RomaOggi-841544845954114","article_published_time":"2026-03-12T06:47:39+00:00","og_image":[{"width":1600,"height":1067,"url":"https:\/\/www.romaoggi.eu\/wp-content\/uploads\/2026\/03\/Umani-gente-strana-Instabul.-Foto-di-Annamaria-Pieri.jpg","type":"image\/jpeg"}],"author":"Target Lab Ets","twitter_card":"summary_large_image","twitter_creator":"@romaoggi_eu","twitter_site":"@romaoggi_eu","twitter_misc":{"Scritto da":"Target Lab Ets","Tempo di lettura stimato":"4 minuti"},"schema":{"@context":"https:\/\/schema.org","@graph":[{"@type":"Article","@id":"https:\/\/www.romaoggi.eu\/index.php\/2026\/03\/12\/la-foto-del-giorno-umani-gente-strana-e-di-annamaria-pieri-commento-di-elisabetta-pession\/#article","isPartOf":{"@id":"https:\/\/www.romaoggi.eu\/index.php\/2026\/03\/12\/la-foto-del-giorno-umani-gente-strana-e-di-annamaria-pieri-commento-di-elisabetta-pession\/"},"author":{"name":"Target Lab Ets","@id":"https:\/\/www.romaoggi.eu\/#\/schema\/person\/72b8cfc6de60caeb335267c8e21d90fb"},"headline":"La Foto del Giorno: &#8220;Umani gente strana&#8221; \u00e8 di Annamaria Pieri, commento di Elisabetta Pession","datePublished":"2026-03-12T06:47:39+00:00","mainEntityOfPage":{"@id":"https:\/\/www.romaoggi.eu\/index.php\/2026\/03\/12\/la-foto-del-giorno-umani-gente-strana-e-di-annamaria-pieri-commento-di-elisabetta-pession\/"},"wordCount":573,"publisher":{"@id":"https:\/\/www.romaoggi.eu\/#organization"},"image":{"@id":"https:\/\/www.romaoggi.eu\/index.php\/2026\/03\/12\/la-foto-del-giorno-umani-gente-strana-e-di-annamaria-pieri-commento-di-elisabetta-pession\/#primaryimage"},"thumbnailUrl":"https:\/\/www.romaoggi.eu\/wp-content\/uploads\/2026\/03\/Umani-gente-strana-Instabul.-Foto-di-Annamaria-Pieri.jpg","keywords":["#art","#phot","#photo","#photography","alessandro lisci","all_shots","annamaria Pieri","Bosforo","composition","Elisabetta Pession","exposure","focus","fotografia","gatto","Instabul","La foto del giorno","lettere caf\u00e8","photooftheday","photos","pic","picoftheday","pics","picture","pictures","Pierre Loti","RomaOggi.eu","snapshot","storytelling","TagsForLikes","TagsForLikes #storytelling","target lab ets","tecnicafotografica"],"articleSection":["La foto del giorno"],"inLanguage":"it-IT"},{"@type":"WebPage","@id":"https:\/\/www.romaoggi.eu\/index.php\/2026\/03\/12\/la-foto-del-giorno-umani-gente-strana-e-di-annamaria-pieri-commento-di-elisabetta-pession\/","url":"https:\/\/www.romaoggi.eu\/index.php\/2026\/03\/12\/la-foto-del-giorno-umani-gente-strana-e-di-annamaria-pieri-commento-di-elisabetta-pession\/","name":"La Foto del Giorno: \"Umani gente strana\" \u00e8 di Annamaria Pieri, commento di Elisabetta Pession","isPartOf":{"@id":"https:\/\/www.romaoggi.eu\/#website"},"primaryImageOfPage":{"@id":"https:\/\/www.romaoggi.eu\/index.php\/2026\/03\/12\/la-foto-del-giorno-umani-gente-strana-e-di-annamaria-pieri-commento-di-elisabetta-pession\/#primaryimage"},"image":{"@id":"https:\/\/www.romaoggi.eu\/index.php\/2026\/03\/12\/la-foto-del-giorno-umani-gente-strana-e-di-annamaria-pieri-commento-di-elisabetta-pession\/#primaryimage"},"thumbnailUrl":"https:\/\/www.romaoggi.eu\/wp-content\/uploads\/2026\/03\/Umani-gente-strana-Instabul.-Foto-di-Annamaria-Pieri.jpg","datePublished":"2026-03-12T06:47:39+00:00","description":"Richiesta inserimento in newsletter e vostri commenti o proposte di collaborazione scrivendo\u00a0a\u00a0target.lsfc@gmail.com\u00a0 \u00a0 infoline +39 3316379346 La foto","breadcrumb":{"@id":"https:\/\/www.romaoggi.eu\/index.php\/2026\/03\/12\/la-foto-del-giorno-umani-gente-strana-e-di-annamaria-pieri-commento-di-elisabetta-pession\/#breadcrumb"},"inLanguage":"it-IT","potentialAction":[{"@type":"ReadAction","target":["https:\/\/www.romaoggi.eu\/index.php\/2026\/03\/12\/la-foto-del-giorno-umani-gente-strana-e-di-annamaria-pieri-commento-di-elisabetta-pession\/"]}]},{"@type":"ImageObject","inLanguage":"it-IT","@id":"https:\/\/www.romaoggi.eu\/index.php\/2026\/03\/12\/la-foto-del-giorno-umani-gente-strana-e-di-annamaria-pieri-commento-di-elisabetta-pession\/#primaryimage","url":"https:\/\/www.romaoggi.eu\/wp-content\/uploads\/2026\/03\/Umani-gente-strana-Instabul.-Foto-di-Annamaria-Pieri.jpg","contentUrl":"https:\/\/www.romaoggi.eu\/wp-content\/uploads\/2026\/03\/Umani-gente-strana-Instabul.-Foto-di-Annamaria-Pieri.jpg","width":1600,"height":1067,"caption":"Umani gente strana, Instabul. Foto di Annamaria Pieri"},{"@type":"BreadcrumbList","@id":"https:\/\/www.romaoggi.eu\/index.php\/2026\/03\/12\/la-foto-del-giorno-umani-gente-strana-e-di-annamaria-pieri-commento-di-elisabetta-pession\/#breadcrumb","itemListElement":[{"@type":"ListItem","position":1,"name":"Home","item":"https:\/\/www.romaoggi.eu\/"},{"@type":"ListItem","position":2,"name":"La Foto del Giorno: &#8220;Umani gente strana&#8221; \u00e8 di Annamaria Pieri, commento di Elisabetta Pession"}]},{"@type":"WebSite","@id":"https:\/\/www.romaoggi.eu\/#website","url":"https:\/\/www.romaoggi.eu\/","name":"roma oggi","description":"Interesting News for Interesting people","publisher":{"@id":"https:\/\/www.romaoggi.eu\/#organization"},"potentialAction":[{"@type":"SearchAction","target":{"@type":"EntryPoint","urlTemplate":"https:\/\/www.romaoggi.eu\/?s={search_term_string}"},"query-input":{"@type":"PropertyValueSpecification","valueRequired":true,"valueName":"search_term_string"}}],"inLanguage":"it-IT"},{"@type":"Organization","@id":"https:\/\/www.romaoggi.eu\/#organization","name":"RomaOggi","url":"https:\/\/www.romaoggi.eu\/","logo":{"@type":"ImageObject","inLanguage":"it-IT","@id":"https:\/\/www.romaoggi.eu\/#\/schema\/logo\/image\/","url":"https:\/\/www.romaoggi.eu\/wp-content\/uploads\/2017\/04\/logowp.jpg","contentUrl":"https:\/\/www.romaoggi.eu\/wp-content\/uploads\/2017\/04\/logowp.jpg","width":300,"height":133,"caption":"RomaOggi"},"image":{"@id":"https:\/\/www.romaoggi.eu\/#\/schema\/logo\/image\/"},"sameAs":["https:\/\/www.facebook.com\/RomaOggi-841544845954114","https:\/\/x.com\/romaoggi_eu"]},{"@type":"Person","@id":"https:\/\/www.romaoggi.eu\/#\/schema\/person\/72b8cfc6de60caeb335267c8e21d90fb","name":"Target Lab Ets","image":{"@type":"ImageObject","inLanguage":"it-IT","@id":"https:\/\/secure.gravatar.com\/avatar\/ab64fd266889a629b0e9e6ab56209e379c2a89cfda303941ee9621d4090292d1?s=96&d=mm&r=g","url":"https:\/\/secure.gravatar.com\/avatar\/ab64fd266889a629b0e9e6ab56209e379c2a89cfda303941ee9621d4090292d1?s=96&d=mm&r=g","contentUrl":"https:\/\/secure.gravatar.com\/avatar\/ab64fd266889a629b0e9e6ab56209e379c2a89cfda303941ee9621d4090292d1?s=96&d=mm&r=g","caption":"Target Lab Ets"},"sameAs":["http:\/\/www.targetlab.org"],"url":"https:\/\/www.romaoggi.eu\/index.php\/author\/isfc\/"}]}},"_links":{"self":[{"href":"https:\/\/www.romaoggi.eu\/index.php\/wp-json\/wp\/v2\/posts\/42387","targetHints":{"allow":["GET"]}}],"collection":[{"href":"https:\/\/www.romaoggi.eu\/index.php\/wp-json\/wp\/v2\/posts"}],"about":[{"href":"https:\/\/www.romaoggi.eu\/index.php\/wp-json\/wp\/v2\/types\/post"}],"author":[{"embeddable":true,"href":"https:\/\/www.romaoggi.eu\/index.php\/wp-json\/wp\/v2\/users\/17"}],"replies":[{"embeddable":true,"href":"https:\/\/www.romaoggi.eu\/index.php\/wp-json\/wp\/v2\/comments?post=42387"}],"version-history":[{"count":3,"href":"https:\/\/www.romaoggi.eu\/index.php\/wp-json\/wp\/v2\/posts\/42387\/revisions"}],"predecessor-version":[{"id":42391,"href":"https:\/\/www.romaoggi.eu\/index.php\/wp-json\/wp\/v2\/posts\/42387\/revisions\/42391"}],"wp:featuredmedia":[{"embeddable":true,"href":"https:\/\/www.romaoggi.eu\/index.php\/wp-json\/wp\/v2\/media\/42388"}],"wp:attachment":[{"href":"https:\/\/www.romaoggi.eu\/index.php\/wp-json\/wp\/v2\/media?parent=42387"}],"wp:term":[{"taxonomy":"category","embeddable":true,"href":"https:\/\/www.romaoggi.eu\/index.php\/wp-json\/wp\/v2\/categories?post=42387"},{"taxonomy":"post_tag","embeddable":true,"href":"https:\/\/www.romaoggi.eu\/index.php\/wp-json\/wp\/v2\/tags?post=42387"}],"curies":[{"name":"wp","href":"https:\/\/api.w.org\/{rel}","templated":true}]}}