{"id":42394,"date":"2026-03-16T07:48:00","date_gmt":"2026-03-16T06:48:00","guid":{"rendered":"https:\/\/www.romaoggi.eu\/?p=42394"},"modified":"2026-03-16T07:48:00","modified_gmt":"2026-03-16T06:48:00","slug":"la-foto-del-giorno-il-pubblico-piu-sincero-e-di-stefano-blasi-commento-di-deborah-italia","status":"publish","type":"post","link":"https:\/\/www.romaoggi.eu\/index.php\/2026\/03\/16\/la-foto-del-giorno-il-pubblico-piu-sincero-e-di-stefano-blasi-commento-di-deborah-italia\/","title":{"rendered":"La Foto del Giorno: &#8220;Il pubblico pi\u00f9 sincero&#8221; \u00e8 di Stefano Blasi. Commento di Deborah Italia"},"content":{"rendered":"<p style=\"padding-left: 120px\"><img loading=\"lazy\" decoding=\"async\" class=\"size-medium wp-image-39671 alignleft\" src=\"https:\/\/www.romaoggi.eu\/wp-content\/uploads\/2025\/05\/aBoxino-x-marchio-300x137.jpg\" alt=\"\" width=\"300\" height=\"137\" srcset=\"https:\/\/www.romaoggi.eu\/wp-content\/uploads\/2025\/05\/aBoxino-x-marchio-300x137.jpg 300w, https:\/\/www.romaoggi.eu\/wp-content\/uploads\/2025\/05\/aBoxino-x-marchio.jpg 551w\" sizes=\"auto, (max-width: 300px) 100vw, 300px\" \/><\/p>\n<p><img loading=\"lazy\" decoding=\"async\" class=\"alignnone size-full wp-image-40068 alignleft\" src=\"https:\/\/www.romaoggi.eu\/wp-content\/uploads\/2025\/06\/OIP.jpeg\" alt=\"\" width=\"104\" height=\"104\" \/><\/p>\n<p style=\"text-align: left\" align=\"CENTER\"><strong>Richiesta inserimento in newsletter e vostri commenti o proposte di collaborazione <\/strong><strong>scrivendo\u00a0a\u00a0<a href=\"mailto:target.lsfc@gmail.com\" data-aalisten=\"1\">target.lsfc@gmail.com<\/a>\u00a0 \u00a0 infoline +39 3316379346<\/strong><\/p>\n<p align=\"JUSTIFY\"><strong><span style=\"color: #000000\"><span style=\"font-family: Times New Roman, serif\"><span style=\"font-size: medium\">La foto del giorno<\/span><\/span><\/span><\/strong><span style=\"color: #000000\"><span style=\"font-family: Times New Roman, serif\"><span style=\"font-size: medium\"> di luned\u00ec <\/span><\/span><\/span><span style=\"color: #000000\"><span style=\"font-family: Times New Roman, serif\"><span style=\"font-size: medium\"><b>16 marzo<\/b><\/span><\/span><\/span> <span style=\"color: #000000\"><span style=\"font-family: Times New Roman, serif\"><span style=\"font-size: medium\"><b>2026<\/b><\/span><\/span><\/span><b> <\/b><span style=\"color: #000000\"><span style=\"font-family: Times New Roman, serif\"><span style=\"font-size: medium\">dal titolo<\/span><\/span><\/span> <strong><span style=\"color: #000000\"><span style=\"font-family: Times New Roman, serif\"><span style=\"font-size: medium\">&#8220;<\/span><\/span><\/span><\/strong><strong><span style=\"color: #26282a\"><span style=\"font-family: Times New Roman, serif\"><span style=\"font-size: medium\"><b>Il pubblico pi\u00f9 sincero<\/b><\/span><\/span><\/span><\/strong><strong><span style=\"color: #000000\"><span style=\"font-family: Times New Roman, serif\"><span style=\"font-size: medium\">&#8220;<\/span><\/span><\/span><\/strong> <span style=\"color: #1d2228\"><span style=\"font-family: Times New Roman, serif\"><span style=\"font-size: medium\">\u00e8 di <\/span><\/span><\/span><span style=\"color: #1d2228\"><span style=\"font-family: Times New Roman, serif\"><span style=\"font-size: medium\"><b>Stefano Blasi,<\/b><\/span><\/span><\/span> <span style=\"color: #1d2228\"><span style=\"font-family: Times New Roman, serif\"><span style=\"font-size: medium\">commento di<\/span><\/span><\/span><span style=\"color: #1d2228\"><span style=\"font-family: Times New Roman, serif\"><span style=\"font-size: medium\"><b> Deborah Italia<\/b><\/span><\/span><\/span><span style=\"color: #1d2228\"><span style=\"font-family: Times New Roman, serif\"><span style=\"font-size: medium\">.<\/span><\/span><\/span><span style=\"color: #000000\"><span style=\"font-family: Times New Roman, serif\"><span style=\"font-size: medium\"> Rubrica a cura di Alessandro Lisci. <\/span><\/span><\/span><strong><span style=\"color: #000000\"><span style=\"font-family: Times New Roman, serif\"><span style=\"font-size: medium\">Invia la tua foto del giorno al<\/span><\/span><\/span><\/strong><strong><span style=\"color: #000000\"><span style=\"font-family: Times New Roman, serif\"><span style=\"font-size: medium\"> whats app 3316379346 o <\/span><\/span><\/span><\/strong><strong><span style=\"color: #000000\"><span style=\"font-family: Times New Roman, serif\"><span style=\"font-size: medium\">alla mail<\/span><\/span><\/span><\/strong> <strong><a href=\"mailto:alessandrolisci@yahoo.it\"><span style=\"font-family: Times New Roman, serif\"><span style=\"font-size: medium\">alessandrolisci@yahoo.it<\/span><\/span><\/a><\/strong><strong><span style=\"color: #000000\"><span style=\"font-family: Times New Roman, serif\"><span style=\"font-size: medium\">. <\/span><\/span><\/span><\/strong><\/p>\n<p align=\"JUSTIFY\"><strong><span style=\"color: #ff0000\"><span style=\"font-family: Times New Roman, serif\"><span style=\"font-size: medium\">Rubrica in collaborazione con Lettere Caff\u00e8 -Via San Francesco a Ripa, 100\/101 Rome, Italy mob (+39) 340 004 4154 -info@letterecaffe.org<\/span><\/span><\/span><\/strong><\/p>\n<p align=\"JUSTIFY\"><strong><span style=\"color: #000000\"><span style=\"font-family: Times New Roman, serif\"><span style=\"font-size: medium\">Il commento <\/span><\/span><\/span><\/strong><\/p>\n<p align=\"JUSTIFY\"><span style=\"color: #000000\"><span style=\"font-family: Times New Roman, serif\"><span style=\"font-size: medium\">Non \u00e8 semplice fotografare i musicisti di strada. Non perch\u00e9 manchi la luce, o perch\u00e9 la scena sia difficile da comporre. \u00c8 difficile perch\u00e9 l\u00ec succede qualcosa di molto pi\u00f9 profondo di una semplice immagine. I musicisti di strada non fanno spettacolo. Non cercano il palco. Non cercano applausi costruiti. Sono semplicemente l\u00ec. <\/span><\/span><\/span><\/p>\n<p align=\"JUSTIFY\"><span style=\"color: #000000\"><span style=\"font-family: Times New Roman, serif\"><span style=\"font-size: medium\">Con il loro strumento tra le mani, con il loro mondo interiore che scorre dentro ogni nota. Spesso sono assorti. Quasi dimenticano dove si trovano. La strada diventa solo uno sfondo, un passaggio, mentre la loro musica crea uno spazio diverso, sospeso. E intorno a loro passano le persone. La maggior parte va di fretta. Passi veloci, sguardi distratti, pensieri pieni di impegni, ma poi succede qualcosa. Qualcuno rallenta. Qualcuno si gira. Qualcuno si ferma. Sono quelli sensibili. Quelli che sentono prima ancora di capire. <\/span><\/span><\/span><\/p>\n<p align=\"JUSTIFY\"><span style=\"color: #000000\"><span style=\"font-family: Times New Roman, serif\"><span style=\"font-size: medium\">Vengono attratti da qualcosa di invisibile, da un magnetismo emotivo e sonoro che non si pu\u00f2 spiegare davvero. Forse \u00e8 la musica. Forse \u00e8 il coraggio di chi si mette l\u00ec, vulnerabile, davanti al mondo. Forse \u00e8 quel piccolo universo introspettivo che si apre davanti agli occhi di tutti. Non lo so. Ma ogni volta, intorno a loro si crea un mondo. <\/span><\/span><\/span><\/p>\n<p align=\"JUSTIFY\"><span style=\"color: #000000\"><span style=\"font-family: Times New Roman, serif\"><span style=\"font-size: medium\">Persone che rallentano, occhi sinceri che osservano. Occhi che non giudicano. Occhi che ascoltano. E in quel momento la strada cambia. Non \u00e8 pi\u00f9 solo un luogo di passaggio. Diventa un punto d\u2019incontro tra anime sconosciute, unite per pochi minuti da una melodia. Per questo non \u00e8 semplice fotografare i musicisti di strada \u2026 perchj\u00e8 si fotografa un momento di verit\u00e0. <\/span><\/span><\/span><\/p>\n<p style=\"text-align: right\" align=\"JUSTIFY\"><strong><span style=\"font-family: Times New Roman, serif\"><span style=\"font-size: medium\"> \u00a9 2026 Deborah Italia<\/span><\/span><\/strong><\/p>\n<figure id=\"attachment_42395\" aria-describedby=\"caption-attachment-42395\" style=\"width: 1281px\" class=\"wp-caption alignnone\"><img loading=\"lazy\" decoding=\"async\" class=\" wp-image-42395\" src=\"https:\/\/www.romaoggi.eu\/wp-content\/uploads\/2026\/03\/Il-Pubblico-Piu-sincero.-Fotografia-di-Stefano-Blasi-300x199.jpeg\" alt=\"alt tag Stefano Blasi\" width=\"1281\" height=\"850\" srcset=\"https:\/\/www.romaoggi.eu\/wp-content\/uploads\/2026\/03\/Il-Pubblico-Piu-sincero.-Fotografia-di-Stefano-Blasi-300x199.jpeg 300w, https:\/\/www.romaoggi.eu\/wp-content\/uploads\/2026\/03\/Il-Pubblico-Piu-sincero.-Fotografia-di-Stefano-Blasi-1024x680.jpeg 1024w, https:\/\/www.romaoggi.eu\/wp-content\/uploads\/2026\/03\/Il-Pubblico-Piu-sincero.-Fotografia-di-Stefano-Blasi-1536x1020.jpeg 1536w, https:\/\/www.romaoggi.eu\/wp-content\/uploads\/2026\/03\/Il-Pubblico-Piu-sincero.-Fotografia-di-Stefano-Blasi.jpeg 1608w\" sizes=\"auto, (max-width: 1281px) 100vw, 1281px\" \/><figcaption id=\"caption-attachment-42395\" class=\"wp-caption-text\"><span style=\"color: #000080\"><strong>Il pubblico pi\u00f9 sincero. Via dei Fori Imperiali, Roma.\u00a0 Fotografia di Stefano Blasi<\/strong><\/span><\/figcaption><\/figure>\n<p align=\"JUSTIFY\"><strong><span style=\"font-family: Times New Roman, serif\"><span style=\"font-size: medium\">Deborah Italia nota bio<\/span><\/span><\/strong><\/p>\n<p align=\"JUSTIFY\"><span style=\"font-family: Times New Roman, serif\"><span style=\"font-size: medium\">Deborah Italia nasce a Lucerna, in Svizzera, il 27 agosto. Trascorre qui la propria infanzia fino all\u2019et\u00e0 di 10 anni, quando si trasferisce con tutta la famiglia in Sicilia. Spinta dalla grande passione per la musica, all\u2019et\u00e0 di 15 anni forma un trio musicale chiamato \u201cThe Barricades\u201d con cui si esibisce soprattutto nei piano-bar. <\/span><\/span><\/p>\n<p align=\"JUSTIFY\"><span style=\"font-family: Times New Roman, serif\"><span style=\"font-size: medium\">La vita del trio dura circa due anni, poi Deborah capisce che \u00e8 arrivato il momento di intraprendere il percorso di solista, con un proprio repertorio di inediti (tuttavia mai pubblicati). Il nuovo percorso funziona e, con lo pseudonimo di Nubia, gira l\u2019intera Sicilia esibendosi nelle maggiori citt\u00e0 dell\u2019isola. A 20 anni decide di trasferirsi a Roma. <\/span><\/span><\/p>\n<p align=\"JUSTIFY\"><span style=\"color: #1a1a1a\"><span style=\"font-family: Times New Roman, serif\"><span style=\"font-size: medium\">Il salto di qualit\u00e0 sotto il profilo professionale non tarda ad arrivare. Partecipa infatti a numerose trasmissioni televisive come: Domenica In (nelle vesti di cantante e ballerina), Il Salotto Magico (co-presentatrice), Capitani In Fondo al Mar, Cinecitt\u00e0 Miss, Cinecitt\u00e0 Days. Arriva anche una piccola parte come attrice nella fiction Padri e Figli. In questi anni inizia inoltre l\u2019attivit\u00e0 di modella, fotomodella e indossatrice. Nel frattempo, non smette di studiare e si laurea in Teatro, Cinema, Danza e Arti Digitali presso l\u2019Universit\u00e0 La Sapienza di Roma ed \u00e8 qui che si avvicina al mondo della fotografia. Attraverso lo studio di diversi pittori, fotografi, antropologi inizia ad osservare attimi e dettagli di tutto ci\u00f2 che la circonda e inizia ad usare le immagini per parlare di ci\u00f2 che la emoziona. <\/span><\/span><\/span><span style=\"color: #1a1a1a\"><span style=\"font-family: Times New Roman, serif\"><span style=\"font-size: medium\">Da Maggio 2025 \u00e8 iscritta a Target Lab Ets, Laboratorio Sperimentale di Fotografia e Comunicazione.<\/span><\/span><\/span><\/p>\n<p align=\"CENTER\"><strong><span style=\"color: #1a1a1a\"><span style=\"font-family: Times New Roman, serif\"><span style=\"font-size: medium\">______________________<\/span><\/span><\/span><\/strong><\/p>\n<p align=\"CENTER\"><strong><span style=\"color: #000000\"><span style=\"font-family: Times New Roman, serif\"><span style=\"font-size: medium\"><b>Editing fotografico a cura di Alessandro Lisci \u2013 Target Lab Ets<\/b><\/span><\/span><\/span><\/strong><\/p>\n<p align=\"CENTER\"><span style=\"color: #000000\"><span style=\"font-family: Times New Roman, serif\"><span style=\"font-size: medium\"><b>Visita il sito:\u00a0<\/b><\/span><\/span><\/span><a href=\"https:\/\/www.facebook.com\/TargetLabEts\"><span style=\"color: #e64946\"><span style=\"font-family: Times New Roman, serif\"><span style=\"font-size: medium\"><b>https:\/\/www.facebook.com\/TargetLabEts<\/b><\/span><\/span><\/span><\/a><\/p>\n<p align=\"CENTER\"><strong><span style=\"color: #000000\"><span style=\"font-family: Times New Roman, serif\"><span style=\"font-size: medium\"><b>Sostieni il progetto fotografico di Target Lab Ets con una\u00a0<\/b><\/span><\/span><\/span><\/strong><strong><span style=\"color: #ff0000\"><span style=\"font-family: Times New Roman, serif\"><span style=\"font-size: medium\"><b>donazione\/erogazione liberale<\/b><\/span><\/span><\/span><\/strong><span style=\"color: #000000\"><span style=\"font-family: Times New Roman, serif\"><span style=\"font-size: medium\">\u00a0<\/span><\/span><\/span><strong><span style=\"color: #000000\"><span style=\"font-family: Times New Roman, serif\"><span style=\"font-size: medium\"><b>al seguente\u00a0<\/b><\/span><\/span><\/span><\/strong><strong><span style=\"color: #ff0000\"><span style=\"font-family: Times New Roman, serif\"><span style=\"font-size: medium\"><b>IBAN<\/b><\/span><\/span><\/span><\/strong><span style=\"color: #000000\"><span style=\"font-family: Times New Roman, serif\"><span style=\"font-size: medium\">\u00a0<\/span><\/span><\/span><strong><span style=\"color: #ff0000\"><span style=\"font-family: Times New Roman, serif\"><span style=\"font-size: medium\"><b>IT05M0306909606100000186094<\/b><\/span><\/span><\/span><\/strong><span style=\"color: #000000\"><span style=\"font-family: Times New Roman, serif\"><span style=\"font-size: medium\">\u00a0<\/span><\/span><\/span><strong><span style=\"color: #161a1e\"><span style=\"font-family: Times New Roman, serif\"><span style=\"font-size: medium\"><b>intestato a Target Lab Ets.<\/b><\/span><\/span><\/span><\/strong><\/p>\n<p align=\"CENTER\"><strong><span style=\"color: #161a1e\"><span style=\"font-family: Times New Roman, serif\"><span style=\"font-size: medium\"><b>Le donazioni liberali sono detraibili in sede di dichiarazione dei redditi.<\/b><\/span><\/span><\/span><\/strong><\/p>\n<p align=\"CENTER\"><strong><span style=\"color: #ff0000\"><span style=\"font-family: Times New Roman, serif\"><span style=\"font-size: medium\"><b>Devolvi il 5xmille nella prossima dichiarazione dei redditi a Target Lab Ets<\/b><\/span><\/span><\/span><\/strong><span style=\"color: #000000\"><span style=\"font-family: Times New Roman, serif\"><span style=\"font-size: medium\">\u00a0<\/span><\/span><\/span><strong><span style=\"color: #000000\"><span style=\"font-family: Times New Roman, serif\"><span style=\"font-size: medium\"><b>inserendo il\u00a0<\/b><\/span><\/span><\/span><\/strong><strong><span style=\"color: #ff0000\"><span style=\"font-family: Times New Roman, serif\"><span style=\"font-size: medium\"><b>CF : 96498910585<\/b><\/span><\/span><\/span><\/strong><span style=\"color: #000000\"><span style=\"font-family: Times New Roman, serif\"><span style=\"font-size: medium\">\u00a0<\/span><\/span><\/span><strong><span style=\"color: #000000\"><span style=\"font-family: Times New Roman, serif\"><span style=\"font-size: medium\"><b>riquadro ONLUS, Enti Terzo Settore,Aps per finanziare futuri progetti fotografici a ricaduta sociale<\/b><\/span><\/span><\/span><\/strong><\/p>\n<p><span style=\"color: #000000\">\u00a0<\/span><\/p>\n<p align=\"JUSTIFY\"><span style=\"color: #26282a\"><span style=\"font-family: Times New Roman, serif\"><span style=\"font-size: medium\"><span style=\"color: #000000\"><b>Target Lab\u00a0Ets\u00a0<\/b><\/span><span style=\"color: #000000\">\u00e8 un\u2019 associazione culturale ente terzo settore, reg. 4338\/3\/2021 CF.\u00a0<\/span><span style=\"color: #1d2228\">96498910585 \u2013 Iscriz. RUNTS 30\/12\/2022), fondata e presieduta da\u00a0Alessandro Lisci, fotoreporter freelance,\u00a0e\u00a0 composta dal seguente comitato scientifico:\u00a0Simonetta Baroni\u00a0\u2013 storica dell\u2019arte;\u00a0Franco Bottoni\u00a0\u2013 tipografo;\u00a0Michele Brescia\u00a0\u2013 storico dell\u2019Arte;\u00a0Fabiana Cambiaso\u00a0\u2013 architetta;\u00a0\u00a0Allan Ceen\u00a0\u2013\u00a0 urbanista;\u00a0Marco Geppetti- fotografo professionista;\u00a0Paola Ortensi\u00a0\u2013 politiche rurali ed agricole;\u00a0Maurizio Paradisi\u00a0\u2013 sport.<\/span><\/span><\/span><\/span><\/p>\n<p align=\"JUSTIFY\"><span style=\"color: #1d2228\"><span style=\"font-family: Times New Roman, serif\"><span style=\"font-size: medium\">Target Lab Ets \u00e8 stata presentata il 6 dicembre 2021\u00a0al pubblico e alla stampa presso la sala\u00a0Walter Tobagi\u00a0della\u00a0FNSI, Federazione Nazionale della Stampa Italiana, sede nazionale di Roma,\u00a0 con\u00a0Paolo Conti\u00a0del Corriere della Sera;\u00a0Vittorio Morelli\u00a0dell\u2019Agi;\u00a0Marco Geppetti\u00a0e\u00a0Andrea Denzi\u00a0della Marcello Geppetti Media Company srl.<\/span><\/span><\/span><\/p>\n<p align=\"JUSTIFY\"><a href=\"https:\/\/www.radioradicale.it\/scheda\/654816\/presentazione-del-progetto-target-lab-ets-laboratorio-sperimentale-di-fotografia-e\" target=\"_blank\" rel=\"noopener\"><span style=\"color: #000000\"><span style=\"font-family: Times New Roman, serif\"><span style=\"font-size: medium\"><u><b>https:\/\/www.radioradicale.it\/scheda\/654816\/presentazione-del-progetto-target-lab-ets-laboratorio-sperimentale-di-fotografia-e<\/b><\/u><\/span><\/span><\/span><\/a><\/p>\n<p align=\"JUSTIFY\"><strong><span style=\"color: #000000\"><span style=\"font-family: Times New Roman, serif\"><span style=\"font-size: medium\"><b>email\u00a0\u00a0<\/b><\/span><\/span><\/span><\/strong><strong><a href=\"mailto:target.lsfc@gmail.com\" target=\"_blank\" rel=\"noopener\"><span style=\"color: #0000ff\"><span style=\"font-family: Times New Roman, serif\"><span style=\"font-size: medium\"><u><b>target.lsfc@gmail.com<\/b><\/u><\/span><\/span><\/span><\/a><\/strong><strong><span style=\"color: #cd232c\"><span style=\"font-family: Times New Roman, serif\"><span style=\"font-size: medium\"><u>\u00a0\u00a0<\/u><\/span><\/span><\/span><\/strong><strong><span style=\"color: #000000\"><span style=\"font-family: Times New Roman, serif\"><span style=\"font-size: medium\"><b>mob\u00a0. \u00a0<\/b><\/span><\/span><\/span><\/strong><strong><span style=\"color: #cd232c\"><span style=\"font-family: Times New Roman, serif\"><span style=\"font-size: medium\"><b>+<\/b><\/span><\/span><\/span><\/strong><strong><span style=\"color: #000000\"><span style=\"font-family: Times New Roman, serif\"><span style=\"font-size: medium\"><b>39 3316379346<\/b><\/span><\/span><\/span><\/strong><\/p>\n<p align=\"CENTER\">\n","protected":false},"excerpt":{"rendered":"<div class=\"mh-excerpt\"><p>Richiesta inserimento in newsletter e vostri commenti o proposte di collaborazione scrivendo\u00a0a\u00a0target.lsfc@gmail.com\u00a0 \u00a0 infoline +39 3316379346 La foto del giorno di luned\u00ec 16 marzo 2026 dal titolo &#8220;Il pubblico pi\u00f9 sincero&#8220; \u00e8 di Stefano Blasi, <a class=\"mh-excerpt-more\" href=\"https:\/\/www.romaoggi.eu\/index.php\/2026\/03\/16\/la-foto-del-giorno-il-pubblico-piu-sincero-e-di-stefano-blasi-commento-di-deborah-italia\/\" title=\"La Foto del Giorno: &#8220;Il pubblico pi\u00f9 sincero&#8221; \u00e8 di Stefano Blasi. Commento di Deborah Italia\">[&#8230;]<\/a><\/p>\n<\/div>","protected":false},"author":17,"featured_media":42395,"comment_status":"closed","ping_status":"open","sticky":false,"template":"","format":"standard","meta":{"_sitemap_exclude":false,"_sitemap_priority":"","_sitemap_frequency":"","footnotes":""},"categories":[8934],"tags":[14999,18049,14994,14912,4137,17683,10568,17685,17704,17686,17687,274,10420,9532,17688,17689,17690,14763,17691,17692,17693,1738,17694,18788,16078,17695,18048,15567,17684,3816],"class_list":["post-42394","post","type-post","status-publish","format-standard","has-post-thumbnail","hentry","category-lafotodelgiorno","tag-art","tag-phot","tag-photo","tag-photography","tag-alessandro-lisci","tag-all_shots","tag-artista-di-strada","tag-composition","tag-deborah-italia","tag-exposure","tag-focus","tag-fotografia","tag-la-foto-del-giorno","tag-lettere-caffe","tag-photooftheday","tag-photos","tag-pic","tag-picoftheday","tag-pics","tag-picture","tag-pictures","tag-romaoggi-eu","tag-snapshot","tag-stefano-blasi","tag-storytelling","tag-tagsforlikes","tag-tagsforlikes-storytelling","tag-target-lab-ets","tag-tecnicafotografica","tag-via-dei-fori-imperiali"],"yoast_head":"<!-- This site is optimized with the Yoast SEO plugin v27.5 - https:\/\/yoast.com\/product\/yoast-seo-wordpress\/ -->\n<title>La Foto del Giorno: &quot;Il pubblico pi\u00f9 sincero&quot; \u00e8 di Stefano Blasi. Commento di Deborah Italia<\/title>\n<meta name=\"description\" content=\"Richiesta inserimento in newsletter e vostri commenti o proposte di collaborazione scrivendo\u00a0a\u00a0target.lsfc@gmail.com\u00a0 \u00a0 infoline +39 3316379346 La foto\" \/>\n<meta name=\"robots\" content=\"index, follow, max-snippet:-1, max-image-preview:large, max-video-preview:-1\" \/>\n<link rel=\"canonical\" href=\"https:\/\/www.romaoggi.eu\/index.php\/2026\/03\/16\/la-foto-del-giorno-il-pubblico-piu-sincero-e-di-stefano-blasi-commento-di-deborah-italia\/\" \/>\n<meta property=\"og:locale\" content=\"it_IT\" \/>\n<meta property=\"og:type\" content=\"article\" \/>\n<meta property=\"og:title\" content=\"La Foto del Giorno: &quot;Il pubblico pi\u00f9 sincero&quot; \u00e8 di Stefano Blasi. Commento di Deborah Italia\" \/>\n<meta property=\"og:description\" content=\"Richiesta inserimento in newsletter e vostri commenti o proposte di collaborazione scrivendo\u00a0a\u00a0target.lsfc@gmail.com\u00a0 \u00a0 infoline +39 3316379346 La foto\" \/>\n<meta property=\"og:url\" content=\"https:\/\/www.romaoggi.eu\/index.php\/2026\/03\/16\/la-foto-del-giorno-il-pubblico-piu-sincero-e-di-stefano-blasi-commento-di-deborah-italia\/\" \/>\n<meta property=\"og:site_name\" content=\"roma oggi\" \/>\n<meta property=\"article:publisher\" content=\"https:\/\/www.facebook.com\/RomaOggi-841544845954114\" \/>\n<meta property=\"article:published_time\" content=\"2026-03-16T06:48:00+00:00\" \/>\n<meta property=\"og:image\" content=\"https:\/\/www.romaoggi.eu\/wp-content\/uploads\/2026\/03\/Il-Pubblico-Piu-sincero.-Fotografia-di-Stefano-Blasi.jpeg\" \/>\n\t<meta property=\"og:image:width\" content=\"1608\" \/>\n\t<meta property=\"og:image:height\" content=\"1068\" \/>\n\t<meta property=\"og:image:type\" content=\"image\/jpeg\" \/>\n<meta name=\"author\" content=\"Target Lab Ets\" \/>\n<meta name=\"twitter:card\" content=\"summary_large_image\" \/>\n<meta name=\"twitter:creator\" content=\"@romaoggi_eu\" \/>\n<meta name=\"twitter:site\" content=\"@romaoggi_eu\" \/>\n<meta name=\"twitter:label1\" content=\"Scritto da\" \/>\n\t<meta name=\"twitter:data1\" content=\"Target Lab Ets\" \/>\n\t<meta name=\"twitter:label2\" content=\"Tempo di lettura stimato\" \/>\n\t<meta name=\"twitter:data2\" content=\"6 minuti\" \/>\n<script type=\"application\/ld+json\" class=\"yoast-schema-graph\">{\"@context\":\"https:\\\/\\\/schema.org\",\"@graph\":[{\"@type\":\"Article\",\"@id\":\"https:\\\/\\\/www.romaoggi.eu\\\/index.php\\\/2026\\\/03\\\/16\\\/la-foto-del-giorno-il-pubblico-piu-sincero-e-di-stefano-blasi-commento-di-deborah-italia\\\/#article\",\"isPartOf\":{\"@id\":\"https:\\\/\\\/www.romaoggi.eu\\\/index.php\\\/2026\\\/03\\\/16\\\/la-foto-del-giorno-il-pubblico-piu-sincero-e-di-stefano-blasi-commento-di-deborah-italia\\\/\"},\"author\":{\"name\":\"Target Lab Ets\",\"@id\":\"https:\\\/\\\/www.romaoggi.eu\\\/#\\\/schema\\\/person\\\/72b8cfc6de60caeb335267c8e21d90fb\"},\"headline\":\"La Foto del Giorno: &#8220;Il pubblico pi\u00f9 sincero&#8221; \u00e8 di Stefano Blasi. Commento di Deborah Italia\",\"datePublished\":\"2026-03-16T06:48:00+00:00\",\"mainEntityOfPage\":{\"@id\":\"https:\\\/\\\/www.romaoggi.eu\\\/index.php\\\/2026\\\/03\\\/16\\\/la-foto-del-giorno-il-pubblico-piu-sincero-e-di-stefano-blasi-commento-di-deborah-italia\\\/\"},\"wordCount\":827,\"publisher\":{\"@id\":\"https:\\\/\\\/www.romaoggi.eu\\\/#organization\"},\"image\":{\"@id\":\"https:\\\/\\\/www.romaoggi.eu\\\/index.php\\\/2026\\\/03\\\/16\\\/la-foto-del-giorno-il-pubblico-piu-sincero-e-di-stefano-blasi-commento-di-deborah-italia\\\/#primaryimage\"},\"thumbnailUrl\":\"https:\\\/\\\/www.romaoggi.eu\\\/wp-content\\\/uploads\\\/2026\\\/03\\\/Il-Pubblico-Piu-sincero.-Fotografia-di-Stefano-Blasi.jpeg\",\"keywords\":[\"#art\",\"#phot\",\"#photo\",\"#photography\",\"alessandro lisci\",\"all_shots\",\"Artista di strada\",\"composition\",\"Deborah Italia\",\"exposure\",\"focus\",\"fotografia\",\"La foto del giorno\",\"lettere caff\u00e8\",\"photooftheday\",\"photos\",\"pic\",\"picoftheday\",\"pics\",\"picture\",\"pictures\",\"RomaOggi.eu\",\"snapshot\",\"Stefano Blasi\",\"storytelling\",\"TagsForLikes\",\"TagsForLikes #storytelling\",\"target lab ets\",\"tecnicafotografica\",\"Via dei Fori Imperiali\"],\"articleSection\":[\"La foto del giorno\"],\"inLanguage\":\"it-IT\"},{\"@type\":\"WebPage\",\"@id\":\"https:\\\/\\\/www.romaoggi.eu\\\/index.php\\\/2026\\\/03\\\/16\\\/la-foto-del-giorno-il-pubblico-piu-sincero-e-di-stefano-blasi-commento-di-deborah-italia\\\/\",\"url\":\"https:\\\/\\\/www.romaoggi.eu\\\/index.php\\\/2026\\\/03\\\/16\\\/la-foto-del-giorno-il-pubblico-piu-sincero-e-di-stefano-blasi-commento-di-deborah-italia\\\/\",\"name\":\"La Foto del Giorno: \\\"Il pubblico pi\u00f9 sincero\\\" \u00e8 di Stefano Blasi. Commento di Deborah Italia\",\"isPartOf\":{\"@id\":\"https:\\\/\\\/www.romaoggi.eu\\\/#website\"},\"primaryImageOfPage\":{\"@id\":\"https:\\\/\\\/www.romaoggi.eu\\\/index.php\\\/2026\\\/03\\\/16\\\/la-foto-del-giorno-il-pubblico-piu-sincero-e-di-stefano-blasi-commento-di-deborah-italia\\\/#primaryimage\"},\"image\":{\"@id\":\"https:\\\/\\\/www.romaoggi.eu\\\/index.php\\\/2026\\\/03\\\/16\\\/la-foto-del-giorno-il-pubblico-piu-sincero-e-di-stefano-blasi-commento-di-deborah-italia\\\/#primaryimage\"},\"thumbnailUrl\":\"https:\\\/\\\/www.romaoggi.eu\\\/wp-content\\\/uploads\\\/2026\\\/03\\\/Il-Pubblico-Piu-sincero.-Fotografia-di-Stefano-Blasi.jpeg\",\"datePublished\":\"2026-03-16T06:48:00+00:00\",\"description\":\"Richiesta inserimento in newsletter e vostri commenti o proposte di collaborazione scrivendo\u00a0a\u00a0target.lsfc@gmail.com\u00a0 \u00a0 infoline +39 3316379346 La foto\",\"breadcrumb\":{\"@id\":\"https:\\\/\\\/www.romaoggi.eu\\\/index.php\\\/2026\\\/03\\\/16\\\/la-foto-del-giorno-il-pubblico-piu-sincero-e-di-stefano-blasi-commento-di-deborah-italia\\\/#breadcrumb\"},\"inLanguage\":\"it-IT\",\"potentialAction\":[{\"@type\":\"ReadAction\",\"target\":[\"https:\\\/\\\/www.romaoggi.eu\\\/index.php\\\/2026\\\/03\\\/16\\\/la-foto-del-giorno-il-pubblico-piu-sincero-e-di-stefano-blasi-commento-di-deborah-italia\\\/\"]}]},{\"@type\":\"ImageObject\",\"inLanguage\":\"it-IT\",\"@id\":\"https:\\\/\\\/www.romaoggi.eu\\\/index.php\\\/2026\\\/03\\\/16\\\/la-foto-del-giorno-il-pubblico-piu-sincero-e-di-stefano-blasi-commento-di-deborah-italia\\\/#primaryimage\",\"url\":\"https:\\\/\\\/www.romaoggi.eu\\\/wp-content\\\/uploads\\\/2026\\\/03\\\/Il-Pubblico-Piu-sincero.-Fotografia-di-Stefano-Blasi.jpeg\",\"contentUrl\":\"https:\\\/\\\/www.romaoggi.eu\\\/wp-content\\\/uploads\\\/2026\\\/03\\\/Il-Pubblico-Piu-sincero.-Fotografia-di-Stefano-Blasi.jpeg\",\"width\":1608,\"height\":1068,\"caption\":\"Il pubblico pi\u00f9 sincero. Via dei Fori Imperiali, Roma.\u00a0 Fotografia di Stefano Blasi\"},{\"@type\":\"BreadcrumbList\",\"@id\":\"https:\\\/\\\/www.romaoggi.eu\\\/index.php\\\/2026\\\/03\\\/16\\\/la-foto-del-giorno-il-pubblico-piu-sincero-e-di-stefano-blasi-commento-di-deborah-italia\\\/#breadcrumb\",\"itemListElement\":[{\"@type\":\"ListItem\",\"position\":1,\"name\":\"Home\",\"item\":\"https:\\\/\\\/www.romaoggi.eu\\\/\"},{\"@type\":\"ListItem\",\"position\":2,\"name\":\"La Foto del Giorno: &#8220;Il pubblico pi\u00f9 sincero&#8221; \u00e8 di Stefano Blasi. Commento di Deborah Italia\"}]},{\"@type\":\"WebSite\",\"@id\":\"https:\\\/\\\/www.romaoggi.eu\\\/#website\",\"url\":\"https:\\\/\\\/www.romaoggi.eu\\\/\",\"name\":\"roma oggi\",\"description\":\"Interesting News for Interesting people\",\"publisher\":{\"@id\":\"https:\\\/\\\/www.romaoggi.eu\\\/#organization\"},\"potentialAction\":[{\"@type\":\"SearchAction\",\"target\":{\"@type\":\"EntryPoint\",\"urlTemplate\":\"https:\\\/\\\/www.romaoggi.eu\\\/?s={search_term_string}\"},\"query-input\":{\"@type\":\"PropertyValueSpecification\",\"valueRequired\":true,\"valueName\":\"search_term_string\"}}],\"inLanguage\":\"it-IT\"},{\"@type\":\"Organization\",\"@id\":\"https:\\\/\\\/www.romaoggi.eu\\\/#organization\",\"name\":\"RomaOggi\",\"url\":\"https:\\\/\\\/www.romaoggi.eu\\\/\",\"logo\":{\"@type\":\"ImageObject\",\"inLanguage\":\"it-IT\",\"@id\":\"https:\\\/\\\/www.romaoggi.eu\\\/#\\\/schema\\\/logo\\\/image\\\/\",\"url\":\"https:\\\/\\\/www.romaoggi.eu\\\/wp-content\\\/uploads\\\/2017\\\/04\\\/logowp.jpg\",\"contentUrl\":\"https:\\\/\\\/www.romaoggi.eu\\\/wp-content\\\/uploads\\\/2017\\\/04\\\/logowp.jpg\",\"width\":300,\"height\":133,\"caption\":\"RomaOggi\"},\"image\":{\"@id\":\"https:\\\/\\\/www.romaoggi.eu\\\/#\\\/schema\\\/logo\\\/image\\\/\"},\"sameAs\":[\"https:\\\/\\\/www.facebook.com\\\/RomaOggi-841544845954114\",\"https:\\\/\\\/x.com\\\/romaoggi_eu\"]},{\"@type\":\"Person\",\"@id\":\"https:\\\/\\\/www.romaoggi.eu\\\/#\\\/schema\\\/person\\\/72b8cfc6de60caeb335267c8e21d90fb\",\"name\":\"Target Lab Ets\",\"image\":{\"@type\":\"ImageObject\",\"inLanguage\":\"it-IT\",\"@id\":\"https:\\\/\\\/secure.gravatar.com\\\/avatar\\\/ab64fd266889a629b0e9e6ab56209e379c2a89cfda303941ee9621d4090292d1?s=96&d=mm&r=g\",\"url\":\"https:\\\/\\\/secure.gravatar.com\\\/avatar\\\/ab64fd266889a629b0e9e6ab56209e379c2a89cfda303941ee9621d4090292d1?s=96&d=mm&r=g\",\"contentUrl\":\"https:\\\/\\\/secure.gravatar.com\\\/avatar\\\/ab64fd266889a629b0e9e6ab56209e379c2a89cfda303941ee9621d4090292d1?s=96&d=mm&r=g\",\"caption\":\"Target Lab Ets\"},\"sameAs\":[\"http:\\\/\\\/www.targetlab.org\"],\"url\":\"https:\\\/\\\/www.romaoggi.eu\\\/index.php\\\/author\\\/isfc\\\/\"}]}<\/script>\n<!-- \/ Yoast SEO plugin. -->","yoast_head_json":{"title":"La Foto del Giorno: \"Il pubblico pi\u00f9 sincero\" \u00e8 di Stefano Blasi. Commento di Deborah Italia","description":"Richiesta inserimento in newsletter e vostri commenti o proposte di collaborazione scrivendo\u00a0a\u00a0target.lsfc@gmail.com\u00a0 \u00a0 infoline +39 3316379346 La foto","robots":{"index":"index","follow":"follow","max-snippet":"max-snippet:-1","max-image-preview":"max-image-preview:large","max-video-preview":"max-video-preview:-1"},"canonical":"https:\/\/www.romaoggi.eu\/index.php\/2026\/03\/16\/la-foto-del-giorno-il-pubblico-piu-sincero-e-di-stefano-blasi-commento-di-deborah-italia\/","og_locale":"it_IT","og_type":"article","og_title":"La Foto del Giorno: \"Il pubblico pi\u00f9 sincero\" \u00e8 di Stefano Blasi. Commento di Deborah Italia","og_description":"Richiesta inserimento in newsletter e vostri commenti o proposte di collaborazione scrivendo\u00a0a\u00a0target.lsfc@gmail.com\u00a0 \u00a0 infoline +39 3316379346 La foto","og_url":"https:\/\/www.romaoggi.eu\/index.php\/2026\/03\/16\/la-foto-del-giorno-il-pubblico-piu-sincero-e-di-stefano-blasi-commento-di-deborah-italia\/","og_site_name":"roma oggi","article_publisher":"https:\/\/www.facebook.com\/RomaOggi-841544845954114","article_published_time":"2026-03-16T06:48:00+00:00","og_image":[{"width":1608,"height":1068,"url":"https:\/\/www.romaoggi.eu\/wp-content\/uploads\/2026\/03\/Il-Pubblico-Piu-sincero.-Fotografia-di-Stefano-Blasi.jpeg","type":"image\/jpeg"}],"author":"Target Lab Ets","twitter_card":"summary_large_image","twitter_creator":"@romaoggi_eu","twitter_site":"@romaoggi_eu","twitter_misc":{"Scritto da":"Target Lab Ets","Tempo di lettura stimato":"6 minuti"},"schema":{"@context":"https:\/\/schema.org","@graph":[{"@type":"Article","@id":"https:\/\/www.romaoggi.eu\/index.php\/2026\/03\/16\/la-foto-del-giorno-il-pubblico-piu-sincero-e-di-stefano-blasi-commento-di-deborah-italia\/#article","isPartOf":{"@id":"https:\/\/www.romaoggi.eu\/index.php\/2026\/03\/16\/la-foto-del-giorno-il-pubblico-piu-sincero-e-di-stefano-blasi-commento-di-deborah-italia\/"},"author":{"name":"Target Lab Ets","@id":"https:\/\/www.romaoggi.eu\/#\/schema\/person\/72b8cfc6de60caeb335267c8e21d90fb"},"headline":"La Foto del Giorno: &#8220;Il pubblico pi\u00f9 sincero&#8221; \u00e8 di Stefano Blasi. Commento di Deborah Italia","datePublished":"2026-03-16T06:48:00+00:00","mainEntityOfPage":{"@id":"https:\/\/www.romaoggi.eu\/index.php\/2026\/03\/16\/la-foto-del-giorno-il-pubblico-piu-sincero-e-di-stefano-blasi-commento-di-deborah-italia\/"},"wordCount":827,"publisher":{"@id":"https:\/\/www.romaoggi.eu\/#organization"},"image":{"@id":"https:\/\/www.romaoggi.eu\/index.php\/2026\/03\/16\/la-foto-del-giorno-il-pubblico-piu-sincero-e-di-stefano-blasi-commento-di-deborah-italia\/#primaryimage"},"thumbnailUrl":"https:\/\/www.romaoggi.eu\/wp-content\/uploads\/2026\/03\/Il-Pubblico-Piu-sincero.-Fotografia-di-Stefano-Blasi.jpeg","keywords":["#art","#phot","#photo","#photography","alessandro lisci","all_shots","Artista di strada","composition","Deborah Italia","exposure","focus","fotografia","La foto del giorno","lettere caff\u00e8","photooftheday","photos","pic","picoftheday","pics","picture","pictures","RomaOggi.eu","snapshot","Stefano Blasi","storytelling","TagsForLikes","TagsForLikes #storytelling","target lab ets","tecnicafotografica","Via dei Fori Imperiali"],"articleSection":["La foto del giorno"],"inLanguage":"it-IT"},{"@type":"WebPage","@id":"https:\/\/www.romaoggi.eu\/index.php\/2026\/03\/16\/la-foto-del-giorno-il-pubblico-piu-sincero-e-di-stefano-blasi-commento-di-deborah-italia\/","url":"https:\/\/www.romaoggi.eu\/index.php\/2026\/03\/16\/la-foto-del-giorno-il-pubblico-piu-sincero-e-di-stefano-blasi-commento-di-deborah-italia\/","name":"La Foto del Giorno: \"Il pubblico pi\u00f9 sincero\" \u00e8 di Stefano Blasi. Commento di Deborah Italia","isPartOf":{"@id":"https:\/\/www.romaoggi.eu\/#website"},"primaryImageOfPage":{"@id":"https:\/\/www.romaoggi.eu\/index.php\/2026\/03\/16\/la-foto-del-giorno-il-pubblico-piu-sincero-e-di-stefano-blasi-commento-di-deborah-italia\/#primaryimage"},"image":{"@id":"https:\/\/www.romaoggi.eu\/index.php\/2026\/03\/16\/la-foto-del-giorno-il-pubblico-piu-sincero-e-di-stefano-blasi-commento-di-deborah-italia\/#primaryimage"},"thumbnailUrl":"https:\/\/www.romaoggi.eu\/wp-content\/uploads\/2026\/03\/Il-Pubblico-Piu-sincero.-Fotografia-di-Stefano-Blasi.jpeg","datePublished":"2026-03-16T06:48:00+00:00","description":"Richiesta inserimento in newsletter e vostri commenti o proposte di collaborazione scrivendo\u00a0a\u00a0target.lsfc@gmail.com\u00a0 \u00a0 infoline +39 3316379346 La foto","breadcrumb":{"@id":"https:\/\/www.romaoggi.eu\/index.php\/2026\/03\/16\/la-foto-del-giorno-il-pubblico-piu-sincero-e-di-stefano-blasi-commento-di-deborah-italia\/#breadcrumb"},"inLanguage":"it-IT","potentialAction":[{"@type":"ReadAction","target":["https:\/\/www.romaoggi.eu\/index.php\/2026\/03\/16\/la-foto-del-giorno-il-pubblico-piu-sincero-e-di-stefano-blasi-commento-di-deborah-italia\/"]}]},{"@type":"ImageObject","inLanguage":"it-IT","@id":"https:\/\/www.romaoggi.eu\/index.php\/2026\/03\/16\/la-foto-del-giorno-il-pubblico-piu-sincero-e-di-stefano-blasi-commento-di-deborah-italia\/#primaryimage","url":"https:\/\/www.romaoggi.eu\/wp-content\/uploads\/2026\/03\/Il-Pubblico-Piu-sincero.-Fotografia-di-Stefano-Blasi.jpeg","contentUrl":"https:\/\/www.romaoggi.eu\/wp-content\/uploads\/2026\/03\/Il-Pubblico-Piu-sincero.-Fotografia-di-Stefano-Blasi.jpeg","width":1608,"height":1068,"caption":"Il pubblico pi\u00f9 sincero. Via dei Fori Imperiali, Roma.\u00a0 Fotografia di Stefano Blasi"},{"@type":"BreadcrumbList","@id":"https:\/\/www.romaoggi.eu\/index.php\/2026\/03\/16\/la-foto-del-giorno-il-pubblico-piu-sincero-e-di-stefano-blasi-commento-di-deborah-italia\/#breadcrumb","itemListElement":[{"@type":"ListItem","position":1,"name":"Home","item":"https:\/\/www.romaoggi.eu\/"},{"@type":"ListItem","position":2,"name":"La Foto del Giorno: &#8220;Il pubblico pi\u00f9 sincero&#8221; \u00e8 di Stefano Blasi. Commento di Deborah Italia"}]},{"@type":"WebSite","@id":"https:\/\/www.romaoggi.eu\/#website","url":"https:\/\/www.romaoggi.eu\/","name":"roma oggi","description":"Interesting News for Interesting people","publisher":{"@id":"https:\/\/www.romaoggi.eu\/#organization"},"potentialAction":[{"@type":"SearchAction","target":{"@type":"EntryPoint","urlTemplate":"https:\/\/www.romaoggi.eu\/?s={search_term_string}"},"query-input":{"@type":"PropertyValueSpecification","valueRequired":true,"valueName":"search_term_string"}}],"inLanguage":"it-IT"},{"@type":"Organization","@id":"https:\/\/www.romaoggi.eu\/#organization","name":"RomaOggi","url":"https:\/\/www.romaoggi.eu\/","logo":{"@type":"ImageObject","inLanguage":"it-IT","@id":"https:\/\/www.romaoggi.eu\/#\/schema\/logo\/image\/","url":"https:\/\/www.romaoggi.eu\/wp-content\/uploads\/2017\/04\/logowp.jpg","contentUrl":"https:\/\/www.romaoggi.eu\/wp-content\/uploads\/2017\/04\/logowp.jpg","width":300,"height":133,"caption":"RomaOggi"},"image":{"@id":"https:\/\/www.romaoggi.eu\/#\/schema\/logo\/image\/"},"sameAs":["https:\/\/www.facebook.com\/RomaOggi-841544845954114","https:\/\/x.com\/romaoggi_eu"]},{"@type":"Person","@id":"https:\/\/www.romaoggi.eu\/#\/schema\/person\/72b8cfc6de60caeb335267c8e21d90fb","name":"Target Lab Ets","image":{"@type":"ImageObject","inLanguage":"it-IT","@id":"https:\/\/secure.gravatar.com\/avatar\/ab64fd266889a629b0e9e6ab56209e379c2a89cfda303941ee9621d4090292d1?s=96&d=mm&r=g","url":"https:\/\/secure.gravatar.com\/avatar\/ab64fd266889a629b0e9e6ab56209e379c2a89cfda303941ee9621d4090292d1?s=96&d=mm&r=g","contentUrl":"https:\/\/secure.gravatar.com\/avatar\/ab64fd266889a629b0e9e6ab56209e379c2a89cfda303941ee9621d4090292d1?s=96&d=mm&r=g","caption":"Target Lab Ets"},"sameAs":["http:\/\/www.targetlab.org"],"url":"https:\/\/www.romaoggi.eu\/index.php\/author\/isfc\/"}]}},"_links":{"self":[{"href":"https:\/\/www.romaoggi.eu\/index.php\/wp-json\/wp\/v2\/posts\/42394","targetHints":{"allow":["GET"]}}],"collection":[{"href":"https:\/\/www.romaoggi.eu\/index.php\/wp-json\/wp\/v2\/posts"}],"about":[{"href":"https:\/\/www.romaoggi.eu\/index.php\/wp-json\/wp\/v2\/types\/post"}],"author":[{"embeddable":true,"href":"https:\/\/www.romaoggi.eu\/index.php\/wp-json\/wp\/v2\/users\/17"}],"replies":[{"embeddable":true,"href":"https:\/\/www.romaoggi.eu\/index.php\/wp-json\/wp\/v2\/comments?post=42394"}],"version-history":[{"count":2,"href":"https:\/\/www.romaoggi.eu\/index.php\/wp-json\/wp\/v2\/posts\/42394\/revisions"}],"predecessor-version":[{"id":42397,"href":"https:\/\/www.romaoggi.eu\/index.php\/wp-json\/wp\/v2\/posts\/42394\/revisions\/42397"}],"wp:featuredmedia":[{"embeddable":true,"href":"https:\/\/www.romaoggi.eu\/index.php\/wp-json\/wp\/v2\/media\/42395"}],"wp:attachment":[{"href":"https:\/\/www.romaoggi.eu\/index.php\/wp-json\/wp\/v2\/media?parent=42394"}],"wp:term":[{"taxonomy":"category","embeddable":true,"href":"https:\/\/www.romaoggi.eu\/index.php\/wp-json\/wp\/v2\/categories?post=42394"},{"taxonomy":"post_tag","embeddable":true,"href":"https:\/\/www.romaoggi.eu\/index.php\/wp-json\/wp\/v2\/tags?post=42394"}],"curies":[{"name":"wp","href":"https:\/\/api.w.org\/{rel}","templated":true}]}}