{"id":42412,"date":"2026-03-17T07:44:02","date_gmt":"2026-03-17T06:44:02","guid":{"rendered":"https:\/\/www.romaoggi.eu\/?p=42412"},"modified":"2026-03-17T07:44:02","modified_gmt":"2026-03-17T06:44:02","slug":"racconti-brevi-segni-sullasfalto-di-marta-fabris-target-lab-ets","status":"publish","type":"post","link":"https:\/\/www.romaoggi.eu\/index.php\/2026\/03\/17\/racconti-brevi-segni-sullasfalto-di-marta-fabris-target-lab-ets\/","title":{"rendered":"Racconti Brevi: &#8220;Segni sull\u2019asfalto&#8221; di Marta Fabris &#8211; Target Lab Ets"},"content":{"rendered":"<p><img loading=\"lazy\" decoding=\"async\" class=\"size-medium wp-image-39671 aligncenter\" src=\"https:\/\/www.romaoggi.eu\/wp-content\/uploads\/2025\/05\/aBoxino-x-marchio-300x137.jpg\" alt=\"\" width=\"300\" height=\"137\" srcset=\"https:\/\/www.romaoggi.eu\/wp-content\/uploads\/2025\/05\/aBoxino-x-marchio-300x137.jpg 300w, https:\/\/www.romaoggi.eu\/wp-content\/uploads\/2025\/05\/aBoxino-x-marchio.jpg 551w\" sizes=\"auto, (max-width: 300px) 100vw, 300px\" \/><\/p>\n<p align=\"CENTER\"><strong>Richiesta inserimento in newsletter e vostri commenti o proposte di collaborazione scrivendo a\u00a0<a href=\"mailto:target.lsfc@gmail.com\" data-aalisten=\"1\">target.lsfc@gmail.com<\/a>\u00a0 \u00a0<\/strong><\/p>\n<p align=\"CENTER\"><strong>\u00a0\u00a0infoline +39 331637934<\/strong><\/p>\n<p align=\"CENTER\"><span style=\"font-family: Stencil, fantasy\"><span style=\"font-size: xx-large\">Racconti Brevi<\/span><\/span><\/p>\n<p align=\"JUSTIFY\">Nuovo appuntamento con la nuova rubrica <b>\u201cRacconti Brevi\u201d<\/b> che Target Lab Ets dedica ai racconti fotografici, con il nuovo racconto breve di <b>Marta Fabris<\/b> dal titolo \u201cSegni sull&#8217;asfalto\u201d.<\/p>\n<p align=\"JUSTIFY\">Attraverso il suo racconto, la fotografa invita il pubblico a riflettere su come le esperienze personali e collettive plasmino la nostra percezione del mondo.<\/p>\n<p align=\"JUSTIFY\">La rubrica vuole essere quindi dedicata alla ricerca personale dei singoli autori attraverso un processo di intermediazione del testo e delle foto supervisionati dal team di Target Lab Ets, Laboratorio Sperimentale di Fotografia e Comunicazione, ma anche rappresentare un momento di divulgazione e promozione della cultura fotografica. In questa ottica saranno affrontati diversi aspetti della narrazione fotografica attraverso articoli, interviste e monografie con gli opportuni collegamenti con le altre rubriche che Target Lab Ets gestisce su Romaoggi.eu.<\/p>\n<p align=\"JUSTIFY\"><span style=\"font-family: Times New Roman, serif\"><span style=\"font-size: medium\">Seguite &#8220;Racconti Brevi&#8221; evolver\u00e0 nel tempo, portando alla luce le storie straordinarie che si nascondono dietro ogni scatto fotografico. Restate sintonizzati per ulteriori articoli, interviste e approfondimenti che alimenteranno il discussione sulla fotografia e sulla narrazione visiva.<\/span><\/span><\/p>\n<figure id=\"attachment_42415\" aria-describedby=\"caption-attachment-42415\" style=\"width: 957px\" class=\"wp-caption aligncenter\"><img loading=\"lazy\" decoding=\"async\" class=\" wp-image-42415\" src=\"https:\/\/www.romaoggi.eu\/wp-content\/uploads\/2026\/03\/Copertina-Roma-Foto-di-Marta-Fabris-Target-Lab-Ets-1-300x200.jpg\" alt=\"\" width=\"957\" height=\"638\" srcset=\"https:\/\/www.romaoggi.eu\/wp-content\/uploads\/2026\/03\/Copertina-Roma-Foto-di-Marta-Fabris-Target-Lab-Ets-1-300x200.jpg 300w, https:\/\/www.romaoggi.eu\/wp-content\/uploads\/2026\/03\/Copertina-Roma-Foto-di-Marta-Fabris-Target-Lab-Ets-1-1024x682.jpg 1024w, https:\/\/www.romaoggi.eu\/wp-content\/uploads\/2026\/03\/Copertina-Roma-Foto-di-Marta-Fabris-Target-Lab-Ets-1-1536x1024.jpg 1536w, https:\/\/www.romaoggi.eu\/wp-content\/uploads\/2026\/03\/Copertina-Roma-Foto-di-Marta-Fabris-Target-Lab-Ets-1.jpg 2000w\" sizes=\"auto, (max-width: 957px) 100vw, 957px\" \/><figcaption id=\"caption-attachment-42415\" class=\"wp-caption-text\"><span style=\"color: #000080\"><strong>Roma. <\/strong><strong>Foto di Marta Fabris Target Lab Ets<\/strong><\/span><\/figcaption><\/figure>\n<p align=\"JUSTIFY\">\n<p align=\"CENTER\"><span style=\"font-family: Stencil, fantasy\"><span style=\"font-size: xx-large\">Segni sull\u2019asfalto <\/span><\/span><\/p>\n<p align=\"CENTER\"><span style=\"font-family: Stencil, fantasy\"><span style=\"font-size: x-large\">quando il suolo diventa racconto<\/span><\/span><\/p>\n<p align=\"JUSTIFY\">Da quando fotografo, il mio modo di osservare e guardare le citt\u00e0 e le persone \u00e8 totalmente cambiato. Ogni dettaglio racconta, suggerisce, guida il mio sguardo, oppure \u00e8 fonte di riflessione sulla sua storia. Anche la strada o il pavimento che calpestiamo, col luccichio della pioggia sui pietrini, le ombre lunghe con il sole al tramonto, le sue scritte, talvolta suggerisce storie che vale la pena di cogliere con la propria macchina fotografica.<\/p>\n<p align=\"JUSTIFY\">\nOgnuno di questo scatti ha portato la mia immaginazione ad una personale interpretazione e ad una storia da immaginare, a partire dalla foto in cui emerge l\u2019ombra quadrettata nella pavimentazione di un museo a Roma: in qualche modo la linea delle ombre \u00e8 come la linea del tempo, disinvoltamente percorsa nella direzione della luce esterna dal giovane visitatore.<\/p>\n<figure id=\"attachment_42404\" aria-describedby=\"caption-attachment-42404\" style=\"width: 824px\" class=\"wp-caption aligncenter\"><img loading=\"lazy\" decoding=\"async\" class=\" wp-image-42404\" src=\"https:\/\/www.romaoggi.eu\/wp-content\/uploads\/2026\/03\/Foto-01-Bologna-Foto-di-Marta-Fabris-Target-Lab-Ets-1-200x300.jpg\" alt=\"alt tag Marta Fabris\" width=\"824\" height=\"1236\" srcset=\"https:\/\/www.romaoggi.eu\/wp-content\/uploads\/2026\/03\/Foto-01-Bologna-Foto-di-Marta-Fabris-Target-Lab-Ets-1-200x300.jpg 200w, https:\/\/www.romaoggi.eu\/wp-content\/uploads\/2026\/03\/Foto-01-Bologna-Foto-di-Marta-Fabris-Target-Lab-Ets-1-683x1024.jpg 683w, https:\/\/www.romaoggi.eu\/wp-content\/uploads\/2026\/03\/Foto-01-Bologna-Foto-di-Marta-Fabris-Target-Lab-Ets-1-1024x1536.jpg 1024w, https:\/\/www.romaoggi.eu\/wp-content\/uploads\/2026\/03\/Foto-01-Bologna-Foto-di-Marta-Fabris-Target-Lab-Ets-1.jpg 1200w\" sizes=\"auto, (max-width: 824px) 100vw, 824px\" \/><figcaption id=\"caption-attachment-42404\" class=\"wp-caption-text\"><span style=\"color: #000080\"><strong>Bologna. Foto di Marta Fabris Target Lab Ets<\/strong><\/span><\/figcaption><\/figure>\n<p align=\"JUSTIFY\">In questa foto, scattata a Bologna, la striscia sull\u2019asfalto \u00e8 quasi perfettamente allineata all\u2019altezza della torre degli Asinelli. \u00c9 un particolare curioso, che ho colto subito quando ho camminato in via dell\u2019Indipendenza. L\u2019unione tra i due dettagli \u00e8 un uomo che cammina proprio sulla linea. Rappresenta una congiunzione senza interruzione tra il presente e il passato, il primo che si esprime nella praticit\u00e0 di una segnaletica, il secondo nella antica torre di Bologna<\/p>\n<figure id=\"attachment_42405\" aria-describedby=\"caption-attachment-42405\" style=\"width: 860px\" class=\"wp-caption aligncenter\"><img loading=\"lazy\" decoding=\"async\" class=\" wp-image-42405\" src=\"https:\/\/www.romaoggi.eu\/wp-content\/uploads\/2026\/03\/Foto-02-Padova-Foto-di-Marta-Fabris-Target-Lab-Ets-1-200x300.jpg\" alt=\"alt tag Marta Fabris\" width=\"860\" height=\"1290\" srcset=\"https:\/\/www.romaoggi.eu\/wp-content\/uploads\/2026\/03\/Foto-02-Padova-Foto-di-Marta-Fabris-Target-Lab-Ets-1-200x300.jpg 200w, https:\/\/www.romaoggi.eu\/wp-content\/uploads\/2026\/03\/Foto-02-Padova-Foto-di-Marta-Fabris-Target-Lab-Ets-1-683x1024.jpg 683w, https:\/\/www.romaoggi.eu\/wp-content\/uploads\/2026\/03\/Foto-02-Padova-Foto-di-Marta-Fabris-Target-Lab-Ets-1-1024x1536.jpg 1024w, https:\/\/www.romaoggi.eu\/wp-content\/uploads\/2026\/03\/Foto-02-Padova-Foto-di-Marta-Fabris-Target-Lab-Ets-1.jpg 1200w\" sizes=\"auto, (max-width: 860px) 100vw, 860px\" \/><figcaption id=\"caption-attachment-42405\" class=\"wp-caption-text\"><strong>\u00a0<span style=\"color: #000080\">Padova. Foto di Marta Fabris Target Lab Ets<\/span><\/strong><\/figcaption><\/figure>\n<p align=\"JUSTIFY\">Nella seconda foto, scattata una sera a Padova, una striscia bianca nella pavimentazione in trachite guida l\u2019occhio verso il ciclista, colto esattamente nell\u2019attimo di curvare sulla strada. La citt\u00e0 si riveste di luci colorate, forse un po\u2019 intime, mentre gli abitanti si affrettano nel rientro verso casa.<\/p>\n<figure id=\"attachment_42406\" aria-describedby=\"caption-attachment-42406\" style=\"width: 865px\" class=\"wp-caption aligncenter\"><img loading=\"lazy\" decoding=\"async\" class=\" wp-image-42406\" src=\"https:\/\/www.romaoggi.eu\/wp-content\/uploads\/2026\/03\/Foto-03-Padova-Foto-di-Marta-Fabris-Target-Lab-Ets-1-200x300.jpg\" alt=\"alt tag Marta Fabris\" width=\"865\" height=\"1298\" srcset=\"https:\/\/www.romaoggi.eu\/wp-content\/uploads\/2026\/03\/Foto-03-Padova-Foto-di-Marta-Fabris-Target-Lab-Ets-1-200x300.jpg 200w, https:\/\/www.romaoggi.eu\/wp-content\/uploads\/2026\/03\/Foto-03-Padova-Foto-di-Marta-Fabris-Target-Lab-Ets-1-683x1024.jpg 683w, https:\/\/www.romaoggi.eu\/wp-content\/uploads\/2026\/03\/Foto-03-Padova-Foto-di-Marta-Fabris-Target-Lab-Ets-1-1024x1536.jpg 1024w, https:\/\/www.romaoggi.eu\/wp-content\/uploads\/2026\/03\/Foto-03-Padova-Foto-di-Marta-Fabris-Target-Lab-Ets-1.jpg 1200w\" sizes=\"auto, (max-width: 865px) 100vw, 865px\" \/><figcaption id=\"caption-attachment-42406\" class=\"wp-caption-text\"><span style=\"color: #000080\"><strong>Padova. Foto di Marta Fabris Target Lab Ets<\/strong><\/span><\/figcaption><\/figure>\n<p align=\"JUSTIFY\">Nella terza foto ho fotografato un civettuolo ombrello rosa che emerge come coloratissimo dettaglio in una giornata grigia e piovosa. Contrasta con l\u2019abito scuro di chi lo porta e col biancore delle strisce pedonali, che nella luce della pavimentazione bagnata diventano di ornamento e danno luce al grigio, proprio come talvolta succede nelle giornate noiose.<\/p>\n<figure id=\"attachment_42407\" aria-describedby=\"caption-attachment-42407\" style=\"width: 856px\" class=\"wp-caption aligncenter\"><img loading=\"lazy\" decoding=\"async\" class=\" wp-image-42407\" src=\"https:\/\/www.romaoggi.eu\/wp-content\/uploads\/2026\/03\/Foto-04-Bologna-Foto-di-Marta-Fabris-Target-Lab-Ets-1-200x300.jpg\" alt=\"alt tag Marta Fabris\" width=\"856\" height=\"1284\" srcset=\"https:\/\/www.romaoggi.eu\/wp-content\/uploads\/2026\/03\/Foto-04-Bologna-Foto-di-Marta-Fabris-Target-Lab-Ets-1-200x300.jpg 200w, https:\/\/www.romaoggi.eu\/wp-content\/uploads\/2026\/03\/Foto-04-Bologna-Foto-di-Marta-Fabris-Target-Lab-Ets-1-683x1024.jpg 683w, https:\/\/www.romaoggi.eu\/wp-content\/uploads\/2026\/03\/Foto-04-Bologna-Foto-di-Marta-Fabris-Target-Lab-Ets-1-1024x1536.jpg 1024w, https:\/\/www.romaoggi.eu\/wp-content\/uploads\/2026\/03\/Foto-04-Bologna-Foto-di-Marta-Fabris-Target-Lab-Ets-1.jpg 1200w\" sizes=\"auto, (max-width: 856px) 100vw, 856px\" \/><figcaption id=\"caption-attachment-42407\" class=\"wp-caption-text\"><span style=\"color: #000080\"><strong>Bologna. Foto di Marta Fabris Target Lab Ets<\/strong><\/span><\/figcaption><\/figure>\n<p align=\"JUSTIFY\">\nMi \u00e8 rimasta nel cuore questa foto, in cui \u00e8 ricordato il leggendario ciclista Marco Pantani.\u00a0 La scritta emerge nell\u2019asfalto in modo diretto e commovente. In questo caso la strada diventa protagonista di un ricordo, di un coro, di un pensiero privato. Anche ora la macchina fotografica racconta una storia, che non si ferma solo alle parole e al loro significato, ma porta il pensiero anche a chi ha ideato ed eseguito la scritta in quel tratto di strada bolognese.<\/p>\n<figure id=\"attachment_42408\" aria-describedby=\"caption-attachment-42408\" style=\"width: 853px\" class=\"wp-caption aligncenter\"><img loading=\"lazy\" decoding=\"async\" class=\" wp-image-42408\" src=\"https:\/\/www.romaoggi.eu\/wp-content\/uploads\/2026\/03\/Foto-05-Treviso-Foto-di-Marta-Fabris-Target-Lab-Ets-1-200x300.jpg\" alt=\"alt tag Marta Fabris\" width=\"853\" height=\"1280\" srcset=\"https:\/\/www.romaoggi.eu\/wp-content\/uploads\/2026\/03\/Foto-05-Treviso-Foto-di-Marta-Fabris-Target-Lab-Ets-1-200x300.jpg 200w, https:\/\/www.romaoggi.eu\/wp-content\/uploads\/2026\/03\/Foto-05-Treviso-Foto-di-Marta-Fabris-Target-Lab-Ets-1-683x1024.jpg 683w, https:\/\/www.romaoggi.eu\/wp-content\/uploads\/2026\/03\/Foto-05-Treviso-Foto-di-Marta-Fabris-Target-Lab-Ets-1-1024x1536.jpg 1024w, https:\/\/www.romaoggi.eu\/wp-content\/uploads\/2026\/03\/Foto-05-Treviso-Foto-di-Marta-Fabris-Target-Lab-Ets-1.jpg 1200w\" sizes=\"auto, (max-width: 853px) 100vw, 853px\" \/><figcaption id=\"caption-attachment-42408\" class=\"wp-caption-text\"><span style=\"color: #000080\"><strong>Treviso. Foto di Marta Fabris Target Lab Ets<\/strong><\/span><\/figcaption><\/figure>\n<p align=\"JUSTIFY\">L\u2019ultimo scatto racconta l\u2019eleganza, nel motivo della strada come nel movimento della signora ritratta. La citt\u00e0 di Treviso si rivela nella sua essenza: curata, garbata, fluida<\/p>\n<p align=\"RIGHT\"><strong><span style=\"font-family: Times New Roman, serif\"><span style=\"font-size: medium\"><b>\u00a9 2026<\/b><\/span><\/span><\/strong><b> <\/b><strong><span style=\"font-family: Times New Roman, serif\"><span style=\"font-size: medium\"><b>Marta Fabris<\/b><\/span><\/span><\/strong><span style=\"font-family: Times New Roman, serif\"><b>\u2013 Target Lab Ets <\/b><\/span><\/p>\n<p align=\"JUSTIFY\">\n<p align=\"JUSTIFY\"><span style=\"font-family: Times New Roman, serif\"><span style=\"font-size: medium\"><strong><b>Marta Fabris Nota Bio<\/b><\/strong><\/span><\/span><\/p>\n<p align=\"JUSTIFY\"><span style=\"font-family: Times New Roman, serif\"><span style=\"font-size: medium\"><span style=\"color: #1d2228\"><span lang=\"pt-PT\">Marta Fabris nasce e vive a Padova. <\/span><\/span><span style=\"color: #1d2228\">Insegna matematica in una Scuola Superiore. La fotografia \u00e8 entrata nella sua vita a completamento della sua passione per l\u2019armonia e le geometrie, gli spazi e le figure. E\u2019 street photographer, ma ama molto esprimersi in modo creativo. E\u2019 stata finalista all\u2019Urban Photo Awards, al Berlin Photo Awards e al Rome Photo Lab. Da aprile 2026 \u00e8 iscritta a Target Lab Ets \u2013 Laboratorio Sperimentale di Fotografia e Comunicazione.<\/span><\/span><\/span><\/p>\n<p align=\"CENTER\"><strong><span style=\"font-family: Times New Roman, serif\"><span style=\"font-size: medium\">____________________________________________________<\/span><\/span><\/strong><\/p>\n<p align=\"CENTER\"><strong><span style=\"font-family: Times New Roman, serif\"><span style=\"font-size: medium\">Editing fotografico a cura di Alessandro Lisci &#8211; Target Lab Ets <\/span><\/span><\/strong><\/p>\n<p align=\"CENTER\"><span style=\"color: #000000\"><span style=\"font-family: Times New Roman, serif\"><span style=\"font-size: medium\"><b>Visita il sito: <\/b><\/span><\/span><\/span><a href=\"https:\/\/www.facebook.com\/TargetLabEts\"><span style=\"font-family: Times New Roman, serif\"><span style=\"font-size: medium\">https:\/\/www.facebook.com\/TargetLabEts<\/span><\/span><\/a><\/p>\n<p align=\"CENTER\">\n<p align=\"CENTER\"><strong><span style=\"color: #000000\"><span style=\"font-family: Times New Roman, serif\"><span style=\"font-size: medium\"><b>Sostieni il progetto fotografico di Target Lab Ets con una <\/b><\/span><\/span><\/span><\/strong><strong><span style=\"color: #ff0000\"><span style=\"font-family: Times New Roman, serif\"><span style=\"font-size: medium\"><b>donazione\/erogazione liberale<\/b><\/span><\/span><\/span><\/strong><strong><span style=\"color: #000000\"><span style=\"font-family: Times New Roman, serif\"><span style=\"font-size: medium\"> al seguente <\/span><\/span><\/span><\/strong><strong><span style=\"color: #ff0000\"><span style=\"font-family: Times New Roman, serif\"><span style=\"font-size: medium\">IBAN<\/span><\/span><\/span><\/strong> <b> <\/b><strong><span style=\"color: #ff0000\"><span style=\"font-family: Times New Roman, serif\"><span style=\"font-size: medium\"><b>IT05M0306909606100000186094<\/b><\/span><\/span><\/span><\/strong><strong><span style=\"color: #161a1e\"><span style=\"font-family: Times New Roman, serif\"><span style=\"font-size: medium\"><b> intestato a Target Lab Ets.<\/b><\/span><\/span><\/span><\/strong><\/p>\n<p align=\"CENTER\"><strong><span style=\"color: #161a1e\"><span style=\"font-family: Times New Roman, serif\"><span style=\"font-size: medium\"><b>Le donazioni liberali sono detraibili in sede di dichiarazione dei redditi.<\/b><\/span><\/span><\/span><\/strong><\/p>\n<p align=\"CENTER\"><strong><span style=\"color: #ff0000\"><span style=\"font-family: Times New Roman, serif\"><span style=\"font-size: medium\"><b>Devolvi il 5xmille nella prossima dichiarazione dei redditi a Target Lab Ets<\/b><\/span><\/span><\/span><\/strong> <strong><span style=\"color: #000000\"><span style=\"font-family: Times New Roman, serif\"><span style=\"font-size: medium\"><b>inserendo il <\/b><\/span><\/span><\/span><\/strong><strong><span style=\"color: #ff0000\"><span style=\"font-family: Times New Roman, serif\"><span style=\"font-size: medium\"><b>CF : 96498910585<\/b><\/span><\/span><\/span><\/strong> <strong><span style=\"color: #000000\"><span style=\"font-family: Times New Roman, serif\"><span style=\"font-size: medium\"><b>riquadro ONLUS, Enti Terzo Settore,Aps per finanziare futuri progetti fotografici a ricaduta sociale<\/b><\/span><\/span><\/span><\/strong><\/p>\n<p>&nbsp;<\/p>\n","protected":false},"excerpt":{"rendered":"<div class=\"mh-excerpt\"><p>Richiesta inserimento in newsletter e vostri commenti o proposte di collaborazione scrivendo a\u00a0target.lsfc@gmail.com\u00a0 \u00a0 \u00a0\u00a0infoline +39 331637934 Racconti Brevi Nuovo appuntamento con la nuova rubrica \u201cRacconti Brevi\u201d che Target Lab Ets dedica ai racconti fotografici, <a class=\"mh-excerpt-more\" href=\"https:\/\/www.romaoggi.eu\/index.php\/2026\/03\/17\/racconti-brevi-segni-sullasfalto-di-marta-fabris-target-lab-ets\/\" title=\"Racconti Brevi: &#8220;Segni sull\u2019asfalto&#8221; di Marta Fabris &#8211; Target Lab Ets\">[&#8230;]<\/a><\/p>\n<\/div>","protected":false},"author":17,"featured_media":42409,"comment_status":"closed","ping_status":"open","sticky":false,"template":"","format":"standard","meta":{"_sitemap_exclude":false,"_sitemap_priority":"","_sitemap_frequency":"","footnotes":""},"categories":[17950],"tags":[14999,14994,14912,4137,17683,579,17685,17686,17687,274,19301,18017,8732,17688,17689,17690,17691,17692,17693,1738,17694,18066,16078,17695,15567,17684,18457],"class_list":["post-42412","post","type-post","status-publish","format-standard","has-post-thumbnail","hentry","category-racconti-brevi","tag-art","tag-photo","tag-photography","tag-alessandro-lisci","tag-all_shots","tag-bologna","tag-composition","tag-exposure","tag-focus","tag-fotografia","tag-marco-pantani","tag-marta-fabris","tag-padova","tag-photooftheday","tag-photos","tag-pic","tag-pics","tag-picture","tag-pictures","tag-romaoggi-eu","tag-snapshot","tag-storie-brevi","tag-storytelling","tag-tagsforlikes","tag-target-lab-ets","tag-tecnicafotografica","tag-treviso"],"yoast_head":"<!-- This site is optimized with the Yoast SEO plugin v27.5 - https:\/\/yoast.com\/product\/yoast-seo-wordpress\/ -->\n<title>Racconti Brevi: &quot;Segni sull\u2019asfalto&quot; di Marta Fabris - Target Lab Ets<\/title>\n<meta name=\"description\" content=\"Richiesta inserimento in newsletter e vostri commenti o proposte di collaborazione scrivendo a\u00a0target.lsfc@gmail.com\u00a0 \u00a0 \u00a0\u00a0infoline +39 331637934 Racconti\" \/>\n<meta name=\"robots\" content=\"index, follow, max-snippet:-1, max-image-preview:large, max-video-preview:-1\" \/>\n<link rel=\"canonical\" href=\"https:\/\/www.romaoggi.eu\/index.php\/2026\/03\/17\/racconti-brevi-segni-sullasfalto-di-marta-fabris-target-lab-ets\/\" \/>\n<meta property=\"og:locale\" content=\"it_IT\" \/>\n<meta property=\"og:type\" content=\"article\" \/>\n<meta property=\"og:title\" content=\"Racconti Brevi: &quot;Segni sull\u2019asfalto&quot; di Marta Fabris - Target Lab Ets\" \/>\n<meta property=\"og:description\" content=\"Richiesta inserimento in newsletter e vostri commenti o proposte di collaborazione scrivendo a\u00a0target.lsfc@gmail.com\u00a0 \u00a0 \u00a0\u00a0infoline +39 331637934 Racconti\" \/>\n<meta property=\"og:url\" content=\"https:\/\/www.romaoggi.eu\/index.php\/2026\/03\/17\/racconti-brevi-segni-sullasfalto-di-marta-fabris-target-lab-ets\/\" \/>\n<meta property=\"og:site_name\" content=\"roma oggi\" \/>\n<meta property=\"article:publisher\" content=\"https:\/\/www.facebook.com\/RomaOggi-841544845954114\" \/>\n<meta property=\"article:published_time\" content=\"2026-03-17T06:44:02+00:00\" \/>\n<meta property=\"og:image\" content=\"https:\/\/www.romaoggi.eu\/wp-content\/uploads\/2026\/03\/Copertina-Roma-Foto-di-Marta-Fabris-Target-Lab-Ets-1-copia.jpg\" \/>\n\t<meta property=\"og:image:width\" content=\"2000\" \/>\n\t<meta property=\"og:image:height\" content=\"1333\" \/>\n\t<meta property=\"og:image:type\" content=\"image\/jpeg\" \/>\n<meta name=\"author\" content=\"Target Lab Ets\" \/>\n<meta name=\"twitter:card\" content=\"summary_large_image\" \/>\n<meta name=\"twitter:creator\" content=\"@romaoggi_eu\" \/>\n<meta name=\"twitter:site\" content=\"@romaoggi_eu\" \/>\n<meta name=\"twitter:label1\" content=\"Scritto da\" \/>\n\t<meta name=\"twitter:data1\" content=\"Target Lab Ets\" \/>\n\t<meta name=\"twitter:label2\" content=\"Tempo di lettura stimato\" \/>\n\t<meta name=\"twitter:data2\" content=\"7 minuti\" \/>\n<script type=\"application\/ld+json\" class=\"yoast-schema-graph\">{\"@context\":\"https:\\\/\\\/schema.org\",\"@graph\":[{\"@type\":\"Article\",\"@id\":\"https:\\\/\\\/www.romaoggi.eu\\\/index.php\\\/2026\\\/03\\\/17\\\/racconti-brevi-segni-sullasfalto-di-marta-fabris-target-lab-ets\\\/#article\",\"isPartOf\":{\"@id\":\"https:\\\/\\\/www.romaoggi.eu\\\/index.php\\\/2026\\\/03\\\/17\\\/racconti-brevi-segni-sullasfalto-di-marta-fabris-target-lab-ets\\\/\"},\"author\":{\"name\":\"Target Lab Ets\",\"@id\":\"https:\\\/\\\/www.romaoggi.eu\\\/#\\\/schema\\\/person\\\/72b8cfc6de60caeb335267c8e21d90fb\"},\"headline\":\"Racconti Brevi: &#8220;Segni sull\u2019asfalto&#8221; di Marta Fabris &#8211; Target Lab Ets\",\"datePublished\":\"2026-03-17T06:44:02+00:00\",\"mainEntityOfPage\":{\"@id\":\"https:\\\/\\\/www.romaoggi.eu\\\/index.php\\\/2026\\\/03\\\/17\\\/racconti-brevi-segni-sullasfalto-di-marta-fabris-target-lab-ets\\\/\"},\"wordCount\":879,\"publisher\":{\"@id\":\"https:\\\/\\\/www.romaoggi.eu\\\/#organization\"},\"image\":{\"@id\":\"https:\\\/\\\/www.romaoggi.eu\\\/index.php\\\/2026\\\/03\\\/17\\\/racconti-brevi-segni-sullasfalto-di-marta-fabris-target-lab-ets\\\/#primaryimage\"},\"thumbnailUrl\":\"https:\\\/\\\/www.romaoggi.eu\\\/wp-content\\\/uploads\\\/2026\\\/03\\\/Copertina-Roma-Foto-di-Marta-Fabris-Target-Lab-Ets-1-copia.jpg\",\"keywords\":[\"#art\",\"#photo\",\"#photography\",\"alessandro lisci\",\"all_shots\",\"Bologna\",\"composition\",\"exposure\",\"focus\",\"fotografia\",\"Marco Pantani\",\"marta fabris\",\"padova\",\"photooftheday\",\"photos\",\"pic\",\"pics\",\"picture\",\"pictures\",\"RomaOggi.eu\",\"snapshot\",\"Storie Brevi\",\"storytelling\",\"TagsForLikes\",\"target lab ets\",\"tecnicafotografica\",\"Treviso\"],\"articleSection\":[\"Racconti Brevi\"],\"inLanguage\":\"it-IT\"},{\"@type\":\"WebPage\",\"@id\":\"https:\\\/\\\/www.romaoggi.eu\\\/index.php\\\/2026\\\/03\\\/17\\\/racconti-brevi-segni-sullasfalto-di-marta-fabris-target-lab-ets\\\/\",\"url\":\"https:\\\/\\\/www.romaoggi.eu\\\/index.php\\\/2026\\\/03\\\/17\\\/racconti-brevi-segni-sullasfalto-di-marta-fabris-target-lab-ets\\\/\",\"name\":\"Racconti Brevi: \\\"Segni sull\u2019asfalto\\\" di Marta Fabris - Target Lab Ets\",\"isPartOf\":{\"@id\":\"https:\\\/\\\/www.romaoggi.eu\\\/#website\"},\"primaryImageOfPage\":{\"@id\":\"https:\\\/\\\/www.romaoggi.eu\\\/index.php\\\/2026\\\/03\\\/17\\\/racconti-brevi-segni-sullasfalto-di-marta-fabris-target-lab-ets\\\/#primaryimage\"},\"image\":{\"@id\":\"https:\\\/\\\/www.romaoggi.eu\\\/index.php\\\/2026\\\/03\\\/17\\\/racconti-brevi-segni-sullasfalto-di-marta-fabris-target-lab-ets\\\/#primaryimage\"},\"thumbnailUrl\":\"https:\\\/\\\/www.romaoggi.eu\\\/wp-content\\\/uploads\\\/2026\\\/03\\\/Copertina-Roma-Foto-di-Marta-Fabris-Target-Lab-Ets-1-copia.jpg\",\"datePublished\":\"2026-03-17T06:44:02+00:00\",\"description\":\"Richiesta inserimento in newsletter e vostri commenti o proposte di collaborazione scrivendo a\u00a0target.lsfc@gmail.com\u00a0 \u00a0 \u00a0\u00a0infoline +39 331637934 Racconti\",\"breadcrumb\":{\"@id\":\"https:\\\/\\\/www.romaoggi.eu\\\/index.php\\\/2026\\\/03\\\/17\\\/racconti-brevi-segni-sullasfalto-di-marta-fabris-target-lab-ets\\\/#breadcrumb\"},\"inLanguage\":\"it-IT\",\"potentialAction\":[{\"@type\":\"ReadAction\",\"target\":[\"https:\\\/\\\/www.romaoggi.eu\\\/index.php\\\/2026\\\/03\\\/17\\\/racconti-brevi-segni-sullasfalto-di-marta-fabris-target-lab-ets\\\/\"]}]},{\"@type\":\"ImageObject\",\"inLanguage\":\"it-IT\",\"@id\":\"https:\\\/\\\/www.romaoggi.eu\\\/index.php\\\/2026\\\/03\\\/17\\\/racconti-brevi-segni-sullasfalto-di-marta-fabris-target-lab-ets\\\/#primaryimage\",\"url\":\"https:\\\/\\\/www.romaoggi.eu\\\/wp-content\\\/uploads\\\/2026\\\/03\\\/Copertina-Roma-Foto-di-Marta-Fabris-Target-Lab-Ets-1-copia.jpg\",\"contentUrl\":\"https:\\\/\\\/www.romaoggi.eu\\\/wp-content\\\/uploads\\\/2026\\\/03\\\/Copertina-Roma-Foto-di-Marta-Fabris-Target-Lab-Ets-1-copia.jpg\",\"width\":2000,\"height\":1333,\"caption\":\"Foto di Marta Fabris Target Lab Ets\"},{\"@type\":\"BreadcrumbList\",\"@id\":\"https:\\\/\\\/www.romaoggi.eu\\\/index.php\\\/2026\\\/03\\\/17\\\/racconti-brevi-segni-sullasfalto-di-marta-fabris-target-lab-ets\\\/#breadcrumb\",\"itemListElement\":[{\"@type\":\"ListItem\",\"position\":1,\"name\":\"Home\",\"item\":\"https:\\\/\\\/www.romaoggi.eu\\\/\"},{\"@type\":\"ListItem\",\"position\":2,\"name\":\"Racconti Brevi: &#8220;Segni sull\u2019asfalto&#8221; di Marta Fabris &#8211; Target Lab Ets\"}]},{\"@type\":\"WebSite\",\"@id\":\"https:\\\/\\\/www.romaoggi.eu\\\/#website\",\"url\":\"https:\\\/\\\/www.romaoggi.eu\\\/\",\"name\":\"roma oggi\",\"description\":\"Interesting News for Interesting people\",\"publisher\":{\"@id\":\"https:\\\/\\\/www.romaoggi.eu\\\/#organization\"},\"potentialAction\":[{\"@type\":\"SearchAction\",\"target\":{\"@type\":\"EntryPoint\",\"urlTemplate\":\"https:\\\/\\\/www.romaoggi.eu\\\/?s={search_term_string}\"},\"query-input\":{\"@type\":\"PropertyValueSpecification\",\"valueRequired\":true,\"valueName\":\"search_term_string\"}}],\"inLanguage\":\"it-IT\"},{\"@type\":\"Organization\",\"@id\":\"https:\\\/\\\/www.romaoggi.eu\\\/#organization\",\"name\":\"RomaOggi\",\"url\":\"https:\\\/\\\/www.romaoggi.eu\\\/\",\"logo\":{\"@type\":\"ImageObject\",\"inLanguage\":\"it-IT\",\"@id\":\"https:\\\/\\\/www.romaoggi.eu\\\/#\\\/schema\\\/logo\\\/image\\\/\",\"url\":\"https:\\\/\\\/www.romaoggi.eu\\\/wp-content\\\/uploads\\\/2017\\\/04\\\/logowp.jpg\",\"contentUrl\":\"https:\\\/\\\/www.romaoggi.eu\\\/wp-content\\\/uploads\\\/2017\\\/04\\\/logowp.jpg\",\"width\":300,\"height\":133,\"caption\":\"RomaOggi\"},\"image\":{\"@id\":\"https:\\\/\\\/www.romaoggi.eu\\\/#\\\/schema\\\/logo\\\/image\\\/\"},\"sameAs\":[\"https:\\\/\\\/www.facebook.com\\\/RomaOggi-841544845954114\",\"https:\\\/\\\/x.com\\\/romaoggi_eu\"]},{\"@type\":\"Person\",\"@id\":\"https:\\\/\\\/www.romaoggi.eu\\\/#\\\/schema\\\/person\\\/72b8cfc6de60caeb335267c8e21d90fb\",\"name\":\"Target Lab Ets\",\"image\":{\"@type\":\"ImageObject\",\"inLanguage\":\"it-IT\",\"@id\":\"https:\\\/\\\/secure.gravatar.com\\\/avatar\\\/ab64fd266889a629b0e9e6ab56209e379c2a89cfda303941ee9621d4090292d1?s=96&d=mm&r=g\",\"url\":\"https:\\\/\\\/secure.gravatar.com\\\/avatar\\\/ab64fd266889a629b0e9e6ab56209e379c2a89cfda303941ee9621d4090292d1?s=96&d=mm&r=g\",\"contentUrl\":\"https:\\\/\\\/secure.gravatar.com\\\/avatar\\\/ab64fd266889a629b0e9e6ab56209e379c2a89cfda303941ee9621d4090292d1?s=96&d=mm&r=g\",\"caption\":\"Target Lab Ets\"},\"sameAs\":[\"http:\\\/\\\/www.targetlab.org\"],\"url\":\"https:\\\/\\\/www.romaoggi.eu\\\/index.php\\\/author\\\/isfc\\\/\"}]}<\/script>\n<!-- \/ Yoast SEO plugin. -->","yoast_head_json":{"title":"Racconti Brevi: \"Segni sull\u2019asfalto\" di Marta Fabris - Target Lab Ets","description":"Richiesta inserimento in newsletter e vostri commenti o proposte di collaborazione scrivendo a\u00a0target.lsfc@gmail.com\u00a0 \u00a0 \u00a0\u00a0infoline +39 331637934 Racconti","robots":{"index":"index","follow":"follow","max-snippet":"max-snippet:-1","max-image-preview":"max-image-preview:large","max-video-preview":"max-video-preview:-1"},"canonical":"https:\/\/www.romaoggi.eu\/index.php\/2026\/03\/17\/racconti-brevi-segni-sullasfalto-di-marta-fabris-target-lab-ets\/","og_locale":"it_IT","og_type":"article","og_title":"Racconti Brevi: \"Segni sull\u2019asfalto\" di Marta Fabris - Target Lab Ets","og_description":"Richiesta inserimento in newsletter e vostri commenti o proposte di collaborazione scrivendo a\u00a0target.lsfc@gmail.com\u00a0 \u00a0 \u00a0\u00a0infoline +39 331637934 Racconti","og_url":"https:\/\/www.romaoggi.eu\/index.php\/2026\/03\/17\/racconti-brevi-segni-sullasfalto-di-marta-fabris-target-lab-ets\/","og_site_name":"roma oggi","article_publisher":"https:\/\/www.facebook.com\/RomaOggi-841544845954114","article_published_time":"2026-03-17T06:44:02+00:00","og_image":[{"width":2000,"height":1333,"url":"https:\/\/www.romaoggi.eu\/wp-content\/uploads\/2026\/03\/Copertina-Roma-Foto-di-Marta-Fabris-Target-Lab-Ets-1-copia.jpg","type":"image\/jpeg"}],"author":"Target Lab Ets","twitter_card":"summary_large_image","twitter_creator":"@romaoggi_eu","twitter_site":"@romaoggi_eu","twitter_misc":{"Scritto da":"Target Lab Ets","Tempo di lettura stimato":"7 minuti"},"schema":{"@context":"https:\/\/schema.org","@graph":[{"@type":"Article","@id":"https:\/\/www.romaoggi.eu\/index.php\/2026\/03\/17\/racconti-brevi-segni-sullasfalto-di-marta-fabris-target-lab-ets\/#article","isPartOf":{"@id":"https:\/\/www.romaoggi.eu\/index.php\/2026\/03\/17\/racconti-brevi-segni-sullasfalto-di-marta-fabris-target-lab-ets\/"},"author":{"name":"Target Lab Ets","@id":"https:\/\/www.romaoggi.eu\/#\/schema\/person\/72b8cfc6de60caeb335267c8e21d90fb"},"headline":"Racconti Brevi: &#8220;Segni sull\u2019asfalto&#8221; di Marta Fabris &#8211; Target Lab Ets","datePublished":"2026-03-17T06:44:02+00:00","mainEntityOfPage":{"@id":"https:\/\/www.romaoggi.eu\/index.php\/2026\/03\/17\/racconti-brevi-segni-sullasfalto-di-marta-fabris-target-lab-ets\/"},"wordCount":879,"publisher":{"@id":"https:\/\/www.romaoggi.eu\/#organization"},"image":{"@id":"https:\/\/www.romaoggi.eu\/index.php\/2026\/03\/17\/racconti-brevi-segni-sullasfalto-di-marta-fabris-target-lab-ets\/#primaryimage"},"thumbnailUrl":"https:\/\/www.romaoggi.eu\/wp-content\/uploads\/2026\/03\/Copertina-Roma-Foto-di-Marta-Fabris-Target-Lab-Ets-1-copia.jpg","keywords":["#art","#photo","#photography","alessandro lisci","all_shots","Bologna","composition","exposure","focus","fotografia","Marco Pantani","marta fabris","padova","photooftheday","photos","pic","pics","picture","pictures","RomaOggi.eu","snapshot","Storie Brevi","storytelling","TagsForLikes","target lab ets","tecnicafotografica","Treviso"],"articleSection":["Racconti Brevi"],"inLanguage":"it-IT"},{"@type":"WebPage","@id":"https:\/\/www.romaoggi.eu\/index.php\/2026\/03\/17\/racconti-brevi-segni-sullasfalto-di-marta-fabris-target-lab-ets\/","url":"https:\/\/www.romaoggi.eu\/index.php\/2026\/03\/17\/racconti-brevi-segni-sullasfalto-di-marta-fabris-target-lab-ets\/","name":"Racconti Brevi: \"Segni sull\u2019asfalto\" di Marta Fabris - Target Lab Ets","isPartOf":{"@id":"https:\/\/www.romaoggi.eu\/#website"},"primaryImageOfPage":{"@id":"https:\/\/www.romaoggi.eu\/index.php\/2026\/03\/17\/racconti-brevi-segni-sullasfalto-di-marta-fabris-target-lab-ets\/#primaryimage"},"image":{"@id":"https:\/\/www.romaoggi.eu\/index.php\/2026\/03\/17\/racconti-brevi-segni-sullasfalto-di-marta-fabris-target-lab-ets\/#primaryimage"},"thumbnailUrl":"https:\/\/www.romaoggi.eu\/wp-content\/uploads\/2026\/03\/Copertina-Roma-Foto-di-Marta-Fabris-Target-Lab-Ets-1-copia.jpg","datePublished":"2026-03-17T06:44:02+00:00","description":"Richiesta inserimento in newsletter e vostri commenti o proposte di collaborazione scrivendo a\u00a0target.lsfc@gmail.com\u00a0 \u00a0 \u00a0\u00a0infoline +39 331637934 Racconti","breadcrumb":{"@id":"https:\/\/www.romaoggi.eu\/index.php\/2026\/03\/17\/racconti-brevi-segni-sullasfalto-di-marta-fabris-target-lab-ets\/#breadcrumb"},"inLanguage":"it-IT","potentialAction":[{"@type":"ReadAction","target":["https:\/\/www.romaoggi.eu\/index.php\/2026\/03\/17\/racconti-brevi-segni-sullasfalto-di-marta-fabris-target-lab-ets\/"]}]},{"@type":"ImageObject","inLanguage":"it-IT","@id":"https:\/\/www.romaoggi.eu\/index.php\/2026\/03\/17\/racconti-brevi-segni-sullasfalto-di-marta-fabris-target-lab-ets\/#primaryimage","url":"https:\/\/www.romaoggi.eu\/wp-content\/uploads\/2026\/03\/Copertina-Roma-Foto-di-Marta-Fabris-Target-Lab-Ets-1-copia.jpg","contentUrl":"https:\/\/www.romaoggi.eu\/wp-content\/uploads\/2026\/03\/Copertina-Roma-Foto-di-Marta-Fabris-Target-Lab-Ets-1-copia.jpg","width":2000,"height":1333,"caption":"Foto di Marta Fabris Target Lab Ets"},{"@type":"BreadcrumbList","@id":"https:\/\/www.romaoggi.eu\/index.php\/2026\/03\/17\/racconti-brevi-segni-sullasfalto-di-marta-fabris-target-lab-ets\/#breadcrumb","itemListElement":[{"@type":"ListItem","position":1,"name":"Home","item":"https:\/\/www.romaoggi.eu\/"},{"@type":"ListItem","position":2,"name":"Racconti Brevi: &#8220;Segni sull\u2019asfalto&#8221; di Marta Fabris &#8211; Target Lab Ets"}]},{"@type":"WebSite","@id":"https:\/\/www.romaoggi.eu\/#website","url":"https:\/\/www.romaoggi.eu\/","name":"roma oggi","description":"Interesting News for Interesting people","publisher":{"@id":"https:\/\/www.romaoggi.eu\/#organization"},"potentialAction":[{"@type":"SearchAction","target":{"@type":"EntryPoint","urlTemplate":"https:\/\/www.romaoggi.eu\/?s={search_term_string}"},"query-input":{"@type":"PropertyValueSpecification","valueRequired":true,"valueName":"search_term_string"}}],"inLanguage":"it-IT"},{"@type":"Organization","@id":"https:\/\/www.romaoggi.eu\/#organization","name":"RomaOggi","url":"https:\/\/www.romaoggi.eu\/","logo":{"@type":"ImageObject","inLanguage":"it-IT","@id":"https:\/\/www.romaoggi.eu\/#\/schema\/logo\/image\/","url":"https:\/\/www.romaoggi.eu\/wp-content\/uploads\/2017\/04\/logowp.jpg","contentUrl":"https:\/\/www.romaoggi.eu\/wp-content\/uploads\/2017\/04\/logowp.jpg","width":300,"height":133,"caption":"RomaOggi"},"image":{"@id":"https:\/\/www.romaoggi.eu\/#\/schema\/logo\/image\/"},"sameAs":["https:\/\/www.facebook.com\/RomaOggi-841544845954114","https:\/\/x.com\/romaoggi_eu"]},{"@type":"Person","@id":"https:\/\/www.romaoggi.eu\/#\/schema\/person\/72b8cfc6de60caeb335267c8e21d90fb","name":"Target Lab Ets","image":{"@type":"ImageObject","inLanguage":"it-IT","@id":"https:\/\/secure.gravatar.com\/avatar\/ab64fd266889a629b0e9e6ab56209e379c2a89cfda303941ee9621d4090292d1?s=96&d=mm&r=g","url":"https:\/\/secure.gravatar.com\/avatar\/ab64fd266889a629b0e9e6ab56209e379c2a89cfda303941ee9621d4090292d1?s=96&d=mm&r=g","contentUrl":"https:\/\/secure.gravatar.com\/avatar\/ab64fd266889a629b0e9e6ab56209e379c2a89cfda303941ee9621d4090292d1?s=96&d=mm&r=g","caption":"Target Lab Ets"},"sameAs":["http:\/\/www.targetlab.org"],"url":"https:\/\/www.romaoggi.eu\/index.php\/author\/isfc\/"}]}},"_links":{"self":[{"href":"https:\/\/www.romaoggi.eu\/index.php\/wp-json\/wp\/v2\/posts\/42412","targetHints":{"allow":["GET"]}}],"collection":[{"href":"https:\/\/www.romaoggi.eu\/index.php\/wp-json\/wp\/v2\/posts"}],"about":[{"href":"https:\/\/www.romaoggi.eu\/index.php\/wp-json\/wp\/v2\/types\/post"}],"author":[{"embeddable":true,"href":"https:\/\/www.romaoggi.eu\/index.php\/wp-json\/wp\/v2\/users\/17"}],"replies":[{"embeddable":true,"href":"https:\/\/www.romaoggi.eu\/index.php\/wp-json\/wp\/v2\/comments?post=42412"}],"version-history":[{"count":3,"href":"https:\/\/www.romaoggi.eu\/index.php\/wp-json\/wp\/v2\/posts\/42412\/revisions"}],"predecessor-version":[{"id":42416,"href":"https:\/\/www.romaoggi.eu\/index.php\/wp-json\/wp\/v2\/posts\/42412\/revisions\/42416"}],"wp:featuredmedia":[{"embeddable":true,"href":"https:\/\/www.romaoggi.eu\/index.php\/wp-json\/wp\/v2\/media\/42409"}],"wp:attachment":[{"href":"https:\/\/www.romaoggi.eu\/index.php\/wp-json\/wp\/v2\/media?parent=42412"}],"wp:term":[{"taxonomy":"category","embeddable":true,"href":"https:\/\/www.romaoggi.eu\/index.php\/wp-json\/wp\/v2\/categories?post=42412"},{"taxonomy":"post_tag","embeddable":true,"href":"https:\/\/www.romaoggi.eu\/index.php\/wp-json\/wp\/v2\/tags?post=42412"}],"curies":[{"name":"wp","href":"https:\/\/api.w.org\/{rel}","templated":true}]}}