{"id":42417,"date":"2026-03-17T16:13:23","date_gmt":"2026-03-17T15:13:23","guid":{"rendered":"https:\/\/www.romaoggi.eu\/?p=42417"},"modified":"2026-04-08T15:45:23","modified_gmt":"2026-04-08T13:45:23","slug":"incontro-sulle-dipendenze-e-mostra-fotografica-di-lucia-torrente","status":"publish","type":"post","link":"https:\/\/www.romaoggi.eu\/index.php\/2026\/03\/17\/incontro-sulle-dipendenze-e-mostra-fotografica-di-lucia-torrente\/","title":{"rendered":"Incontro sulle dipendenze e mostra fotografica di Lucia Torrente"},"content":{"rendered":"<p><img loading=\"lazy\" decoding=\"async\" class=\"size-medium wp-image-39671 aligncenter\" src=\"https:\/\/www.romaoggi.eu\/wp-content\/uploads\/2025\/05\/aBoxino-x-marchio-300x137.jpg\" alt=\"\" width=\"300\" height=\"137\" srcset=\"https:\/\/www.romaoggi.eu\/wp-content\/uploads\/2025\/05\/aBoxino-x-marchio-300x137.jpg 300w, https:\/\/www.romaoggi.eu\/wp-content\/uploads\/2025\/05\/aBoxino-x-marchio.jpg 551w\" sizes=\"auto, (max-width: 300px) 100vw, 300px\" \/><\/p>\n<p align=\"CENTER\"><strong>Richiesta inserimento in newsletter e vostri commenti o proposte di collaborazione scrivendo a\u00a0<a href=\"mailto:target.lsfc@gmail.com\" data-aalisten=\"1\">target.lsfc@gmail.com<\/a>\u00a0 \u00a0<\/strong><\/p>\n<p align=\"CENTER\"><strong>\u00a0\u00a0infoline +39 331637934<\/strong><\/p>\n<p>La mostra \u00e8 visitabile fino all&#8217;11 aprile 2026 dal lunedi al venerdi &#8211; dalle ore 9 alle ore 18.30<\/p>\n<p align=\"CENTER\"><span style=\"color: #26282a\"><span style=\"font-family: Stencil, fantasy\"><span style=\"font-size: x-large\"><b>Target Lab Ets<\/b><\/span><\/span><\/span><\/p>\n<p align=\"CENTER\"><span style=\"color: #26282a\"><span style=\"font-family: Stencil, fantasy\"><span style=\"font-size: x-large\"><b>presenta<\/b><\/span><\/span><\/span><\/p>\n<p align=\"CENTER\"><span style=\"color: #c5000b\"><span style=\"font-family: Stencil, fantasy\"><span style=\"font-size: xx-large\"><b>&#8220;DIPENDI DA TE. LIBERI DENTRO&#8221;<\/b><\/span><\/span><\/span><\/p>\n<p align=\"CENTER\"><i><span style=\"color: #26282a\"><span style=\"font-family: Stencil, fantasy\">Incontro sulle dipendenze giovanili<\/span><\/span><\/i><\/p>\n<p align=\"CENTER\"><span style=\"font-family: Stencil, fantasy\"><span style=\"font-size: xx-large\"><b>marted\u00ec 17 marzo 2026<\/b><\/span><\/span><\/p>\n<p align=\"CENTER\"><span style=\"font-family: Stencil, fantasy\"><span style=\"font-size: xx-large\"><b>ore 17,0o<\/b><\/span><\/span><\/p>\n<p align=\"CENTER\"><span style=\"color: #c5000b\"><span style=\"font-family: Stencil, fantasy\"><span style=\"font-size: xx-large\"><b>Sala del Consiglio Municipale Roma III<\/b><\/span><\/span><\/span><\/p>\n<p align=\"CENTER\"><span style=\"font-family: Stencil, fantasy\"><span style=\"font-size: xx-large\"><b>piazza Sempione \u2013 Montesacro<\/b><\/span><\/span><\/p>\n<p align=\"CENTER\"><span style=\"font-size: large\"><b>intervengono<\/b><\/span><\/p>\n<p align=\"CENTER\"><span style=\"font-size: large\"><b>Giuliano Bertazzoni<\/b><\/span><\/p>\n<p align=\"CENTER\"><span style=\"font-size: large\">Alessandro Lisci<\/span><\/p>\n<p align=\"CENTER\"><span style=\"font-size: large\">Lucia Torrente<\/span><\/p>\n<p align=\"CENTER\">con la partecipazione di<\/p>\n<p align=\"CENTER\"><span style=\"color: #c5000b\"><span style=\"font-size: large\">Maria Concetta Romano<\/span><\/span><\/p>\n<p align=\"CENTER\"><span style=\"font-size: large\">Ass.ra Politiche Sociali III Municipio<\/span><\/p>\n<p align=\"CENTER\"><span style=\"font-size: x-large\"><b>mostra fotografica<\/b><\/span><\/p>\n<p align=\"CENTER\"><span style=\"color: #c5000b\"><span style=\"font-family: Stencil, fantasy\"><span style=\"font-size: x-large\"><b>&#8220;CI<\/b><\/span><\/span><\/span><span style=\"color: #c5000b\"><span style=\"font-family: Stencil, fantasy\"><span style=\"font-size: x-large\">\u00d2<\/span><\/span><\/span><span style=\"color: #c5000b\"><span style=\"font-family: Stencil, fantasy\"><span style=\"font-size: x-large\"><b> CHE RESTA&#8221;<\/b><\/span><\/span><\/span><\/p>\n<p align=\"CENTER\"><span style=\"font-size: x-large\"><b>di <\/b><\/span><span style=\"color: #000000\"><span style=\"font-size: x-large\"><b>Lucia Torrente<\/b><\/span><\/span><\/p>\n<p align=\"CENTER\"><b>finanziata con il 5xMille di Target Lab Ets<\/b><\/p>\n<p align=\"CENTER\"><span style=\"font-size: large\">grafica locandina<\/span><span style=\"font-size: large\"><b> Claudio Polvanesi \u2013 Target Lab Ets<\/b><\/span><\/p>\n<p align=\"CENTER\"><span style=\"color: #26282a\"><span style=\"font-size: large\"><b>organizzazione generale e ufficio stampa a cura di<\/b><\/span><\/span><\/p>\n<p align=\"CENTER\"><span style=\"color: #c5000b\"><span style=\"font-family: Stencil, fantasy\"><span style=\"font-size: x-large\"><b>Target Lab Ets<\/b><\/span><\/span><\/span><\/p>\n<p align=\"CENTER\"><span style=\"color: #26282a\"><span style=\"font-family: Stencil, fantasy\"><span style=\"font-size: large\"><b>Ingresso Libero<\/b><\/span><\/span><\/span><\/p>\n<p align=\"CENTER\"><span style=\"color: #c5000b\"><span style=\"font-family: Stencil, fantasy\"><span style=\"font-size: large\"><b>infoline +39 3316379346<\/b><\/span><\/span><\/span><\/p>\n<p align=\"JUSTIFY\"><strong><span style=\"color: #000000\">Le dipendenze di ogni gene<\/span><\/strong><strong><span style=\"color: #000000\">re<\/span><\/strong><span style=\"color: #000000\">\u00a0costituiscono, oggi come oggi, una vera emergenza sociale dai tratti spesso silenti e con risvolti dev<\/span><span style=\"color: #000000\">astanti sulle persone e la societ\u00e0. Ci sembrava necessario realizzare un primo incontro pubblico, presentando in anteprima la campagna di sensibilizzazione sulle dipendenze &#8211; ideata e promossa da Target Lab Ets e dal titolo <\/span><b>&#8220;Dipendi Da Te. Liberi Dentro&#8221;<\/b><span style=\"color: #000000\"><b> \u2013 che verr\u00e0 sviluppata e approfondita in successivi incontri presso dell&#8217;Ass. Cult. La Maggiolina.<\/b><\/span><\/p>\n<p align=\"JUSTIFY\"><span style=\"color: #000000\"> Introdurr\u00e0 l&#8217;incontro <\/span><span style=\"color: #000000\"><b>Alessandro Lisci<\/b><\/span><span style=\"color: #000000\">, Presidente di Target Lab Ets, spiegando le modalit\u00e0 e le finalit\u00e0 della campagna. Il dott. <\/span><span style=\"color: #000000\"><b>Giuliano Bertazzoni<\/b><\/span><span style=\"color: #000000\"> metter\u00e0 in luce le emergenze attuali tra i giovani, legate all&#8217;uso di stupefacenti e alcolici, e le nuove forme di dipendenza veicolate in gran parte dalle nuove tecnologie. <\/span><span style=\"color: #000000\"><b>Lucia Torrente<\/b><\/span><span style=\"color: #000000\"> con la mostra fotografica <\/span><span style=\"color: #000000\"><b>&#8220;Ci\u00f2 che resta&#8221; <\/b><\/span><span style=\"color: #000000\">ci presenter\u00e0 un&#8217;indagine visiva sulla dipendenza affettiva come forma di lutto: ci\u00f2 che resta quando il legame viene meno e l&#8217;appoggio scompare.<\/span><\/p>\n<p align=\"JUSTIFY\"><i><br \/>\n<\/i> <b> Alessandro Lisci &#8211; Target Lab Ets<\/b><\/p>\n<p align=\"JUSTIFY\"><b>Nota bio di Giuliano Bertazzoni<\/b><\/p>\n<p align=\"JUSTIFY\"><strong>Giuliano Bertazzoni nasce a Milano nel 1950.<\/strong><\/p>\n<p align=\"JUSTIFY\">Laureato in Medicina e Chirurgia alla Sapienza di Roma nel 1975, ha prestato servizio come Direttore dell&#8217;Unit\u00e0 Operativa Complessa di Medicina d&#8217;Urgenza del Policlinico Umberto 1\u00b0 di Roma dal 1991 al 2021.<\/p>\n<p align=\"JUSTIFY\">Una volta in quiescenza ha appeso al chiodo il fonendoscopio portato per 50 anni circa e ha indossato la tracolla della Nikon:\u00a0cos\u00ec \u00e8 esplosa la passione per la fotografia, passione sempre avuta e poco praticata nel corso della vita professionale.<\/p>\n<p align=\"JUSTIFY\">La comunit\u00e0 del Policlinico \u00e8 stata sostituita dalla comunit\u00e0 dei fotografi; i congressi, le lezioni, le esercitazioni, i meeting sono stati sostituiti dai corsi di fotografia, workshop,\u00a0mostre e concorsi (fotografici).<\/p>\n<p align=\"JUSTIFY\">Due sentimenti sono rimasti in comune tra il lavoro di ieri e l&#8217;hobby di oggi:\u00a0la passione\u00a0 e l&#8217;emozione. Da aprile 2025 \u00e8 iscritto a Target Lab Ets &#8211; Laboratorio Sperimentale di Fotografia e Comunicazione.<\/p>\n<p align=\"JUSTIFY\"><b>Nota bio di Lucia Torrente<\/b><\/p>\n<p align=\"JUSTIFY\">Lucia Torrente \u00e8 una fotografa nata nella provincia di Bari, laureata in Fotografia presso LABA Firenze (2025). Il suo lavoro esplora le potenzialit\u00e0 espressive dell&#8217;immagine, impiegando allegorie e simbolismi per affrontare concetti universali. Ha presentato il suolavoro in contesti espositivi e pubblicazioni. Da settembre 2025 \u00e8 iscritta a Target Lab Ets &#8211; Laboratorio Sperimentale di Fotografia e Comunicazione.<\/p>\n<p align=\"CENTER\"><strong><span style=\"color: #000000\">Sostieni il progetto fotografico di Target Lab Ets con una <\/span><\/strong><strong><span style=\"color: #ff0000\">donazione\/erogazione liberale<\/span><\/strong><b> <\/b><strong><span style=\"color: #000000\">al seguente <\/span><\/strong><strong><span style=\"color: #ff0000\">IBAN<\/span><\/strong> <strong><span style=\"color: #ff0000\">IT05M0306909606100000186094<\/span><\/strong><b> <\/b><strong><span style=\"color: #161a1e\">intestato a Target Lab Ets.<\/span><\/strong><\/p>\n<p align=\"CENTER\"><strong><span style=\"color: #161a1e\">Le donazioni liberali sono detraibili in sede di dichiarazione dei redditi.<\/span><\/strong><\/p>\n<p align=\"CENTER\"><strong><span style=\"color: #ff0000\">Devolvi il 5xmille nella prossima dichiarazione dei redditi a Target Lab Ets<\/span><\/strong><b> <\/b><strong><span style=\"color: #000000\">inserendo il <\/span><\/strong><strong><span style=\"color: #ff0000\">CF : 96498910585<\/span><\/strong> <strong><span style=\"color: #000000\">riquadro ONLUS, Enti Terzo Settore,Aps<\/span><\/strong><strong><span style=\"color: #000000\"> per finanziare i progetti fotografici a ricaduta sociale e la campagna di sensibilizzazione sulle dipendenze giovanili<\/span><\/strong><\/p>\n<p align=\"CENTER\"><strong><span style=\"color: #000000\">-DIPENDI DA TE. LIBERI DENTRO-<\/span><\/strong><\/p>\n<p>&nbsp;<\/p>\n","protected":false},"excerpt":{"rendered":"<div class=\"mh-excerpt\"><p>Richiesta inserimento in newsletter e vostri commenti o proposte di collaborazione scrivendo a\u00a0target.lsfc@gmail.com\u00a0 \u00a0 \u00a0\u00a0infoline +39 331637934 La mostra \u00e8 visitabile fino all&#8217;11 aprile 2026 dal lunedi al venerdi &#8211; dalle ore 9 alle ore <a class=\"mh-excerpt-more\" href=\"https:\/\/www.romaoggi.eu\/index.php\/2026\/03\/17\/incontro-sulle-dipendenze-e-mostra-fotografica-di-lucia-torrente\/\" title=\"Incontro sulle dipendenze e mostra fotografica di Lucia Torrente\">[&#8230;]<\/a><\/p>\n<\/div>","protected":false},"author":17,"featured_media":42418,"comment_status":"closed","ping_status":"open","sticky":false,"template":"","format":"standard","meta":{"_sitemap_exclude":false,"_sitemap_priority":"","_sitemap_frequency":"","footnotes":""},"categories":[14247,18340],"tags":[19371,4137,14679,19327,19310,7537,19303,19304,19370,12215,18065,19311,19305,19306,19307,19312,19308,19309,1738,15567],"class_list":["post-42417","post","type-post","status-publish","format-standard","has-post-thumbnail","hentry","category-dentro-roma","category-dipendi-da-te-liberi-dentro","tag-alcool","tag-alessandro-lisci","tag-claudio-polvanesi","tag-cocaina","tag-crack","tag-cyberbullismo","tag-dipendenze","tag-dipendi-da-te","tag-dipendidate","tag-eroina","tag-giuliano-bertazzoni","tag-hashish","tag-liberi-dentro","tag-lucia-torrente","tag-maria-concetta-romano","tag-marjuana","tag-municipio-roma-3","tag-politiche-sociali","tag-romaoggi-eu","tag-target-lab-ets"],"yoast_head":"<!-- This site is optimized with the Yoast SEO plugin v27.5 - https:\/\/yoast.com\/product\/yoast-seo-wordpress\/ -->\n<title>Incontro sulle dipendenze e mostra fotografica di Lucia Torrente<\/title>\n<meta name=\"description\" content=\"Richiesta inserimento in newsletter e vostri commenti o proposte di collaborazione scrivendo a\u00a0target.lsfc@gmail.com\u00a0 \u00a0 \u00a0\u00a0infoline +39 331637934 La mostra\" \/>\n<meta name=\"robots\" content=\"index, follow, max-snippet:-1, max-image-preview:large, max-video-preview:-1\" \/>\n<link rel=\"canonical\" href=\"https:\/\/www.romaoggi.eu\/index.php\/2026\/03\/17\/incontro-sulle-dipendenze-e-mostra-fotografica-di-lucia-torrente\/\" \/>\n<meta property=\"og:locale\" content=\"it_IT\" \/>\n<meta property=\"og:type\" content=\"article\" \/>\n<meta property=\"og:title\" content=\"Incontro sulle dipendenze e mostra fotografica di Lucia Torrente\" \/>\n<meta property=\"og:description\" content=\"Richiesta inserimento in newsletter e vostri commenti o proposte di collaborazione scrivendo a\u00a0target.lsfc@gmail.com\u00a0 \u00a0 \u00a0\u00a0infoline +39 331637934 La mostra\" \/>\n<meta property=\"og:url\" content=\"https:\/\/www.romaoggi.eu\/index.php\/2026\/03\/17\/incontro-sulle-dipendenze-e-mostra-fotografica-di-lucia-torrente\/\" \/>\n<meta property=\"og:site_name\" content=\"roma oggi\" \/>\n<meta property=\"article:publisher\" content=\"https:\/\/www.facebook.com\/RomaOggi-841544845954114\" \/>\n<meta property=\"article:published_time\" content=\"2026-03-17T15:13:23+00:00\" \/>\n<meta property=\"article:modified_time\" content=\"2026-04-08T13:45:23+00:00\" \/>\n<meta property=\"og:image\" content=\"https:\/\/www.romaoggi.eu\/wp-content\/uploads\/2026\/03\/IMG-20260302-WA0017.jpg\" \/>\n\t<meta property=\"og:image:width\" content=\"1600\" \/>\n\t<meta property=\"og:image:height\" content=\"1066\" \/>\n\t<meta property=\"og:image:type\" content=\"image\/jpeg\" \/>\n<meta name=\"author\" content=\"Target Lab Ets\" \/>\n<meta name=\"twitter:card\" content=\"summary_large_image\" \/>\n<meta name=\"twitter:creator\" content=\"@romaoggi_eu\" \/>\n<meta name=\"twitter:site\" content=\"@romaoggi_eu\" \/>\n<meta name=\"twitter:label1\" content=\"Scritto da\" \/>\n\t<meta name=\"twitter:data1\" content=\"Target Lab Ets\" \/>\n\t<meta name=\"twitter:label2\" content=\"Tempo di lettura stimato\" \/>\n\t<meta name=\"twitter:data2\" content=\"4 minuti\" \/>\n<script type=\"application\/ld+json\" class=\"yoast-schema-graph\">{\"@context\":\"https:\\\/\\\/schema.org\",\"@graph\":[{\"@type\":\"Article\",\"@id\":\"https:\\\/\\\/www.romaoggi.eu\\\/index.php\\\/2026\\\/03\\\/17\\\/incontro-sulle-dipendenze-e-mostra-fotografica-di-lucia-torrente\\\/#article\",\"isPartOf\":{\"@id\":\"https:\\\/\\\/www.romaoggi.eu\\\/index.php\\\/2026\\\/03\\\/17\\\/incontro-sulle-dipendenze-e-mostra-fotografica-di-lucia-torrente\\\/\"},\"author\":{\"name\":\"Target Lab Ets\",\"@id\":\"https:\\\/\\\/www.romaoggi.eu\\\/#\\\/schema\\\/person\\\/72b8cfc6de60caeb335267c8e21d90fb\"},\"headline\":\"Incontro sulle dipendenze e mostra fotografica di Lucia Torrente\",\"datePublished\":\"2026-03-17T15:13:23+00:00\",\"dateModified\":\"2026-04-08T13:45:23+00:00\",\"mainEntityOfPage\":{\"@id\":\"https:\\\/\\\/www.romaoggi.eu\\\/index.php\\\/2026\\\/03\\\/17\\\/incontro-sulle-dipendenze-e-mostra-fotografica-di-lucia-torrente\\\/\"},\"wordCount\":572,\"publisher\":{\"@id\":\"https:\\\/\\\/www.romaoggi.eu\\\/#organization\"},\"image\":{\"@id\":\"https:\\\/\\\/www.romaoggi.eu\\\/index.php\\\/2026\\\/03\\\/17\\\/incontro-sulle-dipendenze-e-mostra-fotografica-di-lucia-torrente\\\/#primaryimage\"},\"thumbnailUrl\":\"https:\\\/\\\/www.romaoggi.eu\\\/wp-content\\\/uploads\\\/2026\\\/03\\\/IMG-20260302-WA0017.jpg\",\"keywords\":[\"#alcool\",\"alessandro lisci\",\"claudio polvanesi\",\"Cocaina\",\"Crack\",\"cyberbullismo\",\"dipendenze\",\"dipendi da te\",\"DipendiDaTe#\",\"eroina\",\"giuliano bertazzoni\",\"Hashish\",\"liberi dentro\",\"lucia torrente\",\"Maria Concetta Romano\",\"marjuana\",\"MUnicipio Roma 3\",\"Politiche Sociali\",\"RomaOggi.eu\",\"target lab ets\"],\"articleSection\":[\"DENTRO ROMA\",\"Dipendi da te. Liberi dentro!\"],\"inLanguage\":\"it-IT\"},{\"@type\":\"WebPage\",\"@id\":\"https:\\\/\\\/www.romaoggi.eu\\\/index.php\\\/2026\\\/03\\\/17\\\/incontro-sulle-dipendenze-e-mostra-fotografica-di-lucia-torrente\\\/\",\"url\":\"https:\\\/\\\/www.romaoggi.eu\\\/index.php\\\/2026\\\/03\\\/17\\\/incontro-sulle-dipendenze-e-mostra-fotografica-di-lucia-torrente\\\/\",\"name\":\"Incontro sulle dipendenze e mostra fotografica di Lucia Torrente\",\"isPartOf\":{\"@id\":\"https:\\\/\\\/www.romaoggi.eu\\\/#website\"},\"primaryImageOfPage\":{\"@id\":\"https:\\\/\\\/www.romaoggi.eu\\\/index.php\\\/2026\\\/03\\\/17\\\/incontro-sulle-dipendenze-e-mostra-fotografica-di-lucia-torrente\\\/#primaryimage\"},\"image\":{\"@id\":\"https:\\\/\\\/www.romaoggi.eu\\\/index.php\\\/2026\\\/03\\\/17\\\/incontro-sulle-dipendenze-e-mostra-fotografica-di-lucia-torrente\\\/#primaryimage\"},\"thumbnailUrl\":\"https:\\\/\\\/www.romaoggi.eu\\\/wp-content\\\/uploads\\\/2026\\\/03\\\/IMG-20260302-WA0017.jpg\",\"datePublished\":\"2026-03-17T15:13:23+00:00\",\"dateModified\":\"2026-04-08T13:45:23+00:00\",\"description\":\"Richiesta inserimento in newsletter e vostri commenti o proposte di collaborazione scrivendo a\u00a0target.lsfc@gmail.com\u00a0 \u00a0 \u00a0\u00a0infoline +39 331637934 La mostra\",\"breadcrumb\":{\"@id\":\"https:\\\/\\\/www.romaoggi.eu\\\/index.php\\\/2026\\\/03\\\/17\\\/incontro-sulle-dipendenze-e-mostra-fotografica-di-lucia-torrente\\\/#breadcrumb\"},\"inLanguage\":\"it-IT\",\"potentialAction\":[{\"@type\":\"ReadAction\",\"target\":[\"https:\\\/\\\/www.romaoggi.eu\\\/index.php\\\/2026\\\/03\\\/17\\\/incontro-sulle-dipendenze-e-mostra-fotografica-di-lucia-torrente\\\/\"]}]},{\"@type\":\"ImageObject\",\"inLanguage\":\"it-IT\",\"@id\":\"https:\\\/\\\/www.romaoggi.eu\\\/index.php\\\/2026\\\/03\\\/17\\\/incontro-sulle-dipendenze-e-mostra-fotografica-di-lucia-torrente\\\/#primaryimage\",\"url\":\"https:\\\/\\\/www.romaoggi.eu\\\/wp-content\\\/uploads\\\/2026\\\/03\\\/IMG-20260302-WA0017.jpg\",\"contentUrl\":\"https:\\\/\\\/www.romaoggi.eu\\\/wp-content\\\/uploads\\\/2026\\\/03\\\/IMG-20260302-WA0017.jpg\",\"width\":1600,\"height\":1066},{\"@type\":\"BreadcrumbList\",\"@id\":\"https:\\\/\\\/www.romaoggi.eu\\\/index.php\\\/2026\\\/03\\\/17\\\/incontro-sulle-dipendenze-e-mostra-fotografica-di-lucia-torrente\\\/#breadcrumb\",\"itemListElement\":[{\"@type\":\"ListItem\",\"position\":1,\"name\":\"Home\",\"item\":\"https:\\\/\\\/www.romaoggi.eu\\\/\"},{\"@type\":\"ListItem\",\"position\":2,\"name\":\"Incontro sulle dipendenze e mostra fotografica di Lucia Torrente\"}]},{\"@type\":\"WebSite\",\"@id\":\"https:\\\/\\\/www.romaoggi.eu\\\/#website\",\"url\":\"https:\\\/\\\/www.romaoggi.eu\\\/\",\"name\":\"roma oggi\",\"description\":\"Interesting News for Interesting people\",\"publisher\":{\"@id\":\"https:\\\/\\\/www.romaoggi.eu\\\/#organization\"},\"potentialAction\":[{\"@type\":\"SearchAction\",\"target\":{\"@type\":\"EntryPoint\",\"urlTemplate\":\"https:\\\/\\\/www.romaoggi.eu\\\/?s={search_term_string}\"},\"query-input\":{\"@type\":\"PropertyValueSpecification\",\"valueRequired\":true,\"valueName\":\"search_term_string\"}}],\"inLanguage\":\"it-IT\"},{\"@type\":\"Organization\",\"@id\":\"https:\\\/\\\/www.romaoggi.eu\\\/#organization\",\"name\":\"RomaOggi\",\"url\":\"https:\\\/\\\/www.romaoggi.eu\\\/\",\"logo\":{\"@type\":\"ImageObject\",\"inLanguage\":\"it-IT\",\"@id\":\"https:\\\/\\\/www.romaoggi.eu\\\/#\\\/schema\\\/logo\\\/image\\\/\",\"url\":\"https:\\\/\\\/www.romaoggi.eu\\\/wp-content\\\/uploads\\\/2017\\\/04\\\/logowp.jpg\",\"contentUrl\":\"https:\\\/\\\/www.romaoggi.eu\\\/wp-content\\\/uploads\\\/2017\\\/04\\\/logowp.jpg\",\"width\":300,\"height\":133,\"caption\":\"RomaOggi\"},\"image\":{\"@id\":\"https:\\\/\\\/www.romaoggi.eu\\\/#\\\/schema\\\/logo\\\/image\\\/\"},\"sameAs\":[\"https:\\\/\\\/www.facebook.com\\\/RomaOggi-841544845954114\",\"https:\\\/\\\/x.com\\\/romaoggi_eu\"]},{\"@type\":\"Person\",\"@id\":\"https:\\\/\\\/www.romaoggi.eu\\\/#\\\/schema\\\/person\\\/72b8cfc6de60caeb335267c8e21d90fb\",\"name\":\"Target Lab Ets\",\"image\":{\"@type\":\"ImageObject\",\"inLanguage\":\"it-IT\",\"@id\":\"https:\\\/\\\/secure.gravatar.com\\\/avatar\\\/ab64fd266889a629b0e9e6ab56209e379c2a89cfda303941ee9621d4090292d1?s=96&d=mm&r=g\",\"url\":\"https:\\\/\\\/secure.gravatar.com\\\/avatar\\\/ab64fd266889a629b0e9e6ab56209e379c2a89cfda303941ee9621d4090292d1?s=96&d=mm&r=g\",\"contentUrl\":\"https:\\\/\\\/secure.gravatar.com\\\/avatar\\\/ab64fd266889a629b0e9e6ab56209e379c2a89cfda303941ee9621d4090292d1?s=96&d=mm&r=g\",\"caption\":\"Target Lab Ets\"},\"sameAs\":[\"http:\\\/\\\/www.targetlab.org\"],\"url\":\"https:\\\/\\\/www.romaoggi.eu\\\/index.php\\\/author\\\/isfc\\\/\"}]}<\/script>\n<!-- \/ Yoast SEO plugin. -->","yoast_head_json":{"title":"Incontro sulle dipendenze e mostra fotografica di Lucia Torrente","description":"Richiesta inserimento in newsletter e vostri commenti o proposte di collaborazione scrivendo a\u00a0target.lsfc@gmail.com\u00a0 \u00a0 \u00a0\u00a0infoline +39 331637934 La mostra","robots":{"index":"index","follow":"follow","max-snippet":"max-snippet:-1","max-image-preview":"max-image-preview:large","max-video-preview":"max-video-preview:-1"},"canonical":"https:\/\/www.romaoggi.eu\/index.php\/2026\/03\/17\/incontro-sulle-dipendenze-e-mostra-fotografica-di-lucia-torrente\/","og_locale":"it_IT","og_type":"article","og_title":"Incontro sulle dipendenze e mostra fotografica di Lucia Torrente","og_description":"Richiesta inserimento in newsletter e vostri commenti o proposte di collaborazione scrivendo a\u00a0target.lsfc@gmail.com\u00a0 \u00a0 \u00a0\u00a0infoline +39 331637934 La mostra","og_url":"https:\/\/www.romaoggi.eu\/index.php\/2026\/03\/17\/incontro-sulle-dipendenze-e-mostra-fotografica-di-lucia-torrente\/","og_site_name":"roma oggi","article_publisher":"https:\/\/www.facebook.com\/RomaOggi-841544845954114","article_published_time":"2026-03-17T15:13:23+00:00","article_modified_time":"2026-04-08T13:45:23+00:00","og_image":[{"width":1600,"height":1066,"url":"https:\/\/www.romaoggi.eu\/wp-content\/uploads\/2026\/03\/IMG-20260302-WA0017.jpg","type":"image\/jpeg"}],"author":"Target Lab Ets","twitter_card":"summary_large_image","twitter_creator":"@romaoggi_eu","twitter_site":"@romaoggi_eu","twitter_misc":{"Scritto da":"Target Lab Ets","Tempo di lettura stimato":"4 minuti"},"schema":{"@context":"https:\/\/schema.org","@graph":[{"@type":"Article","@id":"https:\/\/www.romaoggi.eu\/index.php\/2026\/03\/17\/incontro-sulle-dipendenze-e-mostra-fotografica-di-lucia-torrente\/#article","isPartOf":{"@id":"https:\/\/www.romaoggi.eu\/index.php\/2026\/03\/17\/incontro-sulle-dipendenze-e-mostra-fotografica-di-lucia-torrente\/"},"author":{"name":"Target Lab Ets","@id":"https:\/\/www.romaoggi.eu\/#\/schema\/person\/72b8cfc6de60caeb335267c8e21d90fb"},"headline":"Incontro sulle dipendenze e mostra fotografica di Lucia Torrente","datePublished":"2026-03-17T15:13:23+00:00","dateModified":"2026-04-08T13:45:23+00:00","mainEntityOfPage":{"@id":"https:\/\/www.romaoggi.eu\/index.php\/2026\/03\/17\/incontro-sulle-dipendenze-e-mostra-fotografica-di-lucia-torrente\/"},"wordCount":572,"publisher":{"@id":"https:\/\/www.romaoggi.eu\/#organization"},"image":{"@id":"https:\/\/www.romaoggi.eu\/index.php\/2026\/03\/17\/incontro-sulle-dipendenze-e-mostra-fotografica-di-lucia-torrente\/#primaryimage"},"thumbnailUrl":"https:\/\/www.romaoggi.eu\/wp-content\/uploads\/2026\/03\/IMG-20260302-WA0017.jpg","keywords":["#alcool","alessandro lisci","claudio polvanesi","Cocaina","Crack","cyberbullismo","dipendenze","dipendi da te","DipendiDaTe#","eroina","giuliano bertazzoni","Hashish","liberi dentro","lucia torrente","Maria Concetta Romano","marjuana","MUnicipio Roma 3","Politiche Sociali","RomaOggi.eu","target lab ets"],"articleSection":["DENTRO ROMA","Dipendi da te. Liberi dentro!"],"inLanguage":"it-IT"},{"@type":"WebPage","@id":"https:\/\/www.romaoggi.eu\/index.php\/2026\/03\/17\/incontro-sulle-dipendenze-e-mostra-fotografica-di-lucia-torrente\/","url":"https:\/\/www.romaoggi.eu\/index.php\/2026\/03\/17\/incontro-sulle-dipendenze-e-mostra-fotografica-di-lucia-torrente\/","name":"Incontro sulle dipendenze e mostra fotografica di Lucia Torrente","isPartOf":{"@id":"https:\/\/www.romaoggi.eu\/#website"},"primaryImageOfPage":{"@id":"https:\/\/www.romaoggi.eu\/index.php\/2026\/03\/17\/incontro-sulle-dipendenze-e-mostra-fotografica-di-lucia-torrente\/#primaryimage"},"image":{"@id":"https:\/\/www.romaoggi.eu\/index.php\/2026\/03\/17\/incontro-sulle-dipendenze-e-mostra-fotografica-di-lucia-torrente\/#primaryimage"},"thumbnailUrl":"https:\/\/www.romaoggi.eu\/wp-content\/uploads\/2026\/03\/IMG-20260302-WA0017.jpg","datePublished":"2026-03-17T15:13:23+00:00","dateModified":"2026-04-08T13:45:23+00:00","description":"Richiesta inserimento in newsletter e vostri commenti o proposte di collaborazione scrivendo a\u00a0target.lsfc@gmail.com\u00a0 \u00a0 \u00a0\u00a0infoline +39 331637934 La mostra","breadcrumb":{"@id":"https:\/\/www.romaoggi.eu\/index.php\/2026\/03\/17\/incontro-sulle-dipendenze-e-mostra-fotografica-di-lucia-torrente\/#breadcrumb"},"inLanguage":"it-IT","potentialAction":[{"@type":"ReadAction","target":["https:\/\/www.romaoggi.eu\/index.php\/2026\/03\/17\/incontro-sulle-dipendenze-e-mostra-fotografica-di-lucia-torrente\/"]}]},{"@type":"ImageObject","inLanguage":"it-IT","@id":"https:\/\/www.romaoggi.eu\/index.php\/2026\/03\/17\/incontro-sulle-dipendenze-e-mostra-fotografica-di-lucia-torrente\/#primaryimage","url":"https:\/\/www.romaoggi.eu\/wp-content\/uploads\/2026\/03\/IMG-20260302-WA0017.jpg","contentUrl":"https:\/\/www.romaoggi.eu\/wp-content\/uploads\/2026\/03\/IMG-20260302-WA0017.jpg","width":1600,"height":1066},{"@type":"BreadcrumbList","@id":"https:\/\/www.romaoggi.eu\/index.php\/2026\/03\/17\/incontro-sulle-dipendenze-e-mostra-fotografica-di-lucia-torrente\/#breadcrumb","itemListElement":[{"@type":"ListItem","position":1,"name":"Home","item":"https:\/\/www.romaoggi.eu\/"},{"@type":"ListItem","position":2,"name":"Incontro sulle dipendenze e mostra fotografica di Lucia Torrente"}]},{"@type":"WebSite","@id":"https:\/\/www.romaoggi.eu\/#website","url":"https:\/\/www.romaoggi.eu\/","name":"roma oggi","description":"Interesting News for Interesting people","publisher":{"@id":"https:\/\/www.romaoggi.eu\/#organization"},"potentialAction":[{"@type":"SearchAction","target":{"@type":"EntryPoint","urlTemplate":"https:\/\/www.romaoggi.eu\/?s={search_term_string}"},"query-input":{"@type":"PropertyValueSpecification","valueRequired":true,"valueName":"search_term_string"}}],"inLanguage":"it-IT"},{"@type":"Organization","@id":"https:\/\/www.romaoggi.eu\/#organization","name":"RomaOggi","url":"https:\/\/www.romaoggi.eu\/","logo":{"@type":"ImageObject","inLanguage":"it-IT","@id":"https:\/\/www.romaoggi.eu\/#\/schema\/logo\/image\/","url":"https:\/\/www.romaoggi.eu\/wp-content\/uploads\/2017\/04\/logowp.jpg","contentUrl":"https:\/\/www.romaoggi.eu\/wp-content\/uploads\/2017\/04\/logowp.jpg","width":300,"height":133,"caption":"RomaOggi"},"image":{"@id":"https:\/\/www.romaoggi.eu\/#\/schema\/logo\/image\/"},"sameAs":["https:\/\/www.facebook.com\/RomaOggi-841544845954114","https:\/\/x.com\/romaoggi_eu"]},{"@type":"Person","@id":"https:\/\/www.romaoggi.eu\/#\/schema\/person\/72b8cfc6de60caeb335267c8e21d90fb","name":"Target Lab Ets","image":{"@type":"ImageObject","inLanguage":"it-IT","@id":"https:\/\/secure.gravatar.com\/avatar\/ab64fd266889a629b0e9e6ab56209e379c2a89cfda303941ee9621d4090292d1?s=96&d=mm&r=g","url":"https:\/\/secure.gravatar.com\/avatar\/ab64fd266889a629b0e9e6ab56209e379c2a89cfda303941ee9621d4090292d1?s=96&d=mm&r=g","contentUrl":"https:\/\/secure.gravatar.com\/avatar\/ab64fd266889a629b0e9e6ab56209e379c2a89cfda303941ee9621d4090292d1?s=96&d=mm&r=g","caption":"Target Lab Ets"},"sameAs":["http:\/\/www.targetlab.org"],"url":"https:\/\/www.romaoggi.eu\/index.php\/author\/isfc\/"}]}},"_links":{"self":[{"href":"https:\/\/www.romaoggi.eu\/index.php\/wp-json\/wp\/v2\/posts\/42417","targetHints":{"allow":["GET"]}}],"collection":[{"href":"https:\/\/www.romaoggi.eu\/index.php\/wp-json\/wp\/v2\/posts"}],"about":[{"href":"https:\/\/www.romaoggi.eu\/index.php\/wp-json\/wp\/v2\/types\/post"}],"author":[{"embeddable":true,"href":"https:\/\/www.romaoggi.eu\/index.php\/wp-json\/wp\/v2\/users\/17"}],"replies":[{"embeddable":true,"href":"https:\/\/www.romaoggi.eu\/index.php\/wp-json\/wp\/v2\/comments?post=42417"}],"version-history":[{"count":4,"href":"https:\/\/www.romaoggi.eu\/index.php\/wp-json\/wp\/v2\/posts\/42417\/revisions"}],"predecessor-version":[{"id":42428,"href":"https:\/\/www.romaoggi.eu\/index.php\/wp-json\/wp\/v2\/posts\/42417\/revisions\/42428"}],"wp:featuredmedia":[{"embeddable":true,"href":"https:\/\/www.romaoggi.eu\/index.php\/wp-json\/wp\/v2\/media\/42418"}],"wp:attachment":[{"href":"https:\/\/www.romaoggi.eu\/index.php\/wp-json\/wp\/v2\/media?parent=42417"}],"wp:term":[{"taxonomy":"category","embeddable":true,"href":"https:\/\/www.romaoggi.eu\/index.php\/wp-json\/wp\/v2\/categories?post=42417"},{"taxonomy":"post_tag","embeddable":true,"href":"https:\/\/www.romaoggi.eu\/index.php\/wp-json\/wp\/v2\/tags?post=42417"}],"curies":[{"name":"wp","href":"https:\/\/api.w.org\/{rel}","templated":true}]}}