{"id":42693,"date":"2026-04-26T09:50:42","date_gmt":"2026-04-26T07:50:42","guid":{"rendered":"https:\/\/www.romaoggi.eu\/?p=42693"},"modified":"2026-04-26T09:50:42","modified_gmt":"2026-04-26T07:50:42","slug":"racconti-brevi-senza-lente-di-fausto-lubatti-target-lab-ets","status":"publish","type":"post","link":"https:\/\/www.romaoggi.eu\/index.php\/2026\/04\/26\/racconti-brevi-senza-lente-di-fausto-lubatti-target-lab-ets\/","title":{"rendered":"Racconti Brevi: &#8220;Senza Lente&#8221; di Fausto Lubatti &#8211; Target Lab Ets"},"content":{"rendered":"<p><img loading=\"lazy\" decoding=\"async\" class=\"alignnone wp-image-42507 aligncenter\" src=\"https:\/\/www.romaoggi.eu\/wp-content\/uploads\/2026\/03\/BANNER-5-MILEE-300x276.jpg\" alt=\"\" width=\"187\" height=\"172\" srcset=\"https:\/\/www.romaoggi.eu\/wp-content\/uploads\/2026\/03\/BANNER-5-MILEE-300x276.jpg 300w, https:\/\/www.romaoggi.eu\/wp-content\/uploads\/2026\/03\/BANNER-5-MILEE.jpg 551w\" sizes=\"auto, (max-width: 187px) 100vw, 187px\" \/><\/p>\n<p>&nbsp;<\/p>\n<p align=\"CENTER\"><span style=\"font-family: Stencil Std\"><span style=\"font-size: xx-large\">Racconti Brevi<\/span><\/span><\/p>\n<p align=\"JUSTIFY\">Nuovo appuntamento della rubrica <b>\u201cRacconti Brevi\u201d<\/b> che Target Lab Ets dedica ai racconti fotografici, con il racconto breve di <b>Fausto Lubatti Ph<\/b> dedicato ad un genere basico della fotografia ovvero la <b>fotografia stenopeica <\/b>e che pubblichiamo oggi domenica 26 aprile essendo il Worldwide Pinhole Photography Day ( https:\/\/pinholeday.org ).<\/p>\n<p align=\"JUSTIFY\">Attraverso il suo racconto, il fotografo invita il pubblico a riflettere su come le esperienze personali e collettive plasmino la nostra percezione del mondo.<\/p>\n<p align=\"JUSTIFY\">La rubrica vuole essere quindi dedicata alla ricerca personale dei singoli autori attraverso un processo di intermediazione del testo e delle foto supervisionati dal team di Target Lab Ets, Laboratorio Sperimentale di Fotografia e Comunicazione, ma anche rappresentare un momento di divulgazione e promozione della cultura fotografica. In questa ottica saranno affrontati diversi aspetti della narrazione fotografica attraverso articoli, interviste e monografie con gli opportuni collegamenti con le altre rubriche che Target Lab Ets gestisce su Romaoggi.eu.<\/p>\n<p align=\"JUSTIFY\"><span style=\"font-family: Times New Roman, serif\"><span style=\"font-size: medium\">Seguite &#8220;Racconti Brevi&#8221; evolver\u00e0 nel tempo, portando alla luce le storie straordinarie che si nascondono dietro ogni scatto fotografico. Restate sintonizzati per ulteriori articoli, interviste e approfondimenti che alimenteranno il dibattito sulla fotografia e sulla narrazione visiva.<\/span><\/span><\/p>\n<figure id=\"attachment_42683\" aria-describedby=\"caption-attachment-42683\" style=\"width: 741px\" class=\"wp-caption aligncenter\"><img loading=\"lazy\" decoding=\"async\" class=\" wp-image-42683\" src=\"https:\/\/www.romaoggi.eu\/wp-content\/uploads\/2026\/04\/1-Velocita-del-ciclista-300x200.jpg\" alt=\"alt tag Fausto Lubatti\" width=\"741\" height=\"494\" srcset=\"https:\/\/www.romaoggi.eu\/wp-content\/uploads\/2026\/04\/1-Velocita-del-ciclista-300x200.jpg 300w, https:\/\/www.romaoggi.eu\/wp-content\/uploads\/2026\/04\/1-Velocita-del-ciclista-1024x683.jpg 1024w, https:\/\/www.romaoggi.eu\/wp-content\/uploads\/2026\/04\/1-Velocita-del-ciclista-1536x1024.jpg 1536w, https:\/\/www.romaoggi.eu\/wp-content\/uploads\/2026\/04\/1-Velocita-del-ciclista-2048x1365.jpg 2048w\" sizes=\"auto, (max-width: 741px) 100vw, 741px\" \/><figcaption id=\"caption-attachment-42683\" class=\"wp-caption-text\"><span style=\"color: #000080\"><strong>1 &#8211; Velocit\u00e0 del ciclista. Fotografia di Fausto Lubatti &#8211; Target Lab Ets<\/strong><\/span><\/figcaption><\/figure>\n<p align=\"CENTER\"><span style=\"font-family: Stencil, fantasy\"><span style=\"font-size: xx-large\"><span style=\"font-family: Stencil Std\">Senza Lente<\/span><\/span><\/span><\/p>\n<pre class=\"western\"><span style=\"font-family: Times New Roman, serif\"><span style=\"font-size: medium\">Successe che, durante un'uscita fotografica, un mio amico si accorse che lo osservavo mentre provava diverse impostazioni dello stesso scatto ed esclam\u00f2: \"fotografare \u00e8 sperimentare!\"; da quel giorno quella frase \u00e8 entrata a far parte della mia maniera di praticare la fotografia. <\/span><\/span>\r\n\r\n<span style=\"font-family: Times New Roman, serif\"><span style=\"font-size: medium\">Mi ha sempre affascinato, fin da piccolo, l'idea della \"camera obscura\" e cos\u00ec mio padre mi aiut\u00f2 a costruirne una con una scatola di scarpe e un pezzo di carta da lucido, quella su cui disegnava a china col tecnigrafo; sono passati decenni da quel momento, ho fatto migliaia di fotografie, prima su pellicola e poi in digitale, ma quella sensazione primitiva di vedere apparire, quasi magicamente, un'immagine un po' debole e confusa creata da un piccolo foro in una scatola buia, mi attirava e decisi un giorno di tentare; avevo seguito nel tempo diversi fotografi che praticavano la fotografia stenopeica con risultati interessanti, e avevo anche studiato diversi articoli su come costruire una camera stenopeica: presi un tappo del corpo macchina bucato al centro con una punta da trapano, ritagliai da una lattina un pezzo di lamierino che forai accuratamente con la punta di un ago, montai il tutto con un po' di colla e nastro adesivo e a quel punto ero pronto. <\/span><\/span>\r\n\r\n<span style=\"font-family: Times New Roman, serif\"><span style=\"font-size: medium\">L'oggetto fece parecchi viaggi nel mio zaino fotografico rimanendo pressoch\u00e9 inutilizzato: ho trovato difficile rinunciare alla nitidezza delle lenti per passare ad una fotografia dove tutto \u00e8 sfumato e i tempi di posa sono inevitabilmente lunghi; cos\u00ec decisi, in un pomeriggio di un caldo giorno di fine giugno di uscire in bicicletta solo con il foro stenopeico montato al posto dell'obbiettivo e di fare un breve racconto fotografico: il sole era alto, la luce del primo pomeriggio molto intensa, i colori e le ombre troppo stagliati per essere interessanti fotograficamente; passati i primi scatti, presi a litigare con il cavalletto, l'inquadratura e l'esposizione, il risultato mi \u00e8 sembrato interessante e a poco a poco ho cominciato ad abituarmi ad una diversa maniera di vedere: il campo inquadrato \u00e8 fisso e con una decisa vignettatura, l'immagine \u00e8 sfumata uniformemente per tutti i soggetti, sia in primo piano che in lontananza, i colori e le ombre sono piacevolmente morbidi, nonostante la non ideale illuminazione. <\/span><\/span>\r\n\r\n<span style=\"font-family: Times New Roman, serif\"><span style=\"font-size: medium\">Provando e riprovando, togliendo la macchina dal cavalletto il movimento delle mani aggiunge intensit\u00e0 alle sfumature; le persone poi che ho incrociato, col loro movimento, hanno lasciato un'immagine evanescente sul sensore: alla fine una maniera decisamente diversa di vedere fotograficamente e un bella soddisfazione vedere queste immagini realizzate con qualcosa costruito con le mie mani.<\/span><\/span>\r\n<\/pre>\n<pre class=\"western\"><strong><span style=\"font-family: Stencil, fantasy\"><span style=\"font-size: large\">\u00a9 2026 Fausto Lubatti<\/span><\/span><\/strong><span style=\"font-family: Stencil, fantasy\"> \u2013 Target Lab Ets <\/span><\/pre>\n<p align=\"JUSTIFY\"><span style=\"font-size: medium\"><strong><span style=\"color: #1a1a1a\"><span style=\"font-family: Stencil, fantasy\"><span style=\"font-size: large\">Fausto Lubatti\u00a0<\/span><\/span><\/span><\/strong><strong><span style=\"color: #000000\"><span style=\"font-family: Stencil, fantasy\"><span style=\"font-size: large\">nota bio<\/span><\/span><\/span><\/strong><\/span><\/p>\n<p align=\"JUSTIFY\"><span style=\"font-size: medium\"><span style=\"color: #1a1a1a\"><span style=\"font-family: Times New Roman, serif\">Nasce a Milano nel 1959, abita da sempre nella periferia sud di Milano; studi di Ingegneria Meccanica, si \u00e8 occupato professionalmente per pi\u00f9 di 40 anni di progetti informatici applicati alla progettazione e tecnologia meccanica.<\/span><\/span><\/span><\/p>\n<p align=\"JUSTIFY\"><span style=\"color: #000000\"><span style=\"font-family: Times New Roman, serif\"><span style=\"font-size: medium\"><span style=\"color: #1a1a1a\">Autodidatta, la sua passione per la fotografia nasce a 8 anni quando riceve in regalo una Kodak Instamatic a cartucce, passa con la maturit\u00e0 alla reflex: per molti anni ha fotografato viaggi e momenti familiari e conviviali; con il passaggio al digitale, avvenuto 15 anni fa, ha incluso tra i suoi interessi fotografici l\u2019astronomia, i luoghi abbandonati e la \u201cstreet\u201d, partecipando inoltre ad alcuni gruppi fotografici del sud milanese con presentazioni e mostre; oltre alla fotografia si dedica al canto corale, ama i viaggi, il trekking e la bicicletta.\u00a0<\/span>E\u2019 iscritto a Target LAb Ets \u2013 Laboratorio Sperimentale di Fotografia e Comunicazione da maggio 2025.<\/span><\/span><\/span><\/p>\n<p>&nbsp;<\/p>\n<figure id=\"attachment_42684\" aria-describedby=\"caption-attachment-42684\" style=\"width: 1398px\" class=\"wp-caption alignnone\"><img loading=\"lazy\" decoding=\"async\" class=\" wp-image-42684\" src=\"https:\/\/www.romaoggi.eu\/wp-content\/uploads\/2026\/04\/2-Unansa-del-fiume-Lambro-300x200.jpg\" alt=\"alt tag Fausto Lubatti\" width=\"1398\" height=\"932\" srcset=\"https:\/\/www.romaoggi.eu\/wp-content\/uploads\/2026\/04\/2-Unansa-del-fiume-Lambro-300x200.jpg 300w, https:\/\/www.romaoggi.eu\/wp-content\/uploads\/2026\/04\/2-Unansa-del-fiume-Lambro-1024x683.jpg 1024w, https:\/\/www.romaoggi.eu\/wp-content\/uploads\/2026\/04\/2-Unansa-del-fiume-Lambro-1536x1024.jpg 1536w, https:\/\/www.romaoggi.eu\/wp-content\/uploads\/2026\/04\/2-Unansa-del-fiume-Lambro-2048x1365.jpg 2048w\" sizes=\"auto, (max-width: 1398px) 100vw, 1398px\" \/><figcaption id=\"caption-attachment-42684\" class=\"wp-caption-text\"><span style=\"color: #000080\"><strong>2 &#8211; Un&#8217;ansa del fiume Lambro. Fotografia di Fausto Lubatti &#8211; Target Lab Ets<\/strong><\/span><\/figcaption><\/figure>\n<p>&nbsp;<\/p>\n<figure id=\"attachment_42685\" aria-describedby=\"caption-attachment-42685\" style=\"width: 1376px\" class=\"wp-caption alignnone\"><img loading=\"lazy\" decoding=\"async\" class=\" wp-image-42685\" src=\"https:\/\/www.romaoggi.eu\/wp-content\/uploads\/2026\/04\/3-Memoriale-per-Laura-Orsi-femminicidio-del-1965-300x200.jpg\" alt=\"alt tag Fausto Lubatti\" width=\"1376\" height=\"917\" srcset=\"https:\/\/www.romaoggi.eu\/wp-content\/uploads\/2026\/04\/3-Memoriale-per-Laura-Orsi-femminicidio-del-1965-300x200.jpg 300w, https:\/\/www.romaoggi.eu\/wp-content\/uploads\/2026\/04\/3-Memoriale-per-Laura-Orsi-femminicidio-del-1965-1024x683.jpg 1024w, https:\/\/www.romaoggi.eu\/wp-content\/uploads\/2026\/04\/3-Memoriale-per-Laura-Orsi-femminicidio-del-1965-1536x1024.jpg 1536w, https:\/\/www.romaoggi.eu\/wp-content\/uploads\/2026\/04\/3-Memoriale-per-Laura-Orsi-femminicidio-del-1965-2048x1365.jpg 2048w\" sizes=\"auto, (max-width: 1376px) 100vw, 1376px\" \/><figcaption id=\"caption-attachment-42685\" class=\"wp-caption-text\"><span style=\"color: #000080\"><strong>3 &#8211; Memoriale per Laura Orsi, femminicidio del 1965. Fotografia di Fausto Lubatti &#8211; Target Lab Ets<\/strong><\/span><\/figcaption><\/figure>\n<p>&nbsp;<\/p>\n<figure id=\"attachment_42686\" aria-describedby=\"caption-attachment-42686\" style=\"width: 1370px\" class=\"wp-caption alignnone\"><img loading=\"lazy\" decoding=\"async\" class=\" wp-image-42686\" src=\"https:\/\/www.romaoggi.eu\/wp-content\/uploads\/2026\/04\/4-La-pista-ciclabile-300x200.jpg\" alt=\"alt tag Fausto Lubatti\" width=\"1370\" height=\"912\" srcset=\"https:\/\/www.romaoggi.eu\/wp-content\/uploads\/2026\/04\/4-La-pista-ciclabile-300x200.jpg 300w, https:\/\/www.romaoggi.eu\/wp-content\/uploads\/2026\/04\/4-La-pista-ciclabile-1024x683.jpg 1024w, https:\/\/www.romaoggi.eu\/wp-content\/uploads\/2026\/04\/4-La-pista-ciclabile-1536x1024.jpg 1536w, https:\/\/www.romaoggi.eu\/wp-content\/uploads\/2026\/04\/4-La-pista-ciclabile-2048x1365.jpg 2048w\" sizes=\"auto, (max-width: 1370px) 100vw, 1370px\" \/><figcaption id=\"caption-attachment-42686\" class=\"wp-caption-text\"><span style=\"color: #000080\"><strong>4 &#8211; La pista ciclabile. Fotografia di Fausto Lubatti &#8211; Target Lab Ets<\/strong><\/span><\/figcaption><\/figure>\n<p>&nbsp;<\/p>\n<figure id=\"attachment_42687\" aria-describedby=\"caption-attachment-42687\" style=\"width: 1463px\" class=\"wp-caption alignnone\"><img loading=\"lazy\" decoding=\"async\" class=\" wp-image-42687\" src=\"https:\/\/www.romaoggi.eu\/wp-content\/uploads\/2026\/04\/5-Canale-irriguo-300x200.jpg\" alt=\"alt tag Fausto Lubatti\" width=\"1463\" height=\"975\" srcset=\"https:\/\/www.romaoggi.eu\/wp-content\/uploads\/2026\/04\/5-Canale-irriguo-300x200.jpg 300w, https:\/\/www.romaoggi.eu\/wp-content\/uploads\/2026\/04\/5-Canale-irriguo-1024x683.jpg 1024w, https:\/\/www.romaoggi.eu\/wp-content\/uploads\/2026\/04\/5-Canale-irriguo-1536x1024.jpg 1536w, https:\/\/www.romaoggi.eu\/wp-content\/uploads\/2026\/04\/5-Canale-irriguo-2048x1365.jpg 2048w\" sizes=\"auto, (max-width: 1463px) 100vw, 1463px\" \/><figcaption id=\"caption-attachment-42687\" class=\"wp-caption-text\"><span style=\"color: #000080\"><strong>5 &#8211; Canale irriguo. Fotografia di Fausto Lubatti &#8211; Target Lab Ets<\/strong><\/span><\/figcaption><\/figure>\n<p>&nbsp;<\/p>\n<figure id=\"attachment_42688\" aria-describedby=\"caption-attachment-42688\" style=\"width: 1503px\" class=\"wp-caption alignnone\"><img loading=\"lazy\" decoding=\"async\" class=\" wp-image-42688\" src=\"https:\/\/www.romaoggi.eu\/wp-content\/uploads\/2026\/04\/6-Culture-intensive-300x200.jpg\" alt=\"alt tag Fausto Lubatti\" width=\"1503\" height=\"1002\" srcset=\"https:\/\/www.romaoggi.eu\/wp-content\/uploads\/2026\/04\/6-Culture-intensive-300x200.jpg 300w, https:\/\/www.romaoggi.eu\/wp-content\/uploads\/2026\/04\/6-Culture-intensive-1024x683.jpg 1024w, https:\/\/www.romaoggi.eu\/wp-content\/uploads\/2026\/04\/6-Culture-intensive-1536x1024.jpg 1536w, https:\/\/www.romaoggi.eu\/wp-content\/uploads\/2026\/04\/6-Culture-intensive-2048x1365.jpg 2048w\" sizes=\"auto, (max-width: 1503px) 100vw, 1503px\" \/><figcaption id=\"caption-attachment-42688\" class=\"wp-caption-text\"><span style=\"color: #000080\"><strong>6 &#8211; Culture intensive. Fotografia di Fausto Lubatti &#8211; Target Lab Ets<\/strong><\/span><\/figcaption><\/figure>\n<p>&nbsp;<\/p>\n<figure id=\"attachment_42689\" aria-describedby=\"caption-attachment-42689\" style=\"width: 1497px\" class=\"wp-caption alignnone\"><img loading=\"lazy\" decoding=\"async\" class=\" wp-image-42689\" src=\"https:\/\/www.romaoggi.eu\/wp-content\/uploads\/2026\/04\/7-Il-borgo-di-Colturano-300x200.jpg\" alt=\"alt tag Fausto Lubatti\" width=\"1497\" height=\"998\" srcset=\"https:\/\/www.romaoggi.eu\/wp-content\/uploads\/2026\/04\/7-Il-borgo-di-Colturano-300x200.jpg 300w, https:\/\/www.romaoggi.eu\/wp-content\/uploads\/2026\/04\/7-Il-borgo-di-Colturano-1024x683.jpg 1024w, https:\/\/www.romaoggi.eu\/wp-content\/uploads\/2026\/04\/7-Il-borgo-di-Colturano-1536x1024.jpg 1536w, https:\/\/www.romaoggi.eu\/wp-content\/uploads\/2026\/04\/7-Il-borgo-di-Colturano-2048x1365.jpg 2048w\" sizes=\"auto, (max-width: 1497px) 100vw, 1497px\" \/><figcaption id=\"caption-attachment-42689\" class=\"wp-caption-text\"><span style=\"color: #000080\"><strong>7 &#8211; Il borgo di Colturano. Fotografia di Fausto Lubatti &#8211; Target Lab Ets<\/strong><\/span><\/figcaption><\/figure>\n<p>&nbsp;<\/p>\n<figure id=\"attachment_42690\" aria-describedby=\"caption-attachment-42690\" style=\"width: 1448px\" class=\"wp-caption alignnone\"><img loading=\"lazy\" decoding=\"async\" class=\" wp-image-42690\" src=\"https:\/\/www.romaoggi.eu\/wp-content\/uploads\/2026\/04\/8-Alberi-solitari-al-bordo-dei-campi-300x200.jpg\" alt=\"alt tag Fausto Lubatti\" width=\"1448\" height=\"965\" srcset=\"https:\/\/www.romaoggi.eu\/wp-content\/uploads\/2026\/04\/8-Alberi-solitari-al-bordo-dei-campi-300x200.jpg 300w, https:\/\/www.romaoggi.eu\/wp-content\/uploads\/2026\/04\/8-Alberi-solitari-al-bordo-dei-campi-1024x683.jpg 1024w, https:\/\/www.romaoggi.eu\/wp-content\/uploads\/2026\/04\/8-Alberi-solitari-al-bordo-dei-campi-1536x1024.jpg 1536w, https:\/\/www.romaoggi.eu\/wp-content\/uploads\/2026\/04\/8-Alberi-solitari-al-bordo-dei-campi-2048x1365.jpg 2048w\" sizes=\"auto, (max-width: 1448px) 100vw, 1448px\" \/><figcaption id=\"caption-attachment-42690\" class=\"wp-caption-text\"><span style=\"color: #000080\"><strong>8 &#8211; Alberi solitari al bordo dei campi. Fotografia di Fausto Lubatti &#8211; Target Lab Ets<\/strong><\/span><\/figcaption><\/figure>\n<p>&nbsp;<\/p>\n<figure id=\"attachment_42692\" aria-describedby=\"caption-attachment-42692\" style=\"width: 1506px\" class=\"wp-caption alignnone\"><img loading=\"lazy\" decoding=\"async\" class=\" wp-image-42692\" src=\"https:\/\/www.romaoggi.eu\/wp-content\/uploads\/2026\/04\/9-Granoturco-quasi-maturo-300x200.jpg\" alt=\"alt tag Fausto Lubatti\" width=\"1506\" height=\"1004\" srcset=\"https:\/\/www.romaoggi.eu\/wp-content\/uploads\/2026\/04\/9-Granoturco-quasi-maturo-300x200.jpg 300w, https:\/\/www.romaoggi.eu\/wp-content\/uploads\/2026\/04\/9-Granoturco-quasi-maturo-1024x683.jpg 1024w, https:\/\/www.romaoggi.eu\/wp-content\/uploads\/2026\/04\/9-Granoturco-quasi-maturo-1536x1024.jpg 1536w, https:\/\/www.romaoggi.eu\/wp-content\/uploads\/2026\/04\/9-Granoturco-quasi-maturo-2048x1365.jpg 2048w\" sizes=\"auto, (max-width: 1506px) 100vw, 1506px\" \/><figcaption id=\"caption-attachment-42692\" class=\"wp-caption-text\"><span style=\"color: #000080\"><strong>9 &#8211; Granoturco quasi maturo. Fotografia di Fausto Lubatti &#8211; Target Lab Ets<\/strong><\/span><\/figcaption><\/figure>\n<p align=\"CENTER\"><span style=\"font-family: Times New Roman, serif\"><span style=\"font-size: medium\">__________________<\/span><\/span><\/p>\n<p align=\"CENTER\"><strong><span style=\"font-family: Times New Roman, serif\"><span style=\"font-size: medium\">Editing fotografico a cura di Alessandro Lisci &#8211; Target Lab Ets <\/span><\/span><\/strong><\/p>\n<p align=\"CENTER\"><span style=\"color: #000000\"><span style=\"font-family: Times New Roman, serif\"><span style=\"font-size: medium\"><b>Visita il sito: <\/b><\/span><\/span><\/span><a href=\"https:\/\/www.facebook.com\/TargetLabEts\"><span style=\"font-family: Times New Roman, serif\"><span style=\"font-size: medium\">https:\/\/www.facebook.com\/TargetLabEts<\/span><\/span><\/a><\/p>\n<p align=\"CENTER\"><strong><span style=\"font-family: Times New Roman, serif\"><span style=\"font-size: medium\">Visita il sito : <a href=\"http:\/\/www.alessandrolisci.com\/\">www.alessandrolisci.com<\/a><\/span><\/span><\/strong><\/p>\n<p align=\"CENTER\"><strong><span style=\"color: #000000\"><span style=\"font-family: Times New Roman, serif\"><span style=\"font-size: medium\"><b>Sostieni il progetto fotografico di Target Lab Ets con una <\/b><\/span><\/span><\/span><\/strong><strong><span style=\"color: #ff0000\"><span style=\"font-family: Times New Roman, serif\"><span style=\"font-size: medium\"><b>donazione<\/b><\/span><\/span><\/span><\/strong><strong><span style=\"color: #000000\"><span style=\"font-family: Times New Roman, serif\"><span style=\"font-size: medium\"> al seguente <\/span><\/span><\/span><\/strong><strong><span style=\"color: #ff0000\"><span style=\"font-family: Times New Roman, serif\"><span style=\"font-size: medium\">IBAN<\/span><\/span><\/span><\/strong> <b> <\/b><strong><span style=\"color: #ff0000\"><span style=\"font-family: Times New Roman, serif\"><span style=\"font-size: medium\"><b>IT05M0306909606100000186094<\/b><\/span><\/span><\/span><\/strong><strong><span style=\"color: #161a1e\"><span style=\"font-family: Times New Roman, serif\"><span style=\"font-size: medium\"><b> intestato a Target Lab Ets.<\/b><\/span><\/span><\/span><\/strong><\/p>\n<p align=\"CENTER\"><strong><span style=\"color: #161a1e\"><span style=\"font-family: Times New Roman, serif\"><span style=\"font-size: medium\"><b>Le donazioni liberali sono detraibili in sede di dichiarazione dei redditi.<\/b><\/span><\/span><\/span><\/strong><\/p>\n<p align=\"CENTER\"><strong><span style=\"color: #ff0000\"><span style=\"font-family: Times New Roman, serif\"><span style=\"font-size: medium\"><b>Devolvi il 5xmille nella prossima dichiarazione dei redditi a Target Lab Ets<\/b><\/span><\/span><\/span><\/strong> <strong><span style=\"color: #000000\"><span style=\"font-family: Times New Roman, serif\"><span style=\"font-size: medium\"><b>inserendo il <\/b><\/span><\/span><\/span><\/strong><strong><span style=\"color: #ff0000\"><span style=\"font-family: Times New Roman, serif\"><span style=\"font-size: medium\"><b>CF : 96498910585<\/b><\/span><\/span><\/span><\/strong> <strong><span style=\"color: #000000\"><span style=\"font-family: Times New Roman, serif\"><span style=\"font-size: medium\"><b>riquadro Enti Terzo Settore e Aps per finanziare futuri progetti fotografici a ricaduta sociale<\/b><\/span><\/span><\/span><\/strong><\/p>\n<p align=\"JUSTIFY\"><span style=\"color: #26282a\"><span style=\"font-family: Times New Roman, serif\"><span style=\"font-size: medium\"><span style=\"color: #000000\"><b>Target Lab\u00a0Ets\u00a0<\/b><\/span><span style=\"color: #000000\">\u00e8 un&#8217; associazione culturale ente terzo settore, reg. 4338\/3\/2021 CF.\u00a0<\/span><span style=\"color: #1d2228\">96498910585 &#8211; Iscriz. RUNTS 30\/12\/2022), fondata e presieduta da\u00a0Alessandro Lisci, fotoreporter freelance,\u00a0e\u00a0 composta dal seguente comitato scientifico:\u00a0Simonetta Baroni\u00a0&#8211; storica dell&#8217;arte;\u00a0Franco Bottoni\u00a0&#8211; tipografo;\u00a0Michele Brescia\u00a0&#8211; storico dell&#8217;Arte;\u00a0Fabiana Cambiaso\u00a0&#8211; architetta;\u00a0\u00a0Allan Ceen\u00a0&#8211;\u00a0 urbanista;\u00a0Marco Geppetti- fotografo professionista;\u00a0Paola Ortensi\u00a0&#8211; politiche rurali ed agricole;\u00a0Maurizio Paradisi\u00a0&#8211; sport.<\/span><\/span><\/span><\/span><\/p>\n<p align=\"JUSTIFY\"><span style=\"color: #1d2228\"><span style=\"font-family: Times New Roman, serif\"><span style=\"font-size: medium\">Target Lab Ets \u00e8 stata presentata il 6 dicembre 2021\u00a0al pubblico e alla stampa presso la sala\u00a0Walter Tobagi\u00a0della\u00a0FNSI, Federazione Nazionale della Stampa Italiana, sede nazionale di Roma,\u00a0 con\u00a0Paolo Conti\u00a0del Corriere della Sera;\u00a0Vittorio Morelli\u00a0dell&#8217;Agi;\u00a0Marco Geppetti\u00a0e\u00a0Andrea Denzi\u00a0della Marcello Geppetti Media Company srl.<\/span><\/span><\/span><\/p>\n<p align=\"JUSTIFY\"><a href=\"https:\/\/www.radioradicale.it\/scheda\/654816\/presentazione-del-progetto-target-lab-ets-laboratorio-sperimentale-di-fotografia-e\" target=\"_blank\" rel=\"noopener\"><span style=\"color: #000000\"><span style=\"font-family: Times New Roman, serif\"><span style=\"font-size: medium\"><u><b>https:\/\/www.radioradicale.it\/scheda\/654816\/presentazione-del-progetto-target-lab-ets-laboratorio-sperimentale-di-fotografia-e<\/b><\/u><\/span><\/span><\/span><\/a><\/p>\n<p align=\"JUSTIFY\"><span style=\"font-size: medium\"><strong><span style=\"color: #000000\"><span style=\"font-family: Times New Roman, serif\"><b>email\u00a0\u00a0<\/b><\/span><\/span><\/strong><strong><a href=\"mailto:target.lsfc@gmail.com\" target=\"_blank\" rel=\"noopener\"><span style=\"color: #0000ff\"><span style=\"font-family: Times New Roman, serif\"><u><b>target.lsfc@gmail.com<\/b><\/u><\/span><\/span><\/a><\/strong><strong><span style=\"color: #cd232c\"><span style=\"font-family: Times New Roman, serif\"><u><b>\u00a0\u00a0<\/b><\/u><\/span><\/span><\/strong><strong><span style=\"color: #000000\"><span style=\"font-family: Times New Roman, serif\"><b>mob\u00a0. \u00a0<\/b><\/span><\/span><\/strong><strong><span style=\"color: #cd232c\"><span style=\"font-family: Times New Roman, serif\"><b>+<\/b><\/span><\/span><\/strong><strong><span style=\"color: #000000\"><span style=\"font-family: Times New Roman, serif\"><b>39 3316379346<\/b><\/span><\/span><\/strong><\/span><\/p>\n<p>&nbsp;<\/p>\n<p>&nbsp;<\/p>\n","protected":false},"excerpt":{"rendered":"<div class=\"mh-excerpt\"><p>&nbsp; Racconti Brevi Nuovo appuntamento della rubrica \u201cRacconti Brevi\u201d che Target Lab Ets dedica ai racconti fotografici, con il racconto breve di Fausto Lubatti Ph dedicato ad un genere basico della fotografia ovvero la fotografia <a class=\"mh-excerpt-more\" href=\"https:\/\/www.romaoggi.eu\/index.php\/2026\/04\/26\/racconti-brevi-senza-lente-di-fausto-lubatti-target-lab-ets\/\" title=\"Racconti Brevi: &#8220;Senza Lente&#8221; di Fausto Lubatti &#8211; Target Lab Ets\">[&#8230;]<\/a><\/p>\n<\/div>","protected":false},"author":17,"featured_media":42691,"comment_status":"closed","ping_status":"open","sticky":false,"template":"","format":"standard","meta":{"_sitemap_exclude":false,"_sitemap_priority":"","_sitemap_frequency":"","footnotes":""},"categories":[17950],"tags":[14999,14994,14912,4137,17683,18809,17685,17686,18213,17687,274,19384,17688,17689,17690,17691,17692,17693,1738,17694,18066,16078,14580,15567,17684],"class_list":["post-42693","post","type-post","status-publish","format-standard","has-post-thumbnail","hentry","category-racconti-brevi","tag-art","tag-photo","tag-photography","tag-alessandro-lisci","tag-all_shots","tag-bnwstreetphotography","tag-composition","tag-exposure","tag-fausto-lubatti","tag-focus","tag-fotografia","tag-fotografia-stenopeica","tag-photooftheday","tag-photos","tag-pic","tag-pics","tag-picture","tag-pictures","tag-romaoggi-eu","tag-snapshot","tag-storie-brevi","tag-storytelling","tag-streetphotography","tag-target-lab-ets","tag-tecnicafotografica"],"yoast_head":"<!-- This site is optimized with the Yoast SEO plugin v27.4 - https:\/\/yoast.com\/product\/yoast-seo-wordpress\/ -->\n<title>Racconti Brevi: &quot;Senza Lente&quot; di Fausto Lubatti - Target Lab Ets<\/title>\n<meta name=\"description\" content=\"&nbsp; Racconti Brevi Nuovo appuntamento della rubrica \u201cRacconti Brevi\u201d che Target Lab Ets dedica ai racconti fotografici, con il racconto breve di Fausto\" \/>\n<meta name=\"robots\" content=\"index, follow, max-snippet:-1, max-image-preview:large, max-video-preview:-1\" \/>\n<link rel=\"canonical\" href=\"https:\/\/www.romaoggi.eu\/index.php\/2026\/04\/26\/racconti-brevi-senza-lente-di-fausto-lubatti-target-lab-ets\/\" \/>\n<meta property=\"og:locale\" content=\"it_IT\" \/>\n<meta property=\"og:type\" content=\"article\" \/>\n<meta property=\"og:title\" content=\"Racconti Brevi: &quot;Senza Lente&quot; di Fausto Lubatti - Target Lab Ets\" \/>\n<meta property=\"og:description\" content=\"&nbsp; Racconti Brevi Nuovo appuntamento della rubrica \u201cRacconti Brevi\u201d che Target Lab Ets dedica ai racconti fotografici, con il racconto breve di Fausto\" \/>\n<meta property=\"og:url\" content=\"https:\/\/www.romaoggi.eu\/index.php\/2026\/04\/26\/racconti-brevi-senza-lente-di-fausto-lubatti-target-lab-ets\/\" \/>\n<meta property=\"og:site_name\" content=\"roma oggi\" \/>\n<meta property=\"article:publisher\" content=\"https:\/\/www.facebook.com\/RomaOggi-841544845954114\" \/>\n<meta property=\"article:published_time\" content=\"2026-04-26T07:50:42+00:00\" \/>\n<meta property=\"og:image\" content=\"https:\/\/www.romaoggi.eu\/wp-content\/uploads\/2026\/04\/9-Granoturco-quasi-maturo-copia-scaled.jpg\" \/>\n\t<meta property=\"og:image:width\" content=\"2560\" \/>\n\t<meta property=\"og:image:height\" content=\"1707\" \/>\n\t<meta property=\"og:image:type\" content=\"image\/jpeg\" \/>\n<meta name=\"author\" content=\"Target Lab Ets\" \/>\n<meta name=\"twitter:card\" content=\"summary_large_image\" \/>\n<meta name=\"twitter:creator\" content=\"@romaoggi_eu\" \/>\n<meta name=\"twitter:site\" content=\"@romaoggi_eu\" \/>\n<meta name=\"twitter:label1\" content=\"Scritto da\" \/>\n\t<meta name=\"twitter:data1\" content=\"Target Lab Ets\" \/>\n\t<meta name=\"twitter:label2\" content=\"Tempo di lettura stimato\" \/>\n\t<meta name=\"twitter:data2\" content=\"6 minuti\" \/>\n<script type=\"application\/ld+json\" class=\"yoast-schema-graph\">{\"@context\":\"https:\\\/\\\/schema.org\",\"@graph\":[{\"@type\":\"Article\",\"@id\":\"https:\\\/\\\/www.romaoggi.eu\\\/index.php\\\/2026\\\/04\\\/26\\\/racconti-brevi-senza-lente-di-fausto-lubatti-target-lab-ets\\\/#article\",\"isPartOf\":{\"@id\":\"https:\\\/\\\/www.romaoggi.eu\\\/index.php\\\/2026\\\/04\\\/26\\\/racconti-brevi-senza-lente-di-fausto-lubatti-target-lab-ets\\\/\"},\"author\":{\"name\":\"Target Lab Ets\",\"@id\":\"https:\\\/\\\/www.romaoggi.eu\\\/#\\\/schema\\\/person\\\/72b8cfc6de60caeb335267c8e21d90fb\"},\"headline\":\"Racconti Brevi: &#8220;Senza Lente&#8221; di Fausto Lubatti &#8211; Target Lab Ets\",\"datePublished\":\"2026-04-26T07:50:42+00:00\",\"mainEntityOfPage\":{\"@id\":\"https:\\\/\\\/www.romaoggi.eu\\\/index.php\\\/2026\\\/04\\\/26\\\/racconti-brevi-senza-lente-di-fausto-lubatti-target-lab-ets\\\/\"},\"wordCount\":744,\"publisher\":{\"@id\":\"https:\\\/\\\/www.romaoggi.eu\\\/#organization\"},\"image\":{\"@id\":\"https:\\\/\\\/www.romaoggi.eu\\\/index.php\\\/2026\\\/04\\\/26\\\/racconti-brevi-senza-lente-di-fausto-lubatti-target-lab-ets\\\/#primaryimage\"},\"thumbnailUrl\":\"https:\\\/\\\/www.romaoggi.eu\\\/wp-content\\\/uploads\\\/2026\\\/04\\\/9-Granoturco-quasi-maturo-copia-scaled.jpg\",\"keywords\":[\"#art\",\"#photo\",\"#photography\",\"alessandro lisci\",\"all_shots\",\"bnwstreetphotography\",\"composition\",\"exposure\",\"fausto Lubatti\",\"focus\",\"fotografia\",\"fotografia stenopeica\",\"photooftheday\",\"photos\",\"pic\",\"pics\",\"picture\",\"pictures\",\"RomaOggi.eu\",\"snapshot\",\"Storie Brevi\",\"storytelling\",\"streetphotography\",\"target lab ets\",\"tecnicafotografica\"],\"articleSection\":[\"Racconti Brevi\"],\"inLanguage\":\"it-IT\"},{\"@type\":\"WebPage\",\"@id\":\"https:\\\/\\\/www.romaoggi.eu\\\/index.php\\\/2026\\\/04\\\/26\\\/racconti-brevi-senza-lente-di-fausto-lubatti-target-lab-ets\\\/\",\"url\":\"https:\\\/\\\/www.romaoggi.eu\\\/index.php\\\/2026\\\/04\\\/26\\\/racconti-brevi-senza-lente-di-fausto-lubatti-target-lab-ets\\\/\",\"name\":\"Racconti Brevi: \\\"Senza Lente\\\" di Fausto Lubatti - Target Lab Ets\",\"isPartOf\":{\"@id\":\"https:\\\/\\\/www.romaoggi.eu\\\/#website\"},\"primaryImageOfPage\":{\"@id\":\"https:\\\/\\\/www.romaoggi.eu\\\/index.php\\\/2026\\\/04\\\/26\\\/racconti-brevi-senza-lente-di-fausto-lubatti-target-lab-ets\\\/#primaryimage\"},\"image\":{\"@id\":\"https:\\\/\\\/www.romaoggi.eu\\\/index.php\\\/2026\\\/04\\\/26\\\/racconti-brevi-senza-lente-di-fausto-lubatti-target-lab-ets\\\/#primaryimage\"},\"thumbnailUrl\":\"https:\\\/\\\/www.romaoggi.eu\\\/wp-content\\\/uploads\\\/2026\\\/04\\\/9-Granoturco-quasi-maturo-copia-scaled.jpg\",\"datePublished\":\"2026-04-26T07:50:42+00:00\",\"description\":\"&nbsp; Racconti Brevi Nuovo appuntamento della rubrica \u201cRacconti Brevi\u201d che Target Lab Ets dedica ai racconti fotografici, con il racconto breve di Fausto\",\"breadcrumb\":{\"@id\":\"https:\\\/\\\/www.romaoggi.eu\\\/index.php\\\/2026\\\/04\\\/26\\\/racconti-brevi-senza-lente-di-fausto-lubatti-target-lab-ets\\\/#breadcrumb\"},\"inLanguage\":\"it-IT\",\"potentialAction\":[{\"@type\":\"ReadAction\",\"target\":[\"https:\\\/\\\/www.romaoggi.eu\\\/index.php\\\/2026\\\/04\\\/26\\\/racconti-brevi-senza-lente-di-fausto-lubatti-target-lab-ets\\\/\"]}]},{\"@type\":\"ImageObject\",\"inLanguage\":\"it-IT\",\"@id\":\"https:\\\/\\\/www.romaoggi.eu\\\/index.php\\\/2026\\\/04\\\/26\\\/racconti-brevi-senza-lente-di-fausto-lubatti-target-lab-ets\\\/#primaryimage\",\"url\":\"https:\\\/\\\/www.romaoggi.eu\\\/wp-content\\\/uploads\\\/2026\\\/04\\\/9-Granoturco-quasi-maturo-copia-scaled.jpg\",\"contentUrl\":\"https:\\\/\\\/www.romaoggi.eu\\\/wp-content\\\/uploads\\\/2026\\\/04\\\/9-Granoturco-quasi-maturo-copia-scaled.jpg\",\"width\":2560,\"height\":1707,\"caption\":\"9 - Granoturco quasi maturo. Fotografia di Fausto Lubatti - Target Lab Ets\"},{\"@type\":\"BreadcrumbList\",\"@id\":\"https:\\\/\\\/www.romaoggi.eu\\\/index.php\\\/2026\\\/04\\\/26\\\/racconti-brevi-senza-lente-di-fausto-lubatti-target-lab-ets\\\/#breadcrumb\",\"itemListElement\":[{\"@type\":\"ListItem\",\"position\":1,\"name\":\"Home\",\"item\":\"https:\\\/\\\/www.romaoggi.eu\\\/\"},{\"@type\":\"ListItem\",\"position\":2,\"name\":\"Racconti Brevi: &#8220;Senza Lente&#8221; di Fausto Lubatti &#8211; Target Lab Ets\"}]},{\"@type\":\"WebSite\",\"@id\":\"https:\\\/\\\/www.romaoggi.eu\\\/#website\",\"url\":\"https:\\\/\\\/www.romaoggi.eu\\\/\",\"name\":\"roma oggi\",\"description\":\"Interesting News for Interesting people\",\"publisher\":{\"@id\":\"https:\\\/\\\/www.romaoggi.eu\\\/#organization\"},\"potentialAction\":[{\"@type\":\"SearchAction\",\"target\":{\"@type\":\"EntryPoint\",\"urlTemplate\":\"https:\\\/\\\/www.romaoggi.eu\\\/?s={search_term_string}\"},\"query-input\":{\"@type\":\"PropertyValueSpecification\",\"valueRequired\":true,\"valueName\":\"search_term_string\"}}],\"inLanguage\":\"it-IT\"},{\"@type\":\"Organization\",\"@id\":\"https:\\\/\\\/www.romaoggi.eu\\\/#organization\",\"name\":\"RomaOggi\",\"url\":\"https:\\\/\\\/www.romaoggi.eu\\\/\",\"logo\":{\"@type\":\"ImageObject\",\"inLanguage\":\"it-IT\",\"@id\":\"https:\\\/\\\/www.romaoggi.eu\\\/#\\\/schema\\\/logo\\\/image\\\/\",\"url\":\"https:\\\/\\\/www.romaoggi.eu\\\/wp-content\\\/uploads\\\/2017\\\/04\\\/logowp.jpg\",\"contentUrl\":\"https:\\\/\\\/www.romaoggi.eu\\\/wp-content\\\/uploads\\\/2017\\\/04\\\/logowp.jpg\",\"width\":300,\"height\":133,\"caption\":\"RomaOggi\"},\"image\":{\"@id\":\"https:\\\/\\\/www.romaoggi.eu\\\/#\\\/schema\\\/logo\\\/image\\\/\"},\"sameAs\":[\"https:\\\/\\\/www.facebook.com\\\/RomaOggi-841544845954114\",\"https:\\\/\\\/x.com\\\/romaoggi_eu\"]},{\"@type\":\"Person\",\"@id\":\"https:\\\/\\\/www.romaoggi.eu\\\/#\\\/schema\\\/person\\\/72b8cfc6de60caeb335267c8e21d90fb\",\"name\":\"Target Lab Ets\",\"image\":{\"@type\":\"ImageObject\",\"inLanguage\":\"it-IT\",\"@id\":\"https:\\\/\\\/secure.gravatar.com\\\/avatar\\\/ab64fd266889a629b0e9e6ab56209e379c2a89cfda303941ee9621d4090292d1?s=96&d=mm&r=g\",\"url\":\"https:\\\/\\\/secure.gravatar.com\\\/avatar\\\/ab64fd266889a629b0e9e6ab56209e379c2a89cfda303941ee9621d4090292d1?s=96&d=mm&r=g\",\"contentUrl\":\"https:\\\/\\\/secure.gravatar.com\\\/avatar\\\/ab64fd266889a629b0e9e6ab56209e379c2a89cfda303941ee9621d4090292d1?s=96&d=mm&r=g\",\"caption\":\"Target Lab Ets\"},\"sameAs\":[\"http:\\\/\\\/www.targetlab.org\"],\"url\":\"https:\\\/\\\/www.romaoggi.eu\\\/index.php\\\/author\\\/isfc\\\/\"}]}<\/script>\n<!-- \/ Yoast SEO plugin. -->","yoast_head_json":{"title":"Racconti Brevi: \"Senza Lente\" di Fausto Lubatti - Target Lab Ets","description":"&nbsp; Racconti Brevi Nuovo appuntamento della rubrica \u201cRacconti Brevi\u201d che Target Lab Ets dedica ai racconti fotografici, con il racconto breve di Fausto","robots":{"index":"index","follow":"follow","max-snippet":"max-snippet:-1","max-image-preview":"max-image-preview:large","max-video-preview":"max-video-preview:-1"},"canonical":"https:\/\/www.romaoggi.eu\/index.php\/2026\/04\/26\/racconti-brevi-senza-lente-di-fausto-lubatti-target-lab-ets\/","og_locale":"it_IT","og_type":"article","og_title":"Racconti Brevi: \"Senza Lente\" di Fausto Lubatti - Target Lab Ets","og_description":"&nbsp; Racconti Brevi Nuovo appuntamento della rubrica \u201cRacconti Brevi\u201d che Target Lab Ets dedica ai racconti fotografici, con il racconto breve di Fausto","og_url":"https:\/\/www.romaoggi.eu\/index.php\/2026\/04\/26\/racconti-brevi-senza-lente-di-fausto-lubatti-target-lab-ets\/","og_site_name":"roma oggi","article_publisher":"https:\/\/www.facebook.com\/RomaOggi-841544845954114","article_published_time":"2026-04-26T07:50:42+00:00","og_image":[{"width":2560,"height":1707,"url":"https:\/\/www.romaoggi.eu\/wp-content\/uploads\/2026\/04\/9-Granoturco-quasi-maturo-copia-scaled.jpg","type":"image\/jpeg"}],"author":"Target Lab Ets","twitter_card":"summary_large_image","twitter_creator":"@romaoggi_eu","twitter_site":"@romaoggi_eu","twitter_misc":{"Scritto da":"Target Lab Ets","Tempo di lettura stimato":"6 minuti"},"schema":{"@context":"https:\/\/schema.org","@graph":[{"@type":"Article","@id":"https:\/\/www.romaoggi.eu\/index.php\/2026\/04\/26\/racconti-brevi-senza-lente-di-fausto-lubatti-target-lab-ets\/#article","isPartOf":{"@id":"https:\/\/www.romaoggi.eu\/index.php\/2026\/04\/26\/racconti-brevi-senza-lente-di-fausto-lubatti-target-lab-ets\/"},"author":{"name":"Target Lab Ets","@id":"https:\/\/www.romaoggi.eu\/#\/schema\/person\/72b8cfc6de60caeb335267c8e21d90fb"},"headline":"Racconti Brevi: &#8220;Senza Lente&#8221; di Fausto Lubatti &#8211; Target Lab Ets","datePublished":"2026-04-26T07:50:42+00:00","mainEntityOfPage":{"@id":"https:\/\/www.romaoggi.eu\/index.php\/2026\/04\/26\/racconti-brevi-senza-lente-di-fausto-lubatti-target-lab-ets\/"},"wordCount":744,"publisher":{"@id":"https:\/\/www.romaoggi.eu\/#organization"},"image":{"@id":"https:\/\/www.romaoggi.eu\/index.php\/2026\/04\/26\/racconti-brevi-senza-lente-di-fausto-lubatti-target-lab-ets\/#primaryimage"},"thumbnailUrl":"https:\/\/www.romaoggi.eu\/wp-content\/uploads\/2026\/04\/9-Granoturco-quasi-maturo-copia-scaled.jpg","keywords":["#art","#photo","#photography","alessandro lisci","all_shots","bnwstreetphotography","composition","exposure","fausto Lubatti","focus","fotografia","fotografia stenopeica","photooftheday","photos","pic","pics","picture","pictures","RomaOggi.eu","snapshot","Storie Brevi","storytelling","streetphotography","target lab ets","tecnicafotografica"],"articleSection":["Racconti Brevi"],"inLanguage":"it-IT"},{"@type":"WebPage","@id":"https:\/\/www.romaoggi.eu\/index.php\/2026\/04\/26\/racconti-brevi-senza-lente-di-fausto-lubatti-target-lab-ets\/","url":"https:\/\/www.romaoggi.eu\/index.php\/2026\/04\/26\/racconti-brevi-senza-lente-di-fausto-lubatti-target-lab-ets\/","name":"Racconti Brevi: \"Senza Lente\" di Fausto Lubatti - Target Lab Ets","isPartOf":{"@id":"https:\/\/www.romaoggi.eu\/#website"},"primaryImageOfPage":{"@id":"https:\/\/www.romaoggi.eu\/index.php\/2026\/04\/26\/racconti-brevi-senza-lente-di-fausto-lubatti-target-lab-ets\/#primaryimage"},"image":{"@id":"https:\/\/www.romaoggi.eu\/index.php\/2026\/04\/26\/racconti-brevi-senza-lente-di-fausto-lubatti-target-lab-ets\/#primaryimage"},"thumbnailUrl":"https:\/\/www.romaoggi.eu\/wp-content\/uploads\/2026\/04\/9-Granoturco-quasi-maturo-copia-scaled.jpg","datePublished":"2026-04-26T07:50:42+00:00","description":"&nbsp; Racconti Brevi Nuovo appuntamento della rubrica \u201cRacconti Brevi\u201d che Target Lab Ets dedica ai racconti fotografici, con il racconto breve di Fausto","breadcrumb":{"@id":"https:\/\/www.romaoggi.eu\/index.php\/2026\/04\/26\/racconti-brevi-senza-lente-di-fausto-lubatti-target-lab-ets\/#breadcrumb"},"inLanguage":"it-IT","potentialAction":[{"@type":"ReadAction","target":["https:\/\/www.romaoggi.eu\/index.php\/2026\/04\/26\/racconti-brevi-senza-lente-di-fausto-lubatti-target-lab-ets\/"]}]},{"@type":"ImageObject","inLanguage":"it-IT","@id":"https:\/\/www.romaoggi.eu\/index.php\/2026\/04\/26\/racconti-brevi-senza-lente-di-fausto-lubatti-target-lab-ets\/#primaryimage","url":"https:\/\/www.romaoggi.eu\/wp-content\/uploads\/2026\/04\/9-Granoturco-quasi-maturo-copia-scaled.jpg","contentUrl":"https:\/\/www.romaoggi.eu\/wp-content\/uploads\/2026\/04\/9-Granoturco-quasi-maturo-copia-scaled.jpg","width":2560,"height":1707,"caption":"9 - Granoturco quasi maturo. Fotografia di Fausto Lubatti - Target Lab Ets"},{"@type":"BreadcrumbList","@id":"https:\/\/www.romaoggi.eu\/index.php\/2026\/04\/26\/racconti-brevi-senza-lente-di-fausto-lubatti-target-lab-ets\/#breadcrumb","itemListElement":[{"@type":"ListItem","position":1,"name":"Home","item":"https:\/\/www.romaoggi.eu\/"},{"@type":"ListItem","position":2,"name":"Racconti Brevi: &#8220;Senza Lente&#8221; di Fausto Lubatti &#8211; Target Lab Ets"}]},{"@type":"WebSite","@id":"https:\/\/www.romaoggi.eu\/#website","url":"https:\/\/www.romaoggi.eu\/","name":"roma oggi","description":"Interesting News for Interesting people","publisher":{"@id":"https:\/\/www.romaoggi.eu\/#organization"},"potentialAction":[{"@type":"SearchAction","target":{"@type":"EntryPoint","urlTemplate":"https:\/\/www.romaoggi.eu\/?s={search_term_string}"},"query-input":{"@type":"PropertyValueSpecification","valueRequired":true,"valueName":"search_term_string"}}],"inLanguage":"it-IT"},{"@type":"Organization","@id":"https:\/\/www.romaoggi.eu\/#organization","name":"RomaOggi","url":"https:\/\/www.romaoggi.eu\/","logo":{"@type":"ImageObject","inLanguage":"it-IT","@id":"https:\/\/www.romaoggi.eu\/#\/schema\/logo\/image\/","url":"https:\/\/www.romaoggi.eu\/wp-content\/uploads\/2017\/04\/logowp.jpg","contentUrl":"https:\/\/www.romaoggi.eu\/wp-content\/uploads\/2017\/04\/logowp.jpg","width":300,"height":133,"caption":"RomaOggi"},"image":{"@id":"https:\/\/www.romaoggi.eu\/#\/schema\/logo\/image\/"},"sameAs":["https:\/\/www.facebook.com\/RomaOggi-841544845954114","https:\/\/x.com\/romaoggi_eu"]},{"@type":"Person","@id":"https:\/\/www.romaoggi.eu\/#\/schema\/person\/72b8cfc6de60caeb335267c8e21d90fb","name":"Target Lab Ets","image":{"@type":"ImageObject","inLanguage":"it-IT","@id":"https:\/\/secure.gravatar.com\/avatar\/ab64fd266889a629b0e9e6ab56209e379c2a89cfda303941ee9621d4090292d1?s=96&d=mm&r=g","url":"https:\/\/secure.gravatar.com\/avatar\/ab64fd266889a629b0e9e6ab56209e379c2a89cfda303941ee9621d4090292d1?s=96&d=mm&r=g","contentUrl":"https:\/\/secure.gravatar.com\/avatar\/ab64fd266889a629b0e9e6ab56209e379c2a89cfda303941ee9621d4090292d1?s=96&d=mm&r=g","caption":"Target Lab Ets"},"sameAs":["http:\/\/www.targetlab.org"],"url":"https:\/\/www.romaoggi.eu\/index.php\/author\/isfc\/"}]}},"_links":{"self":[{"href":"https:\/\/www.romaoggi.eu\/index.php\/wp-json\/wp\/v2\/posts\/42693","targetHints":{"allow":["GET"]}}],"collection":[{"href":"https:\/\/www.romaoggi.eu\/index.php\/wp-json\/wp\/v2\/posts"}],"about":[{"href":"https:\/\/www.romaoggi.eu\/index.php\/wp-json\/wp\/v2\/types\/post"}],"author":[{"embeddable":true,"href":"https:\/\/www.romaoggi.eu\/index.php\/wp-json\/wp\/v2\/users\/17"}],"replies":[{"embeddable":true,"href":"https:\/\/www.romaoggi.eu\/index.php\/wp-json\/wp\/v2\/comments?post=42693"}],"version-history":[{"count":6,"href":"https:\/\/www.romaoggi.eu\/index.php\/wp-json\/wp\/v2\/posts\/42693\/revisions"}],"predecessor-version":[{"id":42788,"href":"https:\/\/www.romaoggi.eu\/index.php\/wp-json\/wp\/v2\/posts\/42693\/revisions\/42788"}],"wp:featuredmedia":[{"embeddable":true,"href":"https:\/\/www.romaoggi.eu\/index.php\/wp-json\/wp\/v2\/media\/42691"}],"wp:attachment":[{"href":"https:\/\/www.romaoggi.eu\/index.php\/wp-json\/wp\/v2\/media?parent=42693"}],"wp:term":[{"taxonomy":"category","embeddable":true,"href":"https:\/\/www.romaoggi.eu\/index.php\/wp-json\/wp\/v2\/categories?post=42693"},{"taxonomy":"post_tag","embeddable":true,"href":"https:\/\/www.romaoggi.eu\/index.php\/wp-json\/wp\/v2\/tags?post=42693"}],"curies":[{"name":"wp","href":"https:\/\/api.w.org\/{rel}","templated":true}]}}