{"id":4273,"date":"2016-09-28T17:25:14","date_gmt":"2016-09-28T15:25:14","guid":{"rendered":"http:\/\/www.romaoggi.eu\/?p=4273"},"modified":"2016-09-28T17:39:20","modified_gmt":"2016-09-28T15:39:20","slug":"l-albero-delle-identita-capena","status":"publish","type":"post","link":"https:\/\/www.romaoggi.eu\/index.php\/2016\/09\/28\/l-albero-delle-identita-capena\/","title":{"rendered":"L&#8217; albero delle identit\u00e0 aspetta la tua foglia-abilit\u00e0 a Capena 1 e 2 ottobre"},"content":{"rendered":"<div class=\"adn ads\">\n<div class=\"gs\">\n<div id=\":m2\" class=\"ii gt adP adO\">\n<div id=\":m1\" class=\"a3s aXjCH m1577129a0bbd2ef6\">\n<p dir=\"ltr\">A Capena non solo <strong>Festa dell&#8217;Uva<\/strong> ma anche un momento ludico e formativo importante con l&#8217;<strong>Albero delle Identit\u00e0<\/strong><\/p>\n<p dir=\"ltr\" style=\"text-align: justify;\"><strong>Art-Coaching<\/strong> alla Rocca di Capena il 1 e 2 ottobre 2016. Con l&#8217;associazione\u00a0<strong>Happy Coaching and Counseling Roma<\/strong>, puoi modellare la tua<strong> &#8220;foglia abilit\u00e0&#8221;<\/strong> per l\u2019<strong> Albero delle Identit\u00e0<\/strong> di Capena. Promosso dall\u2019associazione\u00a0Happy Coaching &amp; Counseling-Roma \u00a0\u00e8 un progetto formativo esperienziale rivolto a studenti, insegnanti, genitori, imprenditori, atleti e cittadini in generale. Sostiene la centralit\u00e0 della scuola nel territorio, e promuove l\u2019importanza della formazione come crescita personale in tutte le et\u00e0 evolutive dell\u2019uomo.<\/p>\n<p dir=\"ltr\" style=\"text-align: justify;\"><img loading=\"lazy\" decoding=\"async\" class=\"size-medium wp-image-4279 alignright\" src=\"https:\/\/www.romaoggi.eu\/wp-content\/uploads\/2016\/09\/download-1-168x300.jpg\" alt=\" albero delle identit\u00e0\" width=\"168\" height=\"300\" \/><strong>L\u2019associazione Happy Coaching &amp; Counseling<\/strong> \u2013 Roma, fondata da<strong> Stefano Battiato<\/strong> (Consulente e Formatore aziendale, progettista e Coach professionista), <strong>Gesine Antje Danielsen<\/strong> (Potenzialtrainer e Coach professionista per Bambini\/Adolescenti\/Adulti) e\u00a0 <strong>Giovanni Battista Rea<\/strong> (Artista, maestro Ceramista e Art-director), opera sul territorio e collabora con scuole, aziende, associazioni e amministrazioni per promuovere eventi a sostegno del <strong>BEN-ESSERE<\/strong> delle persone e diffondere gli strumenti del Coaching e del Counseling nel processo di crescita personale.<\/p>\n<p dir=\"ltr\" style=\"text-align: justify;\">Le foglie modellate parteciperanno alla creazione di una opera d&#8217;arte colettiva e partecipata, tanti piccoli capolavori ne fanno uno enorme <strong>&#8220;L&#8217;ALBERO DELLE IDENTIT\u00c0&#8221;<\/strong>.\u00a0Sabato 1 ottobre \u00a0in serata ci sar\u00e0 la cottura delle foglie abilit\u00e0 con la spettacolare tecnica di cottura giapponese chiamata &#8220;Raku&#8221;, ai margini del Evento prima degustazione dello <strong>gnocco alla Rocca<\/strong><\/p>\n<figure id=\"attachment_4280\" aria-describedby=\"caption-attachment-4280\" style=\"width: 300px\" class=\"wp-caption alignleft\"><img loading=\"lazy\" decoding=\"async\" class=\"size-medium wp-image-4280\" src=\"https:\/\/www.romaoggi.eu\/wp-content\/uploads\/2016\/09\/14370252_10207128560269434_8953412520700693117_n-300x169-300x169.jpg\" alt=\"Foglia-abilit\u00e0\" width=\"300\" height=\"169\" \/><figcaption id=\"caption-attachment-4280\" class=\"wp-caption-text\">Foglia-abilit\u00e0<\/figcaption><\/figure>\n<p dir=\"ltr\" style=\"text-align: justify;\">A<strong> Stefano Battiato<\/strong>\u00a0fondatore del progetto abbiamo chiesto:<\/p>\n<p dir=\"ltr\" style=\"text-align: justify;\"><strong>Che cosa realizzerete a Capena nel prossimo weekend?<\/strong><br \/>\n&#8220;<em>Realizzeremo \u00a0un mosaico artistico rappresentante \u00a0l\u2019Albero delle Identit\u00e0.\u00a0Le decorazioni in ceramica si compongono di \u201cfoglie- abilit\u00e0 realizzate da ogni partecipante come prodotto di un percorso di riflessioni, che lo porta a riconoscere il suo stato attuale e mettere a fuoco quello desiderato, facendo emergere la principale abilit\u00e0 che ognuno ritiene utile proporre, o potenziare, per la costruzione della persona che vuole essere. Tale abilit\u00e0 sar\u00e0 incisa sulla foglia, insieme al nome del creatore della foglia-abilit\u00e0.\u00a0Alunni, genitori, insegnanti, presidi, personale non docente, lavoratori di aziende private, personale delle istituzioni, soci di associazioni territoriali e semplici cittadini, si trovano a condividere un\u2019esperienza di miglioramento dell\u2019ambiente in cui viviamo, generando in ogni partecipante un nuovo significato derivato dall\u2019esperienza vissuta con le persone che lo abitano<\/em>&#8220;.<\/p>\n<p dir=\"ltr\" style=\"text-align: justify;\">Il progetto di<strong> art-coaching<\/strong> si basa sulla principale convinzione che lasciare un segno duraturo e visibile, attraverso un\u2019esperienza gratificante e formativa, significa rafforzare l\u2019identit\u00e0, l\u2019usabilit\u00e0 e la possibilit\u00e0 di conservazione di un luogo, stimolando altres\u00ec l\u2019autostima dei partecipanti e migliorando la loro visione nell\u2019ambito del contesto ambientale.<\/p>\n<p dir=\"ltr\" style=\"text-align: justify;\"><a href=\"http:\/\/www.ristazionarti.it\/wp\/2016\/09\/15\/lalbero-delle-identita-allistituto-archimede-pacinotti\/\">http:\/\/www.ristazionarti.it\/wp\/2016\/09\/15\/lalbero-delle-identita-allistituto-archimede-pacinotti\/<\/a><\/p>\n<p dir=\"ltr\" style=\"text-align: justify;\">Non perdere l&#8217;occasione di realizzare la tua foglia-abilit\u00e0, <strong>l&#8217;albero delle identit\u00e0<\/strong> ti attende a Capena l&#8217;1 e 2 ottobre 2016.<\/p>\n<p dir=\"ltr\">Redazione<\/p>\n<\/div>\n<\/div>\n<div class=\"hi\"><\/div>\n<\/div>\n<div class=\"ajx\"><\/div>\n<\/div>\n<div class=\"gA gt acV\"><\/div>\n","protected":false},"excerpt":{"rendered":"<div class=\"mh-excerpt\"><p>A Capena non solo Festa dell&#8217;Uva ma anche un momento ludico e formativo importante con l&#8217;Albero delle Identit\u00e0 Art-Coaching alla Rocca di Capena il 1 e 2 ottobre 2016. Con l&#8217;associazione\u00a0Happy Coaching and Counseling Roma, <a class=\"mh-excerpt-more\" href=\"https:\/\/www.romaoggi.eu\/index.php\/2016\/09\/28\/l-albero-delle-identita-capena\/\" title=\"L&#8217; albero delle identit\u00e0 aspetta la tua foglia-abilit\u00e0 a Capena 1 e 2 ottobre\">[&#8230;]<\/a><\/p>\n<\/div>","protected":false},"author":3,"featured_media":4278,"comment_status":"closed","ping_status":"closed","sticky":false,"template":"","format":"standard","meta":{"_sitemap_exclude":false,"_sitemap_priority":"","_sitemap_frequency":"","footnotes":""},"categories":[1],"tags":[3216,3220,3217,3221,3222,3218,3219],"class_list":["post-4273","post","type-post","status-publish","format-standard","has-post-thumbnail","hentry","category-senza-categoria","tag-albero-delle-identita","tag-art-coaching","tag-capena","tag-foglia-abilita","tag-gesine-antje-danielsen","tag-giovanni-battista-rea","tag-stefano-battiato"],"yoast_head":"<!-- This site is optimized with the Yoast SEO plugin v27.5 - https:\/\/yoast.com\/product\/yoast-seo-wordpress\/ -->\n<title>L&#039; albero delle identit\u00e0 aspetta la tua foglia-abilit\u00e0 a Capena 1 e 2 ottobre<\/title>\n<meta name=\"description\" content=\"Associazione HAPPY Coaching and Counseling Roma, puoi modellare la tua &quot;foglia abilit\u00e0&quot; per l\u2019 Albero delle Identit\u00e0 di Capena\" \/>\n<meta name=\"robots\" content=\"index, follow, max-snippet:-1, max-image-preview:large, max-video-preview:-1\" \/>\n<link rel=\"canonical\" href=\"https:\/\/www.romaoggi.eu\/index.php\/2016\/09\/28\/l-albero-delle-identita-capena\/\" \/>\n<meta property=\"og:locale\" content=\"it_IT\" \/>\n<meta property=\"og:type\" content=\"article\" \/>\n<meta property=\"og:title\" content=\"L&#039; albero delle identit\u00e0 aspetta la tua foglia-abilit\u00e0 a Capena 1 e 2 ottobre\" \/>\n<meta property=\"og:description\" content=\"Associazione HAPPY Coaching and Counseling Roma, puoi modellare la tua &quot;foglia abilit\u00e0&quot; per l\u2019 Albero delle Identit\u00e0 di Capena\" \/>\n<meta property=\"og:url\" content=\"https:\/\/www.romaoggi.eu\/index.php\/2016\/09\/28\/l-albero-delle-identita-capena\/\" \/>\n<meta property=\"og:site_name\" content=\"roma oggi\" \/>\n<meta property=\"article:publisher\" content=\"https:\/\/www.facebook.com\/RomaOggi-841544845954114\" \/>\n<meta property=\"article:published_time\" content=\"2016-09-28T15:25:14+00:00\" \/>\n<meta property=\"article:modified_time\" content=\"2016-09-28T15:39:20+00:00\" \/>\n<meta property=\"og:image\" content=\"https:\/\/www.romaoggi.eu\/wp-content\/uploads\/2016\/09\/14495531_1774216466186598_5029145416579804933_n.jpg\" \/>\n\t<meta property=\"og:image:width\" content=\"960\" \/>\n\t<meta property=\"og:image:height\" content=\"720\" \/>\n\t<meta property=\"og:image:type\" content=\"image\/jpeg\" \/>\n<meta name=\"author\" content=\"Antonietta Di Vizia\" \/>\n<meta name=\"twitter:card\" content=\"summary_large_image\" \/>\n<meta name=\"twitter:creator\" content=\"@romaoggi_eu\" \/>\n<meta name=\"twitter:site\" content=\"@romaoggi_eu\" \/>\n<meta name=\"twitter:label1\" content=\"Scritto da\" \/>\n\t<meta name=\"twitter:data1\" content=\"Antonietta Di Vizia\" \/>\n\t<meta name=\"twitter:label2\" content=\"Tempo di lettura stimato\" \/>\n\t<meta name=\"twitter:data2\" content=\"2 minuti\" \/>\n<script type=\"application\/ld+json\" class=\"yoast-schema-graph\">{\"@context\":\"https:\\\/\\\/schema.org\",\"@graph\":[{\"@type\":\"Article\",\"@id\":\"https:\\\/\\\/www.romaoggi.eu\\\/index.php\\\/2016\\\/09\\\/28\\\/l-albero-delle-identita-capena\\\/#article\",\"isPartOf\":{\"@id\":\"https:\\\/\\\/www.romaoggi.eu\\\/index.php\\\/2016\\\/09\\\/28\\\/l-albero-delle-identita-capena\\\/\"},\"author\":{\"name\":\"Antonietta Di Vizia\",\"@id\":\"https:\\\/\\\/www.romaoggi.eu\\\/#\\\/schema\\\/person\\\/c8ca1fb64b5506391fff5f822a866c23\"},\"headline\":\"L&#8217; albero delle identit\u00e0 aspetta la tua foglia-abilit\u00e0 a Capena 1 e 2 ottobre\",\"datePublished\":\"2016-09-28T15:25:14+00:00\",\"dateModified\":\"2016-09-28T15:39:20+00:00\",\"mainEntityOfPage\":{\"@id\":\"https:\\\/\\\/www.romaoggi.eu\\\/index.php\\\/2016\\\/09\\\/28\\\/l-albero-delle-identita-capena\\\/\"},\"wordCount\":465,\"publisher\":{\"@id\":\"https:\\\/\\\/www.romaoggi.eu\\\/#organization\"},\"image\":{\"@id\":\"https:\\\/\\\/www.romaoggi.eu\\\/index.php\\\/2016\\\/09\\\/28\\\/l-albero-delle-identita-capena\\\/#primaryimage\"},\"thumbnailUrl\":\"https:\\\/\\\/www.romaoggi.eu\\\/wp-content\\\/uploads\\\/2016\\\/09\\\/14495531_1774216466186598_5029145416579804933_n.jpg\",\"keywords\":[\"Albero delle identit\u00e0\",\"Art-coaching\",\"Capena\",\"foglia abilit\u00e0\",\"Gesine Antje Danielsen\",\"giovanni Battista Rea\",\"Stefano Battiato\"],\"inLanguage\":\"it-IT\"},{\"@type\":\"WebPage\",\"@id\":\"https:\\\/\\\/www.romaoggi.eu\\\/index.php\\\/2016\\\/09\\\/28\\\/l-albero-delle-identita-capena\\\/\",\"url\":\"https:\\\/\\\/www.romaoggi.eu\\\/index.php\\\/2016\\\/09\\\/28\\\/l-albero-delle-identita-capena\\\/\",\"name\":\"L' albero delle identit\u00e0 aspetta la tua foglia-abilit\u00e0 a Capena 1 e 2 ottobre\",\"isPartOf\":{\"@id\":\"https:\\\/\\\/www.romaoggi.eu\\\/#website\"},\"primaryImageOfPage\":{\"@id\":\"https:\\\/\\\/www.romaoggi.eu\\\/index.php\\\/2016\\\/09\\\/28\\\/l-albero-delle-identita-capena\\\/#primaryimage\"},\"image\":{\"@id\":\"https:\\\/\\\/www.romaoggi.eu\\\/index.php\\\/2016\\\/09\\\/28\\\/l-albero-delle-identita-capena\\\/#primaryimage\"},\"thumbnailUrl\":\"https:\\\/\\\/www.romaoggi.eu\\\/wp-content\\\/uploads\\\/2016\\\/09\\\/14495531_1774216466186598_5029145416579804933_n.jpg\",\"datePublished\":\"2016-09-28T15:25:14+00:00\",\"dateModified\":\"2016-09-28T15:39:20+00:00\",\"description\":\"Associazione HAPPY Coaching and Counseling Roma, puoi modellare la tua \\\"foglia abilit\u00e0\\\" per l\u2019 Albero delle Identit\u00e0 di Capena\",\"breadcrumb\":{\"@id\":\"https:\\\/\\\/www.romaoggi.eu\\\/index.php\\\/2016\\\/09\\\/28\\\/l-albero-delle-identita-capena\\\/#breadcrumb\"},\"inLanguage\":\"it-IT\",\"potentialAction\":[{\"@type\":\"ReadAction\",\"target\":[\"https:\\\/\\\/www.romaoggi.eu\\\/index.php\\\/2016\\\/09\\\/28\\\/l-albero-delle-identita-capena\\\/\"]}]},{\"@type\":\"ImageObject\",\"inLanguage\":\"it-IT\",\"@id\":\"https:\\\/\\\/www.romaoggi.eu\\\/index.php\\\/2016\\\/09\\\/28\\\/l-albero-delle-identita-capena\\\/#primaryimage\",\"url\":\"https:\\\/\\\/www.romaoggi.eu\\\/wp-content\\\/uploads\\\/2016\\\/09\\\/14495531_1774216466186598_5029145416579804933_n.jpg\",\"contentUrl\":\"https:\\\/\\\/www.romaoggi.eu\\\/wp-content\\\/uploads\\\/2016\\\/09\\\/14495531_1774216466186598_5029145416579804933_n.jpg\",\"width\":960,\"height\":720,\"caption\":\"Albero delle Identit\u00e0\"},{\"@type\":\"BreadcrumbList\",\"@id\":\"https:\\\/\\\/www.romaoggi.eu\\\/index.php\\\/2016\\\/09\\\/28\\\/l-albero-delle-identita-capena\\\/#breadcrumb\",\"itemListElement\":[{\"@type\":\"ListItem\",\"position\":1,\"name\":\"Home\",\"item\":\"https:\\\/\\\/www.romaoggi.eu\\\/\"},{\"@type\":\"ListItem\",\"position\":2,\"name\":\"L&#8217; albero delle identit\u00e0 aspetta la tua foglia-abilit\u00e0 a Capena 1 e 2 ottobre\"}]},{\"@type\":\"WebSite\",\"@id\":\"https:\\\/\\\/www.romaoggi.eu\\\/#website\",\"url\":\"https:\\\/\\\/www.romaoggi.eu\\\/\",\"name\":\"roma oggi\",\"description\":\"Interesting News for Interesting people\",\"publisher\":{\"@id\":\"https:\\\/\\\/www.romaoggi.eu\\\/#organization\"},\"potentialAction\":[{\"@type\":\"SearchAction\",\"target\":{\"@type\":\"EntryPoint\",\"urlTemplate\":\"https:\\\/\\\/www.romaoggi.eu\\\/?s={search_term_string}\"},\"query-input\":{\"@type\":\"PropertyValueSpecification\",\"valueRequired\":true,\"valueName\":\"search_term_string\"}}],\"inLanguage\":\"it-IT\"},{\"@type\":\"Organization\",\"@id\":\"https:\\\/\\\/www.romaoggi.eu\\\/#organization\",\"name\":\"RomaOggi\",\"url\":\"https:\\\/\\\/www.romaoggi.eu\\\/\",\"logo\":{\"@type\":\"ImageObject\",\"inLanguage\":\"it-IT\",\"@id\":\"https:\\\/\\\/www.romaoggi.eu\\\/#\\\/schema\\\/logo\\\/image\\\/\",\"url\":\"https:\\\/\\\/www.romaoggi.eu\\\/wp-content\\\/uploads\\\/2017\\\/04\\\/logowp.jpg\",\"contentUrl\":\"https:\\\/\\\/www.romaoggi.eu\\\/wp-content\\\/uploads\\\/2017\\\/04\\\/logowp.jpg\",\"width\":300,\"height\":133,\"caption\":\"RomaOggi\"},\"image\":{\"@id\":\"https:\\\/\\\/www.romaoggi.eu\\\/#\\\/schema\\\/logo\\\/image\\\/\"},\"sameAs\":[\"https:\\\/\\\/www.facebook.com\\\/RomaOggi-841544845954114\",\"https:\\\/\\\/x.com\\\/romaoggi_eu\"]},{\"@type\":\"Person\",\"@id\":\"https:\\\/\\\/www.romaoggi.eu\\\/#\\\/schema\\\/person\\\/c8ca1fb64b5506391fff5f822a866c23\",\"name\":\"Antonietta Di Vizia\",\"image\":{\"@type\":\"ImageObject\",\"inLanguage\":\"it-IT\",\"@id\":\"https:\\\/\\\/secure.gravatar.com\\\/avatar\\\/2ad571aa3fbfe3089b06ed5617adf58717b9359c0c97cf9b52804fb2dac293f2?s=96&d=mm&r=g\",\"url\":\"https:\\\/\\\/secure.gravatar.com\\\/avatar\\\/2ad571aa3fbfe3089b06ed5617adf58717b9359c0c97cf9b52804fb2dac293f2?s=96&d=mm&r=g\",\"contentUrl\":\"https:\\\/\\\/secure.gravatar.com\\\/avatar\\\/2ad571aa3fbfe3089b06ed5617adf58717b9359c0c97cf9b52804fb2dac293f2?s=96&d=mm&r=g\",\"caption\":\"Antonietta Di Vizia\"},\"url\":\"https:\\\/\\\/www.romaoggi.eu\\\/index.php\\\/author\\\/antonietta\\\/\"}]}<\/script>\n<!-- \/ Yoast SEO plugin. -->","yoast_head_json":{"title":"L' albero delle identit\u00e0 aspetta la tua foglia-abilit\u00e0 a Capena 1 e 2 ottobre","description":"Associazione HAPPY Coaching and Counseling Roma, puoi modellare la tua \"foglia abilit\u00e0\" per l\u2019 Albero delle Identit\u00e0 di Capena","robots":{"index":"index","follow":"follow","max-snippet":"max-snippet:-1","max-image-preview":"max-image-preview:large","max-video-preview":"max-video-preview:-1"},"canonical":"https:\/\/www.romaoggi.eu\/index.php\/2016\/09\/28\/l-albero-delle-identita-capena\/","og_locale":"it_IT","og_type":"article","og_title":"L' albero delle identit\u00e0 aspetta la tua foglia-abilit\u00e0 a Capena 1 e 2 ottobre","og_description":"Associazione HAPPY Coaching and Counseling Roma, puoi modellare la tua \"foglia abilit\u00e0\" per l\u2019 Albero delle Identit\u00e0 di Capena","og_url":"https:\/\/www.romaoggi.eu\/index.php\/2016\/09\/28\/l-albero-delle-identita-capena\/","og_site_name":"roma oggi","article_publisher":"https:\/\/www.facebook.com\/RomaOggi-841544845954114","article_published_time":"2016-09-28T15:25:14+00:00","article_modified_time":"2016-09-28T15:39:20+00:00","og_image":[{"width":960,"height":720,"url":"https:\/\/www.romaoggi.eu\/wp-content\/uploads\/2016\/09\/14495531_1774216466186598_5029145416579804933_n.jpg","type":"image\/jpeg"}],"author":"Antonietta Di Vizia","twitter_card":"summary_large_image","twitter_creator":"@romaoggi_eu","twitter_site":"@romaoggi_eu","twitter_misc":{"Scritto da":"Antonietta Di Vizia","Tempo di lettura stimato":"2 minuti"},"schema":{"@context":"https:\/\/schema.org","@graph":[{"@type":"Article","@id":"https:\/\/www.romaoggi.eu\/index.php\/2016\/09\/28\/l-albero-delle-identita-capena\/#article","isPartOf":{"@id":"https:\/\/www.romaoggi.eu\/index.php\/2016\/09\/28\/l-albero-delle-identita-capena\/"},"author":{"name":"Antonietta Di Vizia","@id":"https:\/\/www.romaoggi.eu\/#\/schema\/person\/c8ca1fb64b5506391fff5f822a866c23"},"headline":"L&#8217; albero delle identit\u00e0 aspetta la tua foglia-abilit\u00e0 a Capena 1 e 2 ottobre","datePublished":"2016-09-28T15:25:14+00:00","dateModified":"2016-09-28T15:39:20+00:00","mainEntityOfPage":{"@id":"https:\/\/www.romaoggi.eu\/index.php\/2016\/09\/28\/l-albero-delle-identita-capena\/"},"wordCount":465,"publisher":{"@id":"https:\/\/www.romaoggi.eu\/#organization"},"image":{"@id":"https:\/\/www.romaoggi.eu\/index.php\/2016\/09\/28\/l-albero-delle-identita-capena\/#primaryimage"},"thumbnailUrl":"https:\/\/www.romaoggi.eu\/wp-content\/uploads\/2016\/09\/14495531_1774216466186598_5029145416579804933_n.jpg","keywords":["Albero delle identit\u00e0","Art-coaching","Capena","foglia abilit\u00e0","Gesine Antje Danielsen","giovanni Battista Rea","Stefano Battiato"],"inLanguage":"it-IT"},{"@type":"WebPage","@id":"https:\/\/www.romaoggi.eu\/index.php\/2016\/09\/28\/l-albero-delle-identita-capena\/","url":"https:\/\/www.romaoggi.eu\/index.php\/2016\/09\/28\/l-albero-delle-identita-capena\/","name":"L' albero delle identit\u00e0 aspetta la tua foglia-abilit\u00e0 a Capena 1 e 2 ottobre","isPartOf":{"@id":"https:\/\/www.romaoggi.eu\/#website"},"primaryImageOfPage":{"@id":"https:\/\/www.romaoggi.eu\/index.php\/2016\/09\/28\/l-albero-delle-identita-capena\/#primaryimage"},"image":{"@id":"https:\/\/www.romaoggi.eu\/index.php\/2016\/09\/28\/l-albero-delle-identita-capena\/#primaryimage"},"thumbnailUrl":"https:\/\/www.romaoggi.eu\/wp-content\/uploads\/2016\/09\/14495531_1774216466186598_5029145416579804933_n.jpg","datePublished":"2016-09-28T15:25:14+00:00","dateModified":"2016-09-28T15:39:20+00:00","description":"Associazione HAPPY Coaching and Counseling Roma, puoi modellare la tua \"foglia abilit\u00e0\" per l\u2019 Albero delle Identit\u00e0 di Capena","breadcrumb":{"@id":"https:\/\/www.romaoggi.eu\/index.php\/2016\/09\/28\/l-albero-delle-identita-capena\/#breadcrumb"},"inLanguage":"it-IT","potentialAction":[{"@type":"ReadAction","target":["https:\/\/www.romaoggi.eu\/index.php\/2016\/09\/28\/l-albero-delle-identita-capena\/"]}]},{"@type":"ImageObject","inLanguage":"it-IT","@id":"https:\/\/www.romaoggi.eu\/index.php\/2016\/09\/28\/l-albero-delle-identita-capena\/#primaryimage","url":"https:\/\/www.romaoggi.eu\/wp-content\/uploads\/2016\/09\/14495531_1774216466186598_5029145416579804933_n.jpg","contentUrl":"https:\/\/www.romaoggi.eu\/wp-content\/uploads\/2016\/09\/14495531_1774216466186598_5029145416579804933_n.jpg","width":960,"height":720,"caption":"Albero delle Identit\u00e0"},{"@type":"BreadcrumbList","@id":"https:\/\/www.romaoggi.eu\/index.php\/2016\/09\/28\/l-albero-delle-identita-capena\/#breadcrumb","itemListElement":[{"@type":"ListItem","position":1,"name":"Home","item":"https:\/\/www.romaoggi.eu\/"},{"@type":"ListItem","position":2,"name":"L&#8217; albero delle identit\u00e0 aspetta la tua foglia-abilit\u00e0 a Capena 1 e 2 ottobre"}]},{"@type":"WebSite","@id":"https:\/\/www.romaoggi.eu\/#website","url":"https:\/\/www.romaoggi.eu\/","name":"roma oggi","description":"Interesting News for Interesting people","publisher":{"@id":"https:\/\/www.romaoggi.eu\/#organization"},"potentialAction":[{"@type":"SearchAction","target":{"@type":"EntryPoint","urlTemplate":"https:\/\/www.romaoggi.eu\/?s={search_term_string}"},"query-input":{"@type":"PropertyValueSpecification","valueRequired":true,"valueName":"search_term_string"}}],"inLanguage":"it-IT"},{"@type":"Organization","@id":"https:\/\/www.romaoggi.eu\/#organization","name":"RomaOggi","url":"https:\/\/www.romaoggi.eu\/","logo":{"@type":"ImageObject","inLanguage":"it-IT","@id":"https:\/\/www.romaoggi.eu\/#\/schema\/logo\/image\/","url":"https:\/\/www.romaoggi.eu\/wp-content\/uploads\/2017\/04\/logowp.jpg","contentUrl":"https:\/\/www.romaoggi.eu\/wp-content\/uploads\/2017\/04\/logowp.jpg","width":300,"height":133,"caption":"RomaOggi"},"image":{"@id":"https:\/\/www.romaoggi.eu\/#\/schema\/logo\/image\/"},"sameAs":["https:\/\/www.facebook.com\/RomaOggi-841544845954114","https:\/\/x.com\/romaoggi_eu"]},{"@type":"Person","@id":"https:\/\/www.romaoggi.eu\/#\/schema\/person\/c8ca1fb64b5506391fff5f822a866c23","name":"Antonietta Di Vizia","image":{"@type":"ImageObject","inLanguage":"it-IT","@id":"https:\/\/secure.gravatar.com\/avatar\/2ad571aa3fbfe3089b06ed5617adf58717b9359c0c97cf9b52804fb2dac293f2?s=96&d=mm&r=g","url":"https:\/\/secure.gravatar.com\/avatar\/2ad571aa3fbfe3089b06ed5617adf58717b9359c0c97cf9b52804fb2dac293f2?s=96&d=mm&r=g","contentUrl":"https:\/\/secure.gravatar.com\/avatar\/2ad571aa3fbfe3089b06ed5617adf58717b9359c0c97cf9b52804fb2dac293f2?s=96&d=mm&r=g","caption":"Antonietta Di Vizia"},"url":"https:\/\/www.romaoggi.eu\/index.php\/author\/antonietta\/"}]}},"_links":{"self":[{"href":"https:\/\/www.romaoggi.eu\/index.php\/wp-json\/wp\/v2\/posts\/4273","targetHints":{"allow":["GET"]}}],"collection":[{"href":"https:\/\/www.romaoggi.eu\/index.php\/wp-json\/wp\/v2\/posts"}],"about":[{"href":"https:\/\/www.romaoggi.eu\/index.php\/wp-json\/wp\/v2\/types\/post"}],"author":[{"embeddable":true,"href":"https:\/\/www.romaoggi.eu\/index.php\/wp-json\/wp\/v2\/users\/3"}],"replies":[{"embeddable":true,"href":"https:\/\/www.romaoggi.eu\/index.php\/wp-json\/wp\/v2\/comments?post=4273"}],"version-history":[{"count":14,"href":"https:\/\/www.romaoggi.eu\/index.php\/wp-json\/wp\/v2\/posts\/4273\/revisions"}],"predecessor-version":[{"id":4291,"href":"https:\/\/www.romaoggi.eu\/index.php\/wp-json\/wp\/v2\/posts\/4273\/revisions\/4291"}],"wp:featuredmedia":[{"embeddable":true,"href":"https:\/\/www.romaoggi.eu\/index.php\/wp-json\/wp\/v2\/media\/4278"}],"wp:attachment":[{"href":"https:\/\/www.romaoggi.eu\/index.php\/wp-json\/wp\/v2\/media?parent=4273"}],"wp:term":[{"taxonomy":"category","embeddable":true,"href":"https:\/\/www.romaoggi.eu\/index.php\/wp-json\/wp\/v2\/categories?post=4273"},{"taxonomy":"post_tag","embeddable":true,"href":"https:\/\/www.romaoggi.eu\/index.php\/wp-json\/wp\/v2\/tags?post=4273"}],"curies":[{"name":"wp","href":"https:\/\/api.w.org\/{rel}","templated":true}]}}