{"id":42756,"date":"2026-04-28T07:13:04","date_gmt":"2026-04-28T05:13:04","guid":{"rendered":"https:\/\/www.romaoggi.eu\/?p=42756"},"modified":"2026-04-28T07:13:04","modified_gmt":"2026-04-28T05:13:04","slug":"la-foto-del-giorno-tutto-in-famiglia-e-di-stefano-blasi-commento-di-elisabetta-pession","status":"publish","type":"post","link":"https:\/\/www.romaoggi.eu\/index.php\/2026\/04\/28\/la-foto-del-giorno-tutto-in-famiglia-e-di-stefano-blasi-commento-di-elisabetta-pession\/","title":{"rendered":"La Foto del Giorno: &#8220;Tutto in famiglia&#8221; \u00e8 di Stefano Blasi, commento di Elisabetta Pession"},"content":{"rendered":"<p><img loading=\"lazy\" decoding=\"async\" class=\"alignnone wp-image-42507 aligncenter\" src=\"https:\/\/www.romaoggi.eu\/wp-content\/uploads\/2026\/03\/BANNER-5-MILEE-300x276.jpg\" alt=\"\" width=\"187\" height=\"172\" srcset=\"https:\/\/www.romaoggi.eu\/wp-content\/uploads\/2026\/03\/BANNER-5-MILEE-300x276.jpg 300w, https:\/\/www.romaoggi.eu\/wp-content\/uploads\/2026\/03\/BANNER-5-MILEE.jpg 551w\" sizes=\"auto, (max-width: 187px) 100vw, 187px\" \/><img loading=\"lazy\" decoding=\"async\" class=\"alignnone wp-image-39807 aligncenter\" src=\"https:\/\/www.romaoggi.eu\/wp-content\/uploads\/2025\/05\/OIP.jpeg\" alt=\"alt tag lettere caf\u00e8\" width=\"81\" height=\"81\" \/><\/p>\n<p>&nbsp;<\/p>\n<p align=\"JUSTIFY\"><strong><span style=\"color: #000000\"><span style=\"font-family: Times New Roman, serif\"><span style=\"font-size: medium\">La foto del giorno<\/span><\/span><\/span><\/strong><span style=\"color: #000000\"><span style=\"font-family: Times New Roman, serif\"><span style=\"font-size: medium\"> di<\/span><\/span><\/span><span style=\"color: #000000\"><span style=\"font-family: Times New Roman, serif\"><span style=\"font-size: medium\"><b> marted\u00ec 28 aprile 2026<\/b><\/span><\/span><\/span> <span style=\"color: #000000\"><span style=\"font-family: Times New Roman, serif\"><span style=\"font-size: medium\">dal titolo<\/span><\/span><\/span> <strong><span style=\"color: #1d2228\"><span style=\"font-family: Times New Roman, serif\"><span style=\"font-size: medium\">&#8220;Tutto in famiglia&#8221;<\/span><\/span><\/span><\/strong> <span style=\"color: #1d2228\"><span style=\"font-family: Times New Roman, serif\"><span style=\"font-size: medium\">\u00e8 di <\/span><\/span><\/span><span style=\"color: #1d2228\"><span style=\"font-family: Times New Roman, serif\"><span style=\"font-size: medium\"><b>Stefano Blasi, <\/b><\/span><\/span><\/span><span style=\"color: #1d2228\"><span style=\"font-family: Times New Roman, serif\"><span style=\"font-size: medium\">commento di <\/span><\/span><\/span><span style=\"color: #1d2228\"><span style=\"font-family: Times New Roman, serif\"><span style=\"font-size: medium\"><b>Elisabetta Pession<\/b><\/span><\/span><\/span><span style=\"color: #000000\"><span style=\"font-family: Times New Roman, serif\"><span style=\"font-size: medium\">. Rubrica a cura di Alessandro Lisci. <\/span><\/span><\/span><strong><span style=\"color: #000000\"><span style=\"font-family: Times New Roman, serif\"><span style=\"font-size: medium\">Invia la tua foto del giorno al<\/span><\/span><\/span><\/strong><strong><span style=\"color: #000000\"><span style=\"font-family: Times New Roman, serif\"><span style=\"font-size: medium\"> whats app 3316379346 o <\/span><\/span><\/span><\/strong><strong><span style=\"color: #000000\"><span style=\"font-family: Times New Roman, serif\"><span style=\"font-size: medium\">alla mail<\/span><\/span><\/span><\/strong> <strong><a href=\"mailto:alessandrolisci@yahoo.it\"><span style=\"font-family: Times New Roman, serif\"><span style=\"font-size: medium\">alessandrolisci@yahoo.it<\/span><\/span><\/a><\/strong><strong><span style=\"color: #000000\"><span style=\"font-family: Times New Roman, serif\"><span style=\"font-size: medium\">. <\/span><\/span><\/span><\/strong><\/p>\n<p align=\"JUSTIFY\"><strong><span style=\"color: #ff0000\"><span style=\"font-family: Times New Roman, serif\"><span style=\"font-size: medium\">Rubrica in collaborazione con\u00a0 Lettere Caff\u00e8 -Via San Francesco a Ripa, 100\/101 Rome, Italy mob (+39) 340 004 4154 -info@letterecaffe.org<\/span><\/span><\/span><\/strong><\/p>\n<p align=\"JUSTIFY\"><strong><span style=\"color: #000000\"><span style=\"font-family: Times New Roman, serif\"><span style=\"font-size: medium\">Il commento<\/span><\/span><\/span><\/strong><\/p>\n<p align=\"JUSTIFY\"><span style=\"font-family: Times New Roman, serif\"><span style=\"font-size: medium\"><span style=\"color: #1d2228\">La vita degli animali ci affascina sempre e in particolare ci piace osservarli per cogliere\u00a0similitudini nei loro comportamenti rispetto ai nostri riti. Ora eccoci intenti a indagare i gesti di tre primati che pur vivendo in cattivit\u00e0 sono stati inseriti in un ambiente, se pure limitato come spazio, assai simile a quello del loro habitat: chini,\u00a0 ben concentrati e attenti seduti uno dietro l&#8217;altro, li troviamo nell&#8217;atto di espletare importanti\u00a0 funzioni di igiene che svolgono quotidianamente. E&#8217; probabile si tratti di una coppia con figlio e i tre fanno parte di una comunit\u00e0 abbastanza numerosa che qui non vediamo.\u00a0<\/span><\/span><\/span><\/p>\n<p align=\"JUSTIFY\"><span style=\"color: #1d2228\"><span style=\"font-family: Times New Roman, serif\"><span style=\"font-size: medium\">La famigliola, cos\u00ec ci piace pensarla, con il pargolo al centro, offre un&#8217;immagine di grande intimit\u00e0 e di solidariet\u00e0 nella reciproca assistenza e nella scimmietta che si trova al centro si pu\u00f2 notare un particolare piacere di essere protetta\u00a0oltre che accudita: quanto \u00e8 bello spulciarsi e grattarsi l&#8217;un l&#8217;altro e la madre, ultima della fila, come tutte le madri, si sta dedicando con amore al figlio.<\/span><\/span><\/span><\/p>\n<p align=\"JUSTIFY\"><span style=\"color: #1d2228\"><span style=\"font-family: Times New Roman, serif\"><span style=\"font-size: medium\">Una volta terminata\u00a0l&#8217;operazione in questa formazione, cambieranno posizione, perch\u00e8 anche il dorso della mamma venga debitamente trattato. Pulirsi e grattarsi\u00a0la parte anteriore\u00a0del corpo e gli arti \u00e8 invece un compito facile per ognuna delle nostre scimmiette che ci stanno offrendo un esempio di solidariet\u00e0 insito nella natura animale. Siamo sicuri che lo stesso avvenga in\u00a0egual misura fra gli esseri umani?<\/span><\/span><\/span><\/p>\n<p align=\"RIGHT\"><strong><span style=\"font-family: Times New Roman, serif\"><span style=\"font-size: medium\"> \u00a9 2026 Elisabetta Pession<\/span><\/span><\/strong><\/p>\n<figure id=\"attachment_42757\" aria-describedby=\"caption-attachment-42757\" style=\"width: 1067px\" class=\"wp-caption alignnone\"><img loading=\"lazy\" decoding=\"async\" class=\" wp-image-42757\" src=\"https:\/\/www.romaoggi.eu\/wp-content\/uploads\/2026\/04\/Tutto-in-famiglia.-Fotografia-di-Stefano-Blasi-300x199.jpeg\" alt=\"alt tag Stefano Blasi\" width=\"1067\" height=\"708\" srcset=\"https:\/\/www.romaoggi.eu\/wp-content\/uploads\/2026\/04\/Tutto-in-famiglia.-Fotografia-di-Stefano-Blasi-300x199.jpeg 300w, https:\/\/www.romaoggi.eu\/wp-content\/uploads\/2026\/04\/Tutto-in-famiglia.-Fotografia-di-Stefano-Blasi-1024x680.jpeg 1024w, https:\/\/www.romaoggi.eu\/wp-content\/uploads\/2026\/04\/Tutto-in-famiglia.-Fotografia-di-Stefano-Blasi-1536x1020.jpeg 1536w, https:\/\/www.romaoggi.eu\/wp-content\/uploads\/2026\/04\/Tutto-in-famiglia.-Fotografia-di-Stefano-Blasi.jpeg 1608w\" sizes=\"auto, (max-width: 1067px) 100vw, 1067px\" \/><figcaption id=\"caption-attachment-42757\" class=\"wp-caption-text\"><strong><span style=\"color: #0000ff\">Tutto in famiglia. Fotografia di Stefano Blasi<\/span><\/strong><\/figcaption><\/figure>\n<p align=\"JUSTIFY\"><strong><span style=\"font-family: Times New Roman, serif\"><span style=\"font-size: medium\">Elisabetta Pession nota bio<\/span><\/span><\/strong><\/p>\n<p align=\"JUSTIFY\"><span style=\"color: #1a1a1a\"><span style=\"font-family: Times New Roman, serif\"><span style=\"font-size: medium\">Elisabetta Pession psicologa junghiana si diletta di letteratura e viaggi. Ama percorrere citt\u00e0 e borghi a piedi con sguardo curioso.<\/span><\/span><\/span><\/p>\n<p align=\"CENTER\"><strong><span style=\"color: #1a1a1a\"><span style=\"font-family: Times New Roman, serif\"><span style=\"font-size: medium\"><b>___________________<\/b><\/span><\/span><\/span><\/strong><\/p>\n<p align=\"CENTER\"><strong><span style=\"color: #000000\"><span style=\"font-family: Times New Roman, serif\"><span style=\"font-size: large\"><b>Editing fotografico a cura di Alessandro Lisci \u2013 Target Lab Ets<\/b><\/span><\/span><\/span><\/strong><\/p>\n<p align=\"CENTER\"><span style=\"color: #000000\"><span style=\"font-family: Times New Roman, serif\"><span style=\"font-size: large\"><b>Visita il sito:\u00a0<\/b><\/span><\/span><\/span><a href=\"https:\/\/www.facebook.com\/TargetLabEts\"><span style=\"color: #e64946\"><span style=\"font-family: Times New Roman, serif\"><span style=\"font-size: large\"><b>https:\/\/www.facebook.com\/TargetLabEts<\/b><\/span><\/span><\/span><\/a><\/p>\n<p align=\"CENTER\"><strong><span style=\"color: #000000\"><span style=\"font-family: Times New Roman, serif\"><span style=\"font-size: medium\"><b>Sostieni il progetto fotografico di Target Lab Ets con una\u00a0<\/b><\/span><\/span><\/span><\/strong><strong><span style=\"color: #ff0000\"><span style=\"font-family: Times New Roman, serif\"><span style=\"font-size: medium\"><b>donazione\/erogazione liberale<\/b><\/span><\/span><\/span><\/strong><span style=\"color: #000000\"><span style=\"font-family: Times New Roman, serif\"><span style=\"font-size: medium\">\u00a0<\/span><\/span><\/span><strong><span style=\"color: #000000\"><span style=\"font-family: Times New Roman, serif\"><span style=\"font-size: medium\"><b>al seguente\u00a0<\/b><\/span><\/span><\/span><\/strong><strong><span style=\"color: #ff0000\"><span style=\"font-family: Times New Roman, serif\"><span style=\"font-size: medium\"><b>IBAN<\/b><\/span><\/span><\/span><\/strong><span style=\"color: #000000\"><span style=\"font-family: Times New Roman, serif\"><span style=\"font-size: medium\">\u00a0<\/span><\/span><\/span><strong><span style=\"color: #ff0000\"><span style=\"font-family: Times New Roman, serif\"><span style=\"font-size: medium\"><b>IT05M0306909606100000186094<\/b><\/span><\/span><\/span><\/strong><span style=\"color: #000000\"><span style=\"font-family: Times New Roman, serif\"><span style=\"font-size: medium\">\u00a0<\/span><\/span><\/span><strong><span style=\"color: #161a1e\"><span style=\"font-family: Times New Roman, serif\"><span style=\"font-size: medium\"><b>intestato a Target Lab Ets.<\/b><\/span><\/span><\/span><\/strong><\/p>\n<p align=\"CENTER\"><strong><span style=\"color: #161a1e\"><span style=\"font-family: Times New Roman, serif\"><span style=\"font-size: medium\"><b>Le donazioni liberali sono detraibili in sede di dichiarazione dei redditi.<\/b><\/span><\/span><\/span><\/strong><\/p>\n<p align=\"CENTER\"><strong><span style=\"color: #ff0000\"><span style=\"font-family: Times New Roman, serif\"><span style=\"font-size: medium\"><b>Devolvi il 5xmille nella prossima dichiarazione dei redditi a Target Lab Ets<\/b><\/span><\/span><\/span><\/strong><span style=\"color: #000000\"><span style=\"font-family: Times New Roman, serif\"><span style=\"font-size: medium\">\u00a0<\/span><\/span><\/span><strong><span style=\"color: #000000\"><span style=\"font-family: Times New Roman, serif\"><span style=\"font-size: medium\"><b>inserendo il\u00a0<\/b><\/span><\/span><\/span><\/strong><strong><span style=\"color: #ff0000\"><span style=\"font-family: Times New Roman, serif\"><span style=\"font-size: medium\"><b>CF : 96498910585<\/b><\/span><\/span><\/span><\/strong><span style=\"color: #000000\"><span style=\"font-family: Times New Roman, serif\"><span style=\"font-size: medium\">\u00a0<\/span><\/span><\/span><strong><span style=\"color: #000000\"><span style=\"font-family: Times New Roman, serif\"><span style=\"font-size: medium\"><b>riquadro ONLUS, Enti Terzo Settore,Aps per finanziare futuri progetti fotografici a ricaduta sociale<\/b><\/span><\/span><\/span><\/strong><\/p>\n<p><span style=\"color: #000000\">\u00a0<\/span><\/p>\n<p align=\"JUSTIFY\"><span style=\"color: #26282a\"><span style=\"font-family: Times New Roman, serif\"><span style=\"font-size: medium\"><span style=\"color: #000000\"><b>Target Lab\u00a0Ets\u00a0<\/b><\/span><span style=\"color: #000000\">\u00e8 un\u2019 associazione culturale ente terzo settore, reg. 4338\/3\/2021 CF.\u00a0<\/span><span style=\"color: #1d2228\">96498910585 \u2013 Iscriz. RUNTS 30\/12\/2022), fondata e presieduta da\u00a0Alessandro Lisci, fotoreporter freelance,\u00a0e\u00a0 composta dal seguente comitato scientifico:\u00a0Simonetta Baroni\u00a0\u2013 storica dell\u2019arte;\u00a0Franco Bottoni\u00a0\u2013 tipografo;\u00a0Michele Brescia\u00a0\u2013 storico dell\u2019Arte;\u00a0Fabiana Cambiaso\u00a0\u2013 architetta;\u00a0\u00a0Allan Ceen\u00a0\u2013\u00a0 urbanista;\u00a0Marco Geppetti- fotografo professionista;\u00a0Paola Ortensi\u00a0\u2013 politiche rurali ed agricole;\u00a0Maurizio Paradisi\u00a0\u2013 sport.<\/span><\/span><\/span><\/span><\/p>\n<p align=\"JUSTIFY\"><span style=\"color: #1d2228\"><span style=\"font-family: Times New Roman, serif\"><span style=\"font-size: medium\">Target Lab Ets \u00e8 stata presentata il 6 dicembre 2021\u00a0al pubblico e alla stampa presso la sala\u00a0Walter Tobagi\u00a0della\u00a0FNSI, Federazione Nazionale della Stampa Italiana, sede nazionale di Roma,\u00a0 con\u00a0Paolo Conti\u00a0del Corriere della Sera;\u00a0Vittorio Morelli\u00a0dell\u2019Agi;\u00a0Marco Geppetti\u00a0e\u00a0Andrea Denzi\u00a0della Marcello Geppetti Media Company srl.<\/span><\/span><\/span><\/p>\n<p align=\"JUSTIFY\"><a href=\"https:\/\/www.radioradicale.it\/scheda\/654816\/presentazione-del-progetto-target-lab-ets-laboratorio-sperimentale-di-fotografia-e\" target=\"_blank\" rel=\"noopener\"><span style=\"color: #000000\"><span style=\"font-family: Times New Roman, serif\"><span style=\"font-size: medium\"><u><b>https:\/\/www.radioradicale.it\/scheda\/654816\/presentazione-del-progetto-target-lab-ets-laboratorio-sperimentale-di-fotografia-e<\/b><\/u><\/span><\/span><\/span><\/a><\/p>\n<p align=\"JUSTIFY\"><strong><span style=\"color: #000000\"><span style=\"font-family: Times New Roman, serif\"><span style=\"font-size: medium\"><b>email\u00a0\u00a0<\/b><\/span><\/span><\/span><\/strong><strong><a href=\"mailto:target.lsfc@gmail.com\" target=\"_blank\" rel=\"noopener\"><span style=\"color: #0000ff\"><span style=\"font-family: Times New Roman, serif\"><span style=\"font-size: medium\"><u><b>target.lsfc@gmail.com<\/b><\/u><\/span><\/span><\/span><\/a><\/strong><strong><span style=\"color: #cd232c\"><span style=\"font-family: Times New Roman, serif\"><span style=\"font-size: medium\"><u>\u00a0\u00a0<\/u><\/span><\/span><\/span><\/strong><strong><span style=\"color: #000000\"><span style=\"font-family: Times New Roman, serif\"><span style=\"font-size: medium\"><b>mob\u00a0. \u00a0<\/b><\/span><\/span><\/span><\/strong><strong><span style=\"color: #cd232c\"><span style=\"font-family: Times New Roman, serif\"><span style=\"font-size: medium\"><b>+<\/b><\/span><\/span><\/span><\/strong><strong><span style=\"color: #000000\"><span style=\"font-family: Times New Roman, serif\"><span style=\"font-size: medium\"><b>39 3316379346<\/b><\/span><\/span><\/span><\/strong><\/p>\n<p>&nbsp;<\/p>\n<p>&nbsp;<\/p>\n","protected":false},"excerpt":{"rendered":"<div class=\"mh-excerpt\"><p>&nbsp; La foto del giorno di marted\u00ec 28 aprile 2026 dal titolo &#8220;Tutto in famiglia&#8221; \u00e8 di Stefano Blasi, commento di Elisabetta Pession. Rubrica a cura di Alessandro Lisci. Invia la tua foto del giorno <a class=\"mh-excerpt-more\" href=\"https:\/\/www.romaoggi.eu\/index.php\/2026\/04\/28\/la-foto-del-giorno-tutto-in-famiglia-e-di-stefano-blasi-commento-di-elisabetta-pession\/\" title=\"La Foto del Giorno: &#8220;Tutto in famiglia&#8221; \u00e8 di Stefano Blasi, commento di Elisabetta Pession\">[&#8230;]<\/a><\/p>\n<\/div>","protected":false},"author":17,"featured_media":42757,"comment_status":"closed","ping_status":"open","sticky":false,"template":"","format":"standard","meta":{"_sitemap_exclude":false,"_sitemap_priority":"","_sitemap_frequency":"","footnotes":""},"categories":[8934],"tags":[14999,14994,14912,4137,17683,10726,17685,17059,17686,7539,17687,274,10420,18408,17688,17689,17690,14763,17691,17692,17693,1738,19408,17694,18788,16078,17695,15567,17684],"class_list":["post-42756","post","type-post","status-publish","format-standard","has-post-thumbnail","hentry","category-lafotodelgiorno","tag-art","tag-photo","tag-photography","tag-alessandro-lisci","tag-all_shots","tag-animali","tag-composition","tag-elisabetta-pession","tag-exposure","tag-famiglia","tag-focus","tag-fotografia","tag-la-foto-del-giorno","tag-lettere-cafe","tag-photooftheday","tag-photos","tag-pic","tag-picoftheday","tag-pics","tag-picture","tag-pictures","tag-romaoggi-eu","tag-scimmie","tag-snapshot","tag-stefano-blasi","tag-storytelling","tag-tagsforlikes","tag-target-lab-ets","tag-tecnicafotografica"],"yoast_head":"<!-- This site is optimized with the Yoast SEO plugin v27.4 - https:\/\/yoast.com\/product\/yoast-seo-wordpress\/ -->\n<title>La Foto del Giorno: &quot;Tutto in famiglia&quot; \u00e8 di Stefano Blasi, commento di Elisabetta Pession<\/title>\n<meta name=\"description\" content=\"&nbsp; La foto del giorno di marted\u00ec 28 aprile 2026 dal titolo &quot;Tutto in famiglia&quot; \u00e8 di Stefano Blasi, commento di Elisabetta Pession. Rubrica a cura di\" \/>\n<meta name=\"robots\" content=\"index, follow, max-snippet:-1, max-image-preview:large, max-video-preview:-1\" \/>\n<link rel=\"canonical\" href=\"https:\/\/www.romaoggi.eu\/index.php\/2026\/04\/28\/la-foto-del-giorno-tutto-in-famiglia-e-di-stefano-blasi-commento-di-elisabetta-pession\/\" \/>\n<meta property=\"og:locale\" content=\"it_IT\" \/>\n<meta property=\"og:type\" content=\"article\" \/>\n<meta property=\"og:title\" content=\"La Foto del Giorno: &quot;Tutto in famiglia&quot; \u00e8 di Stefano Blasi, commento di Elisabetta Pession\" \/>\n<meta property=\"og:description\" content=\"&nbsp; La foto del giorno di marted\u00ec 28 aprile 2026 dal titolo &quot;Tutto in famiglia&quot; \u00e8 di Stefano Blasi, commento di Elisabetta Pession. Rubrica a cura di\" \/>\n<meta property=\"og:url\" content=\"https:\/\/www.romaoggi.eu\/index.php\/2026\/04\/28\/la-foto-del-giorno-tutto-in-famiglia-e-di-stefano-blasi-commento-di-elisabetta-pession\/\" \/>\n<meta property=\"og:site_name\" content=\"roma oggi\" \/>\n<meta property=\"article:publisher\" content=\"https:\/\/www.facebook.com\/RomaOggi-841544845954114\" \/>\n<meta property=\"article:published_time\" content=\"2026-04-28T05:13:04+00:00\" \/>\n<meta property=\"og:image\" content=\"https:\/\/www.romaoggi.eu\/wp-content\/uploads\/2026\/04\/Tutto-in-famiglia.-Fotografia-di-Stefano-Blasi.jpeg\" \/>\n\t<meta property=\"og:image:width\" content=\"1608\" \/>\n\t<meta property=\"og:image:height\" content=\"1068\" \/>\n\t<meta property=\"og:image:type\" content=\"image\/jpeg\" \/>\n<meta name=\"author\" content=\"Target Lab Ets\" \/>\n<meta name=\"twitter:card\" content=\"summary_large_image\" \/>\n<meta name=\"twitter:creator\" content=\"@romaoggi_eu\" \/>\n<meta name=\"twitter:site\" content=\"@romaoggi_eu\" \/>\n<meta name=\"twitter:label1\" content=\"Scritto da\" \/>\n\t<meta name=\"twitter:data1\" content=\"Target Lab Ets\" \/>\n\t<meta name=\"twitter:label2\" content=\"Tempo di lettura stimato\" \/>\n\t<meta name=\"twitter:data2\" content=\"4 minuti\" \/>\n<script type=\"application\/ld+json\" class=\"yoast-schema-graph\">{\"@context\":\"https:\\\/\\\/schema.org\",\"@graph\":[{\"@type\":\"Article\",\"@id\":\"https:\\\/\\\/www.romaoggi.eu\\\/index.php\\\/2026\\\/04\\\/28\\\/la-foto-del-giorno-tutto-in-famiglia-e-di-stefano-blasi-commento-di-elisabetta-pession\\\/#article\",\"isPartOf\":{\"@id\":\"https:\\\/\\\/www.romaoggi.eu\\\/index.php\\\/2026\\\/04\\\/28\\\/la-foto-del-giorno-tutto-in-famiglia-e-di-stefano-blasi-commento-di-elisabetta-pession\\\/\"},\"author\":{\"name\":\"Target Lab Ets\",\"@id\":\"https:\\\/\\\/www.romaoggi.eu\\\/#\\\/schema\\\/person\\\/72b8cfc6de60caeb335267c8e21d90fb\"},\"headline\":\"La Foto del Giorno: &#8220;Tutto in famiglia&#8221; \u00e8 di Stefano Blasi, commento di Elisabetta Pession\",\"datePublished\":\"2026-04-28T05:13:04+00:00\",\"mainEntityOfPage\":{\"@id\":\"https:\\\/\\\/www.romaoggi.eu\\\/index.php\\\/2026\\\/04\\\/28\\\/la-foto-del-giorno-tutto-in-famiglia-e-di-stefano-blasi-commento-di-elisabetta-pession\\\/\"},\"wordCount\":553,\"publisher\":{\"@id\":\"https:\\\/\\\/www.romaoggi.eu\\\/#organization\"},\"image\":{\"@id\":\"https:\\\/\\\/www.romaoggi.eu\\\/index.php\\\/2026\\\/04\\\/28\\\/la-foto-del-giorno-tutto-in-famiglia-e-di-stefano-blasi-commento-di-elisabetta-pession\\\/#primaryimage\"},\"thumbnailUrl\":\"https:\\\/\\\/www.romaoggi.eu\\\/wp-content\\\/uploads\\\/2026\\\/04\\\/Tutto-in-famiglia.-Fotografia-di-Stefano-Blasi.jpeg\",\"keywords\":[\"#art\",\"#photo\",\"#photography\",\"alessandro lisci\",\"all_shots\",\"animali\",\"composition\",\"Elisabetta Pession\",\"exposure\",\"famiglia\",\"focus\",\"fotografia\",\"La foto del giorno\",\"lettere caf\u00e8\",\"photooftheday\",\"photos\",\"pic\",\"picoftheday\",\"pics\",\"picture\",\"pictures\",\"RomaOggi.eu\",\"Scimmie\",\"snapshot\",\"Stefano Blasi\",\"storytelling\",\"TagsForLikes\",\"target lab ets\",\"tecnicafotografica\"],\"articleSection\":[\"La foto del giorno\"],\"inLanguage\":\"it-IT\"},{\"@type\":\"WebPage\",\"@id\":\"https:\\\/\\\/www.romaoggi.eu\\\/index.php\\\/2026\\\/04\\\/28\\\/la-foto-del-giorno-tutto-in-famiglia-e-di-stefano-blasi-commento-di-elisabetta-pession\\\/\",\"url\":\"https:\\\/\\\/www.romaoggi.eu\\\/index.php\\\/2026\\\/04\\\/28\\\/la-foto-del-giorno-tutto-in-famiglia-e-di-stefano-blasi-commento-di-elisabetta-pession\\\/\",\"name\":\"La Foto del Giorno: \\\"Tutto in famiglia\\\" \u00e8 di Stefano Blasi, commento di Elisabetta Pession\",\"isPartOf\":{\"@id\":\"https:\\\/\\\/www.romaoggi.eu\\\/#website\"},\"primaryImageOfPage\":{\"@id\":\"https:\\\/\\\/www.romaoggi.eu\\\/index.php\\\/2026\\\/04\\\/28\\\/la-foto-del-giorno-tutto-in-famiglia-e-di-stefano-blasi-commento-di-elisabetta-pession\\\/#primaryimage\"},\"image\":{\"@id\":\"https:\\\/\\\/www.romaoggi.eu\\\/index.php\\\/2026\\\/04\\\/28\\\/la-foto-del-giorno-tutto-in-famiglia-e-di-stefano-blasi-commento-di-elisabetta-pession\\\/#primaryimage\"},\"thumbnailUrl\":\"https:\\\/\\\/www.romaoggi.eu\\\/wp-content\\\/uploads\\\/2026\\\/04\\\/Tutto-in-famiglia.-Fotografia-di-Stefano-Blasi.jpeg\",\"datePublished\":\"2026-04-28T05:13:04+00:00\",\"description\":\"&nbsp; La foto del giorno di marted\u00ec 28 aprile 2026 dal titolo \\\"Tutto in famiglia\\\" \u00e8 di Stefano Blasi, commento di Elisabetta Pession. Rubrica a cura di\",\"breadcrumb\":{\"@id\":\"https:\\\/\\\/www.romaoggi.eu\\\/index.php\\\/2026\\\/04\\\/28\\\/la-foto-del-giorno-tutto-in-famiglia-e-di-stefano-blasi-commento-di-elisabetta-pession\\\/#breadcrumb\"},\"inLanguage\":\"it-IT\",\"potentialAction\":[{\"@type\":\"ReadAction\",\"target\":[\"https:\\\/\\\/www.romaoggi.eu\\\/index.php\\\/2026\\\/04\\\/28\\\/la-foto-del-giorno-tutto-in-famiglia-e-di-stefano-blasi-commento-di-elisabetta-pession\\\/\"]}]},{\"@type\":\"ImageObject\",\"inLanguage\":\"it-IT\",\"@id\":\"https:\\\/\\\/www.romaoggi.eu\\\/index.php\\\/2026\\\/04\\\/28\\\/la-foto-del-giorno-tutto-in-famiglia-e-di-stefano-blasi-commento-di-elisabetta-pession\\\/#primaryimage\",\"url\":\"https:\\\/\\\/www.romaoggi.eu\\\/wp-content\\\/uploads\\\/2026\\\/04\\\/Tutto-in-famiglia.-Fotografia-di-Stefano-Blasi.jpeg\",\"contentUrl\":\"https:\\\/\\\/www.romaoggi.eu\\\/wp-content\\\/uploads\\\/2026\\\/04\\\/Tutto-in-famiglia.-Fotografia-di-Stefano-Blasi.jpeg\",\"width\":1608,\"height\":1068,\"caption\":\"Tutto in famiglia. Fotografia di Stefano Blasi\"},{\"@type\":\"BreadcrumbList\",\"@id\":\"https:\\\/\\\/www.romaoggi.eu\\\/index.php\\\/2026\\\/04\\\/28\\\/la-foto-del-giorno-tutto-in-famiglia-e-di-stefano-blasi-commento-di-elisabetta-pession\\\/#breadcrumb\",\"itemListElement\":[{\"@type\":\"ListItem\",\"position\":1,\"name\":\"Home\",\"item\":\"https:\\\/\\\/www.romaoggi.eu\\\/\"},{\"@type\":\"ListItem\",\"position\":2,\"name\":\"La Foto del Giorno: &#8220;Tutto in famiglia&#8221; \u00e8 di Stefano Blasi, commento di Elisabetta Pession\"}]},{\"@type\":\"WebSite\",\"@id\":\"https:\\\/\\\/www.romaoggi.eu\\\/#website\",\"url\":\"https:\\\/\\\/www.romaoggi.eu\\\/\",\"name\":\"roma oggi\",\"description\":\"Interesting News for Interesting people\",\"publisher\":{\"@id\":\"https:\\\/\\\/www.romaoggi.eu\\\/#organization\"},\"potentialAction\":[{\"@type\":\"SearchAction\",\"target\":{\"@type\":\"EntryPoint\",\"urlTemplate\":\"https:\\\/\\\/www.romaoggi.eu\\\/?s={search_term_string}\"},\"query-input\":{\"@type\":\"PropertyValueSpecification\",\"valueRequired\":true,\"valueName\":\"search_term_string\"}}],\"inLanguage\":\"it-IT\"},{\"@type\":\"Organization\",\"@id\":\"https:\\\/\\\/www.romaoggi.eu\\\/#organization\",\"name\":\"RomaOggi\",\"url\":\"https:\\\/\\\/www.romaoggi.eu\\\/\",\"logo\":{\"@type\":\"ImageObject\",\"inLanguage\":\"it-IT\",\"@id\":\"https:\\\/\\\/www.romaoggi.eu\\\/#\\\/schema\\\/logo\\\/image\\\/\",\"url\":\"https:\\\/\\\/www.romaoggi.eu\\\/wp-content\\\/uploads\\\/2017\\\/04\\\/logowp.jpg\",\"contentUrl\":\"https:\\\/\\\/www.romaoggi.eu\\\/wp-content\\\/uploads\\\/2017\\\/04\\\/logowp.jpg\",\"width\":300,\"height\":133,\"caption\":\"RomaOggi\"},\"image\":{\"@id\":\"https:\\\/\\\/www.romaoggi.eu\\\/#\\\/schema\\\/logo\\\/image\\\/\"},\"sameAs\":[\"https:\\\/\\\/www.facebook.com\\\/RomaOggi-841544845954114\",\"https:\\\/\\\/x.com\\\/romaoggi_eu\"]},{\"@type\":\"Person\",\"@id\":\"https:\\\/\\\/www.romaoggi.eu\\\/#\\\/schema\\\/person\\\/72b8cfc6de60caeb335267c8e21d90fb\",\"name\":\"Target Lab Ets\",\"image\":{\"@type\":\"ImageObject\",\"inLanguage\":\"it-IT\",\"@id\":\"https:\\\/\\\/secure.gravatar.com\\\/avatar\\\/ab64fd266889a629b0e9e6ab56209e379c2a89cfda303941ee9621d4090292d1?s=96&d=mm&r=g\",\"url\":\"https:\\\/\\\/secure.gravatar.com\\\/avatar\\\/ab64fd266889a629b0e9e6ab56209e379c2a89cfda303941ee9621d4090292d1?s=96&d=mm&r=g\",\"contentUrl\":\"https:\\\/\\\/secure.gravatar.com\\\/avatar\\\/ab64fd266889a629b0e9e6ab56209e379c2a89cfda303941ee9621d4090292d1?s=96&d=mm&r=g\",\"caption\":\"Target Lab Ets\"},\"sameAs\":[\"http:\\\/\\\/www.targetlab.org\"],\"url\":\"https:\\\/\\\/www.romaoggi.eu\\\/index.php\\\/author\\\/isfc\\\/\"}]}<\/script>\n<!-- \/ Yoast SEO plugin. -->","yoast_head_json":{"title":"La Foto del Giorno: \"Tutto in famiglia\" \u00e8 di Stefano Blasi, commento di Elisabetta Pession","description":"&nbsp; La foto del giorno di marted\u00ec 28 aprile 2026 dal titolo \"Tutto in famiglia\" \u00e8 di Stefano Blasi, commento di Elisabetta Pession. Rubrica a cura di","robots":{"index":"index","follow":"follow","max-snippet":"max-snippet:-1","max-image-preview":"max-image-preview:large","max-video-preview":"max-video-preview:-1"},"canonical":"https:\/\/www.romaoggi.eu\/index.php\/2026\/04\/28\/la-foto-del-giorno-tutto-in-famiglia-e-di-stefano-blasi-commento-di-elisabetta-pession\/","og_locale":"it_IT","og_type":"article","og_title":"La Foto del Giorno: \"Tutto in famiglia\" \u00e8 di Stefano Blasi, commento di Elisabetta Pession","og_description":"&nbsp; La foto del giorno di marted\u00ec 28 aprile 2026 dal titolo \"Tutto in famiglia\" \u00e8 di Stefano Blasi, commento di Elisabetta Pession. Rubrica a cura di","og_url":"https:\/\/www.romaoggi.eu\/index.php\/2026\/04\/28\/la-foto-del-giorno-tutto-in-famiglia-e-di-stefano-blasi-commento-di-elisabetta-pession\/","og_site_name":"roma oggi","article_publisher":"https:\/\/www.facebook.com\/RomaOggi-841544845954114","article_published_time":"2026-04-28T05:13:04+00:00","og_image":[{"width":1608,"height":1068,"url":"https:\/\/www.romaoggi.eu\/wp-content\/uploads\/2026\/04\/Tutto-in-famiglia.-Fotografia-di-Stefano-Blasi.jpeg","type":"image\/jpeg"}],"author":"Target Lab Ets","twitter_card":"summary_large_image","twitter_creator":"@romaoggi_eu","twitter_site":"@romaoggi_eu","twitter_misc":{"Scritto da":"Target Lab Ets","Tempo di lettura stimato":"4 minuti"},"schema":{"@context":"https:\/\/schema.org","@graph":[{"@type":"Article","@id":"https:\/\/www.romaoggi.eu\/index.php\/2026\/04\/28\/la-foto-del-giorno-tutto-in-famiglia-e-di-stefano-blasi-commento-di-elisabetta-pession\/#article","isPartOf":{"@id":"https:\/\/www.romaoggi.eu\/index.php\/2026\/04\/28\/la-foto-del-giorno-tutto-in-famiglia-e-di-stefano-blasi-commento-di-elisabetta-pession\/"},"author":{"name":"Target Lab Ets","@id":"https:\/\/www.romaoggi.eu\/#\/schema\/person\/72b8cfc6de60caeb335267c8e21d90fb"},"headline":"La Foto del Giorno: &#8220;Tutto in famiglia&#8221; \u00e8 di Stefano Blasi, commento di Elisabetta Pession","datePublished":"2026-04-28T05:13:04+00:00","mainEntityOfPage":{"@id":"https:\/\/www.romaoggi.eu\/index.php\/2026\/04\/28\/la-foto-del-giorno-tutto-in-famiglia-e-di-stefano-blasi-commento-di-elisabetta-pession\/"},"wordCount":553,"publisher":{"@id":"https:\/\/www.romaoggi.eu\/#organization"},"image":{"@id":"https:\/\/www.romaoggi.eu\/index.php\/2026\/04\/28\/la-foto-del-giorno-tutto-in-famiglia-e-di-stefano-blasi-commento-di-elisabetta-pession\/#primaryimage"},"thumbnailUrl":"https:\/\/www.romaoggi.eu\/wp-content\/uploads\/2026\/04\/Tutto-in-famiglia.-Fotografia-di-Stefano-Blasi.jpeg","keywords":["#art","#photo","#photography","alessandro lisci","all_shots","animali","composition","Elisabetta Pession","exposure","famiglia","focus","fotografia","La foto del giorno","lettere caf\u00e8","photooftheday","photos","pic","picoftheday","pics","picture","pictures","RomaOggi.eu","Scimmie","snapshot","Stefano Blasi","storytelling","TagsForLikes","target lab ets","tecnicafotografica"],"articleSection":["La foto del giorno"],"inLanguage":"it-IT"},{"@type":"WebPage","@id":"https:\/\/www.romaoggi.eu\/index.php\/2026\/04\/28\/la-foto-del-giorno-tutto-in-famiglia-e-di-stefano-blasi-commento-di-elisabetta-pession\/","url":"https:\/\/www.romaoggi.eu\/index.php\/2026\/04\/28\/la-foto-del-giorno-tutto-in-famiglia-e-di-stefano-blasi-commento-di-elisabetta-pession\/","name":"La Foto del Giorno: \"Tutto in famiglia\" \u00e8 di Stefano Blasi, commento di Elisabetta Pession","isPartOf":{"@id":"https:\/\/www.romaoggi.eu\/#website"},"primaryImageOfPage":{"@id":"https:\/\/www.romaoggi.eu\/index.php\/2026\/04\/28\/la-foto-del-giorno-tutto-in-famiglia-e-di-stefano-blasi-commento-di-elisabetta-pession\/#primaryimage"},"image":{"@id":"https:\/\/www.romaoggi.eu\/index.php\/2026\/04\/28\/la-foto-del-giorno-tutto-in-famiglia-e-di-stefano-blasi-commento-di-elisabetta-pession\/#primaryimage"},"thumbnailUrl":"https:\/\/www.romaoggi.eu\/wp-content\/uploads\/2026\/04\/Tutto-in-famiglia.-Fotografia-di-Stefano-Blasi.jpeg","datePublished":"2026-04-28T05:13:04+00:00","description":"&nbsp; La foto del giorno di marted\u00ec 28 aprile 2026 dal titolo \"Tutto in famiglia\" \u00e8 di Stefano Blasi, commento di Elisabetta Pession. Rubrica a cura di","breadcrumb":{"@id":"https:\/\/www.romaoggi.eu\/index.php\/2026\/04\/28\/la-foto-del-giorno-tutto-in-famiglia-e-di-stefano-blasi-commento-di-elisabetta-pession\/#breadcrumb"},"inLanguage":"it-IT","potentialAction":[{"@type":"ReadAction","target":["https:\/\/www.romaoggi.eu\/index.php\/2026\/04\/28\/la-foto-del-giorno-tutto-in-famiglia-e-di-stefano-blasi-commento-di-elisabetta-pession\/"]}]},{"@type":"ImageObject","inLanguage":"it-IT","@id":"https:\/\/www.romaoggi.eu\/index.php\/2026\/04\/28\/la-foto-del-giorno-tutto-in-famiglia-e-di-stefano-blasi-commento-di-elisabetta-pession\/#primaryimage","url":"https:\/\/www.romaoggi.eu\/wp-content\/uploads\/2026\/04\/Tutto-in-famiglia.-Fotografia-di-Stefano-Blasi.jpeg","contentUrl":"https:\/\/www.romaoggi.eu\/wp-content\/uploads\/2026\/04\/Tutto-in-famiglia.-Fotografia-di-Stefano-Blasi.jpeg","width":1608,"height":1068,"caption":"Tutto in famiglia. Fotografia di Stefano Blasi"},{"@type":"BreadcrumbList","@id":"https:\/\/www.romaoggi.eu\/index.php\/2026\/04\/28\/la-foto-del-giorno-tutto-in-famiglia-e-di-stefano-blasi-commento-di-elisabetta-pession\/#breadcrumb","itemListElement":[{"@type":"ListItem","position":1,"name":"Home","item":"https:\/\/www.romaoggi.eu\/"},{"@type":"ListItem","position":2,"name":"La Foto del Giorno: &#8220;Tutto in famiglia&#8221; \u00e8 di Stefano Blasi, commento di Elisabetta Pession"}]},{"@type":"WebSite","@id":"https:\/\/www.romaoggi.eu\/#website","url":"https:\/\/www.romaoggi.eu\/","name":"roma oggi","description":"Interesting News for Interesting people","publisher":{"@id":"https:\/\/www.romaoggi.eu\/#organization"},"potentialAction":[{"@type":"SearchAction","target":{"@type":"EntryPoint","urlTemplate":"https:\/\/www.romaoggi.eu\/?s={search_term_string}"},"query-input":{"@type":"PropertyValueSpecification","valueRequired":true,"valueName":"search_term_string"}}],"inLanguage":"it-IT"},{"@type":"Organization","@id":"https:\/\/www.romaoggi.eu\/#organization","name":"RomaOggi","url":"https:\/\/www.romaoggi.eu\/","logo":{"@type":"ImageObject","inLanguage":"it-IT","@id":"https:\/\/www.romaoggi.eu\/#\/schema\/logo\/image\/","url":"https:\/\/www.romaoggi.eu\/wp-content\/uploads\/2017\/04\/logowp.jpg","contentUrl":"https:\/\/www.romaoggi.eu\/wp-content\/uploads\/2017\/04\/logowp.jpg","width":300,"height":133,"caption":"RomaOggi"},"image":{"@id":"https:\/\/www.romaoggi.eu\/#\/schema\/logo\/image\/"},"sameAs":["https:\/\/www.facebook.com\/RomaOggi-841544845954114","https:\/\/x.com\/romaoggi_eu"]},{"@type":"Person","@id":"https:\/\/www.romaoggi.eu\/#\/schema\/person\/72b8cfc6de60caeb335267c8e21d90fb","name":"Target Lab Ets","image":{"@type":"ImageObject","inLanguage":"it-IT","@id":"https:\/\/secure.gravatar.com\/avatar\/ab64fd266889a629b0e9e6ab56209e379c2a89cfda303941ee9621d4090292d1?s=96&d=mm&r=g","url":"https:\/\/secure.gravatar.com\/avatar\/ab64fd266889a629b0e9e6ab56209e379c2a89cfda303941ee9621d4090292d1?s=96&d=mm&r=g","contentUrl":"https:\/\/secure.gravatar.com\/avatar\/ab64fd266889a629b0e9e6ab56209e379c2a89cfda303941ee9621d4090292d1?s=96&d=mm&r=g","caption":"Target Lab Ets"},"sameAs":["http:\/\/www.targetlab.org"],"url":"https:\/\/www.romaoggi.eu\/index.php\/author\/isfc\/"}]}},"_links":{"self":[{"href":"https:\/\/www.romaoggi.eu\/index.php\/wp-json\/wp\/v2\/posts\/42756","targetHints":{"allow":["GET"]}}],"collection":[{"href":"https:\/\/www.romaoggi.eu\/index.php\/wp-json\/wp\/v2\/posts"}],"about":[{"href":"https:\/\/www.romaoggi.eu\/index.php\/wp-json\/wp\/v2\/types\/post"}],"author":[{"embeddable":true,"href":"https:\/\/www.romaoggi.eu\/index.php\/wp-json\/wp\/v2\/users\/17"}],"replies":[{"embeddable":true,"href":"https:\/\/www.romaoggi.eu\/index.php\/wp-json\/wp\/v2\/comments?post=42756"}],"version-history":[{"count":3,"href":"https:\/\/www.romaoggi.eu\/index.php\/wp-json\/wp\/v2\/posts\/42756\/revisions"}],"predecessor-version":[{"id":42789,"href":"https:\/\/www.romaoggi.eu\/index.php\/wp-json\/wp\/v2\/posts\/42756\/revisions\/42789"}],"wp:featuredmedia":[{"embeddable":true,"href":"https:\/\/www.romaoggi.eu\/index.php\/wp-json\/wp\/v2\/media\/42757"}],"wp:attachment":[{"href":"https:\/\/www.romaoggi.eu\/index.php\/wp-json\/wp\/v2\/media?parent=42756"}],"wp:term":[{"taxonomy":"category","embeddable":true,"href":"https:\/\/www.romaoggi.eu\/index.php\/wp-json\/wp\/v2\/categories?post=42756"},{"taxonomy":"post_tag","embeddable":true,"href":"https:\/\/www.romaoggi.eu\/index.php\/wp-json\/wp\/v2\/tags?post=42756"}],"curies":[{"name":"wp","href":"https:\/\/api.w.org\/{rel}","templated":true}]}}