{"id":42767,"date":"2026-04-29T09:52:33","date_gmt":"2026-04-29T07:52:33","guid":{"rendered":"https:\/\/www.romaoggi.eu\/?p=42767"},"modified":"2026-04-29T09:52:33","modified_gmt":"2026-04-29T07:52:33","slug":"la-foto-del-giorno-arredamenti-per-esterni-di-riccardo-damico-commento-di-irene-vallerotonda-target-lab-ets","status":"publish","type":"post","link":"https:\/\/www.romaoggi.eu\/index.php\/2026\/04\/29\/la-foto-del-giorno-arredamenti-per-esterni-di-riccardo-damico-commento-di-irene-vallerotonda-target-lab-ets\/","title":{"rendered":"La Foto del Giorno: &#8220;Arredamenti per esterni&#8221; di Riccardo D&#8217;Amico. Commento di Irene Vallerotonda &#8211; Target Lab Ets"},"content":{"rendered":"<p><img loading=\"lazy\" decoding=\"async\" class=\"alignnone wp-image-42507 aligncenter\" src=\"https:\/\/www.romaoggi.eu\/wp-content\/uploads\/2026\/03\/BANNER-5-MILEE-300x276.jpg\" alt=\"\" width=\"187\" height=\"172\" srcset=\"https:\/\/www.romaoggi.eu\/wp-content\/uploads\/2026\/03\/BANNER-5-MILEE-300x276.jpg 300w, https:\/\/www.romaoggi.eu\/wp-content\/uploads\/2026\/03\/BANNER-5-MILEE.jpg 551w\" sizes=\"auto, (max-width: 187px) 100vw, 187px\" \/><img loading=\"lazy\" decoding=\"async\" class=\"alignnone wp-image-39807 aligncenter\" src=\"https:\/\/www.romaoggi.eu\/wp-content\/uploads\/2025\/05\/OIP.jpeg\" alt=\"alt tag lettere caf\u00e8\" width=\"81\" height=\"81\" \/><\/p>\n<p>&nbsp;<\/p>\n<p align=\"JUSTIFY\"><strong><span style=\"font-family: Times New Roman, serif\"><span style=\"font-size: medium\"><b>La foto del giorno <\/b><\/span><\/span><\/strong><strong><span style=\"font-family: Times New Roman, serif\"><span style=\"font-size: medium\">di mercoled\u00ec 29 aprile <\/span><\/span><\/strong><strong><span style=\"font-family: Times New Roman, serif\"><span style=\"font-size: medium\"><b>2026<\/b><\/span><\/span><\/strong><strong><span style=\"font-family: Times New Roman, serif\"><span style=\"font-size: medium\"> dal titolo \u201c<\/span><\/span><\/strong><strong><span style=\"font-family: Times New Roman, serif\"><span style=\"font-size: medium\"><b>Arredamenti per esterni<\/b><\/span><\/span><\/strong><strong><span style=\"font-family: Times New Roman, serif\"><span style=\"font-size: medium\">\u201d \u00e8 di<\/span><\/span><\/strong><strong><span style=\"font-family: Times New Roman, serif\"><span style=\"font-size: medium\"><b> Riccardo D&#8217;Amico<\/b><\/span><\/span><\/strong><strong><span style=\"font-family: Times New Roman, serif\"><span style=\"font-size: medium\"> commento di\u00a0<\/span><\/span><\/strong><strong><span style=\"font-family: Times New Roman, serif\"><span style=\"font-size: medium\"><b>Irene Vallerotonda<\/b><\/span><\/span><\/strong><strong><span style=\"font-family: Times New Roman, serif\"><span style=\"font-size: medium\">. Rubrica a cura di Alessandro Lisci. <\/span><\/span><\/strong><strong><span style=\"font-family: Times New Roman, serif\"><span style=\"font-size: medium\"><b>Invia la tua foto del giorno al\u00a0whats app 3316379346 <\/b><\/span><\/span><\/strong><strong><span style=\"font-family: Times New Roman, serif\"><span style=\"font-size: medium\">o alla mail\u00a0<a href=\"mailto:alessandrolisci@yahoo.it\">alessandrolisci@yahoo.it<\/a>.<\/span><\/span><\/strong><\/p>\n<p align=\"JUSTIFY\"><strong><span style=\"color: #ff0000\"><span style=\"font-family: Times New Roman, serif\"><span style=\"font-size: medium\">Rubrica in collaborazione con\u00a0 Lettere Caff\u00e8 -Via San Francesco a Ripa, 100\/101 Rome, Italy mob (+39) 340 004 4154 -info@letterecaffe.org<\/span><\/span><\/span><\/strong><\/p>\n<p align=\"JUSTIFY\"><strong><span style=\"font-family: Times New Roman, serif\"><span style=\"font-size: medium\"><b>Il commento<\/b><\/span><\/span><\/strong><\/p>\n<p align=\"JUSTIFY\"><span style=\"font-family: Times New Roman, serif\"><span style=\"font-size: medium\">C\u2019\u00e8 una strana, malinconica nobilt\u00e0 in questa scena. <\/span><\/span><\/p>\n<p align=\"JUSTIFY\"><span style=\"font-family: Times New Roman, serif\"><span style=\"font-size: medium\">Quella poltrona color tabacco, con le sue forme generose e la pelle vissuta, sembra quasi rivendicare il diritto di esistere ancora, nonostante sia stata sfrattata sul marciapiede accanto a un materasso e ai cassonetti.<\/span><\/span><\/p>\n<p align=\"JUSTIFY\"><span style=\"font-family: Times New Roman, serif\"><span style=\"font-size: medium\">Un\u2019immagine che cattura perfettamente quel fenomeno che potremmo definire design dell&#8217;abbandono. Il titolo suggerisce una provocazione: se la casa \u00e8 dove ci si sente accolti, qui bastano un paio di metri quadri di cemento e un raggio di sole per trasformare un angolo di strada in un soggiorno surreale.<\/span><\/span><\/p>\n<p align=\"JUSTIFY\"><span style=\"font-family: Times New Roman, serif\"><span style=\"font-size: medium\">Ci leggo l\u2019accoglienza<b> <\/b>dove la poltrona conserva un\u2019aria incredibilmente comoda, quasi invitante, in totale disaccordo con il grigiore del marciapiede.<\/span><\/span><\/p>\n<p align=\"JUSTIFY\"><a name=\"_GoBack\"><\/a> <span style=\"font-family: Times New Roman, serif\"><span style=\"font-size: medium\">Ci colgo l\u2019effimero<b>:<\/b> \u00c8 un salotto che durer\u00e0 il tempo di un passaggio dell&#8217;AMA o di un temporale improvviso.<\/span><\/span><\/p>\n<p align=\"JUSTIFY\"><span style=\"font-family: Times New Roman, serif\"><span style=\"font-size: medium\">Per ultimo vedere mobili del genere in strada ci parla dei traslochi, dei cambiamenti di vita e di quell&#8217;idea tutta contemporanea di &#8220;buttare il vecchio&#8221; per fare spazio al nuovo, lasciando per\u00f2 una traccia visibile del proprio passato privato nello spazio pubblico.<\/span><\/span><\/p>\n<p align=\"JUSTIFY\"><span style=\"font-family: Times New Roman, serif\"><span style=\"font-size: medium\">In un mondo dove l&#8217;arredamento da esterni \u00e8 fatto di polimeri minimalisti e metalli leggeri, questa scena ci ricorda che, alla fine, &#8220;fare casa&#8221; \u00e8 una questione di atmosfera, non di location. Certo, mancano le pareti e il tetto, ma la dignit\u00e0 di quella seduta trasforma per un attimo il marciapiede in un luogo di sosta, anzich\u00e9 di solo transito.<\/span><\/span><\/p>\n<p align=\"JUSTIFY\"><span style=\"font-family: Times New Roman, serif\"><span style=\"font-size: medium\">Il design non \u00e8 come sembra o come appare, ma come funziona. E questa poltrona, anche sul ciglio della strada, sembra funzionare ancora benissimo come promessa di riposo.<\/span><\/span><\/p>\n<p align=\"JUSTIFY\"><span style=\"font-family: Times New Roman, serif\"><span style=\"font-size: medium\">Se la poltrona \u00e8 la protagonista scenografica di questo &#8220;salotto&#8221;, il materasso ne \u00e8 l&#8217;anima pi\u00f9 umile e, se vogliamo, ancora pi\u00f9 malinconica!<\/span><\/span><\/p>\n<p align=\"JUSTIFY\"><span style=\"font-family: Times New Roman, serif\"><span style=\"font-size: medium\">Con la sua trama a strisce blu e il bianco ormai stanco, il materasso funge da tappeto improvvisato per questa stanza senza soffitto. \u00c8 l&#8217;oggetto che pi\u00f9 di ogni altro porta i segni invisibili di chi lo ha usato: sogni, insonnie, amori e fatiche.<\/span><\/span><\/p>\n<p align=\"JUSTIFY\"><span style=\"font-family: Times New Roman, serif\"><span style=\"font-size: medium\">Mentre tutto intorno si sviluppa in verticale (i palazzi, i pali della luce, i cassonetti), lui resta l\u00ec, piatto e vulnerabile. Sembra quasi voler ammorbidire la durezza del cemento, offrendo un ultimo, estremo servizio alla strada.<\/span><\/span><\/p>\n<p align=\"JUSTIFY\"><span style=\"font-family: Times New Roman, serif\"><span style=\"font-size: medium\">C\u2019\u00e8 qualcosa di profondamente stridente nel vedere un oggetto deputato al massimo del privato, il sonno, esposto al massimo del pubblico, il passaggio della gente.<\/span><\/span><\/p>\n<p align=\"JUSTIFY\"><span style=\"font-family: Times New Roman, serif\"><span style=\"font-size: medium\">Insieme alla poltrona, il materasso completa l&#8217;opera. Se la poltrona \u00e8 il &#8220;giorno&#8221;, lui \u00e8 la &#8220;notte&#8221;. Entrambi attendono il loro destino, trasformando un banale smaltimento di rifiuti ingombranti in una natura morta contemporanea.<\/span><\/span><\/p>\n<p align=\"RIGHT\"><strong><span style=\"font-family: Times New Roman, serif\"><span style=\"font-size: medium\"><b>\u00a9 2026 Irene Vallerotonda<\/b><\/span><\/span><\/strong><\/p>\n<figure id=\"attachment_42774\" aria-describedby=\"caption-attachment-42774\" style=\"width: 908px\" class=\"wp-caption alignnone\"><img loading=\"lazy\" decoding=\"async\" class=\" wp-image-42774\" src=\"https:\/\/www.romaoggi.eu\/wp-content\/uploads\/2026\/04\/Arredamenti-per-Esterni-basta-poco-per-fare-casa.-Il-mio-sguardo-e-sempre-attratto-dall-abbandono-di-mobili-in-strada-i-quali-non-300x200.jpg\" alt=\"alt tag Riccardo D'amico\" width=\"908\" height=\"605\" srcset=\"https:\/\/www.romaoggi.eu\/wp-content\/uploads\/2026\/04\/Arredamenti-per-Esterni-basta-poco-per-fare-casa.-Il-mio-sguardo-e-sempre-attratto-dall-abbandono-di-mobili-in-strada-i-quali-non-300x200.jpg 300w, https:\/\/www.romaoggi.eu\/wp-content\/uploads\/2026\/04\/Arredamenti-per-Esterni-basta-poco-per-fare-casa.-Il-mio-sguardo-e-sempre-attratto-dall-abbandono-di-mobili-in-strada-i-quali-non.jpg 1020w\" sizes=\"auto, (max-width: 908px) 100vw, 908px\" \/><figcaption id=\"caption-attachment-42774\" class=\"wp-caption-text\"><span style=\"color: #333399\"><strong>Arredamenti per esterni. Fotografia di Riccardo D&#8217;Amico<\/strong><\/span><\/figcaption><\/figure>\n<p align=\"JUSTIFY\"><strong><span style=\"font-family: Times New Roman, serif\"><span style=\"font-size: medium\"><b>Irene Vallerotonda nota bio<\/b><\/span><\/span><\/strong><\/p>\n<p align=\"JUSTIFY\"><span style=\"font-family: Times New Roman, serif\"><span style=\"font-size: medium\">Nata a Roma Irene e\u2019 fotografa, autodidatta, \u00e8 iscritta a Target Lab Ets dal 2021 e membro della giuria del premio fotografico PrintFocus. Ama viaggiare e raccontare con la fotografia ci\u00f2 che non riuscirebbe mai a dire con le parole\u2026per fermare un attimo\u2026per cogliere un\u2019emozione.<\/span><\/span><\/p>\n<p align=\"CENTER\"><span style=\"font-family: Times New Roman, serif\"><span style=\"font-size: medium\">__________________<\/span><\/span><\/p>\n<p align=\"CENTER\"><strong><span style=\"font-family: Times New Roman, serif\"><span style=\"font-size: medium\">Editing fotografico a cura di Alessandro Lisci &#8211; Target Lab Ets <\/span><\/span><\/strong><\/p>\n<p align=\"CENTER\"><span style=\"color: #000000\"><span style=\"font-family: Times New Roman, serif\"><span style=\"font-size: medium\"><b>Visita il sito: <\/b><\/span><\/span><\/span><a href=\"https:\/\/www.facebook.com\/TargetLabEts\"><span style=\"font-family: Times New Roman, serif\"><span style=\"font-size: medium\">https:\/\/www.facebook.com\/TargetLabEts<\/span><\/span><\/a><\/p>\n<p align=\"CENTER\"><strong><span style=\"font-family: Times New Roman, serif\"><span style=\"font-size: medium\">Visita il sito : <a href=\"http:\/\/www.alessandrolisci.com\/\">www.alessandrolisci.com<\/a><\/span><\/span><\/strong><\/p>\n<p align=\"CENTER\"><strong><span style=\"color: #000000\"><span style=\"font-family: Times New Roman, serif\"><span style=\"font-size: medium\"><b>Sostieni il progetto fotografico di Target Lab Ets con una <\/b><\/span><\/span><\/span><\/strong><strong><span style=\"color: #ff0000\"><span style=\"font-family: Times New Roman, serif\"><span style=\"font-size: medium\"><b>donazione<\/b><\/span><\/span><\/span><\/strong><strong><span style=\"color: #000000\"><span style=\"font-family: Times New Roman, serif\"><span style=\"font-size: medium\"> al seguente <\/span><\/span><\/span><\/strong><strong><span style=\"color: #ff0000\"><span style=\"font-family: Times New Roman, serif\"><span style=\"font-size: medium\">IBAN<\/span><\/span><\/span><\/strong> <b> <\/b><strong><span style=\"color: #ff0000\"><span style=\"font-family: Times New Roman, serif\"><span style=\"font-size: medium\"><b>IT05M0306909606100000186094<\/b><\/span><\/span><\/span><\/strong><strong><span style=\"color: #161a1e\"><span style=\"font-family: Times New Roman, serif\"><span style=\"font-size: medium\"><b> intestato a Target Lab Ets.<\/b><\/span><\/span><\/span><\/strong><\/p>\n<p align=\"CENTER\"><strong><span style=\"color: #161a1e\"><span style=\"font-family: Times New Roman, serif\"><span style=\"font-size: medium\"><b>Le donazioni liberali sono detraibili in sede di dichiarazione dei redditi.<\/b><\/span><\/span><\/span><\/strong><\/p>\n<p align=\"CENTER\"><strong><span style=\"color: #ff0000\"><span style=\"font-family: Times New Roman, serif\"><span style=\"font-size: medium\"><b>Devolvi il 5xmille nella prossima dichiarazione dei redditi a Target Lab Ets<\/b><\/span><\/span><\/span><\/strong> <strong><span style=\"color: #000000\"><span style=\"font-family: Times New Roman, serif\"><span style=\"font-size: medium\"><b>inserendo il <\/b><\/span><\/span><\/span><\/strong><strong><span style=\"color: #ff0000\"><span style=\"font-family: Times New Roman, serif\"><span style=\"font-size: medium\"><b>CF : 96498910585<\/b><\/span><\/span><\/span><\/strong> <strong><span style=\"color: #000000\"><span style=\"font-family: Times New Roman, serif\"><span style=\"font-size: medium\"><b>riquadro Enti Terzo Settore e Aps per finanziare futuri progetti fotografici a ricaduta sociale<\/b><\/span><\/span><\/span><\/strong><\/p>\n<p align=\"JUSTIFY\"><span style=\"color: #26282a\"><span style=\"font-family: Times New Roman, serif\"><span style=\"font-size: medium\"><span style=\"color: #000000\"><b>Target Lab\u00a0Ets\u00a0<\/b><\/span><span style=\"color: #000000\">\u00e8 un&#8217; associazione culturale ente terzo settore, reg. 4338\/3\/2021 CF.\u00a0<\/span><span style=\"color: #1d2228\">96498910585 &#8211; Iscriz. RUNTS 30\/12\/2022), fondata e presieduta da\u00a0Alessandro Lisci, fotoreporter freelance,\u00a0e\u00a0 composta dal seguente comitato scientifico:\u00a0Simonetta Baroni\u00a0&#8211; storica dell&#8217;arte;\u00a0Franco Bottoni\u00a0&#8211; tipografo;\u00a0Michele Brescia\u00a0&#8211; storico dell&#8217;Arte;\u00a0Fabiana Cambiaso\u00a0&#8211; architetta;\u00a0\u00a0Allan Ceen\u00a0&#8211;\u00a0 urbanista;\u00a0Marco Geppetti- fotografo professionista;\u00a0Paola Ortensi\u00a0&#8211; politiche rurali ed agricole;\u00a0Maurizio Paradisi\u00a0&#8211; sport.<\/span><\/span><\/span><\/span><\/p>\n<p align=\"JUSTIFY\"><span style=\"color: #1d2228\"><span style=\"font-family: Times New Roman, serif\"><span style=\"font-size: medium\">Target Lab Ets \u00e8 stata presentata il 6 dicembre 2021\u00a0al pubblico e alla stampa presso la sala\u00a0Walter Tobagi\u00a0della\u00a0FNSI, Federazione Nazionale della Stampa Italiana, sede nazionale di Roma,\u00a0 con\u00a0Paolo Conti\u00a0del Corriere della Sera;\u00a0Vittorio Morelli\u00a0dell&#8217;Agi;\u00a0Marco Geppetti\u00a0e\u00a0Andrea Denzi\u00a0della Marcello Geppetti Media Company srl.<\/span><\/span><\/span><\/p>\n<p align=\"JUSTIFY\"><a href=\"https:\/\/www.radioradicale.it\/scheda\/654816\/presentazione-del-progetto-target-lab-ets-laboratorio-sperimentale-di-fotografia-e\" target=\"_blank\" rel=\"noopener\"><span style=\"color: #000000\"><span style=\"font-family: Times New Roman, serif\"><span style=\"font-size: medium\"><u><b>https:\/\/www.radioradicale.it\/scheda\/654816\/presentazione-del-progetto-target-lab-ets-laboratorio-sperimentale-di-fotografia-e<\/b><\/u><\/span><\/span><\/span><\/a><\/p>\n<p align=\"JUSTIFY\"><strong><span style=\"color: #000000\"><span style=\"font-family: Times New Roman, serif\"><span style=\"font-size: medium\"><b>email\u00a0\u00a0<\/b><\/span><\/span><\/span><\/strong><strong><a href=\"mailto:target.lsfc@gmail.com\" target=\"_blank\" rel=\"noopener\"><span style=\"color: #0000ff\"><span style=\"font-family: Times New Roman, serif\"><span style=\"font-size: medium\"><u><b>target.lsfc@gmail.com<\/b><\/u><\/span><\/span><\/span><\/a><\/strong><strong><span style=\"color: #cd232c\"><span style=\"font-family: Times New Roman, serif\"><span style=\"font-size: medium\"><u><b>\u00a0\u00a0<\/b><\/u><\/span><\/span><\/span><\/strong><strong><span style=\"color: #000000\"><span style=\"font-family: Times New Roman, serif\"><span style=\"font-size: medium\"><b>mob\u00a0. \u00a0<\/b><\/span><\/span><\/span><\/strong><strong><span style=\"color: #cd232c\"><span style=\"font-family: Times New Roman, serif\"><span style=\"font-size: medium\"><b>+<\/b><\/span><\/span><\/span><\/strong><strong><span style=\"color: #000000\"><span style=\"font-family: Times New Roman, serif\"><span style=\"font-size: medium\"><b>39 3316379346<\/b><\/span><\/span><\/span><\/strong><\/p>\n<p>&nbsp;<\/p>\n<p align=\"CENTER\">\n<p>&nbsp;<\/p>\n<p>&nbsp;<\/p>\n","protected":false},"excerpt":{"rendered":"<div class=\"mh-excerpt\"><p>&nbsp; La foto del giorno di mercoled\u00ec 29 aprile 2026 dal titolo \u201cArredamenti per esterni\u201d \u00e8 di Riccardo D&#8217;Amico commento di\u00a0Irene Vallerotonda. Rubrica a cura di Alessandro Lisci. Invia la tua foto del giorno al\u00a0whats <a class=\"mh-excerpt-more\" href=\"https:\/\/www.romaoggi.eu\/index.php\/2026\/04\/29\/la-foto-del-giorno-arredamenti-per-esterni-di-riccardo-damico-commento-di-irene-vallerotonda-target-lab-ets\/\" title=\"La Foto del Giorno: &#8220;Arredamenti per esterni&#8221; di Riccardo D&#8217;Amico. Commento di Irene Vallerotonda &#8211; Target Lab Ets\">[&#8230;]<\/a><\/p>\n<\/div>","protected":false},"author":17,"featured_media":42774,"comment_status":"closed","ping_status":"open","sticky":false,"template":"","format":"standard","meta":{"_sitemap_exclude":false,"_sitemap_priority":"","_sitemap_frequency":"","footnotes":""},"categories":[8934],"tags":[14999,14994,14912,4137,17683,19419,17685,17686,17687,274,15164,10420,9532,17688,17689,17690,14763,17691,17692,17693,1894,11603,19418,1738,17694,16078,17695,15567,17684],"class_list":["post-42767","post","type-post","status-publish","format-standard","has-post-thumbnail","hentry","category-lafotodelgiorno","tag-art","tag-photo","tag-photography","tag-alessandro-lisci","tag-all_shots","tag-arredamenti","tag-composition","tag-exposure","tag-focus","tag-fotografia","tag-irene-vallerotonda","tag-la-foto-del-giorno","tag-lettere-caffe","tag-photooftheday","tag-photos","tag-pic","tag-picoftheday","tag-pics","tag-picture","tag-pictures","tag-raccolta-differenziata","tag-riccardo-damico","tag-roma-fa-schido","tag-romaoggi-eu","tag-snapshot","tag-storytelling","tag-tagsforlikes","tag-target-lab-ets","tag-tecnicafotografica"],"yoast_head":"<!-- This site is optimized with the Yoast SEO plugin v27.5 - https:\/\/yoast.com\/product\/yoast-seo-wordpress\/ -->\n<title>La Foto del Giorno: &quot;Arredamenti per esterni&quot; di Riccardo D&#039;Amico. Commento di Irene Vallerotonda - Target Lab Ets<\/title>\n<meta name=\"description\" content=\"&nbsp; La foto del giorno di mercoled\u00ec 29 aprile 2026 dal titolo \u201cArredamenti per esterni\u201d \u00e8 di Riccardo D&#039;Amico commento di\u00a0Irene Vallerotonda. Rubrica a\" \/>\n<meta name=\"robots\" content=\"index, follow, max-snippet:-1, max-image-preview:large, max-video-preview:-1\" \/>\n<link rel=\"canonical\" href=\"https:\/\/www.romaoggi.eu\/index.php\/2026\/04\/29\/la-foto-del-giorno-arredamenti-per-esterni-di-riccardo-damico-commento-di-irene-vallerotonda-target-lab-ets\/\" \/>\n<meta property=\"og:locale\" content=\"it_IT\" \/>\n<meta property=\"og:type\" content=\"article\" \/>\n<meta property=\"og:title\" content=\"La Foto del Giorno: &quot;Arredamenti per esterni&quot; di Riccardo D&#039;Amico. Commento di Irene Vallerotonda - Target Lab Ets\" \/>\n<meta property=\"og:description\" content=\"&nbsp; La foto del giorno di mercoled\u00ec 29 aprile 2026 dal titolo \u201cArredamenti per esterni\u201d \u00e8 di Riccardo D&#039;Amico commento di\u00a0Irene Vallerotonda. Rubrica a\" \/>\n<meta property=\"og:url\" content=\"https:\/\/www.romaoggi.eu\/index.php\/2026\/04\/29\/la-foto-del-giorno-arredamenti-per-esterni-di-riccardo-damico-commento-di-irene-vallerotonda-target-lab-ets\/\" \/>\n<meta property=\"og:site_name\" content=\"roma oggi\" \/>\n<meta property=\"article:publisher\" content=\"https:\/\/www.facebook.com\/RomaOggi-841544845954114\" \/>\n<meta property=\"article:published_time\" content=\"2026-04-29T07:52:33+00:00\" \/>\n<meta property=\"og:image\" content=\"https:\/\/www.romaoggi.eu\/wp-content\/uploads\/2026\/04\/Arredamenti-per-Esterni-basta-poco-per-fare-casa.-Il-mio-sguardo-e-sempre-attratto-dall-abbandono-di-mobili-in-strada-i-quali-non.jpg\" \/>\n\t<meta property=\"og:image:width\" content=\"1020\" \/>\n\t<meta property=\"og:image:height\" content=\"680\" \/>\n\t<meta property=\"og:image:type\" content=\"image\/jpeg\" \/>\n<meta name=\"author\" content=\"Target Lab Ets\" \/>\n<meta name=\"twitter:card\" content=\"summary_large_image\" \/>\n<meta name=\"twitter:creator\" content=\"@romaoggi_eu\" \/>\n<meta name=\"twitter:site\" content=\"@romaoggi_eu\" \/>\n<meta name=\"twitter:label1\" content=\"Scritto da\" \/>\n\t<meta name=\"twitter:data1\" content=\"Target Lab Ets\" \/>\n\t<meta name=\"twitter:label2\" content=\"Tempo di lettura stimato\" \/>\n\t<meta name=\"twitter:data2\" content=\"5 minuti\" \/>\n<script type=\"application\/ld+json\" class=\"yoast-schema-graph\">{\"@context\":\"https:\\\/\\\/schema.org\",\"@graph\":[{\"@type\":\"Article\",\"@id\":\"https:\\\/\\\/www.romaoggi.eu\\\/index.php\\\/2026\\\/04\\\/29\\\/la-foto-del-giorno-arredamenti-per-esterni-di-riccardo-damico-commento-di-irene-vallerotonda-target-lab-ets\\\/#article\",\"isPartOf\":{\"@id\":\"https:\\\/\\\/www.romaoggi.eu\\\/index.php\\\/2026\\\/04\\\/29\\\/la-foto-del-giorno-arredamenti-per-esterni-di-riccardo-damico-commento-di-irene-vallerotonda-target-lab-ets\\\/\"},\"author\":{\"name\":\"Target Lab Ets\",\"@id\":\"https:\\\/\\\/www.romaoggi.eu\\\/#\\\/schema\\\/person\\\/72b8cfc6de60caeb335267c8e21d90fb\"},\"headline\":\"La Foto del Giorno: &#8220;Arredamenti per esterni&#8221; di Riccardo D&#8217;Amico. Commento di Irene Vallerotonda &#8211; Target Lab Ets\",\"datePublished\":\"2026-04-29T07:52:33+00:00\",\"mainEntityOfPage\":{\"@id\":\"https:\\\/\\\/www.romaoggi.eu\\\/index.php\\\/2026\\\/04\\\/29\\\/la-foto-del-giorno-arredamenti-per-esterni-di-riccardo-damico-commento-di-irene-vallerotonda-target-lab-ets\\\/\"},\"wordCount\":788,\"publisher\":{\"@id\":\"https:\\\/\\\/www.romaoggi.eu\\\/#organization\"},\"image\":{\"@id\":\"https:\\\/\\\/www.romaoggi.eu\\\/index.php\\\/2026\\\/04\\\/29\\\/la-foto-del-giorno-arredamenti-per-esterni-di-riccardo-damico-commento-di-irene-vallerotonda-target-lab-ets\\\/#primaryimage\"},\"thumbnailUrl\":\"https:\\\/\\\/www.romaoggi.eu\\\/wp-content\\\/uploads\\\/2026\\\/04\\\/Arredamenti-per-Esterni-basta-poco-per-fare-casa.-Il-mio-sguardo-e-sempre-attratto-dall-abbandono-di-mobili-in-strada-i-quali-non.jpg\",\"keywords\":[\"#art\",\"#photo\",\"#photography\",\"alessandro lisci\",\"all_shots\",\"Arredamenti\",\"composition\",\"exposure\",\"focus\",\"fotografia\",\"Irene Vallerotonda\",\"La foto del giorno\",\"lettere caff\u00e8\",\"photooftheday\",\"photos\",\"pic\",\"picoftheday\",\"pics\",\"picture\",\"pictures\",\"raccolta differenziata\",\"riccardo d'amico\",\"Roma fa schido\",\"RomaOggi.eu\",\"snapshot\",\"storytelling\",\"TagsForLikes\",\"target lab ets\",\"tecnicafotografica\"],\"articleSection\":[\"La foto del giorno\"],\"inLanguage\":\"it-IT\"},{\"@type\":\"WebPage\",\"@id\":\"https:\\\/\\\/www.romaoggi.eu\\\/index.php\\\/2026\\\/04\\\/29\\\/la-foto-del-giorno-arredamenti-per-esterni-di-riccardo-damico-commento-di-irene-vallerotonda-target-lab-ets\\\/\",\"url\":\"https:\\\/\\\/www.romaoggi.eu\\\/index.php\\\/2026\\\/04\\\/29\\\/la-foto-del-giorno-arredamenti-per-esterni-di-riccardo-damico-commento-di-irene-vallerotonda-target-lab-ets\\\/\",\"name\":\"La Foto del Giorno: \\\"Arredamenti per esterni\\\" di Riccardo D'Amico. Commento di Irene Vallerotonda - Target Lab Ets\",\"isPartOf\":{\"@id\":\"https:\\\/\\\/www.romaoggi.eu\\\/#website\"},\"primaryImageOfPage\":{\"@id\":\"https:\\\/\\\/www.romaoggi.eu\\\/index.php\\\/2026\\\/04\\\/29\\\/la-foto-del-giorno-arredamenti-per-esterni-di-riccardo-damico-commento-di-irene-vallerotonda-target-lab-ets\\\/#primaryimage\"},\"image\":{\"@id\":\"https:\\\/\\\/www.romaoggi.eu\\\/index.php\\\/2026\\\/04\\\/29\\\/la-foto-del-giorno-arredamenti-per-esterni-di-riccardo-damico-commento-di-irene-vallerotonda-target-lab-ets\\\/#primaryimage\"},\"thumbnailUrl\":\"https:\\\/\\\/www.romaoggi.eu\\\/wp-content\\\/uploads\\\/2026\\\/04\\\/Arredamenti-per-Esterni-basta-poco-per-fare-casa.-Il-mio-sguardo-e-sempre-attratto-dall-abbandono-di-mobili-in-strada-i-quali-non.jpg\",\"datePublished\":\"2026-04-29T07:52:33+00:00\",\"description\":\"&nbsp; La foto del giorno di mercoled\u00ec 29 aprile 2026 dal titolo \u201cArredamenti per esterni\u201d \u00e8 di Riccardo D'Amico commento di\u00a0Irene Vallerotonda. Rubrica a\",\"breadcrumb\":{\"@id\":\"https:\\\/\\\/www.romaoggi.eu\\\/index.php\\\/2026\\\/04\\\/29\\\/la-foto-del-giorno-arredamenti-per-esterni-di-riccardo-damico-commento-di-irene-vallerotonda-target-lab-ets\\\/#breadcrumb\"},\"inLanguage\":\"it-IT\",\"potentialAction\":[{\"@type\":\"ReadAction\",\"target\":[\"https:\\\/\\\/www.romaoggi.eu\\\/index.php\\\/2026\\\/04\\\/29\\\/la-foto-del-giorno-arredamenti-per-esterni-di-riccardo-damico-commento-di-irene-vallerotonda-target-lab-ets\\\/\"]}]},{\"@type\":\"ImageObject\",\"inLanguage\":\"it-IT\",\"@id\":\"https:\\\/\\\/www.romaoggi.eu\\\/index.php\\\/2026\\\/04\\\/29\\\/la-foto-del-giorno-arredamenti-per-esterni-di-riccardo-damico-commento-di-irene-vallerotonda-target-lab-ets\\\/#primaryimage\",\"url\":\"https:\\\/\\\/www.romaoggi.eu\\\/wp-content\\\/uploads\\\/2026\\\/04\\\/Arredamenti-per-Esterni-basta-poco-per-fare-casa.-Il-mio-sguardo-e-sempre-attratto-dall-abbandono-di-mobili-in-strada-i-quali-non.jpg\",\"contentUrl\":\"https:\\\/\\\/www.romaoggi.eu\\\/wp-content\\\/uploads\\\/2026\\\/04\\\/Arredamenti-per-Esterni-basta-poco-per-fare-casa.-Il-mio-sguardo-e-sempre-attratto-dall-abbandono-di-mobili-in-strada-i-quali-non.jpg\",\"width\":1020,\"height\":680,\"caption\":\"Arredamenti per esterni. Fotografia di Riccardo D'Amico\"},{\"@type\":\"BreadcrumbList\",\"@id\":\"https:\\\/\\\/www.romaoggi.eu\\\/index.php\\\/2026\\\/04\\\/29\\\/la-foto-del-giorno-arredamenti-per-esterni-di-riccardo-damico-commento-di-irene-vallerotonda-target-lab-ets\\\/#breadcrumb\",\"itemListElement\":[{\"@type\":\"ListItem\",\"position\":1,\"name\":\"Home\",\"item\":\"https:\\\/\\\/www.romaoggi.eu\\\/\"},{\"@type\":\"ListItem\",\"position\":2,\"name\":\"La Foto del Giorno: &#8220;Arredamenti per esterni&#8221; di Riccardo D&#8217;Amico. Commento di Irene Vallerotonda &#8211; Target Lab Ets\"}]},{\"@type\":\"WebSite\",\"@id\":\"https:\\\/\\\/www.romaoggi.eu\\\/#website\",\"url\":\"https:\\\/\\\/www.romaoggi.eu\\\/\",\"name\":\"roma oggi\",\"description\":\"Interesting News for Interesting people\",\"publisher\":{\"@id\":\"https:\\\/\\\/www.romaoggi.eu\\\/#organization\"},\"potentialAction\":[{\"@type\":\"SearchAction\",\"target\":{\"@type\":\"EntryPoint\",\"urlTemplate\":\"https:\\\/\\\/www.romaoggi.eu\\\/?s={search_term_string}\"},\"query-input\":{\"@type\":\"PropertyValueSpecification\",\"valueRequired\":true,\"valueName\":\"search_term_string\"}}],\"inLanguage\":\"it-IT\"},{\"@type\":\"Organization\",\"@id\":\"https:\\\/\\\/www.romaoggi.eu\\\/#organization\",\"name\":\"RomaOggi\",\"url\":\"https:\\\/\\\/www.romaoggi.eu\\\/\",\"logo\":{\"@type\":\"ImageObject\",\"inLanguage\":\"it-IT\",\"@id\":\"https:\\\/\\\/www.romaoggi.eu\\\/#\\\/schema\\\/logo\\\/image\\\/\",\"url\":\"https:\\\/\\\/www.romaoggi.eu\\\/wp-content\\\/uploads\\\/2017\\\/04\\\/logowp.jpg\",\"contentUrl\":\"https:\\\/\\\/www.romaoggi.eu\\\/wp-content\\\/uploads\\\/2017\\\/04\\\/logowp.jpg\",\"width\":300,\"height\":133,\"caption\":\"RomaOggi\"},\"image\":{\"@id\":\"https:\\\/\\\/www.romaoggi.eu\\\/#\\\/schema\\\/logo\\\/image\\\/\"},\"sameAs\":[\"https:\\\/\\\/www.facebook.com\\\/RomaOggi-841544845954114\",\"https:\\\/\\\/x.com\\\/romaoggi_eu\"]},{\"@type\":\"Person\",\"@id\":\"https:\\\/\\\/www.romaoggi.eu\\\/#\\\/schema\\\/person\\\/72b8cfc6de60caeb335267c8e21d90fb\",\"name\":\"Target Lab Ets\",\"image\":{\"@type\":\"ImageObject\",\"inLanguage\":\"it-IT\",\"@id\":\"https:\\\/\\\/secure.gravatar.com\\\/avatar\\\/ab64fd266889a629b0e9e6ab56209e379c2a89cfda303941ee9621d4090292d1?s=96&d=mm&r=g\",\"url\":\"https:\\\/\\\/secure.gravatar.com\\\/avatar\\\/ab64fd266889a629b0e9e6ab56209e379c2a89cfda303941ee9621d4090292d1?s=96&d=mm&r=g\",\"contentUrl\":\"https:\\\/\\\/secure.gravatar.com\\\/avatar\\\/ab64fd266889a629b0e9e6ab56209e379c2a89cfda303941ee9621d4090292d1?s=96&d=mm&r=g\",\"caption\":\"Target Lab Ets\"},\"sameAs\":[\"http:\\\/\\\/www.targetlab.org\"],\"url\":\"https:\\\/\\\/www.romaoggi.eu\\\/index.php\\\/author\\\/isfc\\\/\"}]}<\/script>\n<!-- \/ Yoast SEO plugin. -->","yoast_head_json":{"title":"La Foto del Giorno: \"Arredamenti per esterni\" di Riccardo D'Amico. Commento di Irene Vallerotonda - Target Lab Ets","description":"&nbsp; La foto del giorno di mercoled\u00ec 29 aprile 2026 dal titolo \u201cArredamenti per esterni\u201d \u00e8 di Riccardo D'Amico commento di\u00a0Irene Vallerotonda. Rubrica a","robots":{"index":"index","follow":"follow","max-snippet":"max-snippet:-1","max-image-preview":"max-image-preview:large","max-video-preview":"max-video-preview:-1"},"canonical":"https:\/\/www.romaoggi.eu\/index.php\/2026\/04\/29\/la-foto-del-giorno-arredamenti-per-esterni-di-riccardo-damico-commento-di-irene-vallerotonda-target-lab-ets\/","og_locale":"it_IT","og_type":"article","og_title":"La Foto del Giorno: \"Arredamenti per esterni\" di Riccardo D'Amico. Commento di Irene Vallerotonda - Target Lab Ets","og_description":"&nbsp; La foto del giorno di mercoled\u00ec 29 aprile 2026 dal titolo \u201cArredamenti per esterni\u201d \u00e8 di Riccardo D'Amico commento di\u00a0Irene Vallerotonda. Rubrica a","og_url":"https:\/\/www.romaoggi.eu\/index.php\/2026\/04\/29\/la-foto-del-giorno-arredamenti-per-esterni-di-riccardo-damico-commento-di-irene-vallerotonda-target-lab-ets\/","og_site_name":"roma oggi","article_publisher":"https:\/\/www.facebook.com\/RomaOggi-841544845954114","article_published_time":"2026-04-29T07:52:33+00:00","og_image":[{"width":1020,"height":680,"url":"https:\/\/www.romaoggi.eu\/wp-content\/uploads\/2026\/04\/Arredamenti-per-Esterni-basta-poco-per-fare-casa.-Il-mio-sguardo-e-sempre-attratto-dall-abbandono-di-mobili-in-strada-i-quali-non.jpg","type":"image\/jpeg"}],"author":"Target Lab Ets","twitter_card":"summary_large_image","twitter_creator":"@romaoggi_eu","twitter_site":"@romaoggi_eu","twitter_misc":{"Scritto da":"Target Lab Ets","Tempo di lettura stimato":"5 minuti"},"schema":{"@context":"https:\/\/schema.org","@graph":[{"@type":"Article","@id":"https:\/\/www.romaoggi.eu\/index.php\/2026\/04\/29\/la-foto-del-giorno-arredamenti-per-esterni-di-riccardo-damico-commento-di-irene-vallerotonda-target-lab-ets\/#article","isPartOf":{"@id":"https:\/\/www.romaoggi.eu\/index.php\/2026\/04\/29\/la-foto-del-giorno-arredamenti-per-esterni-di-riccardo-damico-commento-di-irene-vallerotonda-target-lab-ets\/"},"author":{"name":"Target Lab Ets","@id":"https:\/\/www.romaoggi.eu\/#\/schema\/person\/72b8cfc6de60caeb335267c8e21d90fb"},"headline":"La Foto del Giorno: &#8220;Arredamenti per esterni&#8221; di Riccardo D&#8217;Amico. Commento di Irene Vallerotonda &#8211; Target Lab Ets","datePublished":"2026-04-29T07:52:33+00:00","mainEntityOfPage":{"@id":"https:\/\/www.romaoggi.eu\/index.php\/2026\/04\/29\/la-foto-del-giorno-arredamenti-per-esterni-di-riccardo-damico-commento-di-irene-vallerotonda-target-lab-ets\/"},"wordCount":788,"publisher":{"@id":"https:\/\/www.romaoggi.eu\/#organization"},"image":{"@id":"https:\/\/www.romaoggi.eu\/index.php\/2026\/04\/29\/la-foto-del-giorno-arredamenti-per-esterni-di-riccardo-damico-commento-di-irene-vallerotonda-target-lab-ets\/#primaryimage"},"thumbnailUrl":"https:\/\/www.romaoggi.eu\/wp-content\/uploads\/2026\/04\/Arredamenti-per-Esterni-basta-poco-per-fare-casa.-Il-mio-sguardo-e-sempre-attratto-dall-abbandono-di-mobili-in-strada-i-quali-non.jpg","keywords":["#art","#photo","#photography","alessandro lisci","all_shots","Arredamenti","composition","exposure","focus","fotografia","Irene Vallerotonda","La foto del giorno","lettere caff\u00e8","photooftheday","photos","pic","picoftheday","pics","picture","pictures","raccolta differenziata","riccardo d'amico","Roma fa schido","RomaOggi.eu","snapshot","storytelling","TagsForLikes","target lab ets","tecnicafotografica"],"articleSection":["La foto del giorno"],"inLanguage":"it-IT"},{"@type":"WebPage","@id":"https:\/\/www.romaoggi.eu\/index.php\/2026\/04\/29\/la-foto-del-giorno-arredamenti-per-esterni-di-riccardo-damico-commento-di-irene-vallerotonda-target-lab-ets\/","url":"https:\/\/www.romaoggi.eu\/index.php\/2026\/04\/29\/la-foto-del-giorno-arredamenti-per-esterni-di-riccardo-damico-commento-di-irene-vallerotonda-target-lab-ets\/","name":"La Foto del Giorno: \"Arredamenti per esterni\" di Riccardo D'Amico. Commento di Irene Vallerotonda - Target Lab Ets","isPartOf":{"@id":"https:\/\/www.romaoggi.eu\/#website"},"primaryImageOfPage":{"@id":"https:\/\/www.romaoggi.eu\/index.php\/2026\/04\/29\/la-foto-del-giorno-arredamenti-per-esterni-di-riccardo-damico-commento-di-irene-vallerotonda-target-lab-ets\/#primaryimage"},"image":{"@id":"https:\/\/www.romaoggi.eu\/index.php\/2026\/04\/29\/la-foto-del-giorno-arredamenti-per-esterni-di-riccardo-damico-commento-di-irene-vallerotonda-target-lab-ets\/#primaryimage"},"thumbnailUrl":"https:\/\/www.romaoggi.eu\/wp-content\/uploads\/2026\/04\/Arredamenti-per-Esterni-basta-poco-per-fare-casa.-Il-mio-sguardo-e-sempre-attratto-dall-abbandono-di-mobili-in-strada-i-quali-non.jpg","datePublished":"2026-04-29T07:52:33+00:00","description":"&nbsp; La foto del giorno di mercoled\u00ec 29 aprile 2026 dal titolo \u201cArredamenti per esterni\u201d \u00e8 di Riccardo D'Amico commento di\u00a0Irene Vallerotonda. Rubrica a","breadcrumb":{"@id":"https:\/\/www.romaoggi.eu\/index.php\/2026\/04\/29\/la-foto-del-giorno-arredamenti-per-esterni-di-riccardo-damico-commento-di-irene-vallerotonda-target-lab-ets\/#breadcrumb"},"inLanguage":"it-IT","potentialAction":[{"@type":"ReadAction","target":["https:\/\/www.romaoggi.eu\/index.php\/2026\/04\/29\/la-foto-del-giorno-arredamenti-per-esterni-di-riccardo-damico-commento-di-irene-vallerotonda-target-lab-ets\/"]}]},{"@type":"ImageObject","inLanguage":"it-IT","@id":"https:\/\/www.romaoggi.eu\/index.php\/2026\/04\/29\/la-foto-del-giorno-arredamenti-per-esterni-di-riccardo-damico-commento-di-irene-vallerotonda-target-lab-ets\/#primaryimage","url":"https:\/\/www.romaoggi.eu\/wp-content\/uploads\/2026\/04\/Arredamenti-per-Esterni-basta-poco-per-fare-casa.-Il-mio-sguardo-e-sempre-attratto-dall-abbandono-di-mobili-in-strada-i-quali-non.jpg","contentUrl":"https:\/\/www.romaoggi.eu\/wp-content\/uploads\/2026\/04\/Arredamenti-per-Esterni-basta-poco-per-fare-casa.-Il-mio-sguardo-e-sempre-attratto-dall-abbandono-di-mobili-in-strada-i-quali-non.jpg","width":1020,"height":680,"caption":"Arredamenti per esterni. Fotografia di Riccardo D'Amico"},{"@type":"BreadcrumbList","@id":"https:\/\/www.romaoggi.eu\/index.php\/2026\/04\/29\/la-foto-del-giorno-arredamenti-per-esterni-di-riccardo-damico-commento-di-irene-vallerotonda-target-lab-ets\/#breadcrumb","itemListElement":[{"@type":"ListItem","position":1,"name":"Home","item":"https:\/\/www.romaoggi.eu\/"},{"@type":"ListItem","position":2,"name":"La Foto del Giorno: &#8220;Arredamenti per esterni&#8221; di Riccardo D&#8217;Amico. Commento di Irene Vallerotonda &#8211; Target Lab Ets"}]},{"@type":"WebSite","@id":"https:\/\/www.romaoggi.eu\/#website","url":"https:\/\/www.romaoggi.eu\/","name":"roma oggi","description":"Interesting News for Interesting people","publisher":{"@id":"https:\/\/www.romaoggi.eu\/#organization"},"potentialAction":[{"@type":"SearchAction","target":{"@type":"EntryPoint","urlTemplate":"https:\/\/www.romaoggi.eu\/?s={search_term_string}"},"query-input":{"@type":"PropertyValueSpecification","valueRequired":true,"valueName":"search_term_string"}}],"inLanguage":"it-IT"},{"@type":"Organization","@id":"https:\/\/www.romaoggi.eu\/#organization","name":"RomaOggi","url":"https:\/\/www.romaoggi.eu\/","logo":{"@type":"ImageObject","inLanguage":"it-IT","@id":"https:\/\/www.romaoggi.eu\/#\/schema\/logo\/image\/","url":"https:\/\/www.romaoggi.eu\/wp-content\/uploads\/2017\/04\/logowp.jpg","contentUrl":"https:\/\/www.romaoggi.eu\/wp-content\/uploads\/2017\/04\/logowp.jpg","width":300,"height":133,"caption":"RomaOggi"},"image":{"@id":"https:\/\/www.romaoggi.eu\/#\/schema\/logo\/image\/"},"sameAs":["https:\/\/www.facebook.com\/RomaOggi-841544845954114","https:\/\/x.com\/romaoggi_eu"]},{"@type":"Person","@id":"https:\/\/www.romaoggi.eu\/#\/schema\/person\/72b8cfc6de60caeb335267c8e21d90fb","name":"Target Lab Ets","image":{"@type":"ImageObject","inLanguage":"it-IT","@id":"https:\/\/secure.gravatar.com\/avatar\/ab64fd266889a629b0e9e6ab56209e379c2a89cfda303941ee9621d4090292d1?s=96&d=mm&r=g","url":"https:\/\/secure.gravatar.com\/avatar\/ab64fd266889a629b0e9e6ab56209e379c2a89cfda303941ee9621d4090292d1?s=96&d=mm&r=g","contentUrl":"https:\/\/secure.gravatar.com\/avatar\/ab64fd266889a629b0e9e6ab56209e379c2a89cfda303941ee9621d4090292d1?s=96&d=mm&r=g","caption":"Target Lab Ets"},"sameAs":["http:\/\/www.targetlab.org"],"url":"https:\/\/www.romaoggi.eu\/index.php\/author\/isfc\/"}]}},"_links":{"self":[{"href":"https:\/\/www.romaoggi.eu\/index.php\/wp-json\/wp\/v2\/posts\/42767","targetHints":{"allow":["GET"]}}],"collection":[{"href":"https:\/\/www.romaoggi.eu\/index.php\/wp-json\/wp\/v2\/posts"}],"about":[{"href":"https:\/\/www.romaoggi.eu\/index.php\/wp-json\/wp\/v2\/types\/post"}],"author":[{"embeddable":true,"href":"https:\/\/www.romaoggi.eu\/index.php\/wp-json\/wp\/v2\/users\/17"}],"replies":[{"embeddable":true,"href":"https:\/\/www.romaoggi.eu\/index.php\/wp-json\/wp\/v2\/comments?post=42767"}],"version-history":[{"count":4,"href":"https:\/\/www.romaoggi.eu\/index.php\/wp-json\/wp\/v2\/posts\/42767\/revisions"}],"predecessor-version":[{"id":42802,"href":"https:\/\/www.romaoggi.eu\/index.php\/wp-json\/wp\/v2\/posts\/42767\/revisions\/42802"}],"wp:featuredmedia":[{"embeddable":true,"href":"https:\/\/www.romaoggi.eu\/index.php\/wp-json\/wp\/v2\/media\/42774"}],"wp:attachment":[{"href":"https:\/\/www.romaoggi.eu\/index.php\/wp-json\/wp\/v2\/media?parent=42767"}],"wp:term":[{"taxonomy":"category","embeddable":true,"href":"https:\/\/www.romaoggi.eu\/index.php\/wp-json\/wp\/v2\/categories?post=42767"},{"taxonomy":"post_tag","embeddable":true,"href":"https:\/\/www.romaoggi.eu\/index.php\/wp-json\/wp\/v2\/tags?post=42767"}],"curies":[{"name":"wp","href":"https:\/\/api.w.org\/{rel}","templated":true}]}}