{"id":42771,"date":"2026-04-27T07:12:29","date_gmt":"2026-04-27T05:12:29","guid":{"rendered":"https:\/\/www.romaoggi.eu\/?p=42771"},"modified":"2026-04-27T07:12:29","modified_gmt":"2026-04-27T05:12:29","slug":"la-foto-del-giorno-cera-una-volta-un-sogno-lontano-di-annalisa-morrone-commento-di-claudio-polvanesi-target-lab-ets","status":"publish","type":"post","link":"https:\/\/www.romaoggi.eu\/index.php\/2026\/04\/27\/la-foto-del-giorno-cera-una-volta-un-sogno-lontano-di-annalisa-morrone-commento-di-claudio-polvanesi-target-lab-ets\/","title":{"rendered":"La Foto del Giorno: &#8220;C&#8217;era una volta un sogno lontano&#8221; di Annalisa Morrone. Commento di Claudio Polvanesi &#8211; Target Lab Ets"},"content":{"rendered":"<p><img loading=\"lazy\" decoding=\"async\" class=\"alignnone wp-image-42507 aligncenter\" src=\"https:\/\/www.romaoggi.eu\/wp-content\/uploads\/2026\/03\/BANNER-5-MILEE-300x276.jpg\" alt=\"\" width=\"187\" height=\"172\" srcset=\"https:\/\/www.romaoggi.eu\/wp-content\/uploads\/2026\/03\/BANNER-5-MILEE-300x276.jpg 300w, https:\/\/www.romaoggi.eu\/wp-content\/uploads\/2026\/03\/BANNER-5-MILEE.jpg 551w\" sizes=\"auto, (max-width: 187px) 100vw, 187px\" \/><img loading=\"lazy\" decoding=\"async\" class=\"alignnone wp-image-39807 aligncenter\" src=\"https:\/\/www.romaoggi.eu\/wp-content\/uploads\/2025\/05\/OIP.jpeg\" alt=\"alt tag lettere caf\u00e8\" width=\"81\" height=\"81\" \/><\/p>\n<p>&nbsp;<\/p>\n<p align=\"JUSTIFY\"><strong><span style=\"color: #000000\">La foto del giorno<\/span><\/strong><span style=\"color: #000000\"> di <\/span><span style=\"color: #000000\"><b>luned\u00ec 27 aprile 2026<\/b><\/span><b> <\/b><span style=\"color: #000000\">dal titolo<\/span> <strong><span style=\"color: #000000\">&#8220;C\u2019era una volta un sogno lontano&#8221;<\/span><\/strong> <span style=\"color: #1d2228\">\u00e8 di <\/span><span style=\"color: #1d2228\"><b>Annalisa Morrone, <\/b><\/span><span style=\"color: #1d2228\">commento di <\/span><span style=\"color: #1d2228\"><b>Claudio Polvanesi <\/b><\/span><span style=\"color: #000000\">. Rubrica a cura di Alessandro Lisci. <\/span><strong><span style=\"color: #000000\">Invia la tua foto del giorno al<\/span><\/strong><strong><span style=\"color: #000000\"> whats app 3316379346 o <\/span><\/strong><strong><span style=\"color: #000000\">alla mail<\/span><\/strong> <strong><a href=\"mailto:alessandrolisci@yahoo.it\" target=\"_top\">alessandrolisci@yahoo.it<\/a><\/strong><strong><span style=\"color: #000000\">.<\/span><\/strong><\/p>\n<p align=\"JUSTIFY\"><strong><span style=\"color: #ff0000\">Rubrica in collaborazione con Lettere Caff\u00e8 -Via San Francesco a Ripa, 100\/101 Rome, Italy mob (+39) 340 004 4154 -info@letterecaffe.org<\/span><\/strong><\/p>\n<p align=\"JUSTIFY\"><strong><span style=\"color: #000000\">Il commento<\/span><\/strong><\/p>\n<p align=\"JUSTIFY\">In principio furono gli antichi greci che la chiamavano<i><u><b> agor\u00e0 <\/b><\/u><\/i>seguiti dai romani con il <i><u><b>foro<\/b><\/u><\/i>, ma l\u2019importanza e l\u2019utilizzo di quello che era lo spazio pubblico per eccellenza rimase pressoch\u00e9 lo stesso. Con il collasso dell\u2019Impero Romano e fino all\u2019affermarsi dei liberi comuni all\u2019inizio del XII secolo che gli storici chiamano Alto Medioevo, questo importante elemento della vita pubblica venne meno.<\/p>\n<p align=\"JUSTIFY\">Con i liberi comuni, e fino ai nostri giorni, lo spazio pubblico viene chiamato piazza anche se rispetto all\u2019agor\u00e0 e al foro, che erano spazi polifunzionali dove venivano esercitate tutta una seria di attivit\u00e0 (commerciali, politiche, religiose), subisce una evoluzione e una specializzazione: la piazza del Comune era il ritrovo per le attivit\u00e0 politiche cos\u00ec come la piazza del Duomo era il riferimento per le attivit\u00e0 di culto e la piazza del mercato per quelle commerciali.<\/p>\n<p align=\"JUSTIFY\">\u00c8 con la Rivoluzione francese che assume un ruolo pi\u00f9 moderno e democratico dal momento che si trasforma come punto di riferimento della sovranit\u00e0 popolare. Attraverso le lotte del Risorgimento questa eredit\u00e0 \u00e8 arrivata fino a noi dove ancora oggi il concetto di <i><u><b>scendere in piazza<\/b><\/u><\/i> rappresenta un forte simbolo di partecipazione collettiva.<\/p>\n<p align=\"JUSTIFY\">In epoca contemporanea si \u00e8 poi aggiunto un importante elemento: oggi possiamo dire con il dovuto piacere e orgoglio che abbiamo la Fotografia a guardare e a raccontarci la piazza.<\/p>\n<p style=\"text-align: right\"><strong><span style=\"color: #000000\">\u00a9 2026 Claudio Polvanesi<\/span><\/strong><\/p>\n<figure id=\"attachment_42791\" aria-describedby=\"caption-attachment-42791\" style=\"width: 1052px\" class=\"wp-caption alignnone\"><img loading=\"lazy\" decoding=\"async\" class=\" wp-image-42791\" src=\"https:\/\/www.romaoggi.eu\/wp-content\/uploads\/2026\/04\/202604-Annalisa-MOrrone-cera-una-volta-un-sogno-lontano-commenta-Claudio-Polvanesi-1-300x201.jpeg\" alt=\"alt tag Annalisa Morrone\" width=\"1052\" height=\"705\" srcset=\"https:\/\/www.romaoggi.eu\/wp-content\/uploads\/2026\/04\/202604-Annalisa-MOrrone-cera-una-volta-un-sogno-lontano-commenta-Claudio-Polvanesi-1-300x201.jpeg 300w, https:\/\/www.romaoggi.eu\/wp-content\/uploads\/2026\/04\/202604-Annalisa-MOrrone-cera-una-volta-un-sogno-lontano-commenta-Claudio-Polvanesi-1.jpeg 1000w\" sizes=\"auto, (max-width: 1052px) 100vw, 1052px\" \/><figcaption id=\"caption-attachment-42791\" class=\"wp-caption-text\"><span style=\"color: #0000ff\"><strong>C&#8217;era una volta un sogno lontano. Fotografia di Annalisa Morrone<\/strong><\/span><\/figcaption><\/figure>\n<p><strong><span style=\"color: #1a1a1a\">Claudio Polvanesi nota bio<\/span><\/strong><\/p>\n<p align=\"JUSTIFY\">Inizia come autodidatta e affianca l\u2019esperienza fotografica all\u2019archeologia.<br \/>\nA cavallo degli anni \u201990 e 2000 \u00e8 impegnato in un progetto di ricerca archeologica in seno all\u2019Universit\u00e0 Popolare di Roma, dove ricopre il ruolo di responsabile dell\u2019archivio fotografico. Negli stessi anni porta avanti, in maniera autonoma, una documentazione fotografica sulle chiese romaniche della Sabina. Su tale progetto organizza incontri pubblici nell\u2019ambito di eventi culturali nel territorio della Sabina stessa.<\/p>\n<p align=\"JUSTIFY\">Si specializza in fotografia di scena presso il Centro Sperimentale di Fotografia Adams di Roma.<br \/>\nGran parte della sua attivit\u00e0 fotografica \u00e8 in ambiente teatrale. Dedica molto spazio agli artisti di strada, partecipando ad alcuni tra i pi\u00f9 importanti buskers festival in qualit\u00e0 di fotografo ufficiale. Entra a far parte del laboratorio Sperimentale di fotografia e Comunicazione <strong>Target Lab ETS<\/strong>, dove si occupa di fotografia sociale e di reportage. All\u2019inizio del 2024 crea, assieme ad altri 11 fotografe\/i, il Gruppo Fotografico f8 con il quale organizza progetti espositivi.<\/p>\n<p align=\"JUSTIFY\">Ha fatto parte di giurie di concorsi fotografici promossi e organizzati da <strong>Target Lab ETS di cui fa parte dal 2021<\/strong><\/p>\n<p align=\"CENTER\"><strong><span style=\"color: #1a1a1a\">___________________<\/span><\/strong><\/p>\n<p align=\"CENTER\"><strong><span style=\"color: #000000\">Editing fotografico a cura di Alessandro Lisci &#8211; Target Lab Ets<\/span><\/strong><\/p>\n<p align=\"CENTER\"><span style=\"color: #000000\"><b>Visita il sito: <\/b><\/span><a href=\"https:\/\/www.facebook.com\/TargetLabEts\" target=\"_top\">https:\/\/www.facebook.com\/TargetLabEts<\/a><\/p>\n<p align=\"CENTER\"><strong><span style=\"color: #000000\">Sostieni il progetto fotografico di Target Lab Ets con una <\/span><\/strong><strong><span style=\"color: #ff0000\">donazione\/erogazione liberale<\/span><\/strong> <strong><span style=\"color: #000000\">al seguente <\/span><\/strong><strong><span style=\"color: #ff0000\">IBAN<\/span><\/strong> <strong><span style=\"color: #ff0000\">IT05M0306909606100000186094<\/span><\/strong> <strong><span style=\"color: #161a1e\">intestato a Target Lab Ets.<\/span><\/strong><\/p>\n<p align=\"CENTER\"><strong><span style=\"color: #161a1e\">Le donazioni liberali sono detraibili in sede di dichiarazione dei redditi.<\/span><\/strong><\/p>\n<p align=\"CENTER\"><strong><span style=\"color: #ff0000\">Devolvi il 5xmille nella prossima dichiarazione dei redditi a Target Lab Ets<\/span><\/strong> <strong><span style=\"color: #000000\">inserendo il <\/span><\/strong><strong><span style=\"color: #ff0000\">CF : 96498910585<\/span><\/strong> <strong><span style=\"color: #000000\">riquadro ONLUS, Enti Terzo Settore,Aps per finanziare futuri progetti fotografici a ricaduta sociale<\/span><\/strong><\/p>\n<p>&nbsp;<\/p>\n<p align=\"JUSTIFY\"><span style=\"color: #000000\"><b>Target Lab\u00a0Ets\u00a0<\/b><\/span><span style=\"color: #000000\">\u00e8 un&#8217; associazione culturale ente terzo settore, reg. 4338\/3\/2021 CF.\u00a0<\/span><span style=\"color: #1d2228\">96498910585 &#8211; Iscriz. RUNTS 30\/12\/2022), fondata e presieduta da\u00a0Alessandro Lisci, fotoreporter freelance,\u00a0e\u00a0 composta dal seguente comitato scientifico:\u00a0Simonetta Baroni\u00a0&#8211; storica dell&#8217;arte;\u00a0Franco Bottoni\u00a0&#8211; tipografo;\u00a0Michele Brescia\u00a0&#8211; storico dell&#8217;Arte;\u00a0Fabiana Cambiaso\u00a0&#8211; architetta;\u00a0\u00a0Allan Ceen\u00a0&#8211;\u00a0 urbanista;\u00a0Marco Geppetti- fotografo professionista;\u00a0Paola Ortensi\u00a0&#8211; politiche rurali ed agricole;\u00a0Maurizio Paradisi\u00a0&#8211; sport.<\/span><\/p>\n<p align=\"JUSTIFY\"><span style=\"color: #1d2228\">Target Lab Ets \u00e8 stata presentata il 6 dicembre 2021\u00a0al pubblico e alla stampa presso la sala\u00a0Walter Tobagi\u00a0della\u00a0FNSI, Federazione Nazionale della Stampa Italiana, sede nazionale di Roma,\u00a0 con\u00a0Paolo Conti\u00a0del Corriere della Sera;\u00a0Vittorio Morelli\u00a0dell&#8217;Agi;\u00a0Marco Geppetti\u00a0e\u00a0Andrea Denzi\u00a0della Marcello Geppetti Media Company srl.<\/span><\/p>\n<p align=\"JUSTIFY\"><a href=\"https:\/\/www.radioradicale.it\/scheda\/654816\/presentazione-del-progetto-target-lab-ets-laboratorio-sperimentale-di-fotografia-e\" target=\"_top\"><span style=\"color: #000000\"><u>https:\/\/www.radioradicale.it\/scheda\/654816\/presentazione-del-progetto-target-lab-ets-laboratorio-sperimentale-di-fotografia-e<\/u><\/span><\/a><\/p>\n<p align=\"JUSTIFY\"><strong><span style=\"color: #000000\">email\u00a0\u00a0<\/span><\/strong><strong><a href=\"mailto:target.lsfc@gmail.com\" target=\"_top\"><span style=\"color: #0000ff\"><u>target.lsfc@gmail.com<\/u><\/span><\/a><\/strong><strong><span style=\"color: #cd232c\"><u>\u00a0\u00a0<\/u><\/span><\/strong><strong><span style=\"color: #000000\">mob\u00a0. \u00a0<\/span><\/strong><strong><span style=\"color: #cd232c\">+<\/span><\/strong><strong><span style=\"color: #000000\">39 3316379346<\/span><\/strong><\/p>\n<p>&nbsp;<\/p>\n","protected":false},"excerpt":{"rendered":"<div class=\"mh-excerpt\"><p>&nbsp; La foto del giorno di luned\u00ec 27 aprile 2026 dal titolo &#8220;C\u2019era una volta un sogno lontano&#8221; \u00e8 di Annalisa Morrone, commento di Claudio Polvanesi . Rubrica a cura di Alessandro Lisci. Invia la <a class=\"mh-excerpt-more\" href=\"https:\/\/www.romaoggi.eu\/index.php\/2026\/04\/27\/la-foto-del-giorno-cera-una-volta-un-sogno-lontano-di-annalisa-morrone-commento-di-claudio-polvanesi-target-lab-ets\/\" title=\"La Foto del Giorno: &#8220;C&#8217;era una volta un sogno lontano&#8221; di Annalisa Morrone. Commento di Claudio Polvanesi &#8211; Target Lab Ets\">[&#8230;]<\/a><\/p>\n<\/div>","protected":false},"author":17,"featured_media":42791,"comment_status":"closed","ping_status":"open","sticky":false,"template":"","format":"standard","meta":{"_sitemap_exclude":false,"_sitemap_priority":"","_sitemap_frequency":"","footnotes":""},"categories":[8934],"tags":[10292,19138,16252,19414],"class_list":["post-42771","post","type-post","status-publish","format-standard","has-post-thumbnail","hentry","category-lafotodelgiorno","tag-25-aprile","tag-annalisa-morrone","tag-festa-della-liberazione","tag-manifestazione-di-piazza"],"yoast_head":"<!-- This site is optimized with the Yoast SEO plugin v27.4 - https:\/\/yoast.com\/product\/yoast-seo-wordpress\/ -->\n<title>La Foto del Giorno: &quot;C&#039;era una volta un sogno lontano&quot; di Annalisa Morrone. Commento di Claudio Polvanesi - Target Lab Ets<\/title>\n<meta name=\"description\" content=\"&nbsp; La foto del giorno di luned\u00ec 27 aprile 2026 dal titolo &quot;C\u2019era una volta un sogno lontano&quot; \u00e8 di Annalisa Morrone, commento di Claudio Polvanesi .\" \/>\n<meta name=\"robots\" content=\"index, follow, max-snippet:-1, max-image-preview:large, max-video-preview:-1\" \/>\n<link rel=\"canonical\" href=\"https:\/\/www.romaoggi.eu\/index.php\/2026\/04\/27\/la-foto-del-giorno-cera-una-volta-un-sogno-lontano-di-annalisa-morrone-commento-di-claudio-polvanesi-target-lab-ets\/\" \/>\n<meta property=\"og:locale\" content=\"it_IT\" \/>\n<meta property=\"og:type\" content=\"article\" \/>\n<meta property=\"og:title\" content=\"La Foto del Giorno: &quot;C&#039;era una volta un sogno lontano&quot; di Annalisa Morrone. Commento di Claudio Polvanesi - Target Lab Ets\" \/>\n<meta property=\"og:description\" content=\"&nbsp; La foto del giorno di luned\u00ec 27 aprile 2026 dal titolo &quot;C\u2019era una volta un sogno lontano&quot; \u00e8 di Annalisa Morrone, commento di Claudio Polvanesi .\" \/>\n<meta property=\"og:url\" content=\"https:\/\/www.romaoggi.eu\/index.php\/2026\/04\/27\/la-foto-del-giorno-cera-una-volta-un-sogno-lontano-di-annalisa-morrone-commento-di-claudio-polvanesi-target-lab-ets\/\" \/>\n<meta property=\"og:site_name\" content=\"roma oggi\" \/>\n<meta property=\"article:publisher\" content=\"https:\/\/www.facebook.com\/RomaOggi-841544845954114\" \/>\n<meta property=\"article:published_time\" content=\"2026-04-27T05:12:29+00:00\" \/>\n<meta property=\"og:image\" content=\"https:\/\/www.romaoggi.eu\/wp-content\/uploads\/2026\/04\/202604-Annalisa-MOrrone-cera-una-volta-un-sogno-lontano-commenta-Claudio-Polvanesi-1.jpeg\" \/>\n\t<meta property=\"og:image:width\" content=\"1000\" \/>\n\t<meta property=\"og:image:height\" content=\"669\" \/>\n\t<meta property=\"og:image:type\" content=\"image\/jpeg\" \/>\n<meta name=\"author\" content=\"Target Lab Ets\" \/>\n<meta name=\"twitter:card\" content=\"summary_large_image\" \/>\n<meta name=\"twitter:creator\" content=\"@romaoggi_eu\" \/>\n<meta name=\"twitter:site\" content=\"@romaoggi_eu\" \/>\n<meta name=\"twitter:label1\" content=\"Scritto da\" \/>\n\t<meta name=\"twitter:data1\" content=\"Target Lab Ets\" \/>\n\t<meta name=\"twitter:label2\" content=\"Tempo di lettura stimato\" \/>\n\t<meta name=\"twitter:data2\" content=\"5 minuti\" \/>\n<script type=\"application\/ld+json\" class=\"yoast-schema-graph\">{\"@context\":\"https:\\\/\\\/schema.org\",\"@graph\":[{\"@type\":\"Article\",\"@id\":\"https:\\\/\\\/www.romaoggi.eu\\\/index.php\\\/2026\\\/04\\\/27\\\/la-foto-del-giorno-cera-una-volta-un-sogno-lontano-di-annalisa-morrone-commento-di-claudio-polvanesi-target-lab-ets\\\/#article\",\"isPartOf\":{\"@id\":\"https:\\\/\\\/www.romaoggi.eu\\\/index.php\\\/2026\\\/04\\\/27\\\/la-foto-del-giorno-cera-una-volta-un-sogno-lontano-di-annalisa-morrone-commento-di-claudio-polvanesi-target-lab-ets\\\/\"},\"author\":{\"name\":\"Target Lab Ets\",\"@id\":\"https:\\\/\\\/www.romaoggi.eu\\\/#\\\/schema\\\/person\\\/72b8cfc6de60caeb335267c8e21d90fb\"},\"headline\":\"La Foto del Giorno: &#8220;C&#8217;era una volta un sogno lontano&#8221; di Annalisa Morrone. Commento di Claudio Polvanesi &#8211; Target Lab Ets\",\"datePublished\":\"2026-04-27T05:12:29+00:00\",\"mainEntityOfPage\":{\"@id\":\"https:\\\/\\\/www.romaoggi.eu\\\/index.php\\\/2026\\\/04\\\/27\\\/la-foto-del-giorno-cera-una-volta-un-sogno-lontano-di-annalisa-morrone-commento-di-claudio-polvanesi-target-lab-ets\\\/\"},\"wordCount\":724,\"publisher\":{\"@id\":\"https:\\\/\\\/www.romaoggi.eu\\\/#organization\"},\"image\":{\"@id\":\"https:\\\/\\\/www.romaoggi.eu\\\/index.php\\\/2026\\\/04\\\/27\\\/la-foto-del-giorno-cera-una-volta-un-sogno-lontano-di-annalisa-morrone-commento-di-claudio-polvanesi-target-lab-ets\\\/#primaryimage\"},\"thumbnailUrl\":\"https:\\\/\\\/www.romaoggi.eu\\\/wp-content\\\/uploads\\\/2026\\\/04\\\/202604-Annalisa-MOrrone-cera-una-volta-un-sogno-lontano-commenta-Claudio-Polvanesi-1.jpeg\",\"keywords\":[\"25 aprile\",\"Annalisa Morrone\",\"Festa della liberazione\",\"manifestazione di piazza\"],\"articleSection\":[\"La foto del giorno\"],\"inLanguage\":\"it-IT\"},{\"@type\":\"WebPage\",\"@id\":\"https:\\\/\\\/www.romaoggi.eu\\\/index.php\\\/2026\\\/04\\\/27\\\/la-foto-del-giorno-cera-una-volta-un-sogno-lontano-di-annalisa-morrone-commento-di-claudio-polvanesi-target-lab-ets\\\/\",\"url\":\"https:\\\/\\\/www.romaoggi.eu\\\/index.php\\\/2026\\\/04\\\/27\\\/la-foto-del-giorno-cera-una-volta-un-sogno-lontano-di-annalisa-morrone-commento-di-claudio-polvanesi-target-lab-ets\\\/\",\"name\":\"La Foto del Giorno: \\\"C'era una volta un sogno lontano\\\" di Annalisa Morrone. Commento di Claudio Polvanesi - Target Lab Ets\",\"isPartOf\":{\"@id\":\"https:\\\/\\\/www.romaoggi.eu\\\/#website\"},\"primaryImageOfPage\":{\"@id\":\"https:\\\/\\\/www.romaoggi.eu\\\/index.php\\\/2026\\\/04\\\/27\\\/la-foto-del-giorno-cera-una-volta-un-sogno-lontano-di-annalisa-morrone-commento-di-claudio-polvanesi-target-lab-ets\\\/#primaryimage\"},\"image\":{\"@id\":\"https:\\\/\\\/www.romaoggi.eu\\\/index.php\\\/2026\\\/04\\\/27\\\/la-foto-del-giorno-cera-una-volta-un-sogno-lontano-di-annalisa-morrone-commento-di-claudio-polvanesi-target-lab-ets\\\/#primaryimage\"},\"thumbnailUrl\":\"https:\\\/\\\/www.romaoggi.eu\\\/wp-content\\\/uploads\\\/2026\\\/04\\\/202604-Annalisa-MOrrone-cera-una-volta-un-sogno-lontano-commenta-Claudio-Polvanesi-1.jpeg\",\"datePublished\":\"2026-04-27T05:12:29+00:00\",\"description\":\"&nbsp; La foto del giorno di luned\u00ec 27 aprile 2026 dal titolo \\\"C\u2019era una volta un sogno lontano\\\" \u00e8 di Annalisa Morrone, commento di Claudio Polvanesi .\",\"breadcrumb\":{\"@id\":\"https:\\\/\\\/www.romaoggi.eu\\\/index.php\\\/2026\\\/04\\\/27\\\/la-foto-del-giorno-cera-una-volta-un-sogno-lontano-di-annalisa-morrone-commento-di-claudio-polvanesi-target-lab-ets\\\/#breadcrumb\"},\"inLanguage\":\"it-IT\",\"potentialAction\":[{\"@type\":\"ReadAction\",\"target\":[\"https:\\\/\\\/www.romaoggi.eu\\\/index.php\\\/2026\\\/04\\\/27\\\/la-foto-del-giorno-cera-una-volta-un-sogno-lontano-di-annalisa-morrone-commento-di-claudio-polvanesi-target-lab-ets\\\/\"]}]},{\"@type\":\"ImageObject\",\"inLanguage\":\"it-IT\",\"@id\":\"https:\\\/\\\/www.romaoggi.eu\\\/index.php\\\/2026\\\/04\\\/27\\\/la-foto-del-giorno-cera-una-volta-un-sogno-lontano-di-annalisa-morrone-commento-di-claudio-polvanesi-target-lab-ets\\\/#primaryimage\",\"url\":\"https:\\\/\\\/www.romaoggi.eu\\\/wp-content\\\/uploads\\\/2026\\\/04\\\/202604-Annalisa-MOrrone-cera-una-volta-un-sogno-lontano-commenta-Claudio-Polvanesi-1.jpeg\",\"contentUrl\":\"https:\\\/\\\/www.romaoggi.eu\\\/wp-content\\\/uploads\\\/2026\\\/04\\\/202604-Annalisa-MOrrone-cera-una-volta-un-sogno-lontano-commenta-Claudio-Polvanesi-1.jpeg\",\"width\":1000,\"height\":669,\"caption\":\"C'era una volta un sogno lontano. Fotografia di Annalisa Morrone\"},{\"@type\":\"BreadcrumbList\",\"@id\":\"https:\\\/\\\/www.romaoggi.eu\\\/index.php\\\/2026\\\/04\\\/27\\\/la-foto-del-giorno-cera-una-volta-un-sogno-lontano-di-annalisa-morrone-commento-di-claudio-polvanesi-target-lab-ets\\\/#breadcrumb\",\"itemListElement\":[{\"@type\":\"ListItem\",\"position\":1,\"name\":\"Home\",\"item\":\"https:\\\/\\\/www.romaoggi.eu\\\/\"},{\"@type\":\"ListItem\",\"position\":2,\"name\":\"La Foto del Giorno: &#8220;C&#8217;era una volta un sogno lontano&#8221; di Annalisa Morrone. Commento di Claudio Polvanesi &#8211; Target Lab Ets\"}]},{\"@type\":\"WebSite\",\"@id\":\"https:\\\/\\\/www.romaoggi.eu\\\/#website\",\"url\":\"https:\\\/\\\/www.romaoggi.eu\\\/\",\"name\":\"roma oggi\",\"description\":\"Interesting News for Interesting people\",\"publisher\":{\"@id\":\"https:\\\/\\\/www.romaoggi.eu\\\/#organization\"},\"potentialAction\":[{\"@type\":\"SearchAction\",\"target\":{\"@type\":\"EntryPoint\",\"urlTemplate\":\"https:\\\/\\\/www.romaoggi.eu\\\/?s={search_term_string}\"},\"query-input\":{\"@type\":\"PropertyValueSpecification\",\"valueRequired\":true,\"valueName\":\"search_term_string\"}}],\"inLanguage\":\"it-IT\"},{\"@type\":\"Organization\",\"@id\":\"https:\\\/\\\/www.romaoggi.eu\\\/#organization\",\"name\":\"RomaOggi\",\"url\":\"https:\\\/\\\/www.romaoggi.eu\\\/\",\"logo\":{\"@type\":\"ImageObject\",\"inLanguage\":\"it-IT\",\"@id\":\"https:\\\/\\\/www.romaoggi.eu\\\/#\\\/schema\\\/logo\\\/image\\\/\",\"url\":\"https:\\\/\\\/www.romaoggi.eu\\\/wp-content\\\/uploads\\\/2017\\\/04\\\/logowp.jpg\",\"contentUrl\":\"https:\\\/\\\/www.romaoggi.eu\\\/wp-content\\\/uploads\\\/2017\\\/04\\\/logowp.jpg\",\"width\":300,\"height\":133,\"caption\":\"RomaOggi\"},\"image\":{\"@id\":\"https:\\\/\\\/www.romaoggi.eu\\\/#\\\/schema\\\/logo\\\/image\\\/\"},\"sameAs\":[\"https:\\\/\\\/www.facebook.com\\\/RomaOggi-841544845954114\",\"https:\\\/\\\/x.com\\\/romaoggi_eu\"]},{\"@type\":\"Person\",\"@id\":\"https:\\\/\\\/www.romaoggi.eu\\\/#\\\/schema\\\/person\\\/72b8cfc6de60caeb335267c8e21d90fb\",\"name\":\"Target Lab Ets\",\"image\":{\"@type\":\"ImageObject\",\"inLanguage\":\"it-IT\",\"@id\":\"https:\\\/\\\/secure.gravatar.com\\\/avatar\\\/ab64fd266889a629b0e9e6ab56209e379c2a89cfda303941ee9621d4090292d1?s=96&d=mm&r=g\",\"url\":\"https:\\\/\\\/secure.gravatar.com\\\/avatar\\\/ab64fd266889a629b0e9e6ab56209e379c2a89cfda303941ee9621d4090292d1?s=96&d=mm&r=g\",\"contentUrl\":\"https:\\\/\\\/secure.gravatar.com\\\/avatar\\\/ab64fd266889a629b0e9e6ab56209e379c2a89cfda303941ee9621d4090292d1?s=96&d=mm&r=g\",\"caption\":\"Target Lab Ets\"},\"sameAs\":[\"http:\\\/\\\/www.targetlab.org\"],\"url\":\"https:\\\/\\\/www.romaoggi.eu\\\/index.php\\\/author\\\/isfc\\\/\"}]}<\/script>\n<!-- \/ Yoast SEO plugin. -->","yoast_head_json":{"title":"La Foto del Giorno: \"C'era una volta un sogno lontano\" di Annalisa Morrone. Commento di Claudio Polvanesi - Target Lab Ets","description":"&nbsp; La foto del giorno di luned\u00ec 27 aprile 2026 dal titolo \"C\u2019era una volta un sogno lontano\" \u00e8 di Annalisa Morrone, commento di Claudio Polvanesi .","robots":{"index":"index","follow":"follow","max-snippet":"max-snippet:-1","max-image-preview":"max-image-preview:large","max-video-preview":"max-video-preview:-1"},"canonical":"https:\/\/www.romaoggi.eu\/index.php\/2026\/04\/27\/la-foto-del-giorno-cera-una-volta-un-sogno-lontano-di-annalisa-morrone-commento-di-claudio-polvanesi-target-lab-ets\/","og_locale":"it_IT","og_type":"article","og_title":"La Foto del Giorno: \"C'era una volta un sogno lontano\" di Annalisa Morrone. Commento di Claudio Polvanesi - Target Lab Ets","og_description":"&nbsp; La foto del giorno di luned\u00ec 27 aprile 2026 dal titolo \"C\u2019era una volta un sogno lontano\" \u00e8 di Annalisa Morrone, commento di Claudio Polvanesi .","og_url":"https:\/\/www.romaoggi.eu\/index.php\/2026\/04\/27\/la-foto-del-giorno-cera-una-volta-un-sogno-lontano-di-annalisa-morrone-commento-di-claudio-polvanesi-target-lab-ets\/","og_site_name":"roma oggi","article_publisher":"https:\/\/www.facebook.com\/RomaOggi-841544845954114","article_published_time":"2026-04-27T05:12:29+00:00","og_image":[{"width":1000,"height":669,"url":"https:\/\/www.romaoggi.eu\/wp-content\/uploads\/2026\/04\/202604-Annalisa-MOrrone-cera-una-volta-un-sogno-lontano-commenta-Claudio-Polvanesi-1.jpeg","type":"image\/jpeg"}],"author":"Target Lab Ets","twitter_card":"summary_large_image","twitter_creator":"@romaoggi_eu","twitter_site":"@romaoggi_eu","twitter_misc":{"Scritto da":"Target Lab Ets","Tempo di lettura stimato":"5 minuti"},"schema":{"@context":"https:\/\/schema.org","@graph":[{"@type":"Article","@id":"https:\/\/www.romaoggi.eu\/index.php\/2026\/04\/27\/la-foto-del-giorno-cera-una-volta-un-sogno-lontano-di-annalisa-morrone-commento-di-claudio-polvanesi-target-lab-ets\/#article","isPartOf":{"@id":"https:\/\/www.romaoggi.eu\/index.php\/2026\/04\/27\/la-foto-del-giorno-cera-una-volta-un-sogno-lontano-di-annalisa-morrone-commento-di-claudio-polvanesi-target-lab-ets\/"},"author":{"name":"Target Lab Ets","@id":"https:\/\/www.romaoggi.eu\/#\/schema\/person\/72b8cfc6de60caeb335267c8e21d90fb"},"headline":"La Foto del Giorno: &#8220;C&#8217;era una volta un sogno lontano&#8221; di Annalisa Morrone. Commento di Claudio Polvanesi &#8211; Target Lab Ets","datePublished":"2026-04-27T05:12:29+00:00","mainEntityOfPage":{"@id":"https:\/\/www.romaoggi.eu\/index.php\/2026\/04\/27\/la-foto-del-giorno-cera-una-volta-un-sogno-lontano-di-annalisa-morrone-commento-di-claudio-polvanesi-target-lab-ets\/"},"wordCount":724,"publisher":{"@id":"https:\/\/www.romaoggi.eu\/#organization"},"image":{"@id":"https:\/\/www.romaoggi.eu\/index.php\/2026\/04\/27\/la-foto-del-giorno-cera-una-volta-un-sogno-lontano-di-annalisa-morrone-commento-di-claudio-polvanesi-target-lab-ets\/#primaryimage"},"thumbnailUrl":"https:\/\/www.romaoggi.eu\/wp-content\/uploads\/2026\/04\/202604-Annalisa-MOrrone-cera-una-volta-un-sogno-lontano-commenta-Claudio-Polvanesi-1.jpeg","keywords":["25 aprile","Annalisa Morrone","Festa della liberazione","manifestazione di piazza"],"articleSection":["La foto del giorno"],"inLanguage":"it-IT"},{"@type":"WebPage","@id":"https:\/\/www.romaoggi.eu\/index.php\/2026\/04\/27\/la-foto-del-giorno-cera-una-volta-un-sogno-lontano-di-annalisa-morrone-commento-di-claudio-polvanesi-target-lab-ets\/","url":"https:\/\/www.romaoggi.eu\/index.php\/2026\/04\/27\/la-foto-del-giorno-cera-una-volta-un-sogno-lontano-di-annalisa-morrone-commento-di-claudio-polvanesi-target-lab-ets\/","name":"La Foto del Giorno: \"C'era una volta un sogno lontano\" di Annalisa Morrone. Commento di Claudio Polvanesi - Target Lab Ets","isPartOf":{"@id":"https:\/\/www.romaoggi.eu\/#website"},"primaryImageOfPage":{"@id":"https:\/\/www.romaoggi.eu\/index.php\/2026\/04\/27\/la-foto-del-giorno-cera-una-volta-un-sogno-lontano-di-annalisa-morrone-commento-di-claudio-polvanesi-target-lab-ets\/#primaryimage"},"image":{"@id":"https:\/\/www.romaoggi.eu\/index.php\/2026\/04\/27\/la-foto-del-giorno-cera-una-volta-un-sogno-lontano-di-annalisa-morrone-commento-di-claudio-polvanesi-target-lab-ets\/#primaryimage"},"thumbnailUrl":"https:\/\/www.romaoggi.eu\/wp-content\/uploads\/2026\/04\/202604-Annalisa-MOrrone-cera-una-volta-un-sogno-lontano-commenta-Claudio-Polvanesi-1.jpeg","datePublished":"2026-04-27T05:12:29+00:00","description":"&nbsp; La foto del giorno di luned\u00ec 27 aprile 2026 dal titolo \"C\u2019era una volta un sogno lontano\" \u00e8 di Annalisa Morrone, commento di Claudio Polvanesi .","breadcrumb":{"@id":"https:\/\/www.romaoggi.eu\/index.php\/2026\/04\/27\/la-foto-del-giorno-cera-una-volta-un-sogno-lontano-di-annalisa-morrone-commento-di-claudio-polvanesi-target-lab-ets\/#breadcrumb"},"inLanguage":"it-IT","potentialAction":[{"@type":"ReadAction","target":["https:\/\/www.romaoggi.eu\/index.php\/2026\/04\/27\/la-foto-del-giorno-cera-una-volta-un-sogno-lontano-di-annalisa-morrone-commento-di-claudio-polvanesi-target-lab-ets\/"]}]},{"@type":"ImageObject","inLanguage":"it-IT","@id":"https:\/\/www.romaoggi.eu\/index.php\/2026\/04\/27\/la-foto-del-giorno-cera-una-volta-un-sogno-lontano-di-annalisa-morrone-commento-di-claudio-polvanesi-target-lab-ets\/#primaryimage","url":"https:\/\/www.romaoggi.eu\/wp-content\/uploads\/2026\/04\/202604-Annalisa-MOrrone-cera-una-volta-un-sogno-lontano-commenta-Claudio-Polvanesi-1.jpeg","contentUrl":"https:\/\/www.romaoggi.eu\/wp-content\/uploads\/2026\/04\/202604-Annalisa-MOrrone-cera-una-volta-un-sogno-lontano-commenta-Claudio-Polvanesi-1.jpeg","width":1000,"height":669,"caption":"C'era una volta un sogno lontano. Fotografia di Annalisa Morrone"},{"@type":"BreadcrumbList","@id":"https:\/\/www.romaoggi.eu\/index.php\/2026\/04\/27\/la-foto-del-giorno-cera-una-volta-un-sogno-lontano-di-annalisa-morrone-commento-di-claudio-polvanesi-target-lab-ets\/#breadcrumb","itemListElement":[{"@type":"ListItem","position":1,"name":"Home","item":"https:\/\/www.romaoggi.eu\/"},{"@type":"ListItem","position":2,"name":"La Foto del Giorno: &#8220;C&#8217;era una volta un sogno lontano&#8221; di Annalisa Morrone. Commento di Claudio Polvanesi &#8211; Target Lab Ets"}]},{"@type":"WebSite","@id":"https:\/\/www.romaoggi.eu\/#website","url":"https:\/\/www.romaoggi.eu\/","name":"roma oggi","description":"Interesting News for Interesting people","publisher":{"@id":"https:\/\/www.romaoggi.eu\/#organization"},"potentialAction":[{"@type":"SearchAction","target":{"@type":"EntryPoint","urlTemplate":"https:\/\/www.romaoggi.eu\/?s={search_term_string}"},"query-input":{"@type":"PropertyValueSpecification","valueRequired":true,"valueName":"search_term_string"}}],"inLanguage":"it-IT"},{"@type":"Organization","@id":"https:\/\/www.romaoggi.eu\/#organization","name":"RomaOggi","url":"https:\/\/www.romaoggi.eu\/","logo":{"@type":"ImageObject","inLanguage":"it-IT","@id":"https:\/\/www.romaoggi.eu\/#\/schema\/logo\/image\/","url":"https:\/\/www.romaoggi.eu\/wp-content\/uploads\/2017\/04\/logowp.jpg","contentUrl":"https:\/\/www.romaoggi.eu\/wp-content\/uploads\/2017\/04\/logowp.jpg","width":300,"height":133,"caption":"RomaOggi"},"image":{"@id":"https:\/\/www.romaoggi.eu\/#\/schema\/logo\/image\/"},"sameAs":["https:\/\/www.facebook.com\/RomaOggi-841544845954114","https:\/\/x.com\/romaoggi_eu"]},{"@type":"Person","@id":"https:\/\/www.romaoggi.eu\/#\/schema\/person\/72b8cfc6de60caeb335267c8e21d90fb","name":"Target Lab Ets","image":{"@type":"ImageObject","inLanguage":"it-IT","@id":"https:\/\/secure.gravatar.com\/avatar\/ab64fd266889a629b0e9e6ab56209e379c2a89cfda303941ee9621d4090292d1?s=96&d=mm&r=g","url":"https:\/\/secure.gravatar.com\/avatar\/ab64fd266889a629b0e9e6ab56209e379c2a89cfda303941ee9621d4090292d1?s=96&d=mm&r=g","contentUrl":"https:\/\/secure.gravatar.com\/avatar\/ab64fd266889a629b0e9e6ab56209e379c2a89cfda303941ee9621d4090292d1?s=96&d=mm&r=g","caption":"Target Lab Ets"},"sameAs":["http:\/\/www.targetlab.org"],"url":"https:\/\/www.romaoggi.eu\/index.php\/author\/isfc\/"}]}},"_links":{"self":[{"href":"https:\/\/www.romaoggi.eu\/index.php\/wp-json\/wp\/v2\/posts\/42771","targetHints":{"allow":["GET"]}}],"collection":[{"href":"https:\/\/www.romaoggi.eu\/index.php\/wp-json\/wp\/v2\/posts"}],"about":[{"href":"https:\/\/www.romaoggi.eu\/index.php\/wp-json\/wp\/v2\/types\/post"}],"author":[{"embeddable":true,"href":"https:\/\/www.romaoggi.eu\/index.php\/wp-json\/wp\/v2\/users\/17"}],"replies":[{"embeddable":true,"href":"https:\/\/www.romaoggi.eu\/index.php\/wp-json\/wp\/v2\/comments?post=42771"}],"version-history":[{"count":5,"href":"https:\/\/www.romaoggi.eu\/index.php\/wp-json\/wp\/v2\/posts\/42771\/revisions"}],"predecessor-version":[{"id":42793,"href":"https:\/\/www.romaoggi.eu\/index.php\/wp-json\/wp\/v2\/posts\/42771\/revisions\/42793"}],"wp:featuredmedia":[{"embeddable":true,"href":"https:\/\/www.romaoggi.eu\/index.php\/wp-json\/wp\/v2\/media\/42791"}],"wp:attachment":[{"href":"https:\/\/www.romaoggi.eu\/index.php\/wp-json\/wp\/v2\/media?parent=42771"}],"wp:term":[{"taxonomy":"category","embeddable":true,"href":"https:\/\/www.romaoggi.eu\/index.php\/wp-json\/wp\/v2\/categories?post=42771"},{"taxonomy":"post_tag","embeddable":true,"href":"https:\/\/www.romaoggi.eu\/index.php\/wp-json\/wp\/v2\/tags?post=42771"}],"curies":[{"name":"wp","href":"https:\/\/api.w.org\/{rel}","templated":true}]}}