{"id":42797,"date":"2026-05-01T19:21:13","date_gmt":"2026-05-01T17:21:13","guid":{"rendered":"https:\/\/www.romaoggi.eu\/?p=42797"},"modified":"2026-05-01T19:21:14","modified_gmt":"2026-05-01T17:21:14","slug":"i-colori-del-perdono-a-teatro-uno-spettacolo-sulle-ferite-dellinfanzia","status":"publish","type":"post","link":"https:\/\/www.romaoggi.eu\/index.php\/2026\/05\/01\/i-colori-del-perdono-a-teatro-uno-spettacolo-sulle-ferite-dellinfanzia\/","title":{"rendered":"I Colori del Perdono: a teatro uno spettacolo sulle ferite dell\u2019infanzia"},"content":{"rendered":"<h2 style=\"text-align: justify\"><strong>I Colori del Perdono<\/strong>: al Teatro Petrolini uno spettacolo intenso che rompe il silenzio sulle ferite dell\u2019infanzia.<\/h2>\n<p style=\"text-align: justify\">Abusi sui minori, il silenzio e le ferite che continuano nell\u2019et\u00e0 adulta ad abitare la persona. Tratto dal romanzo di <strong>Monica Roiati, adattamento e regia di Angelita Puliafito, con l\u2019intensa Noemi Giangrande<\/strong>.<\/p>\n<p style=\"text-align: justify\">Oramai adulta prende per mano la s\u00e9 piccolina rivivendo le tappe della crescita \u00a0che l\u2019ha resa adulta; in un riflettere del passato per imparare a vivere il presente. Guardare l\u2019adesso per guardare l\u2019allora ed andare a riprendere i sentimenti sospesi per dar loro forma e colore.<\/p>\n<p style=\"text-align: justify\">Uno spazio chiuso, casa e coscienza insieme, una donna prende il suo passato e lo fa presenza. Non per essere giudicato, ma per essere attraversato.<\/p>\n<h3 style=\"text-align: justify\">Un racconto intimo e necessario sul coraggio di restare, sulla possibilit\u00e0 di scegliere, sul momento esatto in cui il dolore smette di comandare.<\/h3>\n<p style=\"text-align: justify\">Lo spettacolo affronta con sensibilit\u00e0 e forza scenica un tema cos\u00ec delicato ed ancora tab\u00f9, apre uno spazio di riflessione e rinascita.<\/p>\n<p style=\"text-align: justify\"><strong>Date<\/strong><\/p>\n<p style=\"text-align: justify\">9 maggio ore 21.00<\/p>\n<p style=\"text-align: justify\">10 maggio ore 18.00<\/p>\n<p style=\"text-align: justify\"><strong>Luogo<\/strong><\/p>\n<p style=\"text-align: justify\">Teatro Petrolini \u2013 Via Rubattino 5, Roma<\/p>\n<p style=\"text-align: justify\"><strong>Bio<\/strong><\/p>\n<h4 style=\"text-align: justify\">Angelita Puliafito \u00e8 regista e autrice teatrale, impegnata in progetti che uniscono ricerca artistica, sensibilit\u00e0 sociale ed emozione scenica.<\/h4>\n<p style=\"text-align: justify\">Compagnia Teatrale Voci<\/p>\n<p style=\"text-align: justify\">Angelita Puliafito<\/p>\n<p style=\"text-align: justify\"><a href=\"mailto:compagniateatralevoci@gmail.com\">compagniateatralevoci@gmail.com<\/a><\/p>\n","protected":false},"excerpt":{"rendered":"<div class=\"mh-excerpt\"><p>I Colori del Perdono: al Teatro Petrolini uno spettacolo intenso che rompe il silenzio sulle ferite dell\u2019infanzia. Abusi sui minori, il silenzio e le ferite che continuano nell\u2019et\u00e0 adulta ad abitare la persona. Tratto dal <a class=\"mh-excerpt-more\" href=\"https:\/\/www.romaoggi.eu\/index.php\/2026\/05\/01\/i-colori-del-perdono-a-teatro-uno-spettacolo-sulle-ferite-dellinfanzia\/\" title=\"I Colori del Perdono: a teatro uno spettacolo sulle ferite dell\u2019infanzia\">[&#8230;]<\/a><\/p>\n<\/div>","protected":false},"author":18,"featured_media":42800,"comment_status":"closed","ping_status":"open","sticky":false,"template":"","format":"standard","meta":{"_sitemap_exclude":false,"_sitemap_priority":"","_sitemap_frequency":"","footnotes":""},"categories":[4281],"tags":[19416,9100,19415,19417,16596,85,16556,8065],"class_list":["post-42797","post","type-post","status-publish","format-standard","has-post-thumbnail","hentry","category-teatro","tag-abusi-sui-minori","tag-angelita-puliafito","tag-i-colori-del-perdono","tag-infanzia","tag-noemi-giangrande","tag-teatro","tag-teatro-a-roma","tag-teatro-petrolini"],"yoast_head":"<!-- This site is optimized with the Yoast SEO plugin v27.5 - https:\/\/yoast.com\/product\/yoast-seo-wordpress\/ -->\n<title>I Colori del Perdono: a teatro uno spettacolo sulle ferite dell\u2019infanzia<\/title>\n<meta name=\"description\" content=\"I Colori del Perdono: al Teatro Petrolini uno spettacolo intenso che rompe il silenzio sulle ferite dell\u2019infanzia. Tratto dal romanzo di Moni\" \/>\n<meta name=\"robots\" content=\"index, follow, max-snippet:-1, max-image-preview:large, max-video-preview:-1\" \/>\n<link rel=\"canonical\" href=\"https:\/\/www.romaoggi.eu\/index.php\/2026\/05\/01\/i-colori-del-perdono-a-teatro-uno-spettacolo-sulle-ferite-dellinfanzia\/\" \/>\n<meta property=\"og:locale\" content=\"it_IT\" \/>\n<meta property=\"og:type\" content=\"article\" \/>\n<meta property=\"og:title\" content=\"I Colori del Perdono: a teatro uno spettacolo sulle ferite dell\u2019infanzia\" \/>\n<meta property=\"og:description\" content=\"I Colori del Perdono: al Teatro Petrolini uno spettacolo intenso che rompe il silenzio sulle ferite dell\u2019infanzia. Tratto dal romanzo di Moni\" \/>\n<meta property=\"og:url\" content=\"https:\/\/www.romaoggi.eu\/index.php\/2026\/05\/01\/i-colori-del-perdono-a-teatro-uno-spettacolo-sulle-ferite-dellinfanzia\/\" \/>\n<meta property=\"og:site_name\" content=\"roma oggi\" \/>\n<meta property=\"article:publisher\" content=\"https:\/\/www.facebook.com\/RomaOggi-841544845954114\" \/>\n<meta property=\"article:published_time\" content=\"2026-05-01T17:21:13+00:00\" \/>\n<meta property=\"article:modified_time\" content=\"2026-05-01T17:21:14+00:00\" \/>\n<meta property=\"og:image\" content=\"https:\/\/www.romaoggi.eu\/wp-content\/uploads\/2026\/04\/colori-angelita.jpg\" \/>\n\t<meta property=\"og:image:width\" content=\"1024\" \/>\n\t<meta property=\"og:image:height\" content=\"1536\" \/>\n\t<meta property=\"og:image:type\" content=\"image\/jpeg\" \/>\n<meta name=\"author\" content=\"Sara Lauricella\" \/>\n<meta name=\"twitter:card\" content=\"summary_large_image\" \/>\n<meta name=\"twitter:creator\" content=\"@romaoggi_eu\" \/>\n<meta name=\"twitter:site\" content=\"@romaoggi_eu\" \/>\n<meta name=\"twitter:label1\" content=\"Scritto da\" \/>\n\t<meta name=\"twitter:data1\" content=\"Sara Lauricella\" \/>\n\t<meta name=\"twitter:label2\" content=\"Tempo di lettura stimato\" \/>\n\t<meta name=\"twitter:data2\" content=\"2 minuti\" \/>\n<script type=\"application\/ld+json\" class=\"yoast-schema-graph\">{\"@context\":\"https:\\\/\\\/schema.org\",\"@graph\":[{\"@type\":\"Article\",\"@id\":\"https:\\\/\\\/www.romaoggi.eu\\\/index.php\\\/2026\\\/05\\\/01\\\/i-colori-del-perdono-a-teatro-uno-spettacolo-sulle-ferite-dellinfanzia\\\/#article\",\"isPartOf\":{\"@id\":\"https:\\\/\\\/www.romaoggi.eu\\\/index.php\\\/2026\\\/05\\\/01\\\/i-colori-del-perdono-a-teatro-uno-spettacolo-sulle-ferite-dellinfanzia\\\/\"},\"author\":{\"name\":\"Sara Lauricella\",\"@id\":\"https:\\\/\\\/www.romaoggi.eu\\\/#\\\/schema\\\/person\\\/a3fe6791a069e7831dbc270a2dc5fb6a\"},\"headline\":\"I Colori del Perdono: a teatro uno spettacolo sulle ferite dell\u2019infanzia\",\"datePublished\":\"2026-05-01T17:21:13+00:00\",\"dateModified\":\"2026-05-01T17:21:14+00:00\",\"mainEntityOfPage\":{\"@id\":\"https:\\\/\\\/www.romaoggi.eu\\\/index.php\\\/2026\\\/05\\\/01\\\/i-colori-del-perdono-a-teatro-uno-spettacolo-sulle-ferite-dellinfanzia\\\/\"},\"wordCount\":221,\"publisher\":{\"@id\":\"https:\\\/\\\/www.romaoggi.eu\\\/#organization\"},\"image\":{\"@id\":\"https:\\\/\\\/www.romaoggi.eu\\\/index.php\\\/2026\\\/05\\\/01\\\/i-colori-del-perdono-a-teatro-uno-spettacolo-sulle-ferite-dellinfanzia\\\/#primaryimage\"},\"thumbnailUrl\":\"https:\\\/\\\/www.romaoggi.eu\\\/wp-content\\\/uploads\\\/2026\\\/04\\\/colori-angelita.jpg\",\"keywords\":[\"abusi sui minori\",\"Angelita Puliafito\",\"i colori del perdono\",\"infanzia\",\"noemi giangrande\",\"teatro\",\"teatro a roma\",\"Teatro Petrolini\"],\"articleSection\":[\"teatro\"],\"inLanguage\":\"it-IT\"},{\"@type\":\"WebPage\",\"@id\":\"https:\\\/\\\/www.romaoggi.eu\\\/index.php\\\/2026\\\/05\\\/01\\\/i-colori-del-perdono-a-teatro-uno-spettacolo-sulle-ferite-dellinfanzia\\\/\",\"url\":\"https:\\\/\\\/www.romaoggi.eu\\\/index.php\\\/2026\\\/05\\\/01\\\/i-colori-del-perdono-a-teatro-uno-spettacolo-sulle-ferite-dellinfanzia\\\/\",\"name\":\"I Colori del Perdono: a teatro uno spettacolo sulle ferite dell\u2019infanzia\",\"isPartOf\":{\"@id\":\"https:\\\/\\\/www.romaoggi.eu\\\/#website\"},\"primaryImageOfPage\":{\"@id\":\"https:\\\/\\\/www.romaoggi.eu\\\/index.php\\\/2026\\\/05\\\/01\\\/i-colori-del-perdono-a-teatro-uno-spettacolo-sulle-ferite-dellinfanzia\\\/#primaryimage\"},\"image\":{\"@id\":\"https:\\\/\\\/www.romaoggi.eu\\\/index.php\\\/2026\\\/05\\\/01\\\/i-colori-del-perdono-a-teatro-uno-spettacolo-sulle-ferite-dellinfanzia\\\/#primaryimage\"},\"thumbnailUrl\":\"https:\\\/\\\/www.romaoggi.eu\\\/wp-content\\\/uploads\\\/2026\\\/04\\\/colori-angelita.jpg\",\"datePublished\":\"2026-05-01T17:21:13+00:00\",\"dateModified\":\"2026-05-01T17:21:14+00:00\",\"description\":\"I Colori del Perdono: al Teatro Petrolini uno spettacolo intenso che rompe il silenzio sulle ferite dell\u2019infanzia. Tratto dal romanzo di Moni\",\"breadcrumb\":{\"@id\":\"https:\\\/\\\/www.romaoggi.eu\\\/index.php\\\/2026\\\/05\\\/01\\\/i-colori-del-perdono-a-teatro-uno-spettacolo-sulle-ferite-dellinfanzia\\\/#breadcrumb\"},\"inLanguage\":\"it-IT\",\"potentialAction\":[{\"@type\":\"ReadAction\",\"target\":[\"https:\\\/\\\/www.romaoggi.eu\\\/index.php\\\/2026\\\/05\\\/01\\\/i-colori-del-perdono-a-teatro-uno-spettacolo-sulle-ferite-dellinfanzia\\\/\"]}]},{\"@type\":\"ImageObject\",\"inLanguage\":\"it-IT\",\"@id\":\"https:\\\/\\\/www.romaoggi.eu\\\/index.php\\\/2026\\\/05\\\/01\\\/i-colori-del-perdono-a-teatro-uno-spettacolo-sulle-ferite-dellinfanzia\\\/#primaryimage\",\"url\":\"https:\\\/\\\/www.romaoggi.eu\\\/wp-content\\\/uploads\\\/2026\\\/04\\\/colori-angelita.jpg\",\"contentUrl\":\"https:\\\/\\\/www.romaoggi.eu\\\/wp-content\\\/uploads\\\/2026\\\/04\\\/colori-angelita.jpg\",\"width\":1024,\"height\":1536,\"caption\":\"Alt tag i colori del perdono\"},{\"@type\":\"BreadcrumbList\",\"@id\":\"https:\\\/\\\/www.romaoggi.eu\\\/index.php\\\/2026\\\/05\\\/01\\\/i-colori-del-perdono-a-teatro-uno-spettacolo-sulle-ferite-dellinfanzia\\\/#breadcrumb\",\"itemListElement\":[{\"@type\":\"ListItem\",\"position\":1,\"name\":\"Home\",\"item\":\"https:\\\/\\\/www.romaoggi.eu\\\/\"},{\"@type\":\"ListItem\",\"position\":2,\"name\":\"I Colori del Perdono: a teatro uno spettacolo sulle ferite dell\u2019infanzia\"}]},{\"@type\":\"WebSite\",\"@id\":\"https:\\\/\\\/www.romaoggi.eu\\\/#website\",\"url\":\"https:\\\/\\\/www.romaoggi.eu\\\/\",\"name\":\"roma oggi\",\"description\":\"Interesting News for Interesting people\",\"publisher\":{\"@id\":\"https:\\\/\\\/www.romaoggi.eu\\\/#organization\"},\"potentialAction\":[{\"@type\":\"SearchAction\",\"target\":{\"@type\":\"EntryPoint\",\"urlTemplate\":\"https:\\\/\\\/www.romaoggi.eu\\\/?s={search_term_string}\"},\"query-input\":{\"@type\":\"PropertyValueSpecification\",\"valueRequired\":true,\"valueName\":\"search_term_string\"}}],\"inLanguage\":\"it-IT\"},{\"@type\":\"Organization\",\"@id\":\"https:\\\/\\\/www.romaoggi.eu\\\/#organization\",\"name\":\"RomaOggi\",\"url\":\"https:\\\/\\\/www.romaoggi.eu\\\/\",\"logo\":{\"@type\":\"ImageObject\",\"inLanguage\":\"it-IT\",\"@id\":\"https:\\\/\\\/www.romaoggi.eu\\\/#\\\/schema\\\/logo\\\/image\\\/\",\"url\":\"https:\\\/\\\/www.romaoggi.eu\\\/wp-content\\\/uploads\\\/2017\\\/04\\\/logowp.jpg\",\"contentUrl\":\"https:\\\/\\\/www.romaoggi.eu\\\/wp-content\\\/uploads\\\/2017\\\/04\\\/logowp.jpg\",\"width\":300,\"height\":133,\"caption\":\"RomaOggi\"},\"image\":{\"@id\":\"https:\\\/\\\/www.romaoggi.eu\\\/#\\\/schema\\\/logo\\\/image\\\/\"},\"sameAs\":[\"https:\\\/\\\/www.facebook.com\\\/RomaOggi-841544845954114\",\"https:\\\/\\\/x.com\\\/romaoggi_eu\"]},{\"@type\":\"Person\",\"@id\":\"https:\\\/\\\/www.romaoggi.eu\\\/#\\\/schema\\\/person\\\/a3fe6791a069e7831dbc270a2dc5fb6a\",\"name\":\"Sara Lauricella\",\"image\":{\"@type\":\"ImageObject\",\"inLanguage\":\"it-IT\",\"@id\":\"https:\\\/\\\/secure.gravatar.com\\\/avatar\\\/43b5b38ca5c211eeda3f5a753f08074b99bca18896a51722d2103203fe68f14f?s=96&d=mm&r=g\",\"url\":\"https:\\\/\\\/secure.gravatar.com\\\/avatar\\\/43b5b38ca5c211eeda3f5a753f08074b99bca18896a51722d2103203fe68f14f?s=96&d=mm&r=g\",\"contentUrl\":\"https:\\\/\\\/secure.gravatar.com\\\/avatar\\\/43b5b38ca5c211eeda3f5a753f08074b99bca18896a51722d2103203fe68f14f?s=96&d=mm&r=g\",\"caption\":\"Sara Lauricella\"},\"url\":\"https:\\\/\\\/www.romaoggi.eu\\\/index.php\\\/author\\\/s-lauricella\\\/\"}]}<\/script>\n<!-- \/ Yoast SEO plugin. -->","yoast_head_json":{"title":"I Colori del Perdono: a teatro uno spettacolo sulle ferite dell\u2019infanzia","description":"I Colori del Perdono: al Teatro Petrolini uno spettacolo intenso che rompe il silenzio sulle ferite dell\u2019infanzia. Tratto dal romanzo di Moni","robots":{"index":"index","follow":"follow","max-snippet":"max-snippet:-1","max-image-preview":"max-image-preview:large","max-video-preview":"max-video-preview:-1"},"canonical":"https:\/\/www.romaoggi.eu\/index.php\/2026\/05\/01\/i-colori-del-perdono-a-teatro-uno-spettacolo-sulle-ferite-dellinfanzia\/","og_locale":"it_IT","og_type":"article","og_title":"I Colori del Perdono: a teatro uno spettacolo sulle ferite dell\u2019infanzia","og_description":"I Colori del Perdono: al Teatro Petrolini uno spettacolo intenso che rompe il silenzio sulle ferite dell\u2019infanzia. Tratto dal romanzo di Moni","og_url":"https:\/\/www.romaoggi.eu\/index.php\/2026\/05\/01\/i-colori-del-perdono-a-teatro-uno-spettacolo-sulle-ferite-dellinfanzia\/","og_site_name":"roma oggi","article_publisher":"https:\/\/www.facebook.com\/RomaOggi-841544845954114","article_published_time":"2026-05-01T17:21:13+00:00","article_modified_time":"2026-05-01T17:21:14+00:00","og_image":[{"width":1024,"height":1536,"url":"https:\/\/www.romaoggi.eu\/wp-content\/uploads\/2026\/04\/colori-angelita.jpg","type":"image\/jpeg"}],"author":"Sara Lauricella","twitter_card":"summary_large_image","twitter_creator":"@romaoggi_eu","twitter_site":"@romaoggi_eu","twitter_misc":{"Scritto da":"Sara Lauricella","Tempo di lettura stimato":"2 minuti"},"schema":{"@context":"https:\/\/schema.org","@graph":[{"@type":"Article","@id":"https:\/\/www.romaoggi.eu\/index.php\/2026\/05\/01\/i-colori-del-perdono-a-teatro-uno-spettacolo-sulle-ferite-dellinfanzia\/#article","isPartOf":{"@id":"https:\/\/www.romaoggi.eu\/index.php\/2026\/05\/01\/i-colori-del-perdono-a-teatro-uno-spettacolo-sulle-ferite-dellinfanzia\/"},"author":{"name":"Sara Lauricella","@id":"https:\/\/www.romaoggi.eu\/#\/schema\/person\/a3fe6791a069e7831dbc270a2dc5fb6a"},"headline":"I Colori del Perdono: a teatro uno spettacolo sulle ferite dell\u2019infanzia","datePublished":"2026-05-01T17:21:13+00:00","dateModified":"2026-05-01T17:21:14+00:00","mainEntityOfPage":{"@id":"https:\/\/www.romaoggi.eu\/index.php\/2026\/05\/01\/i-colori-del-perdono-a-teatro-uno-spettacolo-sulle-ferite-dellinfanzia\/"},"wordCount":221,"publisher":{"@id":"https:\/\/www.romaoggi.eu\/#organization"},"image":{"@id":"https:\/\/www.romaoggi.eu\/index.php\/2026\/05\/01\/i-colori-del-perdono-a-teatro-uno-spettacolo-sulle-ferite-dellinfanzia\/#primaryimage"},"thumbnailUrl":"https:\/\/www.romaoggi.eu\/wp-content\/uploads\/2026\/04\/colori-angelita.jpg","keywords":["abusi sui minori","Angelita Puliafito","i colori del perdono","infanzia","noemi giangrande","teatro","teatro a roma","Teatro Petrolini"],"articleSection":["teatro"],"inLanguage":"it-IT"},{"@type":"WebPage","@id":"https:\/\/www.romaoggi.eu\/index.php\/2026\/05\/01\/i-colori-del-perdono-a-teatro-uno-spettacolo-sulle-ferite-dellinfanzia\/","url":"https:\/\/www.romaoggi.eu\/index.php\/2026\/05\/01\/i-colori-del-perdono-a-teatro-uno-spettacolo-sulle-ferite-dellinfanzia\/","name":"I Colori del Perdono: a teatro uno spettacolo sulle ferite dell\u2019infanzia","isPartOf":{"@id":"https:\/\/www.romaoggi.eu\/#website"},"primaryImageOfPage":{"@id":"https:\/\/www.romaoggi.eu\/index.php\/2026\/05\/01\/i-colori-del-perdono-a-teatro-uno-spettacolo-sulle-ferite-dellinfanzia\/#primaryimage"},"image":{"@id":"https:\/\/www.romaoggi.eu\/index.php\/2026\/05\/01\/i-colori-del-perdono-a-teatro-uno-spettacolo-sulle-ferite-dellinfanzia\/#primaryimage"},"thumbnailUrl":"https:\/\/www.romaoggi.eu\/wp-content\/uploads\/2026\/04\/colori-angelita.jpg","datePublished":"2026-05-01T17:21:13+00:00","dateModified":"2026-05-01T17:21:14+00:00","description":"I Colori del Perdono: al Teatro Petrolini uno spettacolo intenso che rompe il silenzio sulle ferite dell\u2019infanzia. Tratto dal romanzo di Moni","breadcrumb":{"@id":"https:\/\/www.romaoggi.eu\/index.php\/2026\/05\/01\/i-colori-del-perdono-a-teatro-uno-spettacolo-sulle-ferite-dellinfanzia\/#breadcrumb"},"inLanguage":"it-IT","potentialAction":[{"@type":"ReadAction","target":["https:\/\/www.romaoggi.eu\/index.php\/2026\/05\/01\/i-colori-del-perdono-a-teatro-uno-spettacolo-sulle-ferite-dellinfanzia\/"]}]},{"@type":"ImageObject","inLanguage":"it-IT","@id":"https:\/\/www.romaoggi.eu\/index.php\/2026\/05\/01\/i-colori-del-perdono-a-teatro-uno-spettacolo-sulle-ferite-dellinfanzia\/#primaryimage","url":"https:\/\/www.romaoggi.eu\/wp-content\/uploads\/2026\/04\/colori-angelita.jpg","contentUrl":"https:\/\/www.romaoggi.eu\/wp-content\/uploads\/2026\/04\/colori-angelita.jpg","width":1024,"height":1536,"caption":"Alt tag i colori del perdono"},{"@type":"BreadcrumbList","@id":"https:\/\/www.romaoggi.eu\/index.php\/2026\/05\/01\/i-colori-del-perdono-a-teatro-uno-spettacolo-sulle-ferite-dellinfanzia\/#breadcrumb","itemListElement":[{"@type":"ListItem","position":1,"name":"Home","item":"https:\/\/www.romaoggi.eu\/"},{"@type":"ListItem","position":2,"name":"I Colori del Perdono: a teatro uno spettacolo sulle ferite dell\u2019infanzia"}]},{"@type":"WebSite","@id":"https:\/\/www.romaoggi.eu\/#website","url":"https:\/\/www.romaoggi.eu\/","name":"roma oggi","description":"Interesting News for Interesting people","publisher":{"@id":"https:\/\/www.romaoggi.eu\/#organization"},"potentialAction":[{"@type":"SearchAction","target":{"@type":"EntryPoint","urlTemplate":"https:\/\/www.romaoggi.eu\/?s={search_term_string}"},"query-input":{"@type":"PropertyValueSpecification","valueRequired":true,"valueName":"search_term_string"}}],"inLanguage":"it-IT"},{"@type":"Organization","@id":"https:\/\/www.romaoggi.eu\/#organization","name":"RomaOggi","url":"https:\/\/www.romaoggi.eu\/","logo":{"@type":"ImageObject","inLanguage":"it-IT","@id":"https:\/\/www.romaoggi.eu\/#\/schema\/logo\/image\/","url":"https:\/\/www.romaoggi.eu\/wp-content\/uploads\/2017\/04\/logowp.jpg","contentUrl":"https:\/\/www.romaoggi.eu\/wp-content\/uploads\/2017\/04\/logowp.jpg","width":300,"height":133,"caption":"RomaOggi"},"image":{"@id":"https:\/\/www.romaoggi.eu\/#\/schema\/logo\/image\/"},"sameAs":["https:\/\/www.facebook.com\/RomaOggi-841544845954114","https:\/\/x.com\/romaoggi_eu"]},{"@type":"Person","@id":"https:\/\/www.romaoggi.eu\/#\/schema\/person\/a3fe6791a069e7831dbc270a2dc5fb6a","name":"Sara Lauricella","image":{"@type":"ImageObject","inLanguage":"it-IT","@id":"https:\/\/secure.gravatar.com\/avatar\/43b5b38ca5c211eeda3f5a753f08074b99bca18896a51722d2103203fe68f14f?s=96&d=mm&r=g","url":"https:\/\/secure.gravatar.com\/avatar\/43b5b38ca5c211eeda3f5a753f08074b99bca18896a51722d2103203fe68f14f?s=96&d=mm&r=g","contentUrl":"https:\/\/secure.gravatar.com\/avatar\/43b5b38ca5c211eeda3f5a753f08074b99bca18896a51722d2103203fe68f14f?s=96&d=mm&r=g","caption":"Sara Lauricella"},"url":"https:\/\/www.romaoggi.eu\/index.php\/author\/s-lauricella\/"}]}},"_links":{"self":[{"href":"https:\/\/www.romaoggi.eu\/index.php\/wp-json\/wp\/v2\/posts\/42797","targetHints":{"allow":["GET"]}}],"collection":[{"href":"https:\/\/www.romaoggi.eu\/index.php\/wp-json\/wp\/v2\/posts"}],"about":[{"href":"https:\/\/www.romaoggi.eu\/index.php\/wp-json\/wp\/v2\/types\/post"}],"author":[{"embeddable":true,"href":"https:\/\/www.romaoggi.eu\/index.php\/wp-json\/wp\/v2\/users\/18"}],"replies":[{"embeddable":true,"href":"https:\/\/www.romaoggi.eu\/index.php\/wp-json\/wp\/v2\/comments?post=42797"}],"version-history":[{"count":2,"href":"https:\/\/www.romaoggi.eu\/index.php\/wp-json\/wp\/v2\/posts\/42797\/revisions"}],"predecessor-version":[{"id":42801,"href":"https:\/\/www.romaoggi.eu\/index.php\/wp-json\/wp\/v2\/posts\/42797\/revisions\/42801"}],"wp:featuredmedia":[{"embeddable":true,"href":"https:\/\/www.romaoggi.eu\/index.php\/wp-json\/wp\/v2\/media\/42800"}],"wp:attachment":[{"href":"https:\/\/www.romaoggi.eu\/index.php\/wp-json\/wp\/v2\/media?parent=42797"}],"wp:term":[{"taxonomy":"category","embeddable":true,"href":"https:\/\/www.romaoggi.eu\/index.php\/wp-json\/wp\/v2\/categories?post=42797"},{"taxonomy":"post_tag","embeddable":true,"href":"https:\/\/www.romaoggi.eu\/index.php\/wp-json\/wp\/v2\/tags?post=42797"}],"curies":[{"name":"wp","href":"https:\/\/api.w.org\/{rel}","templated":true}]}}