{"id":42803,"date":"2026-04-30T00:02:57","date_gmt":"2026-04-29T22:02:57","guid":{"rendered":"https:\/\/www.romaoggi.eu\/?p=42803"},"modified":"2026-04-30T00:02:57","modified_gmt":"2026-04-29T22:02:57","slug":"la-foto-del-giorno-dallalpha-allomega-e-di-irene-vallerotonda-commento-di-deborah-italia","status":"publish","type":"post","link":"https:\/\/www.romaoggi.eu\/index.php\/2026\/04\/30\/la-foto-del-giorno-dallalpha-allomega-e-di-irene-vallerotonda-commento-di-deborah-italia\/","title":{"rendered":"La Foto del Giorno: &#8220;Dall&#8217;Alpha all&#8217;Omega &#8221; \u00e8 di Irene Vallerotonda, commento di Deborah Italia"},"content":{"rendered":"<p><img loading=\"lazy\" decoding=\"async\" class=\"alignnone wp-image-42507 aligncenter\" src=\"https:\/\/www.romaoggi.eu\/wp-content\/uploads\/2026\/03\/BANNER-5-MILEE-300x276.jpg\" alt=\"\" width=\"187\" height=\"172\" srcset=\"https:\/\/www.romaoggi.eu\/wp-content\/uploads\/2026\/03\/BANNER-5-MILEE-300x276.jpg 300w, https:\/\/www.romaoggi.eu\/wp-content\/uploads\/2026\/03\/BANNER-5-MILEE.jpg 551w\" sizes=\"auto, (max-width: 187px) 100vw, 187px\" \/><img loading=\"lazy\" decoding=\"async\" class=\"alignnone wp-image-39807 aligncenter\" src=\"https:\/\/www.romaoggi.eu\/wp-content\/uploads\/2025\/05\/OIP.jpeg\" alt=\"alt tag lettere caf\u00e8\" width=\"81\" height=\"81\" \/><\/p>\n<p>&nbsp;<\/p>\n<p align=\"JUSTIFY\"><strong><span style=\"color: #000000\"><span style=\"font-family: Times New Roman, serif\"><span style=\"font-size: medium\">La foto del giorno<\/span><\/span><\/span><\/strong><span style=\"color: #000000\"><span style=\"font-family: Times New Roman, serif\"><span style=\"font-size: medium\"> di gioved\u00ec 30 aprile <\/span><\/span><\/span><span style=\"color: #000000\"><span style=\"font-family: Times New Roman, serif\"><span style=\"font-size: medium\"><b>2026<\/b><\/span><\/span><\/span><b> <\/b><span style=\"color: #000000\"><span style=\"font-family: Times New Roman, serif\"><span style=\"font-size: medium\">dal titolo<\/span><\/span><\/span> <strong><span style=\"color: #000000\"><span style=\"font-family: Times New Roman, serif\"><span style=\"font-size: medium\">&#8220;<\/span><\/span><\/span><\/strong><strong><span style=\"color: #26282a\"><span style=\"font-family: Times New Roman, serif\"><span style=\"font-size: medium\"><b>Dall&#8217;Alpha all&#8217;Omega <\/b><\/span><\/span><\/span><\/strong><strong><span style=\"color: #000000\"><span style=\"font-family: Times New Roman, serif\"><span style=\"font-size: medium\">&#8220;<\/span><\/span><\/span><\/strong> <span style=\"color: #1d2228\"><span style=\"font-family: Times New Roman, serif\"><span style=\"font-size: medium\">\u00e8 di <\/span><\/span><\/span><span style=\"color: #1d2228\"><span style=\"font-family: Times New Roman, serif\"><span style=\"font-size: medium\"><b>Irene Vallerotonda,<\/b><\/span><\/span><\/span> <span style=\"color: #1d2228\"><span style=\"font-family: Times New Roman, serif\"><span style=\"font-size: medium\">commento di<\/span><\/span><\/span><span style=\"color: #1d2228\"><span style=\"font-family: Times New Roman, serif\"><span style=\"font-size: medium\"><b> Deborah Italia<\/b><\/span><\/span><\/span><span style=\"color: #1d2228\"><span style=\"font-family: Times New Roman, serif\"><span style=\"font-size: medium\">.<\/span><\/span><\/span><span style=\"color: #000000\"><span style=\"font-family: Times New Roman, serif\"><span style=\"font-size: medium\"> Rubrica a cura di Alessandro Lisci. <\/span><\/span><\/span><strong><span style=\"color: #000000\"><span style=\"font-family: Times New Roman, serif\"><span style=\"font-size: medium\">Invia la tua foto del giorno al<\/span><\/span><\/span><\/strong><strong><span style=\"color: #000000\"><span style=\"font-family: Times New Roman, serif\"><span style=\"font-size: medium\"> whats app 3316379346 o <\/span><\/span><\/span><\/strong><strong><span style=\"color: #000000\"><span style=\"font-family: Times New Roman, serif\"><span style=\"font-size: medium\">alla mail<\/span><\/span><\/span><\/strong> <strong><a href=\"mailto:alessandrolisci@yahoo.it\"><span style=\"font-family: Times New Roman, serif\"><span style=\"font-size: medium\">alessandrolisci@yahoo.it<\/span><\/span><\/a><\/strong><strong><span style=\"color: #000000\"><span style=\"font-family: Times New Roman, serif\"><span style=\"font-size: medium\">. <\/span><\/span><\/span><\/strong><\/p>\n<p align=\"JUSTIFY\"><strong><span style=\"color: #ff0000\"><span style=\"font-family: Times New Roman, serif\"><span style=\"font-size: medium\">Rubrica in collaborazione con Lettere Caff\u00e8 -Via San Francesco a Ripa, 100\/101 Rome, Italy mob (+39) 340 004 4154 -info@letterecaffe.org<\/span><\/span><\/span><\/strong><\/p>\n<p align=\"JUSTIFY\"><strong><span style=\"color: #000000\"><span style=\"font-family: Times New Roman, serif\"><span style=\"font-size: medium\">Il commento <\/span><\/span><\/span><\/strong><\/p>\n<p align=\"JUSTIFY\"><span style=\"color: #1d2228\"><span style=\"font-family: Times New Roman, serif\"><span style=\"font-size: medium\">In questa immagine, la gerarchia viene annullata perch\u00e9 il tempo smette di essere un tiranno che consuma e diventa una danza che conserva. Se guardiamo bene, l&#8217;Anziana non \u00e8 &#8220;pi\u00f9 lontana&#8221; dalla vita rispetto alla Bambina, \u00a0\u00e8 semplicemente carica di una densit\u00e0 diversa. Questa immagine \u00e8 la traduzione visiva perfetta del concetto di Alfa e Omega. <\/span><\/span><\/span><\/p>\n<p align=\"JUSTIFY\"><span style=\"color: #1d2228\"><span style=\"font-family: Times New Roman, serif\"><span style=\"font-size: medium\">Non \u00e8 solo una linea che va da sinistra a destra, ma un cerchio che si chiude e si rigenera, incarnando l&#8217;archetipo della Triplice Dea, che nella mitologia e nella filosofia antica riflette le fasi della luna e della vita umana.<\/span><\/span><\/span><span style=\"color: #1d2228\"><span style=\"font-family: Times New Roman, serif\"><span style=\"font-size: medium\">Le tre donne non sono individui separati, ma tre istanti dello stesso respiro. <\/span><\/span><\/span><\/p>\n<p align=\"JUSTIFY\"><span style=\"color: #1d2228\"><span style=\"font-family: Times New Roman, serif\"><span style=\"font-size: medium\">La Bambina, L\u2019Alfa, la primavera, l&#8217;inizio del viaggio. La Madre-Adulta \u00e9 il centro del cerchio, il momento della massima espansione. <\/span><\/span><\/span><\/p>\n<p align=\"JUSTIFY\"><span style=\"color: #1d2228\"><span style=\"font-family: Times New Roman, serif\"><span style=\"font-size: medium\">\u00c8 l&#8217;equilibrio tra il ricordo di ci\u00f2 che \u00e8 stato e la visione di ci\u00f2 che sar\u00e0. L\u2019Anziana L\u2019Omega, vicina alla fine. \u00c8 colei che detiene la memoria del ciclo intero.<\/span><\/span><\/span><span style=\"color: #1d2228\"><span style=\"font-family: Times New Roman, serif\"><span style=\"font-size: medium\">La fragilit\u00e0 della nascita coincide con la fragilit\u00e0 della morte: entrambe sono porte che si aprono su mondi sconosciuti. Il cerchio della vita ci insegna che non siamo passeggeri su una strada che finisce nel nulla, ma parte di un ingranaggio eterno dove ogni tramonto \u00e8, da qualche altra parte, un&#8217;aurora.<\/span><\/span><\/span><\/p>\n<p align=\"JUSTIFY\"><span style=\"color: #000000\"><span style=\"font-family: Times New Roman, serif\"><span style=\"font-size: medium\"><br \/>\n<\/span><\/span><\/span><span style=\"color: #1d2228\"><span style=\"font-family: Times New Roman, serif\"><span style=\"font-size: medium\">Il cerchio \u00e8 completo: non c&#8217;\u00e8 gerarchia tra le tre figure, perch\u00e9 nessuna pu\u00f2 esistere senza l&#8217;altra, ma \u00e8 un processo continuo.<\/span><\/span><\/span><\/p>\n<p style=\"text-align: right\" align=\"JUSTIFY\"><strong><span style=\"font-family: Times New Roman, serif\"><span style=\"font-size: medium\">\u00a9 2026 Deborah Italia<\/span><\/span><\/strong><\/p>\n<figure id=\"attachment_42804\" aria-describedby=\"caption-attachment-42804\" style=\"width: 810px\" class=\"wp-caption alignnone\"><img loading=\"lazy\" decoding=\"async\" class=\" wp-image-42804\" src=\"https:\/\/www.romaoggi.eu\/wp-content\/uploads\/2026\/04\/DSC4919-300x219.jpg\" alt=\"alt tag Irene Vallerotonda\" width=\"810\" height=\"591\" srcset=\"https:\/\/www.romaoggi.eu\/wp-content\/uploads\/2026\/04\/DSC4919-300x219.jpg 300w, https:\/\/www.romaoggi.eu\/wp-content\/uploads\/2026\/04\/DSC4919-1024x748.jpg 1024w, https:\/\/www.romaoggi.eu\/wp-content\/uploads\/2026\/04\/DSC4919-1536x1122.jpg 1536w, https:\/\/www.romaoggi.eu\/wp-content\/uploads\/2026\/04\/DSC4919-2048x1496.jpg 2048w\" sizes=\"auto, (max-width: 810px) 100vw, 810px\" \/><figcaption id=\"caption-attachment-42804\" class=\"wp-caption-text\"><span style=\"color: #0000ff\"><strong>Dall&#8217;Alpha all&#8217;Omega. Fotografia di Irene Vallerotonda<\/strong><\/span><\/figcaption><\/figure>\n<p align=\"JUSTIFY\"><strong><span style=\"font-family: Times New Roman, serif\"><span style=\"font-size: medium\">Deborah Italia nota bio<\/span><\/span><\/strong><\/p>\n<p align=\"JUSTIFY\"><span style=\"font-family: Times New Roman, serif\"><span style=\"font-size: medium\">Deborah Italia nasce a Lucerna, in Svizzera, il 27 agosto. Trascorre qui la propria infanzia fino all\u2019et\u00e0 di 10 anni, quando si trasferisce con tutta la famiglia in Sicilia. Spinta dalla grande passione per la musica, all\u2019et\u00e0 di 15 anni forma un trio musicale chiamato \u201cThe Barricades\u201d con cui si esibisce soprattutto nei piano-bar. <\/span><\/span><\/p>\n<p align=\"JUSTIFY\"><span style=\"font-family: Times New Roman, serif\"><span style=\"font-size: medium\">La vita del trio dura circa due anni, poi Deborah capisce che \u00e8 arrivato il momento di intraprendere il percorso di solista, con un proprio repertorio di inediti (tuttavia mai pubblicati). Il nuovo percorso funziona e, con lo pseudonimo di Nubia, gira l\u2019intera Sicilia esibendosi nelle maggiori citt\u00e0 dell\u2019isola. A 20 anni decide di trasferirsi a Roma. <\/span><\/span><\/p>\n<p align=\"JUSTIFY\"><span style=\"color: #1a1a1a\"><span style=\"font-family: Times New Roman, serif\"><span style=\"font-size: medium\">Il salto di qualit\u00e0 sotto il profilo professionale non tarda ad arrivare. Partecipa infatti a numerose trasmissioni televisive come: Domenica In (nelle vesti di cantante e ballerina), Il Salotto Magico (co-presentatrice), Capitani In Fondo al Mar, Cinecitt\u00e0 Miss, Cinecitt\u00e0 Days. Arriva anche una piccola parte come attrice nella fiction Padri e Figli. In questi anni inizia inoltre l\u2019attivit\u00e0 di modella, fotomodella e indossatrice. Nel frattempo, non smette di studiare e si laurea in Teatro, Cinema, Danza e Arti Digitali presso l\u2019Universit\u00e0 La Sapienza di Roma ed \u00e8 qui che si avvicina al mondo della fotografia. Attraverso lo studio di diversi pittori, fotografi, antropologi inizia ad osservare attimi e dettagli di tutto ci\u00f2 che la circonda e inizia ad usare le immagini per parlare di ci\u00f2 che la emoziona. <\/span><\/span><\/span><strong><span style=\"color: #1a1a1a\"><span style=\"font-family: Times New Roman, serif\"><span style=\"font-size: medium\">Da Maggio 2025 \u00e8 iscritta a Target Lab Ets, Laboratorio Sperimentale di Fotografia e Comunicazione.<\/span><\/span><\/span><\/strong><\/p>\n<p align=\"CENTER\"><strong><span style=\"color: #1a1a1a\"><span style=\"font-family: Times New Roman, serif\"><span style=\"font-size: medium\">______________________<\/span><\/span><\/span><\/strong><\/p>\n<p align=\"CENTER\"><strong><span style=\"color: #000000\"><span style=\"font-family: Times New Roman, serif\"><span style=\"font-size: medium\"><b>Editing fotografico a cura di Alessandro Lisci \u2013 Target Lab Ets<\/b><\/span><\/span><\/span><\/strong><\/p>\n<p align=\"CENTER\"><span style=\"color: #000000\"><span style=\"font-family: Times New Roman, serif\"><span style=\"font-size: medium\"><b>Visita il sito:\u00a0<\/b><\/span><\/span><\/span><a href=\"https:\/\/www.facebook.com\/TargetLabEts\"><span style=\"color: #e64946\"><span style=\"font-family: Times New Roman, serif\"><span style=\"font-size: medium\"><b>https:\/\/www.facebook.com\/TargetLabEts<\/b><\/span><\/span><\/span><\/a><\/p>\n<p align=\"CENTER\"><strong><span style=\"color: #000000\"><span style=\"font-family: Times New Roman, serif\"><span style=\"font-size: medium\"><b>Sostieni il progetto fotografico di Target Lab Ets con una\u00a0<\/b><\/span><\/span><\/span><\/strong><strong><span style=\"color: #ff0000\"><span style=\"font-family: Times New Roman, serif\"><span style=\"font-size: medium\"><b>donazione\/erogazione liberale<\/b><\/span><\/span><\/span><\/strong><span style=\"color: #000000\"><span style=\"font-family: Times New Roman, serif\"><span style=\"font-size: medium\">\u00a0<\/span><\/span><\/span><strong><span style=\"color: #000000\"><span style=\"font-family: Times New Roman, serif\"><span style=\"font-size: medium\"><b>al seguente\u00a0<\/b><\/span><\/span><\/span><\/strong><strong><span style=\"color: #ff0000\"><span style=\"font-family: Times New Roman, serif\"><span style=\"font-size: medium\"><b>IBAN<\/b><\/span><\/span><\/span><\/strong><span style=\"color: #000000\"><span style=\"font-family: Times New Roman, serif\"><span style=\"font-size: medium\">\u00a0<\/span><\/span><\/span><strong><span style=\"color: #ff0000\"><span style=\"font-family: Times New Roman, serif\"><span style=\"font-size: medium\"><b>IT05M0306909606100000186094<\/b><\/span><\/span><\/span><\/strong><span style=\"color: #000000\"><span style=\"font-family: Times New Roman, serif\"><span style=\"font-size: medium\">\u00a0<\/span><\/span><\/span><strong><span style=\"color: #161a1e\"><span style=\"font-family: Times New Roman, serif\"><span style=\"font-size: medium\"><b>intestato a Target Lab Ets.<\/b><\/span><\/span><\/span><\/strong><\/p>\n<p align=\"CENTER\"><strong><span style=\"color: #161a1e\"><span style=\"font-family: Times New Roman, serif\"><span style=\"font-size: medium\"><b>Le donazioni liberali sono detraibili in sede di dichiarazione dei redditi.<\/b><\/span><\/span><\/span><\/strong><\/p>\n<p align=\"CENTER\"><strong><span style=\"color: #ff0000\"><span style=\"font-family: Times New Roman, serif\"><span style=\"font-size: medium\"><b>Devolvi il 5xmille nella prossima dichiarazione dei redditi a Target Lab Ets<\/b><\/span><\/span><\/span><\/strong><span style=\"color: #000000\"><span style=\"font-family: Times New Roman, serif\"><span style=\"font-size: medium\">\u00a0<\/span><\/span><\/span><strong><span style=\"color: #000000\"><span style=\"font-family: Times New Roman, serif\"><span style=\"font-size: medium\"><b>inserendo il\u00a0<\/b><\/span><\/span><\/span><\/strong><strong><span style=\"color: #ff0000\"><span style=\"font-family: Times New Roman, serif\"><span style=\"font-size: medium\"><b>CF : 96498910585<\/b><\/span><\/span><\/span><\/strong><span style=\"color: #000000\"><span style=\"font-family: Times New Roman, serif\"><span style=\"font-size: medium\">\u00a0<\/span><\/span><\/span><strong><span style=\"color: #000000\"><span style=\"font-family: Times New Roman, serif\"><span style=\"font-size: medium\"><b>riquadro ONLUS, Enti Terzo Settore,Aps per finanziare futuri progetti fotografici a ricaduta sociale<\/b><\/span><\/span><\/span><\/strong><\/p>\n<p><span style=\"color: #000000\">\u00a0<\/span><\/p>\n<p align=\"JUSTIFY\"><span style=\"color: #26282a\"><span style=\"font-family: Times New Roman, serif\"><span style=\"font-size: medium\"><span style=\"color: #000000\"><b>Target Lab\u00a0Ets\u00a0<\/b><\/span><span style=\"color: #000000\">\u00e8 un\u2019 associazione culturale ente terzo settore, reg. 4338\/3\/2021 CF.\u00a0<\/span><span style=\"color: #1d2228\">96498910585 \u2013 Iscriz. RUNTS 30\/12\/2022), fondata e presieduta da\u00a0Alessandro Lisci, fotoreporter freelance,\u00a0e\u00a0 composta dal seguente comitato scientifico:\u00a0Simonetta Baroni\u00a0\u2013 storica dell\u2019arte;\u00a0Franco Bottoni\u00a0\u2013 tipografo;\u00a0Michele Brescia\u00a0\u2013 storico dell\u2019Arte;\u00a0Fabiana Cambiaso\u00a0\u2013 architetta;\u00a0\u00a0Allan Ceen\u00a0\u2013\u00a0 urbanista;\u00a0Marco Geppetti- fotografo professionista;\u00a0Paola Ortensi\u00a0\u2013 politiche rurali ed agricole;\u00a0Maurizio Paradisi\u00a0\u2013 sport.<\/span><\/span><\/span><\/span><\/p>\n<p align=\"JUSTIFY\"><span style=\"color: #1d2228\"><span style=\"font-family: Times New Roman, serif\"><span style=\"font-size: medium\">Target Lab Ets \u00e8 stata presentata il 6 dicembre 2021\u00a0al pubblico e alla stampa presso la sala\u00a0Walter Tobagi\u00a0della\u00a0FNSI, Federazione Nazionale della Stampa Italiana, sede nazionale di Roma,\u00a0 con\u00a0Paolo Conti\u00a0del Corriere della Sera;\u00a0Vittorio Morelli\u00a0dell\u2019Agi;\u00a0Marco Geppetti\u00a0e\u00a0Andrea Denzi\u00a0della Marcello Geppetti Media Company srl.<\/span><\/span><\/span><\/p>\n<p align=\"JUSTIFY\"><a href=\"https:\/\/www.radioradicale.it\/scheda\/654816\/presentazione-del-progetto-target-lab-ets-laboratorio-sperimentale-di-fotografia-e\" target=\"_blank\" rel=\"noopener\"><span style=\"color: #000000\"><span style=\"font-family: Times New Roman, serif\"><span style=\"font-size: medium\"><u><b>https:\/\/www.radioradicale.it\/scheda\/654816\/presentazione-del-progetto-target-lab-ets-laboratorio-sperimentale-di-fotografia-e<\/b><\/u><\/span><\/span><\/span><\/a><\/p>\n<p align=\"JUSTIFY\"><strong><span style=\"color: #000000\"><span style=\"font-family: Times New Roman, serif\"><span style=\"font-size: medium\"><b>email\u00a0\u00a0<\/b><\/span><\/span><\/span><\/strong><strong><a href=\"mailto:target.lsfc@gmail.com\" target=\"_blank\" rel=\"noopener\"><span style=\"color: #0000ff\"><span style=\"font-family: Times New Roman, serif\"><span style=\"font-size: medium\"><u><b>target.lsfc@gmail.com<\/b><\/u><\/span><\/span><\/span><\/a><\/strong><strong><span style=\"color: #cd232c\"><span style=\"font-family: Times New Roman, serif\"><span style=\"font-size: medium\"><u>\u00a0\u00a0<\/u><\/span><\/span><\/span><\/strong><strong><span style=\"color: #000000\"><span style=\"font-family: Times New Roman, serif\"><span style=\"font-size: medium\"><b>mob\u00a0. \u00a0<\/b><\/span><\/span><\/span><\/strong><strong><span style=\"color: #cd232c\"><span style=\"font-family: Times New Roman, serif\"><span style=\"font-size: medium\"><b>+<\/b><\/span><\/span><\/span><\/strong><strong><span style=\"color: #000000\"><span style=\"font-family: Times New Roman, serif\"><span style=\"font-size: medium\"><b>39 3316379346<\/b><\/span><\/span><\/span><\/strong><\/p>\n<p>&nbsp;<\/p>\n","protected":false},"excerpt":{"rendered":"<div class=\"mh-excerpt\"><p>&nbsp; La foto del giorno di gioved\u00ec 30 aprile 2026 dal titolo &#8220;Dall&#8217;Alpha all&#8217;Omega &#8220; \u00e8 di Irene Vallerotonda, commento di Deborah Italia. Rubrica a cura di Alessandro Lisci. Invia la tua foto del giorno <a class=\"mh-excerpt-more\" href=\"https:\/\/www.romaoggi.eu\/index.php\/2026\/04\/30\/la-foto-del-giorno-dallalpha-allomega-e-di-irene-vallerotonda-commento-di-deborah-italia\/\" title=\"La Foto del Giorno: &#8220;Dall&#8217;Alpha all&#8217;Omega &#8221; \u00e8 di Irene Vallerotonda, commento di Deborah Italia\">[&#8230;]<\/a><\/p>\n<\/div>","protected":false},"author":17,"featured_media":42804,"comment_status":"closed","ping_status":"open","sticky":false,"template":"","format":"standard","meta":{"_sitemap_exclude":false,"_sitemap_priority":"","_sitemap_frequency":"","footnotes":""},"categories":[8934],"tags":[14999,14994,14912,4137,17683,19420,17685,17704,17686,17687,274,15164,10420,9532,19421,17688,17689,17690,14763,17691,17692,17693,1738,17694,16078,17695,15567,17684],"class_list":["post-42803","post","type-post","status-publish","format-standard","has-post-thumbnail","hentry","category-lafotodelgiorno","tag-art","tag-photo","tag-photography","tag-alessandro-lisci","tag-all_shots","tag-alpha","tag-composition","tag-deborah-italia","tag-exposure","tag-focus","tag-fotografia","tag-irene-vallerotonda","tag-la-foto-del-giorno","tag-lettere-caffe","tag-omega","tag-photooftheday","tag-photos","tag-pic","tag-picoftheday","tag-pics","tag-picture","tag-pictures","tag-romaoggi-eu","tag-snapshot","tag-storytelling","tag-tagsforlikes","tag-target-lab-ets","tag-tecnicafotografica"],"yoast_head":"<!-- This site is optimized with the Yoast SEO plugin v27.5 - https:\/\/yoast.com\/product\/yoast-seo-wordpress\/ -->\n<title>La Foto del Giorno: &quot;Dall&#039;Alpha all&#039;Omega &quot; \u00e8 di Irene Vallerotonda, commento di Deborah Italia<\/title>\n<meta name=\"description\" content=\"&nbsp; La foto del giorno di gioved\u00ec 30 aprile 2026 dal titolo &quot;Dall&#039;Alpha all&#039;Omega &quot; \u00e8 di Irene Vallerotonda, commento di Deborah Italia. Rubrica a cura\" \/>\n<meta name=\"robots\" content=\"index, follow, max-snippet:-1, max-image-preview:large, max-video-preview:-1\" \/>\n<link rel=\"canonical\" href=\"https:\/\/www.romaoggi.eu\/index.php\/2026\/04\/30\/la-foto-del-giorno-dallalpha-allomega-e-di-irene-vallerotonda-commento-di-deborah-italia\/\" \/>\n<meta property=\"og:locale\" content=\"it_IT\" \/>\n<meta property=\"og:type\" content=\"article\" \/>\n<meta property=\"og:title\" content=\"La Foto del Giorno: &quot;Dall&#039;Alpha all&#039;Omega &quot; \u00e8 di Irene Vallerotonda, commento di Deborah Italia\" \/>\n<meta property=\"og:description\" content=\"&nbsp; La foto del giorno di gioved\u00ec 30 aprile 2026 dal titolo &quot;Dall&#039;Alpha all&#039;Omega &quot; \u00e8 di Irene Vallerotonda, commento di Deborah Italia. Rubrica a cura\" \/>\n<meta property=\"og:url\" content=\"https:\/\/www.romaoggi.eu\/index.php\/2026\/04\/30\/la-foto-del-giorno-dallalpha-allomega-e-di-irene-vallerotonda-commento-di-deborah-italia\/\" \/>\n<meta property=\"og:site_name\" content=\"roma oggi\" \/>\n<meta property=\"article:publisher\" content=\"https:\/\/www.facebook.com\/RomaOggi-841544845954114\" \/>\n<meta property=\"article:published_time\" content=\"2026-04-29T22:02:57+00:00\" \/>\n<meta property=\"og:image\" content=\"https:\/\/www.romaoggi.eu\/wp-content\/uploads\/2026\/04\/DSC4919.jpg\" \/>\n\t<meta property=\"og:image:width\" content=\"2400\" \/>\n\t<meta property=\"og:image:height\" content=\"1753\" \/>\n\t<meta property=\"og:image:type\" content=\"image\/jpeg\" \/>\n<meta name=\"author\" content=\"Target Lab Ets\" \/>\n<meta name=\"twitter:card\" content=\"summary_large_image\" \/>\n<meta name=\"twitter:creator\" content=\"@romaoggi_eu\" \/>\n<meta name=\"twitter:site\" content=\"@romaoggi_eu\" \/>\n<meta name=\"twitter:label1\" content=\"Scritto da\" \/>\n\t<meta name=\"twitter:data1\" content=\"Target Lab Ets\" \/>\n\t<meta name=\"twitter:label2\" content=\"Tempo di lettura stimato\" \/>\n\t<meta name=\"twitter:data2\" content=\"5 minuti\" \/>\n<script type=\"application\/ld+json\" class=\"yoast-schema-graph\">{\"@context\":\"https:\\\/\\\/schema.org\",\"@graph\":[{\"@type\":\"Article\",\"@id\":\"https:\\\/\\\/www.romaoggi.eu\\\/index.php\\\/2026\\\/04\\\/30\\\/la-foto-del-giorno-dallalpha-allomega-e-di-irene-vallerotonda-commento-di-deborah-italia\\\/#article\",\"isPartOf\":{\"@id\":\"https:\\\/\\\/www.romaoggi.eu\\\/index.php\\\/2026\\\/04\\\/30\\\/la-foto-del-giorno-dallalpha-allomega-e-di-irene-vallerotonda-commento-di-deborah-italia\\\/\"},\"author\":{\"name\":\"Target Lab Ets\",\"@id\":\"https:\\\/\\\/www.romaoggi.eu\\\/#\\\/schema\\\/person\\\/72b8cfc6de60caeb335267c8e21d90fb\"},\"headline\":\"La Foto del Giorno: &#8220;Dall&#8217;Alpha all&#8217;Omega &#8221; \u00e8 di Irene Vallerotonda, commento di Deborah Italia\",\"datePublished\":\"2026-04-29T22:02:57+00:00\",\"mainEntityOfPage\":{\"@id\":\"https:\\\/\\\/www.romaoggi.eu\\\/index.php\\\/2026\\\/04\\\/30\\\/la-foto-del-giorno-dallalpha-allomega-e-di-irene-vallerotonda-commento-di-deborah-italia\\\/\"},\"wordCount\":784,\"publisher\":{\"@id\":\"https:\\\/\\\/www.romaoggi.eu\\\/#organization\"},\"image\":{\"@id\":\"https:\\\/\\\/www.romaoggi.eu\\\/index.php\\\/2026\\\/04\\\/30\\\/la-foto-del-giorno-dallalpha-allomega-e-di-irene-vallerotonda-commento-di-deborah-italia\\\/#primaryimage\"},\"thumbnailUrl\":\"https:\\\/\\\/www.romaoggi.eu\\\/wp-content\\\/uploads\\\/2026\\\/04\\\/DSC4919.jpg\",\"keywords\":[\"#art\",\"#photo\",\"#photography\",\"alessandro lisci\",\"all_shots\",\"Alpha\",\"composition\",\"Deborah Italia\",\"exposure\",\"focus\",\"fotografia\",\"Irene Vallerotonda\",\"La foto del giorno\",\"lettere caff\u00e8\",\"Omega\",\"photooftheday\",\"photos\",\"pic\",\"picoftheday\",\"pics\",\"picture\",\"pictures\",\"RomaOggi.eu\",\"snapshot\",\"storytelling\",\"TagsForLikes\",\"target lab ets\",\"tecnicafotografica\"],\"articleSection\":[\"La foto del giorno\"],\"inLanguage\":\"it-IT\"},{\"@type\":\"WebPage\",\"@id\":\"https:\\\/\\\/www.romaoggi.eu\\\/index.php\\\/2026\\\/04\\\/30\\\/la-foto-del-giorno-dallalpha-allomega-e-di-irene-vallerotonda-commento-di-deborah-italia\\\/\",\"url\":\"https:\\\/\\\/www.romaoggi.eu\\\/index.php\\\/2026\\\/04\\\/30\\\/la-foto-del-giorno-dallalpha-allomega-e-di-irene-vallerotonda-commento-di-deborah-italia\\\/\",\"name\":\"La Foto del Giorno: \\\"Dall'Alpha all'Omega \\\" \u00e8 di Irene Vallerotonda, commento di Deborah Italia\",\"isPartOf\":{\"@id\":\"https:\\\/\\\/www.romaoggi.eu\\\/#website\"},\"primaryImageOfPage\":{\"@id\":\"https:\\\/\\\/www.romaoggi.eu\\\/index.php\\\/2026\\\/04\\\/30\\\/la-foto-del-giorno-dallalpha-allomega-e-di-irene-vallerotonda-commento-di-deborah-italia\\\/#primaryimage\"},\"image\":{\"@id\":\"https:\\\/\\\/www.romaoggi.eu\\\/index.php\\\/2026\\\/04\\\/30\\\/la-foto-del-giorno-dallalpha-allomega-e-di-irene-vallerotonda-commento-di-deborah-italia\\\/#primaryimage\"},\"thumbnailUrl\":\"https:\\\/\\\/www.romaoggi.eu\\\/wp-content\\\/uploads\\\/2026\\\/04\\\/DSC4919.jpg\",\"datePublished\":\"2026-04-29T22:02:57+00:00\",\"description\":\"&nbsp; La foto del giorno di gioved\u00ec 30 aprile 2026 dal titolo \\\"Dall'Alpha all'Omega \\\" \u00e8 di Irene Vallerotonda, commento di Deborah Italia. Rubrica a cura\",\"breadcrumb\":{\"@id\":\"https:\\\/\\\/www.romaoggi.eu\\\/index.php\\\/2026\\\/04\\\/30\\\/la-foto-del-giorno-dallalpha-allomega-e-di-irene-vallerotonda-commento-di-deborah-italia\\\/#breadcrumb\"},\"inLanguage\":\"it-IT\",\"potentialAction\":[{\"@type\":\"ReadAction\",\"target\":[\"https:\\\/\\\/www.romaoggi.eu\\\/index.php\\\/2026\\\/04\\\/30\\\/la-foto-del-giorno-dallalpha-allomega-e-di-irene-vallerotonda-commento-di-deborah-italia\\\/\"]}]},{\"@type\":\"ImageObject\",\"inLanguage\":\"it-IT\",\"@id\":\"https:\\\/\\\/www.romaoggi.eu\\\/index.php\\\/2026\\\/04\\\/30\\\/la-foto-del-giorno-dallalpha-allomega-e-di-irene-vallerotonda-commento-di-deborah-italia\\\/#primaryimage\",\"url\":\"https:\\\/\\\/www.romaoggi.eu\\\/wp-content\\\/uploads\\\/2026\\\/04\\\/DSC4919.jpg\",\"contentUrl\":\"https:\\\/\\\/www.romaoggi.eu\\\/wp-content\\\/uploads\\\/2026\\\/04\\\/DSC4919.jpg\",\"width\":2400,\"height\":1753,\"caption\":\"Dall'Alpha all'Omega. Fotografia di Irene Vallerotonda\"},{\"@type\":\"BreadcrumbList\",\"@id\":\"https:\\\/\\\/www.romaoggi.eu\\\/index.php\\\/2026\\\/04\\\/30\\\/la-foto-del-giorno-dallalpha-allomega-e-di-irene-vallerotonda-commento-di-deborah-italia\\\/#breadcrumb\",\"itemListElement\":[{\"@type\":\"ListItem\",\"position\":1,\"name\":\"Home\",\"item\":\"https:\\\/\\\/www.romaoggi.eu\\\/\"},{\"@type\":\"ListItem\",\"position\":2,\"name\":\"La Foto del Giorno: &#8220;Dall&#8217;Alpha all&#8217;Omega &#8221; \u00e8 di Irene Vallerotonda, commento di Deborah Italia\"}]},{\"@type\":\"WebSite\",\"@id\":\"https:\\\/\\\/www.romaoggi.eu\\\/#website\",\"url\":\"https:\\\/\\\/www.romaoggi.eu\\\/\",\"name\":\"roma oggi\",\"description\":\"Interesting News for Interesting people\",\"publisher\":{\"@id\":\"https:\\\/\\\/www.romaoggi.eu\\\/#organization\"},\"potentialAction\":[{\"@type\":\"SearchAction\",\"target\":{\"@type\":\"EntryPoint\",\"urlTemplate\":\"https:\\\/\\\/www.romaoggi.eu\\\/?s={search_term_string}\"},\"query-input\":{\"@type\":\"PropertyValueSpecification\",\"valueRequired\":true,\"valueName\":\"search_term_string\"}}],\"inLanguage\":\"it-IT\"},{\"@type\":\"Organization\",\"@id\":\"https:\\\/\\\/www.romaoggi.eu\\\/#organization\",\"name\":\"RomaOggi\",\"url\":\"https:\\\/\\\/www.romaoggi.eu\\\/\",\"logo\":{\"@type\":\"ImageObject\",\"inLanguage\":\"it-IT\",\"@id\":\"https:\\\/\\\/www.romaoggi.eu\\\/#\\\/schema\\\/logo\\\/image\\\/\",\"url\":\"https:\\\/\\\/www.romaoggi.eu\\\/wp-content\\\/uploads\\\/2017\\\/04\\\/logowp.jpg\",\"contentUrl\":\"https:\\\/\\\/www.romaoggi.eu\\\/wp-content\\\/uploads\\\/2017\\\/04\\\/logowp.jpg\",\"width\":300,\"height\":133,\"caption\":\"RomaOggi\"},\"image\":{\"@id\":\"https:\\\/\\\/www.romaoggi.eu\\\/#\\\/schema\\\/logo\\\/image\\\/\"},\"sameAs\":[\"https:\\\/\\\/www.facebook.com\\\/RomaOggi-841544845954114\",\"https:\\\/\\\/x.com\\\/romaoggi_eu\"]},{\"@type\":\"Person\",\"@id\":\"https:\\\/\\\/www.romaoggi.eu\\\/#\\\/schema\\\/person\\\/72b8cfc6de60caeb335267c8e21d90fb\",\"name\":\"Target Lab Ets\",\"image\":{\"@type\":\"ImageObject\",\"inLanguage\":\"it-IT\",\"@id\":\"https:\\\/\\\/secure.gravatar.com\\\/avatar\\\/ab64fd266889a629b0e9e6ab56209e379c2a89cfda303941ee9621d4090292d1?s=96&d=mm&r=g\",\"url\":\"https:\\\/\\\/secure.gravatar.com\\\/avatar\\\/ab64fd266889a629b0e9e6ab56209e379c2a89cfda303941ee9621d4090292d1?s=96&d=mm&r=g\",\"contentUrl\":\"https:\\\/\\\/secure.gravatar.com\\\/avatar\\\/ab64fd266889a629b0e9e6ab56209e379c2a89cfda303941ee9621d4090292d1?s=96&d=mm&r=g\",\"caption\":\"Target Lab Ets\"},\"sameAs\":[\"http:\\\/\\\/www.targetlab.org\"],\"url\":\"https:\\\/\\\/www.romaoggi.eu\\\/index.php\\\/author\\\/isfc\\\/\"}]}<\/script>\n<!-- \/ Yoast SEO plugin. -->","yoast_head_json":{"title":"La Foto del Giorno: \"Dall'Alpha all'Omega \" \u00e8 di Irene Vallerotonda, commento di Deborah Italia","description":"&nbsp; La foto del giorno di gioved\u00ec 30 aprile 2026 dal titolo \"Dall'Alpha all'Omega \" \u00e8 di Irene Vallerotonda, commento di Deborah Italia. Rubrica a cura","robots":{"index":"index","follow":"follow","max-snippet":"max-snippet:-1","max-image-preview":"max-image-preview:large","max-video-preview":"max-video-preview:-1"},"canonical":"https:\/\/www.romaoggi.eu\/index.php\/2026\/04\/30\/la-foto-del-giorno-dallalpha-allomega-e-di-irene-vallerotonda-commento-di-deborah-italia\/","og_locale":"it_IT","og_type":"article","og_title":"La Foto del Giorno: \"Dall'Alpha all'Omega \" \u00e8 di Irene Vallerotonda, commento di Deborah Italia","og_description":"&nbsp; La foto del giorno di gioved\u00ec 30 aprile 2026 dal titolo \"Dall'Alpha all'Omega \" \u00e8 di Irene Vallerotonda, commento di Deborah Italia. Rubrica a cura","og_url":"https:\/\/www.romaoggi.eu\/index.php\/2026\/04\/30\/la-foto-del-giorno-dallalpha-allomega-e-di-irene-vallerotonda-commento-di-deborah-italia\/","og_site_name":"roma oggi","article_publisher":"https:\/\/www.facebook.com\/RomaOggi-841544845954114","article_published_time":"2026-04-29T22:02:57+00:00","og_image":[{"width":2400,"height":1753,"url":"https:\/\/www.romaoggi.eu\/wp-content\/uploads\/2026\/04\/DSC4919.jpg","type":"image\/jpeg"}],"author":"Target Lab Ets","twitter_card":"summary_large_image","twitter_creator":"@romaoggi_eu","twitter_site":"@romaoggi_eu","twitter_misc":{"Scritto da":"Target Lab Ets","Tempo di lettura stimato":"5 minuti"},"schema":{"@context":"https:\/\/schema.org","@graph":[{"@type":"Article","@id":"https:\/\/www.romaoggi.eu\/index.php\/2026\/04\/30\/la-foto-del-giorno-dallalpha-allomega-e-di-irene-vallerotonda-commento-di-deborah-italia\/#article","isPartOf":{"@id":"https:\/\/www.romaoggi.eu\/index.php\/2026\/04\/30\/la-foto-del-giorno-dallalpha-allomega-e-di-irene-vallerotonda-commento-di-deborah-italia\/"},"author":{"name":"Target Lab Ets","@id":"https:\/\/www.romaoggi.eu\/#\/schema\/person\/72b8cfc6de60caeb335267c8e21d90fb"},"headline":"La Foto del Giorno: &#8220;Dall&#8217;Alpha all&#8217;Omega &#8221; \u00e8 di Irene Vallerotonda, commento di Deborah Italia","datePublished":"2026-04-29T22:02:57+00:00","mainEntityOfPage":{"@id":"https:\/\/www.romaoggi.eu\/index.php\/2026\/04\/30\/la-foto-del-giorno-dallalpha-allomega-e-di-irene-vallerotonda-commento-di-deborah-italia\/"},"wordCount":784,"publisher":{"@id":"https:\/\/www.romaoggi.eu\/#organization"},"image":{"@id":"https:\/\/www.romaoggi.eu\/index.php\/2026\/04\/30\/la-foto-del-giorno-dallalpha-allomega-e-di-irene-vallerotonda-commento-di-deborah-italia\/#primaryimage"},"thumbnailUrl":"https:\/\/www.romaoggi.eu\/wp-content\/uploads\/2026\/04\/DSC4919.jpg","keywords":["#art","#photo","#photography","alessandro lisci","all_shots","Alpha","composition","Deborah Italia","exposure","focus","fotografia","Irene Vallerotonda","La foto del giorno","lettere caff\u00e8","Omega","photooftheday","photos","pic","picoftheday","pics","picture","pictures","RomaOggi.eu","snapshot","storytelling","TagsForLikes","target lab ets","tecnicafotografica"],"articleSection":["La foto del giorno"],"inLanguage":"it-IT"},{"@type":"WebPage","@id":"https:\/\/www.romaoggi.eu\/index.php\/2026\/04\/30\/la-foto-del-giorno-dallalpha-allomega-e-di-irene-vallerotonda-commento-di-deborah-italia\/","url":"https:\/\/www.romaoggi.eu\/index.php\/2026\/04\/30\/la-foto-del-giorno-dallalpha-allomega-e-di-irene-vallerotonda-commento-di-deborah-italia\/","name":"La Foto del Giorno: \"Dall'Alpha all'Omega \" \u00e8 di Irene Vallerotonda, commento di Deborah Italia","isPartOf":{"@id":"https:\/\/www.romaoggi.eu\/#website"},"primaryImageOfPage":{"@id":"https:\/\/www.romaoggi.eu\/index.php\/2026\/04\/30\/la-foto-del-giorno-dallalpha-allomega-e-di-irene-vallerotonda-commento-di-deborah-italia\/#primaryimage"},"image":{"@id":"https:\/\/www.romaoggi.eu\/index.php\/2026\/04\/30\/la-foto-del-giorno-dallalpha-allomega-e-di-irene-vallerotonda-commento-di-deborah-italia\/#primaryimage"},"thumbnailUrl":"https:\/\/www.romaoggi.eu\/wp-content\/uploads\/2026\/04\/DSC4919.jpg","datePublished":"2026-04-29T22:02:57+00:00","description":"&nbsp; La foto del giorno di gioved\u00ec 30 aprile 2026 dal titolo \"Dall'Alpha all'Omega \" \u00e8 di Irene Vallerotonda, commento di Deborah Italia. Rubrica a cura","breadcrumb":{"@id":"https:\/\/www.romaoggi.eu\/index.php\/2026\/04\/30\/la-foto-del-giorno-dallalpha-allomega-e-di-irene-vallerotonda-commento-di-deborah-italia\/#breadcrumb"},"inLanguage":"it-IT","potentialAction":[{"@type":"ReadAction","target":["https:\/\/www.romaoggi.eu\/index.php\/2026\/04\/30\/la-foto-del-giorno-dallalpha-allomega-e-di-irene-vallerotonda-commento-di-deborah-italia\/"]}]},{"@type":"ImageObject","inLanguage":"it-IT","@id":"https:\/\/www.romaoggi.eu\/index.php\/2026\/04\/30\/la-foto-del-giorno-dallalpha-allomega-e-di-irene-vallerotonda-commento-di-deborah-italia\/#primaryimage","url":"https:\/\/www.romaoggi.eu\/wp-content\/uploads\/2026\/04\/DSC4919.jpg","contentUrl":"https:\/\/www.romaoggi.eu\/wp-content\/uploads\/2026\/04\/DSC4919.jpg","width":2400,"height":1753,"caption":"Dall'Alpha all'Omega. Fotografia di Irene Vallerotonda"},{"@type":"BreadcrumbList","@id":"https:\/\/www.romaoggi.eu\/index.php\/2026\/04\/30\/la-foto-del-giorno-dallalpha-allomega-e-di-irene-vallerotonda-commento-di-deborah-italia\/#breadcrumb","itemListElement":[{"@type":"ListItem","position":1,"name":"Home","item":"https:\/\/www.romaoggi.eu\/"},{"@type":"ListItem","position":2,"name":"La Foto del Giorno: &#8220;Dall&#8217;Alpha all&#8217;Omega &#8221; \u00e8 di Irene Vallerotonda, commento di Deborah Italia"}]},{"@type":"WebSite","@id":"https:\/\/www.romaoggi.eu\/#website","url":"https:\/\/www.romaoggi.eu\/","name":"roma oggi","description":"Interesting News for Interesting people","publisher":{"@id":"https:\/\/www.romaoggi.eu\/#organization"},"potentialAction":[{"@type":"SearchAction","target":{"@type":"EntryPoint","urlTemplate":"https:\/\/www.romaoggi.eu\/?s={search_term_string}"},"query-input":{"@type":"PropertyValueSpecification","valueRequired":true,"valueName":"search_term_string"}}],"inLanguage":"it-IT"},{"@type":"Organization","@id":"https:\/\/www.romaoggi.eu\/#organization","name":"RomaOggi","url":"https:\/\/www.romaoggi.eu\/","logo":{"@type":"ImageObject","inLanguage":"it-IT","@id":"https:\/\/www.romaoggi.eu\/#\/schema\/logo\/image\/","url":"https:\/\/www.romaoggi.eu\/wp-content\/uploads\/2017\/04\/logowp.jpg","contentUrl":"https:\/\/www.romaoggi.eu\/wp-content\/uploads\/2017\/04\/logowp.jpg","width":300,"height":133,"caption":"RomaOggi"},"image":{"@id":"https:\/\/www.romaoggi.eu\/#\/schema\/logo\/image\/"},"sameAs":["https:\/\/www.facebook.com\/RomaOggi-841544845954114","https:\/\/x.com\/romaoggi_eu"]},{"@type":"Person","@id":"https:\/\/www.romaoggi.eu\/#\/schema\/person\/72b8cfc6de60caeb335267c8e21d90fb","name":"Target Lab Ets","image":{"@type":"ImageObject","inLanguage":"it-IT","@id":"https:\/\/secure.gravatar.com\/avatar\/ab64fd266889a629b0e9e6ab56209e379c2a89cfda303941ee9621d4090292d1?s=96&d=mm&r=g","url":"https:\/\/secure.gravatar.com\/avatar\/ab64fd266889a629b0e9e6ab56209e379c2a89cfda303941ee9621d4090292d1?s=96&d=mm&r=g","contentUrl":"https:\/\/secure.gravatar.com\/avatar\/ab64fd266889a629b0e9e6ab56209e379c2a89cfda303941ee9621d4090292d1?s=96&d=mm&r=g","caption":"Target Lab Ets"},"sameAs":["http:\/\/www.targetlab.org"],"url":"https:\/\/www.romaoggi.eu\/index.php\/author\/isfc\/"}]}},"_links":{"self":[{"href":"https:\/\/www.romaoggi.eu\/index.php\/wp-json\/wp\/v2\/posts\/42803","targetHints":{"allow":["GET"]}}],"collection":[{"href":"https:\/\/www.romaoggi.eu\/index.php\/wp-json\/wp\/v2\/posts"}],"about":[{"href":"https:\/\/www.romaoggi.eu\/index.php\/wp-json\/wp\/v2\/types\/post"}],"author":[{"embeddable":true,"href":"https:\/\/www.romaoggi.eu\/index.php\/wp-json\/wp\/v2\/users\/17"}],"replies":[{"embeddable":true,"href":"https:\/\/www.romaoggi.eu\/index.php\/wp-json\/wp\/v2\/comments?post=42803"}],"version-history":[{"count":2,"href":"https:\/\/www.romaoggi.eu\/index.php\/wp-json\/wp\/v2\/posts\/42803\/revisions"}],"predecessor-version":[{"id":42807,"href":"https:\/\/www.romaoggi.eu\/index.php\/wp-json\/wp\/v2\/posts\/42803\/revisions\/42807"}],"wp:featuredmedia":[{"embeddable":true,"href":"https:\/\/www.romaoggi.eu\/index.php\/wp-json\/wp\/v2\/media\/42804"}],"wp:attachment":[{"href":"https:\/\/www.romaoggi.eu\/index.php\/wp-json\/wp\/v2\/media?parent=42803"}],"wp:term":[{"taxonomy":"category","embeddable":true,"href":"https:\/\/www.romaoggi.eu\/index.php\/wp-json\/wp\/v2\/categories?post=42803"},{"taxonomy":"post_tag","embeddable":true,"href":"https:\/\/www.romaoggi.eu\/index.php\/wp-json\/wp\/v2\/tags?post=42803"}],"curies":[{"name":"wp","href":"https:\/\/api.w.org\/{rel}","templated":true}]}}