{"id":42822,"date":"2026-04-30T12:13:42","date_gmt":"2026-04-30T10:13:42","guid":{"rendered":"https:\/\/www.romaoggi.eu\/?p=42822"},"modified":"2026-04-30T12:13:42","modified_gmt":"2026-04-30T10:13:42","slug":"paulo-coelho-dagli-ospedali-psichiatrici-al-successo-globale-di-salvo-nugnes","status":"publish","type":"post","link":"https:\/\/www.romaoggi.eu\/index.php\/2026\/04\/30\/paulo-coelho-dagli-ospedali-psichiatrici-al-successo-globale-di-salvo-nugnes\/","title":{"rendered":"Paulo Coelho: dagli ospedali psichiatrici al successo globale di Salvo Nugnes"},"content":{"rendered":"<p style=\"text-align: justify;\">Per molti era \u201cun problema\u201d. Un ragazzo fuori schema, difficile da comprendere. Per questo fu rinchiuso in ospedali psichiatrici. Anni dopo, quello stesso ragazzo avrebbe scritto <strong>L\u2019Alchimista<\/strong>, un libro capace di raggiungere oltre 150 milioni di lettori nel mondo. Ma ridurre tutto al successo sarebbe un errore. Questa \u00e8, prima di tutto, una storia di ricerca.<\/p>\n<p style=\"text-align: justify;\">Da giovane non corrispondeva a ci\u00f2 che la famiglia si aspettava. Avrebbero voluto per lui una vita ordinaria, una professione sicura, un percorso lineare. Lui invece era attratto dall\u2019arte, dalla libert\u00e0, da una dimensione pi\u00f9 profonda dell\u2019esistenza. Nel Brasile degli anni Sessanta, un\u2019inclinazione del genere veniva vista con sospetto. Non come un talento, ma come una deviazione.<\/p>\n<p style=\"text-align: justify;\">Fu cos\u00ec che arrivarono i ricoveri forzati. Tre volte. Trattamenti invasivi, isolamento, elettroshock. Per chi gli stava intorno era un tentativo di \u201cnormalizzarlo\u201d. Per lui, paradossalmente, fu l\u2019inizio di una presa di coscienza. Una volta fuori, matur\u00f2 una decisione netta: non avrebbe pi\u00f9 modellato la propria vita sulle aspettative altrui.<\/p>\n<p style=\"text-align: justify;\">Gli anni successivi furono intensi. Collaborazioni artistiche, musica, guadagni, esperienze. Eppure, qualcosa continuava a mancare. Il desiderio pi\u00f9 autentico diventare scrittore restava irrealizzato. La svolta arriv\u00f2 a 38 anni. Decise di mettersi in cammino lungo il Cammino di Santiago. Un viaggio lungo centinaia di chilometri, fatto di fatica, silenzi e riflessioni.<\/p>\n<p style=\"text-align: justify;\">Ci sono momenti, durante un percorso cos\u00ec, in cui tutto pesa: il corpo, i pensieri, i dubbi. E altri in cui, improvvisamente, qualcosa si chiarisce. Fu proprio l\u00ec che nacque una nuova consapevolezza.<br \/>\nL\u2019idea che ogni individuo abbia un proprio destino da seguire, una direzione unica. E che il mondo, in qualche modo, favorisca chi trova il coraggio di inseguirla. Rientrato da quell\u2019esperienza, inizi\u00f2 a scrivere. Nel 1987 complet\u00f2 in poche settimane il suo romanzo, <strong>L\u2019Alchimista.<\/strong><\/p>\n<p style=\"text-align: justify;\">Racconta una storia essenziale: un giovane pastore andaluso, un sogno ricorrente e un viaggio alla ricerca di un tesoro. \u00c8 un racconto simbolico sul destino, sulla \u201cleggenda personale\u201d e sul coraggio di seguire la propria strada. E porta a una scoperta inattesa: ci\u00f2 che si cerca lontano, spesso \u00e8 gi\u00e0 vicino.<\/p>\n<p style=\"text-align: justify;\">L\u2019inizio, per\u00f2, fu tutt\u2019altro che promettente. La prima pubblicazione pass\u00f2 inosservata. Poche copie vendute, scarso interesse. L\u2019editore rinunci\u00f2. Una battuta d\u2019arresto che avrebbe fermato molti. Non lui. Decise di riprovarci, trovando un nuovo editore e ripartendo da zero. Questa volta accadde qualcosa di diverso. Il libro cominci\u00f2 a circolare spontaneamente. Da lettore a lettore. Senza campagne, senza strategie di marketing.<\/p>\n<p style=\"text-align: justify;\">Cresceva lentamente, ma in modo costante. Dal Brasile si diffuse in America Latina, poi negli Stati Uniti, fino a raggiungere ogni parte del mondo. Oggi L\u2019Alchimista \u00e8 considerato uno dei libri pi\u00f9 letti a livello globale: ha superato i 150 milioni di copie vendute, \u00e8 stato tradotto in oltre 80 lingue ed \u00e8 pubblicato in pi\u00f9 di 170 Paesi. Continua da decenni a essere ristampato e viene spesso regalato nei momenti di cambiamento, come simbolo di ricerca e rinascita. Il motivo del suo impatto \u00e8 semplice. Non racconta solo una storia. Racconta un\u2019esperienza condivisa.<br \/>\nParla di chi si sente fuori posto. Di chi cerca un significato. Di chi cade, ma sceglie comunque di proseguire.<\/p>\n<p style=\"text-align: justify;\">Il messaggio che lascia \u00e8 diretto: per ritrovare se stessi, a volte \u00e8 necessario allontanarsi; per comprendere ci\u00f2 che conta, bisogna attraversare l\u2019incertezza; e, soprattutto, non smettere di andare avanti. Perch\u00e9 \u00e8 proprio nel cammino che, spesso, si trova la risposta. E sono contento di averlo incontrato circa 30 anni fa, quando venne in Italia, a Domenica In, Rai 1, per promuovere il suo libro.<\/p>\n<p><img loading=\"lazy\" decoding=\"async\" class=\"aligncenter wp-image-42827 size-full\" src=\"https:\/\/www.romaoggi.eu\/wp-content\/uploads\/2026\/04\/70528909_121336995921979_5887484385594179584_n.jpg\" alt=\"alt tag salvo nugnes\" width=\"416\" height=\"416\" srcset=\"https:\/\/www.romaoggi.eu\/wp-content\/uploads\/2026\/04\/70528909_121336995921979_5887484385594179584_n.jpg 416w, https:\/\/www.romaoggi.eu\/wp-content\/uploads\/2026\/04\/70528909_121336995921979_5887484385594179584_n-300x300.jpg 300w, https:\/\/www.romaoggi.eu\/wp-content\/uploads\/2026\/04\/70528909_121336995921979_5887484385594179584_n-150x150.jpg 150w\" sizes=\"auto, (max-width: 416px) 100vw, 416px\" \/><\/p>\n<p><a href=\"https:\/\/www.romaoggi.eu\/index.php\/2020\/01\/23\/dario-fo-e-larte-contemporanea-al-micro-dal-6-al-23-febbraio-by-salvo-nugnes-e-vittorio-sgarbi\/\">\u00a0Salvo Nugnes<\/a><\/p>\n","protected":false},"excerpt":{"rendered":"<div class=\"mh-excerpt\"><p>Per molti era \u201cun problema\u201d. Un ragazzo fuori schema, difficile da comprendere. Per questo fu rinchiuso in ospedali psichiatrici. Anni dopo, quello stesso ragazzo avrebbe scritto L\u2019Alchimista, un libro capace di raggiungere oltre 150 milioni <a class=\"mh-excerpt-more\" href=\"https:\/\/www.romaoggi.eu\/index.php\/2026\/04\/30\/paulo-coelho-dagli-ospedali-psichiatrici-al-successo-globale-di-salvo-nugnes\/\" title=\"Paulo Coelho: dagli ospedali psichiatrici al successo globale di Salvo Nugnes\">[&#8230;]<\/a><\/p>\n<\/div>","protected":false},"author":1,"featured_media":42830,"comment_status":"closed","ping_status":"open","sticky":false,"template":"","format":"standard","meta":{"_sitemap_exclude":false,"_sitemap_priority":"","_sitemap_frequency":"","footnotes":""},"categories":[4480],"tags":[19427,1647,56,19426,10441,69],"class_list":["post-42822","post","type-post","status-publish","format-standard","has-post-thumbnail","hentry","category-cultura","tag-alchimista","tag-letteratura","tag-libri","tag-paulo-coelho","tag-salvo-nugnes","tag-scrittore"],"yoast_head":"<!-- This site is optimized with the Yoast SEO plugin v27.5 - https:\/\/yoast.com\/product\/yoast-seo-wordpress\/ -->\n<title>Paulo Coelho: dagli ospedali psichiatrici al successo globale di Salvo Nugnes<\/title>\n<meta name=\"description\" content=\"Per molti era \u201cun problema\u201d. Un ragazzo fuori schema, difficile da comprendere. Per questo fu rinchiuso in ospedali psichiatrici. Anni dopo, quello stesso\" \/>\n<meta name=\"robots\" content=\"index, follow, max-snippet:-1, max-image-preview:large, max-video-preview:-1\" \/>\n<link rel=\"canonical\" href=\"https:\/\/www.romaoggi.eu\/index.php\/2026\/04\/30\/paulo-coelho-dagli-ospedali-psichiatrici-al-successo-globale-di-salvo-nugnes\/\" \/>\n<meta property=\"og:locale\" content=\"it_IT\" \/>\n<meta property=\"og:type\" content=\"article\" \/>\n<meta property=\"og:title\" content=\"Paulo Coelho: dagli ospedali psichiatrici al successo globale di Salvo Nugnes\" \/>\n<meta property=\"og:description\" content=\"Per molti era \u201cun problema\u201d. Un ragazzo fuori schema, difficile da comprendere. Per questo fu rinchiuso in ospedali psichiatrici. Anni dopo, quello stesso\" \/>\n<meta property=\"og:url\" content=\"https:\/\/www.romaoggi.eu\/index.php\/2026\/04\/30\/paulo-coelho-dagli-ospedali-psichiatrici-al-successo-globale-di-salvo-nugnes\/\" \/>\n<meta property=\"og:site_name\" content=\"roma oggi\" \/>\n<meta property=\"article:publisher\" content=\"https:\/\/www.facebook.com\/RomaOggi-841544845954114\" \/>\n<meta property=\"article:published_time\" content=\"2026-04-30T10:13:42+00:00\" \/>\n<meta property=\"og:image\" content=\"https:\/\/www.romaoggi.eu\/wp-content\/uploads\/2026\/04\/ARIPROVA.jpg\" \/>\n\t<meta property=\"og:image:width\" content=\"1029\" \/>\n\t<meta property=\"og:image:height\" content=\"586\" \/>\n\t<meta property=\"og:image:type\" content=\"image\/jpeg\" \/>\n<meta name=\"author\" content=\"admin\" \/>\n<meta name=\"twitter:card\" content=\"summary_large_image\" \/>\n<meta name=\"twitter:creator\" content=\"@romaoggi_eu\" \/>\n<meta name=\"twitter:site\" content=\"@romaoggi_eu\" \/>\n<meta name=\"twitter:label1\" content=\"Scritto da\" \/>\n\t<meta name=\"twitter:data1\" content=\"admin\" \/>\n\t<meta name=\"twitter:label2\" content=\"Tempo di lettura stimato\" \/>\n\t<meta name=\"twitter:data2\" content=\"4 minuti\" \/>\n<script type=\"application\/ld+json\" class=\"yoast-schema-graph\">{\"@context\":\"https:\\\/\\\/schema.org\",\"@graph\":[{\"@type\":\"Article\",\"@id\":\"https:\\\/\\\/www.romaoggi.eu\\\/index.php\\\/2026\\\/04\\\/30\\\/paulo-coelho-dagli-ospedali-psichiatrici-al-successo-globale-di-salvo-nugnes\\\/#article\",\"isPartOf\":{\"@id\":\"https:\\\/\\\/www.romaoggi.eu\\\/index.php\\\/2026\\\/04\\\/30\\\/paulo-coelho-dagli-ospedali-psichiatrici-al-successo-globale-di-salvo-nugnes\\\/\"},\"author\":{\"name\":\"admin\",\"@id\":\"https:\\\/\\\/www.romaoggi.eu\\\/#\\\/schema\\\/person\\\/9b23ceb6a2992a25e98c76a5f1fbb887\"},\"headline\":\"Paulo Coelho: dagli ospedali psichiatrici al successo globale di Salvo Nugnes\",\"datePublished\":\"2026-04-30T10:13:42+00:00\",\"mainEntityOfPage\":{\"@id\":\"https:\\\/\\\/www.romaoggi.eu\\\/index.php\\\/2026\\\/04\\\/30\\\/paulo-coelho-dagli-ospedali-psichiatrici-al-successo-globale-di-salvo-nugnes\\\/\"},\"wordCount\":590,\"publisher\":{\"@id\":\"https:\\\/\\\/www.romaoggi.eu\\\/#organization\"},\"image\":{\"@id\":\"https:\\\/\\\/www.romaoggi.eu\\\/index.php\\\/2026\\\/04\\\/30\\\/paulo-coelho-dagli-ospedali-psichiatrici-al-successo-globale-di-salvo-nugnes\\\/#primaryimage\"},\"thumbnailUrl\":\"https:\\\/\\\/www.romaoggi.eu\\\/wp-content\\\/uploads\\\/2026\\\/04\\\/ARIPROVA.jpg\",\"keywords\":[\"Alchimista\",\"letteratura\",\"libri\",\"Paulo Coelho\",\"salvo nugnes\",\"scrittore\"],\"articleSection\":[\"cultura\"],\"inLanguage\":\"it-IT\"},{\"@type\":\"WebPage\",\"@id\":\"https:\\\/\\\/www.romaoggi.eu\\\/index.php\\\/2026\\\/04\\\/30\\\/paulo-coelho-dagli-ospedali-psichiatrici-al-successo-globale-di-salvo-nugnes\\\/\",\"url\":\"https:\\\/\\\/www.romaoggi.eu\\\/index.php\\\/2026\\\/04\\\/30\\\/paulo-coelho-dagli-ospedali-psichiatrici-al-successo-globale-di-salvo-nugnes\\\/\",\"name\":\"Paulo Coelho: dagli ospedali psichiatrici al successo globale di Salvo Nugnes\",\"isPartOf\":{\"@id\":\"https:\\\/\\\/www.romaoggi.eu\\\/#website\"},\"primaryImageOfPage\":{\"@id\":\"https:\\\/\\\/www.romaoggi.eu\\\/index.php\\\/2026\\\/04\\\/30\\\/paulo-coelho-dagli-ospedali-psichiatrici-al-successo-globale-di-salvo-nugnes\\\/#primaryimage\"},\"image\":{\"@id\":\"https:\\\/\\\/www.romaoggi.eu\\\/index.php\\\/2026\\\/04\\\/30\\\/paulo-coelho-dagli-ospedali-psichiatrici-al-successo-globale-di-salvo-nugnes\\\/#primaryimage\"},\"thumbnailUrl\":\"https:\\\/\\\/www.romaoggi.eu\\\/wp-content\\\/uploads\\\/2026\\\/04\\\/ARIPROVA.jpg\",\"datePublished\":\"2026-04-30T10:13:42+00:00\",\"description\":\"Per molti era \u201cun problema\u201d. Un ragazzo fuori schema, difficile da comprendere. Per questo fu rinchiuso in ospedali psichiatrici. Anni dopo, quello stesso\",\"breadcrumb\":{\"@id\":\"https:\\\/\\\/www.romaoggi.eu\\\/index.php\\\/2026\\\/04\\\/30\\\/paulo-coelho-dagli-ospedali-psichiatrici-al-successo-globale-di-salvo-nugnes\\\/#breadcrumb\"},\"inLanguage\":\"it-IT\",\"potentialAction\":[{\"@type\":\"ReadAction\",\"target\":[\"https:\\\/\\\/www.romaoggi.eu\\\/index.php\\\/2026\\\/04\\\/30\\\/paulo-coelho-dagli-ospedali-psichiatrici-al-successo-globale-di-salvo-nugnes\\\/\"]}]},{\"@type\":\"ImageObject\",\"inLanguage\":\"it-IT\",\"@id\":\"https:\\\/\\\/www.romaoggi.eu\\\/index.php\\\/2026\\\/04\\\/30\\\/paulo-coelho-dagli-ospedali-psichiatrici-al-successo-globale-di-salvo-nugnes\\\/#primaryimage\",\"url\":\"https:\\\/\\\/www.romaoggi.eu\\\/wp-content\\\/uploads\\\/2026\\\/04\\\/ARIPROVA.jpg\",\"contentUrl\":\"https:\\\/\\\/www.romaoggi.eu\\\/wp-content\\\/uploads\\\/2026\\\/04\\\/ARIPROVA.jpg\",\"width\":1029,\"height\":586,\"caption\":\"alt tag salvo nugnes\"},{\"@type\":\"BreadcrumbList\",\"@id\":\"https:\\\/\\\/www.romaoggi.eu\\\/index.php\\\/2026\\\/04\\\/30\\\/paulo-coelho-dagli-ospedali-psichiatrici-al-successo-globale-di-salvo-nugnes\\\/#breadcrumb\",\"itemListElement\":[{\"@type\":\"ListItem\",\"position\":1,\"name\":\"Home\",\"item\":\"https:\\\/\\\/www.romaoggi.eu\\\/\"},{\"@type\":\"ListItem\",\"position\":2,\"name\":\"Paulo Coelho: dagli ospedali psichiatrici al successo globale di Salvo Nugnes\"}]},{\"@type\":\"WebSite\",\"@id\":\"https:\\\/\\\/www.romaoggi.eu\\\/#website\",\"url\":\"https:\\\/\\\/www.romaoggi.eu\\\/\",\"name\":\"roma oggi\",\"description\":\"Interesting News for Interesting people\",\"publisher\":{\"@id\":\"https:\\\/\\\/www.romaoggi.eu\\\/#organization\"},\"potentialAction\":[{\"@type\":\"SearchAction\",\"target\":{\"@type\":\"EntryPoint\",\"urlTemplate\":\"https:\\\/\\\/www.romaoggi.eu\\\/?s={search_term_string}\"},\"query-input\":{\"@type\":\"PropertyValueSpecification\",\"valueRequired\":true,\"valueName\":\"search_term_string\"}}],\"inLanguage\":\"it-IT\"},{\"@type\":\"Organization\",\"@id\":\"https:\\\/\\\/www.romaoggi.eu\\\/#organization\",\"name\":\"RomaOggi\",\"url\":\"https:\\\/\\\/www.romaoggi.eu\\\/\",\"logo\":{\"@type\":\"ImageObject\",\"inLanguage\":\"it-IT\",\"@id\":\"https:\\\/\\\/www.romaoggi.eu\\\/#\\\/schema\\\/logo\\\/image\\\/\",\"url\":\"https:\\\/\\\/www.romaoggi.eu\\\/wp-content\\\/uploads\\\/2017\\\/04\\\/logowp.jpg\",\"contentUrl\":\"https:\\\/\\\/www.romaoggi.eu\\\/wp-content\\\/uploads\\\/2017\\\/04\\\/logowp.jpg\",\"width\":300,\"height\":133,\"caption\":\"RomaOggi\"},\"image\":{\"@id\":\"https:\\\/\\\/www.romaoggi.eu\\\/#\\\/schema\\\/logo\\\/image\\\/\"},\"sameAs\":[\"https:\\\/\\\/www.facebook.com\\\/RomaOggi-841544845954114\",\"https:\\\/\\\/x.com\\\/romaoggi_eu\"]},{\"@type\":\"Person\",\"@id\":\"https:\\\/\\\/www.romaoggi.eu\\\/#\\\/schema\\\/person\\\/9b23ceb6a2992a25e98c76a5f1fbb887\",\"name\":\"admin\",\"image\":{\"@type\":\"ImageObject\",\"inLanguage\":\"it-IT\",\"@id\":\"https:\\\/\\\/secure.gravatar.com\\\/avatar\\\/51b1e0a1f4159e3b5d89435fce5e1a348d6c59e2ff8c2d428dae75560aace504?s=96&d=mm&r=g\",\"url\":\"https:\\\/\\\/secure.gravatar.com\\\/avatar\\\/51b1e0a1f4159e3b5d89435fce5e1a348d6c59e2ff8c2d428dae75560aace504?s=96&d=mm&r=g\",\"contentUrl\":\"https:\\\/\\\/secure.gravatar.com\\\/avatar\\\/51b1e0a1f4159e3b5d89435fce5e1a348d6c59e2ff8c2d428dae75560aace504?s=96&d=mm&r=g\",\"caption\":\"admin\"},\"url\":\"https:\\\/\\\/www.romaoggi.eu\\\/index.php\\\/author\\\/admin\\\/\"}]}<\/script>\n<!-- \/ Yoast SEO plugin. -->","yoast_head_json":{"title":"Paulo Coelho: dagli ospedali psichiatrici al successo globale di Salvo Nugnes","description":"Per molti era \u201cun problema\u201d. Un ragazzo fuori schema, difficile da comprendere. Per questo fu rinchiuso in ospedali psichiatrici. Anni dopo, quello stesso","robots":{"index":"index","follow":"follow","max-snippet":"max-snippet:-1","max-image-preview":"max-image-preview:large","max-video-preview":"max-video-preview:-1"},"canonical":"https:\/\/www.romaoggi.eu\/index.php\/2026\/04\/30\/paulo-coelho-dagli-ospedali-psichiatrici-al-successo-globale-di-salvo-nugnes\/","og_locale":"it_IT","og_type":"article","og_title":"Paulo Coelho: dagli ospedali psichiatrici al successo globale di Salvo Nugnes","og_description":"Per molti era \u201cun problema\u201d. Un ragazzo fuori schema, difficile da comprendere. Per questo fu rinchiuso in ospedali psichiatrici. Anni dopo, quello stesso","og_url":"https:\/\/www.romaoggi.eu\/index.php\/2026\/04\/30\/paulo-coelho-dagli-ospedali-psichiatrici-al-successo-globale-di-salvo-nugnes\/","og_site_name":"roma oggi","article_publisher":"https:\/\/www.facebook.com\/RomaOggi-841544845954114","article_published_time":"2026-04-30T10:13:42+00:00","og_image":[{"width":1029,"height":586,"url":"https:\/\/www.romaoggi.eu\/wp-content\/uploads\/2026\/04\/ARIPROVA.jpg","type":"image\/jpeg"}],"author":"admin","twitter_card":"summary_large_image","twitter_creator":"@romaoggi_eu","twitter_site":"@romaoggi_eu","twitter_misc":{"Scritto da":"admin","Tempo di lettura stimato":"4 minuti"},"schema":{"@context":"https:\/\/schema.org","@graph":[{"@type":"Article","@id":"https:\/\/www.romaoggi.eu\/index.php\/2026\/04\/30\/paulo-coelho-dagli-ospedali-psichiatrici-al-successo-globale-di-salvo-nugnes\/#article","isPartOf":{"@id":"https:\/\/www.romaoggi.eu\/index.php\/2026\/04\/30\/paulo-coelho-dagli-ospedali-psichiatrici-al-successo-globale-di-salvo-nugnes\/"},"author":{"name":"admin","@id":"https:\/\/www.romaoggi.eu\/#\/schema\/person\/9b23ceb6a2992a25e98c76a5f1fbb887"},"headline":"Paulo Coelho: dagli ospedali psichiatrici al successo globale di Salvo Nugnes","datePublished":"2026-04-30T10:13:42+00:00","mainEntityOfPage":{"@id":"https:\/\/www.romaoggi.eu\/index.php\/2026\/04\/30\/paulo-coelho-dagli-ospedali-psichiatrici-al-successo-globale-di-salvo-nugnes\/"},"wordCount":590,"publisher":{"@id":"https:\/\/www.romaoggi.eu\/#organization"},"image":{"@id":"https:\/\/www.romaoggi.eu\/index.php\/2026\/04\/30\/paulo-coelho-dagli-ospedali-psichiatrici-al-successo-globale-di-salvo-nugnes\/#primaryimage"},"thumbnailUrl":"https:\/\/www.romaoggi.eu\/wp-content\/uploads\/2026\/04\/ARIPROVA.jpg","keywords":["Alchimista","letteratura","libri","Paulo Coelho","salvo nugnes","scrittore"],"articleSection":["cultura"],"inLanguage":"it-IT"},{"@type":"WebPage","@id":"https:\/\/www.romaoggi.eu\/index.php\/2026\/04\/30\/paulo-coelho-dagli-ospedali-psichiatrici-al-successo-globale-di-salvo-nugnes\/","url":"https:\/\/www.romaoggi.eu\/index.php\/2026\/04\/30\/paulo-coelho-dagli-ospedali-psichiatrici-al-successo-globale-di-salvo-nugnes\/","name":"Paulo Coelho: dagli ospedali psichiatrici al successo globale di Salvo Nugnes","isPartOf":{"@id":"https:\/\/www.romaoggi.eu\/#website"},"primaryImageOfPage":{"@id":"https:\/\/www.romaoggi.eu\/index.php\/2026\/04\/30\/paulo-coelho-dagli-ospedali-psichiatrici-al-successo-globale-di-salvo-nugnes\/#primaryimage"},"image":{"@id":"https:\/\/www.romaoggi.eu\/index.php\/2026\/04\/30\/paulo-coelho-dagli-ospedali-psichiatrici-al-successo-globale-di-salvo-nugnes\/#primaryimage"},"thumbnailUrl":"https:\/\/www.romaoggi.eu\/wp-content\/uploads\/2026\/04\/ARIPROVA.jpg","datePublished":"2026-04-30T10:13:42+00:00","description":"Per molti era \u201cun problema\u201d. Un ragazzo fuori schema, difficile da comprendere. Per questo fu rinchiuso in ospedali psichiatrici. Anni dopo, quello stesso","breadcrumb":{"@id":"https:\/\/www.romaoggi.eu\/index.php\/2026\/04\/30\/paulo-coelho-dagli-ospedali-psichiatrici-al-successo-globale-di-salvo-nugnes\/#breadcrumb"},"inLanguage":"it-IT","potentialAction":[{"@type":"ReadAction","target":["https:\/\/www.romaoggi.eu\/index.php\/2026\/04\/30\/paulo-coelho-dagli-ospedali-psichiatrici-al-successo-globale-di-salvo-nugnes\/"]}]},{"@type":"ImageObject","inLanguage":"it-IT","@id":"https:\/\/www.romaoggi.eu\/index.php\/2026\/04\/30\/paulo-coelho-dagli-ospedali-psichiatrici-al-successo-globale-di-salvo-nugnes\/#primaryimage","url":"https:\/\/www.romaoggi.eu\/wp-content\/uploads\/2026\/04\/ARIPROVA.jpg","contentUrl":"https:\/\/www.romaoggi.eu\/wp-content\/uploads\/2026\/04\/ARIPROVA.jpg","width":1029,"height":586,"caption":"alt tag salvo nugnes"},{"@type":"BreadcrumbList","@id":"https:\/\/www.romaoggi.eu\/index.php\/2026\/04\/30\/paulo-coelho-dagli-ospedali-psichiatrici-al-successo-globale-di-salvo-nugnes\/#breadcrumb","itemListElement":[{"@type":"ListItem","position":1,"name":"Home","item":"https:\/\/www.romaoggi.eu\/"},{"@type":"ListItem","position":2,"name":"Paulo Coelho: dagli ospedali psichiatrici al successo globale di Salvo Nugnes"}]},{"@type":"WebSite","@id":"https:\/\/www.romaoggi.eu\/#website","url":"https:\/\/www.romaoggi.eu\/","name":"roma oggi","description":"Interesting News for Interesting people","publisher":{"@id":"https:\/\/www.romaoggi.eu\/#organization"},"potentialAction":[{"@type":"SearchAction","target":{"@type":"EntryPoint","urlTemplate":"https:\/\/www.romaoggi.eu\/?s={search_term_string}"},"query-input":{"@type":"PropertyValueSpecification","valueRequired":true,"valueName":"search_term_string"}}],"inLanguage":"it-IT"},{"@type":"Organization","@id":"https:\/\/www.romaoggi.eu\/#organization","name":"RomaOggi","url":"https:\/\/www.romaoggi.eu\/","logo":{"@type":"ImageObject","inLanguage":"it-IT","@id":"https:\/\/www.romaoggi.eu\/#\/schema\/logo\/image\/","url":"https:\/\/www.romaoggi.eu\/wp-content\/uploads\/2017\/04\/logowp.jpg","contentUrl":"https:\/\/www.romaoggi.eu\/wp-content\/uploads\/2017\/04\/logowp.jpg","width":300,"height":133,"caption":"RomaOggi"},"image":{"@id":"https:\/\/www.romaoggi.eu\/#\/schema\/logo\/image\/"},"sameAs":["https:\/\/www.facebook.com\/RomaOggi-841544845954114","https:\/\/x.com\/romaoggi_eu"]},{"@type":"Person","@id":"https:\/\/www.romaoggi.eu\/#\/schema\/person\/9b23ceb6a2992a25e98c76a5f1fbb887","name":"admin","image":{"@type":"ImageObject","inLanguage":"it-IT","@id":"https:\/\/secure.gravatar.com\/avatar\/51b1e0a1f4159e3b5d89435fce5e1a348d6c59e2ff8c2d428dae75560aace504?s=96&d=mm&r=g","url":"https:\/\/secure.gravatar.com\/avatar\/51b1e0a1f4159e3b5d89435fce5e1a348d6c59e2ff8c2d428dae75560aace504?s=96&d=mm&r=g","contentUrl":"https:\/\/secure.gravatar.com\/avatar\/51b1e0a1f4159e3b5d89435fce5e1a348d6c59e2ff8c2d428dae75560aace504?s=96&d=mm&r=g","caption":"admin"},"url":"https:\/\/www.romaoggi.eu\/index.php\/author\/admin\/"}]}},"_links":{"self":[{"href":"https:\/\/www.romaoggi.eu\/index.php\/wp-json\/wp\/v2\/posts\/42822","targetHints":{"allow":["GET"]}}],"collection":[{"href":"https:\/\/www.romaoggi.eu\/index.php\/wp-json\/wp\/v2\/posts"}],"about":[{"href":"https:\/\/www.romaoggi.eu\/index.php\/wp-json\/wp\/v2\/types\/post"}],"author":[{"embeddable":true,"href":"https:\/\/www.romaoggi.eu\/index.php\/wp-json\/wp\/v2\/users\/1"}],"replies":[{"embeddable":true,"href":"https:\/\/www.romaoggi.eu\/index.php\/wp-json\/wp\/v2\/comments?post=42822"}],"version-history":[{"count":4,"href":"https:\/\/www.romaoggi.eu\/index.php\/wp-json\/wp\/v2\/posts\/42822\/revisions"}],"predecessor-version":[{"id":42826,"href":"https:\/\/www.romaoggi.eu\/index.php\/wp-json\/wp\/v2\/posts\/42822\/revisions\/42826"}],"wp:featuredmedia":[{"embeddable":true,"href":"https:\/\/www.romaoggi.eu\/index.php\/wp-json\/wp\/v2\/media\/42830"}],"wp:attachment":[{"href":"https:\/\/www.romaoggi.eu\/index.php\/wp-json\/wp\/v2\/media?parent=42822"}],"wp:term":[{"taxonomy":"category","embeddable":true,"href":"https:\/\/www.romaoggi.eu\/index.php\/wp-json\/wp\/v2\/categories?post=42822"},{"taxonomy":"post_tag","embeddable":true,"href":"https:\/\/www.romaoggi.eu\/index.php\/wp-json\/wp\/v2\/tags?post=42822"}],"curies":[{"name":"wp","href":"https:\/\/api.w.org\/{rel}","templated":true}]}}