{"id":42831,"date":"2026-05-01T16:01:10","date_gmt":"2026-05-01T14:01:10","guid":{"rendered":"https:\/\/www.romaoggi.eu\/?p=42831"},"modified":"2026-05-01T16:01:10","modified_gmt":"2026-05-01T14:01:10","slug":"pablo-atchugarry-scolpire-la-luce-alla-gnamc-dal-19-maggio-al-21-giugno-2026","status":"publish","type":"post","link":"https:\/\/www.romaoggi.eu\/index.php\/2026\/05\/01\/pablo-atchugarry-scolpire-la-luce-alla-gnamc-dal-19-maggio-al-21-giugno-2026\/","title":{"rendered":"Pablo Atchugarry &#8220;Scolpire la Luce&#8221; alla GNAMC dal 19 maggio al 21 giugno 2026"},"content":{"rendered":"<p style=\"text-align: justify;\">Dopo dieci anni dall\u2019ultima mostra romana ai Mercati di Traiano e cinque da quella a Palazzo Reale di Milano, la Galleria Nazionale d\u2019Arte Moderna e Contemporanea dedica a Pablo Atchugarry (Montevideo 1954) \u2013 artista uruguaiano di nascita e italiano di adozione \u2013 la mostra Scolpire la Luce, a cura di Gabriele Simongini, in programma <strong>dal 19 maggio al 21 giugno 2026.<\/strong><\/p>\n<p style=\"text-align: justify;\">Maestro della tecnica scultorea \u201cper forza di levare\u201d, secondo la celebre definizione di Michelangelo Buonarroti, Atchugarry lavora personalmente il marmo, prediligendo in particolare lo statuario di Carrara. La sua pratica si radica nella tradizione plastica occidentale di ascendenza classica, ma si apre a una visione profondamente spirituale della forma: per lui, infatti, la scultura \u00e8 \u201cinterrogazione interiore, preghiera, invocazione, ricerca dell\u2019infinito\u201d.<\/p>\n<p style=\"text-align: justify;\">Per Atchugarry l\u2019atto dello scolpire \u00e8 un gesto radicale e necessario, fondato sulla centralit\u00e0 della mano e sul confronto diretto con la difficolt\u00e0 tecnica e materiale. Ogni opera nasce come sfida e come ricerca di equilibrio tra permanenza e movimento, memoria e contemporaneit\u00e0. Le sue opere si distinguono per forme metamorfiche, talvolta quasi aerodinamiche, che evocano tracce astratte di alberi, colonne, fiamme, corpi, panneggi e architetture, conducendo lo sguardo verso l\u2019alto e suggerendo un\u2019esperienza contemplativa e rigenerante.<\/p>\n<p style=\"text-align: justify;\">Come sottolinea la direttrice della <strong>GNAMC<\/strong>, <strong>Renata Cristina Mazzantini<\/strong>, nel suo testo pubblicato in catalogo: \u00abNelle sue sculture, la durezza del marmo si ammorbidisce: un fitto susseguirsi di fenditure \u201cdisciplinate\u201d che solcano i volumi in profondit\u00e0, ne sfalda la granitica compattezza. Creando ritmo e movimento attraverso l\u2019alternarsi di luci e di ombre, l\u2019artista dona alle sculture allo stesso tempo rigore e levit\u00e0. Una sorta di \u201cleggerezza ordinata\u201d, che ricorda solo apparentemente la plissettatura, in quanto simbolo di sofisticata eleganza\u00bb.<\/p>\n","protected":false},"excerpt":{"rendered":"<div class=\"mh-excerpt\"><p>Dopo dieci anni dall\u2019ultima mostra romana ai Mercati di Traiano e cinque da quella a Palazzo Reale di Milano, la Galleria Nazionale d\u2019Arte Moderna e Contemporanea dedica a Pablo Atchugarry (Montevideo 1954) \u2013 artista uruguaiano <a class=\"mh-excerpt-more\" href=\"https:\/\/www.romaoggi.eu\/index.php\/2026\/05\/01\/pablo-atchugarry-scolpire-la-luce-alla-gnamc-dal-19-maggio-al-21-giugno-2026\/\" title=\"Pablo Atchugarry &#8220;Scolpire la Luce&#8221; alla GNAMC dal 19 maggio al 21 giugno 2026\">[&#8230;]<\/a><\/p>\n<\/div>","protected":false},"author":1,"featured_media":42834,"comment_status":"closed","ping_status":"open","sticky":false,"template":"","format":"standard","meta":{"_sitemap_exclude":false,"_sitemap_priority":"","_sitemap_frequency":"","footnotes":""},"categories":[522],"tags":[1709,19429,12721,283,109,19428],"class_list":["post-42831","post","type-post","status-publish","format-standard","has-post-thumbnail","hentry","category-attualita","tag-arte-contemporanea","tag-gnamc","tag-marmo","tag-pablo-atchugarry","tag-roma","tag-scolpire-la-luce"],"yoast_head":"<!-- This site is optimized with the Yoast SEO plugin v27.5 - https:\/\/yoast.com\/product\/yoast-seo-wordpress\/ -->\n<title>Pablo Atchugarry &quot;Scolpire la Luce&quot; alla GNAMC dal 19 maggio al 21 giugno 2026<\/title>\n<meta name=\"description\" content=\"Dopo dieci anni dall\u2019ultima mostra romana ai Mercati di Traiano e cinque da quella a Palazzo Reale di Milano, la Galleria Nazionale d\u2019Arte Moderna e\" \/>\n<meta name=\"robots\" content=\"index, follow, max-snippet:-1, max-image-preview:large, max-video-preview:-1\" \/>\n<link rel=\"canonical\" href=\"https:\/\/www.romaoggi.eu\/index.php\/2026\/05\/01\/pablo-atchugarry-scolpire-la-luce-alla-gnamc-dal-19-maggio-al-21-giugno-2026\/\" \/>\n<meta property=\"og:locale\" content=\"it_IT\" \/>\n<meta property=\"og:type\" content=\"article\" \/>\n<meta property=\"og:title\" content=\"Pablo Atchugarry &quot;Scolpire la Luce&quot; alla GNAMC dal 19 maggio al 21 giugno 2026\" \/>\n<meta property=\"og:description\" content=\"Dopo dieci anni dall\u2019ultima mostra romana ai Mercati di Traiano e cinque da quella a Palazzo Reale di Milano, la Galleria Nazionale d\u2019Arte Moderna e\" \/>\n<meta property=\"og:url\" content=\"https:\/\/www.romaoggi.eu\/index.php\/2026\/05\/01\/pablo-atchugarry-scolpire-la-luce-alla-gnamc-dal-19-maggio-al-21-giugno-2026\/\" \/>\n<meta property=\"og:site_name\" content=\"roma oggi\" \/>\n<meta property=\"article:publisher\" content=\"https:\/\/www.facebook.com\/RomaOggi-841544845954114\" \/>\n<meta property=\"article:published_time\" content=\"2026-05-01T14:01:10+00:00\" \/>\n<meta property=\"og:image\" content=\"https:\/\/www.romaoggi.eu\/wp-content\/uploads\/2026\/05\/Atchugarry_WebSite_GAMC.webp\" \/>\n\t<meta property=\"og:image:width\" content=\"1890\" \/>\n\t<meta property=\"og:image:height\" content=\"1063\" \/>\n\t<meta property=\"og:image:type\" content=\"image\/webp\" \/>\n<meta name=\"author\" content=\"admin\" \/>\n<meta name=\"twitter:card\" content=\"summary_large_image\" \/>\n<meta name=\"twitter:creator\" content=\"@romaoggi_eu\" \/>\n<meta name=\"twitter:site\" content=\"@romaoggi_eu\" \/>\n<meta name=\"twitter:label1\" content=\"Scritto da\" \/>\n\t<meta name=\"twitter:data1\" content=\"admin\" \/>\n\t<meta name=\"twitter:label2\" content=\"Tempo di lettura stimato\" \/>\n\t<meta name=\"twitter:data2\" content=\"2 minuti\" \/>\n<script type=\"application\/ld+json\" class=\"yoast-schema-graph\">{\"@context\":\"https:\\\/\\\/schema.org\",\"@graph\":[{\"@type\":\"Article\",\"@id\":\"https:\\\/\\\/www.romaoggi.eu\\\/index.php\\\/2026\\\/05\\\/01\\\/pablo-atchugarry-scolpire-la-luce-alla-gnamc-dal-19-maggio-al-21-giugno-2026\\\/#article\",\"isPartOf\":{\"@id\":\"https:\\\/\\\/www.romaoggi.eu\\\/index.php\\\/2026\\\/05\\\/01\\\/pablo-atchugarry-scolpire-la-luce-alla-gnamc-dal-19-maggio-al-21-giugno-2026\\\/\"},\"author\":{\"name\":\"admin\",\"@id\":\"https:\\\/\\\/www.romaoggi.eu\\\/#\\\/schema\\\/person\\\/9b23ceb6a2992a25e98c76a5f1fbb887\"},\"headline\":\"Pablo Atchugarry &#8220;Scolpire la Luce&#8221; alla GNAMC dal 19 maggio al 21 giugno 2026\",\"datePublished\":\"2026-05-01T14:01:10+00:00\",\"mainEntityOfPage\":{\"@id\":\"https:\\\/\\\/www.romaoggi.eu\\\/index.php\\\/2026\\\/05\\\/01\\\/pablo-atchugarry-scolpire-la-luce-alla-gnamc-dal-19-maggio-al-21-giugno-2026\\\/\"},\"wordCount\":289,\"publisher\":{\"@id\":\"https:\\\/\\\/www.romaoggi.eu\\\/#organization\"},\"image\":{\"@id\":\"https:\\\/\\\/www.romaoggi.eu\\\/index.php\\\/2026\\\/05\\\/01\\\/pablo-atchugarry-scolpire-la-luce-alla-gnamc-dal-19-maggio-al-21-giugno-2026\\\/#primaryimage\"},\"thumbnailUrl\":\"https:\\\/\\\/www.romaoggi.eu\\\/wp-content\\\/uploads\\\/2026\\\/05\\\/Atchugarry_WebSite_GAMC.webp\",\"keywords\":[\"Arte Contemporanea\",\"GNAMC\",\"marmo\",\"Pablo Atchugarry\",\"roma\",\"scolpire la luce\"],\"articleSection\":[\"attualit\u00e0\"],\"inLanguage\":\"it-IT\"},{\"@type\":\"WebPage\",\"@id\":\"https:\\\/\\\/www.romaoggi.eu\\\/index.php\\\/2026\\\/05\\\/01\\\/pablo-atchugarry-scolpire-la-luce-alla-gnamc-dal-19-maggio-al-21-giugno-2026\\\/\",\"url\":\"https:\\\/\\\/www.romaoggi.eu\\\/index.php\\\/2026\\\/05\\\/01\\\/pablo-atchugarry-scolpire-la-luce-alla-gnamc-dal-19-maggio-al-21-giugno-2026\\\/\",\"name\":\"Pablo Atchugarry \\\"Scolpire la Luce\\\" alla GNAMC dal 19 maggio al 21 giugno 2026\",\"isPartOf\":{\"@id\":\"https:\\\/\\\/www.romaoggi.eu\\\/#website\"},\"primaryImageOfPage\":{\"@id\":\"https:\\\/\\\/www.romaoggi.eu\\\/index.php\\\/2026\\\/05\\\/01\\\/pablo-atchugarry-scolpire-la-luce-alla-gnamc-dal-19-maggio-al-21-giugno-2026\\\/#primaryimage\"},\"image\":{\"@id\":\"https:\\\/\\\/www.romaoggi.eu\\\/index.php\\\/2026\\\/05\\\/01\\\/pablo-atchugarry-scolpire-la-luce-alla-gnamc-dal-19-maggio-al-21-giugno-2026\\\/#primaryimage\"},\"thumbnailUrl\":\"https:\\\/\\\/www.romaoggi.eu\\\/wp-content\\\/uploads\\\/2026\\\/05\\\/Atchugarry_WebSite_GAMC.webp\",\"datePublished\":\"2026-05-01T14:01:10+00:00\",\"description\":\"Dopo dieci anni dall\u2019ultima mostra romana ai Mercati di Traiano e cinque da quella a Palazzo Reale di Milano, la Galleria Nazionale d\u2019Arte Moderna e\",\"breadcrumb\":{\"@id\":\"https:\\\/\\\/www.romaoggi.eu\\\/index.php\\\/2026\\\/05\\\/01\\\/pablo-atchugarry-scolpire-la-luce-alla-gnamc-dal-19-maggio-al-21-giugno-2026\\\/#breadcrumb\"},\"inLanguage\":\"it-IT\",\"potentialAction\":[{\"@type\":\"ReadAction\",\"target\":[\"https:\\\/\\\/www.romaoggi.eu\\\/index.php\\\/2026\\\/05\\\/01\\\/pablo-atchugarry-scolpire-la-luce-alla-gnamc-dal-19-maggio-al-21-giugno-2026\\\/\"]}]},{\"@type\":\"ImageObject\",\"inLanguage\":\"it-IT\",\"@id\":\"https:\\\/\\\/www.romaoggi.eu\\\/index.php\\\/2026\\\/05\\\/01\\\/pablo-atchugarry-scolpire-la-luce-alla-gnamc-dal-19-maggio-al-21-giugno-2026\\\/#primaryimage\",\"url\":\"https:\\\/\\\/www.romaoggi.eu\\\/wp-content\\\/uploads\\\/2026\\\/05\\\/Atchugarry_WebSite_GAMC.webp\",\"contentUrl\":\"https:\\\/\\\/www.romaoggi.eu\\\/wp-content\\\/uploads\\\/2026\\\/05\\\/Atchugarry_WebSite_GAMC.webp\",\"width\":1890,\"height\":1063,\"caption\":\"alt tag Pablo Atchugarry\"},{\"@type\":\"BreadcrumbList\",\"@id\":\"https:\\\/\\\/www.romaoggi.eu\\\/index.php\\\/2026\\\/05\\\/01\\\/pablo-atchugarry-scolpire-la-luce-alla-gnamc-dal-19-maggio-al-21-giugno-2026\\\/#breadcrumb\",\"itemListElement\":[{\"@type\":\"ListItem\",\"position\":1,\"name\":\"Home\",\"item\":\"https:\\\/\\\/www.romaoggi.eu\\\/\"},{\"@type\":\"ListItem\",\"position\":2,\"name\":\"Pablo Atchugarry &#8220;Scolpire la Luce&#8221; alla GNAMC dal 19 maggio al 21 giugno 2026\"}]},{\"@type\":\"WebSite\",\"@id\":\"https:\\\/\\\/www.romaoggi.eu\\\/#website\",\"url\":\"https:\\\/\\\/www.romaoggi.eu\\\/\",\"name\":\"roma oggi\",\"description\":\"Interesting News for Interesting people\",\"publisher\":{\"@id\":\"https:\\\/\\\/www.romaoggi.eu\\\/#organization\"},\"potentialAction\":[{\"@type\":\"SearchAction\",\"target\":{\"@type\":\"EntryPoint\",\"urlTemplate\":\"https:\\\/\\\/www.romaoggi.eu\\\/?s={search_term_string}\"},\"query-input\":{\"@type\":\"PropertyValueSpecification\",\"valueRequired\":true,\"valueName\":\"search_term_string\"}}],\"inLanguage\":\"it-IT\"},{\"@type\":\"Organization\",\"@id\":\"https:\\\/\\\/www.romaoggi.eu\\\/#organization\",\"name\":\"RomaOggi\",\"url\":\"https:\\\/\\\/www.romaoggi.eu\\\/\",\"logo\":{\"@type\":\"ImageObject\",\"inLanguage\":\"it-IT\",\"@id\":\"https:\\\/\\\/www.romaoggi.eu\\\/#\\\/schema\\\/logo\\\/image\\\/\",\"url\":\"https:\\\/\\\/www.romaoggi.eu\\\/wp-content\\\/uploads\\\/2017\\\/04\\\/logowp.jpg\",\"contentUrl\":\"https:\\\/\\\/www.romaoggi.eu\\\/wp-content\\\/uploads\\\/2017\\\/04\\\/logowp.jpg\",\"width\":300,\"height\":133,\"caption\":\"RomaOggi\"},\"image\":{\"@id\":\"https:\\\/\\\/www.romaoggi.eu\\\/#\\\/schema\\\/logo\\\/image\\\/\"},\"sameAs\":[\"https:\\\/\\\/www.facebook.com\\\/RomaOggi-841544845954114\",\"https:\\\/\\\/x.com\\\/romaoggi_eu\"]},{\"@type\":\"Person\",\"@id\":\"https:\\\/\\\/www.romaoggi.eu\\\/#\\\/schema\\\/person\\\/9b23ceb6a2992a25e98c76a5f1fbb887\",\"name\":\"admin\",\"image\":{\"@type\":\"ImageObject\",\"inLanguage\":\"it-IT\",\"@id\":\"https:\\\/\\\/secure.gravatar.com\\\/avatar\\\/51b1e0a1f4159e3b5d89435fce5e1a348d6c59e2ff8c2d428dae75560aace504?s=96&d=mm&r=g\",\"url\":\"https:\\\/\\\/secure.gravatar.com\\\/avatar\\\/51b1e0a1f4159e3b5d89435fce5e1a348d6c59e2ff8c2d428dae75560aace504?s=96&d=mm&r=g\",\"contentUrl\":\"https:\\\/\\\/secure.gravatar.com\\\/avatar\\\/51b1e0a1f4159e3b5d89435fce5e1a348d6c59e2ff8c2d428dae75560aace504?s=96&d=mm&r=g\",\"caption\":\"admin\"},\"url\":\"https:\\\/\\\/www.romaoggi.eu\\\/index.php\\\/author\\\/admin\\\/\"}]}<\/script>\n<!-- \/ Yoast SEO plugin. -->","yoast_head_json":{"title":"Pablo Atchugarry \"Scolpire la Luce\" alla GNAMC dal 19 maggio al 21 giugno 2026","description":"Dopo dieci anni dall\u2019ultima mostra romana ai Mercati di Traiano e cinque da quella a Palazzo Reale di Milano, la Galleria Nazionale d\u2019Arte Moderna e","robots":{"index":"index","follow":"follow","max-snippet":"max-snippet:-1","max-image-preview":"max-image-preview:large","max-video-preview":"max-video-preview:-1"},"canonical":"https:\/\/www.romaoggi.eu\/index.php\/2026\/05\/01\/pablo-atchugarry-scolpire-la-luce-alla-gnamc-dal-19-maggio-al-21-giugno-2026\/","og_locale":"it_IT","og_type":"article","og_title":"Pablo Atchugarry \"Scolpire la Luce\" alla GNAMC dal 19 maggio al 21 giugno 2026","og_description":"Dopo dieci anni dall\u2019ultima mostra romana ai Mercati di Traiano e cinque da quella a Palazzo Reale di Milano, la Galleria Nazionale d\u2019Arte Moderna e","og_url":"https:\/\/www.romaoggi.eu\/index.php\/2026\/05\/01\/pablo-atchugarry-scolpire-la-luce-alla-gnamc-dal-19-maggio-al-21-giugno-2026\/","og_site_name":"roma oggi","article_publisher":"https:\/\/www.facebook.com\/RomaOggi-841544845954114","article_published_time":"2026-05-01T14:01:10+00:00","og_image":[{"width":1890,"height":1063,"url":"https:\/\/www.romaoggi.eu\/wp-content\/uploads\/2026\/05\/Atchugarry_WebSite_GAMC.webp","type":"image\/webp"}],"author":"admin","twitter_card":"summary_large_image","twitter_creator":"@romaoggi_eu","twitter_site":"@romaoggi_eu","twitter_misc":{"Scritto da":"admin","Tempo di lettura stimato":"2 minuti"},"schema":{"@context":"https:\/\/schema.org","@graph":[{"@type":"Article","@id":"https:\/\/www.romaoggi.eu\/index.php\/2026\/05\/01\/pablo-atchugarry-scolpire-la-luce-alla-gnamc-dal-19-maggio-al-21-giugno-2026\/#article","isPartOf":{"@id":"https:\/\/www.romaoggi.eu\/index.php\/2026\/05\/01\/pablo-atchugarry-scolpire-la-luce-alla-gnamc-dal-19-maggio-al-21-giugno-2026\/"},"author":{"name":"admin","@id":"https:\/\/www.romaoggi.eu\/#\/schema\/person\/9b23ceb6a2992a25e98c76a5f1fbb887"},"headline":"Pablo Atchugarry &#8220;Scolpire la Luce&#8221; alla GNAMC dal 19 maggio al 21 giugno 2026","datePublished":"2026-05-01T14:01:10+00:00","mainEntityOfPage":{"@id":"https:\/\/www.romaoggi.eu\/index.php\/2026\/05\/01\/pablo-atchugarry-scolpire-la-luce-alla-gnamc-dal-19-maggio-al-21-giugno-2026\/"},"wordCount":289,"publisher":{"@id":"https:\/\/www.romaoggi.eu\/#organization"},"image":{"@id":"https:\/\/www.romaoggi.eu\/index.php\/2026\/05\/01\/pablo-atchugarry-scolpire-la-luce-alla-gnamc-dal-19-maggio-al-21-giugno-2026\/#primaryimage"},"thumbnailUrl":"https:\/\/www.romaoggi.eu\/wp-content\/uploads\/2026\/05\/Atchugarry_WebSite_GAMC.webp","keywords":["Arte Contemporanea","GNAMC","marmo","Pablo Atchugarry","roma","scolpire la luce"],"articleSection":["attualit\u00e0"],"inLanguage":"it-IT"},{"@type":"WebPage","@id":"https:\/\/www.romaoggi.eu\/index.php\/2026\/05\/01\/pablo-atchugarry-scolpire-la-luce-alla-gnamc-dal-19-maggio-al-21-giugno-2026\/","url":"https:\/\/www.romaoggi.eu\/index.php\/2026\/05\/01\/pablo-atchugarry-scolpire-la-luce-alla-gnamc-dal-19-maggio-al-21-giugno-2026\/","name":"Pablo Atchugarry \"Scolpire la Luce\" alla GNAMC dal 19 maggio al 21 giugno 2026","isPartOf":{"@id":"https:\/\/www.romaoggi.eu\/#website"},"primaryImageOfPage":{"@id":"https:\/\/www.romaoggi.eu\/index.php\/2026\/05\/01\/pablo-atchugarry-scolpire-la-luce-alla-gnamc-dal-19-maggio-al-21-giugno-2026\/#primaryimage"},"image":{"@id":"https:\/\/www.romaoggi.eu\/index.php\/2026\/05\/01\/pablo-atchugarry-scolpire-la-luce-alla-gnamc-dal-19-maggio-al-21-giugno-2026\/#primaryimage"},"thumbnailUrl":"https:\/\/www.romaoggi.eu\/wp-content\/uploads\/2026\/05\/Atchugarry_WebSite_GAMC.webp","datePublished":"2026-05-01T14:01:10+00:00","description":"Dopo dieci anni dall\u2019ultima mostra romana ai Mercati di Traiano e cinque da quella a Palazzo Reale di Milano, la Galleria Nazionale d\u2019Arte Moderna e","breadcrumb":{"@id":"https:\/\/www.romaoggi.eu\/index.php\/2026\/05\/01\/pablo-atchugarry-scolpire-la-luce-alla-gnamc-dal-19-maggio-al-21-giugno-2026\/#breadcrumb"},"inLanguage":"it-IT","potentialAction":[{"@type":"ReadAction","target":["https:\/\/www.romaoggi.eu\/index.php\/2026\/05\/01\/pablo-atchugarry-scolpire-la-luce-alla-gnamc-dal-19-maggio-al-21-giugno-2026\/"]}]},{"@type":"ImageObject","inLanguage":"it-IT","@id":"https:\/\/www.romaoggi.eu\/index.php\/2026\/05\/01\/pablo-atchugarry-scolpire-la-luce-alla-gnamc-dal-19-maggio-al-21-giugno-2026\/#primaryimage","url":"https:\/\/www.romaoggi.eu\/wp-content\/uploads\/2026\/05\/Atchugarry_WebSite_GAMC.webp","contentUrl":"https:\/\/www.romaoggi.eu\/wp-content\/uploads\/2026\/05\/Atchugarry_WebSite_GAMC.webp","width":1890,"height":1063,"caption":"alt tag Pablo Atchugarry"},{"@type":"BreadcrumbList","@id":"https:\/\/www.romaoggi.eu\/index.php\/2026\/05\/01\/pablo-atchugarry-scolpire-la-luce-alla-gnamc-dal-19-maggio-al-21-giugno-2026\/#breadcrumb","itemListElement":[{"@type":"ListItem","position":1,"name":"Home","item":"https:\/\/www.romaoggi.eu\/"},{"@type":"ListItem","position":2,"name":"Pablo Atchugarry &#8220;Scolpire la Luce&#8221; alla GNAMC dal 19 maggio al 21 giugno 2026"}]},{"@type":"WebSite","@id":"https:\/\/www.romaoggi.eu\/#website","url":"https:\/\/www.romaoggi.eu\/","name":"roma oggi","description":"Interesting News for Interesting people","publisher":{"@id":"https:\/\/www.romaoggi.eu\/#organization"},"potentialAction":[{"@type":"SearchAction","target":{"@type":"EntryPoint","urlTemplate":"https:\/\/www.romaoggi.eu\/?s={search_term_string}"},"query-input":{"@type":"PropertyValueSpecification","valueRequired":true,"valueName":"search_term_string"}}],"inLanguage":"it-IT"},{"@type":"Organization","@id":"https:\/\/www.romaoggi.eu\/#organization","name":"RomaOggi","url":"https:\/\/www.romaoggi.eu\/","logo":{"@type":"ImageObject","inLanguage":"it-IT","@id":"https:\/\/www.romaoggi.eu\/#\/schema\/logo\/image\/","url":"https:\/\/www.romaoggi.eu\/wp-content\/uploads\/2017\/04\/logowp.jpg","contentUrl":"https:\/\/www.romaoggi.eu\/wp-content\/uploads\/2017\/04\/logowp.jpg","width":300,"height":133,"caption":"RomaOggi"},"image":{"@id":"https:\/\/www.romaoggi.eu\/#\/schema\/logo\/image\/"},"sameAs":["https:\/\/www.facebook.com\/RomaOggi-841544845954114","https:\/\/x.com\/romaoggi_eu"]},{"@type":"Person","@id":"https:\/\/www.romaoggi.eu\/#\/schema\/person\/9b23ceb6a2992a25e98c76a5f1fbb887","name":"admin","image":{"@type":"ImageObject","inLanguage":"it-IT","@id":"https:\/\/secure.gravatar.com\/avatar\/51b1e0a1f4159e3b5d89435fce5e1a348d6c59e2ff8c2d428dae75560aace504?s=96&d=mm&r=g","url":"https:\/\/secure.gravatar.com\/avatar\/51b1e0a1f4159e3b5d89435fce5e1a348d6c59e2ff8c2d428dae75560aace504?s=96&d=mm&r=g","contentUrl":"https:\/\/secure.gravatar.com\/avatar\/51b1e0a1f4159e3b5d89435fce5e1a348d6c59e2ff8c2d428dae75560aace504?s=96&d=mm&r=g","caption":"admin"},"url":"https:\/\/www.romaoggi.eu\/index.php\/author\/admin\/"}]}},"_links":{"self":[{"href":"https:\/\/www.romaoggi.eu\/index.php\/wp-json\/wp\/v2\/posts\/42831","targetHints":{"allow":["GET"]}}],"collection":[{"href":"https:\/\/www.romaoggi.eu\/index.php\/wp-json\/wp\/v2\/posts"}],"about":[{"href":"https:\/\/www.romaoggi.eu\/index.php\/wp-json\/wp\/v2\/types\/post"}],"author":[{"embeddable":true,"href":"https:\/\/www.romaoggi.eu\/index.php\/wp-json\/wp\/v2\/users\/1"}],"replies":[{"embeddable":true,"href":"https:\/\/www.romaoggi.eu\/index.php\/wp-json\/wp\/v2\/comments?post=42831"}],"version-history":[{"count":3,"href":"https:\/\/www.romaoggi.eu\/index.php\/wp-json\/wp\/v2\/posts\/42831\/revisions"}],"predecessor-version":[{"id":42835,"href":"https:\/\/www.romaoggi.eu\/index.php\/wp-json\/wp\/v2\/posts\/42831\/revisions\/42835"}],"wp:featuredmedia":[{"embeddable":true,"href":"https:\/\/www.romaoggi.eu\/index.php\/wp-json\/wp\/v2\/media\/42834"}],"wp:attachment":[{"href":"https:\/\/www.romaoggi.eu\/index.php\/wp-json\/wp\/v2\/media?parent=42831"}],"wp:term":[{"taxonomy":"category","embeddable":true,"href":"https:\/\/www.romaoggi.eu\/index.php\/wp-json\/wp\/v2\/categories?post=42831"},{"taxonomy":"post_tag","embeddable":true,"href":"https:\/\/www.romaoggi.eu\/index.php\/wp-json\/wp\/v2\/tags?post=42831"}],"curies":[{"name":"wp","href":"https:\/\/api.w.org\/{rel}","templated":true}]}}