{"id":42836,"date":"2026-05-01T16:33:20","date_gmt":"2026-05-01T14:33:20","guid":{"rendered":"https:\/\/www.romaoggi.eu\/?p=42836"},"modified":"2026-05-01T16:33:20","modified_gmt":"2026-05-01T14:33:20","slug":"incanta-il-nuovo-singolo-del-tenore-rino-scaturro-nellimmensita","status":"publish","type":"post","link":"https:\/\/www.romaoggi.eu\/index.php\/2026\/05\/01\/incanta-il-nuovo-singolo-del-tenore-rino-scaturro-nellimmensita\/","title":{"rendered":"Incanta il nuovo singolo del tenore Rino Scaturro &#8220;Nell&#8217;immensit\u00e0&#8221;"},"content":{"rendered":"<div dir=\"auto\" style=\"text-align: justify;\">\u00c8 uscito il nuovo attesissimo singolo del tenore torinese <strong>Rino Scaturro<\/strong>, artista gi\u00e0 noto al pubblico per la straordinaria qualit\u00e0 della sua voce e per la profonda passione che da sempre nutre nei confronti della musica. Il brano <strong>&#8220;NELL&#8217;IMMENSITA'&#8221;<\/strong>, pubblicato da <strong>Baracca e Pianoforte Edizioni,<\/strong> sta gi\u00e0 riscuotendo un notevole successo, conquistando ascoltatori e appassionati grazie al timbro caldo e avvolgente che contraddistingue il maestro.<\/div>\n<div dir=\"auto\" style=\"text-align: justify;\"><\/div>\n<div dir=\"auto\" style=\"text-align: justify;\">L\u2019interpretazione intensa e raffinata di Scaturro conferma ancora una volta il suo talento, capace di emozionare e coinvolgere fin dalle prime note. Il singolo si inserisce in un percorso artistico coerente e in continua crescita, che lo vede sempre pi\u00f9 protagonista della scena musicale.\u00a0 Un 2026 pieno di successi, i pi\u00f9 recenti alla <strong>BiennaleDiMilano<\/strong>\u00a0 2026 promossa da Salvo Nugnes, grande successo anche a Roma alla <strong>Festa Della Liberazione il 25 aprile<\/strong>\u00a0a Porta San Paolo.<\/div>\n<div dir=\"auto\" style=\"text-align: justify;\"><\/div>\n<div dir=\"auto\" style=\"text-align: justify;\">Grande attesa anche per il prossimo importante appuntamento: il tenore sar\u00e0 infatti ospite alla <a href=\"https:\/\/www.romaoggi.eu\/index.php\/2026\/04\/15\/padiglione-spoleto-a-venezia-8-11-maggio-pro-biennale\/\"><strong>Biennale di Venezia<\/strong><\/a> l&#8217;8 maggio, dove si esibir\u00e0 accanto a noti personaggi del panorama televisivo. L\u2019evento si terr\u00e0 nel cuore della citt\u00e0, presso <strong>l\u2019Hotel Amadeus<\/strong>, e si preannuncia come uno dei momenti pi\u00f9 prestigiosi della stagione.<\/div>\n<div dir=\"auto\" style=\"text-align: justify;\"><\/div>\n<div dir=\"auto\" style=\"text-align: justify;\">Un\u2019occasione imperdibile per il pubblico, che potr\u00e0 apprezzare dal vivo il talento di un artista capace di unire tecnica, espressivit\u00e0 e autentica passione per la musica.<\/div>\n<div dir=\"auto\" style=\"text-align: justify;\"><\/div>\n<p><iframe loading=\"lazy\"  style=\"display: block; margin: 0px auto;\"  id=\"_ytid_17573\"  width=\"480\" height=\"360\"  data-origwidth=\"480\" data-origheight=\"360\" src=\"https:\/\/www.youtube.com\/embed\/3NDj5gHyscs?enablejsapi=1&#038;autoplay=0&#038;cc_load_policy=0&#038;cc_lang_pref=&#038;iv_load_policy=1&#038;loop=0&#038;rel=1&#038;fs=1&#038;playsinline=0&#038;autohide=2&#038;theme=dark&#038;color=red&#038;controls=1&#038;disablekb=0&#038;\" class=\"__youtube_prefs__  epyt-is-override  no-lazyload\" title=\"YouTube player\"  allow=\"fullscreen; accelerometer; autoplay; clipboard-write; encrypted-media; gyroscope; picture-in-picture; web-share\" referrerpolicy=\"strict-origin-when-cross-origin\" allowfullscreen data-no-lazy=\"1\" data-skipgform_ajax_framebjll=\"\"><\/iframe><\/p>\n","protected":false},"excerpt":{"rendered":"<div class=\"mh-excerpt\"><p>\u00c8 uscito il nuovo attesissimo singolo del tenore torinese Rino Scaturro, artista gi\u00e0 noto al pubblico per la straordinaria qualit\u00e0 della sua voce e per la profonda passione che da sempre nutre nei confronti della <a class=\"mh-excerpt-more\" href=\"https:\/\/www.romaoggi.eu\/index.php\/2026\/05\/01\/incanta-il-nuovo-singolo-del-tenore-rino-scaturro-nellimmensita\/\" title=\"Incanta il nuovo singolo del tenore Rino Scaturro &#8220;Nell&#8217;immensit\u00e0&#8221;\">[&#8230;]<\/a><\/p>\n<\/div>","protected":false},"author":1,"featured_media":42840,"comment_status":"closed","ping_status":"open","sticky":false,"template":"","format":"standard","meta":{"_sitemap_exclude":false,"_sitemap_priority":"","_sitemap_frequency":"","footnotes":""},"categories":[2715],"tags":[3534,19431,1708,1100,1361,19430,19382,10441],"class_list":["post-42836","post","type-post","status-publish","format-standard","has-post-thumbnail","hentry","category-musica","tag-bel-canto","tag-biennale-di-milano","tag-biennale-di-venezia","tag-cantante","tag-lirica","tag-nellimmensita","tag-rino-scaturro","tag-salvo-nugnes"],"yoast_head":"<!-- This site is optimized with the Yoast SEO plugin v27.5 - https:\/\/yoast.com\/product\/yoast-seo-wordpress\/ -->\n<title>Incanta il nuovo singolo del tenore Rino Scaturro &quot;Nell&#039;immensit\u00e0&quot;<\/title>\n<meta name=\"description\" content=\"\u00c8 uscito il nuovo attesissimo singolo del tenore torinese Rino Scaturro, artista gi\u00e0 noto al pubblico per la straordinaria qualit\u00e0 della sua voce e per la\" \/>\n<meta name=\"robots\" content=\"index, follow, max-snippet:-1, max-image-preview:large, max-video-preview:-1\" \/>\n<link rel=\"canonical\" href=\"https:\/\/www.romaoggi.eu\/index.php\/2026\/05\/01\/incanta-il-nuovo-singolo-del-tenore-rino-scaturro-nellimmensita\/\" \/>\n<meta property=\"og:locale\" content=\"it_IT\" \/>\n<meta property=\"og:type\" content=\"article\" \/>\n<meta property=\"og:title\" content=\"Incanta il nuovo singolo del tenore Rino Scaturro &quot;Nell&#039;immensit\u00e0&quot;\" \/>\n<meta property=\"og:description\" content=\"\u00c8 uscito il nuovo attesissimo singolo del tenore torinese Rino Scaturro, artista gi\u00e0 noto al pubblico per la straordinaria qualit\u00e0 della sua voce e per la\" \/>\n<meta property=\"og:url\" content=\"https:\/\/www.romaoggi.eu\/index.php\/2026\/05\/01\/incanta-il-nuovo-singolo-del-tenore-rino-scaturro-nellimmensita\/\" \/>\n<meta property=\"og:site_name\" content=\"roma oggi\" \/>\n<meta property=\"article:publisher\" content=\"https:\/\/www.facebook.com\/RomaOggi-841544845954114\" \/>\n<meta property=\"article:published_time\" content=\"2026-05-01T14:33:20+00:00\" \/>\n<meta property=\"og:image\" content=\"https:\/\/www.romaoggi.eu\/wp-content\/uploads\/2026\/05\/hq720.jpg\" \/>\n\t<meta property=\"og:image:width\" content=\"686\" \/>\n\t<meta property=\"og:image:height\" content=\"386\" \/>\n\t<meta property=\"og:image:type\" content=\"image\/jpeg\" \/>\n<meta name=\"author\" content=\"admin\" \/>\n<meta name=\"twitter:card\" content=\"summary_large_image\" \/>\n<meta name=\"twitter:creator\" content=\"@romaoggi_eu\" \/>\n<meta name=\"twitter:site\" content=\"@romaoggi_eu\" \/>\n<meta name=\"twitter:label1\" content=\"Scritto da\" \/>\n\t<meta name=\"twitter:data1\" content=\"admin\" \/>\n\t<meta name=\"twitter:label2\" content=\"Tempo di lettura stimato\" \/>\n\t<meta name=\"twitter:data2\" content=\"2 minuti\" \/>\n<script type=\"application\/ld+json\" class=\"yoast-schema-graph\">{\"@context\":\"https:\\\/\\\/schema.org\",\"@graph\":[{\"@type\":\"Article\",\"@id\":\"https:\\\/\\\/www.romaoggi.eu\\\/index.php\\\/2026\\\/05\\\/01\\\/incanta-il-nuovo-singolo-del-tenore-rino-scaturro-nellimmensita\\\/#article\",\"isPartOf\":{\"@id\":\"https:\\\/\\\/www.romaoggi.eu\\\/index.php\\\/2026\\\/05\\\/01\\\/incanta-il-nuovo-singolo-del-tenore-rino-scaturro-nellimmensita\\\/\"},\"author\":{\"name\":\"admin\",\"@id\":\"https:\\\/\\\/www.romaoggi.eu\\\/#\\\/schema\\\/person\\\/9b23ceb6a2992a25e98c76a5f1fbb887\"},\"headline\":\"Incanta il nuovo singolo del tenore Rino Scaturro &#8220;Nell&#8217;immensit\u00e0&#8221;\",\"datePublished\":\"2026-05-01T14:33:20+00:00\",\"mainEntityOfPage\":{\"@id\":\"https:\\\/\\\/www.romaoggi.eu\\\/index.php\\\/2026\\\/05\\\/01\\\/incanta-il-nuovo-singolo-del-tenore-rino-scaturro-nellimmensita\\\/\"},\"wordCount\":235,\"publisher\":{\"@id\":\"https:\\\/\\\/www.romaoggi.eu\\\/#organization\"},\"image\":{\"@id\":\"https:\\\/\\\/www.romaoggi.eu\\\/index.php\\\/2026\\\/05\\\/01\\\/incanta-il-nuovo-singolo-del-tenore-rino-scaturro-nellimmensita\\\/#primaryimage\"},\"thumbnailUrl\":\"https:\\\/\\\/www.romaoggi.eu\\\/wp-content\\\/uploads\\\/2026\\\/05\\\/hq720.jpg\",\"keywords\":[\"Bel canto\",\"biennale di milano\",\"Biennale di Venezia\",\"cantante\",\"lirica\",\"nell'immensit\u00e0\",\"RINO SCATURRO\",\"salvo nugnes\"],\"articleSection\":[\"musica\"],\"inLanguage\":\"it-IT\"},{\"@type\":\"WebPage\",\"@id\":\"https:\\\/\\\/www.romaoggi.eu\\\/index.php\\\/2026\\\/05\\\/01\\\/incanta-il-nuovo-singolo-del-tenore-rino-scaturro-nellimmensita\\\/\",\"url\":\"https:\\\/\\\/www.romaoggi.eu\\\/index.php\\\/2026\\\/05\\\/01\\\/incanta-il-nuovo-singolo-del-tenore-rino-scaturro-nellimmensita\\\/\",\"name\":\"Incanta il nuovo singolo del tenore Rino Scaturro \\\"Nell'immensit\u00e0\\\"\",\"isPartOf\":{\"@id\":\"https:\\\/\\\/www.romaoggi.eu\\\/#website\"},\"primaryImageOfPage\":{\"@id\":\"https:\\\/\\\/www.romaoggi.eu\\\/index.php\\\/2026\\\/05\\\/01\\\/incanta-il-nuovo-singolo-del-tenore-rino-scaturro-nellimmensita\\\/#primaryimage\"},\"image\":{\"@id\":\"https:\\\/\\\/www.romaoggi.eu\\\/index.php\\\/2026\\\/05\\\/01\\\/incanta-il-nuovo-singolo-del-tenore-rino-scaturro-nellimmensita\\\/#primaryimage\"},\"thumbnailUrl\":\"https:\\\/\\\/www.romaoggi.eu\\\/wp-content\\\/uploads\\\/2026\\\/05\\\/hq720.jpg\",\"datePublished\":\"2026-05-01T14:33:20+00:00\",\"description\":\"\u00c8 uscito il nuovo attesissimo singolo del tenore torinese Rino Scaturro, artista gi\u00e0 noto al pubblico per la straordinaria qualit\u00e0 della sua voce e per la\",\"breadcrumb\":{\"@id\":\"https:\\\/\\\/www.romaoggi.eu\\\/index.php\\\/2026\\\/05\\\/01\\\/incanta-il-nuovo-singolo-del-tenore-rino-scaturro-nellimmensita\\\/#breadcrumb\"},\"inLanguage\":\"it-IT\",\"potentialAction\":[{\"@type\":\"ReadAction\",\"target\":[\"https:\\\/\\\/www.romaoggi.eu\\\/index.php\\\/2026\\\/05\\\/01\\\/incanta-il-nuovo-singolo-del-tenore-rino-scaturro-nellimmensita\\\/\"]}]},{\"@type\":\"ImageObject\",\"inLanguage\":\"it-IT\",\"@id\":\"https:\\\/\\\/www.romaoggi.eu\\\/index.php\\\/2026\\\/05\\\/01\\\/incanta-il-nuovo-singolo-del-tenore-rino-scaturro-nellimmensita\\\/#primaryimage\",\"url\":\"https:\\\/\\\/www.romaoggi.eu\\\/wp-content\\\/uploads\\\/2026\\\/05\\\/hq720.jpg\",\"contentUrl\":\"https:\\\/\\\/www.romaoggi.eu\\\/wp-content\\\/uploads\\\/2026\\\/05\\\/hq720.jpg\",\"width\":686,\"height\":386,\"caption\":\"alt tag rino scaturro\"},{\"@type\":\"BreadcrumbList\",\"@id\":\"https:\\\/\\\/www.romaoggi.eu\\\/index.php\\\/2026\\\/05\\\/01\\\/incanta-il-nuovo-singolo-del-tenore-rino-scaturro-nellimmensita\\\/#breadcrumb\",\"itemListElement\":[{\"@type\":\"ListItem\",\"position\":1,\"name\":\"Home\",\"item\":\"https:\\\/\\\/www.romaoggi.eu\\\/\"},{\"@type\":\"ListItem\",\"position\":2,\"name\":\"Incanta il nuovo singolo del tenore Rino Scaturro &#8220;Nell&#8217;immensit\u00e0&#8221;\"}]},{\"@type\":\"WebSite\",\"@id\":\"https:\\\/\\\/www.romaoggi.eu\\\/#website\",\"url\":\"https:\\\/\\\/www.romaoggi.eu\\\/\",\"name\":\"roma oggi\",\"description\":\"Interesting News for Interesting people\",\"publisher\":{\"@id\":\"https:\\\/\\\/www.romaoggi.eu\\\/#organization\"},\"potentialAction\":[{\"@type\":\"SearchAction\",\"target\":{\"@type\":\"EntryPoint\",\"urlTemplate\":\"https:\\\/\\\/www.romaoggi.eu\\\/?s={search_term_string}\"},\"query-input\":{\"@type\":\"PropertyValueSpecification\",\"valueRequired\":true,\"valueName\":\"search_term_string\"}}],\"inLanguage\":\"it-IT\"},{\"@type\":\"Organization\",\"@id\":\"https:\\\/\\\/www.romaoggi.eu\\\/#organization\",\"name\":\"RomaOggi\",\"url\":\"https:\\\/\\\/www.romaoggi.eu\\\/\",\"logo\":{\"@type\":\"ImageObject\",\"inLanguage\":\"it-IT\",\"@id\":\"https:\\\/\\\/www.romaoggi.eu\\\/#\\\/schema\\\/logo\\\/image\\\/\",\"url\":\"https:\\\/\\\/www.romaoggi.eu\\\/wp-content\\\/uploads\\\/2017\\\/04\\\/logowp.jpg\",\"contentUrl\":\"https:\\\/\\\/www.romaoggi.eu\\\/wp-content\\\/uploads\\\/2017\\\/04\\\/logowp.jpg\",\"width\":300,\"height\":133,\"caption\":\"RomaOggi\"},\"image\":{\"@id\":\"https:\\\/\\\/www.romaoggi.eu\\\/#\\\/schema\\\/logo\\\/image\\\/\"},\"sameAs\":[\"https:\\\/\\\/www.facebook.com\\\/RomaOggi-841544845954114\",\"https:\\\/\\\/x.com\\\/romaoggi_eu\"]},{\"@type\":\"Person\",\"@id\":\"https:\\\/\\\/www.romaoggi.eu\\\/#\\\/schema\\\/person\\\/9b23ceb6a2992a25e98c76a5f1fbb887\",\"name\":\"admin\",\"image\":{\"@type\":\"ImageObject\",\"inLanguage\":\"it-IT\",\"@id\":\"https:\\\/\\\/secure.gravatar.com\\\/avatar\\\/51b1e0a1f4159e3b5d89435fce5e1a348d6c59e2ff8c2d428dae75560aace504?s=96&d=mm&r=g\",\"url\":\"https:\\\/\\\/secure.gravatar.com\\\/avatar\\\/51b1e0a1f4159e3b5d89435fce5e1a348d6c59e2ff8c2d428dae75560aace504?s=96&d=mm&r=g\",\"contentUrl\":\"https:\\\/\\\/secure.gravatar.com\\\/avatar\\\/51b1e0a1f4159e3b5d89435fce5e1a348d6c59e2ff8c2d428dae75560aace504?s=96&d=mm&r=g\",\"caption\":\"admin\"},\"url\":\"https:\\\/\\\/www.romaoggi.eu\\\/index.php\\\/author\\\/admin\\\/\"}]}<\/script>\n<!-- \/ Yoast SEO plugin. -->","yoast_head_json":{"title":"Incanta il nuovo singolo del tenore Rino Scaturro \"Nell'immensit\u00e0\"","description":"\u00c8 uscito il nuovo attesissimo singolo del tenore torinese Rino Scaturro, artista gi\u00e0 noto al pubblico per la straordinaria qualit\u00e0 della sua voce e per la","robots":{"index":"index","follow":"follow","max-snippet":"max-snippet:-1","max-image-preview":"max-image-preview:large","max-video-preview":"max-video-preview:-1"},"canonical":"https:\/\/www.romaoggi.eu\/index.php\/2026\/05\/01\/incanta-il-nuovo-singolo-del-tenore-rino-scaturro-nellimmensita\/","og_locale":"it_IT","og_type":"article","og_title":"Incanta il nuovo singolo del tenore Rino Scaturro \"Nell'immensit\u00e0\"","og_description":"\u00c8 uscito il nuovo attesissimo singolo del tenore torinese Rino Scaturro, artista gi\u00e0 noto al pubblico per la straordinaria qualit\u00e0 della sua voce e per la","og_url":"https:\/\/www.romaoggi.eu\/index.php\/2026\/05\/01\/incanta-il-nuovo-singolo-del-tenore-rino-scaturro-nellimmensita\/","og_site_name":"roma oggi","article_publisher":"https:\/\/www.facebook.com\/RomaOggi-841544845954114","article_published_time":"2026-05-01T14:33:20+00:00","og_image":[{"width":686,"height":386,"url":"https:\/\/www.romaoggi.eu\/wp-content\/uploads\/2026\/05\/hq720.jpg","type":"image\/jpeg"}],"author":"admin","twitter_card":"summary_large_image","twitter_creator":"@romaoggi_eu","twitter_site":"@romaoggi_eu","twitter_misc":{"Scritto da":"admin","Tempo di lettura stimato":"2 minuti"},"schema":{"@context":"https:\/\/schema.org","@graph":[{"@type":"Article","@id":"https:\/\/www.romaoggi.eu\/index.php\/2026\/05\/01\/incanta-il-nuovo-singolo-del-tenore-rino-scaturro-nellimmensita\/#article","isPartOf":{"@id":"https:\/\/www.romaoggi.eu\/index.php\/2026\/05\/01\/incanta-il-nuovo-singolo-del-tenore-rino-scaturro-nellimmensita\/"},"author":{"name":"admin","@id":"https:\/\/www.romaoggi.eu\/#\/schema\/person\/9b23ceb6a2992a25e98c76a5f1fbb887"},"headline":"Incanta il nuovo singolo del tenore Rino Scaturro &#8220;Nell&#8217;immensit\u00e0&#8221;","datePublished":"2026-05-01T14:33:20+00:00","mainEntityOfPage":{"@id":"https:\/\/www.romaoggi.eu\/index.php\/2026\/05\/01\/incanta-il-nuovo-singolo-del-tenore-rino-scaturro-nellimmensita\/"},"wordCount":235,"publisher":{"@id":"https:\/\/www.romaoggi.eu\/#organization"},"image":{"@id":"https:\/\/www.romaoggi.eu\/index.php\/2026\/05\/01\/incanta-il-nuovo-singolo-del-tenore-rino-scaturro-nellimmensita\/#primaryimage"},"thumbnailUrl":"https:\/\/www.romaoggi.eu\/wp-content\/uploads\/2026\/05\/hq720.jpg","keywords":["Bel canto","biennale di milano","Biennale di Venezia","cantante","lirica","nell'immensit\u00e0","RINO SCATURRO","salvo nugnes"],"articleSection":["musica"],"inLanguage":"it-IT"},{"@type":"WebPage","@id":"https:\/\/www.romaoggi.eu\/index.php\/2026\/05\/01\/incanta-il-nuovo-singolo-del-tenore-rino-scaturro-nellimmensita\/","url":"https:\/\/www.romaoggi.eu\/index.php\/2026\/05\/01\/incanta-il-nuovo-singolo-del-tenore-rino-scaturro-nellimmensita\/","name":"Incanta il nuovo singolo del tenore Rino Scaturro \"Nell'immensit\u00e0\"","isPartOf":{"@id":"https:\/\/www.romaoggi.eu\/#website"},"primaryImageOfPage":{"@id":"https:\/\/www.romaoggi.eu\/index.php\/2026\/05\/01\/incanta-il-nuovo-singolo-del-tenore-rino-scaturro-nellimmensita\/#primaryimage"},"image":{"@id":"https:\/\/www.romaoggi.eu\/index.php\/2026\/05\/01\/incanta-il-nuovo-singolo-del-tenore-rino-scaturro-nellimmensita\/#primaryimage"},"thumbnailUrl":"https:\/\/www.romaoggi.eu\/wp-content\/uploads\/2026\/05\/hq720.jpg","datePublished":"2026-05-01T14:33:20+00:00","description":"\u00c8 uscito il nuovo attesissimo singolo del tenore torinese Rino Scaturro, artista gi\u00e0 noto al pubblico per la straordinaria qualit\u00e0 della sua voce e per la","breadcrumb":{"@id":"https:\/\/www.romaoggi.eu\/index.php\/2026\/05\/01\/incanta-il-nuovo-singolo-del-tenore-rino-scaturro-nellimmensita\/#breadcrumb"},"inLanguage":"it-IT","potentialAction":[{"@type":"ReadAction","target":["https:\/\/www.romaoggi.eu\/index.php\/2026\/05\/01\/incanta-il-nuovo-singolo-del-tenore-rino-scaturro-nellimmensita\/"]}]},{"@type":"ImageObject","inLanguage":"it-IT","@id":"https:\/\/www.romaoggi.eu\/index.php\/2026\/05\/01\/incanta-il-nuovo-singolo-del-tenore-rino-scaturro-nellimmensita\/#primaryimage","url":"https:\/\/www.romaoggi.eu\/wp-content\/uploads\/2026\/05\/hq720.jpg","contentUrl":"https:\/\/www.romaoggi.eu\/wp-content\/uploads\/2026\/05\/hq720.jpg","width":686,"height":386,"caption":"alt tag rino scaturro"},{"@type":"BreadcrumbList","@id":"https:\/\/www.romaoggi.eu\/index.php\/2026\/05\/01\/incanta-il-nuovo-singolo-del-tenore-rino-scaturro-nellimmensita\/#breadcrumb","itemListElement":[{"@type":"ListItem","position":1,"name":"Home","item":"https:\/\/www.romaoggi.eu\/"},{"@type":"ListItem","position":2,"name":"Incanta il nuovo singolo del tenore Rino Scaturro &#8220;Nell&#8217;immensit\u00e0&#8221;"}]},{"@type":"WebSite","@id":"https:\/\/www.romaoggi.eu\/#website","url":"https:\/\/www.romaoggi.eu\/","name":"roma oggi","description":"Interesting News for Interesting people","publisher":{"@id":"https:\/\/www.romaoggi.eu\/#organization"},"potentialAction":[{"@type":"SearchAction","target":{"@type":"EntryPoint","urlTemplate":"https:\/\/www.romaoggi.eu\/?s={search_term_string}"},"query-input":{"@type":"PropertyValueSpecification","valueRequired":true,"valueName":"search_term_string"}}],"inLanguage":"it-IT"},{"@type":"Organization","@id":"https:\/\/www.romaoggi.eu\/#organization","name":"RomaOggi","url":"https:\/\/www.romaoggi.eu\/","logo":{"@type":"ImageObject","inLanguage":"it-IT","@id":"https:\/\/www.romaoggi.eu\/#\/schema\/logo\/image\/","url":"https:\/\/www.romaoggi.eu\/wp-content\/uploads\/2017\/04\/logowp.jpg","contentUrl":"https:\/\/www.romaoggi.eu\/wp-content\/uploads\/2017\/04\/logowp.jpg","width":300,"height":133,"caption":"RomaOggi"},"image":{"@id":"https:\/\/www.romaoggi.eu\/#\/schema\/logo\/image\/"},"sameAs":["https:\/\/www.facebook.com\/RomaOggi-841544845954114","https:\/\/x.com\/romaoggi_eu"]},{"@type":"Person","@id":"https:\/\/www.romaoggi.eu\/#\/schema\/person\/9b23ceb6a2992a25e98c76a5f1fbb887","name":"admin","image":{"@type":"ImageObject","inLanguage":"it-IT","@id":"https:\/\/secure.gravatar.com\/avatar\/51b1e0a1f4159e3b5d89435fce5e1a348d6c59e2ff8c2d428dae75560aace504?s=96&d=mm&r=g","url":"https:\/\/secure.gravatar.com\/avatar\/51b1e0a1f4159e3b5d89435fce5e1a348d6c59e2ff8c2d428dae75560aace504?s=96&d=mm&r=g","contentUrl":"https:\/\/secure.gravatar.com\/avatar\/51b1e0a1f4159e3b5d89435fce5e1a348d6c59e2ff8c2d428dae75560aace504?s=96&d=mm&r=g","caption":"admin"},"url":"https:\/\/www.romaoggi.eu\/index.php\/author\/admin\/"}]}},"_links":{"self":[{"href":"https:\/\/www.romaoggi.eu\/index.php\/wp-json\/wp\/v2\/posts\/42836","targetHints":{"allow":["GET"]}}],"collection":[{"href":"https:\/\/www.romaoggi.eu\/index.php\/wp-json\/wp\/v2\/posts"}],"about":[{"href":"https:\/\/www.romaoggi.eu\/index.php\/wp-json\/wp\/v2\/types\/post"}],"author":[{"embeddable":true,"href":"https:\/\/www.romaoggi.eu\/index.php\/wp-json\/wp\/v2\/users\/1"}],"replies":[{"embeddable":true,"href":"https:\/\/www.romaoggi.eu\/index.php\/wp-json\/wp\/v2\/comments?post=42836"}],"version-history":[{"count":5,"href":"https:\/\/www.romaoggi.eu\/index.php\/wp-json\/wp\/v2\/posts\/42836\/revisions"}],"predecessor-version":[{"id":42838,"href":"https:\/\/www.romaoggi.eu\/index.php\/wp-json\/wp\/v2\/posts\/42836\/revisions\/42838"}],"wp:featuredmedia":[{"embeddable":true,"href":"https:\/\/www.romaoggi.eu\/index.php\/wp-json\/wp\/v2\/media\/42840"}],"wp:attachment":[{"href":"https:\/\/www.romaoggi.eu\/index.php\/wp-json\/wp\/v2\/media?parent=42836"}],"wp:term":[{"taxonomy":"category","embeddable":true,"href":"https:\/\/www.romaoggi.eu\/index.php\/wp-json\/wp\/v2\/categories?post=42836"},{"taxonomy":"post_tag","embeddable":true,"href":"https:\/\/www.romaoggi.eu\/index.php\/wp-json\/wp\/v2\/tags?post=42836"}],"curies":[{"name":"wp","href":"https:\/\/api.w.org\/{rel}","templated":true}]}}