{"id":4497,"date":"2016-10-17T15:42:56","date_gmt":"2016-10-17T13:42:56","guid":{"rendered":"http:\/\/www.romaoggi.eu\/?p=4497"},"modified":"2016-10-17T16:00:46","modified_gmt":"2016-10-17T14:00:46","slug":"jimmy-ingrassia-sotto-piedi-dei-giganti","status":"publish","type":"post","link":"https:\/\/www.romaoggi.eu\/index.php\/2016\/10\/17\/jimmy-ingrassia-sotto-piedi-dei-giganti\/","title":{"rendered":"Jimmy Ingrassia presenta Sotto i piedi dei giganti al Billions di Roma"},"content":{"rendered":"<p><b>Meritato successo per Jimmy Ingrassia, talentuoso cantautore ed interprete noto nel panorama artistico della capitale, \u00a0per la serata di presentazione dell&#8217; album &#8220;Sotto i piedi dei giganti&#8221; il 15 ottobre 2016\u00a0al Billions di Roma<\/b><\/p>\n<p style=\"text-align: justify;\">\u201c<b>Sotto i piedi dei giganti<\/b>\u201d racchiude 13 tracce che spaziano tra canzoni di protesta, brani ironici e ballad, mettendo in luce la versatilit\u00e0 e le doti artistiche di<b> Jimmy<\/b>.\u00a0<span style=\"font-weight: 400;\">Gi\u00e0 \u00a0un successo\u00a0<\/span>in radio in onda da venerd\u00ec 7 ottobre<span style=\"font-weight: 400;\"> \u201c<\/span><b>Alza la bandiera<\/b><span style=\"font-weight: 400;\">\u201d, il singolo di <\/span><b>Jimmy Ingrassia,\u00a0<a href=\"http:\/\/www.jimmyingrassia.it\/\">http:\/\/www.jimmyingrassia.it\/<\/a>,<\/b><span style=\"font-weight: 400;\"> che anticipava il <\/span>nuovo album<b> <\/b><span style=\"font-weight: 400;\">dell\u2019artista \u201c<\/span><b>Sotto i piedi dei giganti<\/b><span style=\"font-weight: 400;\">\u201d (<strong>Steel Rose Records<\/strong>),\u00a0<\/span><span style=\"font-weight: 400;\">\u00a0parla di giustizia, parit\u00e0 e dignit\u00e0. Una bandiera bianca segno di resa ma che \u00e8 al tempo stesso simbolo di una protesta libera da ogni colore politico: &#8220;<\/span><i><span style=\"font-weight: 400;\">Ci hanno messo le ali ma strisciamo per terra &#8211;<\/span><\/i><span style=\"font-weight: 400;\">canta Jimmy Ingrassia<\/span><i><span style=\"font-weight: 400;\">&#8211; ci hanno dato un domani di sogni e speranze che fanno la guerra\/Io non voglio restare silenzioso a guardare\/brindiamo alla vita, guardiamo alla vita, a che cosa \u00e8 davvero\/Politicanti dai grandi discorsi\/la dignit\u00e0 non prevede rimborsi<\/span><\/i><span style=\"font-weight: 400;\">\u201d.<\/span><\/p>\n<figure id=\"attachment_4503\" aria-describedby=\"caption-attachment-4503\" style=\"width: 200px\" class=\"wp-caption alignleft\"><img loading=\"lazy\" decoding=\"async\" class=\"wp-image-4503 size-medium\" src=\"https:\/\/www.romaoggi.eu\/wp-content\/uploads\/2016\/10\/JimmyIngrassia_1b-200x300.jpg\" alt=\"jimmy ingrassia \" width=\"200\" height=\"300\" srcset=\"https:\/\/www.romaoggi.eu\/wp-content\/uploads\/2016\/10\/JimmyIngrassia_1b-200x300.jpg 200w, https:\/\/www.romaoggi.eu\/wp-content\/uploads\/2016\/10\/JimmyIngrassia_1b-683x1024.jpg 683w, https:\/\/www.romaoggi.eu\/wp-content\/uploads\/2016\/10\/JimmyIngrassia_1b.jpg 1095w\" sizes=\"auto, (max-width: 200px) 100vw, 200px\" \/><figcaption id=\"caption-attachment-4503\" class=\"wp-caption-text\">Jimmy Ingrassia<\/figcaption><\/figure>\n<p style=\"text-align: justify;\"><span style=\"font-weight: 400;\">Il brano scritto da <strong>Salvatore Mineo<\/strong>\u00a0autore per importanti interpreti del panorama nazionale, \u00e8 stato arrangiato da <strong>Valerio Calisse<\/strong> e mixato da <strong>Mauro Laficara<\/strong>, che vantano collaborazioni con artisti del calibro di David Foster, Sting, Andrea Bocelli e tanti altri.<\/span><\/p>\n<p style=\"text-align: justify;\"><span style=\"font-weight: 400;\">Il singolo \u00e8 accompagnato dal <\/span><b>videoclip<\/b><span style=\"font-weight: 400;\"> diretto da <\/span><b>Marco Gallo<\/b><span style=\"font-weight: 400;\"> per <strong>Imago Artwork, <\/strong><\/span><span style=\"font-weight: 400;\">\u00a0<\/span><span style=\"font-weight: 400;\">immagini in cui si intrecciano storie di quotidiana disillusione, di operai e artigiani che si destreggiano in un mondo in costante affanno in un universo quotidiano lontano un abisso dagli echi della politica. Ma la speranza \u00e8 viva negli sguardi dei bambini e nelle loro bandiere bianche che si alzano al vento, con la loro protesta e i loro sogni per il futuro.<\/span><\/p>\n<p style=\"text-align: justify;\">A\u00a0<strong>Jimmy Ingrassia<\/strong> abbiamo chiesto:<\/p>\n<p style=\"text-align: justify;\"><strong>Che cosa\u00a0racconta &#8220;Alza la bandiera&#8221;?<\/strong>\u00a0 &#8220;<em>E&#8217; un album di protesta, io trovo che in Italia ci siano troppe ingiustizie, ci sono figli e figliastri, c&#8217;\u00e8 una casta politica e poi c&#8217;\u00e8 il cittadino che tenta di andare avanti, io non ho ricette per risolvere la situazione ma vorrei scuotere le coscienze e far riflettere la gente grazie alle mie canzoni e sperare che venga accolta la mia proposta di bandiera bianca, apolitica, un invito alla resa ma anche un punto di ripartenza e di speranza, per un futuro migliore<\/em>&#8220;.<\/p>\n<p style=\"text-align: justify;\"><b>\u00a0\u00a0<\/b><\/p>\n<p style=\"text-align: justify;\">articolo di Antonietta Di Vizia<\/p>\n<p>&nbsp;<\/p>\n<p><iframe loading=\"lazy\"  style=\"display: block; margin: 0px auto;\"  id=\"_ytid_29331\"  width=\"480\" height=\"270\"  data-origwidth=\"480\" data-origheight=\"270\" src=\"https:\/\/www.youtube.com\/embed\/22hEGLlTLN0?enablejsapi=1&#038;autoplay=0&#038;cc_load_policy=0&#038;cc_lang_pref=&#038;iv_load_policy=1&#038;loop=0&#038;rel=1&#038;fs=1&#038;playsinline=0&#038;autohide=2&#038;theme=dark&#038;color=red&#038;controls=1&#038;disablekb=0&#038;\" class=\"__youtube_prefs__  epyt-is-override  no-lazyload\" title=\"YouTube player\"  allow=\"fullscreen; accelerometer; autoplay; clipboard-write; encrypted-media; gyroscope; picture-in-picture; web-share\" referrerpolicy=\"strict-origin-when-cross-origin\" allowfullscreen data-no-lazy=\"1\" data-skipgform_ajax_framebjll=\"\"><\/iframe><\/p>\n<p>&nbsp;<\/p>\n","protected":false},"excerpt":{"rendered":"<div class=\"mh-excerpt\"><p>Meritato successo per Jimmy Ingrassia, talentuoso cantautore ed interprete noto nel panorama artistico della capitale, \u00a0per la serata di presentazione dell&#8217; album &#8220;Sotto i piedi dei giganti&#8221; il 15 ottobre 2016\u00a0al Billions di Roma \u201cSotto <a class=\"mh-excerpt-more\" href=\"https:\/\/www.romaoggi.eu\/index.php\/2016\/10\/17\/jimmy-ingrassia-sotto-piedi-dei-giganti\/\" title=\"Jimmy Ingrassia presenta Sotto i piedi dei giganti al Billions di Roma\">[&#8230;]<\/a><\/p>\n<\/div>","protected":false},"author":3,"featured_media":4502,"comment_status":"open","ping_status":"open","sticky":false,"template":"","format":"standard","meta":{"_sitemap_exclude":false,"_sitemap_priority":"","_sitemap_frequency":"","footnotes":""},"categories":[3],"tags":[3351,3352,3358,3350,3355,3356,3357,3353,3354],"class_list":["post-4497","post","type-post","status-publish","format-standard","has-post-thumbnail","hentry","category-eventi","tag-alza-la-bandiera","tag-billions","tag-imago-artwork","tag-jimmy-ingrassia","tag-marco-gallo","tag-mauro-laficara","tag-salvatore-mineo","tag-sotto-i-piedi-dei-giganti","tag-valerio-calisse"],"yoast_head":"<!-- This site is optimized with the Yoast SEO plugin v27.5 - https:\/\/yoast.com\/product\/yoast-seo-wordpress\/ -->\n<title>Jimmy Ingrassia presenta Sotto i piedi dei giganti al Billions di Roma<\/title>\n<meta name=\"description\" content=\"Jimmy Ingrassia \u201cSotto i piedi dei giganti\u201d racchiude 13 tracce che spaziano tra canzoni di protesta, brani ironici e ballad\" \/>\n<meta name=\"robots\" content=\"index, follow, max-snippet:-1, max-image-preview:large, max-video-preview:-1\" \/>\n<link rel=\"canonical\" href=\"https:\/\/www.romaoggi.eu\/index.php\/2016\/10\/17\/jimmy-ingrassia-sotto-piedi-dei-giganti\/\" \/>\n<meta property=\"og:locale\" content=\"it_IT\" \/>\n<meta property=\"og:type\" content=\"article\" \/>\n<meta property=\"og:title\" content=\"Jimmy Ingrassia presenta Sotto i piedi dei giganti al Billions di Roma\" \/>\n<meta property=\"og:description\" content=\"Jimmy Ingrassia \u201cSotto i piedi dei giganti\u201d racchiude 13 tracce che spaziano tra canzoni di protesta, brani ironici e ballad\" \/>\n<meta property=\"og:url\" content=\"https:\/\/www.romaoggi.eu\/index.php\/2016\/10\/17\/jimmy-ingrassia-sotto-piedi-dei-giganti\/\" \/>\n<meta property=\"og:site_name\" content=\"roma oggi\" \/>\n<meta property=\"article:publisher\" content=\"https:\/\/www.facebook.com\/RomaOggi-841544845954114\" \/>\n<meta property=\"article:published_time\" content=\"2016-10-17T13:42:56+00:00\" \/>\n<meta property=\"article:modified_time\" content=\"2016-10-17T14:00:46+00:00\" \/>\n<meta property=\"og:image\" content=\"https:\/\/www.romaoggi.eu\/wp-content\/uploads\/2016\/10\/piccola.jpg\" \/>\n\t<meta property=\"og:image:width\" content=\"893\" \/>\n\t<meta property=\"og:image:height\" content=\"737\" \/>\n\t<meta property=\"og:image:type\" content=\"image\/jpeg\" \/>\n<meta name=\"author\" content=\"Antonietta Di Vizia\" \/>\n<meta name=\"twitter:card\" content=\"summary_large_image\" \/>\n<meta name=\"twitter:creator\" content=\"@romaoggi_eu\" \/>\n<meta name=\"twitter:site\" content=\"@romaoggi_eu\" \/>\n<meta name=\"twitter:label1\" content=\"Scritto da\" \/>\n\t<meta name=\"twitter:data1\" content=\"Antonietta Di Vizia\" \/>\n\t<meta name=\"twitter:label2\" content=\"Tempo di lettura stimato\" \/>\n\t<meta name=\"twitter:data2\" content=\"2 minuti\" \/>\n<script type=\"application\/ld+json\" class=\"yoast-schema-graph\">{\"@context\":\"https:\\\/\\\/schema.org\",\"@graph\":[{\"@type\":\"Article\",\"@id\":\"https:\\\/\\\/www.romaoggi.eu\\\/index.php\\\/2016\\\/10\\\/17\\\/jimmy-ingrassia-sotto-piedi-dei-giganti\\\/#article\",\"isPartOf\":{\"@id\":\"https:\\\/\\\/www.romaoggi.eu\\\/index.php\\\/2016\\\/10\\\/17\\\/jimmy-ingrassia-sotto-piedi-dei-giganti\\\/\"},\"author\":{\"name\":\"Antonietta Di Vizia\",\"@id\":\"https:\\\/\\\/www.romaoggi.eu\\\/#\\\/schema\\\/person\\\/c8ca1fb64b5506391fff5f822a866c23\"},\"headline\":\"Jimmy Ingrassia presenta Sotto i piedi dei giganti al Billions di Roma\",\"datePublished\":\"2016-10-17T13:42:56+00:00\",\"dateModified\":\"2016-10-17T14:00:46+00:00\",\"mainEntityOfPage\":{\"@id\":\"https:\\\/\\\/www.romaoggi.eu\\\/index.php\\\/2016\\\/10\\\/17\\\/jimmy-ingrassia-sotto-piedi-dei-giganti\\\/\"},\"wordCount\":417,\"commentCount\":0,\"publisher\":{\"@id\":\"https:\\\/\\\/www.romaoggi.eu\\\/#organization\"},\"image\":{\"@id\":\"https:\\\/\\\/www.romaoggi.eu\\\/index.php\\\/2016\\\/10\\\/17\\\/jimmy-ingrassia-sotto-piedi-dei-giganti\\\/#primaryimage\"},\"thumbnailUrl\":\"https:\\\/\\\/www.romaoggi.eu\\\/wp-content\\\/uploads\\\/2016\\\/10\\\/piccola.jpg\",\"keywords\":[\"alza la bandiera\",\"billions\",\"Imago Artwork\",\"Jimmy ingrassia\",\"Marco Gallo\",\"Mauro Laficara\",\"Salvatore Mineo\",\"Sotto i piedi dei giganti\",\"Valerio Calisse\"],\"articleSection\":[\"Eventi\"],\"inLanguage\":\"it-IT\",\"potentialAction\":[{\"@type\":\"CommentAction\",\"name\":\"Comment\",\"target\":[\"https:\\\/\\\/www.romaoggi.eu\\\/index.php\\\/2016\\\/10\\\/17\\\/jimmy-ingrassia-sotto-piedi-dei-giganti\\\/#respond\"]}]},{\"@type\":\"WebPage\",\"@id\":\"https:\\\/\\\/www.romaoggi.eu\\\/index.php\\\/2016\\\/10\\\/17\\\/jimmy-ingrassia-sotto-piedi-dei-giganti\\\/\",\"url\":\"https:\\\/\\\/www.romaoggi.eu\\\/index.php\\\/2016\\\/10\\\/17\\\/jimmy-ingrassia-sotto-piedi-dei-giganti\\\/\",\"name\":\"Jimmy Ingrassia presenta Sotto i piedi dei giganti al Billions di Roma\",\"isPartOf\":{\"@id\":\"https:\\\/\\\/www.romaoggi.eu\\\/#website\"},\"primaryImageOfPage\":{\"@id\":\"https:\\\/\\\/www.romaoggi.eu\\\/index.php\\\/2016\\\/10\\\/17\\\/jimmy-ingrassia-sotto-piedi-dei-giganti\\\/#primaryimage\"},\"image\":{\"@id\":\"https:\\\/\\\/www.romaoggi.eu\\\/index.php\\\/2016\\\/10\\\/17\\\/jimmy-ingrassia-sotto-piedi-dei-giganti\\\/#primaryimage\"},\"thumbnailUrl\":\"https:\\\/\\\/www.romaoggi.eu\\\/wp-content\\\/uploads\\\/2016\\\/10\\\/piccola.jpg\",\"datePublished\":\"2016-10-17T13:42:56+00:00\",\"dateModified\":\"2016-10-17T14:00:46+00:00\",\"description\":\"Jimmy Ingrassia \u201cSotto i piedi dei giganti\u201d racchiude 13 tracce che spaziano tra canzoni di protesta, brani ironici e ballad\",\"breadcrumb\":{\"@id\":\"https:\\\/\\\/www.romaoggi.eu\\\/index.php\\\/2016\\\/10\\\/17\\\/jimmy-ingrassia-sotto-piedi-dei-giganti\\\/#breadcrumb\"},\"inLanguage\":\"it-IT\",\"potentialAction\":[{\"@type\":\"ReadAction\",\"target\":[\"https:\\\/\\\/www.romaoggi.eu\\\/index.php\\\/2016\\\/10\\\/17\\\/jimmy-ingrassia-sotto-piedi-dei-giganti\\\/\"]}]},{\"@type\":\"ImageObject\",\"inLanguage\":\"it-IT\",\"@id\":\"https:\\\/\\\/www.romaoggi.eu\\\/index.php\\\/2016\\\/10\\\/17\\\/jimmy-ingrassia-sotto-piedi-dei-giganti\\\/#primaryimage\",\"url\":\"https:\\\/\\\/www.romaoggi.eu\\\/wp-content\\\/uploads\\\/2016\\\/10\\\/piccola.jpg\",\"contentUrl\":\"https:\\\/\\\/www.romaoggi.eu\\\/wp-content\\\/uploads\\\/2016\\\/10\\\/piccola.jpg\",\"width\":893,\"height\":737},{\"@type\":\"BreadcrumbList\",\"@id\":\"https:\\\/\\\/www.romaoggi.eu\\\/index.php\\\/2016\\\/10\\\/17\\\/jimmy-ingrassia-sotto-piedi-dei-giganti\\\/#breadcrumb\",\"itemListElement\":[{\"@type\":\"ListItem\",\"position\":1,\"name\":\"Home\",\"item\":\"https:\\\/\\\/www.romaoggi.eu\\\/\"},{\"@type\":\"ListItem\",\"position\":2,\"name\":\"Jimmy Ingrassia presenta Sotto i piedi dei giganti al Billions di Roma\"}]},{\"@type\":\"WebSite\",\"@id\":\"https:\\\/\\\/www.romaoggi.eu\\\/#website\",\"url\":\"https:\\\/\\\/www.romaoggi.eu\\\/\",\"name\":\"roma oggi\",\"description\":\"Interesting News for Interesting people\",\"publisher\":{\"@id\":\"https:\\\/\\\/www.romaoggi.eu\\\/#organization\"},\"potentialAction\":[{\"@type\":\"SearchAction\",\"target\":{\"@type\":\"EntryPoint\",\"urlTemplate\":\"https:\\\/\\\/www.romaoggi.eu\\\/?s={search_term_string}\"},\"query-input\":{\"@type\":\"PropertyValueSpecification\",\"valueRequired\":true,\"valueName\":\"search_term_string\"}}],\"inLanguage\":\"it-IT\"},{\"@type\":\"Organization\",\"@id\":\"https:\\\/\\\/www.romaoggi.eu\\\/#organization\",\"name\":\"RomaOggi\",\"url\":\"https:\\\/\\\/www.romaoggi.eu\\\/\",\"logo\":{\"@type\":\"ImageObject\",\"inLanguage\":\"it-IT\",\"@id\":\"https:\\\/\\\/www.romaoggi.eu\\\/#\\\/schema\\\/logo\\\/image\\\/\",\"url\":\"https:\\\/\\\/www.romaoggi.eu\\\/wp-content\\\/uploads\\\/2017\\\/04\\\/logowp.jpg\",\"contentUrl\":\"https:\\\/\\\/www.romaoggi.eu\\\/wp-content\\\/uploads\\\/2017\\\/04\\\/logowp.jpg\",\"width\":300,\"height\":133,\"caption\":\"RomaOggi\"},\"image\":{\"@id\":\"https:\\\/\\\/www.romaoggi.eu\\\/#\\\/schema\\\/logo\\\/image\\\/\"},\"sameAs\":[\"https:\\\/\\\/www.facebook.com\\\/RomaOggi-841544845954114\",\"https:\\\/\\\/x.com\\\/romaoggi_eu\"]},{\"@type\":\"Person\",\"@id\":\"https:\\\/\\\/www.romaoggi.eu\\\/#\\\/schema\\\/person\\\/c8ca1fb64b5506391fff5f822a866c23\",\"name\":\"Antonietta Di Vizia\",\"image\":{\"@type\":\"ImageObject\",\"inLanguage\":\"it-IT\",\"@id\":\"https:\\\/\\\/secure.gravatar.com\\\/avatar\\\/2ad571aa3fbfe3089b06ed5617adf58717b9359c0c97cf9b52804fb2dac293f2?s=96&d=mm&r=g\",\"url\":\"https:\\\/\\\/secure.gravatar.com\\\/avatar\\\/2ad571aa3fbfe3089b06ed5617adf58717b9359c0c97cf9b52804fb2dac293f2?s=96&d=mm&r=g\",\"contentUrl\":\"https:\\\/\\\/secure.gravatar.com\\\/avatar\\\/2ad571aa3fbfe3089b06ed5617adf58717b9359c0c97cf9b52804fb2dac293f2?s=96&d=mm&r=g\",\"caption\":\"Antonietta Di Vizia\"},\"url\":\"https:\\\/\\\/www.romaoggi.eu\\\/index.php\\\/author\\\/antonietta\\\/\"}]}<\/script>\n<!-- \/ Yoast SEO plugin. -->","yoast_head_json":{"title":"Jimmy Ingrassia presenta Sotto i piedi dei giganti al Billions di Roma","description":"Jimmy Ingrassia \u201cSotto i piedi dei giganti\u201d racchiude 13 tracce che spaziano tra canzoni di protesta, brani ironici e ballad","robots":{"index":"index","follow":"follow","max-snippet":"max-snippet:-1","max-image-preview":"max-image-preview:large","max-video-preview":"max-video-preview:-1"},"canonical":"https:\/\/www.romaoggi.eu\/index.php\/2016\/10\/17\/jimmy-ingrassia-sotto-piedi-dei-giganti\/","og_locale":"it_IT","og_type":"article","og_title":"Jimmy Ingrassia presenta Sotto i piedi dei giganti al Billions di Roma","og_description":"Jimmy Ingrassia \u201cSotto i piedi dei giganti\u201d racchiude 13 tracce che spaziano tra canzoni di protesta, brani ironici e ballad","og_url":"https:\/\/www.romaoggi.eu\/index.php\/2016\/10\/17\/jimmy-ingrassia-sotto-piedi-dei-giganti\/","og_site_name":"roma oggi","article_publisher":"https:\/\/www.facebook.com\/RomaOggi-841544845954114","article_published_time":"2016-10-17T13:42:56+00:00","article_modified_time":"2016-10-17T14:00:46+00:00","og_image":[{"width":893,"height":737,"url":"https:\/\/www.romaoggi.eu\/wp-content\/uploads\/2016\/10\/piccola.jpg","type":"image\/jpeg"}],"author":"Antonietta Di Vizia","twitter_card":"summary_large_image","twitter_creator":"@romaoggi_eu","twitter_site":"@romaoggi_eu","twitter_misc":{"Scritto da":"Antonietta Di Vizia","Tempo di lettura stimato":"2 minuti"},"schema":{"@context":"https:\/\/schema.org","@graph":[{"@type":"Article","@id":"https:\/\/www.romaoggi.eu\/index.php\/2016\/10\/17\/jimmy-ingrassia-sotto-piedi-dei-giganti\/#article","isPartOf":{"@id":"https:\/\/www.romaoggi.eu\/index.php\/2016\/10\/17\/jimmy-ingrassia-sotto-piedi-dei-giganti\/"},"author":{"name":"Antonietta Di Vizia","@id":"https:\/\/www.romaoggi.eu\/#\/schema\/person\/c8ca1fb64b5506391fff5f822a866c23"},"headline":"Jimmy Ingrassia presenta Sotto i piedi dei giganti al Billions di Roma","datePublished":"2016-10-17T13:42:56+00:00","dateModified":"2016-10-17T14:00:46+00:00","mainEntityOfPage":{"@id":"https:\/\/www.romaoggi.eu\/index.php\/2016\/10\/17\/jimmy-ingrassia-sotto-piedi-dei-giganti\/"},"wordCount":417,"commentCount":0,"publisher":{"@id":"https:\/\/www.romaoggi.eu\/#organization"},"image":{"@id":"https:\/\/www.romaoggi.eu\/index.php\/2016\/10\/17\/jimmy-ingrassia-sotto-piedi-dei-giganti\/#primaryimage"},"thumbnailUrl":"https:\/\/www.romaoggi.eu\/wp-content\/uploads\/2016\/10\/piccola.jpg","keywords":["alza la bandiera","billions","Imago Artwork","Jimmy ingrassia","Marco Gallo","Mauro Laficara","Salvatore Mineo","Sotto i piedi dei giganti","Valerio Calisse"],"articleSection":["Eventi"],"inLanguage":"it-IT","potentialAction":[{"@type":"CommentAction","name":"Comment","target":["https:\/\/www.romaoggi.eu\/index.php\/2016\/10\/17\/jimmy-ingrassia-sotto-piedi-dei-giganti\/#respond"]}]},{"@type":"WebPage","@id":"https:\/\/www.romaoggi.eu\/index.php\/2016\/10\/17\/jimmy-ingrassia-sotto-piedi-dei-giganti\/","url":"https:\/\/www.romaoggi.eu\/index.php\/2016\/10\/17\/jimmy-ingrassia-sotto-piedi-dei-giganti\/","name":"Jimmy Ingrassia presenta Sotto i piedi dei giganti al Billions di Roma","isPartOf":{"@id":"https:\/\/www.romaoggi.eu\/#website"},"primaryImageOfPage":{"@id":"https:\/\/www.romaoggi.eu\/index.php\/2016\/10\/17\/jimmy-ingrassia-sotto-piedi-dei-giganti\/#primaryimage"},"image":{"@id":"https:\/\/www.romaoggi.eu\/index.php\/2016\/10\/17\/jimmy-ingrassia-sotto-piedi-dei-giganti\/#primaryimage"},"thumbnailUrl":"https:\/\/www.romaoggi.eu\/wp-content\/uploads\/2016\/10\/piccola.jpg","datePublished":"2016-10-17T13:42:56+00:00","dateModified":"2016-10-17T14:00:46+00:00","description":"Jimmy Ingrassia \u201cSotto i piedi dei giganti\u201d racchiude 13 tracce che spaziano tra canzoni di protesta, brani ironici e ballad","breadcrumb":{"@id":"https:\/\/www.romaoggi.eu\/index.php\/2016\/10\/17\/jimmy-ingrassia-sotto-piedi-dei-giganti\/#breadcrumb"},"inLanguage":"it-IT","potentialAction":[{"@type":"ReadAction","target":["https:\/\/www.romaoggi.eu\/index.php\/2016\/10\/17\/jimmy-ingrassia-sotto-piedi-dei-giganti\/"]}]},{"@type":"ImageObject","inLanguage":"it-IT","@id":"https:\/\/www.romaoggi.eu\/index.php\/2016\/10\/17\/jimmy-ingrassia-sotto-piedi-dei-giganti\/#primaryimage","url":"https:\/\/www.romaoggi.eu\/wp-content\/uploads\/2016\/10\/piccola.jpg","contentUrl":"https:\/\/www.romaoggi.eu\/wp-content\/uploads\/2016\/10\/piccola.jpg","width":893,"height":737},{"@type":"BreadcrumbList","@id":"https:\/\/www.romaoggi.eu\/index.php\/2016\/10\/17\/jimmy-ingrassia-sotto-piedi-dei-giganti\/#breadcrumb","itemListElement":[{"@type":"ListItem","position":1,"name":"Home","item":"https:\/\/www.romaoggi.eu\/"},{"@type":"ListItem","position":2,"name":"Jimmy Ingrassia presenta Sotto i piedi dei giganti al Billions di Roma"}]},{"@type":"WebSite","@id":"https:\/\/www.romaoggi.eu\/#website","url":"https:\/\/www.romaoggi.eu\/","name":"roma oggi","description":"Interesting News for Interesting people","publisher":{"@id":"https:\/\/www.romaoggi.eu\/#organization"},"potentialAction":[{"@type":"SearchAction","target":{"@type":"EntryPoint","urlTemplate":"https:\/\/www.romaoggi.eu\/?s={search_term_string}"},"query-input":{"@type":"PropertyValueSpecification","valueRequired":true,"valueName":"search_term_string"}}],"inLanguage":"it-IT"},{"@type":"Organization","@id":"https:\/\/www.romaoggi.eu\/#organization","name":"RomaOggi","url":"https:\/\/www.romaoggi.eu\/","logo":{"@type":"ImageObject","inLanguage":"it-IT","@id":"https:\/\/www.romaoggi.eu\/#\/schema\/logo\/image\/","url":"https:\/\/www.romaoggi.eu\/wp-content\/uploads\/2017\/04\/logowp.jpg","contentUrl":"https:\/\/www.romaoggi.eu\/wp-content\/uploads\/2017\/04\/logowp.jpg","width":300,"height":133,"caption":"RomaOggi"},"image":{"@id":"https:\/\/www.romaoggi.eu\/#\/schema\/logo\/image\/"},"sameAs":["https:\/\/www.facebook.com\/RomaOggi-841544845954114","https:\/\/x.com\/romaoggi_eu"]},{"@type":"Person","@id":"https:\/\/www.romaoggi.eu\/#\/schema\/person\/c8ca1fb64b5506391fff5f822a866c23","name":"Antonietta Di Vizia","image":{"@type":"ImageObject","inLanguage":"it-IT","@id":"https:\/\/secure.gravatar.com\/avatar\/2ad571aa3fbfe3089b06ed5617adf58717b9359c0c97cf9b52804fb2dac293f2?s=96&d=mm&r=g","url":"https:\/\/secure.gravatar.com\/avatar\/2ad571aa3fbfe3089b06ed5617adf58717b9359c0c97cf9b52804fb2dac293f2?s=96&d=mm&r=g","contentUrl":"https:\/\/secure.gravatar.com\/avatar\/2ad571aa3fbfe3089b06ed5617adf58717b9359c0c97cf9b52804fb2dac293f2?s=96&d=mm&r=g","caption":"Antonietta Di Vizia"},"url":"https:\/\/www.romaoggi.eu\/index.php\/author\/antonietta\/"}]}},"_links":{"self":[{"href":"https:\/\/www.romaoggi.eu\/index.php\/wp-json\/wp\/v2\/posts\/4497","targetHints":{"allow":["GET"]}}],"collection":[{"href":"https:\/\/www.romaoggi.eu\/index.php\/wp-json\/wp\/v2\/posts"}],"about":[{"href":"https:\/\/www.romaoggi.eu\/index.php\/wp-json\/wp\/v2\/types\/post"}],"author":[{"embeddable":true,"href":"https:\/\/www.romaoggi.eu\/index.php\/wp-json\/wp\/v2\/users\/3"}],"replies":[{"embeddable":true,"href":"https:\/\/www.romaoggi.eu\/index.php\/wp-json\/wp\/v2\/comments?post=4497"}],"version-history":[{"count":7,"href":"https:\/\/www.romaoggi.eu\/index.php\/wp-json\/wp\/v2\/posts\/4497\/revisions"}],"predecessor-version":[{"id":4508,"href":"https:\/\/www.romaoggi.eu\/index.php\/wp-json\/wp\/v2\/posts\/4497\/revisions\/4508"}],"wp:featuredmedia":[{"embeddable":true,"href":"https:\/\/www.romaoggi.eu\/index.php\/wp-json\/wp\/v2\/media\/4502"}],"wp:attachment":[{"href":"https:\/\/www.romaoggi.eu\/index.php\/wp-json\/wp\/v2\/media?parent=4497"}],"wp:term":[{"taxonomy":"category","embeddable":true,"href":"https:\/\/www.romaoggi.eu\/index.php\/wp-json\/wp\/v2\/categories?post=4497"},{"taxonomy":"post_tag","embeddable":true,"href":"https:\/\/www.romaoggi.eu\/index.php\/wp-json\/wp\/v2\/tags?post=4497"}],"curies":[{"name":"wp","href":"https:\/\/api.w.org\/{rel}","templated":true}]}}