{"id":4562,"date":"2016-10-20T18:36:10","date_gmt":"2016-10-20T16:36:10","guid":{"rendered":"http:\/\/www.romaoggi.eu\/?p=4562"},"modified":"2016-10-20T18:36:10","modified_gmt":"2016-10-20T16:36:10","slug":"michele-baldi-contro-violenza-su-donne","status":"publish","type":"post","link":"https:\/\/www.romaoggi.eu\/index.php\/2016\/10\/20\/michele-baldi-contro-violenza-su-donne\/","title":{"rendered":"Festa del cinema di Roma, Jo Squillo e Michele Baldi in aiuto alle donne"},"content":{"rendered":"<div class=\"gmail_quote\" style=\"text-align: justify;\"><b><span style=\"font-family: verdana, sans-serif;\">Alla festa del cinema di Roma &#8220;Wall of Dolls&#8221; di Jo Squillo, insieme ai progetti e leggi antiviolenza sulle donne della Regione Lazio presentati da\u00a0<\/span><\/b><span style=\"font-family: verdana, sans-serif;\"><b>Michele Baldi; in arrivo nuove case rifugio e bandi per 600.000 euro per corsi nelle scuole contro la violenza di genere<\/b><\/span><\/div>\n<div class=\"gmail_quote\" style=\"text-align: justify;\"><\/div>\n<div class=\"gmail_quote\" style=\"text-align: justify;\">Presentato il 20 0ttobre 2016, in anteprima, alla Festa del Cinema di Roma\u00a0<b>Wall of Dolls<\/b>,\u00a0documentario di <strong>Jo Squillo<\/strong>\u00a0dedicato a\u00a0<strong>&#8216;Il muro delle bambole&#8221;<\/strong>, istallazione di stilisti, designer e artisti, che da circa 3 anni \u00e8 divenuta simbolo della lotta contro i femminicidi. \u00a0<b>Jo Squillo<\/b> e <b>Valentina Piztalis<\/b>, giovane donna sfregiata dall&#8217;acido, hanno ricordato l&#8217;importanza di sensibilizzare le istituzioni affinch\u00e8 attuino strategie per contrastare il fenomeno.<\/div>\n<div class=\"gmail_quote\" style=\"text-align: justify;\">\n<figure id=\"attachment_4565\" aria-describedby=\"caption-attachment-4565\" style=\"width: 300px\" class=\"wp-caption alignleft\"><img loading=\"lazy\" decoding=\"async\" class=\"size-medium wp-image-4565\" src=\"https:\/\/www.romaoggi.eu\/wp-content\/uploads\/2016\/10\/wall-of-dolls--300x200.jpeg\" alt=\"wall-of-dolls\" width=\"300\" height=\"200\" srcset=\"https:\/\/www.romaoggi.eu\/wp-content\/uploads\/2016\/10\/wall-of-dolls--300x200.jpeg 300w, https:\/\/www.romaoggi.eu\/wp-content\/uploads\/2016\/10\/wall-of-dolls-.jpeg 625w\" sizes=\"auto, (max-width: 300px) 100vw, 300px\" \/><figcaption id=\"caption-attachment-4565\" class=\"wp-caption-text\">wall-of-dolls<\/figcaption><\/figure>\n<\/div>\n<div class=\"gmail_quote\" style=\"text-align: justify;\">Durante la manifestazione di presentazione all&#8217;Auditorium Parco della Musica, il Capogruppo della Lista Zingaretti,\u00a0<b>Michele Baldi<\/b>, da sempre impegnato nella difesa delle donne vittime di violenza, intervenuto in rappresentanza della Regione Lazio, ha illustrato le iniziative intraprese grazie all&#8217;approvazione della legge contro la violenza di genere.<\/div>\n<div class=\"gmail_quote\" style=\"text-align: justify;\"><strong>Michele Baldi, quali sono ad oggi le leggi e le iniziative intraprese a difesa delle donne vittime di violenza, di cui lei come capogruppo alla Regione si \u00e8 fatto promotore?<\/strong> \u201c<em>La legge approvata dal \u00a0consiglio regionale contro la violenza di genere da noi fortemente voluta \u00e8 una legge per supportare le vittime, che prevede nuove case rifugio, diffuse su tutto il territorio regionale e una rete organizzata di centri antiviolenza; percorsi di reinserimento sociale e lavorativo\u00a0per chi, pur avendo un reddito, ha bisogno di protezione e di un tetto; codice rosa nei pronto soccorso, ossia un\u2019assistenza speciale per garantire la massima riservatezza; corsi nelle scuole perch\u00e8 \u00e8 fondamentale investire e fare formazione sui pi\u00f9 giovani per educare gli uomini di domani a rispettare le donne e a credere in una cultura paritaria; progetti di recupero e rieducazione nelle carceri\u00a0in collaborazione con psicologi e sociologi, perch\u00e9 \u00e8 importante risalire all\u2019origine della violenza e rieducare i maltrattanti perch\u00e9 non ricadano nella tentazione di ricommettere il crimine, e infine un Osservatorio sulle pari opportunit\u00e0 e la violenza di genere\u00a0per monitorare i dati, svolgere indagini ed elaborare progetti<\/em>\u201d.<\/div>\n<div class=\"gmail_quote\" style=\"text-align: justify;\">\n<figure id=\"attachment_4568\" aria-describedby=\"caption-attachment-4568\" style=\"width: 300px\" class=\"wp-caption alignright\"><img loading=\"lazy\" decoding=\"async\" class=\"size-medium wp-image-4568\" src=\"https:\/\/www.romaoggi.eu\/wp-content\/uploads\/2016\/10\/Jo-Squillo-con-le-bambole-di-Wall-of-Dolls-300x250.jpg\" alt=\"jo-squillo-con-le-bambole-di-wall-of-dolls\" width=\"300\" height=\"250\" srcset=\"https:\/\/www.romaoggi.eu\/wp-content\/uploads\/2016\/10\/Jo-Squillo-con-le-bambole-di-Wall-of-Dolls-300x250.jpg 300w, https:\/\/www.romaoggi.eu\/wp-content\/uploads\/2016\/10\/Jo-Squillo-con-le-bambole-di-Wall-of-Dolls.jpg 500w\" sizes=\"auto, (max-width: 300px) 100vw, 300px\" \/><figcaption id=\"caption-attachment-4568\" class=\"wp-caption-text\">Jo-Squillo-con-le-bambole-di-wall-of-dolls<\/figcaption><\/figure>\n<\/div>\n<div class=\"gmail_quote\" style=\"text-align: justify;\"><\/div>\n<div class=\"gmail_quote\" style=\"text-align: justify;\">Michele Baldi ha anche annunciato che<span style=\"font-size: xx-small;\">\u00a0<\/span>\u00e8 prevista la prossima apertura di<span style=\"font-size: xx-small;\">\u00a0<\/span><strong>15 nuove strutture tra rifugi e case famiglia<\/strong> che si aggiungeranno alle 10 gi\u00e0 presenti sul territorio regionale e che usciranno a breve bandi per\u00a0borse di studio per i minori orfani di femminicidio e bandi pari a\u00a0<strong>600.00 euro per corsi nelle scuole contro la violenza di genere<\/strong>.\u00a0Le cronache e i dati statistici quest&#8217;anno sono implacabili: dall&#8217;inizio del 2016 sono gi\u00e0 80 le donne uccise in Italia da partner o da ex fidanzati\u00a0e da 10 anni i femminicidi sono in costante aumento. Testimonial di <strong>Wall of Dolls<\/strong> in quanto sopravvissute alla violenza, sono <strong>Lucia Annibali<\/strong> e <strong>Valentina Pitzalis<\/strong>, quest\u2019ultima presente anche alla proiezione, vittime di un&#8217;incapacit\u00e0 di certi uomini di accettare un rifiuto o la fine di una relazione. I numeri non lasciano scanso a equivoci, dimostrano purtroppo che i femminicidi in Italia non sono affatto destinati a scomparire, bisogna convincersi che la violenza sulle donne \u00e8 una piaga come la mafia o il terrorismo e che vanno stanziati fondi, avviati progetti e costituiti &#8216;corpi&#8217; e istituti speciali per debellarla con un&#8217;iniziativa che coinvolga i giovani, le scuole e le famiglie. Ma oltre ai femminicidi e alle violenze pi\u00f9 eclatanti, che finiscono sui giornali o almeno in denunce formali fatte alla polizia o ai carabinieri, esistono ragazze, madri e figlie che nel silenzio subiscono soprusi.<\/div>\n<div class=\"gmail_quote\" style=\"text-align: justify;\">Secondo i dati di <strong>Telefono Rosa ,<a href=\"http:\/\/www.telefonorosa.it\/\">http:\/\/www.telefonorosa.it\/<\/a>,almeno 8.856 donne sono state vittime di violenza e 1.261 di stalking<\/strong>. Si stima, inoltre, che il 90% delle donne non denunci atti di sopraffazione comunque subiti.<\/div>\n<div class=\"gmail_quote\" style=\"text-align: justify;\"><\/div>\n<div class=\"gmail_quote\" style=\"text-align: justify;\">redazione<\/div>\n","protected":false},"excerpt":{"rendered":"<div class=\"mh-excerpt\"><p>Alla festa del cinema di Roma &#8220;Wall of Dolls&#8221; di Jo Squillo, insieme ai progetti e leggi antiviolenza sulle donne della Regione Lazio presentati da\u00a0Michele Baldi; in arrivo nuove case rifugio e bandi per 600.000 <a class=\"mh-excerpt-more\" href=\"https:\/\/www.romaoggi.eu\/index.php\/2016\/10\/20\/michele-baldi-contro-violenza-su-donne\/\" title=\"Festa del cinema di Roma, Jo Squillo e Michele Baldi in aiuto alle donne\">[&#8230;]<\/a><\/p>\n<\/div>","protected":false},"author":3,"featured_media":4564,"comment_status":"open","ping_status":"open","sticky":false,"template":"","format":"standard","meta":{"_sitemap_exclude":false,"_sitemap_priority":"","_sitemap_frequency":"","footnotes":""},"categories":[522],"tags":[3396,3398,3391,3388,3390,3389,3393,1535,117,3395,3394,3397,3392],"class_list":["post-4562","post","type-post","status-publish","format-standard","has-post-thumbnail","hentry","category-attualita","tag-3396","tag-case-famiglia","tag-femminicidio","tag-festa-del-cinema-di-roma","tag-il-muro-delle-bambole","tag-jo-squillo","tag-lucia-annibali","tag-michele-baldi","tag-no-alla-violenza","tag-stalking","tag-telefono-rosa","tag-valentina-pitzalis","tag-wall-of-dolls"],"yoast_head":"<!-- This site is optimized with the Yoast SEO plugin v27.5 - https:\/\/yoast.com\/product\/yoast-seo-wordpress\/ -->\n<title>Festa del cinema di Roma, Jo Squillo e Michele Baldi in aiuto alle donne<\/title>\n<meta name=\"description\" content=\"Alla festa del cinema di Roma &quot;Wall of Doll&quot; di Jo Squillo, insieme alle leggi antiviolenza sulle donne della Regione Lazio presentati da Michele Baldi\" \/>\n<meta name=\"robots\" content=\"index, follow, max-snippet:-1, max-image-preview:large, max-video-preview:-1\" \/>\n<link rel=\"canonical\" href=\"https:\/\/www.romaoggi.eu\/index.php\/2016\/10\/20\/michele-baldi-contro-violenza-su-donne\/\" \/>\n<meta property=\"og:locale\" content=\"it_IT\" \/>\n<meta property=\"og:type\" content=\"article\" \/>\n<meta property=\"og:title\" content=\"Festa del cinema di Roma, Jo Squillo e Michele Baldi in aiuto alle donne\" \/>\n<meta property=\"og:description\" content=\"Alla festa del cinema di Roma &quot;Wall of Doll&quot; di Jo Squillo, insieme alle leggi antiviolenza sulle donne della Regione Lazio presentati da Michele Baldi\" \/>\n<meta property=\"og:url\" content=\"https:\/\/www.romaoggi.eu\/index.php\/2016\/10\/20\/michele-baldi-contro-violenza-su-donne\/\" \/>\n<meta property=\"og:site_name\" content=\"roma oggi\" \/>\n<meta property=\"article:publisher\" content=\"https:\/\/www.facebook.com\/RomaOggi-841544845954114\" \/>\n<meta property=\"article:published_time\" content=\"2016-10-20T16:36:10+00:00\" \/>\n<meta property=\"og:image\" content=\"https:\/\/www.romaoggi.eu\/wp-content\/uploads\/2016\/10\/IMG_20161020_131058-1024x575.jpg\" \/>\n\t<meta property=\"og:image:width\" content=\"1024\" \/>\n\t<meta property=\"og:image:height\" content=\"575\" \/>\n\t<meta property=\"og:image:type\" content=\"image\/jpeg\" \/>\n<meta name=\"author\" content=\"Antonietta Di Vizia\" \/>\n<meta name=\"twitter:card\" content=\"summary_large_image\" \/>\n<meta name=\"twitter:creator\" content=\"@romaoggi_eu\" \/>\n<meta name=\"twitter:site\" content=\"@romaoggi_eu\" \/>\n<meta name=\"twitter:label1\" content=\"Scritto da\" \/>\n\t<meta name=\"twitter:data1\" content=\"Antonietta Di Vizia\" \/>\n\t<meta name=\"twitter:label2\" content=\"Tempo di lettura stimato\" \/>\n\t<meta name=\"twitter:data2\" content=\"3 minuti\" \/>\n<script type=\"application\/ld+json\" class=\"yoast-schema-graph\">{\"@context\":\"https:\\\/\\\/schema.org\",\"@graph\":[{\"@type\":\"Article\",\"@id\":\"https:\\\/\\\/www.romaoggi.eu\\\/index.php\\\/2016\\\/10\\\/20\\\/michele-baldi-contro-violenza-su-donne\\\/#article\",\"isPartOf\":{\"@id\":\"https:\\\/\\\/www.romaoggi.eu\\\/index.php\\\/2016\\\/10\\\/20\\\/michele-baldi-contro-violenza-su-donne\\\/\"},\"author\":{\"name\":\"Antonietta Di Vizia\",\"@id\":\"https:\\\/\\\/www.romaoggi.eu\\\/#\\\/schema\\\/person\\\/c8ca1fb64b5506391fff5f822a866c23\"},\"headline\":\"Festa del cinema di Roma, Jo Squillo e Michele Baldi in aiuto alle donne\",\"datePublished\":\"2016-10-20T16:36:10+00:00\",\"mainEntityOfPage\":{\"@id\":\"https:\\\/\\\/www.romaoggi.eu\\\/index.php\\\/2016\\\/10\\\/20\\\/michele-baldi-contro-violenza-su-donne\\\/\"},\"wordCount\":636,\"commentCount\":0,\"publisher\":{\"@id\":\"https:\\\/\\\/www.romaoggi.eu\\\/#organization\"},\"image\":{\"@id\":\"https:\\\/\\\/www.romaoggi.eu\\\/index.php\\\/2016\\\/10\\\/20\\\/michele-baldi-contro-violenza-su-donne\\\/#primaryimage\"},\"thumbnailUrl\":\"https:\\\/\\\/www.romaoggi.eu\\\/wp-content\\\/uploads\\\/2016\\\/10\\\/IMG_20161020_131058.jpg\",\"keywords\":[\"-\",\"case famiglia\",\"Femminicidio\",\"festa del cinema di roma\",\"Il muro delle bambole\",\"Jo Squillo\",\"Lucia Annibali\",\"Michele Baldi\",\"no alla violenza\",\"Stalking\",\"Telefono rosa\",\"Valentina Pitzalis\",\"Wall of dolls\"],\"articleSection\":[\"attualit\u00e0\"],\"inLanguage\":\"it-IT\",\"potentialAction\":[{\"@type\":\"CommentAction\",\"name\":\"Comment\",\"target\":[\"https:\\\/\\\/www.romaoggi.eu\\\/index.php\\\/2016\\\/10\\\/20\\\/michele-baldi-contro-violenza-su-donne\\\/#respond\"]}]},{\"@type\":\"WebPage\",\"@id\":\"https:\\\/\\\/www.romaoggi.eu\\\/index.php\\\/2016\\\/10\\\/20\\\/michele-baldi-contro-violenza-su-donne\\\/\",\"url\":\"https:\\\/\\\/www.romaoggi.eu\\\/index.php\\\/2016\\\/10\\\/20\\\/michele-baldi-contro-violenza-su-donne\\\/\",\"name\":\"Festa del cinema di Roma, Jo Squillo e Michele Baldi in aiuto alle donne\",\"isPartOf\":{\"@id\":\"https:\\\/\\\/www.romaoggi.eu\\\/#website\"},\"primaryImageOfPage\":{\"@id\":\"https:\\\/\\\/www.romaoggi.eu\\\/index.php\\\/2016\\\/10\\\/20\\\/michele-baldi-contro-violenza-su-donne\\\/#primaryimage\"},\"image\":{\"@id\":\"https:\\\/\\\/www.romaoggi.eu\\\/index.php\\\/2016\\\/10\\\/20\\\/michele-baldi-contro-violenza-su-donne\\\/#primaryimage\"},\"thumbnailUrl\":\"https:\\\/\\\/www.romaoggi.eu\\\/wp-content\\\/uploads\\\/2016\\\/10\\\/IMG_20161020_131058.jpg\",\"datePublished\":\"2016-10-20T16:36:10+00:00\",\"description\":\"Alla festa del cinema di Roma \\\"Wall of Doll\\\" di Jo Squillo, insieme alle leggi antiviolenza sulle donne della Regione Lazio presentati da Michele Baldi\",\"breadcrumb\":{\"@id\":\"https:\\\/\\\/www.romaoggi.eu\\\/index.php\\\/2016\\\/10\\\/20\\\/michele-baldi-contro-violenza-su-donne\\\/#breadcrumb\"},\"inLanguage\":\"it-IT\",\"potentialAction\":[{\"@type\":\"ReadAction\",\"target\":[\"https:\\\/\\\/www.romaoggi.eu\\\/index.php\\\/2016\\\/10\\\/20\\\/michele-baldi-contro-violenza-su-donne\\\/\"]}]},{\"@type\":\"ImageObject\",\"inLanguage\":\"it-IT\",\"@id\":\"https:\\\/\\\/www.romaoggi.eu\\\/index.php\\\/2016\\\/10\\\/20\\\/michele-baldi-contro-violenza-su-donne\\\/#primaryimage\",\"url\":\"https:\\\/\\\/www.romaoggi.eu\\\/wp-content\\\/uploads\\\/2016\\\/10\\\/IMG_20161020_131058.jpg\",\"contentUrl\":\"https:\\\/\\\/www.romaoggi.eu\\\/wp-content\\\/uploads\\\/2016\\\/10\\\/IMG_20161020_131058.jpg\",\"width\":4160,\"height\":2336,\"caption\":\"Michele Baldi alla Festa del Cinema di Roma, in occasione della presentazione di Wall of Dolls di Jo Squillo,contro la violenza sulle donne.\"},{\"@type\":\"BreadcrumbList\",\"@id\":\"https:\\\/\\\/www.romaoggi.eu\\\/index.php\\\/2016\\\/10\\\/20\\\/michele-baldi-contro-violenza-su-donne\\\/#breadcrumb\",\"itemListElement\":[{\"@type\":\"ListItem\",\"position\":1,\"name\":\"Home\",\"item\":\"https:\\\/\\\/www.romaoggi.eu\\\/\"},{\"@type\":\"ListItem\",\"position\":2,\"name\":\"Festa del cinema di Roma, Jo Squillo e Michele Baldi in aiuto alle donne\"}]},{\"@type\":\"WebSite\",\"@id\":\"https:\\\/\\\/www.romaoggi.eu\\\/#website\",\"url\":\"https:\\\/\\\/www.romaoggi.eu\\\/\",\"name\":\"roma oggi\",\"description\":\"Interesting News for Interesting people\",\"publisher\":{\"@id\":\"https:\\\/\\\/www.romaoggi.eu\\\/#organization\"},\"potentialAction\":[{\"@type\":\"SearchAction\",\"target\":{\"@type\":\"EntryPoint\",\"urlTemplate\":\"https:\\\/\\\/www.romaoggi.eu\\\/?s={search_term_string}\"},\"query-input\":{\"@type\":\"PropertyValueSpecification\",\"valueRequired\":true,\"valueName\":\"search_term_string\"}}],\"inLanguage\":\"it-IT\"},{\"@type\":\"Organization\",\"@id\":\"https:\\\/\\\/www.romaoggi.eu\\\/#organization\",\"name\":\"RomaOggi\",\"url\":\"https:\\\/\\\/www.romaoggi.eu\\\/\",\"logo\":{\"@type\":\"ImageObject\",\"inLanguage\":\"it-IT\",\"@id\":\"https:\\\/\\\/www.romaoggi.eu\\\/#\\\/schema\\\/logo\\\/image\\\/\",\"url\":\"https:\\\/\\\/www.romaoggi.eu\\\/wp-content\\\/uploads\\\/2017\\\/04\\\/logowp.jpg\",\"contentUrl\":\"https:\\\/\\\/www.romaoggi.eu\\\/wp-content\\\/uploads\\\/2017\\\/04\\\/logowp.jpg\",\"width\":300,\"height\":133,\"caption\":\"RomaOggi\"},\"image\":{\"@id\":\"https:\\\/\\\/www.romaoggi.eu\\\/#\\\/schema\\\/logo\\\/image\\\/\"},\"sameAs\":[\"https:\\\/\\\/www.facebook.com\\\/RomaOggi-841544845954114\",\"https:\\\/\\\/x.com\\\/romaoggi_eu\"]},{\"@type\":\"Person\",\"@id\":\"https:\\\/\\\/www.romaoggi.eu\\\/#\\\/schema\\\/person\\\/c8ca1fb64b5506391fff5f822a866c23\",\"name\":\"Antonietta Di Vizia\",\"image\":{\"@type\":\"ImageObject\",\"inLanguage\":\"it-IT\",\"@id\":\"https:\\\/\\\/secure.gravatar.com\\\/avatar\\\/2ad571aa3fbfe3089b06ed5617adf58717b9359c0c97cf9b52804fb2dac293f2?s=96&d=mm&r=g\",\"url\":\"https:\\\/\\\/secure.gravatar.com\\\/avatar\\\/2ad571aa3fbfe3089b06ed5617adf58717b9359c0c97cf9b52804fb2dac293f2?s=96&d=mm&r=g\",\"contentUrl\":\"https:\\\/\\\/secure.gravatar.com\\\/avatar\\\/2ad571aa3fbfe3089b06ed5617adf58717b9359c0c97cf9b52804fb2dac293f2?s=96&d=mm&r=g\",\"caption\":\"Antonietta Di Vizia\"},\"url\":\"https:\\\/\\\/www.romaoggi.eu\\\/index.php\\\/author\\\/antonietta\\\/\"}]}<\/script>\n<!-- \/ Yoast SEO plugin. -->","yoast_head_json":{"title":"Festa del cinema di Roma, Jo Squillo e Michele Baldi in aiuto alle donne","description":"Alla festa del cinema di Roma \"Wall of Doll\" di Jo Squillo, insieme alle leggi antiviolenza sulle donne della Regione Lazio presentati da Michele Baldi","robots":{"index":"index","follow":"follow","max-snippet":"max-snippet:-1","max-image-preview":"max-image-preview:large","max-video-preview":"max-video-preview:-1"},"canonical":"https:\/\/www.romaoggi.eu\/index.php\/2016\/10\/20\/michele-baldi-contro-violenza-su-donne\/","og_locale":"it_IT","og_type":"article","og_title":"Festa del cinema di Roma, Jo Squillo e Michele Baldi in aiuto alle donne","og_description":"Alla festa del cinema di Roma \"Wall of Doll\" di Jo Squillo, insieme alle leggi antiviolenza sulle donne della Regione Lazio presentati da Michele Baldi","og_url":"https:\/\/www.romaoggi.eu\/index.php\/2016\/10\/20\/michele-baldi-contro-violenza-su-donne\/","og_site_name":"roma oggi","article_publisher":"https:\/\/www.facebook.com\/RomaOggi-841544845954114","article_published_time":"2016-10-20T16:36:10+00:00","og_image":[{"width":1024,"height":575,"url":"https:\/\/www.romaoggi.eu\/wp-content\/uploads\/2016\/10\/IMG_20161020_131058-1024x575.jpg","type":"image\/jpeg"}],"author":"Antonietta Di Vizia","twitter_card":"summary_large_image","twitter_creator":"@romaoggi_eu","twitter_site":"@romaoggi_eu","twitter_misc":{"Scritto da":"Antonietta Di Vizia","Tempo di lettura stimato":"3 minuti"},"schema":{"@context":"https:\/\/schema.org","@graph":[{"@type":"Article","@id":"https:\/\/www.romaoggi.eu\/index.php\/2016\/10\/20\/michele-baldi-contro-violenza-su-donne\/#article","isPartOf":{"@id":"https:\/\/www.romaoggi.eu\/index.php\/2016\/10\/20\/michele-baldi-contro-violenza-su-donne\/"},"author":{"name":"Antonietta Di Vizia","@id":"https:\/\/www.romaoggi.eu\/#\/schema\/person\/c8ca1fb64b5506391fff5f822a866c23"},"headline":"Festa del cinema di Roma, Jo Squillo e Michele Baldi in aiuto alle donne","datePublished":"2016-10-20T16:36:10+00:00","mainEntityOfPage":{"@id":"https:\/\/www.romaoggi.eu\/index.php\/2016\/10\/20\/michele-baldi-contro-violenza-su-donne\/"},"wordCount":636,"commentCount":0,"publisher":{"@id":"https:\/\/www.romaoggi.eu\/#organization"},"image":{"@id":"https:\/\/www.romaoggi.eu\/index.php\/2016\/10\/20\/michele-baldi-contro-violenza-su-donne\/#primaryimage"},"thumbnailUrl":"https:\/\/www.romaoggi.eu\/wp-content\/uploads\/2016\/10\/IMG_20161020_131058.jpg","keywords":["-","case famiglia","Femminicidio","festa del cinema di roma","Il muro delle bambole","Jo Squillo","Lucia Annibali","Michele Baldi","no alla violenza","Stalking","Telefono rosa","Valentina Pitzalis","Wall of dolls"],"articleSection":["attualit\u00e0"],"inLanguage":"it-IT","potentialAction":[{"@type":"CommentAction","name":"Comment","target":["https:\/\/www.romaoggi.eu\/index.php\/2016\/10\/20\/michele-baldi-contro-violenza-su-donne\/#respond"]}]},{"@type":"WebPage","@id":"https:\/\/www.romaoggi.eu\/index.php\/2016\/10\/20\/michele-baldi-contro-violenza-su-donne\/","url":"https:\/\/www.romaoggi.eu\/index.php\/2016\/10\/20\/michele-baldi-contro-violenza-su-donne\/","name":"Festa del cinema di Roma, Jo Squillo e Michele Baldi in aiuto alle donne","isPartOf":{"@id":"https:\/\/www.romaoggi.eu\/#website"},"primaryImageOfPage":{"@id":"https:\/\/www.romaoggi.eu\/index.php\/2016\/10\/20\/michele-baldi-contro-violenza-su-donne\/#primaryimage"},"image":{"@id":"https:\/\/www.romaoggi.eu\/index.php\/2016\/10\/20\/michele-baldi-contro-violenza-su-donne\/#primaryimage"},"thumbnailUrl":"https:\/\/www.romaoggi.eu\/wp-content\/uploads\/2016\/10\/IMG_20161020_131058.jpg","datePublished":"2016-10-20T16:36:10+00:00","description":"Alla festa del cinema di Roma \"Wall of Doll\" di Jo Squillo, insieme alle leggi antiviolenza sulle donne della Regione Lazio presentati da Michele Baldi","breadcrumb":{"@id":"https:\/\/www.romaoggi.eu\/index.php\/2016\/10\/20\/michele-baldi-contro-violenza-su-donne\/#breadcrumb"},"inLanguage":"it-IT","potentialAction":[{"@type":"ReadAction","target":["https:\/\/www.romaoggi.eu\/index.php\/2016\/10\/20\/michele-baldi-contro-violenza-su-donne\/"]}]},{"@type":"ImageObject","inLanguage":"it-IT","@id":"https:\/\/www.romaoggi.eu\/index.php\/2016\/10\/20\/michele-baldi-contro-violenza-su-donne\/#primaryimage","url":"https:\/\/www.romaoggi.eu\/wp-content\/uploads\/2016\/10\/IMG_20161020_131058.jpg","contentUrl":"https:\/\/www.romaoggi.eu\/wp-content\/uploads\/2016\/10\/IMG_20161020_131058.jpg","width":4160,"height":2336,"caption":"Michele Baldi alla Festa del Cinema di Roma, in occasione della presentazione di Wall of Dolls di Jo Squillo,contro la violenza sulle donne."},{"@type":"BreadcrumbList","@id":"https:\/\/www.romaoggi.eu\/index.php\/2016\/10\/20\/michele-baldi-contro-violenza-su-donne\/#breadcrumb","itemListElement":[{"@type":"ListItem","position":1,"name":"Home","item":"https:\/\/www.romaoggi.eu\/"},{"@type":"ListItem","position":2,"name":"Festa del cinema di Roma, Jo Squillo e Michele Baldi in aiuto alle donne"}]},{"@type":"WebSite","@id":"https:\/\/www.romaoggi.eu\/#website","url":"https:\/\/www.romaoggi.eu\/","name":"roma oggi","description":"Interesting News for Interesting people","publisher":{"@id":"https:\/\/www.romaoggi.eu\/#organization"},"potentialAction":[{"@type":"SearchAction","target":{"@type":"EntryPoint","urlTemplate":"https:\/\/www.romaoggi.eu\/?s={search_term_string}"},"query-input":{"@type":"PropertyValueSpecification","valueRequired":true,"valueName":"search_term_string"}}],"inLanguage":"it-IT"},{"@type":"Organization","@id":"https:\/\/www.romaoggi.eu\/#organization","name":"RomaOggi","url":"https:\/\/www.romaoggi.eu\/","logo":{"@type":"ImageObject","inLanguage":"it-IT","@id":"https:\/\/www.romaoggi.eu\/#\/schema\/logo\/image\/","url":"https:\/\/www.romaoggi.eu\/wp-content\/uploads\/2017\/04\/logowp.jpg","contentUrl":"https:\/\/www.romaoggi.eu\/wp-content\/uploads\/2017\/04\/logowp.jpg","width":300,"height":133,"caption":"RomaOggi"},"image":{"@id":"https:\/\/www.romaoggi.eu\/#\/schema\/logo\/image\/"},"sameAs":["https:\/\/www.facebook.com\/RomaOggi-841544845954114","https:\/\/x.com\/romaoggi_eu"]},{"@type":"Person","@id":"https:\/\/www.romaoggi.eu\/#\/schema\/person\/c8ca1fb64b5506391fff5f822a866c23","name":"Antonietta Di Vizia","image":{"@type":"ImageObject","inLanguage":"it-IT","@id":"https:\/\/secure.gravatar.com\/avatar\/2ad571aa3fbfe3089b06ed5617adf58717b9359c0c97cf9b52804fb2dac293f2?s=96&d=mm&r=g","url":"https:\/\/secure.gravatar.com\/avatar\/2ad571aa3fbfe3089b06ed5617adf58717b9359c0c97cf9b52804fb2dac293f2?s=96&d=mm&r=g","contentUrl":"https:\/\/secure.gravatar.com\/avatar\/2ad571aa3fbfe3089b06ed5617adf58717b9359c0c97cf9b52804fb2dac293f2?s=96&d=mm&r=g","caption":"Antonietta Di Vizia"},"url":"https:\/\/www.romaoggi.eu\/index.php\/author\/antonietta\/"}]}},"_links":{"self":[{"href":"https:\/\/www.romaoggi.eu\/index.php\/wp-json\/wp\/v2\/posts\/4562","targetHints":{"allow":["GET"]}}],"collection":[{"href":"https:\/\/www.romaoggi.eu\/index.php\/wp-json\/wp\/v2\/posts"}],"about":[{"href":"https:\/\/www.romaoggi.eu\/index.php\/wp-json\/wp\/v2\/types\/post"}],"author":[{"embeddable":true,"href":"https:\/\/www.romaoggi.eu\/index.php\/wp-json\/wp\/v2\/users\/3"}],"replies":[{"embeddable":true,"href":"https:\/\/www.romaoggi.eu\/index.php\/wp-json\/wp\/v2\/comments?post=4562"}],"version-history":[{"count":4,"href":"https:\/\/www.romaoggi.eu\/index.php\/wp-json\/wp\/v2\/posts\/4562\/revisions"}],"predecessor-version":[{"id":4570,"href":"https:\/\/www.romaoggi.eu\/index.php\/wp-json\/wp\/v2\/posts\/4562\/revisions\/4570"}],"wp:featuredmedia":[{"embeddable":true,"href":"https:\/\/www.romaoggi.eu\/index.php\/wp-json\/wp\/v2\/media\/4564"}],"wp:attachment":[{"href":"https:\/\/www.romaoggi.eu\/index.php\/wp-json\/wp\/v2\/media?parent=4562"}],"wp:term":[{"taxonomy":"category","embeddable":true,"href":"https:\/\/www.romaoggi.eu\/index.php\/wp-json\/wp\/v2\/categories?post=4562"},{"taxonomy":"post_tag","embeddable":true,"href":"https:\/\/www.romaoggi.eu\/index.php\/wp-json\/wp\/v2\/tags?post=4562"}],"curies":[{"name":"wp","href":"https:\/\/api.w.org\/{rel}","templated":true}]}}