{"id":5110,"date":"2016-11-23T16:19:03","date_gmt":"2016-11-23T15:19:03","guid":{"rendered":"http:\/\/www.romaoggi.eu\/?p=5110"},"modified":"2016-11-23T16:19:03","modified_gmt":"2016-11-23T15:19:03","slug":"la-moda-dei-suicidi-di-marco-avarello","status":"publish","type":"post","link":"https:\/\/www.romaoggi.eu\/index.php\/2016\/11\/23\/la-moda-dei-suicidi-di-marco-avarello\/","title":{"rendered":"La Moda dei suicidi di Marco Avarello in scena dal 25 novembre"},"content":{"rendered":"<p style=\"text-align: justify;\"><b>In scena per quattro fine settimana di seguito dal 25 novembre 2016, \u00a0La moda dei suicidi\u00a0<\/b>di Marco Avarello,\u00a0<span style=\"font-weight: 400;\">con<\/span> <span style=\"font-weight: 400;\">Marius Biz\u0103u, Vittorio Ciardo, Antonella Civale, Letizia Letza, Marta Nuti, Giuseppe Grisafi, Tiziana Scrocca, Fabio Morici, Marco Zingaro per la <strong>r<\/strong><\/span><b>egia di Linda Di Pietro.<\/b><\/p>\n<figure id=\"attachment_5126\" aria-describedby=\"caption-attachment-5126\" style=\"width: 200px\" class=\"wp-caption alignleft\"><img loading=\"lazy\" decoding=\"async\" class=\"size-medium wp-image-5126\" src=\"https:\/\/www.romaoggi.eu\/wp-content\/uploads\/2016\/11\/14555700_10210438688825024_6802055_n-200x300.jpg\" alt=\"Letizia Letza\" width=\"200\" height=\"300\" srcset=\"https:\/\/www.romaoggi.eu\/wp-content\/uploads\/2016\/11\/14555700_10210438688825024_6802055_n-200x300.jpg 200w, https:\/\/www.romaoggi.eu\/wp-content\/uploads\/2016\/11\/14555700_10210438688825024_6802055_n.jpg 640w\" sizes=\"auto, (max-width: 200px) 100vw, 200px\" \/><figcaption id=\"caption-attachment-5126\" class=\"wp-caption-text\">Letizia Letza<\/figcaption><\/figure>\n<p style=\"text-align: justify;\"><span style=\"font-weight: 400;\">Ispirato alla storia vera di France T\u00e9l\u00e9com, la Moda dei suicidi,\u00a0<a href=\"https:\/\/www.facebook.com\/events\/1245589885501367\/\">https:\/\/www.facebook.com\/events\/1245589885501367\/<\/a>,\u00a0 \u00e8 una piece teatrale itinerante in una location non convenzionale ambientata tra il 2008 e il 2010, quando 58 dipendenti della societ\u00e0 di telefonia France Telecom si tolsero la vita. Nel mirino della storia l\u2019attivit\u00e0 dei manager durante il piano di riorganizzazione. \u00a0<\/span><\/p>\n<p style=\"text-align: justify;\"><span style=\"font-weight: 400;\">Il pubblico in questa inusuale piece \u00e8 introdotto e guidato nei luoghi dove si immagina che i fatti avvennero. Nel percorso, attraverso le storie di alcuni dipendenti, ricostruita la vicenda della privatizzazione del colosso di telefonia francese attuata con un uso spietato e sistematico del mobbing. Nel testo realt\u00e0 e finzione si confondono e i personaggi \u00a0si rivelano, nell\u2019intimit\u00e0 di una stanza, ripercorrono \u00a0il passaggio dalla normalit\u00e0 al momento in cui si frantuma. E a tratti le parole dei personaggi si mescolano con quelle realmente scritte, lasciate sotto una finestra dai dipendenti che si tolsero la vita.<\/span><\/p>\n<p style=\"text-align: justify;\"><span style=\"font-weight: 400;\">Morire di lavoro \u00e8 inaccettabile, eppure la follia a quanto pare resta una tentazione forte laddove le leggi del mercato hanno reso il rapporto tra una grande organizzazione e le persone che lavorano al suo interno mostruoso e a tratti addirittura ridicolo. \u00a0La follia diventa liberazione da un ordine che \u00e8 profondamente disumano, perch\u00e8 esige la perdita dell&#8217;uomo. La salvezza sembra impossibile da trovare eppure \u00e8 vicinissima.\u00a0<\/span>Lo scontro non voluto tra due personaggi agli estremi produrr\u00e0 una situazione grottesca e perfino comica, in un continuo ribaltamento di ruoli destinato a condurci verso un finale imprevedibile.<\/p>\n<figure id=\"attachment_5127\" aria-describedby=\"caption-attachment-5127\" style=\"width: 300px\" class=\"wp-caption alignright\"><img loading=\"lazy\" decoding=\"async\" class=\"size-medium wp-image-5127\" src=\"https:\/\/www.romaoggi.eu\/wp-content\/uploads\/2016\/11\/Leti-7-300x200.jpg\" alt=\"Letizia Letza\" width=\"300\" height=\"200\" srcset=\"https:\/\/www.romaoggi.eu\/wp-content\/uploads\/2016\/11\/Leti-7-300x200.jpg 300w, https:\/\/www.romaoggi.eu\/wp-content\/uploads\/2016\/11\/Leti-7-1024x683.jpg 1024w, https:\/\/www.romaoggi.eu\/wp-content\/uploads\/2016\/11\/Leti-7.jpg 1600w\" sizes=\"auto, (max-width: 300px) 100vw, 300px\" \/><figcaption id=\"caption-attachment-5127\" class=\"wp-caption-text\">Letizia Letza<\/figcaption><\/figure>\n<p style=\"text-align: justify;\">Ad una delle protagoniste femminili de La moda dei suicidi, \u00a0<strong>Letizia Letza,<\/strong> attrice eclettica e sempre impegnata in personaggi fuori dal comune<strong>,\u00a0<\/strong>abbiamo chiesto:<\/p>\n<p style=\"text-align: justify;\"><b>Qual \u00e8 il suo ruolo nella pi\u00e9c\u00e9?<\/b><b><br \/>\n&#8220;<\/b><em>Il mio ruolo \u00e8 quello di una centralinista suicida. Una segretaria laureata, le cui mansioni diventano obsolete, sostituita da computer e cellulari; i cui continui trasferimenti di scrivania ma soprattutto di ruoli e mansioni sempre pi\u00f9 alienanti, la portano ad esaurire l&#8217;entusiasmo con cui comincia ogni nuova avventura sempre pi\u00f9 rapidamente. Circondata da colleghi che si tolgono la vita, si aggrappa ai numeri ed ai calcoli come a cercare una ragione che la tenga in vita, nonostante l&#8217;assoluta certezza tremenda di essere inutile. Ore ed ore con cuffie e microfono a vendere servizi telefonici, chiusa in un cubicolo, senza parlare con nessuno, a parte i contatti telefonici che le d\u00e0 l&#8217;azienda, la portano a vere e proprie allucinazioni sonore. Ha le orecchie piene di mosche e c&#8217;\u00e8 solo un modo per far smettere le mosche di ronzarle in testa: morire&#8221;.<\/em><\/p>\n<p style=\"text-align: justify;\"><b>Come si sta preparando a questo spettacolo?<\/b><b><br \/>\n<\/b><b>&#8220;<\/b><em>Mi sto preparando celebrando il pi\u00f9 possibile la vita, quando non sono in prova. Quando si affrontano temi cos\u00ec cupi e dolorosi, bisogna nutrirsi di amore e bellezza per non cadervi dentro. Inoltre, tutte queste persone che si sono tolte la vita, in principio erano vitali. Sono state svuotate da un sistema feroce e agghiacciante che tende a renderle sempre pi\u00f9 sole e vuote. Il mio compito \u00e8 entrare in scena vitale e lasciarmi svuotare piano piano dalle circostanze che quotidianamente il mio personaggio vive e subisce, fino ad un epilogo che sembra l&#8217;unica via d&#8217;uscita. Pi\u00f9 sar\u00f2 vitale, pi\u00f9 assurda apparir\u00e0 la morte per lavoro&#8221;.<\/em><\/p>\n<p>Antonietta Di Vizia<\/p>\n<p>&nbsp;<\/p>\n","protected":false},"excerpt":{"rendered":"<div class=\"mh-excerpt\"><p>In scena per quattro fine settimana di seguito dal 25 novembre 2016, \u00a0La moda dei suicidi\u00a0di Marco Avarello,\u00a0con Marius Biz\u0103u, Vittorio Ciardo, Antonella Civale, Letizia Letza, Marta Nuti, Giuseppe Grisafi, Tiziana Scrocca, Fabio Morici, Marco <a class=\"mh-excerpt-more\" href=\"https:\/\/www.romaoggi.eu\/index.php\/2016\/11\/23\/la-moda-dei-suicidi-di-marco-avarello\/\" title=\"La Moda dei suicidi di Marco Avarello in scena dal 25 novembre\">[&#8230;]<\/a><\/p>\n<\/div>","protected":false},"author":3,"featured_media":5136,"comment_status":"open","ping_status":"open","sticky":false,"template":"","format":"standard","meta":{"_sitemap_exclude":false,"_sitemap_priority":"","_sitemap_frequency":"","footnotes":""},"categories":[4],"tags":[3797,3801,3794,3799,3783,1598,3793,3792,3802,3795,3798,85,3800,3796],"class_list":["post-5110","post","type-post","status-publish","format-standard","has-post-thumbnail","hentry","category-spettacolo","tag-antonella-civale","tag-fabio-morici","tag-france-telecom","tag-giuseppe-grisafi","tag-la-moda-dei-suicidi","tag-letizia-letza","tag-linda-di-pietro","tag-marco-avarello","tag-marco-zingaro","tag-marius-bizau","tag-marta-nuti","tag-teatro","tag-tiziana-scrocca","tag-vittorio-ciardo"],"yoast_head":"<!-- This site is optimized with the Yoast SEO plugin v27.4 - https:\/\/yoast.com\/product\/yoast-seo-wordpress\/ -->\n<title>La Moda dei suicidi di Marco Avarello in scena dal 25 novembre<\/title>\n<meta name=\"description\" content=\"La moda dei suicidi di Marco Avarello, regia di Linda Di Pietro. in scena dal 25 novembre a Roma, porta in scena la storia di France Telecom.\" \/>\n<meta name=\"robots\" content=\"index, follow, max-snippet:-1, max-image-preview:large, max-video-preview:-1\" \/>\n<link rel=\"canonical\" href=\"https:\/\/www.romaoggi.eu\/index.php\/2016\/11\/23\/la-moda-dei-suicidi-di-marco-avarello\/\" \/>\n<meta property=\"og:locale\" content=\"it_IT\" \/>\n<meta property=\"og:type\" content=\"article\" \/>\n<meta property=\"og:title\" content=\"La Moda dei suicidi di Marco Avarello in scena dal 25 novembre\" \/>\n<meta property=\"og:description\" content=\"La moda dei suicidi di Marco Avarello, regia di Linda Di Pietro. in scena dal 25 novembre a Roma, porta in scena la storia di France Telecom.\" \/>\n<meta property=\"og:url\" content=\"https:\/\/www.romaoggi.eu\/index.php\/2016\/11\/23\/la-moda-dei-suicidi-di-marco-avarello\/\" \/>\n<meta property=\"og:site_name\" content=\"roma oggi\" \/>\n<meta property=\"article:publisher\" content=\"https:\/\/www.facebook.com\/RomaOggi-841544845954114\" \/>\n<meta property=\"article:published_time\" content=\"2016-11-23T15:19:03+00:00\" \/>\n<meta property=\"og:image\" content=\"https:\/\/www.romaoggi.eu\/wp-content\/uploads\/2016\/11\/locandina-4.jpg\" \/>\n\t<meta property=\"og:image:width\" content=\"257\" \/>\n\t<meta property=\"og:image:height\" content=\"260\" \/>\n\t<meta property=\"og:image:type\" content=\"image\/jpeg\" \/>\n<meta name=\"author\" content=\"Antonietta Di Vizia\" \/>\n<meta name=\"twitter:card\" content=\"summary_large_image\" \/>\n<meta name=\"twitter:creator\" content=\"@romaoggi_eu\" \/>\n<meta name=\"twitter:site\" content=\"@romaoggi_eu\" \/>\n<meta name=\"twitter:label1\" content=\"Scritto da\" \/>\n\t<meta name=\"twitter:data1\" content=\"Antonietta Di Vizia\" \/>\n\t<meta name=\"twitter:label2\" content=\"Tempo di lettura stimato\" \/>\n\t<meta name=\"twitter:data2\" content=\"3 minuti\" \/>\n<script type=\"application\/ld+json\" class=\"yoast-schema-graph\">{\"@context\":\"https:\\\/\\\/schema.org\",\"@graph\":[{\"@type\":\"Article\",\"@id\":\"https:\\\/\\\/www.romaoggi.eu\\\/index.php\\\/2016\\\/11\\\/23\\\/la-moda-dei-suicidi-di-marco-avarello\\\/#article\",\"isPartOf\":{\"@id\":\"https:\\\/\\\/www.romaoggi.eu\\\/index.php\\\/2016\\\/11\\\/23\\\/la-moda-dei-suicidi-di-marco-avarello\\\/\"},\"author\":{\"name\":\"Antonietta Di Vizia\",\"@id\":\"https:\\\/\\\/www.romaoggi.eu\\\/#\\\/schema\\\/person\\\/c8ca1fb64b5506391fff5f822a866c23\"},\"headline\":\"La Moda dei suicidi di Marco Avarello in scena dal 25 novembre\",\"datePublished\":\"2016-11-23T15:19:03+00:00\",\"mainEntityOfPage\":{\"@id\":\"https:\\\/\\\/www.romaoggi.eu\\\/index.php\\\/2016\\\/11\\\/23\\\/la-moda-dei-suicidi-di-marco-avarello\\\/\"},\"wordCount\":613,\"commentCount\":0,\"publisher\":{\"@id\":\"https:\\\/\\\/www.romaoggi.eu\\\/#organization\"},\"image\":{\"@id\":\"https:\\\/\\\/www.romaoggi.eu\\\/index.php\\\/2016\\\/11\\\/23\\\/la-moda-dei-suicidi-di-marco-avarello\\\/#primaryimage\"},\"thumbnailUrl\":\"https:\\\/\\\/www.romaoggi.eu\\\/wp-content\\\/uploads\\\/2016\\\/11\\\/locandina-4.jpg\",\"keywords\":[\"antonella civale\",\"Fabio Morici\",\"france telecom\",\"Giuseppe Grisafi\",\"la moda dei suicidi\",\"Letizia Letza\",\"linda di pietro\",\"marco avarello\",\"Marco Zingaro\",\"Marius Biz\u0103u\",\"Marta Nuti\",\"teatro\",\"Tiziana Scrocca\",\"vittorio ciardo\"],\"articleSection\":[\"Spettacolo\"],\"inLanguage\":\"it-IT\",\"potentialAction\":[{\"@type\":\"CommentAction\",\"name\":\"Comment\",\"target\":[\"https:\\\/\\\/www.romaoggi.eu\\\/index.php\\\/2016\\\/11\\\/23\\\/la-moda-dei-suicidi-di-marco-avarello\\\/#respond\"]}]},{\"@type\":\"WebPage\",\"@id\":\"https:\\\/\\\/www.romaoggi.eu\\\/index.php\\\/2016\\\/11\\\/23\\\/la-moda-dei-suicidi-di-marco-avarello\\\/\",\"url\":\"https:\\\/\\\/www.romaoggi.eu\\\/index.php\\\/2016\\\/11\\\/23\\\/la-moda-dei-suicidi-di-marco-avarello\\\/\",\"name\":\"La Moda dei suicidi di Marco Avarello in scena dal 25 novembre\",\"isPartOf\":{\"@id\":\"https:\\\/\\\/www.romaoggi.eu\\\/#website\"},\"primaryImageOfPage\":{\"@id\":\"https:\\\/\\\/www.romaoggi.eu\\\/index.php\\\/2016\\\/11\\\/23\\\/la-moda-dei-suicidi-di-marco-avarello\\\/#primaryimage\"},\"image\":{\"@id\":\"https:\\\/\\\/www.romaoggi.eu\\\/index.php\\\/2016\\\/11\\\/23\\\/la-moda-dei-suicidi-di-marco-avarello\\\/#primaryimage\"},\"thumbnailUrl\":\"https:\\\/\\\/www.romaoggi.eu\\\/wp-content\\\/uploads\\\/2016\\\/11\\\/locandina-4.jpg\",\"datePublished\":\"2016-11-23T15:19:03+00:00\",\"description\":\"La moda dei suicidi di Marco Avarello, regia di Linda Di Pietro. in scena dal 25 novembre a Roma, porta in scena la storia di France Telecom.\",\"breadcrumb\":{\"@id\":\"https:\\\/\\\/www.romaoggi.eu\\\/index.php\\\/2016\\\/11\\\/23\\\/la-moda-dei-suicidi-di-marco-avarello\\\/#breadcrumb\"},\"inLanguage\":\"it-IT\",\"potentialAction\":[{\"@type\":\"ReadAction\",\"target\":[\"https:\\\/\\\/www.romaoggi.eu\\\/index.php\\\/2016\\\/11\\\/23\\\/la-moda-dei-suicidi-di-marco-avarello\\\/\"]}]},{\"@type\":\"ImageObject\",\"inLanguage\":\"it-IT\",\"@id\":\"https:\\\/\\\/www.romaoggi.eu\\\/index.php\\\/2016\\\/11\\\/23\\\/la-moda-dei-suicidi-di-marco-avarello\\\/#primaryimage\",\"url\":\"https:\\\/\\\/www.romaoggi.eu\\\/wp-content\\\/uploads\\\/2016\\\/11\\\/locandina-4.jpg\",\"contentUrl\":\"https:\\\/\\\/www.romaoggi.eu\\\/wp-content\\\/uploads\\\/2016\\\/11\\\/locandina-4.jpg\",\"width\":257,\"height\":260},{\"@type\":\"BreadcrumbList\",\"@id\":\"https:\\\/\\\/www.romaoggi.eu\\\/index.php\\\/2016\\\/11\\\/23\\\/la-moda-dei-suicidi-di-marco-avarello\\\/#breadcrumb\",\"itemListElement\":[{\"@type\":\"ListItem\",\"position\":1,\"name\":\"Home\",\"item\":\"https:\\\/\\\/www.romaoggi.eu\\\/\"},{\"@type\":\"ListItem\",\"position\":2,\"name\":\"La Moda dei suicidi di Marco Avarello in scena dal 25 novembre\"}]},{\"@type\":\"WebSite\",\"@id\":\"https:\\\/\\\/www.romaoggi.eu\\\/#website\",\"url\":\"https:\\\/\\\/www.romaoggi.eu\\\/\",\"name\":\"roma oggi\",\"description\":\"Interesting News for Interesting people\",\"publisher\":{\"@id\":\"https:\\\/\\\/www.romaoggi.eu\\\/#organization\"},\"potentialAction\":[{\"@type\":\"SearchAction\",\"target\":{\"@type\":\"EntryPoint\",\"urlTemplate\":\"https:\\\/\\\/www.romaoggi.eu\\\/?s={search_term_string}\"},\"query-input\":{\"@type\":\"PropertyValueSpecification\",\"valueRequired\":true,\"valueName\":\"search_term_string\"}}],\"inLanguage\":\"it-IT\"},{\"@type\":\"Organization\",\"@id\":\"https:\\\/\\\/www.romaoggi.eu\\\/#organization\",\"name\":\"RomaOggi\",\"url\":\"https:\\\/\\\/www.romaoggi.eu\\\/\",\"logo\":{\"@type\":\"ImageObject\",\"inLanguage\":\"it-IT\",\"@id\":\"https:\\\/\\\/www.romaoggi.eu\\\/#\\\/schema\\\/logo\\\/image\\\/\",\"url\":\"https:\\\/\\\/www.romaoggi.eu\\\/wp-content\\\/uploads\\\/2017\\\/04\\\/logowp.jpg\",\"contentUrl\":\"https:\\\/\\\/www.romaoggi.eu\\\/wp-content\\\/uploads\\\/2017\\\/04\\\/logowp.jpg\",\"width\":300,\"height\":133,\"caption\":\"RomaOggi\"},\"image\":{\"@id\":\"https:\\\/\\\/www.romaoggi.eu\\\/#\\\/schema\\\/logo\\\/image\\\/\"},\"sameAs\":[\"https:\\\/\\\/www.facebook.com\\\/RomaOggi-841544845954114\",\"https:\\\/\\\/x.com\\\/romaoggi_eu\"]},{\"@type\":\"Person\",\"@id\":\"https:\\\/\\\/www.romaoggi.eu\\\/#\\\/schema\\\/person\\\/c8ca1fb64b5506391fff5f822a866c23\",\"name\":\"Antonietta Di Vizia\",\"image\":{\"@type\":\"ImageObject\",\"inLanguage\":\"it-IT\",\"@id\":\"https:\\\/\\\/secure.gravatar.com\\\/avatar\\\/2ad571aa3fbfe3089b06ed5617adf58717b9359c0c97cf9b52804fb2dac293f2?s=96&d=mm&r=g\",\"url\":\"https:\\\/\\\/secure.gravatar.com\\\/avatar\\\/2ad571aa3fbfe3089b06ed5617adf58717b9359c0c97cf9b52804fb2dac293f2?s=96&d=mm&r=g\",\"contentUrl\":\"https:\\\/\\\/secure.gravatar.com\\\/avatar\\\/2ad571aa3fbfe3089b06ed5617adf58717b9359c0c97cf9b52804fb2dac293f2?s=96&d=mm&r=g\",\"caption\":\"Antonietta Di Vizia\"},\"url\":\"https:\\\/\\\/www.romaoggi.eu\\\/index.php\\\/author\\\/antonietta\\\/\"}]}<\/script>\n<!-- \/ Yoast SEO plugin. -->","yoast_head_json":{"title":"La Moda dei suicidi di Marco Avarello in scena dal 25 novembre","description":"La moda dei suicidi di Marco Avarello, regia di Linda Di Pietro. in scena dal 25 novembre a Roma, porta in scena la storia di France Telecom.","robots":{"index":"index","follow":"follow","max-snippet":"max-snippet:-1","max-image-preview":"max-image-preview:large","max-video-preview":"max-video-preview:-1"},"canonical":"https:\/\/www.romaoggi.eu\/index.php\/2016\/11\/23\/la-moda-dei-suicidi-di-marco-avarello\/","og_locale":"it_IT","og_type":"article","og_title":"La Moda dei suicidi di Marco Avarello in scena dal 25 novembre","og_description":"La moda dei suicidi di Marco Avarello, regia di Linda Di Pietro. in scena dal 25 novembre a Roma, porta in scena la storia di France Telecom.","og_url":"https:\/\/www.romaoggi.eu\/index.php\/2016\/11\/23\/la-moda-dei-suicidi-di-marco-avarello\/","og_site_name":"roma oggi","article_publisher":"https:\/\/www.facebook.com\/RomaOggi-841544845954114","article_published_time":"2016-11-23T15:19:03+00:00","og_image":[{"width":257,"height":260,"url":"https:\/\/www.romaoggi.eu\/wp-content\/uploads\/2016\/11\/locandina-4.jpg","type":"image\/jpeg"}],"author":"Antonietta Di Vizia","twitter_card":"summary_large_image","twitter_creator":"@romaoggi_eu","twitter_site":"@romaoggi_eu","twitter_misc":{"Scritto da":"Antonietta Di Vizia","Tempo di lettura stimato":"3 minuti"},"schema":{"@context":"https:\/\/schema.org","@graph":[{"@type":"Article","@id":"https:\/\/www.romaoggi.eu\/index.php\/2016\/11\/23\/la-moda-dei-suicidi-di-marco-avarello\/#article","isPartOf":{"@id":"https:\/\/www.romaoggi.eu\/index.php\/2016\/11\/23\/la-moda-dei-suicidi-di-marco-avarello\/"},"author":{"name":"Antonietta Di Vizia","@id":"https:\/\/www.romaoggi.eu\/#\/schema\/person\/c8ca1fb64b5506391fff5f822a866c23"},"headline":"La Moda dei suicidi di Marco Avarello in scena dal 25 novembre","datePublished":"2016-11-23T15:19:03+00:00","mainEntityOfPage":{"@id":"https:\/\/www.romaoggi.eu\/index.php\/2016\/11\/23\/la-moda-dei-suicidi-di-marco-avarello\/"},"wordCount":613,"commentCount":0,"publisher":{"@id":"https:\/\/www.romaoggi.eu\/#organization"},"image":{"@id":"https:\/\/www.romaoggi.eu\/index.php\/2016\/11\/23\/la-moda-dei-suicidi-di-marco-avarello\/#primaryimage"},"thumbnailUrl":"https:\/\/www.romaoggi.eu\/wp-content\/uploads\/2016\/11\/locandina-4.jpg","keywords":["antonella civale","Fabio Morici","france telecom","Giuseppe Grisafi","la moda dei suicidi","Letizia Letza","linda di pietro","marco avarello","Marco Zingaro","Marius Biz\u0103u","Marta Nuti","teatro","Tiziana Scrocca","vittorio ciardo"],"articleSection":["Spettacolo"],"inLanguage":"it-IT","potentialAction":[{"@type":"CommentAction","name":"Comment","target":["https:\/\/www.romaoggi.eu\/index.php\/2016\/11\/23\/la-moda-dei-suicidi-di-marco-avarello\/#respond"]}]},{"@type":"WebPage","@id":"https:\/\/www.romaoggi.eu\/index.php\/2016\/11\/23\/la-moda-dei-suicidi-di-marco-avarello\/","url":"https:\/\/www.romaoggi.eu\/index.php\/2016\/11\/23\/la-moda-dei-suicidi-di-marco-avarello\/","name":"La Moda dei suicidi di Marco Avarello in scena dal 25 novembre","isPartOf":{"@id":"https:\/\/www.romaoggi.eu\/#website"},"primaryImageOfPage":{"@id":"https:\/\/www.romaoggi.eu\/index.php\/2016\/11\/23\/la-moda-dei-suicidi-di-marco-avarello\/#primaryimage"},"image":{"@id":"https:\/\/www.romaoggi.eu\/index.php\/2016\/11\/23\/la-moda-dei-suicidi-di-marco-avarello\/#primaryimage"},"thumbnailUrl":"https:\/\/www.romaoggi.eu\/wp-content\/uploads\/2016\/11\/locandina-4.jpg","datePublished":"2016-11-23T15:19:03+00:00","description":"La moda dei suicidi di Marco Avarello, regia di Linda Di Pietro. in scena dal 25 novembre a Roma, porta in scena la storia di France Telecom.","breadcrumb":{"@id":"https:\/\/www.romaoggi.eu\/index.php\/2016\/11\/23\/la-moda-dei-suicidi-di-marco-avarello\/#breadcrumb"},"inLanguage":"it-IT","potentialAction":[{"@type":"ReadAction","target":["https:\/\/www.romaoggi.eu\/index.php\/2016\/11\/23\/la-moda-dei-suicidi-di-marco-avarello\/"]}]},{"@type":"ImageObject","inLanguage":"it-IT","@id":"https:\/\/www.romaoggi.eu\/index.php\/2016\/11\/23\/la-moda-dei-suicidi-di-marco-avarello\/#primaryimage","url":"https:\/\/www.romaoggi.eu\/wp-content\/uploads\/2016\/11\/locandina-4.jpg","contentUrl":"https:\/\/www.romaoggi.eu\/wp-content\/uploads\/2016\/11\/locandina-4.jpg","width":257,"height":260},{"@type":"BreadcrumbList","@id":"https:\/\/www.romaoggi.eu\/index.php\/2016\/11\/23\/la-moda-dei-suicidi-di-marco-avarello\/#breadcrumb","itemListElement":[{"@type":"ListItem","position":1,"name":"Home","item":"https:\/\/www.romaoggi.eu\/"},{"@type":"ListItem","position":2,"name":"La Moda dei suicidi di Marco Avarello in scena dal 25 novembre"}]},{"@type":"WebSite","@id":"https:\/\/www.romaoggi.eu\/#website","url":"https:\/\/www.romaoggi.eu\/","name":"roma oggi","description":"Interesting News for Interesting people","publisher":{"@id":"https:\/\/www.romaoggi.eu\/#organization"},"potentialAction":[{"@type":"SearchAction","target":{"@type":"EntryPoint","urlTemplate":"https:\/\/www.romaoggi.eu\/?s={search_term_string}"},"query-input":{"@type":"PropertyValueSpecification","valueRequired":true,"valueName":"search_term_string"}}],"inLanguage":"it-IT"},{"@type":"Organization","@id":"https:\/\/www.romaoggi.eu\/#organization","name":"RomaOggi","url":"https:\/\/www.romaoggi.eu\/","logo":{"@type":"ImageObject","inLanguage":"it-IT","@id":"https:\/\/www.romaoggi.eu\/#\/schema\/logo\/image\/","url":"https:\/\/www.romaoggi.eu\/wp-content\/uploads\/2017\/04\/logowp.jpg","contentUrl":"https:\/\/www.romaoggi.eu\/wp-content\/uploads\/2017\/04\/logowp.jpg","width":300,"height":133,"caption":"RomaOggi"},"image":{"@id":"https:\/\/www.romaoggi.eu\/#\/schema\/logo\/image\/"},"sameAs":["https:\/\/www.facebook.com\/RomaOggi-841544845954114","https:\/\/x.com\/romaoggi_eu"]},{"@type":"Person","@id":"https:\/\/www.romaoggi.eu\/#\/schema\/person\/c8ca1fb64b5506391fff5f822a866c23","name":"Antonietta Di Vizia","image":{"@type":"ImageObject","inLanguage":"it-IT","@id":"https:\/\/secure.gravatar.com\/avatar\/2ad571aa3fbfe3089b06ed5617adf58717b9359c0c97cf9b52804fb2dac293f2?s=96&d=mm&r=g","url":"https:\/\/secure.gravatar.com\/avatar\/2ad571aa3fbfe3089b06ed5617adf58717b9359c0c97cf9b52804fb2dac293f2?s=96&d=mm&r=g","contentUrl":"https:\/\/secure.gravatar.com\/avatar\/2ad571aa3fbfe3089b06ed5617adf58717b9359c0c97cf9b52804fb2dac293f2?s=96&d=mm&r=g","caption":"Antonietta Di Vizia"},"url":"https:\/\/www.romaoggi.eu\/index.php\/author\/antonietta\/"}]}},"_links":{"self":[{"href":"https:\/\/www.romaoggi.eu\/index.php\/wp-json\/wp\/v2\/posts\/5110","targetHints":{"allow":["GET"]}}],"collection":[{"href":"https:\/\/www.romaoggi.eu\/index.php\/wp-json\/wp\/v2\/posts"}],"about":[{"href":"https:\/\/www.romaoggi.eu\/index.php\/wp-json\/wp\/v2\/types\/post"}],"author":[{"embeddable":true,"href":"https:\/\/www.romaoggi.eu\/index.php\/wp-json\/wp\/v2\/users\/3"}],"replies":[{"embeddable":true,"href":"https:\/\/www.romaoggi.eu\/index.php\/wp-json\/wp\/v2\/comments?post=5110"}],"version-history":[{"count":13,"href":"https:\/\/www.romaoggi.eu\/index.php\/wp-json\/wp\/v2\/posts\/5110\/revisions"}],"predecessor-version":[{"id":5132,"href":"https:\/\/www.romaoggi.eu\/index.php\/wp-json\/wp\/v2\/posts\/5110\/revisions\/5132"}],"wp:featuredmedia":[{"embeddable":true,"href":"https:\/\/www.romaoggi.eu\/index.php\/wp-json\/wp\/v2\/media\/5136"}],"wp:attachment":[{"href":"https:\/\/www.romaoggi.eu\/index.php\/wp-json\/wp\/v2\/media?parent=5110"}],"wp:term":[{"taxonomy":"category","embeddable":true,"href":"https:\/\/www.romaoggi.eu\/index.php\/wp-json\/wp\/v2\/categories?post=5110"},{"taxonomy":"post_tag","embeddable":true,"href":"https:\/\/www.romaoggi.eu\/index.php\/wp-json\/wp\/v2\/tags?post=5110"}],"curies":[{"name":"wp","href":"https:\/\/api.w.org\/{rel}","templated":true}]}}