{"id":5172,"date":"2016-11-26T12:56:28","date_gmt":"2016-11-26T11:56:28","guid":{"rendered":"http:\/\/www.romaoggi.eu\/?p=5172"},"modified":"2016-11-26T12:56:28","modified_gmt":"2016-11-26T11:56:28","slug":"giornata-contro-la-violenza-sulle-donne","status":"publish","type":"post","link":"https:\/\/www.romaoggi.eu\/index.php\/2016\/11\/26\/giornata-contro-la-violenza-sulle-donne\/","title":{"rendered":"25 novembre- Giornata mondiale contro la violenza sulle Donne"},"content":{"rendered":"<p><strong><span style=\"color: #000000;\">Violenza sulle donne: campanelli d&#8217;allarme\u00a0<\/span><\/strong><\/p>\n<p style=\"text-align: justify;\"><span style=\"color: #000000;\">Il 25 novembre 2016, \u00a0giornata mondiale contro la violenza sulle donne abbiamo intervistato una stimata psicologa e psicoterapeuta,<strong> Annalisa Barbier<\/strong>, impegnata anche nel campo della prevenzione; come nel seminario ad ingresso libero che si \u00e8 svolto lo scorso 18 novembre presso l\u2019Universit\u00e0 eCampus,\u00a0<a href=\"http:\/\/www.universita-telematica.it\/\">http:\/\/www.universita-telematica.it\/<\/a>, di Via Matera, a Roma. Protagoniste di questo incontro sono state: la dott.ssa <strong>Cinzia Mammoliti<\/strong> criminologa, la psicologa e psicoterapeuta Annalisa Barbier, la Dott.ssa <strong>Deborah Di Donna<\/strong>. Il seminario \u00e8 stato coordinato dall\u2019Avv. <strong>Rita Neri<\/strong> e la Dott.ssa <strong>Carmen Santilli<\/strong>. e aveva principalmente come oggetto le dinamiche relazionali disfunzionali con un focus sul tema del narcisismo patologico. \u00a0<\/span><span style=\"color: #000000;\">La Dott.ssa Barbier si \u00e8 prestata per questa intervista a ridurre la complessit\u00e0 del tema, chiosando che non le piace generalizzare, in quanto il suo \u00e8 \u201cun approccio soggettivo alle singole situazioni\u201d. Si \u00e8 prestata per\u00f2 a farlo per rendere il tema fruibile ad un pubblico pi\u00f9 vasto e variegato. Nell\u2019 effettuare questa semplificazione ricordiamo per\u00f2 che esistono diverse varianti e sfumature dei casi e delle personalit\u00e0 coinvolte. In questo articolo daremo una visione generale seppur attenta.<\/span><\/p>\n<p style=\"text-align: justify;\"><img loading=\"lazy\" decoding=\"async\" class=\"alignleft wp-image-5179 size-medium\" src=\"https:\/\/www.romaoggi.eu\/wp-content\/uploads\/2016\/11\/image-214x300.jpg\" alt=\"violenza sulle donne\" width=\"214\" height=\"300\" srcset=\"https:\/\/www.romaoggi.eu\/wp-content\/uploads\/2016\/11\/image-214x300.jpg 214w, https:\/\/www.romaoggi.eu\/wp-content\/uploads\/2016\/11\/image.jpg 273w\" sizes=\"auto, (max-width: 214px) 100vw, 214px\" \/><\/p>\n<p style=\"text-align: justify;\"><b><span style=\"color: #000000;\">Dott.ssa Barbier, nel vostro seminario avete parlato di <i>dinamiche relazionali disfunzionali<\/i><\/span><span style=\"color: #000000;\">, quindi di una diade, di una relazione tra due soggetti? \u00a0<\/span><\/b><span style=\"color: #000000;\">\u201c<em>S\u00ec, assolutamente. Il ruolo della vittima \u00e8 importante. Questo non significa colpevolizzare la vittima. Ci\u00f2 viene spesso frainteso. Esiste una scienza, che si chiama vittimologia, che si occupa di studiare le caratteristiche di alcune persone nel predisporle a diventare vittime di alcuni specifici meccanismi, nella fattispecie di relazioni abusanti.<\/em>\u201d<\/span><\/p>\n<p style=\"text-align: justify;\"><b><span style=\"color: #000000;\">I vostri incontri hanno lo scopo di sensibilizzare e prevenire gli abusi, insegnando a riconoscere i campanelli d\u2019allarme. Quali sono le caratteristiche studiate che predispongono a queste relazioni abusanti?\u00a0<\/span><\/b><span style=\"color: #000000;\"><em>\u201cParliamo per ora di donne. Sono donne fragili quelle pi\u00f9 esposte, tendenti all\u2019iper-responsabilizzazione, bisognose di sostegno. In alcuni casi hanno un disturbo di personalit\u00e0 dipendente, in alcuni casi. Hanno difficolt\u00e0 a gestire le proprie emozioni spiacevoli, considerano l\u2019altro una sorta di puntello, antidolorifico verso questo tipo di emozioni quali: l\u2019angoscia, il senso di solitudine, la paura di non farcela da sole. Sono donne spesso sole e\/o che hanno una rete sociale inconsistente. Sono molto legate al bisogno di dare sempre di s\u00e9 una immagine perfetta. Sono convinte di poter controllare la relazione, di dover fare andare sempre bene le cose \u2026.<\/em>\u201d<\/span><\/p>\n<p style=\"text-align: justify;\"><span style=\"color: #000000;\"><b>Rimanda un po\u2019 allo stereotipo della crocerossina<\/b>?<em>\u00a0<\/em><\/span><em><span style=\"color: #000000;\">\u201cAssolutamente s\u00ec.\u201d &lt;&lt;io ti salver\u00f2&gt;&gt;, &lt;&lt;io far\u00f2 andare bene le cose&gt;&gt;, &lt;&lt; io ti cambier\u00f2&gt;&gt;, &lt;&lt; io ti far\u00f2 diventare come io voglio, come penso tu debba essere&gt;&gt;.<\/span><\/em><\/p>\n<p style=\"text-align: justify;\"><b><span style=\"color: #000000;\">Ci sono anche altre tipologie di donne?\u00a0<\/span><\/b><em><span style=\"color: #000000;\">\u201cCi sono anche donne che dal punto di vista professionale sono forti, in gamba, di successo, ma non dal punto di vista relazionale. Tendono a cadere in una situazione di questo tipo perch\u00e9 di fondo c\u2019\u00e8 questo bisogno e necessit\u00e0 di dimostrare di essere sempre brave, capaci, buone, tolleranti. Spesso questa equazione si realizza nel seguente modo: sono brava\u00a0 <\/span><span style=\"color: #000000;\">-&gt; merito di essere amata. Merito di essere amata <\/span><span style=\"color: #000000;\">solo se<\/span><span style=\"color: #000000;\"> oppure <\/span><span style=\"color: #000000;\">quando<\/span> <span style=\"color: #000000;\">sono:<\/span><\/em><span style=\"color: #000000;\"><em> tollerante, guarisco l\u2019altro mi occupo di curare l\u2019altro, mi occupo della relazione, faccio andare tutto alla perfezione. Quando dimostro di essere brava, corretta.<\/em>\u201d<\/span><\/p>\n<p style=\"text-align: justify;\"><img loading=\"lazy\" decoding=\"async\" class=\"alignright wp-image-5178 size-medium\" src=\"https:\/\/www.romaoggi.eu\/wp-content\/uploads\/2016\/11\/15129663_1312377668795080_4836036677093359252_o-300x168.jpg\" alt=\"violenza sulle donne\" width=\"300\" height=\"168\" srcset=\"https:\/\/www.romaoggi.eu\/wp-content\/uploads\/2016\/11\/15129663_1312377668795080_4836036677093359252_o-300x168.jpg 300w, https:\/\/www.romaoggi.eu\/wp-content\/uploads\/2016\/11\/15129663_1312377668795080_4836036677093359252_o-1024x575.jpg 1024w, https:\/\/www.romaoggi.eu\/wp-content\/uploads\/2016\/11\/15129663_1312377668795080_4836036677093359252_o-678x381.jpg 678w, https:\/\/www.romaoggi.eu\/wp-content\/uploads\/2016\/11\/15129663_1312377668795080_4836036677093359252_o.jpg 1600w\" sizes=\"auto, (max-width: 300px) 100vw, 300px\" \/><\/p>\n<p style=\"text-align: justify;\"><b><span style=\"color: #000000;\">Non aiuta ad evitare queste relazioni abusanti lo stereotipo sociale della donna che vige in Italia quindi?\u00a0 <\/span><span style=\"color: #000000;\">Ritorniamo per\u00f2 al tema specifico, quali sono i fattori che determinano questo fenomeno?\u00a0<\/span><\/b><em><span style=\"color: #000000;\">\u201cCi sono diversi fattori che influiscono su questo genere di disposizione, non ultima la famiglia d\u2019origine. Nella quasi totalit\u00e0 dei casi nelle relazioni abusanti si riscontrano esperienze affettive all\u2019interno della famiglia d\u2019origine disfunzionali, abusanti, questo a monte. Non solo fisicamente.\u201d<\/span><\/em><\/p>\n<p style=\"text-align: justify;\"><b><span style=\"color: #000000;\">Ci sono dal punto di vista socio-culturale delle categorie di donne pi\u00f9 colpite?\u00a0<\/span><\/b><span style=\"color: #000000;\">\u201c<em>Nel senso di variabili sociali \u00e8 abbastanza trasversale, \u00e8 importante la famiglia d\u2019origine. Pu\u00f2 capitare a tutti, ma ci sono persone che hanno una specie di anticorpi.\u201d<\/em><\/span><\/p>\n<p style=\"text-align: justify;\"><b><span style=\"color: #000000;\">Quali sono questi <i>anticorpi<\/i><\/span><span style=\"color: #000000;\">?\u00a0<\/span><\/b><span style=\"color: #000000;\">\u201c<em>Gli anticorpi sono rappresentati dalla stima di s\u00e9. Quindi \u00e8 importante una buona autostima, un solido senso della propria &#8220;integrit\u00e0<\/em><\/span><span style=\"color: #000000;\"><em>&#8220;; l&#8217;accoglimento dei propri limiti e confini, in quanto essere umano fallibile, non obbligato ad essere &#8220;perfetto&#8221;, la sensazione di essere degni di amore e di considerazione nella relazione con l&#8217;altro; la fiducia nel fatto che l&#8217;altro ci potr\u00e0 apprezzare ed amare nonostante i nostri difetti, i nostri limiti e fragilit\u00e0. Insomma \u00e8 importante che vi sia una capacit\u00e0 di relazione sana ed equilibrata. In questo senso, gli anticorpi si formano nelle primarie esperienze di relazione con la figura di accudimento (in generale la madre), che permette al bimbo di formarsi un&#8217;idea di s\u00e9 positiva e degna di amore, e dell&#8217;altro come di una persona affidabile e capace di avere cura di noi, di soddisfare la maggior parte dei nostri bisogni emotivi.<\/em>\u201d<\/span><\/p>\n<p style=\"text-align: justify;\"><b><span style=\"color: #000000;\">Riguardo i campanelli d\u2019allarme invece?\u00a0<\/span><\/b><span style=\"color: #000000;\"><em>&#8220;Noi ci accorgiamo sempre di quando c\u2019\u00e8 qualcosa che non va. Quando un uomo dice e non fa, parla e non agisce. Quando ci fa sentire in colpa, inadeguate, inadatte. Quando \u00e8 controllante, ci limita, quando dice &lt;&lt;penser\u00f2 a tutto io&gt;&gt; e ti isola dal contesto. Ci sono una serie di campanelli che chiunque \u00e8 in grado di percepire. Il punto \u00e8 che spesso molte donne, pur percependoli, si comportano come se non li avessero visti o danno loro una valutazione.. come dire.. di pi\u00f9 ampio margine. Danno una serie di giustificazioni atte a fars\u00ec che si possa continuare a stare in relazione. Questo per evitare di stare sole o evitare in generale il senso di solitudine&#8221;<\/em>.<\/span><\/p>\n<p style=\"text-align: justify;\"><b><span style=\"color: #000000;\">La ringrazio per il suo contributo e per l\u2019opera di sensibilizzazione che state svolgendo!<\/span><\/b><\/p>\n<p style=\"text-align: justify;\"><span style=\"color: #000000;\">Intervista di Laura Cardia<\/span><\/p>\n<p><span style=\"color: #000000; font-family: Calibri;\">\u00a0<\/span><\/p>\n","protected":false},"excerpt":{"rendered":"<div class=\"mh-excerpt\"><p>Violenza sulle donne: campanelli d&#8217;allarme\u00a0 Il 25 novembre 2016, \u00a0giornata mondiale contro la violenza sulle donne abbiamo intervistato una stimata psicologa e psicoterapeuta, Annalisa Barbier, impegnata anche nel campo della prevenzione; come nel seminario ad <a class=\"mh-excerpt-more\" href=\"https:\/\/www.romaoggi.eu\/index.php\/2016\/11\/26\/giornata-contro-la-violenza-sulle-donne\/\" title=\"25 novembre- Giornata mondiale contro la violenza sulle Donne\">[&#8230;]<\/a><\/p>\n<\/div>","protected":false},"author":3,"featured_media":5180,"comment_status":"open","ping_status":"open","sticky":false,"template":"","format":"standard","meta":{"_sitemap_exclude":false,"_sitemap_priority":"","_sitemap_frequency":"","footnotes":""},"categories":[7],"tags":[3825,3828,3824,3826,54,3823,3829,3827,116],"class_list":["post-5172","post","type-post","status-publish","format-standard","has-post-thumbnail","hentry","category-interviste","tag-annalisa-barbier","tag-carmen-santilli","tag-cinzia-mammoliti","tag-deborah-di-donna","tag-donne","tag-giornata-mondiale","tag-laura-cardia","tag-rita-neri","tag-violenza-sulle-donne"],"yoast_head":"<!-- This site is optimized with the Yoast SEO plugin v27.4 - https:\/\/yoast.com\/product\/yoast-seo-wordpress\/ -->\n<title>25 novembre- Giornata mondiale contro la violenza sulle Donne<\/title>\n<meta name=\"description\" content=\"Il 25 novembre 2016 giornata mondiale contro la violenza sulle donne, Laura Cardia ha intervistato la psicologa e psicoterapeuta, Annalisa Barbier.\" \/>\n<meta name=\"robots\" content=\"index, follow, max-snippet:-1, max-image-preview:large, max-video-preview:-1\" \/>\n<link rel=\"canonical\" href=\"https:\/\/www.romaoggi.eu\/index.php\/2016\/11\/26\/giornata-contro-la-violenza-sulle-donne\/\" \/>\n<meta property=\"og:locale\" content=\"it_IT\" \/>\n<meta property=\"og:type\" content=\"article\" \/>\n<meta property=\"og:title\" content=\"25 novembre- Giornata mondiale contro la violenza sulle Donne\" \/>\n<meta property=\"og:description\" content=\"Il 25 novembre 2016 giornata mondiale contro la violenza sulle donne, Laura Cardia ha intervistato la psicologa e psicoterapeuta, Annalisa Barbier.\" \/>\n<meta property=\"og:url\" content=\"https:\/\/www.romaoggi.eu\/index.php\/2016\/11\/26\/giornata-contro-la-violenza-sulle-donne\/\" \/>\n<meta property=\"og:site_name\" content=\"roma oggi\" \/>\n<meta property=\"article:publisher\" content=\"https:\/\/www.facebook.com\/RomaOggi-841544845954114\" \/>\n<meta property=\"article:published_time\" content=\"2016-11-26T11:56:28+00:00\" \/>\n<meta property=\"og:image\" content=\"https:\/\/www.romaoggi.eu\/wp-content\/uploads\/2016\/11\/15037345_1312377565461757_2583380386856971552_n.jpg\" \/>\n\t<meta property=\"og:image:width\" content=\"960\" \/>\n\t<meta property=\"og:image:height\" content=\"720\" \/>\n\t<meta property=\"og:image:type\" content=\"image\/jpeg\" \/>\n<meta name=\"author\" content=\"Antonietta Di Vizia\" \/>\n<meta name=\"twitter:card\" content=\"summary_large_image\" \/>\n<meta name=\"twitter:creator\" content=\"@romaoggi_eu\" \/>\n<meta name=\"twitter:site\" content=\"@romaoggi_eu\" \/>\n<meta name=\"twitter:label1\" content=\"Scritto da\" \/>\n\t<meta name=\"twitter:data1\" content=\"Antonietta Di Vizia\" \/>\n\t<meta name=\"twitter:label2\" content=\"Tempo di lettura stimato\" \/>\n\t<meta name=\"twitter:data2\" content=\"5 minuti\" \/>\n<script type=\"application\/ld+json\" class=\"yoast-schema-graph\">{\"@context\":\"https:\\\/\\\/schema.org\",\"@graph\":[{\"@type\":\"Article\",\"@id\":\"https:\\\/\\\/www.romaoggi.eu\\\/index.php\\\/2016\\\/11\\\/26\\\/giornata-contro-la-violenza-sulle-donne\\\/#article\",\"isPartOf\":{\"@id\":\"https:\\\/\\\/www.romaoggi.eu\\\/index.php\\\/2016\\\/11\\\/26\\\/giornata-contro-la-violenza-sulle-donne\\\/\"},\"author\":{\"name\":\"Antonietta Di Vizia\",\"@id\":\"https:\\\/\\\/www.romaoggi.eu\\\/#\\\/schema\\\/person\\\/c8ca1fb64b5506391fff5f822a866c23\"},\"headline\":\"25 novembre- Giornata mondiale contro la violenza sulle Donne\",\"datePublished\":\"2016-11-26T11:56:28+00:00\",\"mainEntityOfPage\":{\"@id\":\"https:\\\/\\\/www.romaoggi.eu\\\/index.php\\\/2016\\\/11\\\/26\\\/giornata-contro-la-violenza-sulle-donne\\\/\"},\"wordCount\":955,\"commentCount\":0,\"publisher\":{\"@id\":\"https:\\\/\\\/www.romaoggi.eu\\\/#organization\"},\"image\":{\"@id\":\"https:\\\/\\\/www.romaoggi.eu\\\/index.php\\\/2016\\\/11\\\/26\\\/giornata-contro-la-violenza-sulle-donne\\\/#primaryimage\"},\"thumbnailUrl\":\"https:\\\/\\\/www.romaoggi.eu\\\/wp-content\\\/uploads\\\/2016\\\/11\\\/15037345_1312377565461757_2583380386856971552_n.jpg\",\"keywords\":[\"Annalisa Barbier\",\"Carmen Santilli\",\"Cinzia Mammoliti\",\"Deborah Di Donna\",\"donne\",\"giornata mondiale\",\"Laura Cardia\",\"Rita Neri\",\"violenza sulle donne\"],\"articleSection\":[\"Interviste\"],\"inLanguage\":\"it-IT\",\"potentialAction\":[{\"@type\":\"CommentAction\",\"name\":\"Comment\",\"target\":[\"https:\\\/\\\/www.romaoggi.eu\\\/index.php\\\/2016\\\/11\\\/26\\\/giornata-contro-la-violenza-sulle-donne\\\/#respond\"]}]},{\"@type\":\"WebPage\",\"@id\":\"https:\\\/\\\/www.romaoggi.eu\\\/index.php\\\/2016\\\/11\\\/26\\\/giornata-contro-la-violenza-sulle-donne\\\/\",\"url\":\"https:\\\/\\\/www.romaoggi.eu\\\/index.php\\\/2016\\\/11\\\/26\\\/giornata-contro-la-violenza-sulle-donne\\\/\",\"name\":\"25 novembre- Giornata mondiale contro la violenza sulle Donne\",\"isPartOf\":{\"@id\":\"https:\\\/\\\/www.romaoggi.eu\\\/#website\"},\"primaryImageOfPage\":{\"@id\":\"https:\\\/\\\/www.romaoggi.eu\\\/index.php\\\/2016\\\/11\\\/26\\\/giornata-contro-la-violenza-sulle-donne\\\/#primaryimage\"},\"image\":{\"@id\":\"https:\\\/\\\/www.romaoggi.eu\\\/index.php\\\/2016\\\/11\\\/26\\\/giornata-contro-la-violenza-sulle-donne\\\/#primaryimage\"},\"thumbnailUrl\":\"https:\\\/\\\/www.romaoggi.eu\\\/wp-content\\\/uploads\\\/2016\\\/11\\\/15037345_1312377565461757_2583380386856971552_n.jpg\",\"datePublished\":\"2016-11-26T11:56:28+00:00\",\"description\":\"Il 25 novembre 2016 giornata mondiale contro la violenza sulle donne, Laura Cardia ha intervistato la psicologa e psicoterapeuta, Annalisa Barbier.\",\"breadcrumb\":{\"@id\":\"https:\\\/\\\/www.romaoggi.eu\\\/index.php\\\/2016\\\/11\\\/26\\\/giornata-contro-la-violenza-sulle-donne\\\/#breadcrumb\"},\"inLanguage\":\"it-IT\",\"potentialAction\":[{\"@type\":\"ReadAction\",\"target\":[\"https:\\\/\\\/www.romaoggi.eu\\\/index.php\\\/2016\\\/11\\\/26\\\/giornata-contro-la-violenza-sulle-donne\\\/\"]}]},{\"@type\":\"ImageObject\",\"inLanguage\":\"it-IT\",\"@id\":\"https:\\\/\\\/www.romaoggi.eu\\\/index.php\\\/2016\\\/11\\\/26\\\/giornata-contro-la-violenza-sulle-donne\\\/#primaryimage\",\"url\":\"https:\\\/\\\/www.romaoggi.eu\\\/wp-content\\\/uploads\\\/2016\\\/11\\\/15037345_1312377565461757_2583380386856971552_n.jpg\",\"contentUrl\":\"https:\\\/\\\/www.romaoggi.eu\\\/wp-content\\\/uploads\\\/2016\\\/11\\\/15037345_1312377565461757_2583380386856971552_n.jpg\",\"width\":960,\"height\":720,\"caption\":\"Seminario 18 novembre 2016- Campanelli d'allarme nelle relazioni pericolose\"},{\"@type\":\"BreadcrumbList\",\"@id\":\"https:\\\/\\\/www.romaoggi.eu\\\/index.php\\\/2016\\\/11\\\/26\\\/giornata-contro-la-violenza-sulle-donne\\\/#breadcrumb\",\"itemListElement\":[{\"@type\":\"ListItem\",\"position\":1,\"name\":\"Home\",\"item\":\"https:\\\/\\\/www.romaoggi.eu\\\/\"},{\"@type\":\"ListItem\",\"position\":2,\"name\":\"25 novembre- Giornata mondiale contro la violenza sulle Donne\"}]},{\"@type\":\"WebSite\",\"@id\":\"https:\\\/\\\/www.romaoggi.eu\\\/#website\",\"url\":\"https:\\\/\\\/www.romaoggi.eu\\\/\",\"name\":\"roma oggi\",\"description\":\"Interesting News for Interesting people\",\"publisher\":{\"@id\":\"https:\\\/\\\/www.romaoggi.eu\\\/#organization\"},\"potentialAction\":[{\"@type\":\"SearchAction\",\"target\":{\"@type\":\"EntryPoint\",\"urlTemplate\":\"https:\\\/\\\/www.romaoggi.eu\\\/?s={search_term_string}\"},\"query-input\":{\"@type\":\"PropertyValueSpecification\",\"valueRequired\":true,\"valueName\":\"search_term_string\"}}],\"inLanguage\":\"it-IT\"},{\"@type\":\"Organization\",\"@id\":\"https:\\\/\\\/www.romaoggi.eu\\\/#organization\",\"name\":\"RomaOggi\",\"url\":\"https:\\\/\\\/www.romaoggi.eu\\\/\",\"logo\":{\"@type\":\"ImageObject\",\"inLanguage\":\"it-IT\",\"@id\":\"https:\\\/\\\/www.romaoggi.eu\\\/#\\\/schema\\\/logo\\\/image\\\/\",\"url\":\"https:\\\/\\\/www.romaoggi.eu\\\/wp-content\\\/uploads\\\/2017\\\/04\\\/logowp.jpg\",\"contentUrl\":\"https:\\\/\\\/www.romaoggi.eu\\\/wp-content\\\/uploads\\\/2017\\\/04\\\/logowp.jpg\",\"width\":300,\"height\":133,\"caption\":\"RomaOggi\"},\"image\":{\"@id\":\"https:\\\/\\\/www.romaoggi.eu\\\/#\\\/schema\\\/logo\\\/image\\\/\"},\"sameAs\":[\"https:\\\/\\\/www.facebook.com\\\/RomaOggi-841544845954114\",\"https:\\\/\\\/x.com\\\/romaoggi_eu\"]},{\"@type\":\"Person\",\"@id\":\"https:\\\/\\\/www.romaoggi.eu\\\/#\\\/schema\\\/person\\\/c8ca1fb64b5506391fff5f822a866c23\",\"name\":\"Antonietta Di Vizia\",\"image\":{\"@type\":\"ImageObject\",\"inLanguage\":\"it-IT\",\"@id\":\"https:\\\/\\\/secure.gravatar.com\\\/avatar\\\/2ad571aa3fbfe3089b06ed5617adf58717b9359c0c97cf9b52804fb2dac293f2?s=96&d=mm&r=g\",\"url\":\"https:\\\/\\\/secure.gravatar.com\\\/avatar\\\/2ad571aa3fbfe3089b06ed5617adf58717b9359c0c97cf9b52804fb2dac293f2?s=96&d=mm&r=g\",\"contentUrl\":\"https:\\\/\\\/secure.gravatar.com\\\/avatar\\\/2ad571aa3fbfe3089b06ed5617adf58717b9359c0c97cf9b52804fb2dac293f2?s=96&d=mm&r=g\",\"caption\":\"Antonietta Di Vizia\"},\"url\":\"https:\\\/\\\/www.romaoggi.eu\\\/index.php\\\/author\\\/antonietta\\\/\"}]}<\/script>\n<!-- \/ Yoast SEO plugin. -->","yoast_head_json":{"title":"25 novembre- Giornata mondiale contro la violenza sulle Donne","description":"Il 25 novembre 2016 giornata mondiale contro la violenza sulle donne, Laura Cardia ha intervistato la psicologa e psicoterapeuta, Annalisa Barbier.","robots":{"index":"index","follow":"follow","max-snippet":"max-snippet:-1","max-image-preview":"max-image-preview:large","max-video-preview":"max-video-preview:-1"},"canonical":"https:\/\/www.romaoggi.eu\/index.php\/2016\/11\/26\/giornata-contro-la-violenza-sulle-donne\/","og_locale":"it_IT","og_type":"article","og_title":"25 novembre- Giornata mondiale contro la violenza sulle Donne","og_description":"Il 25 novembre 2016 giornata mondiale contro la violenza sulle donne, Laura Cardia ha intervistato la psicologa e psicoterapeuta, Annalisa Barbier.","og_url":"https:\/\/www.romaoggi.eu\/index.php\/2016\/11\/26\/giornata-contro-la-violenza-sulle-donne\/","og_site_name":"roma oggi","article_publisher":"https:\/\/www.facebook.com\/RomaOggi-841544845954114","article_published_time":"2016-11-26T11:56:28+00:00","og_image":[{"width":960,"height":720,"url":"https:\/\/www.romaoggi.eu\/wp-content\/uploads\/2016\/11\/15037345_1312377565461757_2583380386856971552_n.jpg","type":"image\/jpeg"}],"author":"Antonietta Di Vizia","twitter_card":"summary_large_image","twitter_creator":"@romaoggi_eu","twitter_site":"@romaoggi_eu","twitter_misc":{"Scritto da":"Antonietta Di Vizia","Tempo di lettura stimato":"5 minuti"},"schema":{"@context":"https:\/\/schema.org","@graph":[{"@type":"Article","@id":"https:\/\/www.romaoggi.eu\/index.php\/2016\/11\/26\/giornata-contro-la-violenza-sulle-donne\/#article","isPartOf":{"@id":"https:\/\/www.romaoggi.eu\/index.php\/2016\/11\/26\/giornata-contro-la-violenza-sulle-donne\/"},"author":{"name":"Antonietta Di Vizia","@id":"https:\/\/www.romaoggi.eu\/#\/schema\/person\/c8ca1fb64b5506391fff5f822a866c23"},"headline":"25 novembre- Giornata mondiale contro la violenza sulle Donne","datePublished":"2016-11-26T11:56:28+00:00","mainEntityOfPage":{"@id":"https:\/\/www.romaoggi.eu\/index.php\/2016\/11\/26\/giornata-contro-la-violenza-sulle-donne\/"},"wordCount":955,"commentCount":0,"publisher":{"@id":"https:\/\/www.romaoggi.eu\/#organization"},"image":{"@id":"https:\/\/www.romaoggi.eu\/index.php\/2016\/11\/26\/giornata-contro-la-violenza-sulle-donne\/#primaryimage"},"thumbnailUrl":"https:\/\/www.romaoggi.eu\/wp-content\/uploads\/2016\/11\/15037345_1312377565461757_2583380386856971552_n.jpg","keywords":["Annalisa Barbier","Carmen Santilli","Cinzia Mammoliti","Deborah Di Donna","donne","giornata mondiale","Laura Cardia","Rita Neri","violenza sulle donne"],"articleSection":["Interviste"],"inLanguage":"it-IT","potentialAction":[{"@type":"CommentAction","name":"Comment","target":["https:\/\/www.romaoggi.eu\/index.php\/2016\/11\/26\/giornata-contro-la-violenza-sulle-donne\/#respond"]}]},{"@type":"WebPage","@id":"https:\/\/www.romaoggi.eu\/index.php\/2016\/11\/26\/giornata-contro-la-violenza-sulle-donne\/","url":"https:\/\/www.romaoggi.eu\/index.php\/2016\/11\/26\/giornata-contro-la-violenza-sulle-donne\/","name":"25 novembre- Giornata mondiale contro la violenza sulle Donne","isPartOf":{"@id":"https:\/\/www.romaoggi.eu\/#website"},"primaryImageOfPage":{"@id":"https:\/\/www.romaoggi.eu\/index.php\/2016\/11\/26\/giornata-contro-la-violenza-sulle-donne\/#primaryimage"},"image":{"@id":"https:\/\/www.romaoggi.eu\/index.php\/2016\/11\/26\/giornata-contro-la-violenza-sulle-donne\/#primaryimage"},"thumbnailUrl":"https:\/\/www.romaoggi.eu\/wp-content\/uploads\/2016\/11\/15037345_1312377565461757_2583380386856971552_n.jpg","datePublished":"2016-11-26T11:56:28+00:00","description":"Il 25 novembre 2016 giornata mondiale contro la violenza sulle donne, Laura Cardia ha intervistato la psicologa e psicoterapeuta, Annalisa Barbier.","breadcrumb":{"@id":"https:\/\/www.romaoggi.eu\/index.php\/2016\/11\/26\/giornata-contro-la-violenza-sulle-donne\/#breadcrumb"},"inLanguage":"it-IT","potentialAction":[{"@type":"ReadAction","target":["https:\/\/www.romaoggi.eu\/index.php\/2016\/11\/26\/giornata-contro-la-violenza-sulle-donne\/"]}]},{"@type":"ImageObject","inLanguage":"it-IT","@id":"https:\/\/www.romaoggi.eu\/index.php\/2016\/11\/26\/giornata-contro-la-violenza-sulle-donne\/#primaryimage","url":"https:\/\/www.romaoggi.eu\/wp-content\/uploads\/2016\/11\/15037345_1312377565461757_2583380386856971552_n.jpg","contentUrl":"https:\/\/www.romaoggi.eu\/wp-content\/uploads\/2016\/11\/15037345_1312377565461757_2583380386856971552_n.jpg","width":960,"height":720,"caption":"Seminario 18 novembre 2016- Campanelli d'allarme nelle relazioni pericolose"},{"@type":"BreadcrumbList","@id":"https:\/\/www.romaoggi.eu\/index.php\/2016\/11\/26\/giornata-contro-la-violenza-sulle-donne\/#breadcrumb","itemListElement":[{"@type":"ListItem","position":1,"name":"Home","item":"https:\/\/www.romaoggi.eu\/"},{"@type":"ListItem","position":2,"name":"25 novembre- Giornata mondiale contro la violenza sulle Donne"}]},{"@type":"WebSite","@id":"https:\/\/www.romaoggi.eu\/#website","url":"https:\/\/www.romaoggi.eu\/","name":"roma oggi","description":"Interesting News for Interesting people","publisher":{"@id":"https:\/\/www.romaoggi.eu\/#organization"},"potentialAction":[{"@type":"SearchAction","target":{"@type":"EntryPoint","urlTemplate":"https:\/\/www.romaoggi.eu\/?s={search_term_string}"},"query-input":{"@type":"PropertyValueSpecification","valueRequired":true,"valueName":"search_term_string"}}],"inLanguage":"it-IT"},{"@type":"Organization","@id":"https:\/\/www.romaoggi.eu\/#organization","name":"RomaOggi","url":"https:\/\/www.romaoggi.eu\/","logo":{"@type":"ImageObject","inLanguage":"it-IT","@id":"https:\/\/www.romaoggi.eu\/#\/schema\/logo\/image\/","url":"https:\/\/www.romaoggi.eu\/wp-content\/uploads\/2017\/04\/logowp.jpg","contentUrl":"https:\/\/www.romaoggi.eu\/wp-content\/uploads\/2017\/04\/logowp.jpg","width":300,"height":133,"caption":"RomaOggi"},"image":{"@id":"https:\/\/www.romaoggi.eu\/#\/schema\/logo\/image\/"},"sameAs":["https:\/\/www.facebook.com\/RomaOggi-841544845954114","https:\/\/x.com\/romaoggi_eu"]},{"@type":"Person","@id":"https:\/\/www.romaoggi.eu\/#\/schema\/person\/c8ca1fb64b5506391fff5f822a866c23","name":"Antonietta Di Vizia","image":{"@type":"ImageObject","inLanguage":"it-IT","@id":"https:\/\/secure.gravatar.com\/avatar\/2ad571aa3fbfe3089b06ed5617adf58717b9359c0c97cf9b52804fb2dac293f2?s=96&d=mm&r=g","url":"https:\/\/secure.gravatar.com\/avatar\/2ad571aa3fbfe3089b06ed5617adf58717b9359c0c97cf9b52804fb2dac293f2?s=96&d=mm&r=g","contentUrl":"https:\/\/secure.gravatar.com\/avatar\/2ad571aa3fbfe3089b06ed5617adf58717b9359c0c97cf9b52804fb2dac293f2?s=96&d=mm&r=g","caption":"Antonietta Di Vizia"},"url":"https:\/\/www.romaoggi.eu\/index.php\/author\/antonietta\/"}]}},"_links":{"self":[{"href":"https:\/\/www.romaoggi.eu\/index.php\/wp-json\/wp\/v2\/posts\/5172","targetHints":{"allow":["GET"]}}],"collection":[{"href":"https:\/\/www.romaoggi.eu\/index.php\/wp-json\/wp\/v2\/posts"}],"about":[{"href":"https:\/\/www.romaoggi.eu\/index.php\/wp-json\/wp\/v2\/types\/post"}],"author":[{"embeddable":true,"href":"https:\/\/www.romaoggi.eu\/index.php\/wp-json\/wp\/v2\/users\/3"}],"replies":[{"embeddable":true,"href":"https:\/\/www.romaoggi.eu\/index.php\/wp-json\/wp\/v2\/comments?post=5172"}],"version-history":[{"count":8,"href":"https:\/\/www.romaoggi.eu\/index.php\/wp-json\/wp\/v2\/posts\/5172\/revisions"}],"predecessor-version":[{"id":5183,"href":"https:\/\/www.romaoggi.eu\/index.php\/wp-json\/wp\/v2\/posts\/5172\/revisions\/5183"}],"wp:featuredmedia":[{"embeddable":true,"href":"https:\/\/www.romaoggi.eu\/index.php\/wp-json\/wp\/v2\/media\/5180"}],"wp:attachment":[{"href":"https:\/\/www.romaoggi.eu\/index.php\/wp-json\/wp\/v2\/media?parent=5172"}],"wp:term":[{"taxonomy":"category","embeddable":true,"href":"https:\/\/www.romaoggi.eu\/index.php\/wp-json\/wp\/v2\/categories?post=5172"},{"taxonomy":"post_tag","embeddable":true,"href":"https:\/\/www.romaoggi.eu\/index.php\/wp-json\/wp\/v2\/tags?post=5172"}],"curies":[{"name":"wp","href":"https:\/\/api.w.org\/{rel}","templated":true}]}}