{"id":5323,"date":"2016-12-04T17:14:10","date_gmt":"2016-12-04T16:14:10","guid":{"rendered":"http:\/\/www.romaoggi.eu\/?p=5323"},"modified":"2016-12-04T17:14:10","modified_gmt":"2016-12-04T16:14:10","slug":"roma-4-dicembre-corriamo-autismo","status":"publish","type":"post","link":"https:\/\/www.romaoggi.eu\/index.php\/2016\/12\/04\/roma-4-dicembre-corriamo-autismo\/","title":{"rendered":"A Roma il 4 dicembre &#8220;Corriamo per l&#8217;autismo&#8221; e per Divento Grande Onlus"},"content":{"rendered":"<p style=\"text-align: justify;\">Domenica 4 dicembre, si \u00e8 svolta nel parco di <strong>Villa Ada<\/strong>, \u00a0la quarta edizione di \u00a0<strong>Corriamo per l&#8217;autismo,<\/strong>\u00a0oltre \u00a0mille presenze, tanti proprio tanti i partecipanti, al nastro dei partenti tra neofiti, sportivi, famiglie con bambini presenti anche veri atleti e campioni. \u00a0Due i percorsi: uno competitivo di 8 chilometri e uno, amatoriale, di quattro, tanto entusiasmo e tante ciambelle per tutti alla fine. Una bella mattinata quella di domenica 4 dicembre a Roma, in cui si \u00e8 ritrovato lo spirito sportivo unito a quello solidale in aiuto alla <strong>Divento Grande onlus<\/strong>,\u00a0<a href=\"http:\/\/www.diventogrande.org\/\">http:\/\/www.diventogrande.org\/<\/a>. I proventi di <strong>Corriamo per l&#8217;autismo<\/strong>, sono stati destinati a finanziare le attivit\u00e0 dell&#8217;associazione di genitori di autistici che segue circa 200 ragazzi a Roma e nel Lazio.<\/p>\n<p style=\"text-align: justify;\">A sostegno di &#8220;<strong>Divento Grande Onlus<\/strong>&#8221; anche un&#8217;altra iniziativa di fitness a breve, che si terr\u00e0 il <strong>18 dicembre a Roma<\/strong> con partenza alle 9.30 da Piazza del Popolo, il <strong>Plank-on Urban Mission Training<\/strong>, un allenamento urbano con cuffiette wifi, che attraverser\u00e0 il centro storico della capitale per trarre energia dalla cultura e dall&#8217;arte degli angoli pi\u00f9 belli di Roma, e che nella sua prima tappa del tour mondiale devolver\u00e0 il 50% dell&#8217;incasso a sostegno della suddetta onlus.<\/p>\n<figure id=\"attachment_5328\" aria-describedby=\"caption-attachment-5328\" style=\"width: 336px\" class=\"wp-caption alignleft\"><img loading=\"lazy\" decoding=\"async\" class=\" wp-image-5328\" src=\"https:\/\/www.romaoggi.eu\/wp-content\/uploads\/2016\/12\/20161204_110308-300x169.jpg\" alt=\"Gianluca Petrai\" width=\"336\" height=\"189\" srcset=\"https:\/\/www.romaoggi.eu\/wp-content\/uploads\/2016\/12\/20161204_110308-300x169.jpg 300w, https:\/\/www.romaoggi.eu\/wp-content\/uploads\/2016\/12\/20161204_110308-1024x576.jpg 1024w, https:\/\/www.romaoggi.eu\/wp-content\/uploads\/2016\/12\/20161204_110308-678x381.jpg 678w\" sizes=\"auto, (max-width: 336px) 100vw, 336px\" \/><figcaption id=\"caption-attachment-5328\" class=\"wp-caption-text\">Gianluca Petrai<\/figcaption><\/figure>\n<p style=\"text-align: justify;\">A <strong>Gianluca Petrai,\u00a0<\/strong> Plank-on Sale manager and developpement e personal trainer, in prima fila alla partenza di <strong>Corriamo per l&#8217;autismo,<\/strong>\u00a0abbiamo chiesto:<\/p>\n<p style=\"text-align: justify;\"><strong>A Natale anche facendo sport, si pu\u00f2 pensare alla solidariet\u00e0?\u00a0<\/strong>\u201c<em>Abbiamo la fortuna di fare un lavoro che \u00e8 alla base della nostra passione. Questa fortuna la vogliamo condividere con chi ne ha avuta meno nella vita. Portando un nostro piccolo contributo, non solo economico ma anche di vicinanza. Per questo noi di Plank on, siamo qui oggi con le scarpe da ginnastica ai piedi<\/em><em>\u00a0per partecipare alla maratona Corriamo per l&#8217;autismo\u00a0e per aiutare anche economicamente la Divento Grande onlus, associazione \u00a0di riferimento a favore dell\u2019 autismo, alla quale devolveremo il 50% dell\u2019incasso del primo evento Plank-on Urban Mission Training a Roma del 18 dicembre. Nelle altre date del nostro tour mondiale devolveremo una parte del ricavato anche\u00a0<\/em><em>\u00a0all\u2019associazione <strong>water.org<\/strong> alla quale andr\u00e0 il 10% dell\u2019 incasso di tutto il tour. La donazione avverr\u00e0 a Boston il prossimo 16 settembre 2017\u2033.<\/em><\/p>\n<p><iframe loading=\"lazy\"  style=\"display: block; margin: 0px auto;\"  id=\"_ytid_82680\"  width=\"480\" height=\"270\"  data-origwidth=\"480\" data-origheight=\"270\" src=\"https:\/\/www.youtube.com\/embed\/1r59CjGzCAc?enablejsapi=1&#038;autoplay=0&#038;cc_load_policy=0&#038;cc_lang_pref=&#038;iv_load_policy=1&#038;loop=0&#038;rel=1&#038;fs=1&#038;playsinline=0&#038;autohide=2&#038;theme=dark&#038;color=red&#038;controls=1&#038;disablekb=0&#038;\" class=\"__youtube_prefs__  epyt-is-override  no-lazyload\" title=\"YouTube player\"  allow=\"fullscreen; accelerometer; autoplay; clipboard-write; encrypted-media; gyroscope; picture-in-picture; web-share\" referrerpolicy=\"strict-origin-when-cross-origin\" allowfullscreen data-no-lazy=\"1\" data-skipgform_ajax_framebjll=\"\"><\/iframe><\/p>\n<p>Articolo di Cristiano Morelli<\/p>\n<p>&nbsp;<\/p>\n","protected":false},"excerpt":{"rendered":"<div class=\"mh-excerpt\"><p>Domenica 4 dicembre, si \u00e8 svolta nel parco di Villa Ada, \u00a0la quarta edizione di \u00a0Corriamo per l&#8217;autismo,\u00a0oltre \u00a0mille presenze, tanti proprio tanti i partecipanti, al nastro dei partenti tra neofiti, sportivi, famiglie con bambini <a class=\"mh-excerpt-more\" href=\"https:\/\/www.romaoggi.eu\/index.php\/2016\/12\/04\/roma-4-dicembre-corriamo-autismo\/\" title=\"A Roma il 4 dicembre &#8220;Corriamo per l&#8217;autismo&#8221; e per Divento Grande Onlus\">[&#8230;]<\/a><\/p>\n<\/div>","protected":false},"author":3,"featured_media":5325,"comment_status":"open","ping_status":"open","sticky":false,"template":"","format":"standard","meta":{"_sitemap_exclude":false,"_sitemap_priority":"","_sitemap_frequency":"","footnotes":""},"categories":[522],"tags":[3913,3912,3911,3890,3846,3081,3847],"class_list":["post-5323","post","type-post","status-publish","format-standard","has-post-thumbnail","hentry","category-attualita","tag-autismo","tag-corriamo-per-lautismo","tag-divento-grande-onlus","tag-gianluca-petrai","tag-plank-on","tag-solidarieta","tag-urban-mission-training"],"yoast_head":"<!-- This site is optimized with the Yoast SEO plugin v27.5 - https:\/\/yoast.com\/product\/yoast-seo-wordpress\/ -->\n<title>A Roma il 4 dicembre &quot;Corriamo per l&#039;autismo&quot; e per Divento Grande Onlus<\/title>\n<meta name=\"description\" content=\"I proventi di Corriamo per l&#039;autismo,4 dicembre a villa Adam sono stati destinati a finanziare le attivit\u00e0 di Divento Grande Onlus.\" \/>\n<meta name=\"robots\" content=\"index, follow, max-snippet:-1, max-image-preview:large, max-video-preview:-1\" \/>\n<link rel=\"canonical\" href=\"https:\/\/www.romaoggi.eu\/index.php\/2016\/12\/04\/roma-4-dicembre-corriamo-autismo\/\" \/>\n<meta property=\"og:locale\" content=\"it_IT\" \/>\n<meta property=\"og:type\" content=\"article\" \/>\n<meta property=\"og:title\" content=\"A Roma il 4 dicembre &quot;Corriamo per l&#039;autismo&quot; e per Divento Grande Onlus\" \/>\n<meta property=\"og:description\" content=\"I proventi di Corriamo per l&#039;autismo,4 dicembre a villa Adam sono stati destinati a finanziare le attivit\u00e0 di Divento Grande Onlus.\" \/>\n<meta property=\"og:url\" content=\"https:\/\/www.romaoggi.eu\/index.php\/2016\/12\/04\/roma-4-dicembre-corriamo-autismo\/\" \/>\n<meta property=\"og:site_name\" content=\"roma oggi\" \/>\n<meta property=\"article:publisher\" content=\"https:\/\/www.facebook.com\/RomaOggi-841544845954114\" \/>\n<meta property=\"article:published_time\" content=\"2016-12-04T16:14:10+00:00\" \/>\n<meta property=\"og:image\" content=\"https:\/\/www.romaoggi.eu\/wp-content\/uploads\/2016\/12\/15349548_1306606659371255_5353616054571200255_n.jpg\" \/>\n\t<meta property=\"og:image:width\" content=\"960\" \/>\n\t<meta property=\"og:image:height\" content=\"528\" \/>\n\t<meta property=\"og:image:type\" content=\"image\/jpeg\" \/>\n<meta name=\"author\" content=\"Antonietta Di Vizia\" \/>\n<meta name=\"twitter:card\" content=\"summary_large_image\" \/>\n<meta name=\"twitter:creator\" content=\"@romaoggi_eu\" \/>\n<meta name=\"twitter:site\" content=\"@romaoggi_eu\" \/>\n<meta name=\"twitter:label1\" content=\"Scritto da\" \/>\n\t<meta name=\"twitter:data1\" content=\"Antonietta Di Vizia\" \/>\n\t<meta name=\"twitter:label2\" content=\"Tempo di lettura stimato\" \/>\n\t<meta name=\"twitter:data2\" content=\"2 minuti\" \/>\n<script type=\"application\/ld+json\" class=\"yoast-schema-graph\">{\"@context\":\"https:\\\/\\\/schema.org\",\"@graph\":[{\"@type\":\"Article\",\"@id\":\"https:\\\/\\\/www.romaoggi.eu\\\/index.php\\\/2016\\\/12\\\/04\\\/roma-4-dicembre-corriamo-autismo\\\/#article\",\"isPartOf\":{\"@id\":\"https:\\\/\\\/www.romaoggi.eu\\\/index.php\\\/2016\\\/12\\\/04\\\/roma-4-dicembre-corriamo-autismo\\\/\"},\"author\":{\"name\":\"Antonietta Di Vizia\",\"@id\":\"https:\\\/\\\/www.romaoggi.eu\\\/#\\\/schema\\\/person\\\/c8ca1fb64b5506391fff5f822a866c23\"},\"headline\":\"A Roma il 4 dicembre &#8220;Corriamo per l&#8217;autismo&#8221; e per Divento Grande Onlus\",\"datePublished\":\"2016-12-04T16:14:10+00:00\",\"mainEntityOfPage\":{\"@id\":\"https:\\\/\\\/www.romaoggi.eu\\\/index.php\\\/2016\\\/12\\\/04\\\/roma-4-dicembre-corriamo-autismo\\\/\"},\"wordCount\":394,\"commentCount\":0,\"publisher\":{\"@id\":\"https:\\\/\\\/www.romaoggi.eu\\\/#organization\"},\"image\":{\"@id\":\"https:\\\/\\\/www.romaoggi.eu\\\/index.php\\\/2016\\\/12\\\/04\\\/roma-4-dicembre-corriamo-autismo\\\/#primaryimage\"},\"thumbnailUrl\":\"https:\\\/\\\/www.romaoggi.eu\\\/wp-content\\\/uploads\\\/2016\\\/12\\\/15349548_1306606659371255_5353616054571200255_n.jpg\",\"keywords\":[\"autismo\",\"corriamo per l'autismo\",\"divento grande onlus\",\"Gianluca Petrai\",\"plank on\",\"solidariet\u00e0\",\"Urban mission training\"],\"articleSection\":[\"attualit\u00e0\"],\"inLanguage\":\"it-IT\",\"potentialAction\":[{\"@type\":\"CommentAction\",\"name\":\"Comment\",\"target\":[\"https:\\\/\\\/www.romaoggi.eu\\\/index.php\\\/2016\\\/12\\\/04\\\/roma-4-dicembre-corriamo-autismo\\\/#respond\"]}]},{\"@type\":\"WebPage\",\"@id\":\"https:\\\/\\\/www.romaoggi.eu\\\/index.php\\\/2016\\\/12\\\/04\\\/roma-4-dicembre-corriamo-autismo\\\/\",\"url\":\"https:\\\/\\\/www.romaoggi.eu\\\/index.php\\\/2016\\\/12\\\/04\\\/roma-4-dicembre-corriamo-autismo\\\/\",\"name\":\"A Roma il 4 dicembre \\\"Corriamo per l'autismo\\\" e per Divento Grande Onlus\",\"isPartOf\":{\"@id\":\"https:\\\/\\\/www.romaoggi.eu\\\/#website\"},\"primaryImageOfPage\":{\"@id\":\"https:\\\/\\\/www.romaoggi.eu\\\/index.php\\\/2016\\\/12\\\/04\\\/roma-4-dicembre-corriamo-autismo\\\/#primaryimage\"},\"image\":{\"@id\":\"https:\\\/\\\/www.romaoggi.eu\\\/index.php\\\/2016\\\/12\\\/04\\\/roma-4-dicembre-corriamo-autismo\\\/#primaryimage\"},\"thumbnailUrl\":\"https:\\\/\\\/www.romaoggi.eu\\\/wp-content\\\/uploads\\\/2016\\\/12\\\/15349548_1306606659371255_5353616054571200255_n.jpg\",\"datePublished\":\"2016-12-04T16:14:10+00:00\",\"description\":\"I proventi di Corriamo per l'autismo,4 dicembre a villa Adam sono stati destinati a finanziare le attivit\u00e0 di Divento Grande Onlus.\",\"breadcrumb\":{\"@id\":\"https:\\\/\\\/www.romaoggi.eu\\\/index.php\\\/2016\\\/12\\\/04\\\/roma-4-dicembre-corriamo-autismo\\\/#breadcrumb\"},\"inLanguage\":\"it-IT\",\"potentialAction\":[{\"@type\":\"ReadAction\",\"target\":[\"https:\\\/\\\/www.romaoggi.eu\\\/index.php\\\/2016\\\/12\\\/04\\\/roma-4-dicembre-corriamo-autismo\\\/\"]}]},{\"@type\":\"ImageObject\",\"inLanguage\":\"it-IT\",\"@id\":\"https:\\\/\\\/www.romaoggi.eu\\\/index.php\\\/2016\\\/12\\\/04\\\/roma-4-dicembre-corriamo-autismo\\\/#primaryimage\",\"url\":\"https:\\\/\\\/www.romaoggi.eu\\\/wp-content\\\/uploads\\\/2016\\\/12\\\/15349548_1306606659371255_5353616054571200255_n.jpg\",\"contentUrl\":\"https:\\\/\\\/www.romaoggi.eu\\\/wp-content\\\/uploads\\\/2016\\\/12\\\/15349548_1306606659371255_5353616054571200255_n.jpg\",\"width\":960,\"height\":528},{\"@type\":\"BreadcrumbList\",\"@id\":\"https:\\\/\\\/www.romaoggi.eu\\\/index.php\\\/2016\\\/12\\\/04\\\/roma-4-dicembre-corriamo-autismo\\\/#breadcrumb\",\"itemListElement\":[{\"@type\":\"ListItem\",\"position\":1,\"name\":\"Home\",\"item\":\"https:\\\/\\\/www.romaoggi.eu\\\/\"},{\"@type\":\"ListItem\",\"position\":2,\"name\":\"A Roma il 4 dicembre &#8220;Corriamo per l&#8217;autismo&#8221; e per Divento Grande Onlus\"}]},{\"@type\":\"WebSite\",\"@id\":\"https:\\\/\\\/www.romaoggi.eu\\\/#website\",\"url\":\"https:\\\/\\\/www.romaoggi.eu\\\/\",\"name\":\"roma oggi\",\"description\":\"Interesting News for Interesting people\",\"publisher\":{\"@id\":\"https:\\\/\\\/www.romaoggi.eu\\\/#organization\"},\"potentialAction\":[{\"@type\":\"SearchAction\",\"target\":{\"@type\":\"EntryPoint\",\"urlTemplate\":\"https:\\\/\\\/www.romaoggi.eu\\\/?s={search_term_string}\"},\"query-input\":{\"@type\":\"PropertyValueSpecification\",\"valueRequired\":true,\"valueName\":\"search_term_string\"}}],\"inLanguage\":\"it-IT\"},{\"@type\":\"Organization\",\"@id\":\"https:\\\/\\\/www.romaoggi.eu\\\/#organization\",\"name\":\"RomaOggi\",\"url\":\"https:\\\/\\\/www.romaoggi.eu\\\/\",\"logo\":{\"@type\":\"ImageObject\",\"inLanguage\":\"it-IT\",\"@id\":\"https:\\\/\\\/www.romaoggi.eu\\\/#\\\/schema\\\/logo\\\/image\\\/\",\"url\":\"https:\\\/\\\/www.romaoggi.eu\\\/wp-content\\\/uploads\\\/2017\\\/04\\\/logowp.jpg\",\"contentUrl\":\"https:\\\/\\\/www.romaoggi.eu\\\/wp-content\\\/uploads\\\/2017\\\/04\\\/logowp.jpg\",\"width\":300,\"height\":133,\"caption\":\"RomaOggi\"},\"image\":{\"@id\":\"https:\\\/\\\/www.romaoggi.eu\\\/#\\\/schema\\\/logo\\\/image\\\/\"},\"sameAs\":[\"https:\\\/\\\/www.facebook.com\\\/RomaOggi-841544845954114\",\"https:\\\/\\\/x.com\\\/romaoggi_eu\"]},{\"@type\":\"Person\",\"@id\":\"https:\\\/\\\/www.romaoggi.eu\\\/#\\\/schema\\\/person\\\/c8ca1fb64b5506391fff5f822a866c23\",\"name\":\"Antonietta Di Vizia\",\"image\":{\"@type\":\"ImageObject\",\"inLanguage\":\"it-IT\",\"@id\":\"https:\\\/\\\/secure.gravatar.com\\\/avatar\\\/2ad571aa3fbfe3089b06ed5617adf58717b9359c0c97cf9b52804fb2dac293f2?s=96&d=mm&r=g\",\"url\":\"https:\\\/\\\/secure.gravatar.com\\\/avatar\\\/2ad571aa3fbfe3089b06ed5617adf58717b9359c0c97cf9b52804fb2dac293f2?s=96&d=mm&r=g\",\"contentUrl\":\"https:\\\/\\\/secure.gravatar.com\\\/avatar\\\/2ad571aa3fbfe3089b06ed5617adf58717b9359c0c97cf9b52804fb2dac293f2?s=96&d=mm&r=g\",\"caption\":\"Antonietta Di Vizia\"},\"url\":\"https:\\\/\\\/www.romaoggi.eu\\\/index.php\\\/author\\\/antonietta\\\/\"}]}<\/script>\n<!-- \/ Yoast SEO plugin. -->","yoast_head_json":{"title":"A Roma il 4 dicembre \"Corriamo per l'autismo\" e per Divento Grande Onlus","description":"I proventi di Corriamo per l'autismo,4 dicembre a villa Adam sono stati destinati a finanziare le attivit\u00e0 di Divento Grande Onlus.","robots":{"index":"index","follow":"follow","max-snippet":"max-snippet:-1","max-image-preview":"max-image-preview:large","max-video-preview":"max-video-preview:-1"},"canonical":"https:\/\/www.romaoggi.eu\/index.php\/2016\/12\/04\/roma-4-dicembre-corriamo-autismo\/","og_locale":"it_IT","og_type":"article","og_title":"A Roma il 4 dicembre \"Corriamo per l'autismo\" e per Divento Grande Onlus","og_description":"I proventi di Corriamo per l'autismo,4 dicembre a villa Adam sono stati destinati a finanziare le attivit\u00e0 di Divento Grande Onlus.","og_url":"https:\/\/www.romaoggi.eu\/index.php\/2016\/12\/04\/roma-4-dicembre-corriamo-autismo\/","og_site_name":"roma oggi","article_publisher":"https:\/\/www.facebook.com\/RomaOggi-841544845954114","article_published_time":"2016-12-04T16:14:10+00:00","og_image":[{"width":960,"height":528,"url":"https:\/\/www.romaoggi.eu\/wp-content\/uploads\/2016\/12\/15349548_1306606659371255_5353616054571200255_n.jpg","type":"image\/jpeg"}],"author":"Antonietta Di Vizia","twitter_card":"summary_large_image","twitter_creator":"@romaoggi_eu","twitter_site":"@romaoggi_eu","twitter_misc":{"Scritto da":"Antonietta Di Vizia","Tempo di lettura stimato":"2 minuti"},"schema":{"@context":"https:\/\/schema.org","@graph":[{"@type":"Article","@id":"https:\/\/www.romaoggi.eu\/index.php\/2016\/12\/04\/roma-4-dicembre-corriamo-autismo\/#article","isPartOf":{"@id":"https:\/\/www.romaoggi.eu\/index.php\/2016\/12\/04\/roma-4-dicembre-corriamo-autismo\/"},"author":{"name":"Antonietta Di Vizia","@id":"https:\/\/www.romaoggi.eu\/#\/schema\/person\/c8ca1fb64b5506391fff5f822a866c23"},"headline":"A Roma il 4 dicembre &#8220;Corriamo per l&#8217;autismo&#8221; e per Divento Grande Onlus","datePublished":"2016-12-04T16:14:10+00:00","mainEntityOfPage":{"@id":"https:\/\/www.romaoggi.eu\/index.php\/2016\/12\/04\/roma-4-dicembre-corriamo-autismo\/"},"wordCount":394,"commentCount":0,"publisher":{"@id":"https:\/\/www.romaoggi.eu\/#organization"},"image":{"@id":"https:\/\/www.romaoggi.eu\/index.php\/2016\/12\/04\/roma-4-dicembre-corriamo-autismo\/#primaryimage"},"thumbnailUrl":"https:\/\/www.romaoggi.eu\/wp-content\/uploads\/2016\/12\/15349548_1306606659371255_5353616054571200255_n.jpg","keywords":["autismo","corriamo per l'autismo","divento grande onlus","Gianluca Petrai","plank on","solidariet\u00e0","Urban mission training"],"articleSection":["attualit\u00e0"],"inLanguage":"it-IT","potentialAction":[{"@type":"CommentAction","name":"Comment","target":["https:\/\/www.romaoggi.eu\/index.php\/2016\/12\/04\/roma-4-dicembre-corriamo-autismo\/#respond"]}]},{"@type":"WebPage","@id":"https:\/\/www.romaoggi.eu\/index.php\/2016\/12\/04\/roma-4-dicembre-corriamo-autismo\/","url":"https:\/\/www.romaoggi.eu\/index.php\/2016\/12\/04\/roma-4-dicembre-corriamo-autismo\/","name":"A Roma il 4 dicembre \"Corriamo per l'autismo\" e per Divento Grande Onlus","isPartOf":{"@id":"https:\/\/www.romaoggi.eu\/#website"},"primaryImageOfPage":{"@id":"https:\/\/www.romaoggi.eu\/index.php\/2016\/12\/04\/roma-4-dicembre-corriamo-autismo\/#primaryimage"},"image":{"@id":"https:\/\/www.romaoggi.eu\/index.php\/2016\/12\/04\/roma-4-dicembre-corriamo-autismo\/#primaryimage"},"thumbnailUrl":"https:\/\/www.romaoggi.eu\/wp-content\/uploads\/2016\/12\/15349548_1306606659371255_5353616054571200255_n.jpg","datePublished":"2016-12-04T16:14:10+00:00","description":"I proventi di Corriamo per l'autismo,4 dicembre a villa Adam sono stati destinati a finanziare le attivit\u00e0 di Divento Grande Onlus.","breadcrumb":{"@id":"https:\/\/www.romaoggi.eu\/index.php\/2016\/12\/04\/roma-4-dicembre-corriamo-autismo\/#breadcrumb"},"inLanguage":"it-IT","potentialAction":[{"@type":"ReadAction","target":["https:\/\/www.romaoggi.eu\/index.php\/2016\/12\/04\/roma-4-dicembre-corriamo-autismo\/"]}]},{"@type":"ImageObject","inLanguage":"it-IT","@id":"https:\/\/www.romaoggi.eu\/index.php\/2016\/12\/04\/roma-4-dicembre-corriamo-autismo\/#primaryimage","url":"https:\/\/www.romaoggi.eu\/wp-content\/uploads\/2016\/12\/15349548_1306606659371255_5353616054571200255_n.jpg","contentUrl":"https:\/\/www.romaoggi.eu\/wp-content\/uploads\/2016\/12\/15349548_1306606659371255_5353616054571200255_n.jpg","width":960,"height":528},{"@type":"BreadcrumbList","@id":"https:\/\/www.romaoggi.eu\/index.php\/2016\/12\/04\/roma-4-dicembre-corriamo-autismo\/#breadcrumb","itemListElement":[{"@type":"ListItem","position":1,"name":"Home","item":"https:\/\/www.romaoggi.eu\/"},{"@type":"ListItem","position":2,"name":"A Roma il 4 dicembre &#8220;Corriamo per l&#8217;autismo&#8221; e per Divento Grande Onlus"}]},{"@type":"WebSite","@id":"https:\/\/www.romaoggi.eu\/#website","url":"https:\/\/www.romaoggi.eu\/","name":"roma oggi","description":"Interesting News for Interesting people","publisher":{"@id":"https:\/\/www.romaoggi.eu\/#organization"},"potentialAction":[{"@type":"SearchAction","target":{"@type":"EntryPoint","urlTemplate":"https:\/\/www.romaoggi.eu\/?s={search_term_string}"},"query-input":{"@type":"PropertyValueSpecification","valueRequired":true,"valueName":"search_term_string"}}],"inLanguage":"it-IT"},{"@type":"Organization","@id":"https:\/\/www.romaoggi.eu\/#organization","name":"RomaOggi","url":"https:\/\/www.romaoggi.eu\/","logo":{"@type":"ImageObject","inLanguage":"it-IT","@id":"https:\/\/www.romaoggi.eu\/#\/schema\/logo\/image\/","url":"https:\/\/www.romaoggi.eu\/wp-content\/uploads\/2017\/04\/logowp.jpg","contentUrl":"https:\/\/www.romaoggi.eu\/wp-content\/uploads\/2017\/04\/logowp.jpg","width":300,"height":133,"caption":"RomaOggi"},"image":{"@id":"https:\/\/www.romaoggi.eu\/#\/schema\/logo\/image\/"},"sameAs":["https:\/\/www.facebook.com\/RomaOggi-841544845954114","https:\/\/x.com\/romaoggi_eu"]},{"@type":"Person","@id":"https:\/\/www.romaoggi.eu\/#\/schema\/person\/c8ca1fb64b5506391fff5f822a866c23","name":"Antonietta Di Vizia","image":{"@type":"ImageObject","inLanguage":"it-IT","@id":"https:\/\/secure.gravatar.com\/avatar\/2ad571aa3fbfe3089b06ed5617adf58717b9359c0c97cf9b52804fb2dac293f2?s=96&d=mm&r=g","url":"https:\/\/secure.gravatar.com\/avatar\/2ad571aa3fbfe3089b06ed5617adf58717b9359c0c97cf9b52804fb2dac293f2?s=96&d=mm&r=g","contentUrl":"https:\/\/secure.gravatar.com\/avatar\/2ad571aa3fbfe3089b06ed5617adf58717b9359c0c97cf9b52804fb2dac293f2?s=96&d=mm&r=g","caption":"Antonietta Di Vizia"},"url":"https:\/\/www.romaoggi.eu\/index.php\/author\/antonietta\/"}]}},"_links":{"self":[{"href":"https:\/\/www.romaoggi.eu\/index.php\/wp-json\/wp\/v2\/posts\/5323","targetHints":{"allow":["GET"]}}],"collection":[{"href":"https:\/\/www.romaoggi.eu\/index.php\/wp-json\/wp\/v2\/posts"}],"about":[{"href":"https:\/\/www.romaoggi.eu\/index.php\/wp-json\/wp\/v2\/types\/post"}],"author":[{"embeddable":true,"href":"https:\/\/www.romaoggi.eu\/index.php\/wp-json\/wp\/v2\/users\/3"}],"replies":[{"embeddable":true,"href":"https:\/\/www.romaoggi.eu\/index.php\/wp-json\/wp\/v2\/comments?post=5323"}],"version-history":[{"count":5,"href":"https:\/\/www.romaoggi.eu\/index.php\/wp-json\/wp\/v2\/posts\/5323\/revisions"}],"predecessor-version":[{"id":5330,"href":"https:\/\/www.romaoggi.eu\/index.php\/wp-json\/wp\/v2\/posts\/5323\/revisions\/5330"}],"wp:featuredmedia":[{"embeddable":true,"href":"https:\/\/www.romaoggi.eu\/index.php\/wp-json\/wp\/v2\/media\/5325"}],"wp:attachment":[{"href":"https:\/\/www.romaoggi.eu\/index.php\/wp-json\/wp\/v2\/media?parent=5323"}],"wp:term":[{"taxonomy":"category","embeddable":true,"href":"https:\/\/www.romaoggi.eu\/index.php\/wp-json\/wp\/v2\/categories?post=5323"},{"taxonomy":"post_tag","embeddable":true,"href":"https:\/\/www.romaoggi.eu\/index.php\/wp-json\/wp\/v2\/tags?post=5323"}],"curies":[{"name":"wp","href":"https:\/\/api.w.org\/{rel}","templated":true}]}}