{"id":5407,"date":"2016-12-11T18:47:03","date_gmt":"2016-12-11T17:47:03","guid":{"rendered":"http:\/\/www.romaoggi.eu\/?p=5407"},"modified":"2016-12-11T18:47:35","modified_gmt":"2016-12-11T17:47:35","slug":"golden-circus-festival-liana-orfei","status":"publish","type":"post","link":"https:\/\/www.romaoggi.eu\/index.php\/2016\/12\/11\/golden-circus-festival-liana-orfei\/","title":{"rendered":"Golden Circus Festival festeggia anche gli ottanta anni di Liana Orfei"},"content":{"rendered":"<p style=\"text-align: justify;\">Torna a Roma il<b> Golden Circus Festival <\/b>di<b> Liana Orfei <\/b>dal 25 dicembre 2016 all&#8217; 8 gennaio 2017 all&#8217;Ippodromo di Capanelle, in Via Appia Nuova n.1250.<\/p>\n<p style=\"text-align: justify;\"><img loading=\"lazy\" decoding=\"async\" class=\"size-medium wp-image-5411 alignleft\" src=\"https:\/\/www.romaoggi.eu\/wp-content\/uploads\/2016\/12\/locandina-golden-17-XXXIII-edizione-216x300.jpg\" alt=\"golden Circus Festival\" width=\"216\" height=\"300\" srcset=\"https:\/\/www.romaoggi.eu\/wp-content\/uploads\/2016\/12\/locandina-golden-17-XXXIII-edizione-216x300.jpg 216w, https:\/\/www.romaoggi.eu\/wp-content\/uploads\/2016\/12\/locandina-golden-17-XXXIII-edizione.jpg 685w\" sizes=\"auto, (max-width: 216px) 100vw, 216px\" \/><\/p>\n<p style=\"text-align: justify;\">Bello andare al Circo durante le feste di Natale, un momento speciale quello delle festivit\u00e0 per condividere emozioni e sogni con grandi e piccini nella magica atmosfera del circo, un luogo tra magia e fantasia dove tutto \u00e8 possibile e dove per qualche ora si pu\u00f2 restare a bocca aperta e con il naso all&#8217; in su, dimenticando tutto e tutti.<\/p>\n<p style=\"text-align: justify;\">Unico nel suo genere, il\u00a0<b>Golden Circus Festival,\u00a0<a href=\"http:\/\/www.goldencircusfestival.it\/\">http:\/\/www.goldencircusfestival.it\/<\/a>, <\/b>\u00e8<b> <\/b>il festival internazionale di Roma Capitale tra i pi\u00f9 prestigiosi festival europei e rappresenta una delle manifestazioni pi\u00f9 applaudite al mondo, riunendo, nel corso degli anni, le pi\u00f9 grandi scuole circensi internazionali, per un totale di oltre 3.000 artisti, 1.000 spettacoli e 1.400.000 presenze.<\/p>\n<p style=\"text-align: justify;\"><span style=\"font-weight: 400;\">Ad esibirsi in questa XXXIII edizione artisti provenienti da ogni angolo del mondo, come Germania, Vietnam, Gambia, Russia, Finlandia, Sudafrica, Argentina, Danimarca e Cina, espressioni dell\u2019eccellenza internazionale della storia eterna del circo pi\u00f9 antico e tradizionale, ma anche delle pi\u00f9 innovative tendenze del panorama circense contemporaneo che, incontrandosi, daranno vita ad uno spettacolo da sogno ed estremamente coinvolgente per grandi e piccini.<\/span><\/p>\n<p style=\"text-align: justify;\">Una edizione speciale quella di quest&#8217;anno che vede oltre al<b> Golden Circus Festival<\/b> la presenza di \u00a0artisti internazionali anche un motivo in pi\u00f9 ovvero il compleanno di<b> Liana Orfei <\/b>che compie ottant&#8217;anni. Una vita artistica unica la sua, dedicata a tutto tondo al mondo circense internazionale ma non solo, bella e talentuosa giovanissima viene scoperta da <strong>Federico Fellini<\/strong> nel 1958, difficile pensare che \u00a0compia 80 anni. Lei sempre stata bella, \u00a0resta giovane e magica come il suo Circo, nei pensieri di tutti noi, nonostante l&#8217;et\u00e0.<\/p>\n<p style=\"text-align: justify;\"><span style=\"font-weight: 400;\">Ad arricchire il programma di quest\u2019anno, una straordinaria scenografia tecnologica che verr\u00e0 utilizzata per la prima volta in un circo. <\/span><span style=\"font-weight: 400;\">Trattandosi di un festival non poteva mancare una giuria internazionale che decreter\u00e0 il vincitore di questa edizione, la numero trentatre.<\/span><\/p>\n<p style=\"text-align: justify;\">Antonietta Di Vizia<\/p>\n<p>&nbsp;<\/p>\n","protected":false},"excerpt":{"rendered":"<div class=\"mh-excerpt\"><p>Torna a Roma il Golden Circus Festival di Liana Orfei dal 25 dicembre 2016 all&#8217; 8 gennaio 2017 all&#8217;Ippodromo di Capanelle, in Via Appia Nuova n.1250. Bello andare al Circo durante le feste di Natale, <a class=\"mh-excerpt-more\" href=\"https:\/\/www.romaoggi.eu\/index.php\/2016\/12\/11\/golden-circus-festival-liana-orfei\/\" title=\"Golden Circus Festival festeggia anche gli ottanta anni di Liana Orfei\">[&#8230;]<\/a><\/p>\n<\/div>","protected":false},"author":3,"featured_media":5410,"comment_status":"open","ping_status":"open","sticky":false,"template":"","format":"standard","meta":{"_sitemap_exclude":false,"_sitemap_priority":"","_sitemap_frequency":"","footnotes":""},"categories":[1],"tags":[3967,3965,3968,3963,3966,3964],"class_list":["post-5407","post","type-post","status-publish","format-standard","has-post-thumbnail","hentry","category-senza-categoria","tag-artisti","tag-circo","tag-federico-fellini","tag-golden-circus-festival","tag-ippodromo-di-capanelle","tag-liana-orfei"],"yoast_head":"<!-- This site is optimized with the Yoast SEO plugin v27.5 - https:\/\/yoast.com\/product\/yoast-seo-wordpress\/ -->\n<title>Golden Circus Festival festeggia anche gli ottanta anni di Liana Orfei<\/title>\n<meta name=\"description\" content=\"Torna a Roma il Golden Circus Festival di Liana Orfei dal 25 dicembre 2016 all&#039; 8 gennaio 2017 all&#039;Ippodromo di Capanelle, in Via Appia Nuova n.1250.\" \/>\n<meta name=\"robots\" content=\"index, follow, max-snippet:-1, max-image-preview:large, max-video-preview:-1\" \/>\n<link rel=\"canonical\" href=\"https:\/\/www.romaoggi.eu\/index.php\/2016\/12\/11\/golden-circus-festival-liana-orfei\/\" \/>\n<meta property=\"og:locale\" content=\"it_IT\" \/>\n<meta property=\"og:type\" content=\"article\" \/>\n<meta property=\"og:title\" content=\"Golden Circus Festival festeggia anche gli ottanta anni di Liana Orfei\" \/>\n<meta property=\"og:description\" content=\"Torna a Roma il Golden Circus Festival di Liana Orfei dal 25 dicembre 2016 all&#039; 8 gennaio 2017 all&#039;Ippodromo di Capanelle, in Via Appia Nuova n.1250.\" \/>\n<meta property=\"og:url\" content=\"https:\/\/www.romaoggi.eu\/index.php\/2016\/12\/11\/golden-circus-festival-liana-orfei\/\" \/>\n<meta property=\"og:site_name\" content=\"roma oggi\" \/>\n<meta property=\"article:publisher\" content=\"https:\/\/www.facebook.com\/RomaOggi-841544845954114\" \/>\n<meta property=\"article:published_time\" content=\"2016-12-11T17:47:03+00:00\" \/>\n<meta property=\"article:modified_time\" content=\"2016-12-11T17:47:35+00:00\" \/>\n<meta property=\"og:image\" content=\"https:\/\/www.romaoggi.eu\/wp-content\/uploads\/2016\/12\/Anne-Leon.jpg\" \/>\n\t<meta property=\"og:image:width\" content=\"600\" \/>\n\t<meta property=\"og:image:height\" content=\"400\" \/>\n\t<meta property=\"og:image:type\" content=\"image\/jpeg\" \/>\n<meta name=\"author\" content=\"Antonietta Di Vizia\" \/>\n<meta name=\"twitter:card\" content=\"summary_large_image\" \/>\n<meta name=\"twitter:creator\" content=\"@romaoggi_eu\" \/>\n<meta name=\"twitter:site\" content=\"@romaoggi_eu\" \/>\n<meta name=\"twitter:label1\" content=\"Scritto da\" \/>\n\t<meta name=\"twitter:data1\" content=\"Antonietta Di Vizia\" \/>\n\t<meta name=\"twitter:label2\" content=\"Tempo di lettura stimato\" \/>\n\t<meta name=\"twitter:data2\" content=\"2 minuti\" \/>\n<script type=\"application\/ld+json\" class=\"yoast-schema-graph\">{\"@context\":\"https:\\\/\\\/schema.org\",\"@graph\":[{\"@type\":\"Article\",\"@id\":\"https:\\\/\\\/www.romaoggi.eu\\\/index.php\\\/2016\\\/12\\\/11\\\/golden-circus-festival-liana-orfei\\\/#article\",\"isPartOf\":{\"@id\":\"https:\\\/\\\/www.romaoggi.eu\\\/index.php\\\/2016\\\/12\\\/11\\\/golden-circus-festival-liana-orfei\\\/\"},\"author\":{\"name\":\"Antonietta Di Vizia\",\"@id\":\"https:\\\/\\\/www.romaoggi.eu\\\/#\\\/schema\\\/person\\\/c8ca1fb64b5506391fff5f822a866c23\"},\"headline\":\"Golden Circus Festival festeggia anche gli ottanta anni di Liana Orfei\",\"datePublished\":\"2016-12-11T17:47:03+00:00\",\"dateModified\":\"2016-12-11T17:47:35+00:00\",\"mainEntityOfPage\":{\"@id\":\"https:\\\/\\\/www.romaoggi.eu\\\/index.php\\\/2016\\\/12\\\/11\\\/golden-circus-festival-liana-orfei\\\/\"},\"wordCount\":341,\"commentCount\":0,\"publisher\":{\"@id\":\"https:\\\/\\\/www.romaoggi.eu\\\/#organization\"},\"image\":{\"@id\":\"https:\\\/\\\/www.romaoggi.eu\\\/index.php\\\/2016\\\/12\\\/11\\\/golden-circus-festival-liana-orfei\\\/#primaryimage\"},\"thumbnailUrl\":\"https:\\\/\\\/www.romaoggi.eu\\\/wp-content\\\/uploads\\\/2016\\\/12\\\/Anne-Leon.jpg\",\"keywords\":[\"artisti\",\"circo\",\"Federico Fellini\",\"golden circus Festival\",\"ippodromo di capanelle\",\"Liana Orfei\"],\"inLanguage\":\"it-IT\",\"potentialAction\":[{\"@type\":\"CommentAction\",\"name\":\"Comment\",\"target\":[\"https:\\\/\\\/www.romaoggi.eu\\\/index.php\\\/2016\\\/12\\\/11\\\/golden-circus-festival-liana-orfei\\\/#respond\"]}]},{\"@type\":\"WebPage\",\"@id\":\"https:\\\/\\\/www.romaoggi.eu\\\/index.php\\\/2016\\\/12\\\/11\\\/golden-circus-festival-liana-orfei\\\/\",\"url\":\"https:\\\/\\\/www.romaoggi.eu\\\/index.php\\\/2016\\\/12\\\/11\\\/golden-circus-festival-liana-orfei\\\/\",\"name\":\"Golden Circus Festival festeggia anche gli ottanta anni di Liana Orfei\",\"isPartOf\":{\"@id\":\"https:\\\/\\\/www.romaoggi.eu\\\/#website\"},\"primaryImageOfPage\":{\"@id\":\"https:\\\/\\\/www.romaoggi.eu\\\/index.php\\\/2016\\\/12\\\/11\\\/golden-circus-festival-liana-orfei\\\/#primaryimage\"},\"image\":{\"@id\":\"https:\\\/\\\/www.romaoggi.eu\\\/index.php\\\/2016\\\/12\\\/11\\\/golden-circus-festival-liana-orfei\\\/#primaryimage\"},\"thumbnailUrl\":\"https:\\\/\\\/www.romaoggi.eu\\\/wp-content\\\/uploads\\\/2016\\\/12\\\/Anne-Leon.jpg\",\"datePublished\":\"2016-12-11T17:47:03+00:00\",\"dateModified\":\"2016-12-11T17:47:35+00:00\",\"description\":\"Torna a Roma il Golden Circus Festival di Liana Orfei dal 25 dicembre 2016 all' 8 gennaio 2017 all'Ippodromo di Capanelle, in Via Appia Nuova n.1250.\",\"breadcrumb\":{\"@id\":\"https:\\\/\\\/www.romaoggi.eu\\\/index.php\\\/2016\\\/12\\\/11\\\/golden-circus-festival-liana-orfei\\\/#breadcrumb\"},\"inLanguage\":\"it-IT\",\"potentialAction\":[{\"@type\":\"ReadAction\",\"target\":[\"https:\\\/\\\/www.romaoggi.eu\\\/index.php\\\/2016\\\/12\\\/11\\\/golden-circus-festival-liana-orfei\\\/\"]}]},{\"@type\":\"ImageObject\",\"inLanguage\":\"it-IT\",\"@id\":\"https:\\\/\\\/www.romaoggi.eu\\\/index.php\\\/2016\\\/12\\\/11\\\/golden-circus-festival-liana-orfei\\\/#primaryimage\",\"url\":\"https:\\\/\\\/www.romaoggi.eu\\\/wp-content\\\/uploads\\\/2016\\\/12\\\/Anne-Leon.jpg\",\"contentUrl\":\"https:\\\/\\\/www.romaoggi.eu\\\/wp-content\\\/uploads\\\/2016\\\/12\\\/Anne-Leon.jpg\",\"width\":600,\"height\":400,\"caption\":\"Anne Leon, acrobata del Golden Circus Festival\"},{\"@type\":\"BreadcrumbList\",\"@id\":\"https:\\\/\\\/www.romaoggi.eu\\\/index.php\\\/2016\\\/12\\\/11\\\/golden-circus-festival-liana-orfei\\\/#breadcrumb\",\"itemListElement\":[{\"@type\":\"ListItem\",\"position\":1,\"name\":\"Home\",\"item\":\"https:\\\/\\\/www.romaoggi.eu\\\/\"},{\"@type\":\"ListItem\",\"position\":2,\"name\":\"Golden Circus Festival festeggia anche gli ottanta anni di Liana Orfei\"}]},{\"@type\":\"WebSite\",\"@id\":\"https:\\\/\\\/www.romaoggi.eu\\\/#website\",\"url\":\"https:\\\/\\\/www.romaoggi.eu\\\/\",\"name\":\"roma oggi\",\"description\":\"Interesting News for Interesting people\",\"publisher\":{\"@id\":\"https:\\\/\\\/www.romaoggi.eu\\\/#organization\"},\"potentialAction\":[{\"@type\":\"SearchAction\",\"target\":{\"@type\":\"EntryPoint\",\"urlTemplate\":\"https:\\\/\\\/www.romaoggi.eu\\\/?s={search_term_string}\"},\"query-input\":{\"@type\":\"PropertyValueSpecification\",\"valueRequired\":true,\"valueName\":\"search_term_string\"}}],\"inLanguage\":\"it-IT\"},{\"@type\":\"Organization\",\"@id\":\"https:\\\/\\\/www.romaoggi.eu\\\/#organization\",\"name\":\"RomaOggi\",\"url\":\"https:\\\/\\\/www.romaoggi.eu\\\/\",\"logo\":{\"@type\":\"ImageObject\",\"inLanguage\":\"it-IT\",\"@id\":\"https:\\\/\\\/www.romaoggi.eu\\\/#\\\/schema\\\/logo\\\/image\\\/\",\"url\":\"https:\\\/\\\/www.romaoggi.eu\\\/wp-content\\\/uploads\\\/2017\\\/04\\\/logowp.jpg\",\"contentUrl\":\"https:\\\/\\\/www.romaoggi.eu\\\/wp-content\\\/uploads\\\/2017\\\/04\\\/logowp.jpg\",\"width\":300,\"height\":133,\"caption\":\"RomaOggi\"},\"image\":{\"@id\":\"https:\\\/\\\/www.romaoggi.eu\\\/#\\\/schema\\\/logo\\\/image\\\/\"},\"sameAs\":[\"https:\\\/\\\/www.facebook.com\\\/RomaOggi-841544845954114\",\"https:\\\/\\\/x.com\\\/romaoggi_eu\"]},{\"@type\":\"Person\",\"@id\":\"https:\\\/\\\/www.romaoggi.eu\\\/#\\\/schema\\\/person\\\/c8ca1fb64b5506391fff5f822a866c23\",\"name\":\"Antonietta Di Vizia\",\"image\":{\"@type\":\"ImageObject\",\"inLanguage\":\"it-IT\",\"@id\":\"https:\\\/\\\/secure.gravatar.com\\\/avatar\\\/2ad571aa3fbfe3089b06ed5617adf58717b9359c0c97cf9b52804fb2dac293f2?s=96&d=mm&r=g\",\"url\":\"https:\\\/\\\/secure.gravatar.com\\\/avatar\\\/2ad571aa3fbfe3089b06ed5617adf58717b9359c0c97cf9b52804fb2dac293f2?s=96&d=mm&r=g\",\"contentUrl\":\"https:\\\/\\\/secure.gravatar.com\\\/avatar\\\/2ad571aa3fbfe3089b06ed5617adf58717b9359c0c97cf9b52804fb2dac293f2?s=96&d=mm&r=g\",\"caption\":\"Antonietta Di Vizia\"},\"url\":\"https:\\\/\\\/www.romaoggi.eu\\\/index.php\\\/author\\\/antonietta\\\/\"}]}<\/script>\n<!-- \/ Yoast SEO plugin. -->","yoast_head_json":{"title":"Golden Circus Festival festeggia anche gli ottanta anni di Liana Orfei","description":"Torna a Roma il Golden Circus Festival di Liana Orfei dal 25 dicembre 2016 all' 8 gennaio 2017 all'Ippodromo di Capanelle, in Via Appia Nuova n.1250.","robots":{"index":"index","follow":"follow","max-snippet":"max-snippet:-1","max-image-preview":"max-image-preview:large","max-video-preview":"max-video-preview:-1"},"canonical":"https:\/\/www.romaoggi.eu\/index.php\/2016\/12\/11\/golden-circus-festival-liana-orfei\/","og_locale":"it_IT","og_type":"article","og_title":"Golden Circus Festival festeggia anche gli ottanta anni di Liana Orfei","og_description":"Torna a Roma il Golden Circus Festival di Liana Orfei dal 25 dicembre 2016 all' 8 gennaio 2017 all'Ippodromo di Capanelle, in Via Appia Nuova n.1250.","og_url":"https:\/\/www.romaoggi.eu\/index.php\/2016\/12\/11\/golden-circus-festival-liana-orfei\/","og_site_name":"roma oggi","article_publisher":"https:\/\/www.facebook.com\/RomaOggi-841544845954114","article_published_time":"2016-12-11T17:47:03+00:00","article_modified_time":"2016-12-11T17:47:35+00:00","og_image":[{"width":600,"height":400,"url":"https:\/\/www.romaoggi.eu\/wp-content\/uploads\/2016\/12\/Anne-Leon.jpg","type":"image\/jpeg"}],"author":"Antonietta Di Vizia","twitter_card":"summary_large_image","twitter_creator":"@romaoggi_eu","twitter_site":"@romaoggi_eu","twitter_misc":{"Scritto da":"Antonietta Di Vizia","Tempo di lettura stimato":"2 minuti"},"schema":{"@context":"https:\/\/schema.org","@graph":[{"@type":"Article","@id":"https:\/\/www.romaoggi.eu\/index.php\/2016\/12\/11\/golden-circus-festival-liana-orfei\/#article","isPartOf":{"@id":"https:\/\/www.romaoggi.eu\/index.php\/2016\/12\/11\/golden-circus-festival-liana-orfei\/"},"author":{"name":"Antonietta Di Vizia","@id":"https:\/\/www.romaoggi.eu\/#\/schema\/person\/c8ca1fb64b5506391fff5f822a866c23"},"headline":"Golden Circus Festival festeggia anche gli ottanta anni di Liana Orfei","datePublished":"2016-12-11T17:47:03+00:00","dateModified":"2016-12-11T17:47:35+00:00","mainEntityOfPage":{"@id":"https:\/\/www.romaoggi.eu\/index.php\/2016\/12\/11\/golden-circus-festival-liana-orfei\/"},"wordCount":341,"commentCount":0,"publisher":{"@id":"https:\/\/www.romaoggi.eu\/#organization"},"image":{"@id":"https:\/\/www.romaoggi.eu\/index.php\/2016\/12\/11\/golden-circus-festival-liana-orfei\/#primaryimage"},"thumbnailUrl":"https:\/\/www.romaoggi.eu\/wp-content\/uploads\/2016\/12\/Anne-Leon.jpg","keywords":["artisti","circo","Federico Fellini","golden circus Festival","ippodromo di capanelle","Liana Orfei"],"inLanguage":"it-IT","potentialAction":[{"@type":"CommentAction","name":"Comment","target":["https:\/\/www.romaoggi.eu\/index.php\/2016\/12\/11\/golden-circus-festival-liana-orfei\/#respond"]}]},{"@type":"WebPage","@id":"https:\/\/www.romaoggi.eu\/index.php\/2016\/12\/11\/golden-circus-festival-liana-orfei\/","url":"https:\/\/www.romaoggi.eu\/index.php\/2016\/12\/11\/golden-circus-festival-liana-orfei\/","name":"Golden Circus Festival festeggia anche gli ottanta anni di Liana Orfei","isPartOf":{"@id":"https:\/\/www.romaoggi.eu\/#website"},"primaryImageOfPage":{"@id":"https:\/\/www.romaoggi.eu\/index.php\/2016\/12\/11\/golden-circus-festival-liana-orfei\/#primaryimage"},"image":{"@id":"https:\/\/www.romaoggi.eu\/index.php\/2016\/12\/11\/golden-circus-festival-liana-orfei\/#primaryimage"},"thumbnailUrl":"https:\/\/www.romaoggi.eu\/wp-content\/uploads\/2016\/12\/Anne-Leon.jpg","datePublished":"2016-12-11T17:47:03+00:00","dateModified":"2016-12-11T17:47:35+00:00","description":"Torna a Roma il Golden Circus Festival di Liana Orfei dal 25 dicembre 2016 all' 8 gennaio 2017 all'Ippodromo di Capanelle, in Via Appia Nuova n.1250.","breadcrumb":{"@id":"https:\/\/www.romaoggi.eu\/index.php\/2016\/12\/11\/golden-circus-festival-liana-orfei\/#breadcrumb"},"inLanguage":"it-IT","potentialAction":[{"@type":"ReadAction","target":["https:\/\/www.romaoggi.eu\/index.php\/2016\/12\/11\/golden-circus-festival-liana-orfei\/"]}]},{"@type":"ImageObject","inLanguage":"it-IT","@id":"https:\/\/www.romaoggi.eu\/index.php\/2016\/12\/11\/golden-circus-festival-liana-orfei\/#primaryimage","url":"https:\/\/www.romaoggi.eu\/wp-content\/uploads\/2016\/12\/Anne-Leon.jpg","contentUrl":"https:\/\/www.romaoggi.eu\/wp-content\/uploads\/2016\/12\/Anne-Leon.jpg","width":600,"height":400,"caption":"Anne Leon, acrobata del Golden Circus Festival"},{"@type":"BreadcrumbList","@id":"https:\/\/www.romaoggi.eu\/index.php\/2016\/12\/11\/golden-circus-festival-liana-orfei\/#breadcrumb","itemListElement":[{"@type":"ListItem","position":1,"name":"Home","item":"https:\/\/www.romaoggi.eu\/"},{"@type":"ListItem","position":2,"name":"Golden Circus Festival festeggia anche gli ottanta anni di Liana Orfei"}]},{"@type":"WebSite","@id":"https:\/\/www.romaoggi.eu\/#website","url":"https:\/\/www.romaoggi.eu\/","name":"roma oggi","description":"Interesting News for Interesting people","publisher":{"@id":"https:\/\/www.romaoggi.eu\/#organization"},"potentialAction":[{"@type":"SearchAction","target":{"@type":"EntryPoint","urlTemplate":"https:\/\/www.romaoggi.eu\/?s={search_term_string}"},"query-input":{"@type":"PropertyValueSpecification","valueRequired":true,"valueName":"search_term_string"}}],"inLanguage":"it-IT"},{"@type":"Organization","@id":"https:\/\/www.romaoggi.eu\/#organization","name":"RomaOggi","url":"https:\/\/www.romaoggi.eu\/","logo":{"@type":"ImageObject","inLanguage":"it-IT","@id":"https:\/\/www.romaoggi.eu\/#\/schema\/logo\/image\/","url":"https:\/\/www.romaoggi.eu\/wp-content\/uploads\/2017\/04\/logowp.jpg","contentUrl":"https:\/\/www.romaoggi.eu\/wp-content\/uploads\/2017\/04\/logowp.jpg","width":300,"height":133,"caption":"RomaOggi"},"image":{"@id":"https:\/\/www.romaoggi.eu\/#\/schema\/logo\/image\/"},"sameAs":["https:\/\/www.facebook.com\/RomaOggi-841544845954114","https:\/\/x.com\/romaoggi_eu"]},{"@type":"Person","@id":"https:\/\/www.romaoggi.eu\/#\/schema\/person\/c8ca1fb64b5506391fff5f822a866c23","name":"Antonietta Di Vizia","image":{"@type":"ImageObject","inLanguage":"it-IT","@id":"https:\/\/secure.gravatar.com\/avatar\/2ad571aa3fbfe3089b06ed5617adf58717b9359c0c97cf9b52804fb2dac293f2?s=96&d=mm&r=g","url":"https:\/\/secure.gravatar.com\/avatar\/2ad571aa3fbfe3089b06ed5617adf58717b9359c0c97cf9b52804fb2dac293f2?s=96&d=mm&r=g","contentUrl":"https:\/\/secure.gravatar.com\/avatar\/2ad571aa3fbfe3089b06ed5617adf58717b9359c0c97cf9b52804fb2dac293f2?s=96&d=mm&r=g","caption":"Antonietta Di Vizia"},"url":"https:\/\/www.romaoggi.eu\/index.php\/author\/antonietta\/"}]}},"_links":{"self":[{"href":"https:\/\/www.romaoggi.eu\/index.php\/wp-json\/wp\/v2\/posts\/5407","targetHints":{"allow":["GET"]}}],"collection":[{"href":"https:\/\/www.romaoggi.eu\/index.php\/wp-json\/wp\/v2\/posts"}],"about":[{"href":"https:\/\/www.romaoggi.eu\/index.php\/wp-json\/wp\/v2\/types\/post"}],"author":[{"embeddable":true,"href":"https:\/\/www.romaoggi.eu\/index.php\/wp-json\/wp\/v2\/users\/3"}],"replies":[{"embeddable":true,"href":"https:\/\/www.romaoggi.eu\/index.php\/wp-json\/wp\/v2\/comments?post=5407"}],"version-history":[{"count":6,"href":"https:\/\/www.romaoggi.eu\/index.php\/wp-json\/wp\/v2\/posts\/5407\/revisions"}],"predecessor-version":[{"id":5416,"href":"https:\/\/www.romaoggi.eu\/index.php\/wp-json\/wp\/v2\/posts\/5407\/revisions\/5416"}],"wp:featuredmedia":[{"embeddable":true,"href":"https:\/\/www.romaoggi.eu\/index.php\/wp-json\/wp\/v2\/media\/5410"}],"wp:attachment":[{"href":"https:\/\/www.romaoggi.eu\/index.php\/wp-json\/wp\/v2\/media?parent=5407"}],"wp:term":[{"taxonomy":"category","embeddable":true,"href":"https:\/\/www.romaoggi.eu\/index.php\/wp-json\/wp\/v2\/categories?post=5407"},{"taxonomy":"post_tag","embeddable":true,"href":"https:\/\/www.romaoggi.eu\/index.php\/wp-json\/wp\/v2\/tags?post=5407"}],"curies":[{"name":"wp","href":"https:\/\/api.w.org\/{rel}","templated":true}]}}