{"id":5696,"date":"2016-12-26T14:00:12","date_gmt":"2016-12-26T13:00:12","guid":{"rendered":"http:\/\/www.romaoggi.eu\/?p=5696"},"modified":"2016-12-26T14:00:12","modified_gmt":"2016-12-26T13:00:12","slug":"il-piccolo-principe-e-laviatore","status":"publish","type":"post","link":"https:\/\/www.romaoggi.eu\/index.php\/2016\/12\/26\/il-piccolo-principe-e-laviatore\/","title":{"rendered":"Il Piccolo Principe e l&#8217;aviatore al teatro Tor Bella Monaca"},"content":{"rendered":"<p style=\"text-align: justify;\"><b>Al teatro Tor Bella Monaca dal 26 al 28 dicembre 2016, \u00a0Il Piccolo Principe e l&#8217;aviatore, \u00a0una favola per tutte le et\u00e0 con la regia di Amanda Sandrelli.<\/b><\/p>\n<p style=\"text-align: justify;\">Durante le feste di Natale \u00e8 bello sognare ed \u00e8 bello poter vedere in compagnia dei cari, spettacoli che toccano il cuore e che ci fanno tornare indietro nel tempo, risvegliando il bambino che \u00e8 in noi ma anche lo spirito di meraviglia ed ottimismo. Per questo vi consigliamo uno spettacolo che vi far\u00e0 fare un salto nel tempo, riportandovi ad atmosfere da fiaba con un tocco originale e inaspettato.<\/p>\n<p style=\"text-align: justify;\"><span style=\"font-weight: 400;\"><strong>Il Piccolo Principe<\/strong> \u00e8 la storia pi\u00f9 semplice e allo stesso tempo pi\u00f9 intensa che tutti noi abbiamo letto. Una storia per ragazzi, ma soprattutto per gli adulti che non si sono mai dimenticati di essere stati bambini. Tutto \u00e8 impreziosito dalla proiezione delle illustrazioni disegnate da <strong>Alvalenti<\/strong>, affermato grafico, illustratore e umorista.<\/span> Lo spettacolo, rigorosamente per tutte le et\u00e0, \u00e8 in scena al Teatro Tor Bella Monaca dal 26 al 28 dicembre 2016, con la regia di <strong>Amanda Sandrelli<\/strong>. La drammaturgia da <strong>Antoine de Saint-Exup\u00e9ry<\/strong> \u00e8 di Samuele Boncompagni<span style=\"font-weight: 400;\">. <\/span><\/p>\n<p style=\"text-align: justify;\"><span style=\"font-weight: 400;\">Con<strong> Samuele Boncompagni<\/strong> e con<\/span><b>\u00a0<\/b><span style=\"font-weight: 400;\"><strong>Massimiliano Dragoni<\/strong>\u00a0<\/span><i><span style=\"font-weight: 400;\">percussioni<\/span><\/i><span style=\"font-weight: 400;\">;\u00a0<strong>Luca \u201cRoccia\u201d Baldini<\/strong>\u00a0<\/span><i><span style=\"font-weight: 400;\">basso<\/span><\/i><span style=\"font-weight: 400;\">;\u00a0<strong>Massimo Ferri\u00a0<\/strong><\/span><i><span style=\"font-weight: 400;\">chitarra e bouzouki<\/span><\/i><span style=\"font-weight: 400;\">; <strong>Lavinia Massai\u00a0<\/strong><\/span><i><span style=\"font-weight: 400;\">flauto<\/span><\/i><span style=\"font-weight: 400;\">; <strong>Gianni Micheli<\/strong>\u00a0<\/span><i><span style=\"font-weight: 400;\">clarinetti e fisarmonica<\/span><\/i><span style=\"font-weight: 400;\">;\u00a0<strong>Mariel Tahiraj\u00a0<\/strong><\/span><i><span style=\"font-weight: 400;\">violino<\/span><\/i><span style=\"font-weight: 400;\">; <strong>Stefano Ferri\u00a0<\/strong><\/span><i><span style=\"font-weight: 400;\">voce<\/span><\/i><b>, <\/b><span style=\"font-weight: 400;\">musiche<\/span><strong>\u00a0<\/strong><span style=\"font-weight: 400;\"><strong>Massimo Ferri<\/strong> e <strong>Luca Baldini<\/strong>, con i testi delle canzoni di\u00a0Stefano Ferri.<\/span><\/p>\n<p style=\"text-align: justify;\">Da non perdere al\u00a0<b>Teatro Tor Bella Monaca,\u00a0<a href=\"http:\/\/www.teatriincomune.roma.it\/teatro-tor-bella-monaca\/\">http:\/\/www.teatriincomune.roma.it\/teatro-tor-bella-monaca\/<\/a><\/b><\/p>\n<p><b>luned\u00ec 26, marted\u00ec 27, mercoled\u00ec 28\u00a0 <\/b><b>dicembre <\/b><\/p>\n<p><b>ore 17,30 e 21,00<\/b><\/p>\n","protected":false},"excerpt":{"rendered":"<div class=\"mh-excerpt\"><p>Al teatro Tor Bella Monaca dal 26 al 28 dicembre 2016, \u00a0Il Piccolo Principe e l&#8217;aviatore, \u00a0una favola per tutte le et\u00e0 con la regia di Amanda Sandrelli. Durante le feste di Natale \u00e8 bello <a class=\"mh-excerpt-more\" href=\"https:\/\/www.romaoggi.eu\/index.php\/2016\/12\/26\/il-piccolo-principe-e-laviatore\/\" title=\"Il Piccolo Principe e l&#8217;aviatore al teatro Tor Bella Monaca\">[&#8230;]<\/a><\/p>\n<\/div>","protected":false},"author":3,"featured_media":5699,"comment_status":"open","ping_status":"open","sticky":false,"template":"","format":"standard","meta":{"_sitemap_exclude":false,"_sitemap_priority":"","_sitemap_frequency":"","footnotes":""},"categories":[4],"tags":[4183,4182,4188,4181,4187,4191,4189,4185,4186,4184,4190,85,2794],"class_list":["post-5696","post","type-post","status-publish","format-standard","has-post-thumbnail","hentry","category-spettacolo","tag-alvalenti","tag-amanda-sandrelli","tag-gianni-micheli","tag-il-piccolo-principe-e-laviatore","tag-lavinia-massai","tag-luca-baldini","tag-mariel-tahiraj","tag-massimiliano-dragoni","tag-massimo-ferri","tag-samuele-boncompagni","tag-stefano-ferri","tag-teatro","tag-teatro-tor-bella-monaca"],"yoast_head":"<!-- This site is optimized with the Yoast SEO plugin v27.4 - https:\/\/yoast.com\/product\/yoast-seo-wordpress\/ -->\n<title>Il Piccolo Principe e l&#039;aviatore al teatro Tor Bella Monaca<\/title>\n<meta name=\"description\" content=\"Al teatro Tor Bella Monaca, dal 26 al 28 dicembre 2016, una favola per tutte le et\u00e0 Il Piccolo Principe e l&#039;aviatore con la regia di Amanda Sandrelli.\" \/>\n<meta name=\"robots\" content=\"index, follow, max-snippet:-1, max-image-preview:large, max-video-preview:-1\" \/>\n<link rel=\"canonical\" href=\"https:\/\/www.romaoggi.eu\/index.php\/2016\/12\/26\/il-piccolo-principe-e-laviatore\/\" \/>\n<meta property=\"og:locale\" content=\"it_IT\" \/>\n<meta property=\"og:type\" content=\"article\" \/>\n<meta property=\"og:title\" content=\"Il Piccolo Principe e l&#039;aviatore al teatro Tor Bella Monaca\" \/>\n<meta property=\"og:description\" content=\"Al teatro Tor Bella Monaca, dal 26 al 28 dicembre 2016, una favola per tutte le et\u00e0 Il Piccolo Principe e l&#039;aviatore con la regia di Amanda Sandrelli.\" \/>\n<meta property=\"og:url\" content=\"https:\/\/www.romaoggi.eu\/index.php\/2016\/12\/26\/il-piccolo-principe-e-laviatore\/\" \/>\n<meta property=\"og:site_name\" content=\"roma oggi\" \/>\n<meta property=\"article:publisher\" content=\"https:\/\/www.facebook.com\/RomaOggi-841544845954114\" \/>\n<meta property=\"article:published_time\" content=\"2016-12-26T13:00:12+00:00\" \/>\n<meta property=\"og:image\" content=\"https:\/\/www.romaoggi.eu\/wp-content\/uploads\/2016\/12\/Il-piccolo-principe.jpg\" \/>\n\t<meta property=\"og:image:width\" content=\"963\" \/>\n\t<meta property=\"og:image:height\" content=\"497\" \/>\n\t<meta property=\"og:image:type\" content=\"image\/jpeg\" \/>\n<meta name=\"author\" content=\"Antonietta Di Vizia\" \/>\n<meta name=\"twitter:card\" content=\"summary_large_image\" \/>\n<meta name=\"twitter:creator\" content=\"@romaoggi_eu\" \/>\n<meta name=\"twitter:site\" content=\"@romaoggi_eu\" \/>\n<meta name=\"twitter:label1\" content=\"Scritto da\" \/>\n\t<meta name=\"twitter:data1\" content=\"Antonietta Di Vizia\" \/>\n\t<meta name=\"twitter:label2\" content=\"Tempo di lettura stimato\" \/>\n\t<meta name=\"twitter:data2\" content=\"1 minuto\" \/>\n<script type=\"application\/ld+json\" class=\"yoast-schema-graph\">{\"@context\":\"https:\\\/\\\/schema.org\",\"@graph\":[{\"@type\":\"Article\",\"@id\":\"https:\\\/\\\/www.romaoggi.eu\\\/index.php\\\/2016\\\/12\\\/26\\\/il-piccolo-principe-e-laviatore\\\/#article\",\"isPartOf\":{\"@id\":\"https:\\\/\\\/www.romaoggi.eu\\\/index.php\\\/2016\\\/12\\\/26\\\/il-piccolo-principe-e-laviatore\\\/\"},\"author\":{\"name\":\"Antonietta Di Vizia\",\"@id\":\"https:\\\/\\\/www.romaoggi.eu\\\/#\\\/schema\\\/person\\\/c8ca1fb64b5506391fff5f822a866c23\"},\"headline\":\"Il Piccolo Principe e l&#8217;aviatore al teatro Tor Bella Monaca\",\"datePublished\":\"2016-12-26T13:00:12+00:00\",\"mainEntityOfPage\":{\"@id\":\"https:\\\/\\\/www.romaoggi.eu\\\/index.php\\\/2016\\\/12\\\/26\\\/il-piccolo-principe-e-laviatore\\\/\"},\"wordCount\":253,\"commentCount\":0,\"publisher\":{\"@id\":\"https:\\\/\\\/www.romaoggi.eu\\\/#organization\"},\"image\":{\"@id\":\"https:\\\/\\\/www.romaoggi.eu\\\/index.php\\\/2016\\\/12\\\/26\\\/il-piccolo-principe-e-laviatore\\\/#primaryimage\"},\"thumbnailUrl\":\"https:\\\/\\\/www.romaoggi.eu\\\/wp-content\\\/uploads\\\/2016\\\/12\\\/Il-piccolo-principe.jpg\",\"keywords\":[\"Alvalenti\",\"amanda sandrelli\",\"Gianni Micheli\",\"il piccolo principe e l'aviatore\",\"lavinia massai\",\"Luca baldini\",\"Mariel Tahiraj\",\"massimiliano Dragoni\",\"massimo ferri\",\"Samuele Boncompagni\",\"Stefano Ferri\",\"teatro\",\"teatro Tor Bella Monaca\"],\"articleSection\":[\"Spettacolo\"],\"inLanguage\":\"it-IT\",\"potentialAction\":[{\"@type\":\"CommentAction\",\"name\":\"Comment\",\"target\":[\"https:\\\/\\\/www.romaoggi.eu\\\/index.php\\\/2016\\\/12\\\/26\\\/il-piccolo-principe-e-laviatore\\\/#respond\"]}]},{\"@type\":\"WebPage\",\"@id\":\"https:\\\/\\\/www.romaoggi.eu\\\/index.php\\\/2016\\\/12\\\/26\\\/il-piccolo-principe-e-laviatore\\\/\",\"url\":\"https:\\\/\\\/www.romaoggi.eu\\\/index.php\\\/2016\\\/12\\\/26\\\/il-piccolo-principe-e-laviatore\\\/\",\"name\":\"Il Piccolo Principe e l'aviatore al teatro Tor Bella Monaca\",\"isPartOf\":{\"@id\":\"https:\\\/\\\/www.romaoggi.eu\\\/#website\"},\"primaryImageOfPage\":{\"@id\":\"https:\\\/\\\/www.romaoggi.eu\\\/index.php\\\/2016\\\/12\\\/26\\\/il-piccolo-principe-e-laviatore\\\/#primaryimage\"},\"image\":{\"@id\":\"https:\\\/\\\/www.romaoggi.eu\\\/index.php\\\/2016\\\/12\\\/26\\\/il-piccolo-principe-e-laviatore\\\/#primaryimage\"},\"thumbnailUrl\":\"https:\\\/\\\/www.romaoggi.eu\\\/wp-content\\\/uploads\\\/2016\\\/12\\\/Il-piccolo-principe.jpg\",\"datePublished\":\"2016-12-26T13:00:12+00:00\",\"description\":\"Al teatro Tor Bella Monaca, dal 26 al 28 dicembre 2016, una favola per tutte le et\u00e0 Il Piccolo Principe e l'aviatore con la regia di Amanda Sandrelli.\",\"breadcrumb\":{\"@id\":\"https:\\\/\\\/www.romaoggi.eu\\\/index.php\\\/2016\\\/12\\\/26\\\/il-piccolo-principe-e-laviatore\\\/#breadcrumb\"},\"inLanguage\":\"it-IT\",\"potentialAction\":[{\"@type\":\"ReadAction\",\"target\":[\"https:\\\/\\\/www.romaoggi.eu\\\/index.php\\\/2016\\\/12\\\/26\\\/il-piccolo-principe-e-laviatore\\\/\"]}]},{\"@type\":\"ImageObject\",\"inLanguage\":\"it-IT\",\"@id\":\"https:\\\/\\\/www.romaoggi.eu\\\/index.php\\\/2016\\\/12\\\/26\\\/il-piccolo-principe-e-laviatore\\\/#primaryimage\",\"url\":\"https:\\\/\\\/www.romaoggi.eu\\\/wp-content\\\/uploads\\\/2016\\\/12\\\/Il-piccolo-principe.jpg\",\"contentUrl\":\"https:\\\/\\\/www.romaoggi.eu\\\/wp-content\\\/uploads\\\/2016\\\/12\\\/Il-piccolo-principe.jpg\",\"width\":963,\"height\":497},{\"@type\":\"BreadcrumbList\",\"@id\":\"https:\\\/\\\/www.romaoggi.eu\\\/index.php\\\/2016\\\/12\\\/26\\\/il-piccolo-principe-e-laviatore\\\/#breadcrumb\",\"itemListElement\":[{\"@type\":\"ListItem\",\"position\":1,\"name\":\"Home\",\"item\":\"https:\\\/\\\/www.romaoggi.eu\\\/\"},{\"@type\":\"ListItem\",\"position\":2,\"name\":\"Il Piccolo Principe e l&#8217;aviatore al teatro Tor Bella Monaca\"}]},{\"@type\":\"WebSite\",\"@id\":\"https:\\\/\\\/www.romaoggi.eu\\\/#website\",\"url\":\"https:\\\/\\\/www.romaoggi.eu\\\/\",\"name\":\"roma oggi\",\"description\":\"Interesting News for Interesting people\",\"publisher\":{\"@id\":\"https:\\\/\\\/www.romaoggi.eu\\\/#organization\"},\"potentialAction\":[{\"@type\":\"SearchAction\",\"target\":{\"@type\":\"EntryPoint\",\"urlTemplate\":\"https:\\\/\\\/www.romaoggi.eu\\\/?s={search_term_string}\"},\"query-input\":{\"@type\":\"PropertyValueSpecification\",\"valueRequired\":true,\"valueName\":\"search_term_string\"}}],\"inLanguage\":\"it-IT\"},{\"@type\":\"Organization\",\"@id\":\"https:\\\/\\\/www.romaoggi.eu\\\/#organization\",\"name\":\"RomaOggi\",\"url\":\"https:\\\/\\\/www.romaoggi.eu\\\/\",\"logo\":{\"@type\":\"ImageObject\",\"inLanguage\":\"it-IT\",\"@id\":\"https:\\\/\\\/www.romaoggi.eu\\\/#\\\/schema\\\/logo\\\/image\\\/\",\"url\":\"https:\\\/\\\/www.romaoggi.eu\\\/wp-content\\\/uploads\\\/2017\\\/04\\\/logowp.jpg\",\"contentUrl\":\"https:\\\/\\\/www.romaoggi.eu\\\/wp-content\\\/uploads\\\/2017\\\/04\\\/logowp.jpg\",\"width\":300,\"height\":133,\"caption\":\"RomaOggi\"},\"image\":{\"@id\":\"https:\\\/\\\/www.romaoggi.eu\\\/#\\\/schema\\\/logo\\\/image\\\/\"},\"sameAs\":[\"https:\\\/\\\/www.facebook.com\\\/RomaOggi-841544845954114\",\"https:\\\/\\\/x.com\\\/romaoggi_eu\"]},{\"@type\":\"Person\",\"@id\":\"https:\\\/\\\/www.romaoggi.eu\\\/#\\\/schema\\\/person\\\/c8ca1fb64b5506391fff5f822a866c23\",\"name\":\"Antonietta Di Vizia\",\"image\":{\"@type\":\"ImageObject\",\"inLanguage\":\"it-IT\",\"@id\":\"https:\\\/\\\/secure.gravatar.com\\\/avatar\\\/2ad571aa3fbfe3089b06ed5617adf58717b9359c0c97cf9b52804fb2dac293f2?s=96&d=mm&r=g\",\"url\":\"https:\\\/\\\/secure.gravatar.com\\\/avatar\\\/2ad571aa3fbfe3089b06ed5617adf58717b9359c0c97cf9b52804fb2dac293f2?s=96&d=mm&r=g\",\"contentUrl\":\"https:\\\/\\\/secure.gravatar.com\\\/avatar\\\/2ad571aa3fbfe3089b06ed5617adf58717b9359c0c97cf9b52804fb2dac293f2?s=96&d=mm&r=g\",\"caption\":\"Antonietta Di Vizia\"},\"url\":\"https:\\\/\\\/www.romaoggi.eu\\\/index.php\\\/author\\\/antonietta\\\/\"}]}<\/script>\n<!-- \/ Yoast SEO plugin. -->","yoast_head_json":{"title":"Il Piccolo Principe e l'aviatore al teatro Tor Bella Monaca","description":"Al teatro Tor Bella Monaca, dal 26 al 28 dicembre 2016, una favola per tutte le et\u00e0 Il Piccolo Principe e l'aviatore con la regia di Amanda Sandrelli.","robots":{"index":"index","follow":"follow","max-snippet":"max-snippet:-1","max-image-preview":"max-image-preview:large","max-video-preview":"max-video-preview:-1"},"canonical":"https:\/\/www.romaoggi.eu\/index.php\/2016\/12\/26\/il-piccolo-principe-e-laviatore\/","og_locale":"it_IT","og_type":"article","og_title":"Il Piccolo Principe e l'aviatore al teatro Tor Bella Monaca","og_description":"Al teatro Tor Bella Monaca, dal 26 al 28 dicembre 2016, una favola per tutte le et\u00e0 Il Piccolo Principe e l'aviatore con la regia di Amanda Sandrelli.","og_url":"https:\/\/www.romaoggi.eu\/index.php\/2016\/12\/26\/il-piccolo-principe-e-laviatore\/","og_site_name":"roma oggi","article_publisher":"https:\/\/www.facebook.com\/RomaOggi-841544845954114","article_published_time":"2016-12-26T13:00:12+00:00","og_image":[{"width":963,"height":497,"url":"https:\/\/www.romaoggi.eu\/wp-content\/uploads\/2016\/12\/Il-piccolo-principe.jpg","type":"image\/jpeg"}],"author":"Antonietta Di Vizia","twitter_card":"summary_large_image","twitter_creator":"@romaoggi_eu","twitter_site":"@romaoggi_eu","twitter_misc":{"Scritto da":"Antonietta Di Vizia","Tempo di lettura stimato":"1 minuto"},"schema":{"@context":"https:\/\/schema.org","@graph":[{"@type":"Article","@id":"https:\/\/www.romaoggi.eu\/index.php\/2016\/12\/26\/il-piccolo-principe-e-laviatore\/#article","isPartOf":{"@id":"https:\/\/www.romaoggi.eu\/index.php\/2016\/12\/26\/il-piccolo-principe-e-laviatore\/"},"author":{"name":"Antonietta Di Vizia","@id":"https:\/\/www.romaoggi.eu\/#\/schema\/person\/c8ca1fb64b5506391fff5f822a866c23"},"headline":"Il Piccolo Principe e l&#8217;aviatore al teatro Tor Bella Monaca","datePublished":"2016-12-26T13:00:12+00:00","mainEntityOfPage":{"@id":"https:\/\/www.romaoggi.eu\/index.php\/2016\/12\/26\/il-piccolo-principe-e-laviatore\/"},"wordCount":253,"commentCount":0,"publisher":{"@id":"https:\/\/www.romaoggi.eu\/#organization"},"image":{"@id":"https:\/\/www.romaoggi.eu\/index.php\/2016\/12\/26\/il-piccolo-principe-e-laviatore\/#primaryimage"},"thumbnailUrl":"https:\/\/www.romaoggi.eu\/wp-content\/uploads\/2016\/12\/Il-piccolo-principe.jpg","keywords":["Alvalenti","amanda sandrelli","Gianni Micheli","il piccolo principe e l'aviatore","lavinia massai","Luca baldini","Mariel Tahiraj","massimiliano Dragoni","massimo ferri","Samuele Boncompagni","Stefano Ferri","teatro","teatro Tor Bella Monaca"],"articleSection":["Spettacolo"],"inLanguage":"it-IT","potentialAction":[{"@type":"CommentAction","name":"Comment","target":["https:\/\/www.romaoggi.eu\/index.php\/2016\/12\/26\/il-piccolo-principe-e-laviatore\/#respond"]}]},{"@type":"WebPage","@id":"https:\/\/www.romaoggi.eu\/index.php\/2016\/12\/26\/il-piccolo-principe-e-laviatore\/","url":"https:\/\/www.romaoggi.eu\/index.php\/2016\/12\/26\/il-piccolo-principe-e-laviatore\/","name":"Il Piccolo Principe e l'aviatore al teatro Tor Bella Monaca","isPartOf":{"@id":"https:\/\/www.romaoggi.eu\/#website"},"primaryImageOfPage":{"@id":"https:\/\/www.romaoggi.eu\/index.php\/2016\/12\/26\/il-piccolo-principe-e-laviatore\/#primaryimage"},"image":{"@id":"https:\/\/www.romaoggi.eu\/index.php\/2016\/12\/26\/il-piccolo-principe-e-laviatore\/#primaryimage"},"thumbnailUrl":"https:\/\/www.romaoggi.eu\/wp-content\/uploads\/2016\/12\/Il-piccolo-principe.jpg","datePublished":"2016-12-26T13:00:12+00:00","description":"Al teatro Tor Bella Monaca, dal 26 al 28 dicembre 2016, una favola per tutte le et\u00e0 Il Piccolo Principe e l'aviatore con la regia di Amanda Sandrelli.","breadcrumb":{"@id":"https:\/\/www.romaoggi.eu\/index.php\/2016\/12\/26\/il-piccolo-principe-e-laviatore\/#breadcrumb"},"inLanguage":"it-IT","potentialAction":[{"@type":"ReadAction","target":["https:\/\/www.romaoggi.eu\/index.php\/2016\/12\/26\/il-piccolo-principe-e-laviatore\/"]}]},{"@type":"ImageObject","inLanguage":"it-IT","@id":"https:\/\/www.romaoggi.eu\/index.php\/2016\/12\/26\/il-piccolo-principe-e-laviatore\/#primaryimage","url":"https:\/\/www.romaoggi.eu\/wp-content\/uploads\/2016\/12\/Il-piccolo-principe.jpg","contentUrl":"https:\/\/www.romaoggi.eu\/wp-content\/uploads\/2016\/12\/Il-piccolo-principe.jpg","width":963,"height":497},{"@type":"BreadcrumbList","@id":"https:\/\/www.romaoggi.eu\/index.php\/2016\/12\/26\/il-piccolo-principe-e-laviatore\/#breadcrumb","itemListElement":[{"@type":"ListItem","position":1,"name":"Home","item":"https:\/\/www.romaoggi.eu\/"},{"@type":"ListItem","position":2,"name":"Il Piccolo Principe e l&#8217;aviatore al teatro Tor Bella Monaca"}]},{"@type":"WebSite","@id":"https:\/\/www.romaoggi.eu\/#website","url":"https:\/\/www.romaoggi.eu\/","name":"roma oggi","description":"Interesting News for Interesting people","publisher":{"@id":"https:\/\/www.romaoggi.eu\/#organization"},"potentialAction":[{"@type":"SearchAction","target":{"@type":"EntryPoint","urlTemplate":"https:\/\/www.romaoggi.eu\/?s={search_term_string}"},"query-input":{"@type":"PropertyValueSpecification","valueRequired":true,"valueName":"search_term_string"}}],"inLanguage":"it-IT"},{"@type":"Organization","@id":"https:\/\/www.romaoggi.eu\/#organization","name":"RomaOggi","url":"https:\/\/www.romaoggi.eu\/","logo":{"@type":"ImageObject","inLanguage":"it-IT","@id":"https:\/\/www.romaoggi.eu\/#\/schema\/logo\/image\/","url":"https:\/\/www.romaoggi.eu\/wp-content\/uploads\/2017\/04\/logowp.jpg","contentUrl":"https:\/\/www.romaoggi.eu\/wp-content\/uploads\/2017\/04\/logowp.jpg","width":300,"height":133,"caption":"RomaOggi"},"image":{"@id":"https:\/\/www.romaoggi.eu\/#\/schema\/logo\/image\/"},"sameAs":["https:\/\/www.facebook.com\/RomaOggi-841544845954114","https:\/\/x.com\/romaoggi_eu"]},{"@type":"Person","@id":"https:\/\/www.romaoggi.eu\/#\/schema\/person\/c8ca1fb64b5506391fff5f822a866c23","name":"Antonietta Di Vizia","image":{"@type":"ImageObject","inLanguage":"it-IT","@id":"https:\/\/secure.gravatar.com\/avatar\/2ad571aa3fbfe3089b06ed5617adf58717b9359c0c97cf9b52804fb2dac293f2?s=96&d=mm&r=g","url":"https:\/\/secure.gravatar.com\/avatar\/2ad571aa3fbfe3089b06ed5617adf58717b9359c0c97cf9b52804fb2dac293f2?s=96&d=mm&r=g","contentUrl":"https:\/\/secure.gravatar.com\/avatar\/2ad571aa3fbfe3089b06ed5617adf58717b9359c0c97cf9b52804fb2dac293f2?s=96&d=mm&r=g","caption":"Antonietta Di Vizia"},"url":"https:\/\/www.romaoggi.eu\/index.php\/author\/antonietta\/"}]}},"_links":{"self":[{"href":"https:\/\/www.romaoggi.eu\/index.php\/wp-json\/wp\/v2\/posts\/5696","targetHints":{"allow":["GET"]}}],"collection":[{"href":"https:\/\/www.romaoggi.eu\/index.php\/wp-json\/wp\/v2\/posts"}],"about":[{"href":"https:\/\/www.romaoggi.eu\/index.php\/wp-json\/wp\/v2\/types\/post"}],"author":[{"embeddable":true,"href":"https:\/\/www.romaoggi.eu\/index.php\/wp-json\/wp\/v2\/users\/3"}],"replies":[{"embeddable":true,"href":"https:\/\/www.romaoggi.eu\/index.php\/wp-json\/wp\/v2\/comments?post=5696"}],"version-history":[{"count":6,"href":"https:\/\/www.romaoggi.eu\/index.php\/wp-json\/wp\/v2\/posts\/5696\/revisions"}],"predecessor-version":[{"id":5703,"href":"https:\/\/www.romaoggi.eu\/index.php\/wp-json\/wp\/v2\/posts\/5696\/revisions\/5703"}],"wp:featuredmedia":[{"embeddable":true,"href":"https:\/\/www.romaoggi.eu\/index.php\/wp-json\/wp\/v2\/media\/5699"}],"wp:attachment":[{"href":"https:\/\/www.romaoggi.eu\/index.php\/wp-json\/wp\/v2\/media?parent=5696"}],"wp:term":[{"taxonomy":"category","embeddable":true,"href":"https:\/\/www.romaoggi.eu\/index.php\/wp-json\/wp\/v2\/categories?post=5696"},{"taxonomy":"post_tag","embeddable":true,"href":"https:\/\/www.romaoggi.eu\/index.php\/wp-json\/wp\/v2\/tags?post=5696"}],"curies":[{"name":"wp","href":"https:\/\/api.w.org\/{rel}","templated":true}]}}