{"id":5826,"date":"2017-01-07T11:33:13","date_gmt":"2017-01-07T10:33:13","guid":{"rendered":"http:\/\/www.romaoggi.eu\/?p=5826"},"modified":"2017-01-07T11:33:13","modified_gmt":"2017-01-07T10:33:13","slug":"prove-dautore-al-museo-crocetti","status":"publish","type":"post","link":"https:\/\/www.romaoggi.eu\/index.php\/2017\/01\/07\/prove-dautore-al-museo-crocetti\/","title":{"rendered":"Prove d&#8217;autore &#8211; l\u2019istituto Gaetano De Sanctis in mostra al Museo Crocetti"},"content":{"rendered":"<p style=\"text-align: justify;\"><b>Al Museo Venanzo Crocetti, <\/b>il\u00a010 gennaio 2017 l\u2019inaugurazione della mostra<b>\u00a0Prove d&#8217;Autore.<\/b>\u00a0Protagoniste le opere prime di circa cento giovani artisti ovvero \u00a0gli alunni delle classi:\u00a0<strong>3E, 3C, 3BL, 4BL\u00a0<\/strong>dell<b>\u2019Istituto Scolastico Gaetano De Sanctis.<\/b><!--more--><\/p>\n<p><img loading=\"lazy\" decoding=\"async\" class=\"size-medium wp-image-5831 alignleft\" src=\"https:\/\/www.romaoggi.eu\/wp-content\/uploads\/2017\/01\/locandina-crocetti-3-214x300.jpg\" alt=\"prove d'autore\" width=\"214\" height=\"300\" srcset=\"https:\/\/www.romaoggi.eu\/wp-content\/uploads\/2017\/01\/locandina-crocetti-3-214x300.jpg 214w, https:\/\/www.romaoggi.eu\/wp-content\/uploads\/2017\/01\/locandina-crocetti-3.jpg 701w\" sizes=\"auto, (max-width: 214px) 100vw, 214px\" \/><\/p>\n<p style=\"text-align: justify;\">La mostra al Museo Crocetti <strong>Prove d\u2019Autore<\/strong>, ideata e curata dalla prof.ssa <strong>Maria Teresa Marsella<\/strong>, si ispira a un modo dinamico di <strong>\u201cfare-scuola\u201d<\/strong>, che intende arricchire la formazione degli allievi con nuovi e pi\u00f9 attuali stimoli. I ragazzi delle quattro classi partecipanti (<strong>3E, 3C, 3BL, 4BL)<\/strong> hanno intrapreso un percorso creativo che ha previsto un apprendimento pratico.<\/p>\n<p style=\"text-align: justify;\">Spiega la<strong> prof.ssa Maria Teresa Marsella<\/strong>: \u201c<em>Lavorare con le mani serve a dare libero spazio alla creativit\u00e0 e a scoprire che si riesce a ideare, modellare, esprimere pensieri ed emozioni. \u00a0Grazie all\u2019 esperienza professionale didattica oltre che tecnica, dal tutor esterno<strong> Silvia Nicoli,<\/strong> proveniente dall\u2019Istituto Centrale di Restauro di Roma, i ragazzi procedendo con quell\u2019 entusiasmo proprio della loro et\u00e0, hanno scoperto un mondo ai pi\u00f9 sconosciuto. Hanno sperimentato che l\u2019arte non \u00e8 un qualcosa di astratto e lontano, ma \u00e8 soprattutto ai giorni nostri, un modo per esprimere s\u00e8 stessi, le proprie emozioni e idee. I manufatti sono stati realizzati nel rispetto dell\u2019ambiente usando materiali ecologici e di recupero.<\/em>\u201d<\/p>\n<p style=\"text-align: justify;\">Gli studenti coinvolti nell\u2019esperienza dell\u2019Alternanza Scuola-Lavoro, hanno personalmente curato l\u2019organizzazione della mostra<strong> Prove D&#8217;Autore<\/strong>, esplicando di volta in volta le diverse figure professionali necessarie per la creazione dell\u2019evento: il trasporto delle opere, l\u2019allestimento dell\u2019esposizione, la pubblicit\u00e0 (creazione di locandine, brochure, volantini, sito web, pubblicizzazione sui social), il servizio di accoglienza degli ospiti, la realizzazione di un video-documentario. Una delle quattro classe coinvolte, ha inoltre messo in pratica i principi appresi durante il progetto \u201c<strong>Educazione ad una corretta e sana alimentazione<\/strong>\u201d (referente prof.ssa <strong>Ciancaglioni<\/strong>), ideando, realizzando e curando il buffet anche attraverso una accurata selezione degli ingredienti selezionati.<\/p>\n<p style=\"text-align: justify;\"><span style=\"font-weight: 400;\">Gli organizzatori sono felici che il progetto abbia visto la sua realizzazione grazie alla disponibilit\u00e0 della <strong>Fondazione Venanzo Crocetti<\/strong>, la cui sensibile attenzione ha permesso di dare visibilit\u00e0 alle<strong> opere prime di oltre cento \u201cgiovani artisti\u201d.<\/strong><\/span><\/p>\n<p><span style=\"font-weight: 400;\">Per informazioni: <\/span><a href=\"mailto:mostracrocetti@gmail.com\"><span style=\"font-weight: 400;\">mostracrocetti@gmail.com<\/span><\/a><\/p>\n<p>Articolo di Ilenia Menale<\/p>\n","protected":false},"excerpt":{"rendered":"<div class=\"mh-excerpt\"><p>Al Museo Venanzo Crocetti, il\u00a010 gennaio 2017 l\u2019inaugurazione della mostra\u00a0Prove d&#8217;Autore.\u00a0Protagoniste le opere prime di circa cento giovani artisti ovvero \u00a0gli alunni delle classi:\u00a03E, 3C, 3BL, 4BL\u00a0dell\u2019Istituto Scolastico Gaetano De Sanctis.<\/p>\n<\/div>","protected":false},"author":3,"featured_media":5829,"comment_status":"open","ping_status":"open","sticky":false,"template":"","format":"standard","meta":{"_sitemap_exclude":false,"_sitemap_priority":"","_sitemap_frequency":"","footnotes":""},"categories":[522],"tags":[4295,3860,4298,4296,3360,4299,4297],"class_list":["post-5826","post","type-post","status-publish","format-standard","has-post-thumbnail","hentry","category-attualita","tag-fondazione-venanzo-crocetti","tag-ilenia-menale","tag-istituto-scolastico-gaetano-de-sanctis","tag-maria-teresa-marsella","tag-museo-crocetti","tag-professoressa-ciancaglioni","tag-prove-dautore"],"yoast_head":"<!-- This site is optimized with the Yoast SEO plugin v27.5 - https:\/\/yoast.com\/product\/yoast-seo-wordpress\/ -->\n<title>Prove d&#039;autore - l\u2019istituto Gaetano De Sanctis in mostra al Museo Crocetti<\/title>\n<meta name=\"description\" content=\"Al Museo Crocetti, il 10 gennaio 2017 l\u2019inaugurazione di Prove d&#039;Autore. Protagoniste le opere prime degli studenti dell\u2019Istituto Gaetano De Sanctis.\" \/>\n<meta name=\"robots\" content=\"index, follow, max-snippet:-1, max-image-preview:large, max-video-preview:-1\" \/>\n<link rel=\"canonical\" href=\"https:\/\/www.romaoggi.eu\/index.php\/2017\/01\/07\/prove-dautore-al-museo-crocetti\/\" \/>\n<meta property=\"og:locale\" content=\"it_IT\" \/>\n<meta property=\"og:type\" content=\"article\" \/>\n<meta property=\"og:title\" content=\"Prove d&#039;autore - l\u2019istituto Gaetano De Sanctis in mostra al Museo Crocetti\" \/>\n<meta property=\"og:description\" content=\"Al Museo Crocetti, il 10 gennaio 2017 l\u2019inaugurazione di Prove d&#039;Autore. Protagoniste le opere prime degli studenti dell\u2019Istituto Gaetano De Sanctis.\" \/>\n<meta property=\"og:url\" content=\"https:\/\/www.romaoggi.eu\/index.php\/2017\/01\/07\/prove-dautore-al-museo-crocetti\/\" \/>\n<meta property=\"og:site_name\" content=\"roma oggi\" \/>\n<meta property=\"article:publisher\" content=\"https:\/\/www.facebook.com\/RomaOggi-841544845954114\" \/>\n<meta property=\"article:published_time\" content=\"2017-01-07T10:33:13+00:00\" \/>\n<meta property=\"og:image\" content=\"https:\/\/www.romaoggi.eu\/wp-content\/uploads\/2017\/01\/2016-12-12-PHOTO-00000081.jpg\" \/>\n\t<meta property=\"og:image:width\" content=\"1600\" \/>\n\t<meta property=\"og:image:height\" content=\"1200\" \/>\n\t<meta property=\"og:image:type\" content=\"image\/jpeg\" \/>\n<meta name=\"author\" content=\"Antonietta Di Vizia\" \/>\n<meta name=\"twitter:card\" content=\"summary_large_image\" \/>\n<meta name=\"twitter:creator\" content=\"@romaoggi_eu\" \/>\n<meta name=\"twitter:site\" content=\"@romaoggi_eu\" \/>\n<meta name=\"twitter:label1\" content=\"Scritto da\" \/>\n\t<meta name=\"twitter:data1\" content=\"Antonietta Di Vizia\" \/>\n\t<meta name=\"twitter:label2\" content=\"Tempo di lettura stimato\" \/>\n\t<meta name=\"twitter:data2\" content=\"2 minuti\" \/>\n<script type=\"application\/ld+json\" class=\"yoast-schema-graph\">{\"@context\":\"https:\\\/\\\/schema.org\",\"@graph\":[{\"@type\":\"Article\",\"@id\":\"https:\\\/\\\/www.romaoggi.eu\\\/index.php\\\/2017\\\/01\\\/07\\\/prove-dautore-al-museo-crocetti\\\/#article\",\"isPartOf\":{\"@id\":\"https:\\\/\\\/www.romaoggi.eu\\\/index.php\\\/2017\\\/01\\\/07\\\/prove-dautore-al-museo-crocetti\\\/\"},\"author\":{\"name\":\"Antonietta Di Vizia\",\"@id\":\"https:\\\/\\\/www.romaoggi.eu\\\/#\\\/schema\\\/person\\\/c8ca1fb64b5506391fff5f822a866c23\"},\"headline\":\"Prove d&#8217;autore &#8211; l\u2019istituto Gaetano De Sanctis in mostra al Museo Crocetti\",\"datePublished\":\"2017-01-07T10:33:13+00:00\",\"mainEntityOfPage\":{\"@id\":\"https:\\\/\\\/www.romaoggi.eu\\\/index.php\\\/2017\\\/01\\\/07\\\/prove-dautore-al-museo-crocetti\\\/\"},\"wordCount\":372,\"commentCount\":0,\"publisher\":{\"@id\":\"https:\\\/\\\/www.romaoggi.eu\\\/#organization\"},\"image\":{\"@id\":\"https:\\\/\\\/www.romaoggi.eu\\\/index.php\\\/2017\\\/01\\\/07\\\/prove-dautore-al-museo-crocetti\\\/#primaryimage\"},\"thumbnailUrl\":\"https:\\\/\\\/www.romaoggi.eu\\\/wp-content\\\/uploads\\\/2017\\\/01\\\/2016-12-12-PHOTO-00000081.jpg\",\"keywords\":[\"fondazione Venanzo Crocetti\",\"ilenia menale\",\"Istituto Scolastico Gaetano De Sanctis\",\"Maria Teresa Marsella\",\"Museo Crocetti\",\"professoressa Ciancaglioni\",\"prove d'autore\"],\"articleSection\":[\"attualit\u00e0\"],\"inLanguage\":\"it-IT\",\"potentialAction\":[{\"@type\":\"CommentAction\",\"name\":\"Comment\",\"target\":[\"https:\\\/\\\/www.romaoggi.eu\\\/index.php\\\/2017\\\/01\\\/07\\\/prove-dautore-al-museo-crocetti\\\/#respond\"]}]},{\"@type\":\"WebPage\",\"@id\":\"https:\\\/\\\/www.romaoggi.eu\\\/index.php\\\/2017\\\/01\\\/07\\\/prove-dautore-al-museo-crocetti\\\/\",\"url\":\"https:\\\/\\\/www.romaoggi.eu\\\/index.php\\\/2017\\\/01\\\/07\\\/prove-dautore-al-museo-crocetti\\\/\",\"name\":\"Prove d'autore - l\u2019istituto Gaetano De Sanctis in mostra al Museo Crocetti\",\"isPartOf\":{\"@id\":\"https:\\\/\\\/www.romaoggi.eu\\\/#website\"},\"primaryImageOfPage\":{\"@id\":\"https:\\\/\\\/www.romaoggi.eu\\\/index.php\\\/2017\\\/01\\\/07\\\/prove-dautore-al-museo-crocetti\\\/#primaryimage\"},\"image\":{\"@id\":\"https:\\\/\\\/www.romaoggi.eu\\\/index.php\\\/2017\\\/01\\\/07\\\/prove-dautore-al-museo-crocetti\\\/#primaryimage\"},\"thumbnailUrl\":\"https:\\\/\\\/www.romaoggi.eu\\\/wp-content\\\/uploads\\\/2017\\\/01\\\/2016-12-12-PHOTO-00000081.jpg\",\"datePublished\":\"2017-01-07T10:33:13+00:00\",\"description\":\"Al Museo Crocetti, il 10 gennaio 2017 l\u2019inaugurazione di Prove d'Autore. Protagoniste le opere prime degli studenti dell\u2019Istituto Gaetano De Sanctis.\",\"breadcrumb\":{\"@id\":\"https:\\\/\\\/www.romaoggi.eu\\\/index.php\\\/2017\\\/01\\\/07\\\/prove-dautore-al-museo-crocetti\\\/#breadcrumb\"},\"inLanguage\":\"it-IT\",\"potentialAction\":[{\"@type\":\"ReadAction\",\"target\":[\"https:\\\/\\\/www.romaoggi.eu\\\/index.php\\\/2017\\\/01\\\/07\\\/prove-dautore-al-museo-crocetti\\\/\"]}]},{\"@type\":\"ImageObject\",\"inLanguage\":\"it-IT\",\"@id\":\"https:\\\/\\\/www.romaoggi.eu\\\/index.php\\\/2017\\\/01\\\/07\\\/prove-dautore-al-museo-crocetti\\\/#primaryimage\",\"url\":\"https:\\\/\\\/www.romaoggi.eu\\\/wp-content\\\/uploads\\\/2017\\\/01\\\/2016-12-12-PHOTO-00000081.jpg\",\"contentUrl\":\"https:\\\/\\\/www.romaoggi.eu\\\/wp-content\\\/uploads\\\/2017\\\/01\\\/2016-12-12-PHOTO-00000081.jpg\",\"width\":1600,\"height\":1200},{\"@type\":\"BreadcrumbList\",\"@id\":\"https:\\\/\\\/www.romaoggi.eu\\\/index.php\\\/2017\\\/01\\\/07\\\/prove-dautore-al-museo-crocetti\\\/#breadcrumb\",\"itemListElement\":[{\"@type\":\"ListItem\",\"position\":1,\"name\":\"Home\",\"item\":\"https:\\\/\\\/www.romaoggi.eu\\\/\"},{\"@type\":\"ListItem\",\"position\":2,\"name\":\"Prove d&#8217;autore &#8211; l\u2019istituto Gaetano De Sanctis in mostra al Museo Crocetti\"}]},{\"@type\":\"WebSite\",\"@id\":\"https:\\\/\\\/www.romaoggi.eu\\\/#website\",\"url\":\"https:\\\/\\\/www.romaoggi.eu\\\/\",\"name\":\"roma oggi\",\"description\":\"Interesting News for Interesting people\",\"publisher\":{\"@id\":\"https:\\\/\\\/www.romaoggi.eu\\\/#organization\"},\"potentialAction\":[{\"@type\":\"SearchAction\",\"target\":{\"@type\":\"EntryPoint\",\"urlTemplate\":\"https:\\\/\\\/www.romaoggi.eu\\\/?s={search_term_string}\"},\"query-input\":{\"@type\":\"PropertyValueSpecification\",\"valueRequired\":true,\"valueName\":\"search_term_string\"}}],\"inLanguage\":\"it-IT\"},{\"@type\":\"Organization\",\"@id\":\"https:\\\/\\\/www.romaoggi.eu\\\/#organization\",\"name\":\"RomaOggi\",\"url\":\"https:\\\/\\\/www.romaoggi.eu\\\/\",\"logo\":{\"@type\":\"ImageObject\",\"inLanguage\":\"it-IT\",\"@id\":\"https:\\\/\\\/www.romaoggi.eu\\\/#\\\/schema\\\/logo\\\/image\\\/\",\"url\":\"https:\\\/\\\/www.romaoggi.eu\\\/wp-content\\\/uploads\\\/2017\\\/04\\\/logowp.jpg\",\"contentUrl\":\"https:\\\/\\\/www.romaoggi.eu\\\/wp-content\\\/uploads\\\/2017\\\/04\\\/logowp.jpg\",\"width\":300,\"height\":133,\"caption\":\"RomaOggi\"},\"image\":{\"@id\":\"https:\\\/\\\/www.romaoggi.eu\\\/#\\\/schema\\\/logo\\\/image\\\/\"},\"sameAs\":[\"https:\\\/\\\/www.facebook.com\\\/RomaOggi-841544845954114\",\"https:\\\/\\\/x.com\\\/romaoggi_eu\"]},{\"@type\":\"Person\",\"@id\":\"https:\\\/\\\/www.romaoggi.eu\\\/#\\\/schema\\\/person\\\/c8ca1fb64b5506391fff5f822a866c23\",\"name\":\"Antonietta Di Vizia\",\"image\":{\"@type\":\"ImageObject\",\"inLanguage\":\"it-IT\",\"@id\":\"https:\\\/\\\/secure.gravatar.com\\\/avatar\\\/2ad571aa3fbfe3089b06ed5617adf58717b9359c0c97cf9b52804fb2dac293f2?s=96&d=mm&r=g\",\"url\":\"https:\\\/\\\/secure.gravatar.com\\\/avatar\\\/2ad571aa3fbfe3089b06ed5617adf58717b9359c0c97cf9b52804fb2dac293f2?s=96&d=mm&r=g\",\"contentUrl\":\"https:\\\/\\\/secure.gravatar.com\\\/avatar\\\/2ad571aa3fbfe3089b06ed5617adf58717b9359c0c97cf9b52804fb2dac293f2?s=96&d=mm&r=g\",\"caption\":\"Antonietta Di Vizia\"},\"url\":\"https:\\\/\\\/www.romaoggi.eu\\\/index.php\\\/author\\\/antonietta\\\/\"}]}<\/script>\n<!-- \/ Yoast SEO plugin. -->","yoast_head_json":{"title":"Prove d'autore - l\u2019istituto Gaetano De Sanctis in mostra al Museo Crocetti","description":"Al Museo Crocetti, il 10 gennaio 2017 l\u2019inaugurazione di Prove d'Autore. Protagoniste le opere prime degli studenti dell\u2019Istituto Gaetano De Sanctis.","robots":{"index":"index","follow":"follow","max-snippet":"max-snippet:-1","max-image-preview":"max-image-preview:large","max-video-preview":"max-video-preview:-1"},"canonical":"https:\/\/www.romaoggi.eu\/index.php\/2017\/01\/07\/prove-dautore-al-museo-crocetti\/","og_locale":"it_IT","og_type":"article","og_title":"Prove d'autore - l\u2019istituto Gaetano De Sanctis in mostra al Museo Crocetti","og_description":"Al Museo Crocetti, il 10 gennaio 2017 l\u2019inaugurazione di Prove d'Autore. Protagoniste le opere prime degli studenti dell\u2019Istituto Gaetano De Sanctis.","og_url":"https:\/\/www.romaoggi.eu\/index.php\/2017\/01\/07\/prove-dautore-al-museo-crocetti\/","og_site_name":"roma oggi","article_publisher":"https:\/\/www.facebook.com\/RomaOggi-841544845954114","article_published_time":"2017-01-07T10:33:13+00:00","og_image":[{"width":1600,"height":1200,"url":"https:\/\/www.romaoggi.eu\/wp-content\/uploads\/2017\/01\/2016-12-12-PHOTO-00000081.jpg","type":"image\/jpeg"}],"author":"Antonietta Di Vizia","twitter_card":"summary_large_image","twitter_creator":"@romaoggi_eu","twitter_site":"@romaoggi_eu","twitter_misc":{"Scritto da":"Antonietta Di Vizia","Tempo di lettura stimato":"2 minuti"},"schema":{"@context":"https:\/\/schema.org","@graph":[{"@type":"Article","@id":"https:\/\/www.romaoggi.eu\/index.php\/2017\/01\/07\/prove-dautore-al-museo-crocetti\/#article","isPartOf":{"@id":"https:\/\/www.romaoggi.eu\/index.php\/2017\/01\/07\/prove-dautore-al-museo-crocetti\/"},"author":{"name":"Antonietta Di Vizia","@id":"https:\/\/www.romaoggi.eu\/#\/schema\/person\/c8ca1fb64b5506391fff5f822a866c23"},"headline":"Prove d&#8217;autore &#8211; l\u2019istituto Gaetano De Sanctis in mostra al Museo Crocetti","datePublished":"2017-01-07T10:33:13+00:00","mainEntityOfPage":{"@id":"https:\/\/www.romaoggi.eu\/index.php\/2017\/01\/07\/prove-dautore-al-museo-crocetti\/"},"wordCount":372,"commentCount":0,"publisher":{"@id":"https:\/\/www.romaoggi.eu\/#organization"},"image":{"@id":"https:\/\/www.romaoggi.eu\/index.php\/2017\/01\/07\/prove-dautore-al-museo-crocetti\/#primaryimage"},"thumbnailUrl":"https:\/\/www.romaoggi.eu\/wp-content\/uploads\/2017\/01\/2016-12-12-PHOTO-00000081.jpg","keywords":["fondazione Venanzo Crocetti","ilenia menale","Istituto Scolastico Gaetano De Sanctis","Maria Teresa Marsella","Museo Crocetti","professoressa Ciancaglioni","prove d'autore"],"articleSection":["attualit\u00e0"],"inLanguage":"it-IT","potentialAction":[{"@type":"CommentAction","name":"Comment","target":["https:\/\/www.romaoggi.eu\/index.php\/2017\/01\/07\/prove-dautore-al-museo-crocetti\/#respond"]}]},{"@type":"WebPage","@id":"https:\/\/www.romaoggi.eu\/index.php\/2017\/01\/07\/prove-dautore-al-museo-crocetti\/","url":"https:\/\/www.romaoggi.eu\/index.php\/2017\/01\/07\/prove-dautore-al-museo-crocetti\/","name":"Prove d'autore - l\u2019istituto Gaetano De Sanctis in mostra al Museo Crocetti","isPartOf":{"@id":"https:\/\/www.romaoggi.eu\/#website"},"primaryImageOfPage":{"@id":"https:\/\/www.romaoggi.eu\/index.php\/2017\/01\/07\/prove-dautore-al-museo-crocetti\/#primaryimage"},"image":{"@id":"https:\/\/www.romaoggi.eu\/index.php\/2017\/01\/07\/prove-dautore-al-museo-crocetti\/#primaryimage"},"thumbnailUrl":"https:\/\/www.romaoggi.eu\/wp-content\/uploads\/2017\/01\/2016-12-12-PHOTO-00000081.jpg","datePublished":"2017-01-07T10:33:13+00:00","description":"Al Museo Crocetti, il 10 gennaio 2017 l\u2019inaugurazione di Prove d'Autore. Protagoniste le opere prime degli studenti dell\u2019Istituto Gaetano De Sanctis.","breadcrumb":{"@id":"https:\/\/www.romaoggi.eu\/index.php\/2017\/01\/07\/prove-dautore-al-museo-crocetti\/#breadcrumb"},"inLanguage":"it-IT","potentialAction":[{"@type":"ReadAction","target":["https:\/\/www.romaoggi.eu\/index.php\/2017\/01\/07\/prove-dautore-al-museo-crocetti\/"]}]},{"@type":"ImageObject","inLanguage":"it-IT","@id":"https:\/\/www.romaoggi.eu\/index.php\/2017\/01\/07\/prove-dautore-al-museo-crocetti\/#primaryimage","url":"https:\/\/www.romaoggi.eu\/wp-content\/uploads\/2017\/01\/2016-12-12-PHOTO-00000081.jpg","contentUrl":"https:\/\/www.romaoggi.eu\/wp-content\/uploads\/2017\/01\/2016-12-12-PHOTO-00000081.jpg","width":1600,"height":1200},{"@type":"BreadcrumbList","@id":"https:\/\/www.romaoggi.eu\/index.php\/2017\/01\/07\/prove-dautore-al-museo-crocetti\/#breadcrumb","itemListElement":[{"@type":"ListItem","position":1,"name":"Home","item":"https:\/\/www.romaoggi.eu\/"},{"@type":"ListItem","position":2,"name":"Prove d&#8217;autore &#8211; l\u2019istituto Gaetano De Sanctis in mostra al Museo Crocetti"}]},{"@type":"WebSite","@id":"https:\/\/www.romaoggi.eu\/#website","url":"https:\/\/www.romaoggi.eu\/","name":"roma oggi","description":"Interesting News for Interesting people","publisher":{"@id":"https:\/\/www.romaoggi.eu\/#organization"},"potentialAction":[{"@type":"SearchAction","target":{"@type":"EntryPoint","urlTemplate":"https:\/\/www.romaoggi.eu\/?s={search_term_string}"},"query-input":{"@type":"PropertyValueSpecification","valueRequired":true,"valueName":"search_term_string"}}],"inLanguage":"it-IT"},{"@type":"Organization","@id":"https:\/\/www.romaoggi.eu\/#organization","name":"RomaOggi","url":"https:\/\/www.romaoggi.eu\/","logo":{"@type":"ImageObject","inLanguage":"it-IT","@id":"https:\/\/www.romaoggi.eu\/#\/schema\/logo\/image\/","url":"https:\/\/www.romaoggi.eu\/wp-content\/uploads\/2017\/04\/logowp.jpg","contentUrl":"https:\/\/www.romaoggi.eu\/wp-content\/uploads\/2017\/04\/logowp.jpg","width":300,"height":133,"caption":"RomaOggi"},"image":{"@id":"https:\/\/www.romaoggi.eu\/#\/schema\/logo\/image\/"},"sameAs":["https:\/\/www.facebook.com\/RomaOggi-841544845954114","https:\/\/x.com\/romaoggi_eu"]},{"@type":"Person","@id":"https:\/\/www.romaoggi.eu\/#\/schema\/person\/c8ca1fb64b5506391fff5f822a866c23","name":"Antonietta Di Vizia","image":{"@type":"ImageObject","inLanguage":"it-IT","@id":"https:\/\/secure.gravatar.com\/avatar\/2ad571aa3fbfe3089b06ed5617adf58717b9359c0c97cf9b52804fb2dac293f2?s=96&d=mm&r=g","url":"https:\/\/secure.gravatar.com\/avatar\/2ad571aa3fbfe3089b06ed5617adf58717b9359c0c97cf9b52804fb2dac293f2?s=96&d=mm&r=g","contentUrl":"https:\/\/secure.gravatar.com\/avatar\/2ad571aa3fbfe3089b06ed5617adf58717b9359c0c97cf9b52804fb2dac293f2?s=96&d=mm&r=g","caption":"Antonietta Di Vizia"},"url":"https:\/\/www.romaoggi.eu\/index.php\/author\/antonietta\/"}]}},"_links":{"self":[{"href":"https:\/\/www.romaoggi.eu\/index.php\/wp-json\/wp\/v2\/posts\/5826","targetHints":{"allow":["GET"]}}],"collection":[{"href":"https:\/\/www.romaoggi.eu\/index.php\/wp-json\/wp\/v2\/posts"}],"about":[{"href":"https:\/\/www.romaoggi.eu\/index.php\/wp-json\/wp\/v2\/types\/post"}],"author":[{"embeddable":true,"href":"https:\/\/www.romaoggi.eu\/index.php\/wp-json\/wp\/v2\/users\/3"}],"replies":[{"embeddable":true,"href":"https:\/\/www.romaoggi.eu\/index.php\/wp-json\/wp\/v2\/comments?post=5826"}],"version-history":[{"count":7,"href":"https:\/\/www.romaoggi.eu\/index.php\/wp-json\/wp\/v2\/posts\/5826\/revisions"}],"predecessor-version":[{"id":5837,"href":"https:\/\/www.romaoggi.eu\/index.php\/wp-json\/wp\/v2\/posts\/5826\/revisions\/5837"}],"wp:featuredmedia":[{"embeddable":true,"href":"https:\/\/www.romaoggi.eu\/index.php\/wp-json\/wp\/v2\/media\/5829"}],"wp:attachment":[{"href":"https:\/\/www.romaoggi.eu\/index.php\/wp-json\/wp\/v2\/media?parent=5826"}],"wp:term":[{"taxonomy":"category","embeddable":true,"href":"https:\/\/www.romaoggi.eu\/index.php\/wp-json\/wp\/v2\/categories?post=5826"},{"taxonomy":"post_tag","embeddable":true,"href":"https:\/\/www.romaoggi.eu\/index.php\/wp-json\/wp\/v2\/tags?post=5826"}],"curies":[{"name":"wp","href":"https:\/\/api.w.org\/{rel}","templated":true}]}}