{"id":6120,"date":"2017-01-30T10:16:14","date_gmt":"2017-01-30T09:16:14","guid":{"rendered":"http:\/\/www.romaoggi.eu\/?p=6120"},"modified":"2017-01-31T14:36:22","modified_gmt":"2017-01-31T13:36:22","slug":"obiettivo-palestina-federico-palmieri","status":"publish","type":"post","link":"https:\/\/www.romaoggi.eu\/index.php\/2017\/01\/30\/obiettivo-palestina-federico-palmieri\/","title":{"rendered":"Obiettivo Palestina il nuovo libro reportage di Federico Palmieri"},"content":{"rendered":"<p style=\"text-align: justify;\">Presentato alla<strong> Libreria Feltrinelli <\/strong>il 28 gennaio 2017<strong>,\u00a0<\/strong> in Galleria Colonna a Roma, l&#8217;ultimo libro reportage<b> Federico Palmieri \u00a0Obiettivo Palestina<\/b>\u00a0per le edizioni Graffiti, un viaggio fotografico in questi luoghi che l&#8217;autore visita per la prima volta, riuscendone a cogliere ogni aspetto che li caratterizza.\u00a0<span style=\"font-weight: 400;\">Un reportage nella terra invasa dalla tristezza della guerra, dove l&#8217;autore ha potuto catturare con i suoi scatti, non solo le testimonianze di distruzione e odio, ma anche la parte positiva come il ritratto di due giovani che si baciano.<\/span><\/p>\n<p style=\"text-align: justify;\"><img loading=\"lazy\" decoding=\"async\" class=\" wp-image-6123 alignleft\" src=\"https:\/\/www.romaoggi.eu\/wp-content\/uploads\/2017\/01\/16299321_10211947167584369_8286453429770161532_n-169x300.jpg\" alt=\"\" width=\"220\" height=\"391\" srcset=\"https:\/\/www.romaoggi.eu\/wp-content\/uploads\/2017\/01\/16299321_10211947167584369_8286453429770161532_n-169x300.jpg 169w, https:\/\/www.romaoggi.eu\/wp-content\/uploads\/2017\/01\/16299321_10211947167584369_8286453429770161532_n.jpg 540w\" sizes=\"auto, (max-width: 220px) 100vw, 220px\" \/><\/p>\n<p style=\"text-align: justify;\"><span style=\"font-weight: 400;\">Federico Palmieri fa questo percorso in Palestina con occhi &#8220;vergini&#8221; perch\u00e9 confessa \u00e8 la prima volta che sbarca a Gerusalemme, che cammina per le strade di Betlemme, di Hebron. Nella folla di sensazioni e impressioni che gli arrivano dall&#8217;incontro con questa realt\u00e0 cos\u00ec complessa e difficile, il fotografo si sofferma sui volti delle persone e su quello che comunicano. Sono volti di bambini, dallo sguardo consapevole, quasi adulto, forse triste. C&#8217;\u00e8 il ragazzino palestinese che ti guarda di sbieco da dietro una rete, e il solitario piccolo israeliano che sembra sbirciare al di l\u00e0 del muro. Poi gli anziani, che sembrano guardare oltre. Le kefiah, il gioco delle carte, il narghil\u00e8. Ma ci sono anche le armi, e i militari. Giovani che imbracciano il mitra, in divisa con il sorriso sulle labbra.\u00a0<\/span><\/p>\n<p style=\"text-align: justify;\"><img loading=\"lazy\" decoding=\"async\" class=\" wp-image-6124 alignright\" src=\"https:\/\/www.romaoggi.eu\/wp-content\/uploads\/2017\/01\/16388097_10211947168904402_1356336680328460992_n-300x169.jpg\" alt=\"\" width=\"360\" height=\"203\" srcset=\"https:\/\/www.romaoggi.eu\/wp-content\/uploads\/2017\/01\/16388097_10211947168904402_1356336680328460992_n-300x169.jpg 300w, https:\/\/www.romaoggi.eu\/wp-content\/uploads\/2017\/01\/16388097_10211947168904402_1356336680328460992_n.jpg 439w\" sizes=\"auto, (max-width: 360px) 100vw, 360px\" \/><\/p>\n<p style=\"text-align: justify;\">Alla presentazione c&#8217;era per noi <strong>Federica Pansadoro<\/strong> che all&#8217;autore ha chiesto:<\/p>\n<p style=\"text-align: justify;\"><strong>Come nasce Obiettivo Palestina?<\/strong><em>&#8220;E&#8217; un libro che attraverso le foto racchiude una serie di emozioni che ho percepito durante un viaggio in Palestina una terra piena di sofferenza e difficolt\u00e0, dove per\u00f2 ho conosciuto una carica di umanit\u00e0 ed emozioni molto forti che attraverso le foto ho cercato di \u00a0cristallizzare <\/em>&#8220;.<\/p>\n<p style=\"text-align: justify;\"><strong>Fare foto non \u00e8 il suo lavoro principale ma una sua passione, come nasce questo incontro con la fotografia? <\/strong><em>&#8220;Sono diversi anni che la macchina fotografica \u00e8 la mia inseparabile compagna di viaggio, devo dire che dopo aver fatto anche dei corsi la passione continua a crescere e sta diventando quasi un secondo lavoro, e io di questo sono molto felice&#8221;.<\/em><\/p>\n<p><iframe loading=\"lazy\"  style=\"display: block; margin: 0px auto;\"  id=\"_ytid_69872\"  width=\"480\" height=\"270\"  data-origwidth=\"480\" data-origheight=\"270\" src=\"https:\/\/www.youtube.com\/embed\/76avK5aLqms?enablejsapi=1&#038;autoplay=0&#038;cc_load_policy=0&#038;cc_lang_pref=&#038;iv_load_policy=1&#038;loop=0&#038;rel=1&#038;fs=1&#038;playsinline=0&#038;autohide=2&#038;theme=dark&#038;color=red&#038;controls=1&#038;disablekb=0&#038;\" class=\"__youtube_prefs__  epyt-is-override  no-lazyload\" title=\"YouTube player\"  allow=\"fullscreen; accelerometer; autoplay; clipboard-write; encrypted-media; gyroscope; picture-in-picture; web-share\" referrerpolicy=\"strict-origin-when-cross-origin\" allowfullscreen data-no-lazy=\"1\" data-skipgform_ajax_framebjll=\"\"><\/iframe><\/p>\n<p style=\"text-align: justify;\"><b>Federico Palmieri<\/b><span style=\"font-weight: 400;\"> \u00e8 nato nel 1972 a Roma. Consigliere parlamentare della Camera dei Deputati, coltiva nel tempo libero le sue passioni per la fotografia, per i viaggi di scoperta, per la storia di popoli e di culture.Ha pubblicato nel 2010 il saggio \u201cIl federalismo fiscale\u201d. <\/span><\/p>\n<p style=\"text-align: justify;\"><span style=\"font-weight: 400;\">Obiettivo Palestina \u00a0\u00e8 edito da Graffiti,\u00a0<a href=\"http:\/\/www.graffitiscuola.it\/\">http:\/\/www.graffitiscuola.it\/<\/a><\/span><span style=\"font-weight: 400;\">, in vendita a Euro 20<\/span><\/p>\n<p>Intervista di Federica Pansadoro<\/p>\n","protected":false},"excerpt":{"rendered":"<div class=\"mh-excerpt\"><p>Presentato alla Libreria Feltrinelli il 28 gennaio 2017,\u00a0 in Galleria Colonna a Roma, l&#8217;ultimo libro reportage Federico Palmieri \u00a0Obiettivo Palestina\u00a0per le edizioni Graffiti, un viaggio fotografico in questi luoghi che l&#8217;autore visita per la prima <a class=\"mh-excerpt-more\" href=\"https:\/\/www.romaoggi.eu\/index.php\/2017\/01\/30\/obiettivo-palestina-federico-palmieri\/\" title=\"Obiettivo Palestina il nuovo libro reportage di Federico Palmieri\">[&#8230;]<\/a><\/p>\n<\/div>","protected":false},"author":3,"featured_media":6130,"comment_status":"open","ping_status":"open","sticky":false,"template":"","format":"standard","meta":{"_sitemap_exclude":false,"_sitemap_priority":"","_sitemap_frequency":"","footnotes":""},"categories":[10],"tags":[4484,2351,4483,274,4485,476,4482,4481],"class_list":["post-6120","post","type-post","status-publish","format-standard","has-post-thumbnail","hentry","category-libri","tag-edizioni-graffiti","tag-federica-pansadoro","tag-federico-palmieri","tag-fotografia","tag-hebron","tag-libro","tag-obiettivo-palestina","tag-reportage"],"yoast_head":"<!-- This site is optimized with the Yoast SEO plugin v27.5 - https:\/\/yoast.com\/product\/yoast-seo-wordpress\/ -->\n<title>Obiettivo Palestina il nuovo libro reportage di Federico Palmieri<\/title>\n<meta name=\"description\" content=\"Presentato alla Libreria Feltrinelli il 28 gennaio 2017, a Roma, l&#039;ultimo libro reportage Federico Palmieri - Obiettivo Palestina per le edizioni Graffiti\" \/>\n<meta name=\"robots\" content=\"index, follow, max-snippet:-1, max-image-preview:large, max-video-preview:-1\" \/>\n<link rel=\"canonical\" href=\"https:\/\/www.romaoggi.eu\/index.php\/2017\/01\/30\/obiettivo-palestina-federico-palmieri\/\" \/>\n<meta property=\"og:locale\" content=\"it_IT\" \/>\n<meta property=\"og:type\" content=\"article\" \/>\n<meta property=\"og:title\" content=\"Obiettivo Palestina il nuovo libro reportage di Federico Palmieri\" \/>\n<meta property=\"og:description\" content=\"Presentato alla Libreria Feltrinelli il 28 gennaio 2017, a Roma, l&#039;ultimo libro reportage Federico Palmieri - Obiettivo Palestina per le edizioni Graffiti\" \/>\n<meta property=\"og:url\" content=\"https:\/\/www.romaoggi.eu\/index.php\/2017\/01\/30\/obiettivo-palestina-federico-palmieri\/\" \/>\n<meta property=\"og:site_name\" content=\"roma oggi\" \/>\n<meta property=\"article:publisher\" content=\"https:\/\/www.facebook.com\/RomaOggi-841544845954114\" \/>\n<meta property=\"article:published_time\" content=\"2017-01-30T09:16:14+00:00\" \/>\n<meta property=\"article:modified_time\" content=\"2017-01-31T13:36:22+00:00\" \/>\n<meta property=\"og:image\" content=\"https:\/\/www.romaoggi.eu\/wp-content\/uploads\/2017\/01\/222.jpg\" \/>\n\t<meta property=\"og:image:width\" content=\"435\" \/>\n\t<meta property=\"og:image:height\" content=\"315\" \/>\n\t<meta property=\"og:image:type\" content=\"image\/jpeg\" \/>\n<meta name=\"author\" content=\"Antonietta Di Vizia\" \/>\n<meta name=\"twitter:card\" content=\"summary_large_image\" \/>\n<meta name=\"twitter:creator\" content=\"@romaoggi_eu\" \/>\n<meta name=\"twitter:site\" content=\"@romaoggi_eu\" \/>\n<meta name=\"twitter:label1\" content=\"Scritto da\" \/>\n\t<meta name=\"twitter:data1\" content=\"Antonietta Di Vizia\" \/>\n\t<meta name=\"twitter:label2\" content=\"Tempo di lettura stimato\" \/>\n\t<meta name=\"twitter:data2\" content=\"2 minuti\" \/>\n<script type=\"application\/ld+json\" class=\"yoast-schema-graph\">{\"@context\":\"https:\\\/\\\/schema.org\",\"@graph\":[{\"@type\":\"Article\",\"@id\":\"https:\\\/\\\/www.romaoggi.eu\\\/index.php\\\/2017\\\/01\\\/30\\\/obiettivo-palestina-federico-palmieri\\\/#article\",\"isPartOf\":{\"@id\":\"https:\\\/\\\/www.romaoggi.eu\\\/index.php\\\/2017\\\/01\\\/30\\\/obiettivo-palestina-federico-palmieri\\\/\"},\"author\":{\"name\":\"Antonietta Di Vizia\",\"@id\":\"https:\\\/\\\/www.romaoggi.eu\\\/#\\\/schema\\\/person\\\/c8ca1fb64b5506391fff5f822a866c23\"},\"headline\":\"Obiettivo Palestina il nuovo libro reportage di Federico Palmieri\",\"datePublished\":\"2017-01-30T09:16:14+00:00\",\"dateModified\":\"2017-01-31T13:36:22+00:00\",\"mainEntityOfPage\":{\"@id\":\"https:\\\/\\\/www.romaoggi.eu\\\/index.php\\\/2017\\\/01\\\/30\\\/obiettivo-palestina-federico-palmieri\\\/\"},\"wordCount\":419,\"commentCount\":0,\"publisher\":{\"@id\":\"https:\\\/\\\/www.romaoggi.eu\\\/#organization\"},\"image\":{\"@id\":\"https:\\\/\\\/www.romaoggi.eu\\\/index.php\\\/2017\\\/01\\\/30\\\/obiettivo-palestina-federico-palmieri\\\/#primaryimage\"},\"thumbnailUrl\":\"https:\\\/\\\/www.romaoggi.eu\\\/wp-content\\\/uploads\\\/2017\\\/01\\\/222.jpg\",\"keywords\":[\"edizioni graffiti\",\"Federica Pansadoro\",\"Federico Palmieri\",\"fotografia\",\"Hebron\",\"libro\",\"Obiettivo palestina\",\"reportage\"],\"articleSection\":[\"Libri\"],\"inLanguage\":\"it-IT\",\"potentialAction\":[{\"@type\":\"CommentAction\",\"name\":\"Comment\",\"target\":[\"https:\\\/\\\/www.romaoggi.eu\\\/index.php\\\/2017\\\/01\\\/30\\\/obiettivo-palestina-federico-palmieri\\\/#respond\"]}]},{\"@type\":\"WebPage\",\"@id\":\"https:\\\/\\\/www.romaoggi.eu\\\/index.php\\\/2017\\\/01\\\/30\\\/obiettivo-palestina-federico-palmieri\\\/\",\"url\":\"https:\\\/\\\/www.romaoggi.eu\\\/index.php\\\/2017\\\/01\\\/30\\\/obiettivo-palestina-federico-palmieri\\\/\",\"name\":\"Obiettivo Palestina il nuovo libro reportage di Federico Palmieri\",\"isPartOf\":{\"@id\":\"https:\\\/\\\/www.romaoggi.eu\\\/#website\"},\"primaryImageOfPage\":{\"@id\":\"https:\\\/\\\/www.romaoggi.eu\\\/index.php\\\/2017\\\/01\\\/30\\\/obiettivo-palestina-federico-palmieri\\\/#primaryimage\"},\"image\":{\"@id\":\"https:\\\/\\\/www.romaoggi.eu\\\/index.php\\\/2017\\\/01\\\/30\\\/obiettivo-palestina-federico-palmieri\\\/#primaryimage\"},\"thumbnailUrl\":\"https:\\\/\\\/www.romaoggi.eu\\\/wp-content\\\/uploads\\\/2017\\\/01\\\/222.jpg\",\"datePublished\":\"2017-01-30T09:16:14+00:00\",\"dateModified\":\"2017-01-31T13:36:22+00:00\",\"description\":\"Presentato alla Libreria Feltrinelli il 28 gennaio 2017, a Roma, l'ultimo libro reportage Federico Palmieri - Obiettivo Palestina per le edizioni Graffiti\",\"breadcrumb\":{\"@id\":\"https:\\\/\\\/www.romaoggi.eu\\\/index.php\\\/2017\\\/01\\\/30\\\/obiettivo-palestina-federico-palmieri\\\/#breadcrumb\"},\"inLanguage\":\"it-IT\",\"potentialAction\":[{\"@type\":\"ReadAction\",\"target\":[\"https:\\\/\\\/www.romaoggi.eu\\\/index.php\\\/2017\\\/01\\\/30\\\/obiettivo-palestina-federico-palmieri\\\/\"]}]},{\"@type\":\"ImageObject\",\"inLanguage\":\"it-IT\",\"@id\":\"https:\\\/\\\/www.romaoggi.eu\\\/index.php\\\/2017\\\/01\\\/30\\\/obiettivo-palestina-federico-palmieri\\\/#primaryimage\",\"url\":\"https:\\\/\\\/www.romaoggi.eu\\\/wp-content\\\/uploads\\\/2017\\\/01\\\/222.jpg\",\"contentUrl\":\"https:\\\/\\\/www.romaoggi.eu\\\/wp-content\\\/uploads\\\/2017\\\/01\\\/222.jpg\",\"width\":435,\"height\":315},{\"@type\":\"BreadcrumbList\",\"@id\":\"https:\\\/\\\/www.romaoggi.eu\\\/index.php\\\/2017\\\/01\\\/30\\\/obiettivo-palestina-federico-palmieri\\\/#breadcrumb\",\"itemListElement\":[{\"@type\":\"ListItem\",\"position\":1,\"name\":\"Home\",\"item\":\"https:\\\/\\\/www.romaoggi.eu\\\/\"},{\"@type\":\"ListItem\",\"position\":2,\"name\":\"Obiettivo Palestina il nuovo libro reportage di Federico Palmieri\"}]},{\"@type\":\"WebSite\",\"@id\":\"https:\\\/\\\/www.romaoggi.eu\\\/#website\",\"url\":\"https:\\\/\\\/www.romaoggi.eu\\\/\",\"name\":\"roma oggi\",\"description\":\"Interesting News for Interesting people\",\"publisher\":{\"@id\":\"https:\\\/\\\/www.romaoggi.eu\\\/#organization\"},\"potentialAction\":[{\"@type\":\"SearchAction\",\"target\":{\"@type\":\"EntryPoint\",\"urlTemplate\":\"https:\\\/\\\/www.romaoggi.eu\\\/?s={search_term_string}\"},\"query-input\":{\"@type\":\"PropertyValueSpecification\",\"valueRequired\":true,\"valueName\":\"search_term_string\"}}],\"inLanguage\":\"it-IT\"},{\"@type\":\"Organization\",\"@id\":\"https:\\\/\\\/www.romaoggi.eu\\\/#organization\",\"name\":\"RomaOggi\",\"url\":\"https:\\\/\\\/www.romaoggi.eu\\\/\",\"logo\":{\"@type\":\"ImageObject\",\"inLanguage\":\"it-IT\",\"@id\":\"https:\\\/\\\/www.romaoggi.eu\\\/#\\\/schema\\\/logo\\\/image\\\/\",\"url\":\"https:\\\/\\\/www.romaoggi.eu\\\/wp-content\\\/uploads\\\/2017\\\/04\\\/logowp.jpg\",\"contentUrl\":\"https:\\\/\\\/www.romaoggi.eu\\\/wp-content\\\/uploads\\\/2017\\\/04\\\/logowp.jpg\",\"width\":300,\"height\":133,\"caption\":\"RomaOggi\"},\"image\":{\"@id\":\"https:\\\/\\\/www.romaoggi.eu\\\/#\\\/schema\\\/logo\\\/image\\\/\"},\"sameAs\":[\"https:\\\/\\\/www.facebook.com\\\/RomaOggi-841544845954114\",\"https:\\\/\\\/x.com\\\/romaoggi_eu\"]},{\"@type\":\"Person\",\"@id\":\"https:\\\/\\\/www.romaoggi.eu\\\/#\\\/schema\\\/person\\\/c8ca1fb64b5506391fff5f822a866c23\",\"name\":\"Antonietta Di Vizia\",\"image\":{\"@type\":\"ImageObject\",\"inLanguage\":\"it-IT\",\"@id\":\"https:\\\/\\\/secure.gravatar.com\\\/avatar\\\/2ad571aa3fbfe3089b06ed5617adf58717b9359c0c97cf9b52804fb2dac293f2?s=96&d=mm&r=g\",\"url\":\"https:\\\/\\\/secure.gravatar.com\\\/avatar\\\/2ad571aa3fbfe3089b06ed5617adf58717b9359c0c97cf9b52804fb2dac293f2?s=96&d=mm&r=g\",\"contentUrl\":\"https:\\\/\\\/secure.gravatar.com\\\/avatar\\\/2ad571aa3fbfe3089b06ed5617adf58717b9359c0c97cf9b52804fb2dac293f2?s=96&d=mm&r=g\",\"caption\":\"Antonietta Di Vizia\"},\"url\":\"https:\\\/\\\/www.romaoggi.eu\\\/index.php\\\/author\\\/antonietta\\\/\"}]}<\/script>\n<!-- \/ Yoast SEO plugin. -->","yoast_head_json":{"title":"Obiettivo Palestina il nuovo libro reportage di Federico Palmieri","description":"Presentato alla Libreria Feltrinelli il 28 gennaio 2017, a Roma, l'ultimo libro reportage Federico Palmieri - Obiettivo Palestina per le edizioni Graffiti","robots":{"index":"index","follow":"follow","max-snippet":"max-snippet:-1","max-image-preview":"max-image-preview:large","max-video-preview":"max-video-preview:-1"},"canonical":"https:\/\/www.romaoggi.eu\/index.php\/2017\/01\/30\/obiettivo-palestina-federico-palmieri\/","og_locale":"it_IT","og_type":"article","og_title":"Obiettivo Palestina il nuovo libro reportage di Federico Palmieri","og_description":"Presentato alla Libreria Feltrinelli il 28 gennaio 2017, a Roma, l'ultimo libro reportage Federico Palmieri - Obiettivo Palestina per le edizioni Graffiti","og_url":"https:\/\/www.romaoggi.eu\/index.php\/2017\/01\/30\/obiettivo-palestina-federico-palmieri\/","og_site_name":"roma oggi","article_publisher":"https:\/\/www.facebook.com\/RomaOggi-841544845954114","article_published_time":"2017-01-30T09:16:14+00:00","article_modified_time":"2017-01-31T13:36:22+00:00","og_image":[{"width":435,"height":315,"url":"https:\/\/www.romaoggi.eu\/wp-content\/uploads\/2017\/01\/222.jpg","type":"image\/jpeg"}],"author":"Antonietta Di Vizia","twitter_card":"summary_large_image","twitter_creator":"@romaoggi_eu","twitter_site":"@romaoggi_eu","twitter_misc":{"Scritto da":"Antonietta Di Vizia","Tempo di lettura stimato":"2 minuti"},"schema":{"@context":"https:\/\/schema.org","@graph":[{"@type":"Article","@id":"https:\/\/www.romaoggi.eu\/index.php\/2017\/01\/30\/obiettivo-palestina-federico-palmieri\/#article","isPartOf":{"@id":"https:\/\/www.romaoggi.eu\/index.php\/2017\/01\/30\/obiettivo-palestina-federico-palmieri\/"},"author":{"name":"Antonietta Di Vizia","@id":"https:\/\/www.romaoggi.eu\/#\/schema\/person\/c8ca1fb64b5506391fff5f822a866c23"},"headline":"Obiettivo Palestina il nuovo libro reportage di Federico Palmieri","datePublished":"2017-01-30T09:16:14+00:00","dateModified":"2017-01-31T13:36:22+00:00","mainEntityOfPage":{"@id":"https:\/\/www.romaoggi.eu\/index.php\/2017\/01\/30\/obiettivo-palestina-federico-palmieri\/"},"wordCount":419,"commentCount":0,"publisher":{"@id":"https:\/\/www.romaoggi.eu\/#organization"},"image":{"@id":"https:\/\/www.romaoggi.eu\/index.php\/2017\/01\/30\/obiettivo-palestina-federico-palmieri\/#primaryimage"},"thumbnailUrl":"https:\/\/www.romaoggi.eu\/wp-content\/uploads\/2017\/01\/222.jpg","keywords":["edizioni graffiti","Federica Pansadoro","Federico Palmieri","fotografia","Hebron","libro","Obiettivo palestina","reportage"],"articleSection":["Libri"],"inLanguage":"it-IT","potentialAction":[{"@type":"CommentAction","name":"Comment","target":["https:\/\/www.romaoggi.eu\/index.php\/2017\/01\/30\/obiettivo-palestina-federico-palmieri\/#respond"]}]},{"@type":"WebPage","@id":"https:\/\/www.romaoggi.eu\/index.php\/2017\/01\/30\/obiettivo-palestina-federico-palmieri\/","url":"https:\/\/www.romaoggi.eu\/index.php\/2017\/01\/30\/obiettivo-palestina-federico-palmieri\/","name":"Obiettivo Palestina il nuovo libro reportage di Federico Palmieri","isPartOf":{"@id":"https:\/\/www.romaoggi.eu\/#website"},"primaryImageOfPage":{"@id":"https:\/\/www.romaoggi.eu\/index.php\/2017\/01\/30\/obiettivo-palestina-federico-palmieri\/#primaryimage"},"image":{"@id":"https:\/\/www.romaoggi.eu\/index.php\/2017\/01\/30\/obiettivo-palestina-federico-palmieri\/#primaryimage"},"thumbnailUrl":"https:\/\/www.romaoggi.eu\/wp-content\/uploads\/2017\/01\/222.jpg","datePublished":"2017-01-30T09:16:14+00:00","dateModified":"2017-01-31T13:36:22+00:00","description":"Presentato alla Libreria Feltrinelli il 28 gennaio 2017, a Roma, l'ultimo libro reportage Federico Palmieri - Obiettivo Palestina per le edizioni Graffiti","breadcrumb":{"@id":"https:\/\/www.romaoggi.eu\/index.php\/2017\/01\/30\/obiettivo-palestina-federico-palmieri\/#breadcrumb"},"inLanguage":"it-IT","potentialAction":[{"@type":"ReadAction","target":["https:\/\/www.romaoggi.eu\/index.php\/2017\/01\/30\/obiettivo-palestina-federico-palmieri\/"]}]},{"@type":"ImageObject","inLanguage":"it-IT","@id":"https:\/\/www.romaoggi.eu\/index.php\/2017\/01\/30\/obiettivo-palestina-federico-palmieri\/#primaryimage","url":"https:\/\/www.romaoggi.eu\/wp-content\/uploads\/2017\/01\/222.jpg","contentUrl":"https:\/\/www.romaoggi.eu\/wp-content\/uploads\/2017\/01\/222.jpg","width":435,"height":315},{"@type":"BreadcrumbList","@id":"https:\/\/www.romaoggi.eu\/index.php\/2017\/01\/30\/obiettivo-palestina-federico-palmieri\/#breadcrumb","itemListElement":[{"@type":"ListItem","position":1,"name":"Home","item":"https:\/\/www.romaoggi.eu\/"},{"@type":"ListItem","position":2,"name":"Obiettivo Palestina il nuovo libro reportage di Federico Palmieri"}]},{"@type":"WebSite","@id":"https:\/\/www.romaoggi.eu\/#website","url":"https:\/\/www.romaoggi.eu\/","name":"roma oggi","description":"Interesting News for Interesting people","publisher":{"@id":"https:\/\/www.romaoggi.eu\/#organization"},"potentialAction":[{"@type":"SearchAction","target":{"@type":"EntryPoint","urlTemplate":"https:\/\/www.romaoggi.eu\/?s={search_term_string}"},"query-input":{"@type":"PropertyValueSpecification","valueRequired":true,"valueName":"search_term_string"}}],"inLanguage":"it-IT"},{"@type":"Organization","@id":"https:\/\/www.romaoggi.eu\/#organization","name":"RomaOggi","url":"https:\/\/www.romaoggi.eu\/","logo":{"@type":"ImageObject","inLanguage":"it-IT","@id":"https:\/\/www.romaoggi.eu\/#\/schema\/logo\/image\/","url":"https:\/\/www.romaoggi.eu\/wp-content\/uploads\/2017\/04\/logowp.jpg","contentUrl":"https:\/\/www.romaoggi.eu\/wp-content\/uploads\/2017\/04\/logowp.jpg","width":300,"height":133,"caption":"RomaOggi"},"image":{"@id":"https:\/\/www.romaoggi.eu\/#\/schema\/logo\/image\/"},"sameAs":["https:\/\/www.facebook.com\/RomaOggi-841544845954114","https:\/\/x.com\/romaoggi_eu"]},{"@type":"Person","@id":"https:\/\/www.romaoggi.eu\/#\/schema\/person\/c8ca1fb64b5506391fff5f822a866c23","name":"Antonietta Di Vizia","image":{"@type":"ImageObject","inLanguage":"it-IT","@id":"https:\/\/secure.gravatar.com\/avatar\/2ad571aa3fbfe3089b06ed5617adf58717b9359c0c97cf9b52804fb2dac293f2?s=96&d=mm&r=g","url":"https:\/\/secure.gravatar.com\/avatar\/2ad571aa3fbfe3089b06ed5617adf58717b9359c0c97cf9b52804fb2dac293f2?s=96&d=mm&r=g","contentUrl":"https:\/\/secure.gravatar.com\/avatar\/2ad571aa3fbfe3089b06ed5617adf58717b9359c0c97cf9b52804fb2dac293f2?s=96&d=mm&r=g","caption":"Antonietta Di Vizia"},"url":"https:\/\/www.romaoggi.eu\/index.php\/author\/antonietta\/"}]}},"_links":{"self":[{"href":"https:\/\/www.romaoggi.eu\/index.php\/wp-json\/wp\/v2\/posts\/6120","targetHints":{"allow":["GET"]}}],"collection":[{"href":"https:\/\/www.romaoggi.eu\/index.php\/wp-json\/wp\/v2\/posts"}],"about":[{"href":"https:\/\/www.romaoggi.eu\/index.php\/wp-json\/wp\/v2\/types\/post"}],"author":[{"embeddable":true,"href":"https:\/\/www.romaoggi.eu\/index.php\/wp-json\/wp\/v2\/users\/3"}],"replies":[{"embeddable":true,"href":"https:\/\/www.romaoggi.eu\/index.php\/wp-json\/wp\/v2\/comments?post=6120"}],"version-history":[{"count":8,"href":"https:\/\/www.romaoggi.eu\/index.php\/wp-json\/wp\/v2\/posts\/6120\/revisions"}],"predecessor-version":[{"id":6155,"href":"https:\/\/www.romaoggi.eu\/index.php\/wp-json\/wp\/v2\/posts\/6120\/revisions\/6155"}],"wp:featuredmedia":[{"embeddable":true,"href":"https:\/\/www.romaoggi.eu\/index.php\/wp-json\/wp\/v2\/media\/6130"}],"wp:attachment":[{"href":"https:\/\/www.romaoggi.eu\/index.php\/wp-json\/wp\/v2\/media?parent=6120"}],"wp:term":[{"taxonomy":"category","embeddable":true,"href":"https:\/\/www.romaoggi.eu\/index.php\/wp-json\/wp\/v2\/categories?post=6120"},{"taxonomy":"post_tag","embeddable":true,"href":"https:\/\/www.romaoggi.eu\/index.php\/wp-json\/wp\/v2\/tags?post=6120"}],"curies":[{"name":"wp","href":"https:\/\/api.w.org\/{rel}","templated":true}]}}