{"id":6132,"date":"2017-01-30T11:28:20","date_gmt":"2017-01-30T10:28:20","guid":{"rendered":"http:\/\/www.romaoggi.eu\/?p=6132"},"modified":"2017-01-30T11:28:20","modified_gmt":"2017-01-30T10:28:20","slug":"mario-orfei-reflex-city-ad-altaroma","status":"publish","type":"post","link":"https:\/\/www.romaoggi.eu\/index.php\/2017\/01\/30\/mario-orfei-reflex-city-ad-altaroma\/","title":{"rendered":"Mario Orfei con la collezione Reflex City stupisce ad AltaRoma"},"content":{"rendered":"<p style=\"text-align: justify;\"><span style=\"color: #000000;\">Meritato successo per sfilata di presentazione della\u00a0collezione autunno\/inverno 2017\/18 \u00a0<b>Reflex City<\/b>, del fashion designer <strong>Mario Orfei<\/strong> \u00a0che sabato 28 gennaio ha incantato vip e buyer intervenuti in massa a \u00a0San Paolo Dentro Le Mura, una splendida \u00a0Chiesa Episcopale di Via Nazionale che per un pomeriggio si \u00e8 trasformata in una passerella di AltaRoma 2017,\u00a0<a href=\"http:\/\/www.altaroma.it\/i\">http:\/\/www.altaroma.it\/<\/a>. <\/span><\/p>\n<p style=\"text-align: justify;\"><span style=\"color: #000000;\">Ad applaudirlo tanti giornalisti, addetti del settore e personaggi dello spettacolo.<img loading=\"lazy\" decoding=\"async\" class=\"size-medium wp-image-6137 alignleft\" src=\"https:\/\/www.romaoggi.eu\/wp-content\/uploads\/2017\/01\/Odjad-5394-200x300.jpg\" alt=\"\" width=\"200\" height=\"300\" srcset=\"https:\/\/www.romaoggi.eu\/wp-content\/uploads\/2017\/01\/Odjad-5394-200x300.jpg 200w, https:\/\/www.romaoggi.eu\/wp-content\/uploads\/2017\/01\/Odjad-5394-683x1024.jpg 683w\" sizes=\"auto, (max-width: 200px) 100vw, 200px\" \/> <\/span><span style=\"color: #000000;\">\u00a0Tra questi <b>Antonella Elia<\/b>, <b>Laura Freddi<\/b>, <b>Mara Keplero<\/b>,\u00a0<b>Francesca Rettondini<\/b>, <b>Marina Marchione<\/b>, <b>Eleonora Scopelliti<\/b> e il marito Humberto felicissimi per il beb\u00e8 in arrivo, il produttore\u00a0<b>Daniele Di Lorenzo<\/b>, Gianluca Carretta, Ira Fronten, Valter D\u2019Errico, <b>Vincenzo Bocciarelli<\/b>, <b>Leopoldo Mastelloni<\/b>, <b>Metis Di Meo<\/b>,<b>Francesco De Simone<\/b>, <b>Angelo Martini<\/b>, <b>Gennaro Marchese<\/b> e <b>Daniela Leuci<\/b>. Irriverente come sempre <strong>Barbara Foria<\/strong> che ha chiuso la sfilata con una divertentissima gag tutta dedicata al mondo della moda: dalla seriosit\u00e0 delle modelle al fenomeno dilagante delle fashion blogger. Nessuno \u00e8 stato risparmiato dall\u2019ironia della comica napoletana.<\/span><\/p>\n<p style=\"text-align: justify;\"><img loading=\"lazy\" decoding=\"async\" class=\"size-medium wp-image-6138 alignright\" src=\"https:\/\/www.romaoggi.eu\/wp-content\/uploads\/2017\/01\/Odjad-5161-200x300.jpg\" alt=\"\" width=\"200\" height=\"300\" srcset=\"https:\/\/www.romaoggi.eu\/wp-content\/uploads\/2017\/01\/Odjad-5161-200x300.jpg 200w, https:\/\/www.romaoggi.eu\/wp-content\/uploads\/2017\/01\/Odjad-5161-683x1024.jpg 683w\" sizes=\"auto, (max-width: 200px) 100vw, 200px\" \/><\/p>\n<p style=\"text-align: justify;\"><span style=\"color: #000000;\">Vestibilit\u00e0 ampie, tessuti avvolgenti, colori e stampe<strong> anni &#8217;70<\/strong> caratterizzano la donna <strong>Mario Orfei,<\/strong> che esprime tutto il suo estro \u00a0nella collezione Reflex City. Si mescolano i materiali, il passato si riannoda al futuro, i tessuti si contrappongono e si stratificano in particolari contrasti e lussuose armonie. Tessuti laminati e lavorazioni metalliche inglobano fluttuanti sete e stampe d\u00e9vor\u00e9. Bagliori di rame pliss\u00e9, oro, platino illuminano i classici velluti blu, cioccolato e rosa baby dai tagli sartoriali rubati dal guardaroba maschile, completi e giacche rigorose in doppio petto. Maglia geometrica, principe di Galles, ecopelle e pregiate lane d&#8217;alpaca assumono una valenza iconica conferendo un gusto sofisticato a pantaloni, tute, gilet e cappotti.\u00a0 Focus sui capispalla e sui cappotti oversize con collo in eco-pelliccia policroma che appartengono ad un passato che oggi si svela sorprendentemente contemporaneo. Gli abiti fluttuanti, morbidi e d&#8217;effetto sono arricchiti da dettagli preziosi come bottoni personalizzati realizzati artigianalmente in argento e vetro di murano, maniche dal gusto orientale, cascate di rouches. Il tutto avvolto da un&#8217;aura di fascino e femminilit\u00e0. Reflex City \u00e8 un&#8217;autentica espressione di raffinata creativit\u00e0. Riflessi di luci e di colori che pervadono le serate delle donne pi\u00f9 glamour. Cittadine del mondo che danzano su note musicali tutte <strong>Made in Italy.<\/strong><\/span><\/p>\n<p style=\"text-align: justify;\"><span style=\"color: #000000;\">Un plauso per il lavoro svolto e per i validi collaboratori tra cui: \u00a0per le borse <b>Angelina Roma<\/b> di <b>Stefania Barbesi<\/b>, per le scarpe <b>Roberta Cenci<\/b>, per il make-up <b>Grazia Carbone<\/b>, per l\u2019hair style il <b>Gruppo Span\u00f2<\/b>, per il catering <b>Il Nipotino del Solitario <\/b>di<b> Catia Freddi<\/b>.<\/span><\/p>\n<p style=\"text-align: justify;\"><span style=\"color: #000000;\">\u00a0Redazione<\/span><\/p>\n<p><span style=\"color: #000000;\">\u00a0<\/span><\/p>\n","protected":false},"excerpt":{"rendered":"<div class=\"mh-excerpt\"><p>Meritato successo per sfilata di presentazione della\u00a0collezione autunno\/inverno 2017\/18 \u00a0Reflex City, del fashion designer Mario Orfei \u00a0che sabato 28 gennaio ha incantato vip e buyer intervenuti in massa a \u00a0San Paolo Dentro Le Mura, una <a class=\"mh-excerpt-more\" href=\"https:\/\/www.romaoggi.eu\/index.php\/2017\/01\/30\/mario-orfei-reflex-city-ad-altaroma\/\" title=\"Mario Orfei con la collezione Reflex City stupisce ad AltaRoma\">[&#8230;]<\/a><\/p>\n<\/div>","protected":false},"author":3,"featured_media":6136,"comment_status":"open","ping_status":"open","sticky":false,"template":"","format":"standard","meta":{"_sitemap_exclude":false,"_sitemap_priority":"","_sitemap_frequency":"","footnotes":""},"categories":[3416],"tags":[200,4436,4486,4497,1726,4491,1735,4495,4494,4493,1727,4498,4489,4490,4492,4496,1722,858,4488,4487,2488],"class_list":["post-6132","post","type-post","status-publish","format-standard","has-post-thumbnail","hentry","category-moda","tag-altaroma","tag-altaroma-moda","tag-angelina-roma","tag-angelo-martini","tag-antonella-elia","tag-catia-freddi","tag-daniela-leuci","tag-daniele-di-lorenzo","tag-eleonora-scopelliti","tag-francesca-rettondini","tag-francesco-de-simone","tag-gennaro-marchese","tag-grazia-carbone","tag-gruppo-spano","tag-laura-freddi","tag-leopoldo-mastelloni","tag-mario-orfei","tag-metis-di-meo","tag-roberta-cenci","tag-stefania-barbesi","tag-vincenzo-bocciarelli"],"yoast_head":"<!-- This site is optimized with the Yoast SEO plugin v27.5 - https:\/\/yoast.com\/product\/yoast-seo-wordpress\/ -->\n<title>Mario Orfei con la collezione Reflex City stupisce ad AltaRoma<\/title>\n<meta name=\"description\" content=\"Meritato successo per sfilata Reflex City, del fashion designer Mario Orfei che sabato 29 gennaio ha incantato vip e buyer ad AltaRoma.\" \/>\n<meta name=\"robots\" content=\"index, follow, max-snippet:-1, max-image-preview:large, max-video-preview:-1\" \/>\n<link rel=\"canonical\" href=\"https:\/\/www.romaoggi.eu\/index.php\/2017\/01\/30\/mario-orfei-reflex-city-ad-altaroma\/\" \/>\n<meta property=\"og:locale\" content=\"it_IT\" \/>\n<meta property=\"og:type\" content=\"article\" \/>\n<meta property=\"og:title\" content=\"Mario Orfei con la collezione Reflex City stupisce ad AltaRoma\" \/>\n<meta property=\"og:description\" content=\"Meritato successo per sfilata Reflex City, del fashion designer Mario Orfei che sabato 29 gennaio ha incantato vip e buyer ad AltaRoma.\" \/>\n<meta property=\"og:url\" content=\"https:\/\/www.romaoggi.eu\/index.php\/2017\/01\/30\/mario-orfei-reflex-city-ad-altaroma\/\" \/>\n<meta property=\"og:site_name\" content=\"roma oggi\" \/>\n<meta property=\"article:publisher\" content=\"https:\/\/www.facebook.com\/RomaOggi-841544845954114\" \/>\n<meta property=\"article:published_time\" content=\"2017-01-30T10:28:20+00:00\" \/>\n<meta property=\"og:image\" content=\"https:\/\/www.romaoggi.eu\/wp-content\/uploads\/2017\/01\/1.jpg\" \/>\n\t<meta property=\"og:image:width\" content=\"2513\" \/>\n\t<meta property=\"og:image:height\" content=\"1921\" \/>\n\t<meta property=\"og:image:type\" content=\"image\/jpeg\" \/>\n<meta name=\"author\" content=\"Antonietta Di Vizia\" \/>\n<meta name=\"twitter:card\" content=\"summary_large_image\" \/>\n<meta name=\"twitter:creator\" content=\"@romaoggi_eu\" \/>\n<meta name=\"twitter:site\" content=\"@romaoggi_eu\" \/>\n<meta name=\"twitter:label1\" content=\"Scritto da\" \/>\n\t<meta name=\"twitter:data1\" content=\"Antonietta Di Vizia\" \/>\n\t<meta name=\"twitter:label2\" content=\"Tempo di lettura stimato\" \/>\n\t<meta name=\"twitter:data2\" content=\"2 minuti\" \/>\n<script type=\"application\/ld+json\" class=\"yoast-schema-graph\">{\"@context\":\"https:\\\/\\\/schema.org\",\"@graph\":[{\"@type\":\"Article\",\"@id\":\"https:\\\/\\\/www.romaoggi.eu\\\/index.php\\\/2017\\\/01\\\/30\\\/mario-orfei-reflex-city-ad-altaroma\\\/#article\",\"isPartOf\":{\"@id\":\"https:\\\/\\\/www.romaoggi.eu\\\/index.php\\\/2017\\\/01\\\/30\\\/mario-orfei-reflex-city-ad-altaroma\\\/\"},\"author\":{\"name\":\"Antonietta Di Vizia\",\"@id\":\"https:\\\/\\\/www.romaoggi.eu\\\/#\\\/schema\\\/person\\\/c8ca1fb64b5506391fff5f822a866c23\"},\"headline\":\"Mario Orfei con la collezione Reflex City stupisce ad AltaRoma\",\"datePublished\":\"2017-01-30T10:28:20+00:00\",\"mainEntityOfPage\":{\"@id\":\"https:\\\/\\\/www.romaoggi.eu\\\/index.php\\\/2017\\\/01\\\/30\\\/mario-orfei-reflex-city-ad-altaroma\\\/\"},\"wordCount\":426,\"commentCount\":0,\"publisher\":{\"@id\":\"https:\\\/\\\/www.romaoggi.eu\\\/#organization\"},\"image\":{\"@id\":\"https:\\\/\\\/www.romaoggi.eu\\\/index.php\\\/2017\\\/01\\\/30\\\/mario-orfei-reflex-city-ad-altaroma\\\/#primaryimage\"},\"thumbnailUrl\":\"https:\\\/\\\/www.romaoggi.eu\\\/wp-content\\\/uploads\\\/2017\\\/01\\\/1.jpg\",\"keywords\":[\"altaroma\",\"AltaRoma Moda\",\"Angelina Roma\",\"angelo martini\",\"Antonella Elia\",\"Catia Freddi\",\"Daniela Leuci\",\"Daniele di Lorenzo\",\"Eleonora Scopelliti\",\"Francesca Rettondini\",\"Francesco De Simone\",\"gennaro marchese\",\"Grazia Carbone\",\"Gruppo Span\u00f2\",\"Laura Freddi\",\"Leopoldo Mastelloni\",\"Mario Orfei\",\"metis di meo\",\"Roberta Cenci\",\"Stefania Barbesi\",\"Vincenzo Bocciarelli\"],\"articleSection\":[\"Moda\"],\"inLanguage\":\"it-IT\",\"potentialAction\":[{\"@type\":\"CommentAction\",\"name\":\"Comment\",\"target\":[\"https:\\\/\\\/www.romaoggi.eu\\\/index.php\\\/2017\\\/01\\\/30\\\/mario-orfei-reflex-city-ad-altaroma\\\/#respond\"]}]},{\"@type\":\"WebPage\",\"@id\":\"https:\\\/\\\/www.romaoggi.eu\\\/index.php\\\/2017\\\/01\\\/30\\\/mario-orfei-reflex-city-ad-altaroma\\\/\",\"url\":\"https:\\\/\\\/www.romaoggi.eu\\\/index.php\\\/2017\\\/01\\\/30\\\/mario-orfei-reflex-city-ad-altaroma\\\/\",\"name\":\"Mario Orfei con la collezione Reflex City stupisce ad AltaRoma\",\"isPartOf\":{\"@id\":\"https:\\\/\\\/www.romaoggi.eu\\\/#website\"},\"primaryImageOfPage\":{\"@id\":\"https:\\\/\\\/www.romaoggi.eu\\\/index.php\\\/2017\\\/01\\\/30\\\/mario-orfei-reflex-city-ad-altaroma\\\/#primaryimage\"},\"image\":{\"@id\":\"https:\\\/\\\/www.romaoggi.eu\\\/index.php\\\/2017\\\/01\\\/30\\\/mario-orfei-reflex-city-ad-altaroma\\\/#primaryimage\"},\"thumbnailUrl\":\"https:\\\/\\\/www.romaoggi.eu\\\/wp-content\\\/uploads\\\/2017\\\/01\\\/1.jpg\",\"datePublished\":\"2017-01-30T10:28:20+00:00\",\"description\":\"Meritato successo per sfilata Reflex City, del fashion designer Mario Orfei che sabato 29 gennaio ha incantato vip e buyer ad AltaRoma.\",\"breadcrumb\":{\"@id\":\"https:\\\/\\\/www.romaoggi.eu\\\/index.php\\\/2017\\\/01\\\/30\\\/mario-orfei-reflex-city-ad-altaroma\\\/#breadcrumb\"},\"inLanguage\":\"it-IT\",\"potentialAction\":[{\"@type\":\"ReadAction\",\"target\":[\"https:\\\/\\\/www.romaoggi.eu\\\/index.php\\\/2017\\\/01\\\/30\\\/mario-orfei-reflex-city-ad-altaroma\\\/\"]}]},{\"@type\":\"ImageObject\",\"inLanguage\":\"it-IT\",\"@id\":\"https:\\\/\\\/www.romaoggi.eu\\\/index.php\\\/2017\\\/01\\\/30\\\/mario-orfei-reflex-city-ad-altaroma\\\/#primaryimage\",\"url\":\"https:\\\/\\\/www.romaoggi.eu\\\/wp-content\\\/uploads\\\/2017\\\/01\\\/1.jpg\",\"contentUrl\":\"https:\\\/\\\/www.romaoggi.eu\\\/wp-content\\\/uploads\\\/2017\\\/01\\\/1.jpg\",\"width\":2513,\"height\":1921,\"caption\":\"Mario Orfei e Sofia Bruscoli\"},{\"@type\":\"BreadcrumbList\",\"@id\":\"https:\\\/\\\/www.romaoggi.eu\\\/index.php\\\/2017\\\/01\\\/30\\\/mario-orfei-reflex-city-ad-altaroma\\\/#breadcrumb\",\"itemListElement\":[{\"@type\":\"ListItem\",\"position\":1,\"name\":\"Home\",\"item\":\"https:\\\/\\\/www.romaoggi.eu\\\/\"},{\"@type\":\"ListItem\",\"position\":2,\"name\":\"Mario Orfei con la collezione Reflex City stupisce ad AltaRoma\"}]},{\"@type\":\"WebSite\",\"@id\":\"https:\\\/\\\/www.romaoggi.eu\\\/#website\",\"url\":\"https:\\\/\\\/www.romaoggi.eu\\\/\",\"name\":\"roma oggi\",\"description\":\"Interesting News for Interesting people\",\"publisher\":{\"@id\":\"https:\\\/\\\/www.romaoggi.eu\\\/#organization\"},\"potentialAction\":[{\"@type\":\"SearchAction\",\"target\":{\"@type\":\"EntryPoint\",\"urlTemplate\":\"https:\\\/\\\/www.romaoggi.eu\\\/?s={search_term_string}\"},\"query-input\":{\"@type\":\"PropertyValueSpecification\",\"valueRequired\":true,\"valueName\":\"search_term_string\"}}],\"inLanguage\":\"it-IT\"},{\"@type\":\"Organization\",\"@id\":\"https:\\\/\\\/www.romaoggi.eu\\\/#organization\",\"name\":\"RomaOggi\",\"url\":\"https:\\\/\\\/www.romaoggi.eu\\\/\",\"logo\":{\"@type\":\"ImageObject\",\"inLanguage\":\"it-IT\",\"@id\":\"https:\\\/\\\/www.romaoggi.eu\\\/#\\\/schema\\\/logo\\\/image\\\/\",\"url\":\"https:\\\/\\\/www.romaoggi.eu\\\/wp-content\\\/uploads\\\/2017\\\/04\\\/logowp.jpg\",\"contentUrl\":\"https:\\\/\\\/www.romaoggi.eu\\\/wp-content\\\/uploads\\\/2017\\\/04\\\/logowp.jpg\",\"width\":300,\"height\":133,\"caption\":\"RomaOggi\"},\"image\":{\"@id\":\"https:\\\/\\\/www.romaoggi.eu\\\/#\\\/schema\\\/logo\\\/image\\\/\"},\"sameAs\":[\"https:\\\/\\\/www.facebook.com\\\/RomaOggi-841544845954114\",\"https:\\\/\\\/x.com\\\/romaoggi_eu\"]},{\"@type\":\"Person\",\"@id\":\"https:\\\/\\\/www.romaoggi.eu\\\/#\\\/schema\\\/person\\\/c8ca1fb64b5506391fff5f822a866c23\",\"name\":\"Antonietta Di Vizia\",\"image\":{\"@type\":\"ImageObject\",\"inLanguage\":\"it-IT\",\"@id\":\"https:\\\/\\\/secure.gravatar.com\\\/avatar\\\/2ad571aa3fbfe3089b06ed5617adf58717b9359c0c97cf9b52804fb2dac293f2?s=96&d=mm&r=g\",\"url\":\"https:\\\/\\\/secure.gravatar.com\\\/avatar\\\/2ad571aa3fbfe3089b06ed5617adf58717b9359c0c97cf9b52804fb2dac293f2?s=96&d=mm&r=g\",\"contentUrl\":\"https:\\\/\\\/secure.gravatar.com\\\/avatar\\\/2ad571aa3fbfe3089b06ed5617adf58717b9359c0c97cf9b52804fb2dac293f2?s=96&d=mm&r=g\",\"caption\":\"Antonietta Di Vizia\"},\"url\":\"https:\\\/\\\/www.romaoggi.eu\\\/index.php\\\/author\\\/antonietta\\\/\"}]}<\/script>\n<!-- \/ Yoast SEO plugin. -->","yoast_head_json":{"title":"Mario Orfei con la collezione Reflex City stupisce ad AltaRoma","description":"Meritato successo per sfilata Reflex City, del fashion designer Mario Orfei che sabato 29 gennaio ha incantato vip e buyer ad AltaRoma.","robots":{"index":"index","follow":"follow","max-snippet":"max-snippet:-1","max-image-preview":"max-image-preview:large","max-video-preview":"max-video-preview:-1"},"canonical":"https:\/\/www.romaoggi.eu\/index.php\/2017\/01\/30\/mario-orfei-reflex-city-ad-altaroma\/","og_locale":"it_IT","og_type":"article","og_title":"Mario Orfei con la collezione Reflex City stupisce ad AltaRoma","og_description":"Meritato successo per sfilata Reflex City, del fashion designer Mario Orfei che sabato 29 gennaio ha incantato vip e buyer ad AltaRoma.","og_url":"https:\/\/www.romaoggi.eu\/index.php\/2017\/01\/30\/mario-orfei-reflex-city-ad-altaroma\/","og_site_name":"roma oggi","article_publisher":"https:\/\/www.facebook.com\/RomaOggi-841544845954114","article_published_time":"2017-01-30T10:28:20+00:00","og_image":[{"width":2513,"height":1921,"url":"https:\/\/www.romaoggi.eu\/wp-content\/uploads\/2017\/01\/1.jpg","type":"image\/jpeg"}],"author":"Antonietta Di Vizia","twitter_card":"summary_large_image","twitter_creator":"@romaoggi_eu","twitter_site":"@romaoggi_eu","twitter_misc":{"Scritto da":"Antonietta Di Vizia","Tempo di lettura stimato":"2 minuti"},"schema":{"@context":"https:\/\/schema.org","@graph":[{"@type":"Article","@id":"https:\/\/www.romaoggi.eu\/index.php\/2017\/01\/30\/mario-orfei-reflex-city-ad-altaroma\/#article","isPartOf":{"@id":"https:\/\/www.romaoggi.eu\/index.php\/2017\/01\/30\/mario-orfei-reflex-city-ad-altaroma\/"},"author":{"name":"Antonietta Di Vizia","@id":"https:\/\/www.romaoggi.eu\/#\/schema\/person\/c8ca1fb64b5506391fff5f822a866c23"},"headline":"Mario Orfei con la collezione Reflex City stupisce ad AltaRoma","datePublished":"2017-01-30T10:28:20+00:00","mainEntityOfPage":{"@id":"https:\/\/www.romaoggi.eu\/index.php\/2017\/01\/30\/mario-orfei-reflex-city-ad-altaroma\/"},"wordCount":426,"commentCount":0,"publisher":{"@id":"https:\/\/www.romaoggi.eu\/#organization"},"image":{"@id":"https:\/\/www.romaoggi.eu\/index.php\/2017\/01\/30\/mario-orfei-reflex-city-ad-altaroma\/#primaryimage"},"thumbnailUrl":"https:\/\/www.romaoggi.eu\/wp-content\/uploads\/2017\/01\/1.jpg","keywords":["altaroma","AltaRoma Moda","Angelina Roma","angelo martini","Antonella Elia","Catia Freddi","Daniela Leuci","Daniele di Lorenzo","Eleonora Scopelliti","Francesca Rettondini","Francesco De Simone","gennaro marchese","Grazia Carbone","Gruppo Span\u00f2","Laura Freddi","Leopoldo Mastelloni","Mario Orfei","metis di meo","Roberta Cenci","Stefania Barbesi","Vincenzo Bocciarelli"],"articleSection":["Moda"],"inLanguage":"it-IT","potentialAction":[{"@type":"CommentAction","name":"Comment","target":["https:\/\/www.romaoggi.eu\/index.php\/2017\/01\/30\/mario-orfei-reflex-city-ad-altaroma\/#respond"]}]},{"@type":"WebPage","@id":"https:\/\/www.romaoggi.eu\/index.php\/2017\/01\/30\/mario-orfei-reflex-city-ad-altaroma\/","url":"https:\/\/www.romaoggi.eu\/index.php\/2017\/01\/30\/mario-orfei-reflex-city-ad-altaroma\/","name":"Mario Orfei con la collezione Reflex City stupisce ad AltaRoma","isPartOf":{"@id":"https:\/\/www.romaoggi.eu\/#website"},"primaryImageOfPage":{"@id":"https:\/\/www.romaoggi.eu\/index.php\/2017\/01\/30\/mario-orfei-reflex-city-ad-altaroma\/#primaryimage"},"image":{"@id":"https:\/\/www.romaoggi.eu\/index.php\/2017\/01\/30\/mario-orfei-reflex-city-ad-altaroma\/#primaryimage"},"thumbnailUrl":"https:\/\/www.romaoggi.eu\/wp-content\/uploads\/2017\/01\/1.jpg","datePublished":"2017-01-30T10:28:20+00:00","description":"Meritato successo per sfilata Reflex City, del fashion designer Mario Orfei che sabato 29 gennaio ha incantato vip e buyer ad AltaRoma.","breadcrumb":{"@id":"https:\/\/www.romaoggi.eu\/index.php\/2017\/01\/30\/mario-orfei-reflex-city-ad-altaroma\/#breadcrumb"},"inLanguage":"it-IT","potentialAction":[{"@type":"ReadAction","target":["https:\/\/www.romaoggi.eu\/index.php\/2017\/01\/30\/mario-orfei-reflex-city-ad-altaroma\/"]}]},{"@type":"ImageObject","inLanguage":"it-IT","@id":"https:\/\/www.romaoggi.eu\/index.php\/2017\/01\/30\/mario-orfei-reflex-city-ad-altaroma\/#primaryimage","url":"https:\/\/www.romaoggi.eu\/wp-content\/uploads\/2017\/01\/1.jpg","contentUrl":"https:\/\/www.romaoggi.eu\/wp-content\/uploads\/2017\/01\/1.jpg","width":2513,"height":1921,"caption":"Mario Orfei e Sofia Bruscoli"},{"@type":"BreadcrumbList","@id":"https:\/\/www.romaoggi.eu\/index.php\/2017\/01\/30\/mario-orfei-reflex-city-ad-altaroma\/#breadcrumb","itemListElement":[{"@type":"ListItem","position":1,"name":"Home","item":"https:\/\/www.romaoggi.eu\/"},{"@type":"ListItem","position":2,"name":"Mario Orfei con la collezione Reflex City stupisce ad AltaRoma"}]},{"@type":"WebSite","@id":"https:\/\/www.romaoggi.eu\/#website","url":"https:\/\/www.romaoggi.eu\/","name":"roma oggi","description":"Interesting News for Interesting people","publisher":{"@id":"https:\/\/www.romaoggi.eu\/#organization"},"potentialAction":[{"@type":"SearchAction","target":{"@type":"EntryPoint","urlTemplate":"https:\/\/www.romaoggi.eu\/?s={search_term_string}"},"query-input":{"@type":"PropertyValueSpecification","valueRequired":true,"valueName":"search_term_string"}}],"inLanguage":"it-IT"},{"@type":"Organization","@id":"https:\/\/www.romaoggi.eu\/#organization","name":"RomaOggi","url":"https:\/\/www.romaoggi.eu\/","logo":{"@type":"ImageObject","inLanguage":"it-IT","@id":"https:\/\/www.romaoggi.eu\/#\/schema\/logo\/image\/","url":"https:\/\/www.romaoggi.eu\/wp-content\/uploads\/2017\/04\/logowp.jpg","contentUrl":"https:\/\/www.romaoggi.eu\/wp-content\/uploads\/2017\/04\/logowp.jpg","width":300,"height":133,"caption":"RomaOggi"},"image":{"@id":"https:\/\/www.romaoggi.eu\/#\/schema\/logo\/image\/"},"sameAs":["https:\/\/www.facebook.com\/RomaOggi-841544845954114","https:\/\/x.com\/romaoggi_eu"]},{"@type":"Person","@id":"https:\/\/www.romaoggi.eu\/#\/schema\/person\/c8ca1fb64b5506391fff5f822a866c23","name":"Antonietta Di Vizia","image":{"@type":"ImageObject","inLanguage":"it-IT","@id":"https:\/\/secure.gravatar.com\/avatar\/2ad571aa3fbfe3089b06ed5617adf58717b9359c0c97cf9b52804fb2dac293f2?s=96&d=mm&r=g","url":"https:\/\/secure.gravatar.com\/avatar\/2ad571aa3fbfe3089b06ed5617adf58717b9359c0c97cf9b52804fb2dac293f2?s=96&d=mm&r=g","contentUrl":"https:\/\/secure.gravatar.com\/avatar\/2ad571aa3fbfe3089b06ed5617adf58717b9359c0c97cf9b52804fb2dac293f2?s=96&d=mm&r=g","caption":"Antonietta Di Vizia"},"url":"https:\/\/www.romaoggi.eu\/index.php\/author\/antonietta\/"}]}},"_links":{"self":[{"href":"https:\/\/www.romaoggi.eu\/index.php\/wp-json\/wp\/v2\/posts\/6132","targetHints":{"allow":["GET"]}}],"collection":[{"href":"https:\/\/www.romaoggi.eu\/index.php\/wp-json\/wp\/v2\/posts"}],"about":[{"href":"https:\/\/www.romaoggi.eu\/index.php\/wp-json\/wp\/v2\/types\/post"}],"author":[{"embeddable":true,"href":"https:\/\/www.romaoggi.eu\/index.php\/wp-json\/wp\/v2\/users\/3"}],"replies":[{"embeddable":true,"href":"https:\/\/www.romaoggi.eu\/index.php\/wp-json\/wp\/v2\/comments?post=6132"}],"version-history":[{"count":7,"href":"https:\/\/www.romaoggi.eu\/index.php\/wp-json\/wp\/v2\/posts\/6132\/revisions"}],"predecessor-version":[{"id":6143,"href":"https:\/\/www.romaoggi.eu\/index.php\/wp-json\/wp\/v2\/posts\/6132\/revisions\/6143"}],"wp:featuredmedia":[{"embeddable":true,"href":"https:\/\/www.romaoggi.eu\/index.php\/wp-json\/wp\/v2\/media\/6136"}],"wp:attachment":[{"href":"https:\/\/www.romaoggi.eu\/index.php\/wp-json\/wp\/v2\/media?parent=6132"}],"wp:term":[{"taxonomy":"category","embeddable":true,"href":"https:\/\/www.romaoggi.eu\/index.php\/wp-json\/wp\/v2\/categories?post=6132"},{"taxonomy":"post_tag","embeddable":true,"href":"https:\/\/www.romaoggi.eu\/index.php\/wp-json\/wp\/v2\/tags?post=6132"}],"curies":[{"name":"wp","href":"https:\/\/api.w.org\/{rel}","templated":true}]}}