{"id":6284,"date":"2017-02-09T10:36:50","date_gmt":"2017-02-09T09:36:50","guid":{"rendered":"http:\/\/www.romaoggi.eu\/?p=6284"},"modified":"2017-02-13T11:33:49","modified_gmt":"2017-02-13T10:33:49","slug":"i-valori-personali-mostra-luca-padroni","status":"publish","type":"post","link":"https:\/\/www.romaoggi.eu\/index.php\/2017\/02\/09\/i-valori-personali-mostra-luca-padroni\/","title":{"rendered":"I Valori Personali la mostra di Luca Padroni al Macro Testaccio"},"content":{"rendered":"<p><b>I Valori Personali,\u00a0<\/b>la mostra di <b>Luca Padroni<\/b> al Macro Testaccio incanta pubblico e critica.<\/p>\n<p style=\"text-align: justify;\"><span style=\"font-weight: 400;\">Frammenti di paesaggio romano, di vita urbana e personale si susseguono in<strong> I Valori Personali,<\/strong> la mostra di <strong>Luca Padroni<\/strong>, dal 1 febbraio al 26 marzo al Macro &#8211; Museo d&#8217;Arte Contemporanea Roma, curata da<strong> Claudio Crescentini<\/strong> e promossa dall&#8217;Assessorato alla Crescita culturale &#8211; Sovrintendenza capitolina ai Beni culturali, in collaborazione con le gallerie Montoro12 Contemporary Art di Roma e L&amp;C Tirelli di Vevey (CH).<\/span><\/p>\n<p style=\"text-align: justify;\"><img loading=\"lazy\" decoding=\"async\" class=\"size-medium wp-image-6288 alignleft\" src=\"https:\/\/www.romaoggi.eu\/wp-content\/uploads\/2017\/02\/1-300x286.jpg\" alt=\"\" width=\"300\" height=\"286\" srcset=\"https:\/\/www.romaoggi.eu\/wp-content\/uploads\/2017\/02\/1-300x286.jpg 300w, https:\/\/www.romaoggi.eu\/wp-content\/uploads\/2017\/02\/1.jpg 398w\" sizes=\"auto, (max-width: 300px) 100vw, 300px\" \/><\/p>\n<p style=\"text-align: justify;\"><span style=\"font-weight: 400;\"><strong>Luca Padroni,\u00a0<a href=\"http:\/\/www.lucapadroni.com,\">http:\/\/www.lucapadroni.com,<\/a>\u00a0<\/strong>\u00a0giovane grande artista romano, classe 1973, dalla lunga esperienza formativa londinese, nel suo stile espressionista, accorda la tradizionale tecnica pittorica ad olio al collage, forme amorfe e astrattismo figurativo in suggestivi quadri di grandi dimensioni. Esplora una realt\u00e0 variegata ponendo in rapporto spazi, esseri umani e luminosit\u00e0 non sempre in contiguit\u00e0 tra loro. In questo gioco di equilibri, di azioni in movimento, accostamenti e sovrapposizioni in disordine, l\u2019artista che a tratti anche si racconta, crea un universo singolare dove coabitano, persone, amanti tantrici, gatti volanti, colonne romane, passanti e pini secolari. Insomma, con<\/span> <strong>I Valori Personali,<\/strong> Luca\u00a0<span style=\"font-weight: 400;\">Padroni ci offre un affascinante ed immaginario segmento di realt\u00e0 con la potenza visiva della sua grande pittura.<\/span><\/p>\n<p style=\"text-align: justify;\"><i><span style=\"font-weight: 400;\">O<\/span><\/i><span style=\"font-weight: 400;\">ltre alla pittura materica, emotiva e figurativa negli anni Padroni \u00a0inizia una<\/span><span style=\"font-weight: 400;\">\u00a0nuova ricerca che ha per oggetto i treni, il senso della velocit\u00e0 e del movimento, basata prevalentemente su uno stile pi\u00f9 rigoroso, su un uso pi\u00f9 controllato del colore e sulla distillazione delle forme alla loro geometria essenziale.\u00a0<\/span><span style=\"font-weight: 400;\">Luca Padroni \u00e8 stato finalista al <strong>Premio Terna nel 2010;<\/strong> le sue opere fanno parte di alcune collezioni pubbliche, come La Certosa di San Lorenzo, Padula, il Museo Comunale di San Gimignano e i Musei Capitolini di Roma. In occasione della mostra \u00e8 stato presentato un catalogo, con testi critici del curatore, Claudio Crescentini, e Marco Tonelli, Ursula Hawlitschka, Fabiana Sargentini.<\/span><\/p>\n<p>&nbsp;<\/p>\n<p>Rossella Ronconi<\/p>\n","protected":false},"excerpt":{"rendered":"<div class=\"mh-excerpt\"><p>I Valori Personali,\u00a0la mostra di Luca Padroni al Macro Testaccio incanta pubblico e critica. Frammenti di paesaggio romano, di vita urbana e personale si susseguono in I Valori Personali, la mostra di Luca Padroni, dal <a class=\"mh-excerpt-more\" href=\"https:\/\/www.romaoggi.eu\/index.php\/2017\/02\/09\/i-valori-personali-mostra-luca-padroni\/\" title=\"I Valori Personali la mostra di Luca Padroni al Macro Testaccio\">[&#8230;]<\/a><\/p>\n<\/div>","protected":false},"author":3,"featured_media":6287,"comment_status":"open","ping_status":"open","sticky":false,"template":"","format":"standard","meta":{"_sitemap_exclude":false,"_sitemap_priority":"","_sitemap_frequency":"","footnotes":""},"categories":[74],"tags":[1709,4615,1711,4450,4619,4613,4612,112,111,4618,76,732,4617,4616,4614,1771,4620],"class_list":["post-6284","post","type-post","status-publish","format-standard","has-post-thumbnail","hentry","category-mostre","tag-arte-contemporanea","tag-beni-culturali","tag-claudio-crescentini","tag-collezione","tag-fabiana-sargentini","tag-i-valori-personali","tag-luca-padroni","tag-macro","tag-macro-testaccio","tag-marco-tonelli","tag-mostra","tag-musei-capitolini","tag-pitttura-figurativa","tag-pittura-materica","tag-premio-terna","tag-rossella-ronconi","tag-ursula-hawlitschka"],"yoast_head":"<!-- This site is optimized with the Yoast SEO plugin v27.5 - https:\/\/yoast.com\/product\/yoast-seo-wordpress\/ -->\n<title>I Valori Personali la mostra di Luca Padroni al Macro Testaccio<\/title>\n<meta name=\"description\" content=\"I valori personali, la bella mostra di Luca Padroni al Macro Testaccio dal 1 febbraio al 26 marzo al Macro Testaccio, curata da Claudio Crescentini\" \/>\n<meta name=\"robots\" content=\"index, follow, max-snippet:-1, max-image-preview:large, max-video-preview:-1\" \/>\n<link rel=\"canonical\" href=\"https:\/\/www.romaoggi.eu\/index.php\/2017\/02\/09\/i-valori-personali-mostra-luca-padroni\/\" \/>\n<meta property=\"og:locale\" content=\"it_IT\" \/>\n<meta property=\"og:type\" content=\"article\" \/>\n<meta property=\"og:title\" content=\"I Valori Personali la mostra di Luca Padroni al Macro Testaccio\" \/>\n<meta property=\"og:description\" content=\"I valori personali, la bella mostra di Luca Padroni al Macro Testaccio dal 1 febbraio al 26 marzo al Macro Testaccio, curata da Claudio Crescentini\" \/>\n<meta property=\"og:url\" content=\"https:\/\/www.romaoggi.eu\/index.php\/2017\/02\/09\/i-valori-personali-mostra-luca-padroni\/\" \/>\n<meta property=\"og:site_name\" content=\"roma oggi\" \/>\n<meta property=\"article:publisher\" content=\"https:\/\/www.facebook.com\/RomaOggi-841544845954114\" \/>\n<meta property=\"article:published_time\" content=\"2017-02-09T09:36:50+00:00\" \/>\n<meta property=\"article:modified_time\" content=\"2017-02-13T10:33:49+00:00\" \/>\n<meta property=\"og:image\" content=\"https:\/\/www.romaoggi.eu\/wp-content\/uploads\/2017\/02\/I-valori-personali-.jpg\" \/>\n\t<meta property=\"og:image:width\" content=\"600\" \/>\n\t<meta property=\"og:image:height\" content=\"450\" \/>\n\t<meta property=\"og:image:type\" content=\"image\/jpeg\" \/>\n<meta name=\"author\" content=\"Antonietta Di Vizia\" \/>\n<meta name=\"twitter:card\" content=\"summary_large_image\" \/>\n<meta name=\"twitter:creator\" content=\"@romaoggi_eu\" \/>\n<meta name=\"twitter:site\" content=\"@romaoggi_eu\" \/>\n<meta name=\"twitter:label1\" content=\"Scritto da\" \/>\n\t<meta name=\"twitter:data1\" content=\"Antonietta Di Vizia\" \/>\n\t<meta name=\"twitter:label2\" content=\"Tempo di lettura stimato\" \/>\n\t<meta name=\"twitter:data2\" content=\"2 minuti\" \/>\n<script type=\"application\/ld+json\" class=\"yoast-schema-graph\">{\"@context\":\"https:\\\/\\\/schema.org\",\"@graph\":[{\"@type\":\"Article\",\"@id\":\"https:\\\/\\\/www.romaoggi.eu\\\/index.php\\\/2017\\\/02\\\/09\\\/i-valori-personali-mostra-luca-padroni\\\/#article\",\"isPartOf\":{\"@id\":\"https:\\\/\\\/www.romaoggi.eu\\\/index.php\\\/2017\\\/02\\\/09\\\/i-valori-personali-mostra-luca-padroni\\\/\"},\"author\":{\"name\":\"Antonietta Di Vizia\",\"@id\":\"https:\\\/\\\/www.romaoggi.eu\\\/#\\\/schema\\\/person\\\/c8ca1fb64b5506391fff5f822a866c23\"},\"headline\":\"I Valori Personali la mostra di Luca Padroni al Macro Testaccio\",\"datePublished\":\"2017-02-09T09:36:50+00:00\",\"dateModified\":\"2017-02-13T10:33:49+00:00\",\"mainEntityOfPage\":{\"@id\":\"https:\\\/\\\/www.romaoggi.eu\\\/index.php\\\/2017\\\/02\\\/09\\\/i-valori-personali-mostra-luca-padroni\\\/\"},\"wordCount\":326,\"commentCount\":0,\"publisher\":{\"@id\":\"https:\\\/\\\/www.romaoggi.eu\\\/#organization\"},\"image\":{\"@id\":\"https:\\\/\\\/www.romaoggi.eu\\\/index.php\\\/2017\\\/02\\\/09\\\/i-valori-personali-mostra-luca-padroni\\\/#primaryimage\"},\"thumbnailUrl\":\"https:\\\/\\\/www.romaoggi.eu\\\/wp-content\\\/uploads\\\/2017\\\/02\\\/I-valori-personali-.jpg\",\"keywords\":[\"Arte Contemporanea\",\"Beni culturali\",\"Claudio Crescentini\",\"collezione\",\"Fabiana Sargentini\",\"i valori personali\",\"luca padroni\",\"macro\",\"macro testaccio\",\"Marco tonelli\",\"mostra\",\"Musei Capitolini\",\"pitttura figurativa\",\"pittura materica\",\"Premio Terna\",\"Rossella Ronconi\",\"Ursula Hawlitschka\"],\"articleSection\":[\"Mostre\"],\"inLanguage\":\"it-IT\",\"potentialAction\":[{\"@type\":\"CommentAction\",\"name\":\"Comment\",\"target\":[\"https:\\\/\\\/www.romaoggi.eu\\\/index.php\\\/2017\\\/02\\\/09\\\/i-valori-personali-mostra-luca-padroni\\\/#respond\"]}]},{\"@type\":\"WebPage\",\"@id\":\"https:\\\/\\\/www.romaoggi.eu\\\/index.php\\\/2017\\\/02\\\/09\\\/i-valori-personali-mostra-luca-padroni\\\/\",\"url\":\"https:\\\/\\\/www.romaoggi.eu\\\/index.php\\\/2017\\\/02\\\/09\\\/i-valori-personali-mostra-luca-padroni\\\/\",\"name\":\"I Valori Personali la mostra di Luca Padroni al Macro Testaccio\",\"isPartOf\":{\"@id\":\"https:\\\/\\\/www.romaoggi.eu\\\/#website\"},\"primaryImageOfPage\":{\"@id\":\"https:\\\/\\\/www.romaoggi.eu\\\/index.php\\\/2017\\\/02\\\/09\\\/i-valori-personali-mostra-luca-padroni\\\/#primaryimage\"},\"image\":{\"@id\":\"https:\\\/\\\/www.romaoggi.eu\\\/index.php\\\/2017\\\/02\\\/09\\\/i-valori-personali-mostra-luca-padroni\\\/#primaryimage\"},\"thumbnailUrl\":\"https:\\\/\\\/www.romaoggi.eu\\\/wp-content\\\/uploads\\\/2017\\\/02\\\/I-valori-personali-.jpg\",\"datePublished\":\"2017-02-09T09:36:50+00:00\",\"dateModified\":\"2017-02-13T10:33:49+00:00\",\"description\":\"I valori personali, la bella mostra di Luca Padroni al Macro Testaccio dal 1 febbraio al 26 marzo al Macro Testaccio, curata da Claudio Crescentini\",\"breadcrumb\":{\"@id\":\"https:\\\/\\\/www.romaoggi.eu\\\/index.php\\\/2017\\\/02\\\/09\\\/i-valori-personali-mostra-luca-padroni\\\/#breadcrumb\"},\"inLanguage\":\"it-IT\",\"potentialAction\":[{\"@type\":\"ReadAction\",\"target\":[\"https:\\\/\\\/www.romaoggi.eu\\\/index.php\\\/2017\\\/02\\\/09\\\/i-valori-personali-mostra-luca-padroni\\\/\"]}]},{\"@type\":\"ImageObject\",\"inLanguage\":\"it-IT\",\"@id\":\"https:\\\/\\\/www.romaoggi.eu\\\/index.php\\\/2017\\\/02\\\/09\\\/i-valori-personali-mostra-luca-padroni\\\/#primaryimage\",\"url\":\"https:\\\/\\\/www.romaoggi.eu\\\/wp-content\\\/uploads\\\/2017\\\/02\\\/I-valori-personali-.jpg\",\"contentUrl\":\"https:\\\/\\\/www.romaoggi.eu\\\/wp-content\\\/uploads\\\/2017\\\/02\\\/I-valori-personali-.jpg\",\"width\":600,\"height\":450},{\"@type\":\"BreadcrumbList\",\"@id\":\"https:\\\/\\\/www.romaoggi.eu\\\/index.php\\\/2017\\\/02\\\/09\\\/i-valori-personali-mostra-luca-padroni\\\/#breadcrumb\",\"itemListElement\":[{\"@type\":\"ListItem\",\"position\":1,\"name\":\"Home\",\"item\":\"https:\\\/\\\/www.romaoggi.eu\\\/\"},{\"@type\":\"ListItem\",\"position\":2,\"name\":\"I Valori Personali la mostra di Luca Padroni al Macro Testaccio\"}]},{\"@type\":\"WebSite\",\"@id\":\"https:\\\/\\\/www.romaoggi.eu\\\/#website\",\"url\":\"https:\\\/\\\/www.romaoggi.eu\\\/\",\"name\":\"roma oggi\",\"description\":\"Interesting News for Interesting people\",\"publisher\":{\"@id\":\"https:\\\/\\\/www.romaoggi.eu\\\/#organization\"},\"potentialAction\":[{\"@type\":\"SearchAction\",\"target\":{\"@type\":\"EntryPoint\",\"urlTemplate\":\"https:\\\/\\\/www.romaoggi.eu\\\/?s={search_term_string}\"},\"query-input\":{\"@type\":\"PropertyValueSpecification\",\"valueRequired\":true,\"valueName\":\"search_term_string\"}}],\"inLanguage\":\"it-IT\"},{\"@type\":\"Organization\",\"@id\":\"https:\\\/\\\/www.romaoggi.eu\\\/#organization\",\"name\":\"RomaOggi\",\"url\":\"https:\\\/\\\/www.romaoggi.eu\\\/\",\"logo\":{\"@type\":\"ImageObject\",\"inLanguage\":\"it-IT\",\"@id\":\"https:\\\/\\\/www.romaoggi.eu\\\/#\\\/schema\\\/logo\\\/image\\\/\",\"url\":\"https:\\\/\\\/www.romaoggi.eu\\\/wp-content\\\/uploads\\\/2017\\\/04\\\/logowp.jpg\",\"contentUrl\":\"https:\\\/\\\/www.romaoggi.eu\\\/wp-content\\\/uploads\\\/2017\\\/04\\\/logowp.jpg\",\"width\":300,\"height\":133,\"caption\":\"RomaOggi\"},\"image\":{\"@id\":\"https:\\\/\\\/www.romaoggi.eu\\\/#\\\/schema\\\/logo\\\/image\\\/\"},\"sameAs\":[\"https:\\\/\\\/www.facebook.com\\\/RomaOggi-841544845954114\",\"https:\\\/\\\/x.com\\\/romaoggi_eu\"]},{\"@type\":\"Person\",\"@id\":\"https:\\\/\\\/www.romaoggi.eu\\\/#\\\/schema\\\/person\\\/c8ca1fb64b5506391fff5f822a866c23\",\"name\":\"Antonietta Di Vizia\",\"image\":{\"@type\":\"ImageObject\",\"inLanguage\":\"it-IT\",\"@id\":\"https:\\\/\\\/secure.gravatar.com\\\/avatar\\\/2ad571aa3fbfe3089b06ed5617adf58717b9359c0c97cf9b52804fb2dac293f2?s=96&d=mm&r=g\",\"url\":\"https:\\\/\\\/secure.gravatar.com\\\/avatar\\\/2ad571aa3fbfe3089b06ed5617adf58717b9359c0c97cf9b52804fb2dac293f2?s=96&d=mm&r=g\",\"contentUrl\":\"https:\\\/\\\/secure.gravatar.com\\\/avatar\\\/2ad571aa3fbfe3089b06ed5617adf58717b9359c0c97cf9b52804fb2dac293f2?s=96&d=mm&r=g\",\"caption\":\"Antonietta Di Vizia\"},\"url\":\"https:\\\/\\\/www.romaoggi.eu\\\/index.php\\\/author\\\/antonietta\\\/\"}]}<\/script>\n<!-- \/ Yoast SEO plugin. -->","yoast_head_json":{"title":"I Valori Personali la mostra di Luca Padroni al Macro Testaccio","description":"I valori personali, la bella mostra di Luca Padroni al Macro Testaccio dal 1 febbraio al 26 marzo al Macro Testaccio, curata da Claudio Crescentini","robots":{"index":"index","follow":"follow","max-snippet":"max-snippet:-1","max-image-preview":"max-image-preview:large","max-video-preview":"max-video-preview:-1"},"canonical":"https:\/\/www.romaoggi.eu\/index.php\/2017\/02\/09\/i-valori-personali-mostra-luca-padroni\/","og_locale":"it_IT","og_type":"article","og_title":"I Valori Personali la mostra di Luca Padroni al Macro Testaccio","og_description":"I valori personali, la bella mostra di Luca Padroni al Macro Testaccio dal 1 febbraio al 26 marzo al Macro Testaccio, curata da Claudio Crescentini","og_url":"https:\/\/www.romaoggi.eu\/index.php\/2017\/02\/09\/i-valori-personali-mostra-luca-padroni\/","og_site_name":"roma oggi","article_publisher":"https:\/\/www.facebook.com\/RomaOggi-841544845954114","article_published_time":"2017-02-09T09:36:50+00:00","article_modified_time":"2017-02-13T10:33:49+00:00","og_image":[{"width":600,"height":450,"url":"https:\/\/www.romaoggi.eu\/wp-content\/uploads\/2017\/02\/I-valori-personali-.jpg","type":"image\/jpeg"}],"author":"Antonietta Di Vizia","twitter_card":"summary_large_image","twitter_creator":"@romaoggi_eu","twitter_site":"@romaoggi_eu","twitter_misc":{"Scritto da":"Antonietta Di Vizia","Tempo di lettura stimato":"2 minuti"},"schema":{"@context":"https:\/\/schema.org","@graph":[{"@type":"Article","@id":"https:\/\/www.romaoggi.eu\/index.php\/2017\/02\/09\/i-valori-personali-mostra-luca-padroni\/#article","isPartOf":{"@id":"https:\/\/www.romaoggi.eu\/index.php\/2017\/02\/09\/i-valori-personali-mostra-luca-padroni\/"},"author":{"name":"Antonietta Di Vizia","@id":"https:\/\/www.romaoggi.eu\/#\/schema\/person\/c8ca1fb64b5506391fff5f822a866c23"},"headline":"I Valori Personali la mostra di Luca Padroni al Macro Testaccio","datePublished":"2017-02-09T09:36:50+00:00","dateModified":"2017-02-13T10:33:49+00:00","mainEntityOfPage":{"@id":"https:\/\/www.romaoggi.eu\/index.php\/2017\/02\/09\/i-valori-personali-mostra-luca-padroni\/"},"wordCount":326,"commentCount":0,"publisher":{"@id":"https:\/\/www.romaoggi.eu\/#organization"},"image":{"@id":"https:\/\/www.romaoggi.eu\/index.php\/2017\/02\/09\/i-valori-personali-mostra-luca-padroni\/#primaryimage"},"thumbnailUrl":"https:\/\/www.romaoggi.eu\/wp-content\/uploads\/2017\/02\/I-valori-personali-.jpg","keywords":["Arte Contemporanea","Beni culturali","Claudio Crescentini","collezione","Fabiana Sargentini","i valori personali","luca padroni","macro","macro testaccio","Marco tonelli","mostra","Musei Capitolini","pitttura figurativa","pittura materica","Premio Terna","Rossella Ronconi","Ursula Hawlitschka"],"articleSection":["Mostre"],"inLanguage":"it-IT","potentialAction":[{"@type":"CommentAction","name":"Comment","target":["https:\/\/www.romaoggi.eu\/index.php\/2017\/02\/09\/i-valori-personali-mostra-luca-padroni\/#respond"]}]},{"@type":"WebPage","@id":"https:\/\/www.romaoggi.eu\/index.php\/2017\/02\/09\/i-valori-personali-mostra-luca-padroni\/","url":"https:\/\/www.romaoggi.eu\/index.php\/2017\/02\/09\/i-valori-personali-mostra-luca-padroni\/","name":"I Valori Personali la mostra di Luca Padroni al Macro Testaccio","isPartOf":{"@id":"https:\/\/www.romaoggi.eu\/#website"},"primaryImageOfPage":{"@id":"https:\/\/www.romaoggi.eu\/index.php\/2017\/02\/09\/i-valori-personali-mostra-luca-padroni\/#primaryimage"},"image":{"@id":"https:\/\/www.romaoggi.eu\/index.php\/2017\/02\/09\/i-valori-personali-mostra-luca-padroni\/#primaryimage"},"thumbnailUrl":"https:\/\/www.romaoggi.eu\/wp-content\/uploads\/2017\/02\/I-valori-personali-.jpg","datePublished":"2017-02-09T09:36:50+00:00","dateModified":"2017-02-13T10:33:49+00:00","description":"I valori personali, la bella mostra di Luca Padroni al Macro Testaccio dal 1 febbraio al 26 marzo al Macro Testaccio, curata da Claudio Crescentini","breadcrumb":{"@id":"https:\/\/www.romaoggi.eu\/index.php\/2017\/02\/09\/i-valori-personali-mostra-luca-padroni\/#breadcrumb"},"inLanguage":"it-IT","potentialAction":[{"@type":"ReadAction","target":["https:\/\/www.romaoggi.eu\/index.php\/2017\/02\/09\/i-valori-personali-mostra-luca-padroni\/"]}]},{"@type":"ImageObject","inLanguage":"it-IT","@id":"https:\/\/www.romaoggi.eu\/index.php\/2017\/02\/09\/i-valori-personali-mostra-luca-padroni\/#primaryimage","url":"https:\/\/www.romaoggi.eu\/wp-content\/uploads\/2017\/02\/I-valori-personali-.jpg","contentUrl":"https:\/\/www.romaoggi.eu\/wp-content\/uploads\/2017\/02\/I-valori-personali-.jpg","width":600,"height":450},{"@type":"BreadcrumbList","@id":"https:\/\/www.romaoggi.eu\/index.php\/2017\/02\/09\/i-valori-personali-mostra-luca-padroni\/#breadcrumb","itemListElement":[{"@type":"ListItem","position":1,"name":"Home","item":"https:\/\/www.romaoggi.eu\/"},{"@type":"ListItem","position":2,"name":"I Valori Personali la mostra di Luca Padroni al Macro Testaccio"}]},{"@type":"WebSite","@id":"https:\/\/www.romaoggi.eu\/#website","url":"https:\/\/www.romaoggi.eu\/","name":"roma oggi","description":"Interesting News for Interesting people","publisher":{"@id":"https:\/\/www.romaoggi.eu\/#organization"},"potentialAction":[{"@type":"SearchAction","target":{"@type":"EntryPoint","urlTemplate":"https:\/\/www.romaoggi.eu\/?s={search_term_string}"},"query-input":{"@type":"PropertyValueSpecification","valueRequired":true,"valueName":"search_term_string"}}],"inLanguage":"it-IT"},{"@type":"Organization","@id":"https:\/\/www.romaoggi.eu\/#organization","name":"RomaOggi","url":"https:\/\/www.romaoggi.eu\/","logo":{"@type":"ImageObject","inLanguage":"it-IT","@id":"https:\/\/www.romaoggi.eu\/#\/schema\/logo\/image\/","url":"https:\/\/www.romaoggi.eu\/wp-content\/uploads\/2017\/04\/logowp.jpg","contentUrl":"https:\/\/www.romaoggi.eu\/wp-content\/uploads\/2017\/04\/logowp.jpg","width":300,"height":133,"caption":"RomaOggi"},"image":{"@id":"https:\/\/www.romaoggi.eu\/#\/schema\/logo\/image\/"},"sameAs":["https:\/\/www.facebook.com\/RomaOggi-841544845954114","https:\/\/x.com\/romaoggi_eu"]},{"@type":"Person","@id":"https:\/\/www.romaoggi.eu\/#\/schema\/person\/c8ca1fb64b5506391fff5f822a866c23","name":"Antonietta Di Vizia","image":{"@type":"ImageObject","inLanguage":"it-IT","@id":"https:\/\/secure.gravatar.com\/avatar\/2ad571aa3fbfe3089b06ed5617adf58717b9359c0c97cf9b52804fb2dac293f2?s=96&d=mm&r=g","url":"https:\/\/secure.gravatar.com\/avatar\/2ad571aa3fbfe3089b06ed5617adf58717b9359c0c97cf9b52804fb2dac293f2?s=96&d=mm&r=g","contentUrl":"https:\/\/secure.gravatar.com\/avatar\/2ad571aa3fbfe3089b06ed5617adf58717b9359c0c97cf9b52804fb2dac293f2?s=96&d=mm&r=g","caption":"Antonietta Di Vizia"},"url":"https:\/\/www.romaoggi.eu\/index.php\/author\/antonietta\/"}]}},"_links":{"self":[{"href":"https:\/\/www.romaoggi.eu\/index.php\/wp-json\/wp\/v2\/posts\/6284","targetHints":{"allow":["GET"]}}],"collection":[{"href":"https:\/\/www.romaoggi.eu\/index.php\/wp-json\/wp\/v2\/posts"}],"about":[{"href":"https:\/\/www.romaoggi.eu\/index.php\/wp-json\/wp\/v2\/types\/post"}],"author":[{"embeddable":true,"href":"https:\/\/www.romaoggi.eu\/index.php\/wp-json\/wp\/v2\/users\/3"}],"replies":[{"embeddable":true,"href":"https:\/\/www.romaoggi.eu\/index.php\/wp-json\/wp\/v2\/comments?post=6284"}],"version-history":[{"count":9,"href":"https:\/\/www.romaoggi.eu\/index.php\/wp-json\/wp\/v2\/posts\/6284\/revisions"}],"predecessor-version":[{"id":6389,"href":"https:\/\/www.romaoggi.eu\/index.php\/wp-json\/wp\/v2\/posts\/6284\/revisions\/6389"}],"wp:featuredmedia":[{"embeddable":true,"href":"https:\/\/www.romaoggi.eu\/index.php\/wp-json\/wp\/v2\/media\/6287"}],"wp:attachment":[{"href":"https:\/\/www.romaoggi.eu\/index.php\/wp-json\/wp\/v2\/media?parent=6284"}],"wp:term":[{"taxonomy":"category","embeddable":true,"href":"https:\/\/www.romaoggi.eu\/index.php\/wp-json\/wp\/v2\/categories?post=6284"},{"taxonomy":"post_tag","embeddable":true,"href":"https:\/\/www.romaoggi.eu\/index.php\/wp-json\/wp\/v2\/tags?post=6284"}],"curies":[{"name":"wp","href":"https:\/\/api.w.org\/{rel}","templated":true}]}}