{"id":7155,"date":"2017-03-25T15:31:44","date_gmt":"2017-03-25T14:31:44","guid":{"rendered":"http:\/\/www.romaoggi.eu\/?p=7155"},"modified":"2017-03-25T16:55:59","modified_gmt":"2017-03-25T15:55:59","slug":"trattati-roma-leuropa-riparte","status":"publish","type":"post","link":"https:\/\/www.romaoggi.eu\/index.php\/2017\/03\/25\/trattati-roma-leuropa-riparte\/","title":{"rendered":"Trattati di Roma: l\u2019Europa riparte di nuovo dal Campidoglio come 60 anni fa"},"content":{"rendered":"<p style=\"text-align: justify;\"><strong>I Trattati di Roma nella nuova edizione del 2017 rinnovati e ampliati, dopo 60 anni da quelli firmati il 25 marzo del 1957<\/strong>, hanno riportato di nuovo la capitale d\u2019Italia e il <em>Campidoglio<\/em> al centro dell\u2019attenzione politica, economica e sociale. Nella stessa sala degli <em>Orazi e Curiazi<\/em> dove l\u2019Europa <a href=\"\/europa.eu\">europa.eu<\/a>\u00a0fu tenuta a battesimo dalle sei nazioni fondatrici (<em>Italia, Francia, Germania, Belgio, Lussemburgo e Paesi Bassi<\/em>), i 27 capi di Stato che formano l\u2019odierna <em>Unione Europea<\/em> hanno ri-firmato i vecchi trattati costitutivi aggiungendone dei nuovi che dovrebbero dare un nuovo slancio e vigore all\u2019istituzione che negli ultimi decenni ha smarrito lo spirito fondatore con una eccessiva e insopportabile burocratizzazione e facendo prevalere i rigori degli interessi finanziari a tutti gli altri.<\/p>\n<figure id=\"attachment_7163\" aria-describedby=\"caption-attachment-7163\" style=\"width: 300px\" class=\"wp-caption alignright\"><img loading=\"lazy\" decoding=\"async\" class=\"size-medium wp-image-7163\" src=\"https:\/\/www.romaoggi.eu\/wp-content\/uploads\/2017\/03\/123012147-b5f31553-e245-4d1d-89ef-68091585fc8c-1-300x123.jpg\" alt=\"\" width=\"300\" height=\"123\" srcset=\"https:\/\/www.romaoggi.eu\/wp-content\/uploads\/2017\/03\/123012147-b5f31553-e245-4d1d-89ef-68091585fc8c-1-300x123.jpg 300w, https:\/\/www.romaoggi.eu\/wp-content\/uploads\/2017\/03\/123012147-b5f31553-e245-4d1d-89ef-68091585fc8c-1.jpg 978w\" sizes=\"auto, (max-width: 300px) 100vw, 300px\" \/><figcaption id=\"caption-attachment-7163\" class=\"wp-caption-text\"><em>Foto di gruppo dei 27 leaders europei che hanno firmato i nuovi Trattati di Roma<\/em><\/figcaption><\/figure>\n<p style=\"text-align: justify;\">Infatti,\u00a0 firmando i nuovi <strong>Trattati di Roma<\/strong>, i leader dei 27 Stati membri e delle istituzioni dell\u2019UE hanno promesso di voltare pagina per un\u2019Europa pi\u00f9 giusta e solidale promettendo anche di combattere la disoccupazione giovanile e debellare la povert\u00e0. \u201c<em>Agiremo congiuntamente \u2013 <\/em>si legge nei nuovi Trattati<em> &#8211; a ritmi e con intensit\u00e0 diversi se necessario, ma sempre procedendo nella stessa direzione. La nostra \u00a0Unione \u00e8 indivisa e indivisibile. Per il prossimo decennio vogliamo un\u2019Unione sicura, prospera, competitiva, sostenibile e socialmente responsabile, che abbia la volont\u00e0 e la capacit\u00e0 di svolgere un ruolo chiave nel mondo e di plasmare la globalizzazione. Vogliamo un\u2019Unione in cui i cittadini abbiano nuove opportunit\u00e0 di sviluppo culturale e sociale e di crescita economica.<\/em> <em>Insieme, siamo determinati ad affrontare le sfide di un mondo in rapido mutamento e a offrire ai nostri cittadini sicurezza e nuove opportunit\u00e0\u201d.<\/em><\/p>\n<figure id=\"attachment_7157\" aria-describedby=\"caption-attachment-7157\" style=\"width: 300px\" class=\"wp-caption alignleft\"><img loading=\"lazy\" decoding=\"async\" class=\"size-medium wp-image-7157\" src=\"https:\/\/www.romaoggi.eu\/wp-content\/uploads\/2017\/03\/rome401-300x237.gif\" alt=\"\" width=\"300\" height=\"237\" \/><figcaption id=\"caption-attachment-7157\" class=\"wp-caption-text\"><em>La storica firma in Campidoglio dei Trattati di Roma del 25 marzo 1957<\/em><\/figcaption><\/figure>\n<p style=\"text-align: justify;\">Il documento aggiunge anche che \u201c<em>in questi tempi di cambiamenti, e consapevoli delle preoccupazioni dei nostri cittadini, sosteniamo il programma di Roma e ci impegniamo ad adoperarci per realizzare: 1.Un\u2019Europa sicura: un\u2019Unione in cui tutti i cittadini si sentano sicuri e possano spostarsi liberamente, in cui le frontiere esterne siano protette, con una politica migratoria efficace, responsabile e sostenibile, nel rispetto delle norme internazionali; un\u2019Europa determinata a combattere il terrorismo e la criminalit\u00e0 organizzata. 2.Un\u2019Europa prospera e sostenibile: un\u2019Unione che generi crescita e occupazione; un\u2019Unione in cui un mercato unico forte, connesso e in espansione, che faccia proprie le evoluzioni tecnologiche<\/em>\u201d.<\/p>\n<p style=\"text-align: justify;\">I 27 Paesi dell\u2019Unione Europei che hanno firmato in Campidoglio i <strong>Nuovi Trattati<\/strong> si impegnano, infine, \u201c<em>a dare ascolto e risposte alle preoccupazioni espresse dai nostri cittadini e dialogheremo con i parlamenti nazionali. Collaboreremo a livello di Unione europea, nazionale, regionale o locale per fare davvero la differenza, in uno spirito di fiducia e di leale cooperazione nel rispetto del principio di sussidiariet\u00e0. Noi leader, lavorando insieme nell\u2019ambito del Consiglio europeo e tra le istituzioni, faremo s\u00ec che il programma di oggi sia attuato e divenga cos\u00ec la realt\u00e0 di domani. Ci siamo uniti per un buon fine. L\u2019Europa \u00e8 il nostro futuro comune<\/em>\u201d.<\/p>\n<p style=\"text-align: justify;\">Se son rose fioriranno con la speranza che questa bella giornata primaverile nell\u2019unica e incomparabile cornice della grande bellezza di Roma non sia una giornata di autocompiacimento per leaders europei ma un impegno politico concreto verso i cittadini.<\/p>\n","protected":false},"excerpt":{"rendered":"<div class=\"mh-excerpt\"><p>I Trattati di Roma nella nuova edizione del 2017 rinnovati e ampliati, dopo 60 anni da quelli firmati il 25 marzo del 1957, hanno riportato di nuovo la capitale d\u2019Italia e il Campidoglio al centro <a class=\"mh-excerpt-more\" href=\"https:\/\/www.romaoggi.eu\/index.php\/2017\/03\/25\/trattati-roma-leuropa-riparte\/\" title=\"Trattati di Roma: l\u2019Europa riparte di nuovo dal Campidoglio come 60 anni fa\">[&#8230;]<\/a><\/p>\n<\/div>","protected":false},"author":7,"featured_media":7156,"comment_status":"open","ping_status":"open","sticky":false,"template":"","format":"standard","meta":{"_sitemap_exclude":false,"_sitemap_priority":"","_sitemap_frequency":"","footnotes":""},"categories":[522],"tags":[865,881,837,5405,5404,5406,5407,5403,5269,4805,1844],"class_list":["post-7155","post","type-post","status-publish","format-standard","has-post-thumbnail","hentry","category-attualita","tag-campidoglio","tag-disoccupazione-giovanile","tag-europa","tag-frontiere","tag-immigrazione","tag-libera-circolazione","tag-pari-opportunita","tag-poverta","tag-sala-orazi-e-curiazi","tag-trattati-di-roma","tag-unione-europea"],"yoast_head":"<!-- This site is optimized with the Yoast SEO plugin v27.5 - https:\/\/yoast.com\/product\/yoast-seo-wordpress\/ -->\n<title>Trattati di Roma: l\u2019Europa riparte di nuovo dal Campidoglio come 60 anni fa<\/title>\n<meta name=\"description\" content=\"I 27 leaders dei paesi dell&#039;odierna Unione Europea hanno rifirmato i &quot;Trattati di Roma&quot; dopo 60 anni in Campidoglio dove il 25 marzo 1957 nacque Europa\" \/>\n<meta name=\"robots\" content=\"index, follow, max-snippet:-1, max-image-preview:large, max-video-preview:-1\" \/>\n<link rel=\"canonical\" href=\"https:\/\/www.romaoggi.eu\/index.php\/2017\/03\/25\/trattati-roma-leuropa-riparte\/\" \/>\n<meta property=\"og:locale\" content=\"it_IT\" \/>\n<meta property=\"og:type\" content=\"article\" \/>\n<meta property=\"og:title\" content=\"Trattati di Roma: l\u2019Europa riparte di nuovo dal Campidoglio come 60 anni fa\" \/>\n<meta property=\"og:description\" content=\"I 27 leaders dei paesi dell&#039;odierna Unione Europea hanno rifirmato i &quot;Trattati di Roma&quot; dopo 60 anni in Campidoglio dove il 25 marzo 1957 nacque Europa\" \/>\n<meta property=\"og:url\" content=\"https:\/\/www.romaoggi.eu\/index.php\/2017\/03\/25\/trattati-roma-leuropa-riparte\/\" \/>\n<meta property=\"og:site_name\" content=\"roma oggi\" \/>\n<meta property=\"article:publisher\" content=\"https:\/\/www.facebook.com\/RomaOggi-841544845954114\" \/>\n<meta property=\"article:published_time\" content=\"2017-03-25T14:31:44+00:00\" \/>\n<meta property=\"article:modified_time\" content=\"2017-03-25T15:55:59+00:00\" \/>\n<meta property=\"og:image\" content=\"https:\/\/www.romaoggi.eu\/wp-content\/uploads\/2017\/03\/7690161.jpg\" \/>\n\t<meta property=\"og:image:width\" content=\"919\" \/>\n\t<meta property=\"og:image:height\" content=\"611\" \/>\n\t<meta property=\"og:image:type\" content=\"image\/jpeg\" \/>\n<meta name=\"author\" content=\"Ottavio Direnzo\" \/>\n<meta name=\"twitter:card\" content=\"summary_large_image\" \/>\n<meta name=\"twitter:creator\" content=\"@romaoggi_eu\" \/>\n<meta name=\"twitter:site\" content=\"@romaoggi_eu\" \/>\n<meta name=\"twitter:label1\" content=\"Scritto da\" \/>\n\t<meta name=\"twitter:data1\" content=\"Ottavio Direnzo\" \/>\n\t<meta name=\"twitter:label2\" content=\"Tempo di lettura stimato\" \/>\n\t<meta name=\"twitter:data2\" content=\"3 minuti\" \/>\n<script type=\"application\/ld+json\" class=\"yoast-schema-graph\">{\"@context\":\"https:\\\/\\\/schema.org\",\"@graph\":[{\"@type\":\"Article\",\"@id\":\"https:\\\/\\\/www.romaoggi.eu\\\/index.php\\\/2017\\\/03\\\/25\\\/trattati-roma-leuropa-riparte\\\/#article\",\"isPartOf\":{\"@id\":\"https:\\\/\\\/www.romaoggi.eu\\\/index.php\\\/2017\\\/03\\\/25\\\/trattati-roma-leuropa-riparte\\\/\"},\"author\":{\"name\":\"Ottavio Direnzo\",\"@id\":\"https:\\\/\\\/www.romaoggi.eu\\\/#\\\/schema\\\/person\\\/718eddecf358a5c31662a66d55e182f8\"},\"headline\":\"Trattati di Roma: l\u2019Europa riparte di nuovo dal Campidoglio come 60 anni fa\",\"datePublished\":\"2017-03-25T14:31:44+00:00\",\"dateModified\":\"2017-03-25T15:55:59+00:00\",\"mainEntityOfPage\":{\"@id\":\"https:\\\/\\\/www.romaoggi.eu\\\/index.php\\\/2017\\\/03\\\/25\\\/trattati-roma-leuropa-riparte\\\/\"},\"wordCount\":568,\"commentCount\":0,\"publisher\":{\"@id\":\"https:\\\/\\\/www.romaoggi.eu\\\/#organization\"},\"image\":{\"@id\":\"https:\\\/\\\/www.romaoggi.eu\\\/index.php\\\/2017\\\/03\\\/25\\\/trattati-roma-leuropa-riparte\\\/#primaryimage\"},\"thumbnailUrl\":\"https:\\\/\\\/www.romaoggi.eu\\\/wp-content\\\/uploads\\\/2017\\\/03\\\/7690161.jpg\",\"keywords\":[\"campidoglio\",\"disoccupazione giovanile\",\"europa\",\"Frontiere\",\"Immigrazione\",\"Libera circolazione\",\"Pari opportunit\u00e0\",\"Povert\u00e0\",\"Sala Orazi e Curiazi\",\"Trattati di Roma\",\"Unione Europea\"],\"articleSection\":[\"attualit\u00e0\"],\"inLanguage\":\"it-IT\",\"potentialAction\":[{\"@type\":\"CommentAction\",\"name\":\"Comment\",\"target\":[\"https:\\\/\\\/www.romaoggi.eu\\\/index.php\\\/2017\\\/03\\\/25\\\/trattati-roma-leuropa-riparte\\\/#respond\"]}]},{\"@type\":\"WebPage\",\"@id\":\"https:\\\/\\\/www.romaoggi.eu\\\/index.php\\\/2017\\\/03\\\/25\\\/trattati-roma-leuropa-riparte\\\/\",\"url\":\"https:\\\/\\\/www.romaoggi.eu\\\/index.php\\\/2017\\\/03\\\/25\\\/trattati-roma-leuropa-riparte\\\/\",\"name\":\"Trattati di Roma: l\u2019Europa riparte di nuovo dal Campidoglio come 60 anni fa\",\"isPartOf\":{\"@id\":\"https:\\\/\\\/www.romaoggi.eu\\\/#website\"},\"primaryImageOfPage\":{\"@id\":\"https:\\\/\\\/www.romaoggi.eu\\\/index.php\\\/2017\\\/03\\\/25\\\/trattati-roma-leuropa-riparte\\\/#primaryimage\"},\"image\":{\"@id\":\"https:\\\/\\\/www.romaoggi.eu\\\/index.php\\\/2017\\\/03\\\/25\\\/trattati-roma-leuropa-riparte\\\/#primaryimage\"},\"thumbnailUrl\":\"https:\\\/\\\/www.romaoggi.eu\\\/wp-content\\\/uploads\\\/2017\\\/03\\\/7690161.jpg\",\"datePublished\":\"2017-03-25T14:31:44+00:00\",\"dateModified\":\"2017-03-25T15:55:59+00:00\",\"description\":\"I 27 leaders dei paesi dell'odierna Unione Europea hanno rifirmato i \\\"Trattati di Roma\\\" dopo 60 anni in Campidoglio dove il 25 marzo 1957 nacque Europa\",\"breadcrumb\":{\"@id\":\"https:\\\/\\\/www.romaoggi.eu\\\/index.php\\\/2017\\\/03\\\/25\\\/trattati-roma-leuropa-riparte\\\/#breadcrumb\"},\"inLanguage\":\"it-IT\",\"potentialAction\":[{\"@type\":\"ReadAction\",\"target\":[\"https:\\\/\\\/www.romaoggi.eu\\\/index.php\\\/2017\\\/03\\\/25\\\/trattati-roma-leuropa-riparte\\\/\"]}]},{\"@type\":\"ImageObject\",\"inLanguage\":\"it-IT\",\"@id\":\"https:\\\/\\\/www.romaoggi.eu\\\/index.php\\\/2017\\\/03\\\/25\\\/trattati-roma-leuropa-riparte\\\/#primaryimage\",\"url\":\"https:\\\/\\\/www.romaoggi.eu\\\/wp-content\\\/uploads\\\/2017\\\/03\\\/7690161.jpg\",\"contentUrl\":\"https:\\\/\\\/www.romaoggi.eu\\\/wp-content\\\/uploads\\\/2017\\\/03\\\/7690161.jpg\",\"width\":919,\"height\":611,\"caption\":\"Un'immagine della sala degli Orazi e Curiazi del Campidoglio dove sono stati firmati i nuovi trattati europei\"},{\"@type\":\"BreadcrumbList\",\"@id\":\"https:\\\/\\\/www.romaoggi.eu\\\/index.php\\\/2017\\\/03\\\/25\\\/trattati-roma-leuropa-riparte\\\/#breadcrumb\",\"itemListElement\":[{\"@type\":\"ListItem\",\"position\":1,\"name\":\"Home\",\"item\":\"https:\\\/\\\/www.romaoggi.eu\\\/\"},{\"@type\":\"ListItem\",\"position\":2,\"name\":\"Trattati di Roma: l\u2019Europa riparte di nuovo dal Campidoglio come 60 anni fa\"}]},{\"@type\":\"WebSite\",\"@id\":\"https:\\\/\\\/www.romaoggi.eu\\\/#website\",\"url\":\"https:\\\/\\\/www.romaoggi.eu\\\/\",\"name\":\"roma oggi\",\"description\":\"Interesting News for Interesting people\",\"publisher\":{\"@id\":\"https:\\\/\\\/www.romaoggi.eu\\\/#organization\"},\"potentialAction\":[{\"@type\":\"SearchAction\",\"target\":{\"@type\":\"EntryPoint\",\"urlTemplate\":\"https:\\\/\\\/www.romaoggi.eu\\\/?s={search_term_string}\"},\"query-input\":{\"@type\":\"PropertyValueSpecification\",\"valueRequired\":true,\"valueName\":\"search_term_string\"}}],\"inLanguage\":\"it-IT\"},{\"@type\":\"Organization\",\"@id\":\"https:\\\/\\\/www.romaoggi.eu\\\/#organization\",\"name\":\"RomaOggi\",\"url\":\"https:\\\/\\\/www.romaoggi.eu\\\/\",\"logo\":{\"@type\":\"ImageObject\",\"inLanguage\":\"it-IT\",\"@id\":\"https:\\\/\\\/www.romaoggi.eu\\\/#\\\/schema\\\/logo\\\/image\\\/\",\"url\":\"https:\\\/\\\/www.romaoggi.eu\\\/wp-content\\\/uploads\\\/2017\\\/04\\\/logowp.jpg\",\"contentUrl\":\"https:\\\/\\\/www.romaoggi.eu\\\/wp-content\\\/uploads\\\/2017\\\/04\\\/logowp.jpg\",\"width\":300,\"height\":133,\"caption\":\"RomaOggi\"},\"image\":{\"@id\":\"https:\\\/\\\/www.romaoggi.eu\\\/#\\\/schema\\\/logo\\\/image\\\/\"},\"sameAs\":[\"https:\\\/\\\/www.facebook.com\\\/RomaOggi-841544845954114\",\"https:\\\/\\\/x.com\\\/romaoggi_eu\"]},{\"@type\":\"Person\",\"@id\":\"https:\\\/\\\/www.romaoggi.eu\\\/#\\\/schema\\\/person\\\/718eddecf358a5c31662a66d55e182f8\",\"name\":\"Ottavio Direnzo\",\"image\":{\"@type\":\"ImageObject\",\"inLanguage\":\"it-IT\",\"@id\":\"https:\\\/\\\/secure.gravatar.com\\\/avatar\\\/4e2f0afc0db5e3a6e2e412bb20ee6cac1b797a6ac557c9aa611051f1ddcbbbda?s=96&d=mm&r=g\",\"url\":\"https:\\\/\\\/secure.gravatar.com\\\/avatar\\\/4e2f0afc0db5e3a6e2e412bb20ee6cac1b797a6ac557c9aa611051f1ddcbbbda?s=96&d=mm&r=g\",\"contentUrl\":\"https:\\\/\\\/secure.gravatar.com\\\/avatar\\\/4e2f0afc0db5e3a6e2e412bb20ee6cac1b797a6ac557c9aa611051f1ddcbbbda?s=96&d=mm&r=g\",\"caption\":\"Ottavio Direnzo\"},\"url\":\"https:\\\/\\\/www.romaoggi.eu\\\/index.php\\\/author\\\/odirenzo\\\/\"}]}<\/script>\n<!-- \/ Yoast SEO plugin. -->","yoast_head_json":{"title":"Trattati di Roma: l\u2019Europa riparte di nuovo dal Campidoglio come 60 anni fa","description":"I 27 leaders dei paesi dell'odierna Unione Europea hanno rifirmato i \"Trattati di Roma\" dopo 60 anni in Campidoglio dove il 25 marzo 1957 nacque Europa","robots":{"index":"index","follow":"follow","max-snippet":"max-snippet:-1","max-image-preview":"max-image-preview:large","max-video-preview":"max-video-preview:-1"},"canonical":"https:\/\/www.romaoggi.eu\/index.php\/2017\/03\/25\/trattati-roma-leuropa-riparte\/","og_locale":"it_IT","og_type":"article","og_title":"Trattati di Roma: l\u2019Europa riparte di nuovo dal Campidoglio come 60 anni fa","og_description":"I 27 leaders dei paesi dell'odierna Unione Europea hanno rifirmato i \"Trattati di Roma\" dopo 60 anni in Campidoglio dove il 25 marzo 1957 nacque Europa","og_url":"https:\/\/www.romaoggi.eu\/index.php\/2017\/03\/25\/trattati-roma-leuropa-riparte\/","og_site_name":"roma oggi","article_publisher":"https:\/\/www.facebook.com\/RomaOggi-841544845954114","article_published_time":"2017-03-25T14:31:44+00:00","article_modified_time":"2017-03-25T15:55:59+00:00","og_image":[{"width":919,"height":611,"url":"https:\/\/www.romaoggi.eu\/wp-content\/uploads\/2017\/03\/7690161.jpg","type":"image\/jpeg"}],"author":"Ottavio Direnzo","twitter_card":"summary_large_image","twitter_creator":"@romaoggi_eu","twitter_site":"@romaoggi_eu","twitter_misc":{"Scritto da":"Ottavio Direnzo","Tempo di lettura stimato":"3 minuti"},"schema":{"@context":"https:\/\/schema.org","@graph":[{"@type":"Article","@id":"https:\/\/www.romaoggi.eu\/index.php\/2017\/03\/25\/trattati-roma-leuropa-riparte\/#article","isPartOf":{"@id":"https:\/\/www.romaoggi.eu\/index.php\/2017\/03\/25\/trattati-roma-leuropa-riparte\/"},"author":{"name":"Ottavio Direnzo","@id":"https:\/\/www.romaoggi.eu\/#\/schema\/person\/718eddecf358a5c31662a66d55e182f8"},"headline":"Trattati di Roma: l\u2019Europa riparte di nuovo dal Campidoglio come 60 anni fa","datePublished":"2017-03-25T14:31:44+00:00","dateModified":"2017-03-25T15:55:59+00:00","mainEntityOfPage":{"@id":"https:\/\/www.romaoggi.eu\/index.php\/2017\/03\/25\/trattati-roma-leuropa-riparte\/"},"wordCount":568,"commentCount":0,"publisher":{"@id":"https:\/\/www.romaoggi.eu\/#organization"},"image":{"@id":"https:\/\/www.romaoggi.eu\/index.php\/2017\/03\/25\/trattati-roma-leuropa-riparte\/#primaryimage"},"thumbnailUrl":"https:\/\/www.romaoggi.eu\/wp-content\/uploads\/2017\/03\/7690161.jpg","keywords":["campidoglio","disoccupazione giovanile","europa","Frontiere","Immigrazione","Libera circolazione","Pari opportunit\u00e0","Povert\u00e0","Sala Orazi e Curiazi","Trattati di Roma","Unione Europea"],"articleSection":["attualit\u00e0"],"inLanguage":"it-IT","potentialAction":[{"@type":"CommentAction","name":"Comment","target":["https:\/\/www.romaoggi.eu\/index.php\/2017\/03\/25\/trattati-roma-leuropa-riparte\/#respond"]}]},{"@type":"WebPage","@id":"https:\/\/www.romaoggi.eu\/index.php\/2017\/03\/25\/trattati-roma-leuropa-riparte\/","url":"https:\/\/www.romaoggi.eu\/index.php\/2017\/03\/25\/trattati-roma-leuropa-riparte\/","name":"Trattati di Roma: l\u2019Europa riparte di nuovo dal Campidoglio come 60 anni fa","isPartOf":{"@id":"https:\/\/www.romaoggi.eu\/#website"},"primaryImageOfPage":{"@id":"https:\/\/www.romaoggi.eu\/index.php\/2017\/03\/25\/trattati-roma-leuropa-riparte\/#primaryimage"},"image":{"@id":"https:\/\/www.romaoggi.eu\/index.php\/2017\/03\/25\/trattati-roma-leuropa-riparte\/#primaryimage"},"thumbnailUrl":"https:\/\/www.romaoggi.eu\/wp-content\/uploads\/2017\/03\/7690161.jpg","datePublished":"2017-03-25T14:31:44+00:00","dateModified":"2017-03-25T15:55:59+00:00","description":"I 27 leaders dei paesi dell'odierna Unione Europea hanno rifirmato i \"Trattati di Roma\" dopo 60 anni in Campidoglio dove il 25 marzo 1957 nacque Europa","breadcrumb":{"@id":"https:\/\/www.romaoggi.eu\/index.php\/2017\/03\/25\/trattati-roma-leuropa-riparte\/#breadcrumb"},"inLanguage":"it-IT","potentialAction":[{"@type":"ReadAction","target":["https:\/\/www.romaoggi.eu\/index.php\/2017\/03\/25\/trattati-roma-leuropa-riparte\/"]}]},{"@type":"ImageObject","inLanguage":"it-IT","@id":"https:\/\/www.romaoggi.eu\/index.php\/2017\/03\/25\/trattati-roma-leuropa-riparte\/#primaryimage","url":"https:\/\/www.romaoggi.eu\/wp-content\/uploads\/2017\/03\/7690161.jpg","contentUrl":"https:\/\/www.romaoggi.eu\/wp-content\/uploads\/2017\/03\/7690161.jpg","width":919,"height":611,"caption":"Un'immagine della sala degli Orazi e Curiazi del Campidoglio dove sono stati firmati i nuovi trattati europei"},{"@type":"BreadcrumbList","@id":"https:\/\/www.romaoggi.eu\/index.php\/2017\/03\/25\/trattati-roma-leuropa-riparte\/#breadcrumb","itemListElement":[{"@type":"ListItem","position":1,"name":"Home","item":"https:\/\/www.romaoggi.eu\/"},{"@type":"ListItem","position":2,"name":"Trattati di Roma: l\u2019Europa riparte di nuovo dal Campidoglio come 60 anni fa"}]},{"@type":"WebSite","@id":"https:\/\/www.romaoggi.eu\/#website","url":"https:\/\/www.romaoggi.eu\/","name":"roma oggi","description":"Interesting News for Interesting people","publisher":{"@id":"https:\/\/www.romaoggi.eu\/#organization"},"potentialAction":[{"@type":"SearchAction","target":{"@type":"EntryPoint","urlTemplate":"https:\/\/www.romaoggi.eu\/?s={search_term_string}"},"query-input":{"@type":"PropertyValueSpecification","valueRequired":true,"valueName":"search_term_string"}}],"inLanguage":"it-IT"},{"@type":"Organization","@id":"https:\/\/www.romaoggi.eu\/#organization","name":"RomaOggi","url":"https:\/\/www.romaoggi.eu\/","logo":{"@type":"ImageObject","inLanguage":"it-IT","@id":"https:\/\/www.romaoggi.eu\/#\/schema\/logo\/image\/","url":"https:\/\/www.romaoggi.eu\/wp-content\/uploads\/2017\/04\/logowp.jpg","contentUrl":"https:\/\/www.romaoggi.eu\/wp-content\/uploads\/2017\/04\/logowp.jpg","width":300,"height":133,"caption":"RomaOggi"},"image":{"@id":"https:\/\/www.romaoggi.eu\/#\/schema\/logo\/image\/"},"sameAs":["https:\/\/www.facebook.com\/RomaOggi-841544845954114","https:\/\/x.com\/romaoggi_eu"]},{"@type":"Person","@id":"https:\/\/www.romaoggi.eu\/#\/schema\/person\/718eddecf358a5c31662a66d55e182f8","name":"Ottavio Direnzo","image":{"@type":"ImageObject","inLanguage":"it-IT","@id":"https:\/\/secure.gravatar.com\/avatar\/4e2f0afc0db5e3a6e2e412bb20ee6cac1b797a6ac557c9aa611051f1ddcbbbda?s=96&d=mm&r=g","url":"https:\/\/secure.gravatar.com\/avatar\/4e2f0afc0db5e3a6e2e412bb20ee6cac1b797a6ac557c9aa611051f1ddcbbbda?s=96&d=mm&r=g","contentUrl":"https:\/\/secure.gravatar.com\/avatar\/4e2f0afc0db5e3a6e2e412bb20ee6cac1b797a6ac557c9aa611051f1ddcbbbda?s=96&d=mm&r=g","caption":"Ottavio Direnzo"},"url":"https:\/\/www.romaoggi.eu\/index.php\/author\/odirenzo\/"}]}},"_links":{"self":[{"href":"https:\/\/www.romaoggi.eu\/index.php\/wp-json\/wp\/v2\/posts\/7155","targetHints":{"allow":["GET"]}}],"collection":[{"href":"https:\/\/www.romaoggi.eu\/index.php\/wp-json\/wp\/v2\/posts"}],"about":[{"href":"https:\/\/www.romaoggi.eu\/index.php\/wp-json\/wp\/v2\/types\/post"}],"author":[{"embeddable":true,"href":"https:\/\/www.romaoggi.eu\/index.php\/wp-json\/wp\/v2\/users\/7"}],"replies":[{"embeddable":true,"href":"https:\/\/www.romaoggi.eu\/index.php\/wp-json\/wp\/v2\/comments?post=7155"}],"version-history":[{"count":5,"href":"https:\/\/www.romaoggi.eu\/index.php\/wp-json\/wp\/v2\/posts\/7155\/revisions"}],"predecessor-version":[{"id":7164,"href":"https:\/\/www.romaoggi.eu\/index.php\/wp-json\/wp\/v2\/posts\/7155\/revisions\/7164"}],"wp:featuredmedia":[{"embeddable":true,"href":"https:\/\/www.romaoggi.eu\/index.php\/wp-json\/wp\/v2\/media\/7156"}],"wp:attachment":[{"href":"https:\/\/www.romaoggi.eu\/index.php\/wp-json\/wp\/v2\/media?parent=7155"}],"wp:term":[{"taxonomy":"category","embeddable":true,"href":"https:\/\/www.romaoggi.eu\/index.php\/wp-json\/wp\/v2\/categories?post=7155"},{"taxonomy":"post_tag","embeddable":true,"href":"https:\/\/www.romaoggi.eu\/index.php\/wp-json\/wp\/v2\/tags?post=7155"}],"curies":[{"name":"wp","href":"https:\/\/api.w.org\/{rel}","templated":true}]}}