{"id":7354,"date":"2017-04-01T11:57:36","date_gmt":"2017-04-01T09:57:36","guid":{"rendered":"http:\/\/www.romaoggi.eu\/?p=7354"},"modified":"2017-04-01T11:57:36","modified_gmt":"2017-04-01T09:57:36","slug":"pino-nazio-enigma-yara-bossetti","status":"publish","type":"post","link":"https:\/\/www.romaoggi.eu\/index.php\/2017\/04\/01\/pino-nazio-enigma-yara-bossetti\/","title":{"rendered":"Enigma Yara -Bossetti e l&#8217;accusa che viene dal passato- il libro di Pino Nazio"},"content":{"rendered":"<p style=\"text-align: left;\"><img loading=\"lazy\" decoding=\"async\" class=\"size-medium wp-image-7361 alignright\" src=\"https:\/\/www.romaoggi.eu\/wp-content\/uploads\/2017\/04\/IMG_6602-209x300.jpg\" alt=\"\" width=\"209\" height=\"300\" srcset=\"https:\/\/www.romaoggi.eu\/wp-content\/uploads\/2017\/04\/IMG_6602-209x300.jpg 209w, https:\/\/www.romaoggi.eu\/wp-content\/uploads\/2017\/04\/IMG_6602-713x1024.jpg 713w, https:\/\/www.romaoggi.eu\/wp-content\/uploads\/2017\/04\/IMG_6602.jpg 886w\" sizes=\"auto, (max-width: 209px) 100vw, 209px\" \/>Il noto volto di rai 3 <strong>Pino Nazio<\/strong>, giornalista e scrittore, il 31 marzo 2017 a Latina ha presentato il suo ultimo libro \u00a0<strong>Enigma Yara<\/strong>, <strong>Bossetti e l\u2019accusa che viene dal passato.<\/strong><\/p>\n<p style=\"text-align: justify;\">L\u2019evento <strong>\u201cAperitivo letterario\u201d<\/strong> organizzato dall\u2019 Avvocato <strong>Alessandro Paletta<\/strong> per il Movimento Forense Latina, ha visto la presenza del PM <strong>Raffaella Falcione<\/strong> che ha trattato l\u2019argomento dal punto di vista giuridico dinanzi ad una platea gremita di avvocati.<\/p>\n<p style=\"text-align: justify;\">La storia di <strong>Yara Gambirasio<\/strong>, che Venerd\u00ec 26 novembre 2010, alle 18:44 lascia da sola il Centro Sportivo di Brembate di Sopra dove si allena in <a href=\"https:\/\/it.wikipedia.org\/wiki\/Ginnastica_ritmica\">ginnastica ritmica<\/a> e che alla sua abitazione che dista 700 metri, la ragazza non vi arriver\u00e0 mai, \u00e8 un fatto di cronaca che tutti pi\u00f9 o meno conosciamo perch\u00e9 sin dall\u2019inizio ha assunto sempre pi\u00f9 connotati mediatici, ma come si dice , non importa che si conosce il finale, un bravo scrittore \u00e8 colui che riesce a catturare l\u2019attenzione del suo lettore, \u00e8 su questo Pino Nazio ha mostrato di essere una vera bella penna.<\/p>\n<figure id=\"attachment_7357\" aria-describedby=\"caption-attachment-7357\" style=\"width: 240px\" class=\"wp-caption alignleft\"><img loading=\"lazy\" decoding=\"async\" class=\"size-full wp-image-7357\" src=\"https:\/\/www.romaoggi.eu\/wp-content\/uploads\/2017\/04\/libri-pino-nazio.jpg\" alt=\"\" width=\"240\" height=\"135\" \/><figcaption id=\"caption-attachment-7357\" class=\"wp-caption-text\">Pino Nazio- pubblicazioni<\/figcaption><\/figure>\n<p style=\"text-align: justify;\">Avvincente e straordinariamente nuovo,<strong> l\u2019Enigma Yara<\/strong>, \u00e8 un libro di 185 pagine che si leggono tutto d\u2019un fiato, appassionando oltre che per una scrittura lineare e scorrevole , soprattutto perch\u00e9 per la prima volta ad essere messe a confronto sono due versioni, quella colpevolista e quella innocentista, sta a lettore appropriarsi di una propria chiave di lettura sulla base di elementi, descrizioni assolutamente dettagliate e di indizi che fanno riflettere. Sicuramente , la storia, divenuta un fatto mediatico, viene evidenziato proprio dal giornalista Nazio che dopo anni di esperienza e formazione in \u201c Chi l\u2019ha visto\u201d, riesce a trasmettere le esatte cognizioni della materia. L\u2019Innocente corpo di una tredicenne che viene ritrovato dopo tre mesi in mezzo ad una campagna, morta dopo circa 12 ore di agonia, come descrive la Pm Falcione, deceduta per il freddo oltre che dissanguata, e subito dopo , una comunit\u00e0 che viene sottoposta a prelievi, dove, mentre si cerca l\u2019orco cattivo\u201d, si apre uno scenario fatto di tradimenti, relazioni extraconiugali, di figli che scoprono verit\u00e0 sempre pi\u00f9 segrete e ignote e di padri che non riconoscono i propri figli, cela la curiosit\u00e0 di tutto un pubblico che \u00e8 ancora libero di scrivere il proprio finale.<\/p>\n<p style=\"text-align: justify;\">Lorella Iaci<\/p>\n","protected":false},"excerpt":{"rendered":"<div class=\"mh-excerpt\"><p>Il noto volto di rai 3 Pino Nazio, giornalista e scrittore, il 31 marzo 2017 a Latina ha presentato il suo ultimo libro \u00a0Enigma Yara, Bossetti e l\u2019accusa che viene dal passato. L\u2019evento \u201cAperitivo letterario\u201d <a class=\"mh-excerpt-more\" href=\"https:\/\/www.romaoggi.eu\/index.php\/2017\/04\/01\/pino-nazio-enigma-yara-bossetti\/\" title=\"Enigma Yara -Bossetti e l&#8217;accusa che viene dal passato- il libro di Pino Nazio\">[&#8230;]<\/a><\/p>\n<\/div>","protected":false},"author":8,"featured_media":7378,"comment_status":"open","ping_status":"open","sticky":false,"template":"","format":"standard","meta":{"_sitemap_exclude":false,"_sitemap_priority":"","_sitemap_frequency":"","footnotes":""},"categories":[5273],"tags":[5521,5535,5525,5524,68,5526,5288,476,5294,5527,5522,864,5384,5523],"class_list":["post-7354","post","type-post","status-publish","format-standard","has-post-thumbnail","hentry","category-oltre-roma","tag-avvocati","tag-bossetti","tag-descrizioni","tag-ginnastica-ritmica","tag-giornalista","tag-inidzi","tag-latina","tag-libro","tag-lorella-iaci","tag-mediatico","tag-movimento-forense-latina","tag-pino-nazio","tag-presentazione","tag-yara-gambirasio"],"yoast_head":"<!-- This site is optimized with the Yoast SEO plugin v27.5 - https:\/\/yoast.com\/product\/yoast-seo-wordpress\/ -->\n<title>Enigma Yara -Bossetti e l&#039;accusa che viene dal passato- il libro di Pino Nazio<\/title>\n<meta name=\"description\" content=\"Pino Nazio, giornalista e scrittore, il 31 marzo 2017 a Latina ha presentato libro Enigma Yara, Bossetti e l\u2019accusa che viene dal passato.\" \/>\n<meta name=\"robots\" content=\"index, follow, max-snippet:-1, max-image-preview:large, max-video-preview:-1\" \/>\n<link rel=\"canonical\" href=\"https:\/\/www.romaoggi.eu\/index.php\/2017\/04\/01\/pino-nazio-enigma-yara-bossetti\/\" \/>\n<meta property=\"og:locale\" content=\"it_IT\" \/>\n<meta property=\"og:type\" content=\"article\" \/>\n<meta property=\"og:title\" content=\"Enigma Yara -Bossetti e l&#039;accusa che viene dal passato- il libro di Pino Nazio\" \/>\n<meta property=\"og:description\" content=\"Pino Nazio, giornalista e scrittore, il 31 marzo 2017 a Latina ha presentato libro Enigma Yara, Bossetti e l\u2019accusa che viene dal passato.\" \/>\n<meta property=\"og:url\" content=\"https:\/\/www.romaoggi.eu\/index.php\/2017\/04\/01\/pino-nazio-enigma-yara-bossetti\/\" \/>\n<meta property=\"og:site_name\" content=\"roma oggi\" \/>\n<meta property=\"article:publisher\" content=\"https:\/\/www.facebook.com\/RomaOggi-841544845954114\" \/>\n<meta property=\"article:published_time\" content=\"2017-04-01T09:57:36+00:00\" \/>\n<meta property=\"og:image\" content=\"https:\/\/www.romaoggi.eu\/wp-content\/uploads\/2017\/04\/IMG_6602.jpg\" \/>\n\t<meta property=\"og:image:width\" content=\"886\" \/>\n\t<meta property=\"og:image:height\" content=\"1273\" \/>\n\t<meta property=\"og:image:type\" content=\"image\/jpeg\" \/>\n<meta name=\"author\" content=\"Lorella Iaci\" \/>\n<meta name=\"twitter:card\" content=\"summary_large_image\" \/>\n<meta name=\"twitter:creator\" content=\"@romaoggi_eu\" \/>\n<meta name=\"twitter:site\" content=\"@romaoggi_eu\" \/>\n<meta name=\"twitter:label1\" content=\"Scritto da\" \/>\n\t<meta name=\"twitter:data1\" content=\"Lorella Iaci\" \/>\n\t<meta name=\"twitter:label2\" content=\"Tempo di lettura stimato\" \/>\n\t<meta name=\"twitter:data2\" content=\"2 minuti\" \/>\n<script type=\"application\/ld+json\" class=\"yoast-schema-graph\">{\"@context\":\"https:\\\/\\\/schema.org\",\"@graph\":[{\"@type\":\"Article\",\"@id\":\"https:\\\/\\\/www.romaoggi.eu\\\/index.php\\\/2017\\\/04\\\/01\\\/pino-nazio-enigma-yara-bossetti\\\/#article\",\"isPartOf\":{\"@id\":\"https:\\\/\\\/www.romaoggi.eu\\\/index.php\\\/2017\\\/04\\\/01\\\/pino-nazio-enigma-yara-bossetti\\\/\"},\"author\":{\"name\":\"Lorella Iaci\",\"@id\":\"https:\\\/\\\/www.romaoggi.eu\\\/#\\\/schema\\\/person\\\/ad7b70148e60a0d338e73d0565829be4\"},\"headline\":\"Enigma Yara -Bossetti e l&#8217;accusa che viene dal passato- il libro di Pino Nazio\",\"datePublished\":\"2017-04-01T09:57:36+00:00\",\"mainEntityOfPage\":{\"@id\":\"https:\\\/\\\/www.romaoggi.eu\\\/index.php\\\/2017\\\/04\\\/01\\\/pino-nazio-enigma-yara-bossetti\\\/\"},\"wordCount\":388,\"commentCount\":0,\"publisher\":{\"@id\":\"https:\\\/\\\/www.romaoggi.eu\\\/#organization\"},\"image\":{\"@id\":\"https:\\\/\\\/www.romaoggi.eu\\\/index.php\\\/2017\\\/04\\\/01\\\/pino-nazio-enigma-yara-bossetti\\\/#primaryimage\"},\"thumbnailUrl\":\"https:\\\/\\\/www.romaoggi.eu\\\/wp-content\\\/uploads\\\/2017\\\/04\\\/17553785_10212212265532105_7963890343488721262_n.jpg\",\"keywords\":[\"Avvocati\",\"bossetti\",\"descrizioni\",\"Ginnastica ritmica\",\"giornalista\",\"inidzi\",\"latina\",\"libro\",\"Lorella iaci\",\"Mediatico\",\"Movimento forense latina\",\"pino nazio\",\"Presentazione\",\"Yara Gambirasio\"],\"articleSection\":[\"oltre Roma\"],\"inLanguage\":\"it-IT\",\"potentialAction\":[{\"@type\":\"CommentAction\",\"name\":\"Comment\",\"target\":[\"https:\\\/\\\/www.romaoggi.eu\\\/index.php\\\/2017\\\/04\\\/01\\\/pino-nazio-enigma-yara-bossetti\\\/#respond\"]}]},{\"@type\":\"WebPage\",\"@id\":\"https:\\\/\\\/www.romaoggi.eu\\\/index.php\\\/2017\\\/04\\\/01\\\/pino-nazio-enigma-yara-bossetti\\\/\",\"url\":\"https:\\\/\\\/www.romaoggi.eu\\\/index.php\\\/2017\\\/04\\\/01\\\/pino-nazio-enigma-yara-bossetti\\\/\",\"name\":\"Enigma Yara -Bossetti e l'accusa che viene dal passato- il libro di Pino Nazio\",\"isPartOf\":{\"@id\":\"https:\\\/\\\/www.romaoggi.eu\\\/#website\"},\"primaryImageOfPage\":{\"@id\":\"https:\\\/\\\/www.romaoggi.eu\\\/index.php\\\/2017\\\/04\\\/01\\\/pino-nazio-enigma-yara-bossetti\\\/#primaryimage\"},\"image\":{\"@id\":\"https:\\\/\\\/www.romaoggi.eu\\\/index.php\\\/2017\\\/04\\\/01\\\/pino-nazio-enigma-yara-bossetti\\\/#primaryimage\"},\"thumbnailUrl\":\"https:\\\/\\\/www.romaoggi.eu\\\/wp-content\\\/uploads\\\/2017\\\/04\\\/17553785_10212212265532105_7963890343488721262_n.jpg\",\"datePublished\":\"2017-04-01T09:57:36+00:00\",\"description\":\"Pino Nazio, giornalista e scrittore, il 31 marzo 2017 a Latina ha presentato libro Enigma Yara, Bossetti e l\u2019accusa che viene dal passato.\",\"breadcrumb\":{\"@id\":\"https:\\\/\\\/www.romaoggi.eu\\\/index.php\\\/2017\\\/04\\\/01\\\/pino-nazio-enigma-yara-bossetti\\\/#breadcrumb\"},\"inLanguage\":\"it-IT\",\"potentialAction\":[{\"@type\":\"ReadAction\",\"target\":[\"https:\\\/\\\/www.romaoggi.eu\\\/index.php\\\/2017\\\/04\\\/01\\\/pino-nazio-enigma-yara-bossetti\\\/\"]}]},{\"@type\":\"ImageObject\",\"inLanguage\":\"it-IT\",\"@id\":\"https:\\\/\\\/www.romaoggi.eu\\\/index.php\\\/2017\\\/04\\\/01\\\/pino-nazio-enigma-yara-bossetti\\\/#primaryimage\",\"url\":\"https:\\\/\\\/www.romaoggi.eu\\\/wp-content\\\/uploads\\\/2017\\\/04\\\/17553785_10212212265532105_7963890343488721262_n.jpg\",\"contentUrl\":\"https:\\\/\\\/www.romaoggi.eu\\\/wp-content\\\/uploads\\\/2017\\\/04\\\/17553785_10212212265532105_7963890343488721262_n.jpg\",\"width\":960,\"height\":720,\"caption\":\"al centro lo scrittore Pino Nazio\"},{\"@type\":\"BreadcrumbList\",\"@id\":\"https:\\\/\\\/www.romaoggi.eu\\\/index.php\\\/2017\\\/04\\\/01\\\/pino-nazio-enigma-yara-bossetti\\\/#breadcrumb\",\"itemListElement\":[{\"@type\":\"ListItem\",\"position\":1,\"name\":\"Home\",\"item\":\"https:\\\/\\\/www.romaoggi.eu\\\/\"},{\"@type\":\"ListItem\",\"position\":2,\"name\":\"Enigma Yara -Bossetti e l&#8217;accusa che viene dal passato- il libro di Pino Nazio\"}]},{\"@type\":\"WebSite\",\"@id\":\"https:\\\/\\\/www.romaoggi.eu\\\/#website\",\"url\":\"https:\\\/\\\/www.romaoggi.eu\\\/\",\"name\":\"roma oggi\",\"description\":\"Interesting News for Interesting people\",\"publisher\":{\"@id\":\"https:\\\/\\\/www.romaoggi.eu\\\/#organization\"},\"potentialAction\":[{\"@type\":\"SearchAction\",\"target\":{\"@type\":\"EntryPoint\",\"urlTemplate\":\"https:\\\/\\\/www.romaoggi.eu\\\/?s={search_term_string}\"},\"query-input\":{\"@type\":\"PropertyValueSpecification\",\"valueRequired\":true,\"valueName\":\"search_term_string\"}}],\"inLanguage\":\"it-IT\"},{\"@type\":\"Organization\",\"@id\":\"https:\\\/\\\/www.romaoggi.eu\\\/#organization\",\"name\":\"RomaOggi\",\"url\":\"https:\\\/\\\/www.romaoggi.eu\\\/\",\"logo\":{\"@type\":\"ImageObject\",\"inLanguage\":\"it-IT\",\"@id\":\"https:\\\/\\\/www.romaoggi.eu\\\/#\\\/schema\\\/logo\\\/image\\\/\",\"url\":\"https:\\\/\\\/www.romaoggi.eu\\\/wp-content\\\/uploads\\\/2017\\\/04\\\/logowp.jpg\",\"contentUrl\":\"https:\\\/\\\/www.romaoggi.eu\\\/wp-content\\\/uploads\\\/2017\\\/04\\\/logowp.jpg\",\"width\":300,\"height\":133,\"caption\":\"RomaOggi\"},\"image\":{\"@id\":\"https:\\\/\\\/www.romaoggi.eu\\\/#\\\/schema\\\/logo\\\/image\\\/\"},\"sameAs\":[\"https:\\\/\\\/www.facebook.com\\\/RomaOggi-841544845954114\",\"https:\\\/\\\/x.com\\\/romaoggi_eu\"]},{\"@type\":\"Person\",\"@id\":\"https:\\\/\\\/www.romaoggi.eu\\\/#\\\/schema\\\/person\\\/ad7b70148e60a0d338e73d0565829be4\",\"name\":\"Lorella Iaci\",\"image\":{\"@type\":\"ImageObject\",\"inLanguage\":\"it-IT\",\"@id\":\"https:\\\/\\\/secure.gravatar.com\\\/avatar\\\/2e8016efed3d5fbee04daf254a3494924254701903584f9c0cb2504f0cdc20eb?s=96&d=mm&r=g\",\"url\":\"https:\\\/\\\/secure.gravatar.com\\\/avatar\\\/2e8016efed3d5fbee04daf254a3494924254701903584f9c0cb2504f0cdc20eb?s=96&d=mm&r=g\",\"contentUrl\":\"https:\\\/\\\/secure.gravatar.com\\\/avatar\\\/2e8016efed3d5fbee04daf254a3494924254701903584f9c0cb2504f0cdc20eb?s=96&d=mm&r=g\",\"caption\":\"Lorella Iaci\"},\"url\":\"https:\\\/\\\/www.romaoggi.eu\\\/index.php\\\/author\\\/lorella\\\/\"}]}<\/script>\n<!-- \/ Yoast SEO plugin. -->","yoast_head_json":{"title":"Enigma Yara -Bossetti e l'accusa che viene dal passato- il libro di Pino Nazio","description":"Pino Nazio, giornalista e scrittore, il 31 marzo 2017 a Latina ha presentato libro Enigma Yara, Bossetti e l\u2019accusa che viene dal passato.","robots":{"index":"index","follow":"follow","max-snippet":"max-snippet:-1","max-image-preview":"max-image-preview:large","max-video-preview":"max-video-preview:-1"},"canonical":"https:\/\/www.romaoggi.eu\/index.php\/2017\/04\/01\/pino-nazio-enigma-yara-bossetti\/","og_locale":"it_IT","og_type":"article","og_title":"Enigma Yara -Bossetti e l'accusa che viene dal passato- il libro di Pino Nazio","og_description":"Pino Nazio, giornalista e scrittore, il 31 marzo 2017 a Latina ha presentato libro Enigma Yara, Bossetti e l\u2019accusa che viene dal passato.","og_url":"https:\/\/www.romaoggi.eu\/index.php\/2017\/04\/01\/pino-nazio-enigma-yara-bossetti\/","og_site_name":"roma oggi","article_publisher":"https:\/\/www.facebook.com\/RomaOggi-841544845954114","article_published_time":"2017-04-01T09:57:36+00:00","og_image":[{"width":886,"height":1273,"url":"https:\/\/www.romaoggi.eu\/wp-content\/uploads\/2017\/04\/IMG_6602.jpg","type":"image\/jpeg"}],"author":"Lorella Iaci","twitter_card":"summary_large_image","twitter_creator":"@romaoggi_eu","twitter_site":"@romaoggi_eu","twitter_misc":{"Scritto da":"Lorella Iaci","Tempo di lettura stimato":"2 minuti"},"schema":{"@context":"https:\/\/schema.org","@graph":[{"@type":"Article","@id":"https:\/\/www.romaoggi.eu\/index.php\/2017\/04\/01\/pino-nazio-enigma-yara-bossetti\/#article","isPartOf":{"@id":"https:\/\/www.romaoggi.eu\/index.php\/2017\/04\/01\/pino-nazio-enigma-yara-bossetti\/"},"author":{"name":"Lorella Iaci","@id":"https:\/\/www.romaoggi.eu\/#\/schema\/person\/ad7b70148e60a0d338e73d0565829be4"},"headline":"Enigma Yara -Bossetti e l&#8217;accusa che viene dal passato- il libro di Pino Nazio","datePublished":"2017-04-01T09:57:36+00:00","mainEntityOfPage":{"@id":"https:\/\/www.romaoggi.eu\/index.php\/2017\/04\/01\/pino-nazio-enigma-yara-bossetti\/"},"wordCount":388,"commentCount":0,"publisher":{"@id":"https:\/\/www.romaoggi.eu\/#organization"},"image":{"@id":"https:\/\/www.romaoggi.eu\/index.php\/2017\/04\/01\/pino-nazio-enigma-yara-bossetti\/#primaryimage"},"thumbnailUrl":"https:\/\/www.romaoggi.eu\/wp-content\/uploads\/2017\/04\/17553785_10212212265532105_7963890343488721262_n.jpg","keywords":["Avvocati","bossetti","descrizioni","Ginnastica ritmica","giornalista","inidzi","latina","libro","Lorella iaci","Mediatico","Movimento forense latina","pino nazio","Presentazione","Yara Gambirasio"],"articleSection":["oltre Roma"],"inLanguage":"it-IT","potentialAction":[{"@type":"CommentAction","name":"Comment","target":["https:\/\/www.romaoggi.eu\/index.php\/2017\/04\/01\/pino-nazio-enigma-yara-bossetti\/#respond"]}]},{"@type":"WebPage","@id":"https:\/\/www.romaoggi.eu\/index.php\/2017\/04\/01\/pino-nazio-enigma-yara-bossetti\/","url":"https:\/\/www.romaoggi.eu\/index.php\/2017\/04\/01\/pino-nazio-enigma-yara-bossetti\/","name":"Enigma Yara -Bossetti e l'accusa che viene dal passato- il libro di Pino Nazio","isPartOf":{"@id":"https:\/\/www.romaoggi.eu\/#website"},"primaryImageOfPage":{"@id":"https:\/\/www.romaoggi.eu\/index.php\/2017\/04\/01\/pino-nazio-enigma-yara-bossetti\/#primaryimage"},"image":{"@id":"https:\/\/www.romaoggi.eu\/index.php\/2017\/04\/01\/pino-nazio-enigma-yara-bossetti\/#primaryimage"},"thumbnailUrl":"https:\/\/www.romaoggi.eu\/wp-content\/uploads\/2017\/04\/17553785_10212212265532105_7963890343488721262_n.jpg","datePublished":"2017-04-01T09:57:36+00:00","description":"Pino Nazio, giornalista e scrittore, il 31 marzo 2017 a Latina ha presentato libro Enigma Yara, Bossetti e l\u2019accusa che viene dal passato.","breadcrumb":{"@id":"https:\/\/www.romaoggi.eu\/index.php\/2017\/04\/01\/pino-nazio-enigma-yara-bossetti\/#breadcrumb"},"inLanguage":"it-IT","potentialAction":[{"@type":"ReadAction","target":["https:\/\/www.romaoggi.eu\/index.php\/2017\/04\/01\/pino-nazio-enigma-yara-bossetti\/"]}]},{"@type":"ImageObject","inLanguage":"it-IT","@id":"https:\/\/www.romaoggi.eu\/index.php\/2017\/04\/01\/pino-nazio-enigma-yara-bossetti\/#primaryimage","url":"https:\/\/www.romaoggi.eu\/wp-content\/uploads\/2017\/04\/17553785_10212212265532105_7963890343488721262_n.jpg","contentUrl":"https:\/\/www.romaoggi.eu\/wp-content\/uploads\/2017\/04\/17553785_10212212265532105_7963890343488721262_n.jpg","width":960,"height":720,"caption":"al centro lo scrittore Pino Nazio"},{"@type":"BreadcrumbList","@id":"https:\/\/www.romaoggi.eu\/index.php\/2017\/04\/01\/pino-nazio-enigma-yara-bossetti\/#breadcrumb","itemListElement":[{"@type":"ListItem","position":1,"name":"Home","item":"https:\/\/www.romaoggi.eu\/"},{"@type":"ListItem","position":2,"name":"Enigma Yara -Bossetti e l&#8217;accusa che viene dal passato- il libro di Pino Nazio"}]},{"@type":"WebSite","@id":"https:\/\/www.romaoggi.eu\/#website","url":"https:\/\/www.romaoggi.eu\/","name":"roma oggi","description":"Interesting News for Interesting people","publisher":{"@id":"https:\/\/www.romaoggi.eu\/#organization"},"potentialAction":[{"@type":"SearchAction","target":{"@type":"EntryPoint","urlTemplate":"https:\/\/www.romaoggi.eu\/?s={search_term_string}"},"query-input":{"@type":"PropertyValueSpecification","valueRequired":true,"valueName":"search_term_string"}}],"inLanguage":"it-IT"},{"@type":"Organization","@id":"https:\/\/www.romaoggi.eu\/#organization","name":"RomaOggi","url":"https:\/\/www.romaoggi.eu\/","logo":{"@type":"ImageObject","inLanguage":"it-IT","@id":"https:\/\/www.romaoggi.eu\/#\/schema\/logo\/image\/","url":"https:\/\/www.romaoggi.eu\/wp-content\/uploads\/2017\/04\/logowp.jpg","contentUrl":"https:\/\/www.romaoggi.eu\/wp-content\/uploads\/2017\/04\/logowp.jpg","width":300,"height":133,"caption":"RomaOggi"},"image":{"@id":"https:\/\/www.romaoggi.eu\/#\/schema\/logo\/image\/"},"sameAs":["https:\/\/www.facebook.com\/RomaOggi-841544845954114","https:\/\/x.com\/romaoggi_eu"]},{"@type":"Person","@id":"https:\/\/www.romaoggi.eu\/#\/schema\/person\/ad7b70148e60a0d338e73d0565829be4","name":"Lorella Iaci","image":{"@type":"ImageObject","inLanguage":"it-IT","@id":"https:\/\/secure.gravatar.com\/avatar\/2e8016efed3d5fbee04daf254a3494924254701903584f9c0cb2504f0cdc20eb?s=96&d=mm&r=g","url":"https:\/\/secure.gravatar.com\/avatar\/2e8016efed3d5fbee04daf254a3494924254701903584f9c0cb2504f0cdc20eb?s=96&d=mm&r=g","contentUrl":"https:\/\/secure.gravatar.com\/avatar\/2e8016efed3d5fbee04daf254a3494924254701903584f9c0cb2504f0cdc20eb?s=96&d=mm&r=g","caption":"Lorella Iaci"},"url":"https:\/\/www.romaoggi.eu\/index.php\/author\/lorella\/"}]}},"_links":{"self":[{"href":"https:\/\/www.romaoggi.eu\/index.php\/wp-json\/wp\/v2\/posts\/7354","targetHints":{"allow":["GET"]}}],"collection":[{"href":"https:\/\/www.romaoggi.eu\/index.php\/wp-json\/wp\/v2\/posts"}],"about":[{"href":"https:\/\/www.romaoggi.eu\/index.php\/wp-json\/wp\/v2\/types\/post"}],"author":[{"embeddable":true,"href":"https:\/\/www.romaoggi.eu\/index.php\/wp-json\/wp\/v2\/users\/8"}],"replies":[{"embeddable":true,"href":"https:\/\/www.romaoggi.eu\/index.php\/wp-json\/wp\/v2\/comments?post=7354"}],"version-history":[{"count":8,"href":"https:\/\/www.romaoggi.eu\/index.php\/wp-json\/wp\/v2\/posts\/7354\/revisions"}],"predecessor-version":[{"id":7380,"href":"https:\/\/www.romaoggi.eu\/index.php\/wp-json\/wp\/v2\/posts\/7354\/revisions\/7380"}],"wp:featuredmedia":[{"embeddable":true,"href":"https:\/\/www.romaoggi.eu\/index.php\/wp-json\/wp\/v2\/media\/7378"}],"wp:attachment":[{"href":"https:\/\/www.romaoggi.eu\/index.php\/wp-json\/wp\/v2\/media?parent=7354"}],"wp:term":[{"taxonomy":"category","embeddable":true,"href":"https:\/\/www.romaoggi.eu\/index.php\/wp-json\/wp\/v2\/categories?post=7354"},{"taxonomy":"post_tag","embeddable":true,"href":"https:\/\/www.romaoggi.eu\/index.php\/wp-json\/wp\/v2\/tags?post=7354"}],"curies":[{"name":"wp","href":"https:\/\/api.w.org\/{rel}","templated":true}]}}