{"id":8630,"date":"2017-05-28T19:21:43","date_gmt":"2017-05-28T17:21:43","guid":{"rendered":"http:\/\/www.romaoggi.eu\/?p=8630"},"modified":"2017-05-28T19:21:43","modified_gmt":"2017-05-28T17:21:43","slug":"il-sogno-di-clio-al-salone-margherita","status":"publish","type":"post","link":"https:\/\/www.romaoggi.eu\/index.php\/2017\/05\/28\/il-sogno-di-clio-al-salone-margherita\/","title":{"rendered":"IL SOGNO DI CLIO debutta il 4 giugno al Salone Margherita: l&#8217;arte in tour"},"content":{"rendered":"<p style=\"text-align: justify;\"><span style=\"font-weight: 400;\">\u00a0IL <strong>SOGNO DI CLIO<\/strong> al Salone Margherita, presentazione stampa 31 maggio in teatro e debutto il 4 giugno 2017, per poi partire in tour per tutta l&#8217;estate.<\/span><\/p>\n<figure id=\"attachment_8635\" aria-describedby=\"caption-attachment-8635\" style=\"width: 300px\" class=\"wp-caption alignleft\"><img loading=\"lazy\" decoding=\"async\" class=\"size-medium wp-image-8635\" src=\"https:\/\/www.romaoggi.eu\/wp-content\/uploads\/2017\/05\/16114936_10212137571462501_4095316542577001315_n-300x200.jpg\" alt=\"\" width=\"300\" height=\"200\" srcset=\"https:\/\/www.romaoggi.eu\/wp-content\/uploads\/2017\/05\/16114936_10212137571462501_4095316542577001315_n-300x200.jpg 300w, https:\/\/www.romaoggi.eu\/wp-content\/uploads\/2017\/05\/16114936_10212137571462501_4095316542577001315_n.jpg 800w\" sizes=\"auto, (max-width: 300px) 100vw, 300px\" \/><figcaption id=\"caption-attachment-8635\" class=\"wp-caption-text\">Carmen Morello<\/figcaption><\/figure>\n<p style=\"text-align: justify;\">Cresce l&#8217;attesa per lo spettacolo teatrale <strong>IL SOGNO DI CLIO<\/strong>, confermata la presentazione stampa il 31 maggio alle ore 18.30 nel luogo deputato al suo debutto: il <a href=\"http:\/\/www.salonemargherita.com\/\">Salone Margherita<\/a> di Roma. Il Salone della Capitale \u00e8 stato \u201cadottato\u201d dalla \u201c<strong>Compagnia Teatrale\u00a0 Carmen Morello\u201d<\/strong> come teatro simbolo del lancio dell\u2019opera che \u00e8 ambientata proprio nell\u2019epoca storica in cui il Salone Margherita fu completamente ristrutturato in stile Liberty assumendo le sembianze che mantiene tutt\u2019ora.<\/p>\n<p style=\"text-align: justify;\"><img loading=\"lazy\" decoding=\"async\" class=\" wp-image-8634 alignright\" src=\"https:\/\/www.romaoggi.eu\/wp-content\/uploads\/2017\/05\/locandina-sal-margherita-completa-BASSA-DEFINIZIONE-PER-IL-WEB-150x300.jpg\" alt=\"\" width=\"205\" height=\"410\" srcset=\"https:\/\/www.romaoggi.eu\/wp-content\/uploads\/2017\/05\/locandina-sal-margherita-completa-BASSA-DEFINIZIONE-PER-IL-WEB-150x300.jpg 150w, https:\/\/www.romaoggi.eu\/wp-content\/uploads\/2017\/05\/locandina-sal-margherita-completa-BASSA-DEFINIZIONE-PER-IL-WEB-512x1024.jpg 512w, https:\/\/www.romaoggi.eu\/wp-content\/uploads\/2017\/05\/locandina-sal-margherita-completa-BASSA-DEFINIZIONE-PER-IL-WEB.jpg 756w\" sizes=\"auto, (max-width: 205px) 100vw, 205px\" \/><\/p>\n<p style=\"text-align: justify;\"><span style=\"font-weight: 400;\">L\u2019opera <strong>Il Sogno di Clio<\/strong> ideata da<strong> Carmen Morello<\/strong> e scritta\u00a0 da <strong>Gennaro Francione,<\/strong> \u00a0curata nella regia da Igor Maltagliati, proporne un cast di tanti volti noti al grande pubblico tra cui <strong>Mario Misuraca<\/strong> gi\u00e0 attore della Compagnia della Rancia, la stessa <strong>Carmen Morello<\/strong>, protagonista dell\u2019opera, che impersoner\u00e0 la musa CLIO, le due talentuose\u00a0<strong>Oriana Celentan<\/strong>o e <strong>Simona Meola<\/strong>, <strong>Roxy Colace<\/strong> nota per \u201cIl boss dei comici\u201d e per \u201cMade \u00a0in Sud\u201d che si esprimer\u00e0 in veste di cantante, la flautista <strong>Mirella Pantano<\/strong> che ha suonato ne \u201cLa Corrida\u201d \u00a0ed \u00e8 stata docente di \u201cLa flute dans la music pour Cinema\u201d, l&#8217;attore teatrale <strong>Cristiano D\u2019Alterio<\/strong> nei panni dell\u2019amante, <strong>Fabrizio Bordignon<\/strong> che si caler\u00e0 nel doppio ruolo del marito e dell\u2019amante, \u00a0e tanti tanti altri artisti. <\/span><\/p>\n<p style=\"text-align: justify;\"><span style=\"font-weight: 400;\">Di rilievo anche l\u2019attivit\u00e0 di tutto lo staff tecnico, tra cui \u00a0la \u00a0costumista e visual designer \u00a0<strong>Maristella Gulisano,<\/strong> la fotografa \u00a0<strong>Isabella Cavallaro<\/strong>, per la comunicazione di <strong>Sara Lauricella<\/strong> e \u00a0<strong>Gi\u00f2 di Giorgio,<\/strong>\u00a0 e la regia audio e luci di <strong>Fabrizio Russo.<\/strong>\u00a0<\/span><\/p>\n<p style=\"text-align: justify;\"><span style=\"font-weight: 400;\"> La tournee partir\u00e0, il 4 giugno dal Salone Margherita di Roma, ogni tappa sar\u00e0 anteceduta da un pre-show, e le prime tappe gi\u00e0 ufficiali sono:<strong> 9 e 10 giugno Latina-Teatro Moderno, 15 e 16 giugno Teatro Sperimentale di Ancona, il 30 giugno presso il Teatro Sociale di Amelia in Umbria, 8 e 9 luglio al Teatro Mancinelli di Orvieto, \u00a08 e 9 agosto Sestri Levante.<\/strong> <\/span><\/p>\n<p style=\"text-align: justify;\">Redazione<\/p>\n<p>&nbsp;<\/p>\n<p>&nbsp;<\/p>\n<p>Redazione<\/p>\n","protected":false},"excerpt":{"rendered":"<div class=\"mh-excerpt\"><p>\u00a0IL SOGNO DI CLIO al Salone Margherita, presentazione stampa 31 maggio in teatro e debutto il 4 giugno 2017, per poi partire in tour per tutta l&#8217;estate. Cresce l&#8217;attesa per lo spettacolo teatrale IL SOGNO <a class=\"mh-excerpt-more\" href=\"https:\/\/www.romaoggi.eu\/index.php\/2017\/05\/28\/il-sogno-di-clio-al-salone-margherita\/\" title=\"IL SOGNO DI CLIO debutta il 4 giugno al Salone Margherita: l&#8217;arte in tour\">[&#8230;]<\/a><\/p>\n<\/div>","protected":false},"author":3,"featured_media":8638,"comment_status":"open","ping_status":"open","sticky":false,"template":"","format":"standard","meta":{"_sitemap_exclude":false,"_sitemap_priority":"","_sitemap_frequency":"","footnotes":""},"categories":[4],"tags":[6336,6344,6345,6338,1737,6343,6337,6342,6341,6339,6335,3261,6340,6334,85,3265],"class_list":["post-8630","post","type-post","status-publish","format-standard","has-post-thumbnail","hentry","category-spettacolo","tag-carmen-morello","tag-cristiano-dalterio","tag-fabrizio-bordignon","tag-gennaro-francione","tag-gio-di-giorgio","tag-isabella-cavallaro","tag-kasanova","tag-maristella-gulisano","tag-mirella-pantano","tag-oriana-celentano","tag-salone-margherita","tag-sara-lauricella","tag-simona-meola","tag-sogno-di-clio","tag-teatro","tag-why-not"],"yoast_head":"<!-- This site is optimized with the Yoast SEO plugin v27.5 - https:\/\/yoast.com\/product\/yoast-seo-wordpress\/ -->\n<title>IL SOGNO DI CLIO debutta il 4 giugno al Salone Margherita: l&#039;arte in tour<\/title>\n<meta name=\"description\" content=\"IL SOGNO DI CLIO al Salone Margherita, debutta il 4 giugno per poi partire in tour per tutta l&#039;estate. conferenza stampa 31 maggio ore 18.30 in teatro.\" \/>\n<meta name=\"robots\" content=\"index, follow, max-snippet:-1, max-image-preview:large, max-video-preview:-1\" \/>\n<link rel=\"canonical\" href=\"https:\/\/www.romaoggi.eu\/index.php\/2017\/05\/28\/il-sogno-di-clio-al-salone-margherita\/\" \/>\n<meta property=\"og:locale\" content=\"it_IT\" \/>\n<meta property=\"og:type\" content=\"article\" \/>\n<meta property=\"og:title\" content=\"IL SOGNO DI CLIO debutta il 4 giugno al Salone Margherita: l&#039;arte in tour\" \/>\n<meta property=\"og:description\" content=\"IL SOGNO DI CLIO al Salone Margherita, debutta il 4 giugno per poi partire in tour per tutta l&#039;estate. conferenza stampa 31 maggio ore 18.30 in teatro.\" \/>\n<meta property=\"og:url\" content=\"https:\/\/www.romaoggi.eu\/index.php\/2017\/05\/28\/il-sogno-di-clio-al-salone-margherita\/\" \/>\n<meta property=\"og:site_name\" content=\"roma oggi\" \/>\n<meta property=\"article:publisher\" content=\"https:\/\/www.facebook.com\/RomaOggi-841544845954114\" \/>\n<meta property=\"article:published_time\" content=\"2017-05-28T17:21:43+00:00\" \/>\n<meta property=\"og:image\" content=\"https:\/\/www.romaoggi.eu\/wp-content\/uploads\/2017\/05\/prova.jpg\" \/>\n\t<meta property=\"og:image:width\" content=\"751\" \/>\n\t<meta property=\"og:image:height\" content=\"501\" \/>\n\t<meta property=\"og:image:type\" content=\"image\/jpeg\" \/>\n<meta name=\"author\" content=\"Antonietta Di Vizia\" \/>\n<meta name=\"twitter:card\" content=\"summary_large_image\" \/>\n<meta name=\"twitter:creator\" content=\"@romaoggi_eu\" \/>\n<meta name=\"twitter:site\" content=\"@romaoggi_eu\" \/>\n<meta name=\"twitter:label1\" content=\"Scritto da\" \/>\n\t<meta name=\"twitter:data1\" content=\"Antonietta Di Vizia\" \/>\n\t<meta name=\"twitter:label2\" content=\"Tempo di lettura stimato\" \/>\n\t<meta name=\"twitter:data2\" content=\"2 minuti\" \/>\n<script type=\"application\/ld+json\" class=\"yoast-schema-graph\">{\"@context\":\"https:\\\/\\\/schema.org\",\"@graph\":[{\"@type\":\"Article\",\"@id\":\"https:\\\/\\\/www.romaoggi.eu\\\/index.php\\\/2017\\\/05\\\/28\\\/il-sogno-di-clio-al-salone-margherita\\\/#article\",\"isPartOf\":{\"@id\":\"https:\\\/\\\/www.romaoggi.eu\\\/index.php\\\/2017\\\/05\\\/28\\\/il-sogno-di-clio-al-salone-margherita\\\/\"},\"author\":{\"name\":\"Antonietta Di Vizia\",\"@id\":\"https:\\\/\\\/www.romaoggi.eu\\\/#\\\/schema\\\/person\\\/c8ca1fb64b5506391fff5f822a866c23\"},\"headline\":\"IL SOGNO DI CLIO debutta il 4 giugno al Salone Margherita: l&#8217;arte in tour\",\"datePublished\":\"2017-05-28T17:21:43+00:00\",\"mainEntityOfPage\":{\"@id\":\"https:\\\/\\\/www.romaoggi.eu\\\/index.php\\\/2017\\\/05\\\/28\\\/il-sogno-di-clio-al-salone-margherita\\\/\"},\"wordCount\":351,\"commentCount\":0,\"publisher\":{\"@id\":\"https:\\\/\\\/www.romaoggi.eu\\\/#organization\"},\"image\":{\"@id\":\"https:\\\/\\\/www.romaoggi.eu\\\/index.php\\\/2017\\\/05\\\/28\\\/il-sogno-di-clio-al-salone-margherita\\\/#primaryimage\"},\"thumbnailUrl\":\"https:\\\/\\\/www.romaoggi.eu\\\/wp-content\\\/uploads\\\/2017\\\/05\\\/prova.jpg\",\"keywords\":[\"carmen morello\",\"Cristiano D\u2019Alterio\",\"Fabrizio Bordignon\",\"Gennaro Francione\",\"Gio Di Giorgio\",\"isabella cavallaro\",\"kasanova\",\"maristella gulisano\",\"mirella pantano\",\"Oriana Celentano\",\"salone margherita\",\"Sara Lauricella\",\"simona meola\",\"sogno di clio\",\"teatro\",\"Why Not?\"],\"articleSection\":[\"Spettacolo\"],\"inLanguage\":\"it-IT\",\"potentialAction\":[{\"@type\":\"CommentAction\",\"name\":\"Comment\",\"target\":[\"https:\\\/\\\/www.romaoggi.eu\\\/index.php\\\/2017\\\/05\\\/28\\\/il-sogno-di-clio-al-salone-margherita\\\/#respond\"]}]},{\"@type\":\"WebPage\",\"@id\":\"https:\\\/\\\/www.romaoggi.eu\\\/index.php\\\/2017\\\/05\\\/28\\\/il-sogno-di-clio-al-salone-margherita\\\/\",\"url\":\"https:\\\/\\\/www.romaoggi.eu\\\/index.php\\\/2017\\\/05\\\/28\\\/il-sogno-di-clio-al-salone-margherita\\\/\",\"name\":\"IL SOGNO DI CLIO debutta il 4 giugno al Salone Margherita: l'arte in tour\",\"isPartOf\":{\"@id\":\"https:\\\/\\\/www.romaoggi.eu\\\/#website\"},\"primaryImageOfPage\":{\"@id\":\"https:\\\/\\\/www.romaoggi.eu\\\/index.php\\\/2017\\\/05\\\/28\\\/il-sogno-di-clio-al-salone-margherita\\\/#primaryimage\"},\"image\":{\"@id\":\"https:\\\/\\\/www.romaoggi.eu\\\/index.php\\\/2017\\\/05\\\/28\\\/il-sogno-di-clio-al-salone-margherita\\\/#primaryimage\"},\"thumbnailUrl\":\"https:\\\/\\\/www.romaoggi.eu\\\/wp-content\\\/uploads\\\/2017\\\/05\\\/prova.jpg\",\"datePublished\":\"2017-05-28T17:21:43+00:00\",\"description\":\"IL SOGNO DI CLIO al Salone Margherita, debutta il 4 giugno per poi partire in tour per tutta l'estate. conferenza stampa 31 maggio ore 18.30 in teatro.\",\"breadcrumb\":{\"@id\":\"https:\\\/\\\/www.romaoggi.eu\\\/index.php\\\/2017\\\/05\\\/28\\\/il-sogno-di-clio-al-salone-margherita\\\/#breadcrumb\"},\"inLanguage\":\"it-IT\",\"potentialAction\":[{\"@type\":\"ReadAction\",\"target\":[\"https:\\\/\\\/www.romaoggi.eu\\\/index.php\\\/2017\\\/05\\\/28\\\/il-sogno-di-clio-al-salone-margherita\\\/\"]}]},{\"@type\":\"ImageObject\",\"inLanguage\":\"it-IT\",\"@id\":\"https:\\\/\\\/www.romaoggi.eu\\\/index.php\\\/2017\\\/05\\\/28\\\/il-sogno-di-clio-al-salone-margherita\\\/#primaryimage\",\"url\":\"https:\\\/\\\/www.romaoggi.eu\\\/wp-content\\\/uploads\\\/2017\\\/05\\\/prova.jpg\",\"contentUrl\":\"https:\\\/\\\/www.romaoggi.eu\\\/wp-content\\\/uploads\\\/2017\\\/05\\\/prova.jpg\",\"width\":751,\"height\":501},{\"@type\":\"BreadcrumbList\",\"@id\":\"https:\\\/\\\/www.romaoggi.eu\\\/index.php\\\/2017\\\/05\\\/28\\\/il-sogno-di-clio-al-salone-margherita\\\/#breadcrumb\",\"itemListElement\":[{\"@type\":\"ListItem\",\"position\":1,\"name\":\"Home\",\"item\":\"https:\\\/\\\/www.romaoggi.eu\\\/\"},{\"@type\":\"ListItem\",\"position\":2,\"name\":\"IL SOGNO DI CLIO debutta il 4 giugno al Salone Margherita: l&#8217;arte in tour\"}]},{\"@type\":\"WebSite\",\"@id\":\"https:\\\/\\\/www.romaoggi.eu\\\/#website\",\"url\":\"https:\\\/\\\/www.romaoggi.eu\\\/\",\"name\":\"roma oggi\",\"description\":\"Interesting News for Interesting people\",\"publisher\":{\"@id\":\"https:\\\/\\\/www.romaoggi.eu\\\/#organization\"},\"potentialAction\":[{\"@type\":\"SearchAction\",\"target\":{\"@type\":\"EntryPoint\",\"urlTemplate\":\"https:\\\/\\\/www.romaoggi.eu\\\/?s={search_term_string}\"},\"query-input\":{\"@type\":\"PropertyValueSpecification\",\"valueRequired\":true,\"valueName\":\"search_term_string\"}}],\"inLanguage\":\"it-IT\"},{\"@type\":\"Organization\",\"@id\":\"https:\\\/\\\/www.romaoggi.eu\\\/#organization\",\"name\":\"RomaOggi\",\"url\":\"https:\\\/\\\/www.romaoggi.eu\\\/\",\"logo\":{\"@type\":\"ImageObject\",\"inLanguage\":\"it-IT\",\"@id\":\"https:\\\/\\\/www.romaoggi.eu\\\/#\\\/schema\\\/logo\\\/image\\\/\",\"url\":\"https:\\\/\\\/www.romaoggi.eu\\\/wp-content\\\/uploads\\\/2017\\\/04\\\/logowp.jpg\",\"contentUrl\":\"https:\\\/\\\/www.romaoggi.eu\\\/wp-content\\\/uploads\\\/2017\\\/04\\\/logowp.jpg\",\"width\":300,\"height\":133,\"caption\":\"RomaOggi\"},\"image\":{\"@id\":\"https:\\\/\\\/www.romaoggi.eu\\\/#\\\/schema\\\/logo\\\/image\\\/\"},\"sameAs\":[\"https:\\\/\\\/www.facebook.com\\\/RomaOggi-841544845954114\",\"https:\\\/\\\/x.com\\\/romaoggi_eu\"]},{\"@type\":\"Person\",\"@id\":\"https:\\\/\\\/www.romaoggi.eu\\\/#\\\/schema\\\/person\\\/c8ca1fb64b5506391fff5f822a866c23\",\"name\":\"Antonietta Di Vizia\",\"image\":{\"@type\":\"ImageObject\",\"inLanguage\":\"it-IT\",\"@id\":\"https:\\\/\\\/secure.gravatar.com\\\/avatar\\\/2ad571aa3fbfe3089b06ed5617adf58717b9359c0c97cf9b52804fb2dac293f2?s=96&d=mm&r=g\",\"url\":\"https:\\\/\\\/secure.gravatar.com\\\/avatar\\\/2ad571aa3fbfe3089b06ed5617adf58717b9359c0c97cf9b52804fb2dac293f2?s=96&d=mm&r=g\",\"contentUrl\":\"https:\\\/\\\/secure.gravatar.com\\\/avatar\\\/2ad571aa3fbfe3089b06ed5617adf58717b9359c0c97cf9b52804fb2dac293f2?s=96&d=mm&r=g\",\"caption\":\"Antonietta Di Vizia\"},\"url\":\"https:\\\/\\\/www.romaoggi.eu\\\/index.php\\\/author\\\/antonietta\\\/\"}]}<\/script>\n<!-- \/ Yoast SEO plugin. -->","yoast_head_json":{"title":"IL SOGNO DI CLIO debutta il 4 giugno al Salone Margherita: l'arte in tour","description":"IL SOGNO DI CLIO al Salone Margherita, debutta il 4 giugno per poi partire in tour per tutta l'estate. conferenza stampa 31 maggio ore 18.30 in teatro.","robots":{"index":"index","follow":"follow","max-snippet":"max-snippet:-1","max-image-preview":"max-image-preview:large","max-video-preview":"max-video-preview:-1"},"canonical":"https:\/\/www.romaoggi.eu\/index.php\/2017\/05\/28\/il-sogno-di-clio-al-salone-margherita\/","og_locale":"it_IT","og_type":"article","og_title":"IL SOGNO DI CLIO debutta il 4 giugno al Salone Margherita: l'arte in tour","og_description":"IL SOGNO DI CLIO al Salone Margherita, debutta il 4 giugno per poi partire in tour per tutta l'estate. conferenza stampa 31 maggio ore 18.30 in teatro.","og_url":"https:\/\/www.romaoggi.eu\/index.php\/2017\/05\/28\/il-sogno-di-clio-al-salone-margherita\/","og_site_name":"roma oggi","article_publisher":"https:\/\/www.facebook.com\/RomaOggi-841544845954114","article_published_time":"2017-05-28T17:21:43+00:00","og_image":[{"width":751,"height":501,"url":"https:\/\/www.romaoggi.eu\/wp-content\/uploads\/2017\/05\/prova.jpg","type":"image\/jpeg"}],"author":"Antonietta Di Vizia","twitter_card":"summary_large_image","twitter_creator":"@romaoggi_eu","twitter_site":"@romaoggi_eu","twitter_misc":{"Scritto da":"Antonietta Di Vizia","Tempo di lettura stimato":"2 minuti"},"schema":{"@context":"https:\/\/schema.org","@graph":[{"@type":"Article","@id":"https:\/\/www.romaoggi.eu\/index.php\/2017\/05\/28\/il-sogno-di-clio-al-salone-margherita\/#article","isPartOf":{"@id":"https:\/\/www.romaoggi.eu\/index.php\/2017\/05\/28\/il-sogno-di-clio-al-salone-margherita\/"},"author":{"name":"Antonietta Di Vizia","@id":"https:\/\/www.romaoggi.eu\/#\/schema\/person\/c8ca1fb64b5506391fff5f822a866c23"},"headline":"IL SOGNO DI CLIO debutta il 4 giugno al Salone Margherita: l&#8217;arte in tour","datePublished":"2017-05-28T17:21:43+00:00","mainEntityOfPage":{"@id":"https:\/\/www.romaoggi.eu\/index.php\/2017\/05\/28\/il-sogno-di-clio-al-salone-margherita\/"},"wordCount":351,"commentCount":0,"publisher":{"@id":"https:\/\/www.romaoggi.eu\/#organization"},"image":{"@id":"https:\/\/www.romaoggi.eu\/index.php\/2017\/05\/28\/il-sogno-di-clio-al-salone-margherita\/#primaryimage"},"thumbnailUrl":"https:\/\/www.romaoggi.eu\/wp-content\/uploads\/2017\/05\/prova.jpg","keywords":["carmen morello","Cristiano D\u2019Alterio","Fabrizio Bordignon","Gennaro Francione","Gio Di Giorgio","isabella cavallaro","kasanova","maristella gulisano","mirella pantano","Oriana Celentano","salone margherita","Sara Lauricella","simona meola","sogno di clio","teatro","Why Not?"],"articleSection":["Spettacolo"],"inLanguage":"it-IT","potentialAction":[{"@type":"CommentAction","name":"Comment","target":["https:\/\/www.romaoggi.eu\/index.php\/2017\/05\/28\/il-sogno-di-clio-al-salone-margherita\/#respond"]}]},{"@type":"WebPage","@id":"https:\/\/www.romaoggi.eu\/index.php\/2017\/05\/28\/il-sogno-di-clio-al-salone-margherita\/","url":"https:\/\/www.romaoggi.eu\/index.php\/2017\/05\/28\/il-sogno-di-clio-al-salone-margherita\/","name":"IL SOGNO DI CLIO debutta il 4 giugno al Salone Margherita: l'arte in tour","isPartOf":{"@id":"https:\/\/www.romaoggi.eu\/#website"},"primaryImageOfPage":{"@id":"https:\/\/www.romaoggi.eu\/index.php\/2017\/05\/28\/il-sogno-di-clio-al-salone-margherita\/#primaryimage"},"image":{"@id":"https:\/\/www.romaoggi.eu\/index.php\/2017\/05\/28\/il-sogno-di-clio-al-salone-margherita\/#primaryimage"},"thumbnailUrl":"https:\/\/www.romaoggi.eu\/wp-content\/uploads\/2017\/05\/prova.jpg","datePublished":"2017-05-28T17:21:43+00:00","description":"IL SOGNO DI CLIO al Salone Margherita, debutta il 4 giugno per poi partire in tour per tutta l'estate. conferenza stampa 31 maggio ore 18.30 in teatro.","breadcrumb":{"@id":"https:\/\/www.romaoggi.eu\/index.php\/2017\/05\/28\/il-sogno-di-clio-al-salone-margherita\/#breadcrumb"},"inLanguage":"it-IT","potentialAction":[{"@type":"ReadAction","target":["https:\/\/www.romaoggi.eu\/index.php\/2017\/05\/28\/il-sogno-di-clio-al-salone-margherita\/"]}]},{"@type":"ImageObject","inLanguage":"it-IT","@id":"https:\/\/www.romaoggi.eu\/index.php\/2017\/05\/28\/il-sogno-di-clio-al-salone-margherita\/#primaryimage","url":"https:\/\/www.romaoggi.eu\/wp-content\/uploads\/2017\/05\/prova.jpg","contentUrl":"https:\/\/www.romaoggi.eu\/wp-content\/uploads\/2017\/05\/prova.jpg","width":751,"height":501},{"@type":"BreadcrumbList","@id":"https:\/\/www.romaoggi.eu\/index.php\/2017\/05\/28\/il-sogno-di-clio-al-salone-margherita\/#breadcrumb","itemListElement":[{"@type":"ListItem","position":1,"name":"Home","item":"https:\/\/www.romaoggi.eu\/"},{"@type":"ListItem","position":2,"name":"IL SOGNO DI CLIO debutta il 4 giugno al Salone Margherita: l&#8217;arte in tour"}]},{"@type":"WebSite","@id":"https:\/\/www.romaoggi.eu\/#website","url":"https:\/\/www.romaoggi.eu\/","name":"roma oggi","description":"Interesting News for Interesting people","publisher":{"@id":"https:\/\/www.romaoggi.eu\/#organization"},"potentialAction":[{"@type":"SearchAction","target":{"@type":"EntryPoint","urlTemplate":"https:\/\/www.romaoggi.eu\/?s={search_term_string}"},"query-input":{"@type":"PropertyValueSpecification","valueRequired":true,"valueName":"search_term_string"}}],"inLanguage":"it-IT"},{"@type":"Organization","@id":"https:\/\/www.romaoggi.eu\/#organization","name":"RomaOggi","url":"https:\/\/www.romaoggi.eu\/","logo":{"@type":"ImageObject","inLanguage":"it-IT","@id":"https:\/\/www.romaoggi.eu\/#\/schema\/logo\/image\/","url":"https:\/\/www.romaoggi.eu\/wp-content\/uploads\/2017\/04\/logowp.jpg","contentUrl":"https:\/\/www.romaoggi.eu\/wp-content\/uploads\/2017\/04\/logowp.jpg","width":300,"height":133,"caption":"RomaOggi"},"image":{"@id":"https:\/\/www.romaoggi.eu\/#\/schema\/logo\/image\/"},"sameAs":["https:\/\/www.facebook.com\/RomaOggi-841544845954114","https:\/\/x.com\/romaoggi_eu"]},{"@type":"Person","@id":"https:\/\/www.romaoggi.eu\/#\/schema\/person\/c8ca1fb64b5506391fff5f822a866c23","name":"Antonietta Di Vizia","image":{"@type":"ImageObject","inLanguage":"it-IT","@id":"https:\/\/secure.gravatar.com\/avatar\/2ad571aa3fbfe3089b06ed5617adf58717b9359c0c97cf9b52804fb2dac293f2?s=96&d=mm&r=g","url":"https:\/\/secure.gravatar.com\/avatar\/2ad571aa3fbfe3089b06ed5617adf58717b9359c0c97cf9b52804fb2dac293f2?s=96&d=mm&r=g","contentUrl":"https:\/\/secure.gravatar.com\/avatar\/2ad571aa3fbfe3089b06ed5617adf58717b9359c0c97cf9b52804fb2dac293f2?s=96&d=mm&r=g","caption":"Antonietta Di Vizia"},"url":"https:\/\/www.romaoggi.eu\/index.php\/author\/antonietta\/"}]}},"_links":{"self":[{"href":"https:\/\/www.romaoggi.eu\/index.php\/wp-json\/wp\/v2\/posts\/8630","targetHints":{"allow":["GET"]}}],"collection":[{"href":"https:\/\/www.romaoggi.eu\/index.php\/wp-json\/wp\/v2\/posts"}],"about":[{"href":"https:\/\/www.romaoggi.eu\/index.php\/wp-json\/wp\/v2\/types\/post"}],"author":[{"embeddable":true,"href":"https:\/\/www.romaoggi.eu\/index.php\/wp-json\/wp\/v2\/users\/3"}],"replies":[{"embeddable":true,"href":"https:\/\/www.romaoggi.eu\/index.php\/wp-json\/wp\/v2\/comments?post=8630"}],"version-history":[{"count":5,"href":"https:\/\/www.romaoggi.eu\/index.php\/wp-json\/wp\/v2\/posts\/8630\/revisions"}],"predecessor-version":[{"id":8639,"href":"https:\/\/www.romaoggi.eu\/index.php\/wp-json\/wp\/v2\/posts\/8630\/revisions\/8639"}],"wp:featuredmedia":[{"embeddable":true,"href":"https:\/\/www.romaoggi.eu\/index.php\/wp-json\/wp\/v2\/media\/8638"}],"wp:attachment":[{"href":"https:\/\/www.romaoggi.eu\/index.php\/wp-json\/wp\/v2\/media?parent=8630"}],"wp:term":[{"taxonomy":"category","embeddable":true,"href":"https:\/\/www.romaoggi.eu\/index.php\/wp-json\/wp\/v2\/categories?post=8630"},{"taxonomy":"post_tag","embeddable":true,"href":"https:\/\/www.romaoggi.eu\/index.php\/wp-json\/wp\/v2\/tags?post=8630"}],"curies":[{"name":"wp","href":"https:\/\/api.w.org\/{rel}","templated":true}]}}