{"id":8966,"date":"2017-06-20T09:57:47","date_gmt":"2017-06-20T07:57:47","guid":{"rendered":"http:\/\/www.romaoggi.eu\/?p=8966"},"modified":"2017-06-20T09:57:47","modified_gmt":"2017-06-20T07:57:47","slug":"festa-della-musica-roma-youth-string-orchestra","status":"publish","type":"post","link":"https:\/\/www.romaoggi.eu\/index.php\/2017\/06\/20\/festa-della-musica-roma-youth-string-orchestra\/","title":{"rendered":"La Festa della musica il 21 giugno con la Roma Youth String Orchestra"},"content":{"rendered":"<p><b>La Roma Youth String Orchestra in concerto al Teatro di Villa Torlonia <\/b><\/p>\n<p style=\"text-align: justify;\"><span style=\"font-weight: 400;\">Anche quest&#8217;anno, si celebra nel giorno del solstizio d\u2019estate, il <strong>21 giugno<\/strong>, la <\/span><a href=\"http:\/\/www.festadellamusica.beniculturali.it\/\"><b>festa della musica<\/b><\/a><span style=\"font-weight: 400;\">, uno degli appuntamenti annuali pi\u00f9 importanti di cultura e spettacolo in Europa. Nata in Francia nel 1982, la manifestazione ha assunto dal 1995 un carattere internazionale e si svolge contemporaneamente in tutte le principali citt\u00e0 europee. Tra gli eventi organizzati a Roma, da rilevare il concerto della <\/span><b>Roma Youth String Orchestra<\/b><span style=\"font-weight: 400;\"> nello splendido <\/span><a href=\"http:\/\/www.teatrodivillatorlonia.it\"><b>Teatro Villa Torlonia<\/b><\/a><span style=\"font-weight: 400;\">.<\/span><\/p>\n<p><img loading=\"lazy\" decoding=\"async\" class=\"size-medium wp-image-8970 alignleft\" src=\"https:\/\/www.romaoggi.eu\/wp-content\/uploads\/2017\/06\/MG_8050-300x200.jpg\" alt=\"\" width=\"300\" height=\"200\" srcset=\"https:\/\/www.romaoggi.eu\/wp-content\/uploads\/2017\/06\/MG_8050-300x200.jpg 300w, https:\/\/www.romaoggi.eu\/wp-content\/uploads\/2017\/06\/MG_8050-1024x683.jpg 1024w\" sizes=\"auto, (max-width: 300px) 100vw, 300px\" \/><\/p>\n<p style=\"text-align: justify;\"><span style=\"font-weight: 400;\">In poco pi\u00f9 di due anni, i giovani strumentisti di questa formazione orchestrale, hanno raggiunto importanti traguardi, vincendo concorsi ed esibendosi in luoghi prestigiosi; soprattutto hanno dato prova che realizzare un sogno, il loro sogno di diventare un\u2019orchestra di professionisti in erba. I giovani talenti saranno diretti dal Maestro <\/span><b>Alberto Vitolo<\/b><span style=\"font-weight: 400;\">, e dal Contralto <\/span><b>Tiziana Pizzi<\/b><span style=\"font-weight: 400;\">, per il coro polifonico.<\/span><\/p>\n<p style=\"text-align: justify;\"><span style=\"font-weight: 400;\">I brani proposti in questo evento, sono un ben delineato percorso nelle differenti sonorit\u00e0 dell\u2019epoca barocca, espressione di modi differenti di fare musica dei grandi Maestri vissuti tra la fine del Seicento e la met\u00e0 del Settecento, accomunati dalla ricerca dello stile applicata alla musica strumentale. A loro va riconosciuto il titolo di grandi innovatori delle forme che affrontarono, bench\u00e9 abbiano operato in ambiti di corte costretti dalla tradizione.<\/span><\/p>\n<p style=\"text-align: justify;\"><span style=\"font-weight: 400;\">Ma la <\/span><b>Roma Youth String Orchestra<\/b><span style=\"font-weight: 400;\"> non \u00e8 solo l\u2019impegno di un gruppo di giovani per l\u2019arte e la cultura: grinta, umilt\u00e0 e gioia di suonare insieme sono i valori pi\u00f9 grandi che vuole trasmettere al pubblico, perch\u00e9 la musica fatta insieme \u00e8 la metafora della vita ed il valore di ci\u00f2 che restituisce \u00e8 inestimabile.<\/span><\/p>\n<h5><\/h5>\n<h5><b>ROMA YOUTH STRING ORCHESTRA<\/b><\/h5>\n<h5><b>Violini primi:\u00a0<\/b><span style=\"font-weight: 400;\">Irene Licastro, Ludovica Mastrostefano, Silvia Innocenzi, Caterina Savini, Gabriel Quaglietta, Chiara Politano;\u00a0<\/span><b>violini secondi:\u00a0<\/b><span style=\"font-weight: 400;\">Emanuele Marinelli, Emilia Nigro, \u00a0 Edoardo Rauco, \u00a0 Viola De Carli, \u00a0 Martina Bedini;\u00a0<\/span><b>viole:<\/b><span style=\"font-weight: 400;\">Francesca Sofia, \u00a0 Giovanni Nigro, \u00a0 Carolina Scarpa;\u00a0<\/span><b>violoncelli:\u00a0<\/b><span style=\"font-weight: 400;\">Giulio Scialpi, \u00a0 Piero Liuzzi , \u00a0Andrea Giancola, \u00a0Ramona Marzullo;\u00a0<\/span><b>cembalo\/organo\u00a0<\/b><span style=\"font-weight: 400;\">Valerio Tesoro,\u00a0<\/span><i><span style=\"font-weight: 400;\">Contralto,\u00a0<\/span><\/i><span style=\"font-weight: 400;\">Tiziana Pizzi.\u00a0<\/span><strong><i>Direttore e Maestro Concertatore,\u00a0<\/i>Alberto Vitolo\u00a0<\/strong><\/h5>\n<p>&nbsp;<\/p>\n<p><strong>Federica Pansadoro<\/strong><\/p>\n","protected":false},"excerpt":{"rendered":"<div class=\"mh-excerpt\"><p>La Roma Youth String Orchestra in concerto al Teatro di Villa Torlonia Anche quest&#8217;anno, si celebra nel giorno del solstizio d\u2019estate, il 21 giugno, la festa della musica, uno degli appuntamenti annuali pi\u00f9 importanti di <a class=\"mh-excerpt-more\" href=\"https:\/\/www.romaoggi.eu\/index.php\/2017\/06\/20\/festa-della-musica-roma-youth-string-orchestra\/\" title=\"La Festa della musica il 21 giugno con la Roma Youth String Orchestra\">[&#8230;]<\/a><\/p>\n<\/div>","protected":false},"author":3,"featured_media":8969,"comment_status":"open","ping_status":"open","sticky":false,"template":"","format":"standard","meta":{"_sitemap_exclude":false,"_sitemap_priority":"","_sitemap_frequency":"","footnotes":""},"categories":[2715],"tags":[6577,6578,2351,2632,6581,4505,109,6576,6579,6580],"class_list":["post-8966","post","type-post","status-publish","format-standard","has-post-thumbnail","hentry","category-musica","tag-21-giugno","tag-alberto-vitolo","tag-federica-pansadoro","tag-festa-della-musica","tag-giovani-talenti","tag-orchestra","tag-roma","tag-roma-youth-string-orchestra","tag-teatro-di-villa-torlonia","tag-tiziana-pizzi"],"yoast_head":"<!-- This site is optimized with the Yoast SEO plugin v27.5 - https:\/\/yoast.com\/product\/yoast-seo-wordpress\/ -->\n<title>La Festa della musica il 21 giugno con la Roma Youth String Orchestra<\/title>\n<meta name=\"description\" content=\"La Roma Youth String Orchestra in concerto al Teatro Villa Torlonia, il 21 giugno,per la festa della musica, giovani talenti diretti da M\u00b0 Alberto Vitolo.\" \/>\n<meta name=\"robots\" content=\"index, follow, max-snippet:-1, max-image-preview:large, max-video-preview:-1\" \/>\n<link rel=\"canonical\" href=\"https:\/\/www.romaoggi.eu\/index.php\/2017\/06\/20\/festa-della-musica-roma-youth-string-orchestra\/\" \/>\n<meta property=\"og:locale\" content=\"it_IT\" \/>\n<meta property=\"og:type\" content=\"article\" \/>\n<meta property=\"og:title\" content=\"La Festa della musica il 21 giugno con la Roma Youth String Orchestra\" \/>\n<meta property=\"og:description\" content=\"La Roma Youth String Orchestra in concerto al Teatro Villa Torlonia, il 21 giugno,per la festa della musica, giovani talenti diretti da M\u00b0 Alberto Vitolo.\" \/>\n<meta property=\"og:url\" content=\"https:\/\/www.romaoggi.eu\/index.php\/2017\/06\/20\/festa-della-musica-roma-youth-string-orchestra\/\" \/>\n<meta property=\"og:site_name\" content=\"roma oggi\" \/>\n<meta property=\"article:publisher\" content=\"https:\/\/www.facebook.com\/RomaOggi-841544845954114\" \/>\n<meta property=\"article:published_time\" content=\"2017-06-20T07:57:47+00:00\" \/>\n<meta property=\"og:image\" content=\"https:\/\/www.romaoggi.eu\/wp-content\/uploads\/2017\/06\/Immagine-642x336.jpg\" \/>\n\t<meta property=\"og:image:width\" content=\"642\" \/>\n\t<meta property=\"og:image:height\" content=\"336\" \/>\n\t<meta property=\"og:image:type\" content=\"image\/jpeg\" \/>\n<meta name=\"author\" content=\"Antonietta Di Vizia\" \/>\n<meta name=\"twitter:card\" content=\"summary_large_image\" \/>\n<meta name=\"twitter:creator\" content=\"@romaoggi_eu\" \/>\n<meta name=\"twitter:site\" content=\"@romaoggi_eu\" \/>\n<meta name=\"twitter:label1\" content=\"Scritto da\" \/>\n\t<meta name=\"twitter:data1\" content=\"Antonietta Di Vizia\" \/>\n\t<meta name=\"twitter:label2\" content=\"Tempo di lettura stimato\" \/>\n\t<meta name=\"twitter:data2\" content=\"2 minuti\" \/>\n<script type=\"application\/ld+json\" class=\"yoast-schema-graph\">{\"@context\":\"https:\\\/\\\/schema.org\",\"@graph\":[{\"@type\":\"Article\",\"@id\":\"https:\\\/\\\/www.romaoggi.eu\\\/index.php\\\/2017\\\/06\\\/20\\\/festa-della-musica-roma-youth-string-orchestra\\\/#article\",\"isPartOf\":{\"@id\":\"https:\\\/\\\/www.romaoggi.eu\\\/index.php\\\/2017\\\/06\\\/20\\\/festa-della-musica-roma-youth-string-orchestra\\\/\"},\"author\":{\"name\":\"Antonietta Di Vizia\",\"@id\":\"https:\\\/\\\/www.romaoggi.eu\\\/#\\\/schema\\\/person\\\/c8ca1fb64b5506391fff5f822a866c23\"},\"headline\":\"La Festa della musica il 21 giugno con la Roma Youth String Orchestra\",\"datePublished\":\"2017-06-20T07:57:47+00:00\",\"mainEntityOfPage\":{\"@id\":\"https:\\\/\\\/www.romaoggi.eu\\\/index.php\\\/2017\\\/06\\\/20\\\/festa-della-musica-roma-youth-string-orchestra\\\/\"},\"wordCount\":344,\"commentCount\":0,\"publisher\":{\"@id\":\"https:\\\/\\\/www.romaoggi.eu\\\/#organization\"},\"image\":{\"@id\":\"https:\\\/\\\/www.romaoggi.eu\\\/index.php\\\/2017\\\/06\\\/20\\\/festa-della-musica-roma-youth-string-orchestra\\\/#primaryimage\"},\"thumbnailUrl\":\"https:\\\/\\\/www.romaoggi.eu\\\/wp-content\\\/uploads\\\/2017\\\/06\\\/Immagine-642x336.jpg\",\"keywords\":[\"21 giugno\",\"Alberto Vitolo\",\"Federica Pansadoro\",\"Festa della musica\",\"giovani talenti\",\"orchestra\",\"roma\",\"Roma Youth String Orchestra\",\"teatro di villa torlonia\",\"tiziana pizzi\"],\"articleSection\":[\"musica\"],\"inLanguage\":\"it-IT\",\"potentialAction\":[{\"@type\":\"CommentAction\",\"name\":\"Comment\",\"target\":[\"https:\\\/\\\/www.romaoggi.eu\\\/index.php\\\/2017\\\/06\\\/20\\\/festa-della-musica-roma-youth-string-orchestra\\\/#respond\"]}]},{\"@type\":\"WebPage\",\"@id\":\"https:\\\/\\\/www.romaoggi.eu\\\/index.php\\\/2017\\\/06\\\/20\\\/festa-della-musica-roma-youth-string-orchestra\\\/\",\"url\":\"https:\\\/\\\/www.romaoggi.eu\\\/index.php\\\/2017\\\/06\\\/20\\\/festa-della-musica-roma-youth-string-orchestra\\\/\",\"name\":\"La Festa della musica il 21 giugno con la Roma Youth String Orchestra\",\"isPartOf\":{\"@id\":\"https:\\\/\\\/www.romaoggi.eu\\\/#website\"},\"primaryImageOfPage\":{\"@id\":\"https:\\\/\\\/www.romaoggi.eu\\\/index.php\\\/2017\\\/06\\\/20\\\/festa-della-musica-roma-youth-string-orchestra\\\/#primaryimage\"},\"image\":{\"@id\":\"https:\\\/\\\/www.romaoggi.eu\\\/index.php\\\/2017\\\/06\\\/20\\\/festa-della-musica-roma-youth-string-orchestra\\\/#primaryimage\"},\"thumbnailUrl\":\"https:\\\/\\\/www.romaoggi.eu\\\/wp-content\\\/uploads\\\/2017\\\/06\\\/Immagine-642x336.jpg\",\"datePublished\":\"2017-06-20T07:57:47+00:00\",\"description\":\"La Roma Youth String Orchestra in concerto al Teatro Villa Torlonia, il 21 giugno,per la festa della musica, giovani talenti diretti da M\u00b0 Alberto Vitolo.\",\"breadcrumb\":{\"@id\":\"https:\\\/\\\/www.romaoggi.eu\\\/index.php\\\/2017\\\/06\\\/20\\\/festa-della-musica-roma-youth-string-orchestra\\\/#breadcrumb\"},\"inLanguage\":\"it-IT\",\"potentialAction\":[{\"@type\":\"ReadAction\",\"target\":[\"https:\\\/\\\/www.romaoggi.eu\\\/index.php\\\/2017\\\/06\\\/20\\\/festa-della-musica-roma-youth-string-orchestra\\\/\"]}]},{\"@type\":\"ImageObject\",\"inLanguage\":\"it-IT\",\"@id\":\"https:\\\/\\\/www.romaoggi.eu\\\/index.php\\\/2017\\\/06\\\/20\\\/festa-della-musica-roma-youth-string-orchestra\\\/#primaryimage\",\"url\":\"https:\\\/\\\/www.romaoggi.eu\\\/wp-content\\\/uploads\\\/2017\\\/06\\\/Immagine-642x336.jpg\",\"contentUrl\":\"https:\\\/\\\/www.romaoggi.eu\\\/wp-content\\\/uploads\\\/2017\\\/06\\\/Immagine-642x336.jpg\",\"width\":642,\"height\":336},{\"@type\":\"BreadcrumbList\",\"@id\":\"https:\\\/\\\/www.romaoggi.eu\\\/index.php\\\/2017\\\/06\\\/20\\\/festa-della-musica-roma-youth-string-orchestra\\\/#breadcrumb\",\"itemListElement\":[{\"@type\":\"ListItem\",\"position\":1,\"name\":\"Home\",\"item\":\"https:\\\/\\\/www.romaoggi.eu\\\/\"},{\"@type\":\"ListItem\",\"position\":2,\"name\":\"La Festa della musica il 21 giugno con la Roma Youth String Orchestra\"}]},{\"@type\":\"WebSite\",\"@id\":\"https:\\\/\\\/www.romaoggi.eu\\\/#website\",\"url\":\"https:\\\/\\\/www.romaoggi.eu\\\/\",\"name\":\"roma oggi\",\"description\":\"Interesting News for Interesting people\",\"publisher\":{\"@id\":\"https:\\\/\\\/www.romaoggi.eu\\\/#organization\"},\"potentialAction\":[{\"@type\":\"SearchAction\",\"target\":{\"@type\":\"EntryPoint\",\"urlTemplate\":\"https:\\\/\\\/www.romaoggi.eu\\\/?s={search_term_string}\"},\"query-input\":{\"@type\":\"PropertyValueSpecification\",\"valueRequired\":true,\"valueName\":\"search_term_string\"}}],\"inLanguage\":\"it-IT\"},{\"@type\":\"Organization\",\"@id\":\"https:\\\/\\\/www.romaoggi.eu\\\/#organization\",\"name\":\"RomaOggi\",\"url\":\"https:\\\/\\\/www.romaoggi.eu\\\/\",\"logo\":{\"@type\":\"ImageObject\",\"inLanguage\":\"it-IT\",\"@id\":\"https:\\\/\\\/www.romaoggi.eu\\\/#\\\/schema\\\/logo\\\/image\\\/\",\"url\":\"https:\\\/\\\/www.romaoggi.eu\\\/wp-content\\\/uploads\\\/2017\\\/04\\\/logowp.jpg\",\"contentUrl\":\"https:\\\/\\\/www.romaoggi.eu\\\/wp-content\\\/uploads\\\/2017\\\/04\\\/logowp.jpg\",\"width\":300,\"height\":133,\"caption\":\"RomaOggi\"},\"image\":{\"@id\":\"https:\\\/\\\/www.romaoggi.eu\\\/#\\\/schema\\\/logo\\\/image\\\/\"},\"sameAs\":[\"https:\\\/\\\/www.facebook.com\\\/RomaOggi-841544845954114\",\"https:\\\/\\\/x.com\\\/romaoggi_eu\"]},{\"@type\":\"Person\",\"@id\":\"https:\\\/\\\/www.romaoggi.eu\\\/#\\\/schema\\\/person\\\/c8ca1fb64b5506391fff5f822a866c23\",\"name\":\"Antonietta Di Vizia\",\"image\":{\"@type\":\"ImageObject\",\"inLanguage\":\"it-IT\",\"@id\":\"https:\\\/\\\/secure.gravatar.com\\\/avatar\\\/2ad571aa3fbfe3089b06ed5617adf58717b9359c0c97cf9b52804fb2dac293f2?s=96&d=mm&r=g\",\"url\":\"https:\\\/\\\/secure.gravatar.com\\\/avatar\\\/2ad571aa3fbfe3089b06ed5617adf58717b9359c0c97cf9b52804fb2dac293f2?s=96&d=mm&r=g\",\"contentUrl\":\"https:\\\/\\\/secure.gravatar.com\\\/avatar\\\/2ad571aa3fbfe3089b06ed5617adf58717b9359c0c97cf9b52804fb2dac293f2?s=96&d=mm&r=g\",\"caption\":\"Antonietta Di Vizia\"},\"url\":\"https:\\\/\\\/www.romaoggi.eu\\\/index.php\\\/author\\\/antonietta\\\/\"}]}<\/script>\n<!-- \/ Yoast SEO plugin. -->","yoast_head_json":{"title":"La Festa della musica il 21 giugno con la Roma Youth String Orchestra","description":"La Roma Youth String Orchestra in concerto al Teatro Villa Torlonia, il 21 giugno,per la festa della musica, giovani talenti diretti da M\u00b0 Alberto Vitolo.","robots":{"index":"index","follow":"follow","max-snippet":"max-snippet:-1","max-image-preview":"max-image-preview:large","max-video-preview":"max-video-preview:-1"},"canonical":"https:\/\/www.romaoggi.eu\/index.php\/2017\/06\/20\/festa-della-musica-roma-youth-string-orchestra\/","og_locale":"it_IT","og_type":"article","og_title":"La Festa della musica il 21 giugno con la Roma Youth String Orchestra","og_description":"La Roma Youth String Orchestra in concerto al Teatro Villa Torlonia, il 21 giugno,per la festa della musica, giovani talenti diretti da M\u00b0 Alberto Vitolo.","og_url":"https:\/\/www.romaoggi.eu\/index.php\/2017\/06\/20\/festa-della-musica-roma-youth-string-orchestra\/","og_site_name":"roma oggi","article_publisher":"https:\/\/www.facebook.com\/RomaOggi-841544845954114","article_published_time":"2017-06-20T07:57:47+00:00","og_image":[{"width":642,"height":336,"url":"https:\/\/www.romaoggi.eu\/wp-content\/uploads\/2017\/06\/Immagine-642x336.jpg","type":"image\/jpeg"}],"author":"Antonietta Di Vizia","twitter_card":"summary_large_image","twitter_creator":"@romaoggi_eu","twitter_site":"@romaoggi_eu","twitter_misc":{"Scritto da":"Antonietta Di Vizia","Tempo di lettura stimato":"2 minuti"},"schema":{"@context":"https:\/\/schema.org","@graph":[{"@type":"Article","@id":"https:\/\/www.romaoggi.eu\/index.php\/2017\/06\/20\/festa-della-musica-roma-youth-string-orchestra\/#article","isPartOf":{"@id":"https:\/\/www.romaoggi.eu\/index.php\/2017\/06\/20\/festa-della-musica-roma-youth-string-orchestra\/"},"author":{"name":"Antonietta Di Vizia","@id":"https:\/\/www.romaoggi.eu\/#\/schema\/person\/c8ca1fb64b5506391fff5f822a866c23"},"headline":"La Festa della musica il 21 giugno con la Roma Youth String Orchestra","datePublished":"2017-06-20T07:57:47+00:00","mainEntityOfPage":{"@id":"https:\/\/www.romaoggi.eu\/index.php\/2017\/06\/20\/festa-della-musica-roma-youth-string-orchestra\/"},"wordCount":344,"commentCount":0,"publisher":{"@id":"https:\/\/www.romaoggi.eu\/#organization"},"image":{"@id":"https:\/\/www.romaoggi.eu\/index.php\/2017\/06\/20\/festa-della-musica-roma-youth-string-orchestra\/#primaryimage"},"thumbnailUrl":"https:\/\/www.romaoggi.eu\/wp-content\/uploads\/2017\/06\/Immagine-642x336.jpg","keywords":["21 giugno","Alberto Vitolo","Federica Pansadoro","Festa della musica","giovani talenti","orchestra","roma","Roma Youth String Orchestra","teatro di villa torlonia","tiziana pizzi"],"articleSection":["musica"],"inLanguage":"it-IT","potentialAction":[{"@type":"CommentAction","name":"Comment","target":["https:\/\/www.romaoggi.eu\/index.php\/2017\/06\/20\/festa-della-musica-roma-youth-string-orchestra\/#respond"]}]},{"@type":"WebPage","@id":"https:\/\/www.romaoggi.eu\/index.php\/2017\/06\/20\/festa-della-musica-roma-youth-string-orchestra\/","url":"https:\/\/www.romaoggi.eu\/index.php\/2017\/06\/20\/festa-della-musica-roma-youth-string-orchestra\/","name":"La Festa della musica il 21 giugno con la Roma Youth String Orchestra","isPartOf":{"@id":"https:\/\/www.romaoggi.eu\/#website"},"primaryImageOfPage":{"@id":"https:\/\/www.romaoggi.eu\/index.php\/2017\/06\/20\/festa-della-musica-roma-youth-string-orchestra\/#primaryimage"},"image":{"@id":"https:\/\/www.romaoggi.eu\/index.php\/2017\/06\/20\/festa-della-musica-roma-youth-string-orchestra\/#primaryimage"},"thumbnailUrl":"https:\/\/www.romaoggi.eu\/wp-content\/uploads\/2017\/06\/Immagine-642x336.jpg","datePublished":"2017-06-20T07:57:47+00:00","description":"La Roma Youth String Orchestra in concerto al Teatro Villa Torlonia, il 21 giugno,per la festa della musica, giovani talenti diretti da M\u00b0 Alberto Vitolo.","breadcrumb":{"@id":"https:\/\/www.romaoggi.eu\/index.php\/2017\/06\/20\/festa-della-musica-roma-youth-string-orchestra\/#breadcrumb"},"inLanguage":"it-IT","potentialAction":[{"@type":"ReadAction","target":["https:\/\/www.romaoggi.eu\/index.php\/2017\/06\/20\/festa-della-musica-roma-youth-string-orchestra\/"]}]},{"@type":"ImageObject","inLanguage":"it-IT","@id":"https:\/\/www.romaoggi.eu\/index.php\/2017\/06\/20\/festa-della-musica-roma-youth-string-orchestra\/#primaryimage","url":"https:\/\/www.romaoggi.eu\/wp-content\/uploads\/2017\/06\/Immagine-642x336.jpg","contentUrl":"https:\/\/www.romaoggi.eu\/wp-content\/uploads\/2017\/06\/Immagine-642x336.jpg","width":642,"height":336},{"@type":"BreadcrumbList","@id":"https:\/\/www.romaoggi.eu\/index.php\/2017\/06\/20\/festa-della-musica-roma-youth-string-orchestra\/#breadcrumb","itemListElement":[{"@type":"ListItem","position":1,"name":"Home","item":"https:\/\/www.romaoggi.eu\/"},{"@type":"ListItem","position":2,"name":"La Festa della musica il 21 giugno con la Roma Youth String Orchestra"}]},{"@type":"WebSite","@id":"https:\/\/www.romaoggi.eu\/#website","url":"https:\/\/www.romaoggi.eu\/","name":"roma oggi","description":"Interesting News for Interesting people","publisher":{"@id":"https:\/\/www.romaoggi.eu\/#organization"},"potentialAction":[{"@type":"SearchAction","target":{"@type":"EntryPoint","urlTemplate":"https:\/\/www.romaoggi.eu\/?s={search_term_string}"},"query-input":{"@type":"PropertyValueSpecification","valueRequired":true,"valueName":"search_term_string"}}],"inLanguage":"it-IT"},{"@type":"Organization","@id":"https:\/\/www.romaoggi.eu\/#organization","name":"RomaOggi","url":"https:\/\/www.romaoggi.eu\/","logo":{"@type":"ImageObject","inLanguage":"it-IT","@id":"https:\/\/www.romaoggi.eu\/#\/schema\/logo\/image\/","url":"https:\/\/www.romaoggi.eu\/wp-content\/uploads\/2017\/04\/logowp.jpg","contentUrl":"https:\/\/www.romaoggi.eu\/wp-content\/uploads\/2017\/04\/logowp.jpg","width":300,"height":133,"caption":"RomaOggi"},"image":{"@id":"https:\/\/www.romaoggi.eu\/#\/schema\/logo\/image\/"},"sameAs":["https:\/\/www.facebook.com\/RomaOggi-841544845954114","https:\/\/x.com\/romaoggi_eu"]},{"@type":"Person","@id":"https:\/\/www.romaoggi.eu\/#\/schema\/person\/c8ca1fb64b5506391fff5f822a866c23","name":"Antonietta Di Vizia","image":{"@type":"ImageObject","inLanguage":"it-IT","@id":"https:\/\/secure.gravatar.com\/avatar\/2ad571aa3fbfe3089b06ed5617adf58717b9359c0c97cf9b52804fb2dac293f2?s=96&d=mm&r=g","url":"https:\/\/secure.gravatar.com\/avatar\/2ad571aa3fbfe3089b06ed5617adf58717b9359c0c97cf9b52804fb2dac293f2?s=96&d=mm&r=g","contentUrl":"https:\/\/secure.gravatar.com\/avatar\/2ad571aa3fbfe3089b06ed5617adf58717b9359c0c97cf9b52804fb2dac293f2?s=96&d=mm&r=g","caption":"Antonietta Di Vizia"},"url":"https:\/\/www.romaoggi.eu\/index.php\/author\/antonietta\/"}]}},"_links":{"self":[{"href":"https:\/\/www.romaoggi.eu\/index.php\/wp-json\/wp\/v2\/posts\/8966","targetHints":{"allow":["GET"]}}],"collection":[{"href":"https:\/\/www.romaoggi.eu\/index.php\/wp-json\/wp\/v2\/posts"}],"about":[{"href":"https:\/\/www.romaoggi.eu\/index.php\/wp-json\/wp\/v2\/types\/post"}],"author":[{"embeddable":true,"href":"https:\/\/www.romaoggi.eu\/index.php\/wp-json\/wp\/v2\/users\/3"}],"replies":[{"embeddable":true,"href":"https:\/\/www.romaoggi.eu\/index.php\/wp-json\/wp\/v2\/comments?post=8966"}],"version-history":[{"count":4,"href":"https:\/\/www.romaoggi.eu\/index.php\/wp-json\/wp\/v2\/posts\/8966\/revisions"}],"predecessor-version":[{"id":8972,"href":"https:\/\/www.romaoggi.eu\/index.php\/wp-json\/wp\/v2\/posts\/8966\/revisions\/8972"}],"wp:featuredmedia":[{"embeddable":true,"href":"https:\/\/www.romaoggi.eu\/index.php\/wp-json\/wp\/v2\/media\/8969"}],"wp:attachment":[{"href":"https:\/\/www.romaoggi.eu\/index.php\/wp-json\/wp\/v2\/media?parent=8966"}],"wp:term":[{"taxonomy":"category","embeddable":true,"href":"https:\/\/www.romaoggi.eu\/index.php\/wp-json\/wp\/v2\/categories?post=8966"},{"taxonomy":"post_tag","embeddable":true,"href":"https:\/\/www.romaoggi.eu\/index.php\/wp-json\/wp\/v2\/tags?post=8966"}],"curies":[{"name":"wp","href":"https:\/\/api.w.org\/{rel}","templated":true}]}}