{"id":907,"date":"2016-02-26T18:00:35","date_gmt":"2016-02-26T17:00:35","guid":{"rendered":"http:\/\/www.romaoggi.eu\/?p=907"},"modified":"2016-02-26T18:00:35","modified_gmt":"2016-02-26T17:00:35","slug":"marie-heurtin-dal-buio-alla-luce","status":"publish","type":"post","link":"https:\/\/www.romaoggi.eu\/index.php\/2016\/02\/26\/marie-heurtin-dal-buio-alla-luce\/","title":{"rendered":"&#8220;Marie Heurtin&#8221; una ragazza in un mondo senza suoni e immagini"},"content":{"rendered":"<h2>\u201cMarie Heurtin\u201d \u00e8 interpretato dall\u2019attrice sorda e muta Ariana Rivoire e da Isabelle Carr\u00e8 per la regia di Jean-Pierre Am\u00e9ris<\/h2>\n<p style=\"text-align: justify;\"><strong>E\u2019 una storia vera quella raccontata dal film<\/strong> \u201c<strong><em>Marie Heurtin &#8211; Dal buio alla luce<\/em><\/strong>\u201d giocato sulla gestualit\u00e0 e le emozioni. E\u2019 la narrazione di una giovane francese, vissuta nell\u2019Ottocento, nata cieca, muta e sorda ma che grazie alla tenacia e all\u2019amorevole impegno di Marguerite, una suora dalla fragile vita che le dedicher\u00e0 tutte le sue forze fino a morirne, riuscir\u00e0 a far scoprire a <strong>Marie Heurtin il mondo con il linguaggio del tatto dei sordomuti<\/strong> e la condurr\u00e0 fuori dal buio e dal silenzio dove era vissuta nella sua famiglia di poveri contadini. Attraverso il contatto delle mani e del corpo tra Marie, \u201c<em>piccolo selvaggio animale<\/em>\u201d, un\u2019anima imprigionata e confinata nel silenzio, e suor Marguerite si instaura, dopo vari fallimenti e tentativi di abbandono, un contatto di fiducia grazie alla fede e all\u2019amore della suora per la ragazza che lei stessa definisce \u201c<em>luce della mia vita e il fine della mia anima\u201d<\/em>. Marguerite \u00a0insegner\u00e0 a Marie che per ogni cosa esiste un nome attraverso il quale le persone possono comunicare, le insegner\u00e0 cos\u00ec a diventare una persona di una comunit\u00e0, dove vivr\u00e0 le gioie degli affetti e i dolori provocati dalla morte per le persone pi\u00f9 care. <strong><em>Marie Heurtin<\/em> <\/strong>nella realt\u00e0 imparer\u00e0 anche a scrivere a macchina con l\u2019alfabeto <em>Braille<\/em>, a giocare, a cucire, a ricamare, a studiare e a conoscere il mondo con la geografia, trasformandosi, in tal modo, in una luminosa giovane donna piena di vita e sar\u00e0 lei stessa poi una educatrice di giovani sordomuti nello stesso istituto dove lei \u00e8 passata dal buio alla luce delle emozioni. Il film \u201c<strong><em>Marie Heurtin \u2013 Dal buio alla luce<\/em><\/strong>\u201d, del regista <em>Jean-Pierre Am\u00e9ris<\/em>, interpretato magnificamente da una vera sorda e muta <em>Ariana Rivoire<\/em> e da <em>Isabelle Carr\u00e8<\/em>, sar\u00e0 distribuito nelle sale cinematografiche italiane dalla \u201c<strong><em>Mediterranea Productions<\/em><\/strong>\u201d, \u00a0<a href=\"http:\/\/www.mediterraneaproductions.it\">http:\/\/www.mediterraneaproductions.it<\/a>,\u00a0di <em>Angelo Bassi<\/em>, a partire dal prossimo 3 marzo.<\/p>\n<figure id=\"attachment_913\" aria-describedby=\"caption-attachment-913\" style=\"width: 300px\" class=\"wp-caption alignright\"><img loading=\"lazy\" decoding=\"async\" class=\"wp-image-913 size-medium\" src=\"https:\/\/www.romaoggi.eu\/wp-content\/uploads\/2016\/02\/008-1-300x225.jpg\" alt=\"Marie Heurtin\" width=\"300\" height=\"225\" srcset=\"https:\/\/www.romaoggi.eu\/wp-content\/uploads\/2016\/02\/008-1-300x225.jpg 300w, https:\/\/www.romaoggi.eu\/wp-content\/uploads\/2016\/02\/008-1-1024x768.jpg 1024w, https:\/\/www.romaoggi.eu\/wp-content\/uploads\/2016\/02\/008-1-326x245.jpg 326w, https:\/\/www.romaoggi.eu\/wp-content\/uploads\/2016\/02\/008-1-80x60.jpg 80w\" sizes=\"auto, (max-width: 300px) 100vw, 300px\" \/><figcaption id=\"caption-attachment-913\" class=\"wp-caption-text\">Al centro il regista <strong>Jean-Pierre Am\u00e9ris<\/strong>\u00a0a \u00a0 \u00a0 \u00a0destra\u00a0<strong>Angelo Bassi.<\/strong><\/figcaption><\/figure>\n<p style=\"text-align: justify;\">Alla conferenza stampa di presentazione del film, una piccola luminosa gemma della cinematografia francese, tenuta presso il centro culturale francese di Roma, il regista <em>Jean-Pierre Am\u00e9ris<\/em> ha sostenuto che non ha avuto alcuna difficolt\u00e0 a raccontare la storia di Marie Heurtin poich\u00e9 anche l\u2019handicap \u00e8 esso stesso un linguaggio. <em>\u201cIl legame tra Marie e Marguerite<\/em> \u2013 ha sottolineato il regista \u2013 <em>rappresenta quel tipo di esperienza che ad una suora \u00e8 negato: l\u2019amore materno. La mani di Marie, con l\u2019insegnamento di Marguerite, che toccano gli animali, gli alberi e la facce, sono movimenti che arrivano a diventare l\u2019invenzione di un linguaggio e la storia di una rinascita dal buio alla luce<\/em>\u201d.<\/p>\n<p>&nbsp;<\/p>\n<p>Articolo di Ottavio Di Renzo<\/p>\n<p><img loading=\"lazy\" decoding=\"async\" class=\"aligncenter wp-image-919 size-large\" src=\"https:\/\/www.romaoggi.eu\/wp-content\/uploads\/2016\/02\/002-768x1024.jpg\" alt=\"Marie Heurtin\" width=\"768\" height=\"1024\" srcset=\"https:\/\/www.romaoggi.eu\/wp-content\/uploads\/2016\/02\/002-768x1024.jpg 768w, https:\/\/www.romaoggi.eu\/wp-content\/uploads\/2016\/02\/002-225x300.jpg 225w\" sizes=\"auto, (max-width: 768px) 100vw, 768px\" \/><\/p>\n<p>&nbsp;<\/p>\n<p>&nbsp;<\/p>\n","protected":false},"excerpt":{"rendered":"<div class=\"mh-excerpt\"><p>\u201cMarie Heurtin\u201d \u00e8 interpretato dall\u2019attrice sorda e muta Ariana Rivoire e da Isabelle Carr\u00e8 per la regia di Jean-Pierre Am\u00e9ris E\u2019 una storia vera quella raccontata dal film \u201cMarie Heurtin &#8211; Dal buio alla luce\u201d <a class=\"mh-excerpt-more\" href=\"https:\/\/www.romaoggi.eu\/index.php\/2016\/02\/26\/marie-heurtin-dal-buio-alla-luce\/\" title=\"&#8220;Marie Heurtin&#8221; una ragazza in un mondo senza suoni e immagini\">[&#8230;]<\/a><\/p>\n<\/div>","protected":false},"author":7,"featured_media":928,"comment_status":"open","ping_status":"open","sticky":false,"template":"","format":"standard","meta":{"_sitemap_exclude":false,"_sitemap_priority":"","_sitemap_frequency":"","footnotes":""},"categories":[4],"tags":[713,716,712,711,715,710,714,109],"class_list":["post-907","post","type-post","status-publish","format-standard","has-post-thumbnail","hentry","category-spettacolo","tag-alfabeto-braille","tag-centro-culturale-francese-di-roma","tag-handicap","tag-jean-pierre-ameris","tag-linguaggio-dei-segni","tag-marie-heurtin","tag-mediterranea-productions","tag-roma"],"yoast_head":"<!-- This site is optimized with the Yoast SEO plugin v27.5 - https:\/\/yoast.com\/product\/yoast-seo-wordpress\/ -->\n<title>&quot;Marie Heurtin&quot; una ragazza in un mondo senza suoni e immagini<\/title>\n<meta name=\"description\" content=\"\u201cMarie Heurtin\u201d \u00e8 interpretato dall\u2019attrice sorda e muta Ariana Rivoire e da Isabelle Carr\u00e8 per la regia di Jean-Pierre Am\u00e9ris E\u2019 una storia vera quella\" \/>\n<meta name=\"robots\" content=\"index, follow, max-snippet:-1, max-image-preview:large, max-video-preview:-1\" \/>\n<link rel=\"canonical\" href=\"https:\/\/www.romaoggi.eu\/index.php\/2016\/02\/26\/marie-heurtin-dal-buio-alla-luce\/\" \/>\n<meta property=\"og:locale\" content=\"it_IT\" \/>\n<meta property=\"og:type\" content=\"article\" \/>\n<meta property=\"og:title\" content=\"&quot;Marie Heurtin&quot; una ragazza in un mondo senza suoni e immagini\" \/>\n<meta property=\"og:description\" content=\"\u201cMarie Heurtin\u201d \u00e8 interpretato dall\u2019attrice sorda e muta Ariana Rivoire e da Isabelle Carr\u00e8 per la regia di Jean-Pierre Am\u00e9ris E\u2019 una storia vera quella\" \/>\n<meta property=\"og:url\" content=\"https:\/\/www.romaoggi.eu\/index.php\/2016\/02\/26\/marie-heurtin-dal-buio-alla-luce\/\" \/>\n<meta property=\"og:site_name\" content=\"roma oggi\" \/>\n<meta property=\"article:publisher\" content=\"https:\/\/www.facebook.com\/RomaOggi-841544845954114\" \/>\n<meta property=\"article:published_time\" content=\"2016-02-26T17:00:35+00:00\" \/>\n<meta property=\"og:image\" content=\"https:\/\/www.romaoggi.eu\/wp-content\/uploads\/2016\/02\/Marie_Heurtin_1.jpg\" \/>\n\t<meta property=\"og:image:width\" content=\"1232\" \/>\n\t<meta property=\"og:image:height\" content=\"696\" \/>\n\t<meta property=\"og:image:type\" content=\"image\/jpeg\" \/>\n<meta name=\"author\" content=\"Ottavio Direnzo\" \/>\n<meta name=\"twitter:card\" content=\"summary_large_image\" \/>\n<meta name=\"twitter:creator\" content=\"@romaoggi_eu\" \/>\n<meta name=\"twitter:site\" content=\"@romaoggi_eu\" \/>\n<meta name=\"twitter:label1\" content=\"Scritto da\" \/>\n\t<meta name=\"twitter:data1\" content=\"Ottavio Direnzo\" \/>\n\t<meta name=\"twitter:label2\" content=\"Tempo di lettura stimato\" \/>\n\t<meta name=\"twitter:data2\" content=\"2 minuti\" \/>\n<script type=\"application\/ld+json\" class=\"yoast-schema-graph\">{\"@context\":\"https:\\\/\\\/schema.org\",\"@graph\":[{\"@type\":\"Article\",\"@id\":\"https:\\\/\\\/www.romaoggi.eu\\\/index.php\\\/2016\\\/02\\\/26\\\/marie-heurtin-dal-buio-alla-luce\\\/#article\",\"isPartOf\":{\"@id\":\"https:\\\/\\\/www.romaoggi.eu\\\/index.php\\\/2016\\\/02\\\/26\\\/marie-heurtin-dal-buio-alla-luce\\\/\"},\"author\":{\"name\":\"Ottavio Direnzo\",\"@id\":\"https:\\\/\\\/www.romaoggi.eu\\\/#\\\/schema\\\/person\\\/718eddecf358a5c31662a66d55e182f8\"},\"headline\":\"&#8220;Marie Heurtin&#8221; una ragazza in un mondo senza suoni e immagini\",\"datePublished\":\"2016-02-26T17:00:35+00:00\",\"mainEntityOfPage\":{\"@id\":\"https:\\\/\\\/www.romaoggi.eu\\\/index.php\\\/2016\\\/02\\\/26\\\/marie-heurtin-dal-buio-alla-luce\\\/\"},\"wordCount\":484,\"commentCount\":0,\"publisher\":{\"@id\":\"https:\\\/\\\/www.romaoggi.eu\\\/#organization\"},\"image\":{\"@id\":\"https:\\\/\\\/www.romaoggi.eu\\\/index.php\\\/2016\\\/02\\\/26\\\/marie-heurtin-dal-buio-alla-luce\\\/#primaryimage\"},\"thumbnailUrl\":\"https:\\\/\\\/www.romaoggi.eu\\\/wp-content\\\/uploads\\\/2016\\\/02\\\/Marie_Heurtin_1.jpg\",\"keywords\":[\"Alfabeto Braille\",\"Centro culturale francese di Roma\",\"Handicap\",\"Jean Pierre Am\u00e9ris\",\"Linguaggio dei segni\",\"Marie Heurtin\",\"Mediterranea Productions\",\"roma\"],\"articleSection\":[\"Spettacolo\"],\"inLanguage\":\"it-IT\",\"potentialAction\":[{\"@type\":\"CommentAction\",\"name\":\"Comment\",\"target\":[\"https:\\\/\\\/www.romaoggi.eu\\\/index.php\\\/2016\\\/02\\\/26\\\/marie-heurtin-dal-buio-alla-luce\\\/#respond\"]}]},{\"@type\":\"WebPage\",\"@id\":\"https:\\\/\\\/www.romaoggi.eu\\\/index.php\\\/2016\\\/02\\\/26\\\/marie-heurtin-dal-buio-alla-luce\\\/\",\"url\":\"https:\\\/\\\/www.romaoggi.eu\\\/index.php\\\/2016\\\/02\\\/26\\\/marie-heurtin-dal-buio-alla-luce\\\/\",\"name\":\"\\\"Marie Heurtin\\\" una ragazza in un mondo senza suoni e immagini\",\"isPartOf\":{\"@id\":\"https:\\\/\\\/www.romaoggi.eu\\\/#website\"},\"primaryImageOfPage\":{\"@id\":\"https:\\\/\\\/www.romaoggi.eu\\\/index.php\\\/2016\\\/02\\\/26\\\/marie-heurtin-dal-buio-alla-luce\\\/#primaryimage\"},\"image\":{\"@id\":\"https:\\\/\\\/www.romaoggi.eu\\\/index.php\\\/2016\\\/02\\\/26\\\/marie-heurtin-dal-buio-alla-luce\\\/#primaryimage\"},\"thumbnailUrl\":\"https:\\\/\\\/www.romaoggi.eu\\\/wp-content\\\/uploads\\\/2016\\\/02\\\/Marie_Heurtin_1.jpg\",\"datePublished\":\"2016-02-26T17:00:35+00:00\",\"description\":\"\u201cMarie Heurtin\u201d \u00e8 interpretato dall\u2019attrice sorda e muta Ariana Rivoire e da Isabelle Carr\u00e8 per la regia di Jean-Pierre Am\u00e9ris E\u2019 una storia vera quella\",\"breadcrumb\":{\"@id\":\"https:\\\/\\\/www.romaoggi.eu\\\/index.php\\\/2016\\\/02\\\/26\\\/marie-heurtin-dal-buio-alla-luce\\\/#breadcrumb\"},\"inLanguage\":\"it-IT\",\"potentialAction\":[{\"@type\":\"ReadAction\",\"target\":[\"https:\\\/\\\/www.romaoggi.eu\\\/index.php\\\/2016\\\/02\\\/26\\\/marie-heurtin-dal-buio-alla-luce\\\/\"]}]},{\"@type\":\"ImageObject\",\"inLanguage\":\"it-IT\",\"@id\":\"https:\\\/\\\/www.romaoggi.eu\\\/index.php\\\/2016\\\/02\\\/26\\\/marie-heurtin-dal-buio-alla-luce\\\/#primaryimage\",\"url\":\"https:\\\/\\\/www.romaoggi.eu\\\/wp-content\\\/uploads\\\/2016\\\/02\\\/Marie_Heurtin_1.jpg\",\"contentUrl\":\"https:\\\/\\\/www.romaoggi.eu\\\/wp-content\\\/uploads\\\/2016\\\/02\\\/Marie_Heurtin_1.jpg\",\"width\":1232,\"height\":696},{\"@type\":\"BreadcrumbList\",\"@id\":\"https:\\\/\\\/www.romaoggi.eu\\\/index.php\\\/2016\\\/02\\\/26\\\/marie-heurtin-dal-buio-alla-luce\\\/#breadcrumb\",\"itemListElement\":[{\"@type\":\"ListItem\",\"position\":1,\"name\":\"Home\",\"item\":\"https:\\\/\\\/www.romaoggi.eu\\\/\"},{\"@type\":\"ListItem\",\"position\":2,\"name\":\"&#8220;Marie Heurtin&#8221; una ragazza in un mondo senza suoni e immagini\"}]},{\"@type\":\"WebSite\",\"@id\":\"https:\\\/\\\/www.romaoggi.eu\\\/#website\",\"url\":\"https:\\\/\\\/www.romaoggi.eu\\\/\",\"name\":\"roma oggi\",\"description\":\"Interesting News for Interesting people\",\"publisher\":{\"@id\":\"https:\\\/\\\/www.romaoggi.eu\\\/#organization\"},\"potentialAction\":[{\"@type\":\"SearchAction\",\"target\":{\"@type\":\"EntryPoint\",\"urlTemplate\":\"https:\\\/\\\/www.romaoggi.eu\\\/?s={search_term_string}\"},\"query-input\":{\"@type\":\"PropertyValueSpecification\",\"valueRequired\":true,\"valueName\":\"search_term_string\"}}],\"inLanguage\":\"it-IT\"},{\"@type\":\"Organization\",\"@id\":\"https:\\\/\\\/www.romaoggi.eu\\\/#organization\",\"name\":\"RomaOggi\",\"url\":\"https:\\\/\\\/www.romaoggi.eu\\\/\",\"logo\":{\"@type\":\"ImageObject\",\"inLanguage\":\"it-IT\",\"@id\":\"https:\\\/\\\/www.romaoggi.eu\\\/#\\\/schema\\\/logo\\\/image\\\/\",\"url\":\"https:\\\/\\\/www.romaoggi.eu\\\/wp-content\\\/uploads\\\/2017\\\/04\\\/logowp.jpg\",\"contentUrl\":\"https:\\\/\\\/www.romaoggi.eu\\\/wp-content\\\/uploads\\\/2017\\\/04\\\/logowp.jpg\",\"width\":300,\"height\":133,\"caption\":\"RomaOggi\"},\"image\":{\"@id\":\"https:\\\/\\\/www.romaoggi.eu\\\/#\\\/schema\\\/logo\\\/image\\\/\"},\"sameAs\":[\"https:\\\/\\\/www.facebook.com\\\/RomaOggi-841544845954114\",\"https:\\\/\\\/x.com\\\/romaoggi_eu\"]},{\"@type\":\"Person\",\"@id\":\"https:\\\/\\\/www.romaoggi.eu\\\/#\\\/schema\\\/person\\\/718eddecf358a5c31662a66d55e182f8\",\"name\":\"Ottavio Direnzo\",\"image\":{\"@type\":\"ImageObject\",\"inLanguage\":\"it-IT\",\"@id\":\"https:\\\/\\\/secure.gravatar.com\\\/avatar\\\/4e2f0afc0db5e3a6e2e412bb20ee6cac1b797a6ac557c9aa611051f1ddcbbbda?s=96&d=mm&r=g\",\"url\":\"https:\\\/\\\/secure.gravatar.com\\\/avatar\\\/4e2f0afc0db5e3a6e2e412bb20ee6cac1b797a6ac557c9aa611051f1ddcbbbda?s=96&d=mm&r=g\",\"contentUrl\":\"https:\\\/\\\/secure.gravatar.com\\\/avatar\\\/4e2f0afc0db5e3a6e2e412bb20ee6cac1b797a6ac557c9aa611051f1ddcbbbda?s=96&d=mm&r=g\",\"caption\":\"Ottavio Direnzo\"},\"url\":\"https:\\\/\\\/www.romaoggi.eu\\\/index.php\\\/author\\\/odirenzo\\\/\"}]}<\/script>\n<!-- \/ Yoast SEO plugin. -->","yoast_head_json":{"title":"\"Marie Heurtin\" una ragazza in un mondo senza suoni e immagini","description":"\u201cMarie Heurtin\u201d \u00e8 interpretato dall\u2019attrice sorda e muta Ariana Rivoire e da Isabelle Carr\u00e8 per la regia di Jean-Pierre Am\u00e9ris E\u2019 una storia vera quella","robots":{"index":"index","follow":"follow","max-snippet":"max-snippet:-1","max-image-preview":"max-image-preview:large","max-video-preview":"max-video-preview:-1"},"canonical":"https:\/\/www.romaoggi.eu\/index.php\/2016\/02\/26\/marie-heurtin-dal-buio-alla-luce\/","og_locale":"it_IT","og_type":"article","og_title":"\"Marie Heurtin\" una ragazza in un mondo senza suoni e immagini","og_description":"\u201cMarie Heurtin\u201d \u00e8 interpretato dall\u2019attrice sorda e muta Ariana Rivoire e da Isabelle Carr\u00e8 per la regia di Jean-Pierre Am\u00e9ris E\u2019 una storia vera quella","og_url":"https:\/\/www.romaoggi.eu\/index.php\/2016\/02\/26\/marie-heurtin-dal-buio-alla-luce\/","og_site_name":"roma oggi","article_publisher":"https:\/\/www.facebook.com\/RomaOggi-841544845954114","article_published_time":"2016-02-26T17:00:35+00:00","og_image":[{"width":1232,"height":696,"url":"https:\/\/www.romaoggi.eu\/wp-content\/uploads\/2016\/02\/Marie_Heurtin_1.jpg","type":"image\/jpeg"}],"author":"Ottavio Direnzo","twitter_card":"summary_large_image","twitter_creator":"@romaoggi_eu","twitter_site":"@romaoggi_eu","twitter_misc":{"Scritto da":"Ottavio Direnzo","Tempo di lettura stimato":"2 minuti"},"schema":{"@context":"https:\/\/schema.org","@graph":[{"@type":"Article","@id":"https:\/\/www.romaoggi.eu\/index.php\/2016\/02\/26\/marie-heurtin-dal-buio-alla-luce\/#article","isPartOf":{"@id":"https:\/\/www.romaoggi.eu\/index.php\/2016\/02\/26\/marie-heurtin-dal-buio-alla-luce\/"},"author":{"name":"Ottavio Direnzo","@id":"https:\/\/www.romaoggi.eu\/#\/schema\/person\/718eddecf358a5c31662a66d55e182f8"},"headline":"&#8220;Marie Heurtin&#8221; una ragazza in un mondo senza suoni e immagini","datePublished":"2016-02-26T17:00:35+00:00","mainEntityOfPage":{"@id":"https:\/\/www.romaoggi.eu\/index.php\/2016\/02\/26\/marie-heurtin-dal-buio-alla-luce\/"},"wordCount":484,"commentCount":0,"publisher":{"@id":"https:\/\/www.romaoggi.eu\/#organization"},"image":{"@id":"https:\/\/www.romaoggi.eu\/index.php\/2016\/02\/26\/marie-heurtin-dal-buio-alla-luce\/#primaryimage"},"thumbnailUrl":"https:\/\/www.romaoggi.eu\/wp-content\/uploads\/2016\/02\/Marie_Heurtin_1.jpg","keywords":["Alfabeto Braille","Centro culturale francese di Roma","Handicap","Jean Pierre Am\u00e9ris","Linguaggio dei segni","Marie Heurtin","Mediterranea Productions","roma"],"articleSection":["Spettacolo"],"inLanguage":"it-IT","potentialAction":[{"@type":"CommentAction","name":"Comment","target":["https:\/\/www.romaoggi.eu\/index.php\/2016\/02\/26\/marie-heurtin-dal-buio-alla-luce\/#respond"]}]},{"@type":"WebPage","@id":"https:\/\/www.romaoggi.eu\/index.php\/2016\/02\/26\/marie-heurtin-dal-buio-alla-luce\/","url":"https:\/\/www.romaoggi.eu\/index.php\/2016\/02\/26\/marie-heurtin-dal-buio-alla-luce\/","name":"\"Marie Heurtin\" una ragazza in un mondo senza suoni e immagini","isPartOf":{"@id":"https:\/\/www.romaoggi.eu\/#website"},"primaryImageOfPage":{"@id":"https:\/\/www.romaoggi.eu\/index.php\/2016\/02\/26\/marie-heurtin-dal-buio-alla-luce\/#primaryimage"},"image":{"@id":"https:\/\/www.romaoggi.eu\/index.php\/2016\/02\/26\/marie-heurtin-dal-buio-alla-luce\/#primaryimage"},"thumbnailUrl":"https:\/\/www.romaoggi.eu\/wp-content\/uploads\/2016\/02\/Marie_Heurtin_1.jpg","datePublished":"2016-02-26T17:00:35+00:00","description":"\u201cMarie Heurtin\u201d \u00e8 interpretato dall\u2019attrice sorda e muta Ariana Rivoire e da Isabelle Carr\u00e8 per la regia di Jean-Pierre Am\u00e9ris E\u2019 una storia vera quella","breadcrumb":{"@id":"https:\/\/www.romaoggi.eu\/index.php\/2016\/02\/26\/marie-heurtin-dal-buio-alla-luce\/#breadcrumb"},"inLanguage":"it-IT","potentialAction":[{"@type":"ReadAction","target":["https:\/\/www.romaoggi.eu\/index.php\/2016\/02\/26\/marie-heurtin-dal-buio-alla-luce\/"]}]},{"@type":"ImageObject","inLanguage":"it-IT","@id":"https:\/\/www.romaoggi.eu\/index.php\/2016\/02\/26\/marie-heurtin-dal-buio-alla-luce\/#primaryimage","url":"https:\/\/www.romaoggi.eu\/wp-content\/uploads\/2016\/02\/Marie_Heurtin_1.jpg","contentUrl":"https:\/\/www.romaoggi.eu\/wp-content\/uploads\/2016\/02\/Marie_Heurtin_1.jpg","width":1232,"height":696},{"@type":"BreadcrumbList","@id":"https:\/\/www.romaoggi.eu\/index.php\/2016\/02\/26\/marie-heurtin-dal-buio-alla-luce\/#breadcrumb","itemListElement":[{"@type":"ListItem","position":1,"name":"Home","item":"https:\/\/www.romaoggi.eu\/"},{"@type":"ListItem","position":2,"name":"&#8220;Marie Heurtin&#8221; una ragazza in un mondo senza suoni e immagini"}]},{"@type":"WebSite","@id":"https:\/\/www.romaoggi.eu\/#website","url":"https:\/\/www.romaoggi.eu\/","name":"roma oggi","description":"Interesting News for Interesting people","publisher":{"@id":"https:\/\/www.romaoggi.eu\/#organization"},"potentialAction":[{"@type":"SearchAction","target":{"@type":"EntryPoint","urlTemplate":"https:\/\/www.romaoggi.eu\/?s={search_term_string}"},"query-input":{"@type":"PropertyValueSpecification","valueRequired":true,"valueName":"search_term_string"}}],"inLanguage":"it-IT"},{"@type":"Organization","@id":"https:\/\/www.romaoggi.eu\/#organization","name":"RomaOggi","url":"https:\/\/www.romaoggi.eu\/","logo":{"@type":"ImageObject","inLanguage":"it-IT","@id":"https:\/\/www.romaoggi.eu\/#\/schema\/logo\/image\/","url":"https:\/\/www.romaoggi.eu\/wp-content\/uploads\/2017\/04\/logowp.jpg","contentUrl":"https:\/\/www.romaoggi.eu\/wp-content\/uploads\/2017\/04\/logowp.jpg","width":300,"height":133,"caption":"RomaOggi"},"image":{"@id":"https:\/\/www.romaoggi.eu\/#\/schema\/logo\/image\/"},"sameAs":["https:\/\/www.facebook.com\/RomaOggi-841544845954114","https:\/\/x.com\/romaoggi_eu"]},{"@type":"Person","@id":"https:\/\/www.romaoggi.eu\/#\/schema\/person\/718eddecf358a5c31662a66d55e182f8","name":"Ottavio Direnzo","image":{"@type":"ImageObject","inLanguage":"it-IT","@id":"https:\/\/secure.gravatar.com\/avatar\/4e2f0afc0db5e3a6e2e412bb20ee6cac1b797a6ac557c9aa611051f1ddcbbbda?s=96&d=mm&r=g","url":"https:\/\/secure.gravatar.com\/avatar\/4e2f0afc0db5e3a6e2e412bb20ee6cac1b797a6ac557c9aa611051f1ddcbbbda?s=96&d=mm&r=g","contentUrl":"https:\/\/secure.gravatar.com\/avatar\/4e2f0afc0db5e3a6e2e412bb20ee6cac1b797a6ac557c9aa611051f1ddcbbbda?s=96&d=mm&r=g","caption":"Ottavio Direnzo"},"url":"https:\/\/www.romaoggi.eu\/index.php\/author\/odirenzo\/"}]}},"_links":{"self":[{"href":"https:\/\/www.romaoggi.eu\/index.php\/wp-json\/wp\/v2\/posts\/907","targetHints":{"allow":["GET"]}}],"collection":[{"href":"https:\/\/www.romaoggi.eu\/index.php\/wp-json\/wp\/v2\/posts"}],"about":[{"href":"https:\/\/www.romaoggi.eu\/index.php\/wp-json\/wp\/v2\/types\/post"}],"author":[{"embeddable":true,"href":"https:\/\/www.romaoggi.eu\/index.php\/wp-json\/wp\/v2\/users\/7"}],"replies":[{"embeddable":true,"href":"https:\/\/www.romaoggi.eu\/index.php\/wp-json\/wp\/v2\/comments?post=907"}],"version-history":[{"count":16,"href":"https:\/\/www.romaoggi.eu\/index.php\/wp-json\/wp\/v2\/posts\/907\/revisions"}],"predecessor-version":[{"id":930,"href":"https:\/\/www.romaoggi.eu\/index.php\/wp-json\/wp\/v2\/posts\/907\/revisions\/930"}],"wp:featuredmedia":[{"embeddable":true,"href":"https:\/\/www.romaoggi.eu\/index.php\/wp-json\/wp\/v2\/media\/928"}],"wp:attachment":[{"href":"https:\/\/www.romaoggi.eu\/index.php\/wp-json\/wp\/v2\/media?parent=907"}],"wp:term":[{"taxonomy":"category","embeddable":true,"href":"https:\/\/www.romaoggi.eu\/index.php\/wp-json\/wp\/v2\/categories?post=907"},{"taxonomy":"post_tag","embeddable":true,"href":"https:\/\/www.romaoggi.eu\/index.php\/wp-json\/wp\/v2\/tags?post=907"}],"curies":[{"name":"wp","href":"https:\/\/api.w.org\/{rel}","templated":true}]}}