{"id":9349,"date":"2017-07-21T11:49:09","date_gmt":"2017-07-21T09:49:09","guid":{"rendered":"http:\/\/www.romaoggi.eu\/?p=9349"},"modified":"2017-07-21T11:59:28","modified_gmt":"2017-07-21T09:59:28","slug":"contro-la-sla","status":"publish","type":"post","link":"https:\/\/www.romaoggi.eu\/index.php\/2017\/07\/21\/contro-la-sla\/","title":{"rendered":"\u201c Per Pat contro la SLA \u201d il 31 Luglio dalle ore 20, presso il Vallelata Village"},"content":{"rendered":"<p style=\"text-align: justify;\"><strong>La SLA,\u00a0per \u201c Per Pat contro la SLA\u201d,<\/strong> \u00e8 il titolo\u00a0della seconda edizione, dell&#8217;iniziativa che si svolger\u00e0 luned\u00ec 31 Luglio dalle ore 20, presso il <a href=\"https:\/\/www.facebook.com\/Vallelata-Village-435316286563847\/?rf=461188020558921\">Vallelata Village<\/a>, in via delle Valli, ad <a href=\"https:\/\/www.romaoggi.eu\/index.php\/2017\/06\/06\/albero-dei-giusti\/\">Aprilia <\/a>e poi\u2026.. tutti in piscina!<\/p>\n<p><img loading=\"lazy\" decoding=\"async\" class=\"size-medium wp-image-9384 alignleft\" src=\"https:\/\/www.romaoggi.eu\/wp-content\/uploads\/2017\/07\/20271971_1551854054846513_28983613_n-212x300.jpg\" alt=\"alt tag sla\" width=\"212\" height=\"300\" srcset=\"https:\/\/www.romaoggi.eu\/wp-content\/uploads\/2017\/07\/20271971_1551854054846513_28983613_n-212x300.jpg 212w, https:\/\/www.romaoggi.eu\/wp-content\/uploads\/2017\/07\/20271971_1551854054846513_28983613_n.jpg 509w\" sizes=\"auto, (max-width: 212px) 100vw, 212px\" \/><\/p>\n<p style=\"text-align: justify;\">Una serata di beneficenza a favore di Patrizia Dell\u2019Unto la giovane apriliana colpita dalla Sla, \u00e8 l\u2019iniziativa messa in campo, per il secondo anno consecutivo, da un team organizzativo composto da <strong>Lorella Iaci, Patricia Renzi, Paola<\/strong> e<strong> Lucia Morini, Nicoletta De Rossi,<\/strong> ognuno ha messo a disposizione un proprio contributo affinch\u00e8, dopo il successo della scorsa edizione, si possa riuscire sensibilizzare ancora di pi\u00f9, una gremita platea, alla nobile causa.<\/p>\n<p style=\"text-align: justify;\">Patrizia, 49 anni, mamma di Asia 16 anni e Danilo di quasi 18, \u00e8 intrappolata in questa gabbia da Gennaio 2016, mese in cui ha scoperto che qualcosa del suo corpo cominciava a non rispondere ai giusti comandi. Sull\u2019attanagliante malattia, tutti conosciamo qualcosa, ma forse in pochi sappiamo \u00a0quanta assistenza le possa servire,\u00a0 a cominciare da un ascensore, Patrizia abita ad un terzo piano di una palazzina che ne \u00e8 privo, ma per realizzarlo non bastano 40 mila euro, per la terapia farmacologica che le darebbe la possibilit\u00e0 di rallentare il galoppo della malattia. \u00a0Ma questa serata ha anche lo scopo di ricordare che vivere nella malattia \u00a0si pu\u00f2\u00bb solo \u00a0riuscendo ad esaudire anche dei piccoli desideri.<\/p>\n<p style=\"text-align: justify;\">La serata, &#8221; <strong>Per<\/strong>\u00a0<strong>Pat contro la SLA<\/strong>&#8220;, oltre la gentile concessione della piscina del <strong>Vallelata Village<\/strong>, di Patricia Renzi, sar\u00e0 allietata, da una serie di eventi: a partire dalla mattina, tornei di calcio e nuoto per ragazzi e piccini, al crepuscolo, la scuola di danza moderna e contemporanea \u201c <strong>Annie<\/strong>\u201d delle sorelle Morini, presenteranno coreografie d\u2019incanto con il magico sfondo della piscina, a seguire, la musica di <strong>\u201c Jamiro\u201d,<\/strong> per concludere <strong>Alberto Clemente<\/strong> con la sua chitarra dar\u00e0 il benvenuto al primo agosto.<\/p>\n<p style=\"text-align: justify;\">Si potr\u00e0 cenare, poi bagni in piscina, e tante sorprese che ci faranno sorridere, e soprattutto regaleranno un grande sorriso a Pat.<\/p>\n<p style=\"text-align: justify;\">Con un ragionevole contributo, a partite da 5 euro, tutto il devoluto sar\u00e0 completamente donato alla giovane apriliana con la speranza di riuscire anche in un pratico, seppur minimo sostegno, \u00a0e tutti insieme mostreremo ancora una volta che ci\u00f2 che unisce questa citt\u00e0 \u00e8 sempre e di nuovo la solidariet\u00e0.<\/p>\n<p>Redazione<\/p>\n<p>&nbsp;<\/p>\n<p>&nbsp;<\/p>\n<p>&nbsp;<\/p>\n","protected":false},"excerpt":{"rendered":"<div class=\"mh-excerpt\"><p>La SLA,\u00a0per \u201c Per Pat contro la SLA\u201d, \u00e8 il titolo\u00a0della seconda edizione, dell&#8217;iniziativa che si svolger\u00e0 luned\u00ec 31 Luglio dalle ore 20, presso il Vallelata Village, in via delle Valli, ad Aprilia e poi\u2026.. <a class=\"mh-excerpt-more\" href=\"https:\/\/www.romaoggi.eu\/index.php\/2017\/07\/21\/contro-la-sla\/\" title=\"\u201c Per Pat contro la SLA \u201d il 31 Luglio dalle ore 20, presso il Vallelata Village\">[&#8230;]<\/a><\/p>\n<\/div>","protected":false},"author":8,"featured_media":9383,"comment_status":"open","ping_status":"open","sticky":false,"template":"","format":"standard","meta":{"_sitemap_exclude":false,"_sitemap_priority":"","_sitemap_frequency":"","footnotes":""},"categories":[5273],"tags":[6899,6900,5378,2367,4978,6898,1280,6897,6896,6902,6901],"class_list":["post-9349","post","type-post","status-publish","format-standard","has-post-thumbnail","hentry","category-oltre-roma","tag-alberto-clemente","tag-annie","tag-aprilia","tag-beneficenza","tag-danza","tag-jamiro","tag-musica","tag-piscina","tag-sla","tag-tornei-di-calcio","tag-vallelata-village"],"yoast_head":"<!-- This site is optimized with the Yoast SEO plugin v27.5 - https:\/\/yoast.com\/product\/yoast-seo-wordpress\/ -->\n<title>\u201c Per Pat contro la SLA \u201d il 31 Luglio dalle ore 20, presso il Vallelata Village<\/title>\n<meta name=\"description\" content=\"Per Pat contro la SLA, una serata di beneficenza alla seconda edizione, che si svolger\u00e0 luned\u00ec 31 Luglio dalle ore 20, presso il Vallelata Village.\" \/>\n<meta name=\"robots\" content=\"index, follow, max-snippet:-1, max-image-preview:large, max-video-preview:-1\" \/>\n<link rel=\"canonical\" href=\"https:\/\/www.romaoggi.eu\/index.php\/2017\/07\/21\/contro-la-sla\/\" \/>\n<meta property=\"og:locale\" content=\"it_IT\" \/>\n<meta property=\"og:type\" content=\"article\" \/>\n<meta property=\"og:title\" content=\"\u201c Per Pat contro la SLA \u201d il 31 Luglio dalle ore 20, presso il Vallelata Village\" \/>\n<meta property=\"og:description\" content=\"Per Pat contro la SLA, una serata di beneficenza alla seconda edizione, che si svolger\u00e0 luned\u00ec 31 Luglio dalle ore 20, presso il Vallelata Village.\" \/>\n<meta property=\"og:url\" content=\"https:\/\/www.romaoggi.eu\/index.php\/2017\/07\/21\/contro-la-sla\/\" \/>\n<meta property=\"og:site_name\" content=\"roma oggi\" \/>\n<meta property=\"article:publisher\" content=\"https:\/\/www.facebook.com\/RomaOggi-841544845954114\" \/>\n<meta property=\"article:published_time\" content=\"2017-07-21T09:49:09+00:00\" \/>\n<meta property=\"article:modified_time\" content=\"2017-07-21T09:59:28+00:00\" \/>\n<meta property=\"og:image\" content=\"https:\/\/www.romaoggi.eu\/wp-content\/uploads\/2017\/07\/copertina-2.jpg\" \/>\n\t<meta property=\"og:image:width\" content=\"495\" \/>\n\t<meta property=\"og:image:height\" content=\"391\" \/>\n\t<meta property=\"og:image:type\" content=\"image\/jpeg\" \/>\n<meta name=\"author\" content=\"Lorella Iaci\" \/>\n<meta name=\"twitter:card\" content=\"summary_large_image\" \/>\n<meta name=\"twitter:creator\" content=\"@romaoggi_eu\" \/>\n<meta name=\"twitter:site\" content=\"@romaoggi_eu\" \/>\n<meta name=\"twitter:label1\" content=\"Scritto da\" \/>\n\t<meta name=\"twitter:data1\" content=\"Lorella Iaci\" \/>\n\t<meta name=\"twitter:label2\" content=\"Tempo di lettura stimato\" \/>\n\t<meta name=\"twitter:data2\" content=\"2 minuti\" \/>\n<script type=\"application\/ld+json\" class=\"yoast-schema-graph\">{\"@context\":\"https:\\\/\\\/schema.org\",\"@graph\":[{\"@type\":\"Article\",\"@id\":\"https:\\\/\\\/www.romaoggi.eu\\\/index.php\\\/2017\\\/07\\\/21\\\/contro-la-sla\\\/#article\",\"isPartOf\":{\"@id\":\"https:\\\/\\\/www.romaoggi.eu\\\/index.php\\\/2017\\\/07\\\/21\\\/contro-la-sla\\\/\"},\"author\":{\"name\":\"Lorella Iaci\",\"@id\":\"https:\\\/\\\/www.romaoggi.eu\\\/#\\\/schema\\\/person\\\/ad7b70148e60a0d338e73d0565829be4\"},\"headline\":\"\u201c Per Pat contro la SLA \u201d il 31 Luglio dalle ore 20, presso il Vallelata Village\",\"datePublished\":\"2017-07-21T09:49:09+00:00\",\"dateModified\":\"2017-07-21T09:59:28+00:00\",\"mainEntityOfPage\":{\"@id\":\"https:\\\/\\\/www.romaoggi.eu\\\/index.php\\\/2017\\\/07\\\/21\\\/contro-la-sla\\\/\"},\"wordCount\":388,\"commentCount\":0,\"publisher\":{\"@id\":\"https:\\\/\\\/www.romaoggi.eu\\\/#organization\"},\"image\":{\"@id\":\"https:\\\/\\\/www.romaoggi.eu\\\/index.php\\\/2017\\\/07\\\/21\\\/contro-la-sla\\\/#primaryimage\"},\"thumbnailUrl\":\"https:\\\/\\\/www.romaoggi.eu\\\/wp-content\\\/uploads\\\/2017\\\/07\\\/copertina-2.jpg\",\"keywords\":[\"Alberto clemente\",\"Annie\",\"Aprilia\",\"beneficenza\",\"danza\",\"Jamiro\",\"musica\",\"Piscina\",\"SLA\",\"Tornei di calcio\",\"Vallelata Village\"],\"articleSection\":[\"oltre Roma\"],\"inLanguage\":\"it-IT\",\"potentialAction\":[{\"@type\":\"CommentAction\",\"name\":\"Comment\",\"target\":[\"https:\\\/\\\/www.romaoggi.eu\\\/index.php\\\/2017\\\/07\\\/21\\\/contro-la-sla\\\/#respond\"]}]},{\"@type\":\"WebPage\",\"@id\":\"https:\\\/\\\/www.romaoggi.eu\\\/index.php\\\/2017\\\/07\\\/21\\\/contro-la-sla\\\/\",\"url\":\"https:\\\/\\\/www.romaoggi.eu\\\/index.php\\\/2017\\\/07\\\/21\\\/contro-la-sla\\\/\",\"name\":\"\u201c Per Pat contro la SLA \u201d il 31 Luglio dalle ore 20, presso il Vallelata Village\",\"isPartOf\":{\"@id\":\"https:\\\/\\\/www.romaoggi.eu\\\/#website\"},\"primaryImageOfPage\":{\"@id\":\"https:\\\/\\\/www.romaoggi.eu\\\/index.php\\\/2017\\\/07\\\/21\\\/contro-la-sla\\\/#primaryimage\"},\"image\":{\"@id\":\"https:\\\/\\\/www.romaoggi.eu\\\/index.php\\\/2017\\\/07\\\/21\\\/contro-la-sla\\\/#primaryimage\"},\"thumbnailUrl\":\"https:\\\/\\\/www.romaoggi.eu\\\/wp-content\\\/uploads\\\/2017\\\/07\\\/copertina-2.jpg\",\"datePublished\":\"2017-07-21T09:49:09+00:00\",\"dateModified\":\"2017-07-21T09:59:28+00:00\",\"description\":\"Per Pat contro la SLA, una serata di beneficenza alla seconda edizione, che si svolger\u00e0 luned\u00ec 31 Luglio dalle ore 20, presso il Vallelata Village.\",\"breadcrumb\":{\"@id\":\"https:\\\/\\\/www.romaoggi.eu\\\/index.php\\\/2017\\\/07\\\/21\\\/contro-la-sla\\\/#breadcrumb\"},\"inLanguage\":\"it-IT\",\"potentialAction\":[{\"@type\":\"ReadAction\",\"target\":[\"https:\\\/\\\/www.romaoggi.eu\\\/index.php\\\/2017\\\/07\\\/21\\\/contro-la-sla\\\/\"]}]},{\"@type\":\"ImageObject\",\"inLanguage\":\"it-IT\",\"@id\":\"https:\\\/\\\/www.romaoggi.eu\\\/index.php\\\/2017\\\/07\\\/21\\\/contro-la-sla\\\/#primaryimage\",\"url\":\"https:\\\/\\\/www.romaoggi.eu\\\/wp-content\\\/uploads\\\/2017\\\/07\\\/copertina-2.jpg\",\"contentUrl\":\"https:\\\/\\\/www.romaoggi.eu\\\/wp-content\\\/uploads\\\/2017\\\/07\\\/copertina-2.jpg\",\"width\":495,\"height\":391,\"caption\":\"alt tag sla\"},{\"@type\":\"BreadcrumbList\",\"@id\":\"https:\\\/\\\/www.romaoggi.eu\\\/index.php\\\/2017\\\/07\\\/21\\\/contro-la-sla\\\/#breadcrumb\",\"itemListElement\":[{\"@type\":\"ListItem\",\"position\":1,\"name\":\"Home\",\"item\":\"https:\\\/\\\/www.romaoggi.eu\\\/\"},{\"@type\":\"ListItem\",\"position\":2,\"name\":\"\u201c Per Pat contro la SLA \u201d il 31 Luglio dalle ore 20, presso il Vallelata Village\"}]},{\"@type\":\"WebSite\",\"@id\":\"https:\\\/\\\/www.romaoggi.eu\\\/#website\",\"url\":\"https:\\\/\\\/www.romaoggi.eu\\\/\",\"name\":\"roma oggi\",\"description\":\"Interesting News for Interesting people\",\"publisher\":{\"@id\":\"https:\\\/\\\/www.romaoggi.eu\\\/#organization\"},\"potentialAction\":[{\"@type\":\"SearchAction\",\"target\":{\"@type\":\"EntryPoint\",\"urlTemplate\":\"https:\\\/\\\/www.romaoggi.eu\\\/?s={search_term_string}\"},\"query-input\":{\"@type\":\"PropertyValueSpecification\",\"valueRequired\":true,\"valueName\":\"search_term_string\"}}],\"inLanguage\":\"it-IT\"},{\"@type\":\"Organization\",\"@id\":\"https:\\\/\\\/www.romaoggi.eu\\\/#organization\",\"name\":\"RomaOggi\",\"url\":\"https:\\\/\\\/www.romaoggi.eu\\\/\",\"logo\":{\"@type\":\"ImageObject\",\"inLanguage\":\"it-IT\",\"@id\":\"https:\\\/\\\/www.romaoggi.eu\\\/#\\\/schema\\\/logo\\\/image\\\/\",\"url\":\"https:\\\/\\\/www.romaoggi.eu\\\/wp-content\\\/uploads\\\/2017\\\/04\\\/logowp.jpg\",\"contentUrl\":\"https:\\\/\\\/www.romaoggi.eu\\\/wp-content\\\/uploads\\\/2017\\\/04\\\/logowp.jpg\",\"width\":300,\"height\":133,\"caption\":\"RomaOggi\"},\"image\":{\"@id\":\"https:\\\/\\\/www.romaoggi.eu\\\/#\\\/schema\\\/logo\\\/image\\\/\"},\"sameAs\":[\"https:\\\/\\\/www.facebook.com\\\/RomaOggi-841544845954114\",\"https:\\\/\\\/x.com\\\/romaoggi_eu\"]},{\"@type\":\"Person\",\"@id\":\"https:\\\/\\\/www.romaoggi.eu\\\/#\\\/schema\\\/person\\\/ad7b70148e60a0d338e73d0565829be4\",\"name\":\"Lorella Iaci\",\"image\":{\"@type\":\"ImageObject\",\"inLanguage\":\"it-IT\",\"@id\":\"https:\\\/\\\/secure.gravatar.com\\\/avatar\\\/2e8016efed3d5fbee04daf254a3494924254701903584f9c0cb2504f0cdc20eb?s=96&d=mm&r=g\",\"url\":\"https:\\\/\\\/secure.gravatar.com\\\/avatar\\\/2e8016efed3d5fbee04daf254a3494924254701903584f9c0cb2504f0cdc20eb?s=96&d=mm&r=g\",\"contentUrl\":\"https:\\\/\\\/secure.gravatar.com\\\/avatar\\\/2e8016efed3d5fbee04daf254a3494924254701903584f9c0cb2504f0cdc20eb?s=96&d=mm&r=g\",\"caption\":\"Lorella Iaci\"},\"url\":\"https:\\\/\\\/www.romaoggi.eu\\\/index.php\\\/author\\\/lorella\\\/\"}]}<\/script>\n<!-- \/ Yoast SEO plugin. -->","yoast_head_json":{"title":"\u201c Per Pat contro la SLA \u201d il 31 Luglio dalle ore 20, presso il Vallelata Village","description":"Per Pat contro la SLA, una serata di beneficenza alla seconda edizione, che si svolger\u00e0 luned\u00ec 31 Luglio dalle ore 20, presso il Vallelata Village.","robots":{"index":"index","follow":"follow","max-snippet":"max-snippet:-1","max-image-preview":"max-image-preview:large","max-video-preview":"max-video-preview:-1"},"canonical":"https:\/\/www.romaoggi.eu\/index.php\/2017\/07\/21\/contro-la-sla\/","og_locale":"it_IT","og_type":"article","og_title":"\u201c Per Pat contro la SLA \u201d il 31 Luglio dalle ore 20, presso il Vallelata Village","og_description":"Per Pat contro la SLA, una serata di beneficenza alla seconda edizione, che si svolger\u00e0 luned\u00ec 31 Luglio dalle ore 20, presso il Vallelata Village.","og_url":"https:\/\/www.romaoggi.eu\/index.php\/2017\/07\/21\/contro-la-sla\/","og_site_name":"roma oggi","article_publisher":"https:\/\/www.facebook.com\/RomaOggi-841544845954114","article_published_time":"2017-07-21T09:49:09+00:00","article_modified_time":"2017-07-21T09:59:28+00:00","og_image":[{"width":495,"height":391,"url":"https:\/\/www.romaoggi.eu\/wp-content\/uploads\/2017\/07\/copertina-2.jpg","type":"image\/jpeg"}],"author":"Lorella Iaci","twitter_card":"summary_large_image","twitter_creator":"@romaoggi_eu","twitter_site":"@romaoggi_eu","twitter_misc":{"Scritto da":"Lorella Iaci","Tempo di lettura stimato":"2 minuti"},"schema":{"@context":"https:\/\/schema.org","@graph":[{"@type":"Article","@id":"https:\/\/www.romaoggi.eu\/index.php\/2017\/07\/21\/contro-la-sla\/#article","isPartOf":{"@id":"https:\/\/www.romaoggi.eu\/index.php\/2017\/07\/21\/contro-la-sla\/"},"author":{"name":"Lorella Iaci","@id":"https:\/\/www.romaoggi.eu\/#\/schema\/person\/ad7b70148e60a0d338e73d0565829be4"},"headline":"\u201c Per Pat contro la SLA \u201d il 31 Luglio dalle ore 20, presso il Vallelata Village","datePublished":"2017-07-21T09:49:09+00:00","dateModified":"2017-07-21T09:59:28+00:00","mainEntityOfPage":{"@id":"https:\/\/www.romaoggi.eu\/index.php\/2017\/07\/21\/contro-la-sla\/"},"wordCount":388,"commentCount":0,"publisher":{"@id":"https:\/\/www.romaoggi.eu\/#organization"},"image":{"@id":"https:\/\/www.romaoggi.eu\/index.php\/2017\/07\/21\/contro-la-sla\/#primaryimage"},"thumbnailUrl":"https:\/\/www.romaoggi.eu\/wp-content\/uploads\/2017\/07\/copertina-2.jpg","keywords":["Alberto clemente","Annie","Aprilia","beneficenza","danza","Jamiro","musica","Piscina","SLA","Tornei di calcio","Vallelata Village"],"articleSection":["oltre Roma"],"inLanguage":"it-IT","potentialAction":[{"@type":"CommentAction","name":"Comment","target":["https:\/\/www.romaoggi.eu\/index.php\/2017\/07\/21\/contro-la-sla\/#respond"]}]},{"@type":"WebPage","@id":"https:\/\/www.romaoggi.eu\/index.php\/2017\/07\/21\/contro-la-sla\/","url":"https:\/\/www.romaoggi.eu\/index.php\/2017\/07\/21\/contro-la-sla\/","name":"\u201c Per Pat contro la SLA \u201d il 31 Luglio dalle ore 20, presso il Vallelata Village","isPartOf":{"@id":"https:\/\/www.romaoggi.eu\/#website"},"primaryImageOfPage":{"@id":"https:\/\/www.romaoggi.eu\/index.php\/2017\/07\/21\/contro-la-sla\/#primaryimage"},"image":{"@id":"https:\/\/www.romaoggi.eu\/index.php\/2017\/07\/21\/contro-la-sla\/#primaryimage"},"thumbnailUrl":"https:\/\/www.romaoggi.eu\/wp-content\/uploads\/2017\/07\/copertina-2.jpg","datePublished":"2017-07-21T09:49:09+00:00","dateModified":"2017-07-21T09:59:28+00:00","description":"Per Pat contro la SLA, una serata di beneficenza alla seconda edizione, che si svolger\u00e0 luned\u00ec 31 Luglio dalle ore 20, presso il Vallelata Village.","breadcrumb":{"@id":"https:\/\/www.romaoggi.eu\/index.php\/2017\/07\/21\/contro-la-sla\/#breadcrumb"},"inLanguage":"it-IT","potentialAction":[{"@type":"ReadAction","target":["https:\/\/www.romaoggi.eu\/index.php\/2017\/07\/21\/contro-la-sla\/"]}]},{"@type":"ImageObject","inLanguage":"it-IT","@id":"https:\/\/www.romaoggi.eu\/index.php\/2017\/07\/21\/contro-la-sla\/#primaryimage","url":"https:\/\/www.romaoggi.eu\/wp-content\/uploads\/2017\/07\/copertina-2.jpg","contentUrl":"https:\/\/www.romaoggi.eu\/wp-content\/uploads\/2017\/07\/copertina-2.jpg","width":495,"height":391,"caption":"alt tag sla"},{"@type":"BreadcrumbList","@id":"https:\/\/www.romaoggi.eu\/index.php\/2017\/07\/21\/contro-la-sla\/#breadcrumb","itemListElement":[{"@type":"ListItem","position":1,"name":"Home","item":"https:\/\/www.romaoggi.eu\/"},{"@type":"ListItem","position":2,"name":"\u201c Per Pat contro la SLA \u201d il 31 Luglio dalle ore 20, presso il Vallelata Village"}]},{"@type":"WebSite","@id":"https:\/\/www.romaoggi.eu\/#website","url":"https:\/\/www.romaoggi.eu\/","name":"roma oggi","description":"Interesting News for Interesting people","publisher":{"@id":"https:\/\/www.romaoggi.eu\/#organization"},"potentialAction":[{"@type":"SearchAction","target":{"@type":"EntryPoint","urlTemplate":"https:\/\/www.romaoggi.eu\/?s={search_term_string}"},"query-input":{"@type":"PropertyValueSpecification","valueRequired":true,"valueName":"search_term_string"}}],"inLanguage":"it-IT"},{"@type":"Organization","@id":"https:\/\/www.romaoggi.eu\/#organization","name":"RomaOggi","url":"https:\/\/www.romaoggi.eu\/","logo":{"@type":"ImageObject","inLanguage":"it-IT","@id":"https:\/\/www.romaoggi.eu\/#\/schema\/logo\/image\/","url":"https:\/\/www.romaoggi.eu\/wp-content\/uploads\/2017\/04\/logowp.jpg","contentUrl":"https:\/\/www.romaoggi.eu\/wp-content\/uploads\/2017\/04\/logowp.jpg","width":300,"height":133,"caption":"RomaOggi"},"image":{"@id":"https:\/\/www.romaoggi.eu\/#\/schema\/logo\/image\/"},"sameAs":["https:\/\/www.facebook.com\/RomaOggi-841544845954114","https:\/\/x.com\/romaoggi_eu"]},{"@type":"Person","@id":"https:\/\/www.romaoggi.eu\/#\/schema\/person\/ad7b70148e60a0d338e73d0565829be4","name":"Lorella Iaci","image":{"@type":"ImageObject","inLanguage":"it-IT","@id":"https:\/\/secure.gravatar.com\/avatar\/2e8016efed3d5fbee04daf254a3494924254701903584f9c0cb2504f0cdc20eb?s=96&d=mm&r=g","url":"https:\/\/secure.gravatar.com\/avatar\/2e8016efed3d5fbee04daf254a3494924254701903584f9c0cb2504f0cdc20eb?s=96&d=mm&r=g","contentUrl":"https:\/\/secure.gravatar.com\/avatar\/2e8016efed3d5fbee04daf254a3494924254701903584f9c0cb2504f0cdc20eb?s=96&d=mm&r=g","caption":"Lorella Iaci"},"url":"https:\/\/www.romaoggi.eu\/index.php\/author\/lorella\/"}]}},"_links":{"self":[{"href":"https:\/\/www.romaoggi.eu\/index.php\/wp-json\/wp\/v2\/posts\/9349","targetHints":{"allow":["GET"]}}],"collection":[{"href":"https:\/\/www.romaoggi.eu\/index.php\/wp-json\/wp\/v2\/posts"}],"about":[{"href":"https:\/\/www.romaoggi.eu\/index.php\/wp-json\/wp\/v2\/types\/post"}],"author":[{"embeddable":true,"href":"https:\/\/www.romaoggi.eu\/index.php\/wp-json\/wp\/v2\/users\/8"}],"replies":[{"embeddable":true,"href":"https:\/\/www.romaoggi.eu\/index.php\/wp-json\/wp\/v2\/comments?post=9349"}],"version-history":[{"count":10,"href":"https:\/\/www.romaoggi.eu\/index.php\/wp-json\/wp\/v2\/posts\/9349\/revisions"}],"predecessor-version":[{"id":9385,"href":"https:\/\/www.romaoggi.eu\/index.php\/wp-json\/wp\/v2\/posts\/9349\/revisions\/9385"}],"wp:featuredmedia":[{"embeddable":true,"href":"https:\/\/www.romaoggi.eu\/index.php\/wp-json\/wp\/v2\/media\/9383"}],"wp:attachment":[{"href":"https:\/\/www.romaoggi.eu\/index.php\/wp-json\/wp\/v2\/media?parent=9349"}],"wp:term":[{"taxonomy":"category","embeddable":true,"href":"https:\/\/www.romaoggi.eu\/index.php\/wp-json\/wp\/v2\/categories?post=9349"},{"taxonomy":"post_tag","embeddable":true,"href":"https:\/\/www.romaoggi.eu\/index.php\/wp-json\/wp\/v2\/tags?post=9349"}],"curies":[{"name":"wp","href":"https:\/\/api.w.org\/{rel}","templated":true}]}}